{"id":1399,"date":"2024-04-25T09:38:04","date_gmt":"2024-04-25T12:38:04","guid":{"rendered":"https:\/\/ffyh.unc.edu.ar\/academica\/?p=1399"},"modified":"2024-04-25T09:38:48","modified_gmt":"2024-04-25T12:38:48","slug":"llamado-a-seleccion-de-antecedentes-para-la-escuela-de-archivologia-secretaria-tecnica","status":"publish","type":"post","link":"https:\/\/ffyh.unc.edu.ar\/academica\/2024\/04\/25\/llamado-a-seleccion-de-antecedentes-para-la-escuela-de-archivologia-secretaria-tecnica\/","title":{"rendered":"Llamado a selecci\u00f3n de antecedentes para la Escuela de Archivolog\u00eda | Secretar\u00eda T\u00e9cnica"},"content":{"rendered":"<p>La Escuela\u00a0 de Archivolog\u00eda de la FFyH llama a selecci\u00f3n de antecedentes para cubrir:<\/p>\n<ul>\n<li>2 (dos) cargos para\u00a0desempe\u00f1ar funciones de Secretario\/a T\u00e9cnico\/a. (Aprobado por la\u00a0RHCD-2024-109-E-UNC-DEC#FFYH)<\/li>\n<\/ul>\n<p>La Escuela\u00a0 de Archivolog\u00eda de la FFyH llama a selecci\u00f3n de antecedentes para cubrir:<\/p>\n<ul>\n<li>2 (dos) cargos para\u00a0desempe\u00f1ar funciones de Secretario\/a T\u00e9cnico\/a. (Aprobado por la\u00a0RHCD-2024-109-E-UNC-DEC#FFYH)<\/li>\n<\/ul>\n<p><strong>Inscripciones:<\/strong><\/p>\n<p>Entre los d\u00edas 29 de abril de 2024 y el 14 de mayo de 2024. El \u00faltimo d\u00eda<br \/>\nde inscripci\u00f3n solo se receptar\u00e1n postulaciones hasta las 10 hs.<\/p>\n<p>&nbsp;<\/p>\n<p>La reuni\u00f3n de la Comisi\u00f3n Evaluadora ser\u00e1 el d\u00eda\u00a017 de mayo de 2024, desde las 09:00 horas.<\/p>\n<p><strong>Comisi\u00f3n Evaluadora:<\/strong><\/p>\n<p>TITULARES<br \/>\nProf. Roberto ANDRADA<br \/>\nProf. Mercedes V\u00c1ZQUEZ<br \/>\nProf. Sof\u00eda BRUNERO<br \/>\nEst. Natacha PAULI<br \/>\nEgr. Estela del Carmen VILLANUEVA<\/p>\n<p>SUPLENTES<\/p>\n<p>Prof. Mar\u00eda del Pilar TORREBLANCA<br \/>\nEst. Angela PACHECO<br \/>\nEgr. Lorena CUELLAR<\/p>\n<p><strong>M\u00e1s informaci\u00f3n:<\/strong><\/p>\n<p>Requisitos, modalidad e inscripciones a la selecci\u00f3n:\u00a0<a href=\"https:\/\/ffyh.unc.edu.ar\/wp-content\/uploads\/2024\/04\/descarga-7.pdf\" target=\"_blank\" rel=\"noopener\">RD 171\/2024<\/a><\/p>\n<p>Normativa selecciones de antecedentes:\u00a0<a href=\"https:\/\/drive.google.com\/file\/d\/1iY_CP2Vwpg34a4mOeAG9ZJeQsapkGrRm\/view?usp=drive_link\" target=\"_blank\" rel=\"noopener\">OHCD N\u00b0 01\/2008<\/a>\u00a0y el procedimiento indicado en la\u00a0<a href=\"https:\/\/drive.google.com\/file\/d\/1VL7jApmJjo2BLdut_NE8jJzWB11qAbNj\/view?usp=drive_link\" target=\"_blank\" rel=\"noopener\">RHCD N\u00b0 724\/2023<\/a><\/p>\n<p>Consultas:\u00a0<a href=\"mailto:esarchiv@ffyh.unc.edu.ar\">esarchiv@ffyh.unc.edu.ar<\/a><\/p>\n","protected":false},"excerpt":{"rendered":"<p>La Escuela\u00a0 de Archivolog\u00eda de la FFyH llama a selecci\u00f3n de antecedentes para cubrir: 2 (dos) cargos para\u00a0desempe\u00f1ar funciones de Secretario\/a T\u00e9cnico\/a. (Aprobado por la\u00a0RHCD-2024-109-E-UNC-DEC#FFYH) La Escuela\u00a0 de Archivolog\u00eda de la FFyH llama a selecci\u00f3n de antecedentes para cubrir: 2 (dos) cargos para\u00a0desempe\u00f1ar funciones de Secretario\/a T\u00e9cnico\/a. (Aprobado por la\u00a0RHCD-2024-109-E-UNC-DEC#FFYH) Inscripciones: Entre los d\u00edas 29 &hellip; <\/p>\n<p class=\"link-more\"><a href=\"https:\/\/ffyh.unc.edu.ar\/academica\/2024\/04\/25\/llamado-a-seleccion-de-antecedentes-para-la-escuela-de-archivologia-secretaria-tecnica\/\" class=\"more-link\">Continuar leyendo<span class=\"screen-reader-text\"> \u00abLlamado a selecci\u00f3n de antecedentes para la Escuela de Archivolog\u00eda | Secretar\u00eda T\u00e9cnica\u00bb<\/span><\/a><\/p>\n","protected":false},"author":31,"featured_media":1400,"comment_status":"closed","ping_status":"open","sticky":false,"template":"","format":"standard","meta":{"_acf_changed":false,"footnotes":""},"categories":[1],"tags":[],"class_list":["post-1399","post","type-post","status-publish","format-standard","has-post-thumbnail","hentry","category-sin-categoria"],"acf":[],"jetpack_featured_media_url":"https:\/\/ffyh.unc.edu.ar\/academica\/wp-content\/uploads\/sites\/33\/2024\/04\/Llamado-a-seleccion-de-antecedentes.jpg","_links":{"self":[{"href":"https:\/\/ffyh.unc.edu.ar\/academica\/wp-json\/wp\/v2\/posts\/1399","targetHints":{"allow":["GET"]}}],"collection":[{"href":"https:\/\/ffyh.unc.edu.ar\/academica\/wp-json\/wp\/v2\/posts"}],"about":[{"href":"https:\/\/ffyh.unc.edu.ar\/academica\/wp-json\/wp\/v2\/types\/post"}],"author":[{"embeddable":true,"href":"https:\/\/ffyh.unc.edu.ar\/academica\/wp-json\/wp\/v2\/users\/31"}],"replies":[{"embeddable":true,"href":"https:\/\/ffyh.unc.edu.ar\/academica\/wp-json\/wp\/v2\/comments?post=1399"}],"version-history":[{"count":3,"href":"https:\/\/ffyh.unc.edu.ar\/academica\/wp-json\/wp\/v2\/posts\/1399\/revisions"}],"predecessor-version":[{"id":1402,"href":"https:\/\/ffyh.unc.edu.ar\/academica\/wp-json\/wp\/v2\/posts\/1399\/revisions\/1402"}],"wp:featuredmedia":[{"embeddable":true,"href":"https:\/\/ffyh.unc.edu.ar\/academica\/wp-json\/wp\/v2\/media\/1400"}],"wp:attachment":[{"href":"https:\/\/ffyh.unc.edu.ar\/academica\/wp-json\/wp\/v2\/media?parent=1399"}],"wp:term":[{"taxonomy":"category","embeddable":true,"href":"https:\/\/ffyh.unc.edu.ar\/academica\/wp-json\/wp\/v2\/categories?post=1399"},{"taxonomy":"post_tag","embeddable":true,"href":"https:\/\/ffyh.unc.edu.ar\/academica\/wp-json\/wp\/v2\/tags?post=1399"}],"curies":[{"name":"wp","href":"https:\/\/api.w.org\/{rel}","templated":true}]}}