{"id":472,"date":"2022-09-27T17:14:36","date_gmt":"2022-09-27T20:14:36","guid":{"rendered":"https:\/\/ffyh.unc.edu.ar\/academica\/?p=472"},"modified":"2022-09-30T15:20:36","modified_gmt":"2022-09-30T18:20:36","slug":"seleccion-de-antecedentes-curso-de-nivelacion-antropologia","status":"publish","type":"post","link":"https:\/\/ffyh.unc.edu.ar\/academica\/2022\/09\/27\/seleccion-de-antecedentes-curso-de-nivelacion-antropologia\/","title":{"rendered":"Selecci\u00f3n de Antecedentes Curso de Nivelaci\u00f3n ANTROPOLOG\u00cdA"},"content":{"rendered":"<div><span style=\"font-size: large\"><b><span style=\"font-size: small\">LLAMADO A SELECCI\u00d3N DE ANTECEDENTES para cubrir:<\/span><\/b><br \/>\n<\/span><\/p>\n<ul>\n<li><span style=\"font-size: small\">1 (uno) cargo de Profesor\u00a0<b>Asistente\u00a0<\/b>de dedicaci\u00f3n\u00a0<b>simple<\/b>, para el \u00abCurso de Nivelaci\u00f3n &#8211; Departamento de Antropolog\u00eda\u00bb dependiente de la Secretar\u00eda Acad\u00e9mica- FFyH &#8211; UNC;<\/span><\/li>\n<\/ul>\n<\/div>\n<p>Las solicitudes de inscripci\u00f3n para el presente llamado a selecci\u00f3n de antecedentes m\u00e1s toda la documentaci\u00f3n correspondiente, ser\u00e1n receptadas electr\u00f3nicamente en la siguiente direcci\u00f3n de correo electr\u00f3nico:\u00a0\u00a0<a href=\"mailto:seleccionesvirtuales@ffyh.unc.edu.ar\" target=\"_blank\" rel=\"noopener\">seleccionesvirtuales@ffyh.unc.edu.ar<\/a>\u00a0durante el per\u00edodo comprendido entre los d\u00edas\u00a0<b>28 de septiembre de 2022 y el 17 de octubre de 2022<\/b>, en el horario de\u00a0<b>09:00 a 16:00:00<\/b>\u00a0horas con excepci\u00f3n del\u00a0<b>\u00faltimo d\u00eda en que el horario ser\u00e1 de 09:00 a 11:00 hs.<\/b><\/p>\n<p>&nbsp;<\/p>\n<p><b>Comisi\u00f3n evaluadora<\/b><\/p>\n<p>TITULARES<\/p>\n<p>Prof. Denise Reyna Berrotaran<\/p>\n<p>Prof. Mar\u00eda\u00a0Gabriela Srur<\/p>\n<p>Prof. Renata Rufino<\/p>\n<p>Est. Maria Virginia Silvia Mora<\/p>\n<p>Egr. Marina Beltr\u00e1n<\/p>\n<p>SUPLENTES<\/p>\n<p>Prof. Mar\u00eda Elena Previtali<\/p>\n<p>Est. Juan Baustista Re Cecconi<\/p>\n<p>Egr. Antonela Gallego<\/p>\n<p><b>Reuni\u00f3n de la Comisi\u00f3n Evaluadora:\u00a0<\/b>18 de octubre de 2022, desde las 09:00 horas<\/p>\n<p><a href=\"http:\/\/ffyh.unc.edu.ar\/academica\/wp-content\/uploads\/sites\/33\/2022\/09\/413-hcd.pdf\">Resoluci\u00f3n HCD 413\/2022<\/a><\/p>\n<p><a href=\"http:\/\/ffyh.unc.edu.ar\/academica\/wp-content\/uploads\/sites\/33\/2022\/09\/RD-1116_22-ANTRO-CURSO-DE-NIVELACION.pdf\">RD 1116_22 RECTIFICACI\u00d3N ANTRO<\/a><\/p>\n","protected":false},"excerpt":{"rendered":"<p>LLAMADO A SELECCI\u00d3N DE ANTECEDENTES para cubrir: 1 (uno) cargo de Profesor\u00a0Asistente\u00a0de dedicaci\u00f3n\u00a0simple, para el \u00abCurso de Nivelaci\u00f3n &#8211; Departamento de Antropolog\u00eda\u00bb dependiente de la Secretar\u00eda Acad\u00e9mica- FFyH &#8211; UNC; Las solicitudes de inscripci\u00f3n para el presente llamado a selecci\u00f3n de antecedentes m\u00e1s toda la documentaci\u00f3n correspondiente, ser\u00e1n receptadas electr\u00f3nicamente en la siguiente direcci\u00f3n de &hellip; <\/p>\n<p class=\"link-more\"><a href=\"https:\/\/ffyh.unc.edu.ar\/academica\/2022\/09\/27\/seleccion-de-antecedentes-curso-de-nivelacion-antropologia\/\" class=\"more-link\">Continuar leyendo<span class=\"screen-reader-text\"> \u00abSelecci\u00f3n de Antecedentes Curso de Nivelaci\u00f3n ANTROPOLOG\u00cdA\u00bb<\/span><\/a><\/p>\n","protected":false},"author":31,"featured_media":0,"comment_status":"closed","ping_status":"open","sticky":false,"template":"","format":"standard","meta":{"_acf_changed":false,"footnotes":""},"categories":[2,9,11],"tags":[],"class_list":["post-472","post","type-post","status-publish","format-standard","hentry","category-convocatorias","category-docentes","category-egresados-as"],"acf":[],"jetpack_featured_media_url":"","_links":{"self":[{"href":"https:\/\/ffyh.unc.edu.ar\/academica\/wp-json\/wp\/v2\/posts\/472","targetHints":{"allow":["GET"]}}],"collection":[{"href":"https:\/\/ffyh.unc.edu.ar\/academica\/wp-json\/wp\/v2\/posts"}],"about":[{"href":"https:\/\/ffyh.unc.edu.ar\/academica\/wp-json\/wp\/v2\/types\/post"}],"author":[{"embeddable":true,"href":"https:\/\/ffyh.unc.edu.ar\/academica\/wp-json\/wp\/v2\/users\/31"}],"replies":[{"embeddable":true,"href":"https:\/\/ffyh.unc.edu.ar\/academica\/wp-json\/wp\/v2\/comments?post=472"}],"version-history":[{"count":4,"href":"https:\/\/ffyh.unc.edu.ar\/academica\/wp-json\/wp\/v2\/posts\/472\/revisions"}],"predecessor-version":[{"id":482,"href":"https:\/\/ffyh.unc.edu.ar\/academica\/wp-json\/wp\/v2\/posts\/472\/revisions\/482"}],"wp:attachment":[{"href":"https:\/\/ffyh.unc.edu.ar\/academica\/wp-json\/wp\/v2\/media?parent=472"}],"wp:term":[{"taxonomy":"category","embeddable":true,"href":"https:\/\/ffyh.unc.edu.ar\/academica\/wp-json\/wp\/v2\/categories?post=472"},{"taxonomy":"post_tag","embeddable":true,"href":"https:\/\/ffyh.unc.edu.ar\/academica\/wp-json\/wp\/v2\/tags?post=472"}],"curies":[{"name":"wp","href":"https:\/\/api.w.org\/{rel}","templated":true}]}}