{"id":1346,"date":"2014-09-22T18:02:23","date_gmt":"2014-09-22T18:02:23","guid":{"rendered":"http:\/\/www.ffyh.unc.edu.ar\/alfilo\/?p=1346"},"modified":"2014-09-22T18:02:23","modified_gmt":"2014-09-22T18:02:23","slug":"la-seguridad-y-los-jovenes-experiencias-en-territorio","status":"publish","type":"post","link":"https:\/\/ffyh.unc.edu.ar\/alfilo\/la-seguridad-y-los-jovenes-experiencias-en-territorio\/","title":{"rendered":"La seguridad y los j\u00f3venes: experiencias en territorio"},"content":{"rendered":"<p><strong><a href=\"http:\/\/ffyh.unc.edu.ar\/alfilo2\/wp-content\/uploads\/sites\/11\/2014\/09\/segundo-encuentro-seguridad-10.jpg\"><img loading=\"lazy\" decoding=\"async\" class=\"alignright wp-image-1347\" src=\"http:\/\/ffyh.unc.edu.ar\/alfilo2\/wp-content\/uploads\/sites\/11\/2014\/09\/segundo-encuentro-seguridad-10.jpg\" alt=\"segundo-encuentro-seguridad-10\" width=\"450\" height=\"285\" srcset=\"https:\/\/ffyh.unc.edu.ar\/alfilo\/wp-content\/uploads\/sites\/11\/2014\/09\/segundo-encuentro-seguridad-10.jpg 1024w, https:\/\/ffyh.unc.edu.ar\/alfilo\/wp-content\/uploads\/sites\/11\/2014\/09\/segundo-encuentro-seguridad-10-300x190.jpg 300w, https:\/\/ffyh.unc.edu.ar\/alfilo\/wp-content\/uploads\/sites\/11\/2014\/09\/segundo-encuentro-seguridad-10-768x486.jpg 768w\" sizes=\"auto, (max-width: 450px) 100vw, 450px\" \/><\/a>Dentro del bar del Club Atl\u00e9tico Belgrano, ubicado en el coraz\u00f3n del tradicional barrio de Alberdi -Arturo Orgaz 550-, el jueves 18 de septiembre se llev\u00f3 a cabo la charla \u201cExperiencias en territorio\u201d, en el marco del segundo encuentro del ciclo\u00a0<em>\u201c\u00bfDe qu\u00e9 seguridad estamos hablando?\u201d.<\/em>\u00a0Participaron de la mesa\u00a0Cristina Techera,\u00a0de la Red Buhito;\u00a0Mariano Cessano, miembro de la Comisi\u00f3n Municipal de la Memoria R\u00edo Cuarto; el abogado\u00a0Juan Borghi, integrante de la Asamblea Permanente por los Derechos Humanos (APDH) de R\u00edo Tercero;\u00a0 bajo la moderaci\u00f3n de\u00a0Javier Robledo,\u00a0coordinador de la Comisi\u00f3n de Trabajo contra la Violencia Institucional e integrante de la Mesa Provincial por los DDHH de\u00a0C\u00f3rdoba.<\/strong><\/p>\n<p><!--more--><br \/>\nEl color celeste intenso del club, sumado a las im\u00e1genes de los jugadores de Belgrano que pueblan de entusiasmo las paredes internas del bar m\u00e1s pirata de Alberdi, le imprimieron una atm\u00f3sfera singular a este segundo encuentro del ciclo. Con el esp\u00edritu extensionista de llevar a los barrios este tipo de debates y articular el trabajo de manera colectiva con distintas instituciones y organizaciones sociales, la actividad se traz\u00f3 por objetivo compartir experiencias sobre c\u00f3mo se vive la pol\u00edtica de seguridad en distintas localidades de la provincia de C\u00f3rdoba.<\/p>\n<figure id=\"attachment_1354\" aria-describedby=\"caption-attachment-1354\" style=\"width: 1024px\" class=\"wp-caption alignnone\"><a href=\"http:\/\/ffyh.unc.edu.ar\/alfilo2\/wp-content\/uploads\/sites\/11\/2014\/09\/segundo-encuentro-seguridad-06.jpg\"><img loading=\"lazy\" decoding=\"async\" class=\"wp-image-1354 size-full\" src=\"http:\/\/ffyh.unc.edu.ar\/alfilo2\/wp-content\/uploads\/sites\/11\/2014\/09\/segundo-encuentro-seguridad-06.jpg\" alt=\"segundo-encuentro-seguridad-06\" width=\"1024\" height=\"642\" srcset=\"https:\/\/ffyh.unc.edu.ar\/alfilo\/wp-content\/uploads\/sites\/11\/2014\/09\/segundo-encuentro-seguridad-06.jpg 1024w, https:\/\/ffyh.unc.edu.ar\/alfilo\/wp-content\/uploads\/sites\/11\/2014\/09\/segundo-encuentro-seguridad-06-300x188.jpg 300w, https:\/\/ffyh.unc.edu.ar\/alfilo\/wp-content\/uploads\/sites\/11\/2014\/09\/segundo-encuentro-seguridad-06-768x482.jpg 768w\" sizes=\"auto, (max-width: 1024px) 100vw, 1024px\" \/><\/a><figcaption id=\"caption-attachment-1354\" class=\"wp-caption-text\">Virginia Carranza, secretaria de Asuntos Estudiantiles de la FFyH, presentando la actividad.<\/figcaption><\/figure>\n<p><strong>Virginia Carranza<\/strong>, secretaria de Asuntos Estudiantiles de la FFyH, fue la responsable de presentar la actividad y agradecer a su vez a las autoridades del \u00a0<a href=\"https:\/\/www.facebook.com\/ClubBelgranoCordoba\" target=\"_blank\">Club Atl\u00e9tico Belgrano<\/a>\u00a0por convocar y abrir las puertas de la instituci\u00f3n, sum\u00e1ndose as\u00ed \u00a0a los objetivos conjuntos del ciclo.\u00a0<strong>Carranza<\/strong> explic\u00f3 que \u00a0la puesta en marcha de estos debates busca interpelar las pol\u00edticas relacionadas a la seguridad que, a lo largo de las \u00faltimas d\u00e9cadas, se vienen implementando en todo el territorio provincial. Bajo esta din\u00e1mica y con la experiencia de distintos especialistas, durante cada encuentro se analiza de manera cr\u00edtica la criminalizaci\u00f3n de la pobreza y de la juventud, la segregaci\u00f3n territorial y el aumento exponencial de detenciones arbitrarias, sumado a los casos de violencia institucional en villas, barrios y en contextos de encierro. Todos estos sucesos, dijo, lejos de constituirse en marcos de protecci\u00f3n para la ciudadan\u00eda, terminan por socavar los fundamentos de la vida democr\u00e1tica y la posibilidad de construir una \u201cseguridad\u201d con derechos para el conjunto de todos los ciudadanos.<\/p>\n<p><a href=\"http:\/\/ffyh.unc.edu.ar\/alfilo2\/wp-content\/uploads\/sites\/11\/2014\/09\/segundo-encuentro-seguridad-09.jpg\"><img loading=\"lazy\" decoding=\"async\" class=\"alignnone wp-image-1357 size-full\" src=\"http:\/\/ffyh.unc.edu.ar\/alfilo2\/wp-content\/uploads\/sites\/11\/2014\/09\/segundo-encuentro-seguridad-09.jpg\" alt=\"segundo-encuentro-seguridad-09\" width=\"1024\" height=\"641\" srcset=\"https:\/\/ffyh.unc.edu.ar\/alfilo\/wp-content\/uploads\/sites\/11\/2014\/09\/segundo-encuentro-seguridad-09.jpg 1024w, https:\/\/ffyh.unc.edu.ar\/alfilo\/wp-content\/uploads\/sites\/11\/2014\/09\/segundo-encuentro-seguridad-09-300x188.jpg 300w, https:\/\/ffyh.unc.edu.ar\/alfilo\/wp-content\/uploads\/sites\/11\/2014\/09\/segundo-encuentro-seguridad-09-768x481.jpg 768w\" sizes=\"auto, (max-width: 1024px) 100vw, 1024px\" \/><\/a>Antes del dar paso a los disertantes,\u00a0<strong>Carranza<\/strong>\u00a0record\u00f3 que el Ciclo\u00a0<em>\u201c\u00bfDe qu\u00e9 seguridad estamos hablando?\u201d\u00a0<\/em>es organizado en forma conjunta por la Facultad de Filosof\u00eda y Humanidades de la UNC y \u00a0la Mesa Provincial de Trabajo por los Derechos Humanos \u2013 C\u00f3rdoba, con el apoyo de la Secretar\u00eda de Extensi\u00f3n Universitaria de la UNC, ADIUC, el Centro de Estudiantes de la FFyH, el Archivo Provincial de la Memoria, el Observatorio de Pr\u00e1cticas en Derechos Humanos, Radio Nacional C\u00f3rdoba, la Asociaci\u00f3n Pensamiento Penal, la Campa\u00f1a Nacional contra la Violencia Institucional, la Direcci\u00f3n de Derechos Humanos de la Municipalidad de C\u00f3rdoba, la Comisi\u00f3n de la Memoria de la ciudad de R\u00edo Cuarto y la Secretar\u00eda de Derechos Humanos dependiente del Ministerio de Justicia y Derechos Humanos de la Naci\u00f3n.<\/p>\n<p><strong>\u201cEl Estado es siempre un territorio en disputa\u201d<\/strong><\/p>\n<p><a href=\"http:\/\/ffyh.unc.edu.ar\/alfilo2\/wp-content\/uploads\/sites\/11\/2014\/09\/segundo-encuentro-seguridad-16.jpg\"><img loading=\"lazy\" decoding=\"async\" class=\"alignnone wp-image-1348 size-full\" src=\"http:\/\/ffyh.unc.edu.ar\/alfilo2\/wp-content\/uploads\/sites\/11\/2014\/09\/segundo-encuentro-seguridad-16.jpg\" alt=\"segundo-encuentro-seguridad-16\" width=\"800\" height=\"501\" srcset=\"https:\/\/ffyh.unc.edu.ar\/alfilo\/wp-content\/uploads\/sites\/11\/2014\/09\/segundo-encuentro-seguridad-16.jpg 800w, https:\/\/ffyh.unc.edu.ar\/alfilo\/wp-content\/uploads\/sites\/11\/2014\/09\/segundo-encuentro-seguridad-16-300x188.jpg 300w, https:\/\/ffyh.unc.edu.ar\/alfilo\/wp-content\/uploads\/sites\/11\/2014\/09\/segundo-encuentro-seguridad-16-768x481.jpg 768w\" sizes=\"auto, (max-width: 800px) 100vw, 800px\" \/><\/a>El moderador de la mesa de fue el joven<strong>\u00a0Javier Robledo<\/strong>,\u00a0quien actualmente se desempe\u00f1a como<strong>\u00a0<\/strong>coordinador de la\u00a0<em>Comisi\u00f3n de trabajo contra la violencia institucional<\/em>, creada en 2013 y es adem\u00e1s\u00a0integrante de la\u00a0<em>Mesa Provincial por los DDHH de\u00a0C\u00f3rdoba<\/em>. En su intervenci\u00f3n puso en valor todo el trabajo que se viene realizando entorno a la creaci\u00f3n del \u201c<strong>Registro Municipal de detenidos por contravenciones, demorados y maltrato institucional\u201d<\/strong>. Seg\u00fan explic\u00f3, se trata \u00a0\u201cde una herramienta\u00a0 estatal que busca frenar al abuso de la Polic\u00eda provincial, que viene actuando bajo el pol\u00e9mico <a href=\"http:\/\/new.pensamientopenal.com.ar\/16072008\/contravencional06.pdf\" target=\"_blank\">C\u00f3digo de Faltas<\/a>\u201d. Resulta interesante, dijo, que el Estado pueda controlar a otro organismo estatal. \u00a0Pero la complejidad radica en que ciertos sectores de propia Polic\u00eda provincial son los responsables de generar inseguridad ya que, por ejemplo, en muchos barrios de la ciudad, son los que manejan la venta de droga.<strong>\u00a0<\/strong><\/p>\n<figure id=\"attachment_1358\" aria-describedby=\"caption-attachment-1358\" style=\"width: 1024px\" class=\"wp-caption alignnone\"><a href=\"http:\/\/ffyh.unc.edu.ar\/alfilo2\/wp-content\/uploads\/sites\/11\/2014\/09\/segundo-encuentro-seguridad-11.jpg\"><img loading=\"lazy\" decoding=\"async\" class=\"wp-image-1358 size-full\" src=\"http:\/\/ffyh.unc.edu.ar\/alfilo2\/wp-content\/uploads\/sites\/11\/2014\/09\/segundo-encuentro-seguridad-11.jpg\" alt=\"segundo-encuentro-seguridad-11\" width=\"1024\" height=\"644\" srcset=\"https:\/\/ffyh.unc.edu.ar\/alfilo\/wp-content\/uploads\/sites\/11\/2014\/09\/segundo-encuentro-seguridad-11.jpg 1024w, https:\/\/ffyh.unc.edu.ar\/alfilo\/wp-content\/uploads\/sites\/11\/2014\/09\/segundo-encuentro-seguridad-11-300x189.jpg 300w, https:\/\/ffyh.unc.edu.ar\/alfilo\/wp-content\/uploads\/sites\/11\/2014\/09\/segundo-encuentro-seguridad-11-768x483.jpg 768w\" sizes=\"auto, (max-width: 1024px) 100vw, 1024px\" \/><\/a><figcaption id=\"caption-attachment-1358\" class=\"wp-caption-text\">Cristina Techera, de la Red Buhito.<\/figcaption><\/figure>\n<p><strong>Cristina Techera<\/strong>, por su parte, es trabajadora social, integra de la <strong>Red Buhito<\/strong> y desde hace 20 a\u00f1os se desempe\u00f1a de manera profesional \u00a0en la SENAF (Penal Juvenil). Es adem\u00e1s docente secundaria\u00a0 en la zona sur \u00a0de C\u00f3rdoba y miembro de la Mesa de Trabajo por los Derechos Humanos en el \u00c1rea de Educaci\u00f3n y Ni\u00f1ez.\u00a0<strong>Techera<\/strong>\u00a0coment\u00f3 que la\u00a0<strong>Red Buhito por los Derechos de Ni\u00f1os, Ni\u00f1as, Adolescentes<\/strong>\u00a0fue creada en 1995 como un proyecto extensionista \u00a0de la Escuela de Trabajo Social. Seg\u00fan detall\u00f3, se trata de una herramienta de construcci\u00f3n colectiva que busca implementar ciertos mecanismos \u00a0de defensa \u00a0para contrarrestar el abuso policial que en la Provincia funciona amparado dentro de un sistema represivo, donde las principales v\u00edctimas son los j\u00f3venes que pertenecen a los sectores m\u00e1s vulnerables. As\u00ed,\u00a0a lo largo de casi dos d\u00e9cadas, esta red\u00a0se ha manifestado en contra del C\u00f3digo de Faltas, en contra de las pol\u00edticas de tolerancia cero, y ha impartido talleres de capacitaci\u00f3n en escuelas y en distintos centros de estudiantes de territorios urbano-perif\u00e9ricos de nuestra ciudad. Otro rasgo distintivo de la Red\u00a0es su constante articulaci\u00f3n con organismos\u00a0estatales, con sectores extensionistas de la UNC, con los CPC y con diversos colectivos y organizaciones sociales que trabajan a favor de los DDHH.\u00a0Otras de las acciones, a\u00f1adi\u00f3, es el dise\u00f1o de estrategias y el asesoramiento en la defensa de j\u00f3venes imputados en detenciones arbitrarias, que se realizan bajo el C\u00f3digo de Faltas. Techera argument\u00f3 que \u201c<em>el Estado es siempre\u00a0un territorio en disputa\u201d<\/em> y que uno de los objetivos de la\u00a0<strong>Red Buhito\u00a0<\/strong>es \u201ccapacitar a los j\u00f3venes\u00a0 para que logren posicionarse como sujetos de derechos y sean capaces de intervenir en la agenda p\u00fablica\u201d.<\/p>\n<p><strong>La inclusi\u00f3n social<\/strong><\/p>\n<figure id=\"attachment_1361\" aria-describedby=\"caption-attachment-1361\" style=\"width: 1024px\" class=\"wp-caption alignnone\"><a href=\"http:\/\/ffyh.unc.edu.ar\/alfilo2\/wp-content\/uploads\/sites\/11\/2014\/09\/segundo-encuentro-seguridad-14.jpg\"><img loading=\"lazy\" decoding=\"async\" class=\"wp-image-1361 size-full\" src=\"http:\/\/ffyh.unc.edu.ar\/alfilo2\/wp-content\/uploads\/sites\/11\/2014\/09\/segundo-encuentro-seguridad-14.jpg\" alt=\"segundo-encuentro-seguridad-14\" width=\"1024\" height=\"640\" srcset=\"https:\/\/ffyh.unc.edu.ar\/alfilo\/wp-content\/uploads\/sites\/11\/2014\/09\/segundo-encuentro-seguridad-14.jpg 1024w, https:\/\/ffyh.unc.edu.ar\/alfilo\/wp-content\/uploads\/sites\/11\/2014\/09\/segundo-encuentro-seguridad-14-300x188.jpg 300w, https:\/\/ffyh.unc.edu.ar\/alfilo\/wp-content\/uploads\/sites\/11\/2014\/09\/segundo-encuentro-seguridad-14-768x480.jpg 768w\" sizes=\"auto, (max-width: 1024px) 100vw, 1024px\" \/><\/a><figcaption id=\"caption-attachment-1361\" class=\"wp-caption-text\">El abogado Juan Borghi relat\u00f3 la situaci\u00f3n en la ciudad de R\u00edo Tercero.<\/figcaption><\/figure>\n<p>Luego el abogado\u00a0<strong>Juan Borghi<\/strong>, integrante de\u00a0<em>la Asamblea Permanente<\/em><em> por los Derechos Humanos (APDH)<\/em>\u00a0de R\u00edo Tercero, brind\u00f3 un panorama completo sobre c\u00f3mo funciona en esa ciudad la pol\u00edtica de seguridad\u00a0 provincial. Dijo que actualmente los principales problemas son pr\u00e1cticamente los mismos que se suceden en C\u00f3rdoba capital: detenciones arbitrarias de j\u00f3venes entre 18 y 25 a\u00f1os que provienen de barrios perif\u00e9ricos, abusos policiales y un marcado hostigamiento en espacios p\u00fablicos. <strong>Borghi<\/strong> narr\u00f3 que continuamente en R\u00edo Tercero existen j\u00f3venes detenidos por la figura del merodeo, teniendo que soportar hasta tres d\u00edas de prisi\u00f3n preventiva.\u00a0\u201cEs una situaci\u00f3n muy compleja\u201d dijo, y desde APDH\u00a0se los asesora ante cada situaci\u00f3n de maltratos y de estas detenciones ilegales, producidas al amparo del C\u00f3digo de Faltas. Tambi\u00e9n coment\u00f3 que desde APDH visibilizan estas irregularidades en los medios \u00a0de comunicaci\u00f3n y adelant\u00f3 que entre sus objetivos se encuentra la creaci\u00f3n de un <em>Colectivo de Padres <\/em>que logre funcionar como un espacio de acci\u00f3n y tambi\u00e9n de encuentro. En ese marco, piensan\u00a0 en la necesidad de crear un\u00a0<strong><em>Registro de detenidos por contravenciones arbitrarias<\/em><\/strong>, con el fin de sistematizar las cantidad de irregularidades de que de la que son v\u00edctimas, principalmente los j\u00f3venes.<\/p>\n<figure id=\"attachment_1362\" aria-describedby=\"caption-attachment-1362\" style=\"width: 800px\" class=\"wp-caption alignnone\"><a href=\"http:\/\/ffyh.unc.edu.ar\/alfilo2\/wp-content\/uploads\/sites\/11\/2014\/09\/segundo-encuentro-seguridad-15.jpg\"><img loading=\"lazy\" decoding=\"async\" class=\"wp-image-1362 size-full\" src=\"http:\/\/ffyh.unc.edu.ar\/alfilo2\/wp-content\/uploads\/sites\/11\/2014\/09\/segundo-encuentro-seguridad-15.jpg\" alt=\"segundo-encuentro-seguridad-15\" width=\"800\" height=\"500\" srcset=\"https:\/\/ffyh.unc.edu.ar\/alfilo\/wp-content\/uploads\/sites\/11\/2014\/09\/segundo-encuentro-seguridad-15.jpg 800w, https:\/\/ffyh.unc.edu.ar\/alfilo\/wp-content\/uploads\/sites\/11\/2014\/09\/segundo-encuentro-seguridad-15-300x188.jpg 300w, https:\/\/ffyh.unc.edu.ar\/alfilo\/wp-content\/uploads\/sites\/11\/2014\/09\/segundo-encuentro-seguridad-15-768x480.jpg 768w\" sizes=\"auto, (max-width: 800px) 100vw, 800px\" \/><\/a><figcaption id=\"caption-attachment-1362\" class=\"wp-caption-text\">Mariano Cessano, de la Comisi\u00f3n Municipal de la Memoria de R\u00edo Cuarto.<\/figcaption><\/figure>\n<p>Finalmente tom\u00f3 la palabra\u00a0<strong>Mariano Cessano<\/strong>, quien es miembro de la <a href=\"https:\/\/www.facebook.com\/ComisionMunicipalDeLaMemoriaDeLaCiudadDeRioCuarto\" target=\"_blank\">Comisi\u00f3n Municipal de la Memoria R\u00edo Cuarto<\/a>. Una organizaci\u00f3n que, seg\u00fan explic\u00f3, lleva adelante diversas actividades con relaci\u00f3n a la Memoria, la Verdad y la Justicia, desarrollando acciones a favor de la plena vigencia de los Derechos Humanos. <strong>Cessano<\/strong> coment\u00f3 la experiencia de haber creado en R\u00edo Cuarto el\u00a0<strong><em>Registro de Detenciones y Demoras por Contravenci\u00f3n<\/em><\/strong><em>:<\/em>\u00a0una herramienta que permite encontrar datos necesarios para visibilizar situaciones de violencia institucional. El registro cuenta ya con la elaboraci\u00f3n de un cuarto informe que, adem\u00e1s de sistematizar datos, pretende dar acceso a la justicia a aquellas personas que as\u00ed lo requieran. \u00a0\u201c<em>En este caso el Estado municipal act\u00faa como un paragua del abuso del Estado provincial<\/em>\u201d, dijo.<\/p>\n<p>En el cierre de su intervenci\u00f3n remarc\u00f3 la necesidad de trabajar no s\u00f3lo en la denuncia de todos los abusos y las irregularidades que se cometen; sino tambi\u00e9n y fundamentalmente actuar en forma articulada con distintos sectores del Estado a favor de la educaci\u00f3n y la\u00a0inclusi\u00f3n social para que cada joven se sienta sujeto de derecho y logre ejercerlos.<\/p>\n<p style=\"text-align: right\">Texto y fotos: <strong>Irina Mor\u00e1n<\/strong><\/p>\n<h1 style=\"text-align: left\">Galer\u00eda de im\u00e1genes<\/h1>\n<p style=\"text-align: left\"><img loading=\"lazy\" decoding=\"async\" class=\"alignnone wp-image-1351 size-full\" src=\"http:\/\/ffyh.unc.edu.ar\/alfilo2\/wp-content\/uploads\/sites\/11\/2014\/09\/segundo-encuentro-seguridad-03.jpg\" alt=\"segundo-encuentro-seguridad-03\" width=\"1024\" height=\"641\" srcset=\"https:\/\/ffyh.unc.edu.ar\/alfilo\/wp-content\/uploads\/sites\/11\/2014\/09\/segundo-encuentro-seguridad-03.jpg 1024w, https:\/\/ffyh.unc.edu.ar\/alfilo\/wp-content\/uploads\/sites\/11\/2014\/09\/segundo-encuentro-seguridad-03-300x188.jpg 300w, https:\/\/ffyh.unc.edu.ar\/alfilo\/wp-content\/uploads\/sites\/11\/2014\/09\/segundo-encuentro-seguridad-03-768x481.jpg 768w\" sizes=\"auto, (max-width: 1024px) 100vw, 1024px\" \/><\/p>\n<p style=\"text-align: left\"><a href=\"http:\/\/ffyh.unc.edu.ar\/alfilo2\/wp-content\/uploads\/sites\/11\/2014\/09\/segundo-encuentro-seguridad-08.jpg\"><img loading=\"lazy\" decoding=\"async\" class=\"alignnone wp-image-1356 size-full\" src=\"http:\/\/ffyh.unc.edu.ar\/alfilo2\/wp-content\/uploads\/sites\/11\/2014\/09\/segundo-encuentro-seguridad-08.jpg\" alt=\"segundo-encuentro-seguridad-08\" width=\"1024\" height=\"647\" srcset=\"https:\/\/ffyh.unc.edu.ar\/alfilo\/wp-content\/uploads\/sites\/11\/2014\/09\/segundo-encuentro-seguridad-08.jpg 1024w, https:\/\/ffyh.unc.edu.ar\/alfilo\/wp-content\/uploads\/sites\/11\/2014\/09\/segundo-encuentro-seguridad-08-300x190.jpg 300w, https:\/\/ffyh.unc.edu.ar\/alfilo\/wp-content\/uploads\/sites\/11\/2014\/09\/segundo-encuentro-seguridad-08-768x485.jpg 768w\" sizes=\"auto, (max-width: 1024px) 100vw, 1024px\" \/><\/a> <a href=\"http:\/\/ffyh.unc.edu.ar\/alfilo2\/wp-content\/uploads\/sites\/11\/2014\/09\/segundo-encuentro-seguridad-12.jpg\"><img loading=\"lazy\" decoding=\"async\" class=\"alignnone wp-image-1359 size-full\" src=\"http:\/\/ffyh.unc.edu.ar\/alfilo2\/wp-content\/uploads\/sites\/11\/2014\/09\/segundo-encuentro-seguridad-12.jpg\" alt=\"segundo-encuentro-seguridad-12\" width=\"1024\" height=\"642\" srcset=\"https:\/\/ffyh.unc.edu.ar\/alfilo\/wp-content\/uploads\/sites\/11\/2014\/09\/segundo-encuentro-seguridad-12.jpg 1024w, https:\/\/ffyh.unc.edu.ar\/alfilo\/wp-content\/uploads\/sites\/11\/2014\/09\/segundo-encuentro-seguridad-12-300x188.jpg 300w, https:\/\/ffyh.unc.edu.ar\/alfilo\/wp-content\/uploads\/sites\/11\/2014\/09\/segundo-encuentro-seguridad-12-768x482.jpg 768w\" sizes=\"auto, (max-width: 1024px) 100vw, 1024px\" \/><\/a> <a href=\"http:\/\/ffyh.unc.edu.ar\/alfilo2\/wp-content\/uploads\/sites\/11\/2014\/09\/segundo-encuentro-seguridad-13.jpg\"><img loading=\"lazy\" decoding=\"async\" class=\"alignnone wp-image-1360 size-full\" src=\"http:\/\/ffyh.unc.edu.ar\/alfilo2\/wp-content\/uploads\/sites\/11\/2014\/09\/segundo-encuentro-seguridad-13.jpg\" alt=\"segundo-encuentro-seguridad-13\" width=\"800\" height=\"501\" srcset=\"https:\/\/ffyh.unc.edu.ar\/alfilo\/wp-content\/uploads\/sites\/11\/2014\/09\/segundo-encuentro-seguridad-13.jpg 800w, https:\/\/ffyh.unc.edu.ar\/alfilo\/wp-content\/uploads\/sites\/11\/2014\/09\/segundo-encuentro-seguridad-13-300x188.jpg 300w, https:\/\/ffyh.unc.edu.ar\/alfilo\/wp-content\/uploads\/sites\/11\/2014\/09\/segundo-encuentro-seguridad-13-768x481.jpg 768w\" sizes=\"auto, (max-width: 800px) 100vw, 800px\" \/><\/a> <a href=\"http:\/\/ffyh.unc.edu.ar\/alfilo2\/wp-content\/uploads\/sites\/11\/2014\/09\/segundo-encuentro-seguridad-07.jpg\"><img loading=\"lazy\" decoding=\"async\" class=\"alignnone wp-image-1355 size-full\" src=\"http:\/\/ffyh.unc.edu.ar\/alfilo2\/wp-content\/uploads\/sites\/11\/2014\/09\/segundo-encuentro-seguridad-07.jpg\" alt=\"segundo-encuentro-seguridad-07\" width=\"1024\" height=\"641\" srcset=\"https:\/\/ffyh.unc.edu.ar\/alfilo\/wp-content\/uploads\/sites\/11\/2014\/09\/segundo-encuentro-seguridad-07.jpg 1024w, https:\/\/ffyh.unc.edu.ar\/alfilo\/wp-content\/uploads\/sites\/11\/2014\/09\/segundo-encuentro-seguridad-07-300x188.jpg 300w, https:\/\/ffyh.unc.edu.ar\/alfilo\/wp-content\/uploads\/sites\/11\/2014\/09\/segundo-encuentro-seguridad-07-768x481.jpg 768w\" sizes=\"auto, (max-width: 1024px) 100vw, 1024px\" \/><\/a> <a href=\"http:\/\/ffyh.unc.edu.ar\/alfilo2\/wp-content\/uploads\/sites\/11\/2014\/09\/segundo-encuentro-seguridad-05.jpg\"><img loading=\"lazy\" decoding=\"async\" class=\"alignnone wp-image-1353 size-full\" src=\"http:\/\/ffyh.unc.edu.ar\/alfilo2\/wp-content\/uploads\/sites\/11\/2014\/09\/segundo-encuentro-seguridad-05.jpg\" alt=\"segundo-encuentro-seguridad-05\" width=\"1024\" height=\"643\" srcset=\"https:\/\/ffyh.unc.edu.ar\/alfilo\/wp-content\/uploads\/sites\/11\/2014\/09\/segundo-encuentro-seguridad-05.jpg 1024w, https:\/\/ffyh.unc.edu.ar\/alfilo\/wp-content\/uploads\/sites\/11\/2014\/09\/segundo-encuentro-seguridad-05-300x188.jpg 300w, https:\/\/ffyh.unc.edu.ar\/alfilo\/wp-content\/uploads\/sites\/11\/2014\/09\/segundo-encuentro-seguridad-05-768x482.jpg 768w\" sizes=\"auto, (max-width: 1024px) 100vw, 1024px\" \/><\/a> <a href=\"http:\/\/ffyh.unc.edu.ar\/alfilo2\/wp-content\/uploads\/sites\/11\/2014\/09\/segundo-encuentro-seguridad-04.jpg\"><img loading=\"lazy\" decoding=\"async\" class=\"alignnone wp-image-1352 size-full\" src=\"http:\/\/ffyh.unc.edu.ar\/alfilo2\/wp-content\/uploads\/sites\/11\/2014\/09\/segundo-encuentro-seguridad-04.jpg\" alt=\"segundo-encuentro-seguridad-04\" width=\"1024\" height=\"640\" srcset=\"https:\/\/ffyh.unc.edu.ar\/alfilo\/wp-content\/uploads\/sites\/11\/2014\/09\/segundo-encuentro-seguridad-04.jpg 1024w, https:\/\/ffyh.unc.edu.ar\/alfilo\/wp-content\/uploads\/sites\/11\/2014\/09\/segundo-encuentro-seguridad-04-300x188.jpg 300w, https:\/\/ffyh.unc.edu.ar\/alfilo\/wp-content\/uploads\/sites\/11\/2014\/09\/segundo-encuentro-seguridad-04-768x480.jpg 768w\" sizes=\"auto, (max-width: 1024px) 100vw, 1024px\" \/><\/a><a href=\"http:\/\/ffyh.unc.edu.ar\/alfilo2\/wp-content\/uploads\/sites\/11\/2014\/09\/segundo-encuentro-seguridad-02.jpg\"><br \/>\n<\/a><a href=\"http:\/\/ffyh.unc.edu.ar\/alfilo2\/wp-content\/uploads\/sites\/11\/2014\/09\/segundo-encuentro-seguridad-01.jpg\"><img loading=\"lazy\" decoding=\"async\" class=\"alignnone size-full wp-image-1349\" src=\"http:\/\/ffyh.unc.edu.ar\/alfilo2\/wp-content\/uploads\/sites\/11\/2014\/09\/segundo-encuentro-seguridad-01.jpg\" alt=\"segundo-encuentro-seguridad-01\" width=\"652\" height=\"1024\" srcset=\"https:\/\/ffyh.unc.edu.ar\/alfilo\/wp-content\/uploads\/sites\/11\/2014\/09\/segundo-encuentro-seguridad-01.jpg 652w, https:\/\/ffyh.unc.edu.ar\/alfilo\/wp-content\/uploads\/sites\/11\/2014\/09\/segundo-encuentro-seguridad-01-191x300.jpg 191w\" sizes=\"auto, (max-width: 652px) 100vw, 652px\" \/><\/a><a href=\"http:\/\/ffyh.unc.edu.ar\/alfilo2\/wp-content\/uploads\/sites\/11\/2014\/09\/segundo-encuentro-seguridad-02.jpg\"><br \/>\n<\/a><\/p>\n","protected":false},"excerpt":{"rendered":"<div class=\"mh-excerpt\"><p>Dentro del bar del Club Atl\u00e9tico Belgrano, ubicado en el coraz\u00f3n del tradicional barrio de Alberdi -Arturo Orgaz 550-, el jueves 18 de septiembre se llev\u00f3 a cabo la charla \u201cExperiencias en territorio\u201d, en el marco del segundo encuentro del <a class=\"mh-excerpt-more\" href=\"https:\/\/ffyh.unc.edu.ar\/alfilo\/la-seguridad-y-los-jovenes-experiencias-en-territorio\/\" title=\"La seguridad y los j\u00f3venes: experiencias en territorio\">[Leer m\u00e1s]<\/a><\/p>\n<\/div>","protected":false},"author":1,"featured_media":0,"comment_status":"open","ping_status":"open","sticky":false,"template":"","format":"standard","meta":{"_acf_changed":false,"_monsterinsights_skip_tracking":false,"_monsterinsights_sitenote_active":false,"_monsterinsights_sitenote_note":"","_monsterinsights_sitenote_category":0,"_jetpack_memberships_contains_paid_content":false,"footnotes":""},"categories":[11],"tags":[125],"class_list":["post-1346","post","type-post","status-publish","format-standard","hentry","category-11","tag-relacion-con-la-comunidad"],"acf":[],"yoast_head":"<!-- This site is optimized with the Yoast SEO plugin v27.1.1 - https:\/\/yoast.com\/product\/yoast-seo-wordpress\/ -->\n<title>La seguridad y los j\u00f3venes: experiencias en territorio - Alfilo<\/title>\n<meta name=\"robots\" content=\"index, follow, max-snippet:-1, max-image-preview:large, max-video-preview:-1\" \/>\n<link rel=\"canonical\" href=\"https:\/\/ffyh.unc.edu.ar\/alfilo\/la-seguridad-y-los-jovenes-experiencias-en-territorio\/\" \/>\n<meta property=\"og:locale\" content=\"es_ES\" \/>\n<meta property=\"og:type\" content=\"article\" \/>\n<meta property=\"og:title\" content=\"La seguridad y los j\u00f3venes: experiencias en territorio - Alfilo\" \/>\n<meta property=\"og:description\" content=\"Dentro del bar del Club Atl\u00e9tico Belgrano, ubicado en el coraz\u00f3n del tradicional barrio de Alberdi -Arturo Orgaz 550-, el jueves 18 de septiembre se llev\u00f3 a cabo la charla \u201cExperiencias en territorio\u201d, en el marco del segundo encuentro del [Leer m\u00e1s]\" \/>\n<meta property=\"og:url\" content=\"https:\/\/ffyh.unc.edu.ar\/alfilo\/la-seguridad-y-los-jovenes-experiencias-en-territorio\/\" \/>\n<meta property=\"og:site_name\" content=\"Alfilo\" \/>\n<meta property=\"article:publisher\" content=\"https:\/\/www.facebook.com\/ffyh.unc\/\" \/>\n<meta property=\"article:published_time\" content=\"2014-09-22T18:02:23+00:00\" \/>\n<meta property=\"og:image\" content=\"http:\/\/ffyh.unc.edu.ar\/alfilo2\/wp-content\/uploads\/sites\/11\/2014\/09\/segundo-encuentro-seguridad-10.jpg\" \/>\n<meta name=\"author\" content=\"soporte\" \/>\n<meta name=\"twitter:card\" content=\"summary_large_image\" \/>\n<meta name=\"twitter:creator\" content=\"@ffyh_unc\" \/>\n<meta name=\"twitter:site\" content=\"@ffyh_unc\" \/>\n<meta name=\"twitter:label1\" content=\"Escrito por\" \/>\n\t<meta name=\"twitter:data1\" content=\"\" \/>\n\t<meta name=\"twitter:label2\" content=\"Tiempo de lectura\" \/>\n\t<meta name=\"twitter:data2\" content=\"8 minutos\" \/>\n<script type=\"application\/ld+json\" class=\"yoast-schema-graph\">{\"@context\":\"https:\/\/schema.org\",\"@graph\":[{\"@type\":\"Article\",\"@id\":\"https:\/\/ffyh.unc.edu.ar\/alfilo\/la-seguridad-y-los-jovenes-experiencias-en-territorio\/#article\",\"isPartOf\":{\"@id\":\"https:\/\/ffyh.unc.edu.ar\/alfilo\/la-seguridad-y-los-jovenes-experiencias-en-territorio\/\"},\"author\":{\"name\":\"soporte\",\"@id\":\"https:\/\/ffyh.unc.edu.ar\/alfilo\/#\/schema\/person\/57a743469801e7e195e268bfe4c52190\"},\"headline\":\"La seguridad y los j\u00f3venes: experiencias en territorio\",\"datePublished\":\"2014-09-22T18:02:23+00:00\",\"mainEntityOfPage\":{\"@id\":\"https:\/\/ffyh.unc.edu.ar\/alfilo\/la-seguridad-y-los-jovenes-experiencias-en-territorio\/\"},\"wordCount\":1530,\"commentCount\":1,\"publisher\":{\"@id\":\"https:\/\/ffyh.unc.edu.ar\/alfilo\/#organization\"},\"image\":{\"@id\":\"https:\/\/ffyh.unc.edu.ar\/alfilo\/la-seguridad-y-los-jovenes-experiencias-en-territorio\/#primaryimage\"},\"thumbnailUrl\":\"http:\/\/ffyh.unc.edu.ar\/alfilo2\/wp-content\/uploads\/sites\/11\/2014\/09\/segundo-encuentro-seguridad-10.jpg\",\"keywords\":[\"Relaci\u00f3n con la comunidad\"],\"articleSection\":[\"43\"],\"inLanguage\":\"es\",\"potentialAction\":[{\"@type\":\"CommentAction\",\"name\":\"Comment\",\"target\":[\"https:\/\/ffyh.unc.edu.ar\/alfilo\/la-seguridad-y-los-jovenes-experiencias-en-territorio\/#respond\"]}]},{\"@type\":\"WebPage\",\"@id\":\"https:\/\/ffyh.unc.edu.ar\/alfilo\/la-seguridad-y-los-jovenes-experiencias-en-territorio\/\",\"url\":\"https:\/\/ffyh.unc.edu.ar\/alfilo\/la-seguridad-y-los-jovenes-experiencias-en-territorio\/\",\"name\":\"La seguridad y los j\u00f3venes: experiencias en territorio - Alfilo\",\"isPartOf\":{\"@id\":\"https:\/\/ffyh.unc.edu.ar\/alfilo\/#website\"},\"primaryImageOfPage\":{\"@id\":\"https:\/\/ffyh.unc.edu.ar\/alfilo\/la-seguridad-y-los-jovenes-experiencias-en-territorio\/#primaryimage\"},\"image\":{\"@id\":\"https:\/\/ffyh.unc.edu.ar\/alfilo\/la-seguridad-y-los-jovenes-experiencias-en-territorio\/#primaryimage\"},\"thumbnailUrl\":\"http:\/\/ffyh.unc.edu.ar\/alfilo2\/wp-content\/uploads\/sites\/11\/2014\/09\/segundo-encuentro-seguridad-10.jpg\",\"datePublished\":\"2014-09-22T18:02:23+00:00\",\"breadcrumb\":{\"@id\":\"https:\/\/ffyh.unc.edu.ar\/alfilo\/la-seguridad-y-los-jovenes-experiencias-en-territorio\/#breadcrumb\"},\"inLanguage\":\"es\",\"potentialAction\":[{\"@type\":\"ReadAction\",\"target\":[\"https:\/\/ffyh.unc.edu.ar\/alfilo\/la-seguridad-y-los-jovenes-experiencias-en-territorio\/\"]}]},{\"@type\":\"ImageObject\",\"inLanguage\":\"es\",\"@id\":\"https:\/\/ffyh.unc.edu.ar\/alfilo\/la-seguridad-y-los-jovenes-experiencias-en-territorio\/#primaryimage\",\"url\":\"http:\/\/ffyh.unc.edu.ar\/alfilo2\/wp-content\/uploads\/sites\/11\/2014\/09\/segundo-encuentro-seguridad-10.jpg\",\"contentUrl\":\"http:\/\/ffyh.unc.edu.ar\/alfilo2\/wp-content\/uploads\/sites\/11\/2014\/09\/segundo-encuentro-seguridad-10.jpg\"},{\"@type\":\"BreadcrumbList\",\"@id\":\"https:\/\/ffyh.unc.edu.ar\/alfilo\/la-seguridad-y-los-jovenes-experiencias-en-territorio\/#breadcrumb\",\"itemListElement\":[{\"@type\":\"ListItem\",\"position\":1,\"name\":\"Portada\",\"item\":\"https:\/\/ffyh.unc.edu.ar\/alfilo\/\"},{\"@type\":\"ListItem\",\"position\":2,\"name\":\"La seguridad y los j\u00f3venes: experiencias en territorio\"}]},{\"@type\":\"WebSite\",\"@id\":\"https:\/\/ffyh.unc.edu.ar\/alfilo\/#website\",\"url\":\"https:\/\/ffyh.unc.edu.ar\/alfilo\/\",\"name\":\"Alfilo\",\"description\":\"Revista digital de la Facultad de Filosof\u00eda y Humanidades - Universidad Nacional de C\u00f3rdoba\",\"publisher\":{\"@id\":\"https:\/\/ffyh.unc.edu.ar\/alfilo\/#organization\"},\"potentialAction\":[{\"@type\":\"SearchAction\",\"target\":{\"@type\":\"EntryPoint\",\"urlTemplate\":\"https:\/\/ffyh.unc.edu.ar\/alfilo\/?s={search_term_string}\"},\"query-input\":{\"@type\":\"PropertyValueSpecification\",\"valueRequired\":true,\"valueName\":\"search_term_string\"}}],\"inLanguage\":\"es\"},{\"@type\":\"Organization\",\"@id\":\"https:\/\/ffyh.unc.edu.ar\/alfilo\/#organization\",\"name\":\"Alfilo | Revista digital de la Facultad de Filosof\u00eda y Humanidades | UNC\",\"url\":\"https:\/\/ffyh.unc.edu.ar\/alfilo\/\",\"logo\":{\"@type\":\"ImageObject\",\"inLanguage\":\"es\",\"@id\":\"https:\/\/ffyh.unc.edu.ar\/alfilo\/#\/schema\/logo\/image\/\",\"url\":\"https:\/\/ffyh.unc.edu.ar\/alfilo\/wp-content\/uploads\/sites\/11\/2015\/04\/banner-alfilo-2015-ico.jpg\",\"contentUrl\":\"https:\/\/ffyh.unc.edu.ar\/alfilo\/wp-content\/uploads\/sites\/11\/2015\/04\/banner-alfilo-2015-ico.jpg\",\"width\":253,\"height\":128,\"caption\":\"Alfilo | Revista digital de la Facultad de Filosof\u00eda y Humanidades | UNC\"},\"image\":{\"@id\":\"https:\/\/ffyh.unc.edu.ar\/alfilo\/#\/schema\/logo\/image\/\"},\"sameAs\":[\"https:\/\/www.facebook.com\/ffyh.unc\/\",\"https:\/\/x.com\/ffyh_unc\",\"https:\/\/www.instagram.com\/ffyhunc\/\",\"https:\/\/www.youtube.com\/user\/comunicacionfilo\"]},{\"@type\":\"Person\",\"@id\":\"https:\/\/ffyh.unc.edu.ar\/alfilo\/#\/schema\/person\/57a743469801e7e195e268bfe4c52190\",\"name\":\"soporte\",\"image\":{\"@type\":\"ImageObject\",\"inLanguage\":\"es\",\"@id\":\"https:\/\/ffyh.unc.edu.ar\/alfilo\/#\/schema\/person\/image\/\",\"url\":\"https:\/\/secure.gravatar.com\/avatar\/ccd40043e5faec50f5bfc8fd1ba508e2228f018210ddcbcf662ed4624d9038c2?s=96&d=mm&r=g\",\"contentUrl\":\"https:\/\/secure.gravatar.com\/avatar\/ccd40043e5faec50f5bfc8fd1ba508e2228f018210ddcbcf662ed4624d9038c2?s=96&d=mm&r=g\",\"caption\":\"soporte\"},\"url\":\"https:\/\/ffyh.unc.edu.ar\/alfilo\/author\/admin\/\"}]}<\/script>\n<!-- \/ Yoast SEO plugin. -->","yoast_head_json":{"title":"La seguridad y los j\u00f3venes: experiencias en territorio - Alfilo","robots":{"index":"index","follow":"follow","max-snippet":"max-snippet:-1","max-image-preview":"max-image-preview:large","max-video-preview":"max-video-preview:-1"},"canonical":"https:\/\/ffyh.unc.edu.ar\/alfilo\/la-seguridad-y-los-jovenes-experiencias-en-territorio\/","og_locale":"es_ES","og_type":"article","og_title":"La seguridad y los j\u00f3venes: experiencias en territorio - Alfilo","og_description":"Dentro del bar del Club Atl\u00e9tico Belgrano, ubicado en el coraz\u00f3n del tradicional barrio de Alberdi -Arturo Orgaz 550-, el jueves 18 de septiembre se llev\u00f3 a cabo la charla \u201cExperiencias en territorio\u201d, en el marco del segundo encuentro del [Leer m\u00e1s]","og_url":"https:\/\/ffyh.unc.edu.ar\/alfilo\/la-seguridad-y-los-jovenes-experiencias-en-territorio\/","og_site_name":"Alfilo","article_publisher":"https:\/\/www.facebook.com\/ffyh.unc\/","article_published_time":"2014-09-22T18:02:23+00:00","og_image":[{"url":"http:\/\/ffyh.unc.edu.ar\/alfilo2\/wp-content\/uploads\/sites\/11\/2014\/09\/segundo-encuentro-seguridad-10.jpg","type":"","width":"","height":""}],"author":"soporte","twitter_card":"summary_large_image","twitter_creator":"@ffyh_unc","twitter_site":"@ffyh_unc","twitter_misc":{"Escrito por":false,"Tiempo de lectura":"8 minutos"},"schema":{"@context":"https:\/\/schema.org","@graph":[{"@type":"Article","@id":"https:\/\/ffyh.unc.edu.ar\/alfilo\/la-seguridad-y-los-jovenes-experiencias-en-territorio\/#article","isPartOf":{"@id":"https:\/\/ffyh.unc.edu.ar\/alfilo\/la-seguridad-y-los-jovenes-experiencias-en-territorio\/"},"author":{"name":"soporte","@id":"https:\/\/ffyh.unc.edu.ar\/alfilo\/#\/schema\/person\/57a743469801e7e195e268bfe4c52190"},"headline":"La seguridad y los j\u00f3venes: experiencias en territorio","datePublished":"2014-09-22T18:02:23+00:00","mainEntityOfPage":{"@id":"https:\/\/ffyh.unc.edu.ar\/alfilo\/la-seguridad-y-los-jovenes-experiencias-en-territorio\/"},"wordCount":1530,"commentCount":1,"publisher":{"@id":"https:\/\/ffyh.unc.edu.ar\/alfilo\/#organization"},"image":{"@id":"https:\/\/ffyh.unc.edu.ar\/alfilo\/la-seguridad-y-los-jovenes-experiencias-en-territorio\/#primaryimage"},"thumbnailUrl":"http:\/\/ffyh.unc.edu.ar\/alfilo2\/wp-content\/uploads\/sites\/11\/2014\/09\/segundo-encuentro-seguridad-10.jpg","keywords":["Relaci\u00f3n con la comunidad"],"articleSection":["43"],"inLanguage":"es","potentialAction":[{"@type":"CommentAction","name":"Comment","target":["https:\/\/ffyh.unc.edu.ar\/alfilo\/la-seguridad-y-los-jovenes-experiencias-en-territorio\/#respond"]}]},{"@type":"WebPage","@id":"https:\/\/ffyh.unc.edu.ar\/alfilo\/la-seguridad-y-los-jovenes-experiencias-en-territorio\/","url":"https:\/\/ffyh.unc.edu.ar\/alfilo\/la-seguridad-y-los-jovenes-experiencias-en-territorio\/","name":"La seguridad y los j\u00f3venes: experiencias en territorio - Alfilo","isPartOf":{"@id":"https:\/\/ffyh.unc.edu.ar\/alfilo\/#website"},"primaryImageOfPage":{"@id":"https:\/\/ffyh.unc.edu.ar\/alfilo\/la-seguridad-y-los-jovenes-experiencias-en-territorio\/#primaryimage"},"image":{"@id":"https:\/\/ffyh.unc.edu.ar\/alfilo\/la-seguridad-y-los-jovenes-experiencias-en-territorio\/#primaryimage"},"thumbnailUrl":"http:\/\/ffyh.unc.edu.ar\/alfilo2\/wp-content\/uploads\/sites\/11\/2014\/09\/segundo-encuentro-seguridad-10.jpg","datePublished":"2014-09-22T18:02:23+00:00","breadcrumb":{"@id":"https:\/\/ffyh.unc.edu.ar\/alfilo\/la-seguridad-y-los-jovenes-experiencias-en-territorio\/#breadcrumb"},"inLanguage":"es","potentialAction":[{"@type":"ReadAction","target":["https:\/\/ffyh.unc.edu.ar\/alfilo\/la-seguridad-y-los-jovenes-experiencias-en-territorio\/"]}]},{"@type":"ImageObject","inLanguage":"es","@id":"https:\/\/ffyh.unc.edu.ar\/alfilo\/la-seguridad-y-los-jovenes-experiencias-en-territorio\/#primaryimage","url":"http:\/\/ffyh.unc.edu.ar\/alfilo2\/wp-content\/uploads\/sites\/11\/2014\/09\/segundo-encuentro-seguridad-10.jpg","contentUrl":"http:\/\/ffyh.unc.edu.ar\/alfilo2\/wp-content\/uploads\/sites\/11\/2014\/09\/segundo-encuentro-seguridad-10.jpg"},{"@type":"BreadcrumbList","@id":"https:\/\/ffyh.unc.edu.ar\/alfilo\/la-seguridad-y-los-jovenes-experiencias-en-territorio\/#breadcrumb","itemListElement":[{"@type":"ListItem","position":1,"name":"Portada","item":"https:\/\/ffyh.unc.edu.ar\/alfilo\/"},{"@type":"ListItem","position":2,"name":"La seguridad y los j\u00f3venes: experiencias en territorio"}]},{"@type":"WebSite","@id":"https:\/\/ffyh.unc.edu.ar\/alfilo\/#website","url":"https:\/\/ffyh.unc.edu.ar\/alfilo\/","name":"Alfilo","description":"Revista digital de la Facultad de Filosof\u00eda y Humanidades - Universidad Nacional de C\u00f3rdoba","publisher":{"@id":"https:\/\/ffyh.unc.edu.ar\/alfilo\/#organization"},"potentialAction":[{"@type":"SearchAction","target":{"@type":"EntryPoint","urlTemplate":"https:\/\/ffyh.unc.edu.ar\/alfilo\/?s={search_term_string}"},"query-input":{"@type":"PropertyValueSpecification","valueRequired":true,"valueName":"search_term_string"}}],"inLanguage":"es"},{"@type":"Organization","@id":"https:\/\/ffyh.unc.edu.ar\/alfilo\/#organization","name":"Alfilo | Revista digital de la Facultad de Filosof\u00eda y Humanidades | UNC","url":"https:\/\/ffyh.unc.edu.ar\/alfilo\/","logo":{"@type":"ImageObject","inLanguage":"es","@id":"https:\/\/ffyh.unc.edu.ar\/alfilo\/#\/schema\/logo\/image\/","url":"https:\/\/ffyh.unc.edu.ar\/alfilo\/wp-content\/uploads\/sites\/11\/2015\/04\/banner-alfilo-2015-ico.jpg","contentUrl":"https:\/\/ffyh.unc.edu.ar\/alfilo\/wp-content\/uploads\/sites\/11\/2015\/04\/banner-alfilo-2015-ico.jpg","width":253,"height":128,"caption":"Alfilo | Revista digital de la Facultad de Filosof\u00eda y Humanidades | UNC"},"image":{"@id":"https:\/\/ffyh.unc.edu.ar\/alfilo\/#\/schema\/logo\/image\/"},"sameAs":["https:\/\/www.facebook.com\/ffyh.unc\/","https:\/\/x.com\/ffyh_unc","https:\/\/www.instagram.com\/ffyhunc\/","https:\/\/www.youtube.com\/user\/comunicacionfilo"]},{"@type":"Person","@id":"https:\/\/ffyh.unc.edu.ar\/alfilo\/#\/schema\/person\/57a743469801e7e195e268bfe4c52190","name":"soporte","image":{"@type":"ImageObject","inLanguage":"es","@id":"https:\/\/ffyh.unc.edu.ar\/alfilo\/#\/schema\/person\/image\/","url":"https:\/\/secure.gravatar.com\/avatar\/ccd40043e5faec50f5bfc8fd1ba508e2228f018210ddcbcf662ed4624d9038c2?s=96&d=mm&r=g","contentUrl":"https:\/\/secure.gravatar.com\/avatar\/ccd40043e5faec50f5bfc8fd1ba508e2228f018210ddcbcf662ed4624d9038c2?s=96&d=mm&r=g","caption":"soporte"},"url":"https:\/\/ffyh.unc.edu.ar\/alfilo\/author\/admin\/"}]}},"jetpack_featured_media_url":"","jetpack_sharing_enabled":true,"_links":{"self":[{"href":"https:\/\/ffyh.unc.edu.ar\/alfilo\/wp-json\/wp\/v2\/posts\/1346","targetHints":{"allow":["GET"]}}],"collection":[{"href":"https:\/\/ffyh.unc.edu.ar\/alfilo\/wp-json\/wp\/v2\/posts"}],"about":[{"href":"https:\/\/ffyh.unc.edu.ar\/alfilo\/wp-json\/wp\/v2\/types\/post"}],"author":[{"embeddable":true,"href":"https:\/\/ffyh.unc.edu.ar\/alfilo\/wp-json\/wp\/v2\/users\/1"}],"replies":[{"embeddable":true,"href":"https:\/\/ffyh.unc.edu.ar\/alfilo\/wp-json\/wp\/v2\/comments?post=1346"}],"version-history":[{"count":0,"href":"https:\/\/ffyh.unc.edu.ar\/alfilo\/wp-json\/wp\/v2\/posts\/1346\/revisions"}],"wp:attachment":[{"href":"https:\/\/ffyh.unc.edu.ar\/alfilo\/wp-json\/wp\/v2\/media?parent=1346"}],"wp:term":[{"taxonomy":"category","embeddable":true,"href":"https:\/\/ffyh.unc.edu.ar\/alfilo\/wp-json\/wp\/v2\/categories?post=1346"},{"taxonomy":"post_tag","embeddable":true,"href":"https:\/\/ffyh.unc.edu.ar\/alfilo\/wp-json\/wp\/v2\/tags?post=1346"}],"curies":[{"name":"wp","href":"https:\/\/api.w.org\/{rel}","templated":true}]}}