{"id":1500,"date":"2014-11-20T14:51:34","date_gmt":"2014-11-20T14:51:34","guid":{"rendered":"http:\/\/www.ffyh.unc.edu.ar\/alfilo\/?p=1500"},"modified":"2014-11-20T14:51:34","modified_gmt":"2014-11-20T14:51:34","slug":"la-educacion-en-la-carcel-una-mirada-desde-brasil","status":"publish","type":"post","link":"https:\/\/ffyh.unc.edu.ar\/alfilo\/la-educacion-en-la-carcel-una-mirada-desde-brasil\/","title":{"rendered":"La educaci\u00f3n en la c\u00e1rcel: una mirada desde Brasil"},"content":{"rendered":"<p><strong><a href=\"http:\/\/ffyh.unc.edu.ar\/alfilo2\/wp-content\/uploads\/sites\/11\/2014\/11\/carolina-bessa-1.jpg\"><img loading=\"lazy\" decoding=\"async\" class=\"alignright wp-image-1501\" src=\"http:\/\/ffyh.unc.edu.ar\/alfilo2\/wp-content\/uploads\/sites\/11\/2014\/11\/carolina-bessa-1.jpg\" alt=\"carolina-bessa-1\" width=\"450\" height=\"416\" srcset=\"https:\/\/ffyh.unc.edu.ar\/alfilo\/wp-content\/uploads\/sites\/11\/2014\/11\/carolina-bessa-1.jpg 800w, https:\/\/ffyh.unc.edu.ar\/alfilo\/wp-content\/uploads\/sites\/11\/2014\/11\/carolina-bessa-1-300x277.jpg 300w, https:\/\/ffyh.unc.edu.ar\/alfilo\/wp-content\/uploads\/sites\/11\/2014\/11\/carolina-bessa-1-768x709.jpg 768w\" sizes=\"auto, (max-width: 450px) 100vw, 450px\" \/><\/a>Organizada por la\u00a0Secretar\u00eda de Posgrado y el Programa Universitario en la C\u00e1rcel (PUC) de la FFyH, \u00a0\u201cLa Educaci\u00f3n en la C\u00e1rcel: una mirada desde Brasil\u00bb\u00a0fue el t\u00edtulo de la conferencia-debate a \u00a0cargo de la\u00a0Doctoranda\u00a0Carolina Bessa Ferreira de Oliveira, de la Universidad de S\u00e3o Paulo (Brasil), quien realiz\u00f3 una estancia en el PUC, en el marco del Programa de Movilidad AUGM.\u00a0 La actividad se realiz\u00f3 el\u00a0jueves 13 de noviembre en el Pabell\u00f3n Residencial.<\/strong><\/p>\n<p><!--more--><\/p>\n<p>La abogada brasilera <strong>Carolina Bessa Ferreira de Oliveira<\/strong>\u00a0es pionera en vivir la experiencia de haber realizado la breve pero intensa estancia de un mes en su especializaci\u00f3n de doctorado, dentro del\u00a0<strong>Programa Universitario en la C\u00e1rcel (PUC) de la FFyH.\u00a0 <\/strong><\/p>\n<p>Convencida del valor que adquiere el derecho y acceso a la educaci\u00f3n para cualquier persona en el mundo, durante su conferencia aport\u00f3 una perspectiva general sobre la situaci\u00f3n actual del sistema carcelario en Brasil y, en particular, hizo foco sobre la importancia de la educaci\u00f3n en contextos de encierro.<\/p>\n<figure id=\"attachment_1502\" aria-describedby=\"caption-attachment-1502\" style=\"width: 1500px\" class=\"wp-caption alignnone\"><a href=\"http:\/\/ffyh.unc.edu.ar\/alfilo2\/wp-content\/uploads\/sites\/11\/2014\/11\/carolina-bessa-4.jpg\"><img loading=\"lazy\" decoding=\"async\" class=\"wp-image-1502 size-full\" src=\"http:\/\/ffyh.unc.edu.ar\/alfilo2\/wp-content\/uploads\/sites\/11\/2014\/11\/carolina-bessa-4.jpg\" alt=\"carolina-bessa-4\" width=\"1500\" height=\"1125\" srcset=\"https:\/\/ffyh.unc.edu.ar\/alfilo\/wp-content\/uploads\/sites\/11\/2014\/11\/carolina-bessa-4.jpg 1500w, https:\/\/ffyh.unc.edu.ar\/alfilo\/wp-content\/uploads\/sites\/11\/2014\/11\/carolina-bessa-4-300x225.jpg 300w, https:\/\/ffyh.unc.edu.ar\/alfilo\/wp-content\/uploads\/sites\/11\/2014\/11\/carolina-bessa-4-768x576.jpg 768w, https:\/\/ffyh.unc.edu.ar\/alfilo\/wp-content\/uploads\/sites\/11\/2014\/11\/carolina-bessa-4-1024x768.jpg 1024w\" sizes=\"auto, (max-width: 1500px) 100vw, 1500px\" \/><\/a><figcaption id=\"caption-attachment-1502\" class=\"wp-caption-text\">Roberto da Silva, director del doctorado de Carolina, particip\u00f3 mediante una videoconferencia.<\/figcaption><\/figure>\n<p>A lo largo de su exposici\u00f3n, brind\u00f3 datos estad\u00edsticos que pueden contrastarse con las caracter\u00edsticas vigentes del sistema penitenciario argentino. Y adem\u00e1s, sum\u00f3 el aporte y la visi\u00f3n de su director de tesis,<strong> Roberto da Silva<\/strong>, docente en la Universidad de S\u00e3o Paulo, quien intervino a trav\u00e9s de una videoconferencia.<\/p>\n<p>La investigaci\u00f3n de Maestr\u00eda de\u00a0<strong>Carolina<\/strong>\u00a0<strong>Bessa Ferreira de Oliveira<\/strong>\u00a0versa sobre las diferentes representaciones de los detenidos respecto a la educaci\u00f3n en la c\u00e1rcel, siendo su actual proyecto\u00a0de tesis doctoral\u00a0una investigaci\u00f3n cualitativa e interdisciplinaria\u00a0acerca de la educaci\u00f3n\u00a0en las c\u00e1rceles como pol\u00edtica p\u00fablica, contemplada desde una perspectiva de Derechos Humanos.<\/p>\n<p>En este marco, la especialista expuso cuadros donde se pudo observar que <strong>Brasil tiene\u00a0un promedio\u00a0de 560.000 personas\u00a0en la c\u00e1rcel.<\/strong>\u00a0Es decir, <strong>cada 100 mil brasile\u00f1os, 358 est\u00e1n detenidos.<\/strong>\u00a0Una cifra, aclar\u00f3, que no incluye a los mayores de edad, o aquellas personas que por razones de salud cumplen prisi\u00f3n domiciliaria.\u00a0<strong>Bessa Ferreira de Oliveira<\/strong>\u00a0indic\u00f3 que la cifra resulta significativamente m\u00e1s alta que la de nuestro pa\u00eds, ya que seg\u00fan las \u00faltimas estad\u00edsticas del Servicio Penitenciario Argentino cada <strong>cien mil habitantes existen alrededor de 149 presos<\/strong>.<\/p>\n<p><a href=\"http:\/\/ffyh.unc.edu.ar\/alfilo2\/wp-content\/uploads\/sites\/11\/2014\/11\/carolina-bessa-2.jpg\"><img loading=\"lazy\" decoding=\"async\" class=\"alignnone wp-image-1503 size-full\" src=\"http:\/\/ffyh.unc.edu.ar\/alfilo2\/wp-content\/uploads\/sites\/11\/2014\/11\/carolina-bessa-2.jpg\" alt=\"carolina-bessa-2\" width=\"1500\" height=\"1125\" srcset=\"https:\/\/ffyh.unc.edu.ar\/alfilo\/wp-content\/uploads\/sites\/11\/2014\/11\/carolina-bessa-2.jpg 1500w, https:\/\/ffyh.unc.edu.ar\/alfilo\/wp-content\/uploads\/sites\/11\/2014\/11\/carolina-bessa-2-300x225.jpg 300w, https:\/\/ffyh.unc.edu.ar\/alfilo\/wp-content\/uploads\/sites\/11\/2014\/11\/carolina-bessa-2-768x576.jpg 768w, https:\/\/ffyh.unc.edu.ar\/alfilo\/wp-content\/uploads\/sites\/11\/2014\/11\/carolina-bessa-2-1024x768.jpg 1024w\" sizes=\"auto, (max-width: 1500px) 100vw, 1500px\" \/><\/a>De cualquier manera, se\u00f1al\u00f3, s\u00f3lo se puede brindar un panorama de situaci\u00f3n, ya que ambos pa\u00edses est\u00e1n regidos por una serie de caracter\u00edsticas hist\u00f3ricas, par\u00e1metros y hasta una legislaci\u00f3n diferente en relaci\u00f3n a los mecanismos y posibilidades que existen dentro de sus sistemas carcelarios o penitenciarios.<\/p>\n<p>Una de las grandes diferencias, subray\u00f3, es que <strong>en Argentina, adem\u00e1s de tener un sistema de educaci\u00f3n p\u00fablico en todos sus niveles, desde su recuperaci\u00f3n democr\u00e1tica se viene juzgado y condenado a los responsables por delitos de lesa humanidad<\/strong>. \u201cEn Brasil, sin embrago, estos archivos a\u00fan contin\u00faan cerrados\u201d dijo.<\/p>\n<p>En relaci\u00f3n a la\u00a0poblaci\u00f3n carcelaria de Brasil,\u00a0la abogada\u00a0se\u00f1al\u00f3 que en su mayor\u00eda, la composici\u00f3n de esta franja est\u00e1 integrada <strong>por hombres j\u00f3venes<\/strong> (menores de 29 a\u00f1os), <strong>negros y mulatos, con ense\u00f1anza b\u00e1sica\u00a0incompleta<\/strong>.\u00a0Y de este total <strong>cerca de 9% de los detenidos en Brasil logran estudiar<\/strong> dentro de las c\u00e1rceles y <strong>s\u00f3lo alrededor del 20% accede a\u00a0actividades laborales<\/strong>.<\/p>\n<p>Como marco hist\u00f3rico,\u00a0<strong>Bessa Ferreira de Oliveira<\/strong>\u00a0expuso que la Ense\u00f1anza B\u00e1sica en las c\u00e1rceles de S\u00e3o Paulo, donde el\u00a0 porcentaje de personas detenidas resulta el m\u00e1s alto de todo Brasil (alrededor de 200\u00a0mil personas), se puede analizar teniendo en cuenta tres fases en el tiempo: Hasta 1979, el sistema dependi\u00f3 de la Secretaria de Estado de la Educaci\u00f3n de S\u00e3o Paulo. Hasta el a\u00f1o 2010 estuvo a cargo de la FUNAP Fundaci\u00f3n Prof. Dr. Manoel Pedro Pimentel; y desde el 2010 hasta la actualidad depende por normativa nacional de la Secretaria de Estado de la Educaci\u00f3n.<\/p>\n<p>En esta l\u00ednea, la especialista coment\u00f3 que\u00a0 la \u00a0experiencia de la FUNAP \u2013 Fundaci\u00f3n de Apoyo a los Presos de S\u00e3o Paulo\u2013, entidad dependiente de la Secretaria de Administraci\u00f3n Penitenciaria del Estado, se llev\u00f3 adelante con muchas dificultades <strong>por no contar con\u00a0el aporte financiero del Estado<\/strong>. Esto signific\u00f3 no poder contar con profesores o programas que dependieran directamente de la\u00a0pol\u00edtica de Educaci\u00f3n del Estado. Teniendo en cuenta \u00e9stos antecedentes hist\u00f3ricos, en la actualidad la Secretaria de Educaci\u00f3n de Brasil es la responsable en promover y desarrollar acciones educativas en contextos de encierro. Sin embargo,\u00a0dentro de las c\u00e1rceles de su pa\u00eds, estos espacios a\u00fan siguen generando una relaci\u00f3n muchas veces tensa con cada administraci\u00f3n penitenciaria. Bajo este panorama, agreg\u00f3, existen demasiadas dificultades\u00a0conceptuales y de procedimiento para mejorar el acceso a derechos b\u00e1sicos de los internos. Pero sobre todo, predomina la falta de\u00a0una pol\u00edtica nacional institucionalizada que le permita a Brasil revertir la situaci\u00f3n actual de la educaci\u00f3n en sus c\u00e1rceles.<\/p>\n<p><strong>La experiencia positiva del PUC<\/strong><\/p>\n<figure id=\"attachment_1504\" aria-describedby=\"caption-attachment-1504\" style=\"width: 1500px\" class=\"wp-caption alignnone\"><a href=\"http:\/\/ffyh.unc.edu.ar\/alfilo2\/wp-content\/uploads\/sites\/11\/2014\/11\/carolina-bessa-3.jpg\"><img loading=\"lazy\" decoding=\"async\" class=\"wp-image-1504 size-full\" src=\"http:\/\/ffyh.unc.edu.ar\/alfilo2\/wp-content\/uploads\/sites\/11\/2014\/11\/carolina-bessa-3.jpg\" alt=\"carolina-bessa-3\" width=\"1500\" height=\"1125\" srcset=\"https:\/\/ffyh.unc.edu.ar\/alfilo\/wp-content\/uploads\/sites\/11\/2014\/11\/carolina-bessa-3.jpg 1500w, https:\/\/ffyh.unc.edu.ar\/alfilo\/wp-content\/uploads\/sites\/11\/2014\/11\/carolina-bessa-3-300x225.jpg 300w, https:\/\/ffyh.unc.edu.ar\/alfilo\/wp-content\/uploads\/sites\/11\/2014\/11\/carolina-bessa-3-768x576.jpg 768w, https:\/\/ffyh.unc.edu.ar\/alfilo\/wp-content\/uploads\/sites\/11\/2014\/11\/carolina-bessa-3-1024x768.jpg 1024w\" sizes=\"auto, (max-width: 1500px) 100vw, 1500px\" \/><\/a><figcaption id=\"caption-attachment-1504\" class=\"wp-caption-text\">Beatriz Bixio, vicedecana de la FFyH, present\u00f3 la conferencia.<\/figcaption><\/figure>\n<p>Con miras a profundizar los estudios sobre las experiencias m\u00e1s significativas que tiene Am\u00e9rica Latina en relaci\u00f3n a este tema, para <strong>Bessa Ferreira de Oliveira<\/strong>\u00a0result\u00f3 de sumo inter\u00e9s conocer personalmente los programas de educaci\u00f3n en las c\u00e1rceles que se han logrado implementar en Argentina.<\/p>\n<p>Sobre todo, aquellos basados en las pr\u00e1cticas de Ense\u00f1anza de Educaci\u00f3n\u00a0Superior. En el caso de nuestra provincia, aparece la experiencia positiva que aporta el\u00a0<a href=\"http:\/\/blogs.ffyh.unc.edu.ar\/puc\/\" target=\"_blank\">Programa Universitario en la C\u00e1rcel (PUC) de la FFyH<\/a>: un espacio institucional creado en el a\u00f1o 1997 y que, desde entonces hasta la actualidad, ha logrado desarrollar distintas estrategias educativas que permiten a internos \u2013 procesados y condenados\u2013 alojados en el Servicio Penitenciario C\u00f3rdoba (SPC) iniciar y\/ o completar estudios universitarios. Tambi\u00e9n realiza actividades de Extensi\u00f3n y de Investigaci\u00f3n que aportan al conocimiento y a la intervenci\u00f3n en la realidad carcelaria. Y finalmente, lleva adelante una serie de actividades \u2013 charlas, conferencias, debates, ciclos\u2013 que estimulan la reflexi\u00f3n sobre el rol de las instituciones involucradas con respecto al efecto de las pr\u00e1cticas educativas en la socializaci\u00f3n con sentido democr\u00e1tico, y en una perspectiva de derechos humanos, como soporte para el ejercicio pleno de la ciudadan\u00eda. En estos \u00faltimos aspectos <strong>Bessa Ferreira de Oliveira<\/strong>\u00a0resalt\u00f3 como muy positivos\u00a0 el trabajo realizado desde el proyecto <a href=\"http:\/\/blogs.ffyh.unc.edu.ar\/escueladefilosofia\/2014\/08\/15\/rodando-el-margen-actividad-del-programa-universitario-en-la-carcel-puc-en-el-6o-foro-de-extension-universitaria\/\" target=\"_blank\">Rodando al Margen<\/a> y la posibilidad de crear una cooperativa de trabajo para internos del Penal San Mart\u00edn, que tambi\u00e9n se impulsa y desarrolla en el marco del PUC.<\/p>\n<p>[important]<strong>Carolina Bessa Ferreira de Oliveira:\u00a0<\/strong>es abogada, Mag\u00edster en Educaci\u00f3n en las C\u00e1rceles, doctoranda sobre el mismo tema y funcionaria p\u00fablica en la Secretar\u00eda de Educaci\u00f3n\u00a0del estado de S\u00e3o Paulo, Brasil.[\/important]<\/p>\n<p style=\"text-align: right\">Texto: <strong>Irina Mor\u00e1n<\/strong><\/p>\n<p style=\"text-align: right\">Fotos: <strong>Pablo Giordana<\/strong><\/p>\n","protected":false},"excerpt":{"rendered":"<div class=\"mh-excerpt\"><p>Organizada por la\u00a0Secretar\u00eda de Posgrado y el Programa Universitario en la C\u00e1rcel (PUC) de la FFyH, \u00a0\u201cLa Educaci\u00f3n en la C\u00e1rcel: una mirada desde Brasil\u00bb\u00a0fue el t\u00edtulo de la conferencia-debate a \u00a0cargo de la\u00a0Doctoranda\u00a0Carolina Bessa Ferreira de Oliveira, de la <a class=\"mh-excerpt-more\" href=\"https:\/\/ffyh.unc.edu.ar\/alfilo\/la-educacion-en-la-carcel-una-mirada-desde-brasil\/\" title=\"La educaci\u00f3n en la c\u00e1rcel: una mirada desde Brasil\">[Leer m\u00e1s]<\/a><\/p>\n<\/div>","protected":false},"author":1,"featured_media":0,"comment_status":"open","ping_status":"open","sticky":false,"template":"","format":"standard","meta":{"_acf_changed":false,"_monsterinsights_skip_tracking":false,"_monsterinsights_sitenote_active":false,"_monsterinsights_sitenote_note":"","_monsterinsights_sitenote_category":0,"_jetpack_memberships_contains_paid_content":false,"footnotes":""},"categories":[12],"tags":[125],"class_list":["post-1500","post","type-post","status-publish","format-standard","hentry","category-12","tag-relacion-con-la-comunidad"],"acf":[],"yoast_head":"<!-- This site is optimized with the Yoast SEO plugin v27.1.1 - https:\/\/yoast.com\/product\/yoast-seo-wordpress\/ -->\n<title>La educaci\u00f3n en la c\u00e1rcel: una mirada desde Brasil - Alfilo<\/title>\n<meta name=\"robots\" content=\"index, follow, max-snippet:-1, max-image-preview:large, max-video-preview:-1\" \/>\n<link rel=\"canonical\" href=\"https:\/\/ffyh.unc.edu.ar\/alfilo\/la-educacion-en-la-carcel-una-mirada-desde-brasil\/\" \/>\n<meta property=\"og:locale\" content=\"es_ES\" \/>\n<meta property=\"og:type\" content=\"article\" \/>\n<meta property=\"og:title\" content=\"La educaci\u00f3n en la c\u00e1rcel: una mirada desde Brasil - Alfilo\" \/>\n<meta property=\"og:description\" content=\"Organizada por la\u00a0Secretar\u00eda de Posgrado y el Programa Universitario en la C\u00e1rcel (PUC) de la FFyH, \u00a0\u201cLa Educaci\u00f3n en la C\u00e1rcel: una mirada desde Brasil\u00bb\u00a0fue el t\u00edtulo de la conferencia-debate a \u00a0cargo de la\u00a0Doctoranda\u00a0Carolina Bessa Ferreira de Oliveira, de la [Leer m\u00e1s]\" \/>\n<meta property=\"og:url\" content=\"https:\/\/ffyh.unc.edu.ar\/alfilo\/la-educacion-en-la-carcel-una-mirada-desde-brasil\/\" \/>\n<meta property=\"og:site_name\" content=\"Alfilo\" \/>\n<meta property=\"article:publisher\" content=\"https:\/\/www.facebook.com\/ffyh.unc\/\" \/>\n<meta property=\"article:published_time\" content=\"2014-11-20T14:51:34+00:00\" \/>\n<meta property=\"og:image\" content=\"http:\/\/ffyh.unc.edu.ar\/alfilo2\/wp-content\/uploads\/sites\/11\/2014\/11\/carolina-bessa-1.jpg\" \/>\n<meta name=\"author\" content=\"soporte\" \/>\n<meta name=\"twitter:card\" content=\"summary_large_image\" \/>\n<meta name=\"twitter:creator\" content=\"@ffyh_unc\" \/>\n<meta name=\"twitter:site\" content=\"@ffyh_unc\" \/>\n<meta name=\"twitter:label1\" content=\"Escrito por\" \/>\n\t<meta name=\"twitter:data1\" content=\"\" \/>\n\t<meta name=\"twitter:label2\" content=\"Tiempo de lectura\" \/>\n\t<meta name=\"twitter:data2\" content=\"6 minutos\" \/>\n<script type=\"application\/ld+json\" class=\"yoast-schema-graph\">{\"@context\":\"https:\/\/schema.org\",\"@graph\":[{\"@type\":\"Article\",\"@id\":\"https:\/\/ffyh.unc.edu.ar\/alfilo\/la-educacion-en-la-carcel-una-mirada-desde-brasil\/#article\",\"isPartOf\":{\"@id\":\"https:\/\/ffyh.unc.edu.ar\/alfilo\/la-educacion-en-la-carcel-una-mirada-desde-brasil\/\"},\"author\":{\"name\":\"soporte\",\"@id\":\"https:\/\/ffyh.unc.edu.ar\/alfilo\/#\/schema\/person\/57a743469801e7e195e268bfe4c52190\"},\"headline\":\"La educaci\u00f3n en la c\u00e1rcel: una mirada desde Brasil\",\"datePublished\":\"2014-11-20T14:51:34+00:00\",\"mainEntityOfPage\":{\"@id\":\"https:\/\/ffyh.unc.edu.ar\/alfilo\/la-educacion-en-la-carcel-una-mirada-desde-brasil\/\"},\"wordCount\":1221,\"commentCount\":1,\"publisher\":{\"@id\":\"https:\/\/ffyh.unc.edu.ar\/alfilo\/#organization\"},\"image\":{\"@id\":\"https:\/\/ffyh.unc.edu.ar\/alfilo\/la-educacion-en-la-carcel-una-mirada-desde-brasil\/#primaryimage\"},\"thumbnailUrl\":\"http:\/\/ffyh.unc.edu.ar\/alfilo2\/wp-content\/uploads\/sites\/11\/2014\/11\/carolina-bessa-1.jpg\",\"keywords\":[\"Relaci\u00f3n con la comunidad\"],\"articleSection\":[\"44\"],\"inLanguage\":\"es\",\"potentialAction\":[{\"@type\":\"CommentAction\",\"name\":\"Comment\",\"target\":[\"https:\/\/ffyh.unc.edu.ar\/alfilo\/la-educacion-en-la-carcel-una-mirada-desde-brasil\/#respond\"]}]},{\"@type\":\"WebPage\",\"@id\":\"https:\/\/ffyh.unc.edu.ar\/alfilo\/la-educacion-en-la-carcel-una-mirada-desde-brasil\/\",\"url\":\"https:\/\/ffyh.unc.edu.ar\/alfilo\/la-educacion-en-la-carcel-una-mirada-desde-brasil\/\",\"name\":\"La educaci\u00f3n en la c\u00e1rcel: una mirada desde Brasil - Alfilo\",\"isPartOf\":{\"@id\":\"https:\/\/ffyh.unc.edu.ar\/alfilo\/#website\"},\"primaryImageOfPage\":{\"@id\":\"https:\/\/ffyh.unc.edu.ar\/alfilo\/la-educacion-en-la-carcel-una-mirada-desde-brasil\/#primaryimage\"},\"image\":{\"@id\":\"https:\/\/ffyh.unc.edu.ar\/alfilo\/la-educacion-en-la-carcel-una-mirada-desde-brasil\/#primaryimage\"},\"thumbnailUrl\":\"http:\/\/ffyh.unc.edu.ar\/alfilo2\/wp-content\/uploads\/sites\/11\/2014\/11\/carolina-bessa-1.jpg\",\"datePublished\":\"2014-11-20T14:51:34+00:00\",\"breadcrumb\":{\"@id\":\"https:\/\/ffyh.unc.edu.ar\/alfilo\/la-educacion-en-la-carcel-una-mirada-desde-brasil\/#breadcrumb\"},\"inLanguage\":\"es\",\"potentialAction\":[{\"@type\":\"ReadAction\",\"target\":[\"https:\/\/ffyh.unc.edu.ar\/alfilo\/la-educacion-en-la-carcel-una-mirada-desde-brasil\/\"]}]},{\"@type\":\"ImageObject\",\"inLanguage\":\"es\",\"@id\":\"https:\/\/ffyh.unc.edu.ar\/alfilo\/la-educacion-en-la-carcel-una-mirada-desde-brasil\/#primaryimage\",\"url\":\"http:\/\/ffyh.unc.edu.ar\/alfilo2\/wp-content\/uploads\/sites\/11\/2014\/11\/carolina-bessa-1.jpg\",\"contentUrl\":\"http:\/\/ffyh.unc.edu.ar\/alfilo2\/wp-content\/uploads\/sites\/11\/2014\/11\/carolina-bessa-1.jpg\"},{\"@type\":\"BreadcrumbList\",\"@id\":\"https:\/\/ffyh.unc.edu.ar\/alfilo\/la-educacion-en-la-carcel-una-mirada-desde-brasil\/#breadcrumb\",\"itemListElement\":[{\"@type\":\"ListItem\",\"position\":1,\"name\":\"Portada\",\"item\":\"https:\/\/ffyh.unc.edu.ar\/alfilo\/\"},{\"@type\":\"ListItem\",\"position\":2,\"name\":\"La educaci\u00f3n en la c\u00e1rcel: una mirada desde Brasil\"}]},{\"@type\":\"WebSite\",\"@id\":\"https:\/\/ffyh.unc.edu.ar\/alfilo\/#website\",\"url\":\"https:\/\/ffyh.unc.edu.ar\/alfilo\/\",\"name\":\"Alfilo\",\"description\":\"Revista digital de la Facultad de Filosof\u00eda y Humanidades - Universidad Nacional de C\u00f3rdoba\",\"publisher\":{\"@id\":\"https:\/\/ffyh.unc.edu.ar\/alfilo\/#organization\"},\"potentialAction\":[{\"@type\":\"SearchAction\",\"target\":{\"@type\":\"EntryPoint\",\"urlTemplate\":\"https:\/\/ffyh.unc.edu.ar\/alfilo\/?s={search_term_string}\"},\"query-input\":{\"@type\":\"PropertyValueSpecification\",\"valueRequired\":true,\"valueName\":\"search_term_string\"}}],\"inLanguage\":\"es\"},{\"@type\":\"Organization\",\"@id\":\"https:\/\/ffyh.unc.edu.ar\/alfilo\/#organization\",\"name\":\"Alfilo | Revista digital de la Facultad de Filosof\u00eda y Humanidades | UNC\",\"url\":\"https:\/\/ffyh.unc.edu.ar\/alfilo\/\",\"logo\":{\"@type\":\"ImageObject\",\"inLanguage\":\"es\",\"@id\":\"https:\/\/ffyh.unc.edu.ar\/alfilo\/#\/schema\/logo\/image\/\",\"url\":\"https:\/\/ffyh.unc.edu.ar\/alfilo\/wp-content\/uploads\/sites\/11\/2015\/04\/banner-alfilo-2015-ico.jpg\",\"contentUrl\":\"https:\/\/ffyh.unc.edu.ar\/alfilo\/wp-content\/uploads\/sites\/11\/2015\/04\/banner-alfilo-2015-ico.jpg\",\"width\":253,\"height\":128,\"caption\":\"Alfilo | Revista digital de la Facultad de Filosof\u00eda y Humanidades | UNC\"},\"image\":{\"@id\":\"https:\/\/ffyh.unc.edu.ar\/alfilo\/#\/schema\/logo\/image\/\"},\"sameAs\":[\"https:\/\/www.facebook.com\/ffyh.unc\/\",\"https:\/\/x.com\/ffyh_unc\",\"https:\/\/www.instagram.com\/ffyhunc\/\",\"https:\/\/www.youtube.com\/user\/comunicacionfilo\"]},{\"@type\":\"Person\",\"@id\":\"https:\/\/ffyh.unc.edu.ar\/alfilo\/#\/schema\/person\/57a743469801e7e195e268bfe4c52190\",\"name\":\"soporte\",\"image\":{\"@type\":\"ImageObject\",\"inLanguage\":\"es\",\"@id\":\"https:\/\/ffyh.unc.edu.ar\/alfilo\/#\/schema\/person\/image\/\",\"url\":\"https:\/\/secure.gravatar.com\/avatar\/ccd40043e5faec50f5bfc8fd1ba508e2228f018210ddcbcf662ed4624d9038c2?s=96&d=mm&r=g\",\"contentUrl\":\"https:\/\/secure.gravatar.com\/avatar\/ccd40043e5faec50f5bfc8fd1ba508e2228f018210ddcbcf662ed4624d9038c2?s=96&d=mm&r=g\",\"caption\":\"soporte\"},\"url\":\"https:\/\/ffyh.unc.edu.ar\/alfilo\/author\/admin\/\"}]}<\/script>\n<!-- \/ Yoast SEO plugin. -->","yoast_head_json":{"title":"La educaci\u00f3n en la c\u00e1rcel: una mirada desde Brasil - Alfilo","robots":{"index":"index","follow":"follow","max-snippet":"max-snippet:-1","max-image-preview":"max-image-preview:large","max-video-preview":"max-video-preview:-1"},"canonical":"https:\/\/ffyh.unc.edu.ar\/alfilo\/la-educacion-en-la-carcel-una-mirada-desde-brasil\/","og_locale":"es_ES","og_type":"article","og_title":"La educaci\u00f3n en la c\u00e1rcel: una mirada desde Brasil - Alfilo","og_description":"Organizada por la\u00a0Secretar\u00eda de Posgrado y el Programa Universitario en la C\u00e1rcel (PUC) de la FFyH, \u00a0\u201cLa Educaci\u00f3n en la C\u00e1rcel: una mirada desde Brasil\u00bb\u00a0fue el t\u00edtulo de la conferencia-debate a \u00a0cargo de la\u00a0Doctoranda\u00a0Carolina Bessa Ferreira de Oliveira, de la [Leer m\u00e1s]","og_url":"https:\/\/ffyh.unc.edu.ar\/alfilo\/la-educacion-en-la-carcel-una-mirada-desde-brasil\/","og_site_name":"Alfilo","article_publisher":"https:\/\/www.facebook.com\/ffyh.unc\/","article_published_time":"2014-11-20T14:51:34+00:00","og_image":[{"url":"http:\/\/ffyh.unc.edu.ar\/alfilo2\/wp-content\/uploads\/sites\/11\/2014\/11\/carolina-bessa-1.jpg","type":"","width":"","height":""}],"author":"soporte","twitter_card":"summary_large_image","twitter_creator":"@ffyh_unc","twitter_site":"@ffyh_unc","twitter_misc":{"Escrito por":false,"Tiempo de lectura":"6 minutos"},"schema":{"@context":"https:\/\/schema.org","@graph":[{"@type":"Article","@id":"https:\/\/ffyh.unc.edu.ar\/alfilo\/la-educacion-en-la-carcel-una-mirada-desde-brasil\/#article","isPartOf":{"@id":"https:\/\/ffyh.unc.edu.ar\/alfilo\/la-educacion-en-la-carcel-una-mirada-desde-brasil\/"},"author":{"name":"soporte","@id":"https:\/\/ffyh.unc.edu.ar\/alfilo\/#\/schema\/person\/57a743469801e7e195e268bfe4c52190"},"headline":"La educaci\u00f3n en la c\u00e1rcel: una mirada desde Brasil","datePublished":"2014-11-20T14:51:34+00:00","mainEntityOfPage":{"@id":"https:\/\/ffyh.unc.edu.ar\/alfilo\/la-educacion-en-la-carcel-una-mirada-desde-brasil\/"},"wordCount":1221,"commentCount":1,"publisher":{"@id":"https:\/\/ffyh.unc.edu.ar\/alfilo\/#organization"},"image":{"@id":"https:\/\/ffyh.unc.edu.ar\/alfilo\/la-educacion-en-la-carcel-una-mirada-desde-brasil\/#primaryimage"},"thumbnailUrl":"http:\/\/ffyh.unc.edu.ar\/alfilo2\/wp-content\/uploads\/sites\/11\/2014\/11\/carolina-bessa-1.jpg","keywords":["Relaci\u00f3n con la comunidad"],"articleSection":["44"],"inLanguage":"es","potentialAction":[{"@type":"CommentAction","name":"Comment","target":["https:\/\/ffyh.unc.edu.ar\/alfilo\/la-educacion-en-la-carcel-una-mirada-desde-brasil\/#respond"]}]},{"@type":"WebPage","@id":"https:\/\/ffyh.unc.edu.ar\/alfilo\/la-educacion-en-la-carcel-una-mirada-desde-brasil\/","url":"https:\/\/ffyh.unc.edu.ar\/alfilo\/la-educacion-en-la-carcel-una-mirada-desde-brasil\/","name":"La educaci\u00f3n en la c\u00e1rcel: una mirada desde Brasil - Alfilo","isPartOf":{"@id":"https:\/\/ffyh.unc.edu.ar\/alfilo\/#website"},"primaryImageOfPage":{"@id":"https:\/\/ffyh.unc.edu.ar\/alfilo\/la-educacion-en-la-carcel-una-mirada-desde-brasil\/#primaryimage"},"image":{"@id":"https:\/\/ffyh.unc.edu.ar\/alfilo\/la-educacion-en-la-carcel-una-mirada-desde-brasil\/#primaryimage"},"thumbnailUrl":"http:\/\/ffyh.unc.edu.ar\/alfilo2\/wp-content\/uploads\/sites\/11\/2014\/11\/carolina-bessa-1.jpg","datePublished":"2014-11-20T14:51:34+00:00","breadcrumb":{"@id":"https:\/\/ffyh.unc.edu.ar\/alfilo\/la-educacion-en-la-carcel-una-mirada-desde-brasil\/#breadcrumb"},"inLanguage":"es","potentialAction":[{"@type":"ReadAction","target":["https:\/\/ffyh.unc.edu.ar\/alfilo\/la-educacion-en-la-carcel-una-mirada-desde-brasil\/"]}]},{"@type":"ImageObject","inLanguage":"es","@id":"https:\/\/ffyh.unc.edu.ar\/alfilo\/la-educacion-en-la-carcel-una-mirada-desde-brasil\/#primaryimage","url":"http:\/\/ffyh.unc.edu.ar\/alfilo2\/wp-content\/uploads\/sites\/11\/2014\/11\/carolina-bessa-1.jpg","contentUrl":"http:\/\/ffyh.unc.edu.ar\/alfilo2\/wp-content\/uploads\/sites\/11\/2014\/11\/carolina-bessa-1.jpg"},{"@type":"BreadcrumbList","@id":"https:\/\/ffyh.unc.edu.ar\/alfilo\/la-educacion-en-la-carcel-una-mirada-desde-brasil\/#breadcrumb","itemListElement":[{"@type":"ListItem","position":1,"name":"Portada","item":"https:\/\/ffyh.unc.edu.ar\/alfilo\/"},{"@type":"ListItem","position":2,"name":"La educaci\u00f3n en la c\u00e1rcel: una mirada desde Brasil"}]},{"@type":"WebSite","@id":"https:\/\/ffyh.unc.edu.ar\/alfilo\/#website","url":"https:\/\/ffyh.unc.edu.ar\/alfilo\/","name":"Alfilo","description":"Revista digital de la Facultad de Filosof\u00eda y Humanidades - Universidad Nacional de C\u00f3rdoba","publisher":{"@id":"https:\/\/ffyh.unc.edu.ar\/alfilo\/#organization"},"potentialAction":[{"@type":"SearchAction","target":{"@type":"EntryPoint","urlTemplate":"https:\/\/ffyh.unc.edu.ar\/alfilo\/?s={search_term_string}"},"query-input":{"@type":"PropertyValueSpecification","valueRequired":true,"valueName":"search_term_string"}}],"inLanguage":"es"},{"@type":"Organization","@id":"https:\/\/ffyh.unc.edu.ar\/alfilo\/#organization","name":"Alfilo | Revista digital de la Facultad de Filosof\u00eda y Humanidades | UNC","url":"https:\/\/ffyh.unc.edu.ar\/alfilo\/","logo":{"@type":"ImageObject","inLanguage":"es","@id":"https:\/\/ffyh.unc.edu.ar\/alfilo\/#\/schema\/logo\/image\/","url":"https:\/\/ffyh.unc.edu.ar\/alfilo\/wp-content\/uploads\/sites\/11\/2015\/04\/banner-alfilo-2015-ico.jpg","contentUrl":"https:\/\/ffyh.unc.edu.ar\/alfilo\/wp-content\/uploads\/sites\/11\/2015\/04\/banner-alfilo-2015-ico.jpg","width":253,"height":128,"caption":"Alfilo | Revista digital de la Facultad de Filosof\u00eda y Humanidades | UNC"},"image":{"@id":"https:\/\/ffyh.unc.edu.ar\/alfilo\/#\/schema\/logo\/image\/"},"sameAs":["https:\/\/www.facebook.com\/ffyh.unc\/","https:\/\/x.com\/ffyh_unc","https:\/\/www.instagram.com\/ffyhunc\/","https:\/\/www.youtube.com\/user\/comunicacionfilo"]},{"@type":"Person","@id":"https:\/\/ffyh.unc.edu.ar\/alfilo\/#\/schema\/person\/57a743469801e7e195e268bfe4c52190","name":"soporte","image":{"@type":"ImageObject","inLanguage":"es","@id":"https:\/\/ffyh.unc.edu.ar\/alfilo\/#\/schema\/person\/image\/","url":"https:\/\/secure.gravatar.com\/avatar\/ccd40043e5faec50f5bfc8fd1ba508e2228f018210ddcbcf662ed4624d9038c2?s=96&d=mm&r=g","contentUrl":"https:\/\/secure.gravatar.com\/avatar\/ccd40043e5faec50f5bfc8fd1ba508e2228f018210ddcbcf662ed4624d9038c2?s=96&d=mm&r=g","caption":"soporte"},"url":"https:\/\/ffyh.unc.edu.ar\/alfilo\/author\/admin\/"}]}},"jetpack_featured_media_url":"","jetpack_sharing_enabled":true,"_links":{"self":[{"href":"https:\/\/ffyh.unc.edu.ar\/alfilo\/wp-json\/wp\/v2\/posts\/1500","targetHints":{"allow":["GET"]}}],"collection":[{"href":"https:\/\/ffyh.unc.edu.ar\/alfilo\/wp-json\/wp\/v2\/posts"}],"about":[{"href":"https:\/\/ffyh.unc.edu.ar\/alfilo\/wp-json\/wp\/v2\/types\/post"}],"author":[{"embeddable":true,"href":"https:\/\/ffyh.unc.edu.ar\/alfilo\/wp-json\/wp\/v2\/users\/1"}],"replies":[{"embeddable":true,"href":"https:\/\/ffyh.unc.edu.ar\/alfilo\/wp-json\/wp\/v2\/comments?post=1500"}],"version-history":[{"count":0,"href":"https:\/\/ffyh.unc.edu.ar\/alfilo\/wp-json\/wp\/v2\/posts\/1500\/revisions"}],"wp:attachment":[{"href":"https:\/\/ffyh.unc.edu.ar\/alfilo\/wp-json\/wp\/v2\/media?parent=1500"}],"wp:term":[{"taxonomy":"category","embeddable":true,"href":"https:\/\/ffyh.unc.edu.ar\/alfilo\/wp-json\/wp\/v2\/categories?post=1500"},{"taxonomy":"post_tag","embeddable":true,"href":"https:\/\/ffyh.unc.edu.ar\/alfilo\/wp-json\/wp\/v2\/tags?post=1500"}],"curies":[{"name":"wp","href":"https:\/\/api.w.org\/{rel}","templated":true}]}}