{"id":1678,"date":"2015-03-16T20:00:55","date_gmt":"2015-03-16T20:00:55","guid":{"rendered":"http:\/\/www.ffyh.unc.edu.ar\/alfilo\/?p=1678"},"modified":"2015-03-16T20:00:55","modified_gmt":"2015-03-16T20:00:55","slug":"un-proyecto-cultural-emancipador","status":"publish","type":"post","link":"https:\/\/ffyh.unc.edu.ar\/alfilo\/un-proyecto-cultural-emancipador\/","title":{"rendered":"\u201cUn proyecto cultural emancipador\u201d"},"content":{"rendered":"<p><strong><a href=\"http:\/\/ffyh.unc.edu.ar\/alfilo2\/wp-content\/uploads\/sites\/11\/2015\/03\/tete-romero.jpg\"><img loading=\"lazy\" decoding=\"async\" class=\"alignright wp-image-1679\" src=\"http:\/\/ffyh.unc.edu.ar\/alfilo2\/wp-content\/uploads\/sites\/11\/2015\/03\/tete-romero.jpg\" alt=\"tete-romero\" width=\"450\" height=\"600\" srcset=\"https:\/\/ffyh.unc.edu.ar\/alfilo\/wp-content\/uploads\/sites\/11\/2015\/03\/tete-romero.jpg 720w, https:\/\/ffyh.unc.edu.ar\/alfilo\/wp-content\/uploads\/sites\/11\/2015\/03\/tete-romero-225x300.jpg 225w\" sizes=\"auto, (max-width: 450px) 100vw, 450px\" \/><\/a>Este martes 17 de marzo, a partir de las 10hs, en el Pabell\u00f3n Argentina de Ciudad Universitaria, se llevar\u00e1 acabo el <a href=\"http:\/\/www.ffyh.unc.edu.ar\/content\/congreso-nacional-hacia-una-ley-federal-de-las-culturas-aportes-desde-la-universidad-p%C3%BAblica\" target=\"_blank\">Congreso Nacional \u201cHacia una Ley Federal de las Culturas: Aportes desde una universidad P\u00fablica\u201d<\/a>. Francisco \u00abTet\u00e9\u00bb Romero, Director de Asuntos Acad\u00e9micos y Pol\u00edticas Regionales de la Secretar\u00eda de Coordinaci\u00f3n Estrat\u00e9gica de la Naci\u00f3n, participar\u00e1 de este evento, siendo uno de los impulsores de esta Ley a nivel nacional. En esta entrevista adelanta por qu\u00e9 es necesaria esta ley federal que se trace como meta alcanzar una verdadera soberan\u00eda cultural.<\/strong><\/p>\n<p><!--more--><\/p>\n<p>Organizado por la Universidad Nacional de C\u00f3rdoba, el Frente de Artistas y Trabajadores de las Culturas y el Ministerio de Cultura de la Naci\u00f3n, el evento se propone debatir la necesidad de generar una ley que abarque la cultura como un derecho fundamental. Francisco \u00abTet\u00e9\u00bb Romero, un hombre que le ha dedicado su vida a la militancia cultural, ser\u00e1 una de las voces de este Congreso. Para Romero la necesidad de forjar esta Ley esta directamente relacionada con \u00a0\u201csentar las bases de un proyecto cultural emancipador de Naci\u00f3n\u201d. En este sentido, se\u00f1ala cuatro puntos:<strong> La diversidad cultural<\/strong>, <strong>ling\u00fc\u00edstica, \u00e9tnica, de g\u00e9nero y de tradiciones; La cultura como un derecho; un Plan Estrat\u00e9gico de Desarrollo de las Culturas; <\/strong>y alcanzar la<strong> Soberan\u00eda Cultural.<\/strong><\/p>\n<p><strong>Pluralidad de Culturas<\/strong><\/p>\n<p>Sobre el primer punto, \u00abTete\u00bb Romero subraya que \u201clas culturas conforman nuestros modos de vivir cotidiano, de percibirnos a nosotros mismos y al mundo, de indagar y replantear las relaciones humanas, tanto sociales como econ\u00f3micas y pol\u00edticas en la b\u00fasqueda de la construcci\u00f3n de identidades\u201d. Bajo esta concepci\u00f3n, explica que se debe pensar a \u201clas culturas en el marco del pleno reconocimiento y respeto de nuestras diversidades culturales, ling\u00fc\u00edsticas y de g\u00e9nero concebidas como factores de enriquecimiento de nuestras vidas personales y sociales\u201d.<\/p>\n<p>Dentro de esa diversidad, se\u00f1ala que \u201cla identidad nacional no supone una tradici\u00f3n \u00fanica, sino la coexistencia de una trama de tradiciones, no pocas veces en conflicto y tensi\u00f3n\u201d. Se trata entonces \u201cde una pluralidad de culturas, din\u00e1micas, en interacci\u00f3n. De una diversidad cultural, \u00e9tnica y ling\u00fc\u00edstica; de una interculturalidad pensada y sentida como fuente de riqueza, como aporte insoslayable para la creaci\u00f3n de un proyecto com\u00fan fundado desde su diversidad vital; entendida, sobre todo, como una nueva praxis social y pol\u00edtica emancipatoria. Praxis que debe buscar una nueva matriz de sentido en la concepci\u00f3n del Buen Vivir, que define a la naturaleza y sus recursos naturales como patrimonio nacional y busca el equilibrio arm\u00f3nico entre las necesidades de desarrollo local y la preservaci\u00f3n y resguardo de la naturaleza y sus recursos\u201d.<\/p>\n<p><strong>Un derecho de todos<\/strong><\/p>\n<p>El segundo punto que marca Romero tiene que ver con <strong>\u201cconsagrar los derechos culturales a los 40 millones de habitantes de la Argentina\u201d<\/strong>. Esto implica establecer que el Estado sea el garante indelegable de su cumplimiento. En este marco Romero explica que esta ley debe garantizar el \u201cDerecho a la identidad individual y cultural, a la soberan\u00eda cultural, a la elecci\u00f3n de g\u00e9nero, a la informaci\u00f3n, al conocimiento, a saber sobre la historia local, nacional, latinoamericana y universal, desde la diversidad de fuentes y teor\u00edas, a los conocimientos cient\u00edficos, al acceso de la comunicaci\u00f3n digital; al pensamiento cr\u00edtico, a las creaciones art\u00edsticas y culturales locales y nacionales, latinoamericana y universales. A crear y disfrutar de esas creaciones, entre otras\u201d.<\/p>\n<p>Como tercer item se\u00f1ala \u201cla necesidad de coordinar y articular todas las instituciones culturales y art\u00edsticas existentes en un Ministerio de Cultura donde, a partir de la ley, se pueda\u00a0 elaborar en forma colectiva un <strong>Plan Estrat\u00e9gico de Desarrollo de las Culturas\u201d. <\/strong>Se tratar\u00eda de un plan a diez a\u00f1os \u2013Argentina 2015-2025\u2013, con metas a corto, mediano y largo plazo, donde se contemplen las pol\u00edticas p\u00fablicas federales para el cumplimiento de los derechos culturales de todo el pa\u00eds<\/p>\n<p>Y el \u00faltimo punto est\u00e1 relacionado con la meta de alcanzar la <strong>Soberan\u00eda Cultural<\/strong>. Aqu\u00ed Romero explica que \u201cno es posible la Soberan\u00eda Pol\u00edtica y Econ\u00f3mica sin su correlato cultural. Se trata entonces tanto de la redistribuci\u00f3n material y simb\u00f3lica de la riqueza en t\u00e9rminos de federalismo y diversidad, como de privilegiar el desarrollo de las culturas que expresan y definen din\u00e1micamente nuestras identidades nacional y latinoamericana, en el marco de un contexto internacional de globalizaci\u00f3n y pol\u00edticas neoliberales hegem\u00f3nicas que amenazan seriamente las identidades nacionales, sus pol\u00edticas soberanas y el desarrollo de sus culturas\u201d.<\/p>\n<p>\u2013 <strong>\u00bfCual ser\u00eda la funci\u00f3n de los Estados \u2013provinciales y a su vez nacional \u2013 dentro de este nuevo marco legal?<\/strong><\/p>\n<p>\u2013 Aspiramos a que cree un nuevo mapa cultural, en el que se redistribuya en forma justa los recursos y que genere varios, muchos polos de desarrollo cultural en todo el pa\u00eds, con fuerte participaci\u00f3n de los j\u00f3venes, en las dos dimensiones reci\u00e9n mencionadas.<\/p>\n<p><strong>\u2013\u00a0<\/strong><strong>En una de tus intervenciones expresaste que el proyecto esta ley debe \u201cproponer la descolonizaci\u00f3n pedag\u00f3gica, del lenguaje, del mismo concepto de cultura, e incluso del sujeto social hegem\u00f3nico\u201d.\u00a0\u00bfQu\u00e9 significar\u00eda lograr estos cambios?<\/strong><\/p>\n<p>\u2013 La batalla cultural por la descolonizaci\u00f3n cultural empieza por una definici\u00f3n de cultura que vaya m\u00e1s all\u00e1 de las bellas artes, que la defina en plural como culturas, que visibilice porque podemos mirar y escuchar a esas distintas Argentinas que existen en un pa\u00eds que ya no debe ser pensado en t\u00e9rminos de Naci\u00f3n ubicada en un solo lugar, en Buenos Aires, y un gran espacio indeterminado mal llamado interior. Porque si miramos, escuchamos y leemos de modo casi excluyente producciones culturales que no se refieren a dicha diversidad, que las m\u00e1s de las veces la condenan t\u00e1cita o expl\u00edcitamente, antes de procurar conocerlas, o la etiquetan, seremos analfabetos culturales de nuestras realidades tan diversas, ricas y complejas.<\/p>\n<p>Tienen raz\u00f3n <strong>Horacio Gonz\u00e1lez<\/strong>, <strong>Mempo Giardinelli<\/strong> y <strong>Ricardo Forster<\/strong> cuando dicen que en el lenguaje se agazapa la ideolog\u00eda del opresor. Y ya lo dec\u00eda Malcom X: \u201csi no estamos prevenidos ante los medios de comunicaci\u00f3n, te har\u00e1n amar al opresor y odiar al oprimido\u201d. Porque esos medios son hoy \u2013lo vienen siendo hace tiempo- gigantescas usinas de corrosi\u00f3n de sentido, de producci\u00f3n de sentido com\u00fan reaccionario, antinacional, antipopular, y anti diversidad, verdaderos huevos de serpiente de la discriminaci\u00f3n, el racismo y la xenofobia. Por eso hablamos de crear las bases de un proyecto cultural emancipador de Naci\u00f3n.<\/p>\n<p>&nbsp;<\/p>\n<table>\n<tbody>\n<tr>\n<td width=\"599\">\u00a0<strong>Francisco \u00abTete\u00bb Romero<\/strong>: Naci\u00f3 en el Chaco 1963. Escritor, docente e investigador. Autor de varios libros entre los que se destacan, la \u201cMena\u201d, editado por Editorial Ateneo (2005); Culturicidio (2005) y Eclipse de Mujer (2006), \u00c9pica de lo Imposible en el 2010 (ensayo). Desde el 2001, ha impartido cursos sobre Literatura Argentina Contempor\u00e1nea en el Centro de Altos Estudios Literarios y Sociales, de la Fundaci\u00f3n Mempo Giardinelli, donde a su vez es Director del \u201cInstituto de Investigaci\u00f3n Juan Filloy\u201d. Adem\u00e1s ha dictado el curso de \u201cArgumentaci\u00f3n y Oratoria en la pr\u00e1ctica ciudadana\u201d en la UNNE.\u00a0Fue Presidente del Instituto de Cultura del Chaco, del Consejo Federal de Cultura del Chaco. Tambi\u00e9n fue designado como Ministro de Educaci\u00f3n, Cultura, Ciencia y Tecnolog\u00eda, de la provincia del Chaco,\u00a0y actualmente es el\u00a0Director de Asuntos Acad\u00e9micos y Pol\u00edticas Regionales de la Secretar\u00eda de Coordinaci\u00f3n Estrat\u00e9gica para el Pensamiento Nacional dependiente del Ministerio de Cultura de la Naci\u00f3n.<\/td>\n<\/tr>\n<\/tbody>\n<\/table>\n<p style=\"text-align: right\"><strong>Texto<\/strong>: Irina Mor\u00e1n. <strong>Foto de archivo<\/strong>: Tom\u00e1s Barcel\u00f3 Cuesta.<\/p>\n<blockquote><p><strong>FORO POR UNA NUEVA INDEPENDENCIA<\/strong><\/p>\n<p>El\u00a0 <strong>jueves 26 y\u00a0 viernes 27 de marzo<\/strong>, en el Auditorio Hugo Ch\u00e1vez del Pabell\u00f3n Venezuela de Ciudad Universitaria, se llevar\u00e1 a cabo el <strong>Foro<\/strong> <strong>por una Nueva Independencia.<\/strong> Ser\u00e1n dos jornadas de mesas tem\u00e1ticas y comisiones de trabajo para abordar temas relacionados con el pensamiento nacional, la filosof\u00eda, la pol\u00edtica, la educaci\u00f3n, la comunicaci\u00f3n, las nuevas tecnolog\u00edas, la diversidad cultural y los Derechos Humanos.<\/p>\n<p>Entre los disertantes confirmados, el Foro contar\u00e1 con la participaci\u00f3n de<strong> Ricardo Forster<\/strong>, <strong>Francisco Tete Romero, Francisco Tamarit, Diego Tati\u00e1n, Alberto Sileoni<\/strong><strong>, Mart\u00edn Fresneda, <\/strong><strong>\u00a0Mat\u00edas Bruera, Leandro Santoro, Dante Palma,\u00a0 Armando Chiappe, \u00a0Flavia Costa, Jos\u00e9\u00a0\u00a0 Fern\u00e1ndez\u00a0 Vega, Dar\u00edo Sztajnszrajber, Graciela Bialet, Fernando Peirone, Camila Sosa Villada, Sergio Olgu\u00edn, Pedro Mouratian, <\/strong><strong>Alberto Calabrese, <\/strong>entre otros.<\/p>\n<p>El evento organizado de manera conjunta por la <strong>Secretar\u00eda de Coordinaci\u00f3n Estrat\u00e9gica para el Pensamiento\u00a0Nacional<\/strong> <strong>del Ministerio de Cultura de la Naci\u00f3n<\/strong>, junto a la <strong>Facultad de Filosof\u00eda y Humanidades<\/strong> de la UNC.<\/p><\/blockquote>\n","protected":false},"excerpt":{"rendered":"<div class=\"mh-excerpt\"><p>Este martes 17 de marzo, a partir de las 10hs, en el Pabell\u00f3n Argentina de Ciudad Universitaria, se llevar\u00e1 acabo el Congreso Nacional \u201cHacia una Ley Federal de las Culturas: Aportes desde una universidad P\u00fablica\u201d. Francisco \u00abTet\u00e9\u00bb Romero, Director de <a class=\"mh-excerpt-more\" href=\"https:\/\/ffyh.unc.edu.ar\/alfilo\/un-proyecto-cultural-emancipador\/\" title=\"\u201cUn proyecto cultural emancipador\u201d\">[Leer m\u00e1s]<\/a><\/p>\n<\/div>","protected":false},"author":1,"featured_media":1736,"comment_status":"open","ping_status":"open","sticky":false,"template":"","format":"standard","meta":{"_acf_changed":false,"_monsterinsights_skip_tracking":false,"_monsterinsights_sitenote_active":false,"_monsterinsights_sitenote_note":"","_monsterinsights_sitenote_category":0,"_jetpack_memberships_contains_paid_content":false,"footnotes":""},"categories":[13],"tags":[56],"class_list":["post-1678","post","type-post","status-publish","format-standard","has-post-thumbnail","hentry","category-13","tag-cultura"],"acf":[],"yoast_head":"<!-- This site is optimized with the Yoast SEO plugin v27.1.1 - https:\/\/yoast.com\/product\/yoast-seo-wordpress\/ -->\n<title>\u201cUn proyecto cultural emancipador\u201d - Alfilo<\/title>\n<meta name=\"robots\" content=\"index, follow, max-snippet:-1, max-image-preview:large, max-video-preview:-1\" \/>\n<link rel=\"canonical\" href=\"https:\/\/ffyh.unc.edu.ar\/alfilo\/un-proyecto-cultural-emancipador\/\" \/>\n<meta property=\"og:locale\" content=\"es_ES\" \/>\n<meta property=\"og:type\" content=\"article\" \/>\n<meta property=\"og:title\" content=\"\u201cUn proyecto cultural emancipador\u201d - Alfilo\" \/>\n<meta property=\"og:description\" content=\"Este martes 17 de marzo, a partir de las 10hs, en el Pabell\u00f3n Argentina de Ciudad Universitaria, se llevar\u00e1 acabo el Congreso Nacional \u201cHacia una Ley Federal de las Culturas: Aportes desde una universidad P\u00fablica\u201d. Francisco \u00abTet\u00e9\u00bb Romero, Director de [Leer m\u00e1s]\" \/>\n<meta property=\"og:url\" content=\"https:\/\/ffyh.unc.edu.ar\/alfilo\/un-proyecto-cultural-emancipador\/\" \/>\n<meta property=\"og:site_name\" content=\"Alfilo\" \/>\n<meta property=\"article:publisher\" content=\"https:\/\/www.facebook.com\/ffyh.unc\/\" \/>\n<meta property=\"article:published_time\" content=\"2015-03-16T20:00:55+00:00\" \/>\n<meta property=\"og:image\" content=\"https:\/\/ffyh.unc.edu.ar\/alfilo\/wp-content\/uploads\/sites\/11\/2015\/03\/tete-romero1.jpg\" \/>\n\t<meta property=\"og:image:width\" content=\"1000\" \/>\n\t<meta property=\"og:image:height\" content=\"1333\" \/>\n\t<meta property=\"og:image:type\" content=\"image\/jpeg\" \/>\n<meta name=\"author\" content=\"soporte\" \/>\n<meta name=\"twitter:card\" content=\"summary_large_image\" \/>\n<meta name=\"twitter:creator\" content=\"@ffyh_unc\" \/>\n<meta name=\"twitter:site\" content=\"@ffyh_unc\" \/>\n<meta name=\"twitter:label1\" content=\"Escrito por\" \/>\n\t<meta name=\"twitter:data1\" content=\"\" \/>\n\t<meta name=\"twitter:label2\" content=\"Tiempo de lectura\" \/>\n\t<meta name=\"twitter:data2\" content=\"7 minutos\" \/>\n<script type=\"application\/ld+json\" class=\"yoast-schema-graph\">{\"@context\":\"https:\/\/schema.org\",\"@graph\":[{\"@type\":\"Article\",\"@id\":\"https:\/\/ffyh.unc.edu.ar\/alfilo\/un-proyecto-cultural-emancipador\/#article\",\"isPartOf\":{\"@id\":\"https:\/\/ffyh.unc.edu.ar\/alfilo\/un-proyecto-cultural-emancipador\/\"},\"author\":{\"name\":\"soporte\",\"@id\":\"https:\/\/ffyh.unc.edu.ar\/alfilo\/#\/schema\/person\/57a743469801e7e195e268bfe4c52190\"},\"headline\":\"\u201cUn proyecto cultural emancipador\u201d\",\"datePublished\":\"2015-03-16T20:00:55+00:00\",\"mainEntityOfPage\":{\"@id\":\"https:\/\/ffyh.unc.edu.ar\/alfilo\/un-proyecto-cultural-emancipador\/\"},\"wordCount\":1488,\"commentCount\":0,\"publisher\":{\"@id\":\"https:\/\/ffyh.unc.edu.ar\/alfilo\/#organization\"},\"image\":{\"@id\":\"https:\/\/ffyh.unc.edu.ar\/alfilo\/un-proyecto-cultural-emancipador\/#primaryimage\"},\"thumbnailUrl\":\"https:\/\/ffyh.unc.edu.ar\/alfilo\/wp-content\/uploads\/sites\/11\/2015\/03\/tete-romero1.jpg\",\"keywords\":[\"Cultura\"],\"articleSection\":[\"45\"],\"inLanguage\":\"es\",\"potentialAction\":[{\"@type\":\"CommentAction\",\"name\":\"Comment\",\"target\":[\"https:\/\/ffyh.unc.edu.ar\/alfilo\/un-proyecto-cultural-emancipador\/#respond\"]}]},{\"@type\":\"WebPage\",\"@id\":\"https:\/\/ffyh.unc.edu.ar\/alfilo\/un-proyecto-cultural-emancipador\/\",\"url\":\"https:\/\/ffyh.unc.edu.ar\/alfilo\/un-proyecto-cultural-emancipador\/\",\"name\":\"\u201cUn proyecto cultural emancipador\u201d - Alfilo\",\"isPartOf\":{\"@id\":\"https:\/\/ffyh.unc.edu.ar\/alfilo\/#website\"},\"primaryImageOfPage\":{\"@id\":\"https:\/\/ffyh.unc.edu.ar\/alfilo\/un-proyecto-cultural-emancipador\/#primaryimage\"},\"image\":{\"@id\":\"https:\/\/ffyh.unc.edu.ar\/alfilo\/un-proyecto-cultural-emancipador\/#primaryimage\"},\"thumbnailUrl\":\"https:\/\/ffyh.unc.edu.ar\/alfilo\/wp-content\/uploads\/sites\/11\/2015\/03\/tete-romero1.jpg\",\"datePublished\":\"2015-03-16T20:00:55+00:00\",\"breadcrumb\":{\"@id\":\"https:\/\/ffyh.unc.edu.ar\/alfilo\/un-proyecto-cultural-emancipador\/#breadcrumb\"},\"inLanguage\":\"es\",\"potentialAction\":[{\"@type\":\"ReadAction\",\"target\":[\"https:\/\/ffyh.unc.edu.ar\/alfilo\/un-proyecto-cultural-emancipador\/\"]}]},{\"@type\":\"ImageObject\",\"inLanguage\":\"es\",\"@id\":\"https:\/\/ffyh.unc.edu.ar\/alfilo\/un-proyecto-cultural-emancipador\/#primaryimage\",\"url\":\"https:\/\/ffyh.unc.edu.ar\/alfilo\/wp-content\/uploads\/sites\/11\/2015\/03\/tete-romero1.jpg\",\"contentUrl\":\"https:\/\/ffyh.unc.edu.ar\/alfilo\/wp-content\/uploads\/sites\/11\/2015\/03\/tete-romero1.jpg\",\"width\":1000,\"height\":1333},{\"@type\":\"BreadcrumbList\",\"@id\":\"https:\/\/ffyh.unc.edu.ar\/alfilo\/un-proyecto-cultural-emancipador\/#breadcrumb\",\"itemListElement\":[{\"@type\":\"ListItem\",\"position\":1,\"name\":\"Portada\",\"item\":\"https:\/\/ffyh.unc.edu.ar\/alfilo\/\"},{\"@type\":\"ListItem\",\"position\":2,\"name\":\"\u201cUn proyecto cultural emancipador\u201d\"}]},{\"@type\":\"WebSite\",\"@id\":\"https:\/\/ffyh.unc.edu.ar\/alfilo\/#website\",\"url\":\"https:\/\/ffyh.unc.edu.ar\/alfilo\/\",\"name\":\"Alfilo\",\"description\":\"Revista digital de la Facultad de Filosof\u00eda y Humanidades - Universidad Nacional de C\u00f3rdoba\",\"publisher\":{\"@id\":\"https:\/\/ffyh.unc.edu.ar\/alfilo\/#organization\"},\"potentialAction\":[{\"@type\":\"SearchAction\",\"target\":{\"@type\":\"EntryPoint\",\"urlTemplate\":\"https:\/\/ffyh.unc.edu.ar\/alfilo\/?s={search_term_string}\"},\"query-input\":{\"@type\":\"PropertyValueSpecification\",\"valueRequired\":true,\"valueName\":\"search_term_string\"}}],\"inLanguage\":\"es\"},{\"@type\":\"Organization\",\"@id\":\"https:\/\/ffyh.unc.edu.ar\/alfilo\/#organization\",\"name\":\"Alfilo | Revista digital de la Facultad de Filosof\u00eda y Humanidades | UNC\",\"url\":\"https:\/\/ffyh.unc.edu.ar\/alfilo\/\",\"logo\":{\"@type\":\"ImageObject\",\"inLanguage\":\"es\",\"@id\":\"https:\/\/ffyh.unc.edu.ar\/alfilo\/#\/schema\/logo\/image\/\",\"url\":\"https:\/\/ffyh.unc.edu.ar\/alfilo\/wp-content\/uploads\/sites\/11\/2015\/04\/banner-alfilo-2015-ico.jpg\",\"contentUrl\":\"https:\/\/ffyh.unc.edu.ar\/alfilo\/wp-content\/uploads\/sites\/11\/2015\/04\/banner-alfilo-2015-ico.jpg\",\"width\":253,\"height\":128,\"caption\":\"Alfilo | Revista digital de la Facultad de Filosof\u00eda y Humanidades | UNC\"},\"image\":{\"@id\":\"https:\/\/ffyh.unc.edu.ar\/alfilo\/#\/schema\/logo\/image\/\"},\"sameAs\":[\"https:\/\/www.facebook.com\/ffyh.unc\/\",\"https:\/\/x.com\/ffyh_unc\",\"https:\/\/www.instagram.com\/ffyhunc\/\",\"https:\/\/www.youtube.com\/user\/comunicacionfilo\"]},{\"@type\":\"Person\",\"@id\":\"https:\/\/ffyh.unc.edu.ar\/alfilo\/#\/schema\/person\/57a743469801e7e195e268bfe4c52190\",\"name\":\"soporte\",\"image\":{\"@type\":\"ImageObject\",\"inLanguage\":\"es\",\"@id\":\"https:\/\/ffyh.unc.edu.ar\/alfilo\/#\/schema\/person\/image\/\",\"url\":\"https:\/\/secure.gravatar.com\/avatar\/ccd40043e5faec50f5bfc8fd1ba508e2228f018210ddcbcf662ed4624d9038c2?s=96&d=mm&r=g\",\"contentUrl\":\"https:\/\/secure.gravatar.com\/avatar\/ccd40043e5faec50f5bfc8fd1ba508e2228f018210ddcbcf662ed4624d9038c2?s=96&d=mm&r=g\",\"caption\":\"soporte\"},\"url\":\"https:\/\/ffyh.unc.edu.ar\/alfilo\/author\/admin\/\"}]}<\/script>\n<!-- \/ Yoast SEO plugin. -->","yoast_head_json":{"title":"\u201cUn proyecto cultural emancipador\u201d - Alfilo","robots":{"index":"index","follow":"follow","max-snippet":"max-snippet:-1","max-image-preview":"max-image-preview:large","max-video-preview":"max-video-preview:-1"},"canonical":"https:\/\/ffyh.unc.edu.ar\/alfilo\/un-proyecto-cultural-emancipador\/","og_locale":"es_ES","og_type":"article","og_title":"\u201cUn proyecto cultural emancipador\u201d - Alfilo","og_description":"Este martes 17 de marzo, a partir de las 10hs, en el Pabell\u00f3n Argentina de Ciudad Universitaria, se llevar\u00e1 acabo el Congreso Nacional \u201cHacia una Ley Federal de las Culturas: Aportes desde una universidad P\u00fablica\u201d. Francisco \u00abTet\u00e9\u00bb Romero, Director de [Leer m\u00e1s]","og_url":"https:\/\/ffyh.unc.edu.ar\/alfilo\/un-proyecto-cultural-emancipador\/","og_site_name":"Alfilo","article_publisher":"https:\/\/www.facebook.com\/ffyh.unc\/","article_published_time":"2015-03-16T20:00:55+00:00","og_image":[{"width":1000,"height":1333,"url":"https:\/\/ffyh.unc.edu.ar\/alfilo\/wp-content\/uploads\/sites\/11\/2015\/03\/tete-romero1.jpg","type":"image\/jpeg"}],"author":"soporte","twitter_card":"summary_large_image","twitter_creator":"@ffyh_unc","twitter_site":"@ffyh_unc","twitter_misc":{"Escrito por":false,"Tiempo de lectura":"7 minutos"},"schema":{"@context":"https:\/\/schema.org","@graph":[{"@type":"Article","@id":"https:\/\/ffyh.unc.edu.ar\/alfilo\/un-proyecto-cultural-emancipador\/#article","isPartOf":{"@id":"https:\/\/ffyh.unc.edu.ar\/alfilo\/un-proyecto-cultural-emancipador\/"},"author":{"name":"soporte","@id":"https:\/\/ffyh.unc.edu.ar\/alfilo\/#\/schema\/person\/57a743469801e7e195e268bfe4c52190"},"headline":"\u201cUn proyecto cultural emancipador\u201d","datePublished":"2015-03-16T20:00:55+00:00","mainEntityOfPage":{"@id":"https:\/\/ffyh.unc.edu.ar\/alfilo\/un-proyecto-cultural-emancipador\/"},"wordCount":1488,"commentCount":0,"publisher":{"@id":"https:\/\/ffyh.unc.edu.ar\/alfilo\/#organization"},"image":{"@id":"https:\/\/ffyh.unc.edu.ar\/alfilo\/un-proyecto-cultural-emancipador\/#primaryimage"},"thumbnailUrl":"https:\/\/ffyh.unc.edu.ar\/alfilo\/wp-content\/uploads\/sites\/11\/2015\/03\/tete-romero1.jpg","keywords":["Cultura"],"articleSection":["45"],"inLanguage":"es","potentialAction":[{"@type":"CommentAction","name":"Comment","target":["https:\/\/ffyh.unc.edu.ar\/alfilo\/un-proyecto-cultural-emancipador\/#respond"]}]},{"@type":"WebPage","@id":"https:\/\/ffyh.unc.edu.ar\/alfilo\/un-proyecto-cultural-emancipador\/","url":"https:\/\/ffyh.unc.edu.ar\/alfilo\/un-proyecto-cultural-emancipador\/","name":"\u201cUn proyecto cultural emancipador\u201d - Alfilo","isPartOf":{"@id":"https:\/\/ffyh.unc.edu.ar\/alfilo\/#website"},"primaryImageOfPage":{"@id":"https:\/\/ffyh.unc.edu.ar\/alfilo\/un-proyecto-cultural-emancipador\/#primaryimage"},"image":{"@id":"https:\/\/ffyh.unc.edu.ar\/alfilo\/un-proyecto-cultural-emancipador\/#primaryimage"},"thumbnailUrl":"https:\/\/ffyh.unc.edu.ar\/alfilo\/wp-content\/uploads\/sites\/11\/2015\/03\/tete-romero1.jpg","datePublished":"2015-03-16T20:00:55+00:00","breadcrumb":{"@id":"https:\/\/ffyh.unc.edu.ar\/alfilo\/un-proyecto-cultural-emancipador\/#breadcrumb"},"inLanguage":"es","potentialAction":[{"@type":"ReadAction","target":["https:\/\/ffyh.unc.edu.ar\/alfilo\/un-proyecto-cultural-emancipador\/"]}]},{"@type":"ImageObject","inLanguage":"es","@id":"https:\/\/ffyh.unc.edu.ar\/alfilo\/un-proyecto-cultural-emancipador\/#primaryimage","url":"https:\/\/ffyh.unc.edu.ar\/alfilo\/wp-content\/uploads\/sites\/11\/2015\/03\/tete-romero1.jpg","contentUrl":"https:\/\/ffyh.unc.edu.ar\/alfilo\/wp-content\/uploads\/sites\/11\/2015\/03\/tete-romero1.jpg","width":1000,"height":1333},{"@type":"BreadcrumbList","@id":"https:\/\/ffyh.unc.edu.ar\/alfilo\/un-proyecto-cultural-emancipador\/#breadcrumb","itemListElement":[{"@type":"ListItem","position":1,"name":"Portada","item":"https:\/\/ffyh.unc.edu.ar\/alfilo\/"},{"@type":"ListItem","position":2,"name":"\u201cUn proyecto cultural emancipador\u201d"}]},{"@type":"WebSite","@id":"https:\/\/ffyh.unc.edu.ar\/alfilo\/#website","url":"https:\/\/ffyh.unc.edu.ar\/alfilo\/","name":"Alfilo","description":"Revista digital de la Facultad de Filosof\u00eda y Humanidades - Universidad Nacional de C\u00f3rdoba","publisher":{"@id":"https:\/\/ffyh.unc.edu.ar\/alfilo\/#organization"},"potentialAction":[{"@type":"SearchAction","target":{"@type":"EntryPoint","urlTemplate":"https:\/\/ffyh.unc.edu.ar\/alfilo\/?s={search_term_string}"},"query-input":{"@type":"PropertyValueSpecification","valueRequired":true,"valueName":"search_term_string"}}],"inLanguage":"es"},{"@type":"Organization","@id":"https:\/\/ffyh.unc.edu.ar\/alfilo\/#organization","name":"Alfilo | Revista digital de la Facultad de Filosof\u00eda y Humanidades | UNC","url":"https:\/\/ffyh.unc.edu.ar\/alfilo\/","logo":{"@type":"ImageObject","inLanguage":"es","@id":"https:\/\/ffyh.unc.edu.ar\/alfilo\/#\/schema\/logo\/image\/","url":"https:\/\/ffyh.unc.edu.ar\/alfilo\/wp-content\/uploads\/sites\/11\/2015\/04\/banner-alfilo-2015-ico.jpg","contentUrl":"https:\/\/ffyh.unc.edu.ar\/alfilo\/wp-content\/uploads\/sites\/11\/2015\/04\/banner-alfilo-2015-ico.jpg","width":253,"height":128,"caption":"Alfilo | Revista digital de la Facultad de Filosof\u00eda y Humanidades | UNC"},"image":{"@id":"https:\/\/ffyh.unc.edu.ar\/alfilo\/#\/schema\/logo\/image\/"},"sameAs":["https:\/\/www.facebook.com\/ffyh.unc\/","https:\/\/x.com\/ffyh_unc","https:\/\/www.instagram.com\/ffyhunc\/","https:\/\/www.youtube.com\/user\/comunicacionfilo"]},{"@type":"Person","@id":"https:\/\/ffyh.unc.edu.ar\/alfilo\/#\/schema\/person\/57a743469801e7e195e268bfe4c52190","name":"soporte","image":{"@type":"ImageObject","inLanguage":"es","@id":"https:\/\/ffyh.unc.edu.ar\/alfilo\/#\/schema\/person\/image\/","url":"https:\/\/secure.gravatar.com\/avatar\/ccd40043e5faec50f5bfc8fd1ba508e2228f018210ddcbcf662ed4624d9038c2?s=96&d=mm&r=g","contentUrl":"https:\/\/secure.gravatar.com\/avatar\/ccd40043e5faec50f5bfc8fd1ba508e2228f018210ddcbcf662ed4624d9038c2?s=96&d=mm&r=g","caption":"soporte"},"url":"https:\/\/ffyh.unc.edu.ar\/alfilo\/author\/admin\/"}]}},"jetpack_featured_media_url":"https:\/\/ffyh.unc.edu.ar\/alfilo\/wp-content\/uploads\/sites\/11\/2015\/03\/tete-romero1.jpg","jetpack_sharing_enabled":true,"_links":{"self":[{"href":"https:\/\/ffyh.unc.edu.ar\/alfilo\/wp-json\/wp\/v2\/posts\/1678","targetHints":{"allow":["GET"]}}],"collection":[{"href":"https:\/\/ffyh.unc.edu.ar\/alfilo\/wp-json\/wp\/v2\/posts"}],"about":[{"href":"https:\/\/ffyh.unc.edu.ar\/alfilo\/wp-json\/wp\/v2\/types\/post"}],"author":[{"embeddable":true,"href":"https:\/\/ffyh.unc.edu.ar\/alfilo\/wp-json\/wp\/v2\/users\/1"}],"replies":[{"embeddable":true,"href":"https:\/\/ffyh.unc.edu.ar\/alfilo\/wp-json\/wp\/v2\/comments?post=1678"}],"version-history":[{"count":0,"href":"https:\/\/ffyh.unc.edu.ar\/alfilo\/wp-json\/wp\/v2\/posts\/1678\/revisions"}],"wp:featuredmedia":[{"embeddable":true,"href":"https:\/\/ffyh.unc.edu.ar\/alfilo\/wp-json\/wp\/v2\/media\/1736"}],"wp:attachment":[{"href":"https:\/\/ffyh.unc.edu.ar\/alfilo\/wp-json\/wp\/v2\/media?parent=1678"}],"wp:term":[{"taxonomy":"category","embeddable":true,"href":"https:\/\/ffyh.unc.edu.ar\/alfilo\/wp-json\/wp\/v2\/categories?post=1678"},{"taxonomy":"post_tag","embeddable":true,"href":"https:\/\/ffyh.unc.edu.ar\/alfilo\/wp-json\/wp\/v2\/tags?post=1678"}],"curies":[{"name":"wp","href":"https:\/\/api.w.org\/{rel}","templated":true}]}}