{"id":2201,"date":"2015-11-03T20:00:05","date_gmt":"2015-11-03T20:00:05","guid":{"rendered":"http:\/\/www.ffyh.unc.edu.ar\/alfilo\/?p=2201"},"modified":"2017-09-08T15:10:20","modified_gmt":"2017-09-08T15:10:20","slug":"impactos-y-desafios-frente-a-la-reglamentacion-de-la-ley-de-parto-humanizado","status":"publish","type":"post","link":"https:\/\/ffyh.unc.edu.ar\/alfilo\/impactos-y-desafios-frente-a-la-reglamentacion-de-la-ley-de-parto-humanizado\/","title":{"rendered":"Impactos y desaf\u00edos frente a la reglamentaci\u00f3n de la ley de Parto Humanizado"},"content":{"rendered":"<p><a href=\"http:\/\/ffyh.unc.edu.ar\/alfilo2\/wp-content\/uploads\/sites\/11\/2015\/10\/02-dar-a-luz-natalia-roca.jpg\"><img loading=\"lazy\" decoding=\"async\" class=\"alignright wp-image-2202\" src=\"http:\/\/ffyh.unc.edu.ar\/alfilo2\/wp-content\/uploads\/sites\/11\/2015\/10\/02-dar-a-luz-natalia-roca-300x200.jpg\" alt=\"www.nataliaroca.com\" width=\"400\" height=\"267\" srcset=\"https:\/\/ffyh.unc.edu.ar\/alfilo\/wp-content\/uploads\/sites\/11\/2015\/10\/02-dar-a-luz-natalia-roca-300x200.jpg 300w, https:\/\/ffyh.unc.edu.ar\/alfilo\/wp-content\/uploads\/sites\/11\/2015\/10\/02-dar-a-luz-natalia-roca-768x513.jpg 768w, https:\/\/ffyh.unc.edu.ar\/alfilo\/wp-content\/uploads\/sites\/11\/2015\/10\/02-dar-a-luz-natalia-roca-1024x684.jpg 1024w, https:\/\/ffyh.unc.edu.ar\/alfilo\/wp-content\/uploads\/sites\/11\/2015\/10\/02-dar-a-luz-natalia-roca.jpg 2000w\" sizes=\"auto, (max-width: 400px) 100vw, 400px\" \/><\/a>A once a\u00f1os de haber sido promulgada, el 1 de octubre de 2015, qued\u00f3 finalmente reglamentada la Ley de Parto Humanizado en Argentina. La noticia se public\u00f3 en <a href=\"https:\/\/www.boletinoficial.gob.ar\/#!DetalleNorma\/133673\/20151001\" target=\"_blank\">Boletin Oficial<\/a> e impacta de manera directa en la modificaci\u00f3n de pr\u00e1cticas y protocolos m\u00e9dicos hacia la atenci\u00f3n de las mujeres, durante sus embarazos y partos, dentro de hospitales y cl\u00ednicas del pa\u00eds. Desde 2013, la FFyH viene desarrollando distintas actividades de difusi\u00f3n y sensibilizaci\u00f3n a favor de los derechos contemplados en esta ley y en contra de todo tipo de violencia obst\u00e9trica.<\/p>\n<p><!--more--><\/p>\n<p>La reglamentaci\u00f3n de esta ley es el paso jur\u00eddico necesario para poder exigir y modificar una serie de pr\u00e1cticas institucionalizadas en protocolos m\u00e9dicos, que resultan invasivas o violentas en los momentos de la atenci\u00f3n de embarazos, partos y pospartos. El cambio supone adem\u00e1s modificaciones en coberturas de obras sociales y en la formaci\u00f3n acad\u00e9mica de los estudiantes de medicina, especializados en obstetricia. No es casual que desde su sanci\u00f3n hasta su debida reglamentaci\u00f3n hayan pasado once a\u00f1os. Los derechos detallados en la ley 25.929 invitan a asistir los nacimientos dentro de un nuevo paradigma de respeto y contenci\u00f3n, e implica la modificaci\u00f3n de pr\u00e1cticas concretas que inciden en el \u00e1mbito cultural, acad\u00e9mico y profesional, dentro de los efectores de salud, a fin de garantizar los derechos vigentes de las mujeres embarazadas, los padres y cada persona (ni\u00f1a o ni\u00f1o) durante el proceso de su nacimiento.<\/p>\n<p>En este sentido, la Facultad de Filosof\u00eda y Humanidades de la UNC viene desarrollando una serie de actividades desde hace dos a\u00f1os. La primera acci\u00f3n fue realizada desde la Secretar\u00eda de Extensi\u00f3n de la FFyH, junto al colectivo <a href=\"https:\/\/www.facebook.com\/pages\/Mujeres-por-un-Parto-Respetado-C%C3%B3rdoba\/545684405523417?fref=ts\" target=\"_blank\">Mujeres por un parto Respetado<\/a> y dependencias de la UNC, en noviembre de 2013, con la puesta en marcha de la <a href=\"http:\/\/www.ffyh.unc.edu.ar\/extension\/2013\/11\/campana-mujeres-por-un-parto-respetado\/\">Campa\u00f1a por un Parto Respetado<\/a>. All\u00ed se prioriz\u00f3 la difusi\u00f3n de informaci\u00f3n sobre el marco legal existente e implic\u00f3 un trabajo de producci\u00f3n multimedia en conjunto, cuyo contenido fue transmitido por los SRT, portales electr\u00f3nicos, radios locales y logr\u00f3 una fuerte viralizaci\u00f3n en redes sociales. El impacto de la campa\u00f1a evidenci\u00f3 la gran demanda existente, entre mujeres y familias de C\u00f3rdoba, exigiendo el debido cumplimiento de esta la Ley de Parto Humanizado para lograr ponerle\u00a0 fin a todo tipo de violencia obst\u00e9trica.<\/p>\n<p><iframe loading=\"lazy\" src=\"https:\/\/www.youtube.com\/embed\/jTs_Hh4qJwE\" width=\"610\" height=\"458\" frameborder=\"0\" allowfullscreen=\"allowfullscreen\"><\/iframe><\/p>\n<p>De all\u00ed en m\u00e1s la FFyH se comprometi\u00f3 en la tarea difundir los derechos contemplados en <a href=\"https:\/\/www.boletinoficial.gob.ar\/#!DetalleNorma\/133673\/20151001\" target=\"_blank\">Ley 25.929<\/a>, organizando <a href=\"http:\/\/www.ffyh.unc.edu.ar\/alfilo\/respeto-desde-el-momento-de-nacer\/\" target=\"_blank\">charlas abiertas<\/a>, <a href=\"http:\/\/ffyh.unc.edu.ar\/content\/parir-es-poder\" target=\"_blank\">encuentros con profesionales de la salud<\/a>, y <a href=\"http:\/\/www.ffyh.unc.edu.ar\/content\/semana-mundial-del-parto-respetado-en-c%C3%B3rdoba\" target=\"_blank\">semanas<\/a> con actividades vinculadas a la tem\u00e1tica. Incluso, el 25 de agosto de 2014, la Facultad\u00a0de Filosof\u00eda y Humanidades, la Escuela de Trabajo Social y la\u00a0Facultad\u00a0de Ciencias M\u00e9dicas\u00a0lograron firmar un\u00a0<a href=\"http:\/\/www.ffyh.unc.edu.ar\/sites\/default\/files\/acta-acuerdo-maternidad.pdf\">Acta Acuerdo<\/a>\u00a0donde se comprometieron a realizar \u00a0acciones conjuntas que favorezcan la plena aplicaci\u00f3n de la\u00a0Ley de Parto Humanizado,\u00a0en el <a href=\"http:\/\/www.ffyh.unc.edu.ar\/content\/se-firm%C3%B3-un-acuerdo-favor-de-garantizar-la-ley-de-parto-humanizado-en-la-maternidad-de-la-un\" target=\"_blank\">Hospital Universitario de Maternidad y Neonatolog\u00eda de la UNC.<\/a><\/p>\n<p>Actualmente la FFyH, junto a la Escuela de Trabajo Social, est\u00e1n llevando a cabo el proyecto de extensi\u00f3n en articulaci\u00f3n con las pr\u00e1cticas acad\u00e9micas, denominado \u201c<strong>Mujeres protagonistas, en el camino del parto respetado<\/strong>\u201d. (<span style=\"color: #0000ff\">Ver recuadro<\/span>).<br \/>\nDe manera paralela, a comienzo de este a\u00f1o, el \u00c1rea de Gineco-Obstetricia del Hospital Misericordia de C\u00f3rdoba, convoc\u00f3 a la licenciada Lilia Hern\u00e1ndez para que participe como capacitadora en la preparaci\u00f3n para Parto Respetado, dentro de distintos talleres que se imparten en ese Hospital.<\/p>\n<p>A su vez, para fines de noviembre de a\u00f1o, la Secretar\u00eda de Extensi\u00f3n de la FFyH, la Escuela de Trabajo Social e integrantes del colectivo Mujeres por un Parto Respetado trabajan de manera conjunta en la organizaci\u00f3n de un encuentro con profesionales de la salud para compartir experiencias en hospitales p\u00fablicos del pa\u00eds, que han logrado la institucionalizaci\u00f3n del Parto Respetado, bajos los lineamientos propuestos dentro del Programa Maternidad Segura\u00a0y\u00a0Centrada en la Familia.<\/p>\n<p>As\u00ed, desde la FFyH, se vienen realizando un trabajo multidisciplinario previo y sostenido a fin de propiciar, en la provincia de C\u00f3rdoba, el cumplimiento efectivo de los derechos contemplados en esta ley.<\/p>\n<p><img loading=\"lazy\" decoding=\"async\" class=\"alignnone wp-image-2203 size-full\" src=\"http:\/\/ffyh.unc.edu.ar\/alfilo2\/wp-content\/uploads\/sites\/11\/2015\/10\/01.jpg\" alt=\"01\" width=\"800\" height=\"534\" srcset=\"https:\/\/ffyh.unc.edu.ar\/alfilo\/wp-content\/uploads\/sites\/11\/2015\/10\/01.jpg 800w, https:\/\/ffyh.unc.edu.ar\/alfilo\/wp-content\/uploads\/sites\/11\/2015\/10\/01-300x200.jpg 300w, https:\/\/ffyh.unc.edu.ar\/alfilo\/wp-content\/uploads\/sites\/11\/2015\/10\/01-768x513.jpg 768w\" sizes=\"auto, (max-width: 800px) 100vw, 800px\" \/><\/p>\n<p><strong>\u00bfQu\u00e9 decimos cuando decimos \u201cparto respetado\u201d?<\/strong><\/p>\n<p>El proceso de nacimiento y parto respetado se basan fundamentalmente\u00a0en la valoraci\u00f3n del mundo afectivo, emocional y cultural de las personas. Aqu\u00ed se deben poner en prioridad los deseos y necesidades de sus protagonistas: madre, padre, hija o hijo y en la libertad de las mujeres o las parejas para tomar decisiones sobre d\u00f3nde, c\u00f3mo y con qui\u00e9n parir, por ser este uno de los momentos m\u00e1s conmovedores y significativos en la vida de cada persona. En Argentina,\u00a0desde el a\u00f1o 2004 estos derechos est\u00e1n detallados en la\u00a0<a href=\"http:\/\/www.unicef.org\/argentina\/spanish\/ley_de_parto_humanizado.pdf\" target=\"_blank\">Ley\u00a0nacional 25.929<\/a>\u00a0de Parto Humanizado.<\/p>\n<p>Pensar en un parto respetado implica un cambio de paradigma profundo, no s\u00f3lo en la medicina y en las pr\u00e1cticas habituales dentro de la obstetricia moderna. Significa tambi\u00e9n modificaciones \u00a0en la formaci\u00f3n acad\u00e9mica de los profesionales de la salud y \u00a0en comportamientos o pautas culturales\u00a0 de la sociedad. Es concebir los embarazos y nacimientos, no como una enfermedad, sino como un proceso saludable. \u00a0Lo opuesto a este concepto\u00a0es el proceso de medicalizaci\u00f3n habitual donde el destino de la mujer y su hijo\/a se encuentran sujetos a procedimientos de intervenci\u00f3n rutinarios, que no consideran las diferencias y especificidades individuales, transformando en violentas las actitudes asistenciales.<\/p>\n<p><strong>Un parto respetado implica:<\/strong><\/p>\n<ul>\n<li>Reconocer en la madre, el padre y\u00a0 los hijos a los verdaderos protagonistas, conociendo de manera profunda la fisiolog\u00eda de cada mujer.<\/li>\n<li>No intervenir o interferir rutinariamente en este proceso natural, no habiendo una situaci\u00f3n de riesgo evidente.<\/li>\n<li>Reconocer y respetar las necesidades individuales de cada mujer\/pareja y el modo en que desean transcurrir esta experiencia (en una instituci\u00f3n o en su domicilio).<\/li>\n<li>Respetar la intimidad del entorno durante el parto y el nacimiento.<\/li>\n<li>Favorecer la libertad de posici\u00f3n y movimiento de la mujer durante todo el trabajo de parto (parto en cuclillas, en el agua, semisentada, o como desee).<\/li>\n<li>Promover el v\u00ednculo personalizado entre la pareja y el equipo de asistencia profesional.<br \/>\nRespetar la necesidad de elecci\u00f3n de la mujer de las personas que la acompa\u00f1ar\u00e1n en el parto (familia, doula, amigos, etc).<\/li>\n<li>Cuidar el v\u00ednculo inmediato de la madre con el reci\u00e9n nacido, evitando someter al ni\u00f1o a cualquier maniobra de resucitaci\u00f3n o ex\u00e1menes innecesarios.<\/li>\n<\/ul>\n<p><strong>\u00a0<\/strong><strong>\u00bfQu\u00e9 sucede habitualmente?<\/strong><\/p>\n<p>En la Argentina, el parto y los momentos que conciernen al nacimiento de cada persona, por lo general, se desarrollan en instituciones de salud \u2013p\u00fablicas y\/o privadas\u2013, como un hecho \u201cm\u00e9dico\u201d sometido (y sometiendo a la mujer) a un proceso de medicalizaci\u00f3n, de despersonalizaci\u00f3n y des-sexualizaci\u00f3n, neg\u00e1ndole as\u00ed su verdadero protagonismo.<\/p>\n<p>El proceso de medicalizaci\u00f3n est\u00e1 relacionado con el lugar d\u00f3nde parir. Es decir, que por lo general est\u00e1 asociado al sanatorio o el hospital p\u00fablico. Pero fundamentalmente est\u00e1 ligado a los protocolos y las formas de intervenciones m\u00e9dicas que se realizan dentro de este proceso: conducci\u00f3n activa del parto; enemas; rasurados; goteos de oxitocina para acelerar el proceso del parto; ces\u00e1reas innecesarias, uso de distintos f\u00e1rmacos; posici\u00f3n horizontal de la mujer; pr\u00e1ctica de episiotom\u00eda;\u00a0 intervenciones sobre el reci\u00e9n nacido y separaci\u00f3n precoz del beb\u00e9 con su madre, entre otras. En este contexto,\u00a0de manera rutinaria y en forma casi naturalizada, se producen as\u00ed un sinf\u00edn de acciones invasivas que constituyen los que se conoce como violencia obst\u00e9trica.<\/p>\n<p><strong>La reglamentaci\u00f3n de la Ley y su impacto<\/strong><\/p>\n<p>La importancia de la reglamentaci\u00f3n de La Ley N\u00ba 25.929 de Parto Humanizado es celebrada porque irremediablemente \u00a0garantizar el cumplimiento de estos derechos en hospitales p\u00fablicos o cl\u00ednicas privas, implicar\u00e1 comenzar a modificar la atenci\u00f3n hacia las mujeres embarazadas y sobre todo, eliminar pr\u00e1cticas que resultan invasivas o violentas.<\/p>\n<p>El texto de la Ley establece de forma clara que \u00ab<em>el equipo de salud interviniente deber\u00e1 informar en forma fehaciente a la persona en estado de gravidez y a su grupo familiar, en forma comprensible y suficiente acerca de posibles intervenciones que pudieran llevarse a cabo durante los procesos de embarazo,\u00a0parto, trabajo de\u00a0parto\u00a0y puerperio, especificando sus efectos, riesgos, cuidados y tratamientos<\/em>\u00ab.<\/p>\n<p>Adem\u00e1s garantiza que: \u00ab<em>Cada persona tiene derecho a elegir de manera informada y con libertad, el lugar y la forma en la que va a transitar su trabajo de\u00a0parto\u00a0(deambulaci\u00f3n, posici\u00f3n, analgesia, acompa\u00f1amiento) y la v\u00ed\u00ada de nacimiento<\/em>\u00ab.<\/p>\n<p>La reglamentaci\u00f3n especifica en su art\u00edculo 2 que \u00ab<em>toda mujer, en relaci\u00f3n con el embarazo, el trabajo de\u00a0parto, el parto\u00a0y el posparto tiene derecho a estar acompa\u00f1ada por una persona de su confianza y elecci\u00f3n durante los controles prenatales, el trabajo de\u00a0parto, el\u00a0parto\u00a0y el posparto\u00bb. Asimismo, deja en claro que \u00ablos servicios de internaci\u00f3n neonatal, a\u00fan en sus \u00e1reas de terapia intensiva, deber\u00e1n brindar acceso sin restricciones para la\/s madre\/s y\/o el\/los padre\/s del\/la reci\u00e9n nacido\/a, permitiendo el contacto f\u00edsico<\/em>\u00ab.<\/p>\n<p>El texto completo de la reglamentaci\u00f3n de la Ley se public\u00f3\u00a0 el 1 de octubre de este a\u00f1o\u00a0y se puede leer de manera completa en el <a href=\"https:\/\/www.boletinoficial.gob.ar\/#!DetalleNorma\/133673\/20151001\" target=\"_blank\">Bolet\u00edn Oficial<\/a><\/p>\n<p>Su debido cumplimiento y aplicaci\u00f3n en cada centro de salud del pa\u00eds, impactar\u00e1 de manera positiva y directa en bajar los \u00edndices de violencia obst\u00e9trica. \u00a0Adem\u00e1s, el esp\u00edritu del texto de la ley propicia concebir cada nacimiento como una verdadera celebraci\u00f3n, en contextos de amor y respeto.<\/p>\n<p>&nbsp;<\/p>\n<table style=\"height: 645px\" width=\"610\">\n<tbody>\n<tr>\n<td width=\"576\"><strong>\u201cMujeres protagonistas, en el camino del parto\u201d<\/strong><\/p>\n<p>A partir del mes de abril 2015, la Secretar\u00eda de Extensi\u00f3n de la Facultad de Filosof\u00eda y Humanidades junto a la Escuela de Trabajo Social, vienen desarrollando el proyecto extensionista\u00a0 denominado \u201cMujeres protagonistas, en el camino del parto\u201d.<\/p>\n<p>Un proyecto que tiene por objetivos favorecer el encuentro de mujeres, embarazadas y pu\u00e9rperas, en espacios de intercambio de saberes y experiencias que les posibiliten la vivencia de un parto y crianza desde la amorosidad en los v\u00ednculos y la perspectiva de g\u00e9nero, en el marco de la promoci\u00f3n y el cumplimiento de derechos humanos en un Centros de Salud, dedicado a la atenci\u00f3n primaria y hospitales de C\u00f3rdoba.<\/p>\n<p>Adem\u00e1s, se promueve la producci\u00f3n de saberes profesionales y pr\u00e1cticas de salud en el \u00e1mbito de las instituciones que favorezcan la plena vigencia de la Ley nacional 25.929 de derechos de padres e hijos durante el proceso de parto y nacimiento.<\/p>\n<p>El trabajo se desarrolla territorialmente en el centro de atenci\u00f3n primaria de la salud del Barrio 16 de noviembre de la Ciudad de C\u00f3rdoba, en el marco de un convenio institucional de pr\u00e1cticas acad\u00e9micas.<\/p>\n<p>Las actividades consisten en el dictado de talleres de preparaci\u00f3n al parto respetado, que se realizan de manera conjunta\u00a0 con los profesionales de este Centro de Salud. Tambi\u00e9n se realizan relevamiento de mujeres que se encuentran en el programa de control de embarazo y\u00a0visitas domiciliares. El proyecto inici\u00f3 en abril y\u00a0se extender\u00e1 hasta diciembre, con la perspectiva de darle continuidad a lo largo del 2016.<\/p>\n<p>El trabajo se enmarca en el reconocimiento del derecho al parto respetado, amparado en la Ley 25.929 de Derechos de padres e hijos durante el proceso de nacimiento. As\u00ed mismo, se vincula con y la Ley nacional 26.485 de Protecci\u00f3n integral para prevenir, sancionar y erradicar la violencia contra las mujeres, en los \u00e1mbitos en que desarrollen sus relaciones interpersonales.<\/p>\n<p><strong>Equipo de trabajo de la UNC<\/strong>:<br \/>\nLic. Lilia Hernandez (FFyH)<br \/>\nLic. Susana Andrada.<br \/>\nTesistas: Melisa Acosta, Agostina Brovelli, \u00c1ngeles Bustos Reynoso (ETS).<\/p>\n<p><strong>Equipo de trabajo del Centro de Salud<\/strong> del <strong>Barrio 16 de noviembre: <\/strong><br \/>\nM\u00e9dico: Carlos Gonz\u00e1lez<br \/>\nEnfermera Griselda Gautero.<br \/>\nLicenciada en Trabajo Social: Ana Morillo.<\/td>\n<\/tr>\n<\/tbody>\n<\/table>\n<p style=\"text-align: right\"><strong>\u00a0<\/strong><\/p>\n<p style=\"text-align: right\"><strong>Texto<\/strong>:\u00a0Irina Mor\u00e1n<br \/>\n<strong>Galer\u00eda de fotos<\/strong>: Natalia Roca, avance de su proyecto \u201c<strong><a href=\"http:\/\/www.nataliaroca.com\/nueva-seccion-menu\/\" target=\"_blank\">Dar a Luz<\/a><\/strong>\u201d.<\/p>\n<p style=\"text-align: right\"><img loading=\"lazy\" decoding=\"async\" class=\"alignnone size-full wp-image-2207\" src=\"http:\/\/ffyh.unc.edu.ar\/alfilo2\/wp-content\/uploads\/sites\/11\/2015\/10\/00-dar-a-luz-natalia-roca.jpg\" alt=\"00-dar-a-luz-natalia-roca\" width=\"1500\" height=\"1001\" srcset=\"https:\/\/ffyh.unc.edu.ar\/alfilo\/wp-content\/uploads\/sites\/11\/2015\/10\/00-dar-a-luz-natalia-roca.jpg 1500w, https:\/\/ffyh.unc.edu.ar\/alfilo\/wp-content\/uploads\/sites\/11\/2015\/10\/00-dar-a-luz-natalia-roca-300x200.jpg 300w, https:\/\/ffyh.unc.edu.ar\/alfilo\/wp-content\/uploads\/sites\/11\/2015\/10\/00-dar-a-luz-natalia-roca-768x513.jpg 768w, https:\/\/ffyh.unc.edu.ar\/alfilo\/wp-content\/uploads\/sites\/11\/2015\/10\/00-dar-a-luz-natalia-roca-1024x683.jpg 1024w\" sizes=\"auto, (max-width: 1500px) 100vw, 1500px\" \/> <img loading=\"lazy\" decoding=\"async\" class=\"alignnone wp-image-2208 size-full\" src=\"http:\/\/ffyh.unc.edu.ar\/alfilo2\/wp-content\/uploads\/sites\/11\/2015\/10\/08-dar-a-luz-natalia-roca.jpg\" alt=\"08-dar-a-luz-natalia-roca\" width=\"1500\" height=\"1001\" srcset=\"https:\/\/ffyh.unc.edu.ar\/alfilo\/wp-content\/uploads\/sites\/11\/2015\/10\/08-dar-a-luz-natalia-roca.jpg 1500w, https:\/\/ffyh.unc.edu.ar\/alfilo\/wp-content\/uploads\/sites\/11\/2015\/10\/08-dar-a-luz-natalia-roca-300x200.jpg 300w, https:\/\/ffyh.unc.edu.ar\/alfilo\/wp-content\/uploads\/sites\/11\/2015\/10\/08-dar-a-luz-natalia-roca-768x513.jpg 768w, https:\/\/ffyh.unc.edu.ar\/alfilo\/wp-content\/uploads\/sites\/11\/2015\/10\/08-dar-a-luz-natalia-roca-1024x683.jpg 1024w\" sizes=\"auto, (max-width: 1500px) 100vw, 1500px\" \/><\/p>\n<p style=\"text-align: left\"><img loading=\"lazy\" decoding=\"async\" class=\"alignnone wp-image-2204 size-full\" src=\"http:\/\/ffyh.unc.edu.ar\/alfilo2\/wp-content\/uploads\/sites\/11\/2015\/10\/05-dar-a-luz-natalia-roca.jpg\" alt=\"www.nataliaroca.com\" width=\"2000\" height=\"1331\" srcset=\"https:\/\/ffyh.unc.edu.ar\/alfilo\/wp-content\/uploads\/sites\/11\/2015\/10\/05-dar-a-luz-natalia-roca.jpg 2000w, https:\/\/ffyh.unc.edu.ar\/alfilo\/wp-content\/uploads\/sites\/11\/2015\/10\/05-dar-a-luz-natalia-roca-300x200.jpg 300w, https:\/\/ffyh.unc.edu.ar\/alfilo\/wp-content\/uploads\/sites\/11\/2015\/10\/05-dar-a-luz-natalia-roca-768x511.jpg 768w, https:\/\/ffyh.unc.edu.ar\/alfilo\/wp-content\/uploads\/sites\/11\/2015\/10\/05-dar-a-luz-natalia-roca-1024x681.jpg 1024w\" sizes=\"auto, (max-width: 2000px) 100vw, 2000px\" \/> <img loading=\"lazy\" decoding=\"async\" class=\"alignnone wp-image-2205 size-full\" src=\"http:\/\/ffyh.unc.edu.ar\/alfilo2\/wp-content\/uploads\/sites\/11\/2015\/10\/06-dar-a-luz-natalia-roca.jpg\" alt=\"www.nataliaroca.com\" width=\"2000\" height=\"1335\" srcset=\"https:\/\/ffyh.unc.edu.ar\/alfilo\/wp-content\/uploads\/sites\/11\/2015\/10\/06-dar-a-luz-natalia-roca.jpg 2000w, https:\/\/ffyh.unc.edu.ar\/alfilo\/wp-content\/uploads\/sites\/11\/2015\/10\/06-dar-a-luz-natalia-roca-300x200.jpg 300w, https:\/\/ffyh.unc.edu.ar\/alfilo\/wp-content\/uploads\/sites\/11\/2015\/10\/06-dar-a-luz-natalia-roca-768x513.jpg 768w, https:\/\/ffyh.unc.edu.ar\/alfilo\/wp-content\/uploads\/sites\/11\/2015\/10\/06-dar-a-luz-natalia-roca-1024x684.jpg 1024w\" sizes=\"auto, (max-width: 2000px) 100vw, 2000px\" \/> <img loading=\"lazy\" decoding=\"async\" class=\"alignnone wp-image-2206 size-full\" src=\"http:\/\/ffyh.unc.edu.ar\/alfilo2\/wp-content\/uploads\/sites\/11\/2015\/10\/15-dar-a-luz-natalia-roca.jpg\" alt=\"www.nataliaroca.com\" width=\"2000\" height=\"1335\" srcset=\"https:\/\/ffyh.unc.edu.ar\/alfilo\/wp-content\/uploads\/sites\/11\/2015\/10\/15-dar-a-luz-natalia-roca.jpg 2000w, https:\/\/ffyh.unc.edu.ar\/alfilo\/wp-content\/uploads\/sites\/11\/2015\/10\/15-dar-a-luz-natalia-roca-300x200.jpg 300w, https:\/\/ffyh.unc.edu.ar\/alfilo\/wp-content\/uploads\/sites\/11\/2015\/10\/15-dar-a-luz-natalia-roca-768x513.jpg 768w, https:\/\/ffyh.unc.edu.ar\/alfilo\/wp-content\/uploads\/sites\/11\/2015\/10\/15-dar-a-luz-natalia-roca-1024x684.jpg 1024w\" sizes=\"auto, (max-width: 2000px) 100vw, 2000px\" \/><\/p>\n","protected":false},"excerpt":{"rendered":"<div class=\"mh-excerpt\"><p>A once a\u00f1os de haber sido promulgada, el 1 de octubre de 2015, qued\u00f3 finalmente reglamentada la Ley de Parto Humanizado en Argentina. La noticia se public\u00f3 en Boletin Oficial e impacta de manera directa en la modificaci\u00f3n de pr\u00e1cticas <a class=\"mh-excerpt-more\" href=\"https:\/\/ffyh.unc.edu.ar\/alfilo\/impactos-y-desafios-frente-a-la-reglamentacion-de-la-ley-de-parto-humanizado\/\" title=\"Impactos y desaf\u00edos frente a la reglamentaci\u00f3n de la ley de Parto Humanizado\">[Leer m\u00e1s]<\/a><\/p>\n<\/div>","protected":false},"author":1,"featured_media":2202,"comment_status":"open","ping_status":"open","sticky":false,"template":"","format":"standard","meta":{"_acf_changed":false,"_monsterinsights_skip_tracking":false,"_monsterinsights_sitenote_active":false,"_monsterinsights_sitenote_note":"","_monsterinsights_sitenote_category":0,"_jetpack_memberships_contains_paid_content":false,"footnotes":""},"categories":[16,38],"tags":[],"class_list":["post-2201","post","type-post","status-publish","format-standard","has-post-thumbnail","hentry","category-16","category-relacion-con-la-comunidad"],"acf":[],"yoast_head":"<!-- This site is optimized with the Yoast SEO plugin v27.1.1 - https:\/\/yoast.com\/product\/yoast-seo-wordpress\/ -->\n<title>Impactos y desaf\u00edos frente a la reglamentaci\u00f3n de la ley de Parto Humanizado - Alfilo<\/title>\n<meta name=\"robots\" content=\"index, follow, max-snippet:-1, max-image-preview:large, max-video-preview:-1\" \/>\n<link rel=\"canonical\" href=\"https:\/\/ffyh.unc.edu.ar\/alfilo\/impactos-y-desafios-frente-a-la-reglamentacion-de-la-ley-de-parto-humanizado\/\" \/>\n<meta property=\"og:locale\" content=\"es_ES\" \/>\n<meta property=\"og:type\" content=\"article\" \/>\n<meta property=\"og:title\" content=\"Impactos y desaf\u00edos frente a la reglamentaci\u00f3n de la ley de Parto Humanizado - Alfilo\" \/>\n<meta property=\"og:description\" content=\"A once a\u00f1os de haber sido promulgada, el 1 de octubre de 2015, qued\u00f3 finalmente reglamentada la Ley de Parto Humanizado en Argentina. La noticia se public\u00f3 en Boletin Oficial e impacta de manera directa en la modificaci\u00f3n de pr\u00e1cticas [Leer m\u00e1s]\" \/>\n<meta property=\"og:url\" content=\"https:\/\/ffyh.unc.edu.ar\/alfilo\/impactos-y-desafios-frente-a-la-reglamentacion-de-la-ley-de-parto-humanizado\/\" \/>\n<meta property=\"og:site_name\" content=\"Alfilo\" \/>\n<meta property=\"article:publisher\" content=\"https:\/\/www.facebook.com\/ffyh.unc\/\" \/>\n<meta property=\"article:published_time\" content=\"2015-11-03T20:00:05+00:00\" \/>\n<meta property=\"article:modified_time\" content=\"2017-09-08T15:10:20+00:00\" \/>\n<meta property=\"og:image\" content=\"https:\/\/ffyh.unc.edu.ar\/alfilo\/wp-content\/uploads\/sites\/11\/2015\/10\/02-dar-a-luz-natalia-roca.jpg\" \/>\n\t<meta property=\"og:image:width\" content=\"2000\" \/>\n\t<meta property=\"og:image:height\" content=\"1335\" \/>\n\t<meta property=\"og:image:type\" content=\"image\/jpeg\" \/>\n<meta name=\"author\" content=\"soporte\" \/>\n<meta name=\"twitter:card\" content=\"summary_large_image\" \/>\n<meta name=\"twitter:creator\" content=\"@ffyh_unc\" \/>\n<meta name=\"twitter:site\" content=\"@ffyh_unc\" \/>\n<meta name=\"twitter:label1\" content=\"Escrito por\" \/>\n\t<meta name=\"twitter:data1\" content=\"\" \/>\n\t<meta name=\"twitter:label2\" content=\"Tiempo de lectura\" \/>\n\t<meta name=\"twitter:data2\" content=\"10 minutos\" \/>\n<script type=\"application\/ld+json\" class=\"yoast-schema-graph\">{\"@context\":\"https:\/\/schema.org\",\"@graph\":[{\"@type\":\"Article\",\"@id\":\"https:\/\/ffyh.unc.edu.ar\/alfilo\/impactos-y-desafios-frente-a-la-reglamentacion-de-la-ley-de-parto-humanizado\/#article\",\"isPartOf\":{\"@id\":\"https:\/\/ffyh.unc.edu.ar\/alfilo\/impactos-y-desafios-frente-a-la-reglamentacion-de-la-ley-de-parto-humanizado\/\"},\"author\":{\"name\":\"soporte\",\"@id\":\"https:\/\/ffyh.unc.edu.ar\/alfilo\/#\/schema\/person\/57a743469801e7e195e268bfe4c52190\"},\"headline\":\"Impactos y desaf\u00edos frente a la reglamentaci\u00f3n de la ley de Parto Humanizado\",\"datePublished\":\"2015-11-03T20:00:05+00:00\",\"dateModified\":\"2017-09-08T15:10:20+00:00\",\"mainEntityOfPage\":{\"@id\":\"https:\/\/ffyh.unc.edu.ar\/alfilo\/impactos-y-desafios-frente-a-la-reglamentacion-de-la-ley-de-parto-humanizado\/\"},\"wordCount\":2062,\"commentCount\":1,\"publisher\":{\"@id\":\"https:\/\/ffyh.unc.edu.ar\/alfilo\/#organization\"},\"image\":{\"@id\":\"https:\/\/ffyh.unc.edu.ar\/alfilo\/impactos-y-desafios-frente-a-la-reglamentacion-de-la-ley-de-parto-humanizado\/#primaryimage\"},\"thumbnailUrl\":\"https:\/\/ffyh.unc.edu.ar\/alfilo\/wp-content\/uploads\/sites\/11\/2015\/10\/02-dar-a-luz-natalia-roca.jpg\",\"articleSection\":[\"48\",\"Relaci\u00f3n con la comunidad\"],\"inLanguage\":\"es\",\"potentialAction\":[{\"@type\":\"CommentAction\",\"name\":\"Comment\",\"target\":[\"https:\/\/ffyh.unc.edu.ar\/alfilo\/impactos-y-desafios-frente-a-la-reglamentacion-de-la-ley-de-parto-humanizado\/#respond\"]}]},{\"@type\":\"WebPage\",\"@id\":\"https:\/\/ffyh.unc.edu.ar\/alfilo\/impactos-y-desafios-frente-a-la-reglamentacion-de-la-ley-de-parto-humanizado\/\",\"url\":\"https:\/\/ffyh.unc.edu.ar\/alfilo\/impactos-y-desafios-frente-a-la-reglamentacion-de-la-ley-de-parto-humanizado\/\",\"name\":\"Impactos y desaf\u00edos frente a la reglamentaci\u00f3n de la ley de Parto Humanizado - Alfilo\",\"isPartOf\":{\"@id\":\"https:\/\/ffyh.unc.edu.ar\/alfilo\/#website\"},\"primaryImageOfPage\":{\"@id\":\"https:\/\/ffyh.unc.edu.ar\/alfilo\/impactos-y-desafios-frente-a-la-reglamentacion-de-la-ley-de-parto-humanizado\/#primaryimage\"},\"image\":{\"@id\":\"https:\/\/ffyh.unc.edu.ar\/alfilo\/impactos-y-desafios-frente-a-la-reglamentacion-de-la-ley-de-parto-humanizado\/#primaryimage\"},\"thumbnailUrl\":\"https:\/\/ffyh.unc.edu.ar\/alfilo\/wp-content\/uploads\/sites\/11\/2015\/10\/02-dar-a-luz-natalia-roca.jpg\",\"datePublished\":\"2015-11-03T20:00:05+00:00\",\"dateModified\":\"2017-09-08T15:10:20+00:00\",\"breadcrumb\":{\"@id\":\"https:\/\/ffyh.unc.edu.ar\/alfilo\/impactos-y-desafios-frente-a-la-reglamentacion-de-la-ley-de-parto-humanizado\/#breadcrumb\"},\"inLanguage\":\"es\",\"potentialAction\":[{\"@type\":\"ReadAction\",\"target\":[\"https:\/\/ffyh.unc.edu.ar\/alfilo\/impactos-y-desafios-frente-a-la-reglamentacion-de-la-ley-de-parto-humanizado\/\"]}]},{\"@type\":\"ImageObject\",\"inLanguage\":\"es\",\"@id\":\"https:\/\/ffyh.unc.edu.ar\/alfilo\/impactos-y-desafios-frente-a-la-reglamentacion-de-la-ley-de-parto-humanizado\/#primaryimage\",\"url\":\"https:\/\/ffyh.unc.edu.ar\/alfilo\/wp-content\/uploads\/sites\/11\/2015\/10\/02-dar-a-luz-natalia-roca.jpg\",\"contentUrl\":\"https:\/\/ffyh.unc.edu.ar\/alfilo\/wp-content\/uploads\/sites\/11\/2015\/10\/02-dar-a-luz-natalia-roca.jpg\",\"width\":2000,\"height\":1335},{\"@type\":\"BreadcrumbList\",\"@id\":\"https:\/\/ffyh.unc.edu.ar\/alfilo\/impactos-y-desafios-frente-a-la-reglamentacion-de-la-ley-de-parto-humanizado\/#breadcrumb\",\"itemListElement\":[{\"@type\":\"ListItem\",\"position\":1,\"name\":\"Portada\",\"item\":\"https:\/\/ffyh.unc.edu.ar\/alfilo\/\"},{\"@type\":\"ListItem\",\"position\":2,\"name\":\"Impactos y desaf\u00edos frente a la reglamentaci\u00f3n de la ley de Parto Humanizado\"}]},{\"@type\":\"WebSite\",\"@id\":\"https:\/\/ffyh.unc.edu.ar\/alfilo\/#website\",\"url\":\"https:\/\/ffyh.unc.edu.ar\/alfilo\/\",\"name\":\"Alfilo\",\"description\":\"Revista digital de la Facultad de Filosof\u00eda y Humanidades - Universidad Nacional de C\u00f3rdoba\",\"publisher\":{\"@id\":\"https:\/\/ffyh.unc.edu.ar\/alfilo\/#organization\"},\"potentialAction\":[{\"@type\":\"SearchAction\",\"target\":{\"@type\":\"EntryPoint\",\"urlTemplate\":\"https:\/\/ffyh.unc.edu.ar\/alfilo\/?s={search_term_string}\"},\"query-input\":{\"@type\":\"PropertyValueSpecification\",\"valueRequired\":true,\"valueName\":\"search_term_string\"}}],\"inLanguage\":\"es\"},{\"@type\":\"Organization\",\"@id\":\"https:\/\/ffyh.unc.edu.ar\/alfilo\/#organization\",\"name\":\"Alfilo | Revista digital de la Facultad de Filosof\u00eda y Humanidades | UNC\",\"url\":\"https:\/\/ffyh.unc.edu.ar\/alfilo\/\",\"logo\":{\"@type\":\"ImageObject\",\"inLanguage\":\"es\",\"@id\":\"https:\/\/ffyh.unc.edu.ar\/alfilo\/#\/schema\/logo\/image\/\",\"url\":\"https:\/\/ffyh.unc.edu.ar\/alfilo\/wp-content\/uploads\/sites\/11\/2015\/04\/banner-alfilo-2015-ico.jpg\",\"contentUrl\":\"https:\/\/ffyh.unc.edu.ar\/alfilo\/wp-content\/uploads\/sites\/11\/2015\/04\/banner-alfilo-2015-ico.jpg\",\"width\":253,\"height\":128,\"caption\":\"Alfilo | Revista digital de la Facultad de Filosof\u00eda y Humanidades | UNC\"},\"image\":{\"@id\":\"https:\/\/ffyh.unc.edu.ar\/alfilo\/#\/schema\/logo\/image\/\"},\"sameAs\":[\"https:\/\/www.facebook.com\/ffyh.unc\/\",\"https:\/\/x.com\/ffyh_unc\",\"https:\/\/www.instagram.com\/ffyhunc\/\",\"https:\/\/www.youtube.com\/user\/comunicacionfilo\"]},{\"@type\":\"Person\",\"@id\":\"https:\/\/ffyh.unc.edu.ar\/alfilo\/#\/schema\/person\/57a743469801e7e195e268bfe4c52190\",\"name\":\"soporte\",\"image\":{\"@type\":\"ImageObject\",\"inLanguage\":\"es\",\"@id\":\"https:\/\/ffyh.unc.edu.ar\/alfilo\/#\/schema\/person\/image\/\",\"url\":\"https:\/\/secure.gravatar.com\/avatar\/ccd40043e5faec50f5bfc8fd1ba508e2228f018210ddcbcf662ed4624d9038c2?s=96&d=mm&r=g\",\"contentUrl\":\"https:\/\/secure.gravatar.com\/avatar\/ccd40043e5faec50f5bfc8fd1ba508e2228f018210ddcbcf662ed4624d9038c2?s=96&d=mm&r=g\",\"caption\":\"soporte\"},\"url\":\"https:\/\/ffyh.unc.edu.ar\/alfilo\/author\/admin\/\"}]}<\/script>\n<!-- \/ Yoast SEO plugin. -->","yoast_head_json":{"title":"Impactos y desaf\u00edos frente a la reglamentaci\u00f3n de la ley de Parto Humanizado - Alfilo","robots":{"index":"index","follow":"follow","max-snippet":"max-snippet:-1","max-image-preview":"max-image-preview:large","max-video-preview":"max-video-preview:-1"},"canonical":"https:\/\/ffyh.unc.edu.ar\/alfilo\/impactos-y-desafios-frente-a-la-reglamentacion-de-la-ley-de-parto-humanizado\/","og_locale":"es_ES","og_type":"article","og_title":"Impactos y desaf\u00edos frente a la reglamentaci\u00f3n de la ley de Parto Humanizado - Alfilo","og_description":"A once a\u00f1os de haber sido promulgada, el 1 de octubre de 2015, qued\u00f3 finalmente reglamentada la Ley de Parto Humanizado en Argentina. La noticia se public\u00f3 en Boletin Oficial e impacta de manera directa en la modificaci\u00f3n de pr\u00e1cticas [Leer m\u00e1s]","og_url":"https:\/\/ffyh.unc.edu.ar\/alfilo\/impactos-y-desafios-frente-a-la-reglamentacion-de-la-ley-de-parto-humanizado\/","og_site_name":"Alfilo","article_publisher":"https:\/\/www.facebook.com\/ffyh.unc\/","article_published_time":"2015-11-03T20:00:05+00:00","article_modified_time":"2017-09-08T15:10:20+00:00","og_image":[{"width":2000,"height":1335,"url":"https:\/\/ffyh.unc.edu.ar\/alfilo\/wp-content\/uploads\/sites\/11\/2015\/10\/02-dar-a-luz-natalia-roca.jpg","type":"image\/jpeg"}],"author":"soporte","twitter_card":"summary_large_image","twitter_creator":"@ffyh_unc","twitter_site":"@ffyh_unc","twitter_misc":{"Escrito por":false,"Tiempo de lectura":"10 minutos"},"schema":{"@context":"https:\/\/schema.org","@graph":[{"@type":"Article","@id":"https:\/\/ffyh.unc.edu.ar\/alfilo\/impactos-y-desafios-frente-a-la-reglamentacion-de-la-ley-de-parto-humanizado\/#article","isPartOf":{"@id":"https:\/\/ffyh.unc.edu.ar\/alfilo\/impactos-y-desafios-frente-a-la-reglamentacion-de-la-ley-de-parto-humanizado\/"},"author":{"name":"soporte","@id":"https:\/\/ffyh.unc.edu.ar\/alfilo\/#\/schema\/person\/57a743469801e7e195e268bfe4c52190"},"headline":"Impactos y desaf\u00edos frente a la reglamentaci\u00f3n de la ley de Parto Humanizado","datePublished":"2015-11-03T20:00:05+00:00","dateModified":"2017-09-08T15:10:20+00:00","mainEntityOfPage":{"@id":"https:\/\/ffyh.unc.edu.ar\/alfilo\/impactos-y-desafios-frente-a-la-reglamentacion-de-la-ley-de-parto-humanizado\/"},"wordCount":2062,"commentCount":1,"publisher":{"@id":"https:\/\/ffyh.unc.edu.ar\/alfilo\/#organization"},"image":{"@id":"https:\/\/ffyh.unc.edu.ar\/alfilo\/impactos-y-desafios-frente-a-la-reglamentacion-de-la-ley-de-parto-humanizado\/#primaryimage"},"thumbnailUrl":"https:\/\/ffyh.unc.edu.ar\/alfilo\/wp-content\/uploads\/sites\/11\/2015\/10\/02-dar-a-luz-natalia-roca.jpg","articleSection":["48","Relaci\u00f3n con la comunidad"],"inLanguage":"es","potentialAction":[{"@type":"CommentAction","name":"Comment","target":["https:\/\/ffyh.unc.edu.ar\/alfilo\/impactos-y-desafios-frente-a-la-reglamentacion-de-la-ley-de-parto-humanizado\/#respond"]}]},{"@type":"WebPage","@id":"https:\/\/ffyh.unc.edu.ar\/alfilo\/impactos-y-desafios-frente-a-la-reglamentacion-de-la-ley-de-parto-humanizado\/","url":"https:\/\/ffyh.unc.edu.ar\/alfilo\/impactos-y-desafios-frente-a-la-reglamentacion-de-la-ley-de-parto-humanizado\/","name":"Impactos y desaf\u00edos frente a la reglamentaci\u00f3n de la ley de Parto Humanizado - Alfilo","isPartOf":{"@id":"https:\/\/ffyh.unc.edu.ar\/alfilo\/#website"},"primaryImageOfPage":{"@id":"https:\/\/ffyh.unc.edu.ar\/alfilo\/impactos-y-desafios-frente-a-la-reglamentacion-de-la-ley-de-parto-humanizado\/#primaryimage"},"image":{"@id":"https:\/\/ffyh.unc.edu.ar\/alfilo\/impactos-y-desafios-frente-a-la-reglamentacion-de-la-ley-de-parto-humanizado\/#primaryimage"},"thumbnailUrl":"https:\/\/ffyh.unc.edu.ar\/alfilo\/wp-content\/uploads\/sites\/11\/2015\/10\/02-dar-a-luz-natalia-roca.jpg","datePublished":"2015-11-03T20:00:05+00:00","dateModified":"2017-09-08T15:10:20+00:00","breadcrumb":{"@id":"https:\/\/ffyh.unc.edu.ar\/alfilo\/impactos-y-desafios-frente-a-la-reglamentacion-de-la-ley-de-parto-humanizado\/#breadcrumb"},"inLanguage":"es","potentialAction":[{"@type":"ReadAction","target":["https:\/\/ffyh.unc.edu.ar\/alfilo\/impactos-y-desafios-frente-a-la-reglamentacion-de-la-ley-de-parto-humanizado\/"]}]},{"@type":"ImageObject","inLanguage":"es","@id":"https:\/\/ffyh.unc.edu.ar\/alfilo\/impactos-y-desafios-frente-a-la-reglamentacion-de-la-ley-de-parto-humanizado\/#primaryimage","url":"https:\/\/ffyh.unc.edu.ar\/alfilo\/wp-content\/uploads\/sites\/11\/2015\/10\/02-dar-a-luz-natalia-roca.jpg","contentUrl":"https:\/\/ffyh.unc.edu.ar\/alfilo\/wp-content\/uploads\/sites\/11\/2015\/10\/02-dar-a-luz-natalia-roca.jpg","width":2000,"height":1335},{"@type":"BreadcrumbList","@id":"https:\/\/ffyh.unc.edu.ar\/alfilo\/impactos-y-desafios-frente-a-la-reglamentacion-de-la-ley-de-parto-humanizado\/#breadcrumb","itemListElement":[{"@type":"ListItem","position":1,"name":"Portada","item":"https:\/\/ffyh.unc.edu.ar\/alfilo\/"},{"@type":"ListItem","position":2,"name":"Impactos y desaf\u00edos frente a la reglamentaci\u00f3n de la ley de Parto Humanizado"}]},{"@type":"WebSite","@id":"https:\/\/ffyh.unc.edu.ar\/alfilo\/#website","url":"https:\/\/ffyh.unc.edu.ar\/alfilo\/","name":"Alfilo","description":"Revista digital de la Facultad de Filosof\u00eda y Humanidades - Universidad Nacional de C\u00f3rdoba","publisher":{"@id":"https:\/\/ffyh.unc.edu.ar\/alfilo\/#organization"},"potentialAction":[{"@type":"SearchAction","target":{"@type":"EntryPoint","urlTemplate":"https:\/\/ffyh.unc.edu.ar\/alfilo\/?s={search_term_string}"},"query-input":{"@type":"PropertyValueSpecification","valueRequired":true,"valueName":"search_term_string"}}],"inLanguage":"es"},{"@type":"Organization","@id":"https:\/\/ffyh.unc.edu.ar\/alfilo\/#organization","name":"Alfilo | Revista digital de la Facultad de Filosof\u00eda y Humanidades | UNC","url":"https:\/\/ffyh.unc.edu.ar\/alfilo\/","logo":{"@type":"ImageObject","inLanguage":"es","@id":"https:\/\/ffyh.unc.edu.ar\/alfilo\/#\/schema\/logo\/image\/","url":"https:\/\/ffyh.unc.edu.ar\/alfilo\/wp-content\/uploads\/sites\/11\/2015\/04\/banner-alfilo-2015-ico.jpg","contentUrl":"https:\/\/ffyh.unc.edu.ar\/alfilo\/wp-content\/uploads\/sites\/11\/2015\/04\/banner-alfilo-2015-ico.jpg","width":253,"height":128,"caption":"Alfilo | Revista digital de la Facultad de Filosof\u00eda y Humanidades | UNC"},"image":{"@id":"https:\/\/ffyh.unc.edu.ar\/alfilo\/#\/schema\/logo\/image\/"},"sameAs":["https:\/\/www.facebook.com\/ffyh.unc\/","https:\/\/x.com\/ffyh_unc","https:\/\/www.instagram.com\/ffyhunc\/","https:\/\/www.youtube.com\/user\/comunicacionfilo"]},{"@type":"Person","@id":"https:\/\/ffyh.unc.edu.ar\/alfilo\/#\/schema\/person\/57a743469801e7e195e268bfe4c52190","name":"soporte","image":{"@type":"ImageObject","inLanguage":"es","@id":"https:\/\/ffyh.unc.edu.ar\/alfilo\/#\/schema\/person\/image\/","url":"https:\/\/secure.gravatar.com\/avatar\/ccd40043e5faec50f5bfc8fd1ba508e2228f018210ddcbcf662ed4624d9038c2?s=96&d=mm&r=g","contentUrl":"https:\/\/secure.gravatar.com\/avatar\/ccd40043e5faec50f5bfc8fd1ba508e2228f018210ddcbcf662ed4624d9038c2?s=96&d=mm&r=g","caption":"soporte"},"url":"https:\/\/ffyh.unc.edu.ar\/alfilo\/author\/admin\/"}]}},"jetpack_featured_media_url":"https:\/\/ffyh.unc.edu.ar\/alfilo\/wp-content\/uploads\/sites\/11\/2015\/10\/02-dar-a-luz-natalia-roca.jpg","jetpack_sharing_enabled":true,"_links":{"self":[{"href":"https:\/\/ffyh.unc.edu.ar\/alfilo\/wp-json\/wp\/v2\/posts\/2201","targetHints":{"allow":["GET"]}}],"collection":[{"href":"https:\/\/ffyh.unc.edu.ar\/alfilo\/wp-json\/wp\/v2\/posts"}],"about":[{"href":"https:\/\/ffyh.unc.edu.ar\/alfilo\/wp-json\/wp\/v2\/types\/post"}],"author":[{"embeddable":true,"href":"https:\/\/ffyh.unc.edu.ar\/alfilo\/wp-json\/wp\/v2\/users\/1"}],"replies":[{"embeddable":true,"href":"https:\/\/ffyh.unc.edu.ar\/alfilo\/wp-json\/wp\/v2\/comments?post=2201"}],"version-history":[{"count":1,"href":"https:\/\/ffyh.unc.edu.ar\/alfilo\/wp-json\/wp\/v2\/posts\/2201\/revisions"}],"predecessor-version":[{"id":4785,"href":"https:\/\/ffyh.unc.edu.ar\/alfilo\/wp-json\/wp\/v2\/posts\/2201\/revisions\/4785"}],"wp:featuredmedia":[{"embeddable":true,"href":"https:\/\/ffyh.unc.edu.ar\/alfilo\/wp-json\/wp\/v2\/media\/2202"}],"wp:attachment":[{"href":"https:\/\/ffyh.unc.edu.ar\/alfilo\/wp-json\/wp\/v2\/media?parent=2201"}],"wp:term":[{"taxonomy":"category","embeddable":true,"href":"https:\/\/ffyh.unc.edu.ar\/alfilo\/wp-json\/wp\/v2\/categories?post=2201"},{"taxonomy":"post_tag","embeddable":true,"href":"https:\/\/ffyh.unc.edu.ar\/alfilo\/wp-json\/wp\/v2\/tags?post=2201"}],"curies":[{"name":"wp","href":"https:\/\/api.w.org\/{rel}","templated":true}]}}