{"id":2686,"date":"2016-05-11T13:39:09","date_gmt":"2016-05-11T13:39:09","guid":{"rendered":"http:\/\/www.ffyh.unc.edu.ar\/alfilo\/?p=2686"},"modified":"2016-05-11T13:39:09","modified_gmt":"2016-05-11T13:39:09","slug":"hasta-1943-cordoba-fue-un-lugar-central-de-los-gremios-comunistas-y-de-la-experiencia-anarquista","status":"publish","type":"post","link":"https:\/\/ffyh.unc.edu.ar\/alfilo\/hasta-1943-cordoba-fue-un-lugar-central-de-los-gremios-comunistas-y-de-la-experiencia-anarquista\/","title":{"rendered":"\u201cHasta 1943, C\u00f3rdoba fue un lugar central de los gremios comunistas y de la experiencia anarquista\u201d"},"content":{"rendered":"<p><strong><em><a href=\"http:\/\/ffyh.unc.edu.ar\/alfilo2\/wp-content\/uploads\/sites\/11\/2016\/05\/documento-libro-roggio-1.jpg\"><img loading=\"lazy\" decoding=\"async\" class=\"alignright wp-image-2687\" title=\"Volante secuestrado por la polic\u00eda a trabajadores comunistas.\" src=\"http:\/\/ffyh.unc.edu.ar\/alfilo2\/wp-content\/uploads\/sites\/11\/2016\/05\/documento-libro-roggio-1-1024x769.jpg\" alt=\"documento-libro-roggio-1\" width=\"400\" height=\"300\" srcset=\"https:\/\/ffyh.unc.edu.ar\/alfilo\/wp-content\/uploads\/sites\/11\/2016\/05\/documento-libro-roggio-1-1024x769.jpg 1024w, https:\/\/ffyh.unc.edu.ar\/alfilo\/wp-content\/uploads\/sites\/11\/2016\/05\/documento-libro-roggio-1-300x225.jpg 300w, https:\/\/ffyh.unc.edu.ar\/alfilo\/wp-content\/uploads\/sites\/11\/2016\/05\/documento-libro-roggio-1-768x577.jpg 768w, https:\/\/ffyh.unc.edu.ar\/alfilo\/wp-content\/uploads\/sites\/11\/2016\/05\/documento-libro-roggio-1.jpg 1805w\" sizes=\"auto, (max-width: 400px) 100vw, 400px\" \/><\/a>\u201cRelaciones del Estado con el Mundo del Trabajo, 1910-1943\u201d <\/em>es el nombre de la compilaci\u00f3n documental que Patricia Roggio y un equipo de interdisciplinario realizaron en el CIFFyH con financiamiento de Secyt y que public\u00f3 la Editorial de la FFyH, en formato de e-book. Un material fundamental para conocer el desarrollo de las organizaciones sindicales en la primera mitad del siglo XX. <\/strong><\/p>\n<p><!--more--><\/p>\n<blockquote><p><em>\u201cTeniendo conocimiento por parte de nuestro mismo personal que en el d\u00eda de hoy o ma\u00f1ana llegar\u00e1n a esta localidad algunos agitadores de C\u00f3rdoba y Rosario con intenciones de revolucionar nuestro personal y ante el peligro que esto entra\u00f1a para nuestros intereses en el caso de producirse disturbios que sin duda han de ocurrir por el car\u00e1cter de los delegados, rogamos se sirva disponer las medidas del caso para evitar con tiempo lo que m\u00e1s tarde ser\u00eda quiz\u00e1s irreparable. <\/em><\/p>\n<p><em>Anticipamos a usted las m\u00e1s expresivas gracias y nos ofrecemos incondicionalmente a sus \u00f3rdenes attos. y Ss.Ss. <\/em><\/p>\n<p style=\"text-align: right\"><em>Mateo Scarafia <\/em><\/p>\n<p style=\"text-align: right\"><em>Minetti y C\u00eda<\/em><\/p>\n<\/blockquote>\n<p>\u201cComo expresa ese documento de la empresa Minetti, fechado el 11 de mayo de 1918 en Marcos Ju\u00e1rez, dirigido al Se\u00f1or J.D. Raccone, Jefe Pol\u00edtico de dicho Departamento, C\u00f3rdoba era un lugar central de la experiencia anarquista, y a partir de finales de la d\u00e9cada del 20 y durante toda la d\u00e9cada del 30 hasta el 43, que aparece Per\u00f3n y la Secretar\u00eda de Trabajo, de los gremios comunistas. Es m\u00e1s, los anarquistas tuvieron una pervivencia muy fuerte en la Provincia, mucho m\u00e1s de lo que se suele pensar\u201d, destaca, a modo de ejemplo, Patricia Roggio, directora de <a href=\"http:\/\/www.ffyh.unc.edu.ar\/sites\/default\/files\/e-books\/EBOOK_ROGGIO.pdf\" target=\"_blank\"><strong>\u201cRelaciones del Estado con el Mundo del Trabajo, 1910-1943\u201d<\/strong><\/a>, una compilaci\u00f3n documental que re\u00fane 147 expedientes producto de una minuciosa selecci\u00f3n de los miles y miles de documentos que conserva el Archivo de Gobierno de la Provincia de C\u00f3rdoba, y que este grupo interdisciplinario del Centro de Investigaciones de la Facultad de Filosof\u00eda y Humanidades (CIFFyH) public\u00f3 en formato de e-book con la Editorial de la FFyH. \u201cEl objetivo era conocer las experiencias de lucha y el desarrollo de las organizaciones sindicales cordobesas y su relaci\u00f3n con el Estado Provincial, que fueron cambiantes a medida que iba transcurriendo el siglo, inclusive diferentes que a nivel nacional a partir de las gestiones que gobernaron C\u00f3rdoba\u201d.<\/p>\n<figure id=\"attachment_2688\" aria-describedby=\"caption-attachment-2688\" style=\"width: 1024px\" class=\"wp-caption alignright\"><a href=\"http:\/\/ffyh.unc.edu.ar\/alfilo2\/wp-content\/uploads\/sites\/11\/2016\/05\/documento-libro-roggio-2.jpg\"><img loading=\"lazy\" decoding=\"async\" class=\"wp-image-2688 size-large\" src=\"http:\/\/ffyh.unc.edu.ar\/alfilo2\/wp-content\/uploads\/sites\/11\/2016\/05\/documento-libro-roggio-2-1024x743.jpg\" alt=\"documento-libro-roggio-2\" width=\"1024\" height=\"743\" srcset=\"https:\/\/ffyh.unc.edu.ar\/alfilo\/wp-content\/uploads\/sites\/11\/2016\/05\/documento-libro-roggio-2.jpg 1024w, https:\/\/ffyh.unc.edu.ar\/alfilo\/wp-content\/uploads\/sites\/11\/2016\/05\/documento-libro-roggio-2-300x218.jpg 300w, https:\/\/ffyh.unc.edu.ar\/alfilo\/wp-content\/uploads\/sites\/11\/2016\/05\/documento-libro-roggio-2-768x557.jpg 768w\" sizes=\"auto, (max-width: 1024px) 100vw, 1024px\" \/><\/a><figcaption id=\"caption-attachment-2688\" class=\"wp-caption-text\">Volante secuestrado por la polic\u00eda a trabajadores comunistas.<\/figcaption><\/figure>\n<p>El libro que compilaron Antonela Isoglio, In\u00e9s Ach\u00e1val Bec\u00fa, M\u00f3nica D\u00edaz Mariano, Mar\u00eda del Rosario Fuertes y Laura Blanca Perpetuo con la direcci\u00f3n de Roggio, presenta la digitalizaci\u00f3n de miles de documentos del Archivo Provincial, seleccionados despu\u00e9s de revisar y consultar 616 tomos de los 1234 que tiene el subfondo de Gobierno de este Archivo. \u201cLo nuestro es una compilaci\u00f3n documental que sirve de insumo para los investigadores, cientistas sociales y para las propias organizaciones sindicales, porque en estos documentos est\u00e1 una parte de su lucha y su experiencia organizativa, la de la primera mitad del siglo XX.\u00a0 La expresi\u00f3n involucra al Estado, desde la perspectiva de la construcci\u00f3n institucional, a trav\u00e9s de la cual ejerci\u00f3 el papel de mediador entre el capital y el trabajo, tanto para dar satisfacci\u00f3n a las demandas como para aplicar pol\u00edticas represivas a trav\u00e9s de las fuerzas de seguridad. Nos abocamos a buscar qu\u00e9 tipos de documentos exist\u00eda en el mundo del trabajo en el archivo de la provincia de C\u00f3rdoba, en un per\u00edodo hist\u00f3rico en el que gran parte de la documentaci\u00f3n de los gremios solo se encuentra aqu\u00ed, porque estas organizaciones no los tienen en su poder, por distintas razones: no hubo un marco legal por parte del Estado que reglara el resguardo de la documentaci\u00f3n, en los gremios no hubo real conciencia de la riqueza de ese material, y despu\u00e9s porque existi\u00f3 destrucci\u00f3n de documentos en los distintos golpes de estado desde el a\u00f1o 30 hasta ac\u00e1, con un ensa\u00f1amiento con la documentaci\u00f3n de las organizaciones gremiales\u201d, cuentan dos de las compiladoras.<\/p>\n<figure id=\"attachment_2690\" aria-describedby=\"caption-attachment-2690\" style=\"width: 1024px\" class=\"wp-caption alignright\"><a href=\"http:\/\/ffyh.unc.edu.ar\/alfilo2\/wp-content\/uploads\/sites\/11\/2016\/05\/patricia-roggio.jpg\"><img loading=\"lazy\" decoding=\"async\" class=\"wp-image-2690 size-large\" src=\"http:\/\/ffyh.unc.edu.ar\/alfilo2\/wp-content\/uploads\/sites\/11\/2016\/05\/patricia-roggio-1024x640.jpg\" alt=\"patricia-roggio\" width=\"1024\" height=\"640\" srcset=\"https:\/\/ffyh.unc.edu.ar\/alfilo\/wp-content\/uploads\/sites\/11\/2016\/05\/patricia-roggio-1024x640.jpg 1024w, https:\/\/ffyh.unc.edu.ar\/alfilo\/wp-content\/uploads\/sites\/11\/2016\/05\/patricia-roggio-300x188.jpg 300w, https:\/\/ffyh.unc.edu.ar\/alfilo\/wp-content\/uploads\/sites\/11\/2016\/05\/patricia-roggio-768x480.jpg 768w, https:\/\/ffyh.unc.edu.ar\/alfilo\/wp-content\/uploads\/sites\/11\/2016\/05\/patricia-roggio.jpg 1200w\" sizes=\"auto, (max-width: 1024px) 100vw, 1024px\" \/><\/a><figcaption id=\"caption-attachment-2690\" class=\"wp-caption-text\">Patricia Roggio: \u00abEl libro aporta documentos que nos permiten escuchar aquellas voces, conocer las duras y heroicas luchas de las organizaciones obreras en la primera mitad del siglo, valorar lo mucho que ha costado a los trabajadores la conquista de los derechos\u00bb.<\/figcaption><\/figure>\n<p>En este sentido, Roggio e Isoglio remarcan que \u201ccuando decimos \u2018el mundo del trabajo\u2019 nos referimos a una expresi\u00f3n amplia, porque en los documentos est\u00e1n las organizaciones sindicales, los conflictos protagonizados por ellas, sus orientaciones ideol\u00f3gicas, las condiciones materiales en las que trabajaban y viv\u00edan, y de la participaci\u00f3n del Estado en relaci\u00f3n a ese mundo del trabajo. Hicimos una selecci\u00f3n de los expedientes m\u00e1s representativos de estas situaciones\u201d. Para las investigadoras \u201clos documentos permiten vislumbrar la creciente complejidad y heterogeneidad que presenta la estructura burocr\u00e1tica del Estado provincial y el mundo del trabajo en una etapa en que se producen profundos cambios en la estructura productiva, por los grupos pol\u00edticos que ocupan el poder, los modelos de gesti\u00f3n, la arquitectura institucional y el marco legal destinado a entender en cuestiones relativas al trabajo, transformaciones que se hallan estrechamente relacionadas con la ampliaci\u00f3n de la ciudadan\u00eda pol\u00edtica, el estallido de la cuesti\u00f3n social y, con ello, la ampliaci\u00f3n de las demandas de los grupos subalternos\u201d.<\/p>\n<p><strong>&#8211; A principios del siglo XX hay una lucha sindical muy radical y violenta \u00bfEso va mejorando con el paso del tiempo? \u00bfQu\u00e9 muestran los documentos?<\/strong><\/p>\n<p>&#8211; Nuestro recorte temporal tiene un objetivo: cortamos en el 43 porque aparece Per\u00f3n, la Secretar\u00eda de Trabajo, C\u00f3rdoba tiene gobiernos peronistas y se nota un corte claro, porque a partir de ah\u00ed se vive una situaci\u00f3n dif\u00edcil para los gremios de orientaci\u00f3n comunista. Y luego, con la ley de asociaciones profesionales, hay una clara persecuci\u00f3n. Cortamos en esa fecha no de manera arbitraria, en el 43 con Per\u00f3n comienza un nuevo ciclo, y gran parte de los gremios que hoy est\u00e1n en C\u00f3rdoba son gremios que se fundan a partir de ese cambio. Pero en el per\u00edodo anterior, que es el que analizamos en el libro, casi todas las actividades tienen gremio, existe un sindicalismo muy fuerte, y sobre todo en el interior. Ten\u00e9s el <em>Tampierazo,<\/em> grandes huelgas del interior en el a\u00f1o 30, con comunistas que hab\u00edan organizado hasta una especie de soviet.<\/p>\n<p><strong>&#8211; \u00bfCu\u00e1les eran los sectores de la econom\u00eda en que los trabajadores estaban sindicalizados?<\/strong><\/p>\n<p>&#8211; Ferroviarios, carreros, tranviarios, frigor\u00edficos, panaderos, construcci\u00f3n, costureras, todas las actividades ten\u00edan gremios. De 1917 a 1922 hay huelgas muy fuertes en los ferrocarriles porque se detienen las inversiones de los ingleses. <strong>Y en estas primeras dos d\u00e9cadas del siglo los panaderos ten\u00edan mucho activismo, fueron el primer gremio que se funda en C\u00f3rdoba, eran anarquistas, de presencia muy fuerte. <\/strong>El comunismo surge a partir de mediados de la d\u00e9cada del 20, despu\u00e9s de la Revoluci\u00f3n de Octubre en Rusia, y se desarrolla en los a\u00f1os 30. El partido comunista surge en la Argentina en 1920 y en aqu\u00ed, en C\u00f3rdoba, un a\u00f1o despu\u00e9s. Y como a nivel nacional la dictadura de Uriburu los persigue de manera muy violenta, muchos se vienen para C\u00f3rdoba.<\/p>\n<p><strong>&#8211; \u00bfLa movilizaci\u00f3n y sindicalizaci\u00f3n de C\u00f3rdoba era m\u00e1s importante que en otras provincias?<\/strong><\/p>\n<p>&#8211; C\u00f3rdoba y Rosario, que estaban organizadas en funci\u00f3n del modelo agroexportador argentino, por eso hab\u00eda muchos intercambios entre dirigentes de ambas ciudades, como se puede ver en ese pedido de la empresa Minetti en Marcos Ju\u00e1rez, esto se ve en los documentos. Y tambi\u00e9n mucho internacionalismo obrero, que es una caracter\u00edstica del anarquismo. Llama la atenci\u00f3n cuando la polic\u00eda hac\u00eda las requisas, por ejemplo de un obrero alba\u00f1il, que encontraran diarios espa\u00f1oles, porque tambi\u00e9n fue importante la influencia que tuvo aqu\u00ed la Guerra Civil Espa\u00f1ola, que cuenta con mucha solidaridad. Los hermanos Manzanelli, que son comunistas muy conocidos de C\u00f3rdoba, van a combatir a Espa\u00f1a.<\/p>\n<p><strong>&#8211; En ese contexto de lucha internacional, \u00bfc\u00f3mo se dio la relaci\u00f3n entre Estado Provincial-organizaciones gremiales, mejoraron con los gobiernos democr\u00e1ticos, empeoraron con el golpe del 30?<\/strong><\/p>\n<p>&#8211; En C\u00f3rdoba tenes, a grandes rasgos, dos tipos de per\u00edodos: en los a\u00f1os del Estado liberal prescindente, previo a la crisis mundial del 30, hay una actitud estatal de incipiente estudio de la cuesti\u00f3n social, impacta en su visi\u00f3n los cambios que se empiezan a producir en la sociedad. Est\u00e1 la Revoluci\u00f3n Rusa del 17, que produce una caracterizaci\u00f3n de \u201crojos\u201d, \u201cmaximalistas\u201d, un imaginario en el aparato estatal ante la amenaza de estas movilizaciones en una C\u00f3rdoba conservadora, clerical, en el marco de un Estado que tiene un accionar claramente represivo por un lado -incluso con organizaciones parapoliciales, como la Liga Patri\u00f3tica-, que actu\u00f3 en la represi\u00f3n de los movimientos huelgu\u00edsticos del 17 al 22, en el per\u00edodo cr\u00edtico despu\u00e9s de la Primera Guerra Mundial. A nivel nacional son los a\u00f1os de la \u201cSemana Tr\u00e1gica\u201d de enero de 1919, y la represi\u00f3n obrera en la Patagonia en 1921 y 1922, y en C\u00f3rdoba se actuaba con la polic\u00eda brava, como se le dec\u00eda. Pero al mismo tiempo durante la gesti\u00f3n de Ram\u00f3n C\u00e1rcano el gobierno empieza a crear un conjunto de instituciones estatales, con la Oficina del Trabajo, aunque con una capacidad de acci\u00f3n muy pobre. Esto cambia en la d\u00e9cada del 30 con el gobierno de Amadeo Sabbatini, que tiene otra mirada del Estado, de la cuesti\u00f3n obrera, porque tambi\u00e9n la crisis econ\u00f3mica del 30 replantea esto. En C\u00f3rdoba, a diferencia del gobierno nacional que lidera Justo, se vive otra realidad. El quiebre de la relaci\u00f3n entre el Estado y la cuesti\u00f3n obrera en el plano nacional se da en el 43, pero previo a eso hay un accionar del Estado provincial que es interesante ver, porque aqu\u00ed no se da un cambio absoluto con la aparici\u00f3n del peronismo, incluso porque el peronismo cordob\u00e9s es muy particular, salvo el sector laborista que despu\u00e9s es anulado, aqu\u00ed la conformaci\u00f3n es conservadora. Sacando la experiencia de Obreg\u00f3n Cano y Atilio L\u00f3pez, lo sigue siendo.<\/p>\n<figure id=\"attachment_2689\" aria-describedby=\"caption-attachment-2689\" style=\"width: 1024px\" class=\"wp-caption alignright\"><a href=\"http:\/\/ffyh.unc.edu.ar\/alfilo2\/wp-content\/uploads\/sites\/11\/2016\/05\/documento-libro-roggio-3.jpg\"><img loading=\"lazy\" decoding=\"async\" class=\"wp-image-2689 size-large\" src=\"http:\/\/ffyh.unc.edu.ar\/alfilo2\/wp-content\/uploads\/sites\/11\/2016\/05\/documento-libro-roggio-3-1024x765.jpg\" alt=\"documento-libro-roggio-3\" width=\"1024\" height=\"765\" srcset=\"https:\/\/ffyh.unc.edu.ar\/alfilo\/wp-content\/uploads\/sites\/11\/2016\/05\/documento-libro-roggio-3-1024x765.jpg 1024w, https:\/\/ffyh.unc.edu.ar\/alfilo\/wp-content\/uploads\/sites\/11\/2016\/05\/documento-libro-roggio-3-300x224.jpg 300w, https:\/\/ffyh.unc.edu.ar\/alfilo\/wp-content\/uploads\/sites\/11\/2016\/05\/documento-libro-roggio-3-768x574.jpg 768w, https:\/\/ffyh.unc.edu.ar\/alfilo\/wp-content\/uploads\/sites\/11\/2016\/05\/documento-libro-roggio-3.jpg 1371w\" sizes=\"auto, (max-width: 1024px) 100vw, 1024px\" \/><\/a><figcaption id=\"caption-attachment-2689\" class=\"wp-caption-text\">Volante que se refiere al primer anarquista fusilado por el r\u00e9gimen de facto de Uriburu.<\/figcaption><\/figure>\n<p>En un presente pol\u00edtico nacional de fuerte retroceso de los sectores del mundo del trabajo en relaci\u00f3n al capital financiero internacional, este libro significa un gran aporte para conocer las experiencias de lucha del movimiento obrero, que dos de sus hacedoras intentan resaltar: \u201cla otra parte del trabajo fue identificar las organizaciones gremiales que existen hoy en C\u00f3rdoba capital, que son setenta y seis, e intentar, porque es muy complejo, ver qu\u00e9 ten\u00edan en esos archivos, qu\u00e9 tiene hoy las organizaciones gremiales en sus archivos\u201d. Por eso, Roggio e Isoglio advierten que \u201caunque no los tengan identificados en sus organigramas como archivos documentales, las organizaciones los tienen, el hecho es ver qu\u00e9 conservan. Nosotros empezamos con la Uni\u00f3n Obrera Gr\u00e1fica, porque su secretaria general, Ilda Bustos, nos abri\u00f3 sus puertas y hoy Norma San Nicol\u00e1s, de la FFyH, est\u00e1 trabajando con ese material. En esta b\u00fasqueda hemos podido confirmar que hay una ausencia hasta la recuperaci\u00f3n democr\u00e1tica, pero que existe una riqueza documental muy buena. Tambi\u00e9n en Luz y Fuerza existe un archivo muy golpeado, pero se ha hecho un trabajo de hormiga para recuperar documentos, lo mismo que en la UEPC, donde logramos identificar qu\u00e9 unidades de conservaci\u00f3n hay\u201d.<\/p>\n<p>A modo de s\u00edntesis, para Roggio el libro \u201caporta documentos que nos permiten escuchar aquellas voces, conocer las duras\u00a0y heroicas luchas de las organizaciones obreras en la primera mitad del siglo, valorar lo mucho que ha costado a los trabajadores la conquista de los derechos<strong>,<\/strong> adem\u00e1s de la certeza\u00a0de que en este capitalismo neoliberal salvaje en el que estamos viviendo, s\u00f3lo la movilizaci\u00f3n y la lucha impedir\u00e1n que se siga operando la terrible redistribuci\u00f3n regresiva de la riqueza que hoy se vive en la Argentina y en gran parte del mundo, porque realmente vienen por todo\u201d.<\/p>\n<p>&nbsp;<\/p>\n<table style=\"height: 734px\" width=\"646\">\n<tbody>\n<tr>\n<td width=\"576\">\n<h3><strong>Un paso hacia el archivo del movimiento obrero cordob\u00e9s<\/strong><\/h3>\n<p><strong><em><a href=\"http:\/\/ffyh.unc.edu.ar\/alfilo2\/wp-content\/uploads\/sites\/11\/2016\/05\/tapa-libro-roggio.jpg\"><img loading=\"lazy\" decoding=\"async\" class=\"alignright size-full wp-image-2691\" src=\"http:\/\/ffyh.unc.edu.ar\/alfilo2\/wp-content\/uploads\/sites\/11\/2016\/05\/tapa-libro-roggio.jpg\" alt=\"tapa-libro-roggio\" width=\"397\" height=\"542\" srcset=\"https:\/\/ffyh.unc.edu.ar\/alfilo\/wp-content\/uploads\/sites\/11\/2016\/05\/tapa-libro-roggio.jpg 397w, https:\/\/ffyh.unc.edu.ar\/alfilo\/wp-content\/uploads\/sites\/11\/2016\/05\/tapa-libro-roggio-220x300.jpg 220w\" sizes=\"auto, (max-width: 397px) 100vw, 397px\" \/><\/a>\u201cRelaciones del Estado con el Mundo del Trabajo, 1910-1943\u201d<\/em><\/strong> se construy\u00f3 a partir de la identificaci\u00f3n, digitalizaci\u00f3n, selecci\u00f3n y transcripci\u00f3n de la documentaci\u00f3n del Archivo de Gobierno de la Provincia de C\u00f3rdoba (AGPC), que contiene la documentaci\u00f3n generada a partir de la relaci\u00f3n entre el Estado provincial y lo que denominamos el mundo el trabajo, en la etapa que se extiende entre 1910 y 1943, el per\u00edodo del Estado liberal prescindente que se configura a partir de fines del siglo XIX y principios del XX y que va cambiando lentamente su fisonom\u00eda y transformando la burocracia estatal con un entramado de instituciones reguladoras de las relaciones capital-trabajo ante la emergente cuesti\u00f3n social y la crisis del a\u00f1o 30. Este proceso culmina con la aparici\u00f3n del peronismo a partir del a\u00f1o 1943, en el que definitivamente la fisonom\u00eda del Estado y del sindicalismo se conforma con una estructura que permanece en su esencia hasta la actualidad. Antonela Isoglio, comunicadora y T\u00e9cnica Archivera\u00a0que particip\u00f3 de todo el proceso, cuenta que \u201ctrabajamos con 616 tomos de 1234 que tiene el subfondo gobierno, digitalizando miles de documentos y seleccionando 147 expedientes. Mucho de lo que encontramos no ten\u00eda \u00edndice y en el libro organizamos la informaci\u00f3n a partir de dos \u00edndices, por asuntos y por organizaciones gremiales que pudimos identificar y de dirigentes.<\/p>\n<p><strong>&#8211; \u00bfEs un material de consulta para investigadores?<\/strong><\/p>\n<p>&#8211; Claro, y para docentes\u00a0de la Escuela de Archivolog\u00eda que trabajan con documentos, adem\u00e1s de las organizaciones sindicales. Publicamos un \u00edndice de dirigentes con la afiliaci\u00f3n ideol\u00f3gica -que es la que se les asigna en los documentos-, y eso tiene un objetivo: sumar a las biograf\u00edas de dirigentes sindicales que han hecho otros investigadores, como Lobato, Tarcus. Quien haga una biograf\u00eda sobre dirigentes sindicales los podr\u00e1 encontrar en alguna actividad, ayudando a\u00a0 revelar una faceta de esos trabajadores sobre su acci\u00f3n. La idea es presentar el libro en la Casa Hist\u00f3rica de la CGT de C\u00f3rdoba, porque es un insumo para que los gremios se reconozcan en su propia historia, en su trayectoria sindical. Que tanto el trabajador como la propia organizaci\u00f3n sindical puedan acceder a sus documentos.<\/p>\n<p>A pesar de la riqueza sindical cordobesa a lo largo de su historia, Isoglio remarca que \u201ccuando se plante\u00f3 el \u00edndice de dirigentes, fue para recuperar la identidad de los dirigentes locales, ya que no hay mucha producci\u00f3n en este sentido no hay, salvo la de Gardenia Vidal que recupera hasta 1950, o lo de Tarcus, donde salen algunos dirigentes de C\u00f3rdoba. Tambi\u00e9n esto ayuda a hacer fortalecer y ampliar el archivo de historia oral que est\u00e1 en el CEA (Centro de Estudios Avanzados de la UNC), porque al ver los nombres en estos libros es posible recuperar testimonios orales que de otro modo quedar\u00edan en el olvido\u00bb.<\/p>\n<p>A partir de este esfuerzo de investigaci\u00f3n que publica en formato de e-book la Editorial de la FFyH, Roggio adelanta que el objetivo con la Casa Hist\u00f3rica de la CGT es \u201ccrear un centro de documentaci\u00f3n, una biblioteca del movimiento obrero de C\u00f3rdoba, pero es un proyecto, una idea todav\u00eda. Nosotros le presentamos a la CGT Chacabuco un proyecto sobre la importancia del resguardo de la documentaci\u00f3n, porque en muchos casos la informaci\u00f3n est\u00e1, solo hay que organizarla\u201d.<\/td>\n<\/tr>\n<\/tbody>\n<\/table>\n<ul>\n<li style=\"text-align: left\"><a href=\"http:\/\/www.ffyh.unc.edu.ar\/sites\/default\/files\/e-books\/EBOOK_ROGGIO.pdf\" target=\"_blank\">Descargar e-book<\/a>\u00a0<a href=\"http:\/\/www.ffyh.unc.edu.ar\/sites\/default\/files\/e-books\/EBOOK_ROGGIO.pdf\" target=\"_blank\">\u201cRelaciones del Estado con el Mundo del Trabajo, 1910-1943\u201d<\/a><\/li>\n<\/ul>\n<p style=\"text-align: right\"><strong>\u00a0<\/strong>Por<strong> Camilo Ratti<\/strong><\/p>\n<p style=\"text-align: right\">Fotograf\u00edas: <strong>Irina Mor\u00e1n<\/strong> y gentileza <strong>Patricia Roggio<\/strong> y <strong>Antonella Isoglio<\/strong><\/p>\n","protected":false},"excerpt":{"rendered":"<div class=\"mh-excerpt\"><p>\u201cRelaciones del Estado con el Mundo del Trabajo, 1910-1943\u201d es el nombre de la compilaci\u00f3n documental que Patricia Roggio y un equipo de interdisciplinario realizaron en el CIFFyH con financiamiento de Secyt y que public\u00f3 la Editorial de la FFyH, <a class=\"mh-excerpt-more\" href=\"https:\/\/ffyh.unc.edu.ar\/alfilo\/hasta-1943-cordoba-fue-un-lugar-central-de-los-gremios-comunistas-y-de-la-experiencia-anarquista\/\" title=\"\u201cHasta 1943, C\u00f3rdoba fue un lugar central de los gremios comunistas y de la experiencia anarquista\u201d\">[Leer m\u00e1s]<\/a><\/p>\n<\/div>","protected":false},"author":1,"featured_media":2687,"comment_status":"open","ping_status":"open","sticky":false,"template":"","format":"standard","meta":{"_acf_changed":false,"_monsterinsights_skip_tracking":false,"_monsterinsights_sitenote_active":false,"_monsterinsights_sitenote_note":"","_monsterinsights_sitenote_category":0,"_jetpack_memberships_contains_paid_content":false,"footnotes":""},"categories":[18],"tags":[100],"class_list":["post-2686","post","type-post","status-publish","format-standard","has-post-thumbnail","hentry","category-18","tag-investigacion"],"acf":[],"yoast_head":"<!-- This site is optimized with the Yoast SEO plugin v27.1.1 - https:\/\/yoast.com\/product\/yoast-seo-wordpress\/ -->\n<title>\u201cHasta 1943, C\u00f3rdoba fue un lugar central de los gremios comunistas y de la experiencia anarquista\u201d - Alfilo<\/title>\n<meta name=\"robots\" content=\"index, follow, max-snippet:-1, max-image-preview:large, max-video-preview:-1\" \/>\n<link rel=\"canonical\" href=\"https:\/\/ffyh.unc.edu.ar\/alfilo\/hasta-1943-cordoba-fue-un-lugar-central-de-los-gremios-comunistas-y-de-la-experiencia-anarquista\/\" \/>\n<meta property=\"og:locale\" content=\"es_ES\" \/>\n<meta property=\"og:type\" content=\"article\" \/>\n<meta property=\"og:title\" content=\"\u201cHasta 1943, C\u00f3rdoba fue un lugar central de los gremios comunistas y de la experiencia anarquista\u201d - Alfilo\" \/>\n<meta property=\"og:description\" content=\"\u201cRelaciones del Estado con el Mundo del Trabajo, 1910-1943\u201d es el nombre de la compilaci\u00f3n documental que Patricia Roggio y un equipo de interdisciplinario realizaron en el CIFFyH con financiamiento de Secyt y que public\u00f3 la Editorial de la FFyH, [Leer m\u00e1s]\" \/>\n<meta property=\"og:url\" content=\"https:\/\/ffyh.unc.edu.ar\/alfilo\/hasta-1943-cordoba-fue-un-lugar-central-de-los-gremios-comunistas-y-de-la-experiencia-anarquista\/\" \/>\n<meta property=\"og:site_name\" content=\"Alfilo\" \/>\n<meta property=\"article:publisher\" content=\"https:\/\/www.facebook.com\/ffyh.unc\/\" \/>\n<meta property=\"article:published_time\" content=\"2016-05-11T13:39:09+00:00\" \/>\n<meta property=\"og:image\" content=\"https:\/\/ffyh.unc.edu.ar\/alfilo\/wp-content\/uploads\/sites\/11\/2016\/05\/documento-libro-roggio-1.jpg\" \/>\n\t<meta property=\"og:image:width\" content=\"1805\" \/>\n\t<meta property=\"og:image:height\" content=\"1356\" \/>\n\t<meta property=\"og:image:type\" content=\"image\/jpeg\" \/>\n<meta name=\"author\" content=\"soporte\" \/>\n<meta name=\"twitter:card\" content=\"summary_large_image\" \/>\n<meta name=\"twitter:creator\" content=\"@ffyh_unc\" \/>\n<meta name=\"twitter:site\" content=\"@ffyh_unc\" \/>\n<meta name=\"twitter:label1\" content=\"Escrito por\" \/>\n\t<meta name=\"twitter:data1\" content=\"\" \/>\n\t<meta name=\"twitter:label2\" content=\"Tiempo de lectura\" \/>\n\t<meta name=\"twitter:data2\" content=\"14 minutos\" \/>\n<script type=\"application\/ld+json\" class=\"yoast-schema-graph\">{\"@context\":\"https:\/\/schema.org\",\"@graph\":[{\"@type\":\"Article\",\"@id\":\"https:\/\/ffyh.unc.edu.ar\/alfilo\/hasta-1943-cordoba-fue-un-lugar-central-de-los-gremios-comunistas-y-de-la-experiencia-anarquista\/#article\",\"isPartOf\":{\"@id\":\"https:\/\/ffyh.unc.edu.ar\/alfilo\/hasta-1943-cordoba-fue-un-lugar-central-de-los-gremios-comunistas-y-de-la-experiencia-anarquista\/\"},\"author\":{\"name\":\"soporte\",\"@id\":\"https:\/\/ffyh.unc.edu.ar\/alfilo\/#\/schema\/person\/57a743469801e7e195e268bfe4c52190\"},\"headline\":\"\u201cHasta 1943, C\u00f3rdoba fue un lugar central de los gremios comunistas y de la experiencia anarquista\u201d\",\"datePublished\":\"2016-05-11T13:39:09+00:00\",\"mainEntityOfPage\":{\"@id\":\"https:\/\/ffyh.unc.edu.ar\/alfilo\/hasta-1943-cordoba-fue-un-lugar-central-de-los-gremios-comunistas-y-de-la-experiencia-anarquista\/\"},\"wordCount\":2746,\"commentCount\":2,\"publisher\":{\"@id\":\"https:\/\/ffyh.unc.edu.ar\/alfilo\/#organization\"},\"image\":{\"@id\":\"https:\/\/ffyh.unc.edu.ar\/alfilo\/hasta-1943-cordoba-fue-un-lugar-central-de-los-gremios-comunistas-y-de-la-experiencia-anarquista\/#primaryimage\"},\"thumbnailUrl\":\"https:\/\/ffyh.unc.edu.ar\/alfilo\/wp-content\/uploads\/sites\/11\/2016\/05\/documento-libro-roggio-1.jpg\",\"keywords\":[\"Investigaci\u00f3n\"],\"articleSection\":[\"50\"],\"inLanguage\":\"es\",\"potentialAction\":[{\"@type\":\"CommentAction\",\"name\":\"Comment\",\"target\":[\"https:\/\/ffyh.unc.edu.ar\/alfilo\/hasta-1943-cordoba-fue-un-lugar-central-de-los-gremios-comunistas-y-de-la-experiencia-anarquista\/#respond\"]}]},{\"@type\":\"WebPage\",\"@id\":\"https:\/\/ffyh.unc.edu.ar\/alfilo\/hasta-1943-cordoba-fue-un-lugar-central-de-los-gremios-comunistas-y-de-la-experiencia-anarquista\/\",\"url\":\"https:\/\/ffyh.unc.edu.ar\/alfilo\/hasta-1943-cordoba-fue-un-lugar-central-de-los-gremios-comunistas-y-de-la-experiencia-anarquista\/\",\"name\":\"\u201cHasta 1943, C\u00f3rdoba fue un lugar central de los gremios comunistas y de la experiencia anarquista\u201d - Alfilo\",\"isPartOf\":{\"@id\":\"https:\/\/ffyh.unc.edu.ar\/alfilo\/#website\"},\"primaryImageOfPage\":{\"@id\":\"https:\/\/ffyh.unc.edu.ar\/alfilo\/hasta-1943-cordoba-fue-un-lugar-central-de-los-gremios-comunistas-y-de-la-experiencia-anarquista\/#primaryimage\"},\"image\":{\"@id\":\"https:\/\/ffyh.unc.edu.ar\/alfilo\/hasta-1943-cordoba-fue-un-lugar-central-de-los-gremios-comunistas-y-de-la-experiencia-anarquista\/#primaryimage\"},\"thumbnailUrl\":\"https:\/\/ffyh.unc.edu.ar\/alfilo\/wp-content\/uploads\/sites\/11\/2016\/05\/documento-libro-roggio-1.jpg\",\"datePublished\":\"2016-05-11T13:39:09+00:00\",\"breadcrumb\":{\"@id\":\"https:\/\/ffyh.unc.edu.ar\/alfilo\/hasta-1943-cordoba-fue-un-lugar-central-de-los-gremios-comunistas-y-de-la-experiencia-anarquista\/#breadcrumb\"},\"inLanguage\":\"es\",\"potentialAction\":[{\"@type\":\"ReadAction\",\"target\":[\"https:\/\/ffyh.unc.edu.ar\/alfilo\/hasta-1943-cordoba-fue-un-lugar-central-de-los-gremios-comunistas-y-de-la-experiencia-anarquista\/\"]}]},{\"@type\":\"ImageObject\",\"inLanguage\":\"es\",\"@id\":\"https:\/\/ffyh.unc.edu.ar\/alfilo\/hasta-1943-cordoba-fue-un-lugar-central-de-los-gremios-comunistas-y-de-la-experiencia-anarquista\/#primaryimage\",\"url\":\"https:\/\/ffyh.unc.edu.ar\/alfilo\/wp-content\/uploads\/sites\/11\/2016\/05\/documento-libro-roggio-1.jpg\",\"contentUrl\":\"https:\/\/ffyh.unc.edu.ar\/alfilo\/wp-content\/uploads\/sites\/11\/2016\/05\/documento-libro-roggio-1.jpg\",\"width\":1805,\"height\":1356},{\"@type\":\"BreadcrumbList\",\"@id\":\"https:\/\/ffyh.unc.edu.ar\/alfilo\/hasta-1943-cordoba-fue-un-lugar-central-de-los-gremios-comunistas-y-de-la-experiencia-anarquista\/#breadcrumb\",\"itemListElement\":[{\"@type\":\"ListItem\",\"position\":1,\"name\":\"Portada\",\"item\":\"https:\/\/ffyh.unc.edu.ar\/alfilo\/\"},{\"@type\":\"ListItem\",\"position\":2,\"name\":\"\u201cHasta 1943, C\u00f3rdoba fue un lugar central de los gremios comunistas y de la experiencia anarquista\u201d\"}]},{\"@type\":\"WebSite\",\"@id\":\"https:\/\/ffyh.unc.edu.ar\/alfilo\/#website\",\"url\":\"https:\/\/ffyh.unc.edu.ar\/alfilo\/\",\"name\":\"Alfilo\",\"description\":\"Revista digital de la Facultad de Filosof\u00eda y Humanidades - Universidad Nacional de C\u00f3rdoba\",\"publisher\":{\"@id\":\"https:\/\/ffyh.unc.edu.ar\/alfilo\/#organization\"},\"potentialAction\":[{\"@type\":\"SearchAction\",\"target\":{\"@type\":\"EntryPoint\",\"urlTemplate\":\"https:\/\/ffyh.unc.edu.ar\/alfilo\/?s={search_term_string}\"},\"query-input\":{\"@type\":\"PropertyValueSpecification\",\"valueRequired\":true,\"valueName\":\"search_term_string\"}}],\"inLanguage\":\"es\"},{\"@type\":\"Organization\",\"@id\":\"https:\/\/ffyh.unc.edu.ar\/alfilo\/#organization\",\"name\":\"Alfilo | Revista digital de la Facultad de Filosof\u00eda y Humanidades | UNC\",\"url\":\"https:\/\/ffyh.unc.edu.ar\/alfilo\/\",\"logo\":{\"@type\":\"ImageObject\",\"inLanguage\":\"es\",\"@id\":\"https:\/\/ffyh.unc.edu.ar\/alfilo\/#\/schema\/logo\/image\/\",\"url\":\"https:\/\/ffyh.unc.edu.ar\/alfilo\/wp-content\/uploads\/sites\/11\/2015\/04\/banner-alfilo-2015-ico.jpg\",\"contentUrl\":\"https:\/\/ffyh.unc.edu.ar\/alfilo\/wp-content\/uploads\/sites\/11\/2015\/04\/banner-alfilo-2015-ico.jpg\",\"width\":253,\"height\":128,\"caption\":\"Alfilo | Revista digital de la Facultad de Filosof\u00eda y Humanidades | UNC\"},\"image\":{\"@id\":\"https:\/\/ffyh.unc.edu.ar\/alfilo\/#\/schema\/logo\/image\/\"},\"sameAs\":[\"https:\/\/www.facebook.com\/ffyh.unc\/\",\"https:\/\/x.com\/ffyh_unc\",\"https:\/\/www.instagram.com\/ffyhunc\/\",\"https:\/\/www.youtube.com\/user\/comunicacionfilo\"]},{\"@type\":\"Person\",\"@id\":\"https:\/\/ffyh.unc.edu.ar\/alfilo\/#\/schema\/person\/57a743469801e7e195e268bfe4c52190\",\"name\":\"soporte\",\"image\":{\"@type\":\"ImageObject\",\"inLanguage\":\"es\",\"@id\":\"https:\/\/ffyh.unc.edu.ar\/alfilo\/#\/schema\/person\/image\/\",\"url\":\"https:\/\/secure.gravatar.com\/avatar\/ccd40043e5faec50f5bfc8fd1ba508e2228f018210ddcbcf662ed4624d9038c2?s=96&d=mm&r=g\",\"contentUrl\":\"https:\/\/secure.gravatar.com\/avatar\/ccd40043e5faec50f5bfc8fd1ba508e2228f018210ddcbcf662ed4624d9038c2?s=96&d=mm&r=g\",\"caption\":\"soporte\"},\"url\":\"https:\/\/ffyh.unc.edu.ar\/alfilo\/author\/admin\/\"}]}<\/script>\n<!-- \/ Yoast SEO plugin. -->","yoast_head_json":{"title":"\u201cHasta 1943, C\u00f3rdoba fue un lugar central de los gremios comunistas y de la experiencia anarquista\u201d - Alfilo","robots":{"index":"index","follow":"follow","max-snippet":"max-snippet:-1","max-image-preview":"max-image-preview:large","max-video-preview":"max-video-preview:-1"},"canonical":"https:\/\/ffyh.unc.edu.ar\/alfilo\/hasta-1943-cordoba-fue-un-lugar-central-de-los-gremios-comunistas-y-de-la-experiencia-anarquista\/","og_locale":"es_ES","og_type":"article","og_title":"\u201cHasta 1943, C\u00f3rdoba fue un lugar central de los gremios comunistas y de la experiencia anarquista\u201d - Alfilo","og_description":"\u201cRelaciones del Estado con el Mundo del Trabajo, 1910-1943\u201d es el nombre de la compilaci\u00f3n documental que Patricia Roggio y un equipo de interdisciplinario realizaron en el CIFFyH con financiamiento de Secyt y que public\u00f3 la Editorial de la FFyH, [Leer m\u00e1s]","og_url":"https:\/\/ffyh.unc.edu.ar\/alfilo\/hasta-1943-cordoba-fue-un-lugar-central-de-los-gremios-comunistas-y-de-la-experiencia-anarquista\/","og_site_name":"Alfilo","article_publisher":"https:\/\/www.facebook.com\/ffyh.unc\/","article_published_time":"2016-05-11T13:39:09+00:00","og_image":[{"width":1805,"height":1356,"url":"https:\/\/ffyh.unc.edu.ar\/alfilo\/wp-content\/uploads\/sites\/11\/2016\/05\/documento-libro-roggio-1.jpg","type":"image\/jpeg"}],"author":"soporte","twitter_card":"summary_large_image","twitter_creator":"@ffyh_unc","twitter_site":"@ffyh_unc","twitter_misc":{"Escrito por":false,"Tiempo de lectura":"14 minutos"},"schema":{"@context":"https:\/\/schema.org","@graph":[{"@type":"Article","@id":"https:\/\/ffyh.unc.edu.ar\/alfilo\/hasta-1943-cordoba-fue-un-lugar-central-de-los-gremios-comunistas-y-de-la-experiencia-anarquista\/#article","isPartOf":{"@id":"https:\/\/ffyh.unc.edu.ar\/alfilo\/hasta-1943-cordoba-fue-un-lugar-central-de-los-gremios-comunistas-y-de-la-experiencia-anarquista\/"},"author":{"name":"soporte","@id":"https:\/\/ffyh.unc.edu.ar\/alfilo\/#\/schema\/person\/57a743469801e7e195e268bfe4c52190"},"headline":"\u201cHasta 1943, C\u00f3rdoba fue un lugar central de los gremios comunistas y de la experiencia anarquista\u201d","datePublished":"2016-05-11T13:39:09+00:00","mainEntityOfPage":{"@id":"https:\/\/ffyh.unc.edu.ar\/alfilo\/hasta-1943-cordoba-fue-un-lugar-central-de-los-gremios-comunistas-y-de-la-experiencia-anarquista\/"},"wordCount":2746,"commentCount":2,"publisher":{"@id":"https:\/\/ffyh.unc.edu.ar\/alfilo\/#organization"},"image":{"@id":"https:\/\/ffyh.unc.edu.ar\/alfilo\/hasta-1943-cordoba-fue-un-lugar-central-de-los-gremios-comunistas-y-de-la-experiencia-anarquista\/#primaryimage"},"thumbnailUrl":"https:\/\/ffyh.unc.edu.ar\/alfilo\/wp-content\/uploads\/sites\/11\/2016\/05\/documento-libro-roggio-1.jpg","keywords":["Investigaci\u00f3n"],"articleSection":["50"],"inLanguage":"es","potentialAction":[{"@type":"CommentAction","name":"Comment","target":["https:\/\/ffyh.unc.edu.ar\/alfilo\/hasta-1943-cordoba-fue-un-lugar-central-de-los-gremios-comunistas-y-de-la-experiencia-anarquista\/#respond"]}]},{"@type":"WebPage","@id":"https:\/\/ffyh.unc.edu.ar\/alfilo\/hasta-1943-cordoba-fue-un-lugar-central-de-los-gremios-comunistas-y-de-la-experiencia-anarquista\/","url":"https:\/\/ffyh.unc.edu.ar\/alfilo\/hasta-1943-cordoba-fue-un-lugar-central-de-los-gremios-comunistas-y-de-la-experiencia-anarquista\/","name":"\u201cHasta 1943, C\u00f3rdoba fue un lugar central de los gremios comunistas y de la experiencia anarquista\u201d - Alfilo","isPartOf":{"@id":"https:\/\/ffyh.unc.edu.ar\/alfilo\/#website"},"primaryImageOfPage":{"@id":"https:\/\/ffyh.unc.edu.ar\/alfilo\/hasta-1943-cordoba-fue-un-lugar-central-de-los-gremios-comunistas-y-de-la-experiencia-anarquista\/#primaryimage"},"image":{"@id":"https:\/\/ffyh.unc.edu.ar\/alfilo\/hasta-1943-cordoba-fue-un-lugar-central-de-los-gremios-comunistas-y-de-la-experiencia-anarquista\/#primaryimage"},"thumbnailUrl":"https:\/\/ffyh.unc.edu.ar\/alfilo\/wp-content\/uploads\/sites\/11\/2016\/05\/documento-libro-roggio-1.jpg","datePublished":"2016-05-11T13:39:09+00:00","breadcrumb":{"@id":"https:\/\/ffyh.unc.edu.ar\/alfilo\/hasta-1943-cordoba-fue-un-lugar-central-de-los-gremios-comunistas-y-de-la-experiencia-anarquista\/#breadcrumb"},"inLanguage":"es","potentialAction":[{"@type":"ReadAction","target":["https:\/\/ffyh.unc.edu.ar\/alfilo\/hasta-1943-cordoba-fue-un-lugar-central-de-los-gremios-comunistas-y-de-la-experiencia-anarquista\/"]}]},{"@type":"ImageObject","inLanguage":"es","@id":"https:\/\/ffyh.unc.edu.ar\/alfilo\/hasta-1943-cordoba-fue-un-lugar-central-de-los-gremios-comunistas-y-de-la-experiencia-anarquista\/#primaryimage","url":"https:\/\/ffyh.unc.edu.ar\/alfilo\/wp-content\/uploads\/sites\/11\/2016\/05\/documento-libro-roggio-1.jpg","contentUrl":"https:\/\/ffyh.unc.edu.ar\/alfilo\/wp-content\/uploads\/sites\/11\/2016\/05\/documento-libro-roggio-1.jpg","width":1805,"height":1356},{"@type":"BreadcrumbList","@id":"https:\/\/ffyh.unc.edu.ar\/alfilo\/hasta-1943-cordoba-fue-un-lugar-central-de-los-gremios-comunistas-y-de-la-experiencia-anarquista\/#breadcrumb","itemListElement":[{"@type":"ListItem","position":1,"name":"Portada","item":"https:\/\/ffyh.unc.edu.ar\/alfilo\/"},{"@type":"ListItem","position":2,"name":"\u201cHasta 1943, C\u00f3rdoba fue un lugar central de los gremios comunistas y de la experiencia anarquista\u201d"}]},{"@type":"WebSite","@id":"https:\/\/ffyh.unc.edu.ar\/alfilo\/#website","url":"https:\/\/ffyh.unc.edu.ar\/alfilo\/","name":"Alfilo","description":"Revista digital de la Facultad de Filosof\u00eda y Humanidades - Universidad Nacional de C\u00f3rdoba","publisher":{"@id":"https:\/\/ffyh.unc.edu.ar\/alfilo\/#organization"},"potentialAction":[{"@type":"SearchAction","target":{"@type":"EntryPoint","urlTemplate":"https:\/\/ffyh.unc.edu.ar\/alfilo\/?s={search_term_string}"},"query-input":{"@type":"PropertyValueSpecification","valueRequired":true,"valueName":"search_term_string"}}],"inLanguage":"es"},{"@type":"Organization","@id":"https:\/\/ffyh.unc.edu.ar\/alfilo\/#organization","name":"Alfilo | Revista digital de la Facultad de Filosof\u00eda y Humanidades | UNC","url":"https:\/\/ffyh.unc.edu.ar\/alfilo\/","logo":{"@type":"ImageObject","inLanguage":"es","@id":"https:\/\/ffyh.unc.edu.ar\/alfilo\/#\/schema\/logo\/image\/","url":"https:\/\/ffyh.unc.edu.ar\/alfilo\/wp-content\/uploads\/sites\/11\/2015\/04\/banner-alfilo-2015-ico.jpg","contentUrl":"https:\/\/ffyh.unc.edu.ar\/alfilo\/wp-content\/uploads\/sites\/11\/2015\/04\/banner-alfilo-2015-ico.jpg","width":253,"height":128,"caption":"Alfilo | Revista digital de la Facultad de Filosof\u00eda y Humanidades | UNC"},"image":{"@id":"https:\/\/ffyh.unc.edu.ar\/alfilo\/#\/schema\/logo\/image\/"},"sameAs":["https:\/\/www.facebook.com\/ffyh.unc\/","https:\/\/x.com\/ffyh_unc","https:\/\/www.instagram.com\/ffyhunc\/","https:\/\/www.youtube.com\/user\/comunicacionfilo"]},{"@type":"Person","@id":"https:\/\/ffyh.unc.edu.ar\/alfilo\/#\/schema\/person\/57a743469801e7e195e268bfe4c52190","name":"soporte","image":{"@type":"ImageObject","inLanguage":"es","@id":"https:\/\/ffyh.unc.edu.ar\/alfilo\/#\/schema\/person\/image\/","url":"https:\/\/secure.gravatar.com\/avatar\/ccd40043e5faec50f5bfc8fd1ba508e2228f018210ddcbcf662ed4624d9038c2?s=96&d=mm&r=g","contentUrl":"https:\/\/secure.gravatar.com\/avatar\/ccd40043e5faec50f5bfc8fd1ba508e2228f018210ddcbcf662ed4624d9038c2?s=96&d=mm&r=g","caption":"soporte"},"url":"https:\/\/ffyh.unc.edu.ar\/alfilo\/author\/admin\/"}]}},"jetpack_featured_media_url":"https:\/\/ffyh.unc.edu.ar\/alfilo\/wp-content\/uploads\/sites\/11\/2016\/05\/documento-libro-roggio-1.jpg","jetpack_sharing_enabled":true,"_links":{"self":[{"href":"https:\/\/ffyh.unc.edu.ar\/alfilo\/wp-json\/wp\/v2\/posts\/2686","targetHints":{"allow":["GET"]}}],"collection":[{"href":"https:\/\/ffyh.unc.edu.ar\/alfilo\/wp-json\/wp\/v2\/posts"}],"about":[{"href":"https:\/\/ffyh.unc.edu.ar\/alfilo\/wp-json\/wp\/v2\/types\/post"}],"author":[{"embeddable":true,"href":"https:\/\/ffyh.unc.edu.ar\/alfilo\/wp-json\/wp\/v2\/users\/1"}],"replies":[{"embeddable":true,"href":"https:\/\/ffyh.unc.edu.ar\/alfilo\/wp-json\/wp\/v2\/comments?post=2686"}],"version-history":[{"count":0,"href":"https:\/\/ffyh.unc.edu.ar\/alfilo\/wp-json\/wp\/v2\/posts\/2686\/revisions"}],"wp:featuredmedia":[{"embeddable":true,"href":"https:\/\/ffyh.unc.edu.ar\/alfilo\/wp-json\/wp\/v2\/media\/2687"}],"wp:attachment":[{"href":"https:\/\/ffyh.unc.edu.ar\/alfilo\/wp-json\/wp\/v2\/media?parent=2686"}],"wp:term":[{"taxonomy":"category","embeddable":true,"href":"https:\/\/ffyh.unc.edu.ar\/alfilo\/wp-json\/wp\/v2\/categories?post=2686"},{"taxonomy":"post_tag","embeddable":true,"href":"https:\/\/ffyh.unc.edu.ar\/alfilo\/wp-json\/wp\/v2\/tags?post=2686"}],"curies":[{"name":"wp","href":"https:\/\/api.w.org\/{rel}","templated":true}]}}