{"id":3115,"date":"2016-07-19T16:43:07","date_gmt":"2016-07-19T16:43:07","guid":{"rendered":"http:\/\/www.ffyh.unc.edu.ar\/alfilo\/?p=3115"},"modified":"2017-09-08T15:15:25","modified_gmt":"2017-09-08T15:15:25","slug":"el-macrismo-intenta-reducir-una-decada-de-intensa-vida-politica-a-un-episodio-policial","status":"publish","type":"post","link":"https:\/\/ffyh.unc.edu.ar\/alfilo\/el-macrismo-intenta-reducir-una-decada-de-intensa-vida-politica-a-un-episodio-policial\/","title":{"rendered":"\u201cEl macrismo intenta reducir una d\u00e9cada de intensa vida pol\u00edtica a un episodio policial\u201d"},"content":{"rendered":"<p><strong><a href=\"http:\/\/ffyh.unc.edu.ar\/alfilo2\/wp-content\/uploads\/sites\/11\/2016\/07\/entrevista-verbitsky-00-portada.jpg\"><img loading=\"lazy\" decoding=\"async\" class=\"alignright wp-image-3116\" src=\"http:\/\/ffyh.unc.edu.ar\/alfilo2\/wp-content\/uploads\/sites\/11\/2016\/07\/entrevista-verbitsky-00-portada.jpg\" alt=\"entrevista-verbitsky-00-portada\" width=\"450\" height=\"281\" srcset=\"https:\/\/ffyh.unc.edu.ar\/alfilo\/wp-content\/uploads\/sites\/11\/2016\/07\/entrevista-verbitsky-00-portada.jpg 1024w, https:\/\/ffyh.unc.edu.ar\/alfilo\/wp-content\/uploads\/sites\/11\/2016\/07\/entrevista-verbitsky-00-portada-300x188.jpg 300w, https:\/\/ffyh.unc.edu.ar\/alfilo\/wp-content\/uploads\/sites\/11\/2016\/07\/entrevista-verbitsky-00-portada-768x480.jpg 768w\" sizes=\"auto, (max-width: 450px) 100vw, 450px\" \/><\/a>En esta entrevista, el periodista Horacio Verbitsky explica los objetivos de la detenci\u00f3n de Milagro Sala y otros dirigentes. Desmenuza el andamiaje jur\u00eddico y pol\u00edtico que mont\u00f3 el gobernador Gerardo Morales \u201cpara destruir a la Tupac\u201d. Adem\u00e1s, desarrolla por qu\u00e9 esta organizaci\u00f3n es un desaf\u00edo popular para las clases dominantes juje\u00f1as, advierte sobre los serios riesgos de judicializar la pol\u00edtica para deslegitimarla y ofrece algunas definiciones sobre el presente pol\u00edtico argentino.<\/strong><\/p>\n<p><!--more--><\/p>\n<p>Verbitsky camina pausado, como habla. Llega a la Facultad de Filosof\u00eda y Humanidades de la UNC acompa\u00f1ado solo de su mochilita de tela y el decano, Diego Tati\u00e1n, quien sin apuro ni estridencias lo conduce con los \u00faltimos rayos de sol de un invierno cruel, por los senderos universitarios hasta el auditorio Hugo Ch\u00e1vez del Pabell\u00f3n Venezuela, donde el periodista compartir\u00e1, <a href=\"http:\/\/www.ffyh.unc.edu.ar\/content\/%E2%80%9Cla-detenci%C3%B3n-de-milagro-sala-busca-deslegitimar-la-pol%C3%ADtica-y-la-organizaci%C3%B3n-popular%E2%80%9D\" target=\"_blank\">frente a un p\u00fablico que desbord\u00f3 el lugar, una charla sobre la detenci\u00f3n de Milagro Sala<\/a> y el estado de incertidumbre que se vive en la Jujuy del \u201ccontador\u201d Morales, como le gusta nombrarlo \u2013y definirlo tambi\u00e9n- al actual gobernador de Cambiemos, en otra demostraci\u00f3n de la indomable y corrosiva iron\u00eda que Verbitsky\u00a0distribuye todos los domingos desde las p\u00e1ginas del diario que ayud\u00f3 a fundar en 1987.<\/p>\n<p>Es un tipo raro el \u201cPerro\u201d, como se lo conoce en el ambiente. Nada de lo que rodea su humanidad hace pensar que es el periodista m\u00e1s respetado de la Argentina. Por propios y extra\u00f1os. Por amigos y enemigos. Por quienes piensan como \u00e9l y por quienes defienden la ideolog\u00eda contraria. Temido por el poder establecido en todas sus versiones. Categor\u00eda que se gan\u00f3 a base de informaci\u00f3n certera, an\u00e1lisis precisos y rigurosas investigaciones a prueba de juicios (gan\u00f3 los que le hicieron), algunas de las cuales son ya obras fundamentales de la historia pol\u00edtica argentina.<\/p>\n<p><a href=\"http:\/\/ffyh.unc.edu.ar\/alfilo2\/wp-content\/uploads\/sites\/11\/2016\/07\/entrevista-verbitsky-03.jpg\"><img loading=\"lazy\" decoding=\"async\" class=\"alignnone wp-image-3119 size-full\" src=\"http:\/\/ffyh.unc.edu.ar\/alfilo2\/wp-content\/uploads\/sites\/11\/2016\/07\/entrevista-verbitsky-03.jpg\" alt=\"entrevista-verbitsky-03\" width=\"1024\" height=\"640\" srcset=\"https:\/\/ffyh.unc.edu.ar\/alfilo\/wp-content\/uploads\/sites\/11\/2016\/07\/entrevista-verbitsky-03.jpg 1024w, https:\/\/ffyh.unc.edu.ar\/alfilo\/wp-content\/uploads\/sites\/11\/2016\/07\/entrevista-verbitsky-03-300x188.jpg 300w, https:\/\/ffyh.unc.edu.ar\/alfilo\/wp-content\/uploads\/sites\/11\/2016\/07\/entrevista-verbitsky-03-768x480.jpg 768w\" sizes=\"auto, (max-width: 1024px) 100vw, 1024px\" \/><\/a>A pesar de todos sus pergaminos, acumulados en m\u00e1s de cincuenta a\u00f1os de profesi\u00f3n, no se advierte la m\u00e1s m\u00ednima veleidad en el autor de <strong><em>\u201cEzeiza\u201d<\/em><\/strong>, <strong><em>\u201cRobo para la Corona\u201d<\/em><\/strong>, <strong><em>\u201cHacer la Corte\u201d<\/em><\/strong>, <strong><em>\u201cEl Vuelo\u201d<\/em><\/strong> o los cuatro tomos de m\u00e1s de mil p\u00e1ginas sobre la iglesia cat\u00f3lica argentina, por citar algunos de los libros m\u00e1s influyentes de quien es adem\u00e1s presidente del Centro de Estudios Legales y Sociales (CELS) -organismo reconocido a nivel mundial por su defensa de los Derechos Humanos-, y columna vertebral de P\u00e1gina\/12.<\/p>\n<p>Compadre de Walsh en varias de sus creaciones, militante revolucionario en los 70 junto al autor de <em>Operaci\u00f3n Masacre<\/em>, Verbitsky es un sobreviviente de la tragedia nacional que se llev\u00f3 a muchos de sus colegas y compa\u00f1eros, y justamente por eso, un pilar que expresa y sintetiza lo mejor del periodismo de estos treinta y tres a\u00f1os de democracia, y de los ideales de justicia y libertad de quienes fueron tragados por la maquinaria del terror dictatorial. Para unos cuantos es el continuador de \u201cRodolfo\u201d, el amigo que logr\u00f3 salvar el pellejo para contagiar con su ejemplo a los que nacieron en la Argentina post 83. Tal vez por ese mandato, por esa azarosa \u201cherencia\u201d que no eligi\u00f3, el nombre de Verbitsky es directamente proporcional al peso de la informaci\u00f3n que maneja y publica, y para sus lectores una suerte de Sumo Pont\u00edfice de la tinta \u2013comparaci\u00f3n que seguramente no le caer\u00eda simp\u00e1tica-, a quien sus fieles siguen dominicalmente con la misma devoci\u00f3n y confianza que los creyentes a su profeta o representante de dios en la tierra. Por eso es un cl\u00e1sico, parte ya de las costumbres argentinas que se repite desde hace casi treinta a\u00f1os, que por conocida y rutinaria no deja de ser menos efectiva y contundente: si lo escribi\u00f3 el Perro y sale impreso en el P\u00e1gina, agarrate.<\/p>\n<p>Para la feligres\u00eda progresista, o del amplio \u201ccampo popular\u201d argentino \u2013y hasta latinoamericano para ser justos y generosos con el personaje-, Verbitsky es un s\u00edmbolo. Un sin\u00f3nimo de periodismo en una \u00e9poca en la que el oficio est\u00e1 en serio riesgo de extinci\u00f3n, producto de una fenomenal concentraci\u00f3n medi\u00e1tica y mercantilizaci\u00f3n de la informaci\u00f3n que todo lo enturbia y degrada.<\/p>\n<p>Consciente de lo complejo que est\u00e1 el asunto period\u00edstico a nivel nacional y mundial, pero sobre todo del blindaje informativo que los medios hegem\u00f3nicos le ofrendan al gobierno de Morales y al de Macri para ocultar la cara m\u00e1s dram\u00e1tica de sus gestiones, Verbitsky llev\u00f3 todo su nombre propio y prestigio hasta Jujuy para conocer <em>in situ<\/em> la cr\u00edtica situaci\u00f3n de Milagro Sala -detenida a pesar de ser parlamentaria del Mercosur-, con el objetivo de poner en la agenda nacional lo que muchos poderosos no quieren que salga de San Salvador: la persecuci\u00f3n judicial, pol\u00edtica y econ\u00f3mica de la que es v\u00edctima ella y la Tupac Amaru, la organizaci\u00f3n social que Milagro lidera desde hace veinte a\u00f1os.<\/p>\n<p><a href=\"http:\/\/ffyh.unc.edu.ar\/alfilo2\/wp-content\/uploads\/sites\/11\/2016\/07\/entrevista-verbitsky-01.jpg\"><img loading=\"lazy\" decoding=\"async\" class=\"alignnone size-full wp-image-3117\" src=\"http:\/\/ffyh.unc.edu.ar\/alfilo2\/wp-content\/uploads\/sites\/11\/2016\/07\/entrevista-verbitsky-01.jpg\" alt=\"entrevista-verbitsky-01\" width=\"1024\" height=\"640\" srcset=\"https:\/\/ffyh.unc.edu.ar\/alfilo\/wp-content\/uploads\/sites\/11\/2016\/07\/entrevista-verbitsky-01.jpg 1024w, https:\/\/ffyh.unc.edu.ar\/alfilo\/wp-content\/uploads\/sites\/11\/2016\/07\/entrevista-verbitsky-01-300x188.jpg 300w, https:\/\/ffyh.unc.edu.ar\/alfilo\/wp-content\/uploads\/sites\/11\/2016\/07\/entrevista-verbitsky-01-768x480.jpg 768w\" sizes=\"auto, (max-width: 1024px) 100vw, 1024px\" \/><\/a>En esta entrevista de 25 minutos que concedi\u00f3 a la revista <strong>Alfilo<\/strong> antes de la charla en el Auditorio Ch\u00e1vez, Verbitsky explica los objetivos pol\u00edticos de la detenci\u00f3n de Sala y otros dirigentes, <a href=\"http:\/\/www.pagina12.com.ar\/diario\/elpais\/1-304302-2016-07-15.html\" target=\"_blank\">que ahora incluy\u00f3 a su marido Ra\u00fal Noro<\/a>. En el\u00a0di\u00e1logo, el \u00abPerro\u00bb\u00a0desmenuza el andamiaje jur\u00eddico y pol\u00edtico que mont\u00f3 Morales desde que asumi\u00f3 la gobernaci\u00f3n \u201cpara destruir a la Tupac\u201d, desarrolla por qu\u00e9 esta organizaci\u00f3n y su l\u00edder son un desaf\u00edo popular y democr\u00e1tico al poder econ\u00f3mico y pol\u00edtico de la provincia que expresan el ingenio Ledesma y el bipartidismo pejotista-radical &#8211;<a href=\"http:\/\/www.pagina12.com.ar\/diario\/ultimas\/20-304550-2016-07-18.html\" target=\"_blank\">que acaban de reprimir una protesta de trabajadores del ingenio<\/a>.<\/p>\n<p>Verbitsky profundiza sobre la estrategia de judicializaci\u00f3n de la pol\u00edtica que el gobierno de Macri lleva adelante \u201cpara meter presa a CFK\u201d, hace una sint\u00e9tica pero profunda caracterizaci\u00f3n del gobierno de Cambiemos y tira una pista de por d\u00f3nde deber\u00eda caminar el kirchnerismo si quiere articular una alternativa a la nueva derecha que gobierna la Argentina.<\/p>\n<p>Al igual que los textos que escribe, en la entrevista cada palabra tiene un sentido preciso, nada est\u00e1 de relleno. Verbitsky es de hablar claro y despacio, no gesticula demasiado ni es histri\u00f3nico en sus respuestas, pero no dice nada porque s\u00ed:<\/p>\n<p><iframe loading=\"lazy\" src=\"https:\/\/player.vimeo.com\/video\/173505953\" width=\"900\" height=\"506\" frameborder=\"0\" allowfullscreen=\"allowfullscreen\"><\/iframe><\/p>\n<p><a href=\"https:\/\/vimeo.com\/173505953\">Horacio Verbitsky &#8211; Entrevista<\/a> from <a href=\"https:\/\/vimeo.com\/tecnoedu\">\u00c1rea de Tecnolog\u00eda Educativa<\/a> on <a href=\"https:\/\/vimeo.com\">Vimeo<\/a>.<\/p>\n<hr \/>\n<p style=\"text-align: right\">Entrevista y texto:\u00a0Camilo Ratti<\/p>\n<p style=\"text-align: right\">Fotograf\u00edas: Irina Mor\u00e1n<\/p>\n<p style=\"text-align: right\">Producci\u00f3n y edici\u00f3n: Pablo Becerra (\u00c1rea de Tecnolog\u00eda Educativa &#8211; FFyH &#8211; UNC).<\/p>\n<hr \/>\n<h1><strong>Perro que ladra y muerde<\/strong><\/h1>\n<ul>\n<li>\u201cEl contador Morales, con el acompa\u00f1amiento de Macri, quieren un escarmiento con la dirigente de la organizaci\u00f3n social m\u00e1s importante y extensa del pa\u00eds. Milagro es ind\u00edgena, es mujer y ha construido un liderazgo en 17 provincias argentinas, con un componente pol\u00edtico, sindical y \u00e9tnico sumamente originales\u201d.<\/li>\n<li>\u201cMilagro es una negra desacatada, es una subversiva, y ella lo reivindic\u00f3 con mucho orgullo, y hoy se lo est\u00e1n cobrando\u201d.<\/li>\n<\/ul>\n<p><a href=\"http:\/\/ffyh.unc.edu.ar\/alfilo2\/wp-content\/uploads\/sites\/11\/2016\/07\/entrevista-verbitsky-02.jpg\"><img loading=\"lazy\" decoding=\"async\" class=\"alignnone size-full wp-image-3118\" src=\"http:\/\/ffyh.unc.edu.ar\/alfilo2\/wp-content\/uploads\/sites\/11\/2016\/07\/entrevista-verbitsky-02.jpg\" alt=\"entrevista-verbitsky-02\" width=\"1024\" height=\"640\" srcset=\"https:\/\/ffyh.unc.edu.ar\/alfilo\/wp-content\/uploads\/sites\/11\/2016\/07\/entrevista-verbitsky-02.jpg 1024w, https:\/\/ffyh.unc.edu.ar\/alfilo\/wp-content\/uploads\/sites\/11\/2016\/07\/entrevista-verbitsky-02-300x188.jpg 300w, https:\/\/ffyh.unc.edu.ar\/alfilo\/wp-content\/uploads\/sites\/11\/2016\/07\/entrevista-verbitsky-02-768x480.jpg 768w\" sizes=\"auto, (max-width: 1024px) 100vw, 1024px\" \/><\/a><\/p>\n<ul>\n<li>\u201cHay persecuci\u00f3n judicial, pol\u00edtica, pero tambi\u00e9n econ\u00f3mica de la Tupac, que trabaja con cooperativas, emplean mano de obra de baja calificaci\u00f3n, los capacita, los prepara y construye las viviendas en menos tiempo y con mayor mano de obra y a menor costo unitario que las empresas privadas, pero depende de las transferencias de recursos del poder administrador, y Morales apenas asumi\u00f3, los cort\u00f3\u201d.<\/li>\n<li>\u201cLa Tupac lleg\u00f3 a emplear a 20 mil personas, lo cual en una provincia como Jujuy es sumamente significativa, y adem\u00e1s contribuyo a su elevaci\u00f3n cultural, educativa, y en consecuencia tambi\u00e9n moral\u201d.<\/li>\n<li>\u201cDesde el CELS presentamos una cautelar ante la Comisi\u00f3n Interamericana de Derechos Humanos, que est\u00e1 analizando el caso y ha pedido informes al estado nacional argentino. Adem\u00e1s se han creado comit\u00e9s por su liberaci\u00f3n en muchos puntos del pa\u00eds, en C\u00f3rdoba funciona uno\u201d.<\/li>\n<li>\u201cYo anunci\u00e9 el 3 de enero que el objetivo del gobierno de Macri era meter presa a CFK. Hay una intenci\u00f3n de reducir una d\u00e9cada de intensa vida pol\u00edtica argentina a un episodio policial, y deslegitimar la actividad pol\u00edtica en general\u201d.<\/li>\n<li>\u201cComo no encuentran pruebas contra CFK, el nuevo recurso es acusarla por asociaci\u00f3n il\u00edcita, que es un delito que se invent\u00f3 en el c\u00f3digo penal hace 95 a\u00f1os, en 1921, para perseguir a los sindicalistas contra los que no hab\u00eda prueba de delito. El objetivo es asociar la pol\u00edtica a la corrupci\u00f3n y no a la transformaci\u00f3n social\u201d.<\/li>\n<li>\u201cEn el gobierno quisieran que todos fueran como Jos\u00e9 L\u00f3pez, y cuando se topan con un H\u00e9ctor Recalde, se ponen locos. La idea a instalar con los medios es de que son todos chorros, y eso es peligroso porque de lograrlo se construir\u00eda en la sociedad un estado de escepticismo y de cinismo que no es nada bueno para construir opciones pol\u00edticas para nuestro pa\u00eds\u201d.<\/li>\n<li>\u201cEl gobierno de Macri representa en forma muy directa los intereses de los grandes bancos internacionales y las empresas globales. Antes, en otras oportunidades, lo hicieron con mediaciones, ahora conducen directamente este proceso\u201d.<\/li>\n<li>\u201cHabr\u00e1 que ver con un poco m\u00e1s de tiempo c\u00f3mo evoluciona el kirchnerismo, como se para, como resiste esta ofensiva de demolici\u00f3n que el gobierno nacional est\u00e1 llevando en su contra, y de qu\u00e9 manera participa en la articulaci\u00f3n de alguna respuesta que exprese a los sectores populares frente a este avance expropiatorio\u201d.<\/li>\n<li>\u201cMe parece prematuro decir si surgir\u00e1 otro liderazgo adem\u00e1s del de CFK que exprese a los sectores populares. Han pasado solo seis meses, hay que esperar un poco m\u00e1s para saberlo\u201d.<\/li>\n<\/ul>\n<hr \/>\n<p style=\"text-align: right\">\n","protected":false},"excerpt":{"rendered":"<div class=\"mh-excerpt\"><p>En esta entrevista, el periodista Horacio Verbitsky explica los objetivos de la detenci\u00f3n de Milagro Sala y otros dirigentes. Desmenuza el andamiaje jur\u00eddico y pol\u00edtico que mont\u00f3 el gobernador Gerardo Morales \u201cpara destruir a la Tupac\u201d. Adem\u00e1s, desarrolla por qu\u00e9 <a class=\"mh-excerpt-more\" href=\"https:\/\/ffyh.unc.edu.ar\/alfilo\/el-macrismo-intenta-reducir-una-decada-de-intensa-vida-politica-a-un-episodio-policial\/\" title=\"\u201cEl macrismo intenta reducir una d\u00e9cada de intensa vida pol\u00edtica a un episodio policial\u201d\">[Leer m\u00e1s]<\/a><\/p>\n<\/div>","protected":false},"author":1,"featured_media":3124,"comment_status":"open","ping_status":"open","sticky":false,"template":"","format":"standard","meta":{"_acf_changed":false,"_monsterinsights_skip_tracking":false,"_monsterinsights_sitenote_active":false,"_monsterinsights_sitenote_note":"","_monsterinsights_sitenote_category":0,"_jetpack_memberships_contains_paid_content":false,"footnotes":""},"categories":[20],"tags":[70],"class_list":["post-3115","post","type-post","status-publish","format-standard","has-post-thumbnail","hentry","category-20","tag-entrevista-a-horacio-verbitsky"],"acf":[],"yoast_head":"<!-- This site is optimized with the Yoast SEO plugin v27.1.1 - https:\/\/yoast.com\/product\/yoast-seo-wordpress\/ -->\n<title>\u201cEl macrismo intenta reducir una d\u00e9cada de intensa vida pol\u00edtica a un episodio policial\u201d - Alfilo<\/title>\n<meta name=\"robots\" content=\"index, follow, max-snippet:-1, max-image-preview:large, max-video-preview:-1\" \/>\n<link rel=\"canonical\" href=\"https:\/\/ffyh.unc.edu.ar\/alfilo\/el-macrismo-intenta-reducir-una-decada-de-intensa-vida-politica-a-un-episodio-policial\/\" \/>\n<meta property=\"og:locale\" content=\"es_ES\" \/>\n<meta property=\"og:type\" content=\"article\" \/>\n<meta property=\"og:title\" content=\"\u201cEl macrismo intenta reducir una d\u00e9cada de intensa vida pol\u00edtica a un episodio policial\u201d - Alfilo\" \/>\n<meta property=\"og:description\" content=\"En esta entrevista, el periodista Horacio Verbitsky explica los objetivos de la detenci\u00f3n de Milagro Sala y otros dirigentes. Desmenuza el andamiaje jur\u00eddico y pol\u00edtico que mont\u00f3 el gobernador Gerardo Morales \u201cpara destruir a la Tupac\u201d. Adem\u00e1s, desarrolla por qu\u00e9 [Leer m\u00e1s]\" \/>\n<meta property=\"og:url\" content=\"https:\/\/ffyh.unc.edu.ar\/alfilo\/el-macrismo-intenta-reducir-una-decada-de-intensa-vida-politica-a-un-episodio-policial\/\" \/>\n<meta property=\"og:site_name\" content=\"Alfilo\" \/>\n<meta property=\"article:publisher\" content=\"https:\/\/www.facebook.com\/ffyh.unc\/\" \/>\n<meta property=\"article:published_time\" content=\"2016-07-19T16:43:07+00:00\" \/>\n<meta property=\"article:modified_time\" content=\"2017-09-08T15:15:25+00:00\" \/>\n<meta property=\"og:image\" content=\"https:\/\/ffyh.unc.edu.ar\/alfilo\/wp-content\/uploads\/sites\/11\/2016\/07\/entrevista-verbitsky-00-portada-corta.jpg\" \/>\n\t<meta property=\"og:image:width\" content=\"1024\" \/>\n\t<meta property=\"og:image:height\" content=\"464\" \/>\n\t<meta property=\"og:image:type\" content=\"image\/jpeg\" \/>\n<meta name=\"author\" content=\"soporte\" \/>\n<meta name=\"twitter:card\" content=\"summary_large_image\" \/>\n<meta name=\"twitter:creator\" content=\"@ffyh_unc\" \/>\n<meta name=\"twitter:site\" content=\"@ffyh_unc\" \/>\n<meta name=\"twitter:label1\" content=\"Escrito por\" \/>\n\t<meta name=\"twitter:data1\" content=\"\" \/>\n\t<meta name=\"twitter:label2\" content=\"Tiempo de lectura\" \/>\n\t<meta name=\"twitter:data2\" content=\"8 minutos\" \/>\n<script type=\"application\/ld+json\" class=\"yoast-schema-graph\">{\"@context\":\"https:\/\/schema.org\",\"@graph\":[{\"@type\":\"Article\",\"@id\":\"https:\/\/ffyh.unc.edu.ar\/alfilo\/el-macrismo-intenta-reducir-una-decada-de-intensa-vida-politica-a-un-episodio-policial\/#article\",\"isPartOf\":{\"@id\":\"https:\/\/ffyh.unc.edu.ar\/alfilo\/el-macrismo-intenta-reducir-una-decada-de-intensa-vida-politica-a-un-episodio-policial\/\"},\"author\":{\"name\":\"soporte\",\"@id\":\"https:\/\/ffyh.unc.edu.ar\/alfilo\/#\/schema\/person\/57a743469801e7e195e268bfe4c52190\"},\"headline\":\"\u201cEl macrismo intenta reducir una d\u00e9cada de intensa vida pol\u00edtica a un episodio policial\u201d\",\"datePublished\":\"2016-07-19T16:43:07+00:00\",\"dateModified\":\"2017-09-08T15:15:25+00:00\",\"mainEntityOfPage\":{\"@id\":\"https:\/\/ffyh.unc.edu.ar\/alfilo\/el-macrismo-intenta-reducir-una-decada-de-intensa-vida-politica-a-un-episodio-policial\/\"},\"wordCount\":1658,\"commentCount\":2,\"publisher\":{\"@id\":\"https:\/\/ffyh.unc.edu.ar\/alfilo\/#organization\"},\"image\":{\"@id\":\"https:\/\/ffyh.unc.edu.ar\/alfilo\/el-macrismo-intenta-reducir-una-decada-de-intensa-vida-politica-a-un-episodio-policial\/#primaryimage\"},\"thumbnailUrl\":\"https:\/\/ffyh.unc.edu.ar\/alfilo\/wp-content\/uploads\/sites\/11\/2016\/07\/entrevista-verbitsky-00-portada-corta.jpg\",\"keywords\":[\"Entrevista a Horacio Verbitsky\"],\"articleSection\":[\"52\"],\"inLanguage\":\"es\",\"potentialAction\":[{\"@type\":\"CommentAction\",\"name\":\"Comment\",\"target\":[\"https:\/\/ffyh.unc.edu.ar\/alfilo\/el-macrismo-intenta-reducir-una-decada-de-intensa-vida-politica-a-un-episodio-policial\/#respond\"]}]},{\"@type\":\"WebPage\",\"@id\":\"https:\/\/ffyh.unc.edu.ar\/alfilo\/el-macrismo-intenta-reducir-una-decada-de-intensa-vida-politica-a-un-episodio-policial\/\",\"url\":\"https:\/\/ffyh.unc.edu.ar\/alfilo\/el-macrismo-intenta-reducir-una-decada-de-intensa-vida-politica-a-un-episodio-policial\/\",\"name\":\"\u201cEl macrismo intenta reducir una d\u00e9cada de intensa vida pol\u00edtica a un episodio policial\u201d - Alfilo\",\"isPartOf\":{\"@id\":\"https:\/\/ffyh.unc.edu.ar\/alfilo\/#website\"},\"primaryImageOfPage\":{\"@id\":\"https:\/\/ffyh.unc.edu.ar\/alfilo\/el-macrismo-intenta-reducir-una-decada-de-intensa-vida-politica-a-un-episodio-policial\/#primaryimage\"},\"image\":{\"@id\":\"https:\/\/ffyh.unc.edu.ar\/alfilo\/el-macrismo-intenta-reducir-una-decada-de-intensa-vida-politica-a-un-episodio-policial\/#primaryimage\"},\"thumbnailUrl\":\"https:\/\/ffyh.unc.edu.ar\/alfilo\/wp-content\/uploads\/sites\/11\/2016\/07\/entrevista-verbitsky-00-portada-corta.jpg\",\"datePublished\":\"2016-07-19T16:43:07+00:00\",\"dateModified\":\"2017-09-08T15:15:25+00:00\",\"breadcrumb\":{\"@id\":\"https:\/\/ffyh.unc.edu.ar\/alfilo\/el-macrismo-intenta-reducir-una-decada-de-intensa-vida-politica-a-un-episodio-policial\/#breadcrumb\"},\"inLanguage\":\"es\",\"potentialAction\":[{\"@type\":\"ReadAction\",\"target\":[\"https:\/\/ffyh.unc.edu.ar\/alfilo\/el-macrismo-intenta-reducir-una-decada-de-intensa-vida-politica-a-un-episodio-policial\/\"]}]},{\"@type\":\"ImageObject\",\"inLanguage\":\"es\",\"@id\":\"https:\/\/ffyh.unc.edu.ar\/alfilo\/el-macrismo-intenta-reducir-una-decada-de-intensa-vida-politica-a-un-episodio-policial\/#primaryimage\",\"url\":\"https:\/\/ffyh.unc.edu.ar\/alfilo\/wp-content\/uploads\/sites\/11\/2016\/07\/entrevista-verbitsky-00-portada-corta.jpg\",\"contentUrl\":\"https:\/\/ffyh.unc.edu.ar\/alfilo\/wp-content\/uploads\/sites\/11\/2016\/07\/entrevista-verbitsky-00-portada-corta.jpg\",\"width\":1024,\"height\":464},{\"@type\":\"BreadcrumbList\",\"@id\":\"https:\/\/ffyh.unc.edu.ar\/alfilo\/el-macrismo-intenta-reducir-una-decada-de-intensa-vida-politica-a-un-episodio-policial\/#breadcrumb\",\"itemListElement\":[{\"@type\":\"ListItem\",\"position\":1,\"name\":\"Portada\",\"item\":\"https:\/\/ffyh.unc.edu.ar\/alfilo\/\"},{\"@type\":\"ListItem\",\"position\":2,\"name\":\"\u201cEl macrismo intenta reducir una d\u00e9cada de intensa vida pol\u00edtica a un episodio policial\u201d\"}]},{\"@type\":\"WebSite\",\"@id\":\"https:\/\/ffyh.unc.edu.ar\/alfilo\/#website\",\"url\":\"https:\/\/ffyh.unc.edu.ar\/alfilo\/\",\"name\":\"Alfilo\",\"description\":\"Revista digital de la Facultad de Filosof\u00eda y Humanidades - Universidad Nacional de C\u00f3rdoba\",\"publisher\":{\"@id\":\"https:\/\/ffyh.unc.edu.ar\/alfilo\/#organization\"},\"potentialAction\":[{\"@type\":\"SearchAction\",\"target\":{\"@type\":\"EntryPoint\",\"urlTemplate\":\"https:\/\/ffyh.unc.edu.ar\/alfilo\/?s={search_term_string}\"},\"query-input\":{\"@type\":\"PropertyValueSpecification\",\"valueRequired\":true,\"valueName\":\"search_term_string\"}}],\"inLanguage\":\"es\"},{\"@type\":\"Organization\",\"@id\":\"https:\/\/ffyh.unc.edu.ar\/alfilo\/#organization\",\"name\":\"Alfilo | Revista digital de la Facultad de Filosof\u00eda y Humanidades | UNC\",\"url\":\"https:\/\/ffyh.unc.edu.ar\/alfilo\/\",\"logo\":{\"@type\":\"ImageObject\",\"inLanguage\":\"es\",\"@id\":\"https:\/\/ffyh.unc.edu.ar\/alfilo\/#\/schema\/logo\/image\/\",\"url\":\"https:\/\/ffyh.unc.edu.ar\/alfilo\/wp-content\/uploads\/sites\/11\/2015\/04\/banner-alfilo-2015-ico.jpg\",\"contentUrl\":\"https:\/\/ffyh.unc.edu.ar\/alfilo\/wp-content\/uploads\/sites\/11\/2015\/04\/banner-alfilo-2015-ico.jpg\",\"width\":253,\"height\":128,\"caption\":\"Alfilo | Revista digital de la Facultad de Filosof\u00eda y Humanidades | UNC\"},\"image\":{\"@id\":\"https:\/\/ffyh.unc.edu.ar\/alfilo\/#\/schema\/logo\/image\/\"},\"sameAs\":[\"https:\/\/www.facebook.com\/ffyh.unc\/\",\"https:\/\/x.com\/ffyh_unc\",\"https:\/\/www.instagram.com\/ffyhunc\/\",\"https:\/\/www.youtube.com\/user\/comunicacionfilo\"]},{\"@type\":\"Person\",\"@id\":\"https:\/\/ffyh.unc.edu.ar\/alfilo\/#\/schema\/person\/57a743469801e7e195e268bfe4c52190\",\"name\":\"soporte\",\"image\":{\"@type\":\"ImageObject\",\"inLanguage\":\"es\",\"@id\":\"https:\/\/ffyh.unc.edu.ar\/alfilo\/#\/schema\/person\/image\/\",\"url\":\"https:\/\/secure.gravatar.com\/avatar\/ccd40043e5faec50f5bfc8fd1ba508e2228f018210ddcbcf662ed4624d9038c2?s=96&d=mm&r=g\",\"contentUrl\":\"https:\/\/secure.gravatar.com\/avatar\/ccd40043e5faec50f5bfc8fd1ba508e2228f018210ddcbcf662ed4624d9038c2?s=96&d=mm&r=g\",\"caption\":\"soporte\"},\"url\":\"https:\/\/ffyh.unc.edu.ar\/alfilo\/author\/admin\/\"}]}<\/script>\n<!-- \/ Yoast SEO plugin. -->","yoast_head_json":{"title":"\u201cEl macrismo intenta reducir una d\u00e9cada de intensa vida pol\u00edtica a un episodio policial\u201d - Alfilo","robots":{"index":"index","follow":"follow","max-snippet":"max-snippet:-1","max-image-preview":"max-image-preview:large","max-video-preview":"max-video-preview:-1"},"canonical":"https:\/\/ffyh.unc.edu.ar\/alfilo\/el-macrismo-intenta-reducir-una-decada-de-intensa-vida-politica-a-un-episodio-policial\/","og_locale":"es_ES","og_type":"article","og_title":"\u201cEl macrismo intenta reducir una d\u00e9cada de intensa vida pol\u00edtica a un episodio policial\u201d - Alfilo","og_description":"En esta entrevista, el periodista Horacio Verbitsky explica los objetivos de la detenci\u00f3n de Milagro Sala y otros dirigentes. Desmenuza el andamiaje jur\u00eddico y pol\u00edtico que mont\u00f3 el gobernador Gerardo Morales \u201cpara destruir a la Tupac\u201d. Adem\u00e1s, desarrolla por qu\u00e9 [Leer m\u00e1s]","og_url":"https:\/\/ffyh.unc.edu.ar\/alfilo\/el-macrismo-intenta-reducir-una-decada-de-intensa-vida-politica-a-un-episodio-policial\/","og_site_name":"Alfilo","article_publisher":"https:\/\/www.facebook.com\/ffyh.unc\/","article_published_time":"2016-07-19T16:43:07+00:00","article_modified_time":"2017-09-08T15:15:25+00:00","og_image":[{"width":1024,"height":464,"url":"https:\/\/ffyh.unc.edu.ar\/alfilo\/wp-content\/uploads\/sites\/11\/2016\/07\/entrevista-verbitsky-00-portada-corta.jpg","type":"image\/jpeg"}],"author":"soporte","twitter_card":"summary_large_image","twitter_creator":"@ffyh_unc","twitter_site":"@ffyh_unc","twitter_misc":{"Escrito por":false,"Tiempo de lectura":"8 minutos"},"schema":{"@context":"https:\/\/schema.org","@graph":[{"@type":"Article","@id":"https:\/\/ffyh.unc.edu.ar\/alfilo\/el-macrismo-intenta-reducir-una-decada-de-intensa-vida-politica-a-un-episodio-policial\/#article","isPartOf":{"@id":"https:\/\/ffyh.unc.edu.ar\/alfilo\/el-macrismo-intenta-reducir-una-decada-de-intensa-vida-politica-a-un-episodio-policial\/"},"author":{"name":"soporte","@id":"https:\/\/ffyh.unc.edu.ar\/alfilo\/#\/schema\/person\/57a743469801e7e195e268bfe4c52190"},"headline":"\u201cEl macrismo intenta reducir una d\u00e9cada de intensa vida pol\u00edtica a un episodio policial\u201d","datePublished":"2016-07-19T16:43:07+00:00","dateModified":"2017-09-08T15:15:25+00:00","mainEntityOfPage":{"@id":"https:\/\/ffyh.unc.edu.ar\/alfilo\/el-macrismo-intenta-reducir-una-decada-de-intensa-vida-politica-a-un-episodio-policial\/"},"wordCount":1658,"commentCount":2,"publisher":{"@id":"https:\/\/ffyh.unc.edu.ar\/alfilo\/#organization"},"image":{"@id":"https:\/\/ffyh.unc.edu.ar\/alfilo\/el-macrismo-intenta-reducir-una-decada-de-intensa-vida-politica-a-un-episodio-policial\/#primaryimage"},"thumbnailUrl":"https:\/\/ffyh.unc.edu.ar\/alfilo\/wp-content\/uploads\/sites\/11\/2016\/07\/entrevista-verbitsky-00-portada-corta.jpg","keywords":["Entrevista a Horacio Verbitsky"],"articleSection":["52"],"inLanguage":"es","potentialAction":[{"@type":"CommentAction","name":"Comment","target":["https:\/\/ffyh.unc.edu.ar\/alfilo\/el-macrismo-intenta-reducir-una-decada-de-intensa-vida-politica-a-un-episodio-policial\/#respond"]}]},{"@type":"WebPage","@id":"https:\/\/ffyh.unc.edu.ar\/alfilo\/el-macrismo-intenta-reducir-una-decada-de-intensa-vida-politica-a-un-episodio-policial\/","url":"https:\/\/ffyh.unc.edu.ar\/alfilo\/el-macrismo-intenta-reducir-una-decada-de-intensa-vida-politica-a-un-episodio-policial\/","name":"\u201cEl macrismo intenta reducir una d\u00e9cada de intensa vida pol\u00edtica a un episodio policial\u201d - Alfilo","isPartOf":{"@id":"https:\/\/ffyh.unc.edu.ar\/alfilo\/#website"},"primaryImageOfPage":{"@id":"https:\/\/ffyh.unc.edu.ar\/alfilo\/el-macrismo-intenta-reducir-una-decada-de-intensa-vida-politica-a-un-episodio-policial\/#primaryimage"},"image":{"@id":"https:\/\/ffyh.unc.edu.ar\/alfilo\/el-macrismo-intenta-reducir-una-decada-de-intensa-vida-politica-a-un-episodio-policial\/#primaryimage"},"thumbnailUrl":"https:\/\/ffyh.unc.edu.ar\/alfilo\/wp-content\/uploads\/sites\/11\/2016\/07\/entrevista-verbitsky-00-portada-corta.jpg","datePublished":"2016-07-19T16:43:07+00:00","dateModified":"2017-09-08T15:15:25+00:00","breadcrumb":{"@id":"https:\/\/ffyh.unc.edu.ar\/alfilo\/el-macrismo-intenta-reducir-una-decada-de-intensa-vida-politica-a-un-episodio-policial\/#breadcrumb"},"inLanguage":"es","potentialAction":[{"@type":"ReadAction","target":["https:\/\/ffyh.unc.edu.ar\/alfilo\/el-macrismo-intenta-reducir-una-decada-de-intensa-vida-politica-a-un-episodio-policial\/"]}]},{"@type":"ImageObject","inLanguage":"es","@id":"https:\/\/ffyh.unc.edu.ar\/alfilo\/el-macrismo-intenta-reducir-una-decada-de-intensa-vida-politica-a-un-episodio-policial\/#primaryimage","url":"https:\/\/ffyh.unc.edu.ar\/alfilo\/wp-content\/uploads\/sites\/11\/2016\/07\/entrevista-verbitsky-00-portada-corta.jpg","contentUrl":"https:\/\/ffyh.unc.edu.ar\/alfilo\/wp-content\/uploads\/sites\/11\/2016\/07\/entrevista-verbitsky-00-portada-corta.jpg","width":1024,"height":464},{"@type":"BreadcrumbList","@id":"https:\/\/ffyh.unc.edu.ar\/alfilo\/el-macrismo-intenta-reducir-una-decada-de-intensa-vida-politica-a-un-episodio-policial\/#breadcrumb","itemListElement":[{"@type":"ListItem","position":1,"name":"Portada","item":"https:\/\/ffyh.unc.edu.ar\/alfilo\/"},{"@type":"ListItem","position":2,"name":"\u201cEl macrismo intenta reducir una d\u00e9cada de intensa vida pol\u00edtica a un episodio policial\u201d"}]},{"@type":"WebSite","@id":"https:\/\/ffyh.unc.edu.ar\/alfilo\/#website","url":"https:\/\/ffyh.unc.edu.ar\/alfilo\/","name":"Alfilo","description":"Revista digital de la Facultad de Filosof\u00eda y Humanidades - Universidad Nacional de C\u00f3rdoba","publisher":{"@id":"https:\/\/ffyh.unc.edu.ar\/alfilo\/#organization"},"potentialAction":[{"@type":"SearchAction","target":{"@type":"EntryPoint","urlTemplate":"https:\/\/ffyh.unc.edu.ar\/alfilo\/?s={search_term_string}"},"query-input":{"@type":"PropertyValueSpecification","valueRequired":true,"valueName":"search_term_string"}}],"inLanguage":"es"},{"@type":"Organization","@id":"https:\/\/ffyh.unc.edu.ar\/alfilo\/#organization","name":"Alfilo | Revista digital de la Facultad de Filosof\u00eda y Humanidades | UNC","url":"https:\/\/ffyh.unc.edu.ar\/alfilo\/","logo":{"@type":"ImageObject","inLanguage":"es","@id":"https:\/\/ffyh.unc.edu.ar\/alfilo\/#\/schema\/logo\/image\/","url":"https:\/\/ffyh.unc.edu.ar\/alfilo\/wp-content\/uploads\/sites\/11\/2015\/04\/banner-alfilo-2015-ico.jpg","contentUrl":"https:\/\/ffyh.unc.edu.ar\/alfilo\/wp-content\/uploads\/sites\/11\/2015\/04\/banner-alfilo-2015-ico.jpg","width":253,"height":128,"caption":"Alfilo | Revista digital de la Facultad de Filosof\u00eda y Humanidades | UNC"},"image":{"@id":"https:\/\/ffyh.unc.edu.ar\/alfilo\/#\/schema\/logo\/image\/"},"sameAs":["https:\/\/www.facebook.com\/ffyh.unc\/","https:\/\/x.com\/ffyh_unc","https:\/\/www.instagram.com\/ffyhunc\/","https:\/\/www.youtube.com\/user\/comunicacionfilo"]},{"@type":"Person","@id":"https:\/\/ffyh.unc.edu.ar\/alfilo\/#\/schema\/person\/57a743469801e7e195e268bfe4c52190","name":"soporte","image":{"@type":"ImageObject","inLanguage":"es","@id":"https:\/\/ffyh.unc.edu.ar\/alfilo\/#\/schema\/person\/image\/","url":"https:\/\/secure.gravatar.com\/avatar\/ccd40043e5faec50f5bfc8fd1ba508e2228f018210ddcbcf662ed4624d9038c2?s=96&d=mm&r=g","contentUrl":"https:\/\/secure.gravatar.com\/avatar\/ccd40043e5faec50f5bfc8fd1ba508e2228f018210ddcbcf662ed4624d9038c2?s=96&d=mm&r=g","caption":"soporte"},"url":"https:\/\/ffyh.unc.edu.ar\/alfilo\/author\/admin\/"}]}},"jetpack_featured_media_url":"https:\/\/ffyh.unc.edu.ar\/alfilo\/wp-content\/uploads\/sites\/11\/2016\/07\/entrevista-verbitsky-00-portada-corta.jpg","jetpack_sharing_enabled":true,"_links":{"self":[{"href":"https:\/\/ffyh.unc.edu.ar\/alfilo\/wp-json\/wp\/v2\/posts\/3115","targetHints":{"allow":["GET"]}}],"collection":[{"href":"https:\/\/ffyh.unc.edu.ar\/alfilo\/wp-json\/wp\/v2\/posts"}],"about":[{"href":"https:\/\/ffyh.unc.edu.ar\/alfilo\/wp-json\/wp\/v2\/types\/post"}],"author":[{"embeddable":true,"href":"https:\/\/ffyh.unc.edu.ar\/alfilo\/wp-json\/wp\/v2\/users\/1"}],"replies":[{"embeddable":true,"href":"https:\/\/ffyh.unc.edu.ar\/alfilo\/wp-json\/wp\/v2\/comments?post=3115"}],"version-history":[{"count":1,"href":"https:\/\/ffyh.unc.edu.ar\/alfilo\/wp-json\/wp\/v2\/posts\/3115\/revisions"}],"predecessor-version":[{"id":4794,"href":"https:\/\/ffyh.unc.edu.ar\/alfilo\/wp-json\/wp\/v2\/posts\/3115\/revisions\/4794"}],"wp:featuredmedia":[{"embeddable":true,"href":"https:\/\/ffyh.unc.edu.ar\/alfilo\/wp-json\/wp\/v2\/media\/3124"}],"wp:attachment":[{"href":"https:\/\/ffyh.unc.edu.ar\/alfilo\/wp-json\/wp\/v2\/media?parent=3115"}],"wp:term":[{"taxonomy":"category","embeddable":true,"href":"https:\/\/ffyh.unc.edu.ar\/alfilo\/wp-json\/wp\/v2\/categories?post=3115"},{"taxonomy":"post_tag","embeddable":true,"href":"https:\/\/ffyh.unc.edu.ar\/alfilo\/wp-json\/wp\/v2\/tags?post=3115"}],"curies":[{"name":"wp","href":"https:\/\/api.w.org\/{rel}","templated":true}]}}