{"id":3681,"date":"2016-11-29T17:18:30","date_gmt":"2016-11-29T17:18:30","guid":{"rendered":"http:\/\/www.ffyh.unc.edu.ar\/alfilo\/?p=3681"},"modified":"2016-11-29T17:18:30","modified_gmt":"2016-11-29T17:18:30","slug":"cantando-no-se-siente-ningun-dolor","status":"publish","type":"post","link":"https:\/\/ffyh.unc.edu.ar\/alfilo\/cantando-no-se-siente-ningun-dolor\/","title":{"rendered":"Cantando no se siente ning\u00fan dolor"},"content":{"rendered":"<p><strong>El jueves 24 de noviembre en la Sala de las Am\u00e9ricas del Pabell\u00f3n Argentina se realiz\u00f3 el concierto gratuito de Liliana Herrero, acompa\u00f1ada por Pedro Rossi en guitarra, para festejar los 70 a\u00f1os de la Facultad de Filosof\u00eda y Humanidades de la UNC.<\/strong><\/p>\n<p><!--more--><\/p>\n<p>M\u00e1s de 600 personas se encontraron en la Sala de las Am\u00e9ricas del Pabell\u00f3n Argentina para celebrar el 70\u00ba aniversario de la FFyH, en una noche atravesada por la memoria.\u00a0 \u201cNosotros en la Facultad con lo que hacemos honramos a los que estuvieron antes, sean libros, experiencias o personas, pero tambi\u00e9n estamos construyendo con lo que hacemos o no hacemos la memoria de los que van a venir. Y eso es una responsabilidad muy grande\u201d, dijo el Decano, Diego Tati\u00e1n, antes de presentar a Liliana Herrero y Pedro Rossi.<\/p>\n<p><img loading=\"lazy\" decoding=\"async\" class=\"alignright size-full wp-image-3667\" src=\"http:\/\/ffyh.unc.edu.ar\/alfilo2\/wp-content\/uploads\/sites\/11\/2016\/11\/liliana-herrero-05.jpg\" alt=\"liliana-herrero-05\" width=\"1200\" height=\"900\" srcset=\"https:\/\/ffyh.unc.edu.ar\/alfilo\/wp-content\/uploads\/sites\/11\/2016\/11\/liliana-herrero-05.jpg 1200w, https:\/\/ffyh.unc.edu.ar\/alfilo\/wp-content\/uploads\/sites\/11\/2016\/11\/liliana-herrero-05-300x225.jpg 300w, https:\/\/ffyh.unc.edu.ar\/alfilo\/wp-content\/uploads\/sites\/11\/2016\/11\/liliana-herrero-05-768x576.jpg 768w, https:\/\/ffyh.unc.edu.ar\/alfilo\/wp-content\/uploads\/sites\/11\/2016\/11\/liliana-herrero-05-1024x768.jpg 1024w\" sizes=\"auto, (max-width: 1200px) 100vw, 1200px\" \/><\/p>\n<p>A pesar de un dolor en la rodilla que la aquejaba desde hac\u00eda varios d\u00edas, producto de una ca\u00edda en el supermercado, Liliana y Pedro recorrieron a lo largo de casi dos horas gran parte del cancionero rioplatense, que va desde el folclore m\u00e1s tradicional al rock nacional y desde los cantautores uruguayos a los nuevos m\u00fasicos argentinos.<\/p>\n<p><img loading=\"lazy\" decoding=\"async\" class=\"alignright size-full wp-image-3674\" src=\"http:\/\/ffyh.unc.edu.ar\/alfilo2\/wp-content\/uploads\/sites\/11\/2016\/11\/liliana-herrero-12.jpg\" alt=\"liliana-herrero-12\" width=\"1200\" height=\"750\" srcset=\"https:\/\/ffyh.unc.edu.ar\/alfilo\/wp-content\/uploads\/sites\/11\/2016\/11\/liliana-herrero-12.jpg 1200w, https:\/\/ffyh.unc.edu.ar\/alfilo\/wp-content\/uploads\/sites\/11\/2016\/11\/liliana-herrero-12-300x188.jpg 300w, https:\/\/ffyh.unc.edu.ar\/alfilo\/wp-content\/uploads\/sites\/11\/2016\/11\/liliana-herrero-12-768x480.jpg 768w, https:\/\/ffyh.unc.edu.ar\/alfilo\/wp-content\/uploads\/sites\/11\/2016\/11\/liliana-herrero-12-1024x640.jpg 1024w\" sizes=\"auto, (max-width: 1200px) 100vw, 1200px\" \/><\/p>\n<p>As\u00ed, comenz\u00f3 con \u201cNo soy un extra\u00f1o\u201d, de Charly Garc\u00eda,\u00a0\u201cTu nombre y el m\u00edo\u201d,\u00a0de Lisandro Aristimu\u00f1o y\u00a0\u201cGarzas viajeras\u201d,\u00a0de An\u00edbal Sampayo. \u201cCualquiera puede pensar que estos tres temas fueron una mezcla arbitraria, y que nada tienen que ver entre s\u00ed. Estos temas son parte de la memoria musical, po\u00e9tica y pol\u00edtica y es lo que nosotros venimos a sostener hoy\u201d, advirti\u00f3 Herrero. A estas le sigui\u00f3 \u201cLa casa de al lado\u201d, del uruguayo Fernando Cabrera. \u201cLa m\u00fasica es un di\u00e1logo, una conversaci\u00f3n con la memoria\u201d, agreg\u00f3 en otro momento.<\/p>\n<p>En el marco de este aniversario, Liliana record\u00f3 cuando en los \u201970, en su \u00e9poca de estudiante de Filosof\u00eda, ven\u00eda a visitar amigos y a los actos en el Comedor de la Ciudad Universitaria. \u201cEs imposible pensar los movimientos estudiantiles sin C\u00f3rdoba\u201d, se\u00f1al\u00f3. En su pasado universitario, la cantante oriunda de Villaguay tambi\u00e9n fue directora entre 1990 y 1994 de la carrera de Filosof\u00eda de la Facultad de Humanidades y Artes de la Universidad Nacional de Rosario. En esos a\u00f1os tambi\u00e9n se desempe\u00f1\u00f3 como Profesora Adjunta en Introducci\u00f3n a la Filosof\u00eda y a las Ciencias Sociales en la Facultad de Derecho de la misma casa de estudios.<\/p>\n<p><img loading=\"lazy\" decoding=\"async\" class=\"alignright size-full wp-image-3670\" src=\"http:\/\/ffyh.unc.edu.ar\/alfilo2\/wp-content\/uploads\/sites\/11\/2016\/11\/liliana-herrero-08.jpg\" alt=\"liliana-herrero-08\" width=\"1200\" height=\"750\" srcset=\"https:\/\/ffyh.unc.edu.ar\/alfilo\/wp-content\/uploads\/sites\/11\/2016\/11\/liliana-herrero-08.jpg 1200w, https:\/\/ffyh.unc.edu.ar\/alfilo\/wp-content\/uploads\/sites\/11\/2016\/11\/liliana-herrero-08-300x188.jpg 300w, https:\/\/ffyh.unc.edu.ar\/alfilo\/wp-content\/uploads\/sites\/11\/2016\/11\/liliana-herrero-08-768x480.jpg 768w, https:\/\/ffyh.unc.edu.ar\/alfilo\/wp-content\/uploads\/sites\/11\/2016\/11\/liliana-herrero-08-1024x640.jpg 1024w\" sizes=\"auto, (max-width: 1200px) 100vw, 1200px\" \/><\/p>\n<p>Antes de largar con las canciones de Atahualpa Yupanqui, Herrero cont\u00f3 sobre su tropiezo en el supermercado, una posterior ca\u00edda sobre las g\u00f3ndolas y un dolor en las rodillas que todav\u00eda sent\u00eda fuerte ese d\u00eda, lo que provoc\u00f3 un clima desacartonado de confianza y risas entre la cantante y el p\u00fablico. \u201c\u00a1Vamos bien! Cantando no se siente ning\u00fan dolor\u201d, expres\u00f3 con satisfacci\u00f3n y arranc\u00f3 con la interpretaci\u00f3n de \u201cLuna tucumana\u201d\u00a0y\u00a0\u201cChacarera de las piedras\u201d.<\/p>\n<p>Tampoco se priv\u00f3 de hacer p\u00fablico su sentido compromiso con la tradici\u00f3n de luchas y la defensa de los derechos humanos. En ese sentido, uno de los momentos m\u00e1s aplaudidos de la noche fue cuando la cantante se par\u00f3 en el medio del escenario y con el pu\u00f1o en alto mostr\u00f3 la imagen de Milagro Sala, en clara solidaridad con el pedido por su liberaci\u00f3n. Un gesto que remat\u00f3 con la interpretaci\u00f3n de \u201cEl tiempo est\u00e1 despu\u00e9s\u201d, de Fernando Cabrera.<\/p>\n<p><img loading=\"lazy\" decoding=\"async\" class=\"size-full wp-image-3679 alignnone\" src=\"http:\/\/ffyh.unc.edu.ar\/alfilo2\/wp-content\/uploads\/sites\/11\/2016\/11\/liliana-herrero-17.jpg\" alt=\"liliana-herrero-17\" width=\"1200\" height=\"750\" srcset=\"https:\/\/ffyh.unc.edu.ar\/alfilo\/wp-content\/uploads\/sites\/11\/2016\/11\/liliana-herrero-17.jpg 1200w, https:\/\/ffyh.unc.edu.ar\/alfilo\/wp-content\/uploads\/sites\/11\/2016\/11\/liliana-herrero-17-300x188.jpg 300w, https:\/\/ffyh.unc.edu.ar\/alfilo\/wp-content\/uploads\/sites\/11\/2016\/11\/liliana-herrero-17-768x480.jpg 768w, https:\/\/ffyh.unc.edu.ar\/alfilo\/wp-content\/uploads\/sites\/11\/2016\/11\/liliana-herrero-17-1024x640.jpg 1024w\" sizes=\"auto, (max-width: 1200px) 100vw, 1200px\" \/>En otro momento del concierto tambi\u00e9n record\u00f3 a Severino Di Giovanni, el anarquista de la d\u00e9cada del 30 que Osvaldo Bayer retrat\u00f3 en uno de sus libros, y cant\u00f3 una canci\u00f3n compuesta por el Teniente Juan Carlos Franco, quien fuera designado defensor\u00a0oficial de Di Giovanni y dado de baja del Ej\u00e9rcito.<\/p>\n<p>Con \u201cParte del aire\u201d, de Fito P\u00e1ez, se despidieron, para volver al escenario sin llegar al camar\u00edn. \u201cLa calandria\u201d, de Isaco Abitbol y\u00a0\u201cMurga madre\u201d\u00a0de Pitufo Lombardo, fueron las \u00faltimas canciones de una noche cargada de memoria y sentimientos.<\/p>\n<p><img loading=\"lazy\" decoding=\"async\" class=\"alignnone wp-image-3672 size-full\" src=\"http:\/\/ffyh.unc.edu.ar\/alfilo2\/wp-content\/uploads\/sites\/11\/2016\/11\/liliana-herrero-10.jpg\" alt=\"liliana-herrero-10\" width=\"1200\" height=\"857\" srcset=\"https:\/\/ffyh.unc.edu.ar\/alfilo\/wp-content\/uploads\/sites\/11\/2016\/11\/liliana-herrero-10.jpg 1200w, https:\/\/ffyh.unc.edu.ar\/alfilo\/wp-content\/uploads\/sites\/11\/2016\/11\/liliana-herrero-10-300x214.jpg 300w, https:\/\/ffyh.unc.edu.ar\/alfilo\/wp-content\/uploads\/sites\/11\/2016\/11\/liliana-herrero-10-768x548.jpg 768w, https:\/\/ffyh.unc.edu.ar\/alfilo\/wp-content\/uploads\/sites\/11\/2016\/11\/liliana-herrero-10-1024x731.jpg 1024w\" sizes=\"auto, (max-width: 1200px) 100vw, 1200px\" \/><img loading=\"lazy\" decoding=\"async\" class=\"alignright size-full wp-image-3680\" src=\"http:\/\/ffyh.unc.edu.ar\/alfilo2\/wp-content\/uploads\/sites\/11\/2016\/11\/liliana-herrero-18.jpg\" alt=\"liliana-herrero-18\" width=\"1200\" height=\"750\" srcset=\"https:\/\/ffyh.unc.edu.ar\/alfilo\/wp-content\/uploads\/sites\/11\/2016\/11\/liliana-herrero-18.jpg 1200w, https:\/\/ffyh.unc.edu.ar\/alfilo\/wp-content\/uploads\/sites\/11\/2016\/11\/liliana-herrero-18-300x188.jpg 300w, https:\/\/ffyh.unc.edu.ar\/alfilo\/wp-content\/uploads\/sites\/11\/2016\/11\/liliana-herrero-18-768x480.jpg 768w, https:\/\/ffyh.unc.edu.ar\/alfilo\/wp-content\/uploads\/sites\/11\/2016\/11\/liliana-herrero-18-1024x640.jpg 1024w\" sizes=\"auto, (max-width: 1200px) 100vw, 1200px\" \/><img loading=\"lazy\" decoding=\"async\" class=\"alignnone wp-image-3663 size-full\" src=\"http:\/\/ffyh.unc.edu.ar\/alfilo2\/wp-content\/uploads\/sites\/11\/2016\/11\/liliana-herrero-00.jpg\" alt=\"liliana-herrero-00\" width=\"1200\" height=\"750\" srcset=\"https:\/\/ffyh.unc.edu.ar\/alfilo\/wp-content\/uploads\/sites\/11\/2016\/11\/liliana-herrero-00.jpg 1200w, https:\/\/ffyh.unc.edu.ar\/alfilo\/wp-content\/uploads\/sites\/11\/2016\/11\/liliana-herrero-00-300x188.jpg 300w, https:\/\/ffyh.unc.edu.ar\/alfilo\/wp-content\/uploads\/sites\/11\/2016\/11\/liliana-herrero-00-768x480.jpg 768w, https:\/\/ffyh.unc.edu.ar\/alfilo\/wp-content\/uploads\/sites\/11\/2016\/11\/liliana-herrero-00-1024x640.jpg 1024w\" sizes=\"auto, (max-width: 1200px) 100vw, 1200px\" \/><img loading=\"lazy\" decoding=\"async\" class=\"alignright size-full wp-image-3665\" src=\"http:\/\/ffyh.unc.edu.ar\/alfilo2\/wp-content\/uploads\/sites\/11\/2016\/11\/liliana-herrero-03.jpg\" alt=\"liliana-herrero-03\" width=\"1200\" height=\"750\" srcset=\"https:\/\/ffyh.unc.edu.ar\/alfilo\/wp-content\/uploads\/sites\/11\/2016\/11\/liliana-herrero-03.jpg 1200w, https:\/\/ffyh.unc.edu.ar\/alfilo\/wp-content\/uploads\/sites\/11\/2016\/11\/liliana-herrero-03-300x188.jpg 300w, https:\/\/ffyh.unc.edu.ar\/alfilo\/wp-content\/uploads\/sites\/11\/2016\/11\/liliana-herrero-03-768x480.jpg 768w, https:\/\/ffyh.unc.edu.ar\/alfilo\/wp-content\/uploads\/sites\/11\/2016\/11\/liliana-herrero-03-1024x640.jpg 1024w\" sizes=\"auto, (max-width: 1200px) 100vw, 1200px\" \/><a href=\"http:\/\/ffyh.unc.edu.ar\/alfilo2\/wp-content\/uploads\/sites\/11\/2016\/11\/liliana-herrero-04.jpg\"><img loading=\"lazy\" decoding=\"async\" class=\"alignright size-full wp-image-3666\" src=\"http:\/\/ffyh.unc.edu.ar\/alfilo2\/wp-content\/uploads\/sites\/11\/2016\/11\/liliana-herrero-04.jpg\" alt=\"liliana-herrero-04\" width=\"1200\" height=\"750\" srcset=\"https:\/\/ffyh.unc.edu.ar\/alfilo\/wp-content\/uploads\/sites\/11\/2016\/11\/liliana-herrero-04.jpg 1200w, https:\/\/ffyh.unc.edu.ar\/alfilo\/wp-content\/uploads\/sites\/11\/2016\/11\/liliana-herrero-04-300x188.jpg 300w, https:\/\/ffyh.unc.edu.ar\/alfilo\/wp-content\/uploads\/sites\/11\/2016\/11\/liliana-herrero-04-768x480.jpg 768w, https:\/\/ffyh.unc.edu.ar\/alfilo\/wp-content\/uploads\/sites\/11\/2016\/11\/liliana-herrero-04-1024x640.jpg 1024w\" sizes=\"auto, (max-width: 1200px) 100vw, 1200px\" \/><\/a> \u00a0<a href=\"http:\/\/ffyh.unc.edu.ar\/alfilo2\/wp-content\/uploads\/sites\/11\/2016\/11\/liliana-herrero-07.jpg\"><img loading=\"lazy\" decoding=\"async\" class=\"alignright size-full wp-image-3669\" src=\"http:\/\/ffyh.unc.edu.ar\/alfilo2\/wp-content\/uploads\/sites\/11\/2016\/11\/liliana-herrero-07.jpg\" alt=\"liliana-herrero-07\" width=\"1200\" height=\"750\" srcset=\"https:\/\/ffyh.unc.edu.ar\/alfilo\/wp-content\/uploads\/sites\/11\/2016\/11\/liliana-herrero-07.jpg 1200w, https:\/\/ffyh.unc.edu.ar\/alfilo\/wp-content\/uploads\/sites\/11\/2016\/11\/liliana-herrero-07-300x188.jpg 300w, https:\/\/ffyh.unc.edu.ar\/alfilo\/wp-content\/uploads\/sites\/11\/2016\/11\/liliana-herrero-07-768x480.jpg 768w, https:\/\/ffyh.unc.edu.ar\/alfilo\/wp-content\/uploads\/sites\/11\/2016\/11\/liliana-herrero-07-1024x640.jpg 1024w\" sizes=\"auto, (max-width: 1200px) 100vw, 1200px\" \/><\/a><a href=\"http:\/\/ffyh.unc.edu.ar\/alfilo2\/wp-content\/uploads\/sites\/11\/2016\/11\/liliana-herrero-09.jpg\"><br \/>\n<img loading=\"lazy\" decoding=\"async\" class=\"alignright size-full wp-image-3671\" src=\"http:\/\/ffyh.unc.edu.ar\/alfilo2\/wp-content\/uploads\/sites\/11\/2016\/11\/liliana-herrero-09.jpg\" alt=\"liliana-herrero-09\" width=\"1200\" height=\"750\" srcset=\"https:\/\/ffyh.unc.edu.ar\/alfilo\/wp-content\/uploads\/sites\/11\/2016\/11\/liliana-herrero-09.jpg 1200w, https:\/\/ffyh.unc.edu.ar\/alfilo\/wp-content\/uploads\/sites\/11\/2016\/11\/liliana-herrero-09-300x188.jpg 300w, https:\/\/ffyh.unc.edu.ar\/alfilo\/wp-content\/uploads\/sites\/11\/2016\/11\/liliana-herrero-09-768x480.jpg 768w, https:\/\/ffyh.unc.edu.ar\/alfilo\/wp-content\/uploads\/sites\/11\/2016\/11\/liliana-herrero-09-1024x640.jpg 1024w\" sizes=\"auto, (max-width: 1200px) 100vw, 1200px\" \/><\/a><\/p>\n<p><a href=\"http:\/\/ffyh.unc.edu.ar\/alfilo2\/wp-content\/uploads\/sites\/11\/2016\/11\/liliana-herrero-15.jpg\"><br \/>\n<img loading=\"lazy\" decoding=\"async\" class=\"alignright size-full wp-image-3677\" src=\"http:\/\/ffyh.unc.edu.ar\/alfilo2\/wp-content\/uploads\/sites\/11\/2016\/11\/liliana-herrero-15.jpg\" alt=\"liliana-herrero-15\" width=\"1200\" height=\"750\" srcset=\"https:\/\/ffyh.unc.edu.ar\/alfilo\/wp-content\/uploads\/sites\/11\/2016\/11\/liliana-herrero-15.jpg 1200w, https:\/\/ffyh.unc.edu.ar\/alfilo\/wp-content\/uploads\/sites\/11\/2016\/11\/liliana-herrero-15-300x188.jpg 300w, https:\/\/ffyh.unc.edu.ar\/alfilo\/wp-content\/uploads\/sites\/11\/2016\/11\/liliana-herrero-15-768x480.jpg 768w, https:\/\/ffyh.unc.edu.ar\/alfilo\/wp-content\/uploads\/sites\/11\/2016\/11\/liliana-herrero-15-1024x640.jpg 1024w\" sizes=\"auto, (max-width: 1200px) 100vw, 1200px\" \/><\/a><a href=\"http:\/\/ffyh.unc.edu.ar\/alfilo2\/wp-content\/uploads\/sites\/11\/2016\/11\/liliana-herrero-16.jpg\"><br \/>\n<img loading=\"lazy\" decoding=\"async\" class=\"alignright size-full wp-image-3678\" src=\"http:\/\/ffyh.unc.edu.ar\/alfilo2\/wp-content\/uploads\/sites\/11\/2016\/11\/liliana-herrero-16.jpg\" alt=\"liliana-herrero-16\" width=\"1200\" height=\"750\" srcset=\"https:\/\/ffyh.unc.edu.ar\/alfilo\/wp-content\/uploads\/sites\/11\/2016\/11\/liliana-herrero-16.jpg 1200w, https:\/\/ffyh.unc.edu.ar\/alfilo\/wp-content\/uploads\/sites\/11\/2016\/11\/liliana-herrero-16-300x188.jpg 300w, https:\/\/ffyh.unc.edu.ar\/alfilo\/wp-content\/uploads\/sites\/11\/2016\/11\/liliana-herrero-16-768x480.jpg 768w, https:\/\/ffyh.unc.edu.ar\/alfilo\/wp-content\/uploads\/sites\/11\/2016\/11\/liliana-herrero-16-1024x640.jpg 1024w\" sizes=\"auto, (max-width: 1200px) 100vw, 1200px\" \/><\/a><\/p>\n","protected":false},"excerpt":{"rendered":"<div class=\"mh-excerpt\"><p>El jueves 24 de noviembre en la Sala de las Am\u00e9ricas del Pabell\u00f3n Argentina se realiz\u00f3 el concierto gratuito de Liliana Herrero, acompa\u00f1ada por Pedro Rossi en guitarra, para festejar los 70 a\u00f1os de la Facultad de Filosof\u00eda y Humanidades <a class=\"mh-excerpt-more\" href=\"https:\/\/ffyh.unc.edu.ar\/alfilo\/cantando-no-se-siente-ningun-dolor\/\" title=\"Cantando no se siente ning\u00fan dolor\">[Leer m\u00e1s]<\/a><\/p>\n<\/div>","protected":false},"author":1,"featured_media":3674,"comment_status":"open","ping_status":"open","sticky":false,"template":"","format":"standard","meta":{"_acf_changed":false,"_monsterinsights_skip_tracking":false,"_monsterinsights_sitenote_active":false,"_monsterinsights_sitenote_note":"","_monsterinsights_sitenote_category":0,"_jetpack_memberships_contains_paid_content":false,"footnotes":""},"categories":[24],"tags":[43,54],"class_list":["post-3681","post","type-post","status-publish","format-standard","has-post-thumbnail","hentry","category-24","tag-70-anos","tag-concierto-de-liliana-herrero-y-pedro-rossi"],"acf":[],"yoast_head":"<!-- This site is optimized with the Yoast SEO plugin v27.1.1 - https:\/\/yoast.com\/product\/yoast-seo-wordpress\/ -->\n<title>Cantando no se siente ning\u00fan dolor - Alfilo<\/title>\n<meta name=\"robots\" content=\"index, follow, max-snippet:-1, max-image-preview:large, max-video-preview:-1\" \/>\n<link rel=\"canonical\" href=\"https:\/\/ffyh.unc.edu.ar\/alfilo\/cantando-no-se-siente-ningun-dolor\/\" \/>\n<meta property=\"og:locale\" content=\"es_ES\" \/>\n<meta property=\"og:type\" content=\"article\" \/>\n<meta property=\"og:title\" content=\"Cantando no se siente ning\u00fan dolor - Alfilo\" \/>\n<meta property=\"og:description\" content=\"El jueves 24 de noviembre en la Sala de las Am\u00e9ricas del Pabell\u00f3n Argentina se realiz\u00f3 el concierto gratuito de Liliana Herrero, acompa\u00f1ada por Pedro Rossi en guitarra, para festejar los 70 a\u00f1os de la Facultad de Filosof\u00eda y Humanidades [Leer m\u00e1s]\" \/>\n<meta property=\"og:url\" content=\"https:\/\/ffyh.unc.edu.ar\/alfilo\/cantando-no-se-siente-ningun-dolor\/\" \/>\n<meta property=\"og:site_name\" content=\"Alfilo\" \/>\n<meta property=\"article:publisher\" content=\"https:\/\/www.facebook.com\/ffyh.unc\/\" \/>\n<meta property=\"article:published_time\" content=\"2016-11-29T17:18:30+00:00\" \/>\n<meta property=\"og:image\" content=\"https:\/\/ffyh.unc.edu.ar\/alfilo\/wp-content\/uploads\/sites\/11\/2016\/11\/liliana-herrero-12.jpg\" \/>\n\t<meta property=\"og:image:width\" content=\"1200\" \/>\n\t<meta property=\"og:image:height\" content=\"750\" \/>\n\t<meta property=\"og:image:type\" content=\"image\/jpeg\" \/>\n<meta name=\"author\" content=\"soporte\" \/>\n<meta name=\"twitter:card\" content=\"summary_large_image\" \/>\n<meta name=\"twitter:creator\" content=\"@ffyh_unc\" \/>\n<meta name=\"twitter:site\" content=\"@ffyh_unc\" \/>\n<meta name=\"twitter:label1\" content=\"Escrito por\" \/>\n\t<meta name=\"twitter:data1\" content=\"\" \/>\n\t<meta name=\"twitter:label2\" content=\"Tiempo de lectura\" \/>\n\t<meta name=\"twitter:data2\" content=\"3 minutos\" \/>\n<script type=\"application\/ld+json\" class=\"yoast-schema-graph\">{\"@context\":\"https:\/\/schema.org\",\"@graph\":[{\"@type\":\"Article\",\"@id\":\"https:\/\/ffyh.unc.edu.ar\/alfilo\/cantando-no-se-siente-ningun-dolor\/#article\",\"isPartOf\":{\"@id\":\"https:\/\/ffyh.unc.edu.ar\/alfilo\/cantando-no-se-siente-ningun-dolor\/\"},\"author\":{\"name\":\"soporte\",\"@id\":\"https:\/\/ffyh.unc.edu.ar\/alfilo\/#\/schema\/person\/57a743469801e7e195e268bfe4c52190\"},\"headline\":\"Cantando no se siente ning\u00fan dolor\",\"datePublished\":\"2016-11-29T17:18:30+00:00\",\"mainEntityOfPage\":{\"@id\":\"https:\/\/ffyh.unc.edu.ar\/alfilo\/cantando-no-se-siente-ningun-dolor\/\"},\"wordCount\":692,\"commentCount\":0,\"publisher\":{\"@id\":\"https:\/\/ffyh.unc.edu.ar\/alfilo\/#organization\"},\"image\":{\"@id\":\"https:\/\/ffyh.unc.edu.ar\/alfilo\/cantando-no-se-siente-ningun-dolor\/#primaryimage\"},\"thumbnailUrl\":\"https:\/\/ffyh.unc.edu.ar\/alfilo\/wp-content\/uploads\/sites\/11\/2016\/11\/liliana-herrero-12.jpg\",\"keywords\":[\"70 a\u00f1os\",\"Concierto de Liliana Herrero y Pedro Rossi\"],\"articleSection\":[\"56\"],\"inLanguage\":\"es\",\"potentialAction\":[{\"@type\":\"CommentAction\",\"name\":\"Comment\",\"target\":[\"https:\/\/ffyh.unc.edu.ar\/alfilo\/cantando-no-se-siente-ningun-dolor\/#respond\"]}]},{\"@type\":\"WebPage\",\"@id\":\"https:\/\/ffyh.unc.edu.ar\/alfilo\/cantando-no-se-siente-ningun-dolor\/\",\"url\":\"https:\/\/ffyh.unc.edu.ar\/alfilo\/cantando-no-se-siente-ningun-dolor\/\",\"name\":\"Cantando no se siente ning\u00fan dolor - Alfilo\",\"isPartOf\":{\"@id\":\"https:\/\/ffyh.unc.edu.ar\/alfilo\/#website\"},\"primaryImageOfPage\":{\"@id\":\"https:\/\/ffyh.unc.edu.ar\/alfilo\/cantando-no-se-siente-ningun-dolor\/#primaryimage\"},\"image\":{\"@id\":\"https:\/\/ffyh.unc.edu.ar\/alfilo\/cantando-no-se-siente-ningun-dolor\/#primaryimage\"},\"thumbnailUrl\":\"https:\/\/ffyh.unc.edu.ar\/alfilo\/wp-content\/uploads\/sites\/11\/2016\/11\/liliana-herrero-12.jpg\",\"datePublished\":\"2016-11-29T17:18:30+00:00\",\"breadcrumb\":{\"@id\":\"https:\/\/ffyh.unc.edu.ar\/alfilo\/cantando-no-se-siente-ningun-dolor\/#breadcrumb\"},\"inLanguage\":\"es\",\"potentialAction\":[{\"@type\":\"ReadAction\",\"target\":[\"https:\/\/ffyh.unc.edu.ar\/alfilo\/cantando-no-se-siente-ningun-dolor\/\"]}]},{\"@type\":\"ImageObject\",\"inLanguage\":\"es\",\"@id\":\"https:\/\/ffyh.unc.edu.ar\/alfilo\/cantando-no-se-siente-ningun-dolor\/#primaryimage\",\"url\":\"https:\/\/ffyh.unc.edu.ar\/alfilo\/wp-content\/uploads\/sites\/11\/2016\/11\/liliana-herrero-12.jpg\",\"contentUrl\":\"https:\/\/ffyh.unc.edu.ar\/alfilo\/wp-content\/uploads\/sites\/11\/2016\/11\/liliana-herrero-12.jpg\",\"width\":1200,\"height\":750},{\"@type\":\"BreadcrumbList\",\"@id\":\"https:\/\/ffyh.unc.edu.ar\/alfilo\/cantando-no-se-siente-ningun-dolor\/#breadcrumb\",\"itemListElement\":[{\"@type\":\"ListItem\",\"position\":1,\"name\":\"Portada\",\"item\":\"https:\/\/ffyh.unc.edu.ar\/alfilo\/\"},{\"@type\":\"ListItem\",\"position\":2,\"name\":\"Cantando no se siente ning\u00fan dolor\"}]},{\"@type\":\"WebSite\",\"@id\":\"https:\/\/ffyh.unc.edu.ar\/alfilo\/#website\",\"url\":\"https:\/\/ffyh.unc.edu.ar\/alfilo\/\",\"name\":\"Alfilo\",\"description\":\"Revista digital de la Facultad de Filosof\u00eda y Humanidades - Universidad Nacional de C\u00f3rdoba\",\"publisher\":{\"@id\":\"https:\/\/ffyh.unc.edu.ar\/alfilo\/#organization\"},\"potentialAction\":[{\"@type\":\"SearchAction\",\"target\":{\"@type\":\"EntryPoint\",\"urlTemplate\":\"https:\/\/ffyh.unc.edu.ar\/alfilo\/?s={search_term_string}\"},\"query-input\":{\"@type\":\"PropertyValueSpecification\",\"valueRequired\":true,\"valueName\":\"search_term_string\"}}],\"inLanguage\":\"es\"},{\"@type\":\"Organization\",\"@id\":\"https:\/\/ffyh.unc.edu.ar\/alfilo\/#organization\",\"name\":\"Alfilo | Revista digital de la Facultad de Filosof\u00eda y Humanidades | UNC\",\"url\":\"https:\/\/ffyh.unc.edu.ar\/alfilo\/\",\"logo\":{\"@type\":\"ImageObject\",\"inLanguage\":\"es\",\"@id\":\"https:\/\/ffyh.unc.edu.ar\/alfilo\/#\/schema\/logo\/image\/\",\"url\":\"https:\/\/ffyh.unc.edu.ar\/alfilo\/wp-content\/uploads\/sites\/11\/2015\/04\/banner-alfilo-2015-ico.jpg\",\"contentUrl\":\"https:\/\/ffyh.unc.edu.ar\/alfilo\/wp-content\/uploads\/sites\/11\/2015\/04\/banner-alfilo-2015-ico.jpg\",\"width\":253,\"height\":128,\"caption\":\"Alfilo | Revista digital de la Facultad de Filosof\u00eda y Humanidades | UNC\"},\"image\":{\"@id\":\"https:\/\/ffyh.unc.edu.ar\/alfilo\/#\/schema\/logo\/image\/\"},\"sameAs\":[\"https:\/\/www.facebook.com\/ffyh.unc\/\",\"https:\/\/x.com\/ffyh_unc\",\"https:\/\/www.instagram.com\/ffyhunc\/\",\"https:\/\/www.youtube.com\/user\/comunicacionfilo\"]},{\"@type\":\"Person\",\"@id\":\"https:\/\/ffyh.unc.edu.ar\/alfilo\/#\/schema\/person\/57a743469801e7e195e268bfe4c52190\",\"name\":\"soporte\",\"image\":{\"@type\":\"ImageObject\",\"inLanguage\":\"es\",\"@id\":\"https:\/\/ffyh.unc.edu.ar\/alfilo\/#\/schema\/person\/image\/\",\"url\":\"https:\/\/secure.gravatar.com\/avatar\/ccd40043e5faec50f5bfc8fd1ba508e2228f018210ddcbcf662ed4624d9038c2?s=96&d=mm&r=g\",\"contentUrl\":\"https:\/\/secure.gravatar.com\/avatar\/ccd40043e5faec50f5bfc8fd1ba508e2228f018210ddcbcf662ed4624d9038c2?s=96&d=mm&r=g\",\"caption\":\"soporte\"},\"url\":\"https:\/\/ffyh.unc.edu.ar\/alfilo\/author\/admin\/\"}]}<\/script>\n<!-- \/ Yoast SEO plugin. -->","yoast_head_json":{"title":"Cantando no se siente ning\u00fan dolor - Alfilo","robots":{"index":"index","follow":"follow","max-snippet":"max-snippet:-1","max-image-preview":"max-image-preview:large","max-video-preview":"max-video-preview:-1"},"canonical":"https:\/\/ffyh.unc.edu.ar\/alfilo\/cantando-no-se-siente-ningun-dolor\/","og_locale":"es_ES","og_type":"article","og_title":"Cantando no se siente ning\u00fan dolor - Alfilo","og_description":"El jueves 24 de noviembre en la Sala de las Am\u00e9ricas del Pabell\u00f3n Argentina se realiz\u00f3 el concierto gratuito de Liliana Herrero, acompa\u00f1ada por Pedro Rossi en guitarra, para festejar los 70 a\u00f1os de la Facultad de Filosof\u00eda y Humanidades [Leer m\u00e1s]","og_url":"https:\/\/ffyh.unc.edu.ar\/alfilo\/cantando-no-se-siente-ningun-dolor\/","og_site_name":"Alfilo","article_publisher":"https:\/\/www.facebook.com\/ffyh.unc\/","article_published_time":"2016-11-29T17:18:30+00:00","og_image":[{"width":1200,"height":750,"url":"https:\/\/ffyh.unc.edu.ar\/alfilo\/wp-content\/uploads\/sites\/11\/2016\/11\/liliana-herrero-12.jpg","type":"image\/jpeg"}],"author":"soporte","twitter_card":"summary_large_image","twitter_creator":"@ffyh_unc","twitter_site":"@ffyh_unc","twitter_misc":{"Escrito por":false,"Tiempo de lectura":"3 minutos"},"schema":{"@context":"https:\/\/schema.org","@graph":[{"@type":"Article","@id":"https:\/\/ffyh.unc.edu.ar\/alfilo\/cantando-no-se-siente-ningun-dolor\/#article","isPartOf":{"@id":"https:\/\/ffyh.unc.edu.ar\/alfilo\/cantando-no-se-siente-ningun-dolor\/"},"author":{"name":"soporte","@id":"https:\/\/ffyh.unc.edu.ar\/alfilo\/#\/schema\/person\/57a743469801e7e195e268bfe4c52190"},"headline":"Cantando no se siente ning\u00fan dolor","datePublished":"2016-11-29T17:18:30+00:00","mainEntityOfPage":{"@id":"https:\/\/ffyh.unc.edu.ar\/alfilo\/cantando-no-se-siente-ningun-dolor\/"},"wordCount":692,"commentCount":0,"publisher":{"@id":"https:\/\/ffyh.unc.edu.ar\/alfilo\/#organization"},"image":{"@id":"https:\/\/ffyh.unc.edu.ar\/alfilo\/cantando-no-se-siente-ningun-dolor\/#primaryimage"},"thumbnailUrl":"https:\/\/ffyh.unc.edu.ar\/alfilo\/wp-content\/uploads\/sites\/11\/2016\/11\/liliana-herrero-12.jpg","keywords":["70 a\u00f1os","Concierto de Liliana Herrero y Pedro Rossi"],"articleSection":["56"],"inLanguage":"es","potentialAction":[{"@type":"CommentAction","name":"Comment","target":["https:\/\/ffyh.unc.edu.ar\/alfilo\/cantando-no-se-siente-ningun-dolor\/#respond"]}]},{"@type":"WebPage","@id":"https:\/\/ffyh.unc.edu.ar\/alfilo\/cantando-no-se-siente-ningun-dolor\/","url":"https:\/\/ffyh.unc.edu.ar\/alfilo\/cantando-no-se-siente-ningun-dolor\/","name":"Cantando no se siente ning\u00fan dolor - Alfilo","isPartOf":{"@id":"https:\/\/ffyh.unc.edu.ar\/alfilo\/#website"},"primaryImageOfPage":{"@id":"https:\/\/ffyh.unc.edu.ar\/alfilo\/cantando-no-se-siente-ningun-dolor\/#primaryimage"},"image":{"@id":"https:\/\/ffyh.unc.edu.ar\/alfilo\/cantando-no-se-siente-ningun-dolor\/#primaryimage"},"thumbnailUrl":"https:\/\/ffyh.unc.edu.ar\/alfilo\/wp-content\/uploads\/sites\/11\/2016\/11\/liliana-herrero-12.jpg","datePublished":"2016-11-29T17:18:30+00:00","breadcrumb":{"@id":"https:\/\/ffyh.unc.edu.ar\/alfilo\/cantando-no-se-siente-ningun-dolor\/#breadcrumb"},"inLanguage":"es","potentialAction":[{"@type":"ReadAction","target":["https:\/\/ffyh.unc.edu.ar\/alfilo\/cantando-no-se-siente-ningun-dolor\/"]}]},{"@type":"ImageObject","inLanguage":"es","@id":"https:\/\/ffyh.unc.edu.ar\/alfilo\/cantando-no-se-siente-ningun-dolor\/#primaryimage","url":"https:\/\/ffyh.unc.edu.ar\/alfilo\/wp-content\/uploads\/sites\/11\/2016\/11\/liliana-herrero-12.jpg","contentUrl":"https:\/\/ffyh.unc.edu.ar\/alfilo\/wp-content\/uploads\/sites\/11\/2016\/11\/liliana-herrero-12.jpg","width":1200,"height":750},{"@type":"BreadcrumbList","@id":"https:\/\/ffyh.unc.edu.ar\/alfilo\/cantando-no-se-siente-ningun-dolor\/#breadcrumb","itemListElement":[{"@type":"ListItem","position":1,"name":"Portada","item":"https:\/\/ffyh.unc.edu.ar\/alfilo\/"},{"@type":"ListItem","position":2,"name":"Cantando no se siente ning\u00fan dolor"}]},{"@type":"WebSite","@id":"https:\/\/ffyh.unc.edu.ar\/alfilo\/#website","url":"https:\/\/ffyh.unc.edu.ar\/alfilo\/","name":"Alfilo","description":"Revista digital de la Facultad de Filosof\u00eda y Humanidades - Universidad Nacional de C\u00f3rdoba","publisher":{"@id":"https:\/\/ffyh.unc.edu.ar\/alfilo\/#organization"},"potentialAction":[{"@type":"SearchAction","target":{"@type":"EntryPoint","urlTemplate":"https:\/\/ffyh.unc.edu.ar\/alfilo\/?s={search_term_string}"},"query-input":{"@type":"PropertyValueSpecification","valueRequired":true,"valueName":"search_term_string"}}],"inLanguage":"es"},{"@type":"Organization","@id":"https:\/\/ffyh.unc.edu.ar\/alfilo\/#organization","name":"Alfilo | Revista digital de la Facultad de Filosof\u00eda y Humanidades | UNC","url":"https:\/\/ffyh.unc.edu.ar\/alfilo\/","logo":{"@type":"ImageObject","inLanguage":"es","@id":"https:\/\/ffyh.unc.edu.ar\/alfilo\/#\/schema\/logo\/image\/","url":"https:\/\/ffyh.unc.edu.ar\/alfilo\/wp-content\/uploads\/sites\/11\/2015\/04\/banner-alfilo-2015-ico.jpg","contentUrl":"https:\/\/ffyh.unc.edu.ar\/alfilo\/wp-content\/uploads\/sites\/11\/2015\/04\/banner-alfilo-2015-ico.jpg","width":253,"height":128,"caption":"Alfilo | Revista digital de la Facultad de Filosof\u00eda y Humanidades | UNC"},"image":{"@id":"https:\/\/ffyh.unc.edu.ar\/alfilo\/#\/schema\/logo\/image\/"},"sameAs":["https:\/\/www.facebook.com\/ffyh.unc\/","https:\/\/x.com\/ffyh_unc","https:\/\/www.instagram.com\/ffyhunc\/","https:\/\/www.youtube.com\/user\/comunicacionfilo"]},{"@type":"Person","@id":"https:\/\/ffyh.unc.edu.ar\/alfilo\/#\/schema\/person\/57a743469801e7e195e268bfe4c52190","name":"soporte","image":{"@type":"ImageObject","inLanguage":"es","@id":"https:\/\/ffyh.unc.edu.ar\/alfilo\/#\/schema\/person\/image\/","url":"https:\/\/secure.gravatar.com\/avatar\/ccd40043e5faec50f5bfc8fd1ba508e2228f018210ddcbcf662ed4624d9038c2?s=96&d=mm&r=g","contentUrl":"https:\/\/secure.gravatar.com\/avatar\/ccd40043e5faec50f5bfc8fd1ba508e2228f018210ddcbcf662ed4624d9038c2?s=96&d=mm&r=g","caption":"soporte"},"url":"https:\/\/ffyh.unc.edu.ar\/alfilo\/author\/admin\/"}]}},"jetpack_featured_media_url":"https:\/\/ffyh.unc.edu.ar\/alfilo\/wp-content\/uploads\/sites\/11\/2016\/11\/liliana-herrero-12.jpg","jetpack_sharing_enabled":true,"_links":{"self":[{"href":"https:\/\/ffyh.unc.edu.ar\/alfilo\/wp-json\/wp\/v2\/posts\/3681","targetHints":{"allow":["GET"]}}],"collection":[{"href":"https:\/\/ffyh.unc.edu.ar\/alfilo\/wp-json\/wp\/v2\/posts"}],"about":[{"href":"https:\/\/ffyh.unc.edu.ar\/alfilo\/wp-json\/wp\/v2\/types\/post"}],"author":[{"embeddable":true,"href":"https:\/\/ffyh.unc.edu.ar\/alfilo\/wp-json\/wp\/v2\/users\/1"}],"replies":[{"embeddable":true,"href":"https:\/\/ffyh.unc.edu.ar\/alfilo\/wp-json\/wp\/v2\/comments?post=3681"}],"version-history":[{"count":0,"href":"https:\/\/ffyh.unc.edu.ar\/alfilo\/wp-json\/wp\/v2\/posts\/3681\/revisions"}],"wp:featuredmedia":[{"embeddable":true,"href":"https:\/\/ffyh.unc.edu.ar\/alfilo\/wp-json\/wp\/v2\/media\/3674"}],"wp:attachment":[{"href":"https:\/\/ffyh.unc.edu.ar\/alfilo\/wp-json\/wp\/v2\/media?parent=3681"}],"wp:term":[{"taxonomy":"category","embeddable":true,"href":"https:\/\/ffyh.unc.edu.ar\/alfilo\/wp-json\/wp\/v2\/categories?post=3681"},{"taxonomy":"post_tag","embeddable":true,"href":"https:\/\/ffyh.unc.edu.ar\/alfilo\/wp-json\/wp\/v2\/tags?post=3681"}],"curies":[{"name":"wp","href":"https:\/\/api.w.org\/{rel}","templated":true}]}}