{"id":4310,"date":"2017-07-04T17:40:20","date_gmt":"2017-07-04T17:40:20","guid":{"rendered":"http:\/\/www.ffyh.unc.edu.ar\/alfilo\/?p=4310"},"modified":"2017-09-06T16:48:03","modified_gmt":"2017-09-06T16:48:03","slug":"presentaron-una-cartilla-sobre-parto-respetado","status":"publish","type":"post","link":"https:\/\/ffyh.unc.edu.ar\/alfilo\/presentaron-una-cartilla-sobre-parto-respetado\/","title":{"rendered":"Presentaron una cartilla sobre Parto Respetado"},"content":{"rendered":"<p><strong><a href=\"http:\/\/ffyh.unc.edu.ar\/alfilo2\/wp-content\/uploads\/sites\/11\/2017\/07\/P1310043.jpg\"><img loading=\"lazy\" decoding=\"async\" class=\"alignright wp-image-4312\" src=\"http:\/\/ffyh.unc.edu.ar\/alfilo2\/wp-content\/uploads\/sites\/11\/2017\/07\/P1310043.jpg\" alt=\"\" width=\"450\" height=\"282\" srcset=\"https:\/\/ffyh.unc.edu.ar\/alfilo\/wp-content\/uploads\/sites\/11\/2017\/07\/P1310043.jpg 900w, https:\/\/ffyh.unc.edu.ar\/alfilo\/wp-content\/uploads\/sites\/11\/2017\/07\/P1310043-300x188.jpg 300w, https:\/\/ffyh.unc.edu.ar\/alfilo\/wp-content\/uploads\/sites\/11\/2017\/07\/P1310043-768x480.jpg 768w\" sizes=\"auto, (max-width: 450px) 100vw, 450px\" \/><\/a>Mediante una charla-taller, el 23 de junio se present\u00f3 la cartilla \u201c<a href=\"http:\/\/blogs.ffyh.unc.edu.ar\/partorespetado\/\" target=\"_blank\" rel=\"noopener\">De mujeres a mujeres<\/a><\/strong><strong>\u201d<\/strong><strong>, <\/strong><strong>una herramienta para la defensa y divulgaci\u00f3n de los derechos en el embarazo y el parto. O<\/strong><strong>rganizada por las <\/strong><strong>secretar\u00edas de Extensi\u00f3n de la FFyH\u00a0 y de la Facultad de Ciencias Sociales, la actividad cont\u00f3 con la participaci\u00f3n de los colectivos Mujeres por un Parto Respetado y Mujeres Unidas por los Barrios.<\/strong><\/p>\n<p><!--more--><\/p>\n<p>A lo largo de la historia y en distintos tipo de culturas, las mujeres han sabido\u00a0 organizarse y transmitir en rondas diversas experiencias para darse fuerza y salir adelante. En la actualidad, grupos barriales o colectivos de mujeres revitalizan esta vieja tradici\u00f3n como en una modalidad genuina capaz de desarrollar actividades que les permiten exigir, generar o modificar situaciones adversas. Durante la tarde del 23 de junio, el Aula de la Biblioteca de la Facultad de Ciencias Sociales fue el lugar elegido para reunir al colectivo de Mujeres por un Parto Respetado y las Mujeres Unidas por los barrios. Ambos grupos trabajan desde hace a\u00f1os de manera voluntaria con acciones espec\u00edficas, tendientes a eliminar practicas violentas relacionas al embarazo y los nacimientos, promoviendo los derechos a un parto respetado.<\/p>\n<p>Durante esa tarde, las<strong>\u00a0Mujeres Unidas por los Barrios <\/strong>comentaron que se re\u00fanen desde hace m\u00e1s de 10 a\u00f1os y que la mayor\u00eda de ellas han sufrido distintos tipos de violencias en todos sus partos. \u00abSon situaciones muy dif\u00edciles, entre tantas otras\u00a0 violencias que tambi\u00e9n soportamos\u00bb, expres\u00f3 Elsa Paz. Luc\u00eda, una de las madres que ya es abuela, coment\u00f3 que en sus doce partos sufri\u00f3 lo que hoy se conoce como violencia obst\u00e9trica. \u00abPor eso tratamos de que la informaci\u00f3n y el respeto llegue a los hospitales, donde la mayor\u00eda de nosotras tenemos nuestros partos\u00bb.<\/p>\n<p><a href=\"http:\/\/ffyh.unc.edu.ar\/alfilo2\/wp-content\/uploads\/sites\/11\/2017\/07\/P1300989-2.jpg\"><img loading=\"lazy\" decoding=\"async\" class=\"alignnone size-full wp-image-4313\" src=\"http:\/\/ffyh.unc.edu.ar\/alfilo2\/wp-content\/uploads\/sites\/11\/2017\/07\/P1300989-2.jpg\" alt=\"\" width=\"900\" height=\"562\" srcset=\"https:\/\/ffyh.unc.edu.ar\/alfilo\/wp-content\/uploads\/sites\/11\/2017\/07\/P1300989-2.jpg 900w, https:\/\/ffyh.unc.edu.ar\/alfilo\/wp-content\/uploads\/sites\/11\/2017\/07\/P1300989-2-300x187.jpg 300w, https:\/\/ffyh.unc.edu.ar\/alfilo\/wp-content\/uploads\/sites\/11\/2017\/07\/P1300989-2-768x480.jpg 768w\" sizes=\"auto, (max-width: 900px) 100vw, 900px\" \/><\/a>Por su parte, las integrantes del colectivo Mujeres por un Parto Respetado hablaron sobre las distintas campa\u00f1as y acciones de sensibilizaci\u00f3n que desarrollaron a partir de 2013, en forma conjunta con las secretar\u00edas de Extensi\u00f3n de la FFyH\u00a0 y de Facultad de Ciencias Sociales de la UNC. \u00abFueron actividades muy importantes, pero somos conscientes que todav\u00eda falta mucho para garantizar que en cl\u00ednicas y hospitales se efectivicen y cumplan los derechos a un parto respetado\u00bb.<\/p>\n<p><strong>Una herramienta concreta<\/strong><\/p>\n<p>Durante la presentaci\u00f3n de la Cartilla, \u2013 que se ya puede descargar de este <a href=\"http:\/\/blogs.ffyh.unc.edu.ar\/partorespetado\/\" target=\"_blank\" rel=\"noopener\">blog<\/a>\u2013, Luc\u00eda Reano explic\u00f3 que la producci\u00f3n de este material surgi\u00f3 como resultado final de un trabajo colectivo, despu\u00e9s de haber obtenido una Beca para Proyectos de Innovaci\u00f3n Tecnol\u00f3gica Socioproductiva (BITS) de la UNC.<\/p>\n<p><a href=\"http:\/\/ffyh.unc.edu.ar\/alfilo2\/wp-content\/uploads\/sites\/11\/2017\/07\/P1300992.jpg\"><img loading=\"lazy\" decoding=\"async\" class=\"alignnone size-full wp-image-4314\" src=\"http:\/\/ffyh.unc.edu.ar\/alfilo2\/wp-content\/uploads\/sites\/11\/2017\/07\/P1300992.jpg\" alt=\"\" width=\"900\" height=\"562\" srcset=\"https:\/\/ffyh.unc.edu.ar\/alfilo\/wp-content\/uploads\/sites\/11\/2017\/07\/P1300992.jpg 900w, https:\/\/ffyh.unc.edu.ar\/alfilo\/wp-content\/uploads\/sites\/11\/2017\/07\/P1300992-300x187.jpg 300w, https:\/\/ffyh.unc.edu.ar\/alfilo\/wp-content\/uploads\/sites\/11\/2017\/07\/P1300992-768x480.jpg 768w\" sizes=\"auto, (max-width: 900px) 100vw, 900px\" \/><\/a>El grupo interdisciplinario que la acompa\u00f1\u00f3 estuvo integrado por estudiantes de trabajo social, comunicadoras y trabajadoras sociales, docentes universitarios y personal de las secretarias de Extensi\u00f3n de la FFyH y de la Facultad de Ciencias Sociales, comprometidos en la tarea de promover los derechos a un parto respetado. Tambi\u00e9n se involucraron profesionales de la salud que trabajan en los dos dispensarios barriales en los que se realiz\u00f3 el trabajo de campo: el centro de salud <strong>16 de noviembre<\/strong>, ubicado al noroeste de la ciudad, y el centro <strong>C\u00e1rcano<\/strong>, al sureste de la capital de C\u00f3rdoba.<\/p>\n<p>En ambos centros, se comprob\u00f3 lo dif\u00edcil que resulta que se cumplan los derechos contemplados en la Ley 25.929. Sobre todo, porque en estas zonas de nuestra ciudad, la mayor\u00eda de las embarazadas deben ir a parir a las maternidades de hospitales, como el Neonatal y la Maternidad Provincial de C\u00f3rdoba, respectivamente.<\/p>\n<p><a href=\"http:\/\/ffyh.unc.edu.ar\/alfilo2\/wp-content\/uploads\/sites\/11\/2017\/07\/P1300994.jpg\"><img loading=\"lazy\" decoding=\"async\" class=\"alignnone size-full wp-image-4315\" src=\"http:\/\/ffyh.unc.edu.ar\/alfilo2\/wp-content\/uploads\/sites\/11\/2017\/07\/P1300994.jpg\" alt=\"\" width=\"900\" height=\"562\" srcset=\"https:\/\/ffyh.unc.edu.ar\/alfilo\/wp-content\/uploads\/sites\/11\/2017\/07\/P1300994.jpg 900w, https:\/\/ffyh.unc.edu.ar\/alfilo\/wp-content\/uploads\/sites\/11\/2017\/07\/P1300994-300x187.jpg 300w, https:\/\/ffyh.unc.edu.ar\/alfilo\/wp-content\/uploads\/sites\/11\/2017\/07\/P1300994-768x480.jpg 768w\" sizes=\"auto, (max-width: 900px) 100vw, 900px\" \/><\/a>De esta manera la mayor\u00eda de las mujeres, en el tramo final de sus embarazos se topan con una limitaci\u00f3n estructural entre los niveles de atenci\u00f3n que brindan los dispensarios; y la atenci\u00f3n concreta que reciben en las maternidades de los hospitales p\u00fablicos.<\/p>\n<p>Durante el trabajo en los barrios, se comprob\u00f3 adem\u00e1s que la violencia obst\u00e9trica est\u00e1 pr\u00e1cticamente naturalizada. Es decir, la mayor\u00eda de las mujeres no son conscientes de que algunas pr\u00e1cticas\u00a0 \u2013que no se respeten los tiempos biol\u00f3gicos en sus embarazos, la imposibilidad de elegir la posici\u00f3n para parir, negarles estar acompa\u00f1adas, ser rasuradas o que se le practique de rutina una episiotom\u00eda, entre otras\u2013 constituyen violencia obst\u00e9trica. Lo que s\u00ed aparece como recurrente son los malos o buenos tratos verbales recibidos por parte de los profesionales m\u00e9dicos. Adem\u00e1s, se constat\u00f3 que existen mitos o creencias falsas que tampoco contribuyen a una participaci\u00f3n activa de las decisiones de las embarazadas, a la hora de enfrentar el nacimiento de sus hijos o hijas.<\/p>\n<p><a href=\"http:\/\/ffyh.unc.edu.ar\/alfilo2\/wp-content\/uploads\/sites\/11\/2017\/07\/P1310013.jpg\"><img loading=\"lazy\" decoding=\"async\" class=\"alignnone size-full wp-image-4316\" src=\"http:\/\/ffyh.unc.edu.ar\/alfilo2\/wp-content\/uploads\/sites\/11\/2017\/07\/P1310013.jpg\" alt=\"\" width=\"900\" height=\"562\" srcset=\"https:\/\/ffyh.unc.edu.ar\/alfilo\/wp-content\/uploads\/sites\/11\/2017\/07\/P1310013.jpg 900w, https:\/\/ffyh.unc.edu.ar\/alfilo\/wp-content\/uploads\/sites\/11\/2017\/07\/P1310013-300x187.jpg 300w, https:\/\/ffyh.unc.edu.ar\/alfilo\/wp-content\/uploads\/sites\/11\/2017\/07\/P1310013-768x480.jpg 768w\" sizes=\"auto, (max-width: 900px) 100vw, 900px\" \/><\/a>En base a ello, el contenido de esta cartilla fue pensado y elaborado con y para las mujeres de los sectores populares de C\u00f3rdoba. Esto se percibe en el lenguaje utilizado y la est\u00e9tica de la informaci\u00f3n publicada. La fotograf\u00eda es de Natalia Roca, los dibujos del artista pl\u00e1stico Daniel Mar\u00edn y el dise\u00f1o gr\u00e1fico, de Beatriz Barbosa.<br \/>\nSe trabaj\u00f3 con el objetivo de que resulte un material ameno sobre la promoci\u00f3n de derechos, de cr\u00edtica y tambi\u00e9n de aprendizaje.<\/p>\n<p>Su objetivo central es que de manera paulatina las mujeres vayan teniendo la informaci\u00f3n adecuada, y dispongan de las herramientas concretas durante todo el embarazo y el parto. \u00abQue en los momentos de estar en un hospital conozcan sus derechos; que sepan lo que pueden pedir, o logren reconocer qu\u00e9 tipo de pr\u00e1cticas les est\u00e1n haciendo. Que soliciten informaci\u00f3n para despu\u00e9s elegir. Que la cartilla les sirva para la toma de sus decisiones y\u00a0 que su lectura genere una mayor autonom\u00eda y confianza en un momento tan significativo de sus vidas\u00bb, afirma Reano.<\/p>\n<p><a href=\"http:\/\/ffyh.unc.edu.ar\/alfilo2\/wp-content\/uploads\/sites\/11\/2017\/07\/P1300998.jpg\"><img loading=\"lazy\" decoding=\"async\" class=\"alignnone size-full wp-image-4317\" src=\"http:\/\/ffyh.unc.edu.ar\/alfilo2\/wp-content\/uploads\/sites\/11\/2017\/07\/P1300998.jpg\" alt=\"\" width=\"900\" height=\"563\" srcset=\"https:\/\/ffyh.unc.edu.ar\/alfilo\/wp-content\/uploads\/sites\/11\/2017\/07\/P1300998.jpg 900w, https:\/\/ffyh.unc.edu.ar\/alfilo\/wp-content\/uploads\/sites\/11\/2017\/07\/P1300998-300x188.jpg 300w, https:\/\/ffyh.unc.edu.ar\/alfilo\/wp-content\/uploads\/sites\/11\/2017\/07\/P1300998-768x480.jpg 768w\" sizes=\"auto, (max-width: 900px) 100vw, 900px\" \/><\/a>La cartilla se propone como una herramienta m\u00e1s en la tarea de poder exigir que se garanticen y cumplan los derechos de la Ley 25.929 de Parto Respetado. \u201cSabemos, la historia nos lo ha demostrado, \u2013subraya\u00a0 Luc\u00eda Reano\u2013 \u00a0que los derechos se conquistan en las pr\u00e1cticas cotidianas, y que esto es a\u00fan m\u00e1s potente cuando se llevan adelante al calor de apuestas colectivas\u201d.<\/p>\n<p><strong>Para defender nuestro derechos <\/strong><\/p>\n<p>Existen tres leyes fundamentales vinculadas a los momentos del embrazo y el parto: la <a href=\"http:\/\/www.uba.ar\/archivos_secyt\/image\/Ley%2026529.pdf\" target=\"_blank\" rel=\"noopener\">Ley 26.529<\/a>, de los derechos de los pacientes. <a href=\"http:\/\/servicios.infoleg.gob.ar\/infolegInternet\/anexos\/150000-154999\/152155\/norma.htm\" target=\"_blank\" rel=\"noopener\">Ley 26.485<\/a>, de protecci\u00f3n integral a las mujeres, donde se especifica\u00a0 la categor\u00eda de \u201cviolencia obst\u00e9trica\u201d, defini\u00e9ndola como una modalidad de violencia hacia las mujeres. Y por \u00faltimo, la <a href=\"https:\/\/www.unicef.org\/argentina\/spanish\/ley_de_parto_humanizado.pdf\" target=\"_blank\" rel=\"noopener\">Ley 25.929<\/a>, de Parto Respetado, donde se garantizan una serie de derechos para las embarazadas, su n\u00facleo familiar y el ni\u00f1o o ni\u00f1a que est\u00e1 por nacer.<\/p>\n<p><a href=\"http:\/\/ffyh.unc.edu.ar\/alfilo2\/wp-content\/uploads\/sites\/11\/2017\/07\/P1310018.jpg\"><img loading=\"lazy\" decoding=\"async\" class=\"alignnone size-full wp-image-4318\" src=\"http:\/\/ffyh.unc.edu.ar\/alfilo2\/wp-content\/uploads\/sites\/11\/2017\/07\/P1310018.jpg\" alt=\"\" width=\"900\" height=\"563\" srcset=\"https:\/\/ffyh.unc.edu.ar\/alfilo\/wp-content\/uploads\/sites\/11\/2017\/07\/P1310018.jpg 900w, https:\/\/ffyh.unc.edu.ar\/alfilo\/wp-content\/uploads\/sites\/11\/2017\/07\/P1310018-300x188.jpg 300w, https:\/\/ffyh.unc.edu.ar\/alfilo\/wp-content\/uploads\/sites\/11\/2017\/07\/P1310018-768x480.jpg 768w\" sizes=\"auto, (max-width: 900px) 100vw, 900px\" \/><\/a>\u00abSi bien se ha logrado un cuerpo de leyes bastante completo, tambi\u00e9n hemos comprobado que todav\u00eda existe una distancia muy grande en lo que se dice y lo luego pasa en la pr\u00e1ctica del d\u00eda a d\u00eda cotidiana\u00bb, explic\u00f3 Reano, momentos antes de que arrancara el taller de rondas\u00a0 y danzas, a cargo de Chiqui la Rosa.<\/p>\n<p><a href=\"http:\/\/ffyh.unc.edu.ar\/alfilo2\/wp-content\/uploads\/sites\/11\/2017\/07\/P1310028.jpg\"><img loading=\"lazy\" decoding=\"async\" class=\"alignnone size-full wp-image-4319\" src=\"http:\/\/ffyh.unc.edu.ar\/alfilo2\/wp-content\/uploads\/sites\/11\/2017\/07\/P1310028.jpg\" alt=\"\" width=\"900\" height=\"563\" srcset=\"https:\/\/ffyh.unc.edu.ar\/alfilo\/wp-content\/uploads\/sites\/11\/2017\/07\/P1310028.jpg 900w, https:\/\/ffyh.unc.edu.ar\/alfilo\/wp-content\/uploads\/sites\/11\/2017\/07\/P1310028-300x188.jpg 300w, https:\/\/ffyh.unc.edu.ar\/alfilo\/wp-content\/uploads\/sites\/11\/2017\/07\/P1310028-768x480.jpg 768w\" sizes=\"auto, (max-width: 900px) 100vw, 900px\" \/><\/a>Tal como sostiene Rita Segato, la mayor eficacia de las leyes radica quiz\u00e1s en el poder de nombrar los derechos y las garant\u00edas que en ellas se establecen. Es decir, de darle nombres y categor\u00edas a las pr\u00e1cticas y experiencias deseables o no deseables para una sociedad. En ese sentido \u2013dice Reano\u2013 \u00a0\u00abel aspecto m\u00e1s significativo de toda ley es que construye un discurso leg\u00edtimo para el conjunto de la poblaci\u00f3n y propone un sistema de nombres. Esos nombres, una vez conocidos, pueden ser adoptados, debatidos y tambi\u00e9n exigidos para que se cumplan\u00bb.<\/p>\n<p style=\"text-align: right\">Texto y fotos: Irina Mor\u00e1n<\/p>\n<p>&nbsp;<\/p>\n","protected":false},"excerpt":{"rendered":"<div class=\"mh-excerpt\"><p>Mediante una charla-taller, el 23 de junio se present\u00f3 la cartilla \u201cDe mujeres a mujeres\u201d, una herramienta para la defensa y divulgaci\u00f3n de los derechos en el embarazo y el parto. Organizada por las secretar\u00edas de Extensi\u00f3n de la FFyH\u00a0 <a class=\"mh-excerpt-more\" href=\"https:\/\/ffyh.unc.edu.ar\/alfilo\/presentaron-una-cartilla-sobre-parto-respetado\/\" title=\"Presentaron una cartilla sobre Parto Respetado\">[Leer m\u00e1s]<\/a><\/p>\n<\/div>","protected":false},"author":18,"featured_media":4312,"comment_status":"open","ping_status":"open","sticky":false,"template":"","format":"standard","meta":{"_acf_changed":false,"_monsterinsights_skip_tracking":false,"_monsterinsights_sitenote_active":false,"_monsterinsights_sitenote_note":"","_monsterinsights_sitenote_category":0,"_jetpack_memberships_contains_paid_content":false,"footnotes":""},"categories":[28],"tags":[82,114,125],"class_list":["post-4310","post","type-post","status-publish","format-standard","has-post-thumbnail","hentry","category-28","tag-extension","tag-parto-respetado","tag-relacion-con-la-comunidad"],"acf":[],"yoast_head":"<!-- This site is optimized with the Yoast SEO plugin v27.1.1 - https:\/\/yoast.com\/product\/yoast-seo-wordpress\/ -->\n<title>Presentaron una cartilla sobre Parto Respetado - Alfilo<\/title>\n<meta name=\"robots\" content=\"index, follow, max-snippet:-1, max-image-preview:large, max-video-preview:-1\" \/>\n<link rel=\"canonical\" href=\"https:\/\/ffyh.unc.edu.ar\/alfilo\/presentaron-una-cartilla-sobre-parto-respetado\/\" \/>\n<meta property=\"og:locale\" content=\"es_ES\" \/>\n<meta property=\"og:type\" content=\"article\" \/>\n<meta property=\"og:title\" content=\"Presentaron una cartilla sobre Parto Respetado - Alfilo\" \/>\n<meta property=\"og:description\" content=\"Mediante una charla-taller, el 23 de junio se present\u00f3 la cartilla \u201cDe mujeres a mujeres\u201d, una herramienta para la defensa y divulgaci\u00f3n de los derechos en el embarazo y el parto. Organizada por las secretar\u00edas de Extensi\u00f3n de la FFyH\u00a0 [Leer m\u00e1s]\" \/>\n<meta property=\"og:url\" content=\"https:\/\/ffyh.unc.edu.ar\/alfilo\/presentaron-una-cartilla-sobre-parto-respetado\/\" \/>\n<meta property=\"og:site_name\" content=\"Alfilo\" \/>\n<meta property=\"article:publisher\" content=\"https:\/\/www.facebook.com\/ffyh.unc\/\" \/>\n<meta property=\"article:published_time\" content=\"2017-07-04T17:40:20+00:00\" \/>\n<meta property=\"article:modified_time\" content=\"2017-09-06T16:48:03+00:00\" \/>\n<meta property=\"og:image\" content=\"https:\/\/ffyh.unc.edu.ar\/alfilo\/wp-content\/uploads\/sites\/11\/2017\/07\/P1310043.jpg\" \/>\n\t<meta property=\"og:image:width\" content=\"900\" \/>\n\t<meta property=\"og:image:height\" content=\"563\" \/>\n\t<meta property=\"og:image:type\" content=\"image\/jpeg\" \/>\n<meta name=\"author\" content=\"Irina Mor\u00e1n\" \/>\n<meta name=\"twitter:card\" content=\"summary_large_image\" \/>\n<meta name=\"twitter:creator\" content=\"@ffyh_unc\" \/>\n<meta name=\"twitter:site\" content=\"@ffyh_unc\" \/>\n<meta name=\"twitter:label1\" content=\"Escrito por\" \/>\n\t<meta name=\"twitter:data1\" content=\"\" \/>\n\t<meta name=\"twitter:label2\" content=\"Tiempo de lectura\" \/>\n\t<meta name=\"twitter:data2\" content=\"6 minutos\" \/>\n<script type=\"application\/ld+json\" class=\"yoast-schema-graph\">{\"@context\":\"https:\/\/schema.org\",\"@graph\":[{\"@type\":\"Article\",\"@id\":\"https:\/\/ffyh.unc.edu.ar\/alfilo\/presentaron-una-cartilla-sobre-parto-respetado\/#article\",\"isPartOf\":{\"@id\":\"https:\/\/ffyh.unc.edu.ar\/alfilo\/presentaron-una-cartilla-sobre-parto-respetado\/\"},\"author\":{\"name\":\"Irina Mor\u00e1n\",\"@id\":\"https:\/\/ffyh.unc.edu.ar\/alfilo\/#\/schema\/person\/5d24811b3796196683d8bb556fcea31e\"},\"headline\":\"Presentaron una cartilla sobre Parto Respetado\",\"datePublished\":\"2017-07-04T17:40:20+00:00\",\"dateModified\":\"2017-09-06T16:48:03+00:00\",\"mainEntityOfPage\":{\"@id\":\"https:\/\/ffyh.unc.edu.ar\/alfilo\/presentaron-una-cartilla-sobre-parto-respetado\/\"},\"wordCount\":1295,\"commentCount\":1,\"publisher\":{\"@id\":\"https:\/\/ffyh.unc.edu.ar\/alfilo\/#organization\"},\"image\":{\"@id\":\"https:\/\/ffyh.unc.edu.ar\/alfilo\/presentaron-una-cartilla-sobre-parto-respetado\/#primaryimage\"},\"thumbnailUrl\":\"https:\/\/ffyh.unc.edu.ar\/alfilo\/wp-content\/uploads\/sites\/11\/2017\/07\/P1310043.jpg\",\"keywords\":[\"Extensi\u00f3n\",\"Parto respetado\",\"Relaci\u00f3n con la comunidad\"],\"articleSection\":[\"60\"],\"inLanguage\":\"es\",\"potentialAction\":[{\"@type\":\"CommentAction\",\"name\":\"Comment\",\"target\":[\"https:\/\/ffyh.unc.edu.ar\/alfilo\/presentaron-una-cartilla-sobre-parto-respetado\/#respond\"]}]},{\"@type\":\"WebPage\",\"@id\":\"https:\/\/ffyh.unc.edu.ar\/alfilo\/presentaron-una-cartilla-sobre-parto-respetado\/\",\"url\":\"https:\/\/ffyh.unc.edu.ar\/alfilo\/presentaron-una-cartilla-sobre-parto-respetado\/\",\"name\":\"Presentaron una cartilla sobre Parto Respetado - Alfilo\",\"isPartOf\":{\"@id\":\"https:\/\/ffyh.unc.edu.ar\/alfilo\/#website\"},\"primaryImageOfPage\":{\"@id\":\"https:\/\/ffyh.unc.edu.ar\/alfilo\/presentaron-una-cartilla-sobre-parto-respetado\/#primaryimage\"},\"image\":{\"@id\":\"https:\/\/ffyh.unc.edu.ar\/alfilo\/presentaron-una-cartilla-sobre-parto-respetado\/#primaryimage\"},\"thumbnailUrl\":\"https:\/\/ffyh.unc.edu.ar\/alfilo\/wp-content\/uploads\/sites\/11\/2017\/07\/P1310043.jpg\",\"datePublished\":\"2017-07-04T17:40:20+00:00\",\"dateModified\":\"2017-09-06T16:48:03+00:00\",\"breadcrumb\":{\"@id\":\"https:\/\/ffyh.unc.edu.ar\/alfilo\/presentaron-una-cartilla-sobre-parto-respetado\/#breadcrumb\"},\"inLanguage\":\"es\",\"potentialAction\":[{\"@type\":\"ReadAction\",\"target\":[\"https:\/\/ffyh.unc.edu.ar\/alfilo\/presentaron-una-cartilla-sobre-parto-respetado\/\"]}]},{\"@type\":\"ImageObject\",\"inLanguage\":\"es\",\"@id\":\"https:\/\/ffyh.unc.edu.ar\/alfilo\/presentaron-una-cartilla-sobre-parto-respetado\/#primaryimage\",\"url\":\"https:\/\/ffyh.unc.edu.ar\/alfilo\/wp-content\/uploads\/sites\/11\/2017\/07\/P1310043.jpg\",\"contentUrl\":\"https:\/\/ffyh.unc.edu.ar\/alfilo\/wp-content\/uploads\/sites\/11\/2017\/07\/P1310043.jpg\",\"width\":900,\"height\":563},{\"@type\":\"BreadcrumbList\",\"@id\":\"https:\/\/ffyh.unc.edu.ar\/alfilo\/presentaron-una-cartilla-sobre-parto-respetado\/#breadcrumb\",\"itemListElement\":[{\"@type\":\"ListItem\",\"position\":1,\"name\":\"Portada\",\"item\":\"https:\/\/ffyh.unc.edu.ar\/alfilo\/\"},{\"@type\":\"ListItem\",\"position\":2,\"name\":\"Presentaron una cartilla sobre Parto Respetado\"}]},{\"@type\":\"WebSite\",\"@id\":\"https:\/\/ffyh.unc.edu.ar\/alfilo\/#website\",\"url\":\"https:\/\/ffyh.unc.edu.ar\/alfilo\/\",\"name\":\"Alfilo\",\"description\":\"Revista digital de la Facultad de Filosof\u00eda y Humanidades - Universidad Nacional de C\u00f3rdoba\",\"publisher\":{\"@id\":\"https:\/\/ffyh.unc.edu.ar\/alfilo\/#organization\"},\"potentialAction\":[{\"@type\":\"SearchAction\",\"target\":{\"@type\":\"EntryPoint\",\"urlTemplate\":\"https:\/\/ffyh.unc.edu.ar\/alfilo\/?s={search_term_string}\"},\"query-input\":{\"@type\":\"PropertyValueSpecification\",\"valueRequired\":true,\"valueName\":\"search_term_string\"}}],\"inLanguage\":\"es\"},{\"@type\":\"Organization\",\"@id\":\"https:\/\/ffyh.unc.edu.ar\/alfilo\/#organization\",\"name\":\"Alfilo | Revista digital de la Facultad de Filosof\u00eda y Humanidades | UNC\",\"url\":\"https:\/\/ffyh.unc.edu.ar\/alfilo\/\",\"logo\":{\"@type\":\"ImageObject\",\"inLanguage\":\"es\",\"@id\":\"https:\/\/ffyh.unc.edu.ar\/alfilo\/#\/schema\/logo\/image\/\",\"url\":\"https:\/\/ffyh.unc.edu.ar\/alfilo\/wp-content\/uploads\/sites\/11\/2015\/04\/banner-alfilo-2015-ico.jpg\",\"contentUrl\":\"https:\/\/ffyh.unc.edu.ar\/alfilo\/wp-content\/uploads\/sites\/11\/2015\/04\/banner-alfilo-2015-ico.jpg\",\"width\":253,\"height\":128,\"caption\":\"Alfilo | Revista digital de la Facultad de Filosof\u00eda y Humanidades | UNC\"},\"image\":{\"@id\":\"https:\/\/ffyh.unc.edu.ar\/alfilo\/#\/schema\/logo\/image\/\"},\"sameAs\":[\"https:\/\/www.facebook.com\/ffyh.unc\/\",\"https:\/\/x.com\/ffyh_unc\",\"https:\/\/www.instagram.com\/ffyhunc\/\",\"https:\/\/www.youtube.com\/user\/comunicacionfilo\"]},{\"@type\":\"Person\",\"@id\":\"https:\/\/ffyh.unc.edu.ar\/alfilo\/#\/schema\/person\/5d24811b3796196683d8bb556fcea31e\",\"name\":\"Irina Mor\u00e1n\",\"image\":{\"@type\":\"ImageObject\",\"inLanguage\":\"es\",\"@id\":\"https:\/\/ffyh.unc.edu.ar\/alfilo\/#\/schema\/person\/image\/\",\"url\":\"https:\/\/secure.gravatar.com\/avatar\/9cc64d24e023139f65e6ffc2d4cd729e15cc24b9ae14a08f57be53d7a60ced78?s=96&d=mm&r=g\",\"contentUrl\":\"https:\/\/secure.gravatar.com\/avatar\/9cc64d24e023139f65e6ffc2d4cd729e15cc24b9ae14a08f57be53d7a60ced78?s=96&d=mm&r=g\",\"caption\":\"Irina Mor\u00e1n\"},\"url\":\"https:\/\/ffyh.unc.edu.ar\/alfilo\/author\/imoran\/\"}]}<\/script>\n<!-- \/ Yoast SEO plugin. -->","yoast_head_json":{"title":"Presentaron una cartilla sobre Parto Respetado - Alfilo","robots":{"index":"index","follow":"follow","max-snippet":"max-snippet:-1","max-image-preview":"max-image-preview:large","max-video-preview":"max-video-preview:-1"},"canonical":"https:\/\/ffyh.unc.edu.ar\/alfilo\/presentaron-una-cartilla-sobre-parto-respetado\/","og_locale":"es_ES","og_type":"article","og_title":"Presentaron una cartilla sobre Parto Respetado - Alfilo","og_description":"Mediante una charla-taller, el 23 de junio se present\u00f3 la cartilla \u201cDe mujeres a mujeres\u201d, una herramienta para la defensa y divulgaci\u00f3n de los derechos en el embarazo y el parto. Organizada por las secretar\u00edas de Extensi\u00f3n de la FFyH\u00a0 [Leer m\u00e1s]","og_url":"https:\/\/ffyh.unc.edu.ar\/alfilo\/presentaron-una-cartilla-sobre-parto-respetado\/","og_site_name":"Alfilo","article_publisher":"https:\/\/www.facebook.com\/ffyh.unc\/","article_published_time":"2017-07-04T17:40:20+00:00","article_modified_time":"2017-09-06T16:48:03+00:00","og_image":[{"width":900,"height":563,"url":"https:\/\/ffyh.unc.edu.ar\/alfilo\/wp-content\/uploads\/sites\/11\/2017\/07\/P1310043.jpg","type":"image\/jpeg"}],"author":"Irina Mor\u00e1n","twitter_card":"summary_large_image","twitter_creator":"@ffyh_unc","twitter_site":"@ffyh_unc","twitter_misc":{"Escrito por":false,"Tiempo de lectura":"6 minutos"},"schema":{"@context":"https:\/\/schema.org","@graph":[{"@type":"Article","@id":"https:\/\/ffyh.unc.edu.ar\/alfilo\/presentaron-una-cartilla-sobre-parto-respetado\/#article","isPartOf":{"@id":"https:\/\/ffyh.unc.edu.ar\/alfilo\/presentaron-una-cartilla-sobre-parto-respetado\/"},"author":{"name":"Irina Mor\u00e1n","@id":"https:\/\/ffyh.unc.edu.ar\/alfilo\/#\/schema\/person\/5d24811b3796196683d8bb556fcea31e"},"headline":"Presentaron una cartilla sobre Parto Respetado","datePublished":"2017-07-04T17:40:20+00:00","dateModified":"2017-09-06T16:48:03+00:00","mainEntityOfPage":{"@id":"https:\/\/ffyh.unc.edu.ar\/alfilo\/presentaron-una-cartilla-sobre-parto-respetado\/"},"wordCount":1295,"commentCount":1,"publisher":{"@id":"https:\/\/ffyh.unc.edu.ar\/alfilo\/#organization"},"image":{"@id":"https:\/\/ffyh.unc.edu.ar\/alfilo\/presentaron-una-cartilla-sobre-parto-respetado\/#primaryimage"},"thumbnailUrl":"https:\/\/ffyh.unc.edu.ar\/alfilo\/wp-content\/uploads\/sites\/11\/2017\/07\/P1310043.jpg","keywords":["Extensi\u00f3n","Parto respetado","Relaci\u00f3n con la comunidad"],"articleSection":["60"],"inLanguage":"es","potentialAction":[{"@type":"CommentAction","name":"Comment","target":["https:\/\/ffyh.unc.edu.ar\/alfilo\/presentaron-una-cartilla-sobre-parto-respetado\/#respond"]}]},{"@type":"WebPage","@id":"https:\/\/ffyh.unc.edu.ar\/alfilo\/presentaron-una-cartilla-sobre-parto-respetado\/","url":"https:\/\/ffyh.unc.edu.ar\/alfilo\/presentaron-una-cartilla-sobre-parto-respetado\/","name":"Presentaron una cartilla sobre Parto Respetado - Alfilo","isPartOf":{"@id":"https:\/\/ffyh.unc.edu.ar\/alfilo\/#website"},"primaryImageOfPage":{"@id":"https:\/\/ffyh.unc.edu.ar\/alfilo\/presentaron-una-cartilla-sobre-parto-respetado\/#primaryimage"},"image":{"@id":"https:\/\/ffyh.unc.edu.ar\/alfilo\/presentaron-una-cartilla-sobre-parto-respetado\/#primaryimage"},"thumbnailUrl":"https:\/\/ffyh.unc.edu.ar\/alfilo\/wp-content\/uploads\/sites\/11\/2017\/07\/P1310043.jpg","datePublished":"2017-07-04T17:40:20+00:00","dateModified":"2017-09-06T16:48:03+00:00","breadcrumb":{"@id":"https:\/\/ffyh.unc.edu.ar\/alfilo\/presentaron-una-cartilla-sobre-parto-respetado\/#breadcrumb"},"inLanguage":"es","potentialAction":[{"@type":"ReadAction","target":["https:\/\/ffyh.unc.edu.ar\/alfilo\/presentaron-una-cartilla-sobre-parto-respetado\/"]}]},{"@type":"ImageObject","inLanguage":"es","@id":"https:\/\/ffyh.unc.edu.ar\/alfilo\/presentaron-una-cartilla-sobre-parto-respetado\/#primaryimage","url":"https:\/\/ffyh.unc.edu.ar\/alfilo\/wp-content\/uploads\/sites\/11\/2017\/07\/P1310043.jpg","contentUrl":"https:\/\/ffyh.unc.edu.ar\/alfilo\/wp-content\/uploads\/sites\/11\/2017\/07\/P1310043.jpg","width":900,"height":563},{"@type":"BreadcrumbList","@id":"https:\/\/ffyh.unc.edu.ar\/alfilo\/presentaron-una-cartilla-sobre-parto-respetado\/#breadcrumb","itemListElement":[{"@type":"ListItem","position":1,"name":"Portada","item":"https:\/\/ffyh.unc.edu.ar\/alfilo\/"},{"@type":"ListItem","position":2,"name":"Presentaron una cartilla sobre Parto Respetado"}]},{"@type":"WebSite","@id":"https:\/\/ffyh.unc.edu.ar\/alfilo\/#website","url":"https:\/\/ffyh.unc.edu.ar\/alfilo\/","name":"Alfilo","description":"Revista digital de la Facultad de Filosof\u00eda y Humanidades - Universidad Nacional de C\u00f3rdoba","publisher":{"@id":"https:\/\/ffyh.unc.edu.ar\/alfilo\/#organization"},"potentialAction":[{"@type":"SearchAction","target":{"@type":"EntryPoint","urlTemplate":"https:\/\/ffyh.unc.edu.ar\/alfilo\/?s={search_term_string}"},"query-input":{"@type":"PropertyValueSpecification","valueRequired":true,"valueName":"search_term_string"}}],"inLanguage":"es"},{"@type":"Organization","@id":"https:\/\/ffyh.unc.edu.ar\/alfilo\/#organization","name":"Alfilo | Revista digital de la Facultad de Filosof\u00eda y Humanidades | UNC","url":"https:\/\/ffyh.unc.edu.ar\/alfilo\/","logo":{"@type":"ImageObject","inLanguage":"es","@id":"https:\/\/ffyh.unc.edu.ar\/alfilo\/#\/schema\/logo\/image\/","url":"https:\/\/ffyh.unc.edu.ar\/alfilo\/wp-content\/uploads\/sites\/11\/2015\/04\/banner-alfilo-2015-ico.jpg","contentUrl":"https:\/\/ffyh.unc.edu.ar\/alfilo\/wp-content\/uploads\/sites\/11\/2015\/04\/banner-alfilo-2015-ico.jpg","width":253,"height":128,"caption":"Alfilo | Revista digital de la Facultad de Filosof\u00eda y Humanidades | UNC"},"image":{"@id":"https:\/\/ffyh.unc.edu.ar\/alfilo\/#\/schema\/logo\/image\/"},"sameAs":["https:\/\/www.facebook.com\/ffyh.unc\/","https:\/\/x.com\/ffyh_unc","https:\/\/www.instagram.com\/ffyhunc\/","https:\/\/www.youtube.com\/user\/comunicacionfilo"]},{"@type":"Person","@id":"https:\/\/ffyh.unc.edu.ar\/alfilo\/#\/schema\/person\/5d24811b3796196683d8bb556fcea31e","name":"Irina Mor\u00e1n","image":{"@type":"ImageObject","inLanguage":"es","@id":"https:\/\/ffyh.unc.edu.ar\/alfilo\/#\/schema\/person\/image\/","url":"https:\/\/secure.gravatar.com\/avatar\/9cc64d24e023139f65e6ffc2d4cd729e15cc24b9ae14a08f57be53d7a60ced78?s=96&d=mm&r=g","contentUrl":"https:\/\/secure.gravatar.com\/avatar\/9cc64d24e023139f65e6ffc2d4cd729e15cc24b9ae14a08f57be53d7a60ced78?s=96&d=mm&r=g","caption":"Irina Mor\u00e1n"},"url":"https:\/\/ffyh.unc.edu.ar\/alfilo\/author\/imoran\/"}]}},"jetpack_featured_media_url":"https:\/\/ffyh.unc.edu.ar\/alfilo\/wp-content\/uploads\/sites\/11\/2017\/07\/P1310043.jpg","jetpack_sharing_enabled":true,"_links":{"self":[{"href":"https:\/\/ffyh.unc.edu.ar\/alfilo\/wp-json\/wp\/v2\/posts\/4310","targetHints":{"allow":["GET"]}}],"collection":[{"href":"https:\/\/ffyh.unc.edu.ar\/alfilo\/wp-json\/wp\/v2\/posts"}],"about":[{"href":"https:\/\/ffyh.unc.edu.ar\/alfilo\/wp-json\/wp\/v2\/types\/post"}],"author":[{"embeddable":true,"href":"https:\/\/ffyh.unc.edu.ar\/alfilo\/wp-json\/wp\/v2\/users\/18"}],"replies":[{"embeddable":true,"href":"https:\/\/ffyh.unc.edu.ar\/alfilo\/wp-json\/wp\/v2\/comments?post=4310"}],"version-history":[{"count":1,"href":"https:\/\/ffyh.unc.edu.ar\/alfilo\/wp-json\/wp\/v2\/posts\/4310\/revisions"}],"predecessor-version":[{"id":4749,"href":"https:\/\/ffyh.unc.edu.ar\/alfilo\/wp-json\/wp\/v2\/posts\/4310\/revisions\/4749"}],"wp:featuredmedia":[{"embeddable":true,"href":"https:\/\/ffyh.unc.edu.ar\/alfilo\/wp-json\/wp\/v2\/media\/4312"}],"wp:attachment":[{"href":"https:\/\/ffyh.unc.edu.ar\/alfilo\/wp-json\/wp\/v2\/media?parent=4310"}],"wp:term":[{"taxonomy":"category","embeddable":true,"href":"https:\/\/ffyh.unc.edu.ar\/alfilo\/wp-json\/wp\/v2\/categories?post=4310"},{"taxonomy":"post_tag","embeddable":true,"href":"https:\/\/ffyh.unc.edu.ar\/alfilo\/wp-json\/wp\/v2\/tags?post=4310"}],"curies":[{"name":"wp","href":"https:\/\/api.w.org\/{rel}","templated":true}]}}