{"id":5166,"date":"2018-04-04T14:34:44","date_gmt":"2018-04-04T14:34:44","guid":{"rendered":"http:\/\/ffyh.unc.edu.ar\/alfilo\/?p=5166"},"modified":"2018-04-05T14:03:30","modified_gmt":"2018-04-05T14:03:30","slug":"la-extension-tiene-una-impronta-dificil-de-apresar-e-institucionalizar","status":"publish","type":"post","link":"https:\/\/ffyh.unc.edu.ar\/alfilo\/la-extension-tiene-una-impronta-dificil-de-apresar-e-institucionalizar\/","title":{"rendered":"\u201cLa extensi\u00f3n tiene una impronta dif\u00edcil de apresar e institucionalizar\u201d"},"content":{"rendered":"<p><strong><a href=\"http:\/\/ffyh.unc.edu.ar\/alfilo\/wp-content\/uploads\/sites\/11\/2018\/04\/conversaciones.jpg\"><img loading=\"lazy\" decoding=\"async\" class=\"alignright wp-image-5167\" src=\"http:\/\/ffyh.unc.edu.ar\/alfilo\/wp-content\/uploads\/sites\/11\/2018\/04\/conversaciones.jpg\" alt=\"\" width=\"450\" height=\"255\" srcset=\"https:\/\/ffyh.unc.edu.ar\/alfilo\/wp-content\/uploads\/sites\/11\/2018\/04\/conversaciones.jpg 1105w, https:\/\/ffyh.unc.edu.ar\/alfilo\/wp-content\/uploads\/sites\/11\/2018\/04\/conversaciones-300x170.jpg 300w, https:\/\/ffyh.unc.edu.ar\/alfilo\/wp-content\/uploads\/sites\/11\/2018\/04\/conversaciones-768x434.jpg 768w, https:\/\/ffyh.unc.edu.ar\/alfilo\/wp-content\/uploads\/sites\/11\/2018\/04\/conversaciones-1024x579.jpg 1024w, https:\/\/ffyh.unc.edu.ar\/alfilo\/wp-content\/uploads\/sites\/11\/2018\/04\/conversaciones-600x339.jpg 600w\" sizes=\"auto, (max-width: 450px) 100vw, 450px\" \/><\/a>Conversaciones es una nueva secci\u00f3n de la revista\u00a0 \u201cE+E: estudios de extensi\u00f3n en humanidades\u201d, destinada a la difusi\u00f3n de reflexiones y debates en torno a la funci\u00f3n extensionista en la universidad. Para inaugurar este apartado se reunieron Silvia \u00c1vila y Liliana Pereyra, quienes se desempe\u00f1aron como secretarias de Extensi\u00f3n de la FFyH y adem\u00e1s son docentes en las carreras de Ciencias de la Educaci\u00f3n e Historia respectivamente.<\/strong><\/p>\n<p><!--more--><\/p>\n<p>En este di\u00e1logo, las referentes extensionistas recorren los distintos momentos y posicionamientos con respecto a esta funci\u00f3n, tanto en la Facultad de Filosof\u00eda y Humanidades como en la Universidad Nacional de C\u00f3rdoba. A trav\u00e9s de este repaso, hacen foco en el tema convocante de esta edici\u00f3n de E+E, que es la Curricularizaci\u00f3n de la extensi\u00f3n universitaria atravesada por dos ejes: la jerarquizaci\u00f3n que \u2013en palabras de Liliana Pereyra- \u201cse ha trabajado laboriosamente en los \u00faltimos doce o trece a\u00f1os\u201d y, la integralidad de las funciones universitarias: docencia, investigaci\u00f3n y extensi\u00f3n.<\/p>\n<p>En esta direcci\u00f3n, \u00c1vila y Pereyra coinciden en que dentro de la Facultad de Filosof\u00eda y Humanidades la extensi\u00f3n universitaria es una funci\u00f3n muy positivamente valorada, tanto a nivel institucional como individual. Tal reconocimiento \u2013explican- es fruto de la historia que la Facultad tiene en la disputa de sentidos en torno a una funci\u00f3n universitaria muchas veces relegada y, de posicionamientos que muchas veces han significado luchas duras. Ambas consideran que dar este paso hacia la curricularizaci\u00f3n se debe a que desde la FFyH se han construido y madurado una serie de caminos en el modo de concebir los espacios formativos en la universidad: \u201cCurricularizar es hacer entrar al espacio de los conocimientos legitimados algo que est\u00e1 ligado a otros actores, a otras palabras y a otros problemas que no tienen la misma historia acad\u00e9mica que la que se construye dentro de la universidad. La extensi\u00f3n tiene una impronta dif\u00edcil de apresar y de institucionalizar porque siempre hay otro afuera que interpela las l\u00f3gicas y zarandea el formato acad\u00e9mico\u201d, manifiesta\u00a0 \u00c1vila.<\/p>\n<p>Para explicar desde qu\u00e9 encuadre se piensa la curricularizaci\u00f3n de la extensi\u00f3n en la FFyH, Liliana Pereyra recupera el Foro de Extensi\u00f3n \u201cRepensando el compromiso de la Universidad P\u00fablica\u201d, realizado en agosto de 2003, cuando \u2013seg\u00fan recuerda- \u201cen una actitud activista se despej\u00f3 un campo donde se le pueden poner palabras a qu\u00e9 tipo de extensi\u00f3n es la que nos interesa\u201d. En este sentido, sostiene que hay una cuesti\u00f3n fundamental a tener en cuenta y es la necesidad de poner en juego el conocimiento que se produce en la universidad: \u201cEs muy interesante ver qu\u00e9 pasa cuando llevamos lo que estamos estudiando en el aula a situaciones concretas. Creo que el punto es ver c\u00f3mo se habita el concepto de di\u00e1logo de saberes, porque eso nos diferencia de otras formas posibles de pensar la curricularizaci\u00f3n de la extensi\u00f3n\u201d, asegura.<\/p>\n<p>En relaci\u00f3n a la articulaci\u00f3n entre la docencia, la investigaci\u00f3n y la extensi\u00f3n, definida como integralidad de funciones, es sumamente importante el rol de los y las estudiantes en la demanda por realizar experiencias en territorio que permitan poner en di\u00e1logo los saberes universitarios con los de otros actores de la sociedad. En esta l\u00ednea Liliana recuerda el proyecto de Pr\u00e1cticas Sociocomunitarias propuesto por una agrupaci\u00f3n estudiantil durante su primer per\u00edodo como secretaria de Extensi\u00f3n: \u201cEl proceso interno que se hace dentro de la Facultad para apropiarse de esta iniciativa que surge del claustro estudiantil signific\u00f3 un largo camino de discusiones, reflexiones y aportes que vinieron desde las escuelas, desde las carreras y desde las secretar\u00edas. De hecho, que el proyecto de Pr\u00e1cticas Sociocomunitarias llegue al Consejo Directivo fue el producto de un recorrido artesanal de consenso y construcci\u00f3n pol\u00edtica\u201d, relata.<\/p>\n<p>Del mismo modo que Pereyra, Silvia \u00c1vila hace hincapi\u00e9 en el papel de los y las estudiantes en el proceso de institucionalizaci\u00f3n de las Pr\u00e1cticas Sociocomunitarias y repara en la doble mirada del claustro hacia este espacio formativo novedoso. En ese sentido, la docente hace referencia al lugar central que ocupan los y las estudiantes organizados, politizados, proponiendo y llevando adelante el proyecto, pero tambi\u00e9n le interesa pensar en el inter\u00e9s de los y las estudiantes cuando se les propone cursar materias y\/o seminarios en un formato que excede el espacio del aula y que est\u00e1 atravesado por l\u00f3gicas muy distintas a las habituales. Por otra parte, \u00c1vila pone el acento en la complejidad que implica la modalidad de Pr\u00e1ctica Sociocomuntaria para el equipo docente: \u201cIr con estudiantes a hacer intervenci\u00f3n en territorio implica resolver cuestiones que no s\u00f3lo tienen que ver con los saberes y conocimientos, sino tambi\u00e9n con la modalidad del cursado, la acreditaci\u00f3n y tambi\u00e9n con los v\u00ednculos y compromisos que se establecen en la comunidad con la que se trabaja\u201d, concluye.<\/p>\n<p><strong>Conversaci\u00f3n completa<\/strong><\/p>\n<p><iframe loading=\"lazy\" title=\"Conversaciones | Silvia \u00c1vila y Liliana Pereyra\" width=\"500\" height=\"281\" src=\"https:\/\/www.youtube.com\/embed\/XbQxuso21yE?feature=oembed\" frameborder=\"0\" allow=\"accelerometer; autoplay; clipboard-write; encrypted-media; gyroscope; picture-in-picture; web-share\" referrerpolicy=\"strict-origin-when-cross-origin\" allowfullscreen><\/iframe><\/p>\n","protected":false},"excerpt":{"rendered":"<div class=\"mh-excerpt\"><p>Conversaciones es una nueva secci\u00f3n de la revista\u00a0 \u201cE+E: estudios de extensi\u00f3n en humanidades\u201d, destinada a la difusi\u00f3n de reflexiones y debates en torno a la funci\u00f3n extensionista en la universidad. Para inaugurar este apartado se reunieron Silvia \u00c1vila y <a class=\"mh-excerpt-more\" href=\"https:\/\/ffyh.unc.edu.ar\/alfilo\/la-extension-tiene-una-impronta-dificil-de-apresar-e-institucionalizar\/\" title=\"\u201cLa extensi\u00f3n tiene una impronta dif\u00edcil de apresar e institucionalizar\u201d\">[Leer m\u00e1s]<\/a><\/p>\n<\/div>","protected":false},"author":2,"featured_media":5167,"comment_status":"closed","ping_status":"closed","sticky":false,"template":"","format":"standard","meta":{"_acf_changed":false,"_monsterinsights_skip_tracking":false,"_monsterinsights_sitenote_active":false,"_monsterinsights_sitenote_note":"","_monsterinsights_sitenote_category":0,"_jetpack_memberships_contains_paid_content":false,"footnotes":""},"categories":[186],"tags":[82,125],"class_list":["post-5166","post","type-post","status-publish","format-standard","has-post-thumbnail","hentry","category-186","tag-extension","tag-relacion-con-la-comunidad"],"acf":[],"yoast_head":"<!-- This site is optimized with the Yoast SEO plugin v27.1.1 - https:\/\/yoast.com\/product\/yoast-seo-wordpress\/ -->\n<title>\u201cLa extensi\u00f3n tiene una impronta dif\u00edcil de apresar e institucionalizar\u201d - Alfilo<\/title>\n<meta name=\"robots\" content=\"index, follow, max-snippet:-1, max-image-preview:large, max-video-preview:-1\" \/>\n<link rel=\"canonical\" href=\"https:\/\/ffyh.unc.edu.ar\/alfilo\/la-extension-tiene-una-impronta-dificil-de-apresar-e-institucionalizar\/\" \/>\n<meta property=\"og:locale\" content=\"es_ES\" \/>\n<meta property=\"og:type\" content=\"article\" \/>\n<meta property=\"og:title\" content=\"\u201cLa extensi\u00f3n tiene una impronta dif\u00edcil de apresar e institucionalizar\u201d - Alfilo\" \/>\n<meta property=\"og:description\" content=\"Conversaciones es una nueva secci\u00f3n de la revista\u00a0 \u201cE+E: estudios de extensi\u00f3n en humanidades\u201d, destinada a la difusi\u00f3n de reflexiones y debates en torno a la funci\u00f3n extensionista en la universidad. Para inaugurar este apartado se reunieron Silvia \u00c1vila y [Leer m\u00e1s]\" \/>\n<meta property=\"og:url\" content=\"https:\/\/ffyh.unc.edu.ar\/alfilo\/la-extension-tiene-una-impronta-dificil-de-apresar-e-institucionalizar\/\" \/>\n<meta property=\"og:site_name\" content=\"Alfilo\" \/>\n<meta property=\"article:publisher\" content=\"https:\/\/www.facebook.com\/ffyh.unc\/\" \/>\n<meta property=\"article:published_time\" content=\"2018-04-04T14:34:44+00:00\" \/>\n<meta property=\"article:modified_time\" content=\"2018-04-05T14:03:30+00:00\" \/>\n<meta property=\"og:image\" content=\"https:\/\/ffyh.unc.edu.ar\/alfilo\/wp-content\/uploads\/sites\/11\/2018\/04\/conversaciones.jpg\" \/>\n\t<meta property=\"og:image:width\" content=\"1105\" \/>\n\t<meta property=\"og:image:height\" content=\"625\" \/>\n\t<meta property=\"og:image:type\" content=\"image\/jpeg\" \/>\n<meta name=\"author\" content=\"\u00c1rea de Comunicaci\u00f3n - FFyH\" \/>\n<meta name=\"twitter:card\" content=\"summary_large_image\" \/>\n<meta name=\"twitter:creator\" content=\"@ffyh_unc\" \/>\n<meta name=\"twitter:site\" content=\"@ffyh_unc\" \/>\n<meta name=\"twitter:label1\" content=\"Escrito por\" \/>\n\t<meta name=\"twitter:data1\" content=\"\" \/>\n\t<meta name=\"twitter:label2\" content=\"Tiempo de lectura\" \/>\n\t<meta name=\"twitter:data2\" content=\"4 minutos\" \/>\n<script type=\"application\/ld+json\" class=\"yoast-schema-graph\">{\"@context\":\"https:\/\/schema.org\",\"@graph\":[{\"@type\":\"Article\",\"@id\":\"https:\/\/ffyh.unc.edu.ar\/alfilo\/la-extension-tiene-una-impronta-dificil-de-apresar-e-institucionalizar\/#article\",\"isPartOf\":{\"@id\":\"https:\/\/ffyh.unc.edu.ar\/alfilo\/la-extension-tiene-una-impronta-dificil-de-apresar-e-institucionalizar\/\"},\"author\":{\"name\":\"\u00c1rea de Comunicaci\u00f3n - FFyH\",\"@id\":\"https:\/\/ffyh.unc.edu.ar\/alfilo\/#\/schema\/person\/e6b9f6aec95cb7437bb2fde09e23b224\"},\"headline\":\"\u201cLa extensi\u00f3n tiene una impronta dif\u00edcil de apresar e institucionalizar\u201d\",\"datePublished\":\"2018-04-04T14:34:44+00:00\",\"dateModified\":\"2018-04-05T14:03:30+00:00\",\"mainEntityOfPage\":{\"@id\":\"https:\/\/ffyh.unc.edu.ar\/alfilo\/la-extension-tiene-una-impronta-dificil-de-apresar-e-institucionalizar\/\"},\"wordCount\":878,\"publisher\":{\"@id\":\"https:\/\/ffyh.unc.edu.ar\/alfilo\/#organization\"},\"image\":{\"@id\":\"https:\/\/ffyh.unc.edu.ar\/alfilo\/la-extension-tiene-una-impronta-dificil-de-apresar-e-institucionalizar\/#primaryimage\"},\"thumbnailUrl\":\"https:\/\/ffyh.unc.edu.ar\/alfilo\/wp-content\/uploads\/sites\/11\/2018\/04\/conversaciones.jpg\",\"keywords\":[\"Extensi\u00f3n\",\"Relaci\u00f3n con la comunidad\"],\"articleSection\":[\"66\"],\"inLanguage\":\"es\"},{\"@type\":\"WebPage\",\"@id\":\"https:\/\/ffyh.unc.edu.ar\/alfilo\/la-extension-tiene-una-impronta-dificil-de-apresar-e-institucionalizar\/\",\"url\":\"https:\/\/ffyh.unc.edu.ar\/alfilo\/la-extension-tiene-una-impronta-dificil-de-apresar-e-institucionalizar\/\",\"name\":\"\u201cLa extensi\u00f3n tiene una impronta dif\u00edcil de apresar e institucionalizar\u201d - Alfilo\",\"isPartOf\":{\"@id\":\"https:\/\/ffyh.unc.edu.ar\/alfilo\/#website\"},\"primaryImageOfPage\":{\"@id\":\"https:\/\/ffyh.unc.edu.ar\/alfilo\/la-extension-tiene-una-impronta-dificil-de-apresar-e-institucionalizar\/#primaryimage\"},\"image\":{\"@id\":\"https:\/\/ffyh.unc.edu.ar\/alfilo\/la-extension-tiene-una-impronta-dificil-de-apresar-e-institucionalizar\/#primaryimage\"},\"thumbnailUrl\":\"https:\/\/ffyh.unc.edu.ar\/alfilo\/wp-content\/uploads\/sites\/11\/2018\/04\/conversaciones.jpg\",\"datePublished\":\"2018-04-04T14:34:44+00:00\",\"dateModified\":\"2018-04-05T14:03:30+00:00\",\"breadcrumb\":{\"@id\":\"https:\/\/ffyh.unc.edu.ar\/alfilo\/la-extension-tiene-una-impronta-dificil-de-apresar-e-institucionalizar\/#breadcrumb\"},\"inLanguage\":\"es\",\"potentialAction\":[{\"@type\":\"ReadAction\",\"target\":[\"https:\/\/ffyh.unc.edu.ar\/alfilo\/la-extension-tiene-una-impronta-dificil-de-apresar-e-institucionalizar\/\"]}]},{\"@type\":\"ImageObject\",\"inLanguage\":\"es\",\"@id\":\"https:\/\/ffyh.unc.edu.ar\/alfilo\/la-extension-tiene-una-impronta-dificil-de-apresar-e-institucionalizar\/#primaryimage\",\"url\":\"https:\/\/ffyh.unc.edu.ar\/alfilo\/wp-content\/uploads\/sites\/11\/2018\/04\/conversaciones.jpg\",\"contentUrl\":\"https:\/\/ffyh.unc.edu.ar\/alfilo\/wp-content\/uploads\/sites\/11\/2018\/04\/conversaciones.jpg\",\"width\":1105,\"height\":625},{\"@type\":\"BreadcrumbList\",\"@id\":\"https:\/\/ffyh.unc.edu.ar\/alfilo\/la-extension-tiene-una-impronta-dificil-de-apresar-e-institucionalizar\/#breadcrumb\",\"itemListElement\":[{\"@type\":\"ListItem\",\"position\":1,\"name\":\"Portada\",\"item\":\"https:\/\/ffyh.unc.edu.ar\/alfilo\/\"},{\"@type\":\"ListItem\",\"position\":2,\"name\":\"\u201cLa extensi\u00f3n tiene una impronta dif\u00edcil de apresar e institucionalizar\u201d\"}]},{\"@type\":\"WebSite\",\"@id\":\"https:\/\/ffyh.unc.edu.ar\/alfilo\/#website\",\"url\":\"https:\/\/ffyh.unc.edu.ar\/alfilo\/\",\"name\":\"Alfilo\",\"description\":\"Revista digital de la Facultad de Filosof\u00eda y Humanidades - Universidad Nacional de C\u00f3rdoba\",\"publisher\":{\"@id\":\"https:\/\/ffyh.unc.edu.ar\/alfilo\/#organization\"},\"potentialAction\":[{\"@type\":\"SearchAction\",\"target\":{\"@type\":\"EntryPoint\",\"urlTemplate\":\"https:\/\/ffyh.unc.edu.ar\/alfilo\/?s={search_term_string}\"},\"query-input\":{\"@type\":\"PropertyValueSpecification\",\"valueRequired\":true,\"valueName\":\"search_term_string\"}}],\"inLanguage\":\"es\"},{\"@type\":\"Organization\",\"@id\":\"https:\/\/ffyh.unc.edu.ar\/alfilo\/#organization\",\"name\":\"Alfilo | Revista digital de la Facultad de Filosof\u00eda y Humanidades | UNC\",\"url\":\"https:\/\/ffyh.unc.edu.ar\/alfilo\/\",\"logo\":{\"@type\":\"ImageObject\",\"inLanguage\":\"es\",\"@id\":\"https:\/\/ffyh.unc.edu.ar\/alfilo\/#\/schema\/logo\/image\/\",\"url\":\"https:\/\/ffyh.unc.edu.ar\/alfilo\/wp-content\/uploads\/sites\/11\/2015\/04\/banner-alfilo-2015-ico.jpg\",\"contentUrl\":\"https:\/\/ffyh.unc.edu.ar\/alfilo\/wp-content\/uploads\/sites\/11\/2015\/04\/banner-alfilo-2015-ico.jpg\",\"width\":253,\"height\":128,\"caption\":\"Alfilo | Revista digital de la Facultad de Filosof\u00eda y Humanidades | UNC\"},\"image\":{\"@id\":\"https:\/\/ffyh.unc.edu.ar\/alfilo\/#\/schema\/logo\/image\/\"},\"sameAs\":[\"https:\/\/www.facebook.com\/ffyh.unc\/\",\"https:\/\/x.com\/ffyh_unc\",\"https:\/\/www.instagram.com\/ffyhunc\/\",\"https:\/\/www.youtube.com\/user\/comunicacionfilo\"]},{\"@type\":\"Person\",\"@id\":\"https:\/\/ffyh.unc.edu.ar\/alfilo\/#\/schema\/person\/e6b9f6aec95cb7437bb2fde09e23b224\",\"name\":\"\u00c1rea de Comunicaci\u00f3n - FFyH\",\"image\":{\"@type\":\"ImageObject\",\"inLanguage\":\"es\",\"@id\":\"https:\/\/ffyh.unc.edu.ar\/alfilo\/#\/schema\/person\/image\/\",\"url\":\"https:\/\/secure.gravatar.com\/avatar\/1d896d10b19526e4cb6e972ca0f1b6719a4697e2d88742a801b88b3682d5be75?s=96&d=mm&r=g\",\"contentUrl\":\"https:\/\/secure.gravatar.com\/avatar\/1d896d10b19526e4cb6e972ca0f1b6719a4697e2d88742a801b88b3682d5be75?s=96&d=mm&r=g\",\"caption\":\"\u00c1rea de Comunicaci\u00f3n - FFyH\"},\"url\":\"https:\/\/ffyh.unc.edu.ar\/alfilo\/author\/prensa\/\"}]}<\/script>\n<!-- \/ Yoast SEO plugin. -->","yoast_head_json":{"title":"\u201cLa extensi\u00f3n tiene una impronta dif\u00edcil de apresar e institucionalizar\u201d - Alfilo","robots":{"index":"index","follow":"follow","max-snippet":"max-snippet:-1","max-image-preview":"max-image-preview:large","max-video-preview":"max-video-preview:-1"},"canonical":"https:\/\/ffyh.unc.edu.ar\/alfilo\/la-extension-tiene-una-impronta-dificil-de-apresar-e-institucionalizar\/","og_locale":"es_ES","og_type":"article","og_title":"\u201cLa extensi\u00f3n tiene una impronta dif\u00edcil de apresar e institucionalizar\u201d - Alfilo","og_description":"Conversaciones es una nueva secci\u00f3n de la revista\u00a0 \u201cE+E: estudios de extensi\u00f3n en humanidades\u201d, destinada a la difusi\u00f3n de reflexiones y debates en torno a la funci\u00f3n extensionista en la universidad. Para inaugurar este apartado se reunieron Silvia \u00c1vila y [Leer m\u00e1s]","og_url":"https:\/\/ffyh.unc.edu.ar\/alfilo\/la-extension-tiene-una-impronta-dificil-de-apresar-e-institucionalizar\/","og_site_name":"Alfilo","article_publisher":"https:\/\/www.facebook.com\/ffyh.unc\/","article_published_time":"2018-04-04T14:34:44+00:00","article_modified_time":"2018-04-05T14:03:30+00:00","og_image":[{"width":1105,"height":625,"url":"https:\/\/ffyh.unc.edu.ar\/alfilo\/wp-content\/uploads\/sites\/11\/2018\/04\/conversaciones.jpg","type":"image\/jpeg"}],"author":"\u00c1rea de Comunicaci\u00f3n - FFyH","twitter_card":"summary_large_image","twitter_creator":"@ffyh_unc","twitter_site":"@ffyh_unc","twitter_misc":{"Escrito por":false,"Tiempo de lectura":"4 minutos"},"schema":{"@context":"https:\/\/schema.org","@graph":[{"@type":"Article","@id":"https:\/\/ffyh.unc.edu.ar\/alfilo\/la-extension-tiene-una-impronta-dificil-de-apresar-e-institucionalizar\/#article","isPartOf":{"@id":"https:\/\/ffyh.unc.edu.ar\/alfilo\/la-extension-tiene-una-impronta-dificil-de-apresar-e-institucionalizar\/"},"author":{"name":"\u00c1rea de Comunicaci\u00f3n - FFyH","@id":"https:\/\/ffyh.unc.edu.ar\/alfilo\/#\/schema\/person\/e6b9f6aec95cb7437bb2fde09e23b224"},"headline":"\u201cLa extensi\u00f3n tiene una impronta dif\u00edcil de apresar e institucionalizar\u201d","datePublished":"2018-04-04T14:34:44+00:00","dateModified":"2018-04-05T14:03:30+00:00","mainEntityOfPage":{"@id":"https:\/\/ffyh.unc.edu.ar\/alfilo\/la-extension-tiene-una-impronta-dificil-de-apresar-e-institucionalizar\/"},"wordCount":878,"publisher":{"@id":"https:\/\/ffyh.unc.edu.ar\/alfilo\/#organization"},"image":{"@id":"https:\/\/ffyh.unc.edu.ar\/alfilo\/la-extension-tiene-una-impronta-dificil-de-apresar-e-institucionalizar\/#primaryimage"},"thumbnailUrl":"https:\/\/ffyh.unc.edu.ar\/alfilo\/wp-content\/uploads\/sites\/11\/2018\/04\/conversaciones.jpg","keywords":["Extensi\u00f3n","Relaci\u00f3n con la comunidad"],"articleSection":["66"],"inLanguage":"es"},{"@type":"WebPage","@id":"https:\/\/ffyh.unc.edu.ar\/alfilo\/la-extension-tiene-una-impronta-dificil-de-apresar-e-institucionalizar\/","url":"https:\/\/ffyh.unc.edu.ar\/alfilo\/la-extension-tiene-una-impronta-dificil-de-apresar-e-institucionalizar\/","name":"\u201cLa extensi\u00f3n tiene una impronta dif\u00edcil de apresar e institucionalizar\u201d - Alfilo","isPartOf":{"@id":"https:\/\/ffyh.unc.edu.ar\/alfilo\/#website"},"primaryImageOfPage":{"@id":"https:\/\/ffyh.unc.edu.ar\/alfilo\/la-extension-tiene-una-impronta-dificil-de-apresar-e-institucionalizar\/#primaryimage"},"image":{"@id":"https:\/\/ffyh.unc.edu.ar\/alfilo\/la-extension-tiene-una-impronta-dificil-de-apresar-e-institucionalizar\/#primaryimage"},"thumbnailUrl":"https:\/\/ffyh.unc.edu.ar\/alfilo\/wp-content\/uploads\/sites\/11\/2018\/04\/conversaciones.jpg","datePublished":"2018-04-04T14:34:44+00:00","dateModified":"2018-04-05T14:03:30+00:00","breadcrumb":{"@id":"https:\/\/ffyh.unc.edu.ar\/alfilo\/la-extension-tiene-una-impronta-dificil-de-apresar-e-institucionalizar\/#breadcrumb"},"inLanguage":"es","potentialAction":[{"@type":"ReadAction","target":["https:\/\/ffyh.unc.edu.ar\/alfilo\/la-extension-tiene-una-impronta-dificil-de-apresar-e-institucionalizar\/"]}]},{"@type":"ImageObject","inLanguage":"es","@id":"https:\/\/ffyh.unc.edu.ar\/alfilo\/la-extension-tiene-una-impronta-dificil-de-apresar-e-institucionalizar\/#primaryimage","url":"https:\/\/ffyh.unc.edu.ar\/alfilo\/wp-content\/uploads\/sites\/11\/2018\/04\/conversaciones.jpg","contentUrl":"https:\/\/ffyh.unc.edu.ar\/alfilo\/wp-content\/uploads\/sites\/11\/2018\/04\/conversaciones.jpg","width":1105,"height":625},{"@type":"BreadcrumbList","@id":"https:\/\/ffyh.unc.edu.ar\/alfilo\/la-extension-tiene-una-impronta-dificil-de-apresar-e-institucionalizar\/#breadcrumb","itemListElement":[{"@type":"ListItem","position":1,"name":"Portada","item":"https:\/\/ffyh.unc.edu.ar\/alfilo\/"},{"@type":"ListItem","position":2,"name":"\u201cLa extensi\u00f3n tiene una impronta dif\u00edcil de apresar e institucionalizar\u201d"}]},{"@type":"WebSite","@id":"https:\/\/ffyh.unc.edu.ar\/alfilo\/#website","url":"https:\/\/ffyh.unc.edu.ar\/alfilo\/","name":"Alfilo","description":"Revista digital de la Facultad de Filosof\u00eda y Humanidades - Universidad Nacional de C\u00f3rdoba","publisher":{"@id":"https:\/\/ffyh.unc.edu.ar\/alfilo\/#organization"},"potentialAction":[{"@type":"SearchAction","target":{"@type":"EntryPoint","urlTemplate":"https:\/\/ffyh.unc.edu.ar\/alfilo\/?s={search_term_string}"},"query-input":{"@type":"PropertyValueSpecification","valueRequired":true,"valueName":"search_term_string"}}],"inLanguage":"es"},{"@type":"Organization","@id":"https:\/\/ffyh.unc.edu.ar\/alfilo\/#organization","name":"Alfilo | Revista digital de la Facultad de Filosof\u00eda y Humanidades | UNC","url":"https:\/\/ffyh.unc.edu.ar\/alfilo\/","logo":{"@type":"ImageObject","inLanguage":"es","@id":"https:\/\/ffyh.unc.edu.ar\/alfilo\/#\/schema\/logo\/image\/","url":"https:\/\/ffyh.unc.edu.ar\/alfilo\/wp-content\/uploads\/sites\/11\/2015\/04\/banner-alfilo-2015-ico.jpg","contentUrl":"https:\/\/ffyh.unc.edu.ar\/alfilo\/wp-content\/uploads\/sites\/11\/2015\/04\/banner-alfilo-2015-ico.jpg","width":253,"height":128,"caption":"Alfilo | Revista digital de la Facultad de Filosof\u00eda y Humanidades | UNC"},"image":{"@id":"https:\/\/ffyh.unc.edu.ar\/alfilo\/#\/schema\/logo\/image\/"},"sameAs":["https:\/\/www.facebook.com\/ffyh.unc\/","https:\/\/x.com\/ffyh_unc","https:\/\/www.instagram.com\/ffyhunc\/","https:\/\/www.youtube.com\/user\/comunicacionfilo"]},{"@type":"Person","@id":"https:\/\/ffyh.unc.edu.ar\/alfilo\/#\/schema\/person\/e6b9f6aec95cb7437bb2fde09e23b224","name":"\u00c1rea de Comunicaci\u00f3n - FFyH","image":{"@type":"ImageObject","inLanguage":"es","@id":"https:\/\/ffyh.unc.edu.ar\/alfilo\/#\/schema\/person\/image\/","url":"https:\/\/secure.gravatar.com\/avatar\/1d896d10b19526e4cb6e972ca0f1b6719a4697e2d88742a801b88b3682d5be75?s=96&d=mm&r=g","contentUrl":"https:\/\/secure.gravatar.com\/avatar\/1d896d10b19526e4cb6e972ca0f1b6719a4697e2d88742a801b88b3682d5be75?s=96&d=mm&r=g","caption":"\u00c1rea de Comunicaci\u00f3n - FFyH"},"url":"https:\/\/ffyh.unc.edu.ar\/alfilo\/author\/prensa\/"}]}},"jetpack_featured_media_url":"https:\/\/ffyh.unc.edu.ar\/alfilo\/wp-content\/uploads\/sites\/11\/2018\/04\/conversaciones.jpg","jetpack_sharing_enabled":true,"_links":{"self":[{"href":"https:\/\/ffyh.unc.edu.ar\/alfilo\/wp-json\/wp\/v2\/posts\/5166","targetHints":{"allow":["GET"]}}],"collection":[{"href":"https:\/\/ffyh.unc.edu.ar\/alfilo\/wp-json\/wp\/v2\/posts"}],"about":[{"href":"https:\/\/ffyh.unc.edu.ar\/alfilo\/wp-json\/wp\/v2\/types\/post"}],"author":[{"embeddable":true,"href":"https:\/\/ffyh.unc.edu.ar\/alfilo\/wp-json\/wp\/v2\/users\/2"}],"replies":[{"embeddable":true,"href":"https:\/\/ffyh.unc.edu.ar\/alfilo\/wp-json\/wp\/v2\/comments?post=5166"}],"version-history":[{"count":4,"href":"https:\/\/ffyh.unc.edu.ar\/alfilo\/wp-json\/wp\/v2\/posts\/5166\/revisions"}],"predecessor-version":[{"id":5171,"href":"https:\/\/ffyh.unc.edu.ar\/alfilo\/wp-json\/wp\/v2\/posts\/5166\/revisions\/5171"}],"wp:featuredmedia":[{"embeddable":true,"href":"https:\/\/ffyh.unc.edu.ar\/alfilo\/wp-json\/wp\/v2\/media\/5167"}],"wp:attachment":[{"href":"https:\/\/ffyh.unc.edu.ar\/alfilo\/wp-json\/wp\/v2\/media?parent=5166"}],"wp:term":[{"taxonomy":"category","embeddable":true,"href":"https:\/\/ffyh.unc.edu.ar\/alfilo\/wp-json\/wp\/v2\/categories?post=5166"},{"taxonomy":"post_tag","embeddable":true,"href":"https:\/\/ffyh.unc.edu.ar\/alfilo\/wp-json\/wp\/v2\/tags?post=5166"}],"curies":[{"name":"wp","href":"https:\/\/api.w.org\/{rel}","templated":true}]}}