{"id":5222,"date":"2018-04-27T15:24:28","date_gmt":"2018-04-27T15:24:28","guid":{"rendered":"http:\/\/ffyh.unc.edu.ar\/alfilo\/?p=5222"},"modified":"2018-05-09T15:04:08","modified_gmt":"2018-05-09T15:04:08","slug":"la-caricatura-como-una-accion-militante","status":"publish","type":"post","link":"https:\/\/ffyh.unc.edu.ar\/alfilo\/la-caricatura-como-una-accion-militante\/","title":{"rendered":"La caricatura como una acci\u00f3n militante"},"content":{"rendered":"<p><strong><img loading=\"lazy\" decoding=\"async\" class=\"alignright wp-image-5224\" src=\"http:\/\/ffyh.unc.edu.ar\/alfilo\/wp-content\/uploads\/sites\/11\/2018\/05\/muestra-z-2-1.jpg\" alt=\"\" width=\"450\" height=\"345\" srcset=\"https:\/\/ffyh.unc.edu.ar\/alfilo\/wp-content\/uploads\/sites\/11\/2018\/05\/muestra-z-2-1.jpg 679w, https:\/\/ffyh.unc.edu.ar\/alfilo\/wp-content\/uploads\/sites\/11\/2018\/05\/muestra-z-2-1-300x230.jpg 300w, https:\/\/ffyh.unc.edu.ar\/alfilo\/wp-content\/uploads\/sites\/11\/2018\/05\/muestra-z-2-1-600x459.jpg 600w, https:\/\/ffyh.unc.edu.ar\/alfilo\/wp-content\/uploads\/sites\/11\/2018\/05\/muestra-z-2-1-80x60.jpg 80w\" sizes=\"auto, (max-width: 450px) 100vw, 450px\" \/>Todav\u00eda se puede visitar en el Museo de Antropolog\u00eda la muestra \u201cRevoluci\u00f3n por la caricatura. (La dictadura, la corrupci\u00f3n, la religi\u00f3n y la ecolog\u00eda)\u201d, del artista y cyberactivista tunecino -Z-.<\/strong><\/p>\n<p><!--more--><\/p>\n<p>\u201c-Z- revela en esta muestra c\u00f3mo pueden entramarse el arte, la imaginaci\u00f3n y el humor para dotar de sentido las experiencias de violencia que atraviesan las sociedades contempor\u00e1neas y en particular, la tunecina. El comic, la caricatura, la novela gr\u00e1fica son curiosamente los g\u00e9neros m\u00e1s extendidos para narrar los per\u00edodos m\u00e1s dram\u00e1ticos de la historia contempor\u00e1nea y, por ende, material de profundo inter\u00e9s para la antropolog\u00eda\u201d, dice el texto escrito por Mariana Tello Weiss, integrante del N\u00facleo Violencia, Pol\u00edtica y Memoria del IDACOR, que se encuentra en la exposici\u00f3n \u201cRevoluci\u00f3n por la caricatura. (La dictadura, la corrupci\u00f3n, la religi\u00f3n y la ecolog\u00eda)\u201d, del artista -Z- que se encuentra, desde que inaugur\u00f3 el 14 de diciembre de 2017, en el segundo piso del Museo de Antropolog\u00eda de la FFyH.<\/p>\n<p>\u201c\u00bfC\u00f3mo pueden entramar lo tr\u00e1gico y lo c\u00f3mico? La paradoja es s\u00f3lo aparente. Como uno de tantos modos de lidiar con la vida y la muerte en los reg\u00edmenes autoritarios, el humor y el arte permiten comunicar lo incomunicable, enfrentar al terror que \u00e9stos imponen con una de las m\u00e1s potentes armas: la risa. O como se\u00f1ala la iran\u00ed Marjane Satrapi, en otra obra insoslayable: La \u00fanica forma de soportar lo insoportable, es re\u00edrse de ello\u201d, completa Tello Weiss sobre el trabajo del caricaturista tunecino.<\/p>\n<p><img loading=\"lazy\" decoding=\"async\" class=\"alignnone size-full wp-image-5225\" src=\"http:\/\/ffyh.unc.edu.ar\/alfilo\/wp-content\/uploads\/sites\/11\/2018\/05\/muestra-z-3.jpg\" alt=\"\" width=\"859\" height=\"538\" srcset=\"https:\/\/ffyh.unc.edu.ar\/alfilo\/wp-content\/uploads\/sites\/11\/2018\/05\/muestra-z-3.jpg 859w, https:\/\/ffyh.unc.edu.ar\/alfilo\/wp-content\/uploads\/sites\/11\/2018\/05\/muestra-z-3-300x188.jpg 300w, https:\/\/ffyh.unc.edu.ar\/alfilo\/wp-content\/uploads\/sites\/11\/2018\/05\/muestra-z-3-768x481.jpg 768w, https:\/\/ffyh.unc.edu.ar\/alfilo\/wp-content\/uploads\/sites\/11\/2018\/05\/muestra-z-3-600x376.jpg 600w\" sizes=\"auto, (max-width: 859px) 100vw, 859px\" \/><\/p>\n<p>-Z- expone en la muestra \u00bb La Revoluci\u00f3n por la Caricatura\u00bb, una serie de dibujos pol\u00edticos que tratan la actualidad de su pa\u00eds. De la Dictadura a la Revoluci\u00f3n, -Z- relata con humor e ira la dif\u00edcil transici\u00f3n a trav\u00e9s de la cual pasa el primer pa\u00eds de la \u201cPrimavera \u00c1rabe\u201d. Centr\u00e1ndose en temas generales, la exposici\u00f3n intenta ser el eco \u00e1rabe de las mutaciones que atraviesa Sudam\u00e9rica. \u00abLa dificultad de esta exposici\u00f3n es la de comunicar la realidad de un pa\u00eds lejano como es T\u00fanez a un publico argentino que, quiz\u00e1s, no sabe nada de la pol\u00edtica y de la historia tunecina. Por eso, eleg\u00ed las obras seg\u00fan tem\u00e1ticas universales que tambi\u00e9n se acercan de la realidad argentina : la corrupci\u00f3n, la religi\u00f3n, la dictadura y la ecolog\u00eda\u00bb, cuenta el artista por mail a <strong>Alfilo<\/strong>.<\/p>\n<p>Este caricaturista ha sido reconocido por sus trabajos contra la dictadura tunecina de Ben Ali desde 2007, y siempre ha guardado el anonimato para protegerse de la polic\u00eda pol\u00edtica, a\u00fan despu\u00e9s de la ca\u00edda del r\u00e9gimen. En este sentido, -Z- aclara: \u00abSe acab\u00f3 la censura en T\u00fanez despu\u00e9s de la Revoluci\u00f3n del 14 de enero de 2011, mi blog es accesible y mis dibujos publicados en peri\u00f3dicos. Tengo tambi\u00e9n un editor que se encarga de mi trabajo y una curadora que expone mis obras, pero guardo el anonimato para expresarme libremente sobre ciertas tem\u00e1ticas sensibles como la religi\u00f3n. Es muy dif\u00edcil de caricaturizar lo sagrado y cosas relacionadas al sexo. Pero gracias a mi anonimato puedo superar los l\u00edmites.\u00a0T\u00fanez tiene la mejor clasificaci\u00f3n de libertad de expresi\u00f3n dentro del mundo \u00e1rabe (RSF), pero eso no significa que la lucha se acab\u00f3. La situaci\u00f3n todav\u00eda es muy compleja en Egipto o Marruecos\u00bb.<\/p>\n<p><img loading=\"lazy\" decoding=\"async\" class=\"alignnone size-full wp-image-5226\" src=\"http:\/\/ffyh.unc.edu.ar\/alfilo\/wp-content\/uploads\/sites\/11\/2018\/05\/muestra-z-4.jpg\" alt=\"\" width=\"960\" height=\"590\" srcset=\"https:\/\/ffyh.unc.edu.ar\/alfilo\/wp-content\/uploads\/sites\/11\/2018\/05\/muestra-z-4.jpg 960w, https:\/\/ffyh.unc.edu.ar\/alfilo\/wp-content\/uploads\/sites\/11\/2018\/05\/muestra-z-4-300x184.jpg 300w, https:\/\/ffyh.unc.edu.ar\/alfilo\/wp-content\/uploads\/sites\/11\/2018\/05\/muestra-z-4-768x472.jpg 768w, https:\/\/ffyh.unc.edu.ar\/alfilo\/wp-content\/uploads\/sites\/11\/2018\/05\/muestra-z-4-600x369.jpg 600w\" sizes=\"auto, (max-width: 960px) 100vw, 960px\" \/><\/p>\n<p>-Z- utiliza la caricatura como una acci\u00f3n militante, porque entiende que el arte permite llevar a cabo una guerra simb\u00f3lica contra el poder\/los poderes, y contra aquello que se manifiesta tan negativamente en nuestras sociedades capitalistas del siglo XXI. \u00abEmpec\u00e9 con la caricatura hace 10 a\u00f1os, en la \u00e9poca de la dictadura de Ben Ali. Abr\u00ed mi blog\u00a0<a href=\"http:\/\/debatunisie.com\/\" target=\"_blank\" rel=\"noopener\">debatunisie.com<\/a>\u00a0para criticar con textos e im\u00e1genes la pol\u00edtica autoritaria y corrupta del presidente. Sab\u00eda desde el principio que mis art\u00edculos ser\u00edan censurados y que ten\u00eda que proteger mi identidad. Por eso fue que eleg\u00ed el anonimato, para evitar la persecuci\u00f3n. Tambi\u00e9n sab\u00eda que cada dibujo tendr\u00eda un car\u00e1cter transgresor. Entr\u00e9 en el activismo de esta manera. Un blogero en el 2003 , Zouhair Yahyoui, paso dos a\u00f1os en c\u00e1rcel. Era claro para m\u00ed que ten\u00eda que ser muy cuidadoso y muy prudente\u00bb, dice.<\/p>\n<p>M\u00e1s info sobre el artista: <a href=\"https:\/\/www.facebook.com\/DEBATunisie\/\" target=\"_blank\" rel=\"noopener\">https:\/\/www.facebook.com\/DEBATunisie\/<\/a><\/p>\n<div id='gallery-1' class='gallery galleryid-5222 gallery-columns-1 gallery-size-large'><figure class='gallery-item'>\n\t\t\t<div class='gallery-icon portrait'>\n\t\t\t\t<a href='https:\/\/ffyh.unc.edu.ar\/alfilo\/la-caricatura-como-una-accion-militante\/muestra-z-1\/'><img loading=\"lazy\" decoding=\"async\" width=\"761\" height=\"960\" src=\"https:\/\/ffyh.unc.edu.ar\/alfilo\/wp-content\/uploads\/sites\/11\/2018\/05\/muestra-z-1.jpg\" class=\"attachment-large size-large\" alt=\"\" srcset=\"https:\/\/ffyh.unc.edu.ar\/alfilo\/wp-content\/uploads\/sites\/11\/2018\/05\/muestra-z-1.jpg 761w, https:\/\/ffyh.unc.edu.ar\/alfilo\/wp-content\/uploads\/sites\/11\/2018\/05\/muestra-z-1-238x300.jpg 238w, https:\/\/ffyh.unc.edu.ar\/alfilo\/wp-content\/uploads\/sites\/11\/2018\/05\/muestra-z-1-600x757.jpg 600w\" sizes=\"auto, (max-width: 761px) 100vw, 761px\" \/><\/a>\n\t\t\t<\/div><\/figure><figure class='gallery-item'>\n\t\t\t<div class='gallery-icon landscape'>\n\t\t\t\t<a href='https:\/\/ffyh.unc.edu.ar\/alfilo\/la-caricatura-como-una-accion-militante\/muestra-z-5\/'><img loading=\"lazy\" decoding=\"async\" width=\"827\" height=\"564\" src=\"https:\/\/ffyh.unc.edu.ar\/alfilo\/wp-content\/uploads\/sites\/11\/2018\/05\/muestra-z-5.jpg\" class=\"attachment-large size-large\" alt=\"\" srcset=\"https:\/\/ffyh.unc.edu.ar\/alfilo\/wp-content\/uploads\/sites\/11\/2018\/05\/muestra-z-5.jpg 827w, https:\/\/ffyh.unc.edu.ar\/alfilo\/wp-content\/uploads\/sites\/11\/2018\/05\/muestra-z-5-300x205.jpg 300w, https:\/\/ffyh.unc.edu.ar\/alfilo\/wp-content\/uploads\/sites\/11\/2018\/05\/muestra-z-5-768x524.jpg 768w, https:\/\/ffyh.unc.edu.ar\/alfilo\/wp-content\/uploads\/sites\/11\/2018\/05\/muestra-z-5-600x409.jpg 600w\" sizes=\"auto, (max-width: 827px) 100vw, 827px\" \/><\/a>\n\t\t\t<\/div><\/figure><figure class='gallery-item'>\n\t\t\t<div class='gallery-icon landscape'>\n\t\t\t\t<a href='https:\/\/ffyh.unc.edu.ar\/alfilo\/la-caricatura-como-una-accion-militante\/muestra-z-6\/'><img loading=\"lazy\" decoding=\"async\" width=\"960\" height=\"624\" src=\"https:\/\/ffyh.unc.edu.ar\/alfilo\/wp-content\/uploads\/sites\/11\/2018\/05\/muestra-z-6.jpg\" class=\"attachment-large size-large\" alt=\"\" srcset=\"https:\/\/ffyh.unc.edu.ar\/alfilo\/wp-content\/uploads\/sites\/11\/2018\/05\/muestra-z-6.jpg 960w, https:\/\/ffyh.unc.edu.ar\/alfilo\/wp-content\/uploads\/sites\/11\/2018\/05\/muestra-z-6-300x195.jpg 300w, https:\/\/ffyh.unc.edu.ar\/alfilo\/wp-content\/uploads\/sites\/11\/2018\/05\/muestra-z-6-768x499.jpg 768w, https:\/\/ffyh.unc.edu.ar\/alfilo\/wp-content\/uploads\/sites\/11\/2018\/05\/muestra-z-6-600x390.jpg 600w\" sizes=\"auto, (max-width: 960px) 100vw, 960px\" \/><\/a>\n\t\t\t<\/div><\/figure><figure class='gallery-item'>\n\t\t\t<div class='gallery-icon landscape'>\n\t\t\t\t<a href='https:\/\/ffyh.unc.edu.ar\/alfilo\/la-caricatura-como-una-accion-militante\/muestra-z-7\/'><img loading=\"lazy\" decoding=\"async\" width=\"960\" height=\"506\" src=\"https:\/\/ffyh.unc.edu.ar\/alfilo\/wp-content\/uploads\/sites\/11\/2018\/05\/muestra-z-7.jpg\" class=\"attachment-large size-large\" alt=\"\" srcset=\"https:\/\/ffyh.unc.edu.ar\/alfilo\/wp-content\/uploads\/sites\/11\/2018\/05\/muestra-z-7.jpg 960w, https:\/\/ffyh.unc.edu.ar\/alfilo\/wp-content\/uploads\/sites\/11\/2018\/05\/muestra-z-7-300x158.jpg 300w, https:\/\/ffyh.unc.edu.ar\/alfilo\/wp-content\/uploads\/sites\/11\/2018\/05\/muestra-z-7-768x405.jpg 768w, https:\/\/ffyh.unc.edu.ar\/alfilo\/wp-content\/uploads\/sites\/11\/2018\/05\/muestra-z-7-600x316.jpg 600w\" sizes=\"auto, (max-width: 960px) 100vw, 960px\" \/><\/a>\n\t\t\t<\/div><\/figure><figure class='gallery-item'>\n\t\t\t<div class='gallery-icon landscape'>\n\t\t\t\t<a href='https:\/\/ffyh.unc.edu.ar\/alfilo\/la-caricatura-como-una-accion-militante\/muestra-z-8\/'><img loading=\"lazy\" decoding=\"async\" width=\"720\" height=\"717\" src=\"https:\/\/ffyh.unc.edu.ar\/alfilo\/wp-content\/uploads\/sites\/11\/2018\/05\/muestra-z-8.jpg\" class=\"attachment-large size-large\" alt=\"\" srcset=\"https:\/\/ffyh.unc.edu.ar\/alfilo\/wp-content\/uploads\/sites\/11\/2018\/05\/muestra-z-8.jpg 720w, https:\/\/ffyh.unc.edu.ar\/alfilo\/wp-content\/uploads\/sites\/11\/2018\/05\/muestra-z-8-150x150.jpg 150w, https:\/\/ffyh.unc.edu.ar\/alfilo\/wp-content\/uploads\/sites\/11\/2018\/05\/muestra-z-8-300x300.jpg 300w, https:\/\/ffyh.unc.edu.ar\/alfilo\/wp-content\/uploads\/sites\/11\/2018\/05\/muestra-z-8-250x250.jpg 250w, https:\/\/ffyh.unc.edu.ar\/alfilo\/wp-content\/uploads\/sites\/11\/2018\/05\/muestra-z-8-600x598.jpg 600w\" sizes=\"auto, (max-width: 720px) 100vw, 720px\" \/><\/a>\n\t\t\t<\/div><\/figure><figure class='gallery-item'>\n\t\t\t<div class='gallery-icon landscape'>\n\t\t\t\t<a href='https:\/\/ffyh.unc.edu.ar\/alfilo\/la-caricatura-como-una-accion-militante\/muestra-z-9\/'><img loading=\"lazy\" decoding=\"async\" width=\"719\" height=\"627\" src=\"https:\/\/ffyh.unc.edu.ar\/alfilo\/wp-content\/uploads\/sites\/11\/2018\/05\/muestra-z-9.jpg\" class=\"attachment-large size-large\" alt=\"\" srcset=\"https:\/\/ffyh.unc.edu.ar\/alfilo\/wp-content\/uploads\/sites\/11\/2018\/05\/muestra-z-9.jpg 719w, https:\/\/ffyh.unc.edu.ar\/alfilo\/wp-content\/uploads\/sites\/11\/2018\/05\/muestra-z-9-300x262.jpg 300w, https:\/\/ffyh.unc.edu.ar\/alfilo\/wp-content\/uploads\/sites\/11\/2018\/05\/muestra-z-9-600x523.jpg 600w\" sizes=\"auto, (max-width: 719px) 100vw, 719px\" \/><\/a>\n\t\t\t<\/div><\/figure>\n\t\t<\/div>\n\n","protected":false},"excerpt":{"rendered":"<div class=\"mh-excerpt\"><p>Todav\u00eda se puede visitar en el Museo de Antropolog\u00eda la muestra \u201cRevoluci\u00f3n por la caricatura. (La dictadura, la corrupci\u00f3n, la religi\u00f3n y la ecolog\u00eda)\u201d, del artista y cyberactivista tunecino -Z-.<\/p>\n<\/div>","protected":false},"author":16,"featured_media":5223,"comment_status":"closed","ping_status":"closed","sticky":false,"template":"","format":"standard","meta":{"_acf_changed":false,"_monsterinsights_skip_tracking":false,"_monsterinsights_sitenote_active":false,"_monsterinsights_sitenote_note":"","_monsterinsights_sitenote_category":0,"_jetpack_memberships_contains_paid_content":false,"footnotes":""},"categories":[186],"tags":[188,110,189],"class_list":["post-5222","post","type-post","status-publish","format-standard","has-post-thumbnail","hentry","category-186","tag-muestra","tag-museo-de-antropologia","tag-z"],"acf":[],"yoast_head":"<!-- This site is optimized with the Yoast SEO plugin v27.1.1 - https:\/\/yoast.com\/product\/yoast-seo-wordpress\/ -->\n<title>La caricatura como una acci\u00f3n militante - Alfilo<\/title>\n<meta name=\"robots\" content=\"index, follow, max-snippet:-1, max-image-preview:large, max-video-preview:-1\" \/>\n<link rel=\"canonical\" href=\"https:\/\/ffyh.unc.edu.ar\/alfilo\/la-caricatura-como-una-accion-militante\/\" \/>\n<meta property=\"og:locale\" content=\"es_ES\" \/>\n<meta property=\"og:type\" content=\"article\" \/>\n<meta property=\"og:title\" content=\"La caricatura como una acci\u00f3n militante - Alfilo\" \/>\n<meta property=\"og:description\" content=\"Todav\u00eda se puede visitar en el Museo de Antropolog\u00eda la muestra \u201cRevoluci\u00f3n por la caricatura. (La dictadura, la corrupci\u00f3n, la religi\u00f3n y la ecolog\u00eda)\u201d, del artista y cyberactivista tunecino -Z-.\" \/>\n<meta property=\"og:url\" content=\"https:\/\/ffyh.unc.edu.ar\/alfilo\/la-caricatura-como-una-accion-militante\/\" \/>\n<meta property=\"og:site_name\" content=\"Alfilo\" \/>\n<meta property=\"article:publisher\" content=\"https:\/\/www.facebook.com\/ffyh.unc\/\" \/>\n<meta property=\"article:published_time\" content=\"2018-04-27T15:24:28+00:00\" \/>\n<meta property=\"article:modified_time\" content=\"2018-05-09T15:04:08+00:00\" \/>\n<meta property=\"og:image\" content=\"https:\/\/ffyh.unc.edu.ar\/alfilo\/wp-content\/uploads\/sites\/11\/2018\/05\/muestra-z-2.jpg\" \/>\n\t<meta property=\"og:image:width\" content=\"679\" \/>\n\t<meta property=\"og:image:height\" content=\"520\" \/>\n\t<meta property=\"og:image:type\" content=\"image\/jpeg\" \/>\n<meta name=\"author\" content=\"Pablo Giordana\" \/>\n<meta name=\"twitter:card\" content=\"summary_large_image\" \/>\n<meta name=\"twitter:creator\" content=\"@ffyh_unc\" \/>\n<meta name=\"twitter:site\" content=\"@ffyh_unc\" \/>\n<meta name=\"twitter:label1\" content=\"Escrito por\" \/>\n\t<meta name=\"twitter:data1\" content=\"\" \/>\n\t<meta name=\"twitter:label2\" content=\"Tiempo de lectura\" \/>\n\t<meta name=\"twitter:data2\" content=\"4 minutos\" \/>\n<script type=\"application\/ld+json\" class=\"yoast-schema-graph\">{\"@context\":\"https:\/\/schema.org\",\"@graph\":[{\"@type\":\"Article\",\"@id\":\"https:\/\/ffyh.unc.edu.ar\/alfilo\/la-caricatura-como-una-accion-militante\/#article\",\"isPartOf\":{\"@id\":\"https:\/\/ffyh.unc.edu.ar\/alfilo\/la-caricatura-como-una-accion-militante\/\"},\"author\":{\"name\":\"Pablo Giordana\",\"@id\":\"https:\/\/ffyh.unc.edu.ar\/alfilo\/#\/schema\/person\/bf7997a0b5c7e8b0c64faed0250e3b03\"},\"headline\":\"La caricatura como una acci\u00f3n militante\",\"datePublished\":\"2018-04-27T15:24:28+00:00\",\"dateModified\":\"2018-05-09T15:04:08+00:00\",\"mainEntityOfPage\":{\"@id\":\"https:\/\/ffyh.unc.edu.ar\/alfilo\/la-caricatura-como-una-accion-militante\/\"},\"wordCount\":783,\"publisher\":{\"@id\":\"https:\/\/ffyh.unc.edu.ar\/alfilo\/#organization\"},\"image\":{\"@id\":\"https:\/\/ffyh.unc.edu.ar\/alfilo\/la-caricatura-como-una-accion-militante\/#primaryimage\"},\"thumbnailUrl\":\"https:\/\/ffyh.unc.edu.ar\/alfilo\/wp-content\/uploads\/sites\/11\/2018\/05\/muestra-z-2.jpg\",\"keywords\":[\"Muestra\",\"Museo de Antropolog\u00eda\",\"Z\"],\"articleSection\":[\"66\"],\"inLanguage\":\"es\"},{\"@type\":\"WebPage\",\"@id\":\"https:\/\/ffyh.unc.edu.ar\/alfilo\/la-caricatura-como-una-accion-militante\/\",\"url\":\"https:\/\/ffyh.unc.edu.ar\/alfilo\/la-caricatura-como-una-accion-militante\/\",\"name\":\"La caricatura como una acci\u00f3n militante - Alfilo\",\"isPartOf\":{\"@id\":\"https:\/\/ffyh.unc.edu.ar\/alfilo\/#website\"},\"primaryImageOfPage\":{\"@id\":\"https:\/\/ffyh.unc.edu.ar\/alfilo\/la-caricatura-como-una-accion-militante\/#primaryimage\"},\"image\":{\"@id\":\"https:\/\/ffyh.unc.edu.ar\/alfilo\/la-caricatura-como-una-accion-militante\/#primaryimage\"},\"thumbnailUrl\":\"https:\/\/ffyh.unc.edu.ar\/alfilo\/wp-content\/uploads\/sites\/11\/2018\/05\/muestra-z-2.jpg\",\"datePublished\":\"2018-04-27T15:24:28+00:00\",\"dateModified\":\"2018-05-09T15:04:08+00:00\",\"breadcrumb\":{\"@id\":\"https:\/\/ffyh.unc.edu.ar\/alfilo\/la-caricatura-como-una-accion-militante\/#breadcrumb\"},\"inLanguage\":\"es\",\"potentialAction\":[{\"@type\":\"ReadAction\",\"target\":[\"https:\/\/ffyh.unc.edu.ar\/alfilo\/la-caricatura-como-una-accion-militante\/\"]}]},{\"@type\":\"ImageObject\",\"inLanguage\":\"es\",\"@id\":\"https:\/\/ffyh.unc.edu.ar\/alfilo\/la-caricatura-como-una-accion-militante\/#primaryimage\",\"url\":\"https:\/\/ffyh.unc.edu.ar\/alfilo\/wp-content\/uploads\/sites\/11\/2018\/05\/muestra-z-2.jpg\",\"contentUrl\":\"https:\/\/ffyh.unc.edu.ar\/alfilo\/wp-content\/uploads\/sites\/11\/2018\/05\/muestra-z-2.jpg\",\"width\":679,\"height\":520},{\"@type\":\"BreadcrumbList\",\"@id\":\"https:\/\/ffyh.unc.edu.ar\/alfilo\/la-caricatura-como-una-accion-militante\/#breadcrumb\",\"itemListElement\":[{\"@type\":\"ListItem\",\"position\":1,\"name\":\"Portada\",\"item\":\"https:\/\/ffyh.unc.edu.ar\/alfilo\/\"},{\"@type\":\"ListItem\",\"position\":2,\"name\":\"La caricatura como una acci\u00f3n militante\"}]},{\"@type\":\"WebSite\",\"@id\":\"https:\/\/ffyh.unc.edu.ar\/alfilo\/#website\",\"url\":\"https:\/\/ffyh.unc.edu.ar\/alfilo\/\",\"name\":\"Alfilo\",\"description\":\"Revista digital de la Facultad de Filosof\u00eda y Humanidades - Universidad Nacional de C\u00f3rdoba\",\"publisher\":{\"@id\":\"https:\/\/ffyh.unc.edu.ar\/alfilo\/#organization\"},\"potentialAction\":[{\"@type\":\"SearchAction\",\"target\":{\"@type\":\"EntryPoint\",\"urlTemplate\":\"https:\/\/ffyh.unc.edu.ar\/alfilo\/?s={search_term_string}\"},\"query-input\":{\"@type\":\"PropertyValueSpecification\",\"valueRequired\":true,\"valueName\":\"search_term_string\"}}],\"inLanguage\":\"es\"},{\"@type\":\"Organization\",\"@id\":\"https:\/\/ffyh.unc.edu.ar\/alfilo\/#organization\",\"name\":\"Alfilo | Revista digital de la Facultad de Filosof\u00eda y Humanidades | UNC\",\"url\":\"https:\/\/ffyh.unc.edu.ar\/alfilo\/\",\"logo\":{\"@type\":\"ImageObject\",\"inLanguage\":\"es\",\"@id\":\"https:\/\/ffyh.unc.edu.ar\/alfilo\/#\/schema\/logo\/image\/\",\"url\":\"https:\/\/ffyh.unc.edu.ar\/alfilo\/wp-content\/uploads\/sites\/11\/2015\/04\/banner-alfilo-2015-ico.jpg\",\"contentUrl\":\"https:\/\/ffyh.unc.edu.ar\/alfilo\/wp-content\/uploads\/sites\/11\/2015\/04\/banner-alfilo-2015-ico.jpg\",\"width\":253,\"height\":128,\"caption\":\"Alfilo | Revista digital de la Facultad de Filosof\u00eda y Humanidades | UNC\"},\"image\":{\"@id\":\"https:\/\/ffyh.unc.edu.ar\/alfilo\/#\/schema\/logo\/image\/\"},\"sameAs\":[\"https:\/\/www.facebook.com\/ffyh.unc\/\",\"https:\/\/x.com\/ffyh_unc\",\"https:\/\/www.instagram.com\/ffyhunc\/\",\"https:\/\/www.youtube.com\/user\/comunicacionfilo\"]},{\"@type\":\"Person\",\"@id\":\"https:\/\/ffyh.unc.edu.ar\/alfilo\/#\/schema\/person\/bf7997a0b5c7e8b0c64faed0250e3b03\",\"name\":\"Pablo Giordana\",\"image\":{\"@type\":\"ImageObject\",\"inLanguage\":\"es\",\"@id\":\"https:\/\/ffyh.unc.edu.ar\/alfilo\/#\/schema\/person\/image\/\",\"url\":\"https:\/\/secure.gravatar.com\/avatar\/eff7f6d64ace3ab3d755e41f1437d443d3f1e3aa20cf1619be98965a76d854e1?s=96&d=mm&r=g\",\"contentUrl\":\"https:\/\/secure.gravatar.com\/avatar\/eff7f6d64ace3ab3d755e41f1437d443d3f1e3aa20cf1619be98965a76d854e1?s=96&d=mm&r=g\",\"caption\":\"Pablo Giordana\"},\"url\":\"https:\/\/ffyh.unc.edu.ar\/alfilo\/author\/pgiordana\/\"}]}<\/script>\n<!-- \/ Yoast SEO plugin. -->","yoast_head_json":{"title":"La caricatura como una acci\u00f3n militante - Alfilo","robots":{"index":"index","follow":"follow","max-snippet":"max-snippet:-1","max-image-preview":"max-image-preview:large","max-video-preview":"max-video-preview:-1"},"canonical":"https:\/\/ffyh.unc.edu.ar\/alfilo\/la-caricatura-como-una-accion-militante\/","og_locale":"es_ES","og_type":"article","og_title":"La caricatura como una acci\u00f3n militante - Alfilo","og_description":"Todav\u00eda se puede visitar en el Museo de Antropolog\u00eda la muestra \u201cRevoluci\u00f3n por la caricatura. (La dictadura, la corrupci\u00f3n, la religi\u00f3n y la ecolog\u00eda)\u201d, del artista y cyberactivista tunecino -Z-.","og_url":"https:\/\/ffyh.unc.edu.ar\/alfilo\/la-caricatura-como-una-accion-militante\/","og_site_name":"Alfilo","article_publisher":"https:\/\/www.facebook.com\/ffyh.unc\/","article_published_time":"2018-04-27T15:24:28+00:00","article_modified_time":"2018-05-09T15:04:08+00:00","og_image":[{"width":679,"height":520,"url":"https:\/\/ffyh.unc.edu.ar\/alfilo\/wp-content\/uploads\/sites\/11\/2018\/05\/muestra-z-2.jpg","type":"image\/jpeg"}],"author":"Pablo Giordana","twitter_card":"summary_large_image","twitter_creator":"@ffyh_unc","twitter_site":"@ffyh_unc","twitter_misc":{"Escrito por":false,"Tiempo de lectura":"4 minutos"},"schema":{"@context":"https:\/\/schema.org","@graph":[{"@type":"Article","@id":"https:\/\/ffyh.unc.edu.ar\/alfilo\/la-caricatura-como-una-accion-militante\/#article","isPartOf":{"@id":"https:\/\/ffyh.unc.edu.ar\/alfilo\/la-caricatura-como-una-accion-militante\/"},"author":{"name":"Pablo Giordana","@id":"https:\/\/ffyh.unc.edu.ar\/alfilo\/#\/schema\/person\/bf7997a0b5c7e8b0c64faed0250e3b03"},"headline":"La caricatura como una acci\u00f3n militante","datePublished":"2018-04-27T15:24:28+00:00","dateModified":"2018-05-09T15:04:08+00:00","mainEntityOfPage":{"@id":"https:\/\/ffyh.unc.edu.ar\/alfilo\/la-caricatura-como-una-accion-militante\/"},"wordCount":783,"publisher":{"@id":"https:\/\/ffyh.unc.edu.ar\/alfilo\/#organization"},"image":{"@id":"https:\/\/ffyh.unc.edu.ar\/alfilo\/la-caricatura-como-una-accion-militante\/#primaryimage"},"thumbnailUrl":"https:\/\/ffyh.unc.edu.ar\/alfilo\/wp-content\/uploads\/sites\/11\/2018\/05\/muestra-z-2.jpg","keywords":["Muestra","Museo de Antropolog\u00eda","Z"],"articleSection":["66"],"inLanguage":"es"},{"@type":"WebPage","@id":"https:\/\/ffyh.unc.edu.ar\/alfilo\/la-caricatura-como-una-accion-militante\/","url":"https:\/\/ffyh.unc.edu.ar\/alfilo\/la-caricatura-como-una-accion-militante\/","name":"La caricatura como una acci\u00f3n militante - Alfilo","isPartOf":{"@id":"https:\/\/ffyh.unc.edu.ar\/alfilo\/#website"},"primaryImageOfPage":{"@id":"https:\/\/ffyh.unc.edu.ar\/alfilo\/la-caricatura-como-una-accion-militante\/#primaryimage"},"image":{"@id":"https:\/\/ffyh.unc.edu.ar\/alfilo\/la-caricatura-como-una-accion-militante\/#primaryimage"},"thumbnailUrl":"https:\/\/ffyh.unc.edu.ar\/alfilo\/wp-content\/uploads\/sites\/11\/2018\/05\/muestra-z-2.jpg","datePublished":"2018-04-27T15:24:28+00:00","dateModified":"2018-05-09T15:04:08+00:00","breadcrumb":{"@id":"https:\/\/ffyh.unc.edu.ar\/alfilo\/la-caricatura-como-una-accion-militante\/#breadcrumb"},"inLanguage":"es","potentialAction":[{"@type":"ReadAction","target":["https:\/\/ffyh.unc.edu.ar\/alfilo\/la-caricatura-como-una-accion-militante\/"]}]},{"@type":"ImageObject","inLanguage":"es","@id":"https:\/\/ffyh.unc.edu.ar\/alfilo\/la-caricatura-como-una-accion-militante\/#primaryimage","url":"https:\/\/ffyh.unc.edu.ar\/alfilo\/wp-content\/uploads\/sites\/11\/2018\/05\/muestra-z-2.jpg","contentUrl":"https:\/\/ffyh.unc.edu.ar\/alfilo\/wp-content\/uploads\/sites\/11\/2018\/05\/muestra-z-2.jpg","width":679,"height":520},{"@type":"BreadcrumbList","@id":"https:\/\/ffyh.unc.edu.ar\/alfilo\/la-caricatura-como-una-accion-militante\/#breadcrumb","itemListElement":[{"@type":"ListItem","position":1,"name":"Portada","item":"https:\/\/ffyh.unc.edu.ar\/alfilo\/"},{"@type":"ListItem","position":2,"name":"La caricatura como una acci\u00f3n militante"}]},{"@type":"WebSite","@id":"https:\/\/ffyh.unc.edu.ar\/alfilo\/#website","url":"https:\/\/ffyh.unc.edu.ar\/alfilo\/","name":"Alfilo","description":"Revista digital de la Facultad de Filosof\u00eda y Humanidades - Universidad Nacional de C\u00f3rdoba","publisher":{"@id":"https:\/\/ffyh.unc.edu.ar\/alfilo\/#organization"},"potentialAction":[{"@type":"SearchAction","target":{"@type":"EntryPoint","urlTemplate":"https:\/\/ffyh.unc.edu.ar\/alfilo\/?s={search_term_string}"},"query-input":{"@type":"PropertyValueSpecification","valueRequired":true,"valueName":"search_term_string"}}],"inLanguage":"es"},{"@type":"Organization","@id":"https:\/\/ffyh.unc.edu.ar\/alfilo\/#organization","name":"Alfilo | Revista digital de la Facultad de Filosof\u00eda y Humanidades | UNC","url":"https:\/\/ffyh.unc.edu.ar\/alfilo\/","logo":{"@type":"ImageObject","inLanguage":"es","@id":"https:\/\/ffyh.unc.edu.ar\/alfilo\/#\/schema\/logo\/image\/","url":"https:\/\/ffyh.unc.edu.ar\/alfilo\/wp-content\/uploads\/sites\/11\/2015\/04\/banner-alfilo-2015-ico.jpg","contentUrl":"https:\/\/ffyh.unc.edu.ar\/alfilo\/wp-content\/uploads\/sites\/11\/2015\/04\/banner-alfilo-2015-ico.jpg","width":253,"height":128,"caption":"Alfilo | Revista digital de la Facultad de Filosof\u00eda y Humanidades | UNC"},"image":{"@id":"https:\/\/ffyh.unc.edu.ar\/alfilo\/#\/schema\/logo\/image\/"},"sameAs":["https:\/\/www.facebook.com\/ffyh.unc\/","https:\/\/x.com\/ffyh_unc","https:\/\/www.instagram.com\/ffyhunc\/","https:\/\/www.youtube.com\/user\/comunicacionfilo"]},{"@type":"Person","@id":"https:\/\/ffyh.unc.edu.ar\/alfilo\/#\/schema\/person\/bf7997a0b5c7e8b0c64faed0250e3b03","name":"Pablo Giordana","image":{"@type":"ImageObject","inLanguage":"es","@id":"https:\/\/ffyh.unc.edu.ar\/alfilo\/#\/schema\/person\/image\/","url":"https:\/\/secure.gravatar.com\/avatar\/eff7f6d64ace3ab3d755e41f1437d443d3f1e3aa20cf1619be98965a76d854e1?s=96&d=mm&r=g","contentUrl":"https:\/\/secure.gravatar.com\/avatar\/eff7f6d64ace3ab3d755e41f1437d443d3f1e3aa20cf1619be98965a76d854e1?s=96&d=mm&r=g","caption":"Pablo Giordana"},"url":"https:\/\/ffyh.unc.edu.ar\/alfilo\/author\/pgiordana\/"}]}},"jetpack_featured_media_url":"https:\/\/ffyh.unc.edu.ar\/alfilo\/wp-content\/uploads\/sites\/11\/2018\/05\/muestra-z-2.jpg","jetpack_sharing_enabled":true,"_links":{"self":[{"href":"https:\/\/ffyh.unc.edu.ar\/alfilo\/wp-json\/wp\/v2\/posts\/5222","targetHints":{"allow":["GET"]}}],"collection":[{"href":"https:\/\/ffyh.unc.edu.ar\/alfilo\/wp-json\/wp\/v2\/posts"}],"about":[{"href":"https:\/\/ffyh.unc.edu.ar\/alfilo\/wp-json\/wp\/v2\/types\/post"}],"author":[{"embeddable":true,"href":"https:\/\/ffyh.unc.edu.ar\/alfilo\/wp-json\/wp\/v2\/users\/16"}],"replies":[{"embeddable":true,"href":"https:\/\/ffyh.unc.edu.ar\/alfilo\/wp-json\/wp\/v2\/comments?post=5222"}],"version-history":[{"count":7,"href":"https:\/\/ffyh.unc.edu.ar\/alfilo\/wp-json\/wp\/v2\/posts\/5222\/revisions"}],"predecessor-version":[{"id":5240,"href":"https:\/\/ffyh.unc.edu.ar\/alfilo\/wp-json\/wp\/v2\/posts\/5222\/revisions\/5240"}],"wp:featuredmedia":[{"embeddable":true,"href":"https:\/\/ffyh.unc.edu.ar\/alfilo\/wp-json\/wp\/v2\/media\/5223"}],"wp:attachment":[{"href":"https:\/\/ffyh.unc.edu.ar\/alfilo\/wp-json\/wp\/v2\/media?parent=5222"}],"wp:term":[{"taxonomy":"category","embeddable":true,"href":"https:\/\/ffyh.unc.edu.ar\/alfilo\/wp-json\/wp\/v2\/categories?post=5222"},{"taxonomy":"post_tag","embeddable":true,"href":"https:\/\/ffyh.unc.edu.ar\/alfilo\/wp-json\/wp\/v2\/tags?post=5222"}],"curies":[{"name":"wp","href":"https:\/\/api.w.org\/{rel}","templated":true}]}}