{"id":5436,"date":"2018-08-02T14:46:30","date_gmt":"2018-08-02T14:46:30","guid":{"rendered":"http:\/\/ffyh.unc.edu.ar\/alfilo\/?p=5436"},"modified":"2018-08-03T14:22:23","modified_gmt":"2018-08-03T14:22:23","slug":"en-defensa-del-patrimonio-natural-y-arqueologico-de-las-sierras","status":"publish","type":"post","link":"https:\/\/ffyh.unc.edu.ar\/alfilo\/en-defensa-del-patrimonio-natural-y-arqueologico-de-las-sierras\/","title":{"rendered":"En defensa del patrimonio natural y arqueol\u00f3gico de las sierras"},"content":{"rendered":"<p><strong><a href=\"http:\/\/ffyh.unc.edu.ar\/alfilo\/wp-content\/uploads\/sites\/11\/2018\/08\/autovia-pablo-sigismondi-portada.jpg\"><img loading=\"lazy\" decoding=\"async\" class=\"alignright wp-image-5437\" src=\"http:\/\/ffyh.unc.edu.ar\/alfilo\/wp-content\/uploads\/sites\/11\/2018\/08\/autovia-pablo-sigismondi-portada.jpg\" alt=\"\" width=\"450\" height=\"300\" srcset=\"https:\/\/ffyh.unc.edu.ar\/alfilo\/wp-content\/uploads\/sites\/11\/2018\/08\/autovia-pablo-sigismondi-portada.jpg 960w, https:\/\/ffyh.unc.edu.ar\/alfilo\/wp-content\/uploads\/sites\/11\/2018\/08\/autovia-pablo-sigismondi-portada-300x200.jpg 300w, https:\/\/ffyh.unc.edu.ar\/alfilo\/wp-content\/uploads\/sites\/11\/2018\/08\/autovia-pablo-sigismondi-portada-768x512.jpg 768w, https:\/\/ffyh.unc.edu.ar\/alfilo\/wp-content\/uploads\/sites\/11\/2018\/08\/autovia-pablo-sigismondi-portada-600x400.jpg 600w\" sizes=\"auto, (max-width: 450px) 100vw, 450px\" \/><\/a>El Consejo Directivo de la FFyH aprob\u00f3 una declaraci\u00f3n del Departamento de Geograf\u00eda que cuestiona varios puntos del proyecto de autov\u00eda de monta\u00f1a que la Provincia construye en Punilla. Advierten del riesgo ambiental, arqueol\u00f3gico, tur\u00edstico y cultural que implica una obra de esta magnitud. Opinan Beatriz Ensabella, Paola Seminaria, Andres Izeta y Miriam Abate Daga.<\/strong><\/p>\n<p><!--more--><\/p>\n<p>Como en otros temas de fuerte impacto social, la Facultad de Filosof\u00eda y Humanidades alza su voz e interviene en el debate p\u00fablico con una postura institucional. En esta ocasi\u00f3n, votando por unanimidad en el Consejo Directivo una declaraci\u00f3n del departamento de Geograf\u00eda en la que se advierte de los graves riesgos ambientales, arqueol\u00f3gicos, tur\u00edsticos y culturales que implica la autov\u00eda de monta\u00f1a que la Provincia construye en el Valle de Punilla.<\/p>\n<p>El posicionamiento del Consejo se sustenta en la mirada y el abordaje social que Geograf\u00eda entiende sobre esta problem\u00e1tica, adem\u00e1s de que incorpora un estudio de impacto arqueol\u00f3gico realizado por tres docentes de las c\u00e1tedras de Arqueolog\u00eda de la Facultad, que detalla la riqueza de una zona que se ver\u00eda afectada por la traza de la ruta.<\/p>\n<p>Adem\u00e1s de poner en riesgo los sitios y el paisaje arqueol\u00f3gico, el proyecto de la Provincia, que cosech\u00f3 un 80% de opini\u00f3n negativa en las audiencias p\u00fablicas que se realizaron en mayo pasado, \u00a0arrasa una parte importante de bosque nativo de categor\u00eda roja (m\u00e1xima protecci\u00f3n legal) y atraviesa por el mayor yacimiento de uranio de C\u00f3rdoba, lo que implica un alt\u00edsimo riesgo sanitario si ese terreno es removido por una obra de gran magnitud.<\/p>\n<p><a href=\"http:\/\/ffyh.unc.edu.ar\/alfilo\/wp-content\/uploads\/sites\/11\/2018\/08\/foto-autovia-ecos-2.jpg\"><img loading=\"lazy\" decoding=\"async\" class=\"alignnone size-full wp-image-5438\" src=\"http:\/\/ffyh.unc.edu.ar\/alfilo\/wp-content\/uploads\/sites\/11\/2018\/08\/foto-autovia-ecos-2.jpg\" alt=\"\" width=\"960\" height=\"640\" srcset=\"https:\/\/ffyh.unc.edu.ar\/alfilo\/wp-content\/uploads\/sites\/11\/2018\/08\/foto-autovia-ecos-2.jpg 960w, https:\/\/ffyh.unc.edu.ar\/alfilo\/wp-content\/uploads\/sites\/11\/2018\/08\/foto-autovia-ecos-2-300x200.jpg 300w, https:\/\/ffyh.unc.edu.ar\/alfilo\/wp-content\/uploads\/sites\/11\/2018\/08\/foto-autovia-ecos-2-768x512.jpg 768w, https:\/\/ffyh.unc.edu.ar\/alfilo\/wp-content\/uploads\/sites\/11\/2018\/08\/foto-autovia-ecos-2-600x400.jpg 600w\" sizes=\"auto, (max-width: 960px) 100vw, 960px\" \/><\/a><\/p>\n<p>Beatriz Ensabella es la directora del Departamento de Geograf\u00eda y explica porqu\u00e9 presentaron la declaraci\u00f3n que fue aprobada por unanimidad por el Consejo Directivo de la FFyH: \u201cCuando se va a hacer una intervenci\u00f3n de semejante magnitud, en una zona tan poblada, lo m\u00ednimo que tiene que hacer es presentar un proyecto que genere la participaci\u00f3n de la ciudadan\u00eda, porque as\u00ed lo marca la ley\u201d.<\/p>\n<p>La ge\u00f3grafa hizo \u00e9nfasis en que la autov\u00eda, tal como est\u00e1 trazada, va a destruir el principal recurso que tiene esa zona, que es el recurso paisaj\u00edstico. \u201cEn general, si vi\u00e9ramos todo desde un drone, sobrevolando desde arriba, lo que hacen todos esos puentes y rutas que est\u00e1n en el proyecto es abrir a toda la ciudad de C\u00f3rdoba, al centro del pa\u00eds, una regi\u00f3n de inmemorables paisajes tur\u00edsticos a la urbanizaci\u00f3n y el avance inmobiliario\u201d.<\/p>\n<p>Entre varios puntos cuestionables, Ensabella destac\u00f3 el peligro de seguir arrasando bosque nativo: \u201cUna parte de la traza se construye sobre un alto porcentaje de bosque categor\u00eda roja, que no se puede tocar, que hay que tratar de conservarlo de todas las maneras posibles\u201d.<\/p>\n<p><a href=\"http:\/\/ffyh.unc.edu.ar\/alfilo\/wp-content\/uploads\/sites\/11\/2018\/08\/foto-autovia-ecos-3.jpg\"><img loading=\"lazy\" decoding=\"async\" class=\"alignnone size-full wp-image-5439\" src=\"http:\/\/ffyh.unc.edu.ar\/alfilo\/wp-content\/uploads\/sites\/11\/2018\/08\/foto-autovia-ecos-3.jpg\" alt=\"\" width=\"960\" height=\"646\" srcset=\"https:\/\/ffyh.unc.edu.ar\/alfilo\/wp-content\/uploads\/sites\/11\/2018\/08\/foto-autovia-ecos-3.jpg 960w, https:\/\/ffyh.unc.edu.ar\/alfilo\/wp-content\/uploads\/sites\/11\/2018\/08\/foto-autovia-ecos-3-300x202.jpg 300w, https:\/\/ffyh.unc.edu.ar\/alfilo\/wp-content\/uploads\/sites\/11\/2018\/08\/foto-autovia-ecos-3-768x517.jpg 768w, https:\/\/ffyh.unc.edu.ar\/alfilo\/wp-content\/uploads\/sites\/11\/2018\/08\/foto-autovia-ecos-3-600x404.jpg 600w\" sizes=\"auto, (max-width: 960px) 100vw, 960px\" \/><\/a><\/p>\n<p>La intervenci\u00f3n de la Facultad en un tema que gener\u00f3 un conflicto con una parte importante de la poblaci\u00f3n que vive en Punilla, fue rescatada por Paola Seminaria, docente en Geograf\u00eda y consejera: \u201cEl consejo\u00a0 traza un puente entre la Facultad y la conflictividad social, se hace eco y se posiciona en favor de lo que peticionan las organizaciones sociales de la zona\u201d. Seminara valora una declaraci\u00f3n que \u201ctanto en t\u00e9rminos ambientales, antropol\u00f3gicos, sociales, arqueol\u00f3gicos entiende que esta autov\u00eda no es la mejor opci\u00f3n para quienes viven ah\u00ed\u201d.<\/p>\n<p>Andr\u00e9s Izeta es arque\u00f3logo, profesor en la carrera de Antropolog\u00eda y uno de los autores del informe arqueol\u00f3gico que sirvi\u00f3 de sustento acad\u00e9mico y cient\u00edfico en la declaraci\u00f3n aprobada en el Consejo Directivo: \u201cEn 2013 hicimos un relevamiento en toda la Provincia, y surgieron 2 mil sitios, muchos de los cuales coincid\u00edan con el \u00e1rea de amortiguamiento del proyecto de autov\u00eda. Por eso nos parece que antes de aprobarlo se deber\u00eda hacer un estudio de impacto arqueol\u00f3gico en terreno, porque adem\u00e1s de los sitios est\u00e1 el paisaje arqueol\u00f3gico, el bosque nativo, que es importante conservar para saber c\u00f3mo era la configuraci\u00f3n de las sierras hace 2 mil, 3 mil o 10 mil a\u00f1os\u201d.<\/p>\n<p><a href=\"http:\/\/ffyh.unc.edu.ar\/alfilo\/wp-content\/uploads\/sites\/11\/2018\/08\/autovia-pablo-sigismondi-2.jpg\"><img loading=\"lazy\" decoding=\"async\" class=\"alignnone size-full wp-image-5440\" src=\"http:\/\/ffyh.unc.edu.ar\/alfilo\/wp-content\/uploads\/sites\/11\/2018\/08\/autovia-pablo-sigismondi-2.jpg\" alt=\"\" width=\"960\" height=\"640\" srcset=\"https:\/\/ffyh.unc.edu.ar\/alfilo\/wp-content\/uploads\/sites\/11\/2018\/08\/autovia-pablo-sigismondi-2.jpg 960w, https:\/\/ffyh.unc.edu.ar\/alfilo\/wp-content\/uploads\/sites\/11\/2018\/08\/autovia-pablo-sigismondi-2-300x200.jpg 300w, https:\/\/ffyh.unc.edu.ar\/alfilo\/wp-content\/uploads\/sites\/11\/2018\/08\/autovia-pablo-sigismondi-2-768x512.jpg 768w, https:\/\/ffyh.unc.edu.ar\/alfilo\/wp-content\/uploads\/sites\/11\/2018\/08\/autovia-pablo-sigismondi-2-600x400.jpg 600w\" sizes=\"auto, (max-width: 960px) 100vw, 960px\" \/><\/a><\/p>\n<p>Por \u00faltimo, Miriam Abate Daga, directora dela carrera de Antropolog\u00eda, no solo destac\u00f3 el trabajo de los arque\u00f3logos, sino que como profesora de antropolog\u00eda social tambi\u00e9n se\u00f1al\u00f3 la importancia de escuchar a las poblaciones de la zona para saber c\u00f3mo afecta la autov\u00eda en la vida de la gente. \u201cLa idea de progreso que se quiere implementar con este trazado no necesariamente tiene que ver con el bienestar de los pueblos\u201d.<\/p>\n<p>En este sentido, Abate Daga valor\u00f3 el aporte de la antropolog\u00eda social y la declaraci\u00f3n del Consejo ya que \u201cnuestra carrera es sensible al punto de vista de los sujetos y tenemos mucho para decir sobre el tema\u201d.<\/p>\n<p><iframe loading=\"lazy\" title=\"La FFyH cuestiona el proyecto de la autov\u00eda de monta\u00f1a\" width=\"500\" height=\"281\" src=\"https:\/\/www.youtube.com\/embed\/4JflzYy8aGw?feature=oembed\" frameborder=\"0\" allow=\"accelerometer; autoplay; clipboard-write; encrypted-media; gyroscope; picture-in-picture; web-share\" referrerpolicy=\"strict-origin-when-cross-origin\" allowfullscreen><\/iframe><\/p>\n<a href=\"https:\/\/ffyh.unc.edu.ar\/alfilo\/wp-content\/uploads\/sites\/11\/2018\/08\/RES_259_2018-2.pdf\" class=\"pdfemb-viewer\" style=\"\" data-width=\"max\" data-height=\"max\" data-toolbar=\"bottom\" data-toolbar-fixed=\"off\">RES_259_2018 (2)<\/a>\n<p><a href=\"http:\/\/www.digesto.unc.edu.ar\/ffyh\/honorable-consejo-directivo\/resolucion\/259_2018\" target=\"_blank\" rel=\"noopener\">Descargar Resoluci\u00f3n<\/a><\/p>\n<p style=\"text-align: right\">Texto: Camilo Ratti<br \/>\nFotograf\u00edas: Ecos C\u00f3rdoba y Pablo Sigismondi<\/p>\n","protected":false},"excerpt":{"rendered":"<div class=\"mh-excerpt\"><p>El Consejo Directivo de la FFyH aprob\u00f3 una declaraci\u00f3n del Departamento de Geograf\u00eda que cuestiona varios puntos del proyecto de autov\u00eda de monta\u00f1a que la Provincia construye en Punilla. Advierten del riesgo ambiental, arqueol\u00f3gico, tur\u00edstico y cultural que implica una <a class=\"mh-excerpt-more\" href=\"https:\/\/ffyh.unc.edu.ar\/alfilo\/en-defensa-del-patrimonio-natural-y-arqueologico-de-las-sierras\/\" title=\"En defensa del patrimonio natural y arqueol\u00f3gico de las sierras\">[Leer m\u00e1s]<\/a><\/p>\n<\/div>","protected":false},"author":17,"featured_media":5437,"comment_status":"closed","ping_status":"closed","sticky":false,"template":"","format":"standard","meta":{"_acf_changed":false,"_monsterinsights_skip_tracking":false,"_monsterinsights_sitenote_active":false,"_monsterinsights_sitenote_note":"","_monsterinsights_sitenote_category":0,"_jetpack_memberships_contains_paid_content":false,"footnotes":""},"categories":[197],"tags":[199,91],"class_list":["post-5436","post","type-post","status-publish","format-standard","has-post-thumbnail","hentry","category-197","tag-consejo-directivo","tag-geografia"],"acf":[],"yoast_head":"<!-- This site is optimized with the Yoast SEO plugin v27.1.1 - https:\/\/yoast.com\/product\/yoast-seo-wordpress\/ -->\n<title>En defensa del patrimonio natural y arqueol\u00f3gico de las sierras - Alfilo<\/title>\n<meta name=\"robots\" content=\"index, follow, max-snippet:-1, max-image-preview:large, max-video-preview:-1\" \/>\n<link rel=\"canonical\" href=\"https:\/\/ffyh.unc.edu.ar\/alfilo\/en-defensa-del-patrimonio-natural-y-arqueologico-de-las-sierras\/\" \/>\n<meta property=\"og:locale\" content=\"es_ES\" \/>\n<meta property=\"og:type\" content=\"article\" \/>\n<meta property=\"og:title\" content=\"En defensa del patrimonio natural y arqueol\u00f3gico de las sierras - Alfilo\" \/>\n<meta property=\"og:description\" content=\"El Consejo Directivo de la FFyH aprob\u00f3 una declaraci\u00f3n del Departamento de Geograf\u00eda que cuestiona varios puntos del proyecto de autov\u00eda de monta\u00f1a que la Provincia construye en Punilla. Advierten del riesgo ambiental, arqueol\u00f3gico, tur\u00edstico y cultural que implica una [Leer m\u00e1s]\" \/>\n<meta property=\"og:url\" content=\"https:\/\/ffyh.unc.edu.ar\/alfilo\/en-defensa-del-patrimonio-natural-y-arqueologico-de-las-sierras\/\" \/>\n<meta property=\"og:site_name\" content=\"Alfilo\" \/>\n<meta property=\"article:publisher\" content=\"https:\/\/www.facebook.com\/ffyh.unc\/\" \/>\n<meta property=\"article:published_time\" content=\"2018-08-02T14:46:30+00:00\" \/>\n<meta property=\"article:modified_time\" content=\"2018-08-03T14:22:23+00:00\" \/>\n<meta property=\"og:image\" content=\"https:\/\/ffyh.unc.edu.ar\/alfilo\/wp-content\/uploads\/sites\/11\/2018\/08\/autovia-pablo-sigismondi-portada.jpg\" \/>\n\t<meta property=\"og:image:width\" content=\"960\" \/>\n\t<meta property=\"og:image:height\" content=\"640\" \/>\n\t<meta property=\"og:image:type\" content=\"image\/jpeg\" \/>\n<meta name=\"author\" content=\"Camilo Ratti\" \/>\n<meta name=\"twitter:card\" content=\"summary_large_image\" \/>\n<meta name=\"twitter:creator\" content=\"@ffyh_unc\" \/>\n<meta name=\"twitter:site\" content=\"@ffyh_unc\" \/>\n<meta name=\"twitter:label1\" content=\"Escrito por\" \/>\n\t<meta name=\"twitter:data1\" content=\"\" \/>\n\t<meta name=\"twitter:label2\" content=\"Tiempo de lectura\" \/>\n\t<meta name=\"twitter:data2\" content=\"4 minutos\" \/>\n<script type=\"application\/ld+json\" class=\"yoast-schema-graph\">{\"@context\":\"https:\/\/schema.org\",\"@graph\":[{\"@type\":\"Article\",\"@id\":\"https:\/\/ffyh.unc.edu.ar\/alfilo\/en-defensa-del-patrimonio-natural-y-arqueologico-de-las-sierras\/#article\",\"isPartOf\":{\"@id\":\"https:\/\/ffyh.unc.edu.ar\/alfilo\/en-defensa-del-patrimonio-natural-y-arqueologico-de-las-sierras\/\"},\"author\":{\"name\":\"Camilo Ratti\",\"@id\":\"https:\/\/ffyh.unc.edu.ar\/alfilo\/#\/schema\/person\/f0ac2000bbef805e58b5e50592274b06\"},\"headline\":\"En defensa del patrimonio natural y arqueol\u00f3gico de las sierras\",\"datePublished\":\"2018-08-02T14:46:30+00:00\",\"dateModified\":\"2018-08-03T14:22:23+00:00\",\"mainEntityOfPage\":{\"@id\":\"https:\/\/ffyh.unc.edu.ar\/alfilo\/en-defensa-del-patrimonio-natural-y-arqueologico-de-las-sierras\/\"},\"wordCount\":877,\"publisher\":{\"@id\":\"https:\/\/ffyh.unc.edu.ar\/alfilo\/#organization\"},\"image\":{\"@id\":\"https:\/\/ffyh.unc.edu.ar\/alfilo\/en-defensa-del-patrimonio-natural-y-arqueologico-de-las-sierras\/#primaryimage\"},\"thumbnailUrl\":\"https:\/\/ffyh.unc.edu.ar\/alfilo\/wp-content\/uploads\/sites\/11\/2018\/08\/autovia-pablo-sigismondi-portada.jpg\",\"keywords\":[\"Consejo Directivo\",\"Geograf\u00eda\"],\"articleSection\":[\"69\"],\"inLanguage\":\"es\"},{\"@type\":\"WebPage\",\"@id\":\"https:\/\/ffyh.unc.edu.ar\/alfilo\/en-defensa-del-patrimonio-natural-y-arqueologico-de-las-sierras\/\",\"url\":\"https:\/\/ffyh.unc.edu.ar\/alfilo\/en-defensa-del-patrimonio-natural-y-arqueologico-de-las-sierras\/\",\"name\":\"En defensa del patrimonio natural y arqueol\u00f3gico de las sierras - Alfilo\",\"isPartOf\":{\"@id\":\"https:\/\/ffyh.unc.edu.ar\/alfilo\/#website\"},\"primaryImageOfPage\":{\"@id\":\"https:\/\/ffyh.unc.edu.ar\/alfilo\/en-defensa-del-patrimonio-natural-y-arqueologico-de-las-sierras\/#primaryimage\"},\"image\":{\"@id\":\"https:\/\/ffyh.unc.edu.ar\/alfilo\/en-defensa-del-patrimonio-natural-y-arqueologico-de-las-sierras\/#primaryimage\"},\"thumbnailUrl\":\"https:\/\/ffyh.unc.edu.ar\/alfilo\/wp-content\/uploads\/sites\/11\/2018\/08\/autovia-pablo-sigismondi-portada.jpg\",\"datePublished\":\"2018-08-02T14:46:30+00:00\",\"dateModified\":\"2018-08-03T14:22:23+00:00\",\"breadcrumb\":{\"@id\":\"https:\/\/ffyh.unc.edu.ar\/alfilo\/en-defensa-del-patrimonio-natural-y-arqueologico-de-las-sierras\/#breadcrumb\"},\"inLanguage\":\"es\",\"potentialAction\":[{\"@type\":\"ReadAction\",\"target\":[\"https:\/\/ffyh.unc.edu.ar\/alfilo\/en-defensa-del-patrimonio-natural-y-arqueologico-de-las-sierras\/\"]}]},{\"@type\":\"ImageObject\",\"inLanguage\":\"es\",\"@id\":\"https:\/\/ffyh.unc.edu.ar\/alfilo\/en-defensa-del-patrimonio-natural-y-arqueologico-de-las-sierras\/#primaryimage\",\"url\":\"https:\/\/ffyh.unc.edu.ar\/alfilo\/wp-content\/uploads\/sites\/11\/2018\/08\/autovia-pablo-sigismondi-portada.jpg\",\"contentUrl\":\"https:\/\/ffyh.unc.edu.ar\/alfilo\/wp-content\/uploads\/sites\/11\/2018\/08\/autovia-pablo-sigismondi-portada.jpg\",\"width\":960,\"height\":640},{\"@type\":\"BreadcrumbList\",\"@id\":\"https:\/\/ffyh.unc.edu.ar\/alfilo\/en-defensa-del-patrimonio-natural-y-arqueologico-de-las-sierras\/#breadcrumb\",\"itemListElement\":[{\"@type\":\"ListItem\",\"position\":1,\"name\":\"Portada\",\"item\":\"https:\/\/ffyh.unc.edu.ar\/alfilo\/\"},{\"@type\":\"ListItem\",\"position\":2,\"name\":\"En defensa del patrimonio natural y arqueol\u00f3gico de las sierras\"}]},{\"@type\":\"WebSite\",\"@id\":\"https:\/\/ffyh.unc.edu.ar\/alfilo\/#website\",\"url\":\"https:\/\/ffyh.unc.edu.ar\/alfilo\/\",\"name\":\"Alfilo\",\"description\":\"Revista digital de la Facultad de Filosof\u00eda y Humanidades - Universidad Nacional de C\u00f3rdoba\",\"publisher\":{\"@id\":\"https:\/\/ffyh.unc.edu.ar\/alfilo\/#organization\"},\"potentialAction\":[{\"@type\":\"SearchAction\",\"target\":{\"@type\":\"EntryPoint\",\"urlTemplate\":\"https:\/\/ffyh.unc.edu.ar\/alfilo\/?s={search_term_string}\"},\"query-input\":{\"@type\":\"PropertyValueSpecification\",\"valueRequired\":true,\"valueName\":\"search_term_string\"}}],\"inLanguage\":\"es\"},{\"@type\":\"Organization\",\"@id\":\"https:\/\/ffyh.unc.edu.ar\/alfilo\/#organization\",\"name\":\"Alfilo | Revista digital de la Facultad de Filosof\u00eda y Humanidades | UNC\",\"url\":\"https:\/\/ffyh.unc.edu.ar\/alfilo\/\",\"logo\":{\"@type\":\"ImageObject\",\"inLanguage\":\"es\",\"@id\":\"https:\/\/ffyh.unc.edu.ar\/alfilo\/#\/schema\/logo\/image\/\",\"url\":\"https:\/\/ffyh.unc.edu.ar\/alfilo\/wp-content\/uploads\/sites\/11\/2015\/04\/banner-alfilo-2015-ico.jpg\",\"contentUrl\":\"https:\/\/ffyh.unc.edu.ar\/alfilo\/wp-content\/uploads\/sites\/11\/2015\/04\/banner-alfilo-2015-ico.jpg\",\"width\":253,\"height\":128,\"caption\":\"Alfilo | Revista digital de la Facultad de Filosof\u00eda y Humanidades | UNC\"},\"image\":{\"@id\":\"https:\/\/ffyh.unc.edu.ar\/alfilo\/#\/schema\/logo\/image\/\"},\"sameAs\":[\"https:\/\/www.facebook.com\/ffyh.unc\/\",\"https:\/\/x.com\/ffyh_unc\",\"https:\/\/www.instagram.com\/ffyhunc\/\",\"https:\/\/www.youtube.com\/user\/comunicacionfilo\"]},{\"@type\":\"Person\",\"@id\":\"https:\/\/ffyh.unc.edu.ar\/alfilo\/#\/schema\/person\/f0ac2000bbef805e58b5e50592274b06\",\"name\":\"Camilo Ratti\",\"image\":{\"@type\":\"ImageObject\",\"inLanguage\":\"es\",\"@id\":\"https:\/\/ffyh.unc.edu.ar\/alfilo\/#\/schema\/person\/image\/\",\"url\":\"https:\/\/secure.gravatar.com\/avatar\/1ef832f5057f6c659913ae07b758fe2f22436168c1067c6efd7d6011b0c3560d?s=96&d=mm&r=g\",\"contentUrl\":\"https:\/\/secure.gravatar.com\/avatar\/1ef832f5057f6c659913ae07b758fe2f22436168c1067c6efd7d6011b0c3560d?s=96&d=mm&r=g\",\"caption\":\"Camilo Ratti\"},\"url\":\"https:\/\/ffyh.unc.edu.ar\/alfilo\/author\/cratti\/\"}]}<\/script>\n<!-- \/ Yoast SEO plugin. -->","yoast_head_json":{"title":"En defensa del patrimonio natural y arqueol\u00f3gico de las sierras - Alfilo","robots":{"index":"index","follow":"follow","max-snippet":"max-snippet:-1","max-image-preview":"max-image-preview:large","max-video-preview":"max-video-preview:-1"},"canonical":"https:\/\/ffyh.unc.edu.ar\/alfilo\/en-defensa-del-patrimonio-natural-y-arqueologico-de-las-sierras\/","og_locale":"es_ES","og_type":"article","og_title":"En defensa del patrimonio natural y arqueol\u00f3gico de las sierras - Alfilo","og_description":"El Consejo Directivo de la FFyH aprob\u00f3 una declaraci\u00f3n del Departamento de Geograf\u00eda que cuestiona varios puntos del proyecto de autov\u00eda de monta\u00f1a que la Provincia construye en Punilla. Advierten del riesgo ambiental, arqueol\u00f3gico, tur\u00edstico y cultural que implica una [Leer m\u00e1s]","og_url":"https:\/\/ffyh.unc.edu.ar\/alfilo\/en-defensa-del-patrimonio-natural-y-arqueologico-de-las-sierras\/","og_site_name":"Alfilo","article_publisher":"https:\/\/www.facebook.com\/ffyh.unc\/","article_published_time":"2018-08-02T14:46:30+00:00","article_modified_time":"2018-08-03T14:22:23+00:00","og_image":[{"width":960,"height":640,"url":"https:\/\/ffyh.unc.edu.ar\/alfilo\/wp-content\/uploads\/sites\/11\/2018\/08\/autovia-pablo-sigismondi-portada.jpg","type":"image\/jpeg"}],"author":"Camilo Ratti","twitter_card":"summary_large_image","twitter_creator":"@ffyh_unc","twitter_site":"@ffyh_unc","twitter_misc":{"Escrito por":false,"Tiempo de lectura":"4 minutos"},"schema":{"@context":"https:\/\/schema.org","@graph":[{"@type":"Article","@id":"https:\/\/ffyh.unc.edu.ar\/alfilo\/en-defensa-del-patrimonio-natural-y-arqueologico-de-las-sierras\/#article","isPartOf":{"@id":"https:\/\/ffyh.unc.edu.ar\/alfilo\/en-defensa-del-patrimonio-natural-y-arqueologico-de-las-sierras\/"},"author":{"name":"Camilo Ratti","@id":"https:\/\/ffyh.unc.edu.ar\/alfilo\/#\/schema\/person\/f0ac2000bbef805e58b5e50592274b06"},"headline":"En defensa del patrimonio natural y arqueol\u00f3gico de las sierras","datePublished":"2018-08-02T14:46:30+00:00","dateModified":"2018-08-03T14:22:23+00:00","mainEntityOfPage":{"@id":"https:\/\/ffyh.unc.edu.ar\/alfilo\/en-defensa-del-patrimonio-natural-y-arqueologico-de-las-sierras\/"},"wordCount":877,"publisher":{"@id":"https:\/\/ffyh.unc.edu.ar\/alfilo\/#organization"},"image":{"@id":"https:\/\/ffyh.unc.edu.ar\/alfilo\/en-defensa-del-patrimonio-natural-y-arqueologico-de-las-sierras\/#primaryimage"},"thumbnailUrl":"https:\/\/ffyh.unc.edu.ar\/alfilo\/wp-content\/uploads\/sites\/11\/2018\/08\/autovia-pablo-sigismondi-portada.jpg","keywords":["Consejo Directivo","Geograf\u00eda"],"articleSection":["69"],"inLanguage":"es"},{"@type":"WebPage","@id":"https:\/\/ffyh.unc.edu.ar\/alfilo\/en-defensa-del-patrimonio-natural-y-arqueologico-de-las-sierras\/","url":"https:\/\/ffyh.unc.edu.ar\/alfilo\/en-defensa-del-patrimonio-natural-y-arqueologico-de-las-sierras\/","name":"En defensa del patrimonio natural y arqueol\u00f3gico de las sierras - Alfilo","isPartOf":{"@id":"https:\/\/ffyh.unc.edu.ar\/alfilo\/#website"},"primaryImageOfPage":{"@id":"https:\/\/ffyh.unc.edu.ar\/alfilo\/en-defensa-del-patrimonio-natural-y-arqueologico-de-las-sierras\/#primaryimage"},"image":{"@id":"https:\/\/ffyh.unc.edu.ar\/alfilo\/en-defensa-del-patrimonio-natural-y-arqueologico-de-las-sierras\/#primaryimage"},"thumbnailUrl":"https:\/\/ffyh.unc.edu.ar\/alfilo\/wp-content\/uploads\/sites\/11\/2018\/08\/autovia-pablo-sigismondi-portada.jpg","datePublished":"2018-08-02T14:46:30+00:00","dateModified":"2018-08-03T14:22:23+00:00","breadcrumb":{"@id":"https:\/\/ffyh.unc.edu.ar\/alfilo\/en-defensa-del-patrimonio-natural-y-arqueologico-de-las-sierras\/#breadcrumb"},"inLanguage":"es","potentialAction":[{"@type":"ReadAction","target":["https:\/\/ffyh.unc.edu.ar\/alfilo\/en-defensa-del-patrimonio-natural-y-arqueologico-de-las-sierras\/"]}]},{"@type":"ImageObject","inLanguage":"es","@id":"https:\/\/ffyh.unc.edu.ar\/alfilo\/en-defensa-del-patrimonio-natural-y-arqueologico-de-las-sierras\/#primaryimage","url":"https:\/\/ffyh.unc.edu.ar\/alfilo\/wp-content\/uploads\/sites\/11\/2018\/08\/autovia-pablo-sigismondi-portada.jpg","contentUrl":"https:\/\/ffyh.unc.edu.ar\/alfilo\/wp-content\/uploads\/sites\/11\/2018\/08\/autovia-pablo-sigismondi-portada.jpg","width":960,"height":640},{"@type":"BreadcrumbList","@id":"https:\/\/ffyh.unc.edu.ar\/alfilo\/en-defensa-del-patrimonio-natural-y-arqueologico-de-las-sierras\/#breadcrumb","itemListElement":[{"@type":"ListItem","position":1,"name":"Portada","item":"https:\/\/ffyh.unc.edu.ar\/alfilo\/"},{"@type":"ListItem","position":2,"name":"En defensa del patrimonio natural y arqueol\u00f3gico de las sierras"}]},{"@type":"WebSite","@id":"https:\/\/ffyh.unc.edu.ar\/alfilo\/#website","url":"https:\/\/ffyh.unc.edu.ar\/alfilo\/","name":"Alfilo","description":"Revista digital de la Facultad de Filosof\u00eda y Humanidades - Universidad Nacional de C\u00f3rdoba","publisher":{"@id":"https:\/\/ffyh.unc.edu.ar\/alfilo\/#organization"},"potentialAction":[{"@type":"SearchAction","target":{"@type":"EntryPoint","urlTemplate":"https:\/\/ffyh.unc.edu.ar\/alfilo\/?s={search_term_string}"},"query-input":{"@type":"PropertyValueSpecification","valueRequired":true,"valueName":"search_term_string"}}],"inLanguage":"es"},{"@type":"Organization","@id":"https:\/\/ffyh.unc.edu.ar\/alfilo\/#organization","name":"Alfilo | Revista digital de la Facultad de Filosof\u00eda y Humanidades | UNC","url":"https:\/\/ffyh.unc.edu.ar\/alfilo\/","logo":{"@type":"ImageObject","inLanguage":"es","@id":"https:\/\/ffyh.unc.edu.ar\/alfilo\/#\/schema\/logo\/image\/","url":"https:\/\/ffyh.unc.edu.ar\/alfilo\/wp-content\/uploads\/sites\/11\/2015\/04\/banner-alfilo-2015-ico.jpg","contentUrl":"https:\/\/ffyh.unc.edu.ar\/alfilo\/wp-content\/uploads\/sites\/11\/2015\/04\/banner-alfilo-2015-ico.jpg","width":253,"height":128,"caption":"Alfilo | Revista digital de la Facultad de Filosof\u00eda y Humanidades | UNC"},"image":{"@id":"https:\/\/ffyh.unc.edu.ar\/alfilo\/#\/schema\/logo\/image\/"},"sameAs":["https:\/\/www.facebook.com\/ffyh.unc\/","https:\/\/x.com\/ffyh_unc","https:\/\/www.instagram.com\/ffyhunc\/","https:\/\/www.youtube.com\/user\/comunicacionfilo"]},{"@type":"Person","@id":"https:\/\/ffyh.unc.edu.ar\/alfilo\/#\/schema\/person\/f0ac2000bbef805e58b5e50592274b06","name":"Camilo Ratti","image":{"@type":"ImageObject","inLanguage":"es","@id":"https:\/\/ffyh.unc.edu.ar\/alfilo\/#\/schema\/person\/image\/","url":"https:\/\/secure.gravatar.com\/avatar\/1ef832f5057f6c659913ae07b758fe2f22436168c1067c6efd7d6011b0c3560d?s=96&d=mm&r=g","contentUrl":"https:\/\/secure.gravatar.com\/avatar\/1ef832f5057f6c659913ae07b758fe2f22436168c1067c6efd7d6011b0c3560d?s=96&d=mm&r=g","caption":"Camilo Ratti"},"url":"https:\/\/ffyh.unc.edu.ar\/alfilo\/author\/cratti\/"}]}},"jetpack_featured_media_url":"https:\/\/ffyh.unc.edu.ar\/alfilo\/wp-content\/uploads\/sites\/11\/2018\/08\/autovia-pablo-sigismondi-portada.jpg","jetpack_sharing_enabled":true,"_links":{"self":[{"href":"https:\/\/ffyh.unc.edu.ar\/alfilo\/wp-json\/wp\/v2\/posts\/5436","targetHints":{"allow":["GET"]}}],"collection":[{"href":"https:\/\/ffyh.unc.edu.ar\/alfilo\/wp-json\/wp\/v2\/posts"}],"about":[{"href":"https:\/\/ffyh.unc.edu.ar\/alfilo\/wp-json\/wp\/v2\/types\/post"}],"author":[{"embeddable":true,"href":"https:\/\/ffyh.unc.edu.ar\/alfilo\/wp-json\/wp\/v2\/users\/17"}],"replies":[{"embeddable":true,"href":"https:\/\/ffyh.unc.edu.ar\/alfilo\/wp-json\/wp\/v2\/comments?post=5436"}],"version-history":[{"count":3,"href":"https:\/\/ffyh.unc.edu.ar\/alfilo\/wp-json\/wp\/v2\/posts\/5436\/revisions"}],"predecessor-version":[{"id":5444,"href":"https:\/\/ffyh.unc.edu.ar\/alfilo\/wp-json\/wp\/v2\/posts\/5436\/revisions\/5444"}],"wp:featuredmedia":[{"embeddable":true,"href":"https:\/\/ffyh.unc.edu.ar\/alfilo\/wp-json\/wp\/v2\/media\/5437"}],"wp:attachment":[{"href":"https:\/\/ffyh.unc.edu.ar\/alfilo\/wp-json\/wp\/v2\/media?parent=5436"}],"wp:term":[{"taxonomy":"category","embeddable":true,"href":"https:\/\/ffyh.unc.edu.ar\/alfilo\/wp-json\/wp\/v2\/categories?post=5436"},{"taxonomy":"post_tag","embeddable":true,"href":"https:\/\/ffyh.unc.edu.ar\/alfilo\/wp-json\/wp\/v2\/tags?post=5436"}],"curies":[{"name":"wp","href":"https:\/\/api.w.org\/{rel}","templated":true}]}}