{"id":5652,"date":"2018-12-12T16:32:27","date_gmt":"2018-12-12T16:32:27","guid":{"rendered":"http:\/\/ffyh.unc.edu.ar\/alfilo\/?p=5652"},"modified":"2018-12-12T20:43:14","modified_gmt":"2018-12-12T20:43:14","slug":"una-historia-colectiva","status":"publish","type":"post","link":"https:\/\/ffyh.unc.edu.ar\/alfilo\/una-historia-colectiva\/","title":{"rendered":"Una historia colectiva"},"content":{"rendered":"<p><strong><a href=\"http:\/\/ffyh.unc.edu.ar\/alfilo\/wp-content\/uploads\/sites\/11\/2018\/12\/itinerarios-portada.jpg\"><img loading=\"lazy\" decoding=\"async\" class=\"alignright wp-image-5654\" src=\"http:\/\/ffyh.unc.edu.ar\/alfilo\/wp-content\/uploads\/sites\/11\/2018\/12\/itinerarios-portada.jpg\" alt=\"\" width=\"450\" height=\"219\" srcset=\"https:\/\/ffyh.unc.edu.ar\/alfilo\/wp-content\/uploads\/sites\/11\/2018\/12\/itinerarios-portada.jpg 1024w, https:\/\/ffyh.unc.edu.ar\/alfilo\/wp-content\/uploads\/sites\/11\/2018\/12\/itinerarios-portada-300x146.jpg 300w, https:\/\/ffyh.unc.edu.ar\/alfilo\/wp-content\/uploads\/sites\/11\/2018\/12\/itinerarios-portada-768x374.jpg 768w, https:\/\/ffyh.unc.edu.ar\/alfilo\/wp-content\/uploads\/sites\/11\/2018\/12\/itinerarios-portada-600x292.jpg 600w\" sizes=\"auto, (max-width: 450px) 100vw, 450px\" \/><\/a>En el marco de las \u00abI Jornadas de Reflexi\u00f3n, Investigaci\u00f3n y Ense\u00f1anza de Historia de C\u00f3rdoba\u00bb, se present\u00f3 el libro <em>Itinerarios<\/em>, un material de ense\u00f1anza y producci\u00f3n cient\u00edfica pensado para las escuelas secundarias, editado a partir de un convenio de cooperaci\u00f3n entre la FFyH y el Ministerio de Educaci\u00f3n de la Provincia. Durante las jornadas se realizaron otras\u00a0Mesas de Di\u00e1logo y talleres, que contaron con gran participaci\u00f3n de p\u00fablico.<\/strong><\/p>\n<p><!--more--><\/p>\n<p>Durante dos d\u00edas, el Pabell\u00f3n Venezuela fue el punto de encuentro para hablar de C\u00f3rdoba. De historia, de geograf\u00eda, de antropolog\u00eda, de educaci\u00f3n, de pueblos originarios y del trabajo territorial de diferentes organizaciones sociales. De hacerlo a partir de la riqueza que implica el abordaje multidisciplinario y transdisciplinario, donde las miradas, las experiencias y las trayectorias curriculares e institucionales se cruzan y se retroalimentan.<\/p>\n<p>Las<em>\u00a0\u00abI Jornadas de Reflexi\u00f3n, Investigaci\u00f3n y Ense\u00f1anza de Historia de C\u00f3rdoba, Historia(s), saberes del pasado y (re)construcci\u00f3n colectiva<\/em>\u201d pusieron ese desaf\u00edo sobre la mesa, y el resultado fue una multitudinaria convocatoria de docentes, estudiantes, investigadores y autoridades de la FFyH, el Ministerio de Educaci\u00f3n de la Provincia, la Escuela de Historia y la Secretar\u00eda de Extensi\u00f3n, las instituciones organizadoras del evento.<\/p>\n<p><strong><a href=\"http:\/\/ffyh.unc.edu.ar\/alfilo\/wp-content\/uploads\/sites\/11\/2018\/12\/itinerarios-4.jpg\"><img loading=\"lazy\" decoding=\"async\" class=\"alignnone wp-image-5655 size-full\" src=\"http:\/\/ffyh.unc.edu.ar\/alfilo\/wp-content\/uploads\/sites\/11\/2018\/12\/itinerarios-4.jpg\" alt=\"\" width=\"1024\" height=\"524\" srcset=\"https:\/\/ffyh.unc.edu.ar\/alfilo\/wp-content\/uploads\/sites\/11\/2018\/12\/itinerarios-4.jpg 1024w, https:\/\/ffyh.unc.edu.ar\/alfilo\/wp-content\/uploads\/sites\/11\/2018\/12\/itinerarios-4-300x154.jpg 300w, https:\/\/ffyh.unc.edu.ar\/alfilo\/wp-content\/uploads\/sites\/11\/2018\/12\/itinerarios-4-768x393.jpg 768w, https:\/\/ffyh.unc.edu.ar\/alfilo\/wp-content\/uploads\/sites\/11\/2018\/12\/itinerarios-4-600x307.jpg 600w\" sizes=\"auto, (max-width: 1024px) 100vw, 1024px\" \/><\/a><\/strong><\/p>\n<p>\u00abLa propuesta gener\u00f3 el \u00e1mbito para que los saberes acad\u00e9micos y el de las organizaciones territoriales se articularan y tensionaran\u00bb, resalt\u00f3 Jos\u00e9 Mar\u00eda Bompadre, Secretario de Extensi\u00f3n de la Facultad.<\/p>\n<p>El cierre fue con la presentaci\u00f3n de <strong><em>Itinerarios<\/em><\/strong>, un material de ense\u00f1anza sobre Historia de C\u00f3rdoba, posible a partir del <a href=\"https:\/\/ffyh.unc.edu.ar\/noticias\/02\/2018\/convenio-entre-la-ffyh-y-el-ministerio-de-educacion-de-la-provincia\/\" target=\"_blank\" rel=\"noopener\">Convenio de Cooperaci\u00f3n firmado entre la FFyH de la UNC y el Ministerio de Educaci\u00f3n de la Provincia de C\u00f3rdoba en diciembre del a\u00f1o pasado.<\/a><\/p>\n<p>Este material did\u00e1ctico est\u00e1 compuesto de 16 cap\u00edtulos llamados \u201cRecorridos por la Historia de C\u00f3rdoba\u201d, y 10 secuencias did\u00e1cticas tituladas \u201cRecorridos para el aula\u201d, que ofrecen algunos caminos posibles y algunas propuestas de ense\u00f1anza para el abordaje de los cap\u00edtulos ofrecidos.<\/p>\n<blockquote><p>Descargar en PDF de manera gratuita aqu\u00ed:<\/p>\n<p><a href=\"https:\/\/ffyh.unc.edu.ar\/editorial\/itinerarios-recorridos-por-la-historia-de-cordoba\/\">https:\/\/ffyh.unc.edu.ar\/editorial\/itinerarios-recorridos-por-la-historia-de-cordoba\/<\/a><\/p><\/blockquote>\n<p>Se trata de un proyecto pensado desde la FFyH para articular el nivel superior y el nivel secundario. Un espacio de intercambio y comunicaci\u00f3n, de reflexi\u00f3n mancomunada sobre la forma de (re) construir saberes hist\u00f3ricos, tanto en \u00e1mbitos acad\u00e9micos, escolares, en movimientos sociales y otros espacios.<\/p>\n<p>El libro era un gran desaf\u00edo para las instituciones intervinientes, y la presentaci\u00f3n estuvo a la altura en un auditorio colmado de p\u00fablico. \u201cNuestro equipaje es la memoria y la Historia. Reconstruirla, recorrerla, atravesarla, es tambi\u00e9n emprender un itinerario. A esa experiencia y esa vivencia tan humana de reconstruir la memoria invita este libro, que no en vano se titula Itinerarios\u201d, ley\u00f3 Silvia Lonatti, maestra de ceremonia, a modo de presentaci\u00f3n.<\/p>\n<p>Realizado a lo largo de todo este a\u00f1o, los textos y las secuencias para trabajar en el aula estuvieron coordinadas por un Equipo Interinstitucional conformado por la Direcci\u00f3n General de Programas Especiales y el \u00c1rea de Ciencias Sociales de Desarrollo Curricular de la Subsecretar\u00eda de Promoci\u00f3n de la Igualdad y Calidad Educativa del Ministerio de Educaci\u00f3n, y por la Escuela de Historia de la FFyH.<\/p>\n<p>Este equipo coordin\u00f3 el trabajo de docentes, egresadas y egresados de la Escuela de Historia de la UNC, el Departamento de Etnohistoria de la Universidad Nacional de R\u00edo Cuarto, de la Universidad Nacional de Villa Mar\u00eda; del Instituto de Lenguas y Culturas Abor\u00edgenes, y del Instituto de Educaci\u00f3n Superior Sim\u00f3n Bol\u00edvar.<\/p>\n<p><strong>Trabajo en equipo<\/strong><\/p>\n<p>Delia Provinciali, secretaria de Educaci\u00f3n de la Provincia, fue la encargada de resaltar el trabajo interinstitucional, de poner en valor la producci\u00f3n acad\u00e9mica de la Facultad de Filosof\u00eda y Humanidades y de rescatar el inter\u00e9s de los estudiantes secundarios cuando se encuentran con materiales que logran interpelarlos, hablar su lenguaje. \u201cEs com\u00fan escuchar que los chicos de hoy no leen, que nada les interesa, y no es as\u00ed. En el aula muestran todo lo contrario, en todo caso el desaf\u00edo es nuestro, de acercarles una producci\u00f3n que logre despertar su inter\u00e9s, su curiosidad. Sin perder rigor cient\u00edfico ni profundidad, este libro es una herramienta para para alcanzarlo, para estimular el inter\u00e9s por la historia de C\u00f3rdoba contada de una manera diferente\u201d.<\/p>\n<p><a href=\"http:\/\/ffyh.unc.edu.ar\/alfilo\/wp-content\/uploads\/sites\/11\/2018\/12\/itinerarios-1.jpg\"><img loading=\"lazy\" decoding=\"async\" class=\"alignnone size-full wp-image-5656\" src=\"http:\/\/ffyh.unc.edu.ar\/alfilo\/wp-content\/uploads\/sites\/11\/2018\/12\/itinerarios-1.jpg\" alt=\"\" width=\"1024\" height=\"576\" srcset=\"https:\/\/ffyh.unc.edu.ar\/alfilo\/wp-content\/uploads\/sites\/11\/2018\/12\/itinerarios-1.jpg 1024w, https:\/\/ffyh.unc.edu.ar\/alfilo\/wp-content\/uploads\/sites\/11\/2018\/12\/itinerarios-1-300x169.jpg 300w, https:\/\/ffyh.unc.edu.ar\/alfilo\/wp-content\/uploads\/sites\/11\/2018\/12\/itinerarios-1-768x432.jpg 768w, https:\/\/ffyh.unc.edu.ar\/alfilo\/wp-content\/uploads\/sites\/11\/2018\/12\/itinerarios-1-600x338.jpg 600w, https:\/\/ffyh.unc.edu.ar\/alfilo\/wp-content\/uploads\/sites\/11\/2018\/12\/itinerarios-1-678x381.jpg 678w\" sizes=\"auto, (max-width: 1024px) 100vw, 1024px\" \/><\/a><\/p>\n<p>El decano de la Facultad, Juan Pablo Abratte, comparti\u00f3 con la funcionaria la necesidad de materializar esta propuesta interinstitucional: \u201cConstituye una estrategia potente para intervenir en el campo de la formaci\u00f3n docente, mediante actividades conjuntas que habilitan el di\u00e1logo entre los actores institucionales, el trabajo cooperativo, la identificaci\u00f3n de demandas y necesidades de las instituciones educativas y el dise\u00f1o de dispositivos y materiales para la ense\u00f1anza como una modalidad de intervenci\u00f3n pedag\u00f3gica\u201d.<\/p>\n<p>Otro punto a destacar por Abratte fue la producci\u00f3n colectiva del libro: \u201cNos ha permitido pensar la producci\u00f3n cient\u00edfica de la UNC en di\u00e1logo con los espacios de ense\u00f1anza-aprendizaje de la historia de C\u00f3rdoba, desde los primeros habitantes hasta la historia reciente. La elaboraci\u00f3n del material no est\u00e1 concebida como una modalidad de transferencia de los resultados de la investigaci\u00f3n, sino m\u00e1s bien como un trabajo de reflexi\u00f3n en torno a \u00e1reas de vacancia en la producci\u00f3n editorial, pero a la vez como una estrategia pedag\u00f3gica para la intervenci\u00f3n de los docentes en el curr\u00edculum de la escuela secundaria y en la formaci\u00f3n docente, tanto a nivel del Profesorado en Historia de la FFyH como en las carreras de profesorado de los Institutos Secundarios de Formaci\u00f3n Docente\u201d.<\/p>\n<p><a href=\"http:\/\/ffyh.unc.edu.ar\/alfilo\/wp-content\/uploads\/sites\/11\/2018\/12\/itinerarios-2.jpg\"><img loading=\"lazy\" decoding=\"async\" class=\"alignnone size-full wp-image-5657\" src=\"http:\/\/ffyh.unc.edu.ar\/alfilo\/wp-content\/uploads\/sites\/11\/2018\/12\/itinerarios-2.jpg\" alt=\"\" width=\"1024\" height=\"496\" srcset=\"https:\/\/ffyh.unc.edu.ar\/alfilo\/wp-content\/uploads\/sites\/11\/2018\/12\/itinerarios-2.jpg 1024w, https:\/\/ffyh.unc.edu.ar\/alfilo\/wp-content\/uploads\/sites\/11\/2018\/12\/itinerarios-2-300x145.jpg 300w, https:\/\/ffyh.unc.edu.ar\/alfilo\/wp-content\/uploads\/sites\/11\/2018\/12\/itinerarios-2-768x372.jpg 768w, https:\/\/ffyh.unc.edu.ar\/alfilo\/wp-content\/uploads\/sites\/11\/2018\/12\/itinerarios-2-600x291.jpg 600w\" sizes=\"auto, (max-width: 1024px) 100vw, 1024px\" \/><\/a><\/p>\n<p>En un momento del pa\u00eds en el que toda la pol\u00edtica educativa est\u00e1 supeditada a planillas Excel para justificar un presupuesto, el Decano puso el acento en la funci\u00f3n social de la universidad y agradeci\u00f3 el involucramiento de la Editorial de la UNC, que dise\u00f1\u00f3 y edit\u00f3 un libro que se puede conseguir en formato papel o digital: \u201cEn tiempos en los que la\/s pol\u00edtica\/s editoriales suelen centrarse en criterios de mercado, y las historias provinciales, regionales o locales quedan marginadas de la producci\u00f3n de textos para la ense\u00f1anza, la apuesta que emprendimos en forma interinstitucional pone de relieve la producci\u00f3n y circulaci\u00f3n del conocimiento en las instituciones p\u00fablicas\u201d.<\/p>\n<p>El car\u00e1cter p\u00fablico del conocimiento fue otro de los ejes abordados por Abratte, al se\u00f1alar que \u201ces necesario ampliar el alcance e impacto en las instituciones educativas, y en particular en docentes y alumnos de la educaci\u00f3n secundaria de la provincia de C\u00f3rdoba, quienes son los destinatarios principales de la propuesta\u201d.<\/p>\n<p><strong>Punto de partida <\/strong><\/p>\n<p>En el segundo panel, la palabra estuvo a cargo de las coordinadoras de los trabajos que hicieron posible \u201cItinerarios. Recorridos por la historia de C\u00f3rdoba\u201d, Marta Philp, Ayel\u00e9n Ceballos y Consuelo Navarro. La entonces directora de la Escuela de Historia cuando el proyecto se puso en macha, rescat\u00f3 la propuesta del Ministerio de producir materiales did\u00e1cticos para la educaci\u00f3n secundaria, como una forma de tender puentes entre los distintos espacios del sistema educativo. \u201cFormar historiadores implica pensar en la funci\u00f3n social de la Historia, significa volver a pensar esa antigua pero fundamental pregunta: Historia \u00bfpara qu\u00e9? Una pregunta que nos invita a pensar los v\u00ednculos entre la historia, la memoria y la identidad\u201d, dijo Philp.<\/p>\n<p><a href=\"http:\/\/ffyh.unc.edu.ar\/alfilo\/wp-content\/uploads\/sites\/11\/2018\/12\/itinerarios-7.jpg\"><img loading=\"lazy\" decoding=\"async\" class=\"alignnone size-full wp-image-5659\" src=\"http:\/\/ffyh.unc.edu.ar\/alfilo\/wp-content\/uploads\/sites\/11\/2018\/12\/itinerarios-7.jpg\" alt=\"\" width=\"1024\" height=\"585\" srcset=\"https:\/\/ffyh.unc.edu.ar\/alfilo\/wp-content\/uploads\/sites\/11\/2018\/12\/itinerarios-7.jpg 1024w, https:\/\/ffyh.unc.edu.ar\/alfilo\/wp-content\/uploads\/sites\/11\/2018\/12\/itinerarios-7-300x171.jpg 300w, https:\/\/ffyh.unc.edu.ar\/alfilo\/wp-content\/uploads\/sites\/11\/2018\/12\/itinerarios-7-768x439.jpg 768w, https:\/\/ffyh.unc.edu.ar\/alfilo\/wp-content\/uploads\/sites\/11\/2018\/12\/itinerarios-7-600x343.jpg 600w\" sizes=\"auto, (max-width: 1024px) 100vw, 1024px\" \/><\/a><\/p>\n<p>La construcci\u00f3n de historias, memorias e identidades es el objetivo de Itinerarios, y una de sus coordinadoras explic\u00f3 porqu\u00e9: \u201cNo hay una \u00fanica manera de ser cordob\u00e9s o cordobesa, no hay una identidad preestablecida pero si hay historias que merecen conocerse y que nos ayudan a explicar y entender los acontecimientos del presente\u201d. Al hablar de \u201ccomunidad\u201d, Philp valor\u00f3 el compromiso de docentes y egresados de la Escuela de Historia que compartieron la escritura de los materiales con colegas del Instituto de Lenguas y Culturas Abor\u00edgenes de C\u00f3rdoba y del Departamento de Historia de la Universidad Nacional de R\u00edo Cuarto. El resultado del esfuerzo colectivo est\u00e1 en las p\u00e1ginas del libro: sesenta nueve autores.<\/p>\n<p>Por \u00faltimo, la historiadora agradeci\u00f3 las ilustraciones de Juan Delfini \u2013presente en el Ch\u00e1vez-, que acompa\u00f1an los materiales en sus tapas y en las aperturas de los cap\u00edtulos y las secuencias did\u00e1cticas, a las autoridades de la editorial de la UNC y al equipo de trabajo de la Escuela de Historia que se sum\u00f3 a lxs colegas del Ministerio de Educaci\u00f3n.<\/p>\n<p><a href=\"http:\/\/ffyh.unc.edu.ar\/alfilo\/wp-content\/uploads\/sites\/11\/2018\/12\/itinerarios-5.jpg\"><img loading=\"lazy\" decoding=\"async\" class=\"alignnone size-full wp-image-5660\" src=\"http:\/\/ffyh.unc.edu.ar\/alfilo\/wp-content\/uploads\/sites\/11\/2018\/12\/itinerarios-5.jpg\" alt=\"\" width=\"1024\" height=\"547\" srcset=\"https:\/\/ffyh.unc.edu.ar\/alfilo\/wp-content\/uploads\/sites\/11\/2018\/12\/itinerarios-5.jpg 1024w, https:\/\/ffyh.unc.edu.ar\/alfilo\/wp-content\/uploads\/sites\/11\/2018\/12\/itinerarios-5-300x160.jpg 300w, https:\/\/ffyh.unc.edu.ar\/alfilo\/wp-content\/uploads\/sites\/11\/2018\/12\/itinerarios-5-768x410.jpg 768w, https:\/\/ffyh.unc.edu.ar\/alfilo\/wp-content\/uploads\/sites\/11\/2018\/12\/itinerarios-5-600x321.jpg 600w\" sizes=\"auto, (max-width: 1024px) 100vw, 1024px\" \/><\/a><\/p>\n<p>En representaci\u00f3n de \u00e9ste habl\u00f3 Ayel\u00e9n Ceballos: \u201cUno de los objetivos de la pol\u00edtica educativa de la provincia es potenciar el desarrollo de las capacidades humanas, para contribuir a la construcci\u00f3n de una ciudadan\u00eda basada en la distribuci\u00f3n y apropiaci\u00f3n justa del conocimiento y en la b\u00fasqueda permanente de la igualdad social\u201d.<\/p>\n<p>El libro es una manera de hacerlo. \u201cItinerarios\u2026\u201d viene a aportar herramientas te\u00f3ricas y metodol\u00f3gicas para fortalecer y alimentar el conocimiento sobre lo social, el desarrollo de la capacidad anal\u00edtica, reflexiva y cr\u00edtica, as\u00ed como a la resignificaci\u00f3n del rol de adolescentes y j\u00f3venes como actores sociales, sujetos y promotores de pr\u00e1cticas pol\u00edticas, capaces de actuar de manera transformadora en su entorno\u201d, destaca la profesora.<\/p>\n<p>Citando a Eduardo Galeano, resalt\u00f3 el trabajo en conjunto: \u201cCelebramos la predisposici\u00f3n al trabajo mancomunado que retroalimenta y favorece la oportunidad de pensar y proyectarnos colectivamente. Este libro se proyecta y apuesta a re-imaginar a la historia como una ciencia de otros mundos posibles\u201d.<\/p>\n<p>La profesora Consuelo Navarro fue la encargada de cerrar el segundo panel: \u201cLa intenci\u00f3n no era hacer un manual escolar, sino acercar a los y las estudiantes textos acad\u00e9micos producidos por investigadores y docentes cordobeses, que implicara el desaf\u00edo de la alfabetizaci\u00f3n cient\u00edfica en el aula\u201d.<\/p>\n<p>En sinton\u00eda con quienes la precedieron, la integrante de la Subsecretar\u00eda de Promoci\u00f3n de la Igualdad y Calidad Educativa dijo que \u201cItinerarios y Recorridos por el Aula pueden ser una herramienta potente para animar a los y las docentes a tomar la perspectiva de la historia local como una forma de generar aprendizajes significativos y ser adem\u00e1s un punto de partida para afrontar el desaf\u00edo que implica ense\u00f1ar historia de C\u00f3rdoba. Esto supone comprender las particularidades de los procesos hist\u00f3ricos en nuestras localidades, tensionando la idea de Historia Nacional e intentando romper con la arraigada pr\u00e1ctica de estudiar la historia de nuestros pueblos y de nuestro pa\u00eds desde los procesos hist\u00f3ricos porte\u00f1os\u201d.<\/p>\n<p><a href=\"http:\/\/ffyh.unc.edu.ar\/alfilo\/wp-content\/uploads\/sites\/11\/2018\/12\/itinerarios-14.jpg\"><img loading=\"lazy\" decoding=\"async\" class=\"alignnone size-full wp-image-5661\" src=\"http:\/\/ffyh.unc.edu.ar\/alfilo\/wp-content\/uploads\/sites\/11\/2018\/12\/itinerarios-14.jpg\" alt=\"\" width=\"1024\" height=\"538\" srcset=\"https:\/\/ffyh.unc.edu.ar\/alfilo\/wp-content\/uploads\/sites\/11\/2018\/12\/itinerarios-14.jpg 1024w, https:\/\/ffyh.unc.edu.ar\/alfilo\/wp-content\/uploads\/sites\/11\/2018\/12\/itinerarios-14-300x158.jpg 300w, https:\/\/ffyh.unc.edu.ar\/alfilo\/wp-content\/uploads\/sites\/11\/2018\/12\/itinerarios-14-768x404.jpg 768w, https:\/\/ffyh.unc.edu.ar\/alfilo\/wp-content\/uploads\/sites\/11\/2018\/12\/itinerarios-14-600x315.jpg 600w\" sizes=\"auto, (max-width: 1024px) 100vw, 1024px\" \/><\/a><\/p>\n<p>El tercer y \u00faltimo panel estuvo integrado por siete de los sesenta y nueve autores del libro, quienes compartieron una s\u00edntesis de algunos de los 16 cap\u00edtulos que ofrece Itinerarios. Camila Tagle present\u00f3 el cap\u00edtulo 6, \u201c<em>C\u00f3rdoba en el siglo XIX: espacios, actores y din\u00e1micas locales\/nacionales\u201d, <\/em>Denise Reyna Berrotar\u00e1n el 8<em>, \u201cEntre la modernizaci\u00f3n y la tradici\u00f3n. Sociedad, econom\u00eda, pol\u00edtica y cultura en C\u00f3rdoba. 1870-1930\u201d, <\/em>Lisandro Angelini el 11, \u201c<em>De la crisis del consenso liberal a los gobiernos peronistas (1930-1955)\u201d, <\/em>Leandro Inchauspe el 13:<em> \u201cInestabilidad pol\u00edtica, democracia proscriptiva y golpes de Estado. C\u00f3rdoba, 1955-1976\u201d, <\/em>Carol Sol\u00eds el 14, <em>\u201cRefundar un orden. La dictadura c\u00edvico-militar, el terrorismo de Estado, la reestructuraci\u00f3n econ\u00f3mica y las pol\u00edticas culturales juveniles\u201d, y <\/em>Elisa Arriaga el 15, <em>\u201cC\u00f3rdoba entre la reconstrucci\u00f3n democr\u00e1tica y la crisis del 2001\u201d.<\/em><\/p>\n<p>El cierre a una jornada intensa, que cont\u00f3 con la presencia de muchos de los autores del libro, estuvo a cargo de la Licenciada <strong>Isabel Castro Ola\u00f1eta<\/strong>, Directora de la Escuela de Historia de la Facultad de Filosof\u00eda y Humanidades. \u201c\u00bfQu\u00e9 fabrica el historiador cuando hace historia? \u00bfEn qu\u00e9 trabaja? \u00bfQu\u00e9 produce? Interrumpiendo su deambulaci\u00f3n erudita por las salas de los archivos, se aleja un momento del estudio monumental que lo clasificar\u00e1 entre sus pares, y saliendo a la calle, se pregunta: \u00bfDe qu\u00e9 se trata este oficio?\u201d. Citando a Michel De Certeau, Castro busc\u00f3 interpelar la relaci\u00f3n de los historiadores con el pasado y con la sociedad del presente.<\/p>\n<p>\u201cDe Certeau nos advierte que el lugar desde donde hablamos es una marca indeleble y que toda historia, como proceso y como producto, se inscribe en un lugar social, pol\u00edtico, cultural y, sobre todo, institucional. El proceso de construcci\u00f3n, de escritura de estos cap\u00edtulos y el producto final ha sido una empresa colectiva y colaborativa, permitida y alentada por la instituci\u00f3n en un esfuerzo por poner en di\u00e1logo saberes profesionales y t\u00e9cnicos con otres actores sociales\u201d, remarc\u00f3 la Directora.<\/p>\n<p>\u201cLa nueva gesti\u00f3n de la Escuela recibe lo hecho hasta ahora para tomarlo como el inicio de futuros proyectos, porque todo camino que se inicia contagia nuevos viajes y recorridos, y este libro no puede ser la excepci\u00f3n\u201d.<\/p>\n<p style=\"text-align: right\"><strong>Texto y fotos<\/strong>: Camilo Ratti<\/p>\n<hr \/>\n<h3><strong>Jornadas de Reflexi\u00f3n, Investigaci\u00f3n y Ense\u00f1anza de Historia de C\u00f3rdoba<\/strong><\/h3>\n<p>Adem\u00e1s de la presentaci\u00f3n del libro, la actividad cont\u00f3 con distintas mesas de di\u00e1logo, que tuvieron como objetivo debatir entre pares las potencialidades de la construcci\u00f3n hist\u00f3rica desde una perspectiva transdisciplinar.<\/p>\n<p><a href=\"http:\/\/ffyh.unc.edu.ar\/alfilo\/wp-content\/uploads\/sites\/11\/2018\/12\/jornadas-itinerarios-2.jpg\"><img loading=\"lazy\" decoding=\"async\" class=\"alignnone size-full wp-image-5663\" src=\"http:\/\/ffyh.unc.edu.ar\/alfilo\/wp-content\/uploads\/sites\/11\/2018\/12\/jornadas-itinerarios-2.jpg\" alt=\"\" width=\"1024\" height=\"467\" srcset=\"https:\/\/ffyh.unc.edu.ar\/alfilo\/wp-content\/uploads\/sites\/11\/2018\/12\/jornadas-itinerarios-2.jpg 1024w, https:\/\/ffyh.unc.edu.ar\/alfilo\/wp-content\/uploads\/sites\/11\/2018\/12\/jornadas-itinerarios-2-300x137.jpg 300w, https:\/\/ffyh.unc.edu.ar\/alfilo\/wp-content\/uploads\/sites\/11\/2018\/12\/jornadas-itinerarios-2-768x350.jpg 768w, https:\/\/ffyh.unc.edu.ar\/alfilo\/wp-content\/uploads\/sites\/11\/2018\/12\/jornadas-itinerarios-2-600x274.jpg 600w\" sizes=\"auto, (max-width: 1024px) 100vw, 1024px\" \/><\/a><\/p>\n<p>Los ejes trabajados fueron:<\/p>\n<ul>\n<li><strong>\u201c\u00bfEsquizohistoria?\u201d Historiograf\u00eda y educaci\u00f3n<\/strong>, coordinado por Carlos Villal\u00f3n (Docente IPEM 296 Amancio Williams), Marta Philp (Escuela de Historia, FFyH), Ayel\u00e9n Ceballos (Coord. Equipo Olimpiada de Historia de C\u00f3rdoba);<\/li>\n<li><strong>\u201cIdentidad, identificaciones y pedagog\u00edas\u201d<\/strong>, coordinado por Sol Minoldo (Doctora en Ciencias Sociales, Investigadora en CIECS-CONICET. Editora responsable de ciencias sociales en El Gato y La Caja), \u00a0Marina Yazyi (Profesora en Ciencias de la Educaci\u00f3n en la Universidad Nacional de C\u00f3rdoba y Especialista en Abordaje Integral de las Problem\u00e1ticas Sociales en el \u00c1mbito Comunitario en la Universidad Nacional de Lan\u00fas) y Jos\u00e9 Mar\u00eda Bompadre (Secretario de Extensi\u00f3n, FFyH);<\/li>\n<li><strong>\u201cHistoria local y territorialidades\u201d<\/strong>, coordinado por Gabriela Cecheto (Departamento de Geograf\u00eda, FFyH),\u00a0 Joaqu\u00edn Rebuffo, Luis Salcedo y Paula Torres (Defendamos Alberdi), Carolina Alvarez Avila y Lucas Palladino, con el Proyecto de Extensi\u00f3n Tierra de Comechingones;<\/li>\n<li><strong>\u201cEpistemolog\u00edas y metodolog\u00edas: di\u00e1logo y saberes\u201d<\/strong>, coordinado por Pablo Reyna Manero (Profesor y Licenciado en Historia- Instituto de Culturas Abor\u00edgenes), Laura Misetich (docente e investigadora), Julia G\u00f3mez (militante, feminista, m\u00fasica y docente) y Abya Yala Mestiza (Paulina Garnero, Griselda Ojeda y Lautaro Ortiz).<\/li>\n<\/ul>\n<p><a href=\"http:\/\/ffyh.unc.edu.ar\/alfilo\/wp-content\/uploads\/sites\/11\/2018\/12\/itinerarios-talleres-2.jpg\"><img loading=\"lazy\" decoding=\"async\" class=\"alignnone size-full wp-image-5681\" src=\"http:\/\/ffyh.unc.edu.ar\/alfilo\/wp-content\/uploads\/sites\/11\/2018\/12\/itinerarios-talleres-2.jpg\" alt=\"\" width=\"1196\" height=\"596\" srcset=\"https:\/\/ffyh.unc.edu.ar\/alfilo\/wp-content\/uploads\/sites\/11\/2018\/12\/itinerarios-talleres-2.jpg 1196w, https:\/\/ffyh.unc.edu.ar\/alfilo\/wp-content\/uploads\/sites\/11\/2018\/12\/itinerarios-talleres-2-300x149.jpg 300w, https:\/\/ffyh.unc.edu.ar\/alfilo\/wp-content\/uploads\/sites\/11\/2018\/12\/itinerarios-talleres-2-768x383.jpg 768w, https:\/\/ffyh.unc.edu.ar\/alfilo\/wp-content\/uploads\/sites\/11\/2018\/12\/itinerarios-talleres-2-1024x510.jpg 1024w, https:\/\/ffyh.unc.edu.ar\/alfilo\/wp-content\/uploads\/sites\/11\/2018\/12\/itinerarios-talleres-2-600x299.jpg 600w\" sizes=\"auto, (max-width: 1196px) 100vw, 1196px\" \/><\/a><\/p>\n<p>A su vez, se realizaron dos talleres vivenciales. Uno sobre <strong>Educaci\u00f3n Sexual Integral<\/strong>, a cargo de Marcela Ferrer (Instituto de Culturas Abor\u00edgenes) y otro de <strong>Interculturalidad y Derechos Humanos<\/strong>, coordinado por C\u00e9sar Marchesino (Director del Programa de Derechos Humanos, FFyH) y Carolina Llorens (Coordinadora Equipo de g\u00e9nero, Movimiento Campesino de C\u00f3rdoba).<\/p>\n<hr \/>\n<h1>Galer\u00eda de im\u00e1genes<\/h1>\n<div id='gallery-1' class='gallery galleryid-5652 gallery-columns-1 gallery-size-large'><figure class='gallery-item'>\n\t\t\t<div class='gallery-icon landscape'>\n\t\t\t\t<a href='https:\/\/ffyh.unc.edu.ar\/alfilo\/una-historia-colectiva\/jornadas-itinerarios-3\/'><img loading=\"lazy\" decoding=\"async\" width=\"1024\" height=\"606\" src=\"https:\/\/ffyh.unc.edu.ar\/alfilo\/wp-content\/uploads\/sites\/11\/2018\/12\/jornadas-itinerarios-3-1024x606.jpg\" class=\"attachment-large size-large\" alt=\"\" srcset=\"https:\/\/ffyh.unc.edu.ar\/alfilo\/wp-content\/uploads\/sites\/11\/2018\/12\/jornadas-itinerarios-3.jpg 1024w, https:\/\/ffyh.unc.edu.ar\/alfilo\/wp-content\/uploads\/sites\/11\/2018\/12\/jornadas-itinerarios-3-300x178.jpg 300w, https:\/\/ffyh.unc.edu.ar\/alfilo\/wp-content\/uploads\/sites\/11\/2018\/12\/jornadas-itinerarios-3-768x455.jpg 768w, https:\/\/ffyh.unc.edu.ar\/alfilo\/wp-content\/uploads\/sites\/11\/2018\/12\/jornadas-itinerarios-3-600x355.jpg 600w\" sizes=\"auto, (max-width: 1024px) 100vw, 1024px\" \/><\/a>\n\t\t\t<\/div><\/figure><figure class='gallery-item'>\n\t\t\t<div class='gallery-icon landscape'>\n\t\t\t\t<a href='https:\/\/ffyh.unc.edu.ar\/alfilo\/una-historia-colectiva\/jornadas-itinerarios-1\/'><img loading=\"lazy\" decoding=\"async\" width=\"1024\" height=\"561\" src=\"https:\/\/ffyh.unc.edu.ar\/alfilo\/wp-content\/uploads\/sites\/11\/2018\/12\/jornadas-itinerarios-1-1024x561.jpg\" class=\"attachment-large size-large\" alt=\"\" srcset=\"https:\/\/ffyh.unc.edu.ar\/alfilo\/wp-content\/uploads\/sites\/11\/2018\/12\/jornadas-itinerarios-1.jpg 1024w, https:\/\/ffyh.unc.edu.ar\/alfilo\/wp-content\/uploads\/sites\/11\/2018\/12\/jornadas-itinerarios-1-300x164.jpg 300w, https:\/\/ffyh.unc.edu.ar\/alfilo\/wp-content\/uploads\/sites\/11\/2018\/12\/jornadas-itinerarios-1-768x421.jpg 768w, https:\/\/ffyh.unc.edu.ar\/alfilo\/wp-content\/uploads\/sites\/11\/2018\/12\/jornadas-itinerarios-1-600x329.jpg 600w\" sizes=\"auto, (max-width: 1024px) 100vw, 1024px\" \/><\/a>\n\t\t\t<\/div><\/figure><figure class='gallery-item'>\n\t\t\t<div class='gallery-icon landscape'>\n\t\t\t\t<a href='https:\/\/ffyh.unc.edu.ar\/alfilo\/una-historia-colectiva\/jornadas-itinerarios-4\/'><img loading=\"lazy\" decoding=\"async\" width=\"1024\" height=\"584\" src=\"https:\/\/ffyh.unc.edu.ar\/alfilo\/wp-content\/uploads\/sites\/11\/2018\/12\/jornadas-itinerarios-4-1024x584.jpg\" class=\"attachment-large size-large\" alt=\"\" srcset=\"https:\/\/ffyh.unc.edu.ar\/alfilo\/wp-content\/uploads\/sites\/11\/2018\/12\/jornadas-itinerarios-4.jpg 1024w, https:\/\/ffyh.unc.edu.ar\/alfilo\/wp-content\/uploads\/sites\/11\/2018\/12\/jornadas-itinerarios-4-300x171.jpg 300w, https:\/\/ffyh.unc.edu.ar\/alfilo\/wp-content\/uploads\/sites\/11\/2018\/12\/jornadas-itinerarios-4-768x438.jpg 768w, https:\/\/ffyh.unc.edu.ar\/alfilo\/wp-content\/uploads\/sites\/11\/2018\/12\/jornadas-itinerarios-4-600x342.jpg 600w\" sizes=\"auto, (max-width: 1024px) 100vw, 1024px\" \/><\/a>\n\t\t\t<\/div><\/figure><figure class='gallery-item'>\n\t\t\t<div class='gallery-icon landscape'>\n\t\t\t\t<a href='https:\/\/ffyh.unc.edu.ar\/alfilo\/una-historia-colectiva\/itinerarios-3\/'><img loading=\"lazy\" decoding=\"async\" width=\"1024\" height=\"630\" src=\"https:\/\/ffyh.unc.edu.ar\/alfilo\/wp-content\/uploads\/sites\/11\/2018\/12\/itinerarios-3-1024x630.jpg\" class=\"attachment-large size-large\" alt=\"\" srcset=\"https:\/\/ffyh.unc.edu.ar\/alfilo\/wp-content\/uploads\/sites\/11\/2018\/12\/itinerarios-3.jpg 1024w, https:\/\/ffyh.unc.edu.ar\/alfilo\/wp-content\/uploads\/sites\/11\/2018\/12\/itinerarios-3-300x185.jpg 300w, https:\/\/ffyh.unc.edu.ar\/alfilo\/wp-content\/uploads\/sites\/11\/2018\/12\/itinerarios-3-768x473.jpg 768w, https:\/\/ffyh.unc.edu.ar\/alfilo\/wp-content\/uploads\/sites\/11\/2018\/12\/itinerarios-3-600x369.jpg 600w\" sizes=\"auto, (max-width: 1024px) 100vw, 1024px\" \/><\/a>\n\t\t\t<\/div><\/figure><figure class='gallery-item'>\n\t\t\t<div class='gallery-icon landscape'>\n\t\t\t\t<a href='https:\/\/ffyh.unc.edu.ar\/alfilo\/una-historia-colectiva\/itinerarios-6\/'><img loading=\"lazy\" decoding=\"async\" width=\"1024\" height=\"538\" src=\"https:\/\/ffyh.unc.edu.ar\/alfilo\/wp-content\/uploads\/sites\/11\/2018\/12\/itinerarios-6-1024x538.jpg\" class=\"attachment-large size-large\" alt=\"\" srcset=\"https:\/\/ffyh.unc.edu.ar\/alfilo\/wp-content\/uploads\/sites\/11\/2018\/12\/itinerarios-6.jpg 1024w, https:\/\/ffyh.unc.edu.ar\/alfilo\/wp-content\/uploads\/sites\/11\/2018\/12\/itinerarios-6-300x158.jpg 300w, https:\/\/ffyh.unc.edu.ar\/alfilo\/wp-content\/uploads\/sites\/11\/2018\/12\/itinerarios-6-768x404.jpg 768w, https:\/\/ffyh.unc.edu.ar\/alfilo\/wp-content\/uploads\/sites\/11\/2018\/12\/itinerarios-6-600x315.jpg 600w\" sizes=\"auto, (max-width: 1024px) 100vw, 1024px\" \/><\/a>\n\t\t\t<\/div><\/figure><figure class='gallery-item'>\n\t\t\t<div class='gallery-icon landscape'>\n\t\t\t\t<a href='https:\/\/ffyh.unc.edu.ar\/alfilo\/una-historia-colectiva\/itinerarios-8\/'><img loading=\"lazy\" decoding=\"async\" width=\"1024\" height=\"527\" src=\"https:\/\/ffyh.unc.edu.ar\/alfilo\/wp-content\/uploads\/sites\/11\/2018\/12\/itinerarios-8-1024x527.jpg\" class=\"attachment-large size-large\" alt=\"\" srcset=\"https:\/\/ffyh.unc.edu.ar\/alfilo\/wp-content\/uploads\/sites\/11\/2018\/12\/itinerarios-8.jpg 1024w, https:\/\/ffyh.unc.edu.ar\/alfilo\/wp-content\/uploads\/sites\/11\/2018\/12\/itinerarios-8-300x154.jpg 300w, https:\/\/ffyh.unc.edu.ar\/alfilo\/wp-content\/uploads\/sites\/11\/2018\/12\/itinerarios-8-768x395.jpg 768w, https:\/\/ffyh.unc.edu.ar\/alfilo\/wp-content\/uploads\/sites\/11\/2018\/12\/itinerarios-8-600x309.jpg 600w\" sizes=\"auto, (max-width: 1024px) 100vw, 1024px\" \/><\/a>\n\t\t\t<\/div><\/figure><figure class='gallery-item'>\n\t\t\t<div class='gallery-icon landscape'>\n\t\t\t\t<a href='https:\/\/ffyh.unc.edu.ar\/alfilo\/una-historia-colectiva\/itinerarios-9\/'><img loading=\"lazy\" decoding=\"async\" width=\"1024\" height=\"569\" src=\"https:\/\/ffyh.unc.edu.ar\/alfilo\/wp-content\/uploads\/sites\/11\/2018\/12\/itinerarios-9-1024x569.jpg\" class=\"attachment-large size-large\" alt=\"\" srcset=\"https:\/\/ffyh.unc.edu.ar\/alfilo\/wp-content\/uploads\/sites\/11\/2018\/12\/itinerarios-9.jpg 1024w, https:\/\/ffyh.unc.edu.ar\/alfilo\/wp-content\/uploads\/sites\/11\/2018\/12\/itinerarios-9-300x167.jpg 300w, https:\/\/ffyh.unc.edu.ar\/alfilo\/wp-content\/uploads\/sites\/11\/2018\/12\/itinerarios-9-768x427.jpg 768w, https:\/\/ffyh.unc.edu.ar\/alfilo\/wp-content\/uploads\/sites\/11\/2018\/12\/itinerarios-9-600x333.jpg 600w\" sizes=\"auto, (max-width: 1024px) 100vw, 1024px\" \/><\/a>\n\t\t\t<\/div><\/figure><figure class='gallery-item'>\n\t\t\t<div class='gallery-icon landscape'>\n\t\t\t\t<a href='https:\/\/ffyh.unc.edu.ar\/alfilo\/una-historia-colectiva\/itinerarios-10\/'><img loading=\"lazy\" decoding=\"async\" width=\"1024\" height=\"669\" src=\"https:\/\/ffyh.unc.edu.ar\/alfilo\/wp-content\/uploads\/sites\/11\/2018\/12\/itinerarios-10-1024x669.jpg\" class=\"attachment-large size-large\" alt=\"\" srcset=\"https:\/\/ffyh.unc.edu.ar\/alfilo\/wp-content\/uploads\/sites\/11\/2018\/12\/itinerarios-10.jpg 1024w, https:\/\/ffyh.unc.edu.ar\/alfilo\/wp-content\/uploads\/sites\/11\/2018\/12\/itinerarios-10-300x196.jpg 300w, https:\/\/ffyh.unc.edu.ar\/alfilo\/wp-content\/uploads\/sites\/11\/2018\/12\/itinerarios-10-768x502.jpg 768w, https:\/\/ffyh.unc.edu.ar\/alfilo\/wp-content\/uploads\/sites\/11\/2018\/12\/itinerarios-10-600x392.jpg 600w\" sizes=\"auto, (max-width: 1024px) 100vw, 1024px\" \/><\/a>\n\t\t\t<\/div><\/figure><figure class='gallery-item'>\n\t\t\t<div class='gallery-icon landscape'>\n\t\t\t\t<a href='https:\/\/ffyh.unc.edu.ar\/alfilo\/una-historia-colectiva\/itinerarios-11\/'><img loading=\"lazy\" decoding=\"async\" width=\"1024\" height=\"586\" src=\"https:\/\/ffyh.unc.edu.ar\/alfilo\/wp-content\/uploads\/sites\/11\/2018\/12\/itinerarios-11-1024x586.jpg\" class=\"attachment-large size-large\" alt=\"\" srcset=\"https:\/\/ffyh.unc.edu.ar\/alfilo\/wp-content\/uploads\/sites\/11\/2018\/12\/itinerarios-11.jpg 1024w, https:\/\/ffyh.unc.edu.ar\/alfilo\/wp-content\/uploads\/sites\/11\/2018\/12\/itinerarios-11-300x172.jpg 300w, https:\/\/ffyh.unc.edu.ar\/alfilo\/wp-content\/uploads\/sites\/11\/2018\/12\/itinerarios-11-768x440.jpg 768w, https:\/\/ffyh.unc.edu.ar\/alfilo\/wp-content\/uploads\/sites\/11\/2018\/12\/itinerarios-11-600x343.jpg 600w\" sizes=\"auto, (max-width: 1024px) 100vw, 1024px\" \/><\/a>\n\t\t\t<\/div><\/figure><figure class='gallery-item'>\n\t\t\t<div class='gallery-icon landscape'>\n\t\t\t\t<a href='https:\/\/ffyh.unc.edu.ar\/alfilo\/una-historia-colectiva\/itinerarios-12\/'><img loading=\"lazy\" decoding=\"async\" width=\"1024\" height=\"486\" src=\"https:\/\/ffyh.unc.edu.ar\/alfilo\/wp-content\/uploads\/sites\/11\/2018\/12\/itinerarios-12-1024x486.jpg\" class=\"attachment-large size-large\" alt=\"\" srcset=\"https:\/\/ffyh.unc.edu.ar\/alfilo\/wp-content\/uploads\/sites\/11\/2018\/12\/itinerarios-12.jpg 1024w, https:\/\/ffyh.unc.edu.ar\/alfilo\/wp-content\/uploads\/sites\/11\/2018\/12\/itinerarios-12-300x142.jpg 300w, https:\/\/ffyh.unc.edu.ar\/alfilo\/wp-content\/uploads\/sites\/11\/2018\/12\/itinerarios-12-768x365.jpg 768w, https:\/\/ffyh.unc.edu.ar\/alfilo\/wp-content\/uploads\/sites\/11\/2018\/12\/itinerarios-12-600x285.jpg 600w\" sizes=\"auto, (max-width: 1024px) 100vw, 1024px\" \/><\/a>\n\t\t\t<\/div><\/figure><figure class='gallery-item'>\n\t\t\t<div class='gallery-icon landscape'>\n\t\t\t\t<a href='https:\/\/ffyh.unc.edu.ar\/alfilo\/una-historia-colectiva\/itinerarios-13\/'><img loading=\"lazy\" decoding=\"async\" width=\"1024\" height=\"538\" src=\"https:\/\/ffyh.unc.edu.ar\/alfilo\/wp-content\/uploads\/sites\/11\/2018\/12\/itinerarios-13-1024x538.jpg\" class=\"attachment-large size-large\" alt=\"\" srcset=\"https:\/\/ffyh.unc.edu.ar\/alfilo\/wp-content\/uploads\/sites\/11\/2018\/12\/itinerarios-13.jpg 1024w, https:\/\/ffyh.unc.edu.ar\/alfilo\/wp-content\/uploads\/sites\/11\/2018\/12\/itinerarios-13-300x158.jpg 300w, https:\/\/ffyh.unc.edu.ar\/alfilo\/wp-content\/uploads\/sites\/11\/2018\/12\/itinerarios-13-768x404.jpg 768w, https:\/\/ffyh.unc.edu.ar\/alfilo\/wp-content\/uploads\/sites\/11\/2018\/12\/itinerarios-13-600x315.jpg 600w\" sizes=\"auto, (max-width: 1024px) 100vw, 1024px\" \/><\/a>\n\t\t\t<\/div><\/figure><figure class='gallery-item'>\n\t\t\t<div class='gallery-icon landscape'>\n\t\t\t\t<a href='https:\/\/ffyh.unc.edu.ar\/alfilo\/una-historia-colectiva\/itinerarios-15\/'><img loading=\"lazy\" decoding=\"async\" width=\"1024\" height=\"759\" src=\"https:\/\/ffyh.unc.edu.ar\/alfilo\/wp-content\/uploads\/sites\/11\/2018\/12\/itinerarios-15-1024x759.jpg\" class=\"attachment-large size-large\" alt=\"\" srcset=\"https:\/\/ffyh.unc.edu.ar\/alfilo\/wp-content\/uploads\/sites\/11\/2018\/12\/itinerarios-15.jpg 1024w, https:\/\/ffyh.unc.edu.ar\/alfilo\/wp-content\/uploads\/sites\/11\/2018\/12\/itinerarios-15-300x222.jpg 300w, https:\/\/ffyh.unc.edu.ar\/alfilo\/wp-content\/uploads\/sites\/11\/2018\/12\/itinerarios-15-768x569.jpg 768w, https:\/\/ffyh.unc.edu.ar\/alfilo\/wp-content\/uploads\/sites\/11\/2018\/12\/itinerarios-15-600x445.jpg 600w, https:\/\/ffyh.unc.edu.ar\/alfilo\/wp-content\/uploads\/sites\/11\/2018\/12\/itinerarios-15-80x60.jpg 80w\" sizes=\"auto, (max-width: 1024px) 100vw, 1024px\" \/><\/a>\n\t\t\t<\/div><\/figure><figure class='gallery-item'>\n\t\t\t<div class='gallery-icon landscape'>\n\t\t\t\t<a href='https:\/\/ffyh.unc.edu.ar\/alfilo\/una-historia-colectiva\/itinerarios-16\/'><img loading=\"lazy\" decoding=\"async\" width=\"1024\" height=\"566\" src=\"https:\/\/ffyh.unc.edu.ar\/alfilo\/wp-content\/uploads\/sites\/11\/2018\/12\/itinerarios-16-1024x566.jpg\" class=\"attachment-large size-large\" alt=\"\" srcset=\"https:\/\/ffyh.unc.edu.ar\/alfilo\/wp-content\/uploads\/sites\/11\/2018\/12\/itinerarios-16.jpg 1024w, https:\/\/ffyh.unc.edu.ar\/alfilo\/wp-content\/uploads\/sites\/11\/2018\/12\/itinerarios-16-300x166.jpg 300w, https:\/\/ffyh.unc.edu.ar\/alfilo\/wp-content\/uploads\/sites\/11\/2018\/12\/itinerarios-16-768x425.jpg 768w, https:\/\/ffyh.unc.edu.ar\/alfilo\/wp-content\/uploads\/sites\/11\/2018\/12\/itinerarios-16-600x332.jpg 600w\" sizes=\"auto, (max-width: 1024px) 100vw, 1024px\" \/><\/a>\n\t\t\t<\/div><\/figure><figure class='gallery-item'>\n\t\t\t<div class='gallery-icon landscape'>\n\t\t\t\t<a href='https:\/\/ffyh.unc.edu.ar\/alfilo\/una-historia-colectiva\/itinerarios-17\/'><img loading=\"lazy\" decoding=\"async\" width=\"1024\" height=\"534\" src=\"https:\/\/ffyh.unc.edu.ar\/alfilo\/wp-content\/uploads\/sites\/11\/2018\/12\/itinerarios-17-1024x534.jpg\" class=\"attachment-large size-large\" alt=\"\" srcset=\"https:\/\/ffyh.unc.edu.ar\/alfilo\/wp-content\/uploads\/sites\/11\/2018\/12\/itinerarios-17.jpg 1024w, https:\/\/ffyh.unc.edu.ar\/alfilo\/wp-content\/uploads\/sites\/11\/2018\/12\/itinerarios-17-300x156.jpg 300w, https:\/\/ffyh.unc.edu.ar\/alfilo\/wp-content\/uploads\/sites\/11\/2018\/12\/itinerarios-17-768x401.jpg 768w, https:\/\/ffyh.unc.edu.ar\/alfilo\/wp-content\/uploads\/sites\/11\/2018\/12\/itinerarios-17-600x313.jpg 600w\" sizes=\"auto, (max-width: 1024px) 100vw, 1024px\" \/><\/a>\n\t\t\t<\/div><\/figure><figure class='gallery-item'>\n\t\t\t<div class='gallery-icon landscape'>\n\t\t\t\t<a href='https:\/\/ffyh.unc.edu.ar\/alfilo\/una-historia-colectiva\/itinerarios-talleres-3\/'><img loading=\"lazy\" decoding=\"async\" width=\"1024\" height=\"477\" src=\"https:\/\/ffyh.unc.edu.ar\/alfilo\/wp-content\/uploads\/sites\/11\/2018\/12\/itinerarios-talleres-3-1024x477.jpg\" class=\"attachment-large size-large\" alt=\"\" srcset=\"https:\/\/ffyh.unc.edu.ar\/alfilo\/wp-content\/uploads\/sites\/11\/2018\/12\/itinerarios-talleres-3.jpg 1024w, https:\/\/ffyh.unc.edu.ar\/alfilo\/wp-content\/uploads\/sites\/11\/2018\/12\/itinerarios-talleres-3-300x140.jpg 300w, https:\/\/ffyh.unc.edu.ar\/alfilo\/wp-content\/uploads\/sites\/11\/2018\/12\/itinerarios-talleres-3-768x358.jpg 768w, https:\/\/ffyh.unc.edu.ar\/alfilo\/wp-content\/uploads\/sites\/11\/2018\/12\/itinerarios-talleres-3-600x279.jpg 600w\" sizes=\"auto, (max-width: 1024px) 100vw, 1024px\" \/><\/a>\n\t\t\t<\/div><\/figure><figure class='gallery-item'>\n\t\t\t<div class='gallery-icon landscape'>\n\t\t\t\t<a href='https:\/\/ffyh.unc.edu.ar\/alfilo\/una-historia-colectiva\/itinerarios-talleres-1\/'><img loading=\"lazy\" decoding=\"async\" width=\"1024\" height=\"503\" src=\"https:\/\/ffyh.unc.edu.ar\/alfilo\/wp-content\/uploads\/sites\/11\/2018\/12\/itinerarios-talleres-1-1024x503.jpg\" class=\"attachment-large size-large\" alt=\"\" srcset=\"https:\/\/ffyh.unc.edu.ar\/alfilo\/wp-content\/uploads\/sites\/11\/2018\/12\/itinerarios-talleres-1-1024x503.jpg 1024w, https:\/\/ffyh.unc.edu.ar\/alfilo\/wp-content\/uploads\/sites\/11\/2018\/12\/itinerarios-talleres-1-300x147.jpg 300w, https:\/\/ffyh.unc.edu.ar\/alfilo\/wp-content\/uploads\/sites\/11\/2018\/12\/itinerarios-talleres-1-768x377.jpg 768w, https:\/\/ffyh.unc.edu.ar\/alfilo\/wp-content\/uploads\/sites\/11\/2018\/12\/itinerarios-talleres-1-600x294.jpg 600w, https:\/\/ffyh.unc.edu.ar\/alfilo\/wp-content\/uploads\/sites\/11\/2018\/12\/itinerarios-talleres-1.jpg 1251w\" sizes=\"auto, (max-width: 1024px) 100vw, 1024px\" \/><\/a>\n\t\t\t<\/div><\/figure><figure class='gallery-item'>\n\t\t\t<div class='gallery-icon landscape'>\n\t\t\t\t<a href='https:\/\/ffyh.unc.edu.ar\/alfilo\/una-historia-colectiva\/itinerarios-talleres\/'><img loading=\"lazy\" decoding=\"async\" width=\"1024\" height=\"582\" src=\"https:\/\/ffyh.unc.edu.ar\/alfilo\/wp-content\/uploads\/sites\/11\/2018\/12\/itinerarios-talleres-1024x582.jpg\" class=\"attachment-large size-large\" alt=\"\" srcset=\"https:\/\/ffyh.unc.edu.ar\/alfilo\/wp-content\/uploads\/sites\/11\/2018\/12\/itinerarios-talleres.jpg 1024w, https:\/\/ffyh.unc.edu.ar\/alfilo\/wp-content\/uploads\/sites\/11\/2018\/12\/itinerarios-talleres-300x171.jpg 300w, https:\/\/ffyh.unc.edu.ar\/alfilo\/wp-content\/uploads\/sites\/11\/2018\/12\/itinerarios-talleres-768x437.jpg 768w, https:\/\/ffyh.unc.edu.ar\/alfilo\/wp-content\/uploads\/sites\/11\/2018\/12\/itinerarios-talleres-600x341.jpg 600w\" sizes=\"auto, (max-width: 1024px) 100vw, 1024px\" \/><\/a>\n\t\t\t<\/div><\/figure>\n\t\t<\/div>\n\n","protected":false},"excerpt":{"rendered":"<div class=\"mh-excerpt\"><p>En el marco de las \u00abI Jornadas de Reflexi\u00f3n, Investigaci\u00f3n y Ense\u00f1anza de Historia de C\u00f3rdoba\u00bb, se present\u00f3 el libro Itinerarios, un material de ense\u00f1anza y producci\u00f3n cient\u00edfica pensado para las escuelas secundarias, editado a partir de un convenio de <a class=\"mh-excerpt-more\" href=\"https:\/\/ffyh.unc.edu.ar\/alfilo\/una-historia-colectiva\/\" title=\"Una historia colectiva\">[Leer m\u00e1s]<\/a><\/p>\n<\/div>","protected":false},"author":2,"featured_media":5654,"comment_status":"closed","ping_status":"closed","sticky":false,"template":"","format":"standard","meta":{"_acf_changed":false,"_monsterinsights_skip_tracking":false,"_monsterinsights_sitenote_active":false,"_monsterinsights_sitenote_note":"","_monsterinsights_sitenote_category":0,"_jetpack_memberships_contains_paid_content":false,"footnotes":""},"categories":[213],"tags":[181,109],"class_list":["post-5652","post","type-post","status-publish","format-standard","has-post-thumbnail","hentry","category-213","tag-historia","tag-memoria"],"acf":[],"yoast_head":"<!-- This site is optimized with the Yoast SEO plugin v27.1.1 - https:\/\/yoast.com\/product\/yoast-seo-wordpress\/ -->\n<title>Una historia colectiva - Alfilo<\/title>\n<meta name=\"robots\" content=\"index, follow, max-snippet:-1, max-image-preview:large, max-video-preview:-1\" \/>\n<link rel=\"canonical\" href=\"https:\/\/ffyh.unc.edu.ar\/alfilo\/una-historia-colectiva\/\" \/>\n<meta property=\"og:locale\" content=\"es_ES\" \/>\n<meta property=\"og:type\" content=\"article\" \/>\n<meta property=\"og:title\" content=\"Una historia colectiva - Alfilo\" \/>\n<meta property=\"og:description\" content=\"En el marco de las \u00abI Jornadas de Reflexi\u00f3n, Investigaci\u00f3n y Ense\u00f1anza de Historia de C\u00f3rdoba\u00bb, se present\u00f3 el libro Itinerarios, un material de ense\u00f1anza y producci\u00f3n cient\u00edfica pensado para las escuelas secundarias, editado a partir de un convenio de [Leer m\u00e1s]\" \/>\n<meta property=\"og:url\" content=\"https:\/\/ffyh.unc.edu.ar\/alfilo\/una-historia-colectiva\/\" \/>\n<meta property=\"og:site_name\" content=\"Alfilo\" \/>\n<meta property=\"article:publisher\" content=\"https:\/\/www.facebook.com\/ffyh.unc\/\" \/>\n<meta property=\"article:published_time\" content=\"2018-12-12T16:32:27+00:00\" \/>\n<meta property=\"article:modified_time\" content=\"2018-12-12T20:43:14+00:00\" \/>\n<meta property=\"og:image\" content=\"https:\/\/ffyh.unc.edu.ar\/alfilo\/wp-content\/uploads\/sites\/11\/2018\/12\/itinerarios-portada.jpg\" \/>\n\t<meta property=\"og:image:width\" content=\"1024\" \/>\n\t<meta property=\"og:image:height\" content=\"499\" \/>\n\t<meta property=\"og:image:type\" content=\"image\/jpeg\" \/>\n<meta name=\"author\" content=\"\u00c1rea de Comunicaci\u00f3n - FFyH\" \/>\n<meta name=\"twitter:card\" content=\"summary_large_image\" \/>\n<meta name=\"twitter:creator\" content=\"@ffyh_unc\" \/>\n<meta name=\"twitter:site\" content=\"@ffyh_unc\" \/>\n<meta name=\"twitter:label1\" content=\"Escrito por\" \/>\n\t<meta name=\"twitter:data1\" content=\"\" \/>\n\t<meta name=\"twitter:label2\" content=\"Tiempo de lectura\" \/>\n\t<meta name=\"twitter:data2\" content=\"13 minutos\" \/>\n<script type=\"application\/ld+json\" class=\"yoast-schema-graph\">{\"@context\":\"https:\/\/schema.org\",\"@graph\":[{\"@type\":\"Article\",\"@id\":\"https:\/\/ffyh.unc.edu.ar\/alfilo\/una-historia-colectiva\/#article\",\"isPartOf\":{\"@id\":\"https:\/\/ffyh.unc.edu.ar\/alfilo\/una-historia-colectiva\/\"},\"author\":{\"name\":\"\u00c1rea de Comunicaci\u00f3n - FFyH\",\"@id\":\"https:\/\/ffyh.unc.edu.ar\/alfilo\/#\/schema\/person\/e6b9f6aec95cb7437bb2fde09e23b224\"},\"headline\":\"Una historia colectiva\",\"datePublished\":\"2018-12-12T16:32:27+00:00\",\"dateModified\":\"2018-12-12T20:43:14+00:00\",\"mainEntityOfPage\":{\"@id\":\"https:\/\/ffyh.unc.edu.ar\/alfilo\/una-historia-colectiva\/\"},\"wordCount\":2528,\"publisher\":{\"@id\":\"https:\/\/ffyh.unc.edu.ar\/alfilo\/#organization\"},\"image\":{\"@id\":\"https:\/\/ffyh.unc.edu.ar\/alfilo\/una-historia-colectiva\/#primaryimage\"},\"thumbnailUrl\":\"https:\/\/ffyh.unc.edu.ar\/alfilo\/wp-content\/uploads\/sites\/11\/2018\/12\/itinerarios-portada.jpg\",\"keywords\":[\"Historia\",\"Memoria\"],\"articleSection\":[\"73\"],\"inLanguage\":\"es\"},{\"@type\":\"WebPage\",\"@id\":\"https:\/\/ffyh.unc.edu.ar\/alfilo\/una-historia-colectiva\/\",\"url\":\"https:\/\/ffyh.unc.edu.ar\/alfilo\/una-historia-colectiva\/\",\"name\":\"Una historia colectiva - Alfilo\",\"isPartOf\":{\"@id\":\"https:\/\/ffyh.unc.edu.ar\/alfilo\/#website\"},\"primaryImageOfPage\":{\"@id\":\"https:\/\/ffyh.unc.edu.ar\/alfilo\/una-historia-colectiva\/#primaryimage\"},\"image\":{\"@id\":\"https:\/\/ffyh.unc.edu.ar\/alfilo\/una-historia-colectiva\/#primaryimage\"},\"thumbnailUrl\":\"https:\/\/ffyh.unc.edu.ar\/alfilo\/wp-content\/uploads\/sites\/11\/2018\/12\/itinerarios-portada.jpg\",\"datePublished\":\"2018-12-12T16:32:27+00:00\",\"dateModified\":\"2018-12-12T20:43:14+00:00\",\"breadcrumb\":{\"@id\":\"https:\/\/ffyh.unc.edu.ar\/alfilo\/una-historia-colectiva\/#breadcrumb\"},\"inLanguage\":\"es\",\"potentialAction\":[{\"@type\":\"ReadAction\",\"target\":[\"https:\/\/ffyh.unc.edu.ar\/alfilo\/una-historia-colectiva\/\"]}]},{\"@type\":\"ImageObject\",\"inLanguage\":\"es\",\"@id\":\"https:\/\/ffyh.unc.edu.ar\/alfilo\/una-historia-colectiva\/#primaryimage\",\"url\":\"https:\/\/ffyh.unc.edu.ar\/alfilo\/wp-content\/uploads\/sites\/11\/2018\/12\/itinerarios-portada.jpg\",\"contentUrl\":\"https:\/\/ffyh.unc.edu.ar\/alfilo\/wp-content\/uploads\/sites\/11\/2018\/12\/itinerarios-portada.jpg\",\"width\":1024,\"height\":499},{\"@type\":\"BreadcrumbList\",\"@id\":\"https:\/\/ffyh.unc.edu.ar\/alfilo\/una-historia-colectiva\/#breadcrumb\",\"itemListElement\":[{\"@type\":\"ListItem\",\"position\":1,\"name\":\"Portada\",\"item\":\"https:\/\/ffyh.unc.edu.ar\/alfilo\/\"},{\"@type\":\"ListItem\",\"position\":2,\"name\":\"Una historia colectiva\"}]},{\"@type\":\"WebSite\",\"@id\":\"https:\/\/ffyh.unc.edu.ar\/alfilo\/#website\",\"url\":\"https:\/\/ffyh.unc.edu.ar\/alfilo\/\",\"name\":\"Alfilo\",\"description\":\"Revista digital de la Facultad de Filosof\u00eda y Humanidades - Universidad Nacional de C\u00f3rdoba\",\"publisher\":{\"@id\":\"https:\/\/ffyh.unc.edu.ar\/alfilo\/#organization\"},\"potentialAction\":[{\"@type\":\"SearchAction\",\"target\":{\"@type\":\"EntryPoint\",\"urlTemplate\":\"https:\/\/ffyh.unc.edu.ar\/alfilo\/?s={search_term_string}\"},\"query-input\":{\"@type\":\"PropertyValueSpecification\",\"valueRequired\":true,\"valueName\":\"search_term_string\"}}],\"inLanguage\":\"es\"},{\"@type\":\"Organization\",\"@id\":\"https:\/\/ffyh.unc.edu.ar\/alfilo\/#organization\",\"name\":\"Alfilo | Revista digital de la Facultad de Filosof\u00eda y Humanidades | UNC\",\"url\":\"https:\/\/ffyh.unc.edu.ar\/alfilo\/\",\"logo\":{\"@type\":\"ImageObject\",\"inLanguage\":\"es\",\"@id\":\"https:\/\/ffyh.unc.edu.ar\/alfilo\/#\/schema\/logo\/image\/\",\"url\":\"https:\/\/ffyh.unc.edu.ar\/alfilo\/wp-content\/uploads\/sites\/11\/2015\/04\/banner-alfilo-2015-ico.jpg\",\"contentUrl\":\"https:\/\/ffyh.unc.edu.ar\/alfilo\/wp-content\/uploads\/sites\/11\/2015\/04\/banner-alfilo-2015-ico.jpg\",\"width\":253,\"height\":128,\"caption\":\"Alfilo | Revista digital de la Facultad de Filosof\u00eda y Humanidades | UNC\"},\"image\":{\"@id\":\"https:\/\/ffyh.unc.edu.ar\/alfilo\/#\/schema\/logo\/image\/\"},\"sameAs\":[\"https:\/\/www.facebook.com\/ffyh.unc\/\",\"https:\/\/x.com\/ffyh_unc\",\"https:\/\/www.instagram.com\/ffyhunc\/\",\"https:\/\/www.youtube.com\/user\/comunicacionfilo\"]},{\"@type\":\"Person\",\"@id\":\"https:\/\/ffyh.unc.edu.ar\/alfilo\/#\/schema\/person\/e6b9f6aec95cb7437bb2fde09e23b224\",\"name\":\"\u00c1rea de Comunicaci\u00f3n - FFyH\",\"image\":{\"@type\":\"ImageObject\",\"inLanguage\":\"es\",\"@id\":\"https:\/\/ffyh.unc.edu.ar\/alfilo\/#\/schema\/person\/image\/\",\"url\":\"https:\/\/secure.gravatar.com\/avatar\/1d896d10b19526e4cb6e972ca0f1b6719a4697e2d88742a801b88b3682d5be75?s=96&d=mm&r=g\",\"contentUrl\":\"https:\/\/secure.gravatar.com\/avatar\/1d896d10b19526e4cb6e972ca0f1b6719a4697e2d88742a801b88b3682d5be75?s=96&d=mm&r=g\",\"caption\":\"\u00c1rea de Comunicaci\u00f3n - FFyH\"},\"url\":\"https:\/\/ffyh.unc.edu.ar\/alfilo\/author\/prensa\/\"}]}<\/script>\n<!-- \/ Yoast SEO plugin. -->","yoast_head_json":{"title":"Una historia colectiva - Alfilo","robots":{"index":"index","follow":"follow","max-snippet":"max-snippet:-1","max-image-preview":"max-image-preview:large","max-video-preview":"max-video-preview:-1"},"canonical":"https:\/\/ffyh.unc.edu.ar\/alfilo\/una-historia-colectiva\/","og_locale":"es_ES","og_type":"article","og_title":"Una historia colectiva - Alfilo","og_description":"En el marco de las \u00abI Jornadas de Reflexi\u00f3n, Investigaci\u00f3n y Ense\u00f1anza de Historia de C\u00f3rdoba\u00bb, se present\u00f3 el libro Itinerarios, un material de ense\u00f1anza y producci\u00f3n cient\u00edfica pensado para las escuelas secundarias, editado a partir de un convenio de [Leer m\u00e1s]","og_url":"https:\/\/ffyh.unc.edu.ar\/alfilo\/una-historia-colectiva\/","og_site_name":"Alfilo","article_publisher":"https:\/\/www.facebook.com\/ffyh.unc\/","article_published_time":"2018-12-12T16:32:27+00:00","article_modified_time":"2018-12-12T20:43:14+00:00","og_image":[{"width":1024,"height":499,"url":"https:\/\/ffyh.unc.edu.ar\/alfilo\/wp-content\/uploads\/sites\/11\/2018\/12\/itinerarios-portada.jpg","type":"image\/jpeg"}],"author":"\u00c1rea de Comunicaci\u00f3n - FFyH","twitter_card":"summary_large_image","twitter_creator":"@ffyh_unc","twitter_site":"@ffyh_unc","twitter_misc":{"Escrito por":false,"Tiempo de lectura":"13 minutos"},"schema":{"@context":"https:\/\/schema.org","@graph":[{"@type":"Article","@id":"https:\/\/ffyh.unc.edu.ar\/alfilo\/una-historia-colectiva\/#article","isPartOf":{"@id":"https:\/\/ffyh.unc.edu.ar\/alfilo\/una-historia-colectiva\/"},"author":{"name":"\u00c1rea de Comunicaci\u00f3n - FFyH","@id":"https:\/\/ffyh.unc.edu.ar\/alfilo\/#\/schema\/person\/e6b9f6aec95cb7437bb2fde09e23b224"},"headline":"Una historia colectiva","datePublished":"2018-12-12T16:32:27+00:00","dateModified":"2018-12-12T20:43:14+00:00","mainEntityOfPage":{"@id":"https:\/\/ffyh.unc.edu.ar\/alfilo\/una-historia-colectiva\/"},"wordCount":2528,"publisher":{"@id":"https:\/\/ffyh.unc.edu.ar\/alfilo\/#organization"},"image":{"@id":"https:\/\/ffyh.unc.edu.ar\/alfilo\/una-historia-colectiva\/#primaryimage"},"thumbnailUrl":"https:\/\/ffyh.unc.edu.ar\/alfilo\/wp-content\/uploads\/sites\/11\/2018\/12\/itinerarios-portada.jpg","keywords":["Historia","Memoria"],"articleSection":["73"],"inLanguage":"es"},{"@type":"WebPage","@id":"https:\/\/ffyh.unc.edu.ar\/alfilo\/una-historia-colectiva\/","url":"https:\/\/ffyh.unc.edu.ar\/alfilo\/una-historia-colectiva\/","name":"Una historia colectiva - Alfilo","isPartOf":{"@id":"https:\/\/ffyh.unc.edu.ar\/alfilo\/#website"},"primaryImageOfPage":{"@id":"https:\/\/ffyh.unc.edu.ar\/alfilo\/una-historia-colectiva\/#primaryimage"},"image":{"@id":"https:\/\/ffyh.unc.edu.ar\/alfilo\/una-historia-colectiva\/#primaryimage"},"thumbnailUrl":"https:\/\/ffyh.unc.edu.ar\/alfilo\/wp-content\/uploads\/sites\/11\/2018\/12\/itinerarios-portada.jpg","datePublished":"2018-12-12T16:32:27+00:00","dateModified":"2018-12-12T20:43:14+00:00","breadcrumb":{"@id":"https:\/\/ffyh.unc.edu.ar\/alfilo\/una-historia-colectiva\/#breadcrumb"},"inLanguage":"es","potentialAction":[{"@type":"ReadAction","target":["https:\/\/ffyh.unc.edu.ar\/alfilo\/una-historia-colectiva\/"]}]},{"@type":"ImageObject","inLanguage":"es","@id":"https:\/\/ffyh.unc.edu.ar\/alfilo\/una-historia-colectiva\/#primaryimage","url":"https:\/\/ffyh.unc.edu.ar\/alfilo\/wp-content\/uploads\/sites\/11\/2018\/12\/itinerarios-portada.jpg","contentUrl":"https:\/\/ffyh.unc.edu.ar\/alfilo\/wp-content\/uploads\/sites\/11\/2018\/12\/itinerarios-portada.jpg","width":1024,"height":499},{"@type":"BreadcrumbList","@id":"https:\/\/ffyh.unc.edu.ar\/alfilo\/una-historia-colectiva\/#breadcrumb","itemListElement":[{"@type":"ListItem","position":1,"name":"Portada","item":"https:\/\/ffyh.unc.edu.ar\/alfilo\/"},{"@type":"ListItem","position":2,"name":"Una historia colectiva"}]},{"@type":"WebSite","@id":"https:\/\/ffyh.unc.edu.ar\/alfilo\/#website","url":"https:\/\/ffyh.unc.edu.ar\/alfilo\/","name":"Alfilo","description":"Revista digital de la Facultad de Filosof\u00eda y Humanidades - Universidad Nacional de C\u00f3rdoba","publisher":{"@id":"https:\/\/ffyh.unc.edu.ar\/alfilo\/#organization"},"potentialAction":[{"@type":"SearchAction","target":{"@type":"EntryPoint","urlTemplate":"https:\/\/ffyh.unc.edu.ar\/alfilo\/?s={search_term_string}"},"query-input":{"@type":"PropertyValueSpecification","valueRequired":true,"valueName":"search_term_string"}}],"inLanguage":"es"},{"@type":"Organization","@id":"https:\/\/ffyh.unc.edu.ar\/alfilo\/#organization","name":"Alfilo | Revista digital de la Facultad de Filosof\u00eda y Humanidades | UNC","url":"https:\/\/ffyh.unc.edu.ar\/alfilo\/","logo":{"@type":"ImageObject","inLanguage":"es","@id":"https:\/\/ffyh.unc.edu.ar\/alfilo\/#\/schema\/logo\/image\/","url":"https:\/\/ffyh.unc.edu.ar\/alfilo\/wp-content\/uploads\/sites\/11\/2015\/04\/banner-alfilo-2015-ico.jpg","contentUrl":"https:\/\/ffyh.unc.edu.ar\/alfilo\/wp-content\/uploads\/sites\/11\/2015\/04\/banner-alfilo-2015-ico.jpg","width":253,"height":128,"caption":"Alfilo | Revista digital de la Facultad de Filosof\u00eda y Humanidades | UNC"},"image":{"@id":"https:\/\/ffyh.unc.edu.ar\/alfilo\/#\/schema\/logo\/image\/"},"sameAs":["https:\/\/www.facebook.com\/ffyh.unc\/","https:\/\/x.com\/ffyh_unc","https:\/\/www.instagram.com\/ffyhunc\/","https:\/\/www.youtube.com\/user\/comunicacionfilo"]},{"@type":"Person","@id":"https:\/\/ffyh.unc.edu.ar\/alfilo\/#\/schema\/person\/e6b9f6aec95cb7437bb2fde09e23b224","name":"\u00c1rea de Comunicaci\u00f3n - FFyH","image":{"@type":"ImageObject","inLanguage":"es","@id":"https:\/\/ffyh.unc.edu.ar\/alfilo\/#\/schema\/person\/image\/","url":"https:\/\/secure.gravatar.com\/avatar\/1d896d10b19526e4cb6e972ca0f1b6719a4697e2d88742a801b88b3682d5be75?s=96&d=mm&r=g","contentUrl":"https:\/\/secure.gravatar.com\/avatar\/1d896d10b19526e4cb6e972ca0f1b6719a4697e2d88742a801b88b3682d5be75?s=96&d=mm&r=g","caption":"\u00c1rea de Comunicaci\u00f3n - FFyH"},"url":"https:\/\/ffyh.unc.edu.ar\/alfilo\/author\/prensa\/"}]}},"jetpack_featured_media_url":"https:\/\/ffyh.unc.edu.ar\/alfilo\/wp-content\/uploads\/sites\/11\/2018\/12\/itinerarios-portada.jpg","jetpack_sharing_enabled":true,"_links":{"self":[{"href":"https:\/\/ffyh.unc.edu.ar\/alfilo\/wp-json\/wp\/v2\/posts\/5652","targetHints":{"allow":["GET"]}}],"collection":[{"href":"https:\/\/ffyh.unc.edu.ar\/alfilo\/wp-json\/wp\/v2\/posts"}],"about":[{"href":"https:\/\/ffyh.unc.edu.ar\/alfilo\/wp-json\/wp\/v2\/types\/post"}],"author":[{"embeddable":true,"href":"https:\/\/ffyh.unc.edu.ar\/alfilo\/wp-json\/wp\/v2\/users\/2"}],"replies":[{"embeddable":true,"href":"https:\/\/ffyh.unc.edu.ar\/alfilo\/wp-json\/wp\/v2\/comments?post=5652"}],"version-history":[{"count":7,"href":"https:\/\/ffyh.unc.edu.ar\/alfilo\/wp-json\/wp\/v2\/posts\/5652\/revisions"}],"predecessor-version":[{"id":5687,"href":"https:\/\/ffyh.unc.edu.ar\/alfilo\/wp-json\/wp\/v2\/posts\/5652\/revisions\/5687"}],"wp:featuredmedia":[{"embeddable":true,"href":"https:\/\/ffyh.unc.edu.ar\/alfilo\/wp-json\/wp\/v2\/media\/5654"}],"wp:attachment":[{"href":"https:\/\/ffyh.unc.edu.ar\/alfilo\/wp-json\/wp\/v2\/media?parent=5652"}],"wp:term":[{"taxonomy":"category","embeddable":true,"href":"https:\/\/ffyh.unc.edu.ar\/alfilo\/wp-json\/wp\/v2\/categories?post=5652"},{"taxonomy":"post_tag","embeddable":true,"href":"https:\/\/ffyh.unc.edu.ar\/alfilo\/wp-json\/wp\/v2\/tags?post=5652"}],"curies":[{"name":"wp","href":"https:\/\/api.w.org\/{rel}","templated":true}]}}