{"id":5752,"date":"2019-03-29T16:59:25","date_gmt":"2019-03-29T16:59:25","guid":{"rendered":"http:\/\/ffyh.unc.edu.ar\/alfilo\/?p=5752"},"modified":"2019-03-29T17:17:50","modified_gmt":"2019-03-29T17:17:50","slug":"uno-de-lxs-nuestrxs","status":"publish","type":"post","link":"https:\/\/ffyh.unc.edu.ar\/alfilo\/uno-de-lxs-nuestrxs\/","title":{"rendered":"Uno de lxs nuestrxs"},"content":{"rendered":"<p><strong><img loading=\"lazy\" decoding=\"async\" class=\"alignright wp-image-5756\" src=\"http:\/\/ffyh.unc.edu.ar\/alfilo\/wp-content\/uploads\/sites\/11\/2019\/03\/bayer-final.jpg\" alt=\"\" width=\"450\" height=\"450\" srcset=\"https:\/\/ffyh.unc.edu.ar\/alfilo\/wp-content\/uploads\/sites\/11\/2019\/03\/bayer-final.jpg 1080w, https:\/\/ffyh.unc.edu.ar\/alfilo\/wp-content\/uploads\/sites\/11\/2019\/03\/bayer-final-150x150.jpg 150w, https:\/\/ffyh.unc.edu.ar\/alfilo\/wp-content\/uploads\/sites\/11\/2019\/03\/bayer-final-300x300.jpg 300w, https:\/\/ffyh.unc.edu.ar\/alfilo\/wp-content\/uploads\/sites\/11\/2019\/03\/bayer-final-768x768.jpg 768w, https:\/\/ffyh.unc.edu.ar\/alfilo\/wp-content\/uploads\/sites\/11\/2019\/03\/bayer-final-1024x1024.jpg 1024w, https:\/\/ffyh.unc.edu.ar\/alfilo\/wp-content\/uploads\/sites\/11\/2019\/03\/bayer-final-250x250.jpg 250w, https:\/\/ffyh.unc.edu.ar\/alfilo\/wp-content\/uploads\/sites\/11\/2019\/03\/bayer-final-600x600.jpg 600w\" sizes=\"auto, (max-width: 450px) 100vw, 450px\" \/>Osvaldo Bayer hab\u00eda aceptado ser el presidente honorario del I Encuentro Internacional: Derechos Ling\u00fc\u00edsticos como Derechos Humanos. Por ese motivo, el 26 de marzo, en la apertura del evento, se realiz\u00f3 un homenaje al escritor que falleci\u00f3 el 24 de diciembre de 2018, que estuvo a cargo de Diego Tati\u00e1n, Flavia Dezzuto y Mar\u00eda Teresa Andruetto.<\/strong><\/p>\n<p><!--more--><\/p>\n<p>Durante casi todo 2018, muchxs integrantes de la Facultad de Filosof\u00eda y Humanidades pensaron c\u00f3mo se desarrollar\u00eda el\u00a0 I Encuentro Internacional: Derechos Ling\u00fc\u00edsticos como Derechos Humanos, qu\u00e9 actividades habr\u00eda y qui\u00e9nes ser\u00edan lxs invitadxs.<\/p>\n<p>Pero su presidente honorario era casi indiscutible: Osvaldo Bayer. Era el nombre indicado para el evento que planteaba \u00a0\u201cvisibilizar problem\u00e1ticas vinculadas a la lengua y a las pol\u00edticas ling\u00fc\u00edsticas, con la convicci\u00f3n de que el respeto a la variabilidad ling\u00fc\u00edstica constituye un derecho humano inalienable\u201d.<\/p>\n<p>Lxs organizadores se comunicaron con \u00e9l y acept\u00f3 inmediatamente. Todxs sab\u00edan que su salud era fr\u00e1gil y estaba deteriorada, por lo que hab\u00eda dicho que no pod\u00eda asistir pero que iba a \u201cmandar algo\u201d. A los 91 a\u00f1os, el 24 de diciembre de 2018, Bayer falleci\u00f3. \u201cSi va a estar el rey, es fundamental hacer esto\u201d, les dijo en una de las charlas previas.<\/p>\n<p><img loading=\"lazy\" decoding=\"async\" class=\"alignnone size-full wp-image-5753\" src=\"http:\/\/ffyh.unc.edu.ar\/alfilo\/wp-content\/uploads\/sites\/11\/2019\/03\/homenaje-bayer-1.jpg\" alt=\"\" width=\"1024\" height=\"545\" srcset=\"https:\/\/ffyh.unc.edu.ar\/alfilo\/wp-content\/uploads\/sites\/11\/2019\/03\/homenaje-bayer-1.jpg 1024w, https:\/\/ffyh.unc.edu.ar\/alfilo\/wp-content\/uploads\/sites\/11\/2019\/03\/homenaje-bayer-1-300x160.jpg 300w, https:\/\/ffyh.unc.edu.ar\/alfilo\/wp-content\/uploads\/sites\/11\/2019\/03\/homenaje-bayer-1-768x409.jpg 768w, https:\/\/ffyh.unc.edu.ar\/alfilo\/wp-content\/uploads\/sites\/11\/2019\/03\/homenaje-bayer-1-600x319.jpg 600w\" sizes=\"auto, (max-width: 1024px) 100vw, 1024px\" \/><\/p>\n<p>De esta manera, en el Encuentro tuvo el homenaje que merec\u00eda y su presencia tambi\u00e9n se sinti\u00f3. C\u00e9sar Marchesino, Director del Programa de Derechos Humanos de la Facultad, fue el encargado de presentar a quienes recordaron al autor de <em>Los vengadores de la Patagonia Tr\u00e1gica<\/em>: el fil\u00f3sofo Diego Tati\u00e1n, la vicedecana y fil\u00f3sofa Flavia Dezzutto y la escritora Mar\u00eda Teresa Andruetto.<\/p>\n<p><strong>La violencia justa<\/strong><\/p>\n<p>En su alocuci\u00f3n, titulada \u201cOsvaldo Bayer, la vida de izquierda\u201d, Tati\u00e1n reconoce que \u201cla tarea historiogr\u00e1fica de Bayer es al mismo tiempo una arqueolog\u00eda popular de lo que Freud llam\u00f3 <em>Freiheitsdrang<\/em> \u2013que puede traducirse como \u201cimpulso de libertad\u201d, acaso tambi\u00e9n como \u201curgencia de libertad\u201d, e incluso \u201cimpaciencia de la libertad\u201d. Se trata de una palabra que designa un movimiento profundamente humano, inevitable y fuera de todo c\u00e1lculo: alzarse, levantar la mano, abandonar el lugar preasignado, no obedecer una orden, resistir una opresi\u00f3n que busca naturalizarse, infinita gestualidad del rechazo y su casu\u00edstica preciosa\u201d.<\/p>\n<p>\u201cNo son los seres humanos los que se rebelan, ni enteramente sujetos de las rebeliones que desencadenan, sino algo que hay en ellos, muchas veces a pesar de ellos. La memoria de las luchas sociales despierta una confianza en eso que hay y de lo que no disponemos \u2013pues la organizaci\u00f3n, la comunicaci\u00f3n, la teor\u00eda y la disputa l\u00facida suceden siempre despu\u00e9s de que eso inapropiable, imprevisible pero inagotable, se manifiesta\u201d, se\u00f1al\u00f3 el fil\u00f3sofo y escritor.<\/p>\n<p><img loading=\"lazy\" decoding=\"async\" class=\"alignnone size-full wp-image-5754\" src=\"http:\/\/ffyh.unc.edu.ar\/alfilo\/wp-content\/uploads\/sites\/11\/2019\/03\/homenaje-bayer-2.jpg\" alt=\"\" width=\"1024\" height=\"567\" srcset=\"https:\/\/ffyh.unc.edu.ar\/alfilo\/wp-content\/uploads\/sites\/11\/2019\/03\/homenaje-bayer-2.jpg 1024w, https:\/\/ffyh.unc.edu.ar\/alfilo\/wp-content\/uploads\/sites\/11\/2019\/03\/homenaje-bayer-2-300x166.jpg 300w, https:\/\/ffyh.unc.edu.ar\/alfilo\/wp-content\/uploads\/sites\/11\/2019\/03\/homenaje-bayer-2-768x425.jpg 768w, https:\/\/ffyh.unc.edu.ar\/alfilo\/wp-content\/uploads\/sites\/11\/2019\/03\/homenaje-bayer-2-600x332.jpg 600w\" sizes=\"auto, (max-width: 1024px) 100vw, 1024px\" \/><\/p>\n<p>Justamente, las luchas sociales y sus protagonistas, generalmente derrotados, se pueden encontrar en casi todas las obras de Bayer. \u201cNo se propone -no solo- hacer un \u201ctesoro de sufrimientos\u201d, sino disipar la soledad. La soledad de quienes, en cualquier tiempo, reh\u00fasan ser parte de la adversidad que se impone, y acomodarse a ella. Pues ese \u2018no ser parte\u2019 es la forma de vida que rompe con su naturalizado \u2018estar de acuerdo\u2019, con su deriva puramente esteticista, con su banal consentimiento de los hechos\u2026, con lo que ha sido llamado una \u201cvida de derecha\u201d. En contrario, una vida de izquierda es la que nunca abjura de concebir otra cosa que esto, y pone los actos, las palabras y la existencia toda en el riesgo de ser conducida por ese pensamiento de otra cosa. Lo que anima la intensa vida de izquierda de Osvaldo Bayer, lo que sobre todo atesora el tesoro que nos ha sido legado por \u00e9l, es el interrogante fundamental -que gustosamente llamar\u00edamos filos\u00f3fico- por la crueldad humana. Sus libros pueden ser le\u00eddos, en efecto, como una asombrada indagaci\u00f3n de la crueldad, y junto a ella una indagaci\u00f3n de la violencia, de la violencia justa, y de la paz\u201d, prosigui\u00f3 Tatian.<\/p>\n<p>\u201cLos textos de Osvaldo Bayer reponen la inextinguible pregunta por la violencia justa. \u00bfExiste la violencia justa? Pregunta anacr\u00f3nica que pareciera conmover los trabajosos consensos conseguidos y acaso sin respuesta posible, pero cuya supresi\u00f3n nos condena inermes a la barbarie consumada. La evitaci\u00f3n de cualquier respuesta afirmativa no extingue la pregunta ni debe hacerlo. O bien: la necesaria sustracci\u00f3n de la violencia no se exime de afrontar la incomodidad de sus motivos, ni acepta el negacionismo de las crueldades que la desencadenan. Para alojar esa tensi\u00f3n que atraviesa las cosas y rehusar cualquier liquidaci\u00f3n moralista de su dificultad, acaso pueda decirse que la violencia nunca es predicable ni leg\u00edtima pero s\u00ed muchas veces justa. La justicia sin predicaci\u00f3n es lo que quiz\u00e1s desquicia al \u00e1ngel de la historia\u201d, finaliz\u00f3 el decano de la FFyH, que frente a la adversidad de estos tiempos dijo que \u201cal menos tenemos ah\u00ed el trabajo amoroso e intenso de Osvaldo Bayer, para aprender a no cansarse, para no sentirse solos, para no ser parte y para orientarse siempre por la memoria de las luchas populares, una y otra vez -tambi\u00e9n ahora-, objeto de la infinita crueldad\u201d.<\/p>\n<p><strong>Una \u00e9tica de la insubordinaci\u00f3n<\/strong><\/p>\n<p>A continuaci\u00f3n, la vicedecana Flavia Dezzutto se refiri\u00f3 a la figura Bayer y destac\u00f3 que \u201ctuvo el coraje y la lucidez de pasar una temporada en los infiernos de la historia de nuestro pa\u00eds\u201d para brindar \u201cuna serie de ense\u00f1anzas, a la cabeza de las cuales yo pondr\u00eda una profundamente querida por los pensadores y pensadoras libertarias, que es rebeli\u00f3n\u201d. \u201cBajando a los infiernos, en cada uno de sus textos est\u00e1 la marca de la rebeli\u00f3n, pero no se conform\u00f3 y pens\u00f3 que era posible hacer otra cosa de la historia\u201d.<\/p>\n<p>Dezzutto subray\u00f3 que Bayer se ocup\u00f3 de la \u201chistoria de los vencidos y vencidas de nuestro pa\u00eds\u201d con una \u201cconvicci\u00f3n \u00e9tico-pol\u00edtica y la necesidad desde su actividad literaria y pol\u00edtica de hacer sitio, despejar, mover lugares comunes de la historia \u2018oficial\u2019 como da cuenta en cuenta en muchos de sus textos\u201d.<\/p>\n<p><img loading=\"lazy\" decoding=\"async\" class=\"alignnone size-full wp-image-5755\" src=\"http:\/\/ffyh.unc.edu.ar\/alfilo\/wp-content\/uploads\/sites\/11\/2019\/03\/homenaje-bayer-3.jpg\" alt=\"\" width=\"1024\" height=\"510\" srcset=\"https:\/\/ffyh.unc.edu.ar\/alfilo\/wp-content\/uploads\/sites\/11\/2019\/03\/homenaje-bayer-3.jpg 1024w, https:\/\/ffyh.unc.edu.ar\/alfilo\/wp-content\/uploads\/sites\/11\/2019\/03\/homenaje-bayer-3-300x149.jpg 300w, https:\/\/ffyh.unc.edu.ar\/alfilo\/wp-content\/uploads\/sites\/11\/2019\/03\/homenaje-bayer-3-768x383.jpg 768w, https:\/\/ffyh.unc.edu.ar\/alfilo\/wp-content\/uploads\/sites\/11\/2019\/03\/homenaje-bayer-3-600x299.jpg 600w\" sizes=\"auto, (max-width: 1024px) 100vw, 1024px\" \/><\/p>\n<p>Otra cuesti\u00f3n que la vicedecana resalt\u00f3 fue la iniciativa de Bayer de trocar algunos nombres de calles, plazas y pueblos de la Argentina. \u201cSiempre me llam\u00f3 la atenci\u00f3n esta man\u00eda de ir pueblo por pueblo queriendo cambiar nombres, de gente muy conocida como el General Roca o menos como Rauch, y la necesidad de decir otros nombres. En ese gesto veo no s\u00f3lo una operaci\u00f3n hist\u00f3rico-ling\u00fc\u00edstica, sino una suerte de denodada convicci\u00f3n de cambiar el signo de nuestra historia colectiva y personal\u201d.<\/p>\n<p>Despu\u00e9s, habl\u00f3 sobre el oficio del historiador y el problema de la verdad hist\u00f3rica. \u201cBayer quiere hacer una historia cient\u00edfica, que a m\u00ed no me cae mal pero s\u00e9 que est\u00e1 mal visto. La verdad hist\u00f3rica est\u00e1 hecha de marcas y testimonios materiales\u201d, indic\u00f3 Dezzutto.<\/p>\n<p>\u201cLo que est\u00e1 mostrando Bayer permanentemente al pensar el genocidio de nuestros pueblos \u00a0originarios es que el problema de la lengua y el problema de la tierra es fundamental. El problema de las comunidades campesinas e ind\u00edgenas no est\u00e1 resulto es un problema medular\u201d, concluy\u00f3.<\/p>\n<p>Finalmente, la escritora Mar\u00eda Teresa Andruetto ley\u00f3 un texto de su autor\u00eda, que reproducimos aqu\u00ed:<\/p>\n<blockquote class=\"wp-embedded-content\" data-secret=\"etU7CDakrP\"><p><a href=\"https:\/\/ffyh.unc.edu.ar\/alfilo\/la-confluencia-de-todas-las-luchas\/\">La confluencia de todas las luchas<\/a><\/p><\/blockquote>\n<p><iframe loading=\"lazy\" class=\"wp-embedded-content\" sandbox=\"allow-scripts\" security=\"restricted\" style=\"position: absolute; clip: rect(1px, 1px, 1px, 1px);\" title=\"\u00abLa confluencia de todas las luchas\u00bb \u2014 Alfilo\" src=\"https:\/\/ffyh.unc.edu.ar\/alfilo\/la-confluencia-de-todas-las-luchas\/embed\/#?secret=DITlSeCxKB#?secret=etU7CDakrP\" data-secret=\"etU7CDakrP\" width=\"500\" height=\"282\" frameborder=\"0\" marginwidth=\"0\" marginheight=\"0\" scrolling=\"no\"><\/iframe><\/p>\n<p style=\"text-align: right\">Por Pablo Giordana<br \/>\nFotos: Camilo Ratti<br \/>\nIlustraci\u00f3n: Manuel Coll<\/p>\n","protected":false},"excerpt":{"rendered":"<div class=\"mh-excerpt\"><p>Osvaldo Bayer hab\u00eda aceptado ser el presidente honorario del I Encuentro Internacional: Derechos Ling\u00fc\u00edsticos como Derechos Humanos. Por ese motivo, el 26 de marzo, en la apertura del evento, se realiz\u00f3 un homenaje al escritor que falleci\u00f3 el 24 de <a class=\"mh-excerpt-more\" href=\"https:\/\/ffyh.unc.edu.ar\/alfilo\/uno-de-lxs-nuestrxs\/\" title=\"Uno de lxs nuestrxs\">[Leer m\u00e1s]<\/a><\/p>\n<\/div>","protected":false},"author":2,"featured_media":5756,"comment_status":"closed","ping_status":"closed","sticky":false,"template":"","format":"standard","meta":{"_acf_changed":false,"_monsterinsights_skip_tracking":false,"_monsterinsights_sitenote_active":false,"_monsterinsights_sitenote_note":"","_monsterinsights_sitenote_category":0,"_jetpack_memberships_contains_paid_content":false,"footnotes":""},"categories":[216],"tags":[58,217],"class_list":["post-5752","post","type-post","status-publish","format-standard","has-post-thumbnail","hentry","category-216","tag-derechos-humanos","tag-derechos-linguisticos"],"acf":[],"yoast_head":"<!-- This site is optimized with the Yoast SEO plugin v27.1.1 - https:\/\/yoast.com\/product\/yoast-seo-wordpress\/ -->\n<title>Uno de lxs nuestrxs - Alfilo<\/title>\n<meta name=\"robots\" content=\"index, follow, max-snippet:-1, max-image-preview:large, max-video-preview:-1\" \/>\n<link rel=\"canonical\" href=\"https:\/\/ffyh.unc.edu.ar\/alfilo\/uno-de-lxs-nuestrxs\/\" \/>\n<meta property=\"og:locale\" content=\"es_ES\" \/>\n<meta property=\"og:type\" content=\"article\" \/>\n<meta property=\"og:title\" content=\"Uno de lxs nuestrxs - Alfilo\" \/>\n<meta property=\"og:description\" content=\"Osvaldo Bayer hab\u00eda aceptado ser el presidente honorario del I Encuentro Internacional: Derechos Ling\u00fc\u00edsticos como Derechos Humanos. Por ese motivo, el 26 de marzo, en la apertura del evento, se realiz\u00f3 un homenaje al escritor que falleci\u00f3 el 24 de [Leer m\u00e1s]\" \/>\n<meta property=\"og:url\" content=\"https:\/\/ffyh.unc.edu.ar\/alfilo\/uno-de-lxs-nuestrxs\/\" \/>\n<meta property=\"og:site_name\" content=\"Alfilo\" \/>\n<meta property=\"article:publisher\" content=\"https:\/\/www.facebook.com\/ffyh.unc\/\" \/>\n<meta property=\"article:published_time\" content=\"2019-03-29T16:59:25+00:00\" \/>\n<meta property=\"article:modified_time\" content=\"2019-03-29T17:17:50+00:00\" \/>\n<meta property=\"og:image\" content=\"https:\/\/ffyh.unc.edu.ar\/alfilo\/wp-content\/uploads\/sites\/11\/2019\/03\/bayer-final.jpg\" \/>\n\t<meta property=\"og:image:width\" content=\"1080\" \/>\n\t<meta property=\"og:image:height\" content=\"1080\" \/>\n\t<meta property=\"og:image:type\" content=\"image\/jpeg\" \/>\n<meta name=\"author\" content=\"\u00c1rea de Comunicaci\u00f3n - FFyH\" \/>\n<meta name=\"twitter:card\" content=\"summary_large_image\" \/>\n<meta name=\"twitter:creator\" content=\"@ffyh_unc\" \/>\n<meta name=\"twitter:site\" content=\"@ffyh_unc\" \/>\n<meta name=\"twitter:label1\" content=\"Escrito por\" \/>\n\t<meta name=\"twitter:data1\" content=\"\" \/>\n\t<meta name=\"twitter:label2\" content=\"Tiempo de lectura\" \/>\n\t<meta name=\"twitter:data2\" content=\"6 minutos\" \/>\n<script type=\"application\/ld+json\" class=\"yoast-schema-graph\">{\"@context\":\"https:\/\/schema.org\",\"@graph\":[{\"@type\":\"Article\",\"@id\":\"https:\/\/ffyh.unc.edu.ar\/alfilo\/uno-de-lxs-nuestrxs\/#article\",\"isPartOf\":{\"@id\":\"https:\/\/ffyh.unc.edu.ar\/alfilo\/uno-de-lxs-nuestrxs\/\"},\"author\":{\"name\":\"\u00c1rea de Comunicaci\u00f3n - FFyH\",\"@id\":\"https:\/\/ffyh.unc.edu.ar\/alfilo\/#\/schema\/person\/e6b9f6aec95cb7437bb2fde09e23b224\"},\"headline\":\"Uno de lxs nuestrxs\",\"datePublished\":\"2019-03-29T16:59:25+00:00\",\"dateModified\":\"2019-03-29T17:17:50+00:00\",\"mainEntityOfPage\":{\"@id\":\"https:\/\/ffyh.unc.edu.ar\/alfilo\/uno-de-lxs-nuestrxs\/\"},\"wordCount\":1261,\"publisher\":{\"@id\":\"https:\/\/ffyh.unc.edu.ar\/alfilo\/#organization\"},\"image\":{\"@id\":\"https:\/\/ffyh.unc.edu.ar\/alfilo\/uno-de-lxs-nuestrxs\/#primaryimage\"},\"thumbnailUrl\":\"https:\/\/ffyh.unc.edu.ar\/alfilo\/wp-content\/uploads\/sites\/11\/2019\/03\/bayer-final.jpg\",\"keywords\":[\"Derechos Humanos\",\"Derechos Ling\u00fcisticos\"],\"articleSection\":[\"74\"],\"inLanguage\":\"es\"},{\"@type\":\"WebPage\",\"@id\":\"https:\/\/ffyh.unc.edu.ar\/alfilo\/uno-de-lxs-nuestrxs\/\",\"url\":\"https:\/\/ffyh.unc.edu.ar\/alfilo\/uno-de-lxs-nuestrxs\/\",\"name\":\"Uno de lxs nuestrxs - Alfilo\",\"isPartOf\":{\"@id\":\"https:\/\/ffyh.unc.edu.ar\/alfilo\/#website\"},\"primaryImageOfPage\":{\"@id\":\"https:\/\/ffyh.unc.edu.ar\/alfilo\/uno-de-lxs-nuestrxs\/#primaryimage\"},\"image\":{\"@id\":\"https:\/\/ffyh.unc.edu.ar\/alfilo\/uno-de-lxs-nuestrxs\/#primaryimage\"},\"thumbnailUrl\":\"https:\/\/ffyh.unc.edu.ar\/alfilo\/wp-content\/uploads\/sites\/11\/2019\/03\/bayer-final.jpg\",\"datePublished\":\"2019-03-29T16:59:25+00:00\",\"dateModified\":\"2019-03-29T17:17:50+00:00\",\"breadcrumb\":{\"@id\":\"https:\/\/ffyh.unc.edu.ar\/alfilo\/uno-de-lxs-nuestrxs\/#breadcrumb\"},\"inLanguage\":\"es\",\"potentialAction\":[{\"@type\":\"ReadAction\",\"target\":[\"https:\/\/ffyh.unc.edu.ar\/alfilo\/uno-de-lxs-nuestrxs\/\"]}]},{\"@type\":\"ImageObject\",\"inLanguage\":\"es\",\"@id\":\"https:\/\/ffyh.unc.edu.ar\/alfilo\/uno-de-lxs-nuestrxs\/#primaryimage\",\"url\":\"https:\/\/ffyh.unc.edu.ar\/alfilo\/wp-content\/uploads\/sites\/11\/2019\/03\/bayer-final.jpg\",\"contentUrl\":\"https:\/\/ffyh.unc.edu.ar\/alfilo\/wp-content\/uploads\/sites\/11\/2019\/03\/bayer-final.jpg\",\"width\":1080,\"height\":1080},{\"@type\":\"BreadcrumbList\",\"@id\":\"https:\/\/ffyh.unc.edu.ar\/alfilo\/uno-de-lxs-nuestrxs\/#breadcrumb\",\"itemListElement\":[{\"@type\":\"ListItem\",\"position\":1,\"name\":\"Portada\",\"item\":\"https:\/\/ffyh.unc.edu.ar\/alfilo\/\"},{\"@type\":\"ListItem\",\"position\":2,\"name\":\"Uno de lxs nuestrxs\"}]},{\"@type\":\"WebSite\",\"@id\":\"https:\/\/ffyh.unc.edu.ar\/alfilo\/#website\",\"url\":\"https:\/\/ffyh.unc.edu.ar\/alfilo\/\",\"name\":\"Alfilo\",\"description\":\"Revista digital de la Facultad de Filosof\u00eda y Humanidades - Universidad Nacional de C\u00f3rdoba\",\"publisher\":{\"@id\":\"https:\/\/ffyh.unc.edu.ar\/alfilo\/#organization\"},\"potentialAction\":[{\"@type\":\"SearchAction\",\"target\":{\"@type\":\"EntryPoint\",\"urlTemplate\":\"https:\/\/ffyh.unc.edu.ar\/alfilo\/?s={search_term_string}\"},\"query-input\":{\"@type\":\"PropertyValueSpecification\",\"valueRequired\":true,\"valueName\":\"search_term_string\"}}],\"inLanguage\":\"es\"},{\"@type\":\"Organization\",\"@id\":\"https:\/\/ffyh.unc.edu.ar\/alfilo\/#organization\",\"name\":\"Alfilo | Revista digital de la Facultad de Filosof\u00eda y Humanidades | UNC\",\"url\":\"https:\/\/ffyh.unc.edu.ar\/alfilo\/\",\"logo\":{\"@type\":\"ImageObject\",\"inLanguage\":\"es\",\"@id\":\"https:\/\/ffyh.unc.edu.ar\/alfilo\/#\/schema\/logo\/image\/\",\"url\":\"https:\/\/ffyh.unc.edu.ar\/alfilo\/wp-content\/uploads\/sites\/11\/2015\/04\/banner-alfilo-2015-ico.jpg\",\"contentUrl\":\"https:\/\/ffyh.unc.edu.ar\/alfilo\/wp-content\/uploads\/sites\/11\/2015\/04\/banner-alfilo-2015-ico.jpg\",\"width\":253,\"height\":128,\"caption\":\"Alfilo | Revista digital de la Facultad de Filosof\u00eda y Humanidades | UNC\"},\"image\":{\"@id\":\"https:\/\/ffyh.unc.edu.ar\/alfilo\/#\/schema\/logo\/image\/\"},\"sameAs\":[\"https:\/\/www.facebook.com\/ffyh.unc\/\",\"https:\/\/x.com\/ffyh_unc\",\"https:\/\/www.instagram.com\/ffyhunc\/\",\"https:\/\/www.youtube.com\/user\/comunicacionfilo\"]},{\"@type\":\"Person\",\"@id\":\"https:\/\/ffyh.unc.edu.ar\/alfilo\/#\/schema\/person\/e6b9f6aec95cb7437bb2fde09e23b224\",\"name\":\"\u00c1rea de Comunicaci\u00f3n - FFyH\",\"image\":{\"@type\":\"ImageObject\",\"inLanguage\":\"es\",\"@id\":\"https:\/\/ffyh.unc.edu.ar\/alfilo\/#\/schema\/person\/image\/\",\"url\":\"https:\/\/secure.gravatar.com\/avatar\/1d896d10b19526e4cb6e972ca0f1b6719a4697e2d88742a801b88b3682d5be75?s=96&d=mm&r=g\",\"contentUrl\":\"https:\/\/secure.gravatar.com\/avatar\/1d896d10b19526e4cb6e972ca0f1b6719a4697e2d88742a801b88b3682d5be75?s=96&d=mm&r=g\",\"caption\":\"\u00c1rea de Comunicaci\u00f3n - FFyH\"},\"url\":\"https:\/\/ffyh.unc.edu.ar\/alfilo\/author\/prensa\/\"}]}<\/script>\n<!-- \/ Yoast SEO plugin. -->","yoast_head_json":{"title":"Uno de lxs nuestrxs - Alfilo","robots":{"index":"index","follow":"follow","max-snippet":"max-snippet:-1","max-image-preview":"max-image-preview:large","max-video-preview":"max-video-preview:-1"},"canonical":"https:\/\/ffyh.unc.edu.ar\/alfilo\/uno-de-lxs-nuestrxs\/","og_locale":"es_ES","og_type":"article","og_title":"Uno de lxs nuestrxs - Alfilo","og_description":"Osvaldo Bayer hab\u00eda aceptado ser el presidente honorario del I Encuentro Internacional: Derechos Ling\u00fc\u00edsticos como Derechos Humanos. Por ese motivo, el 26 de marzo, en la apertura del evento, se realiz\u00f3 un homenaje al escritor que falleci\u00f3 el 24 de [Leer m\u00e1s]","og_url":"https:\/\/ffyh.unc.edu.ar\/alfilo\/uno-de-lxs-nuestrxs\/","og_site_name":"Alfilo","article_publisher":"https:\/\/www.facebook.com\/ffyh.unc\/","article_published_time":"2019-03-29T16:59:25+00:00","article_modified_time":"2019-03-29T17:17:50+00:00","og_image":[{"width":1080,"height":1080,"url":"https:\/\/ffyh.unc.edu.ar\/alfilo\/wp-content\/uploads\/sites\/11\/2019\/03\/bayer-final.jpg","type":"image\/jpeg"}],"author":"\u00c1rea de Comunicaci\u00f3n - FFyH","twitter_card":"summary_large_image","twitter_creator":"@ffyh_unc","twitter_site":"@ffyh_unc","twitter_misc":{"Escrito por":false,"Tiempo de lectura":"6 minutos"},"schema":{"@context":"https:\/\/schema.org","@graph":[{"@type":"Article","@id":"https:\/\/ffyh.unc.edu.ar\/alfilo\/uno-de-lxs-nuestrxs\/#article","isPartOf":{"@id":"https:\/\/ffyh.unc.edu.ar\/alfilo\/uno-de-lxs-nuestrxs\/"},"author":{"name":"\u00c1rea de Comunicaci\u00f3n - FFyH","@id":"https:\/\/ffyh.unc.edu.ar\/alfilo\/#\/schema\/person\/e6b9f6aec95cb7437bb2fde09e23b224"},"headline":"Uno de lxs nuestrxs","datePublished":"2019-03-29T16:59:25+00:00","dateModified":"2019-03-29T17:17:50+00:00","mainEntityOfPage":{"@id":"https:\/\/ffyh.unc.edu.ar\/alfilo\/uno-de-lxs-nuestrxs\/"},"wordCount":1261,"publisher":{"@id":"https:\/\/ffyh.unc.edu.ar\/alfilo\/#organization"},"image":{"@id":"https:\/\/ffyh.unc.edu.ar\/alfilo\/uno-de-lxs-nuestrxs\/#primaryimage"},"thumbnailUrl":"https:\/\/ffyh.unc.edu.ar\/alfilo\/wp-content\/uploads\/sites\/11\/2019\/03\/bayer-final.jpg","keywords":["Derechos Humanos","Derechos Ling\u00fcisticos"],"articleSection":["74"],"inLanguage":"es"},{"@type":"WebPage","@id":"https:\/\/ffyh.unc.edu.ar\/alfilo\/uno-de-lxs-nuestrxs\/","url":"https:\/\/ffyh.unc.edu.ar\/alfilo\/uno-de-lxs-nuestrxs\/","name":"Uno de lxs nuestrxs - Alfilo","isPartOf":{"@id":"https:\/\/ffyh.unc.edu.ar\/alfilo\/#website"},"primaryImageOfPage":{"@id":"https:\/\/ffyh.unc.edu.ar\/alfilo\/uno-de-lxs-nuestrxs\/#primaryimage"},"image":{"@id":"https:\/\/ffyh.unc.edu.ar\/alfilo\/uno-de-lxs-nuestrxs\/#primaryimage"},"thumbnailUrl":"https:\/\/ffyh.unc.edu.ar\/alfilo\/wp-content\/uploads\/sites\/11\/2019\/03\/bayer-final.jpg","datePublished":"2019-03-29T16:59:25+00:00","dateModified":"2019-03-29T17:17:50+00:00","breadcrumb":{"@id":"https:\/\/ffyh.unc.edu.ar\/alfilo\/uno-de-lxs-nuestrxs\/#breadcrumb"},"inLanguage":"es","potentialAction":[{"@type":"ReadAction","target":["https:\/\/ffyh.unc.edu.ar\/alfilo\/uno-de-lxs-nuestrxs\/"]}]},{"@type":"ImageObject","inLanguage":"es","@id":"https:\/\/ffyh.unc.edu.ar\/alfilo\/uno-de-lxs-nuestrxs\/#primaryimage","url":"https:\/\/ffyh.unc.edu.ar\/alfilo\/wp-content\/uploads\/sites\/11\/2019\/03\/bayer-final.jpg","contentUrl":"https:\/\/ffyh.unc.edu.ar\/alfilo\/wp-content\/uploads\/sites\/11\/2019\/03\/bayer-final.jpg","width":1080,"height":1080},{"@type":"BreadcrumbList","@id":"https:\/\/ffyh.unc.edu.ar\/alfilo\/uno-de-lxs-nuestrxs\/#breadcrumb","itemListElement":[{"@type":"ListItem","position":1,"name":"Portada","item":"https:\/\/ffyh.unc.edu.ar\/alfilo\/"},{"@type":"ListItem","position":2,"name":"Uno de lxs nuestrxs"}]},{"@type":"WebSite","@id":"https:\/\/ffyh.unc.edu.ar\/alfilo\/#website","url":"https:\/\/ffyh.unc.edu.ar\/alfilo\/","name":"Alfilo","description":"Revista digital de la Facultad de Filosof\u00eda y Humanidades - Universidad Nacional de C\u00f3rdoba","publisher":{"@id":"https:\/\/ffyh.unc.edu.ar\/alfilo\/#organization"},"potentialAction":[{"@type":"SearchAction","target":{"@type":"EntryPoint","urlTemplate":"https:\/\/ffyh.unc.edu.ar\/alfilo\/?s={search_term_string}"},"query-input":{"@type":"PropertyValueSpecification","valueRequired":true,"valueName":"search_term_string"}}],"inLanguage":"es"},{"@type":"Organization","@id":"https:\/\/ffyh.unc.edu.ar\/alfilo\/#organization","name":"Alfilo | Revista digital de la Facultad de Filosof\u00eda y Humanidades | UNC","url":"https:\/\/ffyh.unc.edu.ar\/alfilo\/","logo":{"@type":"ImageObject","inLanguage":"es","@id":"https:\/\/ffyh.unc.edu.ar\/alfilo\/#\/schema\/logo\/image\/","url":"https:\/\/ffyh.unc.edu.ar\/alfilo\/wp-content\/uploads\/sites\/11\/2015\/04\/banner-alfilo-2015-ico.jpg","contentUrl":"https:\/\/ffyh.unc.edu.ar\/alfilo\/wp-content\/uploads\/sites\/11\/2015\/04\/banner-alfilo-2015-ico.jpg","width":253,"height":128,"caption":"Alfilo | Revista digital de la Facultad de Filosof\u00eda y Humanidades | UNC"},"image":{"@id":"https:\/\/ffyh.unc.edu.ar\/alfilo\/#\/schema\/logo\/image\/"},"sameAs":["https:\/\/www.facebook.com\/ffyh.unc\/","https:\/\/x.com\/ffyh_unc","https:\/\/www.instagram.com\/ffyhunc\/","https:\/\/www.youtube.com\/user\/comunicacionfilo"]},{"@type":"Person","@id":"https:\/\/ffyh.unc.edu.ar\/alfilo\/#\/schema\/person\/e6b9f6aec95cb7437bb2fde09e23b224","name":"\u00c1rea de Comunicaci\u00f3n - FFyH","image":{"@type":"ImageObject","inLanguage":"es","@id":"https:\/\/ffyh.unc.edu.ar\/alfilo\/#\/schema\/person\/image\/","url":"https:\/\/secure.gravatar.com\/avatar\/1d896d10b19526e4cb6e972ca0f1b6719a4697e2d88742a801b88b3682d5be75?s=96&d=mm&r=g","contentUrl":"https:\/\/secure.gravatar.com\/avatar\/1d896d10b19526e4cb6e972ca0f1b6719a4697e2d88742a801b88b3682d5be75?s=96&d=mm&r=g","caption":"\u00c1rea de Comunicaci\u00f3n - FFyH"},"url":"https:\/\/ffyh.unc.edu.ar\/alfilo\/author\/prensa\/"}]}},"jetpack_featured_media_url":"https:\/\/ffyh.unc.edu.ar\/alfilo\/wp-content\/uploads\/sites\/11\/2019\/03\/bayer-final.jpg","jetpack_sharing_enabled":true,"_links":{"self":[{"href":"https:\/\/ffyh.unc.edu.ar\/alfilo\/wp-json\/wp\/v2\/posts\/5752","targetHints":{"allow":["GET"]}}],"collection":[{"href":"https:\/\/ffyh.unc.edu.ar\/alfilo\/wp-json\/wp\/v2\/posts"}],"about":[{"href":"https:\/\/ffyh.unc.edu.ar\/alfilo\/wp-json\/wp\/v2\/types\/post"}],"author":[{"embeddable":true,"href":"https:\/\/ffyh.unc.edu.ar\/alfilo\/wp-json\/wp\/v2\/users\/2"}],"replies":[{"embeddable":true,"href":"https:\/\/ffyh.unc.edu.ar\/alfilo\/wp-json\/wp\/v2\/comments?post=5752"}],"version-history":[{"count":2,"href":"https:\/\/ffyh.unc.edu.ar\/alfilo\/wp-json\/wp\/v2\/posts\/5752\/revisions"}],"predecessor-version":[{"id":5760,"href":"https:\/\/ffyh.unc.edu.ar\/alfilo\/wp-json\/wp\/v2\/posts\/5752\/revisions\/5760"}],"wp:featuredmedia":[{"embeddable":true,"href":"https:\/\/ffyh.unc.edu.ar\/alfilo\/wp-json\/wp\/v2\/media\/5756"}],"wp:attachment":[{"href":"https:\/\/ffyh.unc.edu.ar\/alfilo\/wp-json\/wp\/v2\/media?parent=5752"}],"wp:term":[{"taxonomy":"category","embeddable":true,"href":"https:\/\/ffyh.unc.edu.ar\/alfilo\/wp-json\/wp\/v2\/categories?post=5752"},{"taxonomy":"post_tag","embeddable":true,"href":"https:\/\/ffyh.unc.edu.ar\/alfilo\/wp-json\/wp\/v2\/tags?post=5752"}],"curies":[{"name":"wp","href":"https:\/\/api.w.org\/{rel}","templated":true}]}}