{"id":5768,"date":"2019-05-02T14:35:10","date_gmt":"2019-05-02T14:35:10","guid":{"rendered":"http:\/\/ffyh.unc.edu.ar\/alfilo\/?p=5768"},"modified":"2019-05-02T14:44:55","modified_gmt":"2019-05-02T14:44:55","slug":"para-nosotros-los-campesinos-la-tierra-es-vida","status":"publish","type":"post","link":"https:\/\/ffyh.unc.edu.ar\/alfilo\/para-nosotros-los-campesinos-la-tierra-es-vida\/","title":{"rendered":"\u201cPara nosotros los campesinos, la tierra es vida\u201d"},"content":{"rendered":"<p class=\"ydp5b95408fMsoNormal\"><b><a href=\"http:\/\/ffyh.unc.edu.ar\/alfilo\/wp-content\/uploads\/sites\/11\/2019\/05\/entrevista-ramona-1.jpg\"><img loading=\"lazy\" decoding=\"async\" class=\"alignright wp-image-5769\" src=\"http:\/\/ffyh.unc.edu.ar\/alfilo\/wp-content\/uploads\/sites\/11\/2019\/05\/entrevista-ramona-1.jpg\" alt=\"\" width=\"450\" height=\"279\" srcset=\"https:\/\/ffyh.unc.edu.ar\/alfilo\/wp-content\/uploads\/sites\/11\/2019\/05\/entrevista-ramona-1.jpg 1024w, https:\/\/ffyh.unc.edu.ar\/alfilo\/wp-content\/uploads\/sites\/11\/2019\/05\/entrevista-ramona-1-300x186.jpg 300w, https:\/\/ffyh.unc.edu.ar\/alfilo\/wp-content\/uploads\/sites\/11\/2019\/05\/entrevista-ramona-1-768x476.jpg 768w, https:\/\/ffyh.unc.edu.ar\/alfilo\/wp-content\/uploads\/sites\/11\/2019\/05\/entrevista-ramona-1-600x372.jpg 600w\" sizes=\"auto, (max-width: 450px) 100vw, 450px\" \/><\/a>Con motivo del Premio Jos\u00e9 Mar\u00eda Aric\u00f3 que la FFyH entrega al compromiso social y pol\u00edtico, Alfilo entrevist\u00f3 a Ramona Orellano de Bustamante y Susana Campos, dirigente del Movimiento Campesino de C\u00f3rdoba. Con 93 a\u00f1os reci\u00e9n cumplidos, te contamos c\u00f3mo es la vida de la mujer que es un s\u00edmbolo de la lucha por la tierra, la relaci\u00f3n con su familia y su fuerte v\u00ednculo con las organizaciones que pelean por el reconocimiento de sus derechos ancestrales, sistem\u00e1ticamente amenazados por el agronegocio y el poder judicial.<\/b><\/p>\n<p><!--more--><\/p>\n<p class=\"ydp5b95408fMsoNormal\">Ramona es una mujer de campo, le cuesta mucho venir a la ciudad. No se siente c\u00f3moda sin sus plantas, sus animales, su paisaje de monte. Aunque se lo propusieron, prefiri\u00f3 volverse a su casita en el paraje Las Maravillas, al noreste de la provincia de C\u00f3rdoba, apenas termin\u00f3 la entrega del Premio Jos\u00e9 Mar\u00eda Aric\u00f3, que la Facultad de Filosof\u00eda y Humanidades otorga al compromiso social y pol\u00edtico. Un acto que el pasado 17 de abril conmovi\u00f3 a todxs lxs que asistieron a una de las ceremonias m\u00e1s emotivas que se hayan realizado en el auditorio Hugo Ch\u00e1vez del Pabell\u00f3n Venezuela.<\/p>\n<blockquote class=\"wp-embedded-content\" data-secret=\"E2Gx8xmOZP\"><p><a href=\"https:\/\/ffyh.unc.edu.ar\/noticias\/04\/2019\/la-dignidad-gigante\/\">La dignidad gigante<\/a><\/p><\/blockquote>\n<p><iframe loading=\"lazy\" class=\"wp-embedded-content\" sandbox=\"allow-scripts\" security=\"restricted\" style=\"position: absolute; clip: rect(1px, 1px, 1px, 1px);\" title=\"\u00abLa dignidad gigante\u00bb \u2014 Facultad de Filosof\u00eda y Humanidades | Universidad Nacional de C\u00f3rdoba\" src=\"https:\/\/ffyh.unc.edu.ar\/noticias\/04\/2019\/la-dignidad-gigante\/embed\/#?secret=gm7tkaHCIh#?secret=E2Gx8xmOZP\" data-secret=\"E2Gx8xmOZP\" width=\"500\" height=\"282\" frameborder=\"0\" marginwidth=\"0\" marginheight=\"0\" scrolling=\"no\"><\/iframe><\/p>\n<p class=\"ydp5b95408fMsoNormal\">Por la ma\u00f1ana, antes de ese acto, Ramona recibi\u00f3 al equipo de <strong>Alfilo<\/strong> para conversar sobre su vida, la relaci\u00f3n con su familia, que la visita siempre, y tambi\u00e9n para hablar sobre la disputa que a\u00fan sostiene para que los jueces reconozcan los derechos posesorios sobre el campo comprado por su madre hace m\u00e1s de 60 a\u00f1os, y en el cual vive con su hijo Orlando.<\/p>\n<p><a href=\"http:\/\/ffyh.unc.edu.ar\/alfilo\/wp-content\/uploads\/sites\/11\/2019\/05\/entrevista-ramona-2.jpg\"><img loading=\"lazy\" decoding=\"async\" class=\"alignnone size-full wp-image-5770\" src=\"http:\/\/ffyh.unc.edu.ar\/alfilo\/wp-content\/uploads\/sites\/11\/2019\/05\/entrevista-ramona-2.jpg\" alt=\"\" width=\"1024\" height=\"607\" srcset=\"https:\/\/ffyh.unc.edu.ar\/alfilo\/wp-content\/uploads\/sites\/11\/2019\/05\/entrevista-ramona-2.jpg 1024w, https:\/\/ffyh.unc.edu.ar\/alfilo\/wp-content\/uploads\/sites\/11\/2019\/05\/entrevista-ramona-2-300x178.jpg 300w, https:\/\/ffyh.unc.edu.ar\/alfilo\/wp-content\/uploads\/sites\/11\/2019\/05\/entrevista-ramona-2-768x455.jpg 768w, https:\/\/ffyh.unc.edu.ar\/alfilo\/wp-content\/uploads\/sites\/11\/2019\/05\/entrevista-ramona-2-600x356.jpg 600w\" sizes=\"auto, (max-width: 1024px) 100vw, 1024px\" \/><\/a><\/p>\n<p class=\"ydp5b95408fMsoNormal\">Como pasa en su campito, en la nota Ramona no estuvo sola, nunca lo est\u00e1. La acompa\u00f1\u00f3 Susana Campos, integrante de la <span class=\"ydp5b95408fst\">Organizaci\u00f3n de Campesinos Unidos del Norte de C\u00f3rdoba (Ocun), quien comparti\u00f3 el cari\u00f1o y el respeto que sienten por \u201cRamonita\u201d, el ejemplo de su lucha y los desaf\u00edos cotidianos que enfrentan los campesinos para no ser desalojados y poder vivir tranquilos en la tierra que les pertenece seg\u00fan la ley veinte\u00f1al. El monte que aman y trabajan en un equilibro constante con el medio ambiente. <\/span><\/p>\n<p><iframe loading=\"lazy\" title=\"Entrevista a Ramona Orellano de Bustamante y Susana Campos\" width=\"500\" height=\"281\" src=\"https:\/\/www.youtube.com\/embed\/pd29sTGiRIg?feature=oembed\" frameborder=\"0\" allow=\"accelerometer; autoplay; clipboard-write; encrypted-media; gyroscope; picture-in-picture; web-share\" referrerpolicy=\"strict-origin-when-cross-origin\" allowfullscreen><\/iframe><\/p>\n<p style=\"text-align: right\">Entrevista: Camilo Ratti<br \/>\nProducci\u00f3n y fotos: Pablo Giordana<br \/>\nC\u00e1maras y edici\u00f3n: Roberto Figueroa y Benjam\u00edn Ratti<\/p>\n","protected":false},"excerpt":{"rendered":"<div class=\"mh-excerpt\"><p>Con motivo del Premio Jos\u00e9 Mar\u00eda Aric\u00f3 que la FFyH entrega al compromiso social y pol\u00edtico, Alfilo entrevist\u00f3 a Ramona Orellano de Bustamante y Susana Campos, dirigente del Movimiento Campesino de C\u00f3rdoba. Con 93 a\u00f1os reci\u00e9n cumplidos, te contamos c\u00f3mo <a class=\"mh-excerpt-more\" href=\"https:\/\/ffyh.unc.edu.ar\/alfilo\/para-nosotros-los-campesinos-la-tierra-es-vida\/\" title=\"\u201cPara nosotros los campesinos, la tierra es vida\u201d\">[Leer m\u00e1s]<\/a><\/p>\n<\/div>","protected":false},"author":2,"featured_media":5776,"comment_status":"closed","ping_status":"closed","sticky":false,"template":"","format":"standard","meta":{"_acf_changed":false,"_monsterinsights_skip_tracking":false,"_monsterinsights_sitenote_active":false,"_monsterinsights_sitenote_note":"","_monsterinsights_sitenote_category":0,"_jetpack_memberships_contains_paid_content":false,"footnotes":""},"categories":[219],"tags":[220],"class_list":["post-5768","post","type-post","status-publish","format-standard","has-post-thumbnail","hentry","category-219","tag-entrevista-a-ramona-orellano-de-bustamante"],"acf":[],"yoast_head":"<!-- This site is optimized with the Yoast SEO plugin v27.1.1 - https:\/\/yoast.com\/product\/yoast-seo-wordpress\/ -->\n<title>\u201cPara nosotros los campesinos, la tierra es vida\u201d - Alfilo<\/title>\n<meta name=\"robots\" content=\"index, follow, max-snippet:-1, max-image-preview:large, max-video-preview:-1\" \/>\n<link rel=\"canonical\" href=\"https:\/\/ffyh.unc.edu.ar\/alfilo\/para-nosotros-los-campesinos-la-tierra-es-vida\/\" \/>\n<meta property=\"og:locale\" content=\"es_ES\" \/>\n<meta property=\"og:type\" content=\"article\" \/>\n<meta property=\"og:title\" content=\"\u201cPara nosotros los campesinos, la tierra es vida\u201d - Alfilo\" \/>\n<meta property=\"og:description\" content=\"Con motivo del Premio Jos\u00e9 Mar\u00eda Aric\u00f3 que la FFyH entrega al compromiso social y pol\u00edtico, Alfilo entrevist\u00f3 a Ramona Orellano de Bustamante y Susana Campos, dirigente del Movimiento Campesino de C\u00f3rdoba. Con 93 a\u00f1os reci\u00e9n cumplidos, te contamos c\u00f3mo [Leer m\u00e1s]\" \/>\n<meta property=\"og:url\" content=\"https:\/\/ffyh.unc.edu.ar\/alfilo\/para-nosotros-los-campesinos-la-tierra-es-vida\/\" \/>\n<meta property=\"og:site_name\" content=\"Alfilo\" \/>\n<meta property=\"article:publisher\" content=\"https:\/\/www.facebook.com\/ffyh.unc\/\" \/>\n<meta property=\"article:published_time\" content=\"2019-05-02T14:35:10+00:00\" \/>\n<meta property=\"article:modified_time\" content=\"2019-05-02T14:44:55+00:00\" \/>\n<meta property=\"og:image\" content=\"https:\/\/ffyh.unc.edu.ar\/alfilo\/wp-content\/uploads\/sites\/11\/2019\/05\/entrevista-ramona-portada.jpg\" \/>\n\t<meta property=\"og:image:width\" content=\"1500\" \/>\n\t<meta property=\"og:image:height\" content=\"711\" \/>\n\t<meta property=\"og:image:type\" content=\"image\/jpeg\" \/>\n<meta name=\"author\" content=\"\u00c1rea de Comunicaci\u00f3n - FFyH\" \/>\n<meta name=\"twitter:card\" content=\"summary_large_image\" \/>\n<meta name=\"twitter:creator\" content=\"@ffyh_unc\" \/>\n<meta name=\"twitter:site\" content=\"@ffyh_unc\" \/>\n<meta name=\"twitter:label1\" content=\"Escrito por\" \/>\n\t<meta name=\"twitter:data1\" content=\"\" \/>\n\t<meta name=\"twitter:label2\" content=\"Tiempo de lectura\" \/>\n\t<meta name=\"twitter:data2\" content=\"2 minutos\" \/>\n<script type=\"application\/ld+json\" class=\"yoast-schema-graph\">{\"@context\":\"https:\/\/schema.org\",\"@graph\":[{\"@type\":\"Article\",\"@id\":\"https:\/\/ffyh.unc.edu.ar\/alfilo\/para-nosotros-los-campesinos-la-tierra-es-vida\/#article\",\"isPartOf\":{\"@id\":\"https:\/\/ffyh.unc.edu.ar\/alfilo\/para-nosotros-los-campesinos-la-tierra-es-vida\/\"},\"author\":{\"name\":\"\u00c1rea de Comunicaci\u00f3n - FFyH\",\"@id\":\"https:\/\/ffyh.unc.edu.ar\/alfilo\/#\/schema\/person\/e6b9f6aec95cb7437bb2fde09e23b224\"},\"headline\":\"\u201cPara nosotros los campesinos, la tierra es vida\u201d\",\"datePublished\":\"2019-05-02T14:35:10+00:00\",\"dateModified\":\"2019-05-02T14:44:55+00:00\",\"mainEntityOfPage\":{\"@id\":\"https:\/\/ffyh.unc.edu.ar\/alfilo\/para-nosotros-los-campesinos-la-tierra-es-vida\/\"},\"wordCount\":412,\"publisher\":{\"@id\":\"https:\/\/ffyh.unc.edu.ar\/alfilo\/#organization\"},\"image\":{\"@id\":\"https:\/\/ffyh.unc.edu.ar\/alfilo\/para-nosotros-los-campesinos-la-tierra-es-vida\/#primaryimage\"},\"thumbnailUrl\":\"https:\/\/ffyh.unc.edu.ar\/alfilo\/wp-content\/uploads\/sites\/11\/2019\/05\/entrevista-ramona-portada.jpg\",\"keywords\":[\"Entrevista a Ramona Orellano de Bustamante\"],\"articleSection\":[\"75\"],\"inLanguage\":\"es\"},{\"@type\":\"WebPage\",\"@id\":\"https:\/\/ffyh.unc.edu.ar\/alfilo\/para-nosotros-los-campesinos-la-tierra-es-vida\/\",\"url\":\"https:\/\/ffyh.unc.edu.ar\/alfilo\/para-nosotros-los-campesinos-la-tierra-es-vida\/\",\"name\":\"\u201cPara nosotros los campesinos, la tierra es vida\u201d - Alfilo\",\"isPartOf\":{\"@id\":\"https:\/\/ffyh.unc.edu.ar\/alfilo\/#website\"},\"primaryImageOfPage\":{\"@id\":\"https:\/\/ffyh.unc.edu.ar\/alfilo\/para-nosotros-los-campesinos-la-tierra-es-vida\/#primaryimage\"},\"image\":{\"@id\":\"https:\/\/ffyh.unc.edu.ar\/alfilo\/para-nosotros-los-campesinos-la-tierra-es-vida\/#primaryimage\"},\"thumbnailUrl\":\"https:\/\/ffyh.unc.edu.ar\/alfilo\/wp-content\/uploads\/sites\/11\/2019\/05\/entrevista-ramona-portada.jpg\",\"datePublished\":\"2019-05-02T14:35:10+00:00\",\"dateModified\":\"2019-05-02T14:44:55+00:00\",\"breadcrumb\":{\"@id\":\"https:\/\/ffyh.unc.edu.ar\/alfilo\/para-nosotros-los-campesinos-la-tierra-es-vida\/#breadcrumb\"},\"inLanguage\":\"es\",\"potentialAction\":[{\"@type\":\"ReadAction\",\"target\":[\"https:\/\/ffyh.unc.edu.ar\/alfilo\/para-nosotros-los-campesinos-la-tierra-es-vida\/\"]}]},{\"@type\":\"ImageObject\",\"inLanguage\":\"es\",\"@id\":\"https:\/\/ffyh.unc.edu.ar\/alfilo\/para-nosotros-los-campesinos-la-tierra-es-vida\/#primaryimage\",\"url\":\"https:\/\/ffyh.unc.edu.ar\/alfilo\/wp-content\/uploads\/sites\/11\/2019\/05\/entrevista-ramona-portada.jpg\",\"contentUrl\":\"https:\/\/ffyh.unc.edu.ar\/alfilo\/wp-content\/uploads\/sites\/11\/2019\/05\/entrevista-ramona-portada.jpg\",\"width\":1500,\"height\":711},{\"@type\":\"BreadcrumbList\",\"@id\":\"https:\/\/ffyh.unc.edu.ar\/alfilo\/para-nosotros-los-campesinos-la-tierra-es-vida\/#breadcrumb\",\"itemListElement\":[{\"@type\":\"ListItem\",\"position\":1,\"name\":\"Portada\",\"item\":\"https:\/\/ffyh.unc.edu.ar\/alfilo\/\"},{\"@type\":\"ListItem\",\"position\":2,\"name\":\"\u201cPara nosotros los campesinos, la tierra es vida\u201d\"}]},{\"@type\":\"WebSite\",\"@id\":\"https:\/\/ffyh.unc.edu.ar\/alfilo\/#website\",\"url\":\"https:\/\/ffyh.unc.edu.ar\/alfilo\/\",\"name\":\"Alfilo\",\"description\":\"Revista digital de la Facultad de Filosof\u00eda y Humanidades - Universidad Nacional de C\u00f3rdoba\",\"publisher\":{\"@id\":\"https:\/\/ffyh.unc.edu.ar\/alfilo\/#organization\"},\"potentialAction\":[{\"@type\":\"SearchAction\",\"target\":{\"@type\":\"EntryPoint\",\"urlTemplate\":\"https:\/\/ffyh.unc.edu.ar\/alfilo\/?s={search_term_string}\"},\"query-input\":{\"@type\":\"PropertyValueSpecification\",\"valueRequired\":true,\"valueName\":\"search_term_string\"}}],\"inLanguage\":\"es\"},{\"@type\":\"Organization\",\"@id\":\"https:\/\/ffyh.unc.edu.ar\/alfilo\/#organization\",\"name\":\"Alfilo | Revista digital de la Facultad de Filosof\u00eda y Humanidades | UNC\",\"url\":\"https:\/\/ffyh.unc.edu.ar\/alfilo\/\",\"logo\":{\"@type\":\"ImageObject\",\"inLanguage\":\"es\",\"@id\":\"https:\/\/ffyh.unc.edu.ar\/alfilo\/#\/schema\/logo\/image\/\",\"url\":\"https:\/\/ffyh.unc.edu.ar\/alfilo\/wp-content\/uploads\/sites\/11\/2015\/04\/banner-alfilo-2015-ico.jpg\",\"contentUrl\":\"https:\/\/ffyh.unc.edu.ar\/alfilo\/wp-content\/uploads\/sites\/11\/2015\/04\/banner-alfilo-2015-ico.jpg\",\"width\":253,\"height\":128,\"caption\":\"Alfilo | Revista digital de la Facultad de Filosof\u00eda y Humanidades | UNC\"},\"image\":{\"@id\":\"https:\/\/ffyh.unc.edu.ar\/alfilo\/#\/schema\/logo\/image\/\"},\"sameAs\":[\"https:\/\/www.facebook.com\/ffyh.unc\/\",\"https:\/\/x.com\/ffyh_unc\",\"https:\/\/www.instagram.com\/ffyhunc\/\",\"https:\/\/www.youtube.com\/user\/comunicacionfilo\"]},{\"@type\":\"Person\",\"@id\":\"https:\/\/ffyh.unc.edu.ar\/alfilo\/#\/schema\/person\/e6b9f6aec95cb7437bb2fde09e23b224\",\"name\":\"\u00c1rea de Comunicaci\u00f3n - FFyH\",\"image\":{\"@type\":\"ImageObject\",\"inLanguage\":\"es\",\"@id\":\"https:\/\/ffyh.unc.edu.ar\/alfilo\/#\/schema\/person\/image\/\",\"url\":\"https:\/\/secure.gravatar.com\/avatar\/1d896d10b19526e4cb6e972ca0f1b6719a4697e2d88742a801b88b3682d5be75?s=96&d=mm&r=g\",\"contentUrl\":\"https:\/\/secure.gravatar.com\/avatar\/1d896d10b19526e4cb6e972ca0f1b6719a4697e2d88742a801b88b3682d5be75?s=96&d=mm&r=g\",\"caption\":\"\u00c1rea de Comunicaci\u00f3n - FFyH\"},\"url\":\"https:\/\/ffyh.unc.edu.ar\/alfilo\/author\/prensa\/\"}]}<\/script>\n<!-- \/ Yoast SEO plugin. -->","yoast_head_json":{"title":"\u201cPara nosotros los campesinos, la tierra es vida\u201d - Alfilo","robots":{"index":"index","follow":"follow","max-snippet":"max-snippet:-1","max-image-preview":"max-image-preview:large","max-video-preview":"max-video-preview:-1"},"canonical":"https:\/\/ffyh.unc.edu.ar\/alfilo\/para-nosotros-los-campesinos-la-tierra-es-vida\/","og_locale":"es_ES","og_type":"article","og_title":"\u201cPara nosotros los campesinos, la tierra es vida\u201d - Alfilo","og_description":"Con motivo del Premio Jos\u00e9 Mar\u00eda Aric\u00f3 que la FFyH entrega al compromiso social y pol\u00edtico, Alfilo entrevist\u00f3 a Ramona Orellano de Bustamante y Susana Campos, dirigente del Movimiento Campesino de C\u00f3rdoba. Con 93 a\u00f1os reci\u00e9n cumplidos, te contamos c\u00f3mo [Leer m\u00e1s]","og_url":"https:\/\/ffyh.unc.edu.ar\/alfilo\/para-nosotros-los-campesinos-la-tierra-es-vida\/","og_site_name":"Alfilo","article_publisher":"https:\/\/www.facebook.com\/ffyh.unc\/","article_published_time":"2019-05-02T14:35:10+00:00","article_modified_time":"2019-05-02T14:44:55+00:00","og_image":[{"width":1500,"height":711,"url":"https:\/\/ffyh.unc.edu.ar\/alfilo\/wp-content\/uploads\/sites\/11\/2019\/05\/entrevista-ramona-portada.jpg","type":"image\/jpeg"}],"author":"\u00c1rea de Comunicaci\u00f3n - FFyH","twitter_card":"summary_large_image","twitter_creator":"@ffyh_unc","twitter_site":"@ffyh_unc","twitter_misc":{"Escrito por":false,"Tiempo de lectura":"2 minutos"},"schema":{"@context":"https:\/\/schema.org","@graph":[{"@type":"Article","@id":"https:\/\/ffyh.unc.edu.ar\/alfilo\/para-nosotros-los-campesinos-la-tierra-es-vida\/#article","isPartOf":{"@id":"https:\/\/ffyh.unc.edu.ar\/alfilo\/para-nosotros-los-campesinos-la-tierra-es-vida\/"},"author":{"name":"\u00c1rea de Comunicaci\u00f3n - FFyH","@id":"https:\/\/ffyh.unc.edu.ar\/alfilo\/#\/schema\/person\/e6b9f6aec95cb7437bb2fde09e23b224"},"headline":"\u201cPara nosotros los campesinos, la tierra es vida\u201d","datePublished":"2019-05-02T14:35:10+00:00","dateModified":"2019-05-02T14:44:55+00:00","mainEntityOfPage":{"@id":"https:\/\/ffyh.unc.edu.ar\/alfilo\/para-nosotros-los-campesinos-la-tierra-es-vida\/"},"wordCount":412,"publisher":{"@id":"https:\/\/ffyh.unc.edu.ar\/alfilo\/#organization"},"image":{"@id":"https:\/\/ffyh.unc.edu.ar\/alfilo\/para-nosotros-los-campesinos-la-tierra-es-vida\/#primaryimage"},"thumbnailUrl":"https:\/\/ffyh.unc.edu.ar\/alfilo\/wp-content\/uploads\/sites\/11\/2019\/05\/entrevista-ramona-portada.jpg","keywords":["Entrevista a Ramona Orellano de Bustamante"],"articleSection":["75"],"inLanguage":"es"},{"@type":"WebPage","@id":"https:\/\/ffyh.unc.edu.ar\/alfilo\/para-nosotros-los-campesinos-la-tierra-es-vida\/","url":"https:\/\/ffyh.unc.edu.ar\/alfilo\/para-nosotros-los-campesinos-la-tierra-es-vida\/","name":"\u201cPara nosotros los campesinos, la tierra es vida\u201d - Alfilo","isPartOf":{"@id":"https:\/\/ffyh.unc.edu.ar\/alfilo\/#website"},"primaryImageOfPage":{"@id":"https:\/\/ffyh.unc.edu.ar\/alfilo\/para-nosotros-los-campesinos-la-tierra-es-vida\/#primaryimage"},"image":{"@id":"https:\/\/ffyh.unc.edu.ar\/alfilo\/para-nosotros-los-campesinos-la-tierra-es-vida\/#primaryimage"},"thumbnailUrl":"https:\/\/ffyh.unc.edu.ar\/alfilo\/wp-content\/uploads\/sites\/11\/2019\/05\/entrevista-ramona-portada.jpg","datePublished":"2019-05-02T14:35:10+00:00","dateModified":"2019-05-02T14:44:55+00:00","breadcrumb":{"@id":"https:\/\/ffyh.unc.edu.ar\/alfilo\/para-nosotros-los-campesinos-la-tierra-es-vida\/#breadcrumb"},"inLanguage":"es","potentialAction":[{"@type":"ReadAction","target":["https:\/\/ffyh.unc.edu.ar\/alfilo\/para-nosotros-los-campesinos-la-tierra-es-vida\/"]}]},{"@type":"ImageObject","inLanguage":"es","@id":"https:\/\/ffyh.unc.edu.ar\/alfilo\/para-nosotros-los-campesinos-la-tierra-es-vida\/#primaryimage","url":"https:\/\/ffyh.unc.edu.ar\/alfilo\/wp-content\/uploads\/sites\/11\/2019\/05\/entrevista-ramona-portada.jpg","contentUrl":"https:\/\/ffyh.unc.edu.ar\/alfilo\/wp-content\/uploads\/sites\/11\/2019\/05\/entrevista-ramona-portada.jpg","width":1500,"height":711},{"@type":"BreadcrumbList","@id":"https:\/\/ffyh.unc.edu.ar\/alfilo\/para-nosotros-los-campesinos-la-tierra-es-vida\/#breadcrumb","itemListElement":[{"@type":"ListItem","position":1,"name":"Portada","item":"https:\/\/ffyh.unc.edu.ar\/alfilo\/"},{"@type":"ListItem","position":2,"name":"\u201cPara nosotros los campesinos, la tierra es vida\u201d"}]},{"@type":"WebSite","@id":"https:\/\/ffyh.unc.edu.ar\/alfilo\/#website","url":"https:\/\/ffyh.unc.edu.ar\/alfilo\/","name":"Alfilo","description":"Revista digital de la Facultad de Filosof\u00eda y Humanidades - Universidad Nacional de C\u00f3rdoba","publisher":{"@id":"https:\/\/ffyh.unc.edu.ar\/alfilo\/#organization"},"potentialAction":[{"@type":"SearchAction","target":{"@type":"EntryPoint","urlTemplate":"https:\/\/ffyh.unc.edu.ar\/alfilo\/?s={search_term_string}"},"query-input":{"@type":"PropertyValueSpecification","valueRequired":true,"valueName":"search_term_string"}}],"inLanguage":"es"},{"@type":"Organization","@id":"https:\/\/ffyh.unc.edu.ar\/alfilo\/#organization","name":"Alfilo | Revista digital de la Facultad de Filosof\u00eda y Humanidades | UNC","url":"https:\/\/ffyh.unc.edu.ar\/alfilo\/","logo":{"@type":"ImageObject","inLanguage":"es","@id":"https:\/\/ffyh.unc.edu.ar\/alfilo\/#\/schema\/logo\/image\/","url":"https:\/\/ffyh.unc.edu.ar\/alfilo\/wp-content\/uploads\/sites\/11\/2015\/04\/banner-alfilo-2015-ico.jpg","contentUrl":"https:\/\/ffyh.unc.edu.ar\/alfilo\/wp-content\/uploads\/sites\/11\/2015\/04\/banner-alfilo-2015-ico.jpg","width":253,"height":128,"caption":"Alfilo | Revista digital de la Facultad de Filosof\u00eda y Humanidades | UNC"},"image":{"@id":"https:\/\/ffyh.unc.edu.ar\/alfilo\/#\/schema\/logo\/image\/"},"sameAs":["https:\/\/www.facebook.com\/ffyh.unc\/","https:\/\/x.com\/ffyh_unc","https:\/\/www.instagram.com\/ffyhunc\/","https:\/\/www.youtube.com\/user\/comunicacionfilo"]},{"@type":"Person","@id":"https:\/\/ffyh.unc.edu.ar\/alfilo\/#\/schema\/person\/e6b9f6aec95cb7437bb2fde09e23b224","name":"\u00c1rea de Comunicaci\u00f3n - FFyH","image":{"@type":"ImageObject","inLanguage":"es","@id":"https:\/\/ffyh.unc.edu.ar\/alfilo\/#\/schema\/person\/image\/","url":"https:\/\/secure.gravatar.com\/avatar\/1d896d10b19526e4cb6e972ca0f1b6719a4697e2d88742a801b88b3682d5be75?s=96&d=mm&r=g","contentUrl":"https:\/\/secure.gravatar.com\/avatar\/1d896d10b19526e4cb6e972ca0f1b6719a4697e2d88742a801b88b3682d5be75?s=96&d=mm&r=g","caption":"\u00c1rea de Comunicaci\u00f3n - FFyH"},"url":"https:\/\/ffyh.unc.edu.ar\/alfilo\/author\/prensa\/"}]}},"jetpack_featured_media_url":"https:\/\/ffyh.unc.edu.ar\/alfilo\/wp-content\/uploads\/sites\/11\/2019\/05\/entrevista-ramona-portada.jpg","jetpack_sharing_enabled":true,"_links":{"self":[{"href":"https:\/\/ffyh.unc.edu.ar\/alfilo\/wp-json\/wp\/v2\/posts\/5768","targetHints":{"allow":["GET"]}}],"collection":[{"href":"https:\/\/ffyh.unc.edu.ar\/alfilo\/wp-json\/wp\/v2\/posts"}],"about":[{"href":"https:\/\/ffyh.unc.edu.ar\/alfilo\/wp-json\/wp\/v2\/types\/post"}],"author":[{"embeddable":true,"href":"https:\/\/ffyh.unc.edu.ar\/alfilo\/wp-json\/wp\/v2\/users\/2"}],"replies":[{"embeddable":true,"href":"https:\/\/ffyh.unc.edu.ar\/alfilo\/wp-json\/wp\/v2\/comments?post=5768"}],"version-history":[{"count":4,"href":"https:\/\/ffyh.unc.edu.ar\/alfilo\/wp-json\/wp\/v2\/posts\/5768\/revisions"}],"predecessor-version":[{"id":5774,"href":"https:\/\/ffyh.unc.edu.ar\/alfilo\/wp-json\/wp\/v2\/posts\/5768\/revisions\/5774"}],"wp:featuredmedia":[{"embeddable":true,"href":"https:\/\/ffyh.unc.edu.ar\/alfilo\/wp-json\/wp\/v2\/media\/5776"}],"wp:attachment":[{"href":"https:\/\/ffyh.unc.edu.ar\/alfilo\/wp-json\/wp\/v2\/media?parent=5768"}],"wp:term":[{"taxonomy":"category","embeddable":true,"href":"https:\/\/ffyh.unc.edu.ar\/alfilo\/wp-json\/wp\/v2\/categories?post=5768"},{"taxonomy":"post_tag","embeddable":true,"href":"https:\/\/ffyh.unc.edu.ar\/alfilo\/wp-json\/wp\/v2\/tags?post=5768"}],"curies":[{"name":"wp","href":"https:\/\/api.w.org\/{rel}","templated":true}]}}