{"id":5792,"date":"2019-05-20T14:25:25","date_gmt":"2019-05-20T14:25:25","guid":{"rendered":"http:\/\/ffyh.unc.edu.ar\/alfilo\/?p=5792"},"modified":"2019-05-20T14:53:42","modified_gmt":"2019-05-20T14:53:42","slug":"un-puente-entre-la-historieta-y-la-academia","status":"publish","type":"post","link":"https:\/\/ffyh.unc.edu.ar\/alfilo\/un-puente-entre-la-historieta-y-la-academia\/","title":{"rendered":"Un puente entre la historieta y la academia"},"content":{"rendered":"<p><strong><a href=\"http:\/\/ffyh.unc.edu.ar\/alfilo\/wp-content\/uploads\/sites\/11\/2019\/05\/muestra-zigaran-portada.jpg\"><img loading=\"lazy\" decoding=\"async\" class=\"alignright wp-image-5793\" src=\"http:\/\/ffyh.unc.edu.ar\/alfilo\/wp-content\/uploads\/sites\/11\/2019\/05\/muestra-zigaran-portada.jpg\" alt=\"\" width=\"450\" height=\"261\" srcset=\"https:\/\/ffyh.unc.edu.ar\/alfilo\/wp-content\/uploads\/sites\/11\/2019\/05\/muestra-zigaran-portada.jpg 1024w, https:\/\/ffyh.unc.edu.ar\/alfilo\/wp-content\/uploads\/sites\/11\/2019\/05\/muestra-zigaran-portada-300x174.jpg 300w, https:\/\/ffyh.unc.edu.ar\/alfilo\/wp-content\/uploads\/sites\/11\/2019\/05\/muestra-zigaran-portada-768x446.jpg 768w, https:\/\/ffyh.unc.edu.ar\/alfilo\/wp-content\/uploads\/sites\/11\/2019\/05\/muestra-zigaran-portada-600x349.jpg 600w\" sizes=\"auto, (max-width: 450px) 100vw, 450px\" \/><\/a>El jueves 9 de mayo, en el Pabell\u00f3n Residencial, se inaugur\u00f3 la muestra \u201cEl monte: crianza y predaci\u00f3n\u201d, basada en el Trabajo Final de Licenciatura en Antropolog\u00eda de Iv\u00e1n Zigar\u00e1n.<\/strong><\/p>\n<p><!--more--><\/p>\n<p>El historietista e ilustrador cordob\u00e9s Iv\u00e1n Zigar\u00e1n se recibi\u00f3 de antrop\u00f3logo en 2018 con un trabajo final realizado en formato de historieta. All\u00ed articula, por un lado, los saberes campesinos con los saberes del etn\u00f3grafo y, por otro, la disciplina antropol\u00f3gica con la historieta, cuyas ilustraciones fueron hechas por \u00e9l.<\/p>\n<p><a href=\"https:\/\/ffyh.unc.edu.ar\/alfilo\/un-comic-etnografico\/\" target=\"_blank\" rel=\"noopener noreferrer\">En diciembre del a\u00f1o pasado, Zigar\u00e1n defendi\u00f3 su tesis <strong>\u201cEl monte: crianza y predaci\u00f3n\u201d<\/strong><\/a>, dirigida por Bernarda Marconetto, en la cual a trav\u00e9s de m\u00e1s de 100 p\u00e1ginas completamente ilustradas aparece \u00e9l junto a referentes te\u00f3ricos de la disciplina dialogando con los habitantes del monte.<\/p>\n<p>En el Pabell\u00f3n Residencial se exponen una veintena de ilustraciones que sintetizan el trabajo realizado junto con las familias del norte de Serrezuela y lugare\u00f1os vinculados a la Asociaci\u00f3n de Peque\u00f1os Productores del Noroeste de C\u00f3rdoba (Apenoc).<\/p>\n<p>Esta primera muestra forma parte del proyecto curatorial de FFyH, que propone el cruce de \u201clo acad\u00e9mico\u201d con diferentes expresiones relacionadas con las artes visuales.<\/p>\n<p><a href=\"http:\/\/ffyh.unc.edu.ar\/alfilo\/wp-content\/uploads\/sites\/11\/2019\/05\/muestra-zigaran-4.jpg\"><img loading=\"lazy\" decoding=\"async\" class=\"alignnone size-full wp-image-5794\" src=\"http:\/\/ffyh.unc.edu.ar\/alfilo\/wp-content\/uploads\/sites\/11\/2019\/05\/muestra-zigaran-4.jpg\" alt=\"\" width=\"1024\" height=\"567\" srcset=\"https:\/\/ffyh.unc.edu.ar\/alfilo\/wp-content\/uploads\/sites\/11\/2019\/05\/muestra-zigaran-4.jpg 1024w, https:\/\/ffyh.unc.edu.ar\/alfilo\/wp-content\/uploads\/sites\/11\/2019\/05\/muestra-zigaran-4-300x166.jpg 300w, https:\/\/ffyh.unc.edu.ar\/alfilo\/wp-content\/uploads\/sites\/11\/2019\/05\/muestra-zigaran-4-768x425.jpg 768w, https:\/\/ffyh.unc.edu.ar\/alfilo\/wp-content\/uploads\/sites\/11\/2019\/05\/muestra-zigaran-4-600x332.jpg 600w\" sizes=\"auto, (max-width: 1024px) 100vw, 1024px\" \/><\/a><\/p>\n<p>En esta nota audiovisual, Iv\u00e1n cuenta el proceso para realizar el trabajo etnogr\u00e1fico con el Movimiento Campesino de C\u00f3rdoba y la centralidad de la figura del monte. Tambi\u00e9n comenta sobre la elecci\u00f3n del formato de historieta para describir ciertas situaciones y como ese lenguaje le brind\u00f3 los recursos para hacer una tesis completa en c\u00f3mic.<\/p>\n<p>Por otra parte, Juan Pablo Abratte, decano de la Facultad de Filosof\u00eda y Humanidades y Bernarda Marconetto, directora del Departamento de Antropolog\u00eda y de su tesis, destacan la importancia de estimular nuevos formatos para realizar trabajos finales de Licenciatura y afirman que el comic de Zigar\u00e1n supone un hecho pol\u00edtico, cultural y art\u00edstico.<\/p>\n<p>Finalmente, Claudio D\u00edaz, coordinador del \u00c1rea Cultura, habla acerca del proyecto para convertir al Pabell\u00f3n Residencial en un espacio permanente de muestras para productos que tienen que ver con el cruce entre la investigaci\u00f3n en Ciencias Sociales y Humanas y lenguajes art\u00edsticos. \u00a0\u201cEste trabajo de Iv\u00e1n Zigar\u00e1n re\u00fane las dos caracter\u00edsticas y articula el lenguaje acad\u00e9mico con el lenguaje art\u00edstico de la historieta, los saberes acad\u00e9micos con los saberes campesinos, as\u00ed que el producto que \u00e9l logr\u00f3 era ideal para iniciar este ciclo\u201d.<\/p>\n<p><iframe loading=\"lazy\" title=\"Un puente entre la historieta y la academia\" width=\"500\" height=\"281\" src=\"https:\/\/www.youtube.com\/embed\/3SCyqQ9Is9g?feature=oembed\" frameborder=\"0\" allow=\"accelerometer; autoplay; clipboard-write; encrypted-media; gyroscope; picture-in-picture; web-share\" referrerpolicy=\"strict-origin-when-cross-origin\" allowfullscreen><\/iframe><\/p>\n<p style=\"text-align: right\">Entrevistas: Pablo Giordana<br \/>\nEdici\u00f3n: Pablo Becerra (\u00c1rea de Tecnolog\u00eda Educativa)<br \/>\nFotograf\u00edas: Camilo Ratti<\/p>\n<h2><strong>Galer\u00eda de im\u00e1genes<\/strong><\/h2>\n<div id='gallery-1' class='gallery galleryid-5792 gallery-columns-1 gallery-size-full'><figure class='gallery-item'>\n\t\t\t<div class='gallery-icon landscape'>\n\t\t\t\t<a href='https:\/\/ffyh.unc.edu.ar\/alfilo\/un-puente-entre-la-historieta-y-la-academia\/muestra-zigaran-1\/'><img loading=\"lazy\" decoding=\"async\" width=\"1024\" height=\"557\" src=\"https:\/\/ffyh.unc.edu.ar\/alfilo\/wp-content\/uploads\/sites\/11\/2019\/05\/muestra-zigaran-1.jpg\" class=\"attachment-full size-full\" alt=\"\" srcset=\"https:\/\/ffyh.unc.edu.ar\/alfilo\/wp-content\/uploads\/sites\/11\/2019\/05\/muestra-zigaran-1.jpg 1024w, https:\/\/ffyh.unc.edu.ar\/alfilo\/wp-content\/uploads\/sites\/11\/2019\/05\/muestra-zigaran-1-300x163.jpg 300w, https:\/\/ffyh.unc.edu.ar\/alfilo\/wp-content\/uploads\/sites\/11\/2019\/05\/muestra-zigaran-1-768x418.jpg 768w, https:\/\/ffyh.unc.edu.ar\/alfilo\/wp-content\/uploads\/sites\/11\/2019\/05\/muestra-zigaran-1-600x326.jpg 600w\" sizes=\"auto, (max-width: 1024px) 100vw, 1024px\" \/><\/a>\n\t\t\t<\/div><\/figure><figure class='gallery-item'>\n\t\t\t<div class='gallery-icon landscape'>\n\t\t\t\t<a href='https:\/\/ffyh.unc.edu.ar\/alfilo\/un-puente-entre-la-historieta-y-la-academia\/muestra-zigaran-2\/'><img loading=\"lazy\" decoding=\"async\" width=\"1024\" height=\"565\" src=\"https:\/\/ffyh.unc.edu.ar\/alfilo\/wp-content\/uploads\/sites\/11\/2019\/05\/muestra-zigaran-2.jpg\" class=\"attachment-full size-full\" alt=\"\" srcset=\"https:\/\/ffyh.unc.edu.ar\/alfilo\/wp-content\/uploads\/sites\/11\/2019\/05\/muestra-zigaran-2.jpg 1024w, https:\/\/ffyh.unc.edu.ar\/alfilo\/wp-content\/uploads\/sites\/11\/2019\/05\/muestra-zigaran-2-300x166.jpg 300w, https:\/\/ffyh.unc.edu.ar\/alfilo\/wp-content\/uploads\/sites\/11\/2019\/05\/muestra-zigaran-2-768x424.jpg 768w, https:\/\/ffyh.unc.edu.ar\/alfilo\/wp-content\/uploads\/sites\/11\/2019\/05\/muestra-zigaran-2-600x331.jpg 600w\" sizes=\"auto, (max-width: 1024px) 100vw, 1024px\" \/><\/a>\n\t\t\t<\/div><\/figure><figure class='gallery-item'>\n\t\t\t<div class='gallery-icon landscape'>\n\t\t\t\t<a href='https:\/\/ffyh.unc.edu.ar\/alfilo\/un-puente-entre-la-historieta-y-la-academia\/muestra-zigaran-3\/'><img loading=\"lazy\" decoding=\"async\" width=\"1024\" height=\"562\" src=\"https:\/\/ffyh.unc.edu.ar\/alfilo\/wp-content\/uploads\/sites\/11\/2019\/05\/muestra-zigaran-3.jpg\" class=\"attachment-full size-full\" alt=\"\" srcset=\"https:\/\/ffyh.unc.edu.ar\/alfilo\/wp-content\/uploads\/sites\/11\/2019\/05\/muestra-zigaran-3.jpg 1024w, https:\/\/ffyh.unc.edu.ar\/alfilo\/wp-content\/uploads\/sites\/11\/2019\/05\/muestra-zigaran-3-300x165.jpg 300w, https:\/\/ffyh.unc.edu.ar\/alfilo\/wp-content\/uploads\/sites\/11\/2019\/05\/muestra-zigaran-3-768x422.jpg 768w, https:\/\/ffyh.unc.edu.ar\/alfilo\/wp-content\/uploads\/sites\/11\/2019\/05\/muestra-zigaran-3-600x329.jpg 600w\" sizes=\"auto, (max-width: 1024px) 100vw, 1024px\" \/><\/a>\n\t\t\t<\/div><\/figure><figure class='gallery-item'>\n\t\t\t<div class='gallery-icon landscape'>\n\t\t\t\t<a href='https:\/\/ffyh.unc.edu.ar\/alfilo\/un-puente-entre-la-historieta-y-la-academia\/muestra-zigaran-5\/'><img loading=\"lazy\" decoding=\"async\" width=\"1024\" height=\"576\" src=\"https:\/\/ffyh.unc.edu.ar\/alfilo\/wp-content\/uploads\/sites\/11\/2019\/05\/muestra-zigaran-5.jpg\" class=\"attachment-full size-full\" alt=\"\" srcset=\"https:\/\/ffyh.unc.edu.ar\/alfilo\/wp-content\/uploads\/sites\/11\/2019\/05\/muestra-zigaran-5.jpg 1024w, https:\/\/ffyh.unc.edu.ar\/alfilo\/wp-content\/uploads\/sites\/11\/2019\/05\/muestra-zigaran-5-300x169.jpg 300w, https:\/\/ffyh.unc.edu.ar\/alfilo\/wp-content\/uploads\/sites\/11\/2019\/05\/muestra-zigaran-5-768x432.jpg 768w, https:\/\/ffyh.unc.edu.ar\/alfilo\/wp-content\/uploads\/sites\/11\/2019\/05\/muestra-zigaran-5-600x338.jpg 600w, https:\/\/ffyh.unc.edu.ar\/alfilo\/wp-content\/uploads\/sites\/11\/2019\/05\/muestra-zigaran-5-678x381.jpg 678w\" sizes=\"auto, (max-width: 1024px) 100vw, 1024px\" \/><\/a>\n\t\t\t<\/div><\/figure><figure class='gallery-item'>\n\t\t\t<div class='gallery-icon landscape'>\n\t\t\t\t<a href='https:\/\/ffyh.unc.edu.ar\/alfilo\/un-puente-entre-la-historieta-y-la-academia\/muestra-zigaran-6\/'><img loading=\"lazy\" decoding=\"async\" width=\"1024\" height=\"560\" src=\"https:\/\/ffyh.unc.edu.ar\/alfilo\/wp-content\/uploads\/sites\/11\/2019\/05\/muestra-zigaran-6.jpg\" class=\"attachment-full size-full\" alt=\"\" srcset=\"https:\/\/ffyh.unc.edu.ar\/alfilo\/wp-content\/uploads\/sites\/11\/2019\/05\/muestra-zigaran-6.jpg 1024w, https:\/\/ffyh.unc.edu.ar\/alfilo\/wp-content\/uploads\/sites\/11\/2019\/05\/muestra-zigaran-6-300x164.jpg 300w, https:\/\/ffyh.unc.edu.ar\/alfilo\/wp-content\/uploads\/sites\/11\/2019\/05\/muestra-zigaran-6-768x420.jpg 768w, https:\/\/ffyh.unc.edu.ar\/alfilo\/wp-content\/uploads\/sites\/11\/2019\/05\/muestra-zigaran-6-600x328.jpg 600w\" sizes=\"auto, (max-width: 1024px) 100vw, 1024px\" \/><\/a>\n\t\t\t<\/div><\/figure><figure class='gallery-item'>\n\t\t\t<div class='gallery-icon landscape'>\n\t\t\t\t<a href='https:\/\/ffyh.unc.edu.ar\/alfilo\/un-puente-entre-la-historieta-y-la-academia\/muestra-zigaran-7\/'><img loading=\"lazy\" decoding=\"async\" width=\"1024\" height=\"671\" src=\"https:\/\/ffyh.unc.edu.ar\/alfilo\/wp-content\/uploads\/sites\/11\/2019\/05\/muestra-zigaran-7.jpg\" class=\"attachment-full size-full\" alt=\"\" srcset=\"https:\/\/ffyh.unc.edu.ar\/alfilo\/wp-content\/uploads\/sites\/11\/2019\/05\/muestra-zigaran-7.jpg 1024w, https:\/\/ffyh.unc.edu.ar\/alfilo\/wp-content\/uploads\/sites\/11\/2019\/05\/muestra-zigaran-7-300x197.jpg 300w, https:\/\/ffyh.unc.edu.ar\/alfilo\/wp-content\/uploads\/sites\/11\/2019\/05\/muestra-zigaran-7-768x503.jpg 768w, https:\/\/ffyh.unc.edu.ar\/alfilo\/wp-content\/uploads\/sites\/11\/2019\/05\/muestra-zigaran-7-600x393.jpg 600w\" sizes=\"auto, (max-width: 1024px) 100vw, 1024px\" \/><\/a>\n\t\t\t<\/div><\/figure><figure class='gallery-item'>\n\t\t\t<div class='gallery-icon landscape'>\n\t\t\t\t<a href='https:\/\/ffyh.unc.edu.ar\/alfilo\/un-puente-entre-la-historieta-y-la-academia\/muestra-zigaran-8\/'><img loading=\"lazy\" decoding=\"async\" width=\"1024\" height=\"604\" src=\"https:\/\/ffyh.unc.edu.ar\/alfilo\/wp-content\/uploads\/sites\/11\/2019\/05\/muestra-zigaran-8.jpg\" class=\"attachment-full size-full\" alt=\"\" srcset=\"https:\/\/ffyh.unc.edu.ar\/alfilo\/wp-content\/uploads\/sites\/11\/2019\/05\/muestra-zigaran-8.jpg 1024w, https:\/\/ffyh.unc.edu.ar\/alfilo\/wp-content\/uploads\/sites\/11\/2019\/05\/muestra-zigaran-8-300x177.jpg 300w, https:\/\/ffyh.unc.edu.ar\/alfilo\/wp-content\/uploads\/sites\/11\/2019\/05\/muestra-zigaran-8-768x453.jpg 768w, https:\/\/ffyh.unc.edu.ar\/alfilo\/wp-content\/uploads\/sites\/11\/2019\/05\/muestra-zigaran-8-600x354.jpg 600w\" sizes=\"auto, (max-width: 1024px) 100vw, 1024px\" \/><\/a>\n\t\t\t<\/div><\/figure><figure class='gallery-item'>\n\t\t\t<div class='gallery-icon landscape'>\n\t\t\t\t<a href='https:\/\/ffyh.unc.edu.ar\/alfilo\/un-puente-entre-la-historieta-y-la-academia\/muestra-zigaran-9\/'><img loading=\"lazy\" decoding=\"async\" width=\"1024\" height=\"490\" src=\"https:\/\/ffyh.unc.edu.ar\/alfilo\/wp-content\/uploads\/sites\/11\/2019\/05\/muestra-zigaran-9.jpg\" class=\"attachment-full size-full\" alt=\"\" srcset=\"https:\/\/ffyh.unc.edu.ar\/alfilo\/wp-content\/uploads\/sites\/11\/2019\/05\/muestra-zigaran-9.jpg 1024w, https:\/\/ffyh.unc.edu.ar\/alfilo\/wp-content\/uploads\/sites\/11\/2019\/05\/muestra-zigaran-9-300x144.jpg 300w, https:\/\/ffyh.unc.edu.ar\/alfilo\/wp-content\/uploads\/sites\/11\/2019\/05\/muestra-zigaran-9-768x368.jpg 768w, https:\/\/ffyh.unc.edu.ar\/alfilo\/wp-content\/uploads\/sites\/11\/2019\/05\/muestra-zigaran-9-600x287.jpg 600w\" sizes=\"auto, (max-width: 1024px) 100vw, 1024px\" \/><\/a>\n\t\t\t<\/div><\/figure><figure class='gallery-item'>\n\t\t\t<div class='gallery-icon landscape'>\n\t\t\t\t<a href='https:\/\/ffyh.unc.edu.ar\/alfilo\/un-puente-entre-la-historieta-y-la-academia\/muestra-zigaran-10\/'><img loading=\"lazy\" decoding=\"async\" width=\"1024\" height=\"588\" src=\"https:\/\/ffyh.unc.edu.ar\/alfilo\/wp-content\/uploads\/sites\/11\/2019\/05\/muestra-zigaran-10.jpg\" class=\"attachment-full size-full\" alt=\"\" srcset=\"https:\/\/ffyh.unc.edu.ar\/alfilo\/wp-content\/uploads\/sites\/11\/2019\/05\/muestra-zigaran-10.jpg 1024w, https:\/\/ffyh.unc.edu.ar\/alfilo\/wp-content\/uploads\/sites\/11\/2019\/05\/muestra-zigaran-10-300x172.jpg 300w, https:\/\/ffyh.unc.edu.ar\/alfilo\/wp-content\/uploads\/sites\/11\/2019\/05\/muestra-zigaran-10-768x441.jpg 768w, https:\/\/ffyh.unc.edu.ar\/alfilo\/wp-content\/uploads\/sites\/11\/2019\/05\/muestra-zigaran-10-600x345.jpg 600w\" sizes=\"auto, (max-width: 1024px) 100vw, 1024px\" \/><\/a>\n\t\t\t<\/div><\/figure><figure class='gallery-item'>\n\t\t\t<div class='gallery-icon landscape'>\n\t\t\t\t<a href='https:\/\/ffyh.unc.edu.ar\/alfilo\/un-puente-entre-la-historieta-y-la-academia\/muestra-zigaran-11\/'><img loading=\"lazy\" decoding=\"async\" width=\"1024\" height=\"483\" src=\"https:\/\/ffyh.unc.edu.ar\/alfilo\/wp-content\/uploads\/sites\/11\/2019\/05\/muestra-zigaran-11.jpg\" class=\"attachment-full size-full\" alt=\"\" srcset=\"https:\/\/ffyh.unc.edu.ar\/alfilo\/wp-content\/uploads\/sites\/11\/2019\/05\/muestra-zigaran-11.jpg 1024w, https:\/\/ffyh.unc.edu.ar\/alfilo\/wp-content\/uploads\/sites\/11\/2019\/05\/muestra-zigaran-11-300x142.jpg 300w, https:\/\/ffyh.unc.edu.ar\/alfilo\/wp-content\/uploads\/sites\/11\/2019\/05\/muestra-zigaran-11-768x362.jpg 768w, https:\/\/ffyh.unc.edu.ar\/alfilo\/wp-content\/uploads\/sites\/11\/2019\/05\/muestra-zigaran-11-600x283.jpg 600w\" sizes=\"auto, (max-width: 1024px) 100vw, 1024px\" \/><\/a>\n\t\t\t<\/div><\/figure><figure class='gallery-item'>\n\t\t\t<div class='gallery-icon landscape'>\n\t\t\t\t<a href='https:\/\/ffyh.unc.edu.ar\/alfilo\/un-puente-entre-la-historieta-y-la-academia\/muestra-zigaran-12\/'><img loading=\"lazy\" decoding=\"async\" width=\"1024\" height=\"682\" src=\"https:\/\/ffyh.unc.edu.ar\/alfilo\/wp-content\/uploads\/sites\/11\/2019\/05\/muestra-zigaran-12.jpg\" class=\"attachment-full size-full\" alt=\"\" srcset=\"https:\/\/ffyh.unc.edu.ar\/alfilo\/wp-content\/uploads\/sites\/11\/2019\/05\/muestra-zigaran-12.jpg 1024w, https:\/\/ffyh.unc.edu.ar\/alfilo\/wp-content\/uploads\/sites\/11\/2019\/05\/muestra-zigaran-12-300x200.jpg 300w, https:\/\/ffyh.unc.edu.ar\/alfilo\/wp-content\/uploads\/sites\/11\/2019\/05\/muestra-zigaran-12-768x512.jpg 768w, https:\/\/ffyh.unc.edu.ar\/alfilo\/wp-content\/uploads\/sites\/11\/2019\/05\/muestra-zigaran-12-600x400.jpg 600w\" sizes=\"auto, (max-width: 1024px) 100vw, 1024px\" \/><\/a>\n\t\t\t<\/div><\/figure>\n\t\t<\/div>\n\n","protected":false},"excerpt":{"rendered":"<div class=\"mh-excerpt\"><p>El jueves 9 de mayo, en el Pabell\u00f3n Residencial, se inaugur\u00f3 la muestra \u201cEl monte: crianza y predaci\u00f3n\u201d, basada en el Trabajo Final de Licenciatura en Antropolog\u00eda de Iv\u00e1n Zigar\u00e1n.<\/p>\n<\/div>","protected":false},"author":2,"featured_media":5793,"comment_status":"closed","ping_status":"closed","sticky":false,"template":"","format":"standard","meta":{"_acf_changed":false,"_monsterinsights_skip_tracking":false,"_monsterinsights_sitenote_active":false,"_monsterinsights_sitenote_note":"","_monsterinsights_sitenote_category":0,"_jetpack_memberships_contains_paid_content":false,"footnotes":""},"categories":[219],"tags":[48,56,221,188],"class_list":["post-5792","post","type-post","status-publish","format-standard","has-post-thumbnail","hentry","category-219","tag-antropologia","tag-cultura","tag-historieta","tag-muestra"],"acf":[],"yoast_head":"<!-- This site is optimized with the Yoast SEO plugin v27.1.1 - https:\/\/yoast.com\/product\/yoast-seo-wordpress\/ -->\n<title>Un puente entre la historieta y la academia - Alfilo<\/title>\n<meta name=\"robots\" content=\"index, follow, max-snippet:-1, max-image-preview:large, max-video-preview:-1\" \/>\n<link rel=\"canonical\" href=\"https:\/\/ffyh.unc.edu.ar\/alfilo\/un-puente-entre-la-historieta-y-la-academia\/\" \/>\n<meta property=\"og:locale\" content=\"es_ES\" \/>\n<meta property=\"og:type\" content=\"article\" \/>\n<meta property=\"og:title\" content=\"Un puente entre la historieta y la academia - Alfilo\" \/>\n<meta property=\"og:description\" content=\"El jueves 9 de mayo, en el Pabell\u00f3n Residencial, se inaugur\u00f3 la muestra \u201cEl monte: crianza y predaci\u00f3n\u201d, basada en el Trabajo Final de Licenciatura en Antropolog\u00eda de Iv\u00e1n Zigar\u00e1n.\" \/>\n<meta property=\"og:url\" content=\"https:\/\/ffyh.unc.edu.ar\/alfilo\/un-puente-entre-la-historieta-y-la-academia\/\" \/>\n<meta property=\"og:site_name\" content=\"Alfilo\" \/>\n<meta property=\"article:publisher\" content=\"https:\/\/www.facebook.com\/ffyh.unc\/\" \/>\n<meta property=\"article:published_time\" content=\"2019-05-20T14:25:25+00:00\" \/>\n<meta property=\"article:modified_time\" content=\"2019-05-20T14:53:42+00:00\" \/>\n<meta property=\"og:image\" content=\"https:\/\/ffyh.unc.edu.ar\/alfilo\/wp-content\/uploads\/sites\/11\/2019\/05\/muestra-zigaran-portada.jpg\" \/>\n\t<meta property=\"og:image:width\" content=\"1024\" \/>\n\t<meta property=\"og:image:height\" content=\"595\" \/>\n\t<meta property=\"og:image:type\" content=\"image\/jpeg\" \/>\n<meta name=\"author\" content=\"\u00c1rea de Comunicaci\u00f3n - FFyH\" \/>\n<meta name=\"twitter:card\" content=\"summary_large_image\" \/>\n<meta name=\"twitter:creator\" content=\"@ffyh_unc\" \/>\n<meta name=\"twitter:site\" content=\"@ffyh_unc\" \/>\n<meta name=\"twitter:label1\" content=\"Escrito por\" \/>\n\t<meta name=\"twitter:data1\" content=\"\" \/>\n\t<meta name=\"twitter:label2\" content=\"Tiempo de lectura\" \/>\n\t<meta name=\"twitter:data2\" content=\"2 minutos\" \/>\n<script type=\"application\/ld+json\" class=\"yoast-schema-graph\">{\"@context\":\"https:\/\/schema.org\",\"@graph\":[{\"@type\":\"Article\",\"@id\":\"https:\/\/ffyh.unc.edu.ar\/alfilo\/un-puente-entre-la-historieta-y-la-academia\/#article\",\"isPartOf\":{\"@id\":\"https:\/\/ffyh.unc.edu.ar\/alfilo\/un-puente-entre-la-historieta-y-la-academia\/\"},\"author\":{\"name\":\"\u00c1rea de Comunicaci\u00f3n - FFyH\",\"@id\":\"https:\/\/ffyh.unc.edu.ar\/alfilo\/#\/schema\/person\/e6b9f6aec95cb7437bb2fde09e23b224\"},\"headline\":\"Un puente entre la historieta y la academia\",\"datePublished\":\"2019-05-20T14:25:25+00:00\",\"dateModified\":\"2019-05-20T14:53:42+00:00\",\"mainEntityOfPage\":{\"@id\":\"https:\/\/ffyh.unc.edu.ar\/alfilo\/un-puente-entre-la-historieta-y-la-academia\/\"},\"wordCount\":465,\"publisher\":{\"@id\":\"https:\/\/ffyh.unc.edu.ar\/alfilo\/#organization\"},\"image\":{\"@id\":\"https:\/\/ffyh.unc.edu.ar\/alfilo\/un-puente-entre-la-historieta-y-la-academia\/#primaryimage\"},\"thumbnailUrl\":\"https:\/\/ffyh.unc.edu.ar\/alfilo\/wp-content\/uploads\/sites\/11\/2019\/05\/muestra-zigaran-portada.jpg\",\"keywords\":[\"Antropolog\u00eda\",\"Cultura\",\"Historieta\",\"Muestra\"],\"articleSection\":[\"75\"],\"inLanguage\":\"es\"},{\"@type\":\"WebPage\",\"@id\":\"https:\/\/ffyh.unc.edu.ar\/alfilo\/un-puente-entre-la-historieta-y-la-academia\/\",\"url\":\"https:\/\/ffyh.unc.edu.ar\/alfilo\/un-puente-entre-la-historieta-y-la-academia\/\",\"name\":\"Un puente entre la historieta y la academia - Alfilo\",\"isPartOf\":{\"@id\":\"https:\/\/ffyh.unc.edu.ar\/alfilo\/#website\"},\"primaryImageOfPage\":{\"@id\":\"https:\/\/ffyh.unc.edu.ar\/alfilo\/un-puente-entre-la-historieta-y-la-academia\/#primaryimage\"},\"image\":{\"@id\":\"https:\/\/ffyh.unc.edu.ar\/alfilo\/un-puente-entre-la-historieta-y-la-academia\/#primaryimage\"},\"thumbnailUrl\":\"https:\/\/ffyh.unc.edu.ar\/alfilo\/wp-content\/uploads\/sites\/11\/2019\/05\/muestra-zigaran-portada.jpg\",\"datePublished\":\"2019-05-20T14:25:25+00:00\",\"dateModified\":\"2019-05-20T14:53:42+00:00\",\"breadcrumb\":{\"@id\":\"https:\/\/ffyh.unc.edu.ar\/alfilo\/un-puente-entre-la-historieta-y-la-academia\/#breadcrumb\"},\"inLanguage\":\"es\",\"potentialAction\":[{\"@type\":\"ReadAction\",\"target\":[\"https:\/\/ffyh.unc.edu.ar\/alfilo\/un-puente-entre-la-historieta-y-la-academia\/\"]}]},{\"@type\":\"ImageObject\",\"inLanguage\":\"es\",\"@id\":\"https:\/\/ffyh.unc.edu.ar\/alfilo\/un-puente-entre-la-historieta-y-la-academia\/#primaryimage\",\"url\":\"https:\/\/ffyh.unc.edu.ar\/alfilo\/wp-content\/uploads\/sites\/11\/2019\/05\/muestra-zigaran-portada.jpg\",\"contentUrl\":\"https:\/\/ffyh.unc.edu.ar\/alfilo\/wp-content\/uploads\/sites\/11\/2019\/05\/muestra-zigaran-portada.jpg\",\"width\":1024,\"height\":595},{\"@type\":\"BreadcrumbList\",\"@id\":\"https:\/\/ffyh.unc.edu.ar\/alfilo\/un-puente-entre-la-historieta-y-la-academia\/#breadcrumb\",\"itemListElement\":[{\"@type\":\"ListItem\",\"position\":1,\"name\":\"Portada\",\"item\":\"https:\/\/ffyh.unc.edu.ar\/alfilo\/\"},{\"@type\":\"ListItem\",\"position\":2,\"name\":\"Un puente entre la historieta y la academia\"}]},{\"@type\":\"WebSite\",\"@id\":\"https:\/\/ffyh.unc.edu.ar\/alfilo\/#website\",\"url\":\"https:\/\/ffyh.unc.edu.ar\/alfilo\/\",\"name\":\"Alfilo\",\"description\":\"Revista digital de la Facultad de Filosof\u00eda y Humanidades - Universidad Nacional de C\u00f3rdoba\",\"publisher\":{\"@id\":\"https:\/\/ffyh.unc.edu.ar\/alfilo\/#organization\"},\"potentialAction\":[{\"@type\":\"SearchAction\",\"target\":{\"@type\":\"EntryPoint\",\"urlTemplate\":\"https:\/\/ffyh.unc.edu.ar\/alfilo\/?s={search_term_string}\"},\"query-input\":{\"@type\":\"PropertyValueSpecification\",\"valueRequired\":true,\"valueName\":\"search_term_string\"}}],\"inLanguage\":\"es\"},{\"@type\":\"Organization\",\"@id\":\"https:\/\/ffyh.unc.edu.ar\/alfilo\/#organization\",\"name\":\"Alfilo | Revista digital de la Facultad de Filosof\u00eda y Humanidades | UNC\",\"url\":\"https:\/\/ffyh.unc.edu.ar\/alfilo\/\",\"logo\":{\"@type\":\"ImageObject\",\"inLanguage\":\"es\",\"@id\":\"https:\/\/ffyh.unc.edu.ar\/alfilo\/#\/schema\/logo\/image\/\",\"url\":\"https:\/\/ffyh.unc.edu.ar\/alfilo\/wp-content\/uploads\/sites\/11\/2015\/04\/banner-alfilo-2015-ico.jpg\",\"contentUrl\":\"https:\/\/ffyh.unc.edu.ar\/alfilo\/wp-content\/uploads\/sites\/11\/2015\/04\/banner-alfilo-2015-ico.jpg\",\"width\":253,\"height\":128,\"caption\":\"Alfilo | Revista digital de la Facultad de Filosof\u00eda y Humanidades | UNC\"},\"image\":{\"@id\":\"https:\/\/ffyh.unc.edu.ar\/alfilo\/#\/schema\/logo\/image\/\"},\"sameAs\":[\"https:\/\/www.facebook.com\/ffyh.unc\/\",\"https:\/\/x.com\/ffyh_unc\",\"https:\/\/www.instagram.com\/ffyhunc\/\",\"https:\/\/www.youtube.com\/user\/comunicacionfilo\"]},{\"@type\":\"Person\",\"@id\":\"https:\/\/ffyh.unc.edu.ar\/alfilo\/#\/schema\/person\/e6b9f6aec95cb7437bb2fde09e23b224\",\"name\":\"\u00c1rea de Comunicaci\u00f3n - FFyH\",\"image\":{\"@type\":\"ImageObject\",\"inLanguage\":\"es\",\"@id\":\"https:\/\/ffyh.unc.edu.ar\/alfilo\/#\/schema\/person\/image\/\",\"url\":\"https:\/\/secure.gravatar.com\/avatar\/1d896d10b19526e4cb6e972ca0f1b6719a4697e2d88742a801b88b3682d5be75?s=96&d=mm&r=g\",\"contentUrl\":\"https:\/\/secure.gravatar.com\/avatar\/1d896d10b19526e4cb6e972ca0f1b6719a4697e2d88742a801b88b3682d5be75?s=96&d=mm&r=g\",\"caption\":\"\u00c1rea de Comunicaci\u00f3n - FFyH\"},\"url\":\"https:\/\/ffyh.unc.edu.ar\/alfilo\/author\/prensa\/\"}]}<\/script>\n<!-- \/ Yoast SEO plugin. -->","yoast_head_json":{"title":"Un puente entre la historieta y la academia - Alfilo","robots":{"index":"index","follow":"follow","max-snippet":"max-snippet:-1","max-image-preview":"max-image-preview:large","max-video-preview":"max-video-preview:-1"},"canonical":"https:\/\/ffyh.unc.edu.ar\/alfilo\/un-puente-entre-la-historieta-y-la-academia\/","og_locale":"es_ES","og_type":"article","og_title":"Un puente entre la historieta y la academia - Alfilo","og_description":"El jueves 9 de mayo, en el Pabell\u00f3n Residencial, se inaugur\u00f3 la muestra \u201cEl monte: crianza y predaci\u00f3n\u201d, basada en el Trabajo Final de Licenciatura en Antropolog\u00eda de Iv\u00e1n Zigar\u00e1n.","og_url":"https:\/\/ffyh.unc.edu.ar\/alfilo\/un-puente-entre-la-historieta-y-la-academia\/","og_site_name":"Alfilo","article_publisher":"https:\/\/www.facebook.com\/ffyh.unc\/","article_published_time":"2019-05-20T14:25:25+00:00","article_modified_time":"2019-05-20T14:53:42+00:00","og_image":[{"width":1024,"height":595,"url":"https:\/\/ffyh.unc.edu.ar\/alfilo\/wp-content\/uploads\/sites\/11\/2019\/05\/muestra-zigaran-portada.jpg","type":"image\/jpeg"}],"author":"\u00c1rea de Comunicaci\u00f3n - FFyH","twitter_card":"summary_large_image","twitter_creator":"@ffyh_unc","twitter_site":"@ffyh_unc","twitter_misc":{"Escrito por":false,"Tiempo de lectura":"2 minutos"},"schema":{"@context":"https:\/\/schema.org","@graph":[{"@type":"Article","@id":"https:\/\/ffyh.unc.edu.ar\/alfilo\/un-puente-entre-la-historieta-y-la-academia\/#article","isPartOf":{"@id":"https:\/\/ffyh.unc.edu.ar\/alfilo\/un-puente-entre-la-historieta-y-la-academia\/"},"author":{"name":"\u00c1rea de Comunicaci\u00f3n - FFyH","@id":"https:\/\/ffyh.unc.edu.ar\/alfilo\/#\/schema\/person\/e6b9f6aec95cb7437bb2fde09e23b224"},"headline":"Un puente entre la historieta y la academia","datePublished":"2019-05-20T14:25:25+00:00","dateModified":"2019-05-20T14:53:42+00:00","mainEntityOfPage":{"@id":"https:\/\/ffyh.unc.edu.ar\/alfilo\/un-puente-entre-la-historieta-y-la-academia\/"},"wordCount":465,"publisher":{"@id":"https:\/\/ffyh.unc.edu.ar\/alfilo\/#organization"},"image":{"@id":"https:\/\/ffyh.unc.edu.ar\/alfilo\/un-puente-entre-la-historieta-y-la-academia\/#primaryimage"},"thumbnailUrl":"https:\/\/ffyh.unc.edu.ar\/alfilo\/wp-content\/uploads\/sites\/11\/2019\/05\/muestra-zigaran-portada.jpg","keywords":["Antropolog\u00eda","Cultura","Historieta","Muestra"],"articleSection":["75"],"inLanguage":"es"},{"@type":"WebPage","@id":"https:\/\/ffyh.unc.edu.ar\/alfilo\/un-puente-entre-la-historieta-y-la-academia\/","url":"https:\/\/ffyh.unc.edu.ar\/alfilo\/un-puente-entre-la-historieta-y-la-academia\/","name":"Un puente entre la historieta y la academia - Alfilo","isPartOf":{"@id":"https:\/\/ffyh.unc.edu.ar\/alfilo\/#website"},"primaryImageOfPage":{"@id":"https:\/\/ffyh.unc.edu.ar\/alfilo\/un-puente-entre-la-historieta-y-la-academia\/#primaryimage"},"image":{"@id":"https:\/\/ffyh.unc.edu.ar\/alfilo\/un-puente-entre-la-historieta-y-la-academia\/#primaryimage"},"thumbnailUrl":"https:\/\/ffyh.unc.edu.ar\/alfilo\/wp-content\/uploads\/sites\/11\/2019\/05\/muestra-zigaran-portada.jpg","datePublished":"2019-05-20T14:25:25+00:00","dateModified":"2019-05-20T14:53:42+00:00","breadcrumb":{"@id":"https:\/\/ffyh.unc.edu.ar\/alfilo\/un-puente-entre-la-historieta-y-la-academia\/#breadcrumb"},"inLanguage":"es","potentialAction":[{"@type":"ReadAction","target":["https:\/\/ffyh.unc.edu.ar\/alfilo\/un-puente-entre-la-historieta-y-la-academia\/"]}]},{"@type":"ImageObject","inLanguage":"es","@id":"https:\/\/ffyh.unc.edu.ar\/alfilo\/un-puente-entre-la-historieta-y-la-academia\/#primaryimage","url":"https:\/\/ffyh.unc.edu.ar\/alfilo\/wp-content\/uploads\/sites\/11\/2019\/05\/muestra-zigaran-portada.jpg","contentUrl":"https:\/\/ffyh.unc.edu.ar\/alfilo\/wp-content\/uploads\/sites\/11\/2019\/05\/muestra-zigaran-portada.jpg","width":1024,"height":595},{"@type":"BreadcrumbList","@id":"https:\/\/ffyh.unc.edu.ar\/alfilo\/un-puente-entre-la-historieta-y-la-academia\/#breadcrumb","itemListElement":[{"@type":"ListItem","position":1,"name":"Portada","item":"https:\/\/ffyh.unc.edu.ar\/alfilo\/"},{"@type":"ListItem","position":2,"name":"Un puente entre la historieta y la academia"}]},{"@type":"WebSite","@id":"https:\/\/ffyh.unc.edu.ar\/alfilo\/#website","url":"https:\/\/ffyh.unc.edu.ar\/alfilo\/","name":"Alfilo","description":"Revista digital de la Facultad de Filosof\u00eda y Humanidades - Universidad Nacional de C\u00f3rdoba","publisher":{"@id":"https:\/\/ffyh.unc.edu.ar\/alfilo\/#organization"},"potentialAction":[{"@type":"SearchAction","target":{"@type":"EntryPoint","urlTemplate":"https:\/\/ffyh.unc.edu.ar\/alfilo\/?s={search_term_string}"},"query-input":{"@type":"PropertyValueSpecification","valueRequired":true,"valueName":"search_term_string"}}],"inLanguage":"es"},{"@type":"Organization","@id":"https:\/\/ffyh.unc.edu.ar\/alfilo\/#organization","name":"Alfilo | Revista digital de la Facultad de Filosof\u00eda y Humanidades | UNC","url":"https:\/\/ffyh.unc.edu.ar\/alfilo\/","logo":{"@type":"ImageObject","inLanguage":"es","@id":"https:\/\/ffyh.unc.edu.ar\/alfilo\/#\/schema\/logo\/image\/","url":"https:\/\/ffyh.unc.edu.ar\/alfilo\/wp-content\/uploads\/sites\/11\/2015\/04\/banner-alfilo-2015-ico.jpg","contentUrl":"https:\/\/ffyh.unc.edu.ar\/alfilo\/wp-content\/uploads\/sites\/11\/2015\/04\/banner-alfilo-2015-ico.jpg","width":253,"height":128,"caption":"Alfilo | Revista digital de la Facultad de Filosof\u00eda y Humanidades | UNC"},"image":{"@id":"https:\/\/ffyh.unc.edu.ar\/alfilo\/#\/schema\/logo\/image\/"},"sameAs":["https:\/\/www.facebook.com\/ffyh.unc\/","https:\/\/x.com\/ffyh_unc","https:\/\/www.instagram.com\/ffyhunc\/","https:\/\/www.youtube.com\/user\/comunicacionfilo"]},{"@type":"Person","@id":"https:\/\/ffyh.unc.edu.ar\/alfilo\/#\/schema\/person\/e6b9f6aec95cb7437bb2fde09e23b224","name":"\u00c1rea de Comunicaci\u00f3n - FFyH","image":{"@type":"ImageObject","inLanguage":"es","@id":"https:\/\/ffyh.unc.edu.ar\/alfilo\/#\/schema\/person\/image\/","url":"https:\/\/secure.gravatar.com\/avatar\/1d896d10b19526e4cb6e972ca0f1b6719a4697e2d88742a801b88b3682d5be75?s=96&d=mm&r=g","contentUrl":"https:\/\/secure.gravatar.com\/avatar\/1d896d10b19526e4cb6e972ca0f1b6719a4697e2d88742a801b88b3682d5be75?s=96&d=mm&r=g","caption":"\u00c1rea de Comunicaci\u00f3n - FFyH"},"url":"https:\/\/ffyh.unc.edu.ar\/alfilo\/author\/prensa\/"}]}},"jetpack_featured_media_url":"https:\/\/ffyh.unc.edu.ar\/alfilo\/wp-content\/uploads\/sites\/11\/2019\/05\/muestra-zigaran-portada.jpg","jetpack_sharing_enabled":true,"_links":{"self":[{"href":"https:\/\/ffyh.unc.edu.ar\/alfilo\/wp-json\/wp\/v2\/posts\/5792","targetHints":{"allow":["GET"]}}],"collection":[{"href":"https:\/\/ffyh.unc.edu.ar\/alfilo\/wp-json\/wp\/v2\/posts"}],"about":[{"href":"https:\/\/ffyh.unc.edu.ar\/alfilo\/wp-json\/wp\/v2\/types\/post"}],"author":[{"embeddable":true,"href":"https:\/\/ffyh.unc.edu.ar\/alfilo\/wp-json\/wp\/v2\/users\/2"}],"replies":[{"embeddable":true,"href":"https:\/\/ffyh.unc.edu.ar\/alfilo\/wp-json\/wp\/v2\/comments?post=5792"}],"version-history":[{"count":8,"href":"https:\/\/ffyh.unc.edu.ar\/alfilo\/wp-json\/wp\/v2\/posts\/5792\/revisions"}],"predecessor-version":[{"id":5813,"href":"https:\/\/ffyh.unc.edu.ar\/alfilo\/wp-json\/wp\/v2\/posts\/5792\/revisions\/5813"}],"wp:featuredmedia":[{"embeddable":true,"href":"https:\/\/ffyh.unc.edu.ar\/alfilo\/wp-json\/wp\/v2\/media\/5793"}],"wp:attachment":[{"href":"https:\/\/ffyh.unc.edu.ar\/alfilo\/wp-json\/wp\/v2\/media?parent=5792"}],"wp:term":[{"taxonomy":"category","embeddable":true,"href":"https:\/\/ffyh.unc.edu.ar\/alfilo\/wp-json\/wp\/v2\/categories?post=5792"},{"taxonomy":"post_tag","embeddable":true,"href":"https:\/\/ffyh.unc.edu.ar\/alfilo\/wp-json\/wp\/v2\/tags?post=5792"}],"curies":[{"name":"wp","href":"https:\/\/api.w.org\/{rel}","templated":true}]}}