{"id":5958,"date":"2019-07-30T13:24:27","date_gmt":"2019-07-30T13:24:27","guid":{"rendered":"http:\/\/ffyh.unc.edu.ar\/alfilo\/?p=5958"},"modified":"2019-08-06T13:34:31","modified_gmt":"2019-08-06T13:34:31","slug":"la-psicopedagogia-escolar-responde-a-una-demanda-social","status":"publish","type":"post","link":"https:\/\/ffyh.unc.edu.ar\/alfilo\/la-psicopedagogia-escolar-responde-a-una-demanda-social\/","title":{"rendered":"\u201cLa Psicopedagog\u00eda Escolar responde a una demanda social\u201d"},"content":{"rendered":"<p style=\"text-align: left\"><strong><img loading=\"lazy\" decoding=\"async\" class=\"alignright wp-image-5967\" src=\"http:\/\/ffyh.unc.edu.ar\/alfilo\/wp-content\/uploads\/sites\/11\/2019\/07\/jornadas-psicopedagogia-2019-9-1024x456.jpg\" alt=\"\" width=\"450\" height=\"200\" srcset=\"https:\/\/ffyh.unc.edu.ar\/alfilo\/wp-content\/uploads\/sites\/11\/2019\/07\/jornadas-psicopedagogia-2019-9.jpg 1024w, https:\/\/ffyh.unc.edu.ar\/alfilo\/wp-content\/uploads\/sites\/11\/2019\/07\/jornadas-psicopedagogia-2019-9-300x134.jpg 300w, https:\/\/ffyh.unc.edu.ar\/alfilo\/wp-content\/uploads\/sites\/11\/2019\/07\/jornadas-psicopedagogia-2019-9-768x342.jpg 768w, https:\/\/ffyh.unc.edu.ar\/alfilo\/wp-content\/uploads\/sites\/11\/2019\/07\/jornadas-psicopedagogia-2019-9-600x267.jpg 600w\" sizes=\"auto, (max-width: 450px) 100vw, 450px\" \/>Lo se\u00f1al\u00f3 Luc\u00eda Garay, Directora de la carrera de Posgrado que se dicta en la FFyH, que el viernes 26 de julio realiz\u00f3 la primera jornada \u201cSaberes Psicopedag\u00f3gicos en la educaci\u00f3n y la escolarizaci\u00f3n de las infancias\u201d. Creada en 2015, la Especializaci\u00f3n busca ampliar el conocimiento y estudio de lxs profesionales que desarrollan sus tareas en el campo de la educaci\u00f3n institucionalizada.<\/strong><\/p>\n<p style=\"text-align: left\"><!--more--><\/p>\n<p>\u201cSiempre fuimos las hermanitas menores de las Ciencias de la Educaci\u00f3n, por eso que nos reconozcan con esta formaci\u00f3n, nos hace estar profundamente comprometidas y agradecidas con la Facultad de Filosof\u00eda y Humanidades y la Universidad Nacional de C\u00f3rdoba\u201d, destaca Luc\u00eda Garay, directora de la Especializaci\u00f3n en Psicopedagog\u00eda Escolar que se dicta en esta Facultad.<\/p>\n<p>En el inicio de la tercera cohorte (cuyas inscripciones estar\u00e1n abiertas hasta el 7 de agosto) Garay valora la Jornada realizada el viernes 26 de julio en el Auditorio Hugo Ch\u00e1vez del Pabell\u00f3n Venezuela (Ciudad Universitaria), organizadas precisamente por la carrera que dirige luego de haberse creado en el 2015 a solicitud del Colegio de Psicopedagogos.<\/p>\n<p>El Rectorado de ese entonces recogi\u00f3 lo que claramente era una demanda en las instituciones escolares, y logr\u00f3 que la CONEAU aprobara la apertura de un espacio de formaci\u00f3n de posgrado para estxs profesionales, que funciona en el marco de la Secretar\u00eda de Posgrado de la FFyH.<\/p>\n<p><img loading=\"lazy\" decoding=\"async\" class=\"alignright size-large wp-image-5969\" src=\"http:\/\/ffyh.unc.edu.ar\/alfilo\/wp-content\/uploads\/sites\/11\/2019\/07\/jornadas-psicopedagogia-2019-2-1024x597.jpg\" alt=\"\" width=\"1024\" height=\"597\" srcset=\"https:\/\/ffyh.unc.edu.ar\/alfilo\/wp-content\/uploads\/sites\/11\/2019\/07\/jornadas-psicopedagogia-2019-2.jpg 1024w, https:\/\/ffyh.unc.edu.ar\/alfilo\/wp-content\/uploads\/sites\/11\/2019\/07\/jornadas-psicopedagogia-2019-2-300x175.jpg 300w, https:\/\/ffyh.unc.edu.ar\/alfilo\/wp-content\/uploads\/sites\/11\/2019\/07\/jornadas-psicopedagogia-2019-2-768x448.jpg 768w, https:\/\/ffyh.unc.edu.ar\/alfilo\/wp-content\/uploads\/sites\/11\/2019\/07\/jornadas-psicopedagogia-2019-2-600x350.jpg 600w\" sizes=\"auto, (max-width: 1024px) 100vw, 1024px\" \/><\/p>\n<p>Con el compromiso de ampliar el conocimiento y estudio de los profesionales que desarrollan sus tareas en el campo de la educaci\u00f3n institucionalizada, la carrera es un punto de referencia nacional, que se reflej\u00f3 en la actividad del 26 de julio. Durante todo el d\u00eda, participantes de C\u00f3rdoba y otras provincias pudieron establecer un di\u00e1logo para revisar acercamientos, diagn\u00f3sticos e intervenciones en los espacios escolares, adem\u00e1s de socializar las perspectivas de trabajo propuestas por las ciencias de la educaci\u00f3n y la psicopedagog\u00eda escolar.<\/p>\n<p>La apertura estuvo a cargo de Sebasti\u00e1n Mu\u00f1oz, secretario de Posgrado de la FFyH, y Mar\u00eda Cristina Vairo, vicedirectora de la carrera de Especializaci\u00f3n en Psicopedagog\u00eda Escolar. Luego fue el turno de la charla \u201cLa Pedagog\u00eda y la reinvenci\u00f3n del formato escolar\u201d, que comparti\u00f3 \u00a0Liliana Abrate, Directora de la Escuela de Ciencias de la Educaci\u00f3n de la FFyH, para cerrar con la conferencia \u201cHablemos de la Psicopedagog\u00eda Escolar\u201d, que tuvo de panelistas a Garay y Mariana Etchegorry, Directora de la Licenciatura en Psicopedagog\u00eda de la Universidad Provincial de C\u00f3rdoba.<\/p>\n<p><img loading=\"lazy\" decoding=\"async\" class=\"alignright size-large wp-image-5970\" src=\"http:\/\/ffyh.unc.edu.ar\/alfilo\/wp-content\/uploads\/sites\/11\/2019\/07\/jornadas-psicopedagogia-2019-4-1024x610.jpg\" alt=\"\" width=\"1024\" height=\"610\" srcset=\"https:\/\/ffyh.unc.edu.ar\/alfilo\/wp-content\/uploads\/sites\/11\/2019\/07\/jornadas-psicopedagogia-2019-4.jpg 1024w, https:\/\/ffyh.unc.edu.ar\/alfilo\/wp-content\/uploads\/sites\/11\/2019\/07\/jornadas-psicopedagogia-2019-4-300x179.jpg 300w, https:\/\/ffyh.unc.edu.ar\/alfilo\/wp-content\/uploads\/sites\/11\/2019\/07\/jornadas-psicopedagogia-2019-4-768x458.jpg 768w, https:\/\/ffyh.unc.edu.ar\/alfilo\/wp-content\/uploads\/sites\/11\/2019\/07\/jornadas-psicopedagogia-2019-4-600x357.jpg 600w\" sizes=\"auto, (max-width: 1024px) 100vw, 1024px\" \/><\/p>\n<p>En di\u00e1logo con Alfilo, la directora de la Especializaci\u00f3n remarc\u00f3 la importancia de las Jornadas: \u201cEs la primera vez en 20 a\u00f1os que las psicopedagogas de C\u00f3rdoba y de otros lugares se sienten emocionadas porque la universidad les da esta posibilidad. Siempre fuimos las hermanitas menores de las ciencias de la educaci\u00f3n, y que nos reconozcan con esta formaci\u00f3n nos hace estar profundamente comprometidas y agradecidas con la UNC\u201d.<\/p>\n<p>La actividad cont\u00f3 con la presencia de profesionales y aspirantes que pudieron \u201csobre todo dialogar\u201d, explica Garay. \u201cEsta es una carrera con una particularidad: es solo para psicopedagogas, y logramos que la instituci\u00f3n evaluadora, la CONEAU, nos permitiera una cuota para licenciados en Ciencias de la Educaci\u00f3n, sobre todo de la Universidad Nacional de C\u00f3rdoba, que tuvieran alguna pr\u00e1ctica institucional en las escuelas. La poblaci\u00f3n de esta carrera es muy espec\u00edfica\u201d.<\/p>\n<p>Con participantes de Jujuy, La Rioja, Salta, y Santa Cruz, las Jornadas fueron el \u00e1mbito propicio para el intercambio de una profesi\u00f3n en la que todo es parte de un proceso de pr\u00e1ctica, \u201cpor eso se finaliza con talleres y presencia en las escuelas, escuelas p\u00fablicas estatales, del nivel inicial y secundario\u201d, precisa Garay.<\/p>\n<p>La especialista advierte que en la propuesta de diagn\u00f3stico e intervenci\u00f3n en las escuelas, las profesionales \u201ctienen que proponer el tratamiento de un problema. Incluso, si la escuela lo solicita, lo llevamos a cabo. La presencia en las escuelas, la pr\u00e1ctica, es el coraz\u00f3n de nuestra profesi\u00f3n, sobre todo en la tem\u00e1tica de la inclusi\u00f3n y el fracaso escolar\u201d.<\/p>\n<p><img loading=\"lazy\" decoding=\"async\" class=\"alignright size-large wp-image-5971\" src=\"http:\/\/ffyh.unc.edu.ar\/alfilo\/wp-content\/uploads\/sites\/11\/2019\/07\/jornadas-psicopedagogia-2019-3-1024x565.jpg\" alt=\"\" width=\"1024\" height=\"565\" srcset=\"https:\/\/ffyh.unc.edu.ar\/alfilo\/wp-content\/uploads\/sites\/11\/2019\/07\/jornadas-psicopedagogia-2019-3.jpg 1024w, https:\/\/ffyh.unc.edu.ar\/alfilo\/wp-content\/uploads\/sites\/11\/2019\/07\/jornadas-psicopedagogia-2019-3-300x166.jpg 300w, https:\/\/ffyh.unc.edu.ar\/alfilo\/wp-content\/uploads\/sites\/11\/2019\/07\/jornadas-psicopedagogia-2019-3-768x424.jpg 768w, https:\/\/ffyh.unc.edu.ar\/alfilo\/wp-content\/uploads\/sites\/11\/2019\/07\/jornadas-psicopedagogia-2019-3-600x331.jpg 600w\" sizes=\"auto, (max-width: 1024px) 100vw, 1024px\" \/><\/p>\n<h3><strong>Una carrera demandada<\/strong><\/h3>\n<p>Otro punto destacado por la entrevistada fue que la Psicopedagog\u00eda Escolar era una materia pendiente de la UNC que pudo ser saldada con la propuesta de la FFyH. \u201cEsta Facultad es mi casa, estoy desde hace 58 a\u00f1os, y desde hace 30 que las psicopedagogas rogaban que se hiciera algo trascendente para ellas, reconociendo la importancia y el nivel de investigaci\u00f3n y producci\u00f3n que tiene la UNC\u201d.<\/p>\n<p>Por \u00faltimo, Garay resalt\u00f3 que en Argentina empez\u00f3 a cobrar significado porque apareci\u00f3 una demanda social: en las escuelas es el lugar donde asisten lxs chicxs con dificultades de aprendizaje, trastornos en el conocimiento o muestran problemas en los v\u00ednculos, las relaciones y en la escolarizaci\u00f3n. \u201cNuestro desempe\u00f1o es acompa\u00f1ar y estudiar estas problem\u00e1ticas. Pero, para que una carrera o profesi\u00f3n se mantenga y se expanda, tiene que haber una demanda social, lo mismo pasa con las instituciones\u201d, cerr\u00f3.<\/p>\n<p><img loading=\"lazy\" decoding=\"async\" class=\"alignright size-large wp-image-5972\" src=\"http:\/\/ffyh.unc.edu.ar\/alfilo\/wp-content\/uploads\/sites\/11\/2019\/07\/jornadas-psicopedagogia-2019-6-1024x728.jpg\" alt=\"\" width=\"1024\" height=\"728\" srcset=\"https:\/\/ffyh.unc.edu.ar\/alfilo\/wp-content\/uploads\/sites\/11\/2019\/07\/jornadas-psicopedagogia-2019-6.jpg 1024w, https:\/\/ffyh.unc.edu.ar\/alfilo\/wp-content\/uploads\/sites\/11\/2019\/07\/jornadas-psicopedagogia-2019-6-300x213.jpg 300w, https:\/\/ffyh.unc.edu.ar\/alfilo\/wp-content\/uploads\/sites\/11\/2019\/07\/jornadas-psicopedagogia-2019-6-768x546.jpg 768w, https:\/\/ffyh.unc.edu.ar\/alfilo\/wp-content\/uploads\/sites\/11\/2019\/07\/jornadas-psicopedagogia-2019-6-600x427.jpg 600w\" sizes=\"auto, (max-width: 1024px) 100vw, 1024px\" \/><\/p>\n<hr \/>\n<p style=\"text-align: right\">Texto: Camilo Ratti<\/p>\n<p style=\"text-align: right\">Fotos: Pablo Giordana<\/p>\n<p style=\"text-align: right\">\n","protected":false},"excerpt":{"rendered":"<div class=\"mh-excerpt\"><p>Lo se\u00f1al\u00f3 Luc\u00eda Garay, Directora de la carrera de Posgrado que se dicta en la FFyH, que el viernes 26 de julio realiz\u00f3 la primera jornada \u201cSaberes Psicopedag\u00f3gicos en la educaci\u00f3n y la escolarizaci\u00f3n de las infancias\u201d. Creada en 2015, <a class=\"mh-excerpt-more\" href=\"https:\/\/ffyh.unc.edu.ar\/alfilo\/la-psicopedagogia-escolar-responde-a-una-demanda-social\/\" title=\"\u201cLa Psicopedagog\u00eda Escolar responde a una demanda social\u201d\">[Leer m\u00e1s]<\/a><\/p>\n<\/div>","protected":false},"author":2,"featured_media":5967,"comment_status":"closed","ping_status":"closed","sticky":false,"template":"","format":"standard","meta":{"_acf_changed":false,"_monsterinsights_skip_tracking":false,"_monsterinsights_sitenote_active":false,"_monsterinsights_sitenote_note":"","_monsterinsights_sitenote_category":0,"_jetpack_memberships_contains_paid_content":false,"footnotes":""},"categories":[227],"tags":[98],"class_list":["post-5958","post","type-post","status-publish","format-standard","has-post-thumbnail","hentry","category-227","tag-institucional"],"acf":[],"yoast_head":"<!-- This site is optimized with the Yoast SEO plugin v27.1.1 - https:\/\/yoast.com\/product\/yoast-seo-wordpress\/ -->\n<title>\u201cLa Psicopedagog\u00eda Escolar responde a una demanda social\u201d - Alfilo<\/title>\n<meta name=\"robots\" content=\"index, follow, max-snippet:-1, max-image-preview:large, max-video-preview:-1\" \/>\n<link rel=\"canonical\" href=\"https:\/\/ffyh.unc.edu.ar\/alfilo\/la-psicopedagogia-escolar-responde-a-una-demanda-social\/\" \/>\n<meta property=\"og:locale\" content=\"es_ES\" \/>\n<meta property=\"og:type\" content=\"article\" \/>\n<meta property=\"og:title\" content=\"\u201cLa Psicopedagog\u00eda Escolar responde a una demanda social\u201d - Alfilo\" \/>\n<meta property=\"og:description\" content=\"Lo se\u00f1al\u00f3 Luc\u00eda Garay, Directora de la carrera de Posgrado que se dicta en la FFyH, que el viernes 26 de julio realiz\u00f3 la primera jornada \u201cSaberes Psicopedag\u00f3gicos en la educaci\u00f3n y la escolarizaci\u00f3n de las infancias\u201d. Creada en 2015, [Leer m\u00e1s]\" \/>\n<meta property=\"og:url\" content=\"https:\/\/ffyh.unc.edu.ar\/alfilo\/la-psicopedagogia-escolar-responde-a-una-demanda-social\/\" \/>\n<meta property=\"og:site_name\" content=\"Alfilo\" \/>\n<meta property=\"article:publisher\" content=\"https:\/\/www.facebook.com\/ffyh.unc\/\" \/>\n<meta property=\"article:published_time\" content=\"2019-07-30T13:24:27+00:00\" \/>\n<meta property=\"article:modified_time\" content=\"2019-08-06T13:34:31+00:00\" \/>\n<meta property=\"og:image\" content=\"https:\/\/ffyh.unc.edu.ar\/alfilo\/wp-content\/uploads\/sites\/11\/2019\/07\/jornadas-psicopedagogia-2019-9.jpg\" \/>\n\t<meta property=\"og:image:width\" content=\"1024\" \/>\n\t<meta property=\"og:image:height\" content=\"456\" \/>\n\t<meta property=\"og:image:type\" content=\"image\/jpeg\" \/>\n<meta name=\"author\" content=\"\u00c1rea de Comunicaci\u00f3n - FFyH\" \/>\n<meta name=\"twitter:card\" content=\"summary_large_image\" \/>\n<meta name=\"twitter:creator\" content=\"@ffyh_unc\" \/>\n<meta name=\"twitter:site\" content=\"@ffyh_unc\" \/>\n<meta name=\"twitter:label1\" content=\"Escrito por\" \/>\n\t<meta name=\"twitter:data1\" content=\"\" \/>\n\t<meta name=\"twitter:label2\" content=\"Tiempo de lectura\" \/>\n\t<meta name=\"twitter:data2\" content=\"4 minutos\" \/>\n<script type=\"application\/ld+json\" class=\"yoast-schema-graph\">{\"@context\":\"https:\/\/schema.org\",\"@graph\":[{\"@type\":\"Article\",\"@id\":\"https:\/\/ffyh.unc.edu.ar\/alfilo\/la-psicopedagogia-escolar-responde-a-una-demanda-social\/#article\",\"isPartOf\":{\"@id\":\"https:\/\/ffyh.unc.edu.ar\/alfilo\/la-psicopedagogia-escolar-responde-a-una-demanda-social\/\"},\"author\":{\"name\":\"\u00c1rea de Comunicaci\u00f3n - FFyH\",\"@id\":\"https:\/\/ffyh.unc.edu.ar\/alfilo\/#\/schema\/person\/e6b9f6aec95cb7437bb2fde09e23b224\"},\"headline\":\"\u201cLa Psicopedagog\u00eda Escolar responde a una demanda social\u201d\",\"datePublished\":\"2019-07-30T13:24:27+00:00\",\"dateModified\":\"2019-08-06T13:34:31+00:00\",\"mainEntityOfPage\":{\"@id\":\"https:\/\/ffyh.unc.edu.ar\/alfilo\/la-psicopedagogia-escolar-responde-a-una-demanda-social\/\"},\"wordCount\":870,\"publisher\":{\"@id\":\"https:\/\/ffyh.unc.edu.ar\/alfilo\/#organization\"},\"image\":{\"@id\":\"https:\/\/ffyh.unc.edu.ar\/alfilo\/la-psicopedagogia-escolar-responde-a-una-demanda-social\/#primaryimage\"},\"thumbnailUrl\":\"https:\/\/ffyh.unc.edu.ar\/alfilo\/wp-content\/uploads\/sites\/11\/2019\/07\/jornadas-psicopedagogia-2019-9.jpg\",\"keywords\":[\"Institucional\"],\"articleSection\":[\"77\"],\"inLanguage\":\"es\"},{\"@type\":\"WebPage\",\"@id\":\"https:\/\/ffyh.unc.edu.ar\/alfilo\/la-psicopedagogia-escolar-responde-a-una-demanda-social\/\",\"url\":\"https:\/\/ffyh.unc.edu.ar\/alfilo\/la-psicopedagogia-escolar-responde-a-una-demanda-social\/\",\"name\":\"\u201cLa Psicopedagog\u00eda Escolar responde a una demanda social\u201d - Alfilo\",\"isPartOf\":{\"@id\":\"https:\/\/ffyh.unc.edu.ar\/alfilo\/#website\"},\"primaryImageOfPage\":{\"@id\":\"https:\/\/ffyh.unc.edu.ar\/alfilo\/la-psicopedagogia-escolar-responde-a-una-demanda-social\/#primaryimage\"},\"image\":{\"@id\":\"https:\/\/ffyh.unc.edu.ar\/alfilo\/la-psicopedagogia-escolar-responde-a-una-demanda-social\/#primaryimage\"},\"thumbnailUrl\":\"https:\/\/ffyh.unc.edu.ar\/alfilo\/wp-content\/uploads\/sites\/11\/2019\/07\/jornadas-psicopedagogia-2019-9.jpg\",\"datePublished\":\"2019-07-30T13:24:27+00:00\",\"dateModified\":\"2019-08-06T13:34:31+00:00\",\"breadcrumb\":{\"@id\":\"https:\/\/ffyh.unc.edu.ar\/alfilo\/la-psicopedagogia-escolar-responde-a-una-demanda-social\/#breadcrumb\"},\"inLanguage\":\"es\",\"potentialAction\":[{\"@type\":\"ReadAction\",\"target\":[\"https:\/\/ffyh.unc.edu.ar\/alfilo\/la-psicopedagogia-escolar-responde-a-una-demanda-social\/\"]}]},{\"@type\":\"ImageObject\",\"inLanguage\":\"es\",\"@id\":\"https:\/\/ffyh.unc.edu.ar\/alfilo\/la-psicopedagogia-escolar-responde-a-una-demanda-social\/#primaryimage\",\"url\":\"https:\/\/ffyh.unc.edu.ar\/alfilo\/wp-content\/uploads\/sites\/11\/2019\/07\/jornadas-psicopedagogia-2019-9.jpg\",\"contentUrl\":\"https:\/\/ffyh.unc.edu.ar\/alfilo\/wp-content\/uploads\/sites\/11\/2019\/07\/jornadas-psicopedagogia-2019-9.jpg\",\"width\":1024,\"height\":456},{\"@type\":\"BreadcrumbList\",\"@id\":\"https:\/\/ffyh.unc.edu.ar\/alfilo\/la-psicopedagogia-escolar-responde-a-una-demanda-social\/#breadcrumb\",\"itemListElement\":[{\"@type\":\"ListItem\",\"position\":1,\"name\":\"Portada\",\"item\":\"https:\/\/ffyh.unc.edu.ar\/alfilo\/\"},{\"@type\":\"ListItem\",\"position\":2,\"name\":\"\u201cLa Psicopedagog\u00eda Escolar responde a una demanda social\u201d\"}]},{\"@type\":\"WebSite\",\"@id\":\"https:\/\/ffyh.unc.edu.ar\/alfilo\/#website\",\"url\":\"https:\/\/ffyh.unc.edu.ar\/alfilo\/\",\"name\":\"Alfilo\",\"description\":\"Revista digital de la Facultad de Filosof\u00eda y Humanidades - Universidad Nacional de C\u00f3rdoba\",\"publisher\":{\"@id\":\"https:\/\/ffyh.unc.edu.ar\/alfilo\/#organization\"},\"potentialAction\":[{\"@type\":\"SearchAction\",\"target\":{\"@type\":\"EntryPoint\",\"urlTemplate\":\"https:\/\/ffyh.unc.edu.ar\/alfilo\/?s={search_term_string}\"},\"query-input\":{\"@type\":\"PropertyValueSpecification\",\"valueRequired\":true,\"valueName\":\"search_term_string\"}}],\"inLanguage\":\"es\"},{\"@type\":\"Organization\",\"@id\":\"https:\/\/ffyh.unc.edu.ar\/alfilo\/#organization\",\"name\":\"Alfilo | Revista digital de la Facultad de Filosof\u00eda y Humanidades | UNC\",\"url\":\"https:\/\/ffyh.unc.edu.ar\/alfilo\/\",\"logo\":{\"@type\":\"ImageObject\",\"inLanguage\":\"es\",\"@id\":\"https:\/\/ffyh.unc.edu.ar\/alfilo\/#\/schema\/logo\/image\/\",\"url\":\"https:\/\/ffyh.unc.edu.ar\/alfilo\/wp-content\/uploads\/sites\/11\/2015\/04\/banner-alfilo-2015-ico.jpg\",\"contentUrl\":\"https:\/\/ffyh.unc.edu.ar\/alfilo\/wp-content\/uploads\/sites\/11\/2015\/04\/banner-alfilo-2015-ico.jpg\",\"width\":253,\"height\":128,\"caption\":\"Alfilo | Revista digital de la Facultad de Filosof\u00eda y Humanidades | UNC\"},\"image\":{\"@id\":\"https:\/\/ffyh.unc.edu.ar\/alfilo\/#\/schema\/logo\/image\/\"},\"sameAs\":[\"https:\/\/www.facebook.com\/ffyh.unc\/\",\"https:\/\/x.com\/ffyh_unc\",\"https:\/\/www.instagram.com\/ffyhunc\/\",\"https:\/\/www.youtube.com\/user\/comunicacionfilo\"]},{\"@type\":\"Person\",\"@id\":\"https:\/\/ffyh.unc.edu.ar\/alfilo\/#\/schema\/person\/e6b9f6aec95cb7437bb2fde09e23b224\",\"name\":\"\u00c1rea de Comunicaci\u00f3n - FFyH\",\"image\":{\"@type\":\"ImageObject\",\"inLanguage\":\"es\",\"@id\":\"https:\/\/ffyh.unc.edu.ar\/alfilo\/#\/schema\/person\/image\/\",\"url\":\"https:\/\/secure.gravatar.com\/avatar\/1d896d10b19526e4cb6e972ca0f1b6719a4697e2d88742a801b88b3682d5be75?s=96&d=mm&r=g\",\"contentUrl\":\"https:\/\/secure.gravatar.com\/avatar\/1d896d10b19526e4cb6e972ca0f1b6719a4697e2d88742a801b88b3682d5be75?s=96&d=mm&r=g\",\"caption\":\"\u00c1rea de Comunicaci\u00f3n - FFyH\"},\"url\":\"https:\/\/ffyh.unc.edu.ar\/alfilo\/author\/prensa\/\"}]}<\/script>\n<!-- \/ Yoast SEO plugin. -->","yoast_head_json":{"title":"\u201cLa Psicopedagog\u00eda Escolar responde a una demanda social\u201d - Alfilo","robots":{"index":"index","follow":"follow","max-snippet":"max-snippet:-1","max-image-preview":"max-image-preview:large","max-video-preview":"max-video-preview:-1"},"canonical":"https:\/\/ffyh.unc.edu.ar\/alfilo\/la-psicopedagogia-escolar-responde-a-una-demanda-social\/","og_locale":"es_ES","og_type":"article","og_title":"\u201cLa Psicopedagog\u00eda Escolar responde a una demanda social\u201d - Alfilo","og_description":"Lo se\u00f1al\u00f3 Luc\u00eda Garay, Directora de la carrera de Posgrado que se dicta en la FFyH, que el viernes 26 de julio realiz\u00f3 la primera jornada \u201cSaberes Psicopedag\u00f3gicos en la educaci\u00f3n y la escolarizaci\u00f3n de las infancias\u201d. Creada en 2015, [Leer m\u00e1s]","og_url":"https:\/\/ffyh.unc.edu.ar\/alfilo\/la-psicopedagogia-escolar-responde-a-una-demanda-social\/","og_site_name":"Alfilo","article_publisher":"https:\/\/www.facebook.com\/ffyh.unc\/","article_published_time":"2019-07-30T13:24:27+00:00","article_modified_time":"2019-08-06T13:34:31+00:00","og_image":[{"width":1024,"height":456,"url":"https:\/\/ffyh.unc.edu.ar\/alfilo\/wp-content\/uploads\/sites\/11\/2019\/07\/jornadas-psicopedagogia-2019-9.jpg","type":"image\/jpeg"}],"author":"\u00c1rea de Comunicaci\u00f3n - FFyH","twitter_card":"summary_large_image","twitter_creator":"@ffyh_unc","twitter_site":"@ffyh_unc","twitter_misc":{"Escrito por":false,"Tiempo de lectura":"4 minutos"},"schema":{"@context":"https:\/\/schema.org","@graph":[{"@type":"Article","@id":"https:\/\/ffyh.unc.edu.ar\/alfilo\/la-psicopedagogia-escolar-responde-a-una-demanda-social\/#article","isPartOf":{"@id":"https:\/\/ffyh.unc.edu.ar\/alfilo\/la-psicopedagogia-escolar-responde-a-una-demanda-social\/"},"author":{"name":"\u00c1rea de Comunicaci\u00f3n - FFyH","@id":"https:\/\/ffyh.unc.edu.ar\/alfilo\/#\/schema\/person\/e6b9f6aec95cb7437bb2fde09e23b224"},"headline":"\u201cLa Psicopedagog\u00eda Escolar responde a una demanda social\u201d","datePublished":"2019-07-30T13:24:27+00:00","dateModified":"2019-08-06T13:34:31+00:00","mainEntityOfPage":{"@id":"https:\/\/ffyh.unc.edu.ar\/alfilo\/la-psicopedagogia-escolar-responde-a-una-demanda-social\/"},"wordCount":870,"publisher":{"@id":"https:\/\/ffyh.unc.edu.ar\/alfilo\/#organization"},"image":{"@id":"https:\/\/ffyh.unc.edu.ar\/alfilo\/la-psicopedagogia-escolar-responde-a-una-demanda-social\/#primaryimage"},"thumbnailUrl":"https:\/\/ffyh.unc.edu.ar\/alfilo\/wp-content\/uploads\/sites\/11\/2019\/07\/jornadas-psicopedagogia-2019-9.jpg","keywords":["Institucional"],"articleSection":["77"],"inLanguage":"es"},{"@type":"WebPage","@id":"https:\/\/ffyh.unc.edu.ar\/alfilo\/la-psicopedagogia-escolar-responde-a-una-demanda-social\/","url":"https:\/\/ffyh.unc.edu.ar\/alfilo\/la-psicopedagogia-escolar-responde-a-una-demanda-social\/","name":"\u201cLa Psicopedagog\u00eda Escolar responde a una demanda social\u201d - Alfilo","isPartOf":{"@id":"https:\/\/ffyh.unc.edu.ar\/alfilo\/#website"},"primaryImageOfPage":{"@id":"https:\/\/ffyh.unc.edu.ar\/alfilo\/la-psicopedagogia-escolar-responde-a-una-demanda-social\/#primaryimage"},"image":{"@id":"https:\/\/ffyh.unc.edu.ar\/alfilo\/la-psicopedagogia-escolar-responde-a-una-demanda-social\/#primaryimage"},"thumbnailUrl":"https:\/\/ffyh.unc.edu.ar\/alfilo\/wp-content\/uploads\/sites\/11\/2019\/07\/jornadas-psicopedagogia-2019-9.jpg","datePublished":"2019-07-30T13:24:27+00:00","dateModified":"2019-08-06T13:34:31+00:00","breadcrumb":{"@id":"https:\/\/ffyh.unc.edu.ar\/alfilo\/la-psicopedagogia-escolar-responde-a-una-demanda-social\/#breadcrumb"},"inLanguage":"es","potentialAction":[{"@type":"ReadAction","target":["https:\/\/ffyh.unc.edu.ar\/alfilo\/la-psicopedagogia-escolar-responde-a-una-demanda-social\/"]}]},{"@type":"ImageObject","inLanguage":"es","@id":"https:\/\/ffyh.unc.edu.ar\/alfilo\/la-psicopedagogia-escolar-responde-a-una-demanda-social\/#primaryimage","url":"https:\/\/ffyh.unc.edu.ar\/alfilo\/wp-content\/uploads\/sites\/11\/2019\/07\/jornadas-psicopedagogia-2019-9.jpg","contentUrl":"https:\/\/ffyh.unc.edu.ar\/alfilo\/wp-content\/uploads\/sites\/11\/2019\/07\/jornadas-psicopedagogia-2019-9.jpg","width":1024,"height":456},{"@type":"BreadcrumbList","@id":"https:\/\/ffyh.unc.edu.ar\/alfilo\/la-psicopedagogia-escolar-responde-a-una-demanda-social\/#breadcrumb","itemListElement":[{"@type":"ListItem","position":1,"name":"Portada","item":"https:\/\/ffyh.unc.edu.ar\/alfilo\/"},{"@type":"ListItem","position":2,"name":"\u201cLa Psicopedagog\u00eda Escolar responde a una demanda social\u201d"}]},{"@type":"WebSite","@id":"https:\/\/ffyh.unc.edu.ar\/alfilo\/#website","url":"https:\/\/ffyh.unc.edu.ar\/alfilo\/","name":"Alfilo","description":"Revista digital de la Facultad de Filosof\u00eda y Humanidades - Universidad Nacional de C\u00f3rdoba","publisher":{"@id":"https:\/\/ffyh.unc.edu.ar\/alfilo\/#organization"},"potentialAction":[{"@type":"SearchAction","target":{"@type":"EntryPoint","urlTemplate":"https:\/\/ffyh.unc.edu.ar\/alfilo\/?s={search_term_string}"},"query-input":{"@type":"PropertyValueSpecification","valueRequired":true,"valueName":"search_term_string"}}],"inLanguage":"es"},{"@type":"Organization","@id":"https:\/\/ffyh.unc.edu.ar\/alfilo\/#organization","name":"Alfilo | Revista digital de la Facultad de Filosof\u00eda y Humanidades | UNC","url":"https:\/\/ffyh.unc.edu.ar\/alfilo\/","logo":{"@type":"ImageObject","inLanguage":"es","@id":"https:\/\/ffyh.unc.edu.ar\/alfilo\/#\/schema\/logo\/image\/","url":"https:\/\/ffyh.unc.edu.ar\/alfilo\/wp-content\/uploads\/sites\/11\/2015\/04\/banner-alfilo-2015-ico.jpg","contentUrl":"https:\/\/ffyh.unc.edu.ar\/alfilo\/wp-content\/uploads\/sites\/11\/2015\/04\/banner-alfilo-2015-ico.jpg","width":253,"height":128,"caption":"Alfilo | Revista digital de la Facultad de Filosof\u00eda y Humanidades | UNC"},"image":{"@id":"https:\/\/ffyh.unc.edu.ar\/alfilo\/#\/schema\/logo\/image\/"},"sameAs":["https:\/\/www.facebook.com\/ffyh.unc\/","https:\/\/x.com\/ffyh_unc","https:\/\/www.instagram.com\/ffyhunc\/","https:\/\/www.youtube.com\/user\/comunicacionfilo"]},{"@type":"Person","@id":"https:\/\/ffyh.unc.edu.ar\/alfilo\/#\/schema\/person\/e6b9f6aec95cb7437bb2fde09e23b224","name":"\u00c1rea de Comunicaci\u00f3n - FFyH","image":{"@type":"ImageObject","inLanguage":"es","@id":"https:\/\/ffyh.unc.edu.ar\/alfilo\/#\/schema\/person\/image\/","url":"https:\/\/secure.gravatar.com\/avatar\/1d896d10b19526e4cb6e972ca0f1b6719a4697e2d88742a801b88b3682d5be75?s=96&d=mm&r=g","contentUrl":"https:\/\/secure.gravatar.com\/avatar\/1d896d10b19526e4cb6e972ca0f1b6719a4697e2d88742a801b88b3682d5be75?s=96&d=mm&r=g","caption":"\u00c1rea de Comunicaci\u00f3n - FFyH"},"url":"https:\/\/ffyh.unc.edu.ar\/alfilo\/author\/prensa\/"}]}},"jetpack_featured_media_url":"https:\/\/ffyh.unc.edu.ar\/alfilo\/wp-content\/uploads\/sites\/11\/2019\/07\/jornadas-psicopedagogia-2019-9.jpg","jetpack_sharing_enabled":true,"_links":{"self":[{"href":"https:\/\/ffyh.unc.edu.ar\/alfilo\/wp-json\/wp\/v2\/posts\/5958","targetHints":{"allow":["GET"]}}],"collection":[{"href":"https:\/\/ffyh.unc.edu.ar\/alfilo\/wp-json\/wp\/v2\/posts"}],"about":[{"href":"https:\/\/ffyh.unc.edu.ar\/alfilo\/wp-json\/wp\/v2\/types\/post"}],"author":[{"embeddable":true,"href":"https:\/\/ffyh.unc.edu.ar\/alfilo\/wp-json\/wp\/v2\/users\/2"}],"replies":[{"embeddable":true,"href":"https:\/\/ffyh.unc.edu.ar\/alfilo\/wp-json\/wp\/v2\/comments?post=5958"}],"version-history":[{"count":9,"href":"https:\/\/ffyh.unc.edu.ar\/alfilo\/wp-json\/wp\/v2\/posts\/5958\/revisions"}],"predecessor-version":[{"id":5987,"href":"https:\/\/ffyh.unc.edu.ar\/alfilo\/wp-json\/wp\/v2\/posts\/5958\/revisions\/5987"}],"wp:featuredmedia":[{"embeddable":true,"href":"https:\/\/ffyh.unc.edu.ar\/alfilo\/wp-json\/wp\/v2\/media\/5967"}],"wp:attachment":[{"href":"https:\/\/ffyh.unc.edu.ar\/alfilo\/wp-json\/wp\/v2\/media?parent=5958"}],"wp:term":[{"taxonomy":"category","embeddable":true,"href":"https:\/\/ffyh.unc.edu.ar\/alfilo\/wp-json\/wp\/v2\/categories?post=5958"},{"taxonomy":"post_tag","embeddable":true,"href":"https:\/\/ffyh.unc.edu.ar\/alfilo\/wp-json\/wp\/v2\/tags?post=5958"}],"curies":[{"name":"wp","href":"https:\/\/api.w.org\/{rel}","templated":true}]}}