{"id":6622,"date":"2020-09-29T13:21:23","date_gmt":"2020-09-29T13:21:23","guid":{"rendered":"http:\/\/ffyh.unc.edu.ar\/alfilo\/?p=6622"},"modified":"2023-06-08T17:00:25","modified_gmt":"2023-06-08T17:00:25","slug":"el-juicio-repara-en-terminos-historicos-y-sociales-no-personales","status":"publish","type":"post","link":"https:\/\/ffyh.unc.edu.ar\/alfilo\/el-juicio-repara-en-terminos-historicos-y-sociales-no-personales\/","title":{"rendered":"\u201cEl juicio repara en t\u00e9rminos hist\u00f3ricos y sociales, no personales\u201d"},"content":{"rendered":"<p><strong><img loading=\"lazy\" decoding=\"async\" class=\"alignright wp-image-6634\" src=\"http:\/\/ffyh.unc.edu.ar\/alfilo\/wp-content\/uploads\/sites\/11\/2020\/09\/nota-soulier-rios-2.jpg\" alt=\"\" width=\"450\" height=\"358\" srcset=\"https:\/\/ffyh.unc.edu.ar\/alfilo\/wp-content\/uploads\/sites\/11\/2020\/09\/nota-soulier-rios-2.jpg 1029w, https:\/\/ffyh.unc.edu.ar\/alfilo\/wp-content\/uploads\/sites\/11\/2020\/09\/nota-soulier-rios-2-300x239.jpg 300w, https:\/\/ffyh.unc.edu.ar\/alfilo\/wp-content\/uploads\/sites\/11\/2020\/09\/nota-soulier-rios-2-1024x815.jpg 1024w, https:\/\/ffyh.unc.edu.ar\/alfilo\/wp-content\/uploads\/sites\/11\/2020\/09\/nota-soulier-rios-2-768x611.jpg 768w, https:\/\/ffyh.unc.edu.ar\/alfilo\/wp-content\/uploads\/sites\/11\/2020\/09\/nota-soulier-rios-2-600x478.jpg 600w\" sizes=\"auto, (max-width: 450px) 100vw, 450px\" \/>Adriana R\u00edos y Juan Carlos Soulier, eran estudiantes de Ciencias de la Educaci\u00f3n e Ingenier\u00eda en la UNC y fueron secuestrados, asesinados y desaparecidos en agosto de 1976. Son dos de las 43 v\u00edctimas del duod\u00e9cimo juicio por delitos de lesa humanidad que se tramita en los Tribunales Federales de C\u00f3rdoba desde el 9 de septiembre. Su hijo Sebasti\u00e1n y Julia Soulier, hermana de Juan Carlos y directora del Espacio para la Memoria \u201cLa Perla\u201d, reconstruyen la historia de dos militantes que entregaron todo para hacer posible la utop\u00eda revolucionaria.<\/strong><\/p>\n<p><!--more--><\/p>\n<p>\u201cEntiendo la importancia del juicio, pero en el camino se murieron cuatro abuelos, un mont\u00f3n de gente, siento esa contradicci\u00f3n, enojo porque la justicia llega tarde\u201d, dice, con el coraz\u00f3n en la mano, Sebasti\u00e1n Soulier, hijo de Adriana R\u00edos y Juan Carlos Soulier, dos de las 43 v\u00edctimas de las causas por delitos de lesa humanidad que integran el proceso \u201cDiedrichs-Herrera\u201d que est\u00e1 siendo juzgado desde el 9 de septiembre en los Tribunales Federales de C\u00f3rdoba. Sin embargo, su condici\u00f3n de militante por los derechos humanos y del sentido colectivo de la vida que hered\u00f3 de padre y madre revolucionarixs, lo lleva a mirar el vaso medio lleno ante una nueva posibilidad de justicia, para \u00e9l y para muchxs otrxs familiares. \u201cEl juicio repara en t\u00e9rminos hist\u00f3ricos, sociales, pero no personales, 44 a\u00f1os es toda una vida\u201d, siente quien estudi\u00f3 Trabajo Social, milit\u00f3 en la Universidad, integr\u00f3 durante muchos a\u00f1os la agrupaci\u00f3n HIJOS casi desde su fundaci\u00f3n en 1995, y hoy espera que los responsables del asesinato y desaparici\u00f3n de mam\u00e1 Adriana y pap\u00e1 Juan Carlos sean condenados por sus cr\u00edmenes atroces.<\/p>\n<p>Aunque mucho despu\u00e9s de lo que hubiera deseado, los juicios a los genocidas fue el aglutinante para \u00e9l y para muchxs j\u00f3venes que en los 90, en medio del desierto menemista, asomaron sus cabezas para renovar las banderas y las estructuras de los organismos de Derechos Humanos que desde hac\u00eda a\u00f1os ven\u00edan exigiendo Memoria, Verdad y Justicia para los familiares de Sebasti\u00e1n y los treinta mil compa\u00f1erxs que ya no est\u00e1n.<\/p>\n<p>Con la dignidad de quienes siempre reclamaron justicia y jam\u00e1s venganza, el 23 de septiembre, en el d\u00eda 3 de las audiencias, el hijo de Adriana y Juan Carlos finaliz\u00f3 su declaraci\u00f3n ante el Tribunal Oral Criminal N\u00ba1 con las convicciones intactas, honrando la memoria de mam\u00e1, pap\u00e1 y tantxs compa\u00f1erxs de ruta: \u00abMe voy a ir del mismo modo, sonriente tambi\u00e9n&#8230;. Voy a poder abrazar a mis hijas, darles un beso. Compartirles que nosotros somos la alegr\u00eda y la vida. Y que siempre hemos batallado con la muerte y la tristeza. Si hay algo que yo puedo ense\u00f1arles es eso, que se encuentren en sus abuelos, que se encuentren en m\u00ed. Que piensen que es necesario tener una sociedad distinta, una sociedad m\u00e1s justa, donde los derechos no sean para unos sino que sean para todos\u00bb.<\/p>\n<p><strong>La revoluci\u00f3n antes que todo<\/strong><\/p>\n<p>Al igual que har\u00eda su hijo muchos a\u00f1os despu\u00e9s, Adriana y Juan Carlos eran estudiantes de la UNC, donde tambi\u00e9n militaban. Adriana hab\u00eda ingresado a la Escuela de Ciencias de la Educaci\u00f3n y Juan Carlos en Ingenier\u00eda. Se hab\u00edan conocido a principios de los 70 en grupos de amigos del secundario y, como la inmensa mayor\u00eda de lxs j\u00f3venes de su generaci\u00f3n, abrazaron a muy temprana edad la lucha pol\u00edtica como herramienta de transformaci\u00f3n social. \u201cUn poco movilizados por mi t\u00edo Luis Roberto, que era delegado del sindicato de maestros privados y tambi\u00e9n fue secuestrado y desaparecido, mis padres se sumaron a los Comandos de Liberaci\u00f3n Popular (CPL) y luego a las Fuerzas Armadas de Liberaci\u00f3n 22 de agosto (FAL-22), que era una organizaci\u00f3n armada\u201d, se\u00f1ala Sebasti\u00e1n.<\/p>\n<p><img loading=\"lazy\" decoding=\"async\" class=\"alignnone size-full wp-image-6626\" src=\"http:\/\/ffyh.unc.edu.ar\/alfilo\/wp-content\/uploads\/sites\/11\/2020\/09\/nota-soulier-rios3.jpg\" alt=\"\" width=\"1027\" height=\"838\" srcset=\"https:\/\/ffyh.unc.edu.ar\/alfilo\/wp-content\/uploads\/sites\/11\/2020\/09\/nota-soulier-rios3.jpg 1027w, https:\/\/ffyh.unc.edu.ar\/alfilo\/wp-content\/uploads\/sites\/11\/2020\/09\/nota-soulier-rios3-300x245.jpg 300w, https:\/\/ffyh.unc.edu.ar\/alfilo\/wp-content\/uploads\/sites\/11\/2020\/09\/nota-soulier-rios3-1024x836.jpg 1024w, https:\/\/ffyh.unc.edu.ar\/alfilo\/wp-content\/uploads\/sites\/11\/2020\/09\/nota-soulier-rios3-768x627.jpg 768w, https:\/\/ffyh.unc.edu.ar\/alfilo\/wp-content\/uploads\/sites\/11\/2020\/09\/nota-soulier-rios3-600x490.jpg 600w\" sizes=\"auto, (max-width: 1027px) 100vw, 1027px\" \/><\/p>\n<p>La pareja se hab\u00eda casado en 1974 y viv\u00eda en una casa en el barrio Villa P\u00e1ez, de la capital cordobesa, que compart\u00eda con Luis Fernando Soulier y su mujer. Una propiedad que hab\u00eda comprado el abuelo Luis Fredy Soulier, titular de una pr\u00f3spera empresa de electricidad que fue creciendo a partir de la realizaci\u00f3n de obras p\u00fablicas. En ese emprendimiento familiar ocupaba un rol cada vez m\u00e1s importante Juan Carlos, que combinaba trabajo, paternidad y militancia. Lo mismo hac\u00eda Adriana, quien adem\u00e1s de mam\u00e1 se ganaba el mango en una agencia de loter\u00eda en el centro de C\u00f3rdoba, estudiaba para maestra en la Facultad de Filosof\u00eda y Humanidades y en lo que quedaba del d\u00eda militaba para alcanzar la revoluci\u00f3n socialista, la utop\u00eda que compart\u00eda con miles de su generaci\u00f3n, en Argentina y en el mundo. Un sue\u00f1o que se trunc\u00f3 a las once de la noche del 15 de agosto de 1976, cuando una patota del general Luciano Benjam\u00edn Men\u00e9ndez los secuestr\u00f3 de su domicilio y nunca m\u00e1s se supo de ellxs. Ten\u00edan 23 y 22 a\u00f1os. En el operativo se llevaron tambi\u00e9n al peque\u00f1o Sebasti\u00e1n, de cinco meses y medio. La pesadilla seguir\u00eda unas horas despu\u00e9s, cuando los represores volvieron a la casa de V\u00e9lez Norte 78 -hoy Aguirre C\u00e1mara- y secuestraron al t\u00edo Luis Roberto y al abuelo Fredy, quienes sentir\u00edan en el cuerpo las monstruosidades del aparato montado desde el Estado para aniquilar a parte de su poblaci\u00f3n.<\/p>\n<p><strong>La \u201cGorda\u201d R\u00edos<\/strong><\/p>\n<p>T\u00edmida, de hablar poco y en voz baja, en la familia Soulier Adriana era \u201cla Gorda\u201d. \u201cAs\u00ed le dec\u00eda mi hermano con mucho amor, yo la viv\u00ed 2 o 3 a\u00f1os de su vida\u201d, recuerda Julia, hermana de Juan Carlos y cu\u00f1ada de Adriana, quien curs\u00f3 la escuela primaria y secundaria en el colegio cat\u00f3lico Padre Claret. \u201cDespu\u00e9s entr\u00f3 en Ciencias de la Educaci\u00f3n y en octubre del 74 se cas\u00f3 con mi hermano\u201d, cuenta la actual directora del Espacio para la Memoria y Promoci\u00f3n de Derechos Humanos La Perla.<\/p>\n<p>La pareja se hab\u00eda conocido a partir de un grupo de amigos de Juan Carlos que estudiaban en el Pio X y ten\u00edan compa\u00f1eros en el Cerro de las Rosas. El m\u00e1s amigo de esa banda frecuentaba un grupo de amigas en la zona norte, donde viv\u00eda Adriana. Empezaron a salir, poco despu\u00e9s se pusieron de novios y se casaron en octubre del 74.<\/p>\n<p>Ya como estudiantes universitarios, Adriana y Juan Carlos empezaron a militar en los Comandos Populares de Liberaci\u00f3n (CPL), \u201caunque el que m\u00e1s militaba era mi t\u00edo Luis Roberto, que era delegado docente\u201d, cuenta Sebasti\u00e1n. \u201cMis viejos se conocieron en juntadas de j\u00f3venes en los bailes, en fiestas, no en la militancia\u201d.<\/p>\n<p>Con la vitalidad de los 20 a\u00f1os y la fuerza arrasadora de una generaci\u00f3n con alt\u00edsima conciencia pol\u00edtica y compromiso militante, Adriana y Juan Carlos se sumaron al trabajo universitario, participando del centro de estudiantes y en las FAL- 22. \u201cA esa altura, Adriana y Juan Carlos eran otro tipo de personas de las que se hab\u00edan conocido en el secundario. Le dan un giro a su vida, comprometida con la lucha estudiantil, en un entorno hist\u00f3rico de C\u00f3rdoba muy especial. No se dedicaban a la joda, esa generaci\u00f3n ten\u00eda otra conformaci\u00f3n\u201d, asegura Julia.<\/p>\n<p><img loading=\"lazy\" decoding=\"async\" class=\"alignnone size-full wp-image-6629\" src=\"http:\/\/ffyh.unc.edu.ar\/alfilo\/wp-content\/uploads\/sites\/11\/2020\/09\/nota-soulier-rios1.jpg\" alt=\"\" width=\"974\" height=\"1025\" srcset=\"https:\/\/ffyh.unc.edu.ar\/alfilo\/wp-content\/uploads\/sites\/11\/2020\/09\/nota-soulier-rios1.jpg 974w, https:\/\/ffyh.unc.edu.ar\/alfilo\/wp-content\/uploads\/sites\/11\/2020\/09\/nota-soulier-rios1-285x300.jpg 285w, https:\/\/ffyh.unc.edu.ar\/alfilo\/wp-content\/uploads\/sites\/11\/2020\/09\/nota-soulier-rios1-768x808.jpg 768w, https:\/\/ffyh.unc.edu.ar\/alfilo\/wp-content\/uploads\/sites\/11\/2020\/09\/nota-soulier-rios1-600x631.jpg 600w\" sizes=\"auto, (max-width: 974px) 100vw, 974px\" \/><\/p>\n<p>Estudiar, trabajar y militar era la rutina de los Soulier-R\u00edos, que Julia compart\u00eda los fines de semana: \u201cYo ten\u00eda 14 a\u00f1os y me iba a la casa de ellos, viv\u00edan los dos matrimonios juntos en una casa que les hab\u00eda comprado mi pap\u00e1 para que no pagaran alquiler en barrio Alberdi\u201d. Adolescente, Julia recuerda las habilidades manuales de su cu\u00f1ada que a ella la entreten\u00edan mucho: \u201cEra muy artesana, en esa \u00e9poca las chicas nos hac\u00edamos los bolsos de crochet, los cintos, la bijouterie, tej\u00edamos y hac\u00edamos pulseras y collares, mangue\u00e1bamos a los zapateros y te daban recortes de cueros para hacer cosas. Nos hab\u00edamos comprado una maquinita que prensaba las tachas y nos hac\u00edamos cintos de cueros. Me acuerdo que la Gorda repujaba muy bien el cobre y el aluminio\u201d.<\/p>\n<p>Cuando la piensa en t\u00e9rminos m\u00e1s personales, la recuerda como \u201cuna mina t\u00edmida, muy callada, hablaba en tono bajo, yo era adolescente y era jetona, en cambio ella era calma\u201d. Sin embargo, su timidez no le imped\u00eda disfrutar del folklore, tocar la guitarra, cantar y bailar. \u201cTambi\u00e9n me contaron que practicaba deportes, salto en largo y nataci\u00f3n\u201d, agrega Sebasti\u00e1n.<\/p>\n<p>Sobre Juan Carlos, Julia cuenta que trabajaba con su padre electricista y que hab\u00edan montado una peque\u00f1a empresa que licitaba en las empresas constructoras, haciendo las instalaciones completas en edificios, en una C\u00f3rdoba en pleno crecimiento y expansi\u00f3n. \u201cMi hermano siempre trabaj\u00f3 con mi pap\u00e1, por eso estudiaba ingenier\u00eda constructora. Era muy inteligente, ya a los 16 a\u00f1os tom\u00f3 la posta en muchas decisiones para animarlo a mi viejo a hacer m\u00e1s cosas, y mi pap\u00e1 lo segu\u00eda, no le daba miedo\u201d.<\/p>\n<p><strong>Debates de sobremesa<\/strong><\/p>\n<p>La pol\u00edtica en la familia Soulier era parte del men\u00fa. \u201cA la noche en mi casa siempre se habl\u00f3 de pol\u00edtica, de la situaci\u00f3n del pa\u00eds y el mundo, se armaban lindas discusiones\u201d, recuerda Julia. La din\u00e1mica se repet\u00eda en la casa de sus hermanos, aunque lo que ah\u00ed se hac\u00eda no era s\u00f3lo debatir: \u201cCarlitos hac\u00eda bizcochuelos, hac\u00edamos rondas de mate con torta caliente, y muchas veces yo escuchaba conversaciones de un tono subido para mi edad, me daba cuenta que ellos estaban militando, pero cuando ped\u00eda explicaciones me retaban y me dec\u00edan `no preguntes que as\u00ed es mejor`. Pero yo no era ilusa ni desconoc\u00eda, igual que mis viejos, que tambi\u00e9n sab\u00edan lo que ellos estaban haciendo\u201d.<\/p>\n<p>En un pa\u00eds donde la democracia fue una farsa durante casi veinte a\u00f1os, con golpes de Estado y el principal movimiento pol\u00edtico proscripto, la lucha para construir una sociedad igualitaria no pasaba por elecciones tuteladas por oficiales de uniforme, que sacaban y pon\u00edan gobiernos sin comprender las necesidades de las grandes mayor\u00edas. La Revoluci\u00f3n Cubana, el Che Guevara y el Mayo Franc\u00e9s eran \u00edconos de rebeld\u00eda y la demostraci\u00f3n que la violencia era un camino leg\u00edtimo para que las fuerzas populares pudieran dar vuelta la tortilla, patear el tablero y acabar con la explotaci\u00f3n capitalista. Adriana y Juan Carlos fueron parte de ese ideal revolucionario y su metodolog\u00eda. \u201cLa c\u00e9lula de mis viejos era una organizaci\u00f3n armada, que termina cayendo en distintos puntos del pa\u00eds\u201d, explica Sebasti\u00e1n, beb\u00e9 de casi seis meses al momento de su propio secuestro. Hab\u00eda nacido el 29 de febrero de 1976.<\/p>\n<p>La primavera camporista hab\u00eda durado un suspiro y con Per\u00f3n agonizando, la derecha de su movimiento desat\u00f3 una cacer\u00eda criminal sobre la militancia revolucionaria, peronista y marxista. Y C\u00f3rdoba, que hasta ese momento hab\u00eda sido el faro de la revoluci\u00f3n, con una clase obrera y un estudiantado consustanciado con la transformaci\u00f3n social, fue la primera v\u00edctima de L\u00f3pez Rega y compa\u00f1\u00eda. El 27 de febrero de 1974 el teniente coronel Domingo Navarro, jefe de la Polic\u00eda, derroc\u00f3 al gobierno popular de Obreg\u00f3n Cano-Atilio L\u00f3pez con la anuencia del gobierno nacional, que ya hab\u00eda hecho renunciar a los gobernadores de Buenos Aires y Mendoza, claramente identificados con las corrientes revolucionarias del movimiento. \u201cEntre el 74 y el 76 no s\u00e9 mucho qu\u00e9 pas\u00f3, s\u00ed recuerdo que mi pap\u00e1 quer\u00eda sacar a mis hermanos del pa\u00eds y ellos no quer\u00edan saber nada. Mi pap\u00e1 estaba bien econ\u00f3micamente y ten\u00eda contactos para sacarlos, pero tanto Juan Carlos como Luis Roberto y sus matrimonios dec\u00edan que no iban a huir del pa\u00eds\u201d, cuenta Julia.<\/p>\n<p>En ese vago recuerdo de un pa\u00eds atrapado en una espiral de violencia que terminar\u00eda de la peor manera, Julia revive lo que define \u201cun continuo estado de vigilia, de cuidarnos mucho. Yo sal\u00eda con ellos porque nunca perdieron la alegr\u00eda ni el ritmo de vida, pero era una presi\u00f3n familiar. Ten\u00eda mucha empat\u00eda con mis hermanos, pero me acuerdo que sal\u00edamos al cine los s\u00e1bados y reconoc\u00edamos que la gente los segu\u00eda, que estaban marcados\u201d.<\/p>\n<p><strong>Agosto de terror<\/strong><\/p>\n<p>\u201cA m\u00ed me secuestran y me tienen unos d\u00edas no se sabe d\u00f3nde, luego me entregaron en la casa de mi t\u00eda abuela, hermana de mi abuelo Fredy\u201d, cuenta hoy Sebasti\u00e1n, que confirma el acoso militar que relata Julia. \u201cAntes hab\u00eda habido varios allanamientos, como 4 o 5, tambi\u00e9n por la actividad gremial del t\u00edo Luis Roberto\u201d.<\/p>\n<p>Durante a\u00f1os no pudo saberse a d\u00f3nde hab\u00edan llevado a Adriana, Juan Carlos y Sebasti\u00e1n despu\u00e9s de esos fat\u00eddicos 15 y 16 de agosto de 1976. Tampoco el recorrido del abuelo Fredy. \u201cMucho despu\u00e9s se sabr\u00eda que lo llevaron al D2 de la Polic\u00eda de C\u00f3rdoba, en el Cabildo, y que luego lo soltaron\u201d. El derrotero de Sebasti\u00e1n es informaci\u00f3n que se develar\u00e1 en el juicio Diedrichs-Herrera. Lo \u00fanico que se supo es que fue devuelto en la casa de la t\u00eda abuela, en la misma camioneta del abuelo que hab\u00eda sido secuestrada por los represores. De mam\u00e1 Adriana y pap\u00e1 Juan Carlos se sospecha que estuvieron en el Campo de Concentraci\u00f3n La Perla, seg\u00fan el testimonio de Ana Illiovich, una sobreviviente de ese infierno, quien sostiene haberlos visto ah\u00ed. Seg\u00fan esos datos, la fecha de sus asesinatos coincide con d\u00edas de muchos traslados en ese campo de exterminio, lo que en la jerga represiva significaba una muerte segura.<\/p>\n<p><strong>De eso no se habla<\/strong><\/p>\n<p>Al igual que muchas infancias, la de Sebasti\u00e1n transcurri\u00f3 sin saber lo que hab\u00eda pasado con sus padres. Del tema no se hablaba. La historia familiar giraba sobre una de las explicaciones comunes de la \u00e9poca: \u201cTus pap\u00e1s tuvieron un accidente\u201d. Hablar de desaparecidos ten\u00eda costos alt\u00edsimos en la Argentina de fines de los 70 y principios de los 80. Con los vecinos, en la escuela, circulaba aquella tenebrosa justificaci\u00f3n que ser\u00eda marca registrada de la dictadura: \u201cPor algo ser\u00e1\u201d, \u201csus pap\u00e1s estaban metidos en cosas raras\u201d. Con la crianza a cargo de abuelxs maternos de avanzada edad, que ya eran grandes cuando naci\u00f3 Adriana, la familia crey\u00f3 que la mejor manera de resguardar al ni\u00f1o era no dici\u00e9ndole la verdad. La otra hija, Silvia del Carmen, hermana de Adriana, que tambi\u00e9n hab\u00eda pasado por los CPL y luego se sum\u00f3 a una organizaci\u00f3n llamada Orientaci\u00f3n Socialista.<\/p>\n<p><img loading=\"lazy\" decoding=\"async\" class=\"alignnone size-full wp-image-6631\" src=\"http:\/\/ffyh.unc.edu.ar\/alfilo\/wp-content\/uploads\/sites\/11\/2020\/09\/nota-soulier-rios-5.jpg\" alt=\"\" width=\"720\" height=\"980\" srcset=\"https:\/\/ffyh.unc.edu.ar\/alfilo\/wp-content\/uploads\/sites\/11\/2020\/09\/nota-soulier-rios-5.jpg 720w, https:\/\/ffyh.unc.edu.ar\/alfilo\/wp-content\/uploads\/sites\/11\/2020\/09\/nota-soulier-rios-5-220x300.jpg 220w, https:\/\/ffyh.unc.edu.ar\/alfilo\/wp-content\/uploads\/sites\/11\/2020\/09\/nota-soulier-rios-5-600x817.jpg 600w\" sizes=\"auto, (max-width: 720px) 100vw, 720px\" \/><\/p>\n<p><strong>Aparici\u00f3n con vida<\/strong><\/p>\n<p>Ante la desaparici\u00f3n de Adriana, Juan Carlos y Luis Roberto, la familia transit\u00f3 y padeci\u00f3 el desesperante recorrido de lxs familiares de quienes hab\u00edan sido tragados por el Terrorismo de Estado: c\u00e1rceles, Arzobispado, Comisi\u00f3n Interamericana de Derechos Humanos (CIDH), Conadep,\u00a0 Amnesty Internacional. La abuela Francisca, mam\u00e1 de Juan Carlos y suegra de Adriana, fue la que se puso al hombro esa b\u00fasqueda, que incluy\u00f3 solicitudes de informaci\u00f3n al ministro del Interior Albano Harguindeguy, el mentidor oficial, pero tambi\u00e9n al obispo tercermundista Jaime De Nevares y a cualquiera que pudiera aportar algo de informaci\u00f3n. La repetida y no menos dolorosa respuesta era un pu\u00f1al al coraz\u00f3n: \u201cNo sabemos nada\u201d, \u201cno est\u00e1n en ning\u00fan registro policial ni militar\u201d. Tampoco los juzgados daban respuestas. Eran parte de la maquinaria de muerte y desaparici\u00f3n. No qued\u00f3 organismo ni instituci\u00f3n nacional e internacional que no recibiera solicitudes de Francisca buscando a Juan Carlos, Luis Fernando y Adriana.<\/p>\n<p>La abuela materna, Dora Elsa Sivad\u00f3n, tambi\u00e9n peregrin\u00f3 ministerios, juzgados, organizaciones humanitarias y c\u00e1rceles para saber el paradero de su hija. Pero el resultado fue la nada misma. El desamparo era absoluto, como el terror que se desplegaba a lo largo y ancho del pa\u00eds.<\/p>\n<p><strong>Asesinos y ladrones<\/strong><\/p>\n<p>Al igual que en otros casos de secuestros, la extorsi\u00f3n econ\u00f3mica de los represores que promet\u00edan informaci\u00f3n devast\u00f3 a la familia Soulier. Don Fredy pon\u00eda y pon\u00eda dinero pero nunca pasaba nada. Mentiras o el silencio m\u00e1s atronador del otro lado de la l\u00ednea. El chantaje dur\u00f3 hasta que Juan Carlos, Adriana y Luis Roberto habr\u00edan sido asesinados y desaparecidos luego de su paso por La Perla.<\/p>\n<p>Quien mam\u00f3 ese desquicio familiar fue la t\u00eda Julia, que qued\u00f3 sola acompa\u00f1ando a los abuelos paternos de Sebasti\u00e1n. \u201cElla vivi\u00f3 las peleas entre ellos, porque iban milicos a la casa a verlo a mi abuelo para sacarle guita, vendi\u00f3 cuatro departamentos, cuatro lotes en Icho Cruz, vend\u00eda todo para saber de sus hijos y su nuera, y mi abuela no quer\u00eda que siguiera sacrificando lo que ten\u00edan por nada. Y Julia se fum\u00f3 todo eso\u201d, dice Sebasti\u00e1n sobre su t\u00eda, que confirma tiempos aciagos, de mucha soledad e impotencia: \u201cNo supimos nada hasta 30 a\u00f1os despu\u00e9s, cuando se hacen las investigaciones para los juicios. Ah\u00ed una sobreviviente reconoce a mis hermanos como que hab\u00edan estado en La Perla, nosotros sab\u00edamos hasta lo de la D2 de la Polic\u00eda, pero para cuando supimos esa informaci\u00f3n mis viejos ya estaban muertos. No se puede poner un horror\u00f3metro ni un terror\u00f3metro, pero nos hicieron pelota. Lo \u00fanico que pudimos recuperar fue al Seba\u201d.<\/p>\n<p><strong>Memoria, Verdad, Justicia<\/strong><\/p>\n<p>\u201cYo termino tomando dimensi\u00f3n de todo lo que pas\u00f3 cerca de los 11 o 12 a\u00f1os, m\u00e1s hablando con los t\u00edos que con los abuelos. La opci\u00f3n de los m\u00e1s viejos de la familia siempre fue no meterse con los organismos ni nada, a pesar de los reclamos de la abuela Francisca, porque ten\u00edan mucho miedo. En cambio, la generaci\u00f3n m\u00e1s joven, de mis primos y mi t\u00eda Silvia del Carmen, que estaba en Rosario, fue otra, porque empiezan a militar en los organismos de derechos humanos\u201d, dice Sebasti\u00e1n.<\/p>\n<p><img loading=\"lazy\" decoding=\"async\" class=\"alignnone size-full wp-image-6630\" src=\"http:\/\/ffyh.unc.edu.ar\/alfilo\/wp-content\/uploads\/sites\/11\/2020\/09\/nota-soulier-rios-4.jpg\" alt=\"\" width=\"1207\" height=\"720\" srcset=\"https:\/\/ffyh.unc.edu.ar\/alfilo\/wp-content\/uploads\/sites\/11\/2020\/09\/nota-soulier-rios-4.jpg 1207w, https:\/\/ffyh.unc.edu.ar\/alfilo\/wp-content\/uploads\/sites\/11\/2020\/09\/nota-soulier-rios-4-300x179.jpg 300w, https:\/\/ffyh.unc.edu.ar\/alfilo\/wp-content\/uploads\/sites\/11\/2020\/09\/nota-soulier-rios-4-1024x611.jpg 1024w, https:\/\/ffyh.unc.edu.ar\/alfilo\/wp-content\/uploads\/sites\/11\/2020\/09\/nota-soulier-rios-4-768x458.jpg 768w, https:\/\/ffyh.unc.edu.ar\/alfilo\/wp-content\/uploads\/sites\/11\/2020\/09\/nota-soulier-rios-4-600x358.jpg 600w\" sizes=\"auto, (max-width: 1207px) 100vw, 1207px\" \/><\/p>\n<p>La tristeza, la desesperaci\u00f3n, llev\u00f3 a Julia a militar tambi\u00e9n en los organismos. Sebasti\u00e1n lo hab\u00eda decidido unos a\u00f1os antes, en una organizaci\u00f3n que nac\u00eda abrazando una causa que involucraba a muchos como \u00e9l. \u201cEmpec\u00e9 a militar al mes de que su funda Hijos, en 1995, fue despu\u00e9s del encuentro de San Miguel\u201d, recuerda hoy. \u201cAh\u00ed arranc\u00f3 la reconstrucci\u00f3n de la historia de los viejos, a encontrarnos entre pares, a llorar, putear, Hijos es una hermandad rara, por las historias comunes. Fue reparadora en t\u00e9rminos personales y colectivos, al principio era muy diverso todo. Milit\u00e9 muchos a\u00f1os ah\u00ed, y Julia despu\u00e9s\u201d.<\/p>\n<p>Fue la historia de su mam\u00e1 y su pap\u00e1 la que ilumin\u00f3 su lucha por Memoria, Verdad y Justicia. \u201cSiempre la mirada puesta en la Justicia, pens\u00e1 que los organismos impulsaban los juicios por la Verdad Hist\u00f3rica, como se llamaron en esos a\u00f1os, porque no hab\u00eda posibilidad de castigo penal\u201d, remarca Sebasti\u00e1n, viajando a la d\u00e9cada impune que arranc\u00f3 con las leyes de Obediencia Debida y Punto Final de Alfons\u00edn y sigui\u00f3 con los indultos de Menem, que clausuraron cualquier posibilidad de justicia sobre el Terrorismo de Estado.<\/p>\n<p>Como muchxs, Sebasti\u00e1n tuvo que esperar m\u00e1s de cuarenta a\u00f1os para que los responsables del asesinato y desaparici\u00f3n de su pap\u00e1 y su mam\u00e1 \u2013y de otras 41 v\u00edctimas- rindan cuentas ante la justicia, lxs familiares y la humanidad entera por las atrocidades cometidas. \u201cEste juicio vengo mastic\u00e1ndolo, pens\u00e1ndolo, pero siento una contradicci\u00f3n, tengo enojos, no contra estos jueces, pero s\u00ed con la instituci\u00f3n Justicia\u201d, dice con la honestidad a flor de piel. \u201c\u00bfQu\u00e9 repara a las familias un juicio despu\u00e9s de 44 a\u00f1os, que me repara a m\u00ed como hijo, como individuo? Los represores se est\u00e1n muriendo, lxs sobrevivientes se est\u00e1n muriendo, y en mi caso lxs viejos que me criaron se murieron sin poder hacer justicia. Por eso siento que tengo cosas para decirle a la Justicia como instituci\u00f3n\u201d.<\/p>\n<figure id=\"attachment_6639\" aria-describedby=\"caption-attachment-6639\" style=\"width: 900px\" class=\"wp-caption alignnone\"><img loading=\"lazy\" decoding=\"async\" class=\"wp-image-6639 size-full\" src=\"http:\/\/ffyh.unc.edu.ar\/alfilo\/wp-content\/uploads\/sites\/11\/2020\/09\/julia-soulier-la-tinta.jpg\" alt=\"\" width=\"900\" height=\"506\" srcset=\"https:\/\/ffyh.unc.edu.ar\/alfilo\/wp-content\/uploads\/sites\/11\/2020\/09\/julia-soulier-la-tinta.jpg 900w, https:\/\/ffyh.unc.edu.ar\/alfilo\/wp-content\/uploads\/sites\/11\/2020\/09\/julia-soulier-la-tinta-300x169.jpg 300w, https:\/\/ffyh.unc.edu.ar\/alfilo\/wp-content\/uploads\/sites\/11\/2020\/09\/julia-soulier-la-tinta-768x432.jpg 768w, https:\/\/ffyh.unc.edu.ar\/alfilo\/wp-content\/uploads\/sites\/11\/2020\/09\/julia-soulier-la-tinta-600x337.jpg 600w, https:\/\/ffyh.unc.edu.ar\/alfilo\/wp-content\/uploads\/sites\/11\/2020\/09\/julia-soulier-la-tinta-678x381.jpg 678w\" sizes=\"auto, (max-width: 900px) 100vw, 900px\" \/><figcaption id=\"caption-attachment-6639\" class=\"wp-caption-text\">Julia Soulier (izquierda) en el Espacio para la Memoria La Perla, que dirige desde diciembre de 2019. Fotograf\u00eda: gentileza La tinta<\/figcaption><\/figure>\n<p>El sentirse parte de una lucha com\u00fan, colectiva, tranquiliza el esp\u00edritu de la familia para seguir: \u201cUno entiende que los juicios son necesarios y socialmente reparadores, pero como dice Sebasti\u00e1n mucho se ha perdido en el camino\u201d, reconoce Julia, quien desde hace 11 a\u00f1os es parte del equipo del Espacio de Memoria La Perla, primero como secretaria administrativa y ahora como directora despu\u00e9s de que Emiliano Fessia asumiera como Subsecretario de Derechos Humanos de la Municipalidad de C\u00f3rdoba en diciembre de 2019. \u201cSimb\u00f3licamente es muy fuerte llegar al juicio de tus hermanos siendo directora de La Perla. No fue f\u00e1cil estar ah\u00ed, hab\u00eda d\u00edas que iba y era el lugar de duelo, y otras veces la secretaria de La Perla, iba a trabajar muy escindida, hasta que hice terapia, busqu\u00e9 el por qu\u00e9 y entend\u00ed que estar ah\u00ed es la continuidad de la lucha, por las generaciones que vienen. Yo reparo diariamente la historia de La Perla con los chicos que van de las escuelas, hasta de primaria. Desde un lugar sumamente humilde siento que vale la pena, que aporta un granito de arena, que son experiencias superadoras y liberadoras, un estar en continuo movimiento\u201d.<\/p>\n<p>En este sentido, Julia saluda la posibilidad de \u201cconstruir memoria desde todos los Sitios del pa\u00eds. Es una construcci\u00f3n colectiva y aprendo mucho de lxs j\u00f3venes, construir pol\u00edticas p\u00fablicas de derechos humanos es un aprendizaje muy rico que en la individualidad no hubiera logrado\u201d.<\/p>\n<p style=\"text-align: right\">Por Camilo Ratti<br \/>\nFotograf\u00edas: gentileza Sebasti\u00e1n Soulier<\/p>\n","protected":false},"excerpt":{"rendered":"<div class=\"mh-excerpt\"><p>Adriana R\u00edos y Juan Carlos Soulier, eran estudiantes de Ciencias de la Educaci\u00f3n e Ingenier\u00eda en la UNC y fueron secuestrados, asesinados y desaparecidos en agosto de 1976. Son dos de las 43 v\u00edctimas del duod\u00e9cimo juicio por delitos de <a class=\"mh-excerpt-more\" href=\"https:\/\/ffyh.unc.edu.ar\/alfilo\/el-juicio-repara-en-terminos-historicos-y-sociales-no-personales\/\" title=\"\u201cEl juicio repara en t\u00e9rminos hist\u00f3ricos y sociales, no personales\u201d\">[Leer m\u00e1s]<\/a><\/p>\n<\/div>","protected":false},"author":2,"featured_media":6634,"comment_status":"closed","ping_status":"closed","sticky":false,"template":"","format":"standard","meta":{"_acf_changed":false,"_monsterinsights_skip_tracking":false,"_monsterinsights_sitenote_active":false,"_monsterinsights_sitenote_note":"","_monsterinsights_sitenote_category":0,"_jetpack_memberships_contains_paid_content":false,"footnotes":""},"categories":[246],"tags":[],"class_list":["post-6622","post","type-post","status-publish","format-standard","has-post-thumbnail","hentry","category-246"],"acf":[],"yoast_head":"<!-- This site is optimized with the Yoast SEO plugin v27.1.1 - https:\/\/yoast.com\/product\/yoast-seo-wordpress\/ -->\n<title>\u201cEl juicio repara en t\u00e9rminos hist\u00f3ricos y sociales, no personales\u201d - Alfilo<\/title>\n<meta name=\"robots\" content=\"index, follow, max-snippet:-1, max-image-preview:large, max-video-preview:-1\" \/>\n<link rel=\"canonical\" href=\"https:\/\/ffyh.unc.edu.ar\/alfilo\/el-juicio-repara-en-terminos-historicos-y-sociales-no-personales\/\" \/>\n<meta property=\"og:locale\" content=\"es_ES\" \/>\n<meta property=\"og:type\" content=\"article\" \/>\n<meta property=\"og:title\" content=\"\u201cEl juicio repara en t\u00e9rminos hist\u00f3ricos y sociales, no personales\u201d - Alfilo\" \/>\n<meta property=\"og:description\" content=\"Adriana R\u00edos y Juan Carlos Soulier, eran estudiantes de Ciencias de la Educaci\u00f3n e Ingenier\u00eda en la UNC y fueron secuestrados, asesinados y desaparecidos en agosto de 1976. Son dos de las 43 v\u00edctimas del duod\u00e9cimo juicio por delitos de [Leer m\u00e1s]\" \/>\n<meta property=\"og:url\" content=\"https:\/\/ffyh.unc.edu.ar\/alfilo\/el-juicio-repara-en-terminos-historicos-y-sociales-no-personales\/\" \/>\n<meta property=\"og:site_name\" content=\"Alfilo\" \/>\n<meta property=\"article:publisher\" content=\"https:\/\/www.facebook.com\/ffyh.unc\/\" \/>\n<meta property=\"article:published_time\" content=\"2020-09-29T13:21:23+00:00\" \/>\n<meta property=\"article:modified_time\" content=\"2023-06-08T17:00:25+00:00\" \/>\n<meta property=\"og:image\" content=\"http:\/\/ffyh.unc.edu.ar\/alfilo\/wp-content\/uploads\/sites\/11\/2020\/09\/nota-soulier-rios-2.jpg\" \/>\n\t<meta property=\"og:image:width\" content=\"1029\" \/>\n\t<meta property=\"og:image:height\" content=\"819\" \/>\n\t<meta property=\"og:image:type\" content=\"image\/jpeg\" \/>\n<meta name=\"author\" content=\"\u00c1rea de Comunicaci\u00f3n - FFyH\" \/>\n<meta name=\"twitter:card\" content=\"summary_large_image\" \/>\n<meta name=\"twitter:creator\" content=\"@ffyh_unc\" \/>\n<meta name=\"twitter:site\" content=\"@ffyh_unc\" \/>\n<meta name=\"twitter:label1\" content=\"Escrito por\" \/>\n\t<meta name=\"twitter:data1\" content=\"\" \/>\n\t<meta name=\"twitter:label2\" content=\"Tiempo de lectura\" \/>\n\t<meta name=\"twitter:data2\" content=\"19 minutos\" \/>\n<script type=\"application\/ld+json\" class=\"yoast-schema-graph\">{\"@context\":\"https:\/\/schema.org\",\"@graph\":[{\"@type\":\"Article\",\"@id\":\"https:\/\/ffyh.unc.edu.ar\/alfilo\/el-juicio-repara-en-terminos-historicos-y-sociales-no-personales\/#article\",\"isPartOf\":{\"@id\":\"https:\/\/ffyh.unc.edu.ar\/alfilo\/el-juicio-repara-en-terminos-historicos-y-sociales-no-personales\/\"},\"author\":{\"name\":\"\u00c1rea de Comunicaci\u00f3n - FFyH\",\"@id\":\"https:\/\/ffyh.unc.edu.ar\/alfilo\/#\/schema\/person\/e6b9f6aec95cb7437bb2fde09e23b224\"},\"headline\":\"\u201cEl juicio repara en t\u00e9rminos hist\u00f3ricos y sociales, no personales\u201d\",\"datePublished\":\"2020-09-29T13:21:23+00:00\",\"dateModified\":\"2023-06-08T17:00:25+00:00\",\"mainEntityOfPage\":{\"@id\":\"https:\/\/ffyh.unc.edu.ar\/alfilo\/el-juicio-repara-en-terminos-historicos-y-sociales-no-personales\/\"},\"wordCount\":3758,\"publisher\":{\"@id\":\"https:\/\/ffyh.unc.edu.ar\/alfilo\/#organization\"},\"image\":{\"@id\":\"https:\/\/ffyh.unc.edu.ar\/alfilo\/el-juicio-repara-en-terminos-historicos-y-sociales-no-personales\/#primaryimage\"},\"thumbnailUrl\":\"https:\/\/ffyh.unc.edu.ar\/alfilo\/wp-content\/uploads\/sites\/11\/2020\/09\/nota-soulier-rios-2.jpg\",\"articleSection\":[\"87\"],\"inLanguage\":\"es\"},{\"@type\":\"WebPage\",\"@id\":\"https:\/\/ffyh.unc.edu.ar\/alfilo\/el-juicio-repara-en-terminos-historicos-y-sociales-no-personales\/\",\"url\":\"https:\/\/ffyh.unc.edu.ar\/alfilo\/el-juicio-repara-en-terminos-historicos-y-sociales-no-personales\/\",\"name\":\"\u201cEl juicio repara en t\u00e9rminos hist\u00f3ricos y sociales, no personales\u201d - Alfilo\",\"isPartOf\":{\"@id\":\"https:\/\/ffyh.unc.edu.ar\/alfilo\/#website\"},\"primaryImageOfPage\":{\"@id\":\"https:\/\/ffyh.unc.edu.ar\/alfilo\/el-juicio-repara-en-terminos-historicos-y-sociales-no-personales\/#primaryimage\"},\"image\":{\"@id\":\"https:\/\/ffyh.unc.edu.ar\/alfilo\/el-juicio-repara-en-terminos-historicos-y-sociales-no-personales\/#primaryimage\"},\"thumbnailUrl\":\"https:\/\/ffyh.unc.edu.ar\/alfilo\/wp-content\/uploads\/sites\/11\/2020\/09\/nota-soulier-rios-2.jpg\",\"datePublished\":\"2020-09-29T13:21:23+00:00\",\"dateModified\":\"2023-06-08T17:00:25+00:00\",\"breadcrumb\":{\"@id\":\"https:\/\/ffyh.unc.edu.ar\/alfilo\/el-juicio-repara-en-terminos-historicos-y-sociales-no-personales\/#breadcrumb\"},\"inLanguage\":\"es\",\"potentialAction\":[{\"@type\":\"ReadAction\",\"target\":[\"https:\/\/ffyh.unc.edu.ar\/alfilo\/el-juicio-repara-en-terminos-historicos-y-sociales-no-personales\/\"]}]},{\"@type\":\"ImageObject\",\"inLanguage\":\"es\",\"@id\":\"https:\/\/ffyh.unc.edu.ar\/alfilo\/el-juicio-repara-en-terminos-historicos-y-sociales-no-personales\/#primaryimage\",\"url\":\"https:\/\/ffyh.unc.edu.ar\/alfilo\/wp-content\/uploads\/sites\/11\/2020\/09\/nota-soulier-rios-2.jpg\",\"contentUrl\":\"https:\/\/ffyh.unc.edu.ar\/alfilo\/wp-content\/uploads\/sites\/11\/2020\/09\/nota-soulier-rios-2.jpg\",\"width\":1029,\"height\":819},{\"@type\":\"BreadcrumbList\",\"@id\":\"https:\/\/ffyh.unc.edu.ar\/alfilo\/el-juicio-repara-en-terminos-historicos-y-sociales-no-personales\/#breadcrumb\",\"itemListElement\":[{\"@type\":\"ListItem\",\"position\":1,\"name\":\"Portada\",\"item\":\"https:\/\/ffyh.unc.edu.ar\/alfilo\/\"},{\"@type\":\"ListItem\",\"position\":2,\"name\":\"\u201cEl juicio repara en t\u00e9rminos hist\u00f3ricos y sociales, no personales\u201d\"}]},{\"@type\":\"WebSite\",\"@id\":\"https:\/\/ffyh.unc.edu.ar\/alfilo\/#website\",\"url\":\"https:\/\/ffyh.unc.edu.ar\/alfilo\/\",\"name\":\"Alfilo\",\"description\":\"Revista digital de la Facultad de Filosof\u00eda y Humanidades - Universidad Nacional de C\u00f3rdoba\",\"publisher\":{\"@id\":\"https:\/\/ffyh.unc.edu.ar\/alfilo\/#organization\"},\"potentialAction\":[{\"@type\":\"SearchAction\",\"target\":{\"@type\":\"EntryPoint\",\"urlTemplate\":\"https:\/\/ffyh.unc.edu.ar\/alfilo\/?s={search_term_string}\"},\"query-input\":{\"@type\":\"PropertyValueSpecification\",\"valueRequired\":true,\"valueName\":\"search_term_string\"}}],\"inLanguage\":\"es\"},{\"@type\":\"Organization\",\"@id\":\"https:\/\/ffyh.unc.edu.ar\/alfilo\/#organization\",\"name\":\"Alfilo | Revista digital de la Facultad de Filosof\u00eda y Humanidades | UNC\",\"url\":\"https:\/\/ffyh.unc.edu.ar\/alfilo\/\",\"logo\":{\"@type\":\"ImageObject\",\"inLanguage\":\"es\",\"@id\":\"https:\/\/ffyh.unc.edu.ar\/alfilo\/#\/schema\/logo\/image\/\",\"url\":\"https:\/\/ffyh.unc.edu.ar\/alfilo\/wp-content\/uploads\/sites\/11\/2015\/04\/banner-alfilo-2015-ico.jpg\",\"contentUrl\":\"https:\/\/ffyh.unc.edu.ar\/alfilo\/wp-content\/uploads\/sites\/11\/2015\/04\/banner-alfilo-2015-ico.jpg\",\"width\":253,\"height\":128,\"caption\":\"Alfilo | Revista digital de la Facultad de Filosof\u00eda y Humanidades | UNC\"},\"image\":{\"@id\":\"https:\/\/ffyh.unc.edu.ar\/alfilo\/#\/schema\/logo\/image\/\"},\"sameAs\":[\"https:\/\/www.facebook.com\/ffyh.unc\/\",\"https:\/\/x.com\/ffyh_unc\",\"https:\/\/www.instagram.com\/ffyhunc\/\",\"https:\/\/www.youtube.com\/user\/comunicacionfilo\"]},{\"@type\":\"Person\",\"@id\":\"https:\/\/ffyh.unc.edu.ar\/alfilo\/#\/schema\/person\/e6b9f6aec95cb7437bb2fde09e23b224\",\"name\":\"\u00c1rea de Comunicaci\u00f3n - FFyH\",\"image\":{\"@type\":\"ImageObject\",\"inLanguage\":\"es\",\"@id\":\"https:\/\/ffyh.unc.edu.ar\/alfilo\/#\/schema\/person\/image\/\",\"url\":\"https:\/\/secure.gravatar.com\/avatar\/1d896d10b19526e4cb6e972ca0f1b6719a4697e2d88742a801b88b3682d5be75?s=96&d=mm&r=g\",\"contentUrl\":\"https:\/\/secure.gravatar.com\/avatar\/1d896d10b19526e4cb6e972ca0f1b6719a4697e2d88742a801b88b3682d5be75?s=96&d=mm&r=g\",\"caption\":\"\u00c1rea de Comunicaci\u00f3n - FFyH\"},\"url\":\"https:\/\/ffyh.unc.edu.ar\/alfilo\/author\/prensa\/\"}]}<\/script>\n<!-- \/ Yoast SEO plugin. -->","yoast_head_json":{"title":"\u201cEl juicio repara en t\u00e9rminos hist\u00f3ricos y sociales, no personales\u201d - Alfilo","robots":{"index":"index","follow":"follow","max-snippet":"max-snippet:-1","max-image-preview":"max-image-preview:large","max-video-preview":"max-video-preview:-1"},"canonical":"https:\/\/ffyh.unc.edu.ar\/alfilo\/el-juicio-repara-en-terminos-historicos-y-sociales-no-personales\/","og_locale":"es_ES","og_type":"article","og_title":"\u201cEl juicio repara en t\u00e9rminos hist\u00f3ricos y sociales, no personales\u201d - Alfilo","og_description":"Adriana R\u00edos y Juan Carlos Soulier, eran estudiantes de Ciencias de la Educaci\u00f3n e Ingenier\u00eda en la UNC y fueron secuestrados, asesinados y desaparecidos en agosto de 1976. Son dos de las 43 v\u00edctimas del duod\u00e9cimo juicio por delitos de [Leer m\u00e1s]","og_url":"https:\/\/ffyh.unc.edu.ar\/alfilo\/el-juicio-repara-en-terminos-historicos-y-sociales-no-personales\/","og_site_name":"Alfilo","article_publisher":"https:\/\/www.facebook.com\/ffyh.unc\/","article_published_time":"2020-09-29T13:21:23+00:00","article_modified_time":"2023-06-08T17:00:25+00:00","og_image":[{"width":1029,"height":819,"url":"http:\/\/ffyh.unc.edu.ar\/alfilo\/wp-content\/uploads\/sites\/11\/2020\/09\/nota-soulier-rios-2.jpg","type":"image\/jpeg"}],"author":"\u00c1rea de Comunicaci\u00f3n - FFyH","twitter_card":"summary_large_image","twitter_creator":"@ffyh_unc","twitter_site":"@ffyh_unc","twitter_misc":{"Escrito por":false,"Tiempo de lectura":"19 minutos"},"schema":{"@context":"https:\/\/schema.org","@graph":[{"@type":"Article","@id":"https:\/\/ffyh.unc.edu.ar\/alfilo\/el-juicio-repara-en-terminos-historicos-y-sociales-no-personales\/#article","isPartOf":{"@id":"https:\/\/ffyh.unc.edu.ar\/alfilo\/el-juicio-repara-en-terminos-historicos-y-sociales-no-personales\/"},"author":{"name":"\u00c1rea de Comunicaci\u00f3n - FFyH","@id":"https:\/\/ffyh.unc.edu.ar\/alfilo\/#\/schema\/person\/e6b9f6aec95cb7437bb2fde09e23b224"},"headline":"\u201cEl juicio repara en t\u00e9rminos hist\u00f3ricos y sociales, no personales\u201d","datePublished":"2020-09-29T13:21:23+00:00","dateModified":"2023-06-08T17:00:25+00:00","mainEntityOfPage":{"@id":"https:\/\/ffyh.unc.edu.ar\/alfilo\/el-juicio-repara-en-terminos-historicos-y-sociales-no-personales\/"},"wordCount":3758,"publisher":{"@id":"https:\/\/ffyh.unc.edu.ar\/alfilo\/#organization"},"image":{"@id":"https:\/\/ffyh.unc.edu.ar\/alfilo\/el-juicio-repara-en-terminos-historicos-y-sociales-no-personales\/#primaryimage"},"thumbnailUrl":"https:\/\/ffyh.unc.edu.ar\/alfilo\/wp-content\/uploads\/sites\/11\/2020\/09\/nota-soulier-rios-2.jpg","articleSection":["87"],"inLanguage":"es"},{"@type":"WebPage","@id":"https:\/\/ffyh.unc.edu.ar\/alfilo\/el-juicio-repara-en-terminos-historicos-y-sociales-no-personales\/","url":"https:\/\/ffyh.unc.edu.ar\/alfilo\/el-juicio-repara-en-terminos-historicos-y-sociales-no-personales\/","name":"\u201cEl juicio repara en t\u00e9rminos hist\u00f3ricos y sociales, no personales\u201d - Alfilo","isPartOf":{"@id":"https:\/\/ffyh.unc.edu.ar\/alfilo\/#website"},"primaryImageOfPage":{"@id":"https:\/\/ffyh.unc.edu.ar\/alfilo\/el-juicio-repara-en-terminos-historicos-y-sociales-no-personales\/#primaryimage"},"image":{"@id":"https:\/\/ffyh.unc.edu.ar\/alfilo\/el-juicio-repara-en-terminos-historicos-y-sociales-no-personales\/#primaryimage"},"thumbnailUrl":"https:\/\/ffyh.unc.edu.ar\/alfilo\/wp-content\/uploads\/sites\/11\/2020\/09\/nota-soulier-rios-2.jpg","datePublished":"2020-09-29T13:21:23+00:00","dateModified":"2023-06-08T17:00:25+00:00","breadcrumb":{"@id":"https:\/\/ffyh.unc.edu.ar\/alfilo\/el-juicio-repara-en-terminos-historicos-y-sociales-no-personales\/#breadcrumb"},"inLanguage":"es","potentialAction":[{"@type":"ReadAction","target":["https:\/\/ffyh.unc.edu.ar\/alfilo\/el-juicio-repara-en-terminos-historicos-y-sociales-no-personales\/"]}]},{"@type":"ImageObject","inLanguage":"es","@id":"https:\/\/ffyh.unc.edu.ar\/alfilo\/el-juicio-repara-en-terminos-historicos-y-sociales-no-personales\/#primaryimage","url":"https:\/\/ffyh.unc.edu.ar\/alfilo\/wp-content\/uploads\/sites\/11\/2020\/09\/nota-soulier-rios-2.jpg","contentUrl":"https:\/\/ffyh.unc.edu.ar\/alfilo\/wp-content\/uploads\/sites\/11\/2020\/09\/nota-soulier-rios-2.jpg","width":1029,"height":819},{"@type":"BreadcrumbList","@id":"https:\/\/ffyh.unc.edu.ar\/alfilo\/el-juicio-repara-en-terminos-historicos-y-sociales-no-personales\/#breadcrumb","itemListElement":[{"@type":"ListItem","position":1,"name":"Portada","item":"https:\/\/ffyh.unc.edu.ar\/alfilo\/"},{"@type":"ListItem","position":2,"name":"\u201cEl juicio repara en t\u00e9rminos hist\u00f3ricos y sociales, no personales\u201d"}]},{"@type":"WebSite","@id":"https:\/\/ffyh.unc.edu.ar\/alfilo\/#website","url":"https:\/\/ffyh.unc.edu.ar\/alfilo\/","name":"Alfilo","description":"Revista digital de la Facultad de Filosof\u00eda y Humanidades - Universidad Nacional de C\u00f3rdoba","publisher":{"@id":"https:\/\/ffyh.unc.edu.ar\/alfilo\/#organization"},"potentialAction":[{"@type":"SearchAction","target":{"@type":"EntryPoint","urlTemplate":"https:\/\/ffyh.unc.edu.ar\/alfilo\/?s={search_term_string}"},"query-input":{"@type":"PropertyValueSpecification","valueRequired":true,"valueName":"search_term_string"}}],"inLanguage":"es"},{"@type":"Organization","@id":"https:\/\/ffyh.unc.edu.ar\/alfilo\/#organization","name":"Alfilo | Revista digital de la Facultad de Filosof\u00eda y Humanidades | UNC","url":"https:\/\/ffyh.unc.edu.ar\/alfilo\/","logo":{"@type":"ImageObject","inLanguage":"es","@id":"https:\/\/ffyh.unc.edu.ar\/alfilo\/#\/schema\/logo\/image\/","url":"https:\/\/ffyh.unc.edu.ar\/alfilo\/wp-content\/uploads\/sites\/11\/2015\/04\/banner-alfilo-2015-ico.jpg","contentUrl":"https:\/\/ffyh.unc.edu.ar\/alfilo\/wp-content\/uploads\/sites\/11\/2015\/04\/banner-alfilo-2015-ico.jpg","width":253,"height":128,"caption":"Alfilo | Revista digital de la Facultad de Filosof\u00eda y Humanidades | UNC"},"image":{"@id":"https:\/\/ffyh.unc.edu.ar\/alfilo\/#\/schema\/logo\/image\/"},"sameAs":["https:\/\/www.facebook.com\/ffyh.unc\/","https:\/\/x.com\/ffyh_unc","https:\/\/www.instagram.com\/ffyhunc\/","https:\/\/www.youtube.com\/user\/comunicacionfilo"]},{"@type":"Person","@id":"https:\/\/ffyh.unc.edu.ar\/alfilo\/#\/schema\/person\/e6b9f6aec95cb7437bb2fde09e23b224","name":"\u00c1rea de Comunicaci\u00f3n - FFyH","image":{"@type":"ImageObject","inLanguage":"es","@id":"https:\/\/ffyh.unc.edu.ar\/alfilo\/#\/schema\/person\/image\/","url":"https:\/\/secure.gravatar.com\/avatar\/1d896d10b19526e4cb6e972ca0f1b6719a4697e2d88742a801b88b3682d5be75?s=96&d=mm&r=g","contentUrl":"https:\/\/secure.gravatar.com\/avatar\/1d896d10b19526e4cb6e972ca0f1b6719a4697e2d88742a801b88b3682d5be75?s=96&d=mm&r=g","caption":"\u00c1rea de Comunicaci\u00f3n - FFyH"},"url":"https:\/\/ffyh.unc.edu.ar\/alfilo\/author\/prensa\/"}]}},"jetpack_featured_media_url":"https:\/\/ffyh.unc.edu.ar\/alfilo\/wp-content\/uploads\/sites\/11\/2020\/09\/nota-soulier-rios-2.jpg","jetpack_sharing_enabled":true,"_links":{"self":[{"href":"https:\/\/ffyh.unc.edu.ar\/alfilo\/wp-json\/wp\/v2\/posts\/6622","targetHints":{"allow":["GET"]}}],"collection":[{"href":"https:\/\/ffyh.unc.edu.ar\/alfilo\/wp-json\/wp\/v2\/posts"}],"about":[{"href":"https:\/\/ffyh.unc.edu.ar\/alfilo\/wp-json\/wp\/v2\/types\/post"}],"author":[{"embeddable":true,"href":"https:\/\/ffyh.unc.edu.ar\/alfilo\/wp-json\/wp\/v2\/users\/2"}],"replies":[{"embeddable":true,"href":"https:\/\/ffyh.unc.edu.ar\/alfilo\/wp-json\/wp\/v2\/comments?post=6622"}],"version-history":[{"count":7,"href":"https:\/\/ffyh.unc.edu.ar\/alfilo\/wp-json\/wp\/v2\/posts\/6622\/revisions"}],"predecessor-version":[{"id":6640,"href":"https:\/\/ffyh.unc.edu.ar\/alfilo\/wp-json\/wp\/v2\/posts\/6622\/revisions\/6640"}],"wp:featuredmedia":[{"embeddable":true,"href":"https:\/\/ffyh.unc.edu.ar\/alfilo\/wp-json\/wp\/v2\/media\/6634"}],"wp:attachment":[{"href":"https:\/\/ffyh.unc.edu.ar\/alfilo\/wp-json\/wp\/v2\/media?parent=6622"}],"wp:term":[{"taxonomy":"category","embeddable":true,"href":"https:\/\/ffyh.unc.edu.ar\/alfilo\/wp-json\/wp\/v2\/categories?post=6622"},{"taxonomy":"post_tag","embeddable":true,"href":"https:\/\/ffyh.unc.edu.ar\/alfilo\/wp-json\/wp\/v2\/tags?post=6622"}],"curies":[{"name":"wp","href":"https:\/\/api.w.org\/{rel}","templated":true}]}}