{"id":6729,"date":"2020-11-12T20:58:15","date_gmt":"2020-11-12T20:58:15","guid":{"rendered":"http:\/\/ffyh.unc.edu.ar\/alfilo\/?p=6729"},"modified":"2023-06-08T17:04:44","modified_gmt":"2023-06-08T17:04:44","slug":"violencia-en-el-chaco-salteno-notas-criticas-sobre-la-situacion-de-los-pueblos-originarios","status":"publish","type":"post","link":"https:\/\/ffyh.unc.edu.ar\/alfilo\/violencia-en-el-chaco-salteno-notas-criticas-sobre-la-situacion-de-los-pueblos-originarios\/","title":{"rendered":"Violencia en el Chaco Salte\u00f1o. Notas cr\u00edticas sobre la situaci\u00f3n de los Pueblos Originarios"},"content":{"rendered":"<p><img loading=\"lazy\" decoding=\"async\" class=\"wp-image-6733 alignright\" src=\"http:\/\/ffyh.unc.edu.ar\/alfilo\/wp-content\/uploads\/sites\/11\/2020\/11\/nota-violencia-chaco.jpg\" alt=\"\" width=\"450\" height=\"240\" srcset=\"https:\/\/ffyh.unc.edu.ar\/alfilo\/wp-content\/uploads\/sites\/11\/2020\/11\/nota-violencia-chaco.jpg 1096w, https:\/\/ffyh.unc.edu.ar\/alfilo\/wp-content\/uploads\/sites\/11\/2020\/11\/nota-violencia-chaco-300x160.jpg 300w, https:\/\/ffyh.unc.edu.ar\/alfilo\/wp-content\/uploads\/sites\/11\/2020\/11\/nota-violencia-chaco-1024x546.jpg 1024w, https:\/\/ffyh.unc.edu.ar\/alfilo\/wp-content\/uploads\/sites\/11\/2020\/11\/nota-violencia-chaco-768x409.jpg 768w, https:\/\/ffyh.unc.edu.ar\/alfilo\/wp-content\/uploads\/sites\/11\/2020\/11\/nota-violencia-chaco-600x320.jpg 600w\" sizes=\"auto, (max-width: 450px) 100vw, 450px\" \/><\/p>\n<p><strong>En este informe, Mariana Espinosa, investigadora del CONICET en el IDACOR y profesora del Departamento de Antropolog\u00eda de la Facultad de Filosof\u00eda y Humanidades, relata la situaci\u00f3n de violencia y desamparo del Estado que viven los pueblos originarios del Chaco Salte\u00f1o frente a la pandemia del Covid-19, los desmontes ilegales y los desalojos de sus tierras ancestrales.<\/strong><\/p>\n<p><!--more--><\/p>\n<p>\u201cReconocer la preexistencia \u00e9tnica y cultural de los pueblos ind\u00edgenas argentinos\u201d<a href=\"#_ftn1\" name=\"_ftnref1\">[1]<\/a>; la negaci\u00f3n de este elemental principio constitucional es el fundamento sobre el cual se erige un sin fin de violaciones a los derechos humanos ind\u00edgenas. La situaci\u00f3n a la que se enfrentan los Pueblos Originarios del Chaco Salte\u00f1o es de saqueo a todo cuanto recurso ambiental est\u00e9 a la vista por parte de grandes y peque\u00f1os empresarios y de asfixia de todo suspiro cultural ind\u00edgena que interfiera en su codicia. \u00bfQu\u00e9 debe suceder para que la sociedad argentina reaccione ante los brutales cr\u00edmenes que desde hace d\u00e9cadas asolan al Chaco Salte\u00f1o y que en los \u00faltimos meses se han multiplicado? \u00bfQu\u00e9 demostraciones habr\u00eda que blandir para que se ponga l\u00edmite a tanta violencia y para allanar el camino a una declaraci\u00f3n y acci\u00f3n que establezca como imperativo \u00e9tico una reparaci\u00f3n hist\u00f3rica por parte del Estado? \u00bfQu\u00e9 roles debemos asumir los y las cient\u00edficos\/as, las organizaciones sociales, las y los abogadas\/os, las fundaciones, las iglesias de todos los credos? \u00bfQu\u00e9 m\u00e1s debe ocurrir para que el Chaco Salte\u00f1o tenga su Declaraci\u00f3n de Barbados?<a href=\"#_ftn2\" name=\"_ftnref2\">[2]<\/a><\/p>\n<p><strong>Elementos b\u00e1sicos de contexto<\/strong><\/p>\n<p>El llamado Chaco Salte\u00f1o forma parte del Gran Chaco americano, una extensa y (otrora) espesa planicie boscosa que abarca parte de los actuales territorios de Paraguay, Bolivia, Brasil y Argentina. La provincia de Salta delimit\u00f3 para s\u00ed una porci\u00f3n del Chaco Central, ahora dividida en los departamentos San Mart\u00edn, Or\u00e1n y Rivadavia. En su faz occidental esta subregi\u00f3n limita con la selva tucumano-oranense o yungas, conformando un extraordinario ecotono. En esta subregi\u00f3n, dos son las cuencas h\u00eddricas de mayor importancia para el equilibrio natural y cultural: Pilcomayo y Bermejo. Los antiguos pueblos originarios beb\u00edan y pescaban en esos r\u00edos. Cazaban y recolectaban frutos del generoso pulm\u00f3n americano, sin necesidad de herramientas legales que los habilitaran a ocupar libremente esos territorios. Desde tiempos inmemoriales, all\u00ed habitan decenas de etnias: wich\u00eds, chorotes, nivakl\u00e9s, tobas (Qom), pilag\u00e1s, guaran\u00edes, chan\u00e9s, tapietes. Hablan cotidianamente lenguas de las familias ling\u00fc\u00edsticas guaycur\u00fa, mataco-maca y guaran\u00ed. Expresan formas de vida, de pensamiento, de organizaci\u00f3n social que enriquecen de mil maneras la comprensi\u00f3n de otras formas posibles de ser y estar en el mundo.<a href=\"#_ftn3\" name=\"_ftnref3\">[3]<\/a><\/p>\n<p>A diferencia de otras \u00e1reas culturales y fitogeograf\u00edas de Salta, en el per\u00edodo prehisp\u00e1nico \u00e9sta mantuvo autonom\u00eda con relaci\u00f3n al Tahuantinsuyo. En la colonia, el chaco occidental y el piedemonte andino, constituyeron una zona de frontera de la Gobernaci\u00f3n del Tucum\u00e1n, marcada por un sistema de fuertes, reducciones y haciendas donde los ind\u00edgenas de \u201ctierras bajas\u201d fueron mano de obra esclava. A fines del siglo XIX y principios del XX diversas campa\u00f1as militares se dirigieron hacia el interior del Gran Chaco y la relativa \u201clibertad\u201d de estos grupos se vio interrumpida violentamente.<a href=\"#_ftn4\" name=\"_ftnref4\">[4]<\/a> El asesinato, encarcelamiento y el desplazamiento forzado de poblados enteros desde entonces est\u00e1n presentes en la historia de estos pueblos en sus relaciones con los criollos, con los gobiernos locales, provinciales y nacional.<\/p>\n<p>Los antiguos ingenios azucareros, los algodonales, las forestales fueron enclaves que exig\u00edan ingentes cantidades de mano de obra.<a href=\"#_ftn5\" name=\"_ftnref5\">[5]<\/a> Como ha sido bien documentado por la literatura y el cine, la mano de obra fue esclavizada. Lamentablemente lo sigue siendo en muchos contextos del presente y esa atroz forma de tratamiento humano se har\u00e1 m\u00e1s cruda, si no se act\u00faa con urgencia, con firmeza. Completaron el escenario las misiones cat\u00f3licas, protestantes, evang\u00e9licas y pentecostales -con diferenciadas estrategias de misionalizaci\u00f3n &#8211; oscilaron entre refugios humanitarios y coercitivos reg\u00edmenes morales civilizatorios.<a href=\"#_ftn6\" name=\"_ftnref6\">[6]<\/a><\/p>\n<p><strong>El territorio, el monte y las culturas<\/strong><\/p>\n<p>Hace unos d\u00edas, funcionarios nacionales informaron que \u201cen 20 a\u00f1os se perdieron 6,5 millones de hect\u00e1reas de bosques nativos en el pa\u00eds, y desaparecieron 2,8 millones entre 2008 y 2018, pese a la existencia de la Ley de Protecci\u00f3n de Bosques Nativos n\u00b026.331. De ese total, el 87% de las p\u00e9rdidas ocurrieron en el Gran Chaco y Salta represent\u00f3 el 21% de hect\u00e1reas desmontadas entre 2007 y 2018. La provincia fue la segunda que m\u00e1s bosque nativo deforest\u00f3, detr\u00e1s de Santiago del Estero, en donde desapareci\u00f3 el 28%\u201d.<a href=\"#_ftn7\" name=\"_ftnref7\">[7]<\/a><\/p>\n<p>En Salta, hasta hace poco el gobierno permit\u00eda los desmontes hasta 300 hect\u00e1reas sin audiencia p\u00fablica ni estudio de impacto ambiental ni social (Ley de Ambiente de la provincia N\u00b0 7070). Ahora por una resoluci\u00f3n provincial (n\u00b0 333) se permitir\u00e1 hasta 1.500 hect\u00e1reas, sin estudio previo y por declaraci\u00f3n jurada. Esto es posible porque <em>un funcionario<\/em> salte\u00f1o interpret\u00f3 que el \u201caprovechamiento forestal\u201d (o desforestaci\u00f3n) es una actividad de \u201cbaja intervenci\u00f3n e intensidad sobre el bosque y\/o impacto ambiental y social\u201d.<a href=\"#_ftn8\" name=\"_ftnref8\">[8]<\/a><\/p>\n<p>Quien haya crecido cerca de algunas de las rutas que conectan ciudades, pueblos, parajes, comunidades, misiones que unen el Chaco Salte\u00f1o seguramente observ\u00f3 en repetidas ocasiones tractores trasladando gruesos troncos de \u00e1rboles nativos reci\u00e9n cortados. Antes circulaban a la noche, como actividad criminal que deb\u00eda ser ocultada. Pero hace tiempo que los cr\u00edmenes ambientales se hacen sin descaro, a plena luz del d\u00eda. Mientas en otras regiones se discute sobre gobernanza ambiental y se han escrito millares de p\u00e1ginas sobre las consecuencias sociales y ambientales del cambio en el uso del suelo, el Estado salte\u00f1o \u201chace caso omiso, o\u00eddos sordos\u201d. Los Pueblos Originarios no cesan de denunciar de mil formas lo que le est\u00e1n haciendo a su tierra y los atropellos que sufren por causa de la codicia de un pu\u00f1ado de \u201cgrandes empresarios\u201d, de gente con apellidos de abolengo, de extranjeros o de todo el que busque un destino sin su presencia.<\/p>\n<p>Los desmontes se hacen no s\u00f3lo sobre \u201cpropiedades privadas\u201d sino tambi\u00e9n tierras estatales o comunales. Entre el 19 y 20 de octubre la comunidad wich\u00ed Honat Le Les, ubicada sobre la Ruta 34 en General Ballivi\u00e1n, en sus propias tierras no pudo detener un desmonte custodiado por la mism\u00edsima polic\u00eda provincial.<a href=\"#_ftn9\" name=\"_ftnref9\">[9]<\/a> La \u201cliberaci\u00f3n\u201d de restricciones para el desmonte est\u00e1 acelerando, entre otros problemas, los desalojos. En lo que va de la pandemia y la cuarentena, todos los d\u00edas (\u00a1s\u00ed, todos los d\u00edas!) hay noticias de amenazas, desalojos, encarcelamientos. Algunos ejemplos: el 23 de julio, sin orden judicial, cien efectivos de la polic\u00eda de Or\u00e1n, desalojaron a 90 familias de la comunidad guaran\u00ed CheruTumpa ubicada en Colonia Santa Rosa.<a href=\"#_ftn10\" name=\"_ftnref10\">[10]<\/a> En Tartagal, el 21 de octubre a las 5 de la madrugada la comunidad wich\u00ed Yokwespehen fue violentamente desalojada por la Polic\u00eda de Salta que montada a caballo lleg\u00f3 con una notificaci\u00f3n firmada por el juez Aramayo y a pedido del supuesto propietario Jorge Panayotidis. Desde entonces, 15 familias con 40 ni\u00f1os y ni\u00f1as est\u00e1n viviendo a la intemperie a la orilla de la Ruta Nacional 86.<a href=\"#_ftn11\" name=\"_ftnref11\">[11]<\/a> Mientras escribo esta nota los hermanos del Pueblo Wich\u00ed Pozo Pajarito de Ballivi\u00e1n podr\u00edan estar siendo desalojados por la polic\u00eda de Salta a pedido de los \u201cpropietarios\u201d Daniel Dar\u00edo Karlen y Juan Jos\u00e9 Karlen, quienes tiempo atr\u00e1s fueron\u201ccondenados tras haber desmontado m\u00e1s de 11.000 hect\u00e1reas de manera ilegal\u201d.<a href=\"#_ftn12\" name=\"_ftnref12\">[12]<\/a><\/p>\n<p><img loading=\"lazy\" decoding=\"async\" class=\"alignnone size-full wp-image-6732\" src=\"http:\/\/ffyh.unc.edu.ar\/alfilo\/wp-content\/uploads\/sites\/11\/2020\/11\/cedula-notificacion.jpg\" alt=\"\" width=\"960\" height=\"1280\" srcset=\"https:\/\/ffyh.unc.edu.ar\/alfilo\/wp-content\/uploads\/sites\/11\/2020\/11\/cedula-notificacion.jpg 960w, https:\/\/ffyh.unc.edu.ar\/alfilo\/wp-content\/uploads\/sites\/11\/2020\/11\/cedula-notificacion-225x300.jpg 225w, https:\/\/ffyh.unc.edu.ar\/alfilo\/wp-content\/uploads\/sites\/11\/2020\/11\/cedula-notificacion-768x1024.jpg 768w, https:\/\/ffyh.unc.edu.ar\/alfilo\/wp-content\/uploads\/sites\/11\/2020\/11\/cedula-notificacion-600x800.jpg 600w\" sizes=\"auto, (max-width: 960px) 100vw, 960px\" \/><\/p>\n<p>La resoluci\u00f3n n\u00b0333 del gobierno de la provincia de Salta sin duda acelerar\u00e1 el proceso de destrucci\u00f3n de los bosques nativos y el ataque a las poblaciones ind\u00edgenas que -\u00bfque hay que repetirlo mil veces?- habitan ancestralmente all\u00ed, en tierras que despu\u00e9s de la \u201cConquista y Colonizaci\u00f3n del Gran Chaco\u201d pasaron a ser fiscales o privadas. <strong>No existe justicia social sin justicia ambiental y viceversa.<\/strong> Hace d\u00e9cadas que las comunidades originarias ven atacada la soberana y libre reproducci\u00f3n de sus culturas debido a la expropiaci\u00f3n de la naturaleza sobre la cual se funda su cosmovisi\u00f3n, donde se hunden sus ra\u00edces, donde yacen sus cementerios. Cabe agregar, este drama profundizar\u00e1 el deterioro de las condiciones de vida de los habitantes y la situaci\u00f3n socio-ambiental de las ciudades de los departamentos San Mart\u00edn, Oran y Rivadavia: se producir\u00e1n m\u00e1s hacinamientos en los alrededores de las ciudades cabeceras, donde no hay vivienda ni agua potable (no olvidar que en la zona hace, como dice el dicho popular, \u201c50 grados a la sombra\u201d todo el a\u00f1o), donde el dengue y las pandemias como el Covid atraviesan barrios y no distinguen a la gente por el color de piel, por su riqueza o apellido.<\/p>\n<figure id=\"attachment_6733\" aria-describedby=\"caption-attachment-6733\" style=\"width: 1096px\" class=\"wp-caption alignnone\"><img loading=\"lazy\" decoding=\"async\" class=\"size-full wp-image-6733\" src=\"http:\/\/ffyh.unc.edu.ar\/alfilo\/wp-content\/uploads\/sites\/11\/2020\/11\/nota-violencia-chaco.jpg\" alt=\"\" width=\"1096\" height=\"584\" srcset=\"https:\/\/ffyh.unc.edu.ar\/alfilo\/wp-content\/uploads\/sites\/11\/2020\/11\/nota-violencia-chaco.jpg 1096w, https:\/\/ffyh.unc.edu.ar\/alfilo\/wp-content\/uploads\/sites\/11\/2020\/11\/nota-violencia-chaco-300x160.jpg 300w, https:\/\/ffyh.unc.edu.ar\/alfilo\/wp-content\/uploads\/sites\/11\/2020\/11\/nota-violencia-chaco-1024x546.jpg 1024w, https:\/\/ffyh.unc.edu.ar\/alfilo\/wp-content\/uploads\/sites\/11\/2020\/11\/nota-violencia-chaco-768x409.jpg 768w, https:\/\/ffyh.unc.edu.ar\/alfilo\/wp-content\/uploads\/sites\/11\/2020\/11\/nota-violencia-chaco-600x320.jpg 600w\" sizes=\"auto, (max-width: 1096px) 100vw, 1096px\" \/><figcaption id=\"caption-attachment-6733\" class=\"wp-caption-text\">Comunidad wich\u00ed Yokwespehen de Tartagal (ruta 86, km. 20) desalojada el 21 de octubre. Fuente: P\u00e1gina de facebook \u201cDe la mano por el mundo\u201d.<\/figcaption><\/figure>\n<p><strong>Covid 19: la Emergencia de la emergencia socio sanitaria <\/strong><\/p>\n<p>El 29 de enero de 2020 el Gobierno de Salta declar\u00f3 el estado de emergencia sociosanitaria en los Departamentos San Mart\u00edn, Or\u00e1n y Rivadavia. Al poco tiempo sobrevino la pandemia por el virus SARS-CoV-2\/COVID-19. Entre agosto y septiembre, Pueblos originarios del Chaco Salte\u00f1o sumaron al problema de la falta de agua potable y acceso a la salud, la proliferaci\u00f3n del Covid19. El sistema sanitario de la regi\u00f3n es extremadamente limitado, precario, rudimentario para la densidad poblacional y su estructura social en extremo desigual. Toda la poblaci\u00f3n de los departamentos de San Mart\u00edn (156.910 habitantes, censo 2010), Or\u00e1n (138.838 habitantes) y Rivadavia 30.357 habitantes) cuentan con s\u00f3lo tres hospitales con limitadas camas de terapia intensiva y algunos puestos sanitarios. El d\u00e9ficit de m\u00e9dicos y enfermeros es alarmante.<\/p>\n<p>Comunidades de Santa Victoria Este y la agrupaci\u00f3n de mujeres ind\u00edgenas de Tartagal, ARETEDE, buscaron visibilizar esta nueva emergencia. En el primer caso ante el anuncio de la posibilidad de instalar hospitales de campa\u00f1a, el 1 de septiembre diversas comunidades firmaron una nota dirigida al gobernador de Salta para solicitar ayuda b\u00e1sica. En materia de salud: que funcionalicen las unidades de acceso a la salud primaria que ya existen y no tienen personal. Falta de agua: la reparte el ej\u00e9rcito y es insuficiente, hablan de la eterna promesa de pozos y solicitan que se consulte previamente d\u00f3nde deben hacerse. Falta de alimento: la carta denuncia que los bolsones de alimento que dicen enviarse no llegan y piden que los m\u00f3dulos alimentarios sean de calidad. Tambi\u00e9n se advierte sobre problemas estacionales y la necesidad de obras para mitigar las inundaciones peri\u00f3dicas en la cuenca del Pilcomayo. La nota va a acompa\u00f1ada de una declaraci\u00f3n en donde se pide algo tan elemental como que se respete su condici\u00f3n de pueblos originarios; sus lenguas y la autodeterminaci\u00f3n sobre su comunidad y territorio.<\/p>\n<p>Las mujeres originarias de la organizaci\u00f3n ARTEDE por su parte lanzaron una campa\u00f1a de concientizaci\u00f3n para dar a conocer testimonios sobre la expansi\u00f3n del COVID 19 entre las comunidades que circundan a la ciudad de Tartagal. Se denuncia: falta de agua; falta de informaci\u00f3n en lenguas originarias sobre c\u00f3mo prevenir la enfermedad, exclusi\u00f3n en el reparto de medicamentos para la fiebre y en la posibilidad de ser sujetos de testeos gratuitos (en la zona los laboratorios privados cobran 7 mil pesos);el violento aislamiento de familiares enfermos sin que se informe ad\u00f3nde se los llevan; fallecimientos de familiares con s\u00edntomas compatibles con el Covid 19 (que no pueden confirmar por falta de testeo), sin auxilio o informaci\u00f3n sobre el tratamiento delos cuerpos para su debido sepelio.<\/p>\n<p>Ninguno de los reclamos fue atendido ni respondido por las autoridades (tampoco la decena de reclamos anteriores a la pandemia). Sobre las comunidades del Departamento Rivadavia, el 27 de octubre, un medio public\u00f3 el siguiente testimonio: \u201cEl obst\u00e1culo que tenemos de las comunidades es que no podemos obtener el agua porque este pozo s\u00f3lo abastece a la poblaci\u00f3n criolla de la zona del centro, quedando las comunidades excluidas para poder acceder a este vital elemento.\u201d<a href=\"#_ftn13\" name=\"_ftnref13\">[13]<\/a> En Tartagal las cosas no mejoraron tampoco. Por lo contrario, la comunidad wich\u00ed de ruta 86 Km. 6 denunci\u00f3 que pag\u00f3 cerca de 3 mil pesos por unos 2 mil litros de agua.<a href=\"#_ftn14\" name=\"_ftnref14\">[14]<\/a><\/p>\n<div class='white' style='background:rgba(0,0,0,0); border:solid 0px rgba(0,0,0,0); border-radius:0px; padding:0px 0px 0px 0px;'>\n<div id='slider_6731' class='owl-carousel sa_owl_theme owl-pagination-true autohide-arrows' data-slider-id='slider_6731' style='visibility:hidden;'>\n<div id='slider_6731_slide01' class='sa_hover_container' style='padding:5% 5%; margin:0px 0%; '><p><img loading=\"lazy\" decoding=\"async\" class=\"alignnone size-full wp-image-6734\" src=\"http:\/\/ffyh.unc.edu.ar\/alfilo\/wp-content\/uploads\/sites\/11\/2020\/11\/comunicado-1-nota-crimenes-chaco.jpg\" alt=\"\" width=\"477\" height=\"652\" srcset=\"https:\/\/ffyh.unc.edu.ar\/alfilo\/wp-content\/uploads\/sites\/11\/2020\/11\/comunicado-1-nota-crimenes-chaco.jpg 477w, https:\/\/ffyh.unc.edu.ar\/alfilo\/wp-content\/uploads\/sites\/11\/2020\/11\/comunicado-1-nota-crimenes-chaco-219x300.jpg 219w\" sizes=\"auto, (max-width: 477px) 100vw, 477px\" \/><\/p><\/div>\n<div id='slider_6731_slide02' class='sa_hover_container' style='padding:5% 5%; margin:0px 0%; '><p><img loading=\"lazy\" decoding=\"async\" class=\"alignnone size-full wp-image-6736\" src=\"http:\/\/ffyh.unc.edu.ar\/alfilo\/wp-content\/uploads\/sites\/11\/2020\/11\/comunicado-2-nota-crimenes-chaco.jpg\" alt=\"\" width=\"506\" height=\"691\" srcset=\"https:\/\/ffyh.unc.edu.ar\/alfilo\/wp-content\/uploads\/sites\/11\/2020\/11\/comunicado-2-nota-crimenes-chaco.jpg 506w, https:\/\/ffyh.unc.edu.ar\/alfilo\/wp-content\/uploads\/sites\/11\/2020\/11\/comunicado-2-nota-crimenes-chaco-220x300.jpg 220w\" sizes=\"auto, (max-width: 506px) 100vw, 506px\" \/><\/p><\/div>\n<div id='slider_6731_slide03' class='sa_hover_container' style='padding:5% 5%; margin:0px 0%; '><p><img loading=\"lazy\" decoding=\"async\" class=\"alignnone size-full wp-image-6737\" src=\"http:\/\/ffyh.unc.edu.ar\/alfilo\/wp-content\/uploads\/sites\/11\/2020\/11\/comunicado-3-nota-crimenes-chaco.jpg\" alt=\"\" width=\"428\" height=\"782\" srcset=\"https:\/\/ffyh.unc.edu.ar\/alfilo\/wp-content\/uploads\/sites\/11\/2020\/11\/comunicado-3-nota-crimenes-chaco.jpg 428w, https:\/\/ffyh.unc.edu.ar\/alfilo\/wp-content\/uploads\/sites\/11\/2020\/11\/comunicado-3-nota-crimenes-chaco-164x300.jpg 164w\" sizes=\"auto, (max-width: 428px) 100vw, 428px\" \/><\/p><\/div>\n<div id='slider_6731_slide04' class='sa_hover_container' style='padding:5% 5%; margin:0px 0%; '><p><img loading=\"lazy\" decoding=\"async\" class=\"alignnone size-full wp-image-6738\" src=\"http:\/\/ffyh.unc.edu.ar\/alfilo\/wp-content\/uploads\/sites\/11\/2020\/11\/comunicado-4-nota-crimenes-chaco.jpg\" alt=\"\" width=\"460\" height=\"772\" srcset=\"https:\/\/ffyh.unc.edu.ar\/alfilo\/wp-content\/uploads\/sites\/11\/2020\/11\/comunicado-4-nota-crimenes-chaco.jpg 460w, https:\/\/ffyh.unc.edu.ar\/alfilo\/wp-content\/uploads\/sites\/11\/2020\/11\/comunicado-4-nota-crimenes-chaco-179x300.jpg 179w\" sizes=\"auto, (max-width: 460px) 100vw, 460px\" \/><\/p><\/div>\n<\/div>\n<\/div>\n<script type='text\/javascript'>\n\tjQuery(document).ready(function() {\n\t\tjQuery('#slider_6731').owlCarousel({\n\t\t\titems : 1,\n\t\t\tsmartSpeed : 200,\n\t\t\tautoplay : true,\n\t\t\tautoplayTimeout : 5000,\n\t\t\tautoplayHoverPause : true,\n\t\t\tsmartSpeed : 200,\n\t\t\tfluidSpeed : 200,\n\t\t\tautoplaySpeed : 200,\n\t\t\tnavSpeed : 200,\n\t\t\tdotsSpeed : 200,\n\t\t\tloop : true,\n\t\t\tnav : true,\n\t\t\tnavText : ['Previous','Next'],\n\t\t\tdots : true,\n\t\t\tresponsiveRefreshRate : 200,\n\t\t\tslideBy : 1,\n\t\t\tmergeFit : true,\n\t\t\tautoHeight : false,\n\t\t\tmouseDrag : false,\n\t\t\ttouchDrag : true\n\t\t});\n\t\tjQuery('#slider_6731').css('visibility', 'visible');\n\t\tsa_resize_slider_6731();\n\t\twindow.addEventListener('resize', sa_resize_slider_6731);\n\t\tfunction sa_resize_slider_6731() {\n\t\t\tvar min_height = '50';\n\t\t\tvar win_width = jQuery(window).width();\n\t\t\tvar slider_width = jQuery('#slider_6731').width();\n\t\t\tif (win_width < 480) {\n\t\t\t\tvar slide_width = slider_width \/ 1;\n\t\t\t} else if (win_width < 768) {\n\t\t\t\tvar slide_width = slider_width \/ 1;\n\t\t\t} else if (win_width < 980) {\n\t\t\t\tvar slide_width = slider_width \/ 1;\n\t\t\t} else if (win_width < 1200) {\n\t\t\t\tvar slide_width = slider_width \/ 1;\n\t\t\t} else if (win_width < 1500) {\n\t\t\t\tvar slide_width = slider_width \/ 1;\n\t\t\t} else {\n\t\t\t\tvar slide_width = slider_width \/ 1;\n\t\t\t}\n\t\t\tslide_width = Math.round(slide_width);\n\t\t\tvar slide_height = '0';\n\t\t\tif (min_height == 'aspect43') {\n\t\t\t\tslide_height = (slide_width \/ 4) * 3;\t\t\t\tslide_height = Math.round(slide_height);\n\t\t\t} else if (min_height == 'aspect169') {\n\t\t\t\tslide_height = (slide_width \/ 16) * 9;\t\t\t\tslide_height = Math.round(slide_height);\n\t\t\t} else {\n\t\t\t\tslide_height = (slide_width \/ 100) * min_height;\t\t\t\tslide_height = Math.round(slide_height);\n\t\t\t}\n\t\t\tjQuery('#slider_6731 .owl-item .sa_hover_container').css('min-height', slide_height+'px');\n\t\t}\n\t\tvar owl_goto = jQuery('#slider_6731');\n\t\tjQuery('.slider_6731_goto1').click(function(event){\n\t\t\towl_goto.trigger('to.owl.carousel', 0);\n\t\t});\n\t\tjQuery('.slider_6731_goto2').click(function(event){\n\t\t\towl_goto.trigger('to.owl.carousel', 1);\n\t\t});\n\t\tjQuery('.slider_6731_goto3').click(function(event){\n\t\t\towl_goto.trigger('to.owl.carousel', 2);\n\t\t});\n\t\tjQuery('.slider_6731_goto4').click(function(event){\n\t\t\towl_goto.trigger('to.owl.carousel', 3);\n\t\t});\n\t\tvar resize_6731 = jQuery('.owl-carousel');\n\t\tresize_6731.on('initialized.owl.carousel', function(e) {\n\t\t\tif (typeof(Event) === 'function') {\n\t\t\t\twindow.dispatchEvent(new Event('resize'));\n\t\t\t} else {\n\t\t\t\tvar evt = window.document.createEvent('UIEvents');\n\t\t\t\tevt.initUIEvent('resize', true, false, window, 0);\n\t\t\t\twindow.dispatchEvent(evt);\n\t\t\t}\n\t\t});\n\t});\n<\/script>\n\n<p><strong>Mujeres, infancia y adolescencia en el foco de la tormenta<\/strong><\/p>\n<p>Fabiana Paz era una mujer de la comunidad wich\u00ed La Misi\u00f3n de Rivadavia Banda Sur. El 31 de agosto, a sus 21 a\u00f1os muri\u00f3 desangrada por una hemorragia despu\u00e9s de haber dado a luz a su cuarto hijo.<a href=\"#_ftn15\" name=\"_ftnref15\">[15]<\/a> La invisibilizada muerte de Fabiana es cruel testimonio de la emergencia en violencia obst\u00e9trica, de g\u00e9nero y racismo que viven diariamente las mujeres originarias. La compulsiva hospitalizaci\u00f3n de los nacimientos que antes acontec\u00edan de manera tradicional en sus comunidades, ha acentuado la violencia institucional de los nosocomios, que se incrementa cuando se trata de mujeres originarias, ante la absoluta ausencia de un sistema de salud intercultural y biling\u00fce. La violencia de g\u00e9nero que viven adentro y afuera de sus comunidades tienen por resultado decenas de muertes perinatales y tantos otros padecimientos desgarradores.<a href=\"#_ftn16\" name=\"_ftnref16\">[16]<\/a><\/p>\n<p>Los incontrolados desmontes, la alimentaci\u00f3n deficitaria en nutrientes, las fumigaciones, el agua contaminada, afectan el normal desarrollo fisiol\u00f3gico de embarazos, partos, lactancia y vida neonatal. De all\u00ed el inenarrable dolor del crimen infantil: en lo que va del a\u00f1o han fallecido \u201ccuarenta y cinco ni\u00f1os menores de cinco a\u00f1os por diferentes causas evitables (deshidrataci\u00f3n, diarrea, cuadros respiratorios, malformaciones cong\u00e9nitas, intoxicaci\u00f3n por alimentos etc.), todos pertenecientes a los pueblos originarios\u201d<a href=\"#_ftn17\" name=\"_ftnref17\">[17]<\/a>. Concretamente, con el inicio del aislamiento social preventivo y obligatorio los directivos del Hospital de Tartagal cerraron el Centro de Recuperaci\u00f3n e Investigaci\u00f3n Nutricional de Tartagal: ni\u00f1os y ni\u00f1as que estaban internados por desnutrici\u00f3n fueron as\u00ed \u201cdesalojados\u201d, echados.<a href=\"#_ftn18\" name=\"_ftnref18\">[18]<\/a> \u00bfAcaso no queda claro que lo que condena a la muerte de ni\u00f1as y ni\u00f1os originarios es un modelo de \u201cdesarrollo\u201d, una forma de hacer pol\u00edtica y tambi\u00e9n un modelo m\u00e9dico hegem\u00f3nico clasista y excluyente? No son desgracias, es etnocidio focalizado en los cimientos de lo que buscan eliminar.<\/p>\n<figure id=\"attachment_6740\" aria-describedby=\"caption-attachment-6740\" style=\"width: 526px\" class=\"wp-caption alignnone\"><img loading=\"lazy\" decoding=\"async\" class=\"size-full wp-image-6740\" src=\"http:\/\/ffyh.unc.edu.ar\/alfilo\/wp-content\/uploads\/sites\/11\/2020\/11\/nota-violencia-chaco-1.jpg\" alt=\"\" width=\"526\" height=\"351\" srcset=\"https:\/\/ffyh.unc.edu.ar\/alfilo\/wp-content\/uploads\/sites\/11\/2020\/11\/nota-violencia-chaco-1.jpg 526w, https:\/\/ffyh.unc.edu.ar\/alfilo\/wp-content\/uploads\/sites\/11\/2020\/11\/nota-violencia-chaco-1-300x200.jpg 300w\" sizes=\"auto, (max-width: 526px) 100vw, 526px\" \/><figcaption id=\"caption-attachment-6740\" class=\"wp-caption-text\">Mujer y ni\u00f1os\/as de la comunidad wich\u00ed Yokwespehen de Tartagal (de km. 20 de la ruta 86) desalojados el pasado 21 de octubre. Fuente: De la mano por el mundo, Facebook.<\/figcaption><\/figure>\n<p>A esto debemos sumar que la situaci\u00f3n de las mujeres, ni\u00f1as\/os, adolescentes de las comunidades m\u00e1s cercanas a los centros urbanos como Salvador Mazza, Tartagal y Embarcaci\u00f3n denuncian la venta de drogas (paco, especialmente) y alcohol a menores de edad por parte de personas ajena a las comunidades. En este escenario de creciente violencia urbana entre las comunidades, las ni\u00f1as y las adolescentes originarias son foco de todo tipo de violencia de g\u00e9nero y violaciones perpetradas especialmente por hombres criollos. Las mujeres, ni\u00f1as adolescentes y las infancias originarias (wich\u00eds, chorote, nivakl\u00e9, tobas\/qom, tapiete, guaran\u00ed, chan\u00e9\u2026) est\u00e1n en la primera l\u00ednea de ese fuego arrasador.<\/p>\n<p><strong>Todas las formas de discriminaci\u00f3n <\/strong><\/p>\n<p>Todo esto ocurre a 20 a\u00f1os del lanzamiento oficial en La Haya de la Carta de la Tierra, antecedente mundial sobre el imperativo de generar una sociedad global sostenible fundada en el respeto hacia la naturaleza, los derechos humanos, la justicia econ\u00f3mica y la paz; a 13 a\u00f1os de la sanci\u00f3n de la Ley N\u00ba 26.331 de \u201cPresupuestos\u00a0 M\u00ednimos\u00a0 de\u00a0 Protecci\u00f3n\u00a0 Ambiental de los Bosques Nativos\u00bb (conocida\u00a0 como \u00abLey de Bosques\u00bb) con el prop\u00f3sito de proteger a los ecosistemas a escala nacional; a 10 a\u00f1os del documento TIERRA (Tratado Inter\u00e9tnico para la Refundaci\u00f3n de la Rep\u00fablica Argentina) en d\u00f3nde l\u00edderes de pueblos originarios de la Argentina reunidos en Misi\u00f3n Chaque\u00f1a expresaron, <strong>entre otros puntos fundamentales, <\/strong>la urgente <strong>devoluci\u00f3n efectiva y escritura de sus territorios ancestrales<\/strong><strong>\u00a0<\/strong>y la<strong>\u00a0ampliaci\u00f3n del concepto de memoria verdad y justicia a las naciones ind\u00edgenas.<\/strong><\/p>\n<figure id=\"attachment_6741\" aria-describedby=\"caption-attachment-6741\" style=\"width: 796px\" class=\"wp-caption alignnone\"><img loading=\"lazy\" decoding=\"async\" class=\"size-full wp-image-6741\" src=\"http:\/\/ffyh.unc.edu.ar\/alfilo\/wp-content\/uploads\/sites\/11\/2020\/11\/nota-violencia-chaco-2.jpg\" alt=\"\" width=\"796\" height=\"524\" srcset=\"https:\/\/ffyh.unc.edu.ar\/alfilo\/wp-content\/uploads\/sites\/11\/2020\/11\/nota-violencia-chaco-2.jpg 796w, https:\/\/ffyh.unc.edu.ar\/alfilo\/wp-content\/uploads\/sites\/11\/2020\/11\/nota-violencia-chaco-2-300x197.jpg 300w, https:\/\/ffyh.unc.edu.ar\/alfilo\/wp-content\/uploads\/sites\/11\/2020\/11\/nota-violencia-chaco-2-768x506.jpg 768w, https:\/\/ffyh.unc.edu.ar\/alfilo\/wp-content\/uploads\/sites\/11\/2020\/11\/nota-violencia-chaco-2-600x395.jpg 600w\" sizes=\"auto, (max-width: 796px) 100vw, 796px\" \/><figcaption id=\"caption-attachment-6741\" class=\"wp-caption-text\">Mujeres y ni\u00f1os en el hospital Juan Domingo Per\u00f3n de Tartagal. Fuente: P\u00e1gina 12.<\/figcaption><\/figure>\n<p>Se\u00f1ala Diana Lenton que el genocidio no es apenas un accidente hist\u00f3rico, es un factor que de trasfondo opera sistem\u00e1tica y extensivamente en la pol\u00edtica respecto a lo ind\u00edgena. Y la pol\u00edtica (aunque de perogrullo) no se limita a un castillo jur\u00eddico, ni a su corte y ni a sus cortesanos que la violan sistem\u00e1ticamente. El racismo de las instituciones del estado es extrema violencia pol\u00edtica. Pero tambi\u00e9n es pol\u00edtica la lucha colectiva de las comunidades originarias que contrarrestan lo anterior. \u00bfC\u00f3mo explicar el hiato entre los avances en el plano formal del derecho, en las experiencias sociales de lucha y la realidad aqu\u00ed descripta?<\/p>\n<p>M\u00e1s all\u00e1 de las expresiones de buena voluntad de algunos funcionarios del gobierno nacional, no se puede soslayar que el unitarismo dominante en la pol\u00edtica de nuestro pa\u00eds afecta de lleno en estas realidades de tierra adentro. Al igual que las respuestas a la pandemia del Covid-19, todo se concentra en el AMBA. Y cuando las realidades provinciales estallan, no hay respuestas, como si all\u00ed s\u00f3lo fuera jurisdicci\u00f3n de los gobiernos locales y provinciales.<\/p>\n<p>\u00bfPueblos Ind\u00edgenas en Salta? S\u00f3lo habr\u00eda en las monta\u00f1as, en los Valles Calchaqu\u00edes. Apenas si son \u201cvistos\u201d cuando asociados al \u201cpaisaje y al turismo\u201d. A su modo, Salta es tambi\u00e9n unitaria; s\u00f3lo fueron materia de inter\u00e9s pol\u00edtico los territorios del Valle de Lerma hacia el oeste. El Chaco es tierra de \u201cmiseria\u201d, \u201cind\u00f3mita\u201d, abandonada a la buena suerte de los se\u00f1ores de las haciendas, de los ingenios y del peor clientelismo pol\u00edtico. Para con los pueblos originarios del chaco salte\u00f1o el sentido com\u00fan expresa las adjetivaciones m\u00e1s violentas que se puedan imaginar; \u201cvagos\u201d y \u201cariscos\u201d son variaciones de antiguos r\u00f3tulos como \u201csalvajes\u201d y \u201cbrutales\u201d.<\/p>\n<p>La acostumbrada criminalizaci\u00f3n de la protesta en una regi\u00f3n en la que naci\u00f3 \u201cel piquete\u201d, se acent\u00fao en los \u00faltimos meses con la polic\u00eda en las calles custodiando el aislamiento social preventivo y obligatorio. El mismo 12 de octubre el cacique de la comunidad Carboncito fue detenido por la polic\u00eda y privado de su libertad sin causa conocida.<a href=\"#_ftn19\" name=\"_ftnref19\">[19]<\/a> En Aguaray, tambi\u00e9n hace pocos d\u00edas, se inici\u00f3 una causa judicial a miembros de la comunidad wich\u00ed por reclamar acceso al agua potable.<a href=\"#_ftn20\" name=\"_ftnref20\">[20]<\/a> La inseguridad jur\u00eddica de las comunidades originarias es absoluta. La provincia no aplica ninguna medida de interacci\u00f3n pluriling\u00fce. Lo mismo sucede en las instituciones sanitarias. Lejos de sentirse alg\u00fan esbozo de reacci\u00f3n para mitigar la ausencia de ese puente tan elemental para la comunicaci\u00f3n y el entendimiento, los funcionarios parecen reaccionar con profunda irritaci\u00f3n ante costumbres no aggiornadas a lo que exige la modernidad capitalista. Todas las relaciones \u201cde arriba hacia abajo\u201d se ti\u00f1en luego de un racismo rabioso. La cura de ese mal compete a todos, pero muy especialmente a quienes detentan alguna cuota de poder.<\/p>\n<figure id=\"attachment_6742\" aria-describedby=\"caption-attachment-6742\" style=\"width: 1040px\" class=\"wp-caption alignnone\"><img loading=\"lazy\" decoding=\"async\" class=\"size-full wp-image-6742\" src=\"http:\/\/ffyh.unc.edu.ar\/alfilo\/wp-content\/uploads\/sites\/11\/2020\/11\/nota-violencia-chaco-3.jpg\" alt=\"\" width=\"1040\" height=\"780\" srcset=\"https:\/\/ffyh.unc.edu.ar\/alfilo\/wp-content\/uploads\/sites\/11\/2020\/11\/nota-violencia-chaco-3.jpg 1040w, https:\/\/ffyh.unc.edu.ar\/alfilo\/wp-content\/uploads\/sites\/11\/2020\/11\/nota-violencia-chaco-3-300x225.jpg 300w, https:\/\/ffyh.unc.edu.ar\/alfilo\/wp-content\/uploads\/sites\/11\/2020\/11\/nota-violencia-chaco-3-1024x768.jpg 1024w, https:\/\/ffyh.unc.edu.ar\/alfilo\/wp-content\/uploads\/sites\/11\/2020\/11\/nota-violencia-chaco-3-768x576.jpg 768w, https:\/\/ffyh.unc.edu.ar\/alfilo\/wp-content\/uploads\/sites\/11\/2020\/11\/nota-violencia-chaco-3-600x450.jpg 600w, https:\/\/ffyh.unc.edu.ar\/alfilo\/wp-content\/uploads\/sites\/11\/2020\/11\/nota-violencia-chaco-3-678x509.jpg 678w, https:\/\/ffyh.unc.edu.ar\/alfilo\/wp-content\/uploads\/sites\/11\/2020\/11\/nota-violencia-chaco-3-326x245.jpg 326w, https:\/\/ffyh.unc.edu.ar\/alfilo\/wp-content\/uploads\/sites\/11\/2020\/11\/nota-violencia-chaco-3-80x60.jpg 80w\" sizes=\"auto, (max-width: 1040px) 100vw, 1040px\" \/><figcaption id=\"caption-attachment-6742\" class=\"wp-caption-text\">Miembros de la comunidad Misi\u00f3n Chaque\u00f1a. Fuente: Misi\u00f3n Chaque\u00f1a<\/figcaption><\/figure>\n<p>Las comunidades originarias dejan una y otra vez muy clara su posici\u00f3n. Pasan los presidentes, los gobernadores, intendentes, legisladores y aunque todos dicen \u201cayudar\u201d, el auxilio no llega y cuando lo hace, tambi\u00e9n carga la mala fe del racismo: un pozo de agua hecho en un lugar err\u00f3neo, una avioneta que no aterriza para entregar alimentos y los lanza desde el aire. Pero las comunidades originarias no quieren un Estado tutelar, no quieren que apenas se los \u201cayude\u201d. Sus cosmolog\u00edas sustentan un admirable esp\u00edritu de grandeza que les permite ir a fondo: reclamar que las autoridades y la sociedad reconozcan su pre-existencia al Estado-Naci\u00f3n, que restituyan sus tierras, que se respete su derecho a la autodeterminaci\u00f3n y que se valore la diversidad cultural que encarnan. Para hacer frente a ese horrendo escenario, exigen una <strong>MESA DE DI\u00c1LOGO<\/strong>, con garant\u00edas jur\u00eddicas, int\u00e9rpretes y traductores biling\u00fces, especialistas en Derechos Humanos Ind\u00edgenas, antrop\u00f3logas\/os (que conozcan el terreno y que sean refrendados por las comunidades originarias). \u00bfEs mucho? \u00bfTan dif\u00edcil tarea tendr\u00edan que encarar las autoridades pol\u00edticas de turno?<\/p>\n<p style=\"text-align: right\"><strong>Por Mariana Espinosa<\/strong><br \/>\nAntrop\u00f3loga y soci\u00f3loga.<br \/>\nInvestigadora del CONICET en el IDACOR y profesora del Departamento de Antropolog\u00eda de la Facultad de Filosof\u00eda y Humanidades.<\/p>\n<hr \/>\n<p><a href=\"#_ftnref1\" name=\"_ftn1\">[1]<\/a> El art\u00edculo 75 inciso 17 de la Constituci\u00f3n Nacional establece que corresponde al Congreso: \u201cReconocer la preexistencia \u00e9tnica y cultural de los pueblos ind\u00edgenas argentinos; Garantizar el respeto a su identidad y el derecho a una educaci\u00f3n biling\u00fce e intercultural. Reconocer la personer\u00eda jur\u00eddica de sus comunidades y la posesi\u00f3n y propiedad comunitarias de las tierras que tradicionalmente ocupan; Regular la entrega de otras aptas y suficientes para el desarrollo humano; Ninguna de ellas ser\u00e1 enajenable, transmisible ni susceptible de grav\u00e1menes o embargos. Por \u00faltimo, el nuevo marco supone asegurar la participaci\u00f3n de los pueblos en la gesti\u00f3n referida a sus recursos naturales y dem\u00e1s intereses que los afecten, m\u00e1s all\u00e1 de las provincias pueden ejercer concurrentemente estas atribuciones\u201d. <a href=\"https:\/\/www.argentina.gob.ar\/noticias\/la-constitucion-nacional-incorpora-el-articulo-75-inc-17\" target=\"_blank\" rel=\"noopener noreferrer\">https:\/\/www.argentina.gob.ar\/noticias\/la-constitucion-nacional-incorpora-el-articulo-75-inc-17<\/a>.<\/p>\n<p><a href=\"#_ftnref2\" name=\"_ftn2\">[2]<\/a> Entre 1970 y 1990 se realizaron tres declaraciones (de Barbados) que articularon hist\u00f3ricas demandas por el reconocimiento y la inclusi\u00f3n de todas las poblaciones ind\u00edgenas de Am\u00e9rica Latina. Su repercusi\u00f3n fue mundial e implic\u00f3 un antes y un despu\u00e9s en la historia de la demanda de derechos de los Pueblos Originarios.<\/p>\n<p><a href=\"#_ftnref3\" name=\"_ftn3\">[3]<\/a> Quien quiera aproximarse a algunos de los centenares de estudios que la antropolog\u00eda ha realizado sobre el conocimiento de las culturas del Gran Chaco, invitamos a leer el dossier organizado por Rodrigo Montani que ser\u00e1 publicado en enero de 2021 en la <em>Revista del Museo de Antropolog\u00eda<\/em>n\u00ba 13 (3).<\/p>\n<p><a href=\"#_ftnref4\" name=\"_ftn4\">[4]<\/a> Sobre etnohistoria del periodo colonial puede consultarse trabajos de Ana Mar\u00eda Lorandi, Silvia Palomeque, Raquel Gil Montero, entre otras y otros. Sobre relaci\u00f3n de tierras bajas y tierras altas en el siglo XIX y principios del XX se recomienda especialmente la obra de Ana Teruel.<\/p>\n<p><a href=\"#_ftnref5\" name=\"_ftn5\">[5]<\/a> Sobre los enclaves econ\u00f3micos y sus efectos sobre las poblaciones ind\u00edgenas, v\u00e9ase C\u00f3rdoba L. Bossert F. Richard, N. (Eds) <em>Capitalismo en las selvas. Enclaves industriales en el Chaco y Amazon\u00eda (1850-1950)<\/em>, San Pedro de Atacama: Ediciones del Desierto.<\/p>\n<p><a href=\"#_ftnref6\" name=\"_ftn6\">[6]<\/a> Sobre misiones en la regi\u00f3n chaque\u00f1a v\u00e9ase En Ceriani Cernadas, C. (Dir) <em>Los evangelios chaque\u00f1os. Misiones y estrategias ind\u00edgenas en el siglo xx<\/em>, Buenos Aires: Editorial Rumbo Sur.<\/p>\n<p><a href=\"#_ftnref7\" name=\"_ftn7\">[7]<\/a><a href=\"https:\/\/www.pagina12.com.ar\/299039-salta-es-la-segunda-provincia-con-mas-deforestacion\">https:\/\/www.pagina12.com.ar\/299039-salta-es-la-segunda-provincia-con-mas-deforestacion<\/a><\/p>\n<p><a href=\"#_ftnref8\" name=\"_ftn8\">[8]<\/a><a href=\"https:\/\/www.pagina12.com.ar\/300392-la-provincia-quito-las-audiencias-publicas-para-tala-y-desmo\">https:\/\/www.pagina12.com.ar\/300392-la-provincia-quito-las-audiencias-publicas-para-tala-y-desmo<\/a>). Y http:\/\/www.fiscalespenalesalta.gob.ar\/la-demanda-millonaria-contra-karlen-por-desmonte-ilegal-ingreso-en-una-etapa-decisiva\/<\/p>\n<p><a href=\"#_ftnref9\" name=\"_ftn9\">[9]<\/a> <a href=\"http:\/\/www.cuarto.com.ar\/al-servicio-del-patron-la-policia-de-salta-recibe-dinero-para-cuidar-los-desmontes-en-las-comunidades\/\" target=\"_blank\" rel=\"noopener noreferrer\">http:\/\/www.cuarto.com.ar\/al-servicio-del-patron-la-policia-de-salta-recibe-dinero-para-cuidar-los-desmontes-en-las-comunidades\/<\/a><\/p>\n<p><a href=\"#_ftnref10\" name=\"_ftn10\">[10]<\/a> <a href=\"https:\/\/www.anred.org\/2020\/09\/16\/salta-desalojan-a-comunidad-guarani-90-familias-a-la-calle\/\">https:\/\/www.anred.org\/2020\/09\/16\/salta-desalojan-a-comunidad-guarani-90-familias-a-la-calle\/<\/a><\/p>\n<p><a href=\"#_ftnref11\" name=\"_ftn11\">[11]<\/a> <a href=\"https:\/\/eltinterodesalta.com\/index.php\/2020\/10\/30\/desalojaron-violentamente-de-su-territorio-ancestral-a-la-comunidad-yokwespehen\/\">https:\/\/eltinterodesalta.com\/index.php\/2020\/10\/30\/desalojaron-violentamente-de-su-territorio-ancestral-a-la-comunidad-yokwespehen\/<\/a><\/p>\n<p><a href=\"#_ftnref12\" name=\"_ftn12\">[12]<\/a> <a href=\"https:\/\/www.pagina12.com.ar\/303042-otra-notificacion-a-wichis-para-desocupar-una-isla-de-monte\">https:\/\/www.pagina12.com.ar\/303042-otra-notificacion-a-wichis-para-desocupar-una-isla-de-monte<\/a><\/p>\n<p><a href=\"#_ftnref13\" name=\"_ftn13\">[13]<\/a> \u00a0<a href=\"https:\/\/layapasalta.com.ar\/2020\/10\/27\/comunidades-de-rivadavia-solicitan-agua-ya-que-aseguran-que-no-tienen-acceso-a-los-tres-pozos-que-realizo-el-gobierno\/\">https:\/\/layapasalta.com.ar\/2020\/10\/27\/comunidades-de-rivadavia-solicitan-agua-ya-que-aseguran-que-no-tienen-acceso-a-los-tres-pozos-que-realizo-el-gobierno\/<\/a><\/p>\n<p><a href=\"#_ftnref14\" name=\"_ftn14\">[14]<\/a> <a href=\"http:\/\/www.cuarto.com.ar\/tartagal-las-comunidades-deben-comprar-el-agua-para-soportar-el-calor-y-la-sequia\/ y https:\/\/www.pagina12.com.ar\/302497-comunidades-indigenas-pagan-hasta-3-mil-pesos-para-tener-agu\">http:\/\/www.cuarto.com.ar\/tartagal-las-comunidades-deben-comprar-el-agua-para-soportar-el-calor-y-la-sequia\/ y https:\/\/www.pagina12.com.ar\/302497-comunidades-indigenas-pagan-hasta-3-mil-pesos-para-tener-agu<\/a><\/p>\n<p><a href=\"#_ftnref15\" name=\"_ftn15\">[15]<\/a> <a href=\"https:\/\/www.pagina12.com.ar\/289803-denuncian-que-fallecio-una-joven-wichi-por-deficiencia-en-la\">https:\/\/www.pagina12.com.ar\/289803-denuncian-que-fallecio-una-joven-wichi-por-deficiencia-en-la<\/a><\/p>\n<p><a href=\"#_ftnref16\" name=\"_ftn16\">[16]<\/a> <a href=\"https:\/\/www.pagina12.com.ar\/251850-las-mujeres-wichi-y-su-salud-en-riesgo\">https:\/\/www.pagina12.com.ar\/251850-las-mujeres-wichi-y-su-salud-en-riesgo<\/a><\/p>\n<p><a href=\"#_ftnref17\" name=\"_ftn17\">[17]<\/a> Acci\u00f3n Declarativa de Certeza presentada por Gast\u00f3n Harispe y Omar Segovia.<\/p>\n<p><a href=\"#_ftnref18\" name=\"_ftn18\">[18]<\/a> Sobre esta denuncia v\u00e9ase el video: <a href=\"https:\/\/www.youtube.com\/watch?v=jOxf58_t4iQ\">https:\/\/www.youtube.com\/watch?v=jOxf58_t4iQ<\/a><\/p>\n<p><a href=\"#_ftnref19\" name=\"_ftn19\">[19]<\/a> <a href=\"http:\/\/www.cuarto.com.ar\/feliz-12-de-octubre-la-policia-de-salta-detuvo-al-cacique-de-la-comunidad-wichi-mision-carboncito\/\">http:\/\/www.cuarto.com.ar\/feliz-12-de-octubre-la-policia-de-salta-detuvo-al-cacique-de-la-comunidad-wichi-mision-carboncito\/<\/a><\/p>\n<p><a href=\"#_ftnref20\" name=\"_ftn20\">[20]<\/a> <a href=\"http:\/\/infopais.com.ar\/salta-inician-causa-judicial-a-indigenas-que-reclaman-por-el-acceso-al-agua-potable\/\" target=\"_blank\" rel=\"noopener noreferrer\">http:\/\/infopais.com.ar\/salta-inician-causa-judicial-a-indigenas-que-reclaman-por-el-acceso-al-agua-potable\/<\/a><\/p>\n","protected":false},"excerpt":{"rendered":"<div class=\"mh-excerpt\"><p>En este informe, Mariana Espinosa, investigadora del CONICET en el IDACOR y profesora del Departamento de Antropolog\u00eda de la Facultad de Filosof\u00eda y Humanidades, relata la situaci\u00f3n de violencia y desamparo del Estado que viven los pueblos originarios del Chaco <a class=\"mh-excerpt-more\" href=\"https:\/\/ffyh.unc.edu.ar\/alfilo\/violencia-en-el-chaco-salteno-notas-criticas-sobre-la-situacion-de-los-pueblos-originarios\/\" title=\"Violencia en el Chaco Salte\u00f1o. Notas cr\u00edticas sobre la situaci\u00f3n de los Pueblos Originarios\">[Leer m\u00e1s]<\/a><\/p>\n<\/div>","protected":false},"author":2,"featured_media":6733,"comment_status":"closed","ping_status":"closed","sticky":false,"template":"","format":"standard","meta":{"_acf_changed":false,"_monsterinsights_skip_tracking":false,"_monsterinsights_sitenote_active":false,"_monsterinsights_sitenote_note":"","_monsterinsights_sitenote_category":0,"_jetpack_memberships_contains_paid_content":false,"footnotes":""},"categories":[271],"tags":[48,58,150],"class_list":["post-6729","post","type-post","status-publish","format-standard","has-post-thumbnail","hentry","category-271","tag-antropologia","tag-derechos-humanos","tag-pueblos-originarios"],"acf":[],"yoast_head":"<!-- This site is optimized with the Yoast SEO plugin v27.1.1 - https:\/\/yoast.com\/product\/yoast-seo-wordpress\/ -->\n<title>Violencia en el Chaco Salte\u00f1o. Notas cr\u00edticas sobre la situaci\u00f3n de los Pueblos Originarios - Alfilo<\/title>\n<meta name=\"robots\" content=\"index, follow, max-snippet:-1, max-image-preview:large, max-video-preview:-1\" \/>\n<link rel=\"canonical\" href=\"https:\/\/ffyh.unc.edu.ar\/alfilo\/violencia-en-el-chaco-salteno-notas-criticas-sobre-la-situacion-de-los-pueblos-originarios\/\" \/>\n<meta property=\"og:locale\" content=\"es_ES\" \/>\n<meta property=\"og:type\" content=\"article\" \/>\n<meta property=\"og:title\" content=\"Violencia en el Chaco Salte\u00f1o. Notas cr\u00edticas sobre la situaci\u00f3n de los Pueblos Originarios - Alfilo\" \/>\n<meta property=\"og:description\" content=\"En este informe, Mariana Espinosa, investigadora del CONICET en el IDACOR y profesora del Departamento de Antropolog\u00eda de la Facultad de Filosof\u00eda y Humanidades, relata la situaci\u00f3n de violencia y desamparo del Estado que viven los pueblos originarios del Chaco [Leer m\u00e1s]\" \/>\n<meta property=\"og:url\" content=\"https:\/\/ffyh.unc.edu.ar\/alfilo\/violencia-en-el-chaco-salteno-notas-criticas-sobre-la-situacion-de-los-pueblos-originarios\/\" \/>\n<meta property=\"og:site_name\" content=\"Alfilo\" \/>\n<meta property=\"article:publisher\" content=\"https:\/\/www.facebook.com\/ffyh.unc\/\" \/>\n<meta property=\"article:published_time\" content=\"2020-11-12T20:58:15+00:00\" \/>\n<meta property=\"article:modified_time\" content=\"2023-06-08T17:04:44+00:00\" \/>\n<meta property=\"og:image\" content=\"http:\/\/ffyh.unc.edu.ar\/alfilo\/wp-content\/uploads\/sites\/11\/2020\/11\/nota-violencia-chaco.jpg\" \/>\n\t<meta property=\"og:image:width\" content=\"1096\" \/>\n\t<meta property=\"og:image:height\" content=\"584\" \/>\n\t<meta property=\"og:image:type\" content=\"image\/jpeg\" \/>\n<meta name=\"author\" content=\"\u00c1rea de Comunicaci\u00f3n - FFyH\" \/>\n<meta name=\"twitter:card\" content=\"summary_large_image\" \/>\n<meta name=\"twitter:creator\" content=\"@ffyh_unc\" \/>\n<meta name=\"twitter:site\" content=\"@ffyh_unc\" \/>\n<meta name=\"twitter:label1\" content=\"Escrito por\" \/>\n\t<meta name=\"twitter:data1\" content=\"\" \/>\n\t<meta name=\"twitter:label2\" content=\"Tiempo de lectura\" \/>\n\t<meta name=\"twitter:data2\" content=\"20 minutos\" \/>\n<script type=\"application\/ld+json\" class=\"yoast-schema-graph\">{\"@context\":\"https:\/\/schema.org\",\"@graph\":[{\"@type\":\"Article\",\"@id\":\"https:\/\/ffyh.unc.edu.ar\/alfilo\/violencia-en-el-chaco-salteno-notas-criticas-sobre-la-situacion-de-los-pueblos-originarios\/#article\",\"isPartOf\":{\"@id\":\"https:\/\/ffyh.unc.edu.ar\/alfilo\/violencia-en-el-chaco-salteno-notas-criticas-sobre-la-situacion-de-los-pueblos-originarios\/\"},\"author\":{\"name\":\"\u00c1rea de Comunicaci\u00f3n - FFyH\",\"@id\":\"https:\/\/ffyh.unc.edu.ar\/alfilo\/#\/schema\/person\/e6b9f6aec95cb7437bb2fde09e23b224\"},\"headline\":\"Violencia en el Chaco Salte\u00f1o. Notas cr\u00edticas sobre la situaci\u00f3n de los Pueblos Originarios\",\"datePublished\":\"2020-11-12T20:58:15+00:00\",\"dateModified\":\"2023-06-08T17:04:44+00:00\",\"mainEntityOfPage\":{\"@id\":\"https:\/\/ffyh.unc.edu.ar\/alfilo\/violencia-en-el-chaco-salteno-notas-criticas-sobre-la-situacion-de-los-pueblos-originarios\/\"},\"wordCount\":4001,\"publisher\":{\"@id\":\"https:\/\/ffyh.unc.edu.ar\/alfilo\/#organization\"},\"image\":{\"@id\":\"https:\/\/ffyh.unc.edu.ar\/alfilo\/violencia-en-el-chaco-salteno-notas-criticas-sobre-la-situacion-de-los-pueblos-originarios\/#primaryimage\"},\"thumbnailUrl\":\"https:\/\/ffyh.unc.edu.ar\/alfilo\/wp-content\/uploads\/sites\/11\/2020\/11\/nota-violencia-chaco.jpg\",\"keywords\":[\"Antropolog\u00eda\",\"Derechos Humanos\",\"Pueblos originarios\"],\"articleSection\":[\"88\"],\"inLanguage\":\"es\"},{\"@type\":\"WebPage\",\"@id\":\"https:\/\/ffyh.unc.edu.ar\/alfilo\/violencia-en-el-chaco-salteno-notas-criticas-sobre-la-situacion-de-los-pueblos-originarios\/\",\"url\":\"https:\/\/ffyh.unc.edu.ar\/alfilo\/violencia-en-el-chaco-salteno-notas-criticas-sobre-la-situacion-de-los-pueblos-originarios\/\",\"name\":\"Violencia en el Chaco Salte\u00f1o. Notas cr\u00edticas sobre la situaci\u00f3n de los Pueblos Originarios - Alfilo\",\"isPartOf\":{\"@id\":\"https:\/\/ffyh.unc.edu.ar\/alfilo\/#website\"},\"primaryImageOfPage\":{\"@id\":\"https:\/\/ffyh.unc.edu.ar\/alfilo\/violencia-en-el-chaco-salteno-notas-criticas-sobre-la-situacion-de-los-pueblos-originarios\/#primaryimage\"},\"image\":{\"@id\":\"https:\/\/ffyh.unc.edu.ar\/alfilo\/violencia-en-el-chaco-salteno-notas-criticas-sobre-la-situacion-de-los-pueblos-originarios\/#primaryimage\"},\"thumbnailUrl\":\"https:\/\/ffyh.unc.edu.ar\/alfilo\/wp-content\/uploads\/sites\/11\/2020\/11\/nota-violencia-chaco.jpg\",\"datePublished\":\"2020-11-12T20:58:15+00:00\",\"dateModified\":\"2023-06-08T17:04:44+00:00\",\"breadcrumb\":{\"@id\":\"https:\/\/ffyh.unc.edu.ar\/alfilo\/violencia-en-el-chaco-salteno-notas-criticas-sobre-la-situacion-de-los-pueblos-originarios\/#breadcrumb\"},\"inLanguage\":\"es\",\"potentialAction\":[{\"@type\":\"ReadAction\",\"target\":[\"https:\/\/ffyh.unc.edu.ar\/alfilo\/violencia-en-el-chaco-salteno-notas-criticas-sobre-la-situacion-de-los-pueblos-originarios\/\"]}]},{\"@type\":\"ImageObject\",\"inLanguage\":\"es\",\"@id\":\"https:\/\/ffyh.unc.edu.ar\/alfilo\/violencia-en-el-chaco-salteno-notas-criticas-sobre-la-situacion-de-los-pueblos-originarios\/#primaryimage\",\"url\":\"https:\/\/ffyh.unc.edu.ar\/alfilo\/wp-content\/uploads\/sites\/11\/2020\/11\/nota-violencia-chaco.jpg\",\"contentUrl\":\"https:\/\/ffyh.unc.edu.ar\/alfilo\/wp-content\/uploads\/sites\/11\/2020\/11\/nota-violencia-chaco.jpg\",\"width\":1096,\"height\":584,\"caption\":\"Comunidad wich\u00ed Yokwespehen de Tartagal (ruta 86, km. 20) desalojada el 21 de octubre. Fuente: P\u00e1gina de facebook \u201cDe la mano por el mundo\u201d.\"},{\"@type\":\"BreadcrumbList\",\"@id\":\"https:\/\/ffyh.unc.edu.ar\/alfilo\/violencia-en-el-chaco-salteno-notas-criticas-sobre-la-situacion-de-los-pueblos-originarios\/#breadcrumb\",\"itemListElement\":[{\"@type\":\"ListItem\",\"position\":1,\"name\":\"Portada\",\"item\":\"https:\/\/ffyh.unc.edu.ar\/alfilo\/\"},{\"@type\":\"ListItem\",\"position\":2,\"name\":\"Violencia en el Chaco Salte\u00f1o. Notas cr\u00edticas sobre la situaci\u00f3n de los Pueblos Originarios\"}]},{\"@type\":\"WebSite\",\"@id\":\"https:\/\/ffyh.unc.edu.ar\/alfilo\/#website\",\"url\":\"https:\/\/ffyh.unc.edu.ar\/alfilo\/\",\"name\":\"Alfilo\",\"description\":\"Revista digital de la Facultad de Filosof\u00eda y Humanidades - Universidad Nacional de C\u00f3rdoba\",\"publisher\":{\"@id\":\"https:\/\/ffyh.unc.edu.ar\/alfilo\/#organization\"},\"potentialAction\":[{\"@type\":\"SearchAction\",\"target\":{\"@type\":\"EntryPoint\",\"urlTemplate\":\"https:\/\/ffyh.unc.edu.ar\/alfilo\/?s={search_term_string}\"},\"query-input\":{\"@type\":\"PropertyValueSpecification\",\"valueRequired\":true,\"valueName\":\"search_term_string\"}}],\"inLanguage\":\"es\"},{\"@type\":\"Organization\",\"@id\":\"https:\/\/ffyh.unc.edu.ar\/alfilo\/#organization\",\"name\":\"Alfilo | Revista digital de la Facultad de Filosof\u00eda y Humanidades | UNC\",\"url\":\"https:\/\/ffyh.unc.edu.ar\/alfilo\/\",\"logo\":{\"@type\":\"ImageObject\",\"inLanguage\":\"es\",\"@id\":\"https:\/\/ffyh.unc.edu.ar\/alfilo\/#\/schema\/logo\/image\/\",\"url\":\"https:\/\/ffyh.unc.edu.ar\/alfilo\/wp-content\/uploads\/sites\/11\/2015\/04\/banner-alfilo-2015-ico.jpg\",\"contentUrl\":\"https:\/\/ffyh.unc.edu.ar\/alfilo\/wp-content\/uploads\/sites\/11\/2015\/04\/banner-alfilo-2015-ico.jpg\",\"width\":253,\"height\":128,\"caption\":\"Alfilo | Revista digital de la Facultad de Filosof\u00eda y Humanidades | UNC\"},\"image\":{\"@id\":\"https:\/\/ffyh.unc.edu.ar\/alfilo\/#\/schema\/logo\/image\/\"},\"sameAs\":[\"https:\/\/www.facebook.com\/ffyh.unc\/\",\"https:\/\/x.com\/ffyh_unc\",\"https:\/\/www.instagram.com\/ffyhunc\/\",\"https:\/\/www.youtube.com\/user\/comunicacionfilo\"]},{\"@type\":\"Person\",\"@id\":\"https:\/\/ffyh.unc.edu.ar\/alfilo\/#\/schema\/person\/e6b9f6aec95cb7437bb2fde09e23b224\",\"name\":\"\u00c1rea de Comunicaci\u00f3n - FFyH\",\"image\":{\"@type\":\"ImageObject\",\"inLanguage\":\"es\",\"@id\":\"https:\/\/ffyh.unc.edu.ar\/alfilo\/#\/schema\/person\/image\/\",\"url\":\"https:\/\/secure.gravatar.com\/avatar\/1d896d10b19526e4cb6e972ca0f1b6719a4697e2d88742a801b88b3682d5be75?s=96&d=mm&r=g\",\"contentUrl\":\"https:\/\/secure.gravatar.com\/avatar\/1d896d10b19526e4cb6e972ca0f1b6719a4697e2d88742a801b88b3682d5be75?s=96&d=mm&r=g\",\"caption\":\"\u00c1rea de Comunicaci\u00f3n - FFyH\"},\"url\":\"https:\/\/ffyh.unc.edu.ar\/alfilo\/author\/prensa\/\"}]}<\/script>\n<!-- \/ Yoast SEO plugin. -->","yoast_head_json":{"title":"Violencia en el Chaco Salte\u00f1o. Notas cr\u00edticas sobre la situaci\u00f3n de los Pueblos Originarios - Alfilo","robots":{"index":"index","follow":"follow","max-snippet":"max-snippet:-1","max-image-preview":"max-image-preview:large","max-video-preview":"max-video-preview:-1"},"canonical":"https:\/\/ffyh.unc.edu.ar\/alfilo\/violencia-en-el-chaco-salteno-notas-criticas-sobre-la-situacion-de-los-pueblos-originarios\/","og_locale":"es_ES","og_type":"article","og_title":"Violencia en el Chaco Salte\u00f1o. Notas cr\u00edticas sobre la situaci\u00f3n de los Pueblos Originarios - Alfilo","og_description":"En este informe, Mariana Espinosa, investigadora del CONICET en el IDACOR y profesora del Departamento de Antropolog\u00eda de la Facultad de Filosof\u00eda y Humanidades, relata la situaci\u00f3n de violencia y desamparo del Estado que viven los pueblos originarios del Chaco [Leer m\u00e1s]","og_url":"https:\/\/ffyh.unc.edu.ar\/alfilo\/violencia-en-el-chaco-salteno-notas-criticas-sobre-la-situacion-de-los-pueblos-originarios\/","og_site_name":"Alfilo","article_publisher":"https:\/\/www.facebook.com\/ffyh.unc\/","article_published_time":"2020-11-12T20:58:15+00:00","article_modified_time":"2023-06-08T17:04:44+00:00","og_image":[{"width":1096,"height":584,"url":"http:\/\/ffyh.unc.edu.ar\/alfilo\/wp-content\/uploads\/sites\/11\/2020\/11\/nota-violencia-chaco.jpg","type":"image\/jpeg"}],"author":"\u00c1rea de Comunicaci\u00f3n - FFyH","twitter_card":"summary_large_image","twitter_creator":"@ffyh_unc","twitter_site":"@ffyh_unc","twitter_misc":{"Escrito por":false,"Tiempo de lectura":"20 minutos"},"schema":{"@context":"https:\/\/schema.org","@graph":[{"@type":"Article","@id":"https:\/\/ffyh.unc.edu.ar\/alfilo\/violencia-en-el-chaco-salteno-notas-criticas-sobre-la-situacion-de-los-pueblos-originarios\/#article","isPartOf":{"@id":"https:\/\/ffyh.unc.edu.ar\/alfilo\/violencia-en-el-chaco-salteno-notas-criticas-sobre-la-situacion-de-los-pueblos-originarios\/"},"author":{"name":"\u00c1rea de Comunicaci\u00f3n - FFyH","@id":"https:\/\/ffyh.unc.edu.ar\/alfilo\/#\/schema\/person\/e6b9f6aec95cb7437bb2fde09e23b224"},"headline":"Violencia en el Chaco Salte\u00f1o. Notas cr\u00edticas sobre la situaci\u00f3n de los Pueblos Originarios","datePublished":"2020-11-12T20:58:15+00:00","dateModified":"2023-06-08T17:04:44+00:00","mainEntityOfPage":{"@id":"https:\/\/ffyh.unc.edu.ar\/alfilo\/violencia-en-el-chaco-salteno-notas-criticas-sobre-la-situacion-de-los-pueblos-originarios\/"},"wordCount":4001,"publisher":{"@id":"https:\/\/ffyh.unc.edu.ar\/alfilo\/#organization"},"image":{"@id":"https:\/\/ffyh.unc.edu.ar\/alfilo\/violencia-en-el-chaco-salteno-notas-criticas-sobre-la-situacion-de-los-pueblos-originarios\/#primaryimage"},"thumbnailUrl":"https:\/\/ffyh.unc.edu.ar\/alfilo\/wp-content\/uploads\/sites\/11\/2020\/11\/nota-violencia-chaco.jpg","keywords":["Antropolog\u00eda","Derechos Humanos","Pueblos originarios"],"articleSection":["88"],"inLanguage":"es"},{"@type":"WebPage","@id":"https:\/\/ffyh.unc.edu.ar\/alfilo\/violencia-en-el-chaco-salteno-notas-criticas-sobre-la-situacion-de-los-pueblos-originarios\/","url":"https:\/\/ffyh.unc.edu.ar\/alfilo\/violencia-en-el-chaco-salteno-notas-criticas-sobre-la-situacion-de-los-pueblos-originarios\/","name":"Violencia en el Chaco Salte\u00f1o. Notas cr\u00edticas sobre la situaci\u00f3n de los Pueblos Originarios - Alfilo","isPartOf":{"@id":"https:\/\/ffyh.unc.edu.ar\/alfilo\/#website"},"primaryImageOfPage":{"@id":"https:\/\/ffyh.unc.edu.ar\/alfilo\/violencia-en-el-chaco-salteno-notas-criticas-sobre-la-situacion-de-los-pueblos-originarios\/#primaryimage"},"image":{"@id":"https:\/\/ffyh.unc.edu.ar\/alfilo\/violencia-en-el-chaco-salteno-notas-criticas-sobre-la-situacion-de-los-pueblos-originarios\/#primaryimage"},"thumbnailUrl":"https:\/\/ffyh.unc.edu.ar\/alfilo\/wp-content\/uploads\/sites\/11\/2020\/11\/nota-violencia-chaco.jpg","datePublished":"2020-11-12T20:58:15+00:00","dateModified":"2023-06-08T17:04:44+00:00","breadcrumb":{"@id":"https:\/\/ffyh.unc.edu.ar\/alfilo\/violencia-en-el-chaco-salteno-notas-criticas-sobre-la-situacion-de-los-pueblos-originarios\/#breadcrumb"},"inLanguage":"es","potentialAction":[{"@type":"ReadAction","target":["https:\/\/ffyh.unc.edu.ar\/alfilo\/violencia-en-el-chaco-salteno-notas-criticas-sobre-la-situacion-de-los-pueblos-originarios\/"]}]},{"@type":"ImageObject","inLanguage":"es","@id":"https:\/\/ffyh.unc.edu.ar\/alfilo\/violencia-en-el-chaco-salteno-notas-criticas-sobre-la-situacion-de-los-pueblos-originarios\/#primaryimage","url":"https:\/\/ffyh.unc.edu.ar\/alfilo\/wp-content\/uploads\/sites\/11\/2020\/11\/nota-violencia-chaco.jpg","contentUrl":"https:\/\/ffyh.unc.edu.ar\/alfilo\/wp-content\/uploads\/sites\/11\/2020\/11\/nota-violencia-chaco.jpg","width":1096,"height":584,"caption":"Comunidad wich\u00ed Yokwespehen de Tartagal (ruta 86, km. 20) desalojada el 21 de octubre. Fuente: P\u00e1gina de facebook \u201cDe la mano por el mundo\u201d."},{"@type":"BreadcrumbList","@id":"https:\/\/ffyh.unc.edu.ar\/alfilo\/violencia-en-el-chaco-salteno-notas-criticas-sobre-la-situacion-de-los-pueblos-originarios\/#breadcrumb","itemListElement":[{"@type":"ListItem","position":1,"name":"Portada","item":"https:\/\/ffyh.unc.edu.ar\/alfilo\/"},{"@type":"ListItem","position":2,"name":"Violencia en el Chaco Salte\u00f1o. Notas cr\u00edticas sobre la situaci\u00f3n de los Pueblos Originarios"}]},{"@type":"WebSite","@id":"https:\/\/ffyh.unc.edu.ar\/alfilo\/#website","url":"https:\/\/ffyh.unc.edu.ar\/alfilo\/","name":"Alfilo","description":"Revista digital de la Facultad de Filosof\u00eda y Humanidades - Universidad Nacional de C\u00f3rdoba","publisher":{"@id":"https:\/\/ffyh.unc.edu.ar\/alfilo\/#organization"},"potentialAction":[{"@type":"SearchAction","target":{"@type":"EntryPoint","urlTemplate":"https:\/\/ffyh.unc.edu.ar\/alfilo\/?s={search_term_string}"},"query-input":{"@type":"PropertyValueSpecification","valueRequired":true,"valueName":"search_term_string"}}],"inLanguage":"es"},{"@type":"Organization","@id":"https:\/\/ffyh.unc.edu.ar\/alfilo\/#organization","name":"Alfilo | Revista digital de la Facultad de Filosof\u00eda y Humanidades | UNC","url":"https:\/\/ffyh.unc.edu.ar\/alfilo\/","logo":{"@type":"ImageObject","inLanguage":"es","@id":"https:\/\/ffyh.unc.edu.ar\/alfilo\/#\/schema\/logo\/image\/","url":"https:\/\/ffyh.unc.edu.ar\/alfilo\/wp-content\/uploads\/sites\/11\/2015\/04\/banner-alfilo-2015-ico.jpg","contentUrl":"https:\/\/ffyh.unc.edu.ar\/alfilo\/wp-content\/uploads\/sites\/11\/2015\/04\/banner-alfilo-2015-ico.jpg","width":253,"height":128,"caption":"Alfilo | Revista digital de la Facultad de Filosof\u00eda y Humanidades | UNC"},"image":{"@id":"https:\/\/ffyh.unc.edu.ar\/alfilo\/#\/schema\/logo\/image\/"},"sameAs":["https:\/\/www.facebook.com\/ffyh.unc\/","https:\/\/x.com\/ffyh_unc","https:\/\/www.instagram.com\/ffyhunc\/","https:\/\/www.youtube.com\/user\/comunicacionfilo"]},{"@type":"Person","@id":"https:\/\/ffyh.unc.edu.ar\/alfilo\/#\/schema\/person\/e6b9f6aec95cb7437bb2fde09e23b224","name":"\u00c1rea de Comunicaci\u00f3n - FFyH","image":{"@type":"ImageObject","inLanguage":"es","@id":"https:\/\/ffyh.unc.edu.ar\/alfilo\/#\/schema\/person\/image\/","url":"https:\/\/secure.gravatar.com\/avatar\/1d896d10b19526e4cb6e972ca0f1b6719a4697e2d88742a801b88b3682d5be75?s=96&d=mm&r=g","contentUrl":"https:\/\/secure.gravatar.com\/avatar\/1d896d10b19526e4cb6e972ca0f1b6719a4697e2d88742a801b88b3682d5be75?s=96&d=mm&r=g","caption":"\u00c1rea de Comunicaci\u00f3n - FFyH"},"url":"https:\/\/ffyh.unc.edu.ar\/alfilo\/author\/prensa\/"}]}},"jetpack_featured_media_url":"https:\/\/ffyh.unc.edu.ar\/alfilo\/wp-content\/uploads\/sites\/11\/2020\/11\/nota-violencia-chaco.jpg","jetpack_sharing_enabled":true,"_links":{"self":[{"href":"https:\/\/ffyh.unc.edu.ar\/alfilo\/wp-json\/wp\/v2\/posts\/6729","targetHints":{"allow":["GET"]}}],"collection":[{"href":"https:\/\/ffyh.unc.edu.ar\/alfilo\/wp-json\/wp\/v2\/posts"}],"about":[{"href":"https:\/\/ffyh.unc.edu.ar\/alfilo\/wp-json\/wp\/v2\/types\/post"}],"author":[{"embeddable":true,"href":"https:\/\/ffyh.unc.edu.ar\/alfilo\/wp-json\/wp\/v2\/users\/2"}],"replies":[{"embeddable":true,"href":"https:\/\/ffyh.unc.edu.ar\/alfilo\/wp-json\/wp\/v2\/comments?post=6729"}],"version-history":[{"count":2,"href":"https:\/\/ffyh.unc.edu.ar\/alfilo\/wp-json\/wp\/v2\/posts\/6729\/revisions"}],"predecessor-version":[{"id":6744,"href":"https:\/\/ffyh.unc.edu.ar\/alfilo\/wp-json\/wp\/v2\/posts\/6729\/revisions\/6744"}],"wp:featuredmedia":[{"embeddable":true,"href":"https:\/\/ffyh.unc.edu.ar\/alfilo\/wp-json\/wp\/v2\/media\/6733"}],"wp:attachment":[{"href":"https:\/\/ffyh.unc.edu.ar\/alfilo\/wp-json\/wp\/v2\/media?parent=6729"}],"wp:term":[{"taxonomy":"category","embeddable":true,"href":"https:\/\/ffyh.unc.edu.ar\/alfilo\/wp-json\/wp\/v2\/categories?post=6729"},{"taxonomy":"post_tag","embeddable":true,"href":"https:\/\/ffyh.unc.edu.ar\/alfilo\/wp-json\/wp\/v2\/tags?post=6729"}],"curies":[{"name":"wp","href":"https:\/\/api.w.org\/{rel}","templated":true}]}}