{"id":7085,"date":"2021-07-20T14:02:09","date_gmt":"2021-07-20T14:02:09","guid":{"rendered":"https:\/\/ffyh.unc.edu.ar\/alfilo\/?p=7085"},"modified":"2023-06-08T17:15:25","modified_gmt":"2023-06-08T17:15:25","slug":"empoderar-a-las-companeras-con-esta-ley-es-el-gran-desafio","status":"publish","type":"post","link":"https:\/\/ffyh.unc.edu.ar\/alfilo\/empoderar-a-las-companeras-con-esta-ley-es-el-gran-desafio\/","title":{"rendered":"\u201cEmpoderar a las compa\u00f1eras con esta ley es el gran desaf\u00edo\u201d"},"content":{"rendered":"<p><strong><img loading=\"lazy\" decoding=\"async\" class=\"wp-image-7089 alignright\" src=\"http:\/\/ffyh.unc.edu.ar\/alfilo\/wp-content\/uploads\/sites\/11\/2021\/07\/DSC_0177-e1624884825888-1000x500-1.jpg\" alt=\"\" width=\"450\" height=\"225\" srcset=\"https:\/\/ffyh.unc.edu.ar\/alfilo\/wp-content\/uploads\/sites\/11\/2021\/07\/DSC_0177-e1624884825888-1000x500-1.jpg 1000w, https:\/\/ffyh.unc.edu.ar\/alfilo\/wp-content\/uploads\/sites\/11\/2021\/07\/DSC_0177-e1624884825888-1000x500-1-300x150.jpg 300w, https:\/\/ffyh.unc.edu.ar\/alfilo\/wp-content\/uploads\/sites\/11\/2021\/07\/DSC_0177-e1624884825888-1000x500-1-768x384.jpg 768w\" sizes=\"auto, (max-width: 450px) 100vw, 450px\" \/>Convocadas por el \u00c1rea Trans, Travesti y No Binarie de la FFyH, cuatro referentas de distintas provincias, recorridos y experiencias analizan la reciente promulgaci\u00f3n de la Ley de Promoci\u00f3n del Acceso al Empleo Formal para Personas Travestis, Transexuales y Transg\u00e9nero, y comparten los desaf\u00edos para que las conquistas en el plano legal se traduzcan en acciones concretas que mejoren la situaci\u00f3n de personas cuya expectativa de vida hoy es entre 35 y 40 a\u00f1os por la falta de oportunidades y acceso a derechos b\u00e1sicos.<\/strong><\/p>\n<p><!--more--><\/p>\n<p>La <a href=\"https:\/\/agenciapresentes.org\/2021\/07\/07\/se-promulgo-en-argentina-ley-de-cupo-trans-e-inclusion-laboral-diana-sacayan-lohana-berkins\/\" target=\"_blank\" rel=\"noopener\">reciente promulgaci\u00f3n de la Ley de Promoci\u00f3n del Acceso al Empleo Formal para Personas Travestis, Transexuales y Transg\u00e9nero<\/a>, despu\u00e9s de d\u00e9cadas de exclusi\u00f3n, expulsi\u00f3n, violencia y vejaciones sistem\u00e1ticas por parte del Estado y la sociedad, es un paso important\u00edsimo, una conquista enorme de y para una comunidad que cada derecho o mejora ha implicado la superaci\u00f3n de todos los obst\u00e1culos imaginables. Pas\u00f3 con la ley de identidad de g\u00e9nero y <a href=\"https:\/\/agenciapresentes.org\/2021\/06\/24\/la-inclusion-laboral-travesti-trans-es-ley-en-argentina\/\" target=\"_blank\" rel=\"noopener\">ahora con la que reconoce sus derechos laborales<\/a>. \u201cEs una conquista de la poblaci\u00f3n travesti y trans de Argentina, un paso m\u00e1s en la construcci\u00f3n de ciudadan\u00eda y el acceso al trabajo formal es un eje fundamental\u201d, sostiene, convencida, estoica, Ivanna Aguilera, responsable del \u00c1rea Trans, Travesti y No Binarie de la FFyH, coordinadora del conversatorio que reuni\u00f3 a cuatro referentas de la comunidad de distintas provincias argentinas.<\/p>\n<p><strong><em>\u201cTraves\u00edas de la ley de inclusi\u00f3n y cupo laboral trans. \u00bfC\u00f3mo seguir?\u201d<\/em><\/strong> fue el disparador de la actividad, que sirvi\u00f3 para valorar el largu\u00edsimo camino recorrido hasta la sanci\u00f3n de la ley, pero sobre todo para pensar en el no menos complejo desaf\u00edo de hacer que una herramienta legal se traduzca en acciones concretas que mejoren la calidad de vida de quienes han sido siempre lxs excluidxs de lxs excluidxs. \u201cEl acceso al trabajo implica poder proyectarse y embarcarse en un proyecto de vida, en igualdad de condiciones con cualquier ciudadanx. Esta es una ley por la que venimos peleando, militando y guerreando. Es una herramienta important\u00edsima, pero es eso, una herramienta, y la pregunta ahora es c\u00f3mo seguimos, porque ahora tenemos que trabajar para que se implemente y se cumpla\u201d.<\/p>\n<p><iframe loading=\"lazy\" title=\"Traves\u00edas de la ley de inclusi\u00f3n y cupo laboral trans. \u00bfC\u00f3mo seguir?\" width=\"500\" height=\"281\" src=\"https:\/\/www.youtube.com\/embed\/H1opnoUF71g?feature=oembed\" frameborder=\"0\" allow=\"accelerometer; autoplay; clipboard-write; encrypted-media; gyroscope; picture-in-picture; web-share\" referrerpolicy=\"strict-origin-when-cross-origin\" allowfullscreen><\/iframe><\/p>\n<p>Uno de los puntos centrales que plantea la normativa es la incorporaci\u00f3n de un m\u00ednimo del 1% de la poblaci\u00f3n trans y travesti en organismos del Estado nacional, adem\u00e1s de incentivos fiscales y crediticios para que el sector privado se sume tambi\u00e9n a la iniciativa. La inclusi\u00f3n en el Estado nacional no implica que autom\u00e1ticamente eso se traslade a las jurisdicciones provinciales. Al ser Argentina un pa\u00eds federal, cada provincia y municipio debe adherir a la ley nacional con legislaciones y ordenanzas propias, lo que implica tanto una posibilidad como un escollo m\u00e1s a sortear por parte de quienes aspiren al empleo p\u00fablico.<\/p>\n<p>En principio, el mecanismo de incorporaci\u00f3n a la \u00f3rbita nacional es a trav\u00e9s de un registro voluntario, en el cual se deben inscribir lxs interesadxs, que ya recibi\u00f3 m\u00e1s de cuatro mil postulantes. \u201cHoy lo que tenemos con la ley es el arado, ahora hay que sembrar para que lxs que vengan puedan cosechar, para que podamos salir de la calle y nuestra expectativa de vida no sea de 35 o 40 a\u00f1os, como lo es actualmente\u201d, resalta Aguilera, anfitriona de un panel muy representativo: Casandra Sandoval, licenciada en comunicaci\u00f3n social con experiencia comunitaria en Salta y C\u00f3rdoba (actualmente vive en Punilla), Delfina Acosta, tambi\u00e9n comunicadora con inserci\u00f3n en comunidades ind\u00edgenas de Salta, \u00c1ngeles Z\u00fa\u00f1iga, estudiante de abogac\u00eda e impulsora del cupo laboral trans en la provincia y la universidad de La Pampa y Victoria \u201cCuqui\u201d Rodr\u00edguez, delegada del gremio de empleadxs de comercio de Rosario y primera representante sindical trans a nivel nacional. Flavia Dezzutto, decana de la Facultad, tambi\u00e9n acompa\u00f1\u00f3 la actividad.<\/p>\n<p>La primera en tomar la palabra luego de las presentaciones fue Casandra, de larga trayectoria militante y mucho para aportar:<\/p>\n<p><strong>Casandra Sandoval: <\/strong>la ley es como una bisagra que sacude nuestras propias organizaciones. Lleva el nombre de nuestras traviarcas, Lohana Berkins y Diana Sacay\u00e1n, y tiene toda la legitimidad, porque fue masticada, charlada y debatida de la manera m\u00e1s federal posible, todas las voces del colectivo LGTBIQ+, que creo va a cambiar profundamente las vidas de nosotres. Diana y Lohana tuvieron visiones profundas para desatar esos nudos y lograr la ley. Hay que dar una batalla con el Estado, interactuar con los estados, es una batalla cultural. Les activistas tenemos que saber leer esa realidad, hoy tenemos una herramienta, pero ahora viene la reglamentaci\u00f3n, c\u00f3mo cada provincia va a adherir a esta ley es un primer paso fundamental. Esperemos que desde el colectivo LGTBIQ+ no sean espectadorxs, tenemos que dar la disputa y saber ganar en cada localidad. Los datos del registro voluntario hablan de m\u00e1s de 4 mil interesadxs, pero podemos suponer que son m\u00e1s, me parece que nos estamos quedando un poco cortas, hay que revisar eso del 1% y ver c\u00f3mo se van creando trabajos. Los organismos nacionales deben abrir el juego, pero no son los \u00fanicos, porque \u00bfcu\u00e1ntos est\u00e1n en todas las provincias? El decreto del a\u00f1o pasado no habilit\u00f3 a muchxs como esper\u00e1bamos, fue a cuentagotas. Y para cerrar este tema creo que hay que pensar qu\u00e9 hacemos con los municipios que han implementado el cupo. Hay una bibliograf\u00eda que se construye con la pr\u00e1ctica.<\/p>\n<p><strong>Delfina Acosta:<\/strong> yo me encuentro en una comunidad ind\u00edgena y trabajo con j\u00f3venes con consumos problem\u00e1ticos, y en un merendero que cumple 4 a\u00f1os, que se sostiene en base a mujeres y la comunidad. Es desde este lugar que pienso mi trabajo con trans y travestis. Como Casandra, siempre me gust\u00f3 pelearla y ella fue la que machete\u00f3, quit\u00f3 las espinas en este norte que es bastante golpeador. La cosecha es hacer que las compa\u00f1eras puedan ingresar a los municipios. La cosecha es ahora, es hora de ir por lo que se sembr\u00f3 en el norte: trabajar de manera formal o poder darle estas herramientas a las compa\u00f1eras y compa\u00f1eros que viven en las comunidades muy alejadas de la ciudad. Creo que nos hemos dormido un poco estos a\u00f1os y hay que volver a pelear, volver a tejer con otras y otros, con lxs ind\u00edgenas, con otras comunidades, otros espacios, instituciones, ir encontrando rastreos que nos puedan servir. En Salta hay municipios que han ido aprobando, es un camino interesante, en el norte nos hemos metido en los conejos deliberantes a reclamar nuestros derechos. Tenemos mucho para decir y escribir. En la Municipalidad de Or\u00e1n entraron a trabajar compa\u00f1eras, pero no se ha dado en el marco de este proyecto, hay que entender cada letra del proyecto, comunicarlo a los estados y a la sociedad. Los estados est\u00e1n vac\u00edos de estos aprendizajes. Algunos intendentes se abrieron para que ingresemos, pero no se ha dado lo del registro voluntario. Una de las posibilidades que veo es que las provincias y los municipios tomen esto del registro como obligatorio, y que sea accesible, para poder saber qu\u00e9 se hace con esos datos.<\/p>\n<p><strong><img loading=\"lazy\" decoding=\"async\" class=\"alignnone wp-image-7088 size-full\" src=\"http:\/\/ffyh.unc.edu.ar\/alfilo\/wp-content\/uploads\/sites\/11\/2021\/07\/conversatorio-inclusion-trans-travesti-1.jpg\" alt=\"\" width=\"1024\" height=\"528\" srcset=\"https:\/\/ffyh.unc.edu.ar\/alfilo\/wp-content\/uploads\/sites\/11\/2021\/07\/conversatorio-inclusion-trans-travesti-1.jpg 1024w, https:\/\/ffyh.unc.edu.ar\/alfilo\/wp-content\/uploads\/sites\/11\/2021\/07\/conversatorio-inclusion-trans-travesti-1-300x155.jpg 300w, https:\/\/ffyh.unc.edu.ar\/alfilo\/wp-content\/uploads\/sites\/11\/2021\/07\/conversatorio-inclusion-trans-travesti-1-768x396.jpg 768w\" sizes=\"auto, (max-width: 1024px) 100vw, 1024px\" \/><\/strong><\/p>\n<p><strong>Ivana Aguilera:<\/strong> hay que insertarse dentro del sistema, no podemos quedarnos por fuera del sistema, porque si nos quedamos por fuera nos quedamos siempre en la resistencia, pateando el bl\u00edndex. La \u00fanica manera es desde adentro, para poder tener los derechos igualitarios. Queremos trabajar para tener un hogar, salud, jubilaci\u00f3n, educaci\u00f3n, para pensar en tener hijes.<\/p>\n<p><strong>Angeles Z\u00fa\u00f1iga:<\/strong> en La Pampa se logr\u00f3 un concurso por la ordenanza de la ley laboral trans, por el cumplimiento del 1%. Pero todav\u00eda hay un estado que nos mira con desidia, un Estado que nos mira con mucho recelo, todav\u00eda cuesta, ac\u00e1 estamos de una provincia que es muy conservadora o muy pacata, pero la batalla se la vamos a dar igual, con la diferencia que ahora se la vamos a dar con la ley en la mano, vamos a patear puertas con esta herramienta, con un marco normativo que nos permite decirles \u201custedes est\u00e1n obligados a generar empleo para nuestro colectivo\u201d, as\u00ed que creo que el desaf\u00edo es ese repensarnos y tambi\u00e9n apropiarnos de esto, no solamente las travestis, la sociedad en general, porque todos, todas y todes tenemos que velar para que este derecho se cumpla, ejercitar esto de decir yo necesito un empleo, necesito repensarme como sujetx de derecho y que el estado cumpla, por eso hay que mantenernos vigilantes para que no se burocratice como dec\u00eda la compa\u00f1era Delfina, que el derecho llegue a quien le corresponde. En La Pampa estamos esperando la reglamentaci\u00f3n, y en la universidad nacional se hizo efectiva con una compa\u00f1era que est\u00e1 pisando los 40 y no lo pod\u00eda creer. Se les plant\u00f3 y les dijo \u201cno quiero estar en una esquina, necesito un empleo y una oportunidad\u201d, y ahora la van a capacitar, as\u00ed que estamos cosechando estos frutos, de a poquito, pero hay que ir por todo, el momento es ahora, reclamar lo que nos corresponde por derecho.<\/p>\n<p><strong>IA:<\/strong> el primer trabajo es que lxs compa\u00f1erxs se apropien de esto, porque hay quienes no conocen la ley, hay que hacer trabajo fuerte con nuestra poblaci\u00f3n, porque es algo nuestro, porque si no reclamamos nosotrxs, no lo hace nadie. Empoderar a las compa\u00f1eras con esta ley es el gran desaf\u00edo.<\/p>\n<p><strong>Victoria \u00abCuqui\u00bb Rodr\u00edguez:<\/strong> con 25 a\u00f1os soy la primera delegada trans elegida por voto popular a nivel nacional y nosotras, las juventudes trans y travestis, tenemos derecho gracias a las compa\u00f1eras de la primera generaci\u00f3n, que abrieron camino para que nosotrxs sigamos. El colectivo trans y travesti no tiene laburo formal, yo soy parte del 10% que tiene laburo, pero el 90% de mis compa\u00f1eras no tienen laburo formal, no tienen posibilidad de trabajo, la expectativa de vida es de 35 a 40 a\u00f1os y se debe a la falta de posibilidad de trabajo. Sabemos que m\u00e1s del 75 por ciento no terminan sus estudios porque las identidades trans y travestis, cuando somos adolescentes, manifestamos nuestra identidad a nuestra familia y autom\u00e1ticamente la gran mayor\u00eda, m\u00e1s 90 por ciento somos expulsadas de nuestros hogares. Al ser expulsadxs de nuestros hogares somos expulsadxs del \u00e1mbito educativo y autom\u00e1ticamente tambi\u00e9n somos expulsadxs de lo que es la mitad de la salud y autom\u00e1ticamente tambi\u00e9n somos expulsadxs del derecho a la vivienda\u2026, as\u00ed que frente a todo este efecto que atravesamos como identidad trans, es s\u00faper necesaria esta ley recientemente sancionada. Y es necesario decir que esto se logr\u00f3 frente a la lucha colectiva de todo el colectivo de travestis-trans de hace m\u00e1s de seis a\u00f1os, como comentaba Casandra, pero tambi\u00e9n tener en cuenta que se logr\u00f3 con un gobierno popular y nacional, arrancando este derecho en el 2010 con el ley del matrimonio igualitario gracias a N\u00e9stor, seguido gracias a Cristina en el 2012 con la ley de identidad de g\u00e9nero, y actualmente gracias a Alberto por esta ley de cupo travesti- trans, cuando hace ya nueve meses lanz\u00f3 el decreto para otras. Parece un dato menor pero no lo es. En cuatro a\u00f1os de gobierno neoliberal lo \u00fanico que pudimos hacer es resistir. La ampliaci\u00f3n de derechos no es casualidad que surja en un gobierno nacional y popular. El Ministerio de Mujeres, G\u00e9nero y Diversidad es parte de esto, y Santa Fe es la tercera provincia que tiene su ministerio propio.<\/p>\n<p><strong>Flavia Dezzutto<\/strong>: estoy en este conversatorio como Decana pero tambi\u00e9n como militante. Como comunidad pol\u00edtica y educativa hemos intentado llevar esto a la universidad haciendo eje en dos cosas: la primera es que la voz la tengan las personas involucradas en la problem\u00e1tica, Ivanna en el \u00c1rea, y un compa\u00f1ero que es consiliario. La centralidad de qui\u00e9n lleve la voz me parece capital, porque son los que saben, los que viven y c\u00f3mo quieren vivir.<\/p>\n<p>El otro aspecto es c\u00f3mo, si uno tomara como caso testigo, la UNC tiene un margen de autonom\u00eda m\u00e1s que otras \u00e1reas del Estado para generar soluciones y que marquen como un mapa. Lo que se se\u00f1ala de c\u00f3mo seguir, una ley es un marco central, para bien y para mal, hay leyes que son potencialmente de mucho bien y claramente estas que son ben\u00e9ficas lo son cuando son concretizadas por los estados pero asumidas colectivamente. Ah\u00ed me parece que la comunidad trans y travesti y quienes somos asociadxs, c\u00f3mplices en el mejor de los sentidos pol\u00edticos para plantear ese registro colectivo, tanto para espacios institucionales como la instalaci\u00f3n del tema en los lugares que est\u00e9n a nuestro alcance, para aguijonear como un t\u00e1bano el lomo de las instituciones y ablandar lo que es muy peligroso: no s\u00f3lo el conservadurismo, los roles asignados y \u201cpersonas recomendables\u201d, lo peor de todo es mi propia experiencia es la inercia de las instituciones. Y ah\u00ed abro la cancha, la inercia es el conservadurismo t\u00e1cito, por el cual o bien las cosas son puestas en el caj\u00f3n y nunca ejecutadas, o lo hacen de una manera tibia, dando apariencia de que se ha hecho. Creo que tanto la dimensi\u00f3n colectiva como politizar las cuestiones es un punto de partida, no de llegada y eso puede ser \u00fatil para tramar las estrategias pol\u00edticas y las afinidades.<\/p>\n<p><img loading=\"lazy\" decoding=\"async\" class=\"alignnone size-full wp-image-7086\" src=\"http:\/\/ffyh.unc.edu.ar\/alfilo\/wp-content\/uploads\/sites\/11\/2021\/07\/conversatorio-inclusion-trans-travesti-2.jpg\" alt=\"\" width=\"1024\" height=\"681\" srcset=\"https:\/\/ffyh.unc.edu.ar\/alfilo\/wp-content\/uploads\/sites\/11\/2021\/07\/conversatorio-inclusion-trans-travesti-2.jpg 1024w, https:\/\/ffyh.unc.edu.ar\/alfilo\/wp-content\/uploads\/sites\/11\/2021\/07\/conversatorio-inclusion-trans-travesti-2-300x200.jpg 300w, https:\/\/ffyh.unc.edu.ar\/alfilo\/wp-content\/uploads\/sites\/11\/2021\/07\/conversatorio-inclusion-trans-travesti-2-768x511.jpg 768w\" sizes=\"auto, (max-width: 1024px) 100vw, 1024px\" \/><\/p>\n<p><strong>Desaf\u00edos urgentes<\/strong><\/p>\n<p>Del dicho al hecho, o de la ley a la pr\u00e1ctica concreta hay un trecho. Y m\u00e1s para quienes la reman desde abajo, como es la comunidad trans y travesti. Sin lucha pol\u00edtica, callejera, medi\u00e1tica, ser\u00e1 dif\u00edcil transformar las estructuras estatales e institucionales. Y para lograrlo ser\u00e1 decisivo el aporte de cada experiencia, de cada trayectoria militante, que si bien es pol\u00edtica, no debe confundirse con la partidaria a la hora de reclamar y ejercer un derecho.<\/p>\n<p>Sobre este punto coincidieron todas las participantes del conversatorio:<\/p>\n<p><strong>CS: <\/strong>otro hecho es qui\u00e9nes deciden el ingreso de compa\u00f1erxs en los organismos del Estado. Hay un di\u00e1logo pol\u00edtico entre las organizaciones y el Estado, es sano el registro voluntario, pero en el fondo que no sea solo un dibujo, debe ser una herramienta que brinde datos, pero me pregunto qui\u00e9n decide el ingreso y en qu\u00e9 circunstancia.<\/p>\n<p><strong>IA:<\/strong> los registros tienen que ser claros, p\u00fablicos, para que no sean marcados a dedo por organizaciones, por partidos pol\u00edticos, todxs tenemos que poder tener las mismas posibilidades, es continua la lucha, ese es el motor que nos mantiene en carrera. Ac\u00e1 en C\u00f3rdoba hay organizaciones que est\u00e1n digitadas por el gobierno provincial, si no te pones la camiseta te sacan el plan social o el acceso a un bols\u00f3n, es complicado el tema.<\/p>\n<p><strong>DA: <\/strong>hay que discutir pol\u00edticas p\u00fablicas reales y concretas para que los puestos de trabajo no sean digitados por organizaciones ni por militantes ni por partidos pol\u00edticos. Reclamar un derecho es lo que buscamos, tener las mismas posibilidades.<\/p>\n<p><strong>Un mundo nuevo<\/strong><\/p>\n<p>El acceso a un trabajo formal para quienes siempre fueron obligadxs a moverse en la clandestinidad, fuera de la ley, es una conquista por s\u00ed misma. Sin embargo, subir ese escal\u00f3n implica estar preparado para eso. En este sentido, Rodr\u00edguez tiene una experiencia personal para compartir: \u201cSiendo delegada gremial lo primero que se me viene a la cabeza es un acompa\u00f1amiento a la inserci\u00f3n laboral frente a la compa\u00f1era o compa\u00f1ero, es el primer laburo, lo que significa tener una responsabilidad de eso, el convenio colectivo, las licencias que nos corresponden por vacaciones, enfermedades, d\u00edas de estudio, que puedan entender las leyes laborales, la relaci\u00f3n laboral, manejar una tarjeta, lo que es una ART, la representaci\u00f3n sindical, las paritarias, son un abanico de cosas y tenemos que exigir que esta inserci\u00f3n vaya con acompa\u00f1amiento y capacitaci\u00f3n. Que yo haya entrado a donde estoy es parte de la lucha de nuestras organizaciones, por eso muy agradecida por el espacio que me dan todos los compa\u00f1erxs, y por sobre todo por el amor\u201d.<\/p>\n<p><img loading=\"lazy\" decoding=\"async\" class=\"alignnone size-full wp-image-7087\" src=\"http:\/\/ffyh.unc.edu.ar\/alfilo\/wp-content\/uploads\/sites\/11\/2021\/07\/DSC3590Panuelazo_inclusion-trans_24_J_AG-1024x680-1.jpg\" alt=\"\" width=\"1024\" height=\"680\" srcset=\"https:\/\/ffyh.unc.edu.ar\/alfilo\/wp-content\/uploads\/sites\/11\/2021\/07\/DSC3590Panuelazo_inclusion-trans_24_J_AG-1024x680-1.jpg 1024w, https:\/\/ffyh.unc.edu.ar\/alfilo\/wp-content\/uploads\/sites\/11\/2021\/07\/DSC3590Panuelazo_inclusion-trans_24_J_AG-1024x680-1-300x199.jpg 300w, https:\/\/ffyh.unc.edu.ar\/alfilo\/wp-content\/uploads\/sites\/11\/2021\/07\/DSC3590Panuelazo_inclusion-trans_24_J_AG-1024x680-1-768x510.jpg 768w\" sizes=\"auto, (max-width: 1024px) 100vw, 1024px\" \/><\/p>\n<p>Otro de los puntos nodales de la ley, sobre todo pensando en el \u00e1mbito privado, refiere a los fat\u00eddicos y arbitrarios antecedentes penales, que persiguen como un karma a lxs trans y travestis. Sin embargo, como remarcan las participantes del conversatorio, \u201cno es requisito haber terminado nuestros estudios para poder ingresar, ni el hecho de tener antecedentes penales, porque es algo de lo cual su sufrimos desde los 14 a\u00f1os, cuando descubrimos y nosotros nos percibimos travestis y trans\u201d.<\/p>\n<p><strong>CS:<\/strong> me sorprende c\u00f3mo nos cuesta a las organizaciones LGTBIQ+ autoorganizarnos. Estamos alejadas de la participaci\u00f3n y las acciones. La palabra trans sigue siendo ninguneada en C\u00f3rdoba. Por eso insisto en discutir en qu\u00e9 condiciones nos vamos a sumar a trabajar. Muchas lo hacemos en condiciones de precariedad, como es mi caso: trabajo con un contrato del Ministerio de Agricultura que se renueva a a\u00f1o a a\u00f1o, es un hecho terrible, los sindicatos lo denuncian todo lo que pueden, pero hace 15 a\u00f1os que vivo as\u00ed y no puedo acceder a planta permanente.<\/p>\n<p><strong>IA:<\/strong> C\u00f3rdoba es complicado porque seguimos sin voz, nos cuesta mucho, se apuesta mucho a la precarizaci\u00f3n laboral, el gobierno provincial lo hace desde a\u00f1os, con los PPP, los planes sociales para las compa\u00f1eras trans y travestis, que est\u00e1n manejados por organizaciones o partidos pol\u00edticos, las compa\u00f1eras est\u00e1n siendo tuteladas por intereses propios, no para que las compa\u00f1eras se puedan empoderar y ser ciudadanas de primera.<\/p>\n<p>Conquistado lo legal, la batalla es cultural y el papel de los medios de comunicaci\u00f3n es clave. Por experiencia profesional, Casandra lo sabe y padece en carne propia: \u201cNo hay ley de paridad de g\u00e9nero en los medios y creo que somos tremendamente necesarias en los medios, tenemos que estar en la radio, en la tele, en los diarios, construir nuestros propios mensajes. Si no nos metemos en los medios muy probablemente los que son hetero cis van a seguir insult\u00e1ndonos, tenemos que poder decir nuestra voz en los medios.<\/p>\n<p><strong>DA:<\/strong> El desaf\u00edo es repensarnos desde la cosmovisi\u00f3n trans y travestis, porque este mundo est\u00e1 agotado, cansado, hay otro mundo.<\/p>\n<p><strong>AZ:<\/strong> el conservadurismo est\u00e1 enquistado en nuestras estructuras, porque es un sistema que se pens\u00f3 sin nosotras. Como dec\u00eda Ivanna, tenemos que meternos dentro de las estructuras, porque si no vamos a seguir por d\u00e9cadas ninguneadas por el mismo estado. Ya lo remarc\u00f3 Lohana: \u201cla sociedad no ha mejorado, nosotrxs hemos mejorado, nos hemos superado, y hay que cumplir nuestro rol ah\u00ed adentro\u201d.<\/p>\n<p style=\"text-align: right\">Por Camilo Ratti<\/p>\n<hr \/>\n<h1><strong>Una vida militante<\/strong><\/h1>\n<ul>\n<li><strong>Casandra Sandoval<\/strong> estudi\u00f3 comunicaci\u00f3n social en la Universidad Nacional de Salta, pero ejerce el periodismo desde los 18 a\u00f1os. Trabaj\u00f3 desde 1995 en experiencias de radio y acompa\u00f1\u00f3 con su trabajo a mujeres de diferentes pueblos originarios. Particip\u00f3 de la creaci\u00f3n y puesta al aire de la radio comunitaria La Voz Ind\u00edgena, desde donde coordin\u00f3 los talleres de los comunicadores de pueblos originarios. Fue presidenta de Adistar (Asociaci\u00f3n de Diversidad Sexual Tartagal). Tras 15 a\u00f1os de trabajo en la Secretar\u00eda de Agricultura Familiar, en 2018 fue despedida junto a docenas de trabajadoras y trabajadores por el ex ministro Etchevehere y luch\u00f3 y pidi\u00f3 la reincorporaci\u00f3n en C\u00f3rdoba, donde actualmente vive, e integra Radio VillaNos de Carlos Paz. Escribe para la Agencia Sudaca Travestis Lesbianas Gay Bisexuales e Inter, y es columnista en Radio Nacional C\u00f3rdoba. Tambi\u00e9n integra la Red Par por una comunicaci\u00f3n no sexista y es corresponsal de FARCO (Foro Argentino de Radios Comunitarias)<\/li>\n<li><strong>Delfina Acosta<\/strong> es licenciada en comunicaci\u00f3n social, recibida de la Universidad Nacional de Salta regional Tartagal. Forma parte de un equipo de investigaci\u00f3n y es adscripta docente en la misma universidad. Es diplomada en formaci\u00f3n de acompa\u00f1antes comunitarias contra la violencia de g\u00e9nero, y becada por el Programa de Movilidad de Estudiante de la Red Frisco para realizar un intercambio de investigaci\u00f3n en la Universidad Nacional de Chimborazo, Riobamba, Ecuador. Integr\u00f3 la consultor\u00eda que realiz\u00f3 el estudio exploratorio sobre vulneraci\u00f3n y promoci\u00f3n de derechos de poblaci\u00f3n LGBTIQ+, y es militante por los derechos humanos, referentes en la lucha por los derechos de las personas trans-travestis y participante de organizaciones sociales comunitarias y feministas del departamento San Mart\u00edn y Or\u00e1n. Premiada en dos oportunidades: 2018 por su labor en la acci\u00f3n social y mujer destacada en 2021. En la actualidad trabaja en la casa y atenci\u00f3n y acompa\u00f1amiento comunitario dependiente de Sedronar, dentro de la misi\u00f3n San Francisco de Pichanal, encargada de prensa de la Secretar\u00eda de Servicios P\u00fablicos del municipio y primera candidata a concejal de Salta.<\/li>\n<li><strong>Angeles Z\u00fa\u00f1iga<\/strong> es activista travesti, originaria trans, travesti, impulsora del cupo laboral trans en la provincia de La Pampa y en el municipio. Estudiante de abogac\u00eda, impuls\u00f3 el cupo laboral trans en la Universidad Nacional de La Pampa y es columnista en Kermes radio digital. Tambi\u00e9n es integrante de la Convocatoria Federal Trans y Travesti de la Rep\u00fablica Argentina.<\/li>\n<li><strong>\u00a0<\/strong><strong>Victoria \u00abCuqui\u00bb Rodr\u00edguez<\/strong> es delegada gremial del sindicato de empleados de comercio de Rosario, activista y militante trans, primera delegada trans de Argentina elegida en asamblea.<\/li>\n<\/ul>\n","protected":false},"excerpt":{"rendered":"<div class=\"mh-excerpt\"><p>Convocadas por el \u00c1rea Trans, Travesti y No Binarie de la FFyH, cuatro referentas de distintas provincias, recorridos y experiencias analizan la reciente promulgaci\u00f3n de la Ley de Promoci\u00f3n del Acceso al Empleo Formal para Personas Travestis, Transexuales y Transg\u00e9nero, <a class=\"mh-excerpt-more\" href=\"https:\/\/ffyh.unc.edu.ar\/alfilo\/empoderar-a-las-companeras-con-esta-ley-es-el-gran-desafio\/\" title=\"\u201cEmpoderar a las compa\u00f1eras con esta ley es el gran desaf\u00edo\u201d\">[Leer m\u00e1s]<\/a><\/p>\n<\/div>","protected":false},"author":2,"featured_media":7089,"comment_status":"closed","ping_status":"closed","sticky":false,"template":"","format":"standard","meta":{"_acf_changed":false,"_monsterinsights_skip_tracking":false,"_monsterinsights_sitenote_active":false,"_monsterinsights_sitenote_note":"","_monsterinsights_sitenote_category":0,"_jetpack_memberships_contains_paid_content":false,"footnotes":""},"categories":[275],"tags":[],"class_list":["post-7085","post","type-post","status-publish","format-standard","has-post-thumbnail","hentry","category-275"],"acf":[],"yoast_head":"<!-- This site is optimized with the Yoast SEO plugin v27.1.1 - https:\/\/yoast.com\/product\/yoast-seo-wordpress\/ -->\n<title>\u201cEmpoderar a las compa\u00f1eras con esta ley es el gran desaf\u00edo\u201d - Alfilo<\/title>\n<meta name=\"robots\" content=\"index, follow, max-snippet:-1, max-image-preview:large, max-video-preview:-1\" \/>\n<link rel=\"canonical\" href=\"https:\/\/ffyh.unc.edu.ar\/alfilo\/empoderar-a-las-companeras-con-esta-ley-es-el-gran-desafio\/\" \/>\n<meta property=\"og:locale\" content=\"es_ES\" \/>\n<meta property=\"og:type\" content=\"article\" \/>\n<meta property=\"og:title\" content=\"\u201cEmpoderar a las compa\u00f1eras con esta ley es el gran desaf\u00edo\u201d - Alfilo\" \/>\n<meta property=\"og:description\" content=\"Convocadas por el \u00c1rea Trans, Travesti y No Binarie de la FFyH, cuatro referentas de distintas provincias, recorridos y experiencias analizan la reciente promulgaci\u00f3n de la Ley de Promoci\u00f3n del Acceso al Empleo Formal para Personas Travestis, Transexuales y Transg\u00e9nero, [Leer m\u00e1s]\" \/>\n<meta property=\"og:url\" content=\"https:\/\/ffyh.unc.edu.ar\/alfilo\/empoderar-a-las-companeras-con-esta-ley-es-el-gran-desafio\/\" \/>\n<meta property=\"og:site_name\" content=\"Alfilo\" \/>\n<meta property=\"article:publisher\" content=\"https:\/\/www.facebook.com\/ffyh.unc\/\" \/>\n<meta property=\"article:published_time\" content=\"2021-07-20T14:02:09+00:00\" \/>\n<meta property=\"article:modified_time\" content=\"2023-06-08T17:15:25+00:00\" \/>\n<meta property=\"og:image\" content=\"http:\/\/ffyh.unc.edu.ar\/alfilo\/wp-content\/uploads\/sites\/11\/2021\/07\/DSC_0177-e1624884825888-1000x500-1.jpg\" \/>\n\t<meta property=\"og:image:width\" content=\"1000\" \/>\n\t<meta property=\"og:image:height\" content=\"500\" \/>\n\t<meta property=\"og:image:type\" content=\"image\/jpeg\" \/>\n<meta name=\"author\" content=\"\u00c1rea de Comunicaci\u00f3n - FFyH\" \/>\n<meta name=\"twitter:card\" content=\"summary_large_image\" \/>\n<meta name=\"twitter:creator\" content=\"@ffyh_unc\" \/>\n<meta name=\"twitter:site\" content=\"@ffyh_unc\" \/>\n<meta name=\"twitter:label1\" content=\"Escrito por\" \/>\n\t<meta name=\"twitter:data1\" content=\"\" \/>\n\t<meta name=\"twitter:label2\" content=\"Tiempo de lectura\" \/>\n\t<meta name=\"twitter:data2\" content=\"16 minutos\" \/>\n<script type=\"application\/ld+json\" class=\"yoast-schema-graph\">{\"@context\":\"https:\/\/schema.org\",\"@graph\":[{\"@type\":\"Article\",\"@id\":\"https:\/\/ffyh.unc.edu.ar\/alfilo\/empoderar-a-las-companeras-con-esta-ley-es-el-gran-desafio\/#article\",\"isPartOf\":{\"@id\":\"https:\/\/ffyh.unc.edu.ar\/alfilo\/empoderar-a-las-companeras-con-esta-ley-es-el-gran-desafio\/\"},\"author\":{\"name\":\"\u00c1rea de Comunicaci\u00f3n - FFyH\",\"@id\":\"https:\/\/ffyh.unc.edu.ar\/alfilo\/#\/schema\/person\/e6b9f6aec95cb7437bb2fde09e23b224\"},\"headline\":\"\u201cEmpoderar a las compa\u00f1eras con esta ley es el gran desaf\u00edo\u201d\",\"datePublished\":\"2021-07-20T14:02:09+00:00\",\"dateModified\":\"2023-06-08T17:15:25+00:00\",\"mainEntityOfPage\":{\"@id\":\"https:\/\/ffyh.unc.edu.ar\/alfilo\/empoderar-a-las-companeras-con-esta-ley-es-el-gran-desafio\/\"},\"wordCount\":3672,\"publisher\":{\"@id\":\"https:\/\/ffyh.unc.edu.ar\/alfilo\/#organization\"},\"image\":{\"@id\":\"https:\/\/ffyh.unc.edu.ar\/alfilo\/empoderar-a-las-companeras-con-esta-ley-es-el-gran-desafio\/#primaryimage\"},\"thumbnailUrl\":\"https:\/\/ffyh.unc.edu.ar\/alfilo\/wp-content\/uploads\/sites\/11\/2021\/07\/DSC_0177-e1624884825888-1000x500-1.jpg\",\"articleSection\":[\"92\"],\"inLanguage\":\"es\"},{\"@type\":\"WebPage\",\"@id\":\"https:\/\/ffyh.unc.edu.ar\/alfilo\/empoderar-a-las-companeras-con-esta-ley-es-el-gran-desafio\/\",\"url\":\"https:\/\/ffyh.unc.edu.ar\/alfilo\/empoderar-a-las-companeras-con-esta-ley-es-el-gran-desafio\/\",\"name\":\"\u201cEmpoderar a las compa\u00f1eras con esta ley es el gran desaf\u00edo\u201d - Alfilo\",\"isPartOf\":{\"@id\":\"https:\/\/ffyh.unc.edu.ar\/alfilo\/#website\"},\"primaryImageOfPage\":{\"@id\":\"https:\/\/ffyh.unc.edu.ar\/alfilo\/empoderar-a-las-companeras-con-esta-ley-es-el-gran-desafio\/#primaryimage\"},\"image\":{\"@id\":\"https:\/\/ffyh.unc.edu.ar\/alfilo\/empoderar-a-las-companeras-con-esta-ley-es-el-gran-desafio\/#primaryimage\"},\"thumbnailUrl\":\"https:\/\/ffyh.unc.edu.ar\/alfilo\/wp-content\/uploads\/sites\/11\/2021\/07\/DSC_0177-e1624884825888-1000x500-1.jpg\",\"datePublished\":\"2021-07-20T14:02:09+00:00\",\"dateModified\":\"2023-06-08T17:15:25+00:00\",\"breadcrumb\":{\"@id\":\"https:\/\/ffyh.unc.edu.ar\/alfilo\/empoderar-a-las-companeras-con-esta-ley-es-el-gran-desafio\/#breadcrumb\"},\"inLanguage\":\"es\",\"potentialAction\":[{\"@type\":\"ReadAction\",\"target\":[\"https:\/\/ffyh.unc.edu.ar\/alfilo\/empoderar-a-las-companeras-con-esta-ley-es-el-gran-desafio\/\"]}]},{\"@type\":\"ImageObject\",\"inLanguage\":\"es\",\"@id\":\"https:\/\/ffyh.unc.edu.ar\/alfilo\/empoderar-a-las-companeras-con-esta-ley-es-el-gran-desafio\/#primaryimage\",\"url\":\"https:\/\/ffyh.unc.edu.ar\/alfilo\/wp-content\/uploads\/sites\/11\/2021\/07\/DSC_0177-e1624884825888-1000x500-1.jpg\",\"contentUrl\":\"https:\/\/ffyh.unc.edu.ar\/alfilo\/wp-content\/uploads\/sites\/11\/2021\/07\/DSC_0177-e1624884825888-1000x500-1.jpg\",\"width\":1000,\"height\":500},{\"@type\":\"BreadcrumbList\",\"@id\":\"https:\/\/ffyh.unc.edu.ar\/alfilo\/empoderar-a-las-companeras-con-esta-ley-es-el-gran-desafio\/#breadcrumb\",\"itemListElement\":[{\"@type\":\"ListItem\",\"position\":1,\"name\":\"Portada\",\"item\":\"https:\/\/ffyh.unc.edu.ar\/alfilo\/\"},{\"@type\":\"ListItem\",\"position\":2,\"name\":\"\u201cEmpoderar a las compa\u00f1eras con esta ley es el gran desaf\u00edo\u201d\"}]},{\"@type\":\"WebSite\",\"@id\":\"https:\/\/ffyh.unc.edu.ar\/alfilo\/#website\",\"url\":\"https:\/\/ffyh.unc.edu.ar\/alfilo\/\",\"name\":\"Alfilo\",\"description\":\"Revista digital de la Facultad de Filosof\u00eda y Humanidades - Universidad Nacional de C\u00f3rdoba\",\"publisher\":{\"@id\":\"https:\/\/ffyh.unc.edu.ar\/alfilo\/#organization\"},\"potentialAction\":[{\"@type\":\"SearchAction\",\"target\":{\"@type\":\"EntryPoint\",\"urlTemplate\":\"https:\/\/ffyh.unc.edu.ar\/alfilo\/?s={search_term_string}\"},\"query-input\":{\"@type\":\"PropertyValueSpecification\",\"valueRequired\":true,\"valueName\":\"search_term_string\"}}],\"inLanguage\":\"es\"},{\"@type\":\"Organization\",\"@id\":\"https:\/\/ffyh.unc.edu.ar\/alfilo\/#organization\",\"name\":\"Alfilo | Revista digital de la Facultad de Filosof\u00eda y Humanidades | UNC\",\"url\":\"https:\/\/ffyh.unc.edu.ar\/alfilo\/\",\"logo\":{\"@type\":\"ImageObject\",\"inLanguage\":\"es\",\"@id\":\"https:\/\/ffyh.unc.edu.ar\/alfilo\/#\/schema\/logo\/image\/\",\"url\":\"https:\/\/ffyh.unc.edu.ar\/alfilo\/wp-content\/uploads\/sites\/11\/2015\/04\/banner-alfilo-2015-ico.jpg\",\"contentUrl\":\"https:\/\/ffyh.unc.edu.ar\/alfilo\/wp-content\/uploads\/sites\/11\/2015\/04\/banner-alfilo-2015-ico.jpg\",\"width\":253,\"height\":128,\"caption\":\"Alfilo | Revista digital de la Facultad de Filosof\u00eda y Humanidades | UNC\"},\"image\":{\"@id\":\"https:\/\/ffyh.unc.edu.ar\/alfilo\/#\/schema\/logo\/image\/\"},\"sameAs\":[\"https:\/\/www.facebook.com\/ffyh.unc\/\",\"https:\/\/x.com\/ffyh_unc\",\"https:\/\/www.instagram.com\/ffyhunc\/\",\"https:\/\/www.youtube.com\/user\/comunicacionfilo\"]},{\"@type\":\"Person\",\"@id\":\"https:\/\/ffyh.unc.edu.ar\/alfilo\/#\/schema\/person\/e6b9f6aec95cb7437bb2fde09e23b224\",\"name\":\"\u00c1rea de Comunicaci\u00f3n - FFyH\",\"image\":{\"@type\":\"ImageObject\",\"inLanguage\":\"es\",\"@id\":\"https:\/\/ffyh.unc.edu.ar\/alfilo\/#\/schema\/person\/image\/\",\"url\":\"https:\/\/secure.gravatar.com\/avatar\/1d896d10b19526e4cb6e972ca0f1b6719a4697e2d88742a801b88b3682d5be75?s=96&d=mm&r=g\",\"contentUrl\":\"https:\/\/secure.gravatar.com\/avatar\/1d896d10b19526e4cb6e972ca0f1b6719a4697e2d88742a801b88b3682d5be75?s=96&d=mm&r=g\",\"caption\":\"\u00c1rea de Comunicaci\u00f3n - FFyH\"},\"url\":\"https:\/\/ffyh.unc.edu.ar\/alfilo\/author\/prensa\/\"}]}<\/script>\n<!-- \/ Yoast SEO plugin. -->","yoast_head_json":{"title":"\u201cEmpoderar a las compa\u00f1eras con esta ley es el gran desaf\u00edo\u201d - Alfilo","robots":{"index":"index","follow":"follow","max-snippet":"max-snippet:-1","max-image-preview":"max-image-preview:large","max-video-preview":"max-video-preview:-1"},"canonical":"https:\/\/ffyh.unc.edu.ar\/alfilo\/empoderar-a-las-companeras-con-esta-ley-es-el-gran-desafio\/","og_locale":"es_ES","og_type":"article","og_title":"\u201cEmpoderar a las compa\u00f1eras con esta ley es el gran desaf\u00edo\u201d - Alfilo","og_description":"Convocadas por el \u00c1rea Trans, Travesti y No Binarie de la FFyH, cuatro referentas de distintas provincias, recorridos y experiencias analizan la reciente promulgaci\u00f3n de la Ley de Promoci\u00f3n del Acceso al Empleo Formal para Personas Travestis, Transexuales y Transg\u00e9nero, [Leer m\u00e1s]","og_url":"https:\/\/ffyh.unc.edu.ar\/alfilo\/empoderar-a-las-companeras-con-esta-ley-es-el-gran-desafio\/","og_site_name":"Alfilo","article_publisher":"https:\/\/www.facebook.com\/ffyh.unc\/","article_published_time":"2021-07-20T14:02:09+00:00","article_modified_time":"2023-06-08T17:15:25+00:00","og_image":[{"width":1000,"height":500,"url":"http:\/\/ffyh.unc.edu.ar\/alfilo\/wp-content\/uploads\/sites\/11\/2021\/07\/DSC_0177-e1624884825888-1000x500-1.jpg","type":"image\/jpeg"}],"author":"\u00c1rea de Comunicaci\u00f3n - FFyH","twitter_card":"summary_large_image","twitter_creator":"@ffyh_unc","twitter_site":"@ffyh_unc","twitter_misc":{"Escrito por":false,"Tiempo de lectura":"16 minutos"},"schema":{"@context":"https:\/\/schema.org","@graph":[{"@type":"Article","@id":"https:\/\/ffyh.unc.edu.ar\/alfilo\/empoderar-a-las-companeras-con-esta-ley-es-el-gran-desafio\/#article","isPartOf":{"@id":"https:\/\/ffyh.unc.edu.ar\/alfilo\/empoderar-a-las-companeras-con-esta-ley-es-el-gran-desafio\/"},"author":{"name":"\u00c1rea de Comunicaci\u00f3n - FFyH","@id":"https:\/\/ffyh.unc.edu.ar\/alfilo\/#\/schema\/person\/e6b9f6aec95cb7437bb2fde09e23b224"},"headline":"\u201cEmpoderar a las compa\u00f1eras con esta ley es el gran desaf\u00edo\u201d","datePublished":"2021-07-20T14:02:09+00:00","dateModified":"2023-06-08T17:15:25+00:00","mainEntityOfPage":{"@id":"https:\/\/ffyh.unc.edu.ar\/alfilo\/empoderar-a-las-companeras-con-esta-ley-es-el-gran-desafio\/"},"wordCount":3672,"publisher":{"@id":"https:\/\/ffyh.unc.edu.ar\/alfilo\/#organization"},"image":{"@id":"https:\/\/ffyh.unc.edu.ar\/alfilo\/empoderar-a-las-companeras-con-esta-ley-es-el-gran-desafio\/#primaryimage"},"thumbnailUrl":"https:\/\/ffyh.unc.edu.ar\/alfilo\/wp-content\/uploads\/sites\/11\/2021\/07\/DSC_0177-e1624884825888-1000x500-1.jpg","articleSection":["92"],"inLanguage":"es"},{"@type":"WebPage","@id":"https:\/\/ffyh.unc.edu.ar\/alfilo\/empoderar-a-las-companeras-con-esta-ley-es-el-gran-desafio\/","url":"https:\/\/ffyh.unc.edu.ar\/alfilo\/empoderar-a-las-companeras-con-esta-ley-es-el-gran-desafio\/","name":"\u201cEmpoderar a las compa\u00f1eras con esta ley es el gran desaf\u00edo\u201d - Alfilo","isPartOf":{"@id":"https:\/\/ffyh.unc.edu.ar\/alfilo\/#website"},"primaryImageOfPage":{"@id":"https:\/\/ffyh.unc.edu.ar\/alfilo\/empoderar-a-las-companeras-con-esta-ley-es-el-gran-desafio\/#primaryimage"},"image":{"@id":"https:\/\/ffyh.unc.edu.ar\/alfilo\/empoderar-a-las-companeras-con-esta-ley-es-el-gran-desafio\/#primaryimage"},"thumbnailUrl":"https:\/\/ffyh.unc.edu.ar\/alfilo\/wp-content\/uploads\/sites\/11\/2021\/07\/DSC_0177-e1624884825888-1000x500-1.jpg","datePublished":"2021-07-20T14:02:09+00:00","dateModified":"2023-06-08T17:15:25+00:00","breadcrumb":{"@id":"https:\/\/ffyh.unc.edu.ar\/alfilo\/empoderar-a-las-companeras-con-esta-ley-es-el-gran-desafio\/#breadcrumb"},"inLanguage":"es","potentialAction":[{"@type":"ReadAction","target":["https:\/\/ffyh.unc.edu.ar\/alfilo\/empoderar-a-las-companeras-con-esta-ley-es-el-gran-desafio\/"]}]},{"@type":"ImageObject","inLanguage":"es","@id":"https:\/\/ffyh.unc.edu.ar\/alfilo\/empoderar-a-las-companeras-con-esta-ley-es-el-gran-desafio\/#primaryimage","url":"https:\/\/ffyh.unc.edu.ar\/alfilo\/wp-content\/uploads\/sites\/11\/2021\/07\/DSC_0177-e1624884825888-1000x500-1.jpg","contentUrl":"https:\/\/ffyh.unc.edu.ar\/alfilo\/wp-content\/uploads\/sites\/11\/2021\/07\/DSC_0177-e1624884825888-1000x500-1.jpg","width":1000,"height":500},{"@type":"BreadcrumbList","@id":"https:\/\/ffyh.unc.edu.ar\/alfilo\/empoderar-a-las-companeras-con-esta-ley-es-el-gran-desafio\/#breadcrumb","itemListElement":[{"@type":"ListItem","position":1,"name":"Portada","item":"https:\/\/ffyh.unc.edu.ar\/alfilo\/"},{"@type":"ListItem","position":2,"name":"\u201cEmpoderar a las compa\u00f1eras con esta ley es el gran desaf\u00edo\u201d"}]},{"@type":"WebSite","@id":"https:\/\/ffyh.unc.edu.ar\/alfilo\/#website","url":"https:\/\/ffyh.unc.edu.ar\/alfilo\/","name":"Alfilo","description":"Revista digital de la Facultad de Filosof\u00eda y Humanidades - Universidad Nacional de C\u00f3rdoba","publisher":{"@id":"https:\/\/ffyh.unc.edu.ar\/alfilo\/#organization"},"potentialAction":[{"@type":"SearchAction","target":{"@type":"EntryPoint","urlTemplate":"https:\/\/ffyh.unc.edu.ar\/alfilo\/?s={search_term_string}"},"query-input":{"@type":"PropertyValueSpecification","valueRequired":true,"valueName":"search_term_string"}}],"inLanguage":"es"},{"@type":"Organization","@id":"https:\/\/ffyh.unc.edu.ar\/alfilo\/#organization","name":"Alfilo | Revista digital de la Facultad de Filosof\u00eda y Humanidades | UNC","url":"https:\/\/ffyh.unc.edu.ar\/alfilo\/","logo":{"@type":"ImageObject","inLanguage":"es","@id":"https:\/\/ffyh.unc.edu.ar\/alfilo\/#\/schema\/logo\/image\/","url":"https:\/\/ffyh.unc.edu.ar\/alfilo\/wp-content\/uploads\/sites\/11\/2015\/04\/banner-alfilo-2015-ico.jpg","contentUrl":"https:\/\/ffyh.unc.edu.ar\/alfilo\/wp-content\/uploads\/sites\/11\/2015\/04\/banner-alfilo-2015-ico.jpg","width":253,"height":128,"caption":"Alfilo | Revista digital de la Facultad de Filosof\u00eda y Humanidades | UNC"},"image":{"@id":"https:\/\/ffyh.unc.edu.ar\/alfilo\/#\/schema\/logo\/image\/"},"sameAs":["https:\/\/www.facebook.com\/ffyh.unc\/","https:\/\/x.com\/ffyh_unc","https:\/\/www.instagram.com\/ffyhunc\/","https:\/\/www.youtube.com\/user\/comunicacionfilo"]},{"@type":"Person","@id":"https:\/\/ffyh.unc.edu.ar\/alfilo\/#\/schema\/person\/e6b9f6aec95cb7437bb2fde09e23b224","name":"\u00c1rea de Comunicaci\u00f3n - FFyH","image":{"@type":"ImageObject","inLanguage":"es","@id":"https:\/\/ffyh.unc.edu.ar\/alfilo\/#\/schema\/person\/image\/","url":"https:\/\/secure.gravatar.com\/avatar\/1d896d10b19526e4cb6e972ca0f1b6719a4697e2d88742a801b88b3682d5be75?s=96&d=mm&r=g","contentUrl":"https:\/\/secure.gravatar.com\/avatar\/1d896d10b19526e4cb6e972ca0f1b6719a4697e2d88742a801b88b3682d5be75?s=96&d=mm&r=g","caption":"\u00c1rea de Comunicaci\u00f3n - FFyH"},"url":"https:\/\/ffyh.unc.edu.ar\/alfilo\/author\/prensa\/"}]}},"jetpack_featured_media_url":"https:\/\/ffyh.unc.edu.ar\/alfilo\/wp-content\/uploads\/sites\/11\/2021\/07\/DSC_0177-e1624884825888-1000x500-1.jpg","jetpack_sharing_enabled":true,"_links":{"self":[{"href":"https:\/\/ffyh.unc.edu.ar\/alfilo\/wp-json\/wp\/v2\/posts\/7085","targetHints":{"allow":["GET"]}}],"collection":[{"href":"https:\/\/ffyh.unc.edu.ar\/alfilo\/wp-json\/wp\/v2\/posts"}],"about":[{"href":"https:\/\/ffyh.unc.edu.ar\/alfilo\/wp-json\/wp\/v2\/types\/post"}],"author":[{"embeddable":true,"href":"https:\/\/ffyh.unc.edu.ar\/alfilo\/wp-json\/wp\/v2\/users\/2"}],"replies":[{"embeddable":true,"href":"https:\/\/ffyh.unc.edu.ar\/alfilo\/wp-json\/wp\/v2\/comments?post=7085"}],"version-history":[{"count":4,"href":"https:\/\/ffyh.unc.edu.ar\/alfilo\/wp-json\/wp\/v2\/posts\/7085\/revisions"}],"predecessor-version":[{"id":7094,"href":"https:\/\/ffyh.unc.edu.ar\/alfilo\/wp-json\/wp\/v2\/posts\/7085\/revisions\/7094"}],"wp:featuredmedia":[{"embeddable":true,"href":"https:\/\/ffyh.unc.edu.ar\/alfilo\/wp-json\/wp\/v2\/media\/7089"}],"wp:attachment":[{"href":"https:\/\/ffyh.unc.edu.ar\/alfilo\/wp-json\/wp\/v2\/media?parent=7085"}],"wp:term":[{"taxonomy":"category","embeddable":true,"href":"https:\/\/ffyh.unc.edu.ar\/alfilo\/wp-json\/wp\/v2\/categories?post=7085"},{"taxonomy":"post_tag","embeddable":true,"href":"https:\/\/ffyh.unc.edu.ar\/alfilo\/wp-json\/wp\/v2\/tags?post=7085"}],"curies":[{"name":"wp","href":"https:\/\/api.w.org\/{rel}","templated":true}]}}