{"id":7531,"date":"2022-08-23T13:24:35","date_gmt":"2022-08-23T13:24:35","guid":{"rendered":"https:\/\/ffyh.unc.edu.ar\/alfilo\/?p=7531"},"modified":"2023-06-08T17:21:48","modified_gmt":"2023-06-08T17:21:48","slug":"re-memorar-trelew-la-violencia-represiva-estatal-antes-y-despues-del-22-de-agosto-de-1972","status":"publish","type":"post","link":"https:\/\/ffyh.unc.edu.ar\/alfilo\/re-memorar-trelew-la-violencia-represiva-estatal-antes-y-despues-del-22-de-agosto-de-1972\/","title":{"rendered":"Re-memorar Trelew: la violencia represiva estatal, antes y despu\u00e9s del 22 de agosto de 1972"},"content":{"rendered":"<p style=\"text-align: right\">Por <strong>Leandro Inchauspe<\/strong> |<br \/>\nDocente de la Escuela de Historia &#8211; FFyH\/UNC.<\/p>\n<p>El 15 de agosto de 1972, Argentina atravesaba una dictadura que prohib\u00eda la actividad pol\u00edtica, sindical y manten\u00eda, luego de 17 a\u00f1os, la proscripci\u00f3n del peronismo. Ese d\u00eda, un numeroso grupo de presos pol\u00edticos, en su mayor\u00eda militantes guerrilleros, copaban el penal de Rawson, donde se encontraban cerca de doscientos detenidos por razones pol\u00edticas, gremiales, estudiantiles y sociales. El audaz operativo deb\u00eda completarse con la fuga de m\u00e1s de un centenar de presos en veh\u00edculos y camiones en manos del grupo militante que operaba fuera del penal, para abordar luego un avi\u00f3n de l\u00ednea previamente copado y desviado al aeropuerto de Trelew, con la intenci\u00f3n de escapar al Chile gobernado entonces por el socialista Salvador Allende.<\/p>\n<p><!--more--><\/p>\n<p>Sin embargo, un error en la comunicaci\u00f3n deriv\u00f3 en el retiro de los veh\u00edculos, la salida exitosa de los primeros grupos, aunque solo el primero &#8211; integrado por los principales dirigentes &#8211; Mario Roberto Santucho, Domingo Menna, Enrique Gorriar\u00e1n Merlo, del Ej\u00e9rcito Revolucionario del Pueblo; Roberto Quieto, Marcos Osatinsky, de las Fuerzas Armadas Revolucionarias y Fernando Vaca Narvaja, de Montoneros &#8211; llegar\u00e1 a abordar el avi\u00f3n. Pero un grupo de 19 no alcanz\u00f3 a hacerlo, se atrincheraron en el aeropuerto donde brindaron una conferencia de prensa, convocaron a periodistas y funcionarios judiciales, intentando negociar condiciones de rendici\u00f3n que les garantizaran mantenerse con vida. Pese a ello, en lugar de ser devueltos al penal, fueron trasladados a la base aeronaval Almirante Zar, dependiente de la Armada. En la madrugada del 22 fueron ametrallados, perdiendo la vida Carlos Astudillo, Rub\u00e9n Pedro Bonnet, Eduardo Capello, Mario Emilio Delfino, Alfredo Kohon, Susana Lesgart, Jos\u00e9 Ricardo Mena, Clarisa Lea Place, Miguel \u00c1ngel Polti, Mariano Pujadas, Carlos Alberto del Rey, Mar\u00eda Ang\u00e9lica Sabelli, Humberto Su\u00e1rez, Humberto Toschi, Alejandro Ulla y Ana Mar\u00eda Villarreal de Santucho. Lograron sobrevivir Alberto Miguel Camps (asesinado en un enfrentamiento con fuerzas represivas en 1977), Mar\u00eda Antonia Berger (desaparecida en 1979) y Ricardo Ren\u00e9 Haidar (desaparecido en 1982).<\/p>\n<p><img loading=\"lazy\" decoding=\"async\" class=\"alignnone size-full wp-image-7532\" src=\"http:\/\/ffyh.unc.edu.ar\/alfilo\/wp-content\/uploads\/sites\/11\/2022\/08\/trelew-50-anios-scaled.jpg\" alt=\"\" width=\"2560\" height=\"1032\" srcset=\"https:\/\/ffyh.unc.edu.ar\/alfilo\/wp-content\/uploads\/sites\/11\/2022\/08\/trelew-50-anios-scaled.jpg 2560w, https:\/\/ffyh.unc.edu.ar\/alfilo\/wp-content\/uploads\/sites\/11\/2022\/08\/trelew-50-anios-300x121.jpg 300w, https:\/\/ffyh.unc.edu.ar\/alfilo\/wp-content\/uploads\/sites\/11\/2022\/08\/trelew-50-anios-1024x413.jpg 1024w, https:\/\/ffyh.unc.edu.ar\/alfilo\/wp-content\/uploads\/sites\/11\/2022\/08\/trelew-50-anios-768x310.jpg 768w, https:\/\/ffyh.unc.edu.ar\/alfilo\/wp-content\/uploads\/sites\/11\/2022\/08\/trelew-50-anios-1536x619.jpg 1536w, https:\/\/ffyh.unc.edu.ar\/alfilo\/wp-content\/uploads\/sites\/11\/2022\/08\/trelew-50-anios-2048x826.jpg 2048w\" sizes=\"auto, (max-width: 2560px) 100vw, 2560px\" \/><\/p>\n<p>La repercusi\u00f3n en C\u00f3rdoba fue muy importante. Desde el d\u00eda 16 el tema se instala y una gran cantidad de \u201cbombas molotov y de estruendo\u201d explotaban en residencias de oficiales de las fuerzas armadas, centros de suboficiales retirados, c\u00edrculos de suboficiales de aeron\u00e1utica, entre otros espacios representativos de la dictadura. La CGT Regional C\u00f3rdoba responsabiliza en un comunicado, \u201cal gobierno y a las Fuerzas Armadas por la integridad f\u00edsica de los presos (\u2026) entre ellos el propio secretario adjunto de esta CGT, compa\u00f1ero Agust\u00edn Tosco\u201d (1)<\/p>\n<p>Cuando se conoc\u00edan m\u00e1s precisiones, se difundi\u00f3 que uno de los fugados, Domingo Menna, de 25 a\u00f1os, estudiante, estaba a disposici\u00f3n del Juzgado Federal n\u00famero 1 de la Provincia de C\u00f3rdoba, luego de haber sido detenido en nuestra ciudad a comienzos de 1971. No era el \u00fanico con una fuerte vinculaci\u00f3n con C\u00f3rdoba: los militantes de las FAR Carlos Astudillo, Alberto Miguel Camps, Alfredo Kohon, y la sobreviviente Mar\u00eda Antonia Berger y el montonero Mariano Pujadas, eran oriundos de, y\/o hab\u00edan sido detenidos en C\u00f3rdoba. As\u00ed como los integrantes del ERP, Santucho, Gorriaran Merlo, Toschi y Ulla, detenidos el 30 de agosto de 1971 cerca del club Atenas; Ana Mar\u00eda Villarreal de Santucho y Domingo Menna, tambi\u00e9n detenidos en esta ciudad, y Miguel Angel Polti, nacido en Morteros, hermano de uno de los primeros ca\u00eddos de esa organizaci\u00f3n en nuestro \u00e1mbito, a fines de 1970.<\/p>\n<p>La tensi\u00f3n lleg\u00f3 a su pico m\u00e1ximo cuando se anunci\u00f3, con grandes titulares, \u201cDiecinueve guerrilleros fueron protagonistas de un sangriento intento de evasi\u00f3n en Trelew\u201d.<\/p>\n<p>La respuesta en el mismo d\u00eda en que se conoc\u00eda la tr\u00e1gica noticia de los fusilamientos fue contundente; se produjeron tomas por parte de estudiantes y trabajadores del Hospital de Cl\u00ednicas, el Comedor Universitario y la Facultad de Arquitectura, de barricadas en Belgrano y 27 de abril. Al d\u00eda siguiente, se tomaron extremas medidas de seguridad por parte de las autoridades, que no alcanzaron para impedir la continuidad de los incidentes en Camino a San Antonio (cerca de Ciudad Universitaria), tomas del Cl\u00ednicas y el Hospital Rawson, y actos rel\u00e1mpagos en la zona c\u00e9ntrica, donde se arrojaron bombas molotov y se enfrentaba a la polic\u00eda. Por su parte, la CGT ofrec\u00eda su sede para velar a los cordobeses muertos, declar\u00f3 un paro por dos horas ese mismo d\u00eda en repudio al accionar de las Fuerzas Armadas y lanz\u00f3 la convocatoria a un acto p\u00fablico y un paro de 14 horas para el 25. Un d\u00eda antes, el 24, se trasladaron a esta ciudad los restos de los guerrilleros asesinados: Astudillo, Pujadas, Toschi, Lesgart, Polti y Kohon. La r\u00e9plica gubernamental fue clausurar la central sindical y detener a los dirigentes, lo que junto a la intensidad de las medidas represivas en los d\u00edas siguientes terminaron por aplacar, violentamente, la movilizaci\u00f3n popular, sin por ello lograr impedir el \u00e9xito del paro del viernes 25.<\/p>\n<p>Es notable c\u00f3mo a partir de este hecho, los diarios silenciaron las referencias a las organizaciones armadas en sus cr\u00f3nicas. Eufemismos como organizaci\u00f3n, grupo o agrupaci\u00f3n extremista, comenzaban a emplearse sin distinguir ya entre diferentes organizaciones armadas.<\/p>\n<p><img loading=\"lazy\" decoding=\"async\" class=\"alignnone size-full wp-image-7533\" src=\"http:\/\/ffyh.unc.edu.ar\/alfilo\/wp-content\/uploads\/sites\/11\/2022\/08\/img400.jpg\" alt=\"\" width=\"1215\" height=\"832\" srcset=\"https:\/\/ffyh.unc.edu.ar\/alfilo\/wp-content\/uploads\/sites\/11\/2022\/08\/img400.jpg 1215w, https:\/\/ffyh.unc.edu.ar\/alfilo\/wp-content\/uploads\/sites\/11\/2022\/08\/img400-300x205.jpg 300w, https:\/\/ffyh.unc.edu.ar\/alfilo\/wp-content\/uploads\/sites\/11\/2022\/08\/img400-1024x701.jpg 1024w, https:\/\/ffyh.unc.edu.ar\/alfilo\/wp-content\/uploads\/sites\/11\/2022\/08\/img400-768x526.jpg 768w\" sizes=\"auto, (max-width: 1215px) 100vw, 1215px\" \/><\/p>\n<p>No se trat\u00f3, por supuesto, del primero ni el \u00faltimo caso de matanza estatal de disidentes pol\u00edticos. Tomando el inicio del siglo pasado, en 1909 se produjo la Semana Roja en Plaza Loria (Buenos Aires) donde hubo 14 obreros muertos y 80 heridos por la polic\u00eda; en 1919 la Semana Tr\u00e1gica, iniciada en los talleres Vasena con el saldo de 700 muertos y 4000 heridos. En 1920-1922, los hechos de la Patagonia Tr\u00e1gica, donde hubo entre 1000 y 1500 obreros asesinados; y casi en los mismos a\u00f1os la violencia del ej\u00e9rcito contra las huelgas de los trabajadores de los obrajes quebracheros de La Forestal en Chaco y Santa Fe. En 1924, la masacre de Napalp\u00ed en Chaco (recientemente juzgada) donde 500 ind\u00edgenas fueron asesinados. M\u00e1s avanzado el siglo, en junio de 1955, en un intento de golpe contra el gobierno constitucional de Juan Domingo Per\u00f3n, se produjo el bombardeo a Plaza de Mayo con 308 muertos, y en el a\u00f1o 1956 los fusilamientos de civiles y militares peronistas en Jos\u00e9 Le\u00f3n Suarez, dejando el saldo de 33 muertos, genialmente inmortalizados por Rodolfo Walsh en su investigaci\u00f3n <strong><em>Operaci\u00f3n Masacre<\/em><\/strong>.<\/p>\n<p>M\u00e1s cerca del hecho que estamos rememorando est\u00e1 el Plan Conintes, por el cual el gobierno de Arturo Frondizi (1958-1962) respond\u00eda a las huelgas del movimiento obrero peronista aplicando la disciplina militar a los trabajadores en conflicto. Fue en 1962 cuando se produjo la probablemente primera \u2018desaparici\u00f3n\u2019 de un militante: Felipe Vallese, de la Juventud Peronista, muerto en la tortura policial y su cad\u00e1ver desaparecido para borrar evidencias.<\/p>\n<p>Luego, desde el 28 de junio de 1966, la dictadura del general Ongan\u00eda, la primera planificada bajo la inspiraci\u00f3n de la Doctrina de la Seguridad Nacional para convertir a los ej\u00e9rcitos latinoamericanos en gendarmes internos de la Guerra Fr\u00eda librada contra el comunismo, produc\u00eda a manos de la polic\u00eda de C\u00f3rdoba el asesinato del obrero y estudiante Santiago Pampill\u00f3n frente a Cinerama, el 12 de septiembre de ese a\u00f1o. Solo por mencionar los casos m\u00e1s resonantes, seguir\u00edan la obrera de la zafra tucumana, Hilda Guerrero de Molina, un a\u00f1o despu\u00e9s, el estudiante Juan Jos\u00e9 Cabral en Corrientes, Adolfo Ram\u00f3n Bello en Rosario, y el obrero mec\u00e1nico M\u00e1ximo Mena, nuevamente en nuestra ciudad, en lo que ser\u00eda el inicio de las jornadas del Cordobazo, en mayo del 69.<\/p>\n<p>Ser\u00e1 precisamente a partir de aquella jornada de lucha popular, combinada con la aparici\u00f3n de las grandes organizaciones guerrilleras que disputan el monopolio de la fuerza con el Estado, el momento en el cual aparece un cambio cualitativo de importancia en la represi\u00f3n estatal. Hasta entonces, las desapariciones eran intentos de esconder las evidencias de casos de muertes en la tortura policial o militar, pero a comienzos de los 70 aparece la metodolog\u00eda que ser\u00e1 llevada hasta el paroxismo a partir del 24 de marzo de 1976: secuestrar para asesinar, extrayendo previamente informaci\u00f3n mediante la tortura, para alimentar el ciclo represivo. El historiador Roberto Pittaluga se\u00f1ala que los hechos de Trelew mostraban ya innovaciones en las formas represivas: el fusilamiento se realiza a la vista, no en descampados como en Jos\u00e9 Le\u00f3n Suarez, en una instituci\u00f3n estatal como lo es un cuartel militar.<\/p>\n<p>No nos detendremos en el sistem\u00e1tico asesinato de militantes populares que llev\u00f3 a cabo el terror de Estado de la \u00faltima dictadura, cuyo pico se dio durante los a\u00f1os 1976 y 1977 y se extendi\u00f3 hasta 1979; aqu\u00ed interesa mencionar que tambi\u00e9n se defendi\u00f3 con la represi\u00f3n y el asesinato oficial cuando la presi\u00f3n de la movilizaci\u00f3n popular comenz\u00f3 a jaquearla: un muerto por balas policiales en Mendoza durante el paro con movilizaci\u00f3n de la CGT el 30 de marzo de 1982 (pocos d\u00edas antes de Malvinas), el asesinato del trabajador Dalmiro Flores en la masiva movilizaci\u00f3n multipartidaria y multisectorial del 16 de diciembre del mismo a\u00f1o, los asesinatos de los dirigentes montoneros Ra\u00fal Clemente Yaguer en abril de 1983 y de Osvaldo Cambiasso y Eduardo Pereyra Rosi en mayo de ese a\u00f1o.<\/p>\n<p>Como sabemos, la democracia tampoco signific\u00f3 el final del asesinato pol\u00edtico estatal. Dan cuenta de ello los 14 muertos (no hay confirmaci\u00f3n oficial del n\u00famero) a lo largo del pa\u00eds durante los saqueos de la hiperinflaci\u00f3n de 1989; la represi\u00f3n y asesinatos frente a las primeras protestas contra la reconversi\u00f3n neoliberal del modelo capitalista, que se inici\u00f3 en el interior de nuestro pa\u00eds con el asesinato de V\u00edctor Choque en Tierra del Fuego en 1994, de Teresa Rodr\u00edguez en Cutral C\u00f3 en 1997; en Corrientes en 1999 contra la organizaci\u00f3n An\u00edbal Ver\u00f3n, y las represiones en Gral. Mosconi\u00a0 en 2000 y 2001, que culminar\u00edan con los asesinatos televisados casi en vivo en la Plaza de Mayo en las jornadas del 19 y 20 de diciembre de ese a\u00f1o, y seis meses despu\u00e9s los de Maximiliano Kosteki y Dar\u00edo Santill\u00e1n, el 26 de junio de 2002, que liquidaron los sue\u00f1os del presidente interino, Eduardo Duhalde, de continuar al frente del gobierno. Menos de cinco a\u00f1os pasaron de aquella cacer\u00eda de la polic\u00eda federal y la bonaerense en la Estaci\u00f3n de Avellaneda hasta que la polic\u00eda de Neuqu\u00e9n asesin\u00f3 al maestro Carlos Fuentealba, en abril del 2007, en el marco de una protesta docente que el gobernador Jorge Sobish hab\u00eda mandado a reprimir, y, m\u00e1s cercanos en el tiempo, los casos de Santiago Maldonado y Rafael Nahuel, ocurridos durante el \u00faltimo experimento neoliberal sufrido en nuestro pa\u00eds con Mauricio Macri a la cabeza.<\/p>\n<p>\u00bfPor qu\u00e9 re-memorar Trelew, a cincuenta a\u00f1os de los hechos? \u00bfPara qu\u00e9 volver a recordarlo desde la universidad p\u00fablica?<\/p>\n<p>Creemos que no solo nos obliga el compromiso con j\u00f3venes y no tan j\u00f3venes, argentinos y argentinas que lucharon por la justicia en el pasado. Lo cual ser\u00eda, ya, raz\u00f3n suficiente. Tambi\u00e9n lo hace el crecimiento, cada vez m\u00e1s desembozado en algunos medios de comunicaci\u00f3n y en varias manifestaciones opositoras, de un discurso que vuelve a clamar muerte. De una iconograf\u00eda que simula a la muerte y el asesinato &#8211; bolsas de cad\u00e1veres, guillotinas &#8211; que resurgen para anunciar lo que se quiere hacer con quien piensa distinto. De notas que aparecen en centenarios diarios nacionales, refiriendo sin tapujos a proyectos de reformas laborales de ex presidentes con met\u00e1foras mortuorias: \u201cLo que piensa Mauricio Macri (&#8230;) el modelo sindical es incompatible con el desarrollo. Piensa que con los gremialistas hay que hacer lo que se hace con los caballos cuando tienen una lesi\u00f3n incurable: sacrificarlos con el menor sufrimiento posible\u201d (2)<\/p>\n<p>Frente a todo ello, tenemos la responsabilidad de alzar la voz, una voz que viene desde el pasado en nuestro caso, para decir rotundamente que no, que no queremos m\u00e1s muertes de militantes populares, ni de nadie, a manos del Estado.<\/p>\n<hr \/>\n<ol>\n<li><em>(La Voz del Interior, 16\/08, p\u00e1gina 9)<\/em><\/li>\n<li><em>Diario La Naci\u00f3n, 17\/08\/2022, \u201cEl fin de la fantas\u00eda y la era de las imposturas\u201d<\/em><\/li>\n<\/ol>\n","protected":false},"excerpt":{"rendered":"<div class=\"mh-excerpt\"><p>Por Leandro Inchauspe | Docente de la Escuela de Historia &#8211; FFyH\/UNC. El 15 de agosto de 1972, Argentina atravesaba una dictadura que prohib\u00eda la actividad pol\u00edtica, sindical y manten\u00eda, luego de 17 a\u00f1os, la proscripci\u00f3n del peronismo. Ese d\u00eda, <a class=\"mh-excerpt-more\" href=\"https:\/\/ffyh.unc.edu.ar\/alfilo\/re-memorar-trelew-la-violencia-represiva-estatal-antes-y-despues-del-22-de-agosto-de-1972\/\" title=\"Re-memorar Trelew: la violencia represiva estatal, antes y despu\u00e9s del 22 de agosto de 1972\">[Leer m\u00e1s]<\/a><\/p>\n<\/div>","protected":false},"author":2,"featured_media":7532,"comment_status":"closed","ping_status":"closed","sticky":false,"template":"","format":"standard","meta":{"_acf_changed":false,"_monsterinsights_skip_tracking":false,"_monsterinsights_sitenote_active":false,"_monsterinsights_sitenote_note":"","_monsterinsights_sitenote_category":0,"_jetpack_memberships_contains_paid_content":false,"footnotes":""},"categories":[280],"tags":[269],"class_list":["post-7531","post","type-post","status-publish","format-standard","has-post-thumbnail","hentry","category-280","tag-trelew-50-anos"],"acf":[],"yoast_head":"<!-- This site is optimized with the Yoast SEO plugin v27.1.1 - https:\/\/yoast.com\/product\/yoast-seo-wordpress\/ -->\n<title>Re-memorar Trelew: la violencia represiva estatal, antes y despu\u00e9s del 22 de agosto de 1972 - Alfilo<\/title>\n<meta name=\"robots\" content=\"index, follow, max-snippet:-1, max-image-preview:large, max-video-preview:-1\" \/>\n<link rel=\"canonical\" href=\"https:\/\/ffyh.unc.edu.ar\/alfilo\/re-memorar-trelew-la-violencia-represiva-estatal-antes-y-despues-del-22-de-agosto-de-1972\/\" \/>\n<meta property=\"og:locale\" content=\"es_ES\" \/>\n<meta property=\"og:type\" content=\"article\" \/>\n<meta property=\"og:title\" content=\"Re-memorar Trelew: la violencia represiva estatal, antes y despu\u00e9s del 22 de agosto de 1972 - Alfilo\" \/>\n<meta property=\"og:description\" content=\"Por Leandro Inchauspe | Docente de la Escuela de Historia &#8211; FFyH\/UNC. El 15 de agosto de 1972, Argentina atravesaba una dictadura que prohib\u00eda la actividad pol\u00edtica, sindical y manten\u00eda, luego de 17 a\u00f1os, la proscripci\u00f3n del peronismo. Ese d\u00eda, [Leer m\u00e1s]\" \/>\n<meta property=\"og:url\" content=\"https:\/\/ffyh.unc.edu.ar\/alfilo\/re-memorar-trelew-la-violencia-represiva-estatal-antes-y-despues-del-22-de-agosto-de-1972\/\" \/>\n<meta property=\"og:site_name\" content=\"Alfilo\" \/>\n<meta property=\"article:publisher\" content=\"https:\/\/www.facebook.com\/ffyh.unc\/\" \/>\n<meta property=\"article:published_time\" content=\"2022-08-23T13:24:35+00:00\" \/>\n<meta property=\"article:modified_time\" content=\"2023-06-08T17:21:48+00:00\" \/>\n<meta property=\"og:image\" content=\"http:\/\/ffyh.unc.edu.ar\/alfilo\/wp-content\/uploads\/sites\/11\/2022\/08\/trelew-50-anios-scaled.jpg\" \/>\n\t<meta property=\"og:image:width\" content=\"2560\" \/>\n\t<meta property=\"og:image:height\" content=\"1032\" \/>\n\t<meta property=\"og:image:type\" content=\"image\/jpeg\" \/>\n<meta name=\"author\" content=\"\u00c1rea de Comunicaci\u00f3n - FFyH\" \/>\n<meta name=\"twitter:card\" content=\"summary_large_image\" \/>\n<meta name=\"twitter:creator\" content=\"@ffyh_unc\" \/>\n<meta name=\"twitter:site\" content=\"@ffyh_unc\" \/>\n<meta name=\"twitter:label1\" content=\"Escrito por\" \/>\n\t<meta name=\"twitter:data1\" content=\"\" \/>\n\t<meta name=\"twitter:label2\" content=\"Tiempo de lectura\" \/>\n\t<meta name=\"twitter:data2\" content=\"10 minutos\" \/>\n<script type=\"application\/ld+json\" class=\"yoast-schema-graph\">{\"@context\":\"https:\/\/schema.org\",\"@graph\":[{\"@type\":\"Article\",\"@id\":\"https:\/\/ffyh.unc.edu.ar\/alfilo\/re-memorar-trelew-la-violencia-represiva-estatal-antes-y-despues-del-22-de-agosto-de-1972\/#article\",\"isPartOf\":{\"@id\":\"https:\/\/ffyh.unc.edu.ar\/alfilo\/re-memorar-trelew-la-violencia-represiva-estatal-antes-y-despues-del-22-de-agosto-de-1972\/\"},\"author\":{\"name\":\"\u00c1rea de Comunicaci\u00f3n - FFyH\",\"@id\":\"https:\/\/ffyh.unc.edu.ar\/alfilo\/#\/schema\/person\/e6b9f6aec95cb7437bb2fde09e23b224\"},\"headline\":\"Re-memorar Trelew: la violencia represiva estatal, antes y despu\u00e9s del 22 de agosto de 1972\",\"datePublished\":\"2022-08-23T13:24:35+00:00\",\"dateModified\":\"2023-06-08T17:21:48+00:00\",\"mainEntityOfPage\":{\"@id\":\"https:\/\/ffyh.unc.edu.ar\/alfilo\/re-memorar-trelew-la-violencia-represiva-estatal-antes-y-despues-del-22-de-agosto-de-1972\/\"},\"wordCount\":2101,\"publisher\":{\"@id\":\"https:\/\/ffyh.unc.edu.ar\/alfilo\/#organization\"},\"image\":{\"@id\":\"https:\/\/ffyh.unc.edu.ar\/alfilo\/re-memorar-trelew-la-violencia-represiva-estatal-antes-y-despues-del-22-de-agosto-de-1972\/#primaryimage\"},\"thumbnailUrl\":\"https:\/\/ffyh.unc.edu.ar\/alfilo\/wp-content\/uploads\/sites\/11\/2022\/08\/trelew-50-anios-scaled.jpg\",\"keywords\":[\"Trelew 50 a\u00f1os\"],\"articleSection\":[\"97\"],\"inLanguage\":\"es\"},{\"@type\":\"WebPage\",\"@id\":\"https:\/\/ffyh.unc.edu.ar\/alfilo\/re-memorar-trelew-la-violencia-represiva-estatal-antes-y-despues-del-22-de-agosto-de-1972\/\",\"url\":\"https:\/\/ffyh.unc.edu.ar\/alfilo\/re-memorar-trelew-la-violencia-represiva-estatal-antes-y-despues-del-22-de-agosto-de-1972\/\",\"name\":\"Re-memorar Trelew: la violencia represiva estatal, antes y despu\u00e9s del 22 de agosto de 1972 - Alfilo\",\"isPartOf\":{\"@id\":\"https:\/\/ffyh.unc.edu.ar\/alfilo\/#website\"},\"primaryImageOfPage\":{\"@id\":\"https:\/\/ffyh.unc.edu.ar\/alfilo\/re-memorar-trelew-la-violencia-represiva-estatal-antes-y-despues-del-22-de-agosto-de-1972\/#primaryimage\"},\"image\":{\"@id\":\"https:\/\/ffyh.unc.edu.ar\/alfilo\/re-memorar-trelew-la-violencia-represiva-estatal-antes-y-despues-del-22-de-agosto-de-1972\/#primaryimage\"},\"thumbnailUrl\":\"https:\/\/ffyh.unc.edu.ar\/alfilo\/wp-content\/uploads\/sites\/11\/2022\/08\/trelew-50-anios-scaled.jpg\",\"datePublished\":\"2022-08-23T13:24:35+00:00\",\"dateModified\":\"2023-06-08T17:21:48+00:00\",\"breadcrumb\":{\"@id\":\"https:\/\/ffyh.unc.edu.ar\/alfilo\/re-memorar-trelew-la-violencia-represiva-estatal-antes-y-despues-del-22-de-agosto-de-1972\/#breadcrumb\"},\"inLanguage\":\"es\",\"potentialAction\":[{\"@type\":\"ReadAction\",\"target\":[\"https:\/\/ffyh.unc.edu.ar\/alfilo\/re-memorar-trelew-la-violencia-represiva-estatal-antes-y-despues-del-22-de-agosto-de-1972\/\"]}]},{\"@type\":\"ImageObject\",\"inLanguage\":\"es\",\"@id\":\"https:\/\/ffyh.unc.edu.ar\/alfilo\/re-memorar-trelew-la-violencia-represiva-estatal-antes-y-despues-del-22-de-agosto-de-1972\/#primaryimage\",\"url\":\"https:\/\/ffyh.unc.edu.ar\/alfilo\/wp-content\/uploads\/sites\/11\/2022\/08\/trelew-50-anios-scaled.jpg\",\"contentUrl\":\"https:\/\/ffyh.unc.edu.ar\/alfilo\/wp-content\/uploads\/sites\/11\/2022\/08\/trelew-50-anios-scaled.jpg\",\"width\":2560,\"height\":1032},{\"@type\":\"BreadcrumbList\",\"@id\":\"https:\/\/ffyh.unc.edu.ar\/alfilo\/re-memorar-trelew-la-violencia-represiva-estatal-antes-y-despues-del-22-de-agosto-de-1972\/#breadcrumb\",\"itemListElement\":[{\"@type\":\"ListItem\",\"position\":1,\"name\":\"Portada\",\"item\":\"https:\/\/ffyh.unc.edu.ar\/alfilo\/\"},{\"@type\":\"ListItem\",\"position\":2,\"name\":\"Re-memorar Trelew: la violencia represiva estatal, antes y despu\u00e9s del 22 de agosto de 1972\"}]},{\"@type\":\"WebSite\",\"@id\":\"https:\/\/ffyh.unc.edu.ar\/alfilo\/#website\",\"url\":\"https:\/\/ffyh.unc.edu.ar\/alfilo\/\",\"name\":\"Alfilo\",\"description\":\"Revista digital de la Facultad de Filosof\u00eda y Humanidades - Universidad Nacional de C\u00f3rdoba\",\"publisher\":{\"@id\":\"https:\/\/ffyh.unc.edu.ar\/alfilo\/#organization\"},\"potentialAction\":[{\"@type\":\"SearchAction\",\"target\":{\"@type\":\"EntryPoint\",\"urlTemplate\":\"https:\/\/ffyh.unc.edu.ar\/alfilo\/?s={search_term_string}\"},\"query-input\":{\"@type\":\"PropertyValueSpecification\",\"valueRequired\":true,\"valueName\":\"search_term_string\"}}],\"inLanguage\":\"es\"},{\"@type\":\"Organization\",\"@id\":\"https:\/\/ffyh.unc.edu.ar\/alfilo\/#organization\",\"name\":\"Alfilo | Revista digital de la Facultad de Filosof\u00eda y Humanidades | UNC\",\"url\":\"https:\/\/ffyh.unc.edu.ar\/alfilo\/\",\"logo\":{\"@type\":\"ImageObject\",\"inLanguage\":\"es\",\"@id\":\"https:\/\/ffyh.unc.edu.ar\/alfilo\/#\/schema\/logo\/image\/\",\"url\":\"https:\/\/ffyh.unc.edu.ar\/alfilo\/wp-content\/uploads\/sites\/11\/2015\/04\/banner-alfilo-2015-ico.jpg\",\"contentUrl\":\"https:\/\/ffyh.unc.edu.ar\/alfilo\/wp-content\/uploads\/sites\/11\/2015\/04\/banner-alfilo-2015-ico.jpg\",\"width\":253,\"height\":128,\"caption\":\"Alfilo | Revista digital de la Facultad de Filosof\u00eda y Humanidades | UNC\"},\"image\":{\"@id\":\"https:\/\/ffyh.unc.edu.ar\/alfilo\/#\/schema\/logo\/image\/\"},\"sameAs\":[\"https:\/\/www.facebook.com\/ffyh.unc\/\",\"https:\/\/x.com\/ffyh_unc\",\"https:\/\/www.instagram.com\/ffyhunc\/\",\"https:\/\/www.youtube.com\/user\/comunicacionfilo\"]},{\"@type\":\"Person\",\"@id\":\"https:\/\/ffyh.unc.edu.ar\/alfilo\/#\/schema\/person\/e6b9f6aec95cb7437bb2fde09e23b224\",\"name\":\"\u00c1rea de Comunicaci\u00f3n - FFyH\",\"image\":{\"@type\":\"ImageObject\",\"inLanguage\":\"es\",\"@id\":\"https:\/\/ffyh.unc.edu.ar\/alfilo\/#\/schema\/person\/image\/\",\"url\":\"https:\/\/secure.gravatar.com\/avatar\/1d896d10b19526e4cb6e972ca0f1b6719a4697e2d88742a801b88b3682d5be75?s=96&d=mm&r=g\",\"contentUrl\":\"https:\/\/secure.gravatar.com\/avatar\/1d896d10b19526e4cb6e972ca0f1b6719a4697e2d88742a801b88b3682d5be75?s=96&d=mm&r=g\",\"caption\":\"\u00c1rea de Comunicaci\u00f3n - FFyH\"},\"url\":\"https:\/\/ffyh.unc.edu.ar\/alfilo\/author\/prensa\/\"}]}<\/script>\n<!-- \/ Yoast SEO plugin. -->","yoast_head_json":{"title":"Re-memorar Trelew: la violencia represiva estatal, antes y despu\u00e9s del 22 de agosto de 1972 - Alfilo","robots":{"index":"index","follow":"follow","max-snippet":"max-snippet:-1","max-image-preview":"max-image-preview:large","max-video-preview":"max-video-preview:-1"},"canonical":"https:\/\/ffyh.unc.edu.ar\/alfilo\/re-memorar-trelew-la-violencia-represiva-estatal-antes-y-despues-del-22-de-agosto-de-1972\/","og_locale":"es_ES","og_type":"article","og_title":"Re-memorar Trelew: la violencia represiva estatal, antes y despu\u00e9s del 22 de agosto de 1972 - Alfilo","og_description":"Por Leandro Inchauspe | Docente de la Escuela de Historia &#8211; FFyH\/UNC. El 15 de agosto de 1972, Argentina atravesaba una dictadura que prohib\u00eda la actividad pol\u00edtica, sindical y manten\u00eda, luego de 17 a\u00f1os, la proscripci\u00f3n del peronismo. Ese d\u00eda, [Leer m\u00e1s]","og_url":"https:\/\/ffyh.unc.edu.ar\/alfilo\/re-memorar-trelew-la-violencia-represiva-estatal-antes-y-despues-del-22-de-agosto-de-1972\/","og_site_name":"Alfilo","article_publisher":"https:\/\/www.facebook.com\/ffyh.unc\/","article_published_time":"2022-08-23T13:24:35+00:00","article_modified_time":"2023-06-08T17:21:48+00:00","og_image":[{"width":2560,"height":1032,"url":"http:\/\/ffyh.unc.edu.ar\/alfilo\/wp-content\/uploads\/sites\/11\/2022\/08\/trelew-50-anios-scaled.jpg","type":"image\/jpeg"}],"author":"\u00c1rea de Comunicaci\u00f3n - FFyH","twitter_card":"summary_large_image","twitter_creator":"@ffyh_unc","twitter_site":"@ffyh_unc","twitter_misc":{"Escrito por":false,"Tiempo de lectura":"10 minutos"},"schema":{"@context":"https:\/\/schema.org","@graph":[{"@type":"Article","@id":"https:\/\/ffyh.unc.edu.ar\/alfilo\/re-memorar-trelew-la-violencia-represiva-estatal-antes-y-despues-del-22-de-agosto-de-1972\/#article","isPartOf":{"@id":"https:\/\/ffyh.unc.edu.ar\/alfilo\/re-memorar-trelew-la-violencia-represiva-estatal-antes-y-despues-del-22-de-agosto-de-1972\/"},"author":{"name":"\u00c1rea de Comunicaci\u00f3n - FFyH","@id":"https:\/\/ffyh.unc.edu.ar\/alfilo\/#\/schema\/person\/e6b9f6aec95cb7437bb2fde09e23b224"},"headline":"Re-memorar Trelew: la violencia represiva estatal, antes y despu\u00e9s del 22 de agosto de 1972","datePublished":"2022-08-23T13:24:35+00:00","dateModified":"2023-06-08T17:21:48+00:00","mainEntityOfPage":{"@id":"https:\/\/ffyh.unc.edu.ar\/alfilo\/re-memorar-trelew-la-violencia-represiva-estatal-antes-y-despues-del-22-de-agosto-de-1972\/"},"wordCount":2101,"publisher":{"@id":"https:\/\/ffyh.unc.edu.ar\/alfilo\/#organization"},"image":{"@id":"https:\/\/ffyh.unc.edu.ar\/alfilo\/re-memorar-trelew-la-violencia-represiva-estatal-antes-y-despues-del-22-de-agosto-de-1972\/#primaryimage"},"thumbnailUrl":"https:\/\/ffyh.unc.edu.ar\/alfilo\/wp-content\/uploads\/sites\/11\/2022\/08\/trelew-50-anios-scaled.jpg","keywords":["Trelew 50 a\u00f1os"],"articleSection":["97"],"inLanguage":"es"},{"@type":"WebPage","@id":"https:\/\/ffyh.unc.edu.ar\/alfilo\/re-memorar-trelew-la-violencia-represiva-estatal-antes-y-despues-del-22-de-agosto-de-1972\/","url":"https:\/\/ffyh.unc.edu.ar\/alfilo\/re-memorar-trelew-la-violencia-represiva-estatal-antes-y-despues-del-22-de-agosto-de-1972\/","name":"Re-memorar Trelew: la violencia represiva estatal, antes y despu\u00e9s del 22 de agosto de 1972 - Alfilo","isPartOf":{"@id":"https:\/\/ffyh.unc.edu.ar\/alfilo\/#website"},"primaryImageOfPage":{"@id":"https:\/\/ffyh.unc.edu.ar\/alfilo\/re-memorar-trelew-la-violencia-represiva-estatal-antes-y-despues-del-22-de-agosto-de-1972\/#primaryimage"},"image":{"@id":"https:\/\/ffyh.unc.edu.ar\/alfilo\/re-memorar-trelew-la-violencia-represiva-estatal-antes-y-despues-del-22-de-agosto-de-1972\/#primaryimage"},"thumbnailUrl":"https:\/\/ffyh.unc.edu.ar\/alfilo\/wp-content\/uploads\/sites\/11\/2022\/08\/trelew-50-anios-scaled.jpg","datePublished":"2022-08-23T13:24:35+00:00","dateModified":"2023-06-08T17:21:48+00:00","breadcrumb":{"@id":"https:\/\/ffyh.unc.edu.ar\/alfilo\/re-memorar-trelew-la-violencia-represiva-estatal-antes-y-despues-del-22-de-agosto-de-1972\/#breadcrumb"},"inLanguage":"es","potentialAction":[{"@type":"ReadAction","target":["https:\/\/ffyh.unc.edu.ar\/alfilo\/re-memorar-trelew-la-violencia-represiva-estatal-antes-y-despues-del-22-de-agosto-de-1972\/"]}]},{"@type":"ImageObject","inLanguage":"es","@id":"https:\/\/ffyh.unc.edu.ar\/alfilo\/re-memorar-trelew-la-violencia-represiva-estatal-antes-y-despues-del-22-de-agosto-de-1972\/#primaryimage","url":"https:\/\/ffyh.unc.edu.ar\/alfilo\/wp-content\/uploads\/sites\/11\/2022\/08\/trelew-50-anios-scaled.jpg","contentUrl":"https:\/\/ffyh.unc.edu.ar\/alfilo\/wp-content\/uploads\/sites\/11\/2022\/08\/trelew-50-anios-scaled.jpg","width":2560,"height":1032},{"@type":"BreadcrumbList","@id":"https:\/\/ffyh.unc.edu.ar\/alfilo\/re-memorar-trelew-la-violencia-represiva-estatal-antes-y-despues-del-22-de-agosto-de-1972\/#breadcrumb","itemListElement":[{"@type":"ListItem","position":1,"name":"Portada","item":"https:\/\/ffyh.unc.edu.ar\/alfilo\/"},{"@type":"ListItem","position":2,"name":"Re-memorar Trelew: la violencia represiva estatal, antes y despu\u00e9s del 22 de agosto de 1972"}]},{"@type":"WebSite","@id":"https:\/\/ffyh.unc.edu.ar\/alfilo\/#website","url":"https:\/\/ffyh.unc.edu.ar\/alfilo\/","name":"Alfilo","description":"Revista digital de la Facultad de Filosof\u00eda y Humanidades - Universidad Nacional de C\u00f3rdoba","publisher":{"@id":"https:\/\/ffyh.unc.edu.ar\/alfilo\/#organization"},"potentialAction":[{"@type":"SearchAction","target":{"@type":"EntryPoint","urlTemplate":"https:\/\/ffyh.unc.edu.ar\/alfilo\/?s={search_term_string}"},"query-input":{"@type":"PropertyValueSpecification","valueRequired":true,"valueName":"search_term_string"}}],"inLanguage":"es"},{"@type":"Organization","@id":"https:\/\/ffyh.unc.edu.ar\/alfilo\/#organization","name":"Alfilo | Revista digital de la Facultad de Filosof\u00eda y Humanidades | UNC","url":"https:\/\/ffyh.unc.edu.ar\/alfilo\/","logo":{"@type":"ImageObject","inLanguage":"es","@id":"https:\/\/ffyh.unc.edu.ar\/alfilo\/#\/schema\/logo\/image\/","url":"https:\/\/ffyh.unc.edu.ar\/alfilo\/wp-content\/uploads\/sites\/11\/2015\/04\/banner-alfilo-2015-ico.jpg","contentUrl":"https:\/\/ffyh.unc.edu.ar\/alfilo\/wp-content\/uploads\/sites\/11\/2015\/04\/banner-alfilo-2015-ico.jpg","width":253,"height":128,"caption":"Alfilo | Revista digital de la Facultad de Filosof\u00eda y Humanidades | UNC"},"image":{"@id":"https:\/\/ffyh.unc.edu.ar\/alfilo\/#\/schema\/logo\/image\/"},"sameAs":["https:\/\/www.facebook.com\/ffyh.unc\/","https:\/\/x.com\/ffyh_unc","https:\/\/www.instagram.com\/ffyhunc\/","https:\/\/www.youtube.com\/user\/comunicacionfilo"]},{"@type":"Person","@id":"https:\/\/ffyh.unc.edu.ar\/alfilo\/#\/schema\/person\/e6b9f6aec95cb7437bb2fde09e23b224","name":"\u00c1rea de Comunicaci\u00f3n - FFyH","image":{"@type":"ImageObject","inLanguage":"es","@id":"https:\/\/ffyh.unc.edu.ar\/alfilo\/#\/schema\/person\/image\/","url":"https:\/\/secure.gravatar.com\/avatar\/1d896d10b19526e4cb6e972ca0f1b6719a4697e2d88742a801b88b3682d5be75?s=96&d=mm&r=g","contentUrl":"https:\/\/secure.gravatar.com\/avatar\/1d896d10b19526e4cb6e972ca0f1b6719a4697e2d88742a801b88b3682d5be75?s=96&d=mm&r=g","caption":"\u00c1rea de Comunicaci\u00f3n - FFyH"},"url":"https:\/\/ffyh.unc.edu.ar\/alfilo\/author\/prensa\/"}]}},"jetpack_featured_media_url":"https:\/\/ffyh.unc.edu.ar\/alfilo\/wp-content\/uploads\/sites\/11\/2022\/08\/trelew-50-anios-scaled.jpg","jetpack_sharing_enabled":true,"_links":{"self":[{"href":"https:\/\/ffyh.unc.edu.ar\/alfilo\/wp-json\/wp\/v2\/posts\/7531","targetHints":{"allow":["GET"]}}],"collection":[{"href":"https:\/\/ffyh.unc.edu.ar\/alfilo\/wp-json\/wp\/v2\/posts"}],"about":[{"href":"https:\/\/ffyh.unc.edu.ar\/alfilo\/wp-json\/wp\/v2\/types\/post"}],"author":[{"embeddable":true,"href":"https:\/\/ffyh.unc.edu.ar\/alfilo\/wp-json\/wp\/v2\/users\/2"}],"replies":[{"embeddable":true,"href":"https:\/\/ffyh.unc.edu.ar\/alfilo\/wp-json\/wp\/v2\/comments?post=7531"}],"version-history":[{"count":4,"href":"https:\/\/ffyh.unc.edu.ar\/alfilo\/wp-json\/wp\/v2\/posts\/7531\/revisions"}],"predecessor-version":[{"id":7537,"href":"https:\/\/ffyh.unc.edu.ar\/alfilo\/wp-json\/wp\/v2\/posts\/7531\/revisions\/7537"}],"wp:featuredmedia":[{"embeddable":true,"href":"https:\/\/ffyh.unc.edu.ar\/alfilo\/wp-json\/wp\/v2\/media\/7532"}],"wp:attachment":[{"href":"https:\/\/ffyh.unc.edu.ar\/alfilo\/wp-json\/wp\/v2\/media?parent=7531"}],"wp:term":[{"taxonomy":"category","embeddable":true,"href":"https:\/\/ffyh.unc.edu.ar\/alfilo\/wp-json\/wp\/v2\/categories?post=7531"},{"taxonomy":"post_tag","embeddable":true,"href":"https:\/\/ffyh.unc.edu.ar\/alfilo\/wp-json\/wp\/v2\/tags?post=7531"}],"curies":[{"name":"wp","href":"https:\/\/api.w.org\/{rel}","templated":true}]}}