{"id":7632,"date":"2022-10-05T12:57:49","date_gmt":"2022-10-05T12:57:49","guid":{"rendered":"https:\/\/ffyh.unc.edu.ar\/alfilo\/?p=7632"},"modified":"2023-06-08T17:23:55","modified_gmt":"2023-06-08T17:23:55","slug":"plantas-medicinales-exoticas-coincidencias-entre-el-conocimiento-local-y-el-cientifico","status":"publish","type":"post","link":"https:\/\/ffyh.unc.edu.ar\/alfilo\/plantas-medicinales-exoticas-coincidencias-entre-el-conocimiento-local-y-el-cientifico\/","title":{"rendered":"Plantas medicinales ex\u00f3ticas: coincidencias entre el conocimiento local y el cient\u00edfico"},"content":{"rendered":"<p><strong><img loading=\"lazy\" decoding=\"async\" class=\"alignright wp-image-7633\" src=\"http:\/\/ffyh.unc.edu.ar\/alfilo\/wp-content\/uploads\/sites\/11\/2022\/10\/uso-plantas-medicinales-exoticas-1.jpeg\" alt=\"\" width=\"450\" height=\"338\" srcset=\"https:\/\/ffyh.unc.edu.ar\/alfilo\/wp-content\/uploads\/sites\/11\/2022\/10\/uso-plantas-medicinales-exoticas-1.jpeg 1600w, https:\/\/ffyh.unc.edu.ar\/alfilo\/wp-content\/uploads\/sites\/11\/2022\/10\/uso-plantas-medicinales-exoticas-1-300x225.jpeg 300w, https:\/\/ffyh.unc.edu.ar\/alfilo\/wp-content\/uploads\/sites\/11\/2022\/10\/uso-plantas-medicinales-exoticas-1-1024x768.jpeg 1024w, https:\/\/ffyh.unc.edu.ar\/alfilo\/wp-content\/uploads\/sites\/11\/2022\/10\/uso-plantas-medicinales-exoticas-1-768x576.jpeg 768w, https:\/\/ffyh.unc.edu.ar\/alfilo\/wp-content\/uploads\/sites\/11\/2022\/10\/uso-plantas-medicinales-exoticas-1-1536x1152.jpeg 1536w, https:\/\/ffyh.unc.edu.ar\/alfilo\/wp-content\/uploads\/sites\/11\/2022\/10\/uso-plantas-medicinales-exoticas-1-678x509.jpeg 678w, https:\/\/ffyh.unc.edu.ar\/alfilo\/wp-content\/uploads\/sites\/11\/2022\/10\/uso-plantas-medicinales-exoticas-1-326x245.jpeg 326w, https:\/\/ffyh.unc.edu.ar\/alfilo\/wp-content\/uploads\/sites\/11\/2022\/10\/uso-plantas-medicinales-exoticas-1-80x60.jpeg 80w, https:\/\/ffyh.unc.edu.ar\/alfilo\/wp-content\/uploads\/sites\/11\/2022\/10\/uso-plantas-medicinales-exoticas-1-1320x990.jpeg 1320w\" sizes=\"auto, (max-width: 450px) 100vw, 450px\" \/>En el 94% de los casos, el saber popular sobre las propiedades medicinales de las plantas no nativas coincide con el conocimiento cient\u00edfico. As\u00ed lo determin\u00f3 un trabajo del Instituto de Antropolog\u00eda de C\u00f3rdoba &#8211; Museo de Antropolog\u00edas (UNC\/Conicet) que indag\u00f3 los usos curativos y alimenticios de especies for\u00e1neas introducidas en comunidades de Catamarca y C\u00f3rdoba. La incorporaci\u00f3n de estas plantas a la vida cotidiana es consecuencia de la disminuci\u00f3n de variantes nativas acarreada por el desmonte. Proponen que el saber de las poblaciones sea incluido en futuros lineamientos de conservaci\u00f3n ambiental. <\/strong><\/p>\n<p><!--more--><\/p>\n<p>Por su relaci\u00f3n con las invasiones biol\u00f3gicas, existe una percepci\u00f3n negativa de las plantas ex\u00f3ticas introducidas en ecosistemas locales. Sucede que muchas veces las variables clim\u00e1ticas, sociales y ambientales favorecen su capacidad para colonizar de manera agresiva y muy eficiente el nuevo ambiente. En ocasiones, eso conlleva diversos factores de riesgo.<\/p>\n<p>Pero <strong>si las especies for\u00e1neas se integran a las comunidades locales sin alterar significativamente su estructura y funcionamiento, su impacto dista de ser negativo. De hecho, distintos trabajos dan cuenta de sus beneficios y usos terap\u00e9uticos.<\/strong> \u00abAlgunas integran huertos familiares o cultivos de importancia cultural, donde se combinan con especies nativas y terminan conformando ensambles bot\u00e1nicos din\u00e1micos\u00bb, explica Jessica Manzano Garc\u00eda, investigadora del Instituto de Antropolog\u00eda de C\u00f3rdoba (Idacor &#8211; UNC\/Conicet) y del Museo de Antropolog\u00eda de la Facultad de Filosof\u00eda y Humanidades (UNC)<\/p>\n<p>En la provincia de C\u00f3rdoba, los v\u00ednculos que las comunidades rurales establecen con la flora ex\u00f3tica son consecuencia de los cambios en el paisaje provocados por el desmonte: la cantidad de plantas nativas disminuy\u00f3 o su acceso se torn\u00f3 m\u00e1s dif\u00edcil, seg\u00fan apunta la especialista.<\/p>\n<p><strong>Para conocer el rol que las plantas introducidas desempe\u00f1an en los usos medicinales y alimenticios de poblaciones del Chaco Seco argentino, Manzano Garc\u00eda realiz\u00f3 un estudio junto a David Jim\u00e9nez Escobar, Gustavo Mart\u00ednez y Claudia Luj\u00e1n<\/strong>.<\/p>\n<figure id=\"attachment_7633\" aria-describedby=\"caption-attachment-7633\" style=\"width: 1600px\" class=\"wp-caption alignnone\"><img loading=\"lazy\" decoding=\"async\" class=\"wp-image-7633 size-full\" src=\"http:\/\/ffyh.unc.edu.ar\/alfilo\/wp-content\/uploads\/sites\/11\/2022\/10\/uso-plantas-medicinales-exoticas-1.jpeg\" alt=\"\" width=\"1600\" height=\"1200\" srcset=\"https:\/\/ffyh.unc.edu.ar\/alfilo\/wp-content\/uploads\/sites\/11\/2022\/10\/uso-plantas-medicinales-exoticas-1.jpeg 1600w, https:\/\/ffyh.unc.edu.ar\/alfilo\/wp-content\/uploads\/sites\/11\/2022\/10\/uso-plantas-medicinales-exoticas-1-300x225.jpeg 300w, https:\/\/ffyh.unc.edu.ar\/alfilo\/wp-content\/uploads\/sites\/11\/2022\/10\/uso-plantas-medicinales-exoticas-1-1024x768.jpeg 1024w, https:\/\/ffyh.unc.edu.ar\/alfilo\/wp-content\/uploads\/sites\/11\/2022\/10\/uso-plantas-medicinales-exoticas-1-768x576.jpeg 768w, https:\/\/ffyh.unc.edu.ar\/alfilo\/wp-content\/uploads\/sites\/11\/2022\/10\/uso-plantas-medicinales-exoticas-1-1536x1152.jpeg 1536w, https:\/\/ffyh.unc.edu.ar\/alfilo\/wp-content\/uploads\/sites\/11\/2022\/10\/uso-plantas-medicinales-exoticas-1-678x509.jpeg 678w, https:\/\/ffyh.unc.edu.ar\/alfilo\/wp-content\/uploads\/sites\/11\/2022\/10\/uso-plantas-medicinales-exoticas-1-326x245.jpeg 326w, https:\/\/ffyh.unc.edu.ar\/alfilo\/wp-content\/uploads\/sites\/11\/2022\/10\/uso-plantas-medicinales-exoticas-1-80x60.jpeg 80w, https:\/\/ffyh.unc.edu.ar\/alfilo\/wp-content\/uploads\/sites\/11\/2022\/10\/uso-plantas-medicinales-exoticas-1-1320x990.jpeg 1320w\" sizes=\"auto, (max-width: 1600px) 100vw, 1600px\" \/><figcaption id=\"caption-attachment-7633\" class=\"wp-caption-text\">Lxs investigadorxs Jessica Manzano Garc\u00eda, Gustavo Mart\u00ednez y David Jim\u00e9nez Escobar.<\/figcaption><\/figure>\n<p>El prop\u00f3sito fue revalorizar la riqueza y la complejidad de los saberes rurales, con vistas a fomentar la implementaci\u00f3n del conocimiento local en futuros lineamientos de conservaci\u00f3n ambiental para el \u00e1rea de estudio. <strong>Para la investigadora, tomar decisiones sobre conservaci\u00f3n contemplando solo una perspectiva academicista es insuficiente, sobre todo cuando se trata de recursos que integran la subsistencia de una poblaci\u00f3n.<\/strong><\/p>\n<p>Los datos analizados pertenecen a un estudio de mayor amplitud, denominado \u201cProyecto de Etnoecolog\u00eda y Percepci\u00f3n Ambiental\u201d, radicado en el Idacor (UNC\/Conicet). Ese trabajo indag\u00f3 sobre la fauna y la flora de inter\u00e9s rural en localidades del Chaco Seco argentino. Del volumen de informaci\u00f3n obtenido en ese marco, la investigaci\u00f3n de Manzano Garc\u00eda y sus colegas se enfoc\u00f3 en los registros de plantas for\u00e1neas.<\/p>\n<figure id=\"attachment_7634\" aria-describedby=\"caption-attachment-7634\" style=\"width: 1280px\" class=\"wp-caption alignnone\"><img loading=\"lazy\" decoding=\"async\" class=\"wp-image-7634 size-full\" src=\"http:\/\/ffyh.unc.edu.ar\/alfilo\/wp-content\/uploads\/sites\/11\/2022\/10\/uso-plantas-medicinales-exoticas-3.jpeg\" alt=\"\" width=\"1280\" height=\"960\" srcset=\"https:\/\/ffyh.unc.edu.ar\/alfilo\/wp-content\/uploads\/sites\/11\/2022\/10\/uso-plantas-medicinales-exoticas-3.jpeg 1280w, https:\/\/ffyh.unc.edu.ar\/alfilo\/wp-content\/uploads\/sites\/11\/2022\/10\/uso-plantas-medicinales-exoticas-3-300x225.jpeg 300w, https:\/\/ffyh.unc.edu.ar\/alfilo\/wp-content\/uploads\/sites\/11\/2022\/10\/uso-plantas-medicinales-exoticas-3-1024x768.jpeg 1024w, https:\/\/ffyh.unc.edu.ar\/alfilo\/wp-content\/uploads\/sites\/11\/2022\/10\/uso-plantas-medicinales-exoticas-3-768x576.jpeg 768w, https:\/\/ffyh.unc.edu.ar\/alfilo\/wp-content\/uploads\/sites\/11\/2022\/10\/uso-plantas-medicinales-exoticas-3-678x509.jpeg 678w, https:\/\/ffyh.unc.edu.ar\/alfilo\/wp-content\/uploads\/sites\/11\/2022\/10\/uso-plantas-medicinales-exoticas-3-326x245.jpeg 326w, https:\/\/ffyh.unc.edu.ar\/alfilo\/wp-content\/uploads\/sites\/11\/2022\/10\/uso-plantas-medicinales-exoticas-3-80x60.jpeg 80w\" sizes=\"auto, (max-width: 1280px) 100vw, 1280px\" \/><figcaption id=\"caption-attachment-7634\" class=\"wp-caption-text\">Lxs investigadorxs David Jim\u00e9nez Escobar y Jessica Manzano Garc\u00eda durante el trabajo de campo.<\/figcaption><\/figure>\n<p>El Chaco Seco es una de las regiones m\u00e1s perjudicadas por el desmonte, producto especialmente de la conversi\u00f3n de ecosistemas naturales en terrenos para cultivos agroindustriales.<\/p>\n<p>El trabajo se desarroll\u00f3 en localidades de las provincias de Catamarca y C\u00f3rdoba. En la primera, el \u00e1rea de estudio corresponde al cord\u00f3n monta\u00f1oso ubicado en el departamento de Ancasti.\u00a0 En la segunda, abarc\u00f3 los departamentos de Ischil\u00edn, Minas y Tulumba.<\/p>\n<p>La informaci\u00f3n se obtuvo por medio de entrevistas (semiestructuradas, abiertas, extensas y en profundidad) a habitantes de la regi\u00f3n. Tambi\u00e9n se realizaron caminatas guiadas, as\u00ed como reconocimiento de especies en jardines y huertos peridom\u00e9sticos, no solo para facilitar la identificaci\u00f3n de especies, sino para motivar la participaci\u00f3n activa de la poblaci\u00f3n local.<\/p>\n<p>Esa estrategia posibilit\u00f3 incorporar al registro datos b\u00e1sicos como el nombre com\u00fan, uso y manejo de diferentes plantas. A su vez, se realizaron registros etnogr\u00e1ficos de manifestaciones observacionales, verbales y no verbales.<\/p>\n<figure id=\"attachment_7635\" aria-describedby=\"caption-attachment-7635\" style=\"width: 1280px\" class=\"wp-caption alignnone\"><img loading=\"lazy\" decoding=\"async\" class=\"size-full wp-image-7635\" src=\"http:\/\/ffyh.unc.edu.ar\/alfilo\/wp-content\/uploads\/sites\/11\/2022\/10\/uso-plantas-medicinales-exoticas-2.jpeg\" alt=\"\" width=\"1280\" height=\"960\" srcset=\"https:\/\/ffyh.unc.edu.ar\/alfilo\/wp-content\/uploads\/sites\/11\/2022\/10\/uso-plantas-medicinales-exoticas-2.jpeg 1280w, https:\/\/ffyh.unc.edu.ar\/alfilo\/wp-content\/uploads\/sites\/11\/2022\/10\/uso-plantas-medicinales-exoticas-2-300x225.jpeg 300w, https:\/\/ffyh.unc.edu.ar\/alfilo\/wp-content\/uploads\/sites\/11\/2022\/10\/uso-plantas-medicinales-exoticas-2-1024x768.jpeg 1024w, https:\/\/ffyh.unc.edu.ar\/alfilo\/wp-content\/uploads\/sites\/11\/2022\/10\/uso-plantas-medicinales-exoticas-2-768x576.jpeg 768w, https:\/\/ffyh.unc.edu.ar\/alfilo\/wp-content\/uploads\/sites\/11\/2022\/10\/uso-plantas-medicinales-exoticas-2-678x509.jpeg 678w, https:\/\/ffyh.unc.edu.ar\/alfilo\/wp-content\/uploads\/sites\/11\/2022\/10\/uso-plantas-medicinales-exoticas-2-326x245.jpeg 326w, https:\/\/ffyh.unc.edu.ar\/alfilo\/wp-content\/uploads\/sites\/11\/2022\/10\/uso-plantas-medicinales-exoticas-2-80x60.jpeg 80w\" sizes=\"auto, (max-width: 1280px) 100vw, 1280px\" \/><figcaption id=\"caption-attachment-7635\" class=\"wp-caption-text\">Plantas de Aloe Vera en un jard\u00edn.<\/figcaption><\/figure>\n<p><strong>Una farmacopea vegetal<\/strong><\/p>\n<p>El estudio registr\u00f3 53 especies de flora introducida (asociadas a 57 nombres comunes), que corresponden a 47 g\u00e9neros y 25 familias bot\u00e1nicas.<\/p>\n<p>M\u00e1s de 40 especies tienen aplicaci\u00f3n vinculada a la alimentaci\u00f3n, mientras que otras 18 registran uso medicinal. De las \u00faltimas, la mitad son aprovechadas en pr\u00e1cticas asociadas al cuidado y bienestar de la salud humana; y el resto tiene indicaciones terap\u00e9uticas en animales (etnomedicina veterinaria).<\/p>\n<p><strong>Uno dato distintivo de la investigaci\u00f3n fue corroborar que las propiedades curativas asignadas a partir del conocimiento local coinciden, en un 94% de los casos, con las se\u00f1aladas en la literatura acad\u00e9mica. <\/strong><\/p>\n<p><strong>\u201cTal es el caso de los principios activos o la composici\u00f3n qu\u00edmica de las plantas capaces de generar cambios o efectos ben\u00e9ficos en t\u00e9rminos fisiol\u00f3gicos. La descripci\u00f3n de estos efectos por parte de la comunidad entrevistada coincide con la informaci\u00f3n te\u00f3rica sobre esas plantas\u201d, se\u00f1ala el informe del estudio.<\/strong><\/p>\n<p>Para los tratamientos medicinales, las partes m\u00e1s usadas de las plantas son las hojas y los frutos. En los preparados suministrados a personas, la infusi\u00f3n es el m\u00e9todo predominante para extraer los agentes curativos. <strong>\u00abObservamos que las mayores frecuencias de aplicaciones y tratamientos se relacionan con trastornos digestivos y respiratorios\u00bb, comenta Manzano Garc\u00eda.<\/strong><\/p>\n<p>Entre las especies introducidas m\u00e1s empleadas en la medicina humana se ubica la ruda, que generalmente se frota junto al alcanfor para tratar la artralgia y la artritis. Este uso coincide con la literatura acad\u00e9mica, que asocia esa planta con efectos antirreum\u00e1ticos, antiespasm\u00f3dicos y antiinflamatorios.<\/p>\n<p>El aloe vera es otra ex\u00f3tica que se halla entre las m\u00e1s populares. Se recomienda para trastornos digestivos y afecciones en la piel. En el campo cient\u00edfico se le conocen beneficios digestivos, cicatrizantes (heridas, \u00falceras, quemaduras) y como protector cut\u00e1neo de amplio espectro.<\/p>\n<p>En medicina veterinaria, en tanto, la tuna \u2013tambi\u00e9n conocida como penca\u2013 se provee para trastornos digestivos y sus efectos curativos se describen \u2013en t\u00e9rminos te\u00f3rico-cient\u00edficos\u2013 como neutrac\u00e9utico y digestivo.<\/p>\n<p>El estudio, por otra parte, se\u00f1ala que la incorporaci\u00f3n de plantas a un sistema socio-ecol\u00f3gico es un proceso din\u00e1mico, basado en la necesidad de llenar vac\u00edos en el sistema o enriquecerlo en alternativas.<\/p>\n<p><strong>\u201cEs com\u00fan que las especies ex\u00f3ticas presenten un rango amplio de versatilidad. En nuestro estudio, el 35% de las plantas introducidas con propiedades medicinales poseen m\u00e1s de una aplicaci\u00f3n terap\u00e9utica\u00bb, se\u00f1ala Manzano Garc\u00eda. <\/strong><\/p>\n<p>Finalmente, se encontraron 40 especies vinculadas a pr\u00e1cticas alimenticias. Las m\u00e1s comunes dentro de las unidades dom\u00e9sticas son las herb\u00e1ceas que se emplean como condimento (ajo, or\u00e9gano, albahaca) y los \u00e1rboles frutales (mandarino, naranjo, olivo).<\/p>\n<figure id=\"attachment_7636\" aria-describedby=\"caption-attachment-7636\" style=\"width: 1280px\" class=\"wp-caption alignnone\"><img loading=\"lazy\" decoding=\"async\" class=\"wp-image-7636 size-full\" src=\"http:\/\/ffyh.unc.edu.ar\/alfilo\/wp-content\/uploads\/sites\/11\/2022\/10\/uso-plantas-medicinales-exoticas-4.jpeg\" alt=\"\" width=\"1280\" height=\"960\" srcset=\"https:\/\/ffyh.unc.edu.ar\/alfilo\/wp-content\/uploads\/sites\/11\/2022\/10\/uso-plantas-medicinales-exoticas-4.jpeg 1280w, https:\/\/ffyh.unc.edu.ar\/alfilo\/wp-content\/uploads\/sites\/11\/2022\/10\/uso-plantas-medicinales-exoticas-4-300x225.jpeg 300w, https:\/\/ffyh.unc.edu.ar\/alfilo\/wp-content\/uploads\/sites\/11\/2022\/10\/uso-plantas-medicinales-exoticas-4-1024x768.jpeg 1024w, https:\/\/ffyh.unc.edu.ar\/alfilo\/wp-content\/uploads\/sites\/11\/2022\/10\/uso-plantas-medicinales-exoticas-4-768x576.jpeg 768w, https:\/\/ffyh.unc.edu.ar\/alfilo\/wp-content\/uploads\/sites\/11\/2022\/10\/uso-plantas-medicinales-exoticas-4-678x509.jpeg 678w, https:\/\/ffyh.unc.edu.ar\/alfilo\/wp-content\/uploads\/sites\/11\/2022\/10\/uso-plantas-medicinales-exoticas-4-326x245.jpeg 326w, https:\/\/ffyh.unc.edu.ar\/alfilo\/wp-content\/uploads\/sites\/11\/2022\/10\/uso-plantas-medicinales-exoticas-4-80x60.jpeg 80w\" sizes=\"auto, (max-width: 1280px) 100vw, 1280px\" \/><figcaption id=\"caption-attachment-7636\" class=\"wp-caption-text\">Colecta de tunas.<\/figcaption><\/figure>\n<p><strong>Saberes populares y dependencia de la naturaleza<\/strong><\/p>\n<p><strong>El uso de plantas introducidas es una de las tantas formas en que las comunidades rurales se vinculan con la naturaleza, entretejiendo saberes y pr\u00e1cticas transmitidas generalmente a trav\u00e9s de la historia oral de cada grupo cultural.<\/strong><\/p>\n<p>La investigaci\u00f3n de Manzano Garc\u00eda muestra que las diversas formas en que las poblaciones se vinculan con el paisaje es producto de saberes, vivencias y adaptaciones a las variaciones ambientales. El aprovechamiento de recursos naturales es amplio y depende de las condiciones del entorno de quienes habitan el espacio rural.<\/p>\n<p>\u00abNo solo aprovechan los bienes y servicios naturales, sino que a su vez manejan el paisaje de manera que se mantienen y favorecen caracter\u00edsticas ambientales como la heterogeneidad espacial y la biodiversidad, generados a trav\u00e9s de los usos m\u00faltiples\u00bb, destaca Manzano Garc\u00eda.<\/p>\n<p>Las pr\u00e1cticas culturales que caracterizan a la poblaci\u00f3n rural comprenden una dependencia directa de los recursos naturales, por lo que el aprovechamiento de la flora es independiente a su origen bot\u00e1nico, prevaleciendo las actividades de subsistencia.<\/p>\n<p><strong>\u201cEn este caso en particular, debido al origen ex\u00f3tico de las especies, m\u00e1s all\u00e1 de pensar en el manejo de la diversidad de estas desde un absolutismo acad\u00e9mico, se hace necesario considerar en las pol\u00edticas ambientales, acciones que involucren a todos los actores sociales. Esto con la finalidad de optimizar el h\u00e1bitat natural y, a su vez, empoderar a las comunidades como parte de procesos de co-manejo sustentables, resoluci\u00f3n de conflictos y conservaci\u00f3n ambiental, desde una perspectiva biocultural\u201d, concluye Manzano Garc\u00eda.<\/strong><\/p>\n<p class=\"has-text-align-right\" style=\"text-align: right\"><strong>Texto: <\/strong>Eliana Piemonte\u00a0\u2013\u00a0<a href=\"https:\/\/museoantropologia.unc.edu.ar\/prensa\/\">\u00c1rea\u00a0de Comunicaci\u00f3n\u00a0\u2013 Museo de Antropolog\u00edas<\/a><br \/>\n<strong>Fotos: <\/strong>Eliana Piemonte (portada) \u2013 Jessica Manzano Garc\u00eda (campo)<\/p>\n<p class=\"has-text-align-right\" style=\"text-align: right\">Nota publicada de manera conjunta con el <a href=\"https:\/\/museoantropologia.unc.edu.ar\/2022\/10\/05\/plantas-medicinales-exoticas-coincidencias-entre-el-conocimiento-local-y-el-cientifico\/\" target=\"_blank\" rel=\"noopener\">Museo de Antropolog\u00edas de la FFyH<\/a><\/p>\n","protected":false},"excerpt":{"rendered":"<div class=\"mh-excerpt\"><p>En el 94% de los casos, el saber popular sobre las propiedades medicinales de las plantas no nativas coincide con el conocimiento cient\u00edfico. As\u00ed lo determin\u00f3 un trabajo del Instituto de Antropolog\u00eda de C\u00f3rdoba &#8211; Museo de Antropolog\u00edas (UNC\/Conicet) que <a class=\"mh-excerpt-more\" href=\"https:\/\/ffyh.unc.edu.ar\/alfilo\/plantas-medicinales-exoticas-coincidencias-entre-el-conocimiento-local-y-el-cientifico\/\" title=\"Plantas medicinales ex\u00f3ticas: coincidencias entre el conocimiento local y el cient\u00edfico\">[Leer m\u00e1s]<\/a><\/p>\n<\/div>","protected":false},"author":2,"featured_media":7633,"comment_status":"closed","ping_status":"closed","sticky":false,"template":"","format":"standard","meta":{"_acf_changed":false,"_monsterinsights_skip_tracking":false,"_monsterinsights_sitenote_active":false,"_monsterinsights_sitenote_note":"","_monsterinsights_sitenote_category":0,"_jetpack_memberships_contains_paid_content":false,"footnotes":""},"categories":[281],"tags":[100,110],"class_list":["post-7632","post","type-post","status-publish","format-standard","has-post-thumbnail","hentry","category-281","tag-investigacion","tag-museo-de-antropologia"],"acf":[],"yoast_head":"<!-- This site is optimized with the Yoast SEO plugin v27.1.1 - https:\/\/yoast.com\/product\/yoast-seo-wordpress\/ -->\n<title>Plantas medicinales ex\u00f3ticas: coincidencias entre el conocimiento local y el cient\u00edfico - Alfilo<\/title>\n<meta name=\"robots\" content=\"index, follow, max-snippet:-1, max-image-preview:large, max-video-preview:-1\" \/>\n<link rel=\"canonical\" href=\"https:\/\/ffyh.unc.edu.ar\/alfilo\/plantas-medicinales-exoticas-coincidencias-entre-el-conocimiento-local-y-el-cientifico\/\" \/>\n<meta property=\"og:locale\" content=\"es_ES\" \/>\n<meta property=\"og:type\" content=\"article\" \/>\n<meta property=\"og:title\" content=\"Plantas medicinales ex\u00f3ticas: coincidencias entre el conocimiento local y el cient\u00edfico - Alfilo\" \/>\n<meta property=\"og:description\" content=\"En el 94% de los casos, el saber popular sobre las propiedades medicinales de las plantas no nativas coincide con el conocimiento cient\u00edfico. As\u00ed lo determin\u00f3 un trabajo del Instituto de Antropolog\u00eda de C\u00f3rdoba &#8211; Museo de Antropolog\u00edas (UNC\/Conicet) que [Leer m\u00e1s]\" \/>\n<meta property=\"og:url\" content=\"https:\/\/ffyh.unc.edu.ar\/alfilo\/plantas-medicinales-exoticas-coincidencias-entre-el-conocimiento-local-y-el-cientifico\/\" \/>\n<meta property=\"og:site_name\" content=\"Alfilo\" \/>\n<meta property=\"article:publisher\" content=\"https:\/\/www.facebook.com\/ffyh.unc\/\" \/>\n<meta property=\"article:published_time\" content=\"2022-10-05T12:57:49+00:00\" \/>\n<meta property=\"article:modified_time\" content=\"2023-06-08T17:23:55+00:00\" \/>\n<meta property=\"og:image\" content=\"http:\/\/ffyh.unc.edu.ar\/alfilo\/wp-content\/uploads\/sites\/11\/2022\/10\/uso-plantas-medicinales-exoticas-1.jpeg\" \/>\n\t<meta property=\"og:image:width\" content=\"1600\" \/>\n\t<meta property=\"og:image:height\" content=\"1200\" \/>\n\t<meta property=\"og:image:type\" content=\"image\/jpeg\" \/>\n<meta name=\"author\" content=\"\u00c1rea de Comunicaci\u00f3n - FFyH\" \/>\n<meta name=\"twitter:card\" content=\"summary_large_image\" \/>\n<meta name=\"twitter:creator\" content=\"@ffyh_unc\" \/>\n<meta name=\"twitter:site\" content=\"@ffyh_unc\" \/>\n<meta name=\"twitter:label1\" content=\"Escrito por\" \/>\n\t<meta name=\"twitter:data1\" content=\"\" \/>\n\t<meta name=\"twitter:label2\" content=\"Tiempo de lectura\" \/>\n\t<meta name=\"twitter:data2\" content=\"7 minutos\" \/>\n<script type=\"application\/ld+json\" class=\"yoast-schema-graph\">{\"@context\":\"https:\/\/schema.org\",\"@graph\":[{\"@type\":\"Article\",\"@id\":\"https:\/\/ffyh.unc.edu.ar\/alfilo\/plantas-medicinales-exoticas-coincidencias-entre-el-conocimiento-local-y-el-cientifico\/#article\",\"isPartOf\":{\"@id\":\"https:\/\/ffyh.unc.edu.ar\/alfilo\/plantas-medicinales-exoticas-coincidencias-entre-el-conocimiento-local-y-el-cientifico\/\"},\"author\":{\"name\":\"\u00c1rea de Comunicaci\u00f3n - FFyH\",\"@id\":\"https:\/\/ffyh.unc.edu.ar\/alfilo\/#\/schema\/person\/e6b9f6aec95cb7437bb2fde09e23b224\"},\"headline\":\"Plantas medicinales ex\u00f3ticas: coincidencias entre el conocimiento local y el cient\u00edfico\",\"datePublished\":\"2022-10-05T12:57:49+00:00\",\"dateModified\":\"2023-06-08T17:23:55+00:00\",\"mainEntityOfPage\":{\"@id\":\"https:\/\/ffyh.unc.edu.ar\/alfilo\/plantas-medicinales-exoticas-coincidencias-entre-el-conocimiento-local-y-el-cientifico\/\"},\"wordCount\":1502,\"publisher\":{\"@id\":\"https:\/\/ffyh.unc.edu.ar\/alfilo\/#organization\"},\"image\":{\"@id\":\"https:\/\/ffyh.unc.edu.ar\/alfilo\/plantas-medicinales-exoticas-coincidencias-entre-el-conocimiento-local-y-el-cientifico\/#primaryimage\"},\"thumbnailUrl\":\"https:\/\/ffyh.unc.edu.ar\/alfilo\/wp-content\/uploads\/sites\/11\/2022\/10\/uso-plantas-medicinales-exoticas-1.jpeg\",\"keywords\":[\"Investigaci\u00f3n\",\"Museo de Antropolog\u00eda\"],\"articleSection\":[\"98\"],\"inLanguage\":\"es\"},{\"@type\":\"WebPage\",\"@id\":\"https:\/\/ffyh.unc.edu.ar\/alfilo\/plantas-medicinales-exoticas-coincidencias-entre-el-conocimiento-local-y-el-cientifico\/\",\"url\":\"https:\/\/ffyh.unc.edu.ar\/alfilo\/plantas-medicinales-exoticas-coincidencias-entre-el-conocimiento-local-y-el-cientifico\/\",\"name\":\"Plantas medicinales ex\u00f3ticas: coincidencias entre el conocimiento local y el cient\u00edfico - Alfilo\",\"isPartOf\":{\"@id\":\"https:\/\/ffyh.unc.edu.ar\/alfilo\/#website\"},\"primaryImageOfPage\":{\"@id\":\"https:\/\/ffyh.unc.edu.ar\/alfilo\/plantas-medicinales-exoticas-coincidencias-entre-el-conocimiento-local-y-el-cientifico\/#primaryimage\"},\"image\":{\"@id\":\"https:\/\/ffyh.unc.edu.ar\/alfilo\/plantas-medicinales-exoticas-coincidencias-entre-el-conocimiento-local-y-el-cientifico\/#primaryimage\"},\"thumbnailUrl\":\"https:\/\/ffyh.unc.edu.ar\/alfilo\/wp-content\/uploads\/sites\/11\/2022\/10\/uso-plantas-medicinales-exoticas-1.jpeg\",\"datePublished\":\"2022-10-05T12:57:49+00:00\",\"dateModified\":\"2023-06-08T17:23:55+00:00\",\"breadcrumb\":{\"@id\":\"https:\/\/ffyh.unc.edu.ar\/alfilo\/plantas-medicinales-exoticas-coincidencias-entre-el-conocimiento-local-y-el-cientifico\/#breadcrumb\"},\"inLanguage\":\"es\",\"potentialAction\":[{\"@type\":\"ReadAction\",\"target\":[\"https:\/\/ffyh.unc.edu.ar\/alfilo\/plantas-medicinales-exoticas-coincidencias-entre-el-conocimiento-local-y-el-cientifico\/\"]}]},{\"@type\":\"ImageObject\",\"inLanguage\":\"es\",\"@id\":\"https:\/\/ffyh.unc.edu.ar\/alfilo\/plantas-medicinales-exoticas-coincidencias-entre-el-conocimiento-local-y-el-cientifico\/#primaryimage\",\"url\":\"https:\/\/ffyh.unc.edu.ar\/alfilo\/wp-content\/uploads\/sites\/11\/2022\/10\/uso-plantas-medicinales-exoticas-1.jpeg\",\"contentUrl\":\"https:\/\/ffyh.unc.edu.ar\/alfilo\/wp-content\/uploads\/sites\/11\/2022\/10\/uso-plantas-medicinales-exoticas-1.jpeg\",\"width\":1600,\"height\":1200},{\"@type\":\"BreadcrumbList\",\"@id\":\"https:\/\/ffyh.unc.edu.ar\/alfilo\/plantas-medicinales-exoticas-coincidencias-entre-el-conocimiento-local-y-el-cientifico\/#breadcrumb\",\"itemListElement\":[{\"@type\":\"ListItem\",\"position\":1,\"name\":\"Portada\",\"item\":\"https:\/\/ffyh.unc.edu.ar\/alfilo\/\"},{\"@type\":\"ListItem\",\"position\":2,\"name\":\"Plantas medicinales ex\u00f3ticas: coincidencias entre el conocimiento local y el cient\u00edfico\"}]},{\"@type\":\"WebSite\",\"@id\":\"https:\/\/ffyh.unc.edu.ar\/alfilo\/#website\",\"url\":\"https:\/\/ffyh.unc.edu.ar\/alfilo\/\",\"name\":\"Alfilo\",\"description\":\"Revista digital de la Facultad de Filosof\u00eda y Humanidades - Universidad Nacional de C\u00f3rdoba\",\"publisher\":{\"@id\":\"https:\/\/ffyh.unc.edu.ar\/alfilo\/#organization\"},\"potentialAction\":[{\"@type\":\"SearchAction\",\"target\":{\"@type\":\"EntryPoint\",\"urlTemplate\":\"https:\/\/ffyh.unc.edu.ar\/alfilo\/?s={search_term_string}\"},\"query-input\":{\"@type\":\"PropertyValueSpecification\",\"valueRequired\":true,\"valueName\":\"search_term_string\"}}],\"inLanguage\":\"es\"},{\"@type\":\"Organization\",\"@id\":\"https:\/\/ffyh.unc.edu.ar\/alfilo\/#organization\",\"name\":\"Alfilo | Revista digital de la Facultad de Filosof\u00eda y Humanidades | UNC\",\"url\":\"https:\/\/ffyh.unc.edu.ar\/alfilo\/\",\"logo\":{\"@type\":\"ImageObject\",\"inLanguage\":\"es\",\"@id\":\"https:\/\/ffyh.unc.edu.ar\/alfilo\/#\/schema\/logo\/image\/\",\"url\":\"https:\/\/ffyh.unc.edu.ar\/alfilo\/wp-content\/uploads\/sites\/11\/2015\/04\/banner-alfilo-2015-ico.jpg\",\"contentUrl\":\"https:\/\/ffyh.unc.edu.ar\/alfilo\/wp-content\/uploads\/sites\/11\/2015\/04\/banner-alfilo-2015-ico.jpg\",\"width\":253,\"height\":128,\"caption\":\"Alfilo | Revista digital de la Facultad de Filosof\u00eda y Humanidades | UNC\"},\"image\":{\"@id\":\"https:\/\/ffyh.unc.edu.ar\/alfilo\/#\/schema\/logo\/image\/\"},\"sameAs\":[\"https:\/\/www.facebook.com\/ffyh.unc\/\",\"https:\/\/x.com\/ffyh_unc\",\"https:\/\/www.instagram.com\/ffyhunc\/\",\"https:\/\/www.youtube.com\/user\/comunicacionfilo\"]},{\"@type\":\"Person\",\"@id\":\"https:\/\/ffyh.unc.edu.ar\/alfilo\/#\/schema\/person\/e6b9f6aec95cb7437bb2fde09e23b224\",\"name\":\"\u00c1rea de Comunicaci\u00f3n - FFyH\",\"image\":{\"@type\":\"ImageObject\",\"inLanguage\":\"es\",\"@id\":\"https:\/\/ffyh.unc.edu.ar\/alfilo\/#\/schema\/person\/image\/\",\"url\":\"https:\/\/secure.gravatar.com\/avatar\/1d896d10b19526e4cb6e972ca0f1b6719a4697e2d88742a801b88b3682d5be75?s=96&d=mm&r=g\",\"contentUrl\":\"https:\/\/secure.gravatar.com\/avatar\/1d896d10b19526e4cb6e972ca0f1b6719a4697e2d88742a801b88b3682d5be75?s=96&d=mm&r=g\",\"caption\":\"\u00c1rea de Comunicaci\u00f3n - FFyH\"},\"url\":\"https:\/\/ffyh.unc.edu.ar\/alfilo\/author\/prensa\/\"}]}<\/script>\n<!-- \/ Yoast SEO plugin. -->","yoast_head_json":{"title":"Plantas medicinales ex\u00f3ticas: coincidencias entre el conocimiento local y el cient\u00edfico - Alfilo","robots":{"index":"index","follow":"follow","max-snippet":"max-snippet:-1","max-image-preview":"max-image-preview:large","max-video-preview":"max-video-preview:-1"},"canonical":"https:\/\/ffyh.unc.edu.ar\/alfilo\/plantas-medicinales-exoticas-coincidencias-entre-el-conocimiento-local-y-el-cientifico\/","og_locale":"es_ES","og_type":"article","og_title":"Plantas medicinales ex\u00f3ticas: coincidencias entre el conocimiento local y el cient\u00edfico - Alfilo","og_description":"En el 94% de los casos, el saber popular sobre las propiedades medicinales de las plantas no nativas coincide con el conocimiento cient\u00edfico. As\u00ed lo determin\u00f3 un trabajo del Instituto de Antropolog\u00eda de C\u00f3rdoba &#8211; Museo de Antropolog\u00edas (UNC\/Conicet) que [Leer m\u00e1s]","og_url":"https:\/\/ffyh.unc.edu.ar\/alfilo\/plantas-medicinales-exoticas-coincidencias-entre-el-conocimiento-local-y-el-cientifico\/","og_site_name":"Alfilo","article_publisher":"https:\/\/www.facebook.com\/ffyh.unc\/","article_published_time":"2022-10-05T12:57:49+00:00","article_modified_time":"2023-06-08T17:23:55+00:00","og_image":[{"width":1600,"height":1200,"url":"http:\/\/ffyh.unc.edu.ar\/alfilo\/wp-content\/uploads\/sites\/11\/2022\/10\/uso-plantas-medicinales-exoticas-1.jpeg","type":"image\/jpeg"}],"author":"\u00c1rea de Comunicaci\u00f3n - FFyH","twitter_card":"summary_large_image","twitter_creator":"@ffyh_unc","twitter_site":"@ffyh_unc","twitter_misc":{"Escrito por":false,"Tiempo de lectura":"7 minutos"},"schema":{"@context":"https:\/\/schema.org","@graph":[{"@type":"Article","@id":"https:\/\/ffyh.unc.edu.ar\/alfilo\/plantas-medicinales-exoticas-coincidencias-entre-el-conocimiento-local-y-el-cientifico\/#article","isPartOf":{"@id":"https:\/\/ffyh.unc.edu.ar\/alfilo\/plantas-medicinales-exoticas-coincidencias-entre-el-conocimiento-local-y-el-cientifico\/"},"author":{"name":"\u00c1rea de Comunicaci\u00f3n - FFyH","@id":"https:\/\/ffyh.unc.edu.ar\/alfilo\/#\/schema\/person\/e6b9f6aec95cb7437bb2fde09e23b224"},"headline":"Plantas medicinales ex\u00f3ticas: coincidencias entre el conocimiento local y el cient\u00edfico","datePublished":"2022-10-05T12:57:49+00:00","dateModified":"2023-06-08T17:23:55+00:00","mainEntityOfPage":{"@id":"https:\/\/ffyh.unc.edu.ar\/alfilo\/plantas-medicinales-exoticas-coincidencias-entre-el-conocimiento-local-y-el-cientifico\/"},"wordCount":1502,"publisher":{"@id":"https:\/\/ffyh.unc.edu.ar\/alfilo\/#organization"},"image":{"@id":"https:\/\/ffyh.unc.edu.ar\/alfilo\/plantas-medicinales-exoticas-coincidencias-entre-el-conocimiento-local-y-el-cientifico\/#primaryimage"},"thumbnailUrl":"https:\/\/ffyh.unc.edu.ar\/alfilo\/wp-content\/uploads\/sites\/11\/2022\/10\/uso-plantas-medicinales-exoticas-1.jpeg","keywords":["Investigaci\u00f3n","Museo de Antropolog\u00eda"],"articleSection":["98"],"inLanguage":"es"},{"@type":"WebPage","@id":"https:\/\/ffyh.unc.edu.ar\/alfilo\/plantas-medicinales-exoticas-coincidencias-entre-el-conocimiento-local-y-el-cientifico\/","url":"https:\/\/ffyh.unc.edu.ar\/alfilo\/plantas-medicinales-exoticas-coincidencias-entre-el-conocimiento-local-y-el-cientifico\/","name":"Plantas medicinales ex\u00f3ticas: coincidencias entre el conocimiento local y el cient\u00edfico - Alfilo","isPartOf":{"@id":"https:\/\/ffyh.unc.edu.ar\/alfilo\/#website"},"primaryImageOfPage":{"@id":"https:\/\/ffyh.unc.edu.ar\/alfilo\/plantas-medicinales-exoticas-coincidencias-entre-el-conocimiento-local-y-el-cientifico\/#primaryimage"},"image":{"@id":"https:\/\/ffyh.unc.edu.ar\/alfilo\/plantas-medicinales-exoticas-coincidencias-entre-el-conocimiento-local-y-el-cientifico\/#primaryimage"},"thumbnailUrl":"https:\/\/ffyh.unc.edu.ar\/alfilo\/wp-content\/uploads\/sites\/11\/2022\/10\/uso-plantas-medicinales-exoticas-1.jpeg","datePublished":"2022-10-05T12:57:49+00:00","dateModified":"2023-06-08T17:23:55+00:00","breadcrumb":{"@id":"https:\/\/ffyh.unc.edu.ar\/alfilo\/plantas-medicinales-exoticas-coincidencias-entre-el-conocimiento-local-y-el-cientifico\/#breadcrumb"},"inLanguage":"es","potentialAction":[{"@type":"ReadAction","target":["https:\/\/ffyh.unc.edu.ar\/alfilo\/plantas-medicinales-exoticas-coincidencias-entre-el-conocimiento-local-y-el-cientifico\/"]}]},{"@type":"ImageObject","inLanguage":"es","@id":"https:\/\/ffyh.unc.edu.ar\/alfilo\/plantas-medicinales-exoticas-coincidencias-entre-el-conocimiento-local-y-el-cientifico\/#primaryimage","url":"https:\/\/ffyh.unc.edu.ar\/alfilo\/wp-content\/uploads\/sites\/11\/2022\/10\/uso-plantas-medicinales-exoticas-1.jpeg","contentUrl":"https:\/\/ffyh.unc.edu.ar\/alfilo\/wp-content\/uploads\/sites\/11\/2022\/10\/uso-plantas-medicinales-exoticas-1.jpeg","width":1600,"height":1200},{"@type":"BreadcrumbList","@id":"https:\/\/ffyh.unc.edu.ar\/alfilo\/plantas-medicinales-exoticas-coincidencias-entre-el-conocimiento-local-y-el-cientifico\/#breadcrumb","itemListElement":[{"@type":"ListItem","position":1,"name":"Portada","item":"https:\/\/ffyh.unc.edu.ar\/alfilo\/"},{"@type":"ListItem","position":2,"name":"Plantas medicinales ex\u00f3ticas: coincidencias entre el conocimiento local y el cient\u00edfico"}]},{"@type":"WebSite","@id":"https:\/\/ffyh.unc.edu.ar\/alfilo\/#website","url":"https:\/\/ffyh.unc.edu.ar\/alfilo\/","name":"Alfilo","description":"Revista digital de la Facultad de Filosof\u00eda y Humanidades - Universidad Nacional de C\u00f3rdoba","publisher":{"@id":"https:\/\/ffyh.unc.edu.ar\/alfilo\/#organization"},"potentialAction":[{"@type":"SearchAction","target":{"@type":"EntryPoint","urlTemplate":"https:\/\/ffyh.unc.edu.ar\/alfilo\/?s={search_term_string}"},"query-input":{"@type":"PropertyValueSpecification","valueRequired":true,"valueName":"search_term_string"}}],"inLanguage":"es"},{"@type":"Organization","@id":"https:\/\/ffyh.unc.edu.ar\/alfilo\/#organization","name":"Alfilo | Revista digital de la Facultad de Filosof\u00eda y Humanidades | UNC","url":"https:\/\/ffyh.unc.edu.ar\/alfilo\/","logo":{"@type":"ImageObject","inLanguage":"es","@id":"https:\/\/ffyh.unc.edu.ar\/alfilo\/#\/schema\/logo\/image\/","url":"https:\/\/ffyh.unc.edu.ar\/alfilo\/wp-content\/uploads\/sites\/11\/2015\/04\/banner-alfilo-2015-ico.jpg","contentUrl":"https:\/\/ffyh.unc.edu.ar\/alfilo\/wp-content\/uploads\/sites\/11\/2015\/04\/banner-alfilo-2015-ico.jpg","width":253,"height":128,"caption":"Alfilo | Revista digital de la Facultad de Filosof\u00eda y Humanidades | UNC"},"image":{"@id":"https:\/\/ffyh.unc.edu.ar\/alfilo\/#\/schema\/logo\/image\/"},"sameAs":["https:\/\/www.facebook.com\/ffyh.unc\/","https:\/\/x.com\/ffyh_unc","https:\/\/www.instagram.com\/ffyhunc\/","https:\/\/www.youtube.com\/user\/comunicacionfilo"]},{"@type":"Person","@id":"https:\/\/ffyh.unc.edu.ar\/alfilo\/#\/schema\/person\/e6b9f6aec95cb7437bb2fde09e23b224","name":"\u00c1rea de Comunicaci\u00f3n - FFyH","image":{"@type":"ImageObject","inLanguage":"es","@id":"https:\/\/ffyh.unc.edu.ar\/alfilo\/#\/schema\/person\/image\/","url":"https:\/\/secure.gravatar.com\/avatar\/1d896d10b19526e4cb6e972ca0f1b6719a4697e2d88742a801b88b3682d5be75?s=96&d=mm&r=g","contentUrl":"https:\/\/secure.gravatar.com\/avatar\/1d896d10b19526e4cb6e972ca0f1b6719a4697e2d88742a801b88b3682d5be75?s=96&d=mm&r=g","caption":"\u00c1rea de Comunicaci\u00f3n - FFyH"},"url":"https:\/\/ffyh.unc.edu.ar\/alfilo\/author\/prensa\/"}]}},"jetpack_featured_media_url":"https:\/\/ffyh.unc.edu.ar\/alfilo\/wp-content\/uploads\/sites\/11\/2022\/10\/uso-plantas-medicinales-exoticas-1.jpeg","jetpack_sharing_enabled":true,"_links":{"self":[{"href":"https:\/\/ffyh.unc.edu.ar\/alfilo\/wp-json\/wp\/v2\/posts\/7632","targetHints":{"allow":["GET"]}}],"collection":[{"href":"https:\/\/ffyh.unc.edu.ar\/alfilo\/wp-json\/wp\/v2\/posts"}],"about":[{"href":"https:\/\/ffyh.unc.edu.ar\/alfilo\/wp-json\/wp\/v2\/types\/post"}],"author":[{"embeddable":true,"href":"https:\/\/ffyh.unc.edu.ar\/alfilo\/wp-json\/wp\/v2\/users\/2"}],"replies":[{"embeddable":true,"href":"https:\/\/ffyh.unc.edu.ar\/alfilo\/wp-json\/wp\/v2\/comments?post=7632"}],"version-history":[{"count":1,"href":"https:\/\/ffyh.unc.edu.ar\/alfilo\/wp-json\/wp\/v2\/posts\/7632\/revisions"}],"predecessor-version":[{"id":7637,"href":"https:\/\/ffyh.unc.edu.ar\/alfilo\/wp-json\/wp\/v2\/posts\/7632\/revisions\/7637"}],"wp:featuredmedia":[{"embeddable":true,"href":"https:\/\/ffyh.unc.edu.ar\/alfilo\/wp-json\/wp\/v2\/media\/7633"}],"wp:attachment":[{"href":"https:\/\/ffyh.unc.edu.ar\/alfilo\/wp-json\/wp\/v2\/media?parent=7632"}],"wp:term":[{"taxonomy":"category","embeddable":true,"href":"https:\/\/ffyh.unc.edu.ar\/alfilo\/wp-json\/wp\/v2\/categories?post=7632"},{"taxonomy":"post_tag","embeddable":true,"href":"https:\/\/ffyh.unc.edu.ar\/alfilo\/wp-json\/wp\/v2\/tags?post=7632"}],"curies":[{"name":"wp","href":"https:\/\/api.w.org\/{rel}","templated":true}]}}