{"id":8056,"date":"2023-06-22T17:23:01","date_gmt":"2023-06-22T17:23:01","guid":{"rendered":"https:\/\/ffyh.unc.edu.ar\/alfilo\/?p=8056"},"modified":"2023-07-04T16:25:16","modified_gmt":"2023-07-04T16:25:16","slug":"especial-20-anos-de-las-fosas-comunes-de-san-vicente-la-memoria-que-no-incomoda-no-sirve-a-la-transformacion-social","status":"publish","type":"post","link":"https:\/\/ffyh.unc.edu.ar\/alfilo\/especial-20-anos-de-las-fosas-comunes-de-san-vicente-la-memoria-que-no-incomoda-no-sirve-a-la-transformacion-social\/","title":{"rendered":"\u201cLa memoria que no incomoda no sirve a la transformaci\u00f3n social\u201d"},"content":{"rendered":"<p><strong><img loading=\"lazy\" decoding=\"async\" class=\"alignright wp-image-8057\" src=\"http:\/\/ffyh.unc.edu.ar\/alfilo\/wp-content\/uploads\/sites\/11\/2023\/06\/vitin-baronetto-conversatorio-4.jpg\" alt=\"\" width=\"450\" height=\"209\" srcset=\"https:\/\/ffyh.unc.edu.ar\/alfilo\/wp-content\/uploads\/sites\/11\/2023\/06\/vitin-baronetto-conversatorio-4.jpg 1024w, https:\/\/ffyh.unc.edu.ar\/alfilo\/wp-content\/uploads\/sites\/11\/2023\/06\/vitin-baronetto-conversatorio-4-300x139.jpg 300w, https:\/\/ffyh.unc.edu.ar\/alfilo\/wp-content\/uploads\/sites\/11\/2023\/06\/vitin-baronetto-conversatorio-4-768x357.jpg 768w\" sizes=\"auto, (max-width: 450px) 100vw, 450px\" \/><span style=\"color: #ff0000\">Especial 20 A\u00f1os de las Fosas Comunes de San Vicente<\/span> | Militante revolucionario, preso pol\u00edtico y ex Secretario de Derechos Humanos de la Municipalidad de C\u00f3rdoba que jur\u00f3 su cargo ante las fosas comunes de San Vicente en 2003, Luis \u201cVit\u00edn\u201d Baronetto propone enfocarse en la dimensi\u00f3n pol\u00edtica de lxs desaparecidxs: \u201cLo que se busc\u00f3 aniquilar, desaparecer y enterrar clandestinamente fue el proyecto pol\u00edtico, al sujeto colectivo, que organizadamente luch\u00f3 para subvertir el orden de los sectores dominantes, tarea que qued\u00f3 inconclusa\u201d. Por eso, invita a pensar \u201cprocesos resurreccionales\u201d que deben encarnarse en nuevos proyectos populares.<\/strong> \u201c<strong>Si la memoria se limita al recuerdo petrificado del pasado, inmoviliza su capacidad transformadora\u201d.<\/strong><\/p>\n<p><!--more--><\/p>\n<p><strong>\u201cQuien deja huellas, jam\u00e1s desaparece\u201d<\/strong> dice el epitafio del Memorial de los Desaparecidos del cementerio San Vicente, inaugurado el 7 de diciembre del 2006 \u00bfCu\u00e1les fueron esas huellas? \u00bfC\u00f3mo vuelven los que fueron llevados? \u00bfPor qu\u00e9 \u201cjam\u00e1s desaparecen\u201d? Creo que hay que poner en debate la calidad de sujetos pol\u00edticos colectivos (no solo v\u00edctimas individuales). Y el proyecto pol\u00edtico. Lo que se pretendi\u00f3 enterrar clandestinamente.<\/p>\n<p>No secuestrados y asesinados &#8211; \u201cdesaparecidos\u201d \u2013 por sus\u00a0 condiciones morales o porque \u201cpensaban distinto\u201d. Sino porque pensaban y actuaban para revertir el \u201cdesorden establecido\u201d. Lo realmente peligroso fueron las \u201cacciones colectivas y organizadas\u201d, que constru\u00edan y ejercitaban nuevos poderes, en la dura lucha contra los poderes f\u00e1cticos de los sectores dominantes. No fueron sujetos individuales. Sus opciones personales se encuadraron en proyectos pol\u00edticos, que se encarnaron en lo colectivo, en organizaciones concretas. Y en la tarea de concretarlos en la transformaci\u00f3n social, fueron eliminados y los proyectos quedaron inconclusos. Hay que analizar la eliminaci\u00f3n, no s\u00f3lo individual de los militantes pol\u00edticos, para reubicar aquellos proyectos inconclusos en las realidades presentes.<\/p>\n<figure id=\"attachment_8058\" aria-describedby=\"caption-attachment-8058\" style=\"width: 1024px\" class=\"wp-caption alignnone\"><img loading=\"lazy\" decoding=\"async\" class=\"wp-image-8058 size-full\" src=\"http:\/\/ffyh.unc.edu.ar\/alfilo\/wp-content\/uploads\/sites\/11\/2023\/06\/vitin-baronetto-conversatorio-1.jpg\" alt=\"\" width=\"1024\" height=\"508\" srcset=\"https:\/\/ffyh.unc.edu.ar\/alfilo\/wp-content\/uploads\/sites\/11\/2023\/06\/vitin-baronetto-conversatorio-1.jpg 1024w, https:\/\/ffyh.unc.edu.ar\/alfilo\/wp-content\/uploads\/sites\/11\/2023\/06\/vitin-baronetto-conversatorio-1-300x149.jpg 300w, https:\/\/ffyh.unc.edu.ar\/alfilo\/wp-content\/uploads\/sites\/11\/2023\/06\/vitin-baronetto-conversatorio-1-768x381.jpg 768w\" sizes=\"auto, (max-width: 1024px) 100vw, 1024px\" \/><figcaption id=\"caption-attachment-8058\" class=\"wp-caption-text\">Luis Baronetto, David Dib y Dar\u00edo Olmo, en el Panel \u00abTras las huellas del pasado: A 20 a\u00f1os de la apertura de las fosas de San Vicente\u00bb, que compartieron con Ana Mariani y Mariana Tello, el 8 de junio en el Pabell\u00f3n Venezuela, organizado por el Departamento de Antropolog\u00eda.<\/figcaption><\/figure>\n<p>Junto a la restituci\u00f3n de la identidad individual, la identidad pol\u00edtica, &#8211; causa del NN \u2013 que los restituye como sujetos hist\u00f3ricos. En la tr\u00edada: identidad individual, opci\u00f3n personal y sujeto pol\u00edtico est\u00e1n las \u201chuellas\u201d que \u201cjam\u00e1s desaparecen\u201d, porque expresan proyectos colectivos y organizados de transformaci\u00f3n social a\u00fan pendientes, que como memorias activan y dinamizan las responsabilidades y compromisos pol\u00edticos de hoy.<\/p>\n<p>Sin cuerpos no existe proyecto pol\u00edtico posible. Y sin proyecto pol\u00edtico encarnado en el cuerpo social de las organizaciones populares, los cuerpos individuales, por m\u00e1s esclarecidos que aparezcan, resultan ineficaces y frustrantes.<\/p>\n<p>Las excavaciones recuperaron cuerpos de asesinados y enterrados como NN. Emergieron de la tierra, donde pensaron sepultarlos neg\u00e1ndoles tanto la identidad personal como la pol\u00edtica. El proceso resurreccional tiene al menos cinco pasos: 1 -La foto de los desentierros es traerlos a nuestro mundo real. 2 &#8211; Poder identificar esos restos \u00f3seos con nombre y apellido es otro paso (a\u00fan a los no identificados). 3 &#8211; Recuperar y redescubrir su militancia pol\u00edtica es otro. Hoy podemos afirmar su existencia real, de familia y de compromiso social y pol\u00edtico. 4 &#8211; El hecho colectivo del Memorial que los alberga, los hace perdurables y nos posibilita encontrarnos all\u00ed, es otra manifestaci\u00f3n. 5 \u2013 Pero siguen como \u201crestos \u00f3seos\u201d al que necesitamos ponerles \u201ccarne\u201d para completar el proceso resurreccional, es decir nueva vida en el proyecto pol\u00edtico encarnado en el cuerpo del pueblo, cuerpos militantes.<\/p>\n<p><img loading=\"lazy\" decoding=\"async\" class=\"size-full wp-image-8059 alignnone\" src=\"http:\/\/ffyh.unc.edu.ar\/alfilo\/wp-content\/uploads\/sites\/11\/2023\/06\/vitin-baronetto-conversatorio-3.jpg\" alt=\"\" width=\"1024\" height=\"586\" srcset=\"https:\/\/ffyh.unc.edu.ar\/alfilo\/wp-content\/uploads\/sites\/11\/2023\/06\/vitin-baronetto-conversatorio-3.jpg 1024w, https:\/\/ffyh.unc.edu.ar\/alfilo\/wp-content\/uploads\/sites\/11\/2023\/06\/vitin-baronetto-conversatorio-3-300x172.jpg 300w, https:\/\/ffyh.unc.edu.ar\/alfilo\/wp-content\/uploads\/sites\/11\/2023\/06\/vitin-baronetto-conversatorio-3-768x440.jpg 768w\" sizes=\"auto, (max-width: 1024px) 100vw, 1024px\" \/><\/p>\n<p>Vuelven a estar presentes de un modo distinto en nuestra vida social y pol\u00edtica. Pero no resurgen en forma pasiva, porque esta nueva presencia es desafiante y debe interpelar a la raz\u00f3n y los sentimientos de las personas nobles, que no viven cerradas en su propia individualidad. Y esto no una idealizaci\u00f3n abstracta, como algunos pudieran pensar. Se trata de presencia real. Las fotos donde aparecieron los restos est\u00e1n, los urnarios donde fueron ubicados tambi\u00e9n. Y esa presencia nos provoca, nos moviliza, nos obliga recordar, nos exige y nos interpela como individuos y como sociedad.<\/p>\n<p>Si creemos en utop\u00edas y horizontes hist\u00f3ricos que trascienden los momentos que vivimos, vale reafirmar los procesos resurreccionales que son propios de la marcha de los pueblos. Se\u00f1alarlos desde la realidad concreta que se pisa, anima y vitaliza sin caer en el utopismo que induce a saltar etapas por sobre lo que va indicando la realidad.<\/p>\n<p>Pero no hay resurrecci\u00f3n sin muerte, que paraliza, descompone y hasta hace desaparecer a los sujetos pol\u00edticos con sus proyecciones de cambio social. Atender estas realidades ayuda a pisar la tierra, sin perder de vista el horizonte.<\/p>\n<p>Que a la mayor\u00eda de las personas identificadas se les haya podido tambi\u00e9n identificarles la pertenencia pol\u00edtica (13 sobre 17 identificados) es completar esa presencia resucitada que emergi\u00f3 del enterramiento clandestino. Estos nuevos modos de presencias militantes abren posibilidades para una memoria integrada, donde confluye el pensamiento colectivo, el debate grupal y especialmente las acciones capaces de modificar realidades de injusticia y opresi\u00f3n.<\/p>\n<figure id=\"attachment_8060\" aria-describedby=\"caption-attachment-8060\" style=\"width: 1024px\" class=\"wp-caption alignnone\"><img loading=\"lazy\" decoding=\"async\" class=\"wp-image-8060 size-full\" src=\"http:\/\/ffyh.unc.edu.ar\/alfilo\/wp-content\/uploads\/sites\/11\/2023\/06\/Memorial-a-los-desparecidos-del-Cementerio-San-Vicente.-Pablo-Torres-Salvucci-2-chica.jpg\" alt=\"\" width=\"1024\" height=\"425\" srcset=\"https:\/\/ffyh.unc.edu.ar\/alfilo\/wp-content\/uploads\/sites\/11\/2023\/06\/Memorial-a-los-desparecidos-del-Cementerio-San-Vicente.-Pablo-Torres-Salvucci-2-chica.jpg 1024w, https:\/\/ffyh.unc.edu.ar\/alfilo\/wp-content\/uploads\/sites\/11\/2023\/06\/Memorial-a-los-desparecidos-del-Cementerio-San-Vicente.-Pablo-Torres-Salvucci-2-chica-300x125.jpg 300w, https:\/\/ffyh.unc.edu.ar\/alfilo\/wp-content\/uploads\/sites\/11\/2023\/06\/Memorial-a-los-desparecidos-del-Cementerio-San-Vicente.-Pablo-Torres-Salvucci-2-chica-768x319.jpg 768w\" sizes=\"auto, (max-width: 1024px) 100vw, 1024px\" \/><figcaption id=\"caption-attachment-8060\" class=\"wp-caption-text\">Cuando fue Secretario de DDHH de la Municipalidad de C\u00f3rdoba, Baronetto impuls\u00f3 la construcci\u00f3n del Memorial a los desparecidos en el Cementerio San Vicente. (Foto: Pablo Torres Salvucci).<\/figcaption><\/figure>\n<p>Si la memoria se limita al recuerdo petrificado del pasado, inmoviliza su capacidad transformadora, necesaria a todo proceso hist\u00f3rico. Si la memoria se reduce a placas, \u201caltares\u201d o mausoleos donde se venera y eleva a los \u201ch\u00e9roes\u201d \u2013 generalmente considerados en forma individual -, se los \u201csacraliza\u201d en el pasado para que no molesten, y se los esterilizan en el presente.<\/p>\n<p>Hay que advertir el riesgo de los \u201chuesos desencarnados\u201d, al quitarles visibilidad a los proyectos pol\u00edticos que encarnaron, m\u00e1s all\u00e1 de errores y aciertos hist\u00f3ricos. Es cuando la memoria conforma a todos; no s\u00f3lo porque no incomoda, sino porque tranquiliza. Una mera evocaci\u00f3n a la heroicidad de v\u00edctimas del terrorismo de estado, una elogiosa reivindicaci\u00f3n de sus virtudes y m\u00e9ritos individuales son maneras de ocultar lo conflictivo del compromiso pol\u00edtico de los desaparecidos, y los proyectos que encarnaron. De \u00faltimas, hacerlos desaparecer otra vez como sujetos pol\u00edticos, lo que revela la \u201cimpotencia pol\u00edtica\u201d para responder a las exigencias actuales de manera creativa y eficiente, sustentados en la memoria de los proyectos inconclusos. La memoria que no incomoda, con todo lo que ello implica, no sirve a proyectos colectivos de transformaci\u00f3n social.<\/p>\n<p style=\"text-align: right\">Por: Luis \u201cVit\u00edn\u201d Baronetto<br \/>\nFotos: Camilo Ratti<\/p>\n<p>&nbsp;<\/p>\n","protected":false},"excerpt":{"rendered":"<div class=\"mh-excerpt\"><p>Especial 20 A\u00f1os de las Fosas Comunes de San Vicente | Militante revolucionario, preso pol\u00edtico y ex Secretario de Derechos Humanos de la Municipalidad de C\u00f3rdoba que jur\u00f3 su cargo ante las fosas comunes de San Vicente en 2003, Luis <a class=\"mh-excerpt-more\" href=\"https:\/\/ffyh.unc.edu.ar\/alfilo\/especial-20-anos-de-las-fosas-comunes-de-san-vicente-la-memoria-que-no-incomoda-no-sirve-a-la-transformacion-social\/\" title=\"\u201cLa memoria que no incomoda no sirve a la transformaci\u00f3n social\u201d\">[Leer m\u00e1s]<\/a><\/p>\n<\/div>","protected":false},"author":2,"featured_media":8057,"comment_status":"closed","ping_status":"closed","sticky":false,"template":"","format":"standard","meta":{"_acf_changed":false,"_monsterinsights_skip_tracking":false,"_monsterinsights_sitenote_active":false,"_monsterinsights_sitenote_note":"","_monsterinsights_sitenote_category":0,"_jetpack_memberships_contains_paid_content":false,"footnotes":""},"categories":[285],"tags":[48,58],"class_list":["post-8056","post","type-post","status-publish","format-standard","has-post-thumbnail","hentry","category-285","tag-antropologia","tag-derechos-humanos"],"acf":[],"yoast_head":"<!-- This site is optimized with the Yoast SEO plugin v27.1.1 - https:\/\/yoast.com\/product\/yoast-seo-wordpress\/ -->\n<title>\u201cLa memoria que no incomoda no sirve a la transformaci\u00f3n social\u201d - Alfilo<\/title>\n<meta name=\"robots\" content=\"index, follow, max-snippet:-1, max-image-preview:large, max-video-preview:-1\" \/>\n<link rel=\"canonical\" href=\"https:\/\/ffyh.unc.edu.ar\/alfilo\/especial-20-anos-de-las-fosas-comunes-de-san-vicente-la-memoria-que-no-incomoda-no-sirve-a-la-transformacion-social\/\" \/>\n<meta property=\"og:locale\" content=\"es_ES\" \/>\n<meta property=\"og:type\" content=\"article\" \/>\n<meta property=\"og:title\" content=\"\u201cLa memoria que no incomoda no sirve a la transformaci\u00f3n social\u201d - Alfilo\" \/>\n<meta property=\"og:description\" content=\"Especial 20 A\u00f1os de las Fosas Comunes de San Vicente | Militante revolucionario, preso pol\u00edtico y ex Secretario de Derechos Humanos de la Municipalidad de C\u00f3rdoba que jur\u00f3 su cargo ante las fosas comunes de San Vicente en 2003, Luis [Leer m\u00e1s]\" \/>\n<meta property=\"og:url\" content=\"https:\/\/ffyh.unc.edu.ar\/alfilo\/especial-20-anos-de-las-fosas-comunes-de-san-vicente-la-memoria-que-no-incomoda-no-sirve-a-la-transformacion-social\/\" \/>\n<meta property=\"og:site_name\" content=\"Alfilo\" \/>\n<meta property=\"article:publisher\" content=\"https:\/\/www.facebook.com\/ffyh.unc\/\" \/>\n<meta property=\"article:published_time\" content=\"2023-06-22T17:23:01+00:00\" \/>\n<meta property=\"article:modified_time\" content=\"2023-07-04T16:25:16+00:00\" \/>\n<meta property=\"og:image\" content=\"http:\/\/ffyh.unc.edu.ar\/alfilo\/wp-content\/uploads\/sites\/11\/2023\/06\/vitin-baronetto-conversatorio-4.jpg\" \/>\n\t<meta property=\"og:image:width\" content=\"1024\" \/>\n\t<meta property=\"og:image:height\" content=\"476\" \/>\n\t<meta property=\"og:image:type\" content=\"image\/jpeg\" \/>\n<meta name=\"author\" content=\"\u00c1rea de Comunicaci\u00f3n - FFyH\" \/>\n<meta name=\"twitter:card\" content=\"summary_large_image\" \/>\n<meta name=\"twitter:creator\" content=\"@ffyh_unc\" \/>\n<meta name=\"twitter:site\" content=\"@ffyh_unc\" \/>\n<meta name=\"twitter:label1\" content=\"Escrito por\" \/>\n\t<meta name=\"twitter:data1\" content=\"\" \/>\n\t<meta name=\"twitter:label2\" content=\"Tiempo de lectura\" \/>\n\t<meta name=\"twitter:data2\" content=\"6 minutos\" \/>\n<script type=\"application\/ld+json\" class=\"yoast-schema-graph\">{\"@context\":\"https:\/\/schema.org\",\"@graph\":[{\"@type\":\"Article\",\"@id\":\"https:\/\/ffyh.unc.edu.ar\/alfilo\/especial-20-anos-de-las-fosas-comunes-de-san-vicente-la-memoria-que-no-incomoda-no-sirve-a-la-transformacion-social\/#article\",\"isPartOf\":{\"@id\":\"https:\/\/ffyh.unc.edu.ar\/alfilo\/especial-20-anos-de-las-fosas-comunes-de-san-vicente-la-memoria-que-no-incomoda-no-sirve-a-la-transformacion-social\/\"},\"author\":{\"name\":\"\u00c1rea de Comunicaci\u00f3n - FFyH\",\"@id\":\"https:\/\/ffyh.unc.edu.ar\/alfilo\/#\/schema\/person\/e6b9f6aec95cb7437bb2fde09e23b224\"},\"headline\":\"\u201cLa memoria que no incomoda no sirve a la transformaci\u00f3n social\u201d\",\"datePublished\":\"2023-06-22T17:23:01+00:00\",\"dateModified\":\"2023-07-04T16:25:16+00:00\",\"mainEntityOfPage\":{\"@id\":\"https:\/\/ffyh.unc.edu.ar\/alfilo\/especial-20-anos-de-las-fosas-comunes-de-san-vicente-la-memoria-que-no-incomoda-no-sirve-a-la-transformacion-social\/\"},\"wordCount\":1135,\"publisher\":{\"@id\":\"https:\/\/ffyh.unc.edu.ar\/alfilo\/#organization\"},\"image\":{\"@id\":\"https:\/\/ffyh.unc.edu.ar\/alfilo\/especial-20-anos-de-las-fosas-comunes-de-san-vicente-la-memoria-que-no-incomoda-no-sirve-a-la-transformacion-social\/#primaryimage\"},\"thumbnailUrl\":\"https:\/\/ffyh.unc.edu.ar\/alfilo\/wp-content\/uploads\/sites\/11\/2023\/06\/vitin-baronetto-conversatorio-4.jpg\",\"keywords\":[\"Antropolog\u00eda\",\"Derechos Humanos\"],\"articleSection\":[\"102\"],\"inLanguage\":\"es\"},{\"@type\":\"WebPage\",\"@id\":\"https:\/\/ffyh.unc.edu.ar\/alfilo\/especial-20-anos-de-las-fosas-comunes-de-san-vicente-la-memoria-que-no-incomoda-no-sirve-a-la-transformacion-social\/\",\"url\":\"https:\/\/ffyh.unc.edu.ar\/alfilo\/especial-20-anos-de-las-fosas-comunes-de-san-vicente-la-memoria-que-no-incomoda-no-sirve-a-la-transformacion-social\/\",\"name\":\"\u201cLa memoria que no incomoda no sirve a la transformaci\u00f3n social\u201d - Alfilo\",\"isPartOf\":{\"@id\":\"https:\/\/ffyh.unc.edu.ar\/alfilo\/#website\"},\"primaryImageOfPage\":{\"@id\":\"https:\/\/ffyh.unc.edu.ar\/alfilo\/especial-20-anos-de-las-fosas-comunes-de-san-vicente-la-memoria-que-no-incomoda-no-sirve-a-la-transformacion-social\/#primaryimage\"},\"image\":{\"@id\":\"https:\/\/ffyh.unc.edu.ar\/alfilo\/especial-20-anos-de-las-fosas-comunes-de-san-vicente-la-memoria-que-no-incomoda-no-sirve-a-la-transformacion-social\/#primaryimage\"},\"thumbnailUrl\":\"https:\/\/ffyh.unc.edu.ar\/alfilo\/wp-content\/uploads\/sites\/11\/2023\/06\/vitin-baronetto-conversatorio-4.jpg\",\"datePublished\":\"2023-06-22T17:23:01+00:00\",\"dateModified\":\"2023-07-04T16:25:16+00:00\",\"breadcrumb\":{\"@id\":\"https:\/\/ffyh.unc.edu.ar\/alfilo\/especial-20-anos-de-las-fosas-comunes-de-san-vicente-la-memoria-que-no-incomoda-no-sirve-a-la-transformacion-social\/#breadcrumb\"},\"inLanguage\":\"es\",\"potentialAction\":[{\"@type\":\"ReadAction\",\"target\":[\"https:\/\/ffyh.unc.edu.ar\/alfilo\/especial-20-anos-de-las-fosas-comunes-de-san-vicente-la-memoria-que-no-incomoda-no-sirve-a-la-transformacion-social\/\"]}]},{\"@type\":\"ImageObject\",\"inLanguage\":\"es\",\"@id\":\"https:\/\/ffyh.unc.edu.ar\/alfilo\/especial-20-anos-de-las-fosas-comunes-de-san-vicente-la-memoria-que-no-incomoda-no-sirve-a-la-transformacion-social\/#primaryimage\",\"url\":\"https:\/\/ffyh.unc.edu.ar\/alfilo\/wp-content\/uploads\/sites\/11\/2023\/06\/vitin-baronetto-conversatorio-4.jpg\",\"contentUrl\":\"https:\/\/ffyh.unc.edu.ar\/alfilo\/wp-content\/uploads\/sites\/11\/2023\/06\/vitin-baronetto-conversatorio-4.jpg\",\"width\":1024,\"height\":476},{\"@type\":\"BreadcrumbList\",\"@id\":\"https:\/\/ffyh.unc.edu.ar\/alfilo\/especial-20-anos-de-las-fosas-comunes-de-san-vicente-la-memoria-que-no-incomoda-no-sirve-a-la-transformacion-social\/#breadcrumb\",\"itemListElement\":[{\"@type\":\"ListItem\",\"position\":1,\"name\":\"Portada\",\"item\":\"https:\/\/ffyh.unc.edu.ar\/alfilo\/\"},{\"@type\":\"ListItem\",\"position\":2,\"name\":\"\u201cLa memoria que no incomoda no sirve a la transformaci\u00f3n social\u201d\"}]},{\"@type\":\"WebSite\",\"@id\":\"https:\/\/ffyh.unc.edu.ar\/alfilo\/#website\",\"url\":\"https:\/\/ffyh.unc.edu.ar\/alfilo\/\",\"name\":\"Alfilo\",\"description\":\"Revista digital de la Facultad de Filosof\u00eda y Humanidades - Universidad Nacional de C\u00f3rdoba\",\"publisher\":{\"@id\":\"https:\/\/ffyh.unc.edu.ar\/alfilo\/#organization\"},\"potentialAction\":[{\"@type\":\"SearchAction\",\"target\":{\"@type\":\"EntryPoint\",\"urlTemplate\":\"https:\/\/ffyh.unc.edu.ar\/alfilo\/?s={search_term_string}\"},\"query-input\":{\"@type\":\"PropertyValueSpecification\",\"valueRequired\":true,\"valueName\":\"search_term_string\"}}],\"inLanguage\":\"es\"},{\"@type\":\"Organization\",\"@id\":\"https:\/\/ffyh.unc.edu.ar\/alfilo\/#organization\",\"name\":\"Alfilo | Revista digital de la Facultad de Filosof\u00eda y Humanidades | UNC\",\"url\":\"https:\/\/ffyh.unc.edu.ar\/alfilo\/\",\"logo\":{\"@type\":\"ImageObject\",\"inLanguage\":\"es\",\"@id\":\"https:\/\/ffyh.unc.edu.ar\/alfilo\/#\/schema\/logo\/image\/\",\"url\":\"https:\/\/ffyh.unc.edu.ar\/alfilo\/wp-content\/uploads\/sites\/11\/2015\/04\/banner-alfilo-2015-ico.jpg\",\"contentUrl\":\"https:\/\/ffyh.unc.edu.ar\/alfilo\/wp-content\/uploads\/sites\/11\/2015\/04\/banner-alfilo-2015-ico.jpg\",\"width\":253,\"height\":128,\"caption\":\"Alfilo | Revista digital de la Facultad de Filosof\u00eda y Humanidades | UNC\"},\"image\":{\"@id\":\"https:\/\/ffyh.unc.edu.ar\/alfilo\/#\/schema\/logo\/image\/\"},\"sameAs\":[\"https:\/\/www.facebook.com\/ffyh.unc\/\",\"https:\/\/x.com\/ffyh_unc\",\"https:\/\/www.instagram.com\/ffyhunc\/\",\"https:\/\/www.youtube.com\/user\/comunicacionfilo\"]},{\"@type\":\"Person\",\"@id\":\"https:\/\/ffyh.unc.edu.ar\/alfilo\/#\/schema\/person\/e6b9f6aec95cb7437bb2fde09e23b224\",\"name\":\"\u00c1rea de Comunicaci\u00f3n - FFyH\",\"image\":{\"@type\":\"ImageObject\",\"inLanguage\":\"es\",\"@id\":\"https:\/\/ffyh.unc.edu.ar\/alfilo\/#\/schema\/person\/image\/\",\"url\":\"https:\/\/secure.gravatar.com\/avatar\/1d896d10b19526e4cb6e972ca0f1b6719a4697e2d88742a801b88b3682d5be75?s=96&d=mm&r=g\",\"contentUrl\":\"https:\/\/secure.gravatar.com\/avatar\/1d896d10b19526e4cb6e972ca0f1b6719a4697e2d88742a801b88b3682d5be75?s=96&d=mm&r=g\",\"caption\":\"\u00c1rea de Comunicaci\u00f3n - FFyH\"},\"url\":\"https:\/\/ffyh.unc.edu.ar\/alfilo\/author\/prensa\/\"}]}<\/script>\n<!-- \/ Yoast SEO plugin. -->","yoast_head_json":{"title":"\u201cLa memoria que no incomoda no sirve a la transformaci\u00f3n social\u201d - Alfilo","robots":{"index":"index","follow":"follow","max-snippet":"max-snippet:-1","max-image-preview":"max-image-preview:large","max-video-preview":"max-video-preview:-1"},"canonical":"https:\/\/ffyh.unc.edu.ar\/alfilo\/especial-20-anos-de-las-fosas-comunes-de-san-vicente-la-memoria-que-no-incomoda-no-sirve-a-la-transformacion-social\/","og_locale":"es_ES","og_type":"article","og_title":"\u201cLa memoria que no incomoda no sirve a la transformaci\u00f3n social\u201d - Alfilo","og_description":"Especial 20 A\u00f1os de las Fosas Comunes de San Vicente | Militante revolucionario, preso pol\u00edtico y ex Secretario de Derechos Humanos de la Municipalidad de C\u00f3rdoba que jur\u00f3 su cargo ante las fosas comunes de San Vicente en 2003, Luis [Leer m\u00e1s]","og_url":"https:\/\/ffyh.unc.edu.ar\/alfilo\/especial-20-anos-de-las-fosas-comunes-de-san-vicente-la-memoria-que-no-incomoda-no-sirve-a-la-transformacion-social\/","og_site_name":"Alfilo","article_publisher":"https:\/\/www.facebook.com\/ffyh.unc\/","article_published_time":"2023-06-22T17:23:01+00:00","article_modified_time":"2023-07-04T16:25:16+00:00","og_image":[{"width":1024,"height":476,"url":"http:\/\/ffyh.unc.edu.ar\/alfilo\/wp-content\/uploads\/sites\/11\/2023\/06\/vitin-baronetto-conversatorio-4.jpg","type":"image\/jpeg"}],"author":"\u00c1rea de Comunicaci\u00f3n - FFyH","twitter_card":"summary_large_image","twitter_creator":"@ffyh_unc","twitter_site":"@ffyh_unc","twitter_misc":{"Escrito por":false,"Tiempo de lectura":"6 minutos"},"schema":{"@context":"https:\/\/schema.org","@graph":[{"@type":"Article","@id":"https:\/\/ffyh.unc.edu.ar\/alfilo\/especial-20-anos-de-las-fosas-comunes-de-san-vicente-la-memoria-que-no-incomoda-no-sirve-a-la-transformacion-social\/#article","isPartOf":{"@id":"https:\/\/ffyh.unc.edu.ar\/alfilo\/especial-20-anos-de-las-fosas-comunes-de-san-vicente-la-memoria-que-no-incomoda-no-sirve-a-la-transformacion-social\/"},"author":{"name":"\u00c1rea de Comunicaci\u00f3n - FFyH","@id":"https:\/\/ffyh.unc.edu.ar\/alfilo\/#\/schema\/person\/e6b9f6aec95cb7437bb2fde09e23b224"},"headline":"\u201cLa memoria que no incomoda no sirve a la transformaci\u00f3n social\u201d","datePublished":"2023-06-22T17:23:01+00:00","dateModified":"2023-07-04T16:25:16+00:00","mainEntityOfPage":{"@id":"https:\/\/ffyh.unc.edu.ar\/alfilo\/especial-20-anos-de-las-fosas-comunes-de-san-vicente-la-memoria-que-no-incomoda-no-sirve-a-la-transformacion-social\/"},"wordCount":1135,"publisher":{"@id":"https:\/\/ffyh.unc.edu.ar\/alfilo\/#organization"},"image":{"@id":"https:\/\/ffyh.unc.edu.ar\/alfilo\/especial-20-anos-de-las-fosas-comunes-de-san-vicente-la-memoria-que-no-incomoda-no-sirve-a-la-transformacion-social\/#primaryimage"},"thumbnailUrl":"https:\/\/ffyh.unc.edu.ar\/alfilo\/wp-content\/uploads\/sites\/11\/2023\/06\/vitin-baronetto-conversatorio-4.jpg","keywords":["Antropolog\u00eda","Derechos Humanos"],"articleSection":["102"],"inLanguage":"es"},{"@type":"WebPage","@id":"https:\/\/ffyh.unc.edu.ar\/alfilo\/especial-20-anos-de-las-fosas-comunes-de-san-vicente-la-memoria-que-no-incomoda-no-sirve-a-la-transformacion-social\/","url":"https:\/\/ffyh.unc.edu.ar\/alfilo\/especial-20-anos-de-las-fosas-comunes-de-san-vicente-la-memoria-que-no-incomoda-no-sirve-a-la-transformacion-social\/","name":"\u201cLa memoria que no incomoda no sirve a la transformaci\u00f3n social\u201d - Alfilo","isPartOf":{"@id":"https:\/\/ffyh.unc.edu.ar\/alfilo\/#website"},"primaryImageOfPage":{"@id":"https:\/\/ffyh.unc.edu.ar\/alfilo\/especial-20-anos-de-las-fosas-comunes-de-san-vicente-la-memoria-que-no-incomoda-no-sirve-a-la-transformacion-social\/#primaryimage"},"image":{"@id":"https:\/\/ffyh.unc.edu.ar\/alfilo\/especial-20-anos-de-las-fosas-comunes-de-san-vicente-la-memoria-que-no-incomoda-no-sirve-a-la-transformacion-social\/#primaryimage"},"thumbnailUrl":"https:\/\/ffyh.unc.edu.ar\/alfilo\/wp-content\/uploads\/sites\/11\/2023\/06\/vitin-baronetto-conversatorio-4.jpg","datePublished":"2023-06-22T17:23:01+00:00","dateModified":"2023-07-04T16:25:16+00:00","breadcrumb":{"@id":"https:\/\/ffyh.unc.edu.ar\/alfilo\/especial-20-anos-de-las-fosas-comunes-de-san-vicente-la-memoria-que-no-incomoda-no-sirve-a-la-transformacion-social\/#breadcrumb"},"inLanguage":"es","potentialAction":[{"@type":"ReadAction","target":["https:\/\/ffyh.unc.edu.ar\/alfilo\/especial-20-anos-de-las-fosas-comunes-de-san-vicente-la-memoria-que-no-incomoda-no-sirve-a-la-transformacion-social\/"]}]},{"@type":"ImageObject","inLanguage":"es","@id":"https:\/\/ffyh.unc.edu.ar\/alfilo\/especial-20-anos-de-las-fosas-comunes-de-san-vicente-la-memoria-que-no-incomoda-no-sirve-a-la-transformacion-social\/#primaryimage","url":"https:\/\/ffyh.unc.edu.ar\/alfilo\/wp-content\/uploads\/sites\/11\/2023\/06\/vitin-baronetto-conversatorio-4.jpg","contentUrl":"https:\/\/ffyh.unc.edu.ar\/alfilo\/wp-content\/uploads\/sites\/11\/2023\/06\/vitin-baronetto-conversatorio-4.jpg","width":1024,"height":476},{"@type":"BreadcrumbList","@id":"https:\/\/ffyh.unc.edu.ar\/alfilo\/especial-20-anos-de-las-fosas-comunes-de-san-vicente-la-memoria-que-no-incomoda-no-sirve-a-la-transformacion-social\/#breadcrumb","itemListElement":[{"@type":"ListItem","position":1,"name":"Portada","item":"https:\/\/ffyh.unc.edu.ar\/alfilo\/"},{"@type":"ListItem","position":2,"name":"\u201cLa memoria que no incomoda no sirve a la transformaci\u00f3n social\u201d"}]},{"@type":"WebSite","@id":"https:\/\/ffyh.unc.edu.ar\/alfilo\/#website","url":"https:\/\/ffyh.unc.edu.ar\/alfilo\/","name":"Alfilo","description":"Revista digital de la Facultad de Filosof\u00eda y Humanidades - Universidad Nacional de C\u00f3rdoba","publisher":{"@id":"https:\/\/ffyh.unc.edu.ar\/alfilo\/#organization"},"potentialAction":[{"@type":"SearchAction","target":{"@type":"EntryPoint","urlTemplate":"https:\/\/ffyh.unc.edu.ar\/alfilo\/?s={search_term_string}"},"query-input":{"@type":"PropertyValueSpecification","valueRequired":true,"valueName":"search_term_string"}}],"inLanguage":"es"},{"@type":"Organization","@id":"https:\/\/ffyh.unc.edu.ar\/alfilo\/#organization","name":"Alfilo | Revista digital de la Facultad de Filosof\u00eda y Humanidades | UNC","url":"https:\/\/ffyh.unc.edu.ar\/alfilo\/","logo":{"@type":"ImageObject","inLanguage":"es","@id":"https:\/\/ffyh.unc.edu.ar\/alfilo\/#\/schema\/logo\/image\/","url":"https:\/\/ffyh.unc.edu.ar\/alfilo\/wp-content\/uploads\/sites\/11\/2015\/04\/banner-alfilo-2015-ico.jpg","contentUrl":"https:\/\/ffyh.unc.edu.ar\/alfilo\/wp-content\/uploads\/sites\/11\/2015\/04\/banner-alfilo-2015-ico.jpg","width":253,"height":128,"caption":"Alfilo | Revista digital de la Facultad de Filosof\u00eda y Humanidades | UNC"},"image":{"@id":"https:\/\/ffyh.unc.edu.ar\/alfilo\/#\/schema\/logo\/image\/"},"sameAs":["https:\/\/www.facebook.com\/ffyh.unc\/","https:\/\/x.com\/ffyh_unc","https:\/\/www.instagram.com\/ffyhunc\/","https:\/\/www.youtube.com\/user\/comunicacionfilo"]},{"@type":"Person","@id":"https:\/\/ffyh.unc.edu.ar\/alfilo\/#\/schema\/person\/e6b9f6aec95cb7437bb2fde09e23b224","name":"\u00c1rea de Comunicaci\u00f3n - FFyH","image":{"@type":"ImageObject","inLanguage":"es","@id":"https:\/\/ffyh.unc.edu.ar\/alfilo\/#\/schema\/person\/image\/","url":"https:\/\/secure.gravatar.com\/avatar\/1d896d10b19526e4cb6e972ca0f1b6719a4697e2d88742a801b88b3682d5be75?s=96&d=mm&r=g","contentUrl":"https:\/\/secure.gravatar.com\/avatar\/1d896d10b19526e4cb6e972ca0f1b6719a4697e2d88742a801b88b3682d5be75?s=96&d=mm&r=g","caption":"\u00c1rea de Comunicaci\u00f3n - FFyH"},"url":"https:\/\/ffyh.unc.edu.ar\/alfilo\/author\/prensa\/"}]}},"jetpack_featured_media_url":"https:\/\/ffyh.unc.edu.ar\/alfilo\/wp-content\/uploads\/sites\/11\/2023\/06\/vitin-baronetto-conversatorio-4.jpg","jetpack_sharing_enabled":true,"_links":{"self":[{"href":"https:\/\/ffyh.unc.edu.ar\/alfilo\/wp-json\/wp\/v2\/posts\/8056","targetHints":{"allow":["GET"]}}],"collection":[{"href":"https:\/\/ffyh.unc.edu.ar\/alfilo\/wp-json\/wp\/v2\/posts"}],"about":[{"href":"https:\/\/ffyh.unc.edu.ar\/alfilo\/wp-json\/wp\/v2\/types\/post"}],"author":[{"embeddable":true,"href":"https:\/\/ffyh.unc.edu.ar\/alfilo\/wp-json\/wp\/v2\/users\/2"}],"replies":[{"embeddable":true,"href":"https:\/\/ffyh.unc.edu.ar\/alfilo\/wp-json\/wp\/v2\/comments?post=8056"}],"version-history":[{"count":2,"href":"https:\/\/ffyh.unc.edu.ar\/alfilo\/wp-json\/wp\/v2\/posts\/8056\/revisions"}],"predecessor-version":[{"id":8062,"href":"https:\/\/ffyh.unc.edu.ar\/alfilo\/wp-json\/wp\/v2\/posts\/8056\/revisions\/8062"}],"wp:featuredmedia":[{"embeddable":true,"href":"https:\/\/ffyh.unc.edu.ar\/alfilo\/wp-json\/wp\/v2\/media\/8057"}],"wp:attachment":[{"href":"https:\/\/ffyh.unc.edu.ar\/alfilo\/wp-json\/wp\/v2\/media?parent=8056"}],"wp:term":[{"taxonomy":"category","embeddable":true,"href":"https:\/\/ffyh.unc.edu.ar\/alfilo\/wp-json\/wp\/v2\/categories?post=8056"},{"taxonomy":"post_tag","embeddable":true,"href":"https:\/\/ffyh.unc.edu.ar\/alfilo\/wp-json\/wp\/v2\/tags?post=8056"}],"curies":[{"name":"wp","href":"https:\/\/api.w.org\/{rel}","templated":true}]}}