{"id":8620,"date":"2024-03-26T14:43:22","date_gmt":"2024-03-26T14:43:22","guid":{"rendered":"https:\/\/ffyh.unc.edu.ar\/alfilo\/?p=8620"},"modified":"2024-03-26T17:09:18","modified_gmt":"2024-03-26T17:09:18","slug":"necesitamos-poner-a-prueba-y-socializar-nuestras-practicas-de-investigacion-en-otras-academias-e-instituciones-del-mundo","status":"publish","type":"post","link":"https:\/\/ffyh.unc.edu.ar\/alfilo\/necesitamos-poner-a-prueba-y-socializar-nuestras-practicas-de-investigacion-en-otras-academias-e-instituciones-del-mundo\/","title":{"rendered":"\u201cNecesitamos poner a prueba y socializar nuestras pr\u00e1cticas de investigaci\u00f3n en otras academias e instituciones del mundo\u201d"},"content":{"rendered":"<p><strong><img loading=\"lazy\" decoding=\"async\" class=\"alignright wp-image-8627\" src=\"http:\/\/ffyh.unc.edu.ar\/alfilo\/wp-content\/uploads\/sites\/11\/2024\/03\/katia-viera-hernandez-5.jpeg\" alt=\"\" width=\"450\" height=\"300\" srcset=\"https:\/\/ffyh.unc.edu.ar\/alfilo\/wp-content\/uploads\/sites\/11\/2024\/03\/katia-viera-hernandez-5.jpeg 1280w, https:\/\/ffyh.unc.edu.ar\/alfilo\/wp-content\/uploads\/sites\/11\/2024\/03\/katia-viera-hernandez-5-300x200.jpeg 300w, https:\/\/ffyh.unc.edu.ar\/alfilo\/wp-content\/uploads\/sites\/11\/2024\/03\/katia-viera-hernandez-5-1024x682.jpeg 1024w, https:\/\/ffyh.unc.edu.ar\/alfilo\/wp-content\/uploads\/sites\/11\/2024\/03\/katia-viera-hernandez-5-768x512.jpeg 768w\" sizes=\"auto, (max-width: 450px) 100vw, 450px\" \/>Katia Viera Hern\u00e1ndez es Doctora en Letras, recibida en la Facultad de Filosof\u00eda y Humanidades en 2023, y obtuvo la menci\u00f3n honoraria en el Premio a la Mejor Tesis de Doctorado en Estudios Cubanos que otorga la Asociaci\u00f3n de Estudios Latinoamericanos (LASA), por su tesis \u201cLa Habana en escrituras recientes producidas en Cuba. Dazra Novak, Ahmel Echevarr\u00eda y Jorge Enrique Lage\u201d.<\/strong><\/p>\n<p><!--more--><\/p>\n<p>El 13 de marzo de 2024, la Secci\u00f3n Cuba de la Asociaci\u00f3n de Estudios Latinoamericanos (Latin American Studies Association-LASA) dio a conocer los premios a la mejor tesis de doctorado en Estudios Cubanos, cuyo jurado estuvo constituido por Jorge Fornet, Myrna Garc\u00eda-Calder\u00f3n y Guillermo Grenier.<\/p>\n<p>La Asociaci\u00f3n de Estudios Latinoamericanos es la asociaci\u00f3n profesional m\u00e1s grande del mundo para personas e instituciones dedicadas al estudio de Am\u00e9rica Latina.\u00a0Con m\u00e1s de 13.000 miembros, m\u00e1s del 60% de los cuales residen fuera de los Estados Unidos, LASA es la \u00fanica asociaci\u00f3n que re\u00fane a expertos en Am\u00e9rica Latina de todas las disciplinas y diversas ocupaciones en todo el mundo. Su misi\u00f3n es fomentar el debate intelectual, la investigaci\u00f3n y la ense\u00f1anza sobre Am\u00e9rica Latina, el Caribe y su gente en todo el continente americano, promover los intereses de sus diversos miembros y fomentar la participaci\u00f3n c\u00edvica a trav\u00e9s de la construcci\u00f3n de redes y el debate p\u00fablico.<\/p>\n<p>Si bien el ganador fue Daniel J. Fern\u00e1ndez Guevara, por su trabajo \u201cComrades and Internationalists: Forging Identity and Cuban Solidarity with the other Spain, 1902-1961\u201d, la Facultad de Filosof\u00eda y Humanidades de la UNC estuvo muy bien representada porque la tesis de Doctorado en Letras de Katia Viera Hern\u00e1ndez, titulada \u201cLa Habana en escrituras recientes producidas en Cuba. Dazra Novak, Ahmel Echevarr\u00eda y Jorge Enrique Lage\u201d, obtuvo la menci\u00f3n honoraria.<\/p>\n<p><img loading=\"lazy\" decoding=\"async\" class=\"alignnone size-full wp-image-8628\" src=\"http:\/\/ffyh.unc.edu.ar\/alfilo\/wp-content\/uploads\/sites\/11\/2024\/03\/katia-viera-hernandez-4.jpeg\" alt=\"\" width=\"960\" height=\"529\" srcset=\"https:\/\/ffyh.unc.edu.ar\/alfilo\/wp-content\/uploads\/sites\/11\/2024\/03\/katia-viera-hernandez-4.jpeg 960w, https:\/\/ffyh.unc.edu.ar\/alfilo\/wp-content\/uploads\/sites\/11\/2024\/03\/katia-viera-hernandez-4-300x165.jpeg 300w, https:\/\/ffyh.unc.edu.ar\/alfilo\/wp-content\/uploads\/sites\/11\/2024\/03\/katia-viera-hernandez-4-768x423.jpeg 768w\" sizes=\"auto, (max-width: 960px) 100vw, 960px\" \/><\/p>\n<p>\u201cEsta aguda reflexi\u00f3n sobre las propuestas literarias de algunos de los m\u00e1s notables escritores j\u00f3venes de Cuba, permite a su autora pensar conflictos de la sociedad cubana de hoy. Su proyecto ausculta y difunde la labor de un grupo que ofrece miradas m\u00faltiples y alternativas al cuerpo escriturario de las d\u00e9cadas m\u00e1s recientes. De manera muy eficaz, Viera los estudia a contrapelo de lecturas m\u00e1s chatas. Ha pensado su proyecto desde presupuestos te\u00f3ricos que tambi\u00e9n reflejan el impacto de los Estudios Culturales. Su lectura rompe con axiomas personales espaciales (aqu\u00ed\/all\u00e1, dentro y fuera, fronteras reales e imaginarias)\u201d, se\u00f1al\u00f3 el jurado en su dictamen.<\/p>\n<p><strong>\u201cJam\u00e1s me he sentido una extra\u00f1a\u201d<\/strong><\/p>\n<p>Katia naci\u00f3 en La Habana y es licenciada en Letras por la Universidad de la capital cubana. Lleg\u00f3 a C\u00f3rdoba en el a\u00f1o 2016 becada por CONICET para llevar adelante esta investigaci\u00f3n que mereci\u00f3 un reconocimiento internacional. \u201cMi inter\u00e9s por Cuba hist\u00f3ricamente ha sido tambi\u00e9n el inter\u00e9s por asumir con responsabilidad el destino cultural de esa naci\u00f3n, del Caribe y de c\u00f3mo estas \u00e1reas geoculturales entran en contacto con Am\u00e9rica Latina. En ese sentido, Casa de las Am\u00e9ricas es quiz\u00e1s -adem\u00e1s de la Facultad de Artes y Letras de la Universidad de La Habana- la instituci\u00f3n que gener\u00f3 en m\u00ed ese acercamiento, entusiasmo y seducci\u00f3n constantes por Am\u00e9rica Latina y el Caribe. Pienso que ese lugar de nacimiento y tambi\u00e9n de enunciaci\u00f3n\/formaci\u00f3n es indicial en la elecci\u00f3n del tema que investigu\u00e9 y tambi\u00e9n desde donde lo hice\u201d, cuenta a Alfilo.<\/p>\n<p>Actualmente, adem\u00e1s de participar del equipo de investigaci\u00f3n de Nancy Calomarde, quien dirigi\u00f3 su tesis de Doctorado, en el Centro de Investigaciones de la FFyH, es becaria posdoctoral del Centro de Investigaciones y Transferencia de CONICET en la Universidad Nacional de Villa Mar\u00eda. All\u00ed, adem\u00e1s de participar de equipos de investigaci\u00f3n, lleva adelante su investigaci\u00f3n posdoctoral que se pregunta por los protocolos de la cr\u00edtica literaria cuando se acerca a la literatura cubana reciente.<\/p>\n<p><img loading=\"lazy\" decoding=\"async\" class=\"alignnone size-full wp-image-8623\" src=\"http:\/\/ffyh.unc.edu.ar\/alfilo\/wp-content\/uploads\/sites\/11\/2024\/03\/katia-hernandez-3.jpeg\" alt=\"\" width=\"1024\" height=\"536\" srcset=\"https:\/\/ffyh.unc.edu.ar\/alfilo\/wp-content\/uploads\/sites\/11\/2024\/03\/katia-hernandez-3.jpeg 1024w, https:\/\/ffyh.unc.edu.ar\/alfilo\/wp-content\/uploads\/sites\/11\/2024\/03\/katia-hernandez-3-300x157.jpeg 300w, https:\/\/ffyh.unc.edu.ar\/alfilo\/wp-content\/uploads\/sites\/11\/2024\/03\/katia-hernandez-3-768x402.jpeg 768w\" sizes=\"auto, (max-width: 1024px) 100vw, 1024px\" \/><\/p>\n<p>\u201cAl trasladarme a C\u00f3rdoba y poder dialogar con mis compa\u00f1eras y compa\u00f1eros de equipo de investigaci\u00f3n y de c\u00e1tedra estos intereses fueron creciendo y expandi\u00e9ndose a\u00fan m\u00e1s. Desde que llegu\u00e9 a la Facultad de Filosof\u00eda y Humanidades de la UNC siempre he dicho que jam\u00e1s me he sentido una extranjera\/una extra\u00f1a. Creo que eso se debe en gran medida a la profunda solidaridad y el hondo respeto por la cultura de Cuba y tambi\u00e9n de Am\u00e9rica Latina y el Caribe que sostenemos con mis compa\u00f1eros\/compa\u00f1eras del Equipo y del Programa de Investigaci\u00f3n que han liderado las Dras. Nancy Calomarde, Roxana Pati\u00f1o, Luciana Sastre y Mar\u00eda Jos\u00e9 Sabo y con quienes hemos sido, incansablemente, adscriptas\/os y ayudantes alumnas\/os en las C\u00e1tedras de Literatura Latinoamericana I y Literatura Latinoamericana II de la UNC. Luego, me sum\u00e9 al equipo de C\u00e1tedra de Teor\u00eda y Metodolog\u00eda de la Investigaci\u00f3n Literaria II, tambi\u00e9n de la UNC, con la Dra. Susana G\u00f3mez (Suny) y la Dra. Alicia Vaggione y la sensaci\u00f3n es la misma\u201d, relata Katia.<\/p>\n<ul>\n<li><strong>A pesar de vivir en Argentina desde hace bastante tiempo, de alguna manera tu trabajo de investigaci\u00f3n sigue ligado a tus or\u00edgenes.<\/strong><\/li>\n<\/ul>\n<p>Todas estas instancias de trabajo, investigaci\u00f3n y docencia en instituciones argentinas han posibilitado que observe desde otras maneras de leer y desde otras pr\u00e1cticas de investigaci\u00f3n el campo cultural cubano y esas miradas sin dudas han enriquecido las perspectivas con las que he cargado (esa \u201cisla en peso\u201d, de la que nos hablara Virgilio Pi\u00f1era) durante todos estos a\u00f1os. Ese lugar de enunciaci\u00f3n y ese \u201cobjeto\u201d que se me acerca y se me aleja (La Habana, las escrituras sobre La Habana, los y las escritoras\/es en La Habana, la cr\u00edtica literaria que se produce en Cuba y fuera de sus fronteras, las escrituras del Caribe y de Am\u00e9rica Latina) est\u00e1n siempre en constante debate desde estas instituciones en las que he podido consolidar mi recorrido de investigaci\u00f3n y docencia.<\/p>\n<p><img loading=\"lazy\" decoding=\"async\" class=\"alignnone size-full wp-image-8621\" src=\"http:\/\/ffyh.unc.edu.ar\/alfilo\/wp-content\/uploads\/sites\/11\/2024\/03\/katia-hernandez-2.jpeg\" alt=\"\" width=\"1182\" height=\"587\" srcset=\"https:\/\/ffyh.unc.edu.ar\/alfilo\/wp-content\/uploads\/sites\/11\/2024\/03\/katia-hernandez-2.jpeg 1182w, https:\/\/ffyh.unc.edu.ar\/alfilo\/wp-content\/uploads\/sites\/11\/2024\/03\/katia-hernandez-2-300x149.jpeg 300w, https:\/\/ffyh.unc.edu.ar\/alfilo\/wp-content\/uploads\/sites\/11\/2024\/03\/katia-hernandez-2-1024x509.jpeg 1024w, https:\/\/ffyh.unc.edu.ar\/alfilo\/wp-content\/uploads\/sites\/11\/2024\/03\/katia-hernandez-2-768x381.jpeg 768w\" sizes=\"auto, (max-width: 1182px) 100vw, 1182px\" \/><\/p>\n<ul>\n<li><strong>\u00bfDe qu\u00e9 se trata la tesis que obtuvo el reconocimiento de la Asociaci\u00f3n de Estudios Latinoamericanos?<\/strong><\/li>\n<\/ul>\n<p>Mi tesis doctoral se titula \u201cLa Habana en escrituras recientes producidas en Cuba: Dazra Novak, Ahmel Echevarr\u00eda y Jorge Enrique Lage\u201d. Fue presentada en el marco del Doctorado en Letras de la Universidad Nacional de C\u00f3rdoba en noviembre de 2022 y defendida en junio de 2023.<\/p>\n<p>La investigaci\u00f3n que dio origen a la tesis doctoral surgi\u00f3 de la curiosidad por indagar las configuraciones de La Habana en las escrituras de autores\/autoras cubanos\/cubanas\u2014que actualmente no sobrepasan los 50 a\u00f1os de edad\u2014 y que no participaron de la construcci\u00f3n del proyecto de sociedad que en Cuba entr\u00f3 en crisis a fines de los \u00b480 y principios de los \u00b490. Para ellos, la disoluci\u00f3n de la utop\u00eda se presentaba como un hecho consumado, que otros, de alguna manera, contribuyeron a materializar. En este marco, me preguntaba por c\u00f3mo conectaba la experiencia est\u00e9tica de los narradores cubanos que siguen signados por la insularidad (de siempre), por el aislamiento y al mismo tiempo la conexi\u00f3n alternativa (de siempre) con la configuraci\u00f3n literaria de una ciudad en la que muchos de ellos nacieron y en la que a\u00fan viven. Me preguntaba, asimismo, de qu\u00e9 maneras estos autores se acercaban a una ciudad que ha sido epicentro de los debates pol\u00edtico-culturales de la naci\u00f3n y que ha sido adem\u00e1s largamente fundada en la literatura y el arte. \u00bfCu\u00e1l era el devenir de la ciudad en la que estos\/as escritores\/as viv\u00edan (o vivieron) y c\u00f3mo estos\/as la colocan en di\u00e1logo con otras intensidades y emociones, alejados de \u201cuna utop\u00eda agotada\u201d? \u00bfC\u00f3mo La Habana en estas escrituras recientes era habitada, anulada y reiventada?<\/p>\n<p>Paralelamente a lo anterior, notaba que la ficci\u00f3n literaria, como expresi\u00f3n y reconstrucci\u00f3n art\u00edstica de contextos culturales, se hab\u00eda venido acercando de manera sostenida a los espacios urbanos, en pos de lograr muchas veces un entendimiento y explicaci\u00f3n sobre ellos y nosotros mismos como sujetos contempor\u00e1neos. Han sido muchos los textos que de diversas maneras han tomado nota de la atracci\u00f3n que las ciudades provocan en quienes las estructuran, imaginan, inventan y fundan. En el caso particular de Cuba, la ciudad habanera no ha sido solo un fen\u00f3meno f\u00edsico de inter\u00e9s arquitect\u00f3nico y social, sino tambi\u00e9n aquella que insistentemente ha sido recreada por la literatura (y otras formas del arte) que han posibilitado entenderla, con el tiempo, desde un perfil m\u00edtico y simb\u00f3lico. Aquella ha estado hist\u00f3ricamente construida a partir de una red de significados que se desprenden de los cuantiosos textos art\u00edsticos producidos en ese lugar convulso, contradictorio, ruinoso, ut\u00f3pico, ideal, y que es a un tiempo casa, exilio, jard\u00edn invisible. De este modo, el prop\u00f3sito principal de mi investigaci\u00f3n \u2014comenzada en La Habana, y desplazada luego hacia C\u00f3rdoba, en un gesto en s\u00ed mismo transcitadino\u2014 se convertir\u00eda en un intento por contribuir al conocimiento de los modos en que La Habana aparece configurada en las escrituras recientes producidas en Cuba.<\/p>\n<p>Por todo lo anterior, en la tesis me interes\u00f3 generar un acercamiento te\u00f3rico y cr\u00edtico que interpelara la consolidaci\u00f3n de un cierto consenso en los modos de leer por parte de la cr\u00edtica una zona de esta literatura reciente. Por ello, a partir de met\u00e1foras te\u00f3ricas tales como \u201centre-lugar\u201d (Bhabha), \u201cextranjer\u00eda\u201d (Garc\u00eda Canclini), \u201cradicante\u201d (Bourriaud) y \u201csociedad sin relato\u201d (Garc\u00eda Canclini) constru\u00ed una argumentaci\u00f3n en torno a aquellas escrituras y observ\u00e9 que, por lo general, ellas intentan encontrar en otros discursos, por fuera de los conceptos de Patria, Naci\u00f3n y Revoluci\u00f3n, formas alternativas de pertenencia, inscripci\u00f3n y desmarque. Asimismo, observ\u00e9 que muchos de estos textos, constructores de territorialidades diversas, delineaban modos inestables de figurar el espacio de La Habana y sus ciudadanos\/as en un intento por deconstruir y desnaturalizar un perfil \u00fanico para la urbe, y al propio tiempo producir nuevos modos de imaginar un espacio cultural en contacto con escenarios fuertemente glocales. Tambi\u00e9n, me interesaba ofrecer una explicaci\u00f3n sobre los modos en los que los textos all\u00ed analizados problematizaban los estatutos gen\u00e9ricos del \u201crealismo\u201d, las \u201cescrituras del yo\u201d y la \u201cfantas\u00eda\u201d, lo cual permitir\u00eda abrir una discusi\u00f3n en torno al corrimiento de las fronteras gen\u00e9ricas en las escrituras recientes producidas en Cuba.<\/p>\n<ul>\n<li><strong>\u00bfPor qu\u00e9 presentaste la tesis a este premio?<\/strong><\/li>\n<\/ul>\n<p>La idea de presentar la tesis al Premio a la mejor Tesis Doctoral en Estudios Cubanos, que otorga la Latin American Studies Association (LASA), surge sobre todo del inter\u00e9s por encontrar otros\/as lectores\/as. Como reza en su propia p\u00e1gina web, la Asociaci\u00f3n de Estudios Latinoamericanos es \u201cla asociaci\u00f3n profesional m\u00e1s grande del mundo que re\u00fane a individuos e instituciones dedicados al estudio de Latinoam\u00e9rica\u201d. Ser le\u00edda\/evaluada\/reconocida por miembros de esta asociaci\u00f3n es sin dudas un enorme privilegio.<\/p>\n<p><img loading=\"lazy\" decoding=\"async\" class=\"alignnone size-full wp-image-8629\" src=\"http:\/\/ffyh.unc.edu.ar\/alfilo\/wp-content\/uploads\/sites\/11\/2024\/03\/katia-viera-hernandez-6.jpeg\" alt=\"\" width=\"953\" height=\"475\" srcset=\"https:\/\/ffyh.unc.edu.ar\/alfilo\/wp-content\/uploads\/sites\/11\/2024\/03\/katia-viera-hernandez-6.jpeg 953w, https:\/\/ffyh.unc.edu.ar\/alfilo\/wp-content\/uploads\/sites\/11\/2024\/03\/katia-viera-hernandez-6-300x150.jpeg 300w, https:\/\/ffyh.unc.edu.ar\/alfilo\/wp-content\/uploads\/sites\/11\/2024\/03\/katia-viera-hernandez-6-768x383.jpeg 768w\" sizes=\"auto, (max-width: 953px) 100vw, 953px\" \/><\/p>\n<p>Por otro lado, siempre tengo la sensaci\u00f3n de que necesitamos poner a prueba y socializar nuestras pr\u00e1cticas de investigaci\u00f3n en otras academias e instituciones de investigaci\u00f3n del mundo. El Premio a la Mejor Tesis Doctoral en Estudios Cubanos me parec\u00eda un espacio propicio para realizar este ejercicio en el que suelen reunirse intelectuales que han dedicado la mayor parte de su vida a investigar y comprender en su m\u00e1s amplio sentido la cultura de Cuba (la de dentro y la de fuera de sus fronteras geof\u00edsicas). Era un gran desaf\u00edo ser le\u00edda en ese contexto, claro, porque suelen presentarse tesis doctorales de todos los \u00e1mbitos de la cultura. Pod\u00edan coincidir con mi trabajo investigaciones sobre econom\u00eda, seguridad social, ciencia pol\u00edtica, agricultura, medicina, estudios art\u00edsticos, estudios hist\u00f3ricos, sociales, antropol\u00f3gicos, etc. pero esto que implicaba un gran desaf\u00edo lo ve\u00eda tambi\u00e9n como una oportunidad de ser incorporada al amplio campo de comprensiones de la cultura de Cuba. Me entusiasmaba la idea de poder entrar en contacto con otros trabajos investigativos que estuvieran asediando e intentando comprender fen\u00f3menos de esa cultura en un intento por expandir tambi\u00e9n esa conversaci\u00f3n que a veces tenemos en solitario con nuestros \u201cobjetos de investigaci\u00f3n\u201d, las caminatas por las ciudades, los libros, las computadoras y con los\/las compa\u00f1eros\/as de equipo de trabajo.<\/p>\n<p>Sin dudas, ser le\u00edda con ese rigor y en contacto con excelentes investigaciones, es un honor muy grande.<\/p>\n<ul>\n<li><strong>M\u00e1s all\u00e1 de ser un logro personal muy importante, este tipo de premios tambi\u00e9n es un reconocimiento a la formaci\u00f3n que recib\u00eds en la Universidad P\u00fablica. \u00bfC\u00f3mo lo viviste? <\/strong><\/li>\n<\/ul>\n<p>De ninguna manera este es un logro individual. A la Educaci\u00f3n P\u00fablica, gratuita y de calidad le debo TODO. Primero en Cuba, donde me form\u00e9 desde el preescolar hasta los estudios universitarios. All\u00ed me hice Licenciada en Letras y comenc\u00e9 muy joven a ser profesora de literatura de la Universidad de La Habana. Luego, aqu\u00ed en Argentina, un pa\u00eds que me ha brindado mucho m\u00e1s que amor, mucho m\u00e1s que formaci\u00f3n intelectual y humana, encontr\u00e9 Universidades P\u00fablicas que hacen el diario vivir un espacio para el contacto con otros\/otras y en las que he visto incansablemente a profesores\/as y no docentes apostar por la democratizaci\u00f3n del pensamiento y del conocimiento. Esta es quiz\u00e1s la m\u00e1s grande de todas las ense\u00f1anzas que me dejan las universidades p\u00fablicas argentinas y quienes las sostienen. Es un poco el sentido de ver en la distancia por qu\u00e9 y para qu\u00e9 y para qui\u00e9nes investigamos y ense\u00f1amos (y nos ense\u00f1an). Este premio es, sin dudas, un premio que se da gracias a esta existencia.<\/p>\n<p>Por \u00faltimo, no quiero dejar de mencionar la importancia del Consejo Nacional de Investigaciones Cient\u00edficas y T\u00e9cnicas (CONICET) que es, sin lugar a dudas, un organismo cient\u00edfico de la m\u00e1s alta calidad, de much\u00edsima exigencia intelectual y humana, reconocido a nivel mundial y muy especialmente en el \u00e1mbito latinoamericano y caribe\u00f1o. Sin las becas y la gran apuesta por sostener investigaciones que nos hagan mejores y m\u00e1s atentos ciudadanos\/as, mi investigaci\u00f3n quiz\u00e1s no hubiera podido terminarse y este premio no hubiera sido posible.<\/p>\n<p style=\"text-align: right\">Por Pablo Giordana<\/p>\n","protected":false},"excerpt":{"rendered":"<div class=\"mh-excerpt\"><p>Katia Viera Hern\u00e1ndez es Doctora en Letras, recibida en la Facultad de Filosof\u00eda y Humanidades en 2023, y obtuvo la menci\u00f3n honoraria en el Premio a la Mejor Tesis de Doctorado en Estudios Cubanos que otorga la Asociaci\u00f3n de Estudios <a class=\"mh-excerpt-more\" href=\"https:\/\/ffyh.unc.edu.ar\/alfilo\/necesitamos-poner-a-prueba-y-socializar-nuestras-practicas-de-investigacion-en-otras-academias-e-instituciones-del-mundo\/\" title=\"\u201cNecesitamos poner a prueba y socializar nuestras pr\u00e1cticas de investigaci\u00f3n en otras academias e instituciones del mundo\u201d\">[Leer m\u00e1s]<\/a><\/p>\n<\/div>","protected":false},"author":2,"featured_media":8627,"comment_status":"closed","ping_status":"closed","sticky":false,"template":"","format":"standard","meta":{"_acf_changed":false,"_monsterinsights_skip_tracking":false,"_monsterinsights_sitenote_active":false,"_monsterinsights_sitenote_note":"","_monsterinsights_sitenote_category":0,"_jetpack_memberships_contains_paid_content":false,"footnotes":""},"categories":[294],"tags":[],"class_list":["post-8620","post","type-post","status-publish","format-standard","has-post-thumbnail","hentry","category-294"],"acf":[],"yoast_head":"<!-- This site is optimized with the Yoast SEO plugin v27.1.1 - https:\/\/yoast.com\/product\/yoast-seo-wordpress\/ -->\n<title>\u201cNecesitamos poner a prueba y socializar nuestras pr\u00e1cticas de investigaci\u00f3n en otras academias e instituciones del mundo\u201d - Alfilo<\/title>\n<meta name=\"robots\" content=\"index, follow, max-snippet:-1, max-image-preview:large, max-video-preview:-1\" \/>\n<link rel=\"canonical\" href=\"https:\/\/ffyh.unc.edu.ar\/alfilo\/necesitamos-poner-a-prueba-y-socializar-nuestras-practicas-de-investigacion-en-otras-academias-e-instituciones-del-mundo\/\" \/>\n<meta property=\"og:locale\" content=\"es_ES\" \/>\n<meta property=\"og:type\" content=\"article\" \/>\n<meta property=\"og:title\" content=\"\u201cNecesitamos poner a prueba y socializar nuestras pr\u00e1cticas de investigaci\u00f3n en otras academias e instituciones del mundo\u201d - Alfilo\" \/>\n<meta property=\"og:description\" content=\"Katia Viera Hern\u00e1ndez es Doctora en Letras, recibida en la Facultad de Filosof\u00eda y Humanidades en 2023, y obtuvo la menci\u00f3n honoraria en el Premio a la Mejor Tesis de Doctorado en Estudios Cubanos que otorga la Asociaci\u00f3n de Estudios [Leer m\u00e1s]\" \/>\n<meta property=\"og:url\" content=\"https:\/\/ffyh.unc.edu.ar\/alfilo\/necesitamos-poner-a-prueba-y-socializar-nuestras-practicas-de-investigacion-en-otras-academias-e-instituciones-del-mundo\/\" \/>\n<meta property=\"og:site_name\" content=\"Alfilo\" \/>\n<meta property=\"article:publisher\" content=\"https:\/\/www.facebook.com\/ffyh.unc\/\" \/>\n<meta property=\"article:published_time\" content=\"2024-03-26T14:43:22+00:00\" \/>\n<meta property=\"article:modified_time\" content=\"2024-03-26T17:09:18+00:00\" \/>\n<meta property=\"og:image\" content=\"http:\/\/ffyh.unc.edu.ar\/alfilo\/wp-content\/uploads\/sites\/11\/2024\/03\/katia-viera-hernandez-5.jpeg\" \/>\n\t<meta property=\"og:image:width\" content=\"1280\" \/>\n\t<meta property=\"og:image:height\" content=\"853\" \/>\n\t<meta property=\"og:image:type\" content=\"image\/jpeg\" \/>\n<meta name=\"author\" content=\"\u00c1rea de Comunicaci\u00f3n - FFyH\" \/>\n<meta name=\"twitter:card\" content=\"summary_large_image\" \/>\n<meta name=\"twitter:creator\" content=\"@ffyh_unc\" \/>\n<meta name=\"twitter:site\" content=\"@ffyh_unc\" \/>\n<meta name=\"twitter:label1\" content=\"Escrito por\" \/>\n\t<meta name=\"twitter:data1\" content=\"\" \/>\n\t<meta name=\"twitter:label2\" content=\"Tiempo de lectura\" \/>\n\t<meta name=\"twitter:data2\" content=\"12 minutos\" \/>\n<script type=\"application\/ld+json\" class=\"yoast-schema-graph\">{\"@context\":\"https:\/\/schema.org\",\"@graph\":[{\"@type\":\"Article\",\"@id\":\"https:\/\/ffyh.unc.edu.ar\/alfilo\/necesitamos-poner-a-prueba-y-socializar-nuestras-practicas-de-investigacion-en-otras-academias-e-instituciones-del-mundo\/#article\",\"isPartOf\":{\"@id\":\"https:\/\/ffyh.unc.edu.ar\/alfilo\/necesitamos-poner-a-prueba-y-socializar-nuestras-practicas-de-investigacion-en-otras-academias-e-instituciones-del-mundo\/\"},\"author\":{\"name\":\"\u00c1rea de Comunicaci\u00f3n - FFyH\",\"@id\":\"https:\/\/ffyh.unc.edu.ar\/alfilo\/#\/schema\/person\/e6b9f6aec95cb7437bb2fde09e23b224\"},\"headline\":\"\u201cNecesitamos poner a prueba y socializar nuestras pr\u00e1cticas de investigaci\u00f3n en otras academias e instituciones del mundo\u201d\",\"datePublished\":\"2024-03-26T14:43:22+00:00\",\"dateModified\":\"2024-03-26T17:09:18+00:00\",\"mainEntityOfPage\":{\"@id\":\"https:\/\/ffyh.unc.edu.ar\/alfilo\/necesitamos-poner-a-prueba-y-socializar-nuestras-practicas-de-investigacion-en-otras-academias-e-instituciones-del-mundo\/\"},\"wordCount\":2496,\"publisher\":{\"@id\":\"https:\/\/ffyh.unc.edu.ar\/alfilo\/#organization\"},\"image\":{\"@id\":\"https:\/\/ffyh.unc.edu.ar\/alfilo\/necesitamos-poner-a-prueba-y-socializar-nuestras-practicas-de-investigacion-en-otras-academias-e-instituciones-del-mundo\/#primaryimage\"},\"thumbnailUrl\":\"https:\/\/ffyh.unc.edu.ar\/alfilo\/wp-content\/uploads\/sites\/11\/2024\/03\/katia-viera-hernandez-5.jpeg\",\"articleSection\":[\"107\"],\"inLanguage\":\"es\"},{\"@type\":\"WebPage\",\"@id\":\"https:\/\/ffyh.unc.edu.ar\/alfilo\/necesitamos-poner-a-prueba-y-socializar-nuestras-practicas-de-investigacion-en-otras-academias-e-instituciones-del-mundo\/\",\"url\":\"https:\/\/ffyh.unc.edu.ar\/alfilo\/necesitamos-poner-a-prueba-y-socializar-nuestras-practicas-de-investigacion-en-otras-academias-e-instituciones-del-mundo\/\",\"name\":\"\u201cNecesitamos poner a prueba y socializar nuestras pr\u00e1cticas de investigaci\u00f3n en otras academias e instituciones del mundo\u201d - Alfilo\",\"isPartOf\":{\"@id\":\"https:\/\/ffyh.unc.edu.ar\/alfilo\/#website\"},\"primaryImageOfPage\":{\"@id\":\"https:\/\/ffyh.unc.edu.ar\/alfilo\/necesitamos-poner-a-prueba-y-socializar-nuestras-practicas-de-investigacion-en-otras-academias-e-instituciones-del-mundo\/#primaryimage\"},\"image\":{\"@id\":\"https:\/\/ffyh.unc.edu.ar\/alfilo\/necesitamos-poner-a-prueba-y-socializar-nuestras-practicas-de-investigacion-en-otras-academias-e-instituciones-del-mundo\/#primaryimage\"},\"thumbnailUrl\":\"https:\/\/ffyh.unc.edu.ar\/alfilo\/wp-content\/uploads\/sites\/11\/2024\/03\/katia-viera-hernandez-5.jpeg\",\"datePublished\":\"2024-03-26T14:43:22+00:00\",\"dateModified\":\"2024-03-26T17:09:18+00:00\",\"breadcrumb\":{\"@id\":\"https:\/\/ffyh.unc.edu.ar\/alfilo\/necesitamos-poner-a-prueba-y-socializar-nuestras-practicas-de-investigacion-en-otras-academias-e-instituciones-del-mundo\/#breadcrumb\"},\"inLanguage\":\"es\",\"potentialAction\":[{\"@type\":\"ReadAction\",\"target\":[\"https:\/\/ffyh.unc.edu.ar\/alfilo\/necesitamos-poner-a-prueba-y-socializar-nuestras-practicas-de-investigacion-en-otras-academias-e-instituciones-del-mundo\/\"]}]},{\"@type\":\"ImageObject\",\"inLanguage\":\"es\",\"@id\":\"https:\/\/ffyh.unc.edu.ar\/alfilo\/necesitamos-poner-a-prueba-y-socializar-nuestras-practicas-de-investigacion-en-otras-academias-e-instituciones-del-mundo\/#primaryimage\",\"url\":\"https:\/\/ffyh.unc.edu.ar\/alfilo\/wp-content\/uploads\/sites\/11\/2024\/03\/katia-viera-hernandez-5.jpeg\",\"contentUrl\":\"https:\/\/ffyh.unc.edu.ar\/alfilo\/wp-content\/uploads\/sites\/11\/2024\/03\/katia-viera-hernandez-5.jpeg\",\"width\":1280,\"height\":853},{\"@type\":\"BreadcrumbList\",\"@id\":\"https:\/\/ffyh.unc.edu.ar\/alfilo\/necesitamos-poner-a-prueba-y-socializar-nuestras-practicas-de-investigacion-en-otras-academias-e-instituciones-del-mundo\/#breadcrumb\",\"itemListElement\":[{\"@type\":\"ListItem\",\"position\":1,\"name\":\"Portada\",\"item\":\"https:\/\/ffyh.unc.edu.ar\/alfilo\/\"},{\"@type\":\"ListItem\",\"position\":2,\"name\":\"\u201cNecesitamos poner a prueba y socializar nuestras pr\u00e1cticas de investigaci\u00f3n en otras academias e instituciones del mundo\u201d\"}]},{\"@type\":\"WebSite\",\"@id\":\"https:\/\/ffyh.unc.edu.ar\/alfilo\/#website\",\"url\":\"https:\/\/ffyh.unc.edu.ar\/alfilo\/\",\"name\":\"Alfilo\",\"description\":\"Revista digital de la Facultad de Filosof\u00eda y Humanidades - Universidad Nacional de C\u00f3rdoba\",\"publisher\":{\"@id\":\"https:\/\/ffyh.unc.edu.ar\/alfilo\/#organization\"},\"potentialAction\":[{\"@type\":\"SearchAction\",\"target\":{\"@type\":\"EntryPoint\",\"urlTemplate\":\"https:\/\/ffyh.unc.edu.ar\/alfilo\/?s={search_term_string}\"},\"query-input\":{\"@type\":\"PropertyValueSpecification\",\"valueRequired\":true,\"valueName\":\"search_term_string\"}}],\"inLanguage\":\"es\"},{\"@type\":\"Organization\",\"@id\":\"https:\/\/ffyh.unc.edu.ar\/alfilo\/#organization\",\"name\":\"Alfilo | Revista digital de la Facultad de Filosof\u00eda y Humanidades | UNC\",\"url\":\"https:\/\/ffyh.unc.edu.ar\/alfilo\/\",\"logo\":{\"@type\":\"ImageObject\",\"inLanguage\":\"es\",\"@id\":\"https:\/\/ffyh.unc.edu.ar\/alfilo\/#\/schema\/logo\/image\/\",\"url\":\"https:\/\/ffyh.unc.edu.ar\/alfilo\/wp-content\/uploads\/sites\/11\/2015\/04\/banner-alfilo-2015-ico.jpg\",\"contentUrl\":\"https:\/\/ffyh.unc.edu.ar\/alfilo\/wp-content\/uploads\/sites\/11\/2015\/04\/banner-alfilo-2015-ico.jpg\",\"width\":253,\"height\":128,\"caption\":\"Alfilo | Revista digital de la Facultad de Filosof\u00eda y Humanidades | UNC\"},\"image\":{\"@id\":\"https:\/\/ffyh.unc.edu.ar\/alfilo\/#\/schema\/logo\/image\/\"},\"sameAs\":[\"https:\/\/www.facebook.com\/ffyh.unc\/\",\"https:\/\/x.com\/ffyh_unc\",\"https:\/\/www.instagram.com\/ffyhunc\/\",\"https:\/\/www.youtube.com\/user\/comunicacionfilo\"]},{\"@type\":\"Person\",\"@id\":\"https:\/\/ffyh.unc.edu.ar\/alfilo\/#\/schema\/person\/e6b9f6aec95cb7437bb2fde09e23b224\",\"name\":\"\u00c1rea de Comunicaci\u00f3n - FFyH\",\"image\":{\"@type\":\"ImageObject\",\"inLanguage\":\"es\",\"@id\":\"https:\/\/ffyh.unc.edu.ar\/alfilo\/#\/schema\/person\/image\/\",\"url\":\"https:\/\/secure.gravatar.com\/avatar\/1d896d10b19526e4cb6e972ca0f1b6719a4697e2d88742a801b88b3682d5be75?s=96&d=mm&r=g\",\"contentUrl\":\"https:\/\/secure.gravatar.com\/avatar\/1d896d10b19526e4cb6e972ca0f1b6719a4697e2d88742a801b88b3682d5be75?s=96&d=mm&r=g\",\"caption\":\"\u00c1rea de Comunicaci\u00f3n - FFyH\"},\"url\":\"https:\/\/ffyh.unc.edu.ar\/alfilo\/author\/prensa\/\"}]}<\/script>\n<!-- \/ Yoast SEO plugin. -->","yoast_head_json":{"title":"\u201cNecesitamos poner a prueba y socializar nuestras pr\u00e1cticas de investigaci\u00f3n en otras academias e instituciones del mundo\u201d - Alfilo","robots":{"index":"index","follow":"follow","max-snippet":"max-snippet:-1","max-image-preview":"max-image-preview:large","max-video-preview":"max-video-preview:-1"},"canonical":"https:\/\/ffyh.unc.edu.ar\/alfilo\/necesitamos-poner-a-prueba-y-socializar-nuestras-practicas-de-investigacion-en-otras-academias-e-instituciones-del-mundo\/","og_locale":"es_ES","og_type":"article","og_title":"\u201cNecesitamos poner a prueba y socializar nuestras pr\u00e1cticas de investigaci\u00f3n en otras academias e instituciones del mundo\u201d - Alfilo","og_description":"Katia Viera Hern\u00e1ndez es Doctora en Letras, recibida en la Facultad de Filosof\u00eda y Humanidades en 2023, y obtuvo la menci\u00f3n honoraria en el Premio a la Mejor Tesis de Doctorado en Estudios Cubanos que otorga la Asociaci\u00f3n de Estudios [Leer m\u00e1s]","og_url":"https:\/\/ffyh.unc.edu.ar\/alfilo\/necesitamos-poner-a-prueba-y-socializar-nuestras-practicas-de-investigacion-en-otras-academias-e-instituciones-del-mundo\/","og_site_name":"Alfilo","article_publisher":"https:\/\/www.facebook.com\/ffyh.unc\/","article_published_time":"2024-03-26T14:43:22+00:00","article_modified_time":"2024-03-26T17:09:18+00:00","og_image":[{"width":1280,"height":853,"url":"http:\/\/ffyh.unc.edu.ar\/alfilo\/wp-content\/uploads\/sites\/11\/2024\/03\/katia-viera-hernandez-5.jpeg","type":"image\/jpeg"}],"author":"\u00c1rea de Comunicaci\u00f3n - FFyH","twitter_card":"summary_large_image","twitter_creator":"@ffyh_unc","twitter_site":"@ffyh_unc","twitter_misc":{"Escrito por":false,"Tiempo de lectura":"12 minutos"},"schema":{"@context":"https:\/\/schema.org","@graph":[{"@type":"Article","@id":"https:\/\/ffyh.unc.edu.ar\/alfilo\/necesitamos-poner-a-prueba-y-socializar-nuestras-practicas-de-investigacion-en-otras-academias-e-instituciones-del-mundo\/#article","isPartOf":{"@id":"https:\/\/ffyh.unc.edu.ar\/alfilo\/necesitamos-poner-a-prueba-y-socializar-nuestras-practicas-de-investigacion-en-otras-academias-e-instituciones-del-mundo\/"},"author":{"name":"\u00c1rea de Comunicaci\u00f3n - FFyH","@id":"https:\/\/ffyh.unc.edu.ar\/alfilo\/#\/schema\/person\/e6b9f6aec95cb7437bb2fde09e23b224"},"headline":"\u201cNecesitamos poner a prueba y socializar nuestras pr\u00e1cticas de investigaci\u00f3n en otras academias e instituciones del mundo\u201d","datePublished":"2024-03-26T14:43:22+00:00","dateModified":"2024-03-26T17:09:18+00:00","mainEntityOfPage":{"@id":"https:\/\/ffyh.unc.edu.ar\/alfilo\/necesitamos-poner-a-prueba-y-socializar-nuestras-practicas-de-investigacion-en-otras-academias-e-instituciones-del-mundo\/"},"wordCount":2496,"publisher":{"@id":"https:\/\/ffyh.unc.edu.ar\/alfilo\/#organization"},"image":{"@id":"https:\/\/ffyh.unc.edu.ar\/alfilo\/necesitamos-poner-a-prueba-y-socializar-nuestras-practicas-de-investigacion-en-otras-academias-e-instituciones-del-mundo\/#primaryimage"},"thumbnailUrl":"https:\/\/ffyh.unc.edu.ar\/alfilo\/wp-content\/uploads\/sites\/11\/2024\/03\/katia-viera-hernandez-5.jpeg","articleSection":["107"],"inLanguage":"es"},{"@type":"WebPage","@id":"https:\/\/ffyh.unc.edu.ar\/alfilo\/necesitamos-poner-a-prueba-y-socializar-nuestras-practicas-de-investigacion-en-otras-academias-e-instituciones-del-mundo\/","url":"https:\/\/ffyh.unc.edu.ar\/alfilo\/necesitamos-poner-a-prueba-y-socializar-nuestras-practicas-de-investigacion-en-otras-academias-e-instituciones-del-mundo\/","name":"\u201cNecesitamos poner a prueba y socializar nuestras pr\u00e1cticas de investigaci\u00f3n en otras academias e instituciones del mundo\u201d - Alfilo","isPartOf":{"@id":"https:\/\/ffyh.unc.edu.ar\/alfilo\/#website"},"primaryImageOfPage":{"@id":"https:\/\/ffyh.unc.edu.ar\/alfilo\/necesitamos-poner-a-prueba-y-socializar-nuestras-practicas-de-investigacion-en-otras-academias-e-instituciones-del-mundo\/#primaryimage"},"image":{"@id":"https:\/\/ffyh.unc.edu.ar\/alfilo\/necesitamos-poner-a-prueba-y-socializar-nuestras-practicas-de-investigacion-en-otras-academias-e-instituciones-del-mundo\/#primaryimage"},"thumbnailUrl":"https:\/\/ffyh.unc.edu.ar\/alfilo\/wp-content\/uploads\/sites\/11\/2024\/03\/katia-viera-hernandez-5.jpeg","datePublished":"2024-03-26T14:43:22+00:00","dateModified":"2024-03-26T17:09:18+00:00","breadcrumb":{"@id":"https:\/\/ffyh.unc.edu.ar\/alfilo\/necesitamos-poner-a-prueba-y-socializar-nuestras-practicas-de-investigacion-en-otras-academias-e-instituciones-del-mundo\/#breadcrumb"},"inLanguage":"es","potentialAction":[{"@type":"ReadAction","target":["https:\/\/ffyh.unc.edu.ar\/alfilo\/necesitamos-poner-a-prueba-y-socializar-nuestras-practicas-de-investigacion-en-otras-academias-e-instituciones-del-mundo\/"]}]},{"@type":"ImageObject","inLanguage":"es","@id":"https:\/\/ffyh.unc.edu.ar\/alfilo\/necesitamos-poner-a-prueba-y-socializar-nuestras-practicas-de-investigacion-en-otras-academias-e-instituciones-del-mundo\/#primaryimage","url":"https:\/\/ffyh.unc.edu.ar\/alfilo\/wp-content\/uploads\/sites\/11\/2024\/03\/katia-viera-hernandez-5.jpeg","contentUrl":"https:\/\/ffyh.unc.edu.ar\/alfilo\/wp-content\/uploads\/sites\/11\/2024\/03\/katia-viera-hernandez-5.jpeg","width":1280,"height":853},{"@type":"BreadcrumbList","@id":"https:\/\/ffyh.unc.edu.ar\/alfilo\/necesitamos-poner-a-prueba-y-socializar-nuestras-practicas-de-investigacion-en-otras-academias-e-instituciones-del-mundo\/#breadcrumb","itemListElement":[{"@type":"ListItem","position":1,"name":"Portada","item":"https:\/\/ffyh.unc.edu.ar\/alfilo\/"},{"@type":"ListItem","position":2,"name":"\u201cNecesitamos poner a prueba y socializar nuestras pr\u00e1cticas de investigaci\u00f3n en otras academias e instituciones del mundo\u201d"}]},{"@type":"WebSite","@id":"https:\/\/ffyh.unc.edu.ar\/alfilo\/#website","url":"https:\/\/ffyh.unc.edu.ar\/alfilo\/","name":"Alfilo","description":"Revista digital de la Facultad de Filosof\u00eda y Humanidades - Universidad Nacional de C\u00f3rdoba","publisher":{"@id":"https:\/\/ffyh.unc.edu.ar\/alfilo\/#organization"},"potentialAction":[{"@type":"SearchAction","target":{"@type":"EntryPoint","urlTemplate":"https:\/\/ffyh.unc.edu.ar\/alfilo\/?s={search_term_string}"},"query-input":{"@type":"PropertyValueSpecification","valueRequired":true,"valueName":"search_term_string"}}],"inLanguage":"es"},{"@type":"Organization","@id":"https:\/\/ffyh.unc.edu.ar\/alfilo\/#organization","name":"Alfilo | Revista digital de la Facultad de Filosof\u00eda y Humanidades | UNC","url":"https:\/\/ffyh.unc.edu.ar\/alfilo\/","logo":{"@type":"ImageObject","inLanguage":"es","@id":"https:\/\/ffyh.unc.edu.ar\/alfilo\/#\/schema\/logo\/image\/","url":"https:\/\/ffyh.unc.edu.ar\/alfilo\/wp-content\/uploads\/sites\/11\/2015\/04\/banner-alfilo-2015-ico.jpg","contentUrl":"https:\/\/ffyh.unc.edu.ar\/alfilo\/wp-content\/uploads\/sites\/11\/2015\/04\/banner-alfilo-2015-ico.jpg","width":253,"height":128,"caption":"Alfilo | Revista digital de la Facultad de Filosof\u00eda y Humanidades | UNC"},"image":{"@id":"https:\/\/ffyh.unc.edu.ar\/alfilo\/#\/schema\/logo\/image\/"},"sameAs":["https:\/\/www.facebook.com\/ffyh.unc\/","https:\/\/x.com\/ffyh_unc","https:\/\/www.instagram.com\/ffyhunc\/","https:\/\/www.youtube.com\/user\/comunicacionfilo"]},{"@type":"Person","@id":"https:\/\/ffyh.unc.edu.ar\/alfilo\/#\/schema\/person\/e6b9f6aec95cb7437bb2fde09e23b224","name":"\u00c1rea de Comunicaci\u00f3n - FFyH","image":{"@type":"ImageObject","inLanguage":"es","@id":"https:\/\/ffyh.unc.edu.ar\/alfilo\/#\/schema\/person\/image\/","url":"https:\/\/secure.gravatar.com\/avatar\/1d896d10b19526e4cb6e972ca0f1b6719a4697e2d88742a801b88b3682d5be75?s=96&d=mm&r=g","contentUrl":"https:\/\/secure.gravatar.com\/avatar\/1d896d10b19526e4cb6e972ca0f1b6719a4697e2d88742a801b88b3682d5be75?s=96&d=mm&r=g","caption":"\u00c1rea de Comunicaci\u00f3n - FFyH"},"url":"https:\/\/ffyh.unc.edu.ar\/alfilo\/author\/prensa\/"}]}},"jetpack_featured_media_url":"https:\/\/ffyh.unc.edu.ar\/alfilo\/wp-content\/uploads\/sites\/11\/2024\/03\/katia-viera-hernandez-5.jpeg","jetpack_sharing_enabled":true,"_links":{"self":[{"href":"https:\/\/ffyh.unc.edu.ar\/alfilo\/wp-json\/wp\/v2\/posts\/8620","targetHints":{"allow":["GET"]}}],"collection":[{"href":"https:\/\/ffyh.unc.edu.ar\/alfilo\/wp-json\/wp\/v2\/posts"}],"about":[{"href":"https:\/\/ffyh.unc.edu.ar\/alfilo\/wp-json\/wp\/v2\/types\/post"}],"author":[{"embeddable":true,"href":"https:\/\/ffyh.unc.edu.ar\/alfilo\/wp-json\/wp\/v2\/users\/2"}],"replies":[{"embeddable":true,"href":"https:\/\/ffyh.unc.edu.ar\/alfilo\/wp-json\/wp\/v2\/comments?post=8620"}],"version-history":[{"count":5,"href":"https:\/\/ffyh.unc.edu.ar\/alfilo\/wp-json\/wp\/v2\/posts\/8620\/revisions"}],"predecessor-version":[{"id":8631,"href":"https:\/\/ffyh.unc.edu.ar\/alfilo\/wp-json\/wp\/v2\/posts\/8620\/revisions\/8631"}],"wp:featuredmedia":[{"embeddable":true,"href":"https:\/\/ffyh.unc.edu.ar\/alfilo\/wp-json\/wp\/v2\/media\/8627"}],"wp:attachment":[{"href":"https:\/\/ffyh.unc.edu.ar\/alfilo\/wp-json\/wp\/v2\/media?parent=8620"}],"wp:term":[{"taxonomy":"category","embeddable":true,"href":"https:\/\/ffyh.unc.edu.ar\/alfilo\/wp-json\/wp\/v2\/categories?post=8620"},{"taxonomy":"post_tag","embeddable":true,"href":"https:\/\/ffyh.unc.edu.ar\/alfilo\/wp-json\/wp\/v2\/tags?post=8620"}],"curies":[{"name":"wp","href":"https:\/\/api.w.org\/{rel}","templated":true}]}}