{"id":8830,"date":"2024-08-28T14:09:53","date_gmt":"2024-08-28T14:09:53","guid":{"rendered":"https:\/\/ffyh.unc.edu.ar\/alfilo\/?p=8830"},"modified":"2025-02-25T16:51:05","modified_gmt":"2025-02-25T16:51:05","slug":"tecnologias-digitales-para-la-preservacion-del-patrimonio-cultural-en-tafi-del-valle","status":"publish","type":"post","link":"https:\/\/ffyh.unc.edu.ar\/alfilo\/tecnologias-digitales-para-la-preservacion-del-patrimonio-cultural-en-tafi-del-valle\/","title":{"rendered":"Tecnolog\u00edas digitales para la preservaci\u00f3n del patrimonio cultural en Taf\u00ed del Valle"},"content":{"rendered":"<p><b><img loading=\"lazy\" decoding=\"async\" class=\"wp-image-8833 alignright\" src=\"http:\/\/ffyh.unc.edu.ar\/alfilo\/wp-content\/uploads\/sites\/11\/2024\/08\/tafi-5.jpg\" alt=\"\" width=\"450\" height=\"233\" srcset=\"https:\/\/ffyh.unc.edu.ar\/alfilo\/wp-content\/uploads\/sites\/11\/2024\/08\/tafi-5.jpg 1024w, https:\/\/ffyh.unc.edu.ar\/alfilo\/wp-content\/uploads\/sites\/11\/2024\/08\/tafi-5-300x155.jpg 300w, https:\/\/ffyh.unc.edu.ar\/alfilo\/wp-content\/uploads\/sites\/11\/2024\/08\/tafi-5-768x398.jpg 768w\" sizes=\"auto, (max-width: 450px) 100vw, 450px\" \/>El proyecto presentado por el Equipo de Arqueolog\u00eda del sur de las Cumbres Calchaqu\u00edes y dirigido por Juli\u00e1n Salazar, fue seleccionado en el marco del Fondo para la Innovaci\u00f3n Tecnol\u00f3gica y Social de la UNC. El trabajo se llevar\u00e1 adelante junto con la Direcci\u00f3n de Patrimonio Cultural del Ente Cultural Tucum\u00e1n<\/b><b>, con el acuerdo de las Comunidades Ind\u00edgenas Diaguitas locales,<\/b><b> y recibir\u00e1 8 millones de pesos para su realizaci\u00f3n.<\/b><\/p>\n<p><!--more--><\/p>\n<p><span style=\"font-weight: 400\">Durante el mes de agosto fueron seleccionados los cinco proyectos cient\u00edficos que acceder\u00e1n al \u201cFondo para la Innovaci\u00f3n Tecnol\u00f3gica y Social de la UNC\u201d (FITS-UNC), donde se postularon 46 iniciativas de once unidades acad\u00e9micas. Cada uno recibir\u00e1 entre 8 y 10 millones de pesos, m\u00e1s un estipendio mensual equivalente a una beca doctoral de la UNC durante dos cuatrimestres.<\/span><\/p>\n<p><span style=\"font-weight: 400\">Cada investigaci\u00f3n fue analizada en funci\u00f3n a siete criterios: car\u00e1cter innovador; factibilidad de transferencia; efectividad y viabilidad t\u00e9cnica; vinculaci\u00f3n con el medio e impacto sobre la sociedad; composici\u00f3n y antecedentes del grupo de innovaci\u00f3n; abordaje de problem\u00e1ticas ODS; y participaci\u00f3n de otros actores de la universidad.<\/span><\/p>\n<p><span style=\"font-weight: 400\">Tras el an\u00e1lisis de las propuestas y la elaboraci\u00f3n de un orden de m\u00e9rito, la iniciativa elegida en el \u00c1rea de Ciencias Sociales y Humanidades fue \u201cTecnolog\u00edas digitales para la preservaci\u00f3n y socializaci\u00f3n del patrimonio cultural\u201d, dirigida por por Juli\u00e1n Salazar y Valeria Franco Salvi, investigadores y docentes de la Facultad de Filosof\u00eda y Humanidades y del IEH e IDH &#8211;CONICET.<\/span><\/p>\n<p><span style=\"font-weight: 400\">El proyecto fue presentado por el <a href=\"https:\/\/ffyh.unc.edu.ar\/alfilo\/?s=Equipo+de+Arqueolog%C3%ADa+del+sur+de+las+Cumbres+Calchaqu%C3%ADes\">Equipo de Arqueolog\u00eda del sur de las Cumbres Calchaqu\u00edes<\/a>, que tiene una larga experiencia de investigaci\u00f3n arqueol\u00f3gica en la regi\u00f3n y estar\u00e1 alojado en el Centro de Investigaciones de la FFyH, del cual la mayor\u00eda del equipo tiene como espacio de trabajo de sus investigaciones.<\/span><\/p>\n<p><img loading=\"lazy\" decoding=\"async\" class=\"alignnone size-full wp-image-8834\" src=\"http:\/\/ffyh.unc.edu.ar\/alfilo\/wp-content\/uploads\/sites\/11\/2024\/08\/tafi-1.jpg\" alt=\"\" width=\"1475\" height=\"654\" srcset=\"https:\/\/ffyh.unc.edu.ar\/alfilo\/wp-content\/uploads\/sites\/11\/2024\/08\/tafi-1.jpg 1475w, https:\/\/ffyh.unc.edu.ar\/alfilo\/wp-content\/uploads\/sites\/11\/2024\/08\/tafi-1-300x133.jpg 300w, https:\/\/ffyh.unc.edu.ar\/alfilo\/wp-content\/uploads\/sites\/11\/2024\/08\/tafi-1-1024x454.jpg 1024w, https:\/\/ffyh.unc.edu.ar\/alfilo\/wp-content\/uploads\/sites\/11\/2024\/08\/tafi-1-768x341.jpg 768w, https:\/\/ffyh.unc.edu.ar\/alfilo\/wp-content\/uploads\/sites\/11\/2024\/08\/tafi-1-1320x585.jpg 1320w\" sizes=\"auto, (max-width: 1475px) 100vw, 1475px\" \/><\/p>\n<p><span style=\"font-weight: 400\">\u201cDesde el a\u00f1o 2014 hemos generado un estrecho v\u00ednculo con las comunidades ind\u00edgenas locales, a trav\u00e9s de m\u00faltiples acuerdos de cooperaci\u00f3n, para la socializaci\u00f3n del patrimonio arqueol\u00f3gico. En este marco se dio la implementaci\u00f3n de un plan de relevamiento de sitios milenarios, y actividades de difusi\u00f3n de su existencia e importancia como una estrategia efectiva para la concientizaci\u00f3n y la protecci\u00f3n de los mismos\u201d, se\u00f1ala la presentaci\u00f3n al FITS.\u00a0<\/span><\/p>\n<p><span style=\"font-weight: 400\">Todos los proyectos presentados deb\u00edan tener una instituci\u00f3n adoptante. En este caso, se trata de la Direcci\u00f3n de Patrimonio Cultural del Ente Cultural Tucum\u00e1n, con quienes el equipo de trabajo ha mantenido una estrecha colaboraci\u00f3n desde hace m\u00e1s de una d\u00e9cada y esa relaci\u00f3n se ha fortalecido a trav\u00e9s de a\u00f1os de entendimiento mutuo. Esta entidad es la autoridad de aplicaci\u00f3n de la Ley de Patrimonio y requiere la plataforma digital para dinamizar el manejo de la informaci\u00f3n geogr\u00e1fica del patrimonio.\u00a0<\/span><\/p>\n<p><b>Tecnolog\u00edas digitales para la preservaci\u00f3n y socializaci\u00f3n del patrimonio cultural<\/b><\/p>\n<p><span style=\"font-weight: 400\">Este proyecto, pionero en Argentina y respaldado por financiamientos nacionales e internacionales, surge de la amplia experiencia del equipo en la preservaci\u00f3n de importantes sitios arqueol\u00f3gicos en el noroeste del pa\u00eds y de la colaboraci\u00f3n con especialistas \u00a0como el Dr. Jordi L\u00f3pez Lillo, de la Universidad de Alicante (Espa\u00f1a), y sentar\u00e1 las bases para una protecci\u00f3n integral del patrimonio cultural del valle, proporcionando una herramienta \u00e1gil y sistem\u00e1tica para la toma de decisiones de desarrollo urban\u00edstico, productivo y territorial en consideraci\u00f3n de la preservaci\u00f3n y puesta en valor del patrimonio de Taf\u00ed. <\/span><span style=\"font-weight: 400\">Se espera tambi\u00e9n que esta experiencia pueda ser replicada en otras \u00e1reas con potencial arqueol\u00f3gico de nuestro pa\u00eds.<\/span><\/p>\n<p><img loading=\"lazy\" decoding=\"async\" class=\"alignnone size-full wp-image-8835\" src=\"http:\/\/ffyh.unc.edu.ar\/alfilo\/wp-content\/uploads\/sites\/11\/2024\/08\/tafi-4.jpg\" alt=\"\" width=\"1024\" height=\"485\" srcset=\"https:\/\/ffyh.unc.edu.ar\/alfilo\/wp-content\/uploads\/sites\/11\/2024\/08\/tafi-4.jpg 1024w, https:\/\/ffyh.unc.edu.ar\/alfilo\/wp-content\/uploads\/sites\/11\/2024\/08\/tafi-4-300x142.jpg 300w, https:\/\/ffyh.unc.edu.ar\/alfilo\/wp-content\/uploads\/sites\/11\/2024\/08\/tafi-4-768x364.jpg 768w\" sizes=\"auto, (max-width: 1024px) 100vw, 1024px\" \/><\/p>\n<p><span style=\"font-weight: 400\">Los recursos obtenidos en el FITS servir\u00e1n para desarrollar una plataforma digital georreferenciada para el valle de Taf\u00ed en Tucum\u00e1n, reconocido como uno de los principales reservorios arqueol\u00f3gicos. Esta plataforma integrar\u00e1 informaci\u00f3n arqueol\u00f3gica, hist\u00f3rica y cultural en una estructura de datos geogr\u00e1ficos y patrimoniales, facilitando la gesti\u00f3n y protecci\u00f3n del patrimonio, as\u00ed como la difusi\u00f3n de la historia del valle y la promoci\u00f3n del turismo cultural.\u00a0<\/span><\/p>\n<p><span style=\"font-weight: 400\">La propuesta abarca el relevamiento digital utilizando veh\u00edculos a\u00e9reos no tripulados, la creaci\u00f3n de pol\u00edgonos georreferenciados con informaci\u00f3n arqueol\u00f3gica, modelos gr\u00e1ficos accesibles y modelos tridimensionales de asentamientos y objetos destacados.\u00a0<\/span><\/p>\n<div id='gallery-1' class='gallery galleryid-8830 gallery-columns-2 gallery-size-full'><figure class='gallery-item'>\n\t\t\t<div class='gallery-icon landscape'>\n\t\t\t\t<a href='https:\/\/ffyh.unc.edu.ar\/alfilo\/tecnologias-digitales-para-la-preservacion-del-patrimonio-cultural-en-tafi-del-valle\/tafi-3\/'><img loading=\"lazy\" decoding=\"async\" width=\"1024\" height=\"517\" src=\"https:\/\/ffyh.unc.edu.ar\/alfilo\/wp-content\/uploads\/sites\/11\/2024\/08\/tafi-3.jpg\" class=\"attachment-full size-full\" alt=\"\" srcset=\"https:\/\/ffyh.unc.edu.ar\/alfilo\/wp-content\/uploads\/sites\/11\/2024\/08\/tafi-3.jpg 1024w, https:\/\/ffyh.unc.edu.ar\/alfilo\/wp-content\/uploads\/sites\/11\/2024\/08\/tafi-3-300x151.jpg 300w, https:\/\/ffyh.unc.edu.ar\/alfilo\/wp-content\/uploads\/sites\/11\/2024\/08\/tafi-3-768x388.jpg 768w\" sizes=\"auto, (max-width: 1024px) 100vw, 1024px\" \/><\/a>\n\t\t\t<\/div><\/figure><figure class='gallery-item'>\n\t\t\t<div class='gallery-icon landscape'>\n\t\t\t\t<a href='https:\/\/ffyh.unc.edu.ar\/alfilo\/tecnologias-digitales-para-la-preservacion-del-patrimonio-cultural-en-tafi-del-valle\/tafi-6\/'><img loading=\"lazy\" decoding=\"async\" width=\"1024\" height=\"533\" src=\"https:\/\/ffyh.unc.edu.ar\/alfilo\/wp-content\/uploads\/sites\/11\/2024\/08\/tafi-6.jpg\" class=\"attachment-full size-full\" alt=\"\" srcset=\"https:\/\/ffyh.unc.edu.ar\/alfilo\/wp-content\/uploads\/sites\/11\/2024\/08\/tafi-6.jpg 1024w, https:\/\/ffyh.unc.edu.ar\/alfilo\/wp-content\/uploads\/sites\/11\/2024\/08\/tafi-6-300x156.jpg 300w, https:\/\/ffyh.unc.edu.ar\/alfilo\/wp-content\/uploads\/sites\/11\/2024\/08\/tafi-6-768x400.jpg 768w\" sizes=\"auto, (max-width: 1024px) 100vw, 1024px\" \/><\/a>\n\t\t\t<\/div><\/figure>\n\t\t<\/div>\n\n<p><span style=\"font-weight: 400\">\u201cEl problema fundamental a resolver es el continuo riesgo y deterioro al cual est\u00e1 expuesto el patrimonio cultural milenario del valle de Taf\u00ed (al igual que otros casos en nuestro pa\u00eds) y el desconocimiento sobre su naturaleza y relevancia que son dos aspectos mutuamente vinculados. En la \u00faltima d\u00e9cada la intensificaci\u00f3n del uso del territorio (para fines inmobiliarios, energ\u00e9ticos y agr\u00edcolas), ha llevado a la p\u00e9rdida de gran proporci\u00f3n de los sitios arqueol\u00f3gicos presentes en una de las zonas arqueol\u00f3gicas m\u00e1s importantes del pa\u00eds. El problema se agrava debido al desconocimiento generalizado sobre la naturaleza y la importancia de este patrimonio, una falta de comprensi\u00f3n que est\u00e1 estrechamente relacionada con la ausencia de informaci\u00f3n sistematizada\u201d, contin\u00faa la presentaci\u00f3n del proyecto.\u00a0<\/span><\/p>\n<p><iframe loading=\"lazy\" title=\"Tecnolog\u00edas digitales para la preservaci\u00f3n del patrimonio cultural en Taf\u00ed del Valle\" width=\"500\" height=\"281\" src=\"https:\/\/www.youtube.com\/embed\/wT3CRl_CozA?feature=oembed\" frameborder=\"0\" allow=\"accelerometer; autoplay; clipboard-write; encrypted-media; gyroscope; picture-in-picture; web-share\" referrerpolicy=\"strict-origin-when-cross-origin\" allowfullscreen><\/iframe><\/p>\n<p><b>Sobre el Fondo para la Innovaci\u00f3n Tecnol\u00f3gica y Social de la UNC<\/b><\/p>\n<p><span style=\"font-weight: 400\">El <\/span><a href=\"https:\/\/www.unc.edu.ar\/innovaci%C3%B3n-y-vinculaci%C3%B3n\/la-unc-financiar%C3%A1-cinco-investigaciones-por-un-total-de-70-millones-para\"><span style=\"font-weight: 400\">prop\u00f3sito de esta l\u00ednea de financiamiento es apoyar proyectos de innovaci\u00f3n<\/span><\/a><span style=\"font-weight: 400\"> que aporten soluciones cient\u00edfico-tecnol\u00f3gicas a problemas concretos planteados por empresas, emprendimientos, c\u00e1maras empresariales, instituciones gubernamentales, fundaciones, ONG, cooperativas, mutuales o grupos en situaci\u00f3n de vulnerabilidad.<\/span><\/p>\n<p><span style=\"font-weight: 400\">El esquema es impulsado por la Secretar\u00eda de Innovaci\u00f3n y Vinculaci\u00f3n Tecnol\u00f3gica (SIyVT) de la UNC y busca promover la vinculaci\u00f3n de actores del sistema cient\u00edfico-acad\u00e9mico con la sociedad y el ecosistema emprendedor.<\/span><\/p>\n<p><span style=\"font-weight: 400\">Cada uno de los proyectos seleccionados acceder\u00e1n a los recursos bajo el concepto de aporte no reembolsable. Contar\u00e1, adem\u00e1s, con el apoyo de una becaria\/o, que percibir\u00e1 un estipendio mensual equivalente a una beca doctoral, durante ocho meses.<\/span><\/p>\n<p><img loading=\"lazy\" decoding=\"async\" class=\"alignnone size-full wp-image-8836\" src=\"http:\/\/ffyh.unc.edu.ar\/alfilo\/wp-content\/uploads\/sites\/11\/2024\/08\/tafi-2.jpg\" alt=\"\" width=\"1024\" height=\"454\" srcset=\"https:\/\/ffyh.unc.edu.ar\/alfilo\/wp-content\/uploads\/sites\/11\/2024\/08\/tafi-2.jpg 1024w, https:\/\/ffyh.unc.edu.ar\/alfilo\/wp-content\/uploads\/sites\/11\/2024\/08\/tafi-2-300x133.jpg 300w, https:\/\/ffyh.unc.edu.ar\/alfilo\/wp-content\/uploads\/sites\/11\/2024\/08\/tafi-2-768x341.jpg 768w\" sizes=\"auto, (max-width: 1024px) 100vw, 1024px\" \/><\/p>\n<p><span style=\"font-weight: 400\">Los fondos otorgados por la UNC podr\u00e1n cubrir hasta el 80% de los costos que requiera el proyecto. El resto ser\u00e1 aportado por la organizaci\u00f3n o empresa contraparte, ya sea con dinero o en especies. El plazo m\u00e1ximo para completar la implementaci\u00f3n es de 10 meses.<\/span><\/p>\n<p><span style=\"font-weight: 400\">Los resultados que surjan de los trabajos realizados en el marco del FITS-UNC y puedan ser objeto de registro de propiedad intelectual o industrial, ser\u00e1n registrados en forma conjunta entre la UNC y el destinatario.<\/span><\/p>\n<p style=\"text-align: right\">Por Pablo Giordana<br \/>\nIm\u00e1genes y video: gentileza <span style=\"font-weight: 400\">Equipo de Arqueolog\u00eda del sur de las Cumbres Calchaqu\u00edes<\/span><\/p>\n","protected":false},"excerpt":{"rendered":"<div class=\"mh-excerpt\"><p>El proyecto presentado por el Equipo de Arqueolog\u00eda del sur de las Cumbres Calchaqu\u00edes y dirigido por Juli\u00e1n Salazar, fue seleccionado en el marco del Fondo para la Innovaci\u00f3n Tecnol\u00f3gica y Social de la UNC. El trabajo se llevar\u00e1 adelante <a class=\"mh-excerpt-more\" href=\"https:\/\/ffyh.unc.edu.ar\/alfilo\/tecnologias-digitales-para-la-preservacion-del-patrimonio-cultural-en-tafi-del-valle\/\" title=\"Tecnolog\u00edas digitales para la preservaci\u00f3n del patrimonio cultural en Taf\u00ed del Valle\">[Leer m\u00e1s]<\/a><\/p>\n<\/div>","protected":false},"author":2,"featured_media":8833,"comment_status":"closed","ping_status":"closed","sticky":false,"template":"","format":"standard","meta":{"_acf_changed":false,"_monsterinsights_skip_tracking":false,"_monsterinsights_sitenote_active":false,"_monsterinsights_sitenote_note":"","_monsterinsights_sitenote_category":0,"_jetpack_memberships_contains_paid_content":false,"footnotes":""},"categories":[298],"tags":[],"class_list":["post-8830","post","type-post","status-publish","format-standard","has-post-thumbnail","hentry","category-298"],"acf":[],"yoast_head":"<!-- This site is optimized with the Yoast SEO plugin v27.1.1 - https:\/\/yoast.com\/product\/yoast-seo-wordpress\/ -->\n<title>Tecnolog\u00edas digitales para la preservaci\u00f3n del patrimonio cultural en Taf\u00ed del Valle - Alfilo<\/title>\n<meta name=\"robots\" content=\"index, follow, max-snippet:-1, max-image-preview:large, max-video-preview:-1\" \/>\n<link rel=\"canonical\" href=\"https:\/\/ffyh.unc.edu.ar\/alfilo\/tecnologias-digitales-para-la-preservacion-del-patrimonio-cultural-en-tafi-del-valle\/\" \/>\n<meta property=\"og:locale\" content=\"es_ES\" \/>\n<meta property=\"og:type\" content=\"article\" \/>\n<meta property=\"og:title\" content=\"Tecnolog\u00edas digitales para la preservaci\u00f3n del patrimonio cultural en Taf\u00ed del Valle - Alfilo\" \/>\n<meta property=\"og:description\" content=\"El proyecto presentado por el Equipo de Arqueolog\u00eda del sur de las Cumbres Calchaqu\u00edes y dirigido por Juli\u00e1n Salazar, fue seleccionado en el marco del Fondo para la Innovaci\u00f3n Tecnol\u00f3gica y Social de la UNC. El trabajo se llevar\u00e1 adelante [Leer m\u00e1s]\" \/>\n<meta property=\"og:url\" content=\"https:\/\/ffyh.unc.edu.ar\/alfilo\/tecnologias-digitales-para-la-preservacion-del-patrimonio-cultural-en-tafi-del-valle\/\" \/>\n<meta property=\"og:site_name\" content=\"Alfilo\" \/>\n<meta property=\"article:publisher\" content=\"https:\/\/www.facebook.com\/ffyh.unc\/\" \/>\n<meta property=\"article:published_time\" content=\"2024-08-28T14:09:53+00:00\" \/>\n<meta property=\"article:modified_time\" content=\"2025-02-25T16:51:05+00:00\" \/>\n<meta property=\"og:image\" content=\"http:\/\/ffyh.unc.edu.ar\/alfilo\/wp-content\/uploads\/sites\/11\/2024\/08\/tafi-5.jpg\" \/>\n\t<meta property=\"og:image:width\" content=\"1024\" \/>\n\t<meta property=\"og:image:height\" content=\"530\" \/>\n\t<meta property=\"og:image:type\" content=\"image\/jpeg\" \/>\n<meta name=\"author\" content=\"\u00c1rea de Comunicaci\u00f3n - FFyH\" \/>\n<meta name=\"twitter:card\" content=\"summary_large_image\" \/>\n<meta name=\"twitter:creator\" content=\"@ffyh_unc\" \/>\n<meta name=\"twitter:site\" content=\"@ffyh_unc\" \/>\n<meta name=\"twitter:label1\" content=\"Escrito por\" \/>\n\t<meta name=\"twitter:data1\" content=\"\" \/>\n\t<meta name=\"twitter:label2\" content=\"Tiempo de lectura\" \/>\n\t<meta name=\"twitter:data2\" content=\"6 minutos\" \/>\n<script type=\"application\/ld+json\" class=\"yoast-schema-graph\">{\"@context\":\"https:\/\/schema.org\",\"@graph\":[{\"@type\":\"Article\",\"@id\":\"https:\/\/ffyh.unc.edu.ar\/alfilo\/tecnologias-digitales-para-la-preservacion-del-patrimonio-cultural-en-tafi-del-valle\/#article\",\"isPartOf\":{\"@id\":\"https:\/\/ffyh.unc.edu.ar\/alfilo\/tecnologias-digitales-para-la-preservacion-del-patrimonio-cultural-en-tafi-del-valle\/\"},\"author\":{\"name\":\"\u00c1rea de Comunicaci\u00f3n - FFyH\",\"@id\":\"https:\/\/ffyh.unc.edu.ar\/alfilo\/#\/schema\/person\/e6b9f6aec95cb7437bb2fde09e23b224\"},\"headline\":\"Tecnolog\u00edas digitales para la preservaci\u00f3n del patrimonio cultural en Taf\u00ed del Valle\",\"datePublished\":\"2024-08-28T14:09:53+00:00\",\"dateModified\":\"2025-02-25T16:51:05+00:00\",\"mainEntityOfPage\":{\"@id\":\"https:\/\/ffyh.unc.edu.ar\/alfilo\/tecnologias-digitales-para-la-preservacion-del-patrimonio-cultural-en-tafi-del-valle\/\"},\"wordCount\":1152,\"publisher\":{\"@id\":\"https:\/\/ffyh.unc.edu.ar\/alfilo\/#organization\"},\"image\":{\"@id\":\"https:\/\/ffyh.unc.edu.ar\/alfilo\/tecnologias-digitales-para-la-preservacion-del-patrimonio-cultural-en-tafi-del-valle\/#primaryimage\"},\"thumbnailUrl\":\"https:\/\/ffyh.unc.edu.ar\/alfilo\/wp-content\/uploads\/sites\/11\/2024\/08\/tafi-5.jpg\",\"articleSection\":[\"110\"],\"inLanguage\":\"es\"},{\"@type\":\"WebPage\",\"@id\":\"https:\/\/ffyh.unc.edu.ar\/alfilo\/tecnologias-digitales-para-la-preservacion-del-patrimonio-cultural-en-tafi-del-valle\/\",\"url\":\"https:\/\/ffyh.unc.edu.ar\/alfilo\/tecnologias-digitales-para-la-preservacion-del-patrimonio-cultural-en-tafi-del-valle\/\",\"name\":\"Tecnolog\u00edas digitales para la preservaci\u00f3n del patrimonio cultural en Taf\u00ed del Valle - Alfilo\",\"isPartOf\":{\"@id\":\"https:\/\/ffyh.unc.edu.ar\/alfilo\/#website\"},\"primaryImageOfPage\":{\"@id\":\"https:\/\/ffyh.unc.edu.ar\/alfilo\/tecnologias-digitales-para-la-preservacion-del-patrimonio-cultural-en-tafi-del-valle\/#primaryimage\"},\"image\":{\"@id\":\"https:\/\/ffyh.unc.edu.ar\/alfilo\/tecnologias-digitales-para-la-preservacion-del-patrimonio-cultural-en-tafi-del-valle\/#primaryimage\"},\"thumbnailUrl\":\"https:\/\/ffyh.unc.edu.ar\/alfilo\/wp-content\/uploads\/sites\/11\/2024\/08\/tafi-5.jpg\",\"datePublished\":\"2024-08-28T14:09:53+00:00\",\"dateModified\":\"2025-02-25T16:51:05+00:00\",\"breadcrumb\":{\"@id\":\"https:\/\/ffyh.unc.edu.ar\/alfilo\/tecnologias-digitales-para-la-preservacion-del-patrimonio-cultural-en-tafi-del-valle\/#breadcrumb\"},\"inLanguage\":\"es\",\"potentialAction\":[{\"@type\":\"ReadAction\",\"target\":[\"https:\/\/ffyh.unc.edu.ar\/alfilo\/tecnologias-digitales-para-la-preservacion-del-patrimonio-cultural-en-tafi-del-valle\/\"]}]},{\"@type\":\"ImageObject\",\"inLanguage\":\"es\",\"@id\":\"https:\/\/ffyh.unc.edu.ar\/alfilo\/tecnologias-digitales-para-la-preservacion-del-patrimonio-cultural-en-tafi-del-valle\/#primaryimage\",\"url\":\"https:\/\/ffyh.unc.edu.ar\/alfilo\/wp-content\/uploads\/sites\/11\/2024\/08\/tafi-5.jpg\",\"contentUrl\":\"https:\/\/ffyh.unc.edu.ar\/alfilo\/wp-content\/uploads\/sites\/11\/2024\/08\/tafi-5.jpg\",\"width\":1024,\"height\":530},{\"@type\":\"BreadcrumbList\",\"@id\":\"https:\/\/ffyh.unc.edu.ar\/alfilo\/tecnologias-digitales-para-la-preservacion-del-patrimonio-cultural-en-tafi-del-valle\/#breadcrumb\",\"itemListElement\":[{\"@type\":\"ListItem\",\"position\":1,\"name\":\"Portada\",\"item\":\"https:\/\/ffyh.unc.edu.ar\/alfilo\/\"},{\"@type\":\"ListItem\",\"position\":2,\"name\":\"Tecnolog\u00edas digitales para la preservaci\u00f3n del patrimonio cultural en Taf\u00ed del Valle\"}]},{\"@type\":\"WebSite\",\"@id\":\"https:\/\/ffyh.unc.edu.ar\/alfilo\/#website\",\"url\":\"https:\/\/ffyh.unc.edu.ar\/alfilo\/\",\"name\":\"Alfilo\",\"description\":\"Revista digital de la Facultad de Filosof\u00eda y Humanidades - Universidad Nacional de C\u00f3rdoba\",\"publisher\":{\"@id\":\"https:\/\/ffyh.unc.edu.ar\/alfilo\/#organization\"},\"potentialAction\":[{\"@type\":\"SearchAction\",\"target\":{\"@type\":\"EntryPoint\",\"urlTemplate\":\"https:\/\/ffyh.unc.edu.ar\/alfilo\/?s={search_term_string}\"},\"query-input\":{\"@type\":\"PropertyValueSpecification\",\"valueRequired\":true,\"valueName\":\"search_term_string\"}}],\"inLanguage\":\"es\"},{\"@type\":\"Organization\",\"@id\":\"https:\/\/ffyh.unc.edu.ar\/alfilo\/#organization\",\"name\":\"Alfilo | Revista digital de la Facultad de Filosof\u00eda y Humanidades | UNC\",\"url\":\"https:\/\/ffyh.unc.edu.ar\/alfilo\/\",\"logo\":{\"@type\":\"ImageObject\",\"inLanguage\":\"es\",\"@id\":\"https:\/\/ffyh.unc.edu.ar\/alfilo\/#\/schema\/logo\/image\/\",\"url\":\"https:\/\/ffyh.unc.edu.ar\/alfilo\/wp-content\/uploads\/sites\/11\/2015\/04\/banner-alfilo-2015-ico.jpg\",\"contentUrl\":\"https:\/\/ffyh.unc.edu.ar\/alfilo\/wp-content\/uploads\/sites\/11\/2015\/04\/banner-alfilo-2015-ico.jpg\",\"width\":253,\"height\":128,\"caption\":\"Alfilo | Revista digital de la Facultad de Filosof\u00eda y Humanidades | UNC\"},\"image\":{\"@id\":\"https:\/\/ffyh.unc.edu.ar\/alfilo\/#\/schema\/logo\/image\/\"},\"sameAs\":[\"https:\/\/www.facebook.com\/ffyh.unc\/\",\"https:\/\/x.com\/ffyh_unc\",\"https:\/\/www.instagram.com\/ffyhunc\/\",\"https:\/\/www.youtube.com\/user\/comunicacionfilo\"]},{\"@type\":\"Person\",\"@id\":\"https:\/\/ffyh.unc.edu.ar\/alfilo\/#\/schema\/person\/e6b9f6aec95cb7437bb2fde09e23b224\",\"name\":\"\u00c1rea de Comunicaci\u00f3n - FFyH\",\"image\":{\"@type\":\"ImageObject\",\"inLanguage\":\"es\",\"@id\":\"https:\/\/ffyh.unc.edu.ar\/alfilo\/#\/schema\/person\/image\/\",\"url\":\"https:\/\/secure.gravatar.com\/avatar\/1d896d10b19526e4cb6e972ca0f1b6719a4697e2d88742a801b88b3682d5be75?s=96&d=mm&r=g\",\"contentUrl\":\"https:\/\/secure.gravatar.com\/avatar\/1d896d10b19526e4cb6e972ca0f1b6719a4697e2d88742a801b88b3682d5be75?s=96&d=mm&r=g\",\"caption\":\"\u00c1rea de Comunicaci\u00f3n - FFyH\"},\"url\":\"https:\/\/ffyh.unc.edu.ar\/alfilo\/author\/prensa\/\"}]}<\/script>\n<!-- \/ Yoast SEO plugin. -->","yoast_head_json":{"title":"Tecnolog\u00edas digitales para la preservaci\u00f3n del patrimonio cultural en Taf\u00ed del Valle - Alfilo","robots":{"index":"index","follow":"follow","max-snippet":"max-snippet:-1","max-image-preview":"max-image-preview:large","max-video-preview":"max-video-preview:-1"},"canonical":"https:\/\/ffyh.unc.edu.ar\/alfilo\/tecnologias-digitales-para-la-preservacion-del-patrimonio-cultural-en-tafi-del-valle\/","og_locale":"es_ES","og_type":"article","og_title":"Tecnolog\u00edas digitales para la preservaci\u00f3n del patrimonio cultural en Taf\u00ed del Valle - Alfilo","og_description":"El proyecto presentado por el Equipo de Arqueolog\u00eda del sur de las Cumbres Calchaqu\u00edes y dirigido por Juli\u00e1n Salazar, fue seleccionado en el marco del Fondo para la Innovaci\u00f3n Tecnol\u00f3gica y Social de la UNC. El trabajo se llevar\u00e1 adelante [Leer m\u00e1s]","og_url":"https:\/\/ffyh.unc.edu.ar\/alfilo\/tecnologias-digitales-para-la-preservacion-del-patrimonio-cultural-en-tafi-del-valle\/","og_site_name":"Alfilo","article_publisher":"https:\/\/www.facebook.com\/ffyh.unc\/","article_published_time":"2024-08-28T14:09:53+00:00","article_modified_time":"2025-02-25T16:51:05+00:00","og_image":[{"width":1024,"height":530,"url":"http:\/\/ffyh.unc.edu.ar\/alfilo\/wp-content\/uploads\/sites\/11\/2024\/08\/tafi-5.jpg","type":"image\/jpeg"}],"author":"\u00c1rea de Comunicaci\u00f3n - FFyH","twitter_card":"summary_large_image","twitter_creator":"@ffyh_unc","twitter_site":"@ffyh_unc","twitter_misc":{"Escrito por":false,"Tiempo de lectura":"6 minutos"},"schema":{"@context":"https:\/\/schema.org","@graph":[{"@type":"Article","@id":"https:\/\/ffyh.unc.edu.ar\/alfilo\/tecnologias-digitales-para-la-preservacion-del-patrimonio-cultural-en-tafi-del-valle\/#article","isPartOf":{"@id":"https:\/\/ffyh.unc.edu.ar\/alfilo\/tecnologias-digitales-para-la-preservacion-del-patrimonio-cultural-en-tafi-del-valle\/"},"author":{"name":"\u00c1rea de Comunicaci\u00f3n - FFyH","@id":"https:\/\/ffyh.unc.edu.ar\/alfilo\/#\/schema\/person\/e6b9f6aec95cb7437bb2fde09e23b224"},"headline":"Tecnolog\u00edas digitales para la preservaci\u00f3n del patrimonio cultural en Taf\u00ed del Valle","datePublished":"2024-08-28T14:09:53+00:00","dateModified":"2025-02-25T16:51:05+00:00","mainEntityOfPage":{"@id":"https:\/\/ffyh.unc.edu.ar\/alfilo\/tecnologias-digitales-para-la-preservacion-del-patrimonio-cultural-en-tafi-del-valle\/"},"wordCount":1152,"publisher":{"@id":"https:\/\/ffyh.unc.edu.ar\/alfilo\/#organization"},"image":{"@id":"https:\/\/ffyh.unc.edu.ar\/alfilo\/tecnologias-digitales-para-la-preservacion-del-patrimonio-cultural-en-tafi-del-valle\/#primaryimage"},"thumbnailUrl":"https:\/\/ffyh.unc.edu.ar\/alfilo\/wp-content\/uploads\/sites\/11\/2024\/08\/tafi-5.jpg","articleSection":["110"],"inLanguage":"es"},{"@type":"WebPage","@id":"https:\/\/ffyh.unc.edu.ar\/alfilo\/tecnologias-digitales-para-la-preservacion-del-patrimonio-cultural-en-tafi-del-valle\/","url":"https:\/\/ffyh.unc.edu.ar\/alfilo\/tecnologias-digitales-para-la-preservacion-del-patrimonio-cultural-en-tafi-del-valle\/","name":"Tecnolog\u00edas digitales para la preservaci\u00f3n del patrimonio cultural en Taf\u00ed del Valle - Alfilo","isPartOf":{"@id":"https:\/\/ffyh.unc.edu.ar\/alfilo\/#website"},"primaryImageOfPage":{"@id":"https:\/\/ffyh.unc.edu.ar\/alfilo\/tecnologias-digitales-para-la-preservacion-del-patrimonio-cultural-en-tafi-del-valle\/#primaryimage"},"image":{"@id":"https:\/\/ffyh.unc.edu.ar\/alfilo\/tecnologias-digitales-para-la-preservacion-del-patrimonio-cultural-en-tafi-del-valle\/#primaryimage"},"thumbnailUrl":"https:\/\/ffyh.unc.edu.ar\/alfilo\/wp-content\/uploads\/sites\/11\/2024\/08\/tafi-5.jpg","datePublished":"2024-08-28T14:09:53+00:00","dateModified":"2025-02-25T16:51:05+00:00","breadcrumb":{"@id":"https:\/\/ffyh.unc.edu.ar\/alfilo\/tecnologias-digitales-para-la-preservacion-del-patrimonio-cultural-en-tafi-del-valle\/#breadcrumb"},"inLanguage":"es","potentialAction":[{"@type":"ReadAction","target":["https:\/\/ffyh.unc.edu.ar\/alfilo\/tecnologias-digitales-para-la-preservacion-del-patrimonio-cultural-en-tafi-del-valle\/"]}]},{"@type":"ImageObject","inLanguage":"es","@id":"https:\/\/ffyh.unc.edu.ar\/alfilo\/tecnologias-digitales-para-la-preservacion-del-patrimonio-cultural-en-tafi-del-valle\/#primaryimage","url":"https:\/\/ffyh.unc.edu.ar\/alfilo\/wp-content\/uploads\/sites\/11\/2024\/08\/tafi-5.jpg","contentUrl":"https:\/\/ffyh.unc.edu.ar\/alfilo\/wp-content\/uploads\/sites\/11\/2024\/08\/tafi-5.jpg","width":1024,"height":530},{"@type":"BreadcrumbList","@id":"https:\/\/ffyh.unc.edu.ar\/alfilo\/tecnologias-digitales-para-la-preservacion-del-patrimonio-cultural-en-tafi-del-valle\/#breadcrumb","itemListElement":[{"@type":"ListItem","position":1,"name":"Portada","item":"https:\/\/ffyh.unc.edu.ar\/alfilo\/"},{"@type":"ListItem","position":2,"name":"Tecnolog\u00edas digitales para la preservaci\u00f3n del patrimonio cultural en Taf\u00ed del Valle"}]},{"@type":"WebSite","@id":"https:\/\/ffyh.unc.edu.ar\/alfilo\/#website","url":"https:\/\/ffyh.unc.edu.ar\/alfilo\/","name":"Alfilo","description":"Revista digital de la Facultad de Filosof\u00eda y Humanidades - Universidad Nacional de C\u00f3rdoba","publisher":{"@id":"https:\/\/ffyh.unc.edu.ar\/alfilo\/#organization"},"potentialAction":[{"@type":"SearchAction","target":{"@type":"EntryPoint","urlTemplate":"https:\/\/ffyh.unc.edu.ar\/alfilo\/?s={search_term_string}"},"query-input":{"@type":"PropertyValueSpecification","valueRequired":true,"valueName":"search_term_string"}}],"inLanguage":"es"},{"@type":"Organization","@id":"https:\/\/ffyh.unc.edu.ar\/alfilo\/#organization","name":"Alfilo | Revista digital de la Facultad de Filosof\u00eda y Humanidades | UNC","url":"https:\/\/ffyh.unc.edu.ar\/alfilo\/","logo":{"@type":"ImageObject","inLanguage":"es","@id":"https:\/\/ffyh.unc.edu.ar\/alfilo\/#\/schema\/logo\/image\/","url":"https:\/\/ffyh.unc.edu.ar\/alfilo\/wp-content\/uploads\/sites\/11\/2015\/04\/banner-alfilo-2015-ico.jpg","contentUrl":"https:\/\/ffyh.unc.edu.ar\/alfilo\/wp-content\/uploads\/sites\/11\/2015\/04\/banner-alfilo-2015-ico.jpg","width":253,"height":128,"caption":"Alfilo | Revista digital de la Facultad de Filosof\u00eda y Humanidades | UNC"},"image":{"@id":"https:\/\/ffyh.unc.edu.ar\/alfilo\/#\/schema\/logo\/image\/"},"sameAs":["https:\/\/www.facebook.com\/ffyh.unc\/","https:\/\/x.com\/ffyh_unc","https:\/\/www.instagram.com\/ffyhunc\/","https:\/\/www.youtube.com\/user\/comunicacionfilo"]},{"@type":"Person","@id":"https:\/\/ffyh.unc.edu.ar\/alfilo\/#\/schema\/person\/e6b9f6aec95cb7437bb2fde09e23b224","name":"\u00c1rea de Comunicaci\u00f3n - FFyH","image":{"@type":"ImageObject","inLanguage":"es","@id":"https:\/\/ffyh.unc.edu.ar\/alfilo\/#\/schema\/person\/image\/","url":"https:\/\/secure.gravatar.com\/avatar\/1d896d10b19526e4cb6e972ca0f1b6719a4697e2d88742a801b88b3682d5be75?s=96&d=mm&r=g","contentUrl":"https:\/\/secure.gravatar.com\/avatar\/1d896d10b19526e4cb6e972ca0f1b6719a4697e2d88742a801b88b3682d5be75?s=96&d=mm&r=g","caption":"\u00c1rea de Comunicaci\u00f3n - FFyH"},"url":"https:\/\/ffyh.unc.edu.ar\/alfilo\/author\/prensa\/"}]}},"jetpack_featured_media_url":"https:\/\/ffyh.unc.edu.ar\/alfilo\/wp-content\/uploads\/sites\/11\/2024\/08\/tafi-5.jpg","jetpack_sharing_enabled":true,"_links":{"self":[{"href":"https:\/\/ffyh.unc.edu.ar\/alfilo\/wp-json\/wp\/v2\/posts\/8830","targetHints":{"allow":["GET"]}}],"collection":[{"href":"https:\/\/ffyh.unc.edu.ar\/alfilo\/wp-json\/wp\/v2\/posts"}],"about":[{"href":"https:\/\/ffyh.unc.edu.ar\/alfilo\/wp-json\/wp\/v2\/types\/post"}],"author":[{"embeddable":true,"href":"https:\/\/ffyh.unc.edu.ar\/alfilo\/wp-json\/wp\/v2\/users\/2"}],"replies":[{"embeddable":true,"href":"https:\/\/ffyh.unc.edu.ar\/alfilo\/wp-json\/wp\/v2\/comments?post=8830"}],"version-history":[{"count":2,"href":"https:\/\/ffyh.unc.edu.ar\/alfilo\/wp-json\/wp\/v2\/posts\/8830\/revisions"}],"predecessor-version":[{"id":8839,"href":"https:\/\/ffyh.unc.edu.ar\/alfilo\/wp-json\/wp\/v2\/posts\/8830\/revisions\/8839"}],"wp:featuredmedia":[{"embeddable":true,"href":"https:\/\/ffyh.unc.edu.ar\/alfilo\/wp-json\/wp\/v2\/media\/8833"}],"wp:attachment":[{"href":"https:\/\/ffyh.unc.edu.ar\/alfilo\/wp-json\/wp\/v2\/media?parent=8830"}],"wp:term":[{"taxonomy":"category","embeddable":true,"href":"https:\/\/ffyh.unc.edu.ar\/alfilo\/wp-json\/wp\/v2\/categories?post=8830"},{"taxonomy":"post_tag","embeddable":true,"href":"https:\/\/ffyh.unc.edu.ar\/alfilo\/wp-json\/wp\/v2\/tags?post=8830"}],"curies":[{"name":"wp","href":"https:\/\/api.w.org\/{rel}","templated":true}]}}