{"id":9226,"date":"2025-08-05T17:24:41","date_gmt":"2025-08-05T17:24:41","guid":{"rendered":"https:\/\/ffyh.unc.edu.ar\/alfilo\/?p=9226"},"modified":"2025-10-16T16:09:07","modified_gmt":"2025-10-16T16:09:07","slug":"desafios-educacion-publica-frente-nuevas-derechas","status":"publish","type":"post","link":"https:\/\/ffyh.unc.edu.ar\/alfilo\/desafios-educacion-publica-frente-nuevas-derechas\/","title":{"rendered":"Los desaf\u00edos de la educaci\u00f3n p\u00fablica frente a las nuevas derechas"},"content":{"rendered":"<p><strong><img loading=\"lazy\" decoding=\"async\" class=\"alignright wp-image-9228\" src=\"http:\/\/ffyh.unc.edu.ar\/alfilo\/wp-content\/uploads\/sites\/11\/2025\/08\/jornadas-educacion-2025-38.jpeg\" alt=\"\" width=\"450\" height=\"275\" srcset=\"https:\/\/ffyh.unc.edu.ar\/alfilo\/wp-content\/uploads\/sites\/11\/2025\/08\/jornadas-educacion-2025-38.jpeg 1024w, https:\/\/ffyh.unc.edu.ar\/alfilo\/wp-content\/uploads\/sites\/11\/2025\/08\/jornadas-educacion-2025-38-300x183.jpeg 300w, https:\/\/ffyh.unc.edu.ar\/alfilo\/wp-content\/uploads\/sites\/11\/2025\/08\/jornadas-educacion-2025-38-768x469.jpeg 768w\" sizes=\"auto, (max-width: 450px) 100vw, 450px\" \/>Las XIII Jornadas de Investigaci\u00f3n en Educaci\u00f3n, organizadas por el \u00c1rea Educaci\u00f3n del Centro de Investigaciones de la FFyH y la Escuela de Ciencias de la Educaci\u00f3n de la Facultad de Filosof\u00eda y Humanidades, se llevaron a cabo los d\u00edas 30 y 31 de julio y 1 de agosto, con la participaci\u00f3n de m\u00e1s de 750 asistentes y la presentaci\u00f3n de 450 ponencias, distribuidas en 20 mesas tem\u00e1ticas.<\/strong><\/p>\n<p><!--more--><\/p>\n<p>Bajo el t\u00edtulo \u00ab<em>Educaci\u00f3n p\u00fablica e investigaci\u00f3n educativa: condiciones y desaf\u00edos ante la ofensiva de las nuevas derechas<\/em>\u00bb, la nueva edici\u00f3n de las Jornadas de Investigaci\u00f3n comenz\u00f3 el 30 de junio en el Auditorio de las Bater\u00edas D con la apertura institucional y un homenaje a Alfredo Furl\u00e1n, a cargo de la directora de la Escuela de Ciencias de la Educaci\u00f3n, Guadalupe Molina, la coordinadora del \u00c1rea Educaci\u00f3n del CIFFyH, Gabriela Lamelas, la Directora del Centro de Investigaciones de la FFyH, Isabel Castro Ola\u00f1eta, y la decana Flavia Dezzutto, que se encontraba en funciones al momento de la realizaci\u00f3n del evento. Antes, se present\u00f3 el grupo \u201cOtras que somos danza\u201d, de la localidad de Unquillo, con fragmentos de la obra \u201cFuerza Tel\u00farica\u201d.<\/p>\n<p>\u201cNo encuentro otra posibilidad que empezar este encuentro haciendo menci\u00f3n a la gravedad de la situaci\u00f3n que atraviesa el sistema de ciencia y t\u00e9cnica nacional al ritmo de un conjunto de pol\u00edticas que hacen crujir el derecho a la educaci\u00f3n. Hoy, como parte de las tres jornadas de paro decretadas por los gremios universitarios, abrimos este evento atravesados por sensaciones m\u00faltiples\u201d, manifest\u00f3 Lamelas en la inauguraci\u00f3n de las Jornadas. \u201cNos sentimos parte de ese gran movimiento de defensa de las universidades p\u00fablicas, de denuncia del ahogo presupuestario y salarial, junto con la falta total de financiamiento a la labor de investigaci\u00f3n y a la realizaci\u00f3n de eventos como este, as\u00ed como al rechazo a los sistem\u00e1ticos ataques que buscan desacreditar nuestro trabajo y poner en duda la importancia de la ciencia y la investigaci\u00f3n p\u00fablicas en Argentina, afectando gravemente a instituciones fundamentales como el CONICET y desfinanciando a\u00fan m\u00e1s nuestros equipos de investigaci\u00f3n\u201d.<\/p>\n<p><img loading=\"lazy\" decoding=\"async\" class=\"alignnone size-full wp-image-9231\" src=\"http:\/\/ffyh.unc.edu.ar\/alfilo\/wp-content\/uploads\/sites\/11\/2025\/08\/jornadas-educacion-2025-14.jpg\" alt=\"\" width=\"1024\" height=\"593\" srcset=\"https:\/\/ffyh.unc.edu.ar\/alfilo\/wp-content\/uploads\/sites\/11\/2025\/08\/jornadas-educacion-2025-14.jpg 1024w, https:\/\/ffyh.unc.edu.ar\/alfilo\/wp-content\/uploads\/sites\/11\/2025\/08\/jornadas-educacion-2025-14-300x174.jpg 300w, https:\/\/ffyh.unc.edu.ar\/alfilo\/wp-content\/uploads\/sites\/11\/2025\/08\/jornadas-educacion-2025-14-768x445.jpg 768w\" sizes=\"auto, (max-width: 1024px) 100vw, 1024px\" \/><\/p>\n<p>La coordinadora del \u00c1rea Educaci\u00f3n del CIFFyH, se\u00f1al\u00f3 tambi\u00e9n que \u201cla investigaci\u00f3n en educaci\u00f3n se sostiene e incluso se ampl\u00eda, con tenacidad y persistencia. Siguen surgiendo preguntas, investigaciones, redes de trabajo, para comprender, para entender mejor una realidad educativa que buscamos defender a la vez que transformar. Porque en ocasi\u00f3n de estudiar las pol\u00edticas educativas, las pr\u00e1cticas, la definici\u00f3n de dispositivos institucionales, la reflexi\u00f3n sobre la inclusi\u00f3n de tecnolog\u00edas, la historiograf\u00eda educativa, entre otros temas, ya sea en la ciudad, en los espacios rurales o periurbanos, en C\u00f3rdoba, en la Patagonia o la extensi\u00f3n bonaerense, en el NOA, en Cuyo, en el pasado o en el presente, la investigaci\u00f3n en educaci\u00f3n sigue insistiendo en cierta celebraci\u00f3n y cierta esperanza, como un lugar que aloja la promesa del futuro colectivo y compartido, que hoy se cuestiona. La investigaci\u00f3n en educaci\u00f3n no embellece, propone cr\u00edticas, intenta mostrar verdades \u2013as\u00ed, en plural, provisorias y vol\u00e1tiles\u2013 imprescindibles, para que lo que pasa y nos pasa no sea recibido con aceptaci\u00f3n resignada\u201d.<\/p>\n<p>\u201cEscribir, circular lo que hacemos, leer a lxs colegas, difundir, sumar estas producciones a proyectos de formaci\u00f3n o ense\u00f1anza, es tambi\u00e9n una forma de defender la producci\u00f3n de conocimiento, las publicaciones que permiten su circulaci\u00f3n en acceso libre y favorecer los di\u00e1logos entre quienes investigan, quienes ense\u00f1an, quienes leen o escriben, quiz\u00e1s todo ello al mismo tiempo\u201d, concluy\u00f3.<\/p>\n<p><img loading=\"lazy\" decoding=\"async\" class=\"alignnone size-full wp-image-9229\" src=\"http:\/\/ffyh.unc.edu.ar\/alfilo\/wp-content\/uploads\/sites\/11\/2025\/08\/jornadas-educacion-2025-5.jpg\" alt=\"\" width=\"1024\" height=\"503\" srcset=\"https:\/\/ffyh.unc.edu.ar\/alfilo\/wp-content\/uploads\/sites\/11\/2025\/08\/jornadas-educacion-2025-5.jpg 1024w, https:\/\/ffyh.unc.edu.ar\/alfilo\/wp-content\/uploads\/sites\/11\/2025\/08\/jornadas-educacion-2025-5-300x147.jpg 300w, https:\/\/ffyh.unc.edu.ar\/alfilo\/wp-content\/uploads\/sites\/11\/2025\/08\/jornadas-educacion-2025-5-768x377.jpg 768w\" sizes=\"auto, (max-width: 1024px) 100vw, 1024px\" \/><\/p>\n<p><strong>Alfredo Furl\u00e1n: capacidad reflexiva, calidez y fino humor<\/strong><\/p>\n<p>A continuaci\u00f3n, Guadalupe Molina realiz\u00f3 un homenaje a \u00a0Alfredo Furl\u00e1n, fallecido en abril de 2025. \u201cAlfredo produjo aportes sustantivos al campo pedag\u00f3gico y nos dej\u00f3 un conjunto de recuerdos entra\u00f1ables que hacen a su trato tan humano, a su sencillez, frontalidad, a su generosidad y profundidad reflexiva\u201d, indic\u00f3 la directora de la Escuela de Ciencias de la Educaci\u00f3n, quien conoci\u00f3 a Furl\u00e1n en 1997, cuando era una estudiante de 20 a\u00f1os en un encuentro realizado por el cincuentenario de la Faculta de Filosof\u00eda y Humanidades.<\/p>\n<p>\u201cConservo a\u00fan la copia de su presentaci\u00f3n que me regal\u00f3 en mano ese d\u00eda\u2026 la he rele\u00eddo muchas veces\u2026 no nos conoc\u00edamos en aquel entonces, pero me la dio. Es una nimiedad y pido disculpas por traerlo ac\u00e1 como una an\u00e9cdota personal. Fue la primera vez que cruzamos palabra, luego nos encontrar\u00edamos varias veces m\u00e1s, en C\u00f3rdoba y en M\u00e9xico, en congresos y en su casa. Siempre con esa sencillez, esa escucha, esa generosidad, esa agudeza\u2026\u201d, record\u00f3 Guadalupe.<\/p>\n<p><img loading=\"lazy\" decoding=\"async\" class=\"alignnone size-full wp-image-9230\" src=\"http:\/\/ffyh.unc.edu.ar\/alfilo\/wp-content\/uploads\/sites\/11\/2025\/08\/jornadas-educacion-2025-9.jpg\" alt=\"\" width=\"1024\" height=\"513\" srcset=\"https:\/\/ffyh.unc.edu.ar\/alfilo\/wp-content\/uploads\/sites\/11\/2025\/08\/jornadas-educacion-2025-9.jpg 1024w, https:\/\/ffyh.unc.edu.ar\/alfilo\/wp-content\/uploads\/sites\/11\/2025\/08\/jornadas-educacion-2025-9-300x150.jpg 300w, https:\/\/ffyh.unc.edu.ar\/alfilo\/wp-content\/uploads\/sites\/11\/2025\/08\/jornadas-educacion-2025-9-768x385.jpg 768w\" sizes=\"auto, (max-width: 1024px) 100vw, 1024px\" \/><\/p>\n<p>Alfredo naci\u00f3 en C\u00f3rdoba en 1949, estudi\u00f3 en el colegio Garz\u00f3n Agulla, se recibi\u00f3 de Maestro, luego de Profesor de Educaci\u00f3n F\u00edsica en el Instituto Provincial de Educaci\u00f3n F\u00edsica (IPEF), y de Profesor y Licenciado en Ciencias de la Educaci\u00f3n en nuestra Facultad, egresado en 1972 y 1973 respectivamente.<\/p>\n<p>En 1974 ingres\u00f3 como docente en la Escuela de Ciencias de la Educaci\u00f3n y fue cesanteado a fines de 1975, junto a otrxs profesores de nuestra casa. Se exili\u00f3 en M\u00e9xico y, desde febrero de 1976, se incorpor\u00f3 a la Escuela Nacional de Estudios Profesionales Iztacala de la Universidad Nacional Aut\u00f3noma de M\u00e9xico, donde trabaj\u00f3 toda su vida.<\/p>\n<p>\u201cLlega a M\u00e9xico, en un marco de incertidumbre y desgarro, en un tiempo de terror que fue vivido en carne propia y a\u00fan nos resuena en lo colectivo. La tarea de memoria es cotidiana y necesaria para no olvidar sus implicancias, tanto en t\u00e9rminos de p\u00e9rdidas, heridas, desaparici\u00f3n y muerte, como por las luchas de Memoria, Verdad y Justicia de las que Madres y Abuelas, las nuestras, que son un ejemplo en el mundo y un faro que tenemos que hacer brillar m\u00e1s en estos tiempos tan aciagos\u201d, se\u00f1al\u00f3 despu\u00e9s Guadalupe, quien destac\u00f3 entre los aportes centrales de Furl\u00e1n al campo educativo, \u201clos realizados sobre el curriculum, la gesti\u00f3n pedag\u00f3gica, el campo pedag\u00f3gico, la formaci\u00f3n de pedagogues, la disciplina y la convivencia escolar, entre otros; siempre en clave dial\u00f3gica y colaborativa\u201d.<\/p>\n<p>Para finalizar, comparti\u00f3 parte el texto que escribi\u00f3 Nora Alterman y que public\u00f3 la Escuela de Ciencias de la Educaci\u00f3n con motivo del fallecimiento de Furl\u00e1n:<\/p>\n<blockquote><p>\u201cQuienes lo conocimos en tiempos de estudiante y como joven docente, recordamos adem\u00e1s de su capacidad reflexiva, su calidez y fino humor. En M\u00e9xico desarroll\u00f3 una vasta trayectoria intelectual en la UNAM convirti\u00e9ndose tempranamente en un referente indiscutido en el campo de la investigaci\u00f3n educativa y de la pedagog\u00eda en Am\u00e9rica Latina. Estableci\u00f3 s\u00f3lidos lazos con colegas mexicanos y argentinos, situaci\u00f3n que contribuy\u00f3 a fortalecer los v\u00ednculos acad\u00e9micos y personales. Es autor de numerosos libros y art\u00edculos, compilaciones de investigaciones y coordinador de varios trabajos de recopilaci\u00f3n de Estados del Conocimiento sobre distintos temas de estudio. Aprendimos de sus magn\u00edficas clases y comprendimos las claves de su pensamiento pedag\u00f3gico a trav\u00e9s de sus textos. Le estaremos siempre agradecidos por transmitir e instaurar un modo de interpelar la escuela en sus m\u00faltiples aristas, desde un claro posicionamiento pol\u00edtico-pedag\u00f3gico, sensible y democr\u00e1tico\u201d.<\/p><\/blockquote>\n<p>Posteriormente, se realiz\u00f3 el panel de apertura con Patricia Redondo, Soledad Vercellino y Valeria Bedacarratx, coordinado por Edurne Esteves.<\/p>\n<p><iframe loading=\"lazy\" title=\"APERTURA INSTITUCIONAL y Homenaje a Alfredo Furl\u00e1n - XIII Jornadas de Investigaci\u00f3n en Educaci\u00f3n\" width=\"500\" height=\"281\" src=\"https:\/\/www.youtube.com\/embed\/kDgt-WA6Hts?feature=oembed\" frameborder=\"0\" allow=\"accelerometer; autoplay; clipboard-write; encrypted-media; gyroscope; picture-in-picture; web-share\" referrerpolicy=\"strict-origin-when-cross-origin\" allowfullscreen><\/iframe><\/p>\n<p>Entre otras actividades destacadas, el 31 de julio se desarroll\u00f3 el panel \u00abLa investigaci\u00f3n en educaci\u00f3n: agendas acad\u00e9micas, pol\u00edticas e institucionales\u00bb, con Daniel Su\u00e1rez, Vanesa L\u00f3pez, Myriam Southwell, Fernanda Saforcada y Claudio Suasnabar, con la coordinaci\u00f3n de Alejandra Castro.<\/p>\n<p><img loading=\"lazy\" decoding=\"async\" class=\"alignnone size-full wp-image-9257\" src=\"http:\/\/ffyh.unc.edu.ar\/alfilo\/wp-content\/uploads\/sites\/11\/2025\/08\/jornadas-educacion-2025-30.jpeg\" alt=\"\" width=\"1024\" height=\"577\" srcset=\"https:\/\/ffyh.unc.edu.ar\/alfilo\/wp-content\/uploads\/sites\/11\/2025\/08\/jornadas-educacion-2025-30.jpeg 1024w, https:\/\/ffyh.unc.edu.ar\/alfilo\/wp-content\/uploads\/sites\/11\/2025\/08\/jornadas-educacion-2025-30-300x169.jpeg 300w, https:\/\/ffyh.unc.edu.ar\/alfilo\/wp-content\/uploads\/sites\/11\/2025\/08\/jornadas-educacion-2025-30-768x433.jpeg 768w, https:\/\/ffyh.unc.edu.ar\/alfilo\/wp-content\/uploads\/sites\/11\/2025\/08\/jornadas-educacion-2025-30-678x381.jpeg 678w\" sizes=\"auto, (max-width: 1024px) 100vw, 1024px\" \/><\/p>\n<p><iframe loading=\"lazy\" title=\"PANEL: La investigaci\u00f3n en educaci\u00f3n: agendas acad\u00e9micas, pol\u00edticas e institucionales\" width=\"500\" height=\"281\" src=\"https:\/\/www.youtube.com\/embed\/qwbxjVV3tms?feature=oembed\" frameborder=\"0\" allow=\"accelerometer; autoplay; clipboard-write; encrypted-media; gyroscope; picture-in-picture; web-share\" referrerpolicy=\"strict-origin-when-cross-origin\" allowfullscreen><\/iframe><\/p>\n<h3><strong>Declaraci\u00f3n de las XIII Jornadas de Investigaci\u00f3n en Educaci\u00f3n<\/strong><\/h3>\n<p><img loading=\"lazy\" decoding=\"async\" class=\"alignnone size-full wp-image-9232\" src=\"http:\/\/ffyh.unc.edu.ar\/alfilo\/wp-content\/uploads\/sites\/11\/2025\/08\/jornadas-educacion-2025-43-scaled.jpeg\" alt=\"\" width=\"2560\" height=\"1040\" srcset=\"https:\/\/ffyh.unc.edu.ar\/alfilo\/wp-content\/uploads\/sites\/11\/2025\/08\/jornadas-educacion-2025-43-scaled.jpeg 2560w, https:\/\/ffyh.unc.edu.ar\/alfilo\/wp-content\/uploads\/sites\/11\/2025\/08\/jornadas-educacion-2025-43-300x122.jpeg 300w, https:\/\/ffyh.unc.edu.ar\/alfilo\/wp-content\/uploads\/sites\/11\/2025\/08\/jornadas-educacion-2025-43-1024x416.jpeg 1024w, https:\/\/ffyh.unc.edu.ar\/alfilo\/wp-content\/uploads\/sites\/11\/2025\/08\/jornadas-educacion-2025-43-768x312.jpeg 768w, https:\/\/ffyh.unc.edu.ar\/alfilo\/wp-content\/uploads\/sites\/11\/2025\/08\/jornadas-educacion-2025-43-1536x624.jpeg 1536w, https:\/\/ffyh.unc.edu.ar\/alfilo\/wp-content\/uploads\/sites\/11\/2025\/08\/jornadas-educacion-2025-43-2048x832.jpeg 2048w, https:\/\/ffyh.unc.edu.ar\/alfilo\/wp-content\/uploads\/sites\/11\/2025\/08\/jornadas-educacion-2025-43-1320x536.jpeg 1320w\" sizes=\"auto, (max-width: 2560px) 100vw, 2560px\" \/><\/p>\n<p>Finalmente, en el cierre de las Jornadas se ley\u00f3 una declaraci\u00f3n frente a la situaci\u00f3n de desfinanciamiento que atraviesa la educaci\u00f3n y la ciencia en nuestro pa\u00eds, que se puede leer a continuaci\u00f3n:<\/p>\n<blockquote><p>En el marco de las XIII Jornadas de Investigaci\u00f3n en Educaci\u00f3n los d\u00edas 30 y 31 de julio y 1 de agosto en la FFyH de la UNC, denunciamos la grave crisis que atraviesa el sistema de ciencia y t\u00e9cnica nacional y el avance de pol\u00edticas que ponen en jaque el derecho a la educaci\u00f3n y la promoci\u00f3n de la ciencia y la investigaci\u00f3n por parte del Estado.<\/p>\n<p>Denunciamos el desfinanciamiento y la devaluaci\u00f3n de nuestros salarios, aspectos que junto al recorte presupuestario nos coloca en una situaci\u00f3n de enorme dificultad para desarrollar nuestras actividades acad\u00e9micas. Somos objeto de ataques que buscan desacreditar nuestra labor y poner en duda la importancia de la ciencia y la investigaci\u00f3n p\u00fablicas en Argentina, especialmente en el campo de las humanidades.<\/p>\n<p>Denunciamos el sistem\u00e1tico ataque a CONICET, instituci\u00f3n fundamental para el desarrollo cient\u00edfico y tecnol\u00f3gico de nuestro pa\u00eds, poniendo en grav\u00edsimo riesgo el trabajo de investigadoras, investigadores becarios, personal de apoyo t\u00e9cnico y administrativo.<\/p>\n<p>El desfinanciamiento y la reducci\u00f3n de recursos para el sistema cient\u00edfico en su conjunto, incluyendo la disminuci\u00f3n de becas y pol\u00edticas de formaci\u00f3n de nuevos investigadores, abren la puerta a una mayor injerencia del mercado en el \u00e1mbito educativo.<\/p>\n<p>Pese a todo, con nuestro esfuerzo, seguimos apostando a la participaci\u00f3n en jornadas cient\u00edficas como un espacio de encuentro para dar a conocer, analizar y debatir los resultados de las investigaciones en ciencias de la educaci\u00f3n, as\u00ed como un aporte a la comprensi\u00f3n de los problemas educativos del presente y un espacio de lucha para tomar la palabra en defensa de la educaci\u00f3n p\u00fablica, las universidades y el sistema cient\u00edfico.<\/p>\n<p>Por todo lo expuesto, convocamos a la comunidad acad\u00e9mica, cient\u00edfica y a la sociedad en general a sumarse a esta declaraci\u00f3n en defensa de la ciencia, la educaci\u00f3n y la investigaci\u00f3n p\u00fablica en Argentina.<\/p>\n<hr \/>\n<\/blockquote>\n<h3><strong>Galer\u00eda de im\u00e1genes<\/strong><\/h3>\n<p><img loading=\"lazy\" decoding=\"async\" class=\"alignnone size-full wp-image-9233\" src=\"http:\/\/ffyh.unc.edu.ar\/alfilo\/wp-content\/uploads\/sites\/11\/2025\/08\/jornadas-educacion-2025-1.jpg\" alt=\"\" width=\"1024\" height=\"561\" srcset=\"https:\/\/ffyh.unc.edu.ar\/alfilo\/wp-content\/uploads\/sites\/11\/2025\/08\/jornadas-educacion-2025-1.jpg 1024w, https:\/\/ffyh.unc.edu.ar\/alfilo\/wp-content\/uploads\/sites\/11\/2025\/08\/jornadas-educacion-2025-1-300x164.jpg 300w, https:\/\/ffyh.unc.edu.ar\/alfilo\/wp-content\/uploads\/sites\/11\/2025\/08\/jornadas-educacion-2025-1-768x421.jpg 768w\" sizes=\"auto, (max-width: 1024px) 100vw, 1024px\" \/> <img loading=\"lazy\" decoding=\"async\" class=\"alignnone size-full wp-image-9234\" src=\"http:\/\/ffyh.unc.edu.ar\/alfilo\/wp-content\/uploads\/sites\/11\/2025\/08\/jornadas-educacion-2025-2-scaled.jpg\" alt=\"\" width=\"2560\" height=\"1290\" srcset=\"https:\/\/ffyh.unc.edu.ar\/alfilo\/wp-content\/uploads\/sites\/11\/2025\/08\/jornadas-educacion-2025-2-scaled.jpg 2560w, https:\/\/ffyh.unc.edu.ar\/alfilo\/wp-content\/uploads\/sites\/11\/2025\/08\/jornadas-educacion-2025-2-300x151.jpg 300w, https:\/\/ffyh.unc.edu.ar\/alfilo\/wp-content\/uploads\/sites\/11\/2025\/08\/jornadas-educacion-2025-2-1024x516.jpg 1024w, https:\/\/ffyh.unc.edu.ar\/alfilo\/wp-content\/uploads\/sites\/11\/2025\/08\/jornadas-educacion-2025-2-768x387.jpg 768w, https:\/\/ffyh.unc.edu.ar\/alfilo\/wp-content\/uploads\/sites\/11\/2025\/08\/jornadas-educacion-2025-2-1536x774.jpg 1536w, https:\/\/ffyh.unc.edu.ar\/alfilo\/wp-content\/uploads\/sites\/11\/2025\/08\/jornadas-educacion-2025-2-2048x1032.jpg 2048w, https:\/\/ffyh.unc.edu.ar\/alfilo\/wp-content\/uploads\/sites\/11\/2025\/08\/jornadas-educacion-2025-2-1320x665.jpg 1320w\" sizes=\"auto, (max-width: 2560px) 100vw, 2560px\" \/> <img loading=\"lazy\" decoding=\"async\" class=\"alignnone size-full wp-image-9235\" src=\"http:\/\/ffyh.unc.edu.ar\/alfilo\/wp-content\/uploads\/sites\/11\/2025\/08\/jornadas-educacion-2025-3.jpg\" alt=\"\" width=\"1024\" height=\"492\" srcset=\"https:\/\/ffyh.unc.edu.ar\/alfilo\/wp-content\/uploads\/sites\/11\/2025\/08\/jornadas-educacion-2025-3.jpg 1024w, https:\/\/ffyh.unc.edu.ar\/alfilo\/wp-content\/uploads\/sites\/11\/2025\/08\/jornadas-educacion-2025-3-300x144.jpg 300w, https:\/\/ffyh.unc.edu.ar\/alfilo\/wp-content\/uploads\/sites\/11\/2025\/08\/jornadas-educacion-2025-3-768x369.jpg 768w\" sizes=\"auto, (max-width: 1024px) 100vw, 1024px\" \/> <img loading=\"lazy\" decoding=\"async\" class=\"alignnone size-full wp-image-9236\" src=\"http:\/\/ffyh.unc.edu.ar\/alfilo\/wp-content\/uploads\/sites\/11\/2025\/08\/jornadas-educacion-2025-4.jpg\" alt=\"\" width=\"1024\" height=\"659\" srcset=\"https:\/\/ffyh.unc.edu.ar\/alfilo\/wp-content\/uploads\/sites\/11\/2025\/08\/jornadas-educacion-2025-4.jpg 1024w, https:\/\/ffyh.unc.edu.ar\/alfilo\/wp-content\/uploads\/sites\/11\/2025\/08\/jornadas-educacion-2025-4-300x193.jpg 300w, https:\/\/ffyh.unc.edu.ar\/alfilo\/wp-content\/uploads\/sites\/11\/2025\/08\/jornadas-educacion-2025-4-768x494.jpg 768w\" sizes=\"auto, (max-width: 1024px) 100vw, 1024px\" \/> <img loading=\"lazy\" decoding=\"async\" class=\"alignnone size-full wp-image-9237\" src=\"http:\/\/ffyh.unc.edu.ar\/alfilo\/wp-content\/uploads\/sites\/11\/2025\/08\/jornadas-educacion-2025-7.jpg\" alt=\"\" width=\"1024\" height=\"415\" srcset=\"https:\/\/ffyh.unc.edu.ar\/alfilo\/wp-content\/uploads\/sites\/11\/2025\/08\/jornadas-educacion-2025-7.jpg 1024w, https:\/\/ffyh.unc.edu.ar\/alfilo\/wp-content\/uploads\/sites\/11\/2025\/08\/jornadas-educacion-2025-7-300x122.jpg 300w, https:\/\/ffyh.unc.edu.ar\/alfilo\/wp-content\/uploads\/sites\/11\/2025\/08\/jornadas-educacion-2025-7-768x311.jpg 768w\" sizes=\"auto, (max-width: 1024px) 100vw, 1024px\" \/> <img loading=\"lazy\" decoding=\"async\" class=\"alignnone size-full wp-image-9238\" src=\"http:\/\/ffyh.unc.edu.ar\/alfilo\/wp-content\/uploads\/sites\/11\/2025\/08\/jornadas-educacion-2025-8.jpg\" alt=\"\" width=\"1024\" height=\"534\" srcset=\"https:\/\/ffyh.unc.edu.ar\/alfilo\/wp-content\/uploads\/sites\/11\/2025\/08\/jornadas-educacion-2025-8.jpg 1024w, https:\/\/ffyh.unc.edu.ar\/alfilo\/wp-content\/uploads\/sites\/11\/2025\/08\/jornadas-educacion-2025-8-300x156.jpg 300w, https:\/\/ffyh.unc.edu.ar\/alfilo\/wp-content\/uploads\/sites\/11\/2025\/08\/jornadas-educacion-2025-8-768x401.jpg 768w\" sizes=\"auto, (max-width: 1024px) 100vw, 1024px\" \/> <img loading=\"lazy\" decoding=\"async\" class=\"alignnone size-full wp-image-9239\" src=\"http:\/\/ffyh.unc.edu.ar\/alfilo\/wp-content\/uploads\/sites\/11\/2025\/08\/jornadas-educacion-2025-10.jpg\" alt=\"\" width=\"1024\" height=\"534\" srcset=\"https:\/\/ffyh.unc.edu.ar\/alfilo\/wp-content\/uploads\/sites\/11\/2025\/08\/jornadas-educacion-2025-10.jpg 1024w, https:\/\/ffyh.unc.edu.ar\/alfilo\/wp-content\/uploads\/sites\/11\/2025\/08\/jornadas-educacion-2025-10-300x156.jpg 300w, https:\/\/ffyh.unc.edu.ar\/alfilo\/wp-content\/uploads\/sites\/11\/2025\/08\/jornadas-educacion-2025-10-768x401.jpg 768w\" sizes=\"auto, (max-width: 1024px) 100vw, 1024px\" \/> <img loading=\"lazy\" decoding=\"async\" class=\"alignnone size-full wp-image-9240\" src=\"http:\/\/ffyh.unc.edu.ar\/alfilo\/wp-content\/uploads\/sites\/11\/2025\/08\/jornadas-educacion-2025-12.jpg\" alt=\"\" width=\"1024\" height=\"518\" srcset=\"https:\/\/ffyh.unc.edu.ar\/alfilo\/wp-content\/uploads\/sites\/11\/2025\/08\/jornadas-educacion-2025-12.jpg 1024w, https:\/\/ffyh.unc.edu.ar\/alfilo\/wp-content\/uploads\/sites\/11\/2025\/08\/jornadas-educacion-2025-12-300x152.jpg 300w, https:\/\/ffyh.unc.edu.ar\/alfilo\/wp-content\/uploads\/sites\/11\/2025\/08\/jornadas-educacion-2025-12-768x389.jpg 768w\" sizes=\"auto, (max-width: 1024px) 100vw, 1024px\" \/> <img loading=\"lazy\" decoding=\"async\" class=\"alignnone size-full wp-image-9241\" src=\"http:\/\/ffyh.unc.edu.ar\/alfilo\/wp-content\/uploads\/sites\/11\/2025\/08\/jornadas-educacion-2025-13.jpg\" alt=\"\" width=\"1024\" height=\"570\" srcset=\"https:\/\/ffyh.unc.edu.ar\/alfilo\/wp-content\/uploads\/sites\/11\/2025\/08\/jornadas-educacion-2025-13.jpg 1024w, https:\/\/ffyh.unc.edu.ar\/alfilo\/wp-content\/uploads\/sites\/11\/2025\/08\/jornadas-educacion-2025-13-300x167.jpg 300w, https:\/\/ffyh.unc.edu.ar\/alfilo\/wp-content\/uploads\/sites\/11\/2025\/08\/jornadas-educacion-2025-13-768x428.jpg 768w\" sizes=\"auto, (max-width: 1024px) 100vw, 1024px\" \/> <img loading=\"lazy\" decoding=\"async\" class=\"alignnone size-full wp-image-9242\" src=\"http:\/\/ffyh.unc.edu.ar\/alfilo\/wp-content\/uploads\/sites\/11\/2025\/08\/jornadas-educacion-2025-15.jpg\" alt=\"\" width=\"1024\" height=\"545\" srcset=\"https:\/\/ffyh.unc.edu.ar\/alfilo\/wp-content\/uploads\/sites\/11\/2025\/08\/jornadas-educacion-2025-15.jpg 1024w, https:\/\/ffyh.unc.edu.ar\/alfilo\/wp-content\/uploads\/sites\/11\/2025\/08\/jornadas-educacion-2025-15-300x160.jpg 300w, https:\/\/ffyh.unc.edu.ar\/alfilo\/wp-content\/uploads\/sites\/11\/2025\/08\/jornadas-educacion-2025-15-768x409.jpg 768w\" sizes=\"auto, (max-width: 1024px) 100vw, 1024px\" \/> <img loading=\"lazy\" decoding=\"async\" class=\"alignnone size-full wp-image-9243\" src=\"http:\/\/ffyh.unc.edu.ar\/alfilo\/wp-content\/uploads\/sites\/11\/2025\/08\/jornadas-educacion-2025-16.jpg\" alt=\"\" width=\"1024\" height=\"470\" srcset=\"https:\/\/ffyh.unc.edu.ar\/alfilo\/wp-content\/uploads\/sites\/11\/2025\/08\/jornadas-educacion-2025-16.jpg 1024w, https:\/\/ffyh.unc.edu.ar\/alfilo\/wp-content\/uploads\/sites\/11\/2025\/08\/jornadas-educacion-2025-16-300x138.jpg 300w, https:\/\/ffyh.unc.edu.ar\/alfilo\/wp-content\/uploads\/sites\/11\/2025\/08\/jornadas-educacion-2025-16-768x353.jpg 768w\" sizes=\"auto, (max-width: 1024px) 100vw, 1024px\" \/> <img loading=\"lazy\" decoding=\"async\" class=\"alignnone size-full wp-image-9244\" src=\"http:\/\/ffyh.unc.edu.ar\/alfilo\/wp-content\/uploads\/sites\/11\/2025\/08\/jornadas-educacion-2025-17.jpg\" alt=\"\" width=\"1024\" height=\"542\" srcset=\"https:\/\/ffyh.unc.edu.ar\/alfilo\/wp-content\/uploads\/sites\/11\/2025\/08\/jornadas-educacion-2025-17.jpg 1024w, https:\/\/ffyh.unc.edu.ar\/alfilo\/wp-content\/uploads\/sites\/11\/2025\/08\/jornadas-educacion-2025-17-300x159.jpg 300w, https:\/\/ffyh.unc.edu.ar\/alfilo\/wp-content\/uploads\/sites\/11\/2025\/08\/jornadas-educacion-2025-17-768x407.jpg 768w\" sizes=\"auto, (max-width: 1024px) 100vw, 1024px\" \/> <img loading=\"lazy\" decoding=\"async\" class=\"alignnone size-full wp-image-9245\" src=\"http:\/\/ffyh.unc.edu.ar\/alfilo\/wp-content\/uploads\/sites\/11\/2025\/08\/jornadas-educacion-2025-18.jpg\" alt=\"\" width=\"1024\" height=\"700\" srcset=\"https:\/\/ffyh.unc.edu.ar\/alfilo\/wp-content\/uploads\/sites\/11\/2025\/08\/jornadas-educacion-2025-18.jpg 1024w, https:\/\/ffyh.unc.edu.ar\/alfilo\/wp-content\/uploads\/sites\/11\/2025\/08\/jornadas-educacion-2025-18-300x205.jpg 300w, https:\/\/ffyh.unc.edu.ar\/alfilo\/wp-content\/uploads\/sites\/11\/2025\/08\/jornadas-educacion-2025-18-768x525.jpg 768w\" sizes=\"auto, (max-width: 1024px) 100vw, 1024px\" \/> <img loading=\"lazy\" decoding=\"async\" class=\"alignnone size-full wp-image-9246\" src=\"http:\/\/ffyh.unc.edu.ar\/alfilo\/wp-content\/uploads\/sites\/11\/2025\/08\/jornadas-educacion-2025-19.jpg\" alt=\"\" width=\"1024\" height=\"434\" srcset=\"https:\/\/ffyh.unc.edu.ar\/alfilo\/wp-content\/uploads\/sites\/11\/2025\/08\/jornadas-educacion-2025-19.jpg 1024w, https:\/\/ffyh.unc.edu.ar\/alfilo\/wp-content\/uploads\/sites\/11\/2025\/08\/jornadas-educacion-2025-19-300x127.jpg 300w, https:\/\/ffyh.unc.edu.ar\/alfilo\/wp-content\/uploads\/sites\/11\/2025\/08\/jornadas-educacion-2025-19-768x326.jpg 768w\" sizes=\"auto, (max-width: 1024px) 100vw, 1024px\" \/> <img loading=\"lazy\" decoding=\"async\" class=\"alignnone size-full wp-image-9247\" src=\"http:\/\/ffyh.unc.edu.ar\/alfilo\/wp-content\/uploads\/sites\/11\/2025\/08\/jornadas-educacion-2025-20.jpg\" alt=\"\" width=\"1024\" height=\"545\" srcset=\"https:\/\/ffyh.unc.edu.ar\/alfilo\/wp-content\/uploads\/sites\/11\/2025\/08\/jornadas-educacion-2025-20.jpg 1024w, https:\/\/ffyh.unc.edu.ar\/alfilo\/wp-content\/uploads\/sites\/11\/2025\/08\/jornadas-educacion-2025-20-300x160.jpg 300w, https:\/\/ffyh.unc.edu.ar\/alfilo\/wp-content\/uploads\/sites\/11\/2025\/08\/jornadas-educacion-2025-20-768x409.jpg 768w\" sizes=\"auto, (max-width: 1024px) 100vw, 1024px\" \/> <img loading=\"lazy\" decoding=\"async\" class=\"alignnone size-full wp-image-9248\" src=\"http:\/\/ffyh.unc.edu.ar\/alfilo\/wp-content\/uploads\/sites\/11\/2025\/08\/jornadas-educacion-2025-21.jpg\" alt=\"\" width=\"1024\" height=\"463\" srcset=\"https:\/\/ffyh.unc.edu.ar\/alfilo\/wp-content\/uploads\/sites\/11\/2025\/08\/jornadas-educacion-2025-21.jpg 1024w, https:\/\/ffyh.unc.edu.ar\/alfilo\/wp-content\/uploads\/sites\/11\/2025\/08\/jornadas-educacion-2025-21-300x136.jpg 300w, https:\/\/ffyh.unc.edu.ar\/alfilo\/wp-content\/uploads\/sites\/11\/2025\/08\/jornadas-educacion-2025-21-768x347.jpg 768w\" sizes=\"auto, (max-width: 1024px) 100vw, 1024px\" \/> <img loading=\"lazy\" decoding=\"async\" class=\"alignnone size-full wp-image-9249\" src=\"http:\/\/ffyh.unc.edu.ar\/alfilo\/wp-content\/uploads\/sites\/11\/2025\/08\/jornadas-educacion-2025-22.jpg\" alt=\"\" width=\"1024\" height=\"584\" srcset=\"https:\/\/ffyh.unc.edu.ar\/alfilo\/wp-content\/uploads\/sites\/11\/2025\/08\/jornadas-educacion-2025-22.jpg 1024w, https:\/\/ffyh.unc.edu.ar\/alfilo\/wp-content\/uploads\/sites\/11\/2025\/08\/jornadas-educacion-2025-22-300x171.jpg 300w, https:\/\/ffyh.unc.edu.ar\/alfilo\/wp-content\/uploads\/sites\/11\/2025\/08\/jornadas-educacion-2025-22-768x438.jpg 768w\" sizes=\"auto, (max-width: 1024px) 100vw, 1024px\" \/> <img loading=\"lazy\" decoding=\"async\" class=\"alignnone size-full wp-image-9250\" src=\"http:\/\/ffyh.unc.edu.ar\/alfilo\/wp-content\/uploads\/sites\/11\/2025\/08\/jornadas-educacion-2025-23.jpg\" alt=\"\" width=\"1024\" height=\"481\" srcset=\"https:\/\/ffyh.unc.edu.ar\/alfilo\/wp-content\/uploads\/sites\/11\/2025\/08\/jornadas-educacion-2025-23.jpg 1024w, https:\/\/ffyh.unc.edu.ar\/alfilo\/wp-content\/uploads\/sites\/11\/2025\/08\/jornadas-educacion-2025-23-300x141.jpg 300w, https:\/\/ffyh.unc.edu.ar\/alfilo\/wp-content\/uploads\/sites\/11\/2025\/08\/jornadas-educacion-2025-23-768x361.jpg 768w\" sizes=\"auto, (max-width: 1024px) 100vw, 1024px\" \/> <img loading=\"lazy\" decoding=\"async\" class=\"alignnone size-full wp-image-9251\" src=\"http:\/\/ffyh.unc.edu.ar\/alfilo\/wp-content\/uploads\/sites\/11\/2025\/08\/jornadas-educacion-2025-24.jpg\" alt=\"\" width=\"1024\" height=\"462\" srcset=\"https:\/\/ffyh.unc.edu.ar\/alfilo\/wp-content\/uploads\/sites\/11\/2025\/08\/jornadas-educacion-2025-24.jpg 1024w, https:\/\/ffyh.unc.edu.ar\/alfilo\/wp-content\/uploads\/sites\/11\/2025\/08\/jornadas-educacion-2025-24-300x135.jpg 300w, https:\/\/ffyh.unc.edu.ar\/alfilo\/wp-content\/uploads\/sites\/11\/2025\/08\/jornadas-educacion-2025-24-768x347.jpg 768w\" sizes=\"auto, (max-width: 1024px) 100vw, 1024px\" \/> <img loading=\"lazy\" decoding=\"async\" class=\"alignnone size-full wp-image-9252\" src=\"http:\/\/ffyh.unc.edu.ar\/alfilo\/wp-content\/uploads\/sites\/11\/2025\/08\/jornadas-educacion-2025-25.jpg\" alt=\"\" width=\"1024\" height=\"465\" srcset=\"https:\/\/ffyh.unc.edu.ar\/alfilo\/wp-content\/uploads\/sites\/11\/2025\/08\/jornadas-educacion-2025-25.jpg 1024w, https:\/\/ffyh.unc.edu.ar\/alfilo\/wp-content\/uploads\/sites\/11\/2025\/08\/jornadas-educacion-2025-25-300x136.jpg 300w, https:\/\/ffyh.unc.edu.ar\/alfilo\/wp-content\/uploads\/sites\/11\/2025\/08\/jornadas-educacion-2025-25-768x349.jpg 768w\" sizes=\"auto, (max-width: 1024px) 100vw, 1024px\" \/> <img loading=\"lazy\" decoding=\"async\" class=\"alignnone size-full wp-image-9253\" src=\"http:\/\/ffyh.unc.edu.ar\/alfilo\/wp-content\/uploads\/sites\/11\/2025\/08\/jornadas-educacion-2025-26.jpg\" alt=\"\" width=\"1024\" height=\"597\" srcset=\"https:\/\/ffyh.unc.edu.ar\/alfilo\/wp-content\/uploads\/sites\/11\/2025\/08\/jornadas-educacion-2025-26.jpg 1024w, https:\/\/ffyh.unc.edu.ar\/alfilo\/wp-content\/uploads\/sites\/11\/2025\/08\/jornadas-educacion-2025-26-300x175.jpg 300w, https:\/\/ffyh.unc.edu.ar\/alfilo\/wp-content\/uploads\/sites\/11\/2025\/08\/jornadas-educacion-2025-26-768x448.jpg 768w\" sizes=\"auto, (max-width: 1024px) 100vw, 1024px\" \/> <img loading=\"lazy\" decoding=\"async\" class=\"alignnone size-full wp-image-9254\" src=\"http:\/\/ffyh.unc.edu.ar\/alfilo\/wp-content\/uploads\/sites\/11\/2025\/08\/jornadas-educacion-2025-27-scaled.jpg\" alt=\"\" width=\"2560\" height=\"1436\" srcset=\"https:\/\/ffyh.unc.edu.ar\/alfilo\/wp-content\/uploads\/sites\/11\/2025\/08\/jornadas-educacion-2025-27-scaled.jpg 2560w, https:\/\/ffyh.unc.edu.ar\/alfilo\/wp-content\/uploads\/sites\/11\/2025\/08\/jornadas-educacion-2025-27-300x168.jpg 300w, https:\/\/ffyh.unc.edu.ar\/alfilo\/wp-content\/uploads\/sites\/11\/2025\/08\/jornadas-educacion-2025-27-1024x574.jpg 1024w, https:\/\/ffyh.unc.edu.ar\/alfilo\/wp-content\/uploads\/sites\/11\/2025\/08\/jornadas-educacion-2025-27-768x431.jpg 768w, https:\/\/ffyh.unc.edu.ar\/alfilo\/wp-content\/uploads\/sites\/11\/2025\/08\/jornadas-educacion-2025-27-1536x862.jpg 1536w, https:\/\/ffyh.unc.edu.ar\/alfilo\/wp-content\/uploads\/sites\/11\/2025\/08\/jornadas-educacion-2025-27-2048x1149.jpg 2048w, https:\/\/ffyh.unc.edu.ar\/alfilo\/wp-content\/uploads\/sites\/11\/2025\/08\/jornadas-educacion-2025-27-678x381.jpg 678w, https:\/\/ffyh.unc.edu.ar\/alfilo\/wp-content\/uploads\/sites\/11\/2025\/08\/jornadas-educacion-2025-27-1320x741.jpg 1320w\" sizes=\"auto, (max-width: 2560px) 100vw, 2560px\" \/> <img loading=\"lazy\" decoding=\"async\" class=\"alignnone size-full wp-image-9255\" src=\"http:\/\/ffyh.unc.edu.ar\/alfilo\/wp-content\/uploads\/sites\/11\/2025\/08\/jornadas-educacion-2025-28.jpeg\" alt=\"\" width=\"1024\" height=\"547\" srcset=\"https:\/\/ffyh.unc.edu.ar\/alfilo\/wp-content\/uploads\/sites\/11\/2025\/08\/jornadas-educacion-2025-28.jpeg 1024w, https:\/\/ffyh.unc.edu.ar\/alfilo\/wp-content\/uploads\/sites\/11\/2025\/08\/jornadas-educacion-2025-28-300x160.jpeg 300w, https:\/\/ffyh.unc.edu.ar\/alfilo\/wp-content\/uploads\/sites\/11\/2025\/08\/jornadas-educacion-2025-28-768x410.jpeg 768w\" sizes=\"auto, (max-width: 1024px) 100vw, 1024px\" \/> <img loading=\"lazy\" decoding=\"async\" class=\"alignnone size-full wp-image-9256\" src=\"http:\/\/ffyh.unc.edu.ar\/alfilo\/wp-content\/uploads\/sites\/11\/2025\/08\/jornadas-educacion-2025-29.jpeg\" alt=\"\" width=\"1024\" height=\"561\" srcset=\"https:\/\/ffyh.unc.edu.ar\/alfilo\/wp-content\/uploads\/sites\/11\/2025\/08\/jornadas-educacion-2025-29.jpeg 1024w, https:\/\/ffyh.unc.edu.ar\/alfilo\/wp-content\/uploads\/sites\/11\/2025\/08\/jornadas-educacion-2025-29-300x164.jpeg 300w, https:\/\/ffyh.unc.edu.ar\/alfilo\/wp-content\/uploads\/sites\/11\/2025\/08\/jornadas-educacion-2025-29-768x421.jpeg 768w\" sizes=\"auto, (max-width: 1024px) 100vw, 1024px\" \/><img loading=\"lazy\" decoding=\"async\" class=\"alignnone size-full wp-image-9258\" src=\"http:\/\/ffyh.unc.edu.ar\/alfilo\/wp-content\/uploads\/sites\/11\/2025\/08\/jornadas-educacion-2025-31.jpeg\" alt=\"\" width=\"1024\" height=\"513\" srcset=\"https:\/\/ffyh.unc.edu.ar\/alfilo\/wp-content\/uploads\/sites\/11\/2025\/08\/jornadas-educacion-2025-31.jpeg 1024w, https:\/\/ffyh.unc.edu.ar\/alfilo\/wp-content\/uploads\/sites\/11\/2025\/08\/jornadas-educacion-2025-31-300x150.jpeg 300w, https:\/\/ffyh.unc.edu.ar\/alfilo\/wp-content\/uploads\/sites\/11\/2025\/08\/jornadas-educacion-2025-31-768x385.jpeg 768w\" sizes=\"auto, (max-width: 1024px) 100vw, 1024px\" \/> <img loading=\"lazy\" decoding=\"async\" class=\"alignnone size-full wp-image-9259\" src=\"http:\/\/ffyh.unc.edu.ar\/alfilo\/wp-content\/uploads\/sites\/11\/2025\/08\/jornadas-educacion-2025-32.jpeg\" alt=\"\" width=\"1024\" height=\"638\" srcset=\"https:\/\/ffyh.unc.edu.ar\/alfilo\/wp-content\/uploads\/sites\/11\/2025\/08\/jornadas-educacion-2025-32.jpeg 1024w, https:\/\/ffyh.unc.edu.ar\/alfilo\/wp-content\/uploads\/sites\/11\/2025\/08\/jornadas-educacion-2025-32-300x187.jpeg 300w, https:\/\/ffyh.unc.edu.ar\/alfilo\/wp-content\/uploads\/sites\/11\/2025\/08\/jornadas-educacion-2025-32-768x479.jpeg 768w\" sizes=\"auto, (max-width: 1024px) 100vw, 1024px\" \/> <img loading=\"lazy\" decoding=\"async\" class=\"alignnone size-full wp-image-9260\" src=\"http:\/\/ffyh.unc.edu.ar\/alfilo\/wp-content\/uploads\/sites\/11\/2025\/08\/jornadas-educacion-2025-33.jpeg\" alt=\"\" width=\"1024\" height=\"604\" srcset=\"https:\/\/ffyh.unc.edu.ar\/alfilo\/wp-content\/uploads\/sites\/11\/2025\/08\/jornadas-educacion-2025-33.jpeg 1024w, https:\/\/ffyh.unc.edu.ar\/alfilo\/wp-content\/uploads\/sites\/11\/2025\/08\/jornadas-educacion-2025-33-300x177.jpeg 300w, https:\/\/ffyh.unc.edu.ar\/alfilo\/wp-content\/uploads\/sites\/11\/2025\/08\/jornadas-educacion-2025-33-768x453.jpeg 768w\" sizes=\"auto, (max-width: 1024px) 100vw, 1024px\" \/> <img loading=\"lazy\" decoding=\"async\" class=\"alignnone size-full wp-image-9261\" src=\"http:\/\/ffyh.unc.edu.ar\/alfilo\/wp-content\/uploads\/sites\/11\/2025\/08\/jornadas-educacion-2025-34.jpeg\" alt=\"\" width=\"1024\" height=\"690\" srcset=\"https:\/\/ffyh.unc.edu.ar\/alfilo\/wp-content\/uploads\/sites\/11\/2025\/08\/jornadas-educacion-2025-34.jpeg 1024w, https:\/\/ffyh.unc.edu.ar\/alfilo\/wp-content\/uploads\/sites\/11\/2025\/08\/jornadas-educacion-2025-34-300x202.jpeg 300w, https:\/\/ffyh.unc.edu.ar\/alfilo\/wp-content\/uploads\/sites\/11\/2025\/08\/jornadas-educacion-2025-34-768x518.jpeg 768w\" sizes=\"auto, (max-width: 1024px) 100vw, 1024px\" \/> <img loading=\"lazy\" decoding=\"async\" class=\"alignnone size-full wp-image-9262\" src=\"http:\/\/ffyh.unc.edu.ar\/alfilo\/wp-content\/uploads\/sites\/11\/2025\/08\/jornadas-educacion-2025-35.jpeg\" alt=\"\" width=\"1024\" height=\"634\" srcset=\"https:\/\/ffyh.unc.edu.ar\/alfilo\/wp-content\/uploads\/sites\/11\/2025\/08\/jornadas-educacion-2025-35.jpeg 1024w, https:\/\/ffyh.unc.edu.ar\/alfilo\/wp-content\/uploads\/sites\/11\/2025\/08\/jornadas-educacion-2025-35-300x186.jpeg 300w, https:\/\/ffyh.unc.edu.ar\/alfilo\/wp-content\/uploads\/sites\/11\/2025\/08\/jornadas-educacion-2025-35-768x476.jpeg 768w\" sizes=\"auto, (max-width: 1024px) 100vw, 1024px\" \/> <img loading=\"lazy\" decoding=\"async\" class=\"alignnone size-full wp-image-9263\" src=\"http:\/\/ffyh.unc.edu.ar\/alfilo\/wp-content\/uploads\/sites\/11\/2025\/08\/jornadas-educacion-2025-36.jpeg\" alt=\"\" width=\"1024\" height=\"673\" srcset=\"https:\/\/ffyh.unc.edu.ar\/alfilo\/wp-content\/uploads\/sites\/11\/2025\/08\/jornadas-educacion-2025-36.jpeg 1024w, https:\/\/ffyh.unc.edu.ar\/alfilo\/wp-content\/uploads\/sites\/11\/2025\/08\/jornadas-educacion-2025-36-300x197.jpeg 300w, https:\/\/ffyh.unc.edu.ar\/alfilo\/wp-content\/uploads\/sites\/11\/2025\/08\/jornadas-educacion-2025-36-768x505.jpeg 768w\" sizes=\"auto, (max-width: 1024px) 100vw, 1024px\" \/> <img loading=\"lazy\" decoding=\"async\" class=\"alignnone size-full wp-image-9264\" src=\"http:\/\/ffyh.unc.edu.ar\/alfilo\/wp-content\/uploads\/sites\/11\/2025\/08\/jornadas-educacion-2025-37.jpeg\" alt=\"\" width=\"1024\" height=\"592\" srcset=\"https:\/\/ffyh.unc.edu.ar\/alfilo\/wp-content\/uploads\/sites\/11\/2025\/08\/jornadas-educacion-2025-37.jpeg 1024w, https:\/\/ffyh.unc.edu.ar\/alfilo\/wp-content\/uploads\/sites\/11\/2025\/08\/jornadas-educacion-2025-37-300x173.jpeg 300w, https:\/\/ffyh.unc.edu.ar\/alfilo\/wp-content\/uploads\/sites\/11\/2025\/08\/jornadas-educacion-2025-37-768x444.jpeg 768w\" sizes=\"auto, (max-width: 1024px) 100vw, 1024px\" \/> <img loading=\"lazy\" decoding=\"async\" class=\"alignnone size-full wp-image-9265\" src=\"http:\/\/ffyh.unc.edu.ar\/alfilo\/wp-content\/uploads\/sites\/11\/2025\/08\/jornadas-educacion-2025-39.jpeg\" alt=\"\" width=\"1024\" height=\"657\" srcset=\"https:\/\/ffyh.unc.edu.ar\/alfilo\/wp-content\/uploads\/sites\/11\/2025\/08\/jornadas-educacion-2025-39.jpeg 1024w, https:\/\/ffyh.unc.edu.ar\/alfilo\/wp-content\/uploads\/sites\/11\/2025\/08\/jornadas-educacion-2025-39-300x192.jpeg 300w, https:\/\/ffyh.unc.edu.ar\/alfilo\/wp-content\/uploads\/sites\/11\/2025\/08\/jornadas-educacion-2025-39-768x493.jpeg 768w\" sizes=\"auto, (max-width: 1024px) 100vw, 1024px\" \/> <img loading=\"lazy\" decoding=\"async\" class=\"alignnone size-full wp-image-9266\" src=\"http:\/\/ffyh.unc.edu.ar\/alfilo\/wp-content\/uploads\/sites\/11\/2025\/08\/jornadas-educacion-2025-40.jpeg\" alt=\"\" width=\"1024\" height=\"647\" srcset=\"https:\/\/ffyh.unc.edu.ar\/alfilo\/wp-content\/uploads\/sites\/11\/2025\/08\/jornadas-educacion-2025-40.jpeg 1024w, https:\/\/ffyh.unc.edu.ar\/alfilo\/wp-content\/uploads\/sites\/11\/2025\/08\/jornadas-educacion-2025-40-300x190.jpeg 300w, https:\/\/ffyh.unc.edu.ar\/alfilo\/wp-content\/uploads\/sites\/11\/2025\/08\/jornadas-educacion-2025-40-768x485.jpeg 768w\" sizes=\"auto, (max-width: 1024px) 100vw, 1024px\" \/> <img loading=\"lazy\" decoding=\"async\" class=\"alignnone size-full wp-image-9267\" src=\"http:\/\/ffyh.unc.edu.ar\/alfilo\/wp-content\/uploads\/sites\/11\/2025\/08\/jornadas-educacion-2025-41.jpeg\" alt=\"\" width=\"1024\" height=\"667\" srcset=\"https:\/\/ffyh.unc.edu.ar\/alfilo\/wp-content\/uploads\/sites\/11\/2025\/08\/jornadas-educacion-2025-41.jpeg 1024w, https:\/\/ffyh.unc.edu.ar\/alfilo\/wp-content\/uploads\/sites\/11\/2025\/08\/jornadas-educacion-2025-41-300x195.jpeg 300w, https:\/\/ffyh.unc.edu.ar\/alfilo\/wp-content\/uploads\/sites\/11\/2025\/08\/jornadas-educacion-2025-41-768x500.jpeg 768w\" sizes=\"auto, (max-width: 1024px) 100vw, 1024px\" \/> <img loading=\"lazy\" decoding=\"async\" class=\"alignnone size-full wp-image-9268\" src=\"http:\/\/ffyh.unc.edu.ar\/alfilo\/wp-content\/uploads\/sites\/11\/2025\/08\/jornadas-educacion-2025-42.jpeg\" alt=\"\" width=\"1024\" height=\"578\" srcset=\"https:\/\/ffyh.unc.edu.ar\/alfilo\/wp-content\/uploads\/sites\/11\/2025\/08\/jornadas-educacion-2025-42.jpeg 1024w, https:\/\/ffyh.unc.edu.ar\/alfilo\/wp-content\/uploads\/sites\/11\/2025\/08\/jornadas-educacion-2025-42-300x169.jpeg 300w, https:\/\/ffyh.unc.edu.ar\/alfilo\/wp-content\/uploads\/sites\/11\/2025\/08\/jornadas-educacion-2025-42-768x434.jpeg 768w\" sizes=\"auto, (max-width: 1024px) 100vw, 1024px\" \/> <img loading=\"lazy\" decoding=\"async\" class=\"alignnone size-full wp-image-9269\" src=\"http:\/\/ffyh.unc.edu.ar\/alfilo\/wp-content\/uploads\/sites\/11\/2025\/08\/jornadas-educacion-2025-44.jpeg\" alt=\"\" width=\"1024\" height=\"649\" srcset=\"https:\/\/ffyh.unc.edu.ar\/alfilo\/wp-content\/uploads\/sites\/11\/2025\/08\/jornadas-educacion-2025-44.jpeg 1024w, https:\/\/ffyh.unc.edu.ar\/alfilo\/wp-content\/uploads\/sites\/11\/2025\/08\/jornadas-educacion-2025-44-300x190.jpeg 300w, https:\/\/ffyh.unc.edu.ar\/alfilo\/wp-content\/uploads\/sites\/11\/2025\/08\/jornadas-educacion-2025-44-768x487.jpeg 768w\" sizes=\"auto, (max-width: 1024px) 100vw, 1024px\" \/> <img loading=\"lazy\" decoding=\"async\" class=\"alignnone size-full wp-image-9270\" src=\"http:\/\/ffyh.unc.edu.ar\/alfilo\/wp-content\/uploads\/sites\/11\/2025\/08\/jornadas-educacion-2025-45.jpeg\" alt=\"\" width=\"1024\" height=\"626\" srcset=\"https:\/\/ffyh.unc.edu.ar\/alfilo\/wp-content\/uploads\/sites\/11\/2025\/08\/jornadas-educacion-2025-45.jpeg 1024w, https:\/\/ffyh.unc.edu.ar\/alfilo\/wp-content\/uploads\/sites\/11\/2025\/08\/jornadas-educacion-2025-45-300x183.jpeg 300w, https:\/\/ffyh.unc.edu.ar\/alfilo\/wp-content\/uploads\/sites\/11\/2025\/08\/jornadas-educacion-2025-45-768x470.jpeg 768w\" sizes=\"auto, (max-width: 1024px) 100vw, 1024px\" \/><\/p>\n<p style=\"text-align: right\"><strong>Fotograf\u00edas:<\/strong> Mar\u00eda Eugenia L\u00f3pez, Pablo Becerra y Pablo Giordana.<\/p>\n","protected":false},"excerpt":{"rendered":"<div class=\"mh-excerpt\"><p>Las XIII Jornadas de Investigaci\u00f3n en Educaci\u00f3n, organizadas por el \u00c1rea Educaci\u00f3n del Centro de Investigaciones de la FFyH y la Escuela de Ciencias de la Educaci\u00f3n de la Facultad de Filosof\u00eda y Humanidades, se llevaron a cabo los d\u00edas <a class=\"mh-excerpt-more\" href=\"https:\/\/ffyh.unc.edu.ar\/alfilo\/desafios-educacion-publica-frente-nuevas-derechas\/\" title=\"Los desaf\u00edos de la educaci\u00f3n p\u00fablica frente a las nuevas derechas\">[Leer m\u00e1s]<\/a><\/p>\n<\/div>","protected":false},"author":2,"featured_media":9228,"comment_status":"closed","ping_status":"closed","sticky":false,"template":"","format":"standard","meta":{"_acf_changed":false,"_monsterinsights_skip_tracking":false,"_monsterinsights_sitenote_active":false,"_monsterinsights_sitenote_note":"","_monsterinsights_sitenote_category":0,"_jetpack_memberships_contains_paid_content":false,"footnotes":""},"categories":[303],"tags":[],"class_list":["post-9226","post","type-post","status-publish","format-standard","has-post-thumbnail","hentry","category-303"],"acf":[],"yoast_head":"<!-- This site is optimized with the Yoast SEO plugin v27.1.1 - https:\/\/yoast.com\/product\/yoast-seo-wordpress\/ -->\n<title>Los desaf\u00edos de la educaci\u00f3n p\u00fablica frente a las nuevas derechas - Alfilo<\/title>\n<meta name=\"robots\" content=\"index, follow, max-snippet:-1, max-image-preview:large, max-video-preview:-1\" \/>\n<link rel=\"canonical\" href=\"https:\/\/ffyh.unc.edu.ar\/alfilo\/desafios-educacion-publica-frente-nuevas-derechas\/\" \/>\n<meta property=\"og:locale\" content=\"es_ES\" \/>\n<meta property=\"og:type\" content=\"article\" \/>\n<meta property=\"og:title\" content=\"Los desaf\u00edos de la educaci\u00f3n p\u00fablica frente a las nuevas derechas - Alfilo\" \/>\n<meta property=\"og:description\" content=\"Las XIII Jornadas de Investigaci\u00f3n en Educaci\u00f3n, organizadas por el \u00c1rea Educaci\u00f3n del Centro de Investigaciones de la FFyH y la Escuela de Ciencias de la Educaci\u00f3n de la Facultad de Filosof\u00eda y Humanidades, se llevaron a cabo los d\u00edas [Leer m\u00e1s]\" \/>\n<meta property=\"og:url\" content=\"https:\/\/ffyh.unc.edu.ar\/alfilo\/desafios-educacion-publica-frente-nuevas-derechas\/\" \/>\n<meta property=\"og:site_name\" content=\"Alfilo\" \/>\n<meta property=\"article:publisher\" content=\"https:\/\/www.facebook.com\/ffyh.unc\/\" \/>\n<meta property=\"article:published_time\" content=\"2025-08-05T17:24:41+00:00\" \/>\n<meta property=\"article:modified_time\" content=\"2025-10-16T16:09:07+00:00\" \/>\n<meta property=\"og:image\" content=\"http:\/\/ffyh.unc.edu.ar\/alfilo\/wp-content\/uploads\/sites\/11\/2025\/08\/jornadas-educacion-2025-38.jpeg\" \/>\n\t<meta property=\"og:image:width\" content=\"1024\" \/>\n\t<meta property=\"og:image:height\" content=\"625\" \/>\n\t<meta property=\"og:image:type\" content=\"image\/jpeg\" \/>\n<meta name=\"author\" content=\"\u00c1rea de Comunicaci\u00f3n - FFyH\" \/>\n<meta name=\"twitter:card\" content=\"summary_large_image\" \/>\n<meta name=\"twitter:creator\" content=\"@ffyh_unc\" \/>\n<meta name=\"twitter:site\" content=\"@ffyh_unc\" \/>\n<meta name=\"twitter:label1\" content=\"Escrito por\" \/>\n\t<meta name=\"twitter:data1\" content=\"\" \/>\n\t<meta name=\"twitter:label2\" content=\"Tiempo de lectura\" \/>\n\t<meta name=\"twitter:data2\" content=\"9 minutos\" \/>\n<script type=\"application\/ld+json\" class=\"yoast-schema-graph\">{\"@context\":\"https:\/\/schema.org\",\"@graph\":[{\"@type\":\"Article\",\"@id\":\"https:\/\/ffyh.unc.edu.ar\/alfilo\/desafios-educacion-publica-frente-nuevas-derechas\/#article\",\"isPartOf\":{\"@id\":\"https:\/\/ffyh.unc.edu.ar\/alfilo\/desafios-educacion-publica-frente-nuevas-derechas\/\"},\"author\":{\"name\":\"\u00c1rea de Comunicaci\u00f3n - FFyH\",\"@id\":\"https:\/\/ffyh.unc.edu.ar\/alfilo\/#\/schema\/person\/e6b9f6aec95cb7437bb2fde09e23b224\"},\"headline\":\"Los desaf\u00edos de la educaci\u00f3n p\u00fablica frente a las nuevas derechas\",\"datePublished\":\"2025-08-05T17:24:41+00:00\",\"dateModified\":\"2025-10-16T16:09:07+00:00\",\"mainEntityOfPage\":{\"@id\":\"https:\/\/ffyh.unc.edu.ar\/alfilo\/desafios-educacion-publica-frente-nuevas-derechas\/\"},\"wordCount\":1763,\"publisher\":{\"@id\":\"https:\/\/ffyh.unc.edu.ar\/alfilo\/#organization\"},\"image\":{\"@id\":\"https:\/\/ffyh.unc.edu.ar\/alfilo\/desafios-educacion-publica-frente-nuevas-derechas\/#primaryimage\"},\"thumbnailUrl\":\"https:\/\/ffyh.unc.edu.ar\/alfilo\/wp-content\/uploads\/sites\/11\/2025\/08\/jornadas-educacion-2025-38.jpeg\",\"articleSection\":[\"115\"],\"inLanguage\":\"es\"},{\"@type\":\"WebPage\",\"@id\":\"https:\/\/ffyh.unc.edu.ar\/alfilo\/desafios-educacion-publica-frente-nuevas-derechas\/\",\"url\":\"https:\/\/ffyh.unc.edu.ar\/alfilo\/desafios-educacion-publica-frente-nuevas-derechas\/\",\"name\":\"Los desaf\u00edos de la educaci\u00f3n p\u00fablica frente a las nuevas derechas - Alfilo\",\"isPartOf\":{\"@id\":\"https:\/\/ffyh.unc.edu.ar\/alfilo\/#website\"},\"primaryImageOfPage\":{\"@id\":\"https:\/\/ffyh.unc.edu.ar\/alfilo\/desafios-educacion-publica-frente-nuevas-derechas\/#primaryimage\"},\"image\":{\"@id\":\"https:\/\/ffyh.unc.edu.ar\/alfilo\/desafios-educacion-publica-frente-nuevas-derechas\/#primaryimage\"},\"thumbnailUrl\":\"https:\/\/ffyh.unc.edu.ar\/alfilo\/wp-content\/uploads\/sites\/11\/2025\/08\/jornadas-educacion-2025-38.jpeg\",\"datePublished\":\"2025-08-05T17:24:41+00:00\",\"dateModified\":\"2025-10-16T16:09:07+00:00\",\"breadcrumb\":{\"@id\":\"https:\/\/ffyh.unc.edu.ar\/alfilo\/desafios-educacion-publica-frente-nuevas-derechas\/#breadcrumb\"},\"inLanguage\":\"es\",\"potentialAction\":[{\"@type\":\"ReadAction\",\"target\":[\"https:\/\/ffyh.unc.edu.ar\/alfilo\/desafios-educacion-publica-frente-nuevas-derechas\/\"]}]},{\"@type\":\"ImageObject\",\"inLanguage\":\"es\",\"@id\":\"https:\/\/ffyh.unc.edu.ar\/alfilo\/desafios-educacion-publica-frente-nuevas-derechas\/#primaryimage\",\"url\":\"https:\/\/ffyh.unc.edu.ar\/alfilo\/wp-content\/uploads\/sites\/11\/2025\/08\/jornadas-educacion-2025-38.jpeg\",\"contentUrl\":\"https:\/\/ffyh.unc.edu.ar\/alfilo\/wp-content\/uploads\/sites\/11\/2025\/08\/jornadas-educacion-2025-38.jpeg\",\"width\":1024,\"height\":625},{\"@type\":\"BreadcrumbList\",\"@id\":\"https:\/\/ffyh.unc.edu.ar\/alfilo\/desafios-educacion-publica-frente-nuevas-derechas\/#breadcrumb\",\"itemListElement\":[{\"@type\":\"ListItem\",\"position\":1,\"name\":\"Portada\",\"item\":\"https:\/\/ffyh.unc.edu.ar\/alfilo\/\"},{\"@type\":\"ListItem\",\"position\":2,\"name\":\"Los desaf\u00edos de la educaci\u00f3n p\u00fablica frente a las nuevas derechas\"}]},{\"@type\":\"WebSite\",\"@id\":\"https:\/\/ffyh.unc.edu.ar\/alfilo\/#website\",\"url\":\"https:\/\/ffyh.unc.edu.ar\/alfilo\/\",\"name\":\"Alfilo\",\"description\":\"Revista digital de la Facultad de Filosof\u00eda y Humanidades - Universidad Nacional de C\u00f3rdoba\",\"publisher\":{\"@id\":\"https:\/\/ffyh.unc.edu.ar\/alfilo\/#organization\"},\"potentialAction\":[{\"@type\":\"SearchAction\",\"target\":{\"@type\":\"EntryPoint\",\"urlTemplate\":\"https:\/\/ffyh.unc.edu.ar\/alfilo\/?s={search_term_string}\"},\"query-input\":{\"@type\":\"PropertyValueSpecification\",\"valueRequired\":true,\"valueName\":\"search_term_string\"}}],\"inLanguage\":\"es\"},{\"@type\":\"Organization\",\"@id\":\"https:\/\/ffyh.unc.edu.ar\/alfilo\/#organization\",\"name\":\"Alfilo | Revista digital de la Facultad de Filosof\u00eda y Humanidades | UNC\",\"url\":\"https:\/\/ffyh.unc.edu.ar\/alfilo\/\",\"logo\":{\"@type\":\"ImageObject\",\"inLanguage\":\"es\",\"@id\":\"https:\/\/ffyh.unc.edu.ar\/alfilo\/#\/schema\/logo\/image\/\",\"url\":\"https:\/\/ffyh.unc.edu.ar\/alfilo\/wp-content\/uploads\/sites\/11\/2015\/04\/banner-alfilo-2015-ico.jpg\",\"contentUrl\":\"https:\/\/ffyh.unc.edu.ar\/alfilo\/wp-content\/uploads\/sites\/11\/2015\/04\/banner-alfilo-2015-ico.jpg\",\"width\":253,\"height\":128,\"caption\":\"Alfilo | Revista digital de la Facultad de Filosof\u00eda y Humanidades | UNC\"},\"image\":{\"@id\":\"https:\/\/ffyh.unc.edu.ar\/alfilo\/#\/schema\/logo\/image\/\"},\"sameAs\":[\"https:\/\/www.facebook.com\/ffyh.unc\/\",\"https:\/\/x.com\/ffyh_unc\",\"https:\/\/www.instagram.com\/ffyhunc\/\",\"https:\/\/www.youtube.com\/user\/comunicacionfilo\"]},{\"@type\":\"Person\",\"@id\":\"https:\/\/ffyh.unc.edu.ar\/alfilo\/#\/schema\/person\/e6b9f6aec95cb7437bb2fde09e23b224\",\"name\":\"\u00c1rea de Comunicaci\u00f3n - FFyH\",\"image\":{\"@type\":\"ImageObject\",\"inLanguage\":\"es\",\"@id\":\"https:\/\/ffyh.unc.edu.ar\/alfilo\/#\/schema\/person\/image\/\",\"url\":\"https:\/\/secure.gravatar.com\/avatar\/1d896d10b19526e4cb6e972ca0f1b6719a4697e2d88742a801b88b3682d5be75?s=96&d=mm&r=g\",\"contentUrl\":\"https:\/\/secure.gravatar.com\/avatar\/1d896d10b19526e4cb6e972ca0f1b6719a4697e2d88742a801b88b3682d5be75?s=96&d=mm&r=g\",\"caption\":\"\u00c1rea de Comunicaci\u00f3n - FFyH\"},\"url\":\"https:\/\/ffyh.unc.edu.ar\/alfilo\/author\/prensa\/\"}]}<\/script>\n<!-- \/ Yoast SEO plugin. -->","yoast_head_json":{"title":"Los desaf\u00edos de la educaci\u00f3n p\u00fablica frente a las nuevas derechas - Alfilo","robots":{"index":"index","follow":"follow","max-snippet":"max-snippet:-1","max-image-preview":"max-image-preview:large","max-video-preview":"max-video-preview:-1"},"canonical":"https:\/\/ffyh.unc.edu.ar\/alfilo\/desafios-educacion-publica-frente-nuevas-derechas\/","og_locale":"es_ES","og_type":"article","og_title":"Los desaf\u00edos de la educaci\u00f3n p\u00fablica frente a las nuevas derechas - Alfilo","og_description":"Las XIII Jornadas de Investigaci\u00f3n en Educaci\u00f3n, organizadas por el \u00c1rea Educaci\u00f3n del Centro de Investigaciones de la FFyH y la Escuela de Ciencias de la Educaci\u00f3n de la Facultad de Filosof\u00eda y Humanidades, se llevaron a cabo los d\u00edas [Leer m\u00e1s]","og_url":"https:\/\/ffyh.unc.edu.ar\/alfilo\/desafios-educacion-publica-frente-nuevas-derechas\/","og_site_name":"Alfilo","article_publisher":"https:\/\/www.facebook.com\/ffyh.unc\/","article_published_time":"2025-08-05T17:24:41+00:00","article_modified_time":"2025-10-16T16:09:07+00:00","og_image":[{"width":1024,"height":625,"url":"http:\/\/ffyh.unc.edu.ar\/alfilo\/wp-content\/uploads\/sites\/11\/2025\/08\/jornadas-educacion-2025-38.jpeg","type":"image\/jpeg"}],"author":"\u00c1rea de Comunicaci\u00f3n - FFyH","twitter_card":"summary_large_image","twitter_creator":"@ffyh_unc","twitter_site":"@ffyh_unc","twitter_misc":{"Escrito por":false,"Tiempo de lectura":"9 minutos"},"schema":{"@context":"https:\/\/schema.org","@graph":[{"@type":"Article","@id":"https:\/\/ffyh.unc.edu.ar\/alfilo\/desafios-educacion-publica-frente-nuevas-derechas\/#article","isPartOf":{"@id":"https:\/\/ffyh.unc.edu.ar\/alfilo\/desafios-educacion-publica-frente-nuevas-derechas\/"},"author":{"name":"\u00c1rea de Comunicaci\u00f3n - FFyH","@id":"https:\/\/ffyh.unc.edu.ar\/alfilo\/#\/schema\/person\/e6b9f6aec95cb7437bb2fde09e23b224"},"headline":"Los desaf\u00edos de la educaci\u00f3n p\u00fablica frente a las nuevas derechas","datePublished":"2025-08-05T17:24:41+00:00","dateModified":"2025-10-16T16:09:07+00:00","mainEntityOfPage":{"@id":"https:\/\/ffyh.unc.edu.ar\/alfilo\/desafios-educacion-publica-frente-nuevas-derechas\/"},"wordCount":1763,"publisher":{"@id":"https:\/\/ffyh.unc.edu.ar\/alfilo\/#organization"},"image":{"@id":"https:\/\/ffyh.unc.edu.ar\/alfilo\/desafios-educacion-publica-frente-nuevas-derechas\/#primaryimage"},"thumbnailUrl":"https:\/\/ffyh.unc.edu.ar\/alfilo\/wp-content\/uploads\/sites\/11\/2025\/08\/jornadas-educacion-2025-38.jpeg","articleSection":["115"],"inLanguage":"es"},{"@type":"WebPage","@id":"https:\/\/ffyh.unc.edu.ar\/alfilo\/desafios-educacion-publica-frente-nuevas-derechas\/","url":"https:\/\/ffyh.unc.edu.ar\/alfilo\/desafios-educacion-publica-frente-nuevas-derechas\/","name":"Los desaf\u00edos de la educaci\u00f3n p\u00fablica frente a las nuevas derechas - Alfilo","isPartOf":{"@id":"https:\/\/ffyh.unc.edu.ar\/alfilo\/#website"},"primaryImageOfPage":{"@id":"https:\/\/ffyh.unc.edu.ar\/alfilo\/desafios-educacion-publica-frente-nuevas-derechas\/#primaryimage"},"image":{"@id":"https:\/\/ffyh.unc.edu.ar\/alfilo\/desafios-educacion-publica-frente-nuevas-derechas\/#primaryimage"},"thumbnailUrl":"https:\/\/ffyh.unc.edu.ar\/alfilo\/wp-content\/uploads\/sites\/11\/2025\/08\/jornadas-educacion-2025-38.jpeg","datePublished":"2025-08-05T17:24:41+00:00","dateModified":"2025-10-16T16:09:07+00:00","breadcrumb":{"@id":"https:\/\/ffyh.unc.edu.ar\/alfilo\/desafios-educacion-publica-frente-nuevas-derechas\/#breadcrumb"},"inLanguage":"es","potentialAction":[{"@type":"ReadAction","target":["https:\/\/ffyh.unc.edu.ar\/alfilo\/desafios-educacion-publica-frente-nuevas-derechas\/"]}]},{"@type":"ImageObject","inLanguage":"es","@id":"https:\/\/ffyh.unc.edu.ar\/alfilo\/desafios-educacion-publica-frente-nuevas-derechas\/#primaryimage","url":"https:\/\/ffyh.unc.edu.ar\/alfilo\/wp-content\/uploads\/sites\/11\/2025\/08\/jornadas-educacion-2025-38.jpeg","contentUrl":"https:\/\/ffyh.unc.edu.ar\/alfilo\/wp-content\/uploads\/sites\/11\/2025\/08\/jornadas-educacion-2025-38.jpeg","width":1024,"height":625},{"@type":"BreadcrumbList","@id":"https:\/\/ffyh.unc.edu.ar\/alfilo\/desafios-educacion-publica-frente-nuevas-derechas\/#breadcrumb","itemListElement":[{"@type":"ListItem","position":1,"name":"Portada","item":"https:\/\/ffyh.unc.edu.ar\/alfilo\/"},{"@type":"ListItem","position":2,"name":"Los desaf\u00edos de la educaci\u00f3n p\u00fablica frente a las nuevas derechas"}]},{"@type":"WebSite","@id":"https:\/\/ffyh.unc.edu.ar\/alfilo\/#website","url":"https:\/\/ffyh.unc.edu.ar\/alfilo\/","name":"Alfilo","description":"Revista digital de la Facultad de Filosof\u00eda y Humanidades - Universidad Nacional de C\u00f3rdoba","publisher":{"@id":"https:\/\/ffyh.unc.edu.ar\/alfilo\/#organization"},"potentialAction":[{"@type":"SearchAction","target":{"@type":"EntryPoint","urlTemplate":"https:\/\/ffyh.unc.edu.ar\/alfilo\/?s={search_term_string}"},"query-input":{"@type":"PropertyValueSpecification","valueRequired":true,"valueName":"search_term_string"}}],"inLanguage":"es"},{"@type":"Organization","@id":"https:\/\/ffyh.unc.edu.ar\/alfilo\/#organization","name":"Alfilo | Revista digital de la Facultad de Filosof\u00eda y Humanidades | UNC","url":"https:\/\/ffyh.unc.edu.ar\/alfilo\/","logo":{"@type":"ImageObject","inLanguage":"es","@id":"https:\/\/ffyh.unc.edu.ar\/alfilo\/#\/schema\/logo\/image\/","url":"https:\/\/ffyh.unc.edu.ar\/alfilo\/wp-content\/uploads\/sites\/11\/2015\/04\/banner-alfilo-2015-ico.jpg","contentUrl":"https:\/\/ffyh.unc.edu.ar\/alfilo\/wp-content\/uploads\/sites\/11\/2015\/04\/banner-alfilo-2015-ico.jpg","width":253,"height":128,"caption":"Alfilo | Revista digital de la Facultad de Filosof\u00eda y Humanidades | UNC"},"image":{"@id":"https:\/\/ffyh.unc.edu.ar\/alfilo\/#\/schema\/logo\/image\/"},"sameAs":["https:\/\/www.facebook.com\/ffyh.unc\/","https:\/\/x.com\/ffyh_unc","https:\/\/www.instagram.com\/ffyhunc\/","https:\/\/www.youtube.com\/user\/comunicacionfilo"]},{"@type":"Person","@id":"https:\/\/ffyh.unc.edu.ar\/alfilo\/#\/schema\/person\/e6b9f6aec95cb7437bb2fde09e23b224","name":"\u00c1rea de Comunicaci\u00f3n - FFyH","image":{"@type":"ImageObject","inLanguage":"es","@id":"https:\/\/ffyh.unc.edu.ar\/alfilo\/#\/schema\/person\/image\/","url":"https:\/\/secure.gravatar.com\/avatar\/1d896d10b19526e4cb6e972ca0f1b6719a4697e2d88742a801b88b3682d5be75?s=96&d=mm&r=g","contentUrl":"https:\/\/secure.gravatar.com\/avatar\/1d896d10b19526e4cb6e972ca0f1b6719a4697e2d88742a801b88b3682d5be75?s=96&d=mm&r=g","caption":"\u00c1rea de Comunicaci\u00f3n - FFyH"},"url":"https:\/\/ffyh.unc.edu.ar\/alfilo\/author\/prensa\/"}]}},"jetpack_featured_media_url":"https:\/\/ffyh.unc.edu.ar\/alfilo\/wp-content\/uploads\/sites\/11\/2025\/08\/jornadas-educacion-2025-38.jpeg","jetpack_sharing_enabled":true,"_links":{"self":[{"href":"https:\/\/ffyh.unc.edu.ar\/alfilo\/wp-json\/wp\/v2\/posts\/9226","targetHints":{"allow":["GET"]}}],"collection":[{"href":"https:\/\/ffyh.unc.edu.ar\/alfilo\/wp-json\/wp\/v2\/posts"}],"about":[{"href":"https:\/\/ffyh.unc.edu.ar\/alfilo\/wp-json\/wp\/v2\/types\/post"}],"author":[{"embeddable":true,"href":"https:\/\/ffyh.unc.edu.ar\/alfilo\/wp-json\/wp\/v2\/users\/2"}],"replies":[{"embeddable":true,"href":"https:\/\/ffyh.unc.edu.ar\/alfilo\/wp-json\/wp\/v2\/comments?post=9226"}],"version-history":[{"count":5,"href":"https:\/\/ffyh.unc.edu.ar\/alfilo\/wp-json\/wp\/v2\/posts\/9226\/revisions"}],"predecessor-version":[{"id":9274,"href":"https:\/\/ffyh.unc.edu.ar\/alfilo\/wp-json\/wp\/v2\/posts\/9226\/revisions\/9274"}],"wp:featuredmedia":[{"embeddable":true,"href":"https:\/\/ffyh.unc.edu.ar\/alfilo\/wp-json\/wp\/v2\/media\/9228"}],"wp:attachment":[{"href":"https:\/\/ffyh.unc.edu.ar\/alfilo\/wp-json\/wp\/v2\/media?parent=9226"}],"wp:term":[{"taxonomy":"category","embeddable":true,"href":"https:\/\/ffyh.unc.edu.ar\/alfilo\/wp-json\/wp\/v2\/categories?post=9226"},{"taxonomy":"post_tag","embeddable":true,"href":"https:\/\/ffyh.unc.edu.ar\/alfilo\/wp-json\/wp\/v2\/tags?post=9226"}],"curies":[{"name":"wp","href":"https:\/\/api.w.org\/{rel}","templated":true}]}}