{"id":1074,"date":"2015-09-09T14:35:04","date_gmt":"2015-09-09T14:35:04","guid":{"rendered":"http:\/\/www.ffyh.unc.edu.ar\/biblioteca\/?p=1074"},"modified":"2015-09-09T14:35:04","modified_gmt":"2015-09-09T14:35:04","slug":"la-biblioteca-elma-k-de-estrabou-participa-de-huellas-ii","status":"publish","type":"post","link":"https:\/\/ffyh.unc.edu.ar\/biblioteca\/la-biblioteca-elma-k-de-estrabou-participa-de-huellas-ii\/","title":{"rendered":"La Biblioteca \u00abElma K. de Estrabou\u00bb participa de Huellas II"},"content":{"rendered":"<p><strong>JORNADAS HUELLAS II : RASTROS, INDICIOS, VESTIGIOS DE LA AFRICANIDAD EN NUESTRO ARTE.<\/strong><\/p>\n<p><strong>Mi\u00e9rcoles 9, jueves 10 y viernes 11 y s\u00e1bado 12 de septiembre de 2015<\/strong><\/p>\n<p>El a\u00f1o 2015 marca, seg\u00fan resoluci\u00f3n de la ONU, el inicio del Decenio Internacional de los Afrodescendientes (Res. 68\/237). Con ello la comunidad internacional reconoce que los afrodescendientes representan un grupo espec\u00edfico cuyos derechos deben protegerse y promoverse en procura de desterrar agravios hist\u00f3ricos a los que fueron sometidos desde los inicios de la modernidad.<\/p>\n<p>El <strong>Grupo C\u00f3rdoba La Ruta del Esclavo<\/strong> es la expresi\u00f3n local del Proyecto Internacional de <strong>UNESCO<\/strong> <strong><em>\u201cLa Ruta del Esclavo\u201d. <\/em><\/strong>Tiene como objetivo volver visible la presencia de los esclavos negros y afrodescendientes y su legado en nuestra cultura cordobesa y argentina, hasta la actualidad.<\/p>\n<p>En el marco de estas Jornadas, la Biblioteca \u201cE. K. De Estrabou\u201d realiza una muestra con libros y revistas de su colecci\u00f3n que tratan tem\u00e1ticas relacionadas con la esclavitud cuyos registros pueden consultarse <strong><a href=\"http:\/\/ffyh.biblio.unc.edu.ar\/cgi-bin\/koha\/opac-shelves.pl?viewshelf=709&amp;sortfield=\">aqui<\/a><\/strong><\/p>\n<p><a href=\"https:\/\/i0.wp.com\/ffyh.unc.edu.ar\/biblioteca\/wp-content\/uploads\/sites\/4\/2015\/09\/ruta-esclavo-1.jpg\"><img data-recalc-dims=\"1\" loading=\"lazy\" decoding=\"async\" data-attachment-id=\"1079\" data-permalink=\"https:\/\/ffyh.unc.edu.ar\/biblioteca\/la-biblioteca-elma-k-de-estrabou-participa-de-huellas-ii\/ruta-esclavo-1\/\" data-orig-file=\"https:\/\/i0.wp.com\/ffyh.unc.edu.ar\/biblioteca\/wp-content\/uploads\/sites\/4\/2015\/09\/ruta-esclavo-1.jpg?fit=2000%2C1500&amp;ssl=1\" data-orig-size=\"2000,1500\" data-comments-opened=\"0\" data-image-meta=\"{&quot;aperture&quot;:&quot;0&quot;,&quot;credit&quot;:&quot;&quot;,&quot;camera&quot;:&quot;&quot;,&quot;caption&quot;:&quot;&quot;,&quot;created_timestamp&quot;:&quot;0&quot;,&quot;copyright&quot;:&quot;&quot;,&quot;focal_length&quot;:&quot;0&quot;,&quot;iso&quot;:&quot;0&quot;,&quot;shutter_speed&quot;:&quot;0&quot;,&quot;title&quot;:&quot;&quot;,&quot;orientation&quot;:&quot;0&quot;}\" data-image-title=\"ruta-esclavo-1\" data-image-description=\"\" data-image-caption=\"\" data-medium-file=\"https:\/\/i0.wp.com\/ffyh.unc.edu.ar\/biblioteca\/wp-content\/uploads\/sites\/4\/2015\/09\/ruta-esclavo-1.jpg?fit=300%2C225&amp;ssl=1\" data-large-file=\"https:\/\/i0.wp.com\/ffyh.unc.edu.ar\/biblioteca\/wp-content\/uploads\/sites\/4\/2015\/09\/ruta-esclavo-1.jpg?fit=1024%2C768&amp;ssl=1\" class=\"alignleft wp-image-1079 size-medium\" src=\"https:\/\/i0.wp.com\/ffyh.unc.edu.ar\/biblioteca\/wp-content\/uploads\/sites\/4\/2015\/09\/ruta-esclavo-1.jpg?resize=300%2C225\" alt=\"ruta-esclavo-1\" width=\"300\" height=\"225\" srcset=\"https:\/\/i0.wp.com\/ffyh.unc.edu.ar\/biblioteca\/wp-content\/uploads\/sites\/4\/2015\/09\/ruta-esclavo-1.jpg?resize=300%2C225&amp;ssl=1 300w, https:\/\/i0.wp.com\/ffyh.unc.edu.ar\/biblioteca\/wp-content\/uploads\/sites\/4\/2015\/09\/ruta-esclavo-1.jpg?resize=768%2C576&amp;ssl=1 768w, https:\/\/i0.wp.com\/ffyh.unc.edu.ar\/biblioteca\/wp-content\/uploads\/sites\/4\/2015\/09\/ruta-esclavo-1.jpg?resize=1024%2C768&amp;ssl=1 1024w, https:\/\/i0.wp.com\/ffyh.unc.edu.ar\/biblioteca\/wp-content\/uploads\/sites\/4\/2015\/09\/ruta-esclavo-1.jpg?w=2000&amp;ssl=1 2000w\" sizes=\"auto, (max-width: 300px) 100vw, 300px\" \/><\/a><a href=\"https:\/\/i0.wp.com\/ffyh.unc.edu.ar\/biblioteca\/wp-content\/uploads\/sites\/4\/2015\/09\/ruta-esclavo-21.jpg\"><img data-recalc-dims=\"1\" loading=\"lazy\" decoding=\"async\" data-attachment-id=\"1081\" data-permalink=\"https:\/\/ffyh.unc.edu.ar\/biblioteca\/la-biblioteca-elma-k-de-estrabou-participa-de-huellas-ii\/ruta-esclavo-2-2\/\" data-orig-file=\"https:\/\/i0.wp.com\/ffyh.unc.edu.ar\/biblioteca\/wp-content\/uploads\/sites\/4\/2015\/09\/ruta-esclavo-21.jpg?fit=1032%2C1352&amp;ssl=1\" data-orig-size=\"1032,1352\" data-comments-opened=\"0\" data-image-meta=\"{&quot;aperture&quot;:&quot;0&quot;,&quot;credit&quot;:&quot;&quot;,&quot;camera&quot;:&quot;&quot;,&quot;caption&quot;:&quot;&quot;,&quot;created_timestamp&quot;:&quot;0&quot;,&quot;copyright&quot;:&quot;&quot;,&quot;focal_length&quot;:&quot;0&quot;,&quot;iso&quot;:&quot;0&quot;,&quot;shutter_speed&quot;:&quot;0&quot;,&quot;title&quot;:&quot;&quot;,&quot;orientation&quot;:&quot;0&quot;}\" data-image-title=\"ruta-esclavo-2\" data-image-description=\"\" data-image-caption=\"\" data-medium-file=\"https:\/\/i0.wp.com\/ffyh.unc.edu.ar\/biblioteca\/wp-content\/uploads\/sites\/4\/2015\/09\/ruta-esclavo-21.jpg?fit=229%2C300&amp;ssl=1\" data-large-file=\"https:\/\/i0.wp.com\/ffyh.unc.edu.ar\/biblioteca\/wp-content\/uploads\/sites\/4\/2015\/09\/ruta-esclavo-21.jpg?fit=782%2C1024&amp;ssl=1\" class=\"alignleft wp-image-1081 size-medium\" src=\"https:\/\/i0.wp.com\/ffyh.unc.edu.ar\/biblioteca\/wp-content\/uploads\/sites\/4\/2015\/09\/ruta-esclavo-21.jpg?resize=229%2C300\" alt=\"ruta-esclavo-2\" width=\"229\" height=\"300\" srcset=\"https:\/\/i0.wp.com\/ffyh.unc.edu.ar\/biblioteca\/wp-content\/uploads\/sites\/4\/2015\/09\/ruta-esclavo-21.jpg?resize=229%2C300&amp;ssl=1 229w, https:\/\/i0.wp.com\/ffyh.unc.edu.ar\/biblioteca\/wp-content\/uploads\/sites\/4\/2015\/09\/ruta-esclavo-21.jpg?resize=768%2C1006&amp;ssl=1 768w, https:\/\/i0.wp.com\/ffyh.unc.edu.ar\/biblioteca\/wp-content\/uploads\/sites\/4\/2015\/09\/ruta-esclavo-21.jpg?resize=782%2C1024&amp;ssl=1 782w, https:\/\/i0.wp.com\/ffyh.unc.edu.ar\/biblioteca\/wp-content\/uploads\/sites\/4\/2015\/09\/ruta-esclavo-21.jpg?w=1032&amp;ssl=1 1032w\" sizes=\"auto, (max-width: 229px) 100vw, 229px\" \/><\/a><a href=\"https:\/\/i0.wp.com\/ffyh.unc.edu.ar\/biblioteca\/wp-content\/uploads\/sites\/4\/2015\/09\/ruta-esclavo-4.jpg\"><img data-recalc-dims=\"1\" loading=\"lazy\" decoding=\"async\" data-attachment-id=\"1084\" data-permalink=\"https:\/\/ffyh.unc.edu.ar\/biblioteca\/la-biblioteca-elma-k-de-estrabou-participa-de-huellas-ii\/ruta-esclavo-4\/\" data-orig-file=\"https:\/\/i0.wp.com\/ffyh.unc.edu.ar\/biblioteca\/wp-content\/uploads\/sites\/4\/2015\/09\/ruta-esclavo-4.jpg?fit=1913%2C1215&amp;ssl=1\" data-orig-size=\"1913,1215\" data-comments-opened=\"0\" data-image-meta=\"{&quot;aperture&quot;:&quot;0&quot;,&quot;credit&quot;:&quot;&quot;,&quot;camera&quot;:&quot;&quot;,&quot;caption&quot;:&quot;&quot;,&quot;created_timestamp&quot;:&quot;0&quot;,&quot;copyright&quot;:&quot;&quot;,&quot;focal_length&quot;:&quot;0&quot;,&quot;iso&quot;:&quot;0&quot;,&quot;shutter_speed&quot;:&quot;0&quot;,&quot;title&quot;:&quot;&quot;,&quot;orientation&quot;:&quot;0&quot;}\" data-image-title=\"ruta-esclavo-4\" data-image-description=\"\" data-image-caption=\"\" data-medium-file=\"https:\/\/i0.wp.com\/ffyh.unc.edu.ar\/biblioteca\/wp-content\/uploads\/sites\/4\/2015\/09\/ruta-esclavo-4.jpg?fit=300%2C191&amp;ssl=1\" data-large-file=\"https:\/\/i0.wp.com\/ffyh.unc.edu.ar\/biblioteca\/wp-content\/uploads\/sites\/4\/2015\/09\/ruta-esclavo-4.jpg?fit=1024%2C650&amp;ssl=1\" class=\"alignleft size-medium wp-image-1084\" src=\"https:\/\/i0.wp.com\/ffyh.unc.edu.ar\/biblioteca\/wp-content\/uploads\/sites\/4\/2015\/09\/ruta-esclavo-4.jpg?resize=300%2C191\" alt=\"ruta-esclavo-4\" width=\"300\" height=\"191\" srcset=\"https:\/\/i0.wp.com\/ffyh.unc.edu.ar\/biblioteca\/wp-content\/uploads\/sites\/4\/2015\/09\/ruta-esclavo-4.jpg?resize=300%2C191&amp;ssl=1 300w, https:\/\/i0.wp.com\/ffyh.unc.edu.ar\/biblioteca\/wp-content\/uploads\/sites\/4\/2015\/09\/ruta-esclavo-4.jpg?resize=768%2C488&amp;ssl=1 768w, https:\/\/i0.wp.com\/ffyh.unc.edu.ar\/biblioteca\/wp-content\/uploads\/sites\/4\/2015\/09\/ruta-esclavo-4.jpg?resize=1024%2C650&amp;ssl=1 1024w, https:\/\/i0.wp.com\/ffyh.unc.edu.ar\/biblioteca\/wp-content\/uploads\/sites\/4\/2015\/09\/ruta-esclavo-4.jpg?w=1913&amp;ssl=1 1913w\" sizes=\"auto, (max-width: 300px) 100vw, 300px\" \/><\/a><a href=\"https:\/\/i0.wp.com\/ffyh.unc.edu.ar\/biblioteca\/wp-content\/uploads\/sites\/4\/2015\/09\/ruta-esclavo-5.jpg\"><img data-recalc-dims=\"1\" loading=\"lazy\" decoding=\"async\" data-attachment-id=\"1085\" data-permalink=\"https:\/\/ffyh.unc.edu.ar\/biblioteca\/la-biblioteca-elma-k-de-estrabou-participa-de-huellas-ii\/ruta-esclavo-5\/\" data-orig-file=\"https:\/\/i0.wp.com\/ffyh.unc.edu.ar\/biblioteca\/wp-content\/uploads\/sites\/4\/2015\/09\/ruta-esclavo-5.jpg?fit=1993%2C675&amp;ssl=1\" data-orig-size=\"1993,675\" data-comments-opened=\"0\" data-image-meta=\"{&quot;aperture&quot;:&quot;0&quot;,&quot;credit&quot;:&quot;&quot;,&quot;camera&quot;:&quot;&quot;,&quot;caption&quot;:&quot;&quot;,&quot;created_timestamp&quot;:&quot;0&quot;,&quot;copyright&quot;:&quot;&quot;,&quot;focal_length&quot;:&quot;0&quot;,&quot;iso&quot;:&quot;0&quot;,&quot;shutter_speed&quot;:&quot;0&quot;,&quot;title&quot;:&quot;&quot;,&quot;orientation&quot;:&quot;0&quot;}\" data-image-title=\"ruta-esclavo-5\" data-image-description=\"\" data-image-caption=\"\" data-medium-file=\"https:\/\/i0.wp.com\/ffyh.unc.edu.ar\/biblioteca\/wp-content\/uploads\/sites\/4\/2015\/09\/ruta-esclavo-5.jpg?fit=300%2C102&amp;ssl=1\" data-large-file=\"https:\/\/i0.wp.com\/ffyh.unc.edu.ar\/biblioteca\/wp-content\/uploads\/sites\/4\/2015\/09\/ruta-esclavo-5.jpg?fit=1024%2C347&amp;ssl=1\" class=\"alignleft size-medium wp-image-1085\" src=\"https:\/\/i0.wp.com\/ffyh.unc.edu.ar\/biblioteca\/wp-content\/uploads\/sites\/4\/2015\/09\/ruta-esclavo-5.jpg?resize=300%2C102\" alt=\"ruta-esclavo-5\" width=\"300\" height=\"102\" srcset=\"https:\/\/i0.wp.com\/ffyh.unc.edu.ar\/biblioteca\/wp-content\/uploads\/sites\/4\/2015\/09\/ruta-esclavo-5.jpg?resize=300%2C102&amp;ssl=1 300w, https:\/\/i0.wp.com\/ffyh.unc.edu.ar\/biblioteca\/wp-content\/uploads\/sites\/4\/2015\/09\/ruta-esclavo-5.jpg?resize=768%2C260&amp;ssl=1 768w, https:\/\/i0.wp.com\/ffyh.unc.edu.ar\/biblioteca\/wp-content\/uploads\/sites\/4\/2015\/09\/ruta-esclavo-5.jpg?resize=1024%2C347&amp;ssl=1 1024w, https:\/\/i0.wp.com\/ffyh.unc.edu.ar\/biblioteca\/wp-content\/uploads\/sites\/4\/2015\/09\/ruta-esclavo-5.jpg?w=1993&amp;ssl=1 1993w\" sizes=\"auto, (max-width: 300px) 100vw, 300px\" \/><\/a><a href=\"https:\/\/i0.wp.com\/ffyh.unc.edu.ar\/biblioteca\/wp-content\/uploads\/sites\/4\/2015\/09\/ruta-esclavo-6.jpg\"><img data-recalc-dims=\"1\" loading=\"lazy\" decoding=\"async\" data-attachment-id=\"1086\" data-permalink=\"https:\/\/ffyh.unc.edu.ar\/biblioteca\/la-biblioteca-elma-k-de-estrabou-participa-de-huellas-ii\/ruta-esclavo-6\/\" data-orig-file=\"https:\/\/i0.wp.com\/ffyh.unc.edu.ar\/biblioteca\/wp-content\/uploads\/sites\/4\/2015\/09\/ruta-esclavo-6.jpg?fit=1933%2C1076&amp;ssl=1\" data-orig-size=\"1933,1076\" data-comments-opened=\"0\" data-image-meta=\"{&quot;aperture&quot;:&quot;0&quot;,&quot;credit&quot;:&quot;&quot;,&quot;camera&quot;:&quot;&quot;,&quot;caption&quot;:&quot;&quot;,&quot;created_timestamp&quot;:&quot;0&quot;,&quot;copyright&quot;:&quot;&quot;,&quot;focal_length&quot;:&quot;0&quot;,&quot;iso&quot;:&quot;0&quot;,&quot;shutter_speed&quot;:&quot;0&quot;,&quot;title&quot;:&quot;&quot;,&quot;orientation&quot;:&quot;0&quot;}\" data-image-title=\"ruta-esclavo-6\" data-image-description=\"\" data-image-caption=\"\" data-medium-file=\"https:\/\/i0.wp.com\/ffyh.unc.edu.ar\/biblioteca\/wp-content\/uploads\/sites\/4\/2015\/09\/ruta-esclavo-6.jpg?fit=300%2C167&amp;ssl=1\" data-large-file=\"https:\/\/i0.wp.com\/ffyh.unc.edu.ar\/biblioteca\/wp-content\/uploads\/sites\/4\/2015\/09\/ruta-esclavo-6.jpg?fit=1024%2C570&amp;ssl=1\" class=\"alignleft size-medium wp-image-1086\" src=\"https:\/\/i0.wp.com\/ffyh.unc.edu.ar\/biblioteca\/wp-content\/uploads\/sites\/4\/2015\/09\/ruta-esclavo-6.jpg?resize=300%2C167\" alt=\"ruta-esclavo-6\" width=\"300\" height=\"167\" srcset=\"https:\/\/i0.wp.com\/ffyh.unc.edu.ar\/biblioteca\/wp-content\/uploads\/sites\/4\/2015\/09\/ruta-esclavo-6.jpg?resize=300%2C167&amp;ssl=1 300w, https:\/\/i0.wp.com\/ffyh.unc.edu.ar\/biblioteca\/wp-content\/uploads\/sites\/4\/2015\/09\/ruta-esclavo-6.jpg?resize=768%2C428&amp;ssl=1 768w, https:\/\/i0.wp.com\/ffyh.unc.edu.ar\/biblioteca\/wp-content\/uploads\/sites\/4\/2015\/09\/ruta-esclavo-6.jpg?resize=1024%2C570&amp;ssl=1 1024w, https:\/\/i0.wp.com\/ffyh.unc.edu.ar\/biblioteca\/wp-content\/uploads\/sites\/4\/2015\/09\/ruta-esclavo-6.jpg?w=1933&amp;ssl=1 1933w\" sizes=\"auto, (max-width: 300px) 100vw, 300px\" \/><\/a><a href=\"https:\/\/i0.wp.com\/ffyh.unc.edu.ar\/biblioteca\/wp-content\/uploads\/sites\/4\/2015\/09\/ruta-esclavo-7.jpg\"><img data-recalc-dims=\"1\" loading=\"lazy\" decoding=\"async\" data-attachment-id=\"1087\" data-permalink=\"https:\/\/ffyh.unc.edu.ar\/biblioteca\/la-biblioteca-elma-k-de-estrabou-participa-de-huellas-ii\/ruta-esclavo-7\/\" data-orig-file=\"https:\/\/i0.wp.com\/ffyh.unc.edu.ar\/biblioteca\/wp-content\/uploads\/sites\/4\/2015\/09\/ruta-esclavo-7.jpg?fit=2000%2C1500&amp;ssl=1\" data-orig-size=\"2000,1500\" data-comments-opened=\"0\" data-image-meta=\"{&quot;aperture&quot;:&quot;0&quot;,&quot;credit&quot;:&quot;&quot;,&quot;camera&quot;:&quot;&quot;,&quot;caption&quot;:&quot;&quot;,&quot;created_timestamp&quot;:&quot;0&quot;,&quot;copyright&quot;:&quot;&quot;,&quot;focal_length&quot;:&quot;0&quot;,&quot;iso&quot;:&quot;0&quot;,&quot;shutter_speed&quot;:&quot;0&quot;,&quot;title&quot;:&quot;&quot;,&quot;orientation&quot;:&quot;0&quot;}\" data-image-title=\"ruta-esclavo-7\" data-image-description=\"\" data-image-caption=\"\" data-medium-file=\"https:\/\/i0.wp.com\/ffyh.unc.edu.ar\/biblioteca\/wp-content\/uploads\/sites\/4\/2015\/09\/ruta-esclavo-7.jpg?fit=300%2C225&amp;ssl=1\" data-large-file=\"https:\/\/i0.wp.com\/ffyh.unc.edu.ar\/biblioteca\/wp-content\/uploads\/sites\/4\/2015\/09\/ruta-esclavo-7.jpg?fit=1024%2C768&amp;ssl=1\" class=\"alignleft size-medium wp-image-1087\" src=\"https:\/\/i0.wp.com\/ffyh.unc.edu.ar\/biblioteca\/wp-content\/uploads\/sites\/4\/2015\/09\/ruta-esclavo-7.jpg?resize=300%2C225\" alt=\"ruta-esclavo-7\" width=\"300\" height=\"225\" srcset=\"https:\/\/i0.wp.com\/ffyh.unc.edu.ar\/biblioteca\/wp-content\/uploads\/sites\/4\/2015\/09\/ruta-esclavo-7.jpg?resize=300%2C225&amp;ssl=1 300w, https:\/\/i0.wp.com\/ffyh.unc.edu.ar\/biblioteca\/wp-content\/uploads\/sites\/4\/2015\/09\/ruta-esclavo-7.jpg?resize=768%2C576&amp;ssl=1 768w, https:\/\/i0.wp.com\/ffyh.unc.edu.ar\/biblioteca\/wp-content\/uploads\/sites\/4\/2015\/09\/ruta-esclavo-7.jpg?resize=1024%2C768&amp;ssl=1 1024w, https:\/\/i0.wp.com\/ffyh.unc.edu.ar\/biblioteca\/wp-content\/uploads\/sites\/4\/2015\/09\/ruta-esclavo-7.jpg?w=2000&amp;ssl=1 2000w\" sizes=\"auto, (max-width: 300px) 100vw, 300px\" \/><\/a><a href=\"https:\/\/i0.wp.com\/ffyh.unc.edu.ar\/biblioteca\/wp-content\/uploads\/sites\/4\/2015\/09\/ruta-esclavo-8.jpg\"><img data-recalc-dims=\"1\" loading=\"lazy\" decoding=\"async\" data-attachment-id=\"1088\" data-permalink=\"https:\/\/ffyh.unc.edu.ar\/biblioteca\/la-biblioteca-elma-k-de-estrabou-participa-de-huellas-ii\/ruta-esclavo-8\/\" data-orig-file=\"https:\/\/i0.wp.com\/ffyh.unc.edu.ar\/biblioteca\/wp-content\/uploads\/sites\/4\/2015\/09\/ruta-esclavo-8.jpg?fit=1447%2C1484&amp;ssl=1\" data-orig-size=\"1447,1484\" data-comments-opened=\"0\" data-image-meta=\"{&quot;aperture&quot;:&quot;0&quot;,&quot;credit&quot;:&quot;&quot;,&quot;camera&quot;:&quot;&quot;,&quot;caption&quot;:&quot;&quot;,&quot;created_timestamp&quot;:&quot;0&quot;,&quot;copyright&quot;:&quot;&quot;,&quot;focal_length&quot;:&quot;0&quot;,&quot;iso&quot;:&quot;0&quot;,&quot;shutter_speed&quot;:&quot;0&quot;,&quot;title&quot;:&quot;&quot;,&quot;orientation&quot;:&quot;0&quot;}\" data-image-title=\"ruta-esclavo-8\" data-image-description=\"\" data-image-caption=\"\" data-medium-file=\"https:\/\/i0.wp.com\/ffyh.unc.edu.ar\/biblioteca\/wp-content\/uploads\/sites\/4\/2015\/09\/ruta-esclavo-8.jpg?fit=293%2C300&amp;ssl=1\" data-large-file=\"https:\/\/i0.wp.com\/ffyh.unc.edu.ar\/biblioteca\/wp-content\/uploads\/sites\/4\/2015\/09\/ruta-esclavo-8.jpg?fit=998%2C1024&amp;ssl=1\" class=\"alignleft size-medium wp-image-1088\" src=\"https:\/\/i0.wp.com\/ffyh.unc.edu.ar\/biblioteca\/wp-content\/uploads\/sites\/4\/2015\/09\/ruta-esclavo-8.jpg?resize=293%2C300\" alt=\"ruta-esclavo-8\" width=\"293\" height=\"300\" srcset=\"https:\/\/i0.wp.com\/ffyh.unc.edu.ar\/biblioteca\/wp-content\/uploads\/sites\/4\/2015\/09\/ruta-esclavo-8.jpg?resize=293%2C300&amp;ssl=1 293w, https:\/\/i0.wp.com\/ffyh.unc.edu.ar\/biblioteca\/wp-content\/uploads\/sites\/4\/2015\/09\/ruta-esclavo-8.jpg?resize=768%2C788&amp;ssl=1 768w, https:\/\/i0.wp.com\/ffyh.unc.edu.ar\/biblioteca\/wp-content\/uploads\/sites\/4\/2015\/09\/ruta-esclavo-8.jpg?resize=998%2C1024&amp;ssl=1 998w, https:\/\/i0.wp.com\/ffyh.unc.edu.ar\/biblioteca\/wp-content\/uploads\/sites\/4\/2015\/09\/ruta-esclavo-8.jpg?w=1447&amp;ssl=1 1447w\" sizes=\"auto, (max-width: 293px) 100vw, 293px\" \/><\/a><a href=\"https:\/\/i0.wp.com\/ffyh.unc.edu.ar\/biblioteca\/wp-content\/uploads\/sites\/4\/2015\/09\/ruta-esclavo-9.jpg\"><img data-recalc-dims=\"1\" loading=\"lazy\" decoding=\"async\" data-attachment-id=\"1089\" data-permalink=\"https:\/\/ffyh.unc.edu.ar\/biblioteca\/la-biblioteca-elma-k-de-estrabou-participa-de-huellas-ii\/ruta-esclavo-9\/\" data-orig-file=\"https:\/\/i0.wp.com\/ffyh.unc.edu.ar\/biblioteca\/wp-content\/uploads\/sites\/4\/2015\/09\/ruta-esclavo-9.jpg?fit=1152%2C1248&amp;ssl=1\" data-orig-size=\"1152,1248\" data-comments-opened=\"0\" data-image-meta=\"{&quot;aperture&quot;:&quot;0&quot;,&quot;credit&quot;:&quot;&quot;,&quot;camera&quot;:&quot;&quot;,&quot;caption&quot;:&quot;&quot;,&quot;created_timestamp&quot;:&quot;0&quot;,&quot;copyright&quot;:&quot;&quot;,&quot;focal_length&quot;:&quot;0&quot;,&quot;iso&quot;:&quot;0&quot;,&quot;shutter_speed&quot;:&quot;0&quot;,&quot;title&quot;:&quot;&quot;,&quot;orientation&quot;:&quot;0&quot;}\" data-image-title=\"ruta-esclavo-9\" data-image-description=\"\" data-image-caption=\"\" data-medium-file=\"https:\/\/i0.wp.com\/ffyh.unc.edu.ar\/biblioteca\/wp-content\/uploads\/sites\/4\/2015\/09\/ruta-esclavo-9.jpg?fit=277%2C300&amp;ssl=1\" data-large-file=\"https:\/\/i0.wp.com\/ffyh.unc.edu.ar\/biblioteca\/wp-content\/uploads\/sites\/4\/2015\/09\/ruta-esclavo-9.jpg?fit=945%2C1024&amp;ssl=1\" class=\"alignleft size-medium wp-image-1089\" src=\"https:\/\/i0.wp.com\/ffyh.unc.edu.ar\/biblioteca\/wp-content\/uploads\/sites\/4\/2015\/09\/ruta-esclavo-9.jpg?resize=277%2C300\" alt=\"ruta-esclavo-9\" width=\"277\" height=\"300\" srcset=\"https:\/\/i0.wp.com\/ffyh.unc.edu.ar\/biblioteca\/wp-content\/uploads\/sites\/4\/2015\/09\/ruta-esclavo-9.jpg?resize=277%2C300&amp;ssl=1 277w, https:\/\/i0.wp.com\/ffyh.unc.edu.ar\/biblioteca\/wp-content\/uploads\/sites\/4\/2015\/09\/ruta-esclavo-9.jpg?resize=768%2C832&amp;ssl=1 768w, https:\/\/i0.wp.com\/ffyh.unc.edu.ar\/biblioteca\/wp-content\/uploads\/sites\/4\/2015\/09\/ruta-esclavo-9.jpg?resize=945%2C1024&amp;ssl=1 945w, https:\/\/i0.wp.com\/ffyh.unc.edu.ar\/biblioteca\/wp-content\/uploads\/sites\/4\/2015\/09\/ruta-esclavo-9.jpg?w=1152&amp;ssl=1 1152w\" sizes=\"auto, (max-width: 277px) 100vw, 277px\" \/><\/a><a href=\"https:\/\/i0.wp.com\/ffyh.unc.edu.ar\/biblioteca\/wp-content\/uploads\/sites\/4\/2015\/09\/ruta-esclavo-10.jpg\"><img data-recalc-dims=\"1\" loading=\"lazy\" decoding=\"async\" data-attachment-id=\"1090\" data-permalink=\"https:\/\/ffyh.unc.edu.ar\/biblioteca\/la-biblioteca-elma-k-de-estrabou-participa-de-huellas-ii\/ruta-esclavo-10\/\" data-orig-file=\"https:\/\/i0.wp.com\/ffyh.unc.edu.ar\/biblioteca\/wp-content\/uploads\/sites\/4\/2015\/09\/ruta-esclavo-10.jpg?fit=1343%2C1311&amp;ssl=1\" data-orig-size=\"1343,1311\" data-comments-opened=\"0\" data-image-meta=\"{&quot;aperture&quot;:&quot;0&quot;,&quot;credit&quot;:&quot;&quot;,&quot;camera&quot;:&quot;&quot;,&quot;caption&quot;:&quot;&quot;,&quot;created_timestamp&quot;:&quot;0&quot;,&quot;copyright&quot;:&quot;&quot;,&quot;focal_length&quot;:&quot;0&quot;,&quot;iso&quot;:&quot;0&quot;,&quot;shutter_speed&quot;:&quot;0&quot;,&quot;title&quot;:&quot;&quot;,&quot;orientation&quot;:&quot;0&quot;}\" data-image-title=\"ruta-esclavo-10\" data-image-description=\"\" data-image-caption=\"\" data-medium-file=\"https:\/\/i0.wp.com\/ffyh.unc.edu.ar\/biblioteca\/wp-content\/uploads\/sites\/4\/2015\/09\/ruta-esclavo-10.jpg?fit=300%2C293&amp;ssl=1\" data-large-file=\"https:\/\/i0.wp.com\/ffyh.unc.edu.ar\/biblioteca\/wp-content\/uploads\/sites\/4\/2015\/09\/ruta-esclavo-10.jpg?fit=1024%2C1000&amp;ssl=1\" class=\"alignleft size-medium wp-image-1090\" src=\"https:\/\/i0.wp.com\/ffyh.unc.edu.ar\/biblioteca\/wp-content\/uploads\/sites\/4\/2015\/09\/ruta-esclavo-10.jpg?resize=300%2C293\" alt=\"ruta-esclavo-10\" width=\"300\" height=\"293\" srcset=\"https:\/\/i0.wp.com\/ffyh.unc.edu.ar\/biblioteca\/wp-content\/uploads\/sites\/4\/2015\/09\/ruta-esclavo-10.jpg?resize=300%2C293&amp;ssl=1 300w, https:\/\/i0.wp.com\/ffyh.unc.edu.ar\/biblioteca\/wp-content\/uploads\/sites\/4\/2015\/09\/ruta-esclavo-10.jpg?resize=768%2C750&amp;ssl=1 768w, https:\/\/i0.wp.com\/ffyh.unc.edu.ar\/biblioteca\/wp-content\/uploads\/sites\/4\/2015\/09\/ruta-esclavo-10.jpg?resize=1024%2C1000&amp;ssl=1 1024w, https:\/\/i0.wp.com\/ffyh.unc.edu.ar\/biblioteca\/wp-content\/uploads\/sites\/4\/2015\/09\/ruta-esclavo-10.jpg?w=1343&amp;ssl=1 1343w\" sizes=\"auto, (max-width: 300px) 100vw, 300px\" \/><\/a><\/p>\n<p><a href=\"https:\/\/i0.wp.com\/ffyh.unc.edu.ar\/biblioteca\/wp-content\/uploads\/sites\/4\/2015\/09\/ruta-esclavo-3.jpg\"><img data-recalc-dims=\"1\" loading=\"lazy\" decoding=\"async\" data-attachment-id=\"1082\" data-permalink=\"https:\/\/ffyh.unc.edu.ar\/biblioteca\/la-biblioteca-elma-k-de-estrabou-participa-de-huellas-ii\/ruta-esclavo-3\/\" data-orig-file=\"https:\/\/i0.wp.com\/ffyh.unc.edu.ar\/biblioteca\/wp-content\/uploads\/sites\/4\/2015\/09\/ruta-esclavo-3.jpg?fit=2000%2C1500&amp;ssl=1\" data-orig-size=\"2000,1500\" data-comments-opened=\"0\" data-image-meta=\"{&quot;aperture&quot;:&quot;0&quot;,&quot;credit&quot;:&quot;&quot;,&quot;camera&quot;:&quot;&quot;,&quot;caption&quot;:&quot;&quot;,&quot;created_timestamp&quot;:&quot;0&quot;,&quot;copyright&quot;:&quot;&quot;,&quot;focal_length&quot;:&quot;0&quot;,&quot;iso&quot;:&quot;0&quot;,&quot;shutter_speed&quot;:&quot;0&quot;,&quot;title&quot;:&quot;&quot;,&quot;orientation&quot;:&quot;0&quot;}\" data-image-title=\"ruta-esclavo-3\" data-image-description=\"\" data-image-caption=\"\" data-medium-file=\"https:\/\/i0.wp.com\/ffyh.unc.edu.ar\/biblioteca\/wp-content\/uploads\/sites\/4\/2015\/09\/ruta-esclavo-3.jpg?fit=300%2C225&amp;ssl=1\" data-large-file=\"https:\/\/i0.wp.com\/ffyh.unc.edu.ar\/biblioteca\/wp-content\/uploads\/sites\/4\/2015\/09\/ruta-esclavo-3.jpg?fit=1024%2C768&amp;ssl=1\" class=\"alignleft size-medium wp-image-1082\" src=\"https:\/\/i0.wp.com\/ffyh.unc.edu.ar\/biblioteca\/wp-content\/uploads\/sites\/4\/2015\/09\/ruta-esclavo-3.jpg?resize=300%2C225\" alt=\"ruta-esclavo-3\" width=\"300\" height=\"225\" srcset=\"https:\/\/i0.wp.com\/ffyh.unc.edu.ar\/biblioteca\/wp-content\/uploads\/sites\/4\/2015\/09\/ruta-esclavo-3.jpg?resize=300%2C225&amp;ssl=1 300w, https:\/\/i0.wp.com\/ffyh.unc.edu.ar\/biblioteca\/wp-content\/uploads\/sites\/4\/2015\/09\/ruta-esclavo-3.jpg?resize=768%2C576&amp;ssl=1 768w, https:\/\/i0.wp.com\/ffyh.unc.edu.ar\/biblioteca\/wp-content\/uploads\/sites\/4\/2015\/09\/ruta-esclavo-3.jpg?resize=1024%2C768&amp;ssl=1 1024w, https:\/\/i0.wp.com\/ffyh.unc.edu.ar\/biblioteca\/wp-content\/uploads\/sites\/4\/2015\/09\/ruta-esclavo-3.jpg?w=2000&amp;ssl=1 2000w\" sizes=\"auto, (max-width: 300px) 100vw, 300px\" \/><\/a><a href=\"https:\/\/i0.wp.com\/ffyh.unc.edu.ar\/biblioteca\/wp-content\/uploads\/sites\/4\/2015\/09\/ruta-esclavo-11.jpg\"><img data-recalc-dims=\"1\" loading=\"lazy\" decoding=\"async\" data-attachment-id=\"1091\" data-permalink=\"https:\/\/ffyh.unc.edu.ar\/biblioteca\/la-biblioteca-elma-k-de-estrabou-participa-de-huellas-ii\/ruta-esclavo-11\/\" data-orig-file=\"https:\/\/i0.wp.com\/ffyh.unc.edu.ar\/biblioteca\/wp-content\/uploads\/sites\/4\/2015\/09\/ruta-esclavo-11.jpg?fit=1721%2C1500&amp;ssl=1\" data-orig-size=\"1721,1500\" data-comments-opened=\"0\" data-image-meta=\"{&quot;aperture&quot;:&quot;0&quot;,&quot;credit&quot;:&quot;&quot;,&quot;camera&quot;:&quot;&quot;,&quot;caption&quot;:&quot;&quot;,&quot;created_timestamp&quot;:&quot;0&quot;,&quot;copyright&quot;:&quot;&quot;,&quot;focal_length&quot;:&quot;0&quot;,&quot;iso&quot;:&quot;0&quot;,&quot;shutter_speed&quot;:&quot;0&quot;,&quot;title&quot;:&quot;&quot;,&quot;orientation&quot;:&quot;0&quot;}\" data-image-title=\"ruta-esclavo-11\" data-image-description=\"\" data-image-caption=\"\" data-medium-file=\"https:\/\/i0.wp.com\/ffyh.unc.edu.ar\/biblioteca\/wp-content\/uploads\/sites\/4\/2015\/09\/ruta-esclavo-11.jpg?fit=300%2C261&amp;ssl=1\" data-large-file=\"https:\/\/i0.wp.com\/ffyh.unc.edu.ar\/biblioteca\/wp-content\/uploads\/sites\/4\/2015\/09\/ruta-esclavo-11.jpg?fit=1024%2C893&amp;ssl=1\" class=\"alignleft size-medium wp-image-1091\" src=\"https:\/\/i0.wp.com\/ffyh.unc.edu.ar\/biblioteca\/wp-content\/uploads\/sites\/4\/2015\/09\/ruta-esclavo-11.jpg?resize=300%2C261\" alt=\"ruta-esclavo-11\" width=\"300\" height=\"261\" srcset=\"https:\/\/i0.wp.com\/ffyh.unc.edu.ar\/biblioteca\/wp-content\/uploads\/sites\/4\/2015\/09\/ruta-esclavo-11.jpg?resize=300%2C261&amp;ssl=1 300w, https:\/\/i0.wp.com\/ffyh.unc.edu.ar\/biblioteca\/wp-content\/uploads\/sites\/4\/2015\/09\/ruta-esclavo-11.jpg?resize=768%2C669&amp;ssl=1 768w, https:\/\/i0.wp.com\/ffyh.unc.edu.ar\/biblioteca\/wp-content\/uploads\/sites\/4\/2015\/09\/ruta-esclavo-11.jpg?resize=1024%2C893&amp;ssl=1 1024w, https:\/\/i0.wp.com\/ffyh.unc.edu.ar\/biblioteca\/wp-content\/uploads\/sites\/4\/2015\/09\/ruta-esclavo-11.jpg?w=1721&amp;ssl=1 1721w\" sizes=\"auto, (max-width: 300px) 100vw, 300px\" \/><\/a><\/p>\n","protected":false},"excerpt":{"rendered":"<div class=\"entry-summary\">\nJORNADAS HUELLAS II : RASTROS, INDICIOS, VESTIGIOS DE LA AFRICANIDAD EN NUESTRO ARTE. Mi\u00e9rcoles 9, jueves 10 y viernes 11&hellip;\n<\/div>\n<div class=\"link-more\"><a href=\"https:\/\/ffyh.unc.edu.ar\/biblioteca\/la-biblioteca-elma-k-de-estrabou-participa-de-huellas-ii\/\" class=\"more-link\">Continuar leyendo<span class=\"screen-reader-text\"> &ldquo;La Biblioteca \u00abElma K. de Estrabou\u00bb participa de Huellas II&rdquo;<\/span>&hellip;<\/a><\/div>\n","protected":false},"author":6,"featured_media":0,"comment_status":"closed","ping_status":"open","sticky":false,"template":"","format":"standard","meta":{"_acf_changed":false,"jetpack_post_was_ever_published":false,"_jetpack_newsletter_access":"","_jetpack_dont_email_post_to_subs":false,"_jetpack_newsletter_tier_id":0,"_jetpack_memberships_contains_paywalled_content":false,"_jetpack_memberships_contains_paid_content":false,"footnotes":"","jetpack_publicize_message":"","jetpack_publicize_feature_enabled":true,"jetpack_social_post_already_shared":false,"jetpack_social_options":{"image_generator_settings":{"template":"highway","default_image_id":0,"font":"","enabled":false},"version":2}},"categories":[3],"tags":[],"class_list":["post-1074","post","type-post","status-publish","format-standard","hentry","category-noticias","entry"],"acf":[],"jetpack_publicize_connections":[],"jetpack_featured_media_url":"","jetpack_shortlink":"https:\/\/wp.me\/p9UJM9-hk","jetpack-related-posts":[],"jetpack_sharing_enabled":true,"_links":{"self":[{"href":"https:\/\/ffyh.unc.edu.ar\/biblioteca\/wp-json\/wp\/v2\/posts\/1074","targetHints":{"allow":["GET"]}}],"collection":[{"href":"https:\/\/ffyh.unc.edu.ar\/biblioteca\/wp-json\/wp\/v2\/posts"}],"about":[{"href":"https:\/\/ffyh.unc.edu.ar\/biblioteca\/wp-json\/wp\/v2\/types\/post"}],"author":[{"embeddable":true,"href":"https:\/\/ffyh.unc.edu.ar\/biblioteca\/wp-json\/wp\/v2\/users\/6"}],"replies":[{"embeddable":true,"href":"https:\/\/ffyh.unc.edu.ar\/biblioteca\/wp-json\/wp\/v2\/comments?post=1074"}],"version-history":[{"count":0,"href":"https:\/\/ffyh.unc.edu.ar\/biblioteca\/wp-json\/wp\/v2\/posts\/1074\/revisions"}],"wp:attachment":[{"href":"https:\/\/ffyh.unc.edu.ar\/biblioteca\/wp-json\/wp\/v2\/media?parent=1074"}],"wp:term":[{"taxonomy":"category","embeddable":true,"href":"https:\/\/ffyh.unc.edu.ar\/biblioteca\/wp-json\/wp\/v2\/categories?post=1074"},{"taxonomy":"post_tag","embeddable":true,"href":"https:\/\/ffyh.unc.edu.ar\/biblioteca\/wp-json\/wp\/v2\/tags?post=1074"}],"curies":[{"name":"wp","href":"https:\/\/api.w.org\/{rel}","templated":true}]}}