{"id":162,"date":"2014-08-05T12:46:05","date_gmt":"2014-08-05T12:46:05","guid":{"rendered":"http:\/\/www.ffyh.unc.edu.ar\/biblioteca\/?p=162"},"modified":"2014-08-05T12:46:05","modified_gmt":"2014-08-05T12:46:05","slug":"v-jornadas-patrimonio-en-peligro","status":"publish","type":"post","link":"https:\/\/ffyh.unc.edu.ar\/biblioteca\/v-jornadas-patrimonio-en-peligro\/","title":{"rendered":"V Jornadas Patrimonio en Peligro"},"content":{"rendered":"<p><a href=\"https:\/\/i0.wp.com\/ffyh.unc.edu.ar\/biblioteca\/wp-content\/uploads\/sites\/4\/2014\/08\/V-JORNADAS-CTRO-REG-PAPEL.jpg\"><img data-recalc-dims=\"1\" loading=\"lazy\" decoding=\"async\" data-attachment-id=\"163\" data-permalink=\"https:\/\/ffyh.unc.edu.ar\/biblioteca\/v-jornadas-patrimonio-en-peligro\/v-jornadas-ctro-reg-papel\/\" data-orig-file=\"https:\/\/i0.wp.com\/ffyh.unc.edu.ar\/biblioteca\/wp-content\/uploads\/sites\/4\/2014\/08\/V-JORNADAS-CTRO-REG-PAPEL.jpg?fit=826%2C1166&amp;ssl=1\" data-orig-size=\"826,1166\" data-comments-opened=\"0\" data-image-meta=\"{&quot;aperture&quot;:&quot;0&quot;,&quot;credit&quot;:&quot;&quot;,&quot;camera&quot;:&quot;&quot;,&quot;caption&quot;:&quot;&quot;,&quot;created_timestamp&quot;:&quot;0&quot;,&quot;copyright&quot;:&quot;&quot;,&quot;focal_length&quot;:&quot;0&quot;,&quot;iso&quot;:&quot;0&quot;,&quot;shutter_speed&quot;:&quot;0&quot;,&quot;title&quot;:&quot;&quot;,&quot;orientation&quot;:&quot;0&quot;}\" data-image-title=\"V-JORNADAS-CTRO-REG-PAPEL\" data-image-description=\"\" data-image-caption=\"\" data-medium-file=\"https:\/\/i0.wp.com\/ffyh.unc.edu.ar\/biblioteca\/wp-content\/uploads\/sites\/4\/2014\/08\/V-JORNADAS-CTRO-REG-PAPEL.jpg?fit=213%2C300&amp;ssl=1\" data-large-file=\"https:\/\/i0.wp.com\/ffyh.unc.edu.ar\/biblioteca\/wp-content\/uploads\/sites\/4\/2014\/08\/V-JORNADAS-CTRO-REG-PAPEL.jpg?fit=725%2C1024&amp;ssl=1\" class=\"wp-image-163 size-large aligncenter\" src=\"https:\/\/i0.wp.com\/ffyh.unc.edu.ar\/biblioteca\/wp-content\/uploads\/sites\/4\/2014\/08\/V-JORNADAS-CTRO-REG-PAPEL.jpg?resize=725%2C1024\" alt=\"V-JORNADAS-CTRO-REG-PAPEL\" width=\"725\" height=\"1024\" srcset=\"https:\/\/i0.wp.com\/ffyh.unc.edu.ar\/biblioteca\/wp-content\/uploads\/sites\/4\/2014\/08\/V-JORNADAS-CTRO-REG-PAPEL.jpg?resize=725%2C1024&amp;ssl=1 725w, https:\/\/i0.wp.com\/ffyh.unc.edu.ar\/biblioteca\/wp-content\/uploads\/sites\/4\/2014\/08\/V-JORNADAS-CTRO-REG-PAPEL.jpg?resize=213%2C300&amp;ssl=1 213w, https:\/\/i0.wp.com\/ffyh.unc.edu.ar\/biblioteca\/wp-content\/uploads\/sites\/4\/2014\/08\/V-JORNADAS-CTRO-REG-PAPEL.jpg?resize=768%2C1084&amp;ssl=1 768w, https:\/\/i0.wp.com\/ffyh.unc.edu.ar\/biblioteca\/wp-content\/uploads\/sites\/4\/2014\/08\/V-JORNADAS-CTRO-REG-PAPEL.jpg?w=826&amp;ssl=1 826w\" sizes=\"auto, (max-width: 725px) 100vw, 725px\" \/><\/a><\/p>\n<p style=\"text-align: center\"><strong>V Jornadas Patrimonio en Peligro<\/strong><\/p>\n<p style=\"text-align: center\"><strong>\u201cEl patrimonio papel en situaciones de riesgo: Planes de Emergencias\u201d<\/strong><\/p>\n<p style=\"text-align: center\"><strong>Lunes 11 y Martes 12 de Agosto 2014<\/strong><\/p>\n<p style=\"text-align: center\"><strong>\u00a0<\/strong><\/p>\n<p style=\"text-align: center\"><strong>Escuela Lino Enea Spilimbergo, Ciudad de las Artes, <\/strong><\/p>\n<p style=\"text-align: center\"><strong>Av. Richieri y Concepci\u00f3n Arenales. C\u00f3rdoba<\/strong><\/p>\n<p style=\"text-align: center\"><strong>\u201cAULA SUM\u201d<\/strong><\/p>\n<p>\u00a0<!--more--><\/p>\n<p>&nbsp;<\/p>\n<p><strong>Preinscripciones<\/strong><\/p>\n<p><strong>Personalmente <\/strong><\/p>\n<p>Biblioteca Facultad de Filosof\u00eda y Humanidades. UNC. Pabell\u00f3n Agust\u00edn Tosco. Ciudad Universitaria. <strong>Te 433-4196<\/strong>. Internos <strong>124<\/strong> \/ <strong>220<\/strong><\/p>\n<p>Biblioteca Facultad de Arquitectura, Urbanismo y Dise\u00f1o. UNC. Av. V\u00e9liz Sarsfield 264. <strong>Te 433-2095.<\/strong><\/p>\n<p><strong>V\u00eda Web <\/strong>en <strong><a href=\"http:\/\/www.centropreservacionpapel.com\/\">http:\/\/www.centropreservacionpapel.com<\/a><\/strong><\/p>\n<p><strong>Inscripciones<\/strong><\/p>\n<p><strong>V\u00eda Web <\/strong>en <strong><a href=\"http:\/\/www.centropreservacionpapel.com\/\">http:\/\/www.centropreservacionpapel.com<\/a><\/strong><\/p>\n<p><strong>ARANCELES<\/strong><\/p>\n<p><strong>Estudiantes :<\/strong> $ 70<\/p>\n<p><strong>P\u00fablico en general :<\/strong> $ 150<\/p>\n<p><strong><a href=\"https:\/\/docs.google.com\/forms\/d\/1pGGrRtcV72sM9thZDKmETQrB9cDrwywyeGL7cLVNzKk\/viewform\">Formulario de Inscripci\u00f3n<\/a><\/strong><\/p>\n<p><strong>PROGRAMA<\/strong><\/p>\n<p><strong>Lunes 11 de Agosto<\/strong><\/p>\n<p>8.30 hs. \u00a0\u00a0\u00a0\u00a0\u00a0\u00a0\u00a0\u00a0\u00a0 Acreditaciones<\/p>\n<p>9.15 hs. \u00a0\u00a0\u00a0\u00a0\u00a0\u00a0\u00a0\u00a0\u00a0 Presentaci\u00f3n de las V Jornadas Patrimonio en Peligro, por autoridades del Centro<\/p>\n<p>9.30 hs. \u00a0\u00a0\u00a0\u00a0\u00a0\u00a0\u00a0\u00a0\u00a0 Conferencia inaugural: \u201cLa cultura de la prevenci\u00f3n para el resguardo del patrimonio documental en situaciones de riesgo. \u201c, Mgter. Anna Szlejcher<\/p>\n<p>PREGUNTAS DEL P\u00daBLICO<\/p>\n<p>10.30 hs. \u00a0\u00a0\u00a0\u00a0\u00a0\u00a0\u00a0 Presentaci\u00f3n del libro: \u201cConocer para proteger: un marco te\u00f3rico para la elaboraci\u00f3n de planes y pol\u00edticas de conservaci\u00f3n de patrimonio cultural\u201d de la Lic. Silvia Fois, a cargo de Lic. Rosa Bestani y Lic. Maricarmen Ladr\u00f3n de Guevara.<\/p>\n<p>11.00 hs.\u00a0\u00a0\u00a0\u00a0 Pausa<\/p>\n<p>11.30 hs. \u00a0\u00a0\u00a0\u00a0\u00a0\u00a0\u00a0 Conferencia: \u201cLa gesti\u00f3n de riesgos como herramienta para la planificaci\u00f3n de medidas de seguridad\u201d, Lic. Pilar Salas (UNNE).<\/p>\n<p>PREGUNTAS DEL P\u00daBLICO<\/p>\n<p>13.00 hs. \u00a0\u00a0\u00a0\u00a0\u00a0\u00a0\u00a0 Pausa (Almuerzo)<\/p>\n<p>15.00 hs. \u00a0\u00a0\u00a0\u00a0\u00a0\u00a0\u00a0 Conferencia: \u201cLa prevenci\u00f3n ante situaciones puntuales de emergencia\u201d, Lic. Cecilia Barbat y Arq. Gisela Korth, Biblioteca Nacional.<\/p>\n<p>PREGUNTAS DEL P\u00daBLICO<\/p>\n<p>16.15 hs. \u00a0\u00a0\u00a0\u00a0\u00a0\u00a0\u00a0 Pausa<\/p>\n<p>16.45 hs. \u00a0\u00a0\u00a0\u00a0\u00a0\u00a0\u00a0 Panel: \u201cPlanes de emergencia en archivos, bibliotecas y museos: Fortalezas y debilidades\u201d. Participan:<\/p>\n<p>Archivo Colegio de Escribanos<\/p>\n<p>Museo Jesu\u00edtico de Jes\u00fas Mar\u00eda<\/p>\n<p>Biblioteca Mayor (UNC)<\/p>\n<p>Museo Hist\u00f3rico Municipal de La Para<\/p>\n<p>Sistema de Bibliotecas UCC<\/p>\n<p>Biblioteca Nacional<\/p>\n<p>Moderadora: Lic. Pilar Salas<\/p>\n<p>18.30 hs. \u00a0\u00a0\u00a0\u00a0\u00a0\u00a0\u00a0 Cierre<\/p>\n<p><strong>Martes 12 de Agosto<\/strong><\/p>\n<p>9.00 hs. \u00a0\u00a0\u00a0\u00a0\u00a0\u00a0\u00a0\u00a0\u00a0 Conferencia\u201cSeguridad laboral y seguridad en edificios de archivos\u201d, Lic. Daniel Di Mari (UNC)<\/p>\n<p>PREGUNTAS DEL P\u00daBLICO<\/p>\n<p>10.00 hs.\u00a0\u00a0\u00a0\u00a0\u00a0\u00a0\u00a0\u00a0 Pausa<\/p>\n<p>10.15 hs. \u00a0\u00a0\u00a0\u00a0\u00a0\u00a0 Conferencia \u201cC\u00f3mo dise\u00f1ar e implementar un plan de emergencias\u201d, Ing. Pablo Cayguar\u00e1 (Miembro del Consejo de Seguridad para la Prevenci\u00f3n &#8211; Asesor en HyST FFYH &#8211; UNC)<br \/>\nPREGUNTAS DEL P\u00daBLICO<\/p>\n<p>12.00 hs.\u00a0\u00a0\u00a0\u00a0 \u00a0\u00a0 Panel: \u201cLos planes de emergencia como decisi\u00f3n estrat\u00e9gica: implicancias \u00e9ticas\u201d. Participan:<\/p>\n<p>Lic. Daniel Di Mari<\/p>\n<p>Lic. Pilar Salas<\/p>\n<p>Mg. Anna Szlejcher<\/p>\n<p>Ing. Pablo Cayguar\u00e1<\/p>\n<p>Lic. Cecilia Barbat<\/p>\n<p>Arq. Gisela Korth<\/p>\n<p>Moderadora: M\u00f3nica Gorgas<\/p>\n<p>13.00 hs. \u00a0\u00a0\u00a0\u00a0\u00a0\u00a0\u00a0 Entrega de Certificados- Rifa de libros<\/p>\n<p>13:30\u00a0\u00a0\u00a0\u00a0\u00a0\u00a0 \u00a0\u00a0\u00a0\u00a0\u00a0Cierre<\/p>\n","protected":false},"excerpt":{"rendered":"<p><a href=\"https:\/\/i0.wp.com\/ffyh.unc.edu.ar\/biblioteca\/wp-content\/uploads\/sites\/4\/2014\/08\/V-JORNADAS-CTRO-REG-PAPEL.jpg\"><img data-recalc-dims=\"1\" loading=\"lazy\" decoding=\"async\" data-attachment-id=\"163\" data-permalink=\"https:\/\/ffyh.unc.edu.ar\/biblioteca\/v-jornadas-patrimonio-en-peligro\/v-jornadas-ctro-reg-papel\/\" data-orig-file=\"https:\/\/i0.wp.com\/ffyh.unc.edu.ar\/biblioteca\/wp-content\/uploads\/sites\/4\/2014\/08\/V-JORNADAS-CTRO-REG-PAPEL.jpg?fit=826%2C1166&amp;ssl=1\" data-orig-size=\"826,1166\" data-comments-opened=\"0\" data-image-meta=\"{&quot;aperture&quot;:&quot;0&quot;,&quot;credit&quot;:&quot;&quot;,&quot;camera&quot;:&quot;&quot;,&quot;caption&quot;:&quot;&quot;,&quot;created_timestamp&quot;:&quot;0&quot;,&quot;copyright&quot;:&quot;&quot;,&quot;focal_length&quot;:&quot;0&quot;,&quot;iso&quot;:&quot;0&quot;,&quot;shutter_speed&quot;:&quot;0&quot;,&quot;title&quot;:&quot;&quot;,&quot;orientation&quot;:&quot;0&quot;}\" data-image-title=\"V-JORNADAS-CTRO-REG-PAPEL\" data-image-description=\"\" data-image-caption=\"\" data-medium-file=\"https:\/\/i0.wp.com\/ffyh.unc.edu.ar\/biblioteca\/wp-content\/uploads\/sites\/4\/2014\/08\/V-JORNADAS-CTRO-REG-PAPEL.jpg?fit=213%2C300&amp;ssl=1\" data-large-file=\"https:\/\/i0.wp.com\/ffyh.unc.edu.ar\/biblioteca\/wp-content\/uploads\/sites\/4\/2014\/08\/V-JORNADAS-CTRO-REG-PAPEL.jpg?fit=725%2C1024&amp;ssl=1\" class=\"wp-image-163 size-large aligncenter\" src=\"https:\/\/i0.wp.com\/ffyh.unc.edu.ar\/biblioteca\/wp-content\/uploads\/sites\/4\/2014\/08\/V-JORNADAS-CTRO-REG-PAPEL.jpg?resize=725%2C1024\" alt=\"V-JORNADAS-CTRO-REG-PAPEL\" width=\"725\" height=\"1024\" srcset=\"https:\/\/i0.wp.com\/ffyh.unc.edu.ar\/biblioteca\/wp-content\/uploads\/sites\/4\/2014\/08\/V-JORNADAS-CTRO-REG-PAPEL.jpg?resize=725%2C1024&amp;ssl=1 725w, https:\/\/i0.wp.com\/ffyh.unc.edu.ar\/biblioteca\/wp-content\/uploads\/sites\/4\/2014\/08\/V-JORNADAS-CTRO-REG-PAPEL.jpg?resize=213%2C300&amp;ssl=1 213w, https:\/\/i0.wp.com\/ffyh.unc.edu.ar\/biblioteca\/wp-content\/uploads\/sites\/4\/2014\/08\/V-JORNADAS-CTRO-REG-PAPEL.jpg?resize=768%2C1084&amp;ssl=1 768w, https:\/\/i0.wp.com\/ffyh.unc.edu.ar\/biblioteca\/wp-content\/uploads\/sites\/4\/2014\/08\/V-JORNADAS-CTRO-REG-PAPEL.jpg?w=826&amp;ssl=1 826w\" sizes=\"auto, (max-width: 725px) 100vw, 725px\" \/><\/a><\/p>\n<p style=\"text-align: center\"><strong>V Jornadas Patrimonio en Peligro<\/strong><\/p>\n<p style=\"text-align: center\"><strong>\u201cEl patrimonio papel en situaciones de riesgo: Planes de Emergencias\u201d<\/strong><\/p>\n<p style=\"text-align: center\"><strong>Lunes 11 y Martes 12 de Agosto 2014<\/strong><\/p>\n<p style=\"text-align: center\"><strong>\u00a0<\/strong><\/p>\n<p style=\"text-align: center\"><strong>Escuela Lino Enea Spilimbergo, Ciudad de las Artes, <\/strong><\/p>\n<p style=\"text-align: center\"><strong>Av. Richieri y Concepci\u00f3n Arenales. C\u00f3rdoba<\/strong><\/p>\n<p style=\"text-align: center\"><strong>\u201cAULA SUM\u201d<\/strong><\/p>\n<p>\u00a0<\/p>\n<div class=\"link-more\"><a href=\"https:\/\/ffyh.unc.edu.ar\/biblioteca\/v-jornadas-patrimonio-en-peligro\/\" class=\"more-link\">Continuar leyendo<span class=\"screen-reader-text\"> &ldquo;V Jornadas Patrimonio en Peligro&rdquo;<\/span>&hellip;<\/a><\/div>\n","protected":false},"author":6,"featured_media":0,"comment_status":"closed","ping_status":"open","sticky":false,"template":"","format":"standard","meta":{"_acf_changed":false,"jetpack_post_was_ever_published":false,"_jetpack_newsletter_access":"","_jetpack_dont_email_post_to_subs":false,"_jetpack_newsletter_tier_id":0,"_jetpack_memberships_contains_paywalled_content":false,"_jetpack_memberships_contains_paid_content":false,"footnotes":"","jetpack_publicize_message":"","jetpack_publicize_feature_enabled":true,"jetpack_social_post_already_shared":false,"jetpack_social_options":{"image_generator_settings":{"template":"highway","default_image_id":0,"font":"","enabled":false},"version":2}},"categories":[3],"tags":[],"class_list":["post-162","post","type-post","status-publish","format-standard","hentry","category-noticias","entry"],"acf":[],"jetpack_publicize_connections":[],"jetpack_featured_media_url":"","jetpack_shortlink":"https:\/\/wp.me\/p9UJM9-2C","jetpack-related-posts":[],"jetpack_sharing_enabled":true,"_links":{"self":[{"href":"https:\/\/ffyh.unc.edu.ar\/biblioteca\/wp-json\/wp\/v2\/posts\/162","targetHints":{"allow":["GET"]}}],"collection":[{"href":"https:\/\/ffyh.unc.edu.ar\/biblioteca\/wp-json\/wp\/v2\/posts"}],"about":[{"href":"https:\/\/ffyh.unc.edu.ar\/biblioteca\/wp-json\/wp\/v2\/types\/post"}],"author":[{"embeddable":true,"href":"https:\/\/ffyh.unc.edu.ar\/biblioteca\/wp-json\/wp\/v2\/users\/6"}],"replies":[{"embeddable":true,"href":"https:\/\/ffyh.unc.edu.ar\/biblioteca\/wp-json\/wp\/v2\/comments?post=162"}],"version-history":[{"count":0,"href":"https:\/\/ffyh.unc.edu.ar\/biblioteca\/wp-json\/wp\/v2\/posts\/162\/revisions"}],"wp:attachment":[{"href":"https:\/\/ffyh.unc.edu.ar\/biblioteca\/wp-json\/wp\/v2\/media?parent=162"}],"wp:term":[{"taxonomy":"category","embeddable":true,"href":"https:\/\/ffyh.unc.edu.ar\/biblioteca\/wp-json\/wp\/v2\/categories?post=162"},{"taxonomy":"post_tag","embeddable":true,"href":"https:\/\/ffyh.unc.edu.ar\/biblioteca\/wp-json\/wp\/v2\/tags?post=162"}],"curies":[{"name":"wp","href":"https:\/\/api.w.org\/{rel}","templated":true}]}}