{"id":1760,"date":"2017-09-07T17:53:14","date_gmt":"2017-09-07T17:53:14","guid":{"rendered":"http:\/\/ffyh.unc.edu.ar\/biblioteca\/?p=1760"},"modified":"2017-09-07T17:53:14","modified_gmt":"2017-09-07T17:53:14","slug":"13-de-septiembre-dia-del-bibliotecario","status":"publish","type":"post","link":"https:\/\/ffyh.unc.edu.ar\/biblioteca\/13-de-septiembre-dia-del-bibliotecario\/","title":{"rendered":"13 de Septiembre D\u00eda del Bibliotecario"},"content":{"rendered":"<div>El pr\u00f3ximo mi\u00e9rcoles 13 de septiembre de 2017,<br \/>\ncon motivo de celebrarse el D\u00eda de Bibliotecario,<br \/>\nel Rectorado de la UNC ha otorgado asueto al personal<\/div>\n<div>que se desempe\u00f1a en las Bibliotecas.<br \/>\nPor tal motivo, ese d\u00eda\u00a0no habr\u00e1 atenci\u00f3n al p\u00fablico en nuestra biblioteca.<\/div>\n<div><a href=\"http:\/\/www.digesto.unc.edu.ar\/rectorado\/rectorado\/resolucion\/1337_2017\">Resoluci\u00f3n rectoral 1337 del 2017<\/a><\/div>\n<div><img data-recalc-dims=\"1\" loading=\"lazy\" decoding=\"async\" data-attachment-id=\"1761\" data-permalink=\"https:\/\/ffyh.unc.edu.ar\/biblioteca\/13-de-septiembre-dia-del-bibliotecario\/books-683901_960_720\/\" data-orig-file=\"https:\/\/i0.wp.com\/ffyh.unc.edu.ar\/biblioteca\/wp-content\/uploads\/sites\/4\/2017\/09\/books-683901_960_720.jpg?fit=960%2C640&amp;ssl=1\" data-orig-size=\"960,640\" data-comments-opened=\"0\" data-image-meta=\"{&quot;aperture&quot;:&quot;0&quot;,&quot;credit&quot;:&quot;&quot;,&quot;camera&quot;:&quot;&quot;,&quot;caption&quot;:&quot;&quot;,&quot;created_timestamp&quot;:&quot;0&quot;,&quot;copyright&quot;:&quot;&quot;,&quot;focal_length&quot;:&quot;0&quot;,&quot;iso&quot;:&quot;0&quot;,&quot;shutter_speed&quot;:&quot;0&quot;,&quot;title&quot;:&quot;&quot;,&quot;orientation&quot;:&quot;0&quot;}\" data-image-title=\"books-683901_960_720\" data-image-description=\"\" data-image-caption=\"\" data-medium-file=\"https:\/\/i0.wp.com\/ffyh.unc.edu.ar\/biblioteca\/wp-content\/uploads\/sites\/4\/2017\/09\/books-683901_960_720.jpg?fit=300%2C200&amp;ssl=1\" data-large-file=\"https:\/\/i0.wp.com\/ffyh.unc.edu.ar\/biblioteca\/wp-content\/uploads\/sites\/4\/2017\/09\/books-683901_960_720.jpg?fit=960%2C640&amp;ssl=1\" class=\"alignnone size-full wp-image-1761\" src=\"https:\/\/i0.wp.com\/ffyh.unc.edu.ar\/biblioteca\/wp-content\/uploads\/sites\/4\/2017\/09\/books-683901_960_720.jpg?resize=960%2C640\" alt=\"\" width=\"960\" height=\"640\" srcset=\"https:\/\/i0.wp.com\/ffyh.unc.edu.ar\/biblioteca\/wp-content\/uploads\/sites\/4\/2017\/09\/books-683901_960_720.jpg?w=960&amp;ssl=1 960w, https:\/\/i0.wp.com\/ffyh.unc.edu.ar\/biblioteca\/wp-content\/uploads\/sites\/4\/2017\/09\/books-683901_960_720.jpg?resize=300%2C200&amp;ssl=1 300w, https:\/\/i0.wp.com\/ffyh.unc.edu.ar\/biblioteca\/wp-content\/uploads\/sites\/4\/2017\/09\/books-683901_960_720.jpg?resize=768%2C512&amp;ssl=1 768w\" sizes=\"auto, (max-width: 960px) 100vw, 960px\" \/><\/div>\n","protected":false},"excerpt":{"rendered":"<div class=\"entry-summary\">\nEl pr\u00f3ximo mi\u00e9rcoles 13 de septiembre de 2017, con motivo de celebrarse el D\u00eda de Bibliotecario, el Rectorado de la&hellip;\n<\/div>\n<div class=\"link-more\"><a href=\"https:\/\/ffyh.unc.edu.ar\/biblioteca\/13-de-septiembre-dia-del-bibliotecario\/\" class=\"more-link\">Continuar leyendo<span class=\"screen-reader-text\"> &ldquo;13 de Septiembre D\u00eda del Bibliotecario&rdquo;<\/span>&hellip;<\/a><\/div>\n","protected":false},"author":7,"featured_media":0,"comment_status":"closed","ping_status":"closed","sticky":false,"template":"","format":"standard","meta":{"_acf_changed":false,"jetpack_post_was_ever_published":false,"_jetpack_newsletter_access":"","_jetpack_dont_email_post_to_subs":false,"_jetpack_newsletter_tier_id":0,"_jetpack_memberships_contains_paywalled_content":false,"_jetpack_memberships_contains_paid_content":false,"footnotes":"","jetpack_publicize_message":"","jetpack_publicize_feature_enabled":true,"jetpack_social_post_already_shared":false,"jetpack_social_options":{"image_generator_settings":{"template":"highway","default_image_id":0,"font":"","enabled":false},"version":2}},"categories":[1],"tags":[],"class_list":["post-1760","post","type-post","status-publish","format-standard","hentry","category-sin-categoria","entry"],"acf":[],"jetpack_publicize_connections":[],"jetpack_featured_media_url":"","jetpack_shortlink":"https:\/\/wp.me\/p9UJM9-so","jetpack-related-posts":[],"jetpack_sharing_enabled":true,"_links":{"self":[{"href":"https:\/\/ffyh.unc.edu.ar\/biblioteca\/wp-json\/wp\/v2\/posts\/1760","targetHints":{"allow":["GET"]}}],"collection":[{"href":"https:\/\/ffyh.unc.edu.ar\/biblioteca\/wp-json\/wp\/v2\/posts"}],"about":[{"href":"https:\/\/ffyh.unc.edu.ar\/biblioteca\/wp-json\/wp\/v2\/types\/post"}],"author":[{"embeddable":true,"href":"https:\/\/ffyh.unc.edu.ar\/biblioteca\/wp-json\/wp\/v2\/users\/7"}],"replies":[{"embeddable":true,"href":"https:\/\/ffyh.unc.edu.ar\/biblioteca\/wp-json\/wp\/v2\/comments?post=1760"}],"version-history":[{"count":2,"href":"https:\/\/ffyh.unc.edu.ar\/biblioteca\/wp-json\/wp\/v2\/posts\/1760\/revisions"}],"predecessor-version":[{"id":5493,"href":"https:\/\/ffyh.unc.edu.ar\/biblioteca\/wp-json\/wp\/v2\/posts\/1760\/revisions\/5493"}],"wp:attachment":[{"href":"https:\/\/ffyh.unc.edu.ar\/biblioteca\/wp-json\/wp\/v2\/media?parent=1760"}],"wp:term":[{"taxonomy":"category","embeddable":true,"href":"https:\/\/ffyh.unc.edu.ar\/biblioteca\/wp-json\/wp\/v2\/categories?post=1760"},{"taxonomy":"post_tag","embeddable":true,"href":"https:\/\/ffyh.unc.edu.ar\/biblioteca\/wp-json\/wp\/v2\/tags?post=1760"}],"curies":[{"name":"wp","href":"https:\/\/api.w.org\/{rel}","templated":true}]}}