{"id":1825,"date":"2017-12-28T16:29:00","date_gmt":"2017-12-28T16:29:00","guid":{"rendered":"http:\/\/ffyh.unc.edu.ar\/biblioteca\/?p=1825"},"modified":"2017-12-28T16:42:02","modified_gmt":"2017-12-28T16:42:02","slug":"durante-el-2017","status":"publish","type":"post","link":"https:\/\/ffyh.unc.edu.ar\/biblioteca\/durante-el-2017\/","title":{"rendered":"Durante el 2017"},"content":{"rendered":"<p>Entre las actividades frecuentes que la Biblioteca realiza cada a\u00f1o, se pueden destacar algunas iniciadas o concluidas en este 2017<\/p>\n<p>Misi\u00f3n-Visi\u00f3n:<\/p>\n<p>En el mes de marzo el personal se reuni\u00f3 en una Jornada de trabajo, organizada por la Direcci\u00f3n en coordinaci\u00f3n con el \u00c1rea de RRHH de la SGI de la UNC, para plantear la renovaci\u00f3n de su Misi\u00f3n-Visi\u00f3n. El equipo de trabajo gener\u00f3 lo siguiente:<\/p>\n<p><strong><em>Misi\u00f3n: <\/em><\/strong>La Biblioteca \u201cElma Kohlmeyer de Estrabou\u201d es una biblioteca p\u00fablica universitaria, orientada a la Psicolog\u00eda, Humanidades y ciencias sociales que\u00a0trabajando en consonancia con la misi\u00f3n de la Universidad,\u00a0presta servicio y satisface las demandas de informaci\u00f3n de toda la comunidad universitaria y del p\u00fablico en general. Gestiona y proporciona informaci\u00f3n al usuario y es un espacio de contenci\u00f3n para los estudiantes; realiza su labor de manera profesional, con compromiso, colaboraci\u00f3n y calidad a fin de facilitar el acceso a la informaci\u00f3n, contribuir al aprendizaje, difundir el saber y la cultura y aportar a la generaci\u00f3n de nuevos conocimientos.<\/p>\n<p><strong><em>Visi\u00f3n: <\/em><\/strong>La Biblioteca <em>\u201cElma K. de Estrabou\u201d<\/em> visiona ser un modelo a seguir que trabaje de manera conjunta con otras instituciones, con compromiso, responsabilidad y profesionalismo.\u00a0 Adapt\u00e1ndose a las necesidades de los usuarios, ampliando los servicios, optimizando las herramientas tecnol\u00f3gicas y ofreciendo mayor disponibilidad y accesibilidad. Se propone en correlaci\u00f3n la formaci\u00f3n permanente de su personal, la mejora de sus instalaciones, infraestructura y equipamiento inform\u00e1tico, la innovaci\u00f3n y planificaci\u00f3n de actividades de manera coordinada y en interacci\u00f3n con el usuario, la extensi\u00f3n universitaria y la mejora en la comunicaci\u00f3n interna y externa. Se proyecta a ser una Biblioteca con una mayor apertura a la comunidad.<\/p>\n<p><img data-recalc-dims=\"1\" loading=\"lazy\" decoding=\"async\" data-attachment-id=\"1850\" data-permalink=\"https:\/\/ffyh.unc.edu.ar\/biblioteca\/durante-el-2017\/dsc05619-2\/\" data-orig-file=\"https:\/\/i0.wp.com\/ffyh.unc.edu.ar\/biblioteca\/wp-content\/uploads\/sites\/4\/2017\/12\/DSC05619-1.jpg?fit=2048%2C1354&amp;ssl=1\" data-orig-size=\"2048,1354\" data-comments-opened=\"0\" data-image-meta=\"{&quot;aperture&quot;:&quot;2.8&quot;,&quot;credit&quot;:&quot;&quot;,&quot;camera&quot;:&quot;DSC-W55&quot;,&quot;caption&quot;:&quot;&quot;,&quot;created_timestamp&quot;:&quot;1489541413&quot;,&quot;copyright&quot;:&quot;&quot;,&quot;focal_length&quot;:&quot;6.3&quot;,&quot;iso&quot;:&quot;320&quot;,&quot;shutter_speed&quot;:&quot;0.025&quot;,&quot;title&quot;:&quot;&quot;,&quot;orientation&quot;:&quot;1&quot;}\" data-image-title=\"DSC05619\" data-image-description=\"\" data-image-caption=\"\" data-medium-file=\"https:\/\/i0.wp.com\/ffyh.unc.edu.ar\/biblioteca\/wp-content\/uploads\/sites\/4\/2017\/12\/DSC05619-1.jpg?fit=300%2C198&amp;ssl=1\" data-large-file=\"https:\/\/i0.wp.com\/ffyh.unc.edu.ar\/biblioteca\/wp-content\/uploads\/sites\/4\/2017\/12\/DSC05619-1.jpg?fit=1024%2C677&amp;ssl=1\" class=\"alignnone size-large wp-image-1850\" src=\"https:\/\/i0.wp.com\/ffyh.unc.edu.ar\/biblioteca\/wp-content\/uploads\/sites\/4\/2017\/12\/DSC05619-1.jpg?resize=555%2C367\" alt=\"\" width=\"555\" height=\"367\" srcset=\"https:\/\/i0.wp.com\/ffyh.unc.edu.ar\/biblioteca\/wp-content\/uploads\/sites\/4\/2017\/12\/DSC05619-1.jpg?resize=1024%2C677&amp;ssl=1 1024w, https:\/\/i0.wp.com\/ffyh.unc.edu.ar\/biblioteca\/wp-content\/uploads\/sites\/4\/2017\/12\/DSC05619-1.jpg?resize=300%2C198&amp;ssl=1 300w, https:\/\/i0.wp.com\/ffyh.unc.edu.ar\/biblioteca\/wp-content\/uploads\/sites\/4\/2017\/12\/DSC05619-1.jpg?resize=768%2C508&amp;ssl=1 768w, https:\/\/i0.wp.com\/ffyh.unc.edu.ar\/biblioteca\/wp-content\/uploads\/sites\/4\/2017\/12\/DSC05619-1.jpg?w=2048&amp;ssl=1 2048w\" sizes=\"auto, (max-width: 555px) 100vw, 555px\" \/><\/p>\n<p><img data-recalc-dims=\"1\" loading=\"lazy\" decoding=\"async\" data-attachment-id=\"1847\" data-permalink=\"https:\/\/ffyh.unc.edu.ar\/biblioteca\/durante-el-2017\/capacitacion-interna-8-3\/\" data-orig-file=\"https:\/\/i0.wp.com\/ffyh.unc.edu.ar\/biblioteca\/wp-content\/uploads\/sites\/4\/2017\/12\/capacitacion-interna-8-2.jpg?fit=1993%2C1328&amp;ssl=1\" data-orig-size=\"1993,1328\" data-comments-opened=\"0\" data-image-meta=\"{&quot;aperture&quot;:&quot;2.8&quot;,&quot;credit&quot;:&quot;&quot;,&quot;camera&quot;:&quot;DSC-W55&quot;,&quot;caption&quot;:&quot;&quot;,&quot;created_timestamp&quot;:&quot;1489543750&quot;,&quot;copyright&quot;:&quot;&quot;,&quot;focal_length&quot;:&quot;6.3&quot;,&quot;iso&quot;:&quot;320&quot;,&quot;shutter_speed&quot;:&quot;0.025&quot;,&quot;title&quot;:&quot;&quot;,&quot;orientation&quot;:&quot;1&quot;}\" data-image-title=\"capacitacion interna 8\" data-image-description=\"\" data-image-caption=\"\" data-medium-file=\"https:\/\/i0.wp.com\/ffyh.unc.edu.ar\/biblioteca\/wp-content\/uploads\/sites\/4\/2017\/12\/capacitacion-interna-8-2.jpg?fit=300%2C200&amp;ssl=1\" data-large-file=\"https:\/\/i0.wp.com\/ffyh.unc.edu.ar\/biblioteca\/wp-content\/uploads\/sites\/4\/2017\/12\/capacitacion-interna-8-2.jpg?fit=1024%2C682&amp;ssl=1\" class=\"alignnone size-large wp-image-1847\" src=\"https:\/\/i0.wp.com\/ffyh.unc.edu.ar\/biblioteca\/wp-content\/uploads\/sites\/4\/2017\/12\/capacitacion-interna-8-2.jpg?resize=555%2C370\" alt=\"\" width=\"555\" height=\"370\" srcset=\"https:\/\/i0.wp.com\/ffyh.unc.edu.ar\/biblioteca\/wp-content\/uploads\/sites\/4\/2017\/12\/capacitacion-interna-8-2.jpg?resize=1024%2C682&amp;ssl=1 1024w, https:\/\/i0.wp.com\/ffyh.unc.edu.ar\/biblioteca\/wp-content\/uploads\/sites\/4\/2017\/12\/capacitacion-interna-8-2.jpg?resize=300%2C200&amp;ssl=1 300w, https:\/\/i0.wp.com\/ffyh.unc.edu.ar\/biblioteca\/wp-content\/uploads\/sites\/4\/2017\/12\/capacitacion-interna-8-2.jpg?resize=768%2C512&amp;ssl=1 768w, https:\/\/i0.wp.com\/ffyh.unc.edu.ar\/biblioteca\/wp-content\/uploads\/sites\/4\/2017\/12\/capacitacion-interna-8-2.jpg?w=1993&amp;ssl=1 1993w\" sizes=\"auto, (max-width: 555px) 100vw, 555px\" \/><\/p>\n<p>Capacitaci\u00f3n interna:<\/p>\n<p>En concordancia con la nueva Visi\u00f3n del \u00c1rea de biblioteca, se dictan una serie de capacitaciones internas durante el a\u00f1o, a fin contribuir a la formaci\u00f3n permanente del personal lo que repercutir\u00e1 directamente en los servicios que se prestan:<\/p>\n<ul>\n<li>Taller del M\u00f3dulo de Informes del Sistema Koha (sistema que utiliza la Biblioteca), capacitador Ra\u00fal Millicay<\/li>\n<li>Taller de Diagramaci\u00f3n en Gesti\u00f3n por Procesos, capacitador Ignacio Monetto<\/li>\n<li>Gestor Bibliogr\u00e1fico: Zotero, capacitador Juli\u00e1n De Angelis<\/li>\n<li>Taller sobre uso de la Biblioteca Electr\u00f3nica del Mincyt, capacitadora Sonia Mangas<\/li>\n<\/ul>\n<p><img data-recalc-dims=\"1\" loading=\"lazy\" decoding=\"async\" data-attachment-id=\"1848\" data-permalink=\"https:\/\/ffyh.unc.edu.ar\/biblioteca\/durante-el-2017\/capacitacion-interna-2\/\" data-orig-file=\"https:\/\/i0.wp.com\/ffyh.unc.edu.ar\/biblioteca\/wp-content\/uploads\/sites\/4\/2017\/12\/capacitacion-interna-1.jpg?fit=3160%2C1775&amp;ssl=1\" data-orig-size=\"3160,1775\" data-comments-opened=\"0\" data-image-meta=\"{&quot;aperture&quot;:&quot;2.4&quot;,&quot;credit&quot;:&quot;&quot;,&quot;camera&quot;:&quot;LG-H440AR&quot;,&quot;caption&quot;:&quot;&quot;,&quot;created_timestamp&quot;:&quot;1492610112&quot;,&quot;copyright&quot;:&quot;&quot;,&quot;focal_length&quot;:&quot;3.18&quot;,&quot;iso&quot;:&quot;500&quot;,&quot;shutter_speed&quot;:&quot;0.05&quot;,&quot;title&quot;:&quot;&quot;,&quot;orientation&quot;:&quot;1&quot;}\" data-image-title=\"capacitacion interna\" data-image-description=\"\" data-image-caption=\"\" data-medium-file=\"https:\/\/i0.wp.com\/ffyh.unc.edu.ar\/biblioteca\/wp-content\/uploads\/sites\/4\/2017\/12\/capacitacion-interna-1.jpg?fit=300%2C169&amp;ssl=1\" data-large-file=\"https:\/\/i0.wp.com\/ffyh.unc.edu.ar\/biblioteca\/wp-content\/uploads\/sites\/4\/2017\/12\/capacitacion-interna-1.jpg?fit=1024%2C575&amp;ssl=1\" class=\"alignnone size-large wp-image-1848\" src=\"https:\/\/i0.wp.com\/ffyh.unc.edu.ar\/biblioteca\/wp-content\/uploads\/sites\/4\/2017\/12\/capacitacion-interna-1.jpg?resize=555%2C312\" alt=\"\" width=\"555\" height=\"312\" srcset=\"https:\/\/i0.wp.com\/ffyh.unc.edu.ar\/biblioteca\/wp-content\/uploads\/sites\/4\/2017\/12\/capacitacion-interna-1.jpg?resize=1024%2C575&amp;ssl=1 1024w, https:\/\/i0.wp.com\/ffyh.unc.edu.ar\/biblioteca\/wp-content\/uploads\/sites\/4\/2017\/12\/capacitacion-interna-1.jpg?resize=300%2C169&amp;ssl=1 300w, https:\/\/i0.wp.com\/ffyh.unc.edu.ar\/biblioteca\/wp-content\/uploads\/sites\/4\/2017\/12\/capacitacion-interna-1.jpg?resize=768%2C431&amp;ssl=1 768w, https:\/\/i0.wp.com\/ffyh.unc.edu.ar\/biblioteca\/wp-content\/uploads\/sites\/4\/2017\/12\/capacitacion-interna-1.jpg?w=2400 2400w\" sizes=\"auto, (max-width: 555px) 100vw, 555px\" \/><\/p>\n<p><img data-recalc-dims=\"1\" loading=\"lazy\" decoding=\"async\" data-attachment-id=\"1846\" data-permalink=\"https:\/\/ffyh.unc.edu.ar\/biblioteca\/durante-el-2017\/capacitacion-interna-4-3\/\" data-orig-file=\"https:\/\/i0.wp.com\/ffyh.unc.edu.ar\/biblioteca\/wp-content\/uploads\/sites\/4\/2017\/12\/capacitacion-interna-4-2.jpg?fit=2998%2C1743&amp;ssl=1\" data-orig-size=\"2998,1743\" data-comments-opened=\"0\" data-image-meta=\"{&quot;aperture&quot;:&quot;2.4&quot;,&quot;credit&quot;:&quot;&quot;,&quot;camera&quot;:&quot;LG-H440AR&quot;,&quot;caption&quot;:&quot;&quot;,&quot;created_timestamp&quot;:&quot;1493128436&quot;,&quot;copyright&quot;:&quot;&quot;,&quot;focal_length&quot;:&quot;3.18&quot;,&quot;iso&quot;:&quot;200&quot;,&quot;shutter_speed&quot;:&quot;0.05&quot;,&quot;title&quot;:&quot;&quot;,&quot;orientation&quot;:&quot;1&quot;}\" data-image-title=\"capacitacion interna 4\" data-image-description=\"\" data-image-caption=\"\" data-medium-file=\"https:\/\/i0.wp.com\/ffyh.unc.edu.ar\/biblioteca\/wp-content\/uploads\/sites\/4\/2017\/12\/capacitacion-interna-4-2.jpg?fit=300%2C174&amp;ssl=1\" data-large-file=\"https:\/\/i0.wp.com\/ffyh.unc.edu.ar\/biblioteca\/wp-content\/uploads\/sites\/4\/2017\/12\/capacitacion-interna-4-2.jpg?fit=1024%2C595&amp;ssl=1\" class=\"alignnone size-large wp-image-1846\" src=\"https:\/\/i0.wp.com\/ffyh.unc.edu.ar\/biblioteca\/wp-content\/uploads\/sites\/4\/2017\/12\/capacitacion-interna-4-2.jpg?resize=555%2C322\" alt=\"\" width=\"555\" height=\"322\" srcset=\"https:\/\/i0.wp.com\/ffyh.unc.edu.ar\/biblioteca\/wp-content\/uploads\/sites\/4\/2017\/12\/capacitacion-interna-4-2.jpg?resize=1024%2C595&amp;ssl=1 1024w, https:\/\/i0.wp.com\/ffyh.unc.edu.ar\/biblioteca\/wp-content\/uploads\/sites\/4\/2017\/12\/capacitacion-interna-4-2.jpg?resize=300%2C174&amp;ssl=1 300w, https:\/\/i0.wp.com\/ffyh.unc.edu.ar\/biblioteca\/wp-content\/uploads\/sites\/4\/2017\/12\/capacitacion-interna-4-2.jpg?resize=768%2C447&amp;ssl=1 768w, https:\/\/i0.wp.com\/ffyh.unc.edu.ar\/biblioteca\/wp-content\/uploads\/sites\/4\/2017\/12\/capacitacion-interna-4-2.jpg?w=2400 2400w\" sizes=\"auto, (max-width: 555px) 100vw, 555px\" \/><\/p>\n<p>Biblioteca Escuela:<\/p>\n<p>Al mismo tiempo la C\u00e1tedra de Administraci\u00f3n de Recursos y Servicios de la Informaci\u00f3n I de la Escuela de Bibliotecolog\u00eda propone realizar sus trabajos pr\u00e1cticos en la Biblioteca y se elabora el proyecto \u201cBiblioteca Escuela\u201d entre dicha C\u00e1tedra y la Biblioteca con el prop\u00f3sito de que los estudiantes obtengan una visi\u00f3n de la realidad concreta experimentando las cuestiones te\u00f3ricas trabajadas en el aula con la pr\u00e1cticas cotidianas llevadas a cabo por el personal de la biblioteca; de esta manera la Biblioteca contribuye al aprendizaje, difusi\u00f3n del saber y aporta a la generaci\u00f3n de nuevos conocimientos, consignas que forman parte de la misi\u00f3n de la misma. \u00a0Entre los temas tratados se encuentran: Proyectos, fuentes documentales electr\u00f3nicas, organizaci\u00f3n de servicios, conservaci\u00f3n preventiva y edificios de bibliotecas.<\/p>\n<p><img data-recalc-dims=\"1\" loading=\"lazy\" decoding=\"async\" data-attachment-id=\"1843\" data-permalink=\"https:\/\/ffyh.unc.edu.ar\/biblioteca\/durante-el-2017\/index6-2\/\" data-orig-file=\"https:\/\/i0.wp.com\/ffyh.unc.edu.ar\/biblioteca\/wp-content\/uploads\/sites\/4\/2017\/12\/index6-1.jpg?fit=791%2C433&amp;ssl=1\" data-orig-size=\"791,433\" data-comments-opened=\"0\" data-image-meta=\"{&quot;aperture&quot;:&quot;0&quot;,&quot;credit&quot;:&quot;&quot;,&quot;camera&quot;:&quot;&quot;,&quot;caption&quot;:&quot;&quot;,&quot;created_timestamp&quot;:&quot;0&quot;,&quot;copyright&quot;:&quot;&quot;,&quot;focal_length&quot;:&quot;0&quot;,&quot;iso&quot;:&quot;0&quot;,&quot;shutter_speed&quot;:&quot;0&quot;,&quot;title&quot;:&quot;&quot;,&quot;orientation&quot;:&quot;0&quot;}\" data-image-title=\"index6\" data-image-description=\"\" data-image-caption=\"\" data-medium-file=\"https:\/\/i0.wp.com\/ffyh.unc.edu.ar\/biblioteca\/wp-content\/uploads\/sites\/4\/2017\/12\/index6-1.jpg?fit=300%2C164&amp;ssl=1\" data-large-file=\"https:\/\/i0.wp.com\/ffyh.unc.edu.ar\/biblioteca\/wp-content\/uploads\/sites\/4\/2017\/12\/index6-1.jpg?fit=791%2C433&amp;ssl=1\" class=\"alignnone size-full wp-image-1843\" src=\"https:\/\/i0.wp.com\/ffyh.unc.edu.ar\/biblioteca\/wp-content\/uploads\/sites\/4\/2017\/12\/index6-1.jpg?resize=791%2C433\" alt=\"\" width=\"791\" height=\"433\" srcset=\"https:\/\/i0.wp.com\/ffyh.unc.edu.ar\/biblioteca\/wp-content\/uploads\/sites\/4\/2017\/12\/index6-1.jpg?w=791&amp;ssl=1 791w, https:\/\/i0.wp.com\/ffyh.unc.edu.ar\/biblioteca\/wp-content\/uploads\/sites\/4\/2017\/12\/index6-1.jpg?resize=300%2C164&amp;ssl=1 300w, https:\/\/i0.wp.com\/ffyh.unc.edu.ar\/biblioteca\/wp-content\/uploads\/sites\/4\/2017\/12\/index6-1.jpg?resize=768%2C420&amp;ssl=1 768w\" sizes=\"auto, (max-width: 791px) 100vw, 791px\" \/><\/p>\n<p><img data-recalc-dims=\"1\" loading=\"lazy\" decoding=\"async\" data-attachment-id=\"1831\" data-permalink=\"https:\/\/ffyh.unc.edu.ar\/biblioteca\/durante-el-2017\/index3-2\/\" data-orig-file=\"https:\/\/i0.wp.com\/ffyh.unc.edu.ar\/biblioteca\/wp-content\/uploads\/sites\/4\/2017\/12\/index3.jpg?fit=1027%2C676&amp;ssl=1\" data-orig-size=\"1027,676\" data-comments-opened=\"0\" data-image-meta=\"{&quot;aperture&quot;:&quot;0&quot;,&quot;credit&quot;:&quot;&quot;,&quot;camera&quot;:&quot;&quot;,&quot;caption&quot;:&quot;&quot;,&quot;created_timestamp&quot;:&quot;0&quot;,&quot;copyright&quot;:&quot;&quot;,&quot;focal_length&quot;:&quot;0&quot;,&quot;iso&quot;:&quot;0&quot;,&quot;shutter_speed&quot;:&quot;0&quot;,&quot;title&quot;:&quot;&quot;,&quot;orientation&quot;:&quot;0&quot;}\" data-image-title=\"index3\" data-image-description=\"\" data-image-caption=\"\" data-medium-file=\"https:\/\/i0.wp.com\/ffyh.unc.edu.ar\/biblioteca\/wp-content\/uploads\/sites\/4\/2017\/12\/index3.jpg?fit=300%2C197&amp;ssl=1\" data-large-file=\"https:\/\/i0.wp.com\/ffyh.unc.edu.ar\/biblioteca\/wp-content\/uploads\/sites\/4\/2017\/12\/index3.jpg?fit=1024%2C674&amp;ssl=1\" class=\"alignnone size-large wp-image-1831\" src=\"https:\/\/i0.wp.com\/ffyh.unc.edu.ar\/biblioteca\/wp-content\/uploads\/sites\/4\/2017\/12\/index3.jpg?resize=555%2C365\" alt=\"\" width=\"555\" height=\"365\" srcset=\"https:\/\/i0.wp.com\/ffyh.unc.edu.ar\/biblioteca\/wp-content\/uploads\/sites\/4\/2017\/12\/index3.jpg?resize=1024%2C674&amp;ssl=1 1024w, https:\/\/i0.wp.com\/ffyh.unc.edu.ar\/biblioteca\/wp-content\/uploads\/sites\/4\/2017\/12\/index3.jpg?resize=300%2C197&amp;ssl=1 300w, https:\/\/i0.wp.com\/ffyh.unc.edu.ar\/biblioteca\/wp-content\/uploads\/sites\/4\/2017\/12\/index3.jpg?resize=768%2C506&amp;ssl=1 768w, https:\/\/i0.wp.com\/ffyh.unc.edu.ar\/biblioteca\/wp-content\/uploads\/sites\/4\/2017\/12\/index3.jpg?w=1027&amp;ssl=1 1027w\" sizes=\"auto, (max-width: 555px) 100vw, 555px\" \/><img data-recalc-dims=\"1\" loading=\"lazy\" decoding=\"async\" data-attachment-id=\"1844\" data-permalink=\"https:\/\/ffyh.unc.edu.ar\/biblioteca\/durante-el-2017\/index8-2\/\" data-orig-file=\"https:\/\/i0.wp.com\/ffyh.unc.edu.ar\/biblioteca\/wp-content\/uploads\/sites\/4\/2017\/12\/index8-1.jpg?fit=949%2C574&amp;ssl=1\" data-orig-size=\"949,574\" data-comments-opened=\"0\" data-image-meta=\"{&quot;aperture&quot;:&quot;0&quot;,&quot;credit&quot;:&quot;&quot;,&quot;camera&quot;:&quot;&quot;,&quot;caption&quot;:&quot;&quot;,&quot;created_timestamp&quot;:&quot;0&quot;,&quot;copyright&quot;:&quot;&quot;,&quot;focal_length&quot;:&quot;0&quot;,&quot;iso&quot;:&quot;0&quot;,&quot;shutter_speed&quot;:&quot;0&quot;,&quot;title&quot;:&quot;&quot;,&quot;orientation&quot;:&quot;0&quot;}\" data-image-title=\"index8\" data-image-description=\"\" data-image-caption=\"\" data-medium-file=\"https:\/\/i0.wp.com\/ffyh.unc.edu.ar\/biblioteca\/wp-content\/uploads\/sites\/4\/2017\/12\/index8-1.jpg?fit=300%2C181&amp;ssl=1\" data-large-file=\"https:\/\/i0.wp.com\/ffyh.unc.edu.ar\/biblioteca\/wp-content\/uploads\/sites\/4\/2017\/12\/index8-1.jpg?fit=949%2C574&amp;ssl=1\" class=\"alignnone size-full wp-image-1844\" src=\"https:\/\/i0.wp.com\/ffyh.unc.edu.ar\/biblioteca\/wp-content\/uploads\/sites\/4\/2017\/12\/index8-1.jpg?resize=949%2C574\" alt=\"\" width=\"949\" height=\"574\" srcset=\"https:\/\/i0.wp.com\/ffyh.unc.edu.ar\/biblioteca\/wp-content\/uploads\/sites\/4\/2017\/12\/index8-1.jpg?w=949&amp;ssl=1 949w, https:\/\/i0.wp.com\/ffyh.unc.edu.ar\/biblioteca\/wp-content\/uploads\/sites\/4\/2017\/12\/index8-1.jpg?resize=300%2C181&amp;ssl=1 300w, https:\/\/i0.wp.com\/ffyh.unc.edu.ar\/biblioteca\/wp-content\/uploads\/sites\/4\/2017\/12\/index8-1.jpg?resize=768%2C465&amp;ssl=1 768w\" sizes=\"auto, (max-width: 949px) 100vw, 949px\" \/><\/p>\n<p>Colecciones:<\/p>\n<p>El Departamento de Procesos T\u00e9cnicos concluy\u00f3 el ingreso de la Colecci\u00f3n Malicha en la base de datos de la Biblioteca, colecci\u00f3n que perteneciera a la Prof. Mar\u00eda Luisa Cresta de Leguizam\u00f3n y que fuera donada a la Biblioteca con la finalidad de darla a conocer y propiciar la investigaci\u00f3n; cabe destacar que en este fondo bibliogr\u00e1fico se encuentra la colecci\u00f3n LIJ (Literatura Infanto Juvenil). Esta tarea cumplida forma parte del proyecto compartido con el Propale para la puesta en valor de esta importante colecci\u00f3n. En noviembre pasado el equipo del Propale junto al personal del Dpto de Procesos T\u00e9cnicos de la Biblioteca involucrado en el Proyecto, se reuni\u00f3 para hacer un balance y elaborar propuestas para el a\u00f1o 2018.<\/p>\n<p>Col. Malicha <a href=\"http:\/\/ffyh.biblio.unc.edu.ar\/cgi-bin\/koha\/opac-search.pl?idx=callnum&amp;q=Malicha\">http:\/\/ffyh.biblio.unc.edu.ar\/cgi-bin\/koha\/opac-search.pl?idx=callnum&amp;q=Malicha<\/a><\/p>\n<p>Colecci\u00f3n LIJ <a href=\"http:\/\/ffyh.biblio.unc.edu.ar\/cgi-bin\/koha\/opac-search.pl?idx=callnum&amp;q=LIJ\">http:\/\/ffyh.biblio.unc.edu.ar\/cgi-bin\/koha\/opac-search.pl?idx=callnum&amp;q=LIJ<\/a><\/p>\n<p><img data-recalc-dims=\"1\" loading=\"lazy\" decoding=\"async\" data-attachment-id=\"1829\" data-permalink=\"https:\/\/ffyh.unc.edu.ar\/biblioteca\/durante-el-2017\/img_20171109_124918713\/\" data-orig-file=\"https:\/\/i0.wp.com\/ffyh.unc.edu.ar\/biblioteca\/wp-content\/uploads\/sites\/4\/2017\/12\/IMG_20171109_124918713.jpg?fit=3681%2C2536&amp;ssl=1\" data-orig-size=\"3681,2536\" data-comments-opened=\"0\" data-image-meta=\"{&quot;aperture&quot;:&quot;1.7&quot;,&quot;credit&quot;:&quot;&quot;,&quot;camera&quot;:&quot;Moto G (5) Plus&quot;,&quot;caption&quot;:&quot;&quot;,&quot;created_timestamp&quot;:&quot;1510231758&quot;,&quot;copyright&quot;:&quot;&quot;,&quot;focal_length&quot;:&quot;4.28&quot;,&quot;iso&quot;:&quot;200&quot;,&quot;shutter_speed&quot;:&quot;0.03030303030303&quot;,&quot;title&quot;:&quot;&quot;,&quot;orientation&quot;:&quot;0&quot;}\" data-image-title=\"IMG_20171109_124918713\" data-image-description=\"\" data-image-caption=\"\" data-medium-file=\"https:\/\/i0.wp.com\/ffyh.unc.edu.ar\/biblioteca\/wp-content\/uploads\/sites\/4\/2017\/12\/IMG_20171109_124918713.jpg?fit=300%2C207&amp;ssl=1\" data-large-file=\"https:\/\/i0.wp.com\/ffyh.unc.edu.ar\/biblioteca\/wp-content\/uploads\/sites\/4\/2017\/12\/IMG_20171109_124918713.jpg?fit=1024%2C705&amp;ssl=1\" class=\"alignnone size-large wp-image-1829\" src=\"https:\/\/i0.wp.com\/ffyh.unc.edu.ar\/biblioteca\/wp-content\/uploads\/sites\/4\/2017\/12\/IMG_20171109_124918713.jpg?resize=555%2C382\" alt=\"\" width=\"555\" height=\"382\" srcset=\"https:\/\/i0.wp.com\/ffyh.unc.edu.ar\/biblioteca\/wp-content\/uploads\/sites\/4\/2017\/12\/IMG_20171109_124918713.jpg?resize=1024%2C705&amp;ssl=1 1024w, https:\/\/i0.wp.com\/ffyh.unc.edu.ar\/biblioteca\/wp-content\/uploads\/sites\/4\/2017\/12\/IMG_20171109_124918713.jpg?resize=300%2C207&amp;ssl=1 300w, https:\/\/i0.wp.com\/ffyh.unc.edu.ar\/biblioteca\/wp-content\/uploads\/sites\/4\/2017\/12\/IMG_20171109_124918713.jpg?resize=768%2C529&amp;ssl=1 768w, https:\/\/i0.wp.com\/ffyh.unc.edu.ar\/biblioteca\/wp-content\/uploads\/sites\/4\/2017\/12\/IMG_20171109_124918713.jpg?w=2400 2400w, https:\/\/i0.wp.com\/ffyh.unc.edu.ar\/biblioteca\/wp-content\/uploads\/sites\/4\/2017\/12\/IMG_20171109_124918713.jpg?w=3600 3600w\" sizes=\"auto, (max-width: 555px) 100vw, 555px\" \/><\/p>\n<p><img data-recalc-dims=\"1\" loading=\"lazy\" decoding=\"async\" data-attachment-id=\"1845\" data-permalink=\"https:\/\/ffyh.unc.edu.ar\/biblioteca\/durante-el-2017\/index16-2\/\" data-orig-file=\"https:\/\/i0.wp.com\/ffyh.unc.edu.ar\/biblioteca\/wp-content\/uploads\/sites\/4\/2017\/12\/index16-1.jpg?fit=643%2C648&amp;ssl=1\" data-orig-size=\"643,648\" data-comments-opened=\"0\" data-image-meta=\"{&quot;aperture&quot;:&quot;0&quot;,&quot;credit&quot;:&quot;&quot;,&quot;camera&quot;:&quot;&quot;,&quot;caption&quot;:&quot;&quot;,&quot;created_timestamp&quot;:&quot;0&quot;,&quot;copyright&quot;:&quot;&quot;,&quot;focal_length&quot;:&quot;0&quot;,&quot;iso&quot;:&quot;0&quot;,&quot;shutter_speed&quot;:&quot;0&quot;,&quot;title&quot;:&quot;&quot;,&quot;orientation&quot;:&quot;0&quot;}\" data-image-title=\"index16\" data-image-description=\"\" data-image-caption=\"\" data-medium-file=\"https:\/\/i0.wp.com\/ffyh.unc.edu.ar\/biblioteca\/wp-content\/uploads\/sites\/4\/2017\/12\/index16-1.jpg?fit=298%2C300&amp;ssl=1\" data-large-file=\"https:\/\/i0.wp.com\/ffyh.unc.edu.ar\/biblioteca\/wp-content\/uploads\/sites\/4\/2017\/12\/index16-1.jpg?fit=643%2C648&amp;ssl=1\" class=\"alignnone size-full wp-image-1845\" src=\"https:\/\/i0.wp.com\/ffyh.unc.edu.ar\/biblioteca\/wp-content\/uploads\/sites\/4\/2017\/12\/index16-1.jpg?resize=643%2C648\" alt=\"\" width=\"643\" height=\"648\" srcset=\"https:\/\/i0.wp.com\/ffyh.unc.edu.ar\/biblioteca\/wp-content\/uploads\/sites\/4\/2017\/12\/index16-1.jpg?w=643&amp;ssl=1 643w, https:\/\/i0.wp.com\/ffyh.unc.edu.ar\/biblioteca\/wp-content\/uploads\/sites\/4\/2017\/12\/index16-1.jpg?resize=150%2C150&amp;ssl=1 150w, https:\/\/i0.wp.com\/ffyh.unc.edu.ar\/biblioteca\/wp-content\/uploads\/sites\/4\/2017\/12\/index16-1.jpg?resize=298%2C300&amp;ssl=1 298w\" sizes=\"auto, (max-width: 643px) 100vw, 643px\" \/><\/p>\n<p>Relacionado a los objetivos de difusi\u00f3n del Proyecto se recibi\u00f3 por segundo a\u00f1o consecutivo la visita de jardines de infantes para conocer la Biblioteca, actividad coordinada por el Equipo del Propale.<\/p>\n<p><img data-recalc-dims=\"1\" loading=\"lazy\" decoding=\"async\" data-attachment-id=\"1851\" data-permalink=\"https:\/\/ffyh.unc.edu.ar\/biblioteca\/durante-el-2017\/img_20171010_141712900-2\/\" data-orig-file=\"https:\/\/i0.wp.com\/ffyh.unc.edu.ar\/biblioteca\/wp-content\/uploads\/sites\/4\/2017\/12\/IMG_20171010_141712900-1.jpg?fit=2379%2C3185&amp;ssl=1\" data-orig-size=\"2379,3185\" data-comments-opened=\"0\" data-image-meta=\"{&quot;aperture&quot;:&quot;1.7&quot;,&quot;credit&quot;:&quot;&quot;,&quot;camera&quot;:&quot;Moto G (5) Plus&quot;,&quot;caption&quot;:&quot;&quot;,&quot;created_timestamp&quot;:&quot;1507645033&quot;,&quot;copyright&quot;:&quot;&quot;,&quot;focal_length&quot;:&quot;4.28&quot;,&quot;iso&quot;:&quot;200&quot;,&quot;shutter_speed&quot;:&quot;0.033333333333333&quot;,&quot;title&quot;:&quot;&quot;,&quot;orientation&quot;:&quot;0&quot;}\" data-image-title=\"IMG_20171010_141712900\" data-image-description=\"\" data-image-caption=\"\" data-medium-file=\"https:\/\/i0.wp.com\/ffyh.unc.edu.ar\/biblioteca\/wp-content\/uploads\/sites\/4\/2017\/12\/IMG_20171010_141712900-1.jpg?fit=224%2C300&amp;ssl=1\" data-large-file=\"https:\/\/i0.wp.com\/ffyh.unc.edu.ar\/biblioteca\/wp-content\/uploads\/sites\/4\/2017\/12\/IMG_20171010_141712900-1.jpg?fit=765%2C1024&amp;ssl=1\" class=\"alignnone size-large wp-image-1851\" src=\"https:\/\/i0.wp.com\/ffyh.unc.edu.ar\/biblioteca\/wp-content\/uploads\/sites\/4\/2017\/12\/IMG_20171010_141712900-1.jpg?resize=555%2C743\" alt=\"\" width=\"555\" height=\"743\" srcset=\"https:\/\/i0.wp.com\/ffyh.unc.edu.ar\/biblioteca\/wp-content\/uploads\/sites\/4\/2017\/12\/IMG_20171010_141712900-1.jpg?resize=765%2C1024&amp;ssl=1 765w, https:\/\/i0.wp.com\/ffyh.unc.edu.ar\/biblioteca\/wp-content\/uploads\/sites\/4\/2017\/12\/IMG_20171010_141712900-1.jpg?resize=224%2C300&amp;ssl=1 224w, https:\/\/i0.wp.com\/ffyh.unc.edu.ar\/biblioteca\/wp-content\/uploads\/sites\/4\/2017\/12\/IMG_20171010_141712900-1.jpg?resize=768%2C1028&amp;ssl=1 768w\" sizes=\"auto, (max-width: 555px) 100vw, 555px\" \/><\/p>\n<p>En el mes de Julio la Biblioteca cont\u00f3 con la visita de Marta Teobaldo, acompa\u00f1ada de su nieto; hace unos a\u00f1os ella don\u00f3 la colecci\u00f3n de su padre Domingo Jos\u00e9 Teobaldo, quien tuvo una actividad educativa destacada y contribuy\u00f3 intensamente al desarrollo de los dos establecimientos en San Francisco, su ciudad natal. Marta pasa por la Biblioteca en un emotivo recorrido y el personal de la Biblioteca le explica sobre los cuidados preventivos y los procesos bibliotecol\u00f3gicos que se realizan a los libros que ingresan a la Colecci\u00f3n. La colecci\u00f3n completa se puede consultar en el siguiente Link\u00a0 <a href=\"http:\/\/ffyh.biblio.unc.edu.ar\/cgi-bin\/koha\/opac-search.pl?idx=callnum&amp;q=teobaldo\">http:\/\/ffyh.biblio.unc.edu.ar\/cgi-bin\/koha\/opac-search.pl?idx=callnum&amp;q=teobaldo<\/a><\/p>\n<p><img data-recalc-dims=\"1\" loading=\"lazy\" decoding=\"async\" data-attachment-id=\"1830\" data-permalink=\"https:\/\/ffyh.unc.edu.ar\/biblioteca\/durante-el-2017\/img-20170718-wa0011\/\" data-orig-file=\"https:\/\/i0.wp.com\/ffyh.unc.edu.ar\/biblioteca\/wp-content\/uploads\/sites\/4\/2017\/12\/IMG-20170718-WA0011.jpg?fit=718%2C943&amp;ssl=1\" data-orig-size=\"718,943\" data-comments-opened=\"0\" data-image-meta=\"{&quot;aperture&quot;:&quot;0&quot;,&quot;credit&quot;:&quot;&quot;,&quot;camera&quot;:&quot;&quot;,&quot;caption&quot;:&quot;&quot;,&quot;created_timestamp&quot;:&quot;0&quot;,&quot;copyright&quot;:&quot;&quot;,&quot;focal_length&quot;:&quot;0&quot;,&quot;iso&quot;:&quot;0&quot;,&quot;shutter_speed&quot;:&quot;0&quot;,&quot;title&quot;:&quot;&quot;,&quot;orientation&quot;:&quot;0&quot;}\" data-image-title=\"IMG-20170718-WA0011\" data-image-description=\"\" data-image-caption=\"\" data-medium-file=\"https:\/\/i0.wp.com\/ffyh.unc.edu.ar\/biblioteca\/wp-content\/uploads\/sites\/4\/2017\/12\/IMG-20170718-WA0011.jpg?fit=228%2C300&amp;ssl=1\" data-large-file=\"https:\/\/i0.wp.com\/ffyh.unc.edu.ar\/biblioteca\/wp-content\/uploads\/sites\/4\/2017\/12\/IMG-20170718-WA0011.jpg?fit=718%2C943&amp;ssl=1\" class=\"alignnone size-full wp-image-1830\" src=\"https:\/\/i0.wp.com\/ffyh.unc.edu.ar\/biblioteca\/wp-content\/uploads\/sites\/4\/2017\/12\/IMG-20170718-WA0011.jpg?resize=718%2C943\" alt=\"\" width=\"718\" height=\"943\" srcset=\"https:\/\/i0.wp.com\/ffyh.unc.edu.ar\/biblioteca\/wp-content\/uploads\/sites\/4\/2017\/12\/IMG-20170718-WA0011.jpg?w=718&amp;ssl=1 718w, https:\/\/i0.wp.com\/ffyh.unc.edu.ar\/biblioteca\/wp-content\/uploads\/sites\/4\/2017\/12\/IMG-20170718-WA0011.jpg?resize=228%2C300&amp;ssl=1 228w\" sizes=\"auto, (max-width: 718px) 100vw, 718px\" \/><\/p>\n<p>RDU:<\/p>\n<p>Con motivo del Repositorio Digital Universitario de la Universidad Nacional de C\u00f3rdoba, la Biblioteca particip\u00f3 como Nodo de las Facultades de Filosof\u00eda y Humanidades y Psicolog\u00eda de diversas reuniones durante el a\u00f1o 2017 a los efectos de acordar la implementaci\u00f3n de las pol\u00edticas de Acceso Abierto en la UNC aprobadas por el HCS el pasado 7 de noviembre. Se proyecta para el pr\u00f3ximo a\u00f1o continuar con el manual de metadatos para el repositorio.<\/p>\n<p>La Biblioteca fue sede de retransmisi\u00f3n de las Jornadas Virtuales Argentinas de Acceso Abierto 2017 organizadas por el Caicyt y la Biblioteca electr\u00f3nica del Mincyt.<\/p>\n<p><img data-recalc-dims=\"1\" loading=\"lazy\" decoding=\"async\" data-attachment-id=\"1854\" data-permalink=\"https:\/\/ffyh.unc.edu.ar\/biblioteca\/durante-el-2017\/img-20171026-wa0002\/\" data-orig-file=\"https:\/\/i0.wp.com\/ffyh.unc.edu.ar\/biblioteca\/wp-content\/uploads\/sites\/4\/2017\/12\/IMG-20171026-WA0002.jpg?fit=1032%2C774&amp;ssl=1\" data-orig-size=\"1032,774\" data-comments-opened=\"0\" data-image-meta=\"{&quot;aperture&quot;:&quot;0&quot;,&quot;credit&quot;:&quot;&quot;,&quot;camera&quot;:&quot;&quot;,&quot;caption&quot;:&quot;&quot;,&quot;created_timestamp&quot;:&quot;0&quot;,&quot;copyright&quot;:&quot;&quot;,&quot;focal_length&quot;:&quot;0&quot;,&quot;iso&quot;:&quot;0&quot;,&quot;shutter_speed&quot;:&quot;0&quot;,&quot;title&quot;:&quot;&quot;,&quot;orientation&quot;:&quot;0&quot;}\" data-image-title=\"IMG-20171026-WA0002\" data-image-description=\"\" data-image-caption=\"\" data-medium-file=\"https:\/\/i0.wp.com\/ffyh.unc.edu.ar\/biblioteca\/wp-content\/uploads\/sites\/4\/2017\/12\/IMG-20171026-WA0002.jpg?fit=300%2C225&amp;ssl=1\" data-large-file=\"https:\/\/i0.wp.com\/ffyh.unc.edu.ar\/biblioteca\/wp-content\/uploads\/sites\/4\/2017\/12\/IMG-20171026-WA0002.jpg?fit=1024%2C768&amp;ssl=1\" class=\"alignnone size-large wp-image-1854\" src=\"https:\/\/i0.wp.com\/ffyh.unc.edu.ar\/biblioteca\/wp-content\/uploads\/sites\/4\/2017\/12\/IMG-20171026-WA0002.jpg?resize=555%2C416\" alt=\"\" width=\"555\" height=\"416\" srcset=\"https:\/\/i0.wp.com\/ffyh.unc.edu.ar\/biblioteca\/wp-content\/uploads\/sites\/4\/2017\/12\/IMG-20171026-WA0002.jpg?resize=1024%2C768&amp;ssl=1 1024w, https:\/\/i0.wp.com\/ffyh.unc.edu.ar\/biblioteca\/wp-content\/uploads\/sites\/4\/2017\/12\/IMG-20171026-WA0002.jpg?resize=300%2C225&amp;ssl=1 300w, https:\/\/i0.wp.com\/ffyh.unc.edu.ar\/biblioteca\/wp-content\/uploads\/sites\/4\/2017\/12\/IMG-20171026-WA0002.jpg?resize=768%2C576&amp;ssl=1 768w, https:\/\/i0.wp.com\/ffyh.unc.edu.ar\/biblioteca\/wp-content\/uploads\/sites\/4\/2017\/12\/IMG-20171026-WA0002.jpg?w=1032&amp;ssl=1 1032w\" sizes=\"auto, (max-width: 555px) 100vw, 555px\" \/><\/p>\n<p>Redes sociales y p\u00e1gina Web:<\/p>\n<p>La Biblioteca incorpora Instagram a sus redes sociales y renueva su Facebook con el prop\u00f3sito de mantener m\u00e1s contacto con sus usuarios e informar d\u00eda a d\u00eda sus noticias y actividades. Adem\u00e1s est\u00e1 trabajando en la renovaci\u00f3n de su p\u00e1gina Web, la cual estar\u00e1 disponible para el pr\u00f3ximo a\u00f1o.<\/p>\n<p><img data-recalc-dims=\"1\" loading=\"lazy\" decoding=\"async\" data-attachment-id=\"1856\" data-permalink=\"https:\/\/ffyh.unc.edu.ar\/biblioteca\/durante-el-2017\/img-20171222-wa0009\/\" data-orig-file=\"https:\/\/i0.wp.com\/ffyh.unc.edu.ar\/biblioteca\/wp-content\/uploads\/sites\/4\/2017\/12\/IMG-20171222-WA0009.jpg?fit=1280%2C905&amp;ssl=1\" data-orig-size=\"1280,905\" data-comments-opened=\"0\" data-image-meta=\"{&quot;aperture&quot;:&quot;0&quot;,&quot;credit&quot;:&quot;&quot;,&quot;camera&quot;:&quot;&quot;,&quot;caption&quot;:&quot;&quot;,&quot;created_timestamp&quot;:&quot;0&quot;,&quot;copyright&quot;:&quot;&quot;,&quot;focal_length&quot;:&quot;0&quot;,&quot;iso&quot;:&quot;0&quot;,&quot;shutter_speed&quot;:&quot;0&quot;,&quot;title&quot;:&quot;&quot;,&quot;orientation&quot;:&quot;0&quot;}\" data-image-title=\"IMG-20171222-WA0009\" data-image-description=\"\" data-image-caption=\"\" data-medium-file=\"https:\/\/i0.wp.com\/ffyh.unc.edu.ar\/biblioteca\/wp-content\/uploads\/sites\/4\/2017\/12\/IMG-20171222-WA0009.jpg?fit=300%2C212&amp;ssl=1\" data-large-file=\"https:\/\/i0.wp.com\/ffyh.unc.edu.ar\/biblioteca\/wp-content\/uploads\/sites\/4\/2017\/12\/IMG-20171222-WA0009.jpg?fit=1024%2C724&amp;ssl=1\" class=\"alignnone size-large wp-image-1856\" src=\"https:\/\/i0.wp.com\/ffyh.unc.edu.ar\/biblioteca\/wp-content\/uploads\/sites\/4\/2017\/12\/IMG-20171222-WA0009.jpg?resize=555%2C392\" alt=\"\" width=\"555\" height=\"392\" srcset=\"https:\/\/i0.wp.com\/ffyh.unc.edu.ar\/biblioteca\/wp-content\/uploads\/sites\/4\/2017\/12\/IMG-20171222-WA0009.jpg?resize=1024%2C724&amp;ssl=1 1024w, https:\/\/i0.wp.com\/ffyh.unc.edu.ar\/biblioteca\/wp-content\/uploads\/sites\/4\/2017\/12\/IMG-20171222-WA0009.jpg?resize=300%2C212&amp;ssl=1 300w, https:\/\/i0.wp.com\/ffyh.unc.edu.ar\/biblioteca\/wp-content\/uploads\/sites\/4\/2017\/12\/IMG-20171222-WA0009.jpg?resize=768%2C543&amp;ssl=1 768w, https:\/\/i0.wp.com\/ffyh.unc.edu.ar\/biblioteca\/wp-content\/uploads\/sites\/4\/2017\/12\/IMG-20171222-WA0009.jpg?w=1280&amp;ssl=1 1280w\" sizes=\"auto, (max-width: 555px) 100vw, 555px\" \/><\/p>\n<p>La Biblioteca particip\u00f3 de las Jornadas de puertas abiertas realizadas en octubre 2017, para aspirantes a ingresar a las carreras que se dictan en la Facultad de Filosof\u00eda y Humanidades, orientando en cuanto a los\u00a0 horarios, los servicios que se prestan y como acceder a los mismos. Se realiz\u00f3 un instructivo y una visita guiada por las instalaciones de la Biblioteca.<\/p>\n<p><img data-recalc-dims=\"1\" loading=\"lazy\" decoding=\"async\" data-attachment-id=\"1853\" data-permalink=\"https:\/\/ffyh.unc.edu.ar\/biblioteca\/durante-el-2017\/img_20171025_104538193_hdr\/\" data-orig-file=\"https:\/\/i0.wp.com\/ffyh.unc.edu.ar\/biblioteca\/wp-content\/uploads\/sites\/4\/2017\/12\/IMG_20171025_104538193_HDR.jpg?fit=4032%2C3024&amp;ssl=1\" data-orig-size=\"4032,3024\" data-comments-opened=\"0\" data-image-meta=\"{&quot;aperture&quot;:&quot;1.7&quot;,&quot;credit&quot;:&quot;&quot;,&quot;camera&quot;:&quot;Moto G (5) Plus&quot;,&quot;caption&quot;:&quot;&quot;,&quot;created_timestamp&quot;:&quot;1508928338&quot;,&quot;copyright&quot;:&quot;&quot;,&quot;focal_length&quot;:&quot;4.28&quot;,&quot;iso&quot;:&quot;80&quot;,&quot;shutter_speed&quot;:&quot;0.00042517006802721&quot;,&quot;title&quot;:&quot;&quot;,&quot;orientation&quot;:&quot;0&quot;}\" data-image-title=\"IMG_20171025_104538193_HDR\" data-image-description=\"\" data-image-caption=\"\" data-medium-file=\"https:\/\/i0.wp.com\/ffyh.unc.edu.ar\/biblioteca\/wp-content\/uploads\/sites\/4\/2017\/12\/IMG_20171025_104538193_HDR.jpg?fit=300%2C225&amp;ssl=1\" data-large-file=\"https:\/\/i0.wp.com\/ffyh.unc.edu.ar\/biblioteca\/wp-content\/uploads\/sites\/4\/2017\/12\/IMG_20171025_104538193_HDR.jpg?fit=1024%2C768&amp;ssl=1\" class=\"alignnone size-large wp-image-1853\" src=\"https:\/\/i0.wp.com\/ffyh.unc.edu.ar\/biblioteca\/wp-content\/uploads\/sites\/4\/2017\/12\/IMG_20171025_104538193_HDR.jpg?resize=555%2C416\" alt=\"\" width=\"555\" height=\"416\" srcset=\"https:\/\/i0.wp.com\/ffyh.unc.edu.ar\/biblioteca\/wp-content\/uploads\/sites\/4\/2017\/12\/IMG_20171025_104538193_HDR.jpg?resize=1024%2C768&amp;ssl=1 1024w, https:\/\/i0.wp.com\/ffyh.unc.edu.ar\/biblioteca\/wp-content\/uploads\/sites\/4\/2017\/12\/IMG_20171025_104538193_HDR.jpg?resize=300%2C225&amp;ssl=1 300w, https:\/\/i0.wp.com\/ffyh.unc.edu.ar\/biblioteca\/wp-content\/uploads\/sites\/4\/2017\/12\/IMG_20171025_104538193_HDR.jpg?resize=768%2C576&amp;ssl=1 768w, https:\/\/i0.wp.com\/ffyh.unc.edu.ar\/biblioteca\/wp-content\/uploads\/sites\/4\/2017\/12\/IMG_20171025_104538193_HDR.jpg?w=2400 2400w, https:\/\/i0.wp.com\/ffyh.unc.edu.ar\/biblioteca\/wp-content\/uploads\/sites\/4\/2017\/12\/IMG_20171025_104538193_HDR.jpg?w=3600 3600w\" sizes=\"auto, (max-width: 555px) 100vw, 555px\" \/><\/p>\n<p><img data-recalc-dims=\"1\" loading=\"lazy\" decoding=\"async\" data-attachment-id=\"1852\" data-permalink=\"https:\/\/ffyh.unc.edu.ar\/biblioteca\/durante-el-2017\/img_20171025_103835929_hdr\/\" data-orig-file=\"https:\/\/i0.wp.com\/ffyh.unc.edu.ar\/biblioteca\/wp-content\/uploads\/sites\/4\/2017\/12\/IMG_20171025_103835929_HDR.jpg?fit=4032%2C3024&amp;ssl=1\" data-orig-size=\"4032,3024\" data-comments-opened=\"0\" data-image-meta=\"{&quot;aperture&quot;:&quot;1.7&quot;,&quot;credit&quot;:&quot;&quot;,&quot;camera&quot;:&quot;Moto G (5) Plus&quot;,&quot;caption&quot;:&quot;&quot;,&quot;created_timestamp&quot;:&quot;1508927916&quot;,&quot;copyright&quot;:&quot;&quot;,&quot;focal_length&quot;:&quot;4.28&quot;,&quot;iso&quot;:&quot;320&quot;,&quot;shutter_speed&quot;:&quot;0.033333333333333&quot;,&quot;title&quot;:&quot;&quot;,&quot;orientation&quot;:&quot;0&quot;}\" data-image-title=\"IMG_20171025_103835929_HDR\" data-image-description=\"\" data-image-caption=\"\" data-medium-file=\"https:\/\/i0.wp.com\/ffyh.unc.edu.ar\/biblioteca\/wp-content\/uploads\/sites\/4\/2017\/12\/IMG_20171025_103835929_HDR.jpg?fit=300%2C225&amp;ssl=1\" data-large-file=\"https:\/\/i0.wp.com\/ffyh.unc.edu.ar\/biblioteca\/wp-content\/uploads\/sites\/4\/2017\/12\/IMG_20171025_103835929_HDR.jpg?fit=1024%2C768&amp;ssl=1\" class=\"alignnone size-large wp-image-1852\" src=\"https:\/\/i0.wp.com\/ffyh.unc.edu.ar\/biblioteca\/wp-content\/uploads\/sites\/4\/2017\/12\/IMG_20171025_103835929_HDR.jpg?resize=555%2C416\" alt=\"\" width=\"555\" height=\"416\" srcset=\"https:\/\/i0.wp.com\/ffyh.unc.edu.ar\/biblioteca\/wp-content\/uploads\/sites\/4\/2017\/12\/IMG_20171025_103835929_HDR.jpg?resize=1024%2C768&amp;ssl=1 1024w, https:\/\/i0.wp.com\/ffyh.unc.edu.ar\/biblioteca\/wp-content\/uploads\/sites\/4\/2017\/12\/IMG_20171025_103835929_HDR.jpg?resize=300%2C225&amp;ssl=1 300w, https:\/\/i0.wp.com\/ffyh.unc.edu.ar\/biblioteca\/wp-content\/uploads\/sites\/4\/2017\/12\/IMG_20171025_103835929_HDR.jpg?resize=768%2C576&amp;ssl=1 768w, https:\/\/i0.wp.com\/ffyh.unc.edu.ar\/biblioteca\/wp-content\/uploads\/sites\/4\/2017\/12\/IMG_20171025_103835929_HDR.jpg?w=2400 2400w, https:\/\/i0.wp.com\/ffyh.unc.edu.ar\/biblioteca\/wp-content\/uploads\/sites\/4\/2017\/12\/IMG_20171025_103835929_HDR.jpg?w=3600 3600w\" sizes=\"auto, (max-width: 555px) 100vw, 555px\" \/><\/p>\n","protected":false},"excerpt":{"rendered":"<div class=\"entry-summary\">\nEntre las actividades frecuentes que la Biblioteca realiza cada a\u00f1o, se pueden destacar algunas iniciadas o concluidas en este 2017&hellip;\n<\/div>\n<div class=\"link-more\"><a href=\"https:\/\/ffyh.unc.edu.ar\/biblioteca\/durante-el-2017\/\" class=\"more-link\">Continuar leyendo<span class=\"screen-reader-text\"> &ldquo;Durante el 2017&rdquo;<\/span>&hellip;<\/a><\/div>\n","protected":false},"author":7,"featured_media":0,"comment_status":"closed","ping_status":"closed","sticky":false,"template":"","format":"standard","meta":{"_acf_changed":false,"jetpack_post_was_ever_published":false,"_jetpack_newsletter_access":"","_jetpack_dont_email_post_to_subs":false,"_jetpack_newsletter_tier_id":0,"_jetpack_memberships_contains_paywalled_content":false,"_jetpack_memberships_contains_paid_content":false,"footnotes":"","jetpack_publicize_message":"","jetpack_publicize_feature_enabled":true,"jetpack_social_post_already_shared":false,"jetpack_social_options":{"image_generator_settings":{"template":"highway","default_image_id":0,"font":"","enabled":false},"version":2}},"categories":[1],"tags":[],"class_list":["post-1825","post","type-post","status-publish","format-standard","hentry","category-sin-categoria","entry"],"acf":[],"jetpack_publicize_connections":[],"jetpack_featured_media_url":"","jetpack_shortlink":"https:\/\/wp.me\/p9UJM9-tr","jetpack-related-posts":[],"jetpack_sharing_enabled":true,"_links":{"self":[{"href":"https:\/\/ffyh.unc.edu.ar\/biblioteca\/wp-json\/wp\/v2\/posts\/1825","targetHints":{"allow":["GET"]}}],"collection":[{"href":"https:\/\/ffyh.unc.edu.ar\/biblioteca\/wp-json\/wp\/v2\/posts"}],"about":[{"href":"https:\/\/ffyh.unc.edu.ar\/biblioteca\/wp-json\/wp\/v2\/types\/post"}],"author":[{"embeddable":true,"href":"https:\/\/ffyh.unc.edu.ar\/biblioteca\/wp-json\/wp\/v2\/users\/7"}],"replies":[{"embeddable":true,"href":"https:\/\/ffyh.unc.edu.ar\/biblioteca\/wp-json\/wp\/v2\/comments?post=1825"}],"version-history":[{"count":2,"href":"https:\/\/ffyh.unc.edu.ar\/biblioteca\/wp-json\/wp\/v2\/posts\/1825\/revisions"}],"predecessor-version":[{"id":1857,"href":"https:\/\/ffyh.unc.edu.ar\/biblioteca\/wp-json\/wp\/v2\/posts\/1825\/revisions\/1857"}],"wp:attachment":[{"href":"https:\/\/ffyh.unc.edu.ar\/biblioteca\/wp-json\/wp\/v2\/media?parent=1825"}],"wp:term":[{"taxonomy":"category","embeddable":true,"href":"https:\/\/ffyh.unc.edu.ar\/biblioteca\/wp-json\/wp\/v2\/categories?post=1825"},{"taxonomy":"post_tag","embeddable":true,"href":"https:\/\/ffyh.unc.edu.ar\/biblioteca\/wp-json\/wp\/v2\/tags?post=1825"}],"curies":[{"name":"wp","href":"https:\/\/api.w.org\/{rel}","templated":true}]}}