{"id":20960,"date":"2026-07-24T15:19:20","date_gmt":"2026-07-24T15:19:20","guid":{"rendered":"https:\/\/ffyh.unc.edu.ar\/biblioteca\/?p=20960"},"modified":"2026-08-24T15:42:42","modified_gmt":"2026-08-24T15:42:42","slug":"encuentro-de-egresades-y-estudiantes-2026-esc-bibliotecologia","status":"publish","type":"post","link":"https:\/\/ffyh.unc.edu.ar\/biblioteca\/encuentro-de-egresades-y-estudiantes-2026-esc-bibliotecologia\/","title":{"rendered":"Encuentro de Egresades y Estudiantes 2026 Esc. Bibliotecolog\u00eda"},"content":{"rendered":"<div><b>MI\u00c9RCOLES 27 DE MAYO<\/b><\/div>\n<div><b>Mesa 2: \u201cBiblioteca, profesi\u00f3n e identidad: miradas sobre el campo bibliotecol\u00f3gico\u201d.<\/b><\/div>\n<div>\u201cAyudant\u00edas para estudiantes de la carrera de Bibliotecolog\u00eda. Biblioteca Elma Kohlmeyer de Estrabou. Departamentos de Procesos T\u00e9cnicos y Estudios Americanistas y Antropolog\u00eda\u201d Lic. Jos\u00e9 Luis D\u00edaz, Lic. Claudia Anal\u00eda L\u00f3pez, Bib. Araceli Rodr\u00edguez Torrez, Lic. Mar\u00eda Luz Chaves, Sr. Javier Gonz\u00e1lez, Bib. Julieta D\u00edaz.<\/div>\n<div><\/div>\n<div><img data-recalc-dims=\"1\" loading=\"lazy\" decoding=\"async\" data-attachment-id=\"20967\" data-permalink=\"https:\/\/ffyh.unc.edu.ar\/biblioteca\/encuentro-de-egresades-y-estudiantes-2026-esc-bibliotecologia\/exposicion-1\/\" data-orig-file=\"https:\/\/i0.wp.com\/ffyh.unc.edu.ar\/biblioteca\/wp-content\/uploads\/sites\/4\/2026\/07\/Exposicion-1.jpeg?fit=1599%2C899&amp;ssl=1\" data-orig-size=\"1599,899\" data-comments-opened=\"0\" data-image-meta=\"{&quot;aperture&quot;:&quot;0&quot;,&quot;credit&quot;:&quot;&quot;,&quot;camera&quot;:&quot;&quot;,&quot;caption&quot;:&quot;&quot;,&quot;created_timestamp&quot;:&quot;0&quot;,&quot;copyright&quot;:&quot;&quot;,&quot;focal_length&quot;:&quot;0&quot;,&quot;iso&quot;:&quot;0&quot;,&quot;shutter_speed&quot;:&quot;0&quot;,&quot;title&quot;:&quot;&quot;,&quot;orientation&quot;:&quot;0&quot;}\" data-image-title=\"Exposici\u00f3n 1\" data-image-description=\"\" data-image-caption=\"\" data-medium-file=\"https:\/\/i0.wp.com\/ffyh.unc.edu.ar\/biblioteca\/wp-content\/uploads\/sites\/4\/2026\/07\/Exposicion-1.jpeg?fit=300%2C169&amp;ssl=1\" data-large-file=\"https:\/\/i0.wp.com\/ffyh.unc.edu.ar\/biblioteca\/wp-content\/uploads\/sites\/4\/2026\/07\/Exposicion-1.jpeg?fit=1024%2C576&amp;ssl=1\" class=\"wp-image-20967 size-large aligncenter\" src=\"https:\/\/i0.wp.com\/ffyh.unc.edu.ar\/biblioteca\/wp-content\/uploads\/sites\/4\/2026\/07\/Exposicion-1.jpeg?resize=1024%2C576\" alt=\"\" width=\"1024\" height=\"576\" srcset=\"https:\/\/i0.wp.com\/ffyh.unc.edu.ar\/biblioteca\/wp-content\/uploads\/sites\/4\/2026\/07\/Exposicion-1.jpeg?resize=1024%2C576&amp;ssl=1 1024w, https:\/\/i0.wp.com\/ffyh.unc.edu.ar\/biblioteca\/wp-content\/uploads\/sites\/4\/2026\/07\/Exposicion-1.jpeg?resize=300%2C169&amp;ssl=1 300w, https:\/\/i0.wp.com\/ffyh.unc.edu.ar\/biblioteca\/wp-content\/uploads\/sites\/4\/2026\/07\/Exposicion-1.jpeg?resize=768%2C432&amp;ssl=1 768w, https:\/\/i0.wp.com\/ffyh.unc.edu.ar\/biblioteca\/wp-content\/uploads\/sites\/4\/2026\/07\/Exposicion-1.jpeg?resize=1536%2C864&amp;ssl=1 1536w, https:\/\/i0.wp.com\/ffyh.unc.edu.ar\/biblioteca\/wp-content\/uploads\/sites\/4\/2026\/07\/Exposicion-1.jpeg?w=1599&amp;ssl=1 1599w\" sizes=\"auto, (max-width: 1024px) 100vw, 1024px\" \/><img data-recalc-dims=\"1\" loading=\"lazy\" decoding=\"async\" data-attachment-id=\"20968\" data-permalink=\"https:\/\/ffyh.unc.edu.ar\/biblioteca\/encuentro-de-egresades-y-estudiantes-2026-esc-bibliotecologia\/exposicion-2\/\" data-orig-file=\"https:\/\/i0.wp.com\/ffyh.unc.edu.ar\/biblioteca\/wp-content\/uploads\/sites\/4\/2026\/07\/Exposicion-2.jpeg?fit=1204%2C1600&amp;ssl=1\" data-orig-size=\"1204,1600\" data-comments-opened=\"0\" data-image-meta=\"{&quot;aperture&quot;:&quot;0&quot;,&quot;credit&quot;:&quot;&quot;,&quot;camera&quot;:&quot;&quot;,&quot;caption&quot;:&quot;&quot;,&quot;created_timestamp&quot;:&quot;0&quot;,&quot;copyright&quot;:&quot;&quot;,&quot;focal_length&quot;:&quot;0&quot;,&quot;iso&quot;:&quot;0&quot;,&quot;shutter_speed&quot;:&quot;0&quot;,&quot;title&quot;:&quot;&quot;,&quot;orientation&quot;:&quot;0&quot;}\" data-image-title=\"Exposici\u00f3n 2\" data-image-description=\"\" data-image-caption=\"\" data-medium-file=\"https:\/\/i0.wp.com\/ffyh.unc.edu.ar\/biblioteca\/wp-content\/uploads\/sites\/4\/2026\/07\/Exposicion-2.jpeg?fit=226%2C300&amp;ssl=1\" data-large-file=\"https:\/\/i0.wp.com\/ffyh.unc.edu.ar\/biblioteca\/wp-content\/uploads\/sites\/4\/2026\/07\/Exposicion-2.jpeg?fit=771%2C1024&amp;ssl=1\" class=\"aligncenter wp-image-20968 size-large\" src=\"https:\/\/i0.wp.com\/ffyh.unc.edu.ar\/biblioteca\/wp-content\/uploads\/sites\/4\/2026\/07\/Exposicion-2.jpeg?resize=771%2C1024\" alt=\"\" width=\"771\" height=\"1024\" srcset=\"https:\/\/i0.wp.com\/ffyh.unc.edu.ar\/biblioteca\/wp-content\/uploads\/sites\/4\/2026\/07\/Exposicion-2.jpeg?resize=771%2C1024&amp;ssl=1 771w, https:\/\/i0.wp.com\/ffyh.unc.edu.ar\/biblioteca\/wp-content\/uploads\/sites\/4\/2026\/07\/Exposicion-2.jpeg?resize=226%2C300&amp;ssl=1 226w, https:\/\/i0.wp.com\/ffyh.unc.edu.ar\/biblioteca\/wp-content\/uploads\/sites\/4\/2026\/07\/Exposicion-2.jpeg?resize=768%2C1021&amp;ssl=1 768w, https:\/\/i0.wp.com\/ffyh.unc.edu.ar\/biblioteca\/wp-content\/uploads\/sites\/4\/2026\/07\/Exposicion-2.jpeg?resize=1156%2C1536&amp;ssl=1 1156w, https:\/\/i0.wp.com\/ffyh.unc.edu.ar\/biblioteca\/wp-content\/uploads\/sites\/4\/2026\/07\/Exposicion-2.jpeg?w=1204&amp;ssl=1 1204w\" sizes=\"auto, (max-width: 771px) 100vw, 771px\" \/><\/div>\n<div><\/div>\n<div><b>Mesa 3: \u201cBibliotecas en movimiento: proyectos, mediaciones y territorios\u201d.<\/b><\/div>\n<div>\u201cProyecto \u201cCitas Ciegas\u201d. Carolina Salazar, Mar\u00eda Victoria Reuter, Giselle Fern\u00e1ndez, Yesica Torrez.<\/div>\n<div><img data-recalc-dims=\"1\" loading=\"lazy\" decoding=\"async\" data-attachment-id=\"20964\" data-permalink=\"https:\/\/ffyh.unc.edu.ar\/biblioteca\/encuentro-de-egresades-y-estudiantes-2026-esc-bibliotecologia\/exposicion-4\/\" data-orig-file=\"https:\/\/i0.wp.com\/ffyh.unc.edu.ar\/biblioteca\/wp-content\/uploads\/sites\/4\/2026\/07\/Exposicion-4-scaled.jpeg?fit=1920%2C2560&amp;ssl=1\" data-orig-size=\"1920,2560\" data-comments-opened=\"0\" data-image-meta=\"{&quot;aperture&quot;:&quot;0&quot;,&quot;credit&quot;:&quot;&quot;,&quot;camera&quot;:&quot;&quot;,&quot;caption&quot;:&quot;&quot;,&quot;created_timestamp&quot;:&quot;0&quot;,&quot;copyright&quot;:&quot;&quot;,&quot;focal_length&quot;:&quot;0&quot;,&quot;iso&quot;:&quot;0&quot;,&quot;shutter_speed&quot;:&quot;0&quot;,&quot;title&quot;:&quot;&quot;,&quot;orientation&quot;:&quot;0&quot;}\" data-image-title=\"Exposici\u00f3n 4\" data-image-description=\"\" data-image-caption=\"\" data-medium-file=\"https:\/\/i0.wp.com\/ffyh.unc.edu.ar\/biblioteca\/wp-content\/uploads\/sites\/4\/2026\/07\/Exposicion-4-scaled.jpeg?fit=225%2C300&amp;ssl=1\" data-large-file=\"https:\/\/i0.wp.com\/ffyh.unc.edu.ar\/biblioteca\/wp-content\/uploads\/sites\/4\/2026\/07\/Exposicion-4-scaled.jpeg?fit=768%2C1024&amp;ssl=1\" class=\"wp-image-20964 size-large aligncenter\" src=\"https:\/\/i0.wp.com\/ffyh.unc.edu.ar\/biblioteca\/wp-content\/uploads\/sites\/4\/2026\/07\/Exposicion-4.jpeg?resize=768%2C1024\" alt=\"\" width=\"768\" height=\"1024\" srcset=\"https:\/\/i0.wp.com\/ffyh.unc.edu.ar\/biblioteca\/wp-content\/uploads\/sites\/4\/2026\/07\/Exposicion-4-scaled.jpeg?resize=768%2C1024&amp;ssl=1 768w, https:\/\/i0.wp.com\/ffyh.unc.edu.ar\/biblioteca\/wp-content\/uploads\/sites\/4\/2026\/07\/Exposicion-4-scaled.jpeg?resize=225%2C300&amp;ssl=1 225w, https:\/\/i0.wp.com\/ffyh.unc.edu.ar\/biblioteca\/wp-content\/uploads\/sites\/4\/2026\/07\/Exposicion-4-scaled.jpeg?resize=1152%2C1536&amp;ssl=1 1152w, https:\/\/i0.wp.com\/ffyh.unc.edu.ar\/biblioteca\/wp-content\/uploads\/sites\/4\/2026\/07\/Exposicion-4-scaled.jpeg?resize=1536%2C2048&amp;ssl=1 1536w, https:\/\/i0.wp.com\/ffyh.unc.edu.ar\/biblioteca\/wp-content\/uploads\/sites\/4\/2026\/07\/Exposicion-4-scaled.jpeg?w=1920&amp;ssl=1 1920w\" sizes=\"auto, (max-width: 768px) 100vw, 768px\" \/><\/div>\n<p><img data-recalc-dims=\"1\" loading=\"lazy\" decoding=\"async\" data-attachment-id=\"20969\" data-permalink=\"https:\/\/ffyh.unc.edu.ar\/biblioteca\/encuentro-de-egresades-y-estudiantes-2026-esc-bibliotecologia\/exposicion-3\/\" data-orig-file=\"https:\/\/i0.wp.com\/ffyh.unc.edu.ar\/biblioteca\/wp-content\/uploads\/sites\/4\/2026\/07\/Exposicion-3.jpg?fit=2560%2C1928&amp;ssl=1\" data-orig-size=\"2560,1928\" data-comments-opened=\"0\" data-image-meta=\"{&quot;aperture&quot;:&quot;0&quot;,&quot;credit&quot;:&quot;&quot;,&quot;camera&quot;:&quot;&quot;,&quot;caption&quot;:&quot;&quot;,&quot;created_timestamp&quot;:&quot;0&quot;,&quot;copyright&quot;:&quot;&quot;,&quot;focal_length&quot;:&quot;0&quot;,&quot;iso&quot;:&quot;0&quot;,&quot;shutter_speed&quot;:&quot;0&quot;,&quot;title&quot;:&quot;&quot;,&quot;orientation&quot;:&quot;0&quot;}\" data-image-title=\"Exposici\u00f3n 3\" data-image-description=\"\" data-image-caption=\"\" data-medium-file=\"https:\/\/i0.wp.com\/ffyh.unc.edu.ar\/biblioteca\/wp-content\/uploads\/sites\/4\/2026\/07\/Exposicion-3.jpg?fit=300%2C226&amp;ssl=1\" data-large-file=\"https:\/\/i0.wp.com\/ffyh.unc.edu.ar\/biblioteca\/wp-content\/uploads\/sites\/4\/2026\/07\/Exposicion-3.jpg?fit=1024%2C771&amp;ssl=1\" class=\"aligncenter wp-image-20969 size-large\" src=\"https:\/\/i0.wp.com\/ffyh.unc.edu.ar\/biblioteca\/wp-content\/uploads\/sites\/4\/2026\/07\/Exposicion-3.jpg?resize=1024%2C771\" alt=\"\" width=\"1024\" height=\"771\" srcset=\"https:\/\/i0.wp.com\/ffyh.unc.edu.ar\/biblioteca\/wp-content\/uploads\/sites\/4\/2026\/07\/Exposicion-3.jpg?resize=1024%2C771&amp;ssl=1 1024w, https:\/\/i0.wp.com\/ffyh.unc.edu.ar\/biblioteca\/wp-content\/uploads\/sites\/4\/2026\/07\/Exposicion-3.jpg?resize=300%2C226&amp;ssl=1 300w, https:\/\/i0.wp.com\/ffyh.unc.edu.ar\/biblioteca\/wp-content\/uploads\/sites\/4\/2026\/07\/Exposicion-3.jpg?resize=768%2C578&amp;ssl=1 768w, https:\/\/i0.wp.com\/ffyh.unc.edu.ar\/biblioteca\/wp-content\/uploads\/sites\/4\/2026\/07\/Exposicion-3.jpg?resize=1536%2C1157&amp;ssl=1 1536w, https:\/\/i0.wp.com\/ffyh.unc.edu.ar\/biblioteca\/wp-content\/uploads\/sites\/4\/2026\/07\/Exposicion-3.jpg?resize=2048%2C1542&amp;ssl=1 2048w, https:\/\/i0.wp.com\/ffyh.unc.edu.ar\/biblioteca\/wp-content\/uploads\/sites\/4\/2026\/07\/Exposicion-3.jpg?w=2400 2400w\" sizes=\"auto, (max-width: 1024px) 100vw, 1024px\" \/><\/p>\n<p>&nbsp;<\/p>\n<p><b>JUEVES 28 DE MAYO : <\/b>Taller:\u00a0\u201cProyectando ideas\u201d. Taller de elaboraci\u00f3n de proyectos bibliotecarios con impacto social y cultural.\u00a0 A cargo de: Gabriela Mansilla y Valeria Bringa<\/p>\n<p><img data-recalc-dims=\"1\" loading=\"lazy\" decoding=\"async\" data-attachment-id=\"20966\" data-permalink=\"https:\/\/ffyh.unc.edu.ar\/biblioteca\/encuentro-de-egresades-y-estudiantes-2026-esc-bibliotecologia\/exposicion-6\/\" data-orig-file=\"https:\/\/i0.wp.com\/ffyh.unc.edu.ar\/biblioteca\/wp-content\/uploads\/sites\/4\/2026\/07\/Exposicion-6.jpeg?fit=1599%2C899&amp;ssl=1\" data-orig-size=\"1599,899\" data-comments-opened=\"0\" data-image-meta=\"{&quot;aperture&quot;:&quot;0&quot;,&quot;credit&quot;:&quot;&quot;,&quot;camera&quot;:&quot;&quot;,&quot;caption&quot;:&quot;&quot;,&quot;created_timestamp&quot;:&quot;0&quot;,&quot;copyright&quot;:&quot;&quot;,&quot;focal_length&quot;:&quot;0&quot;,&quot;iso&quot;:&quot;0&quot;,&quot;shutter_speed&quot;:&quot;0&quot;,&quot;title&quot;:&quot;&quot;,&quot;orientation&quot;:&quot;0&quot;}\" data-image-title=\"Exposici\u00f3n 6\" data-image-description=\"\" data-image-caption=\"\" data-medium-file=\"https:\/\/i0.wp.com\/ffyh.unc.edu.ar\/biblioteca\/wp-content\/uploads\/sites\/4\/2026\/07\/Exposicion-6.jpeg?fit=300%2C169&amp;ssl=1\" data-large-file=\"https:\/\/i0.wp.com\/ffyh.unc.edu.ar\/biblioteca\/wp-content\/uploads\/sites\/4\/2026\/07\/Exposicion-6.jpeg?fit=1024%2C576&amp;ssl=1\" class=\"aligncenter wp-image-20966 size-large\" src=\"https:\/\/i0.wp.com\/ffyh.unc.edu.ar\/biblioteca\/wp-content\/uploads\/sites\/4\/2026\/07\/Exposicion-6.jpeg?resize=1024%2C576\" alt=\"\" width=\"1024\" height=\"576\" srcset=\"https:\/\/i0.wp.com\/ffyh.unc.edu.ar\/biblioteca\/wp-content\/uploads\/sites\/4\/2026\/07\/Exposicion-6.jpeg?resize=1024%2C576&amp;ssl=1 1024w, https:\/\/i0.wp.com\/ffyh.unc.edu.ar\/biblioteca\/wp-content\/uploads\/sites\/4\/2026\/07\/Exposicion-6.jpeg?resize=300%2C169&amp;ssl=1 300w, https:\/\/i0.wp.com\/ffyh.unc.edu.ar\/biblioteca\/wp-content\/uploads\/sites\/4\/2026\/07\/Exposicion-6.jpeg?resize=768%2C432&amp;ssl=1 768w, https:\/\/i0.wp.com\/ffyh.unc.edu.ar\/biblioteca\/wp-content\/uploads\/sites\/4\/2026\/07\/Exposicion-6.jpeg?resize=1536%2C864&amp;ssl=1 1536w, https:\/\/i0.wp.com\/ffyh.unc.edu.ar\/biblioteca\/wp-content\/uploads\/sites\/4\/2026\/07\/Exposicion-6.jpeg?w=1599&amp;ssl=1 1599w\" sizes=\"auto, (max-width: 1024px) 100vw, 1024px\" \/><img data-recalc-dims=\"1\" loading=\"lazy\" decoding=\"async\" data-attachment-id=\"20965\" data-permalink=\"https:\/\/ffyh.unc.edu.ar\/biblioteca\/encuentro-de-egresades-y-estudiantes-2026-esc-bibliotecologia\/exposicion-5\/\" data-orig-file=\"https:\/\/i0.wp.com\/ffyh.unc.edu.ar\/biblioteca\/wp-content\/uploads\/sites\/4\/2026\/07\/Exposicion-5.jpeg?fit=899%2C1599&amp;ssl=1\" data-orig-size=\"899,1599\" data-comments-opened=\"0\" data-image-meta=\"{&quot;aperture&quot;:&quot;0&quot;,&quot;credit&quot;:&quot;&quot;,&quot;camera&quot;:&quot;&quot;,&quot;caption&quot;:&quot;&quot;,&quot;created_timestamp&quot;:&quot;0&quot;,&quot;copyright&quot;:&quot;&quot;,&quot;focal_length&quot;:&quot;0&quot;,&quot;iso&quot;:&quot;0&quot;,&quot;shutter_speed&quot;:&quot;0&quot;,&quot;title&quot;:&quot;&quot;,&quot;orientation&quot;:&quot;0&quot;}\" data-image-title=\"Exposici\u00f3n 5\" data-image-description=\"\" data-image-caption=\"\" data-medium-file=\"https:\/\/i0.wp.com\/ffyh.unc.edu.ar\/biblioteca\/wp-content\/uploads\/sites\/4\/2026\/07\/Exposicion-5.jpeg?fit=169%2C300&amp;ssl=1\" data-large-file=\"https:\/\/i0.wp.com\/ffyh.unc.edu.ar\/biblioteca\/wp-content\/uploads\/sites\/4\/2026\/07\/Exposicion-5.jpeg?fit=576%2C1024&amp;ssl=1\" class=\"aligncenter wp-image-20965 size-large\" src=\"https:\/\/i0.wp.com\/ffyh.unc.edu.ar\/biblioteca\/wp-content\/uploads\/sites\/4\/2026\/07\/Exposicion-5.jpeg?resize=576%2C1024\" alt=\"\" width=\"576\" height=\"1024\" srcset=\"https:\/\/i0.wp.com\/ffyh.unc.edu.ar\/biblioteca\/wp-content\/uploads\/sites\/4\/2026\/07\/Exposicion-5.jpeg?resize=576%2C1024&amp;ssl=1 576w, https:\/\/i0.wp.com\/ffyh.unc.edu.ar\/biblioteca\/wp-content\/uploads\/sites\/4\/2026\/07\/Exposicion-5.jpeg?resize=169%2C300&amp;ssl=1 169w, https:\/\/i0.wp.com\/ffyh.unc.edu.ar\/biblioteca\/wp-content\/uploads\/sites\/4\/2026\/07\/Exposicion-5.jpeg?resize=768%2C1366&amp;ssl=1 768w, https:\/\/i0.wp.com\/ffyh.unc.edu.ar\/biblioteca\/wp-content\/uploads\/sites\/4\/2026\/07\/Exposicion-5.jpeg?resize=864%2C1536&amp;ssl=1 864w, https:\/\/i0.wp.com\/ffyh.unc.edu.ar\/biblioteca\/wp-content\/uploads\/sites\/4\/2026\/07\/Exposicion-5.jpeg?w=899&amp;ssl=1 899w\" sizes=\"auto, (max-width: 576px) 100vw, 576px\" \/><\/p>\n<p>&nbsp;<\/p>\n<div><b>CIERRE. Resumen<\/b><\/div>\n<div>\n<div><a href=\"https:\/\/sitio.ffyh.unc.edu.ar\/bibliotecologia\/encuentro-de-egresades-y-estudiantes-2026-2\/\" target=\"_blank\" rel=\"noopener\" data-saferedirecturl=\"https:\/\/www.google.com\/url?q=https:\/\/sitio.ffyh.unc.edu.ar\/bibliotecologia\/encuentro-de-egresades-y-estudiantes-2026-2\/&amp;source=gmail&amp;ust=1787668559096000&amp;usg=AOvVaw1C75uiIFDxEGymjoZ4mBvp\">https:\/\/sitio.ffyh.unc.edu.ar\/<wbr \/>bibliotecologia\/encuentro-de-<wbr \/>egresades-y-estudiantes-2026-<wbr \/>2\/<\/a><\/div>\n<\/div>\n","protected":false},"excerpt":{"rendered":"<div class=\"entry-summary\">\nMI\u00c9RCOLES 27 DE MAYO Mesa 2: \u201cBiblioteca, profesi\u00f3n e identidad: miradas sobre el campo bibliotecol\u00f3gico\u201d. \u201cAyudant\u00edas para estudiantes de la&hellip;\n<\/div>\n<div class=\"link-more\"><a href=\"https:\/\/ffyh.unc.edu.ar\/biblioteca\/encuentro-de-egresades-y-estudiantes-2026-esc-bibliotecologia\/\" class=\"more-link\">Continuar leyendo<span class=\"screen-reader-text\"> &ldquo;Encuentro de Egresades y Estudiantes 2026 Esc. Bibliotecolog\u00eda&rdquo;<\/span>&hellip;<\/a><\/div>\n","protected":false},"author":7,"featured_media":0,"comment_status":"closed","ping_status":"closed","sticky":false,"template":"","format":"standard","meta":{"_acf_changed":false,"jetpack_post_was_ever_published":false,"_jetpack_newsletter_access":"","_jetpack_dont_email_post_to_subs":false,"_jetpack_newsletter_tier_id":0,"_jetpack_memberships_contains_paywalled_content":false,"_jetpack_memberships_contains_paid_content":false,"footnotes":"","jetpack_publicize_message":"","jetpack_publicize_feature_enabled":true,"jetpack_social_post_already_shared":true,"jetpack_social_options":{"image_generator_settings":{"template":"highway","default_image_id":0,"font":"","enabled":false},"version":2}},"categories":[3],"tags":[],"class_list":["post-20960","post","type-post","status-publish","format-standard","hentry","category-noticias","entry"],"acf":[],"jetpack_publicize_connections":[],"jetpack_featured_media_url":"","jetpack_shortlink":"https:\/\/wp.me\/p9UJM9-5s4","jetpack-related-posts":[],"jetpack_sharing_enabled":true,"_links":{"self":[{"href":"https:\/\/ffyh.unc.edu.ar\/biblioteca\/wp-json\/wp\/v2\/posts\/20960","targetHints":{"allow":["GET"]}}],"collection":[{"href":"https:\/\/ffyh.unc.edu.ar\/biblioteca\/wp-json\/wp\/v2\/posts"}],"about":[{"href":"https:\/\/ffyh.unc.edu.ar\/biblioteca\/wp-json\/wp\/v2\/types\/post"}],"author":[{"embeddable":true,"href":"https:\/\/ffyh.unc.edu.ar\/biblioteca\/wp-json\/wp\/v2\/users\/7"}],"replies":[{"embeddable":true,"href":"https:\/\/ffyh.unc.edu.ar\/biblioteca\/wp-json\/wp\/v2\/comments?post=20960"}],"version-history":[{"count":5,"href":"https:\/\/ffyh.unc.edu.ar\/biblioteca\/wp-json\/wp\/v2\/posts\/20960\/revisions"}],"predecessor-version":[{"id":20972,"href":"https:\/\/ffyh.unc.edu.ar\/biblioteca\/wp-json\/wp\/v2\/posts\/20960\/revisions\/20972"}],"wp:attachment":[{"href":"https:\/\/ffyh.unc.edu.ar\/biblioteca\/wp-json\/wp\/v2\/media?parent=20960"}],"wp:term":[{"taxonomy":"category","embeddable":true,"href":"https:\/\/ffyh.unc.edu.ar\/biblioteca\/wp-json\/wp\/v2\/categories?post=20960"},{"taxonomy":"post_tag","embeddable":true,"href":"https:\/\/ffyh.unc.edu.ar\/biblioteca\/wp-json\/wp\/v2\/tags?post=20960"}],"curies":[{"name":"wp","href":"https:\/\/api.w.org\/{rel}","templated":true}]}}