{"id":3156,"date":"2019-03-01T12:49:19","date_gmt":"2019-03-01T12:49:19","guid":{"rendered":"http:\/\/ffyh.unc.edu.ar\/biblioteca\/?p=3156"},"modified":"2019-03-01T12:50:08","modified_gmt":"2019-03-01T12:50:08","slug":"convocatoria-a-ayudantes-alumnos","status":"publish","type":"post","link":"https:\/\/ffyh.unc.edu.ar\/biblioteca\/convocatoria-a-ayudantes-alumnos\/","title":{"rendered":"CONVOCATORIA  A AYUDANTES ALUMNOS"},"content":{"rendered":"<p>LA DIRECCION de la BIBLIOTECA \u201cELMA KOHLMEYER DE ESTRABOU\u201d &#8211; FACULTAD DE FILOSOF\u00cdA Y HUMANIDADES Y FACULTAD DE PSICOLOGIA<\/p>\n<p>INVITA A PARTICIPAR EN LA CONVOCATORIA DEL LLAMADO A AYUDANTES ALUMNOS <\/p>\n<p>Para realizar pr\u00e1cticas de aprendizaje en el<br \/>\nDepartamento de Estudios Americanistas \u201cMonse\u00f1or Pablo Cabrera\u201d y Antropolog\u00eda \u201cAn\u00edbal Montes\u201d y en el<br \/>\nDepartamento Hemeroteca<\/p>\n<p>Inscripci\u00f3n: Desde el lunes 11 de marzo hasta el viernes 15 inclusive en el horario de 9 a 18 hs. en la Biblioteca de la Facultad de Filosof\u00eda y Humanidades y Facultad de Psicolog\u00eda. Pabell\u00f3n Agust\u00edn Tosco. 1er Piso.<\/p>\n<p>Presentar en SECRETAR\u00cdA de la Biblioteca<\/p>\n<p>1.\tNota dirigida a la Directora de la Biblioteca. Lic. Alejandra Greiff en la que se solicita la inscripci\u00f3n.<br \/>\n2.\tCurriculum Vitae nominal.<br \/>\n3.\tCertificado anal\u00edtico.<br \/>\n4.\tCarpeta con copia de antecedentes.<\/p>\n<p>Requisitos de inscripci\u00f3n para proyectos de ambos Departamentos: <\/p>\n<p>\u2022\tSer alumno regular de la Carrera de Bibliotecolog\u00eda con 1er a\u00f1o completo o el 20% de las materias de la carrera aprobadas <\/p>\n<p>Para el Proyecto del Dpto de Americanistas-Antropolog\u00eda: tener los siguientes conocimientos<\/p>\n<p>\uf0a7\tMaterias de procesos t\u00e9cnicos I y II aprobadas<br \/>\n\uf0a7\tConocimiento de Sistema Integrado Koha<br \/>\n\uf0a7\tConocimiento de las reglas de catalogaci\u00f3n AACR2<br \/>\n\uf0a7\tConocimiento de formato Marc21<br \/>\n\uf0a7\tConocimiento de CDU (Clasificaci\u00f3n Decimal Universal)<br \/>\n\uf0a7\tManejo de Tesauros<\/p>\n<p>Fecha de la entrevista:\u2013 Viernes 22 de marzo 15:00 hs. en 1er piso de la Biblioteca.<\/p>\n<p>Comisi\u00f3n evaluadora: <\/p>\n<p>Por Biblioteca:<\/p>\n<p>Lic Silvia Fois<br \/>\nBibl. M\u00f3nica Navarro<br \/>\nSuplente: Bibl. Beatriz Storino<\/p>\n<p>Por Escuela<\/p>\n<p>Egresados:<br \/>\nTitular: Bibl. Guadalupe Fontana.<br \/>\nSuplente: Bibl. Mariela Rodriguez.<\/p>\n<p>Alumnos<br \/>\nTitular: Santiago D\u00edaz.<br \/>\nSuplente: Vanina S\u00e1nchez.<\/p>\n","protected":false},"excerpt":{"rendered":"<div class=\"entry-summary\">\nLA DIRECCION de la BIBLIOTECA \u201cELMA KOHLMEYER DE ESTRABOU\u201d &#8211; FACULTAD DE FILOSOF\u00cdA Y HUMANIDADES Y FACULTAD DE PSICOLOGIA INVITA&hellip;\n<\/div>\n<div class=\"link-more\"><a href=\"https:\/\/ffyh.unc.edu.ar\/biblioteca\/convocatoria-a-ayudantes-alumnos\/\" class=\"more-link\">Continuar leyendo<span class=\"screen-reader-text\"> &ldquo;CONVOCATORIA  A AYUDANTES ALUMNOS&rdquo;<\/span>&hellip;<\/a><\/div>\n","protected":false},"author":7,"featured_media":0,"comment_status":"closed","ping_status":"closed","sticky":false,"template":"","format":"standard","meta":{"_acf_changed":false,"jetpack_post_was_ever_published":false,"_jetpack_newsletter_access":"","_jetpack_dont_email_post_to_subs":false,"_jetpack_newsletter_tier_id":0,"_jetpack_memberships_contains_paywalled_content":false,"_jetpack_memberships_contains_paid_content":false,"footnotes":"","jetpack_publicize_message":"","jetpack_publicize_feature_enabled":true,"jetpack_social_post_already_shared":true,"jetpack_social_options":{"image_generator_settings":{"template":"highway","default_image_id":0,"font":"","enabled":false},"version":2}},"categories":[4],"tags":[],"class_list":["post-3156","post","type-post","status-publish","format-standard","hentry","category-vitrina-tematica","entry"],"acf":[],"jetpack_publicize_connections":[],"jetpack_featured_media_url":"","jetpack_shortlink":"https:\/\/wp.me\/p9UJM9-OU","jetpack-related-posts":[],"jetpack_sharing_enabled":true,"_links":{"self":[{"href":"https:\/\/ffyh.unc.edu.ar\/biblioteca\/wp-json\/wp\/v2\/posts\/3156","targetHints":{"allow":["GET"]}}],"collection":[{"href":"https:\/\/ffyh.unc.edu.ar\/biblioteca\/wp-json\/wp\/v2\/posts"}],"about":[{"href":"https:\/\/ffyh.unc.edu.ar\/biblioteca\/wp-json\/wp\/v2\/types\/post"}],"author":[{"embeddable":true,"href":"https:\/\/ffyh.unc.edu.ar\/biblioteca\/wp-json\/wp\/v2\/users\/7"}],"replies":[{"embeddable":true,"href":"https:\/\/ffyh.unc.edu.ar\/biblioteca\/wp-json\/wp\/v2\/comments?post=3156"}],"version-history":[{"count":3,"href":"https:\/\/ffyh.unc.edu.ar\/biblioteca\/wp-json\/wp\/v2\/posts\/3156\/revisions"}],"predecessor-version":[{"id":3159,"href":"https:\/\/ffyh.unc.edu.ar\/biblioteca\/wp-json\/wp\/v2\/posts\/3156\/revisions\/3159"}],"wp:attachment":[{"href":"https:\/\/ffyh.unc.edu.ar\/biblioteca\/wp-json\/wp\/v2\/media?parent=3156"}],"wp:term":[{"taxonomy":"category","embeddable":true,"href":"https:\/\/ffyh.unc.edu.ar\/biblioteca\/wp-json\/wp\/v2\/categories?post=3156"},{"taxonomy":"post_tag","embeddable":true,"href":"https:\/\/ffyh.unc.edu.ar\/biblioteca\/wp-json\/wp\/v2\/tags?post=3156"}],"curies":[{"name":"wp","href":"https:\/\/api.w.org\/{rel}","templated":true}]}}