{"id":4338,"date":"2020-10-28T13:47:27","date_gmt":"2020-10-28T13:47:27","guid":{"rendered":"http:\/\/ffyh.unc.edu.ar\/biblioteca\/?p=4338"},"modified":"2020-10-28T14:00:08","modified_gmt":"2020-10-28T14:00:08","slug":"la-biblio-elma-te-acompana","status":"publish","type":"post","link":"https:\/\/ffyh.unc.edu.ar\/biblioteca\/la-biblio-elma-te-acompana\/","title":{"rendered":"La Biblio Elma te acompa\u00f1a"},"content":{"rendered":"<p>Mientras dure el aislamiento social y preventivo, la Biblioteca Elma Kholmeyer de Estrabou de la Facultad de Filosof\u00eda y Humanidades y la Facultad de Psicolog\u00eda atender\u00e1 de manera virtual a trav\u00e9s de los contactos que se encuentran en la p\u00e1gina web\u00a0<a href=\"http:\/\/ffyh.unc.edu.ar\/biblioteca\" target=\"_blank\" rel=\"noopener noreferrer\">http:\/\/ffyh.unc.edu.ar\/biblioteca<\/a><\/p>\n<p><!--more--><\/p>\n<p>Adem\u00e1s, all\u00ed podr\u00e1s encontrar el acceso a distintos recursos digitales, repositorios y portales de acceso abierto.<\/p>\n<p>Asimismo, pod\u00e9s consultar el cat\u00e1logo en <a href=\"https:\/\/ffyh.biblio.unc.edu.ar\/\" target=\"_blank\" rel=\"noopener noreferrer\">https:\/\/ffyh.biblio.unc.edu.ar\/<\/a> y para eso se dise\u00f1aron una serie de tutoriales que orientan en la realizaci\u00f3n de b\u00fasquedas, desde las simples hasta las estrategias m\u00e1s avanzadas de b\u00fasquedas para acceder al texto completo por medio de enlaces en los registros.<\/p>\n<div class=\"jetpack-video-wrapper\"><span class=\"embed-youtube\" style=\"text-align:center; display: block;\"><iframe loading=\"lazy\" class=\"youtube-player\" width=\"1200\" height=\"675\" src=\"https:\/\/www.youtube.com\/embed\/BUc11-fTcdw?version=3&#038;rel=1&#038;showsearch=0&#038;showinfo=1&#038;iv_load_policy=1&#038;fs=1&#038;hl=es-ES&#038;autohide=2&#038;wmode=transparent\" allowfullscreen=\"true\" style=\"border:0;\" sandbox=\"allow-scripts allow-same-origin allow-popups allow-presentation allow-popups-to-escape-sandbox\"><\/iframe><\/span><\/div>\n","protected":false},"excerpt":{"rendered":"<p>Mientras dure el aislamiento social y preventivo, la Biblioteca Elma Kholmeyer de Estrabou de la Facultad de Filosof\u00eda y Humanidades y la Facultad de Psicolog\u00eda atender\u00e1 de manera virtual a trav\u00e9s de los contactos que se encuentran en la p\u00e1gina web\u00a0<a href=\"http:\/\/ffyh.unc.edu.ar\/biblioteca\" target=\"_blank\" rel=\"noopener noreferrer\">http:\/\/ffyh.unc.edu.ar\/biblioteca<\/a><\/p>\n<div class=\"link-more\"><a href=\"https:\/\/ffyh.unc.edu.ar\/biblioteca\/la-biblio-elma-te-acompana\/\" class=\"more-link\">Continuar leyendo<span class=\"screen-reader-text\"> &ldquo;La Biblio Elma te acompa\u00f1a&rdquo;<\/span>&hellip;<\/a><\/div>\n","protected":false},"author":2,"featured_media":4339,"comment_status":"closed","ping_status":"closed","sticky":false,"template":"","format":"standard","meta":{"_acf_changed":false,"jetpack_post_was_ever_published":false,"_jetpack_newsletter_access":"","_jetpack_dont_email_post_to_subs":false,"_jetpack_newsletter_tier_id":0,"_jetpack_memberships_contains_paywalled_content":false,"_jetpack_memberships_contains_paid_content":false,"footnotes":"","jetpack_publicize_message":"","jetpack_publicize_feature_enabled":true,"jetpack_social_post_already_shared":true,"jetpack_social_options":{"image_generator_settings":{"template":"highway","default_image_id":0,"font":"","enabled":false},"version":2}},"categories":[3],"tags":[],"class_list":["post-4338","post","type-post","status-publish","format-standard","has-post-thumbnail","hentry","category-noticias","entry"],"acf":[],"jetpack_publicize_connections":[],"jetpack_featured_media_url":"https:\/\/i0.wp.com\/ffyh.unc.edu.ar\/biblioteca\/wp-content\/uploads\/sites\/4\/2020\/10\/biblio-elma-frente.jpg?fit=1024%2C640&ssl=1","jetpack_shortlink":"https:\/\/wp.me\/p9UJM9-17Y","jetpack-related-posts":[],"jetpack_sharing_enabled":true,"_links":{"self":[{"href":"https:\/\/ffyh.unc.edu.ar\/biblioteca\/wp-json\/wp\/v2\/posts\/4338","targetHints":{"allow":["GET"]}}],"collection":[{"href":"https:\/\/ffyh.unc.edu.ar\/biblioteca\/wp-json\/wp\/v2\/posts"}],"about":[{"href":"https:\/\/ffyh.unc.edu.ar\/biblioteca\/wp-json\/wp\/v2\/types\/post"}],"author":[{"embeddable":true,"href":"https:\/\/ffyh.unc.edu.ar\/biblioteca\/wp-json\/wp\/v2\/users\/2"}],"replies":[{"embeddable":true,"href":"https:\/\/ffyh.unc.edu.ar\/biblioteca\/wp-json\/wp\/v2\/comments?post=4338"}],"version-history":[{"count":3,"href":"https:\/\/ffyh.unc.edu.ar\/biblioteca\/wp-json\/wp\/v2\/posts\/4338\/revisions"}],"predecessor-version":[{"id":4342,"href":"https:\/\/ffyh.unc.edu.ar\/biblioteca\/wp-json\/wp\/v2\/posts\/4338\/revisions\/4342"}],"wp:featuredmedia":[{"embeddable":true,"href":"https:\/\/ffyh.unc.edu.ar\/biblioteca\/wp-json\/wp\/v2\/media\/4339"}],"wp:attachment":[{"href":"https:\/\/ffyh.unc.edu.ar\/biblioteca\/wp-json\/wp\/v2\/media?parent=4338"}],"wp:term":[{"taxonomy":"category","embeddable":true,"href":"https:\/\/ffyh.unc.edu.ar\/biblioteca\/wp-json\/wp\/v2\/categories?post=4338"},{"taxonomy":"post_tag","embeddable":true,"href":"https:\/\/ffyh.unc.edu.ar\/biblioteca\/wp-json\/wp\/v2\/tags?post=4338"}],"curies":[{"name":"wp","href":"https:\/\/api.w.org\/{rel}","templated":true}]}}