{"id":1965,"date":"2013-09-23T13:02:20","date_gmt":"2013-09-23T16:02:20","guid":{"rendered":"http:\/\/www.ffyh.unc.edu.ar\/ciffyh\/?p=1965"},"modified":"2013-09-23T13:02:20","modified_gmt":"2013-09-23T16:02:20","slug":"conferencias-presentaciones-libros-vi-jornadas-pensamiento-latinoamericano","status":"publish","type":"post","link":"https:\/\/ffyh.unc.edu.ar\/ciffyh\/conferencias-presentaciones-libros-vi-jornadas-pensamiento-latinoamericano\/","title":{"rendered":"Conferencias y presentaciones de libros en las VI Jornadas Regionales Interc\u00e1tedras de Pensamiento Latinoamericano"},"content":{"rendered":"<p><a href=\"http:\/\/ffyh.unc.edu.ar\/ciffyh\/wp-content\/uploads\/sites\/10\/2013\/08\/logo-jornadas-pensamiento-latinoamericano.jpg\"><img decoding=\"async\" class=\"alignleft size-thumbnail wp-image-1781\" alt=\"logo-jornadas-pensamiento-latinoamericano\" src=\"http:\/\/ffyh.unc.edu.ar\/ciffyh\/wp-content\/uploads\/sites\/10\/2013\/08\/logo-jornadas-pensamiento-latinoamericano-150x150.jpg\" width=\"150\" height=\"150\" \/><\/a>En el\u00a0marco del Ciclo de Conferencias de las <a href=\"http:\/\/www.ffyh.unc.edu.ar\/ciffyh\/vi-jornadas-regionales-intercatedras-de-pensamiento-latinoamericano\/\" target=\"_blank\">VI Jornadas Regionales Interc\u00e1tedras de Pensamiento Latinoamericano<\/a>, organizadas por la c\u00e1tedra de \u201cFilosof\u00eda Argentina y Latinoamericana I\u201d de la Escuela de Filosof\u00eda y el Centro de Investigaciones de la FFyH, se desarrollar\u00e1n una serie de actividades durante los d\u00edas 25, 26 y 27 de septiembre.<\/p>\n<p><!--more--><\/p>\n<p>El\u00a0<strong>mi\u00e9rcoles 25 de septiembre<\/strong>, a las 10:30 hs, en el Aula B del Pabell\u00f3n Residencial (Ciudad Universitaria), se realizar\u00e1 la conferencia de apertura de las Jornadas, con la conferencia <strong>\u201c\u00bfC\u00f3mo recuperar \u2013respetuosamente- el pensamiento filos\u00f3fico de nuestros pueblos originarios y de nuestra tercera ra\u00edz?\u201d<\/strong>, a cargo de\u00a0<a href=\"http:\/\/www.ffyh.unc.edu.ar\/ciffyh\/conferencia-de-apertura-de-las-vi-jornadas-regionales-intercatedras-de-pensamiento-latinoamericano\/\" target=\"_blank\">Horacio Cerutti Guldberg<\/a>.<\/p>\n<p><a href=\"http:\/\/ffyh.unc.edu.ar\/ciffyh\/wp-content\/uploads\/sites\/10\/2013\/09\/fernandez-bravo.jpg\"><img fetchpriority=\"high\" decoding=\"async\" class=\"alignright size-medium wp-image-1966\" alt=\"fernandez-bravo\" src=\"http:\/\/ffyh.unc.edu.ar\/ciffyh\/wp-content\/uploads\/sites\/10\/2013\/09\/fernandez-bravo-300x200.jpg\" width=\"300\" height=\"200\" \/><\/a>Posteriormente, a las <strong>18:30<\/strong>, en el mismo lugar\u00a0<strong>\u00c1lvaro Fern\u00e1ndez Bravo<\/strong>\u00a0(New York University. Universidad Nacional de San Andr\u00e9s-CONICET) brindar\u00e1 la conferencia <strong>\u00a0\u201cLos tiempos impuros que (no) corren: reflexiones sobre lo arcaico-contempor\u00e1neo a partir de algunas obras anfibias de Oscar Mu\u00f1oz, Selva Almada y Megan Boyle\u201d<\/strong><\/p>\n<p>\u00c1lvaro Fern\u00e1ndez Bravo es investigador del CONICET e investigador afiliado en la Universidad de San Andr\u00e9s, Argentina. Obtuvo su Licenciatura en Letras en la Universidad de Buenos Aires y su\u00a0\u00a0doctorado en la Universidad de Princeton, Estados Unidos. Fue profesor las universidades de Temple (USA), Buenos Aires (UBA), de San Andr\u00e9s, Mar del Plata, Rosario, Salta y en la Universidad Cat\u00f3lica de R\u00edo de Janeiro.<\/p>\n<p>Public\u00f3\u00a0<i>Literatura y Frontera<\/i>\u00a0(Sudamericana, 1999),\u00a0<i>La invenci\u00f3n de la naci\u00f3n<\/i>\u00a0(Manantial, 2000)\u00a0<i>Sujetos en tr\u00e1nsito<\/i>\u00a0(Alianza, 2003),\u00a0<i>El valor de la cultura<\/i>\u00a0(B. Viterbo, 2007),\u00a0<i>Episodios en la formaci\u00f3n de las redes culturales en Am\u00e9rica Latina\u00a0<\/i>(Prometeo, 2010) y<i>\u00a0New Argentine and Brazilian Cinema\u00a0<\/i>(Palgrave, 2013) as\u00ed como art\u00edculos sobre patrimonio cultural, latinoamericanismo, literatura y cine latinoamericanos y teor\u00eda literaria.<\/p>\n<p><b><a href=\"http:\/\/ffyh.unc.edu.ar\/ciffyh\/wp-content\/uploads\/sites\/10\/2013\/09\/fernandez-nadal.jpg\"><img decoding=\"async\" class=\"alignright  wp-image-1972\" alt=\"fernandez-nadal\" src=\"http:\/\/ffyh.unc.edu.ar\/ciffyh\/wp-content\/uploads\/sites\/10\/2013\/09\/fernandez-nadal.jpg\" width=\"217\" height=\"228\" \/><\/a>\u201cTeolog\u00eda profana y \u00e9tica del sujeto en Franz Hinkelammert\u201d<\/b>.\u00a0Ese ser\u00e1 el nombre de la conferencia que se desarrollar\u00e1 el <strong>jueves 26<\/strong>, a las 18:30 hs, en el Aula B del Pabell\u00f3n Residencial, a<b>\u00a0<\/b>cargo de <strong>Estela Fern\u00e1ndez Nadal<\/strong>, profesora y Doctora en Filosof\u00eda por Universidad Nacional de Cuyo (1982 y 1996).<\/p>\n<p>Fern\u00e1ndez Nadal, en la d\u00e9cada de los noventa realiz\u00f3 su formaci\u00f3n como becaria del CONICET (Argentina) bajo la direcci\u00f3n de Arturo Andr\u00e9s Roig, especializ\u00e1ndose en temas de Historia de las ideas latinoamericanas y Filosof\u00eda latinoamericana. Desde el a\u00f1o 2000 trabaja junto a Franz Hinkelammert en temas de Filosof\u00eda Pol\u00edtica.<\/p>\n<p>Actualmente es Investigadora Principal del CONICET y Profesora Titular Efectiva de la asignatura \u201cProblem\u00e1tica Filos\u00f3fica\u201d de la Facultad de Ciencias Pol\u00edticas y Sociales, Universidad Nacional de Cuyo. Se desempe\u00f1a adem\u00e1s como Directora del Doctorado en Arte Latinoamericano de la Facultad de Artes y Dise\u00f1o de la misma universidad.<\/p>\n<p>Es autora de una centena de trabajos publicados en revistas de su especialidad y en libros colectivos, as\u00ed como de los siguientes libros: (2001) <i>Itinerarios socialistas en Am\u00e9rica Latina<\/i>, Alci\u00f3n; (2001) <i>Revoluci\u00f3n y utop\u00eda. Francisco de Miranda y la independencia hispanoamericana<\/i>,<i> <\/i>EDIUNC; (2007) <i>Racionalidad, utop\u00eda y modernidad. El pensamiento cr\u00edtico de Franz Hinkelammert<\/i>, Universidad Bolivariana, 2007; y (2012) <i>Teolog\u00eda profana y pensamiento cr\u00edtico. Conversaciones con Franz Hinkelammert<\/i>, CLACSO y CICCUS, (en colaboraci\u00f3n con G. Silnik).<\/p>\n<p><img loading=\"lazy\" decoding=\"async\" class=\"alignright size-medium wp-image-1973\" alt=\"presentacion-libro-teologia-profana\" src=\"http:\/\/ffyh.unc.edu.ar\/ciffyh\/wp-content\/uploads\/sites\/10\/2013\/09\/presentacion-libro-teologia-profana-247x300.jpg\" width=\"247\" height=\"300\" \/><\/p>\n<p>El <strong>viernes 27<\/strong>, a las 16:30 hs,\u00a0en el Aula 12 del Pabell\u00f3n Casa Verde (Ciudad Universitaria),\u00a0<b>Mar\u00eda Cristina Liendo<\/b> y<b> Carlos Asselborn<\/b> presentar\u00e1n el libro\u00a0<b>\u201cTeolog\u00eda profana y pensamiento cr\u00edtico. Conversaciones con Franz Hinkelammert\u201d<\/b>, de\u00a0Estela Fern\u00e1ndez Nadal y Gustavo Daniel Silnik<\/p>\n<p><b><i>\u00abTeolog\u00eda profana y pensamiento cr\u00edtico<\/i><\/b>\u00a0es un an\u00e1lisis sin concesiones sobre las divinidades que pueblan nuestra sociedad secularizada y sobre los mitos que justifican la obediencia a su l\u00f3gica \u00abracional\u00bb; un an\u00e1lisis necesario en tanto es la base sobre la que tiene que levantarse hoy un pensamiento que aspira a ser cr\u00edtico, en el sentido emancipatorio en que Franz Hinkelammert entiende ese t\u00e9rmino\u00bb<\/p>\n<p>Franz Hinkelammert ha elaborado una interpretaci\u00f3n de la Modernidad, particularmente de la Modernidad tardo capitalista actual, donde la comprensi\u00f3n de las continuidades y rupturas de la Modernidad con la Cristiandad exigen una revisi\u00f3n radical del concepto de secularizaci\u00f3n a fin de permitirnos captar la pervivencia de una mitolog\u00eda tan antigua como resistente que, con nuevos envoltorios, proporcionados por ideolog\u00edas profanas, mantiene vivos todos los lugares.<\/p>\n<p>Finalmente, el 27, a las 18:30 hs, en el Aula B del Pabell\u00f3n Residencial, ser\u00e1 la conferencia\u00a0<b>\u201cCo-investigaci\u00f3n, memoria e identidad en los Valles Calchaqu\u00edes\u201d<\/b>, dictada por\u00a0<b>Adriana Zaffaroni<\/b>.<\/p>\n<p><a style=\"color: #074d7c;cursor: pointer\" href=\"http:\/\/ffyh.unc.edu.ar\/ciffyh\/wp-content\/uploads\/sites\/10\/2013\/09\/conferencia-zaffaroni.jpg\"><img loading=\"lazy\" decoding=\"async\" class=\"alignright size-medium wp-image-1974\" alt=\"conferencia-zaffaroni\" src=\"http:\/\/ffyh.unc.edu.ar\/ciffyh\/wp-content\/uploads\/sites\/10\/2013\/09\/conferencia-zaffaroni-300x164.jpg\" width=\"300\" height=\"164\" srcset=\"https:\/\/ffyh.unc.edu.ar\/ciffyh\/wp-content\/uploads\/sites\/10\/2013\/09\/conferencia-zaffaroni-300x164.jpg 300w, https:\/\/ffyh.unc.edu.ar\/ciffyh\/wp-content\/uploads\/sites\/10\/2013\/09\/conferencia-zaffaroni.jpg 400w\" sizes=\"(max-width: 300px) 100vw, 300px\" \/><\/a><\/p>\n<p>Zaffaroni es soci\u00f3loga por la UBA, Master en Gesti\u00f3n y Pol\u00edticas Culturales (INAP) y Dra en Ciencias Sociales UBA. Fundadora del Colectivo Rescoldo y de la Red Latinoamericana PACARINA, dirige hace 5 a\u00f1os el Centro de Investigaciones en Lenguas, Educaci\u00f3n y Culturas Ind\u00edgenas de la Facultad de Humanidades de la UNSalta. \u00a0Est\u00e1 a cargo de las C\u00e1tedras: Investigaci\u00f3n Educativa de la Carrera de Ciencias de la Educaci\u00f3n; Seminario de Metodolog\u00eda de la Investigaci\u00f3n y Tesis de la Carrera de Ciencias de la Comunicaci\u00f3n y la materia optativa para la Facultad de Humanidades \u00abPr\u00e1cticas intelectuales y reflexividad\u00bb.<\/p>\n<p>Es autora de diversas publicaciones en Argentina y Latinoam\u00e9rica. Dirige el Programa de Coinvestigaci\u00f3n Memoria e Identidad en los Valles Calchaqu\u00edes. En su car\u00e1cter de Presidente de la Red Latinoamericana PACARINA convoca anualmente a la realizaci\u00f3n \u00a0del Simposio Latinoamericano de Ciencias Sociales y Humanidades. \u00a0Es directora\/editora de la Revista Latinoamericana PACARINA.<\/p>\n<p><b>En esta oportunidad se dar\u00e1 cuenta de las reflexiones en cuanto a la producci\u00f3n de conocimiento en el marco de una experiencia colectiva junto a los actores sociales, en un espacio de disputa entre hegemon\u00edas y resistencias que proyectan la revitalizaci\u00f3n de nuevas formas de accionar de los movimientos sociales desde un proceso de visibilizaci\u00f3n de \u00a0la memoria tr\u00e1gica y la recuperaci\u00f3n identitaria del territorio cultural kakan.<\/b><\/p>\n","protected":false},"excerpt":{"rendered":"<p>En el\u00a0marco del Ciclo de Conferencias de las VI Jornadas Regionales Interc\u00e1tedras de Pensamiento Latinoamericano, organizadas por la c\u00e1tedra de<\/p>\n","protected":false},"author":1,"featured_media":0,"comment_status":"closed","ping_status":"open","sticky":false,"template":"","format":"standard","meta":{"_acf_changed":false,"colormag_page_container_layout":"default_layout","colormag_page_sidebar_layout":"default_layout","footnotes":""},"categories":[3,7,8],"tags":[],"class_list":["post-1965","post","type-post","status-publish","format-standard","hentry","category-conferencias","category-jornadas","category-noticias"],"acf":[],"yoast_head":"<!-- This site is optimized with the Yoast SEO plugin v27.1.1 - https:\/\/yoast.com\/product\/yoast-seo-wordpress\/ -->\n<title>Conferencias y presentaciones de libros en las VI Jornadas Regionales Interc\u00e1tedras de Pensamiento Latinoamericano - Centro de Investigaciones &quot;Maria Saleme de Burnichon&quot;<\/title>\n<meta name=\"robots\" content=\"index, follow, max-snippet:-1, max-image-preview:large, max-video-preview:-1\" \/>\n<link rel=\"canonical\" href=\"https:\/\/ffyh.unc.edu.ar\/ciffyh\/conferencias-presentaciones-libros-vi-jornadas-pensamiento-latinoamericano\/\" \/>\n<meta property=\"og:locale\" content=\"es_ES\" \/>\n<meta property=\"og:type\" content=\"article\" \/>\n<meta property=\"og:title\" content=\"Conferencias y presentaciones de libros en las VI Jornadas Regionales Interc\u00e1tedras de Pensamiento Latinoamericano - Centro de Investigaciones &quot;Maria Saleme de Burnichon&quot;\" \/>\n<meta property=\"og:description\" content=\"En el\u00a0marco del Ciclo de Conferencias de las VI Jornadas Regionales Interc\u00e1tedras de Pensamiento Latinoamericano, organizadas por la c\u00e1tedra de\" \/>\n<meta property=\"og:url\" content=\"https:\/\/ffyh.unc.edu.ar\/ciffyh\/conferencias-presentaciones-libros-vi-jornadas-pensamiento-latinoamericano\/\" \/>\n<meta property=\"og:site_name\" content=\"Centro de Investigaciones &quot;Maria Saleme de Burnichon&quot;\" \/>\n<meta property=\"article:published_time\" content=\"2013-09-23T16:02:20+00:00\" \/>\n<meta property=\"og:image\" content=\"http:\/\/ffyh.unc.edu.ar\/ciffyh\/wp-content\/uploads\/sites\/10\/2013\/08\/logo-jornadas-pensamiento-latinoamericano-150x150.jpg\" \/>\n<meta name=\"author\" content=\"soporte\" \/>\n<meta name=\"twitter:card\" content=\"summary_large_image\" \/>\n<meta name=\"twitter:label1\" content=\"Escrito por\" \/>\n\t<meta name=\"twitter:data1\" content=\"\" \/>\n\t<meta name=\"twitter:label2\" content=\"Tiempo de lectura\" \/>\n\t<meta name=\"twitter:data2\" content=\"5 minutos\" \/>\n<script type=\"application\/ld+json\" class=\"yoast-schema-graph\">{\"@context\":\"https:\/\/schema.org\",\"@graph\":[{\"@type\":\"Article\",\"@id\":\"https:\/\/ffyh.unc.edu.ar\/ciffyh\/conferencias-presentaciones-libros-vi-jornadas-pensamiento-latinoamericano\/#article\",\"isPartOf\":{\"@id\":\"https:\/\/ffyh.unc.edu.ar\/ciffyh\/conferencias-presentaciones-libros-vi-jornadas-pensamiento-latinoamericano\/\"},\"author\":{\"name\":\"soporte\",\"@id\":\"https:\/\/ffyh.unc.edu.ar\/ciffyh\/#\/schema\/person\/57a743469801e7e195e268bfe4c52190\"},\"headline\":\"Conferencias y presentaciones de libros en las VI Jornadas Regionales Interc\u00e1tedras de Pensamiento Latinoamericano\",\"datePublished\":\"2013-09-23T16:02:20+00:00\",\"mainEntityOfPage\":{\"@id\":\"https:\/\/ffyh.unc.edu.ar\/ciffyh\/conferencias-presentaciones-libros-vi-jornadas-pensamiento-latinoamericano\/\"},\"wordCount\":1005,\"publisher\":{\"@id\":\"https:\/\/ffyh.unc.edu.ar\/ciffyh\/#organization\"},\"image\":{\"@id\":\"https:\/\/ffyh.unc.edu.ar\/ciffyh\/conferencias-presentaciones-libros-vi-jornadas-pensamiento-latinoamericano\/#primaryimage\"},\"thumbnailUrl\":\"http:\/\/ffyh.unc.edu.ar\/ciffyh\/wp-content\/uploads\/sites\/10\/2013\/08\/logo-jornadas-pensamiento-latinoamericano-150x150.jpg\",\"articleSection\":[\"Conferencias\",\"Jornadas\",\"Noticias\"],\"inLanguage\":\"es\"},{\"@type\":\"WebPage\",\"@id\":\"https:\/\/ffyh.unc.edu.ar\/ciffyh\/conferencias-presentaciones-libros-vi-jornadas-pensamiento-latinoamericano\/\",\"url\":\"https:\/\/ffyh.unc.edu.ar\/ciffyh\/conferencias-presentaciones-libros-vi-jornadas-pensamiento-latinoamericano\/\",\"name\":\"Conferencias y presentaciones de libros en las VI Jornadas Regionales Interc\u00e1tedras de Pensamiento Latinoamericano - Centro de Investigaciones &quot;Maria Saleme de Burnichon&quot;\",\"isPartOf\":{\"@id\":\"https:\/\/ffyh.unc.edu.ar\/ciffyh\/#website\"},\"primaryImageOfPage\":{\"@id\":\"https:\/\/ffyh.unc.edu.ar\/ciffyh\/conferencias-presentaciones-libros-vi-jornadas-pensamiento-latinoamericano\/#primaryimage\"},\"image\":{\"@id\":\"https:\/\/ffyh.unc.edu.ar\/ciffyh\/conferencias-presentaciones-libros-vi-jornadas-pensamiento-latinoamericano\/#primaryimage\"},\"thumbnailUrl\":\"http:\/\/ffyh.unc.edu.ar\/ciffyh\/wp-content\/uploads\/sites\/10\/2013\/08\/logo-jornadas-pensamiento-latinoamericano-150x150.jpg\",\"datePublished\":\"2013-09-23T16:02:20+00:00\",\"breadcrumb\":{\"@id\":\"https:\/\/ffyh.unc.edu.ar\/ciffyh\/conferencias-presentaciones-libros-vi-jornadas-pensamiento-latinoamericano\/#breadcrumb\"},\"inLanguage\":\"es\",\"potentialAction\":[{\"@type\":\"ReadAction\",\"target\":[\"https:\/\/ffyh.unc.edu.ar\/ciffyh\/conferencias-presentaciones-libros-vi-jornadas-pensamiento-latinoamericano\/\"]}]},{\"@type\":\"ImageObject\",\"inLanguage\":\"es\",\"@id\":\"https:\/\/ffyh.unc.edu.ar\/ciffyh\/conferencias-presentaciones-libros-vi-jornadas-pensamiento-latinoamericano\/#primaryimage\",\"url\":\"http:\/\/ffyh.unc.edu.ar\/ciffyh\/wp-content\/uploads\/sites\/10\/2013\/08\/logo-jornadas-pensamiento-latinoamericano-150x150.jpg\",\"contentUrl\":\"http:\/\/ffyh.unc.edu.ar\/ciffyh\/wp-content\/uploads\/sites\/10\/2013\/08\/logo-jornadas-pensamiento-latinoamericano-150x150.jpg\"},{\"@type\":\"BreadcrumbList\",\"@id\":\"https:\/\/ffyh.unc.edu.ar\/ciffyh\/conferencias-presentaciones-libros-vi-jornadas-pensamiento-latinoamericano\/#breadcrumb\",\"itemListElement\":[{\"@type\":\"ListItem\",\"position\":1,\"name\":\"Portada\",\"item\":\"https:\/\/ffyh.unc.edu.ar\/ciffyh\/\"},{\"@type\":\"ListItem\",\"position\":2,\"name\":\"Conferencias y presentaciones de libros en las VI Jornadas Regionales Interc\u00e1tedras de Pensamiento Latinoamericano\"}]},{\"@type\":\"WebSite\",\"@id\":\"https:\/\/ffyh.unc.edu.ar\/ciffyh\/#website\",\"url\":\"https:\/\/ffyh.unc.edu.ar\/ciffyh\/\",\"name\":\"Centro de Investigaciones \\\"Maria Saleme de Burnichon\\\"\",\"description\":\"Facultad de Filosof\u00eda y Humanidades | UNC\",\"publisher\":{\"@id\":\"https:\/\/ffyh.unc.edu.ar\/ciffyh\/#organization\"},\"potentialAction\":[{\"@type\":\"SearchAction\",\"target\":{\"@type\":\"EntryPoint\",\"urlTemplate\":\"https:\/\/ffyh.unc.edu.ar\/ciffyh\/?s={search_term_string}\"},\"query-input\":{\"@type\":\"PropertyValueSpecification\",\"valueRequired\":true,\"valueName\":\"search_term_string\"}}],\"inLanguage\":\"es\"},{\"@type\":\"Organization\",\"@id\":\"https:\/\/ffyh.unc.edu.ar\/ciffyh\/#organization\",\"name\":\"Centro de Investigaciones \\\"Maria Saleme de Burnichon\\\"\",\"url\":\"https:\/\/ffyh.unc.edu.ar\/ciffyh\/\",\"logo\":{\"@type\":\"ImageObject\",\"inLanguage\":\"es\",\"@id\":\"https:\/\/ffyh.unc.edu.ar\/ciffyh\/#\/schema\/logo\/image\/\",\"url\":\"https:\/\/ffyh.unc.edu.ar\/ciffyh\/wp-content\/uploads\/sites\/10\/2018\/02\/cropped-logo-ciffyh-ico.png\",\"contentUrl\":\"https:\/\/ffyh.unc.edu.ar\/ciffyh\/wp-content\/uploads\/sites\/10\/2018\/02\/cropped-logo-ciffyh-ico.png\",\"width\":512,\"height\":512,\"caption\":\"Centro de Investigaciones \\\"Maria Saleme de Burnichon\\\"\"},\"image\":{\"@id\":\"https:\/\/ffyh.unc.edu.ar\/ciffyh\/#\/schema\/logo\/image\/\"},\"sameAs\":[\"https:\/\/www.instagram.com\/ciffyh\/\"]},{\"@type\":\"Person\",\"@id\":\"https:\/\/ffyh.unc.edu.ar\/ciffyh\/#\/schema\/person\/57a743469801e7e195e268bfe4c52190\",\"name\":\"soporte\",\"image\":{\"@type\":\"ImageObject\",\"inLanguage\":\"es\",\"@id\":\"https:\/\/ffyh.unc.edu.ar\/ciffyh\/#\/schema\/person\/image\/\",\"url\":\"https:\/\/secure.gravatar.com\/avatar\/ccd40043e5faec50f5bfc8fd1ba508e2228f018210ddcbcf662ed4624d9038c2?s=96&d=mm&r=g\",\"contentUrl\":\"https:\/\/secure.gravatar.com\/avatar\/ccd40043e5faec50f5bfc8fd1ba508e2228f018210ddcbcf662ed4624d9038c2?s=96&d=mm&r=g\",\"caption\":\"soporte\"},\"url\":\"https:\/\/ffyh.unc.edu.ar\/ciffyh\/author\/admin\/\"}]}<\/script>\n<!-- \/ Yoast SEO plugin. -->","yoast_head_json":{"title":"Conferencias y presentaciones de libros en las VI Jornadas Regionales Interc\u00e1tedras de Pensamiento Latinoamericano - Centro de Investigaciones &quot;Maria Saleme de Burnichon&quot;","robots":{"index":"index","follow":"follow","max-snippet":"max-snippet:-1","max-image-preview":"max-image-preview:large","max-video-preview":"max-video-preview:-1"},"canonical":"https:\/\/ffyh.unc.edu.ar\/ciffyh\/conferencias-presentaciones-libros-vi-jornadas-pensamiento-latinoamericano\/","og_locale":"es_ES","og_type":"article","og_title":"Conferencias y presentaciones de libros en las VI Jornadas Regionales Interc\u00e1tedras de Pensamiento Latinoamericano - Centro de Investigaciones &quot;Maria Saleme de Burnichon&quot;","og_description":"En el\u00a0marco del Ciclo de Conferencias de las VI Jornadas Regionales Interc\u00e1tedras de Pensamiento Latinoamericano, organizadas por la c\u00e1tedra de","og_url":"https:\/\/ffyh.unc.edu.ar\/ciffyh\/conferencias-presentaciones-libros-vi-jornadas-pensamiento-latinoamericano\/","og_site_name":"Centro de Investigaciones &quot;Maria Saleme de Burnichon&quot;","article_published_time":"2013-09-23T16:02:20+00:00","og_image":[{"url":"http:\/\/ffyh.unc.edu.ar\/ciffyh\/wp-content\/uploads\/sites\/10\/2013\/08\/logo-jornadas-pensamiento-latinoamericano-150x150.jpg","type":"","width":"","height":""}],"author":"soporte","twitter_card":"summary_large_image","twitter_misc":{"Escrito por":false,"Tiempo de lectura":"5 minutos"},"schema":{"@context":"https:\/\/schema.org","@graph":[{"@type":"Article","@id":"https:\/\/ffyh.unc.edu.ar\/ciffyh\/conferencias-presentaciones-libros-vi-jornadas-pensamiento-latinoamericano\/#article","isPartOf":{"@id":"https:\/\/ffyh.unc.edu.ar\/ciffyh\/conferencias-presentaciones-libros-vi-jornadas-pensamiento-latinoamericano\/"},"author":{"name":"soporte","@id":"https:\/\/ffyh.unc.edu.ar\/ciffyh\/#\/schema\/person\/57a743469801e7e195e268bfe4c52190"},"headline":"Conferencias y presentaciones de libros en las VI Jornadas Regionales Interc\u00e1tedras de Pensamiento Latinoamericano","datePublished":"2013-09-23T16:02:20+00:00","mainEntityOfPage":{"@id":"https:\/\/ffyh.unc.edu.ar\/ciffyh\/conferencias-presentaciones-libros-vi-jornadas-pensamiento-latinoamericano\/"},"wordCount":1005,"publisher":{"@id":"https:\/\/ffyh.unc.edu.ar\/ciffyh\/#organization"},"image":{"@id":"https:\/\/ffyh.unc.edu.ar\/ciffyh\/conferencias-presentaciones-libros-vi-jornadas-pensamiento-latinoamericano\/#primaryimage"},"thumbnailUrl":"http:\/\/ffyh.unc.edu.ar\/ciffyh\/wp-content\/uploads\/sites\/10\/2013\/08\/logo-jornadas-pensamiento-latinoamericano-150x150.jpg","articleSection":["Conferencias","Jornadas","Noticias"],"inLanguage":"es"},{"@type":"WebPage","@id":"https:\/\/ffyh.unc.edu.ar\/ciffyh\/conferencias-presentaciones-libros-vi-jornadas-pensamiento-latinoamericano\/","url":"https:\/\/ffyh.unc.edu.ar\/ciffyh\/conferencias-presentaciones-libros-vi-jornadas-pensamiento-latinoamericano\/","name":"Conferencias y presentaciones de libros en las VI Jornadas Regionales Interc\u00e1tedras de Pensamiento Latinoamericano - Centro de Investigaciones &quot;Maria Saleme de Burnichon&quot;","isPartOf":{"@id":"https:\/\/ffyh.unc.edu.ar\/ciffyh\/#website"},"primaryImageOfPage":{"@id":"https:\/\/ffyh.unc.edu.ar\/ciffyh\/conferencias-presentaciones-libros-vi-jornadas-pensamiento-latinoamericano\/#primaryimage"},"image":{"@id":"https:\/\/ffyh.unc.edu.ar\/ciffyh\/conferencias-presentaciones-libros-vi-jornadas-pensamiento-latinoamericano\/#primaryimage"},"thumbnailUrl":"http:\/\/ffyh.unc.edu.ar\/ciffyh\/wp-content\/uploads\/sites\/10\/2013\/08\/logo-jornadas-pensamiento-latinoamericano-150x150.jpg","datePublished":"2013-09-23T16:02:20+00:00","breadcrumb":{"@id":"https:\/\/ffyh.unc.edu.ar\/ciffyh\/conferencias-presentaciones-libros-vi-jornadas-pensamiento-latinoamericano\/#breadcrumb"},"inLanguage":"es","potentialAction":[{"@type":"ReadAction","target":["https:\/\/ffyh.unc.edu.ar\/ciffyh\/conferencias-presentaciones-libros-vi-jornadas-pensamiento-latinoamericano\/"]}]},{"@type":"ImageObject","inLanguage":"es","@id":"https:\/\/ffyh.unc.edu.ar\/ciffyh\/conferencias-presentaciones-libros-vi-jornadas-pensamiento-latinoamericano\/#primaryimage","url":"http:\/\/ffyh.unc.edu.ar\/ciffyh\/wp-content\/uploads\/sites\/10\/2013\/08\/logo-jornadas-pensamiento-latinoamericano-150x150.jpg","contentUrl":"http:\/\/ffyh.unc.edu.ar\/ciffyh\/wp-content\/uploads\/sites\/10\/2013\/08\/logo-jornadas-pensamiento-latinoamericano-150x150.jpg"},{"@type":"BreadcrumbList","@id":"https:\/\/ffyh.unc.edu.ar\/ciffyh\/conferencias-presentaciones-libros-vi-jornadas-pensamiento-latinoamericano\/#breadcrumb","itemListElement":[{"@type":"ListItem","position":1,"name":"Portada","item":"https:\/\/ffyh.unc.edu.ar\/ciffyh\/"},{"@type":"ListItem","position":2,"name":"Conferencias y presentaciones de libros en las VI Jornadas Regionales Interc\u00e1tedras de Pensamiento Latinoamericano"}]},{"@type":"WebSite","@id":"https:\/\/ffyh.unc.edu.ar\/ciffyh\/#website","url":"https:\/\/ffyh.unc.edu.ar\/ciffyh\/","name":"Centro de Investigaciones \"Maria Saleme de Burnichon\"","description":"Facultad de Filosof\u00eda y Humanidades | UNC","publisher":{"@id":"https:\/\/ffyh.unc.edu.ar\/ciffyh\/#organization"},"potentialAction":[{"@type":"SearchAction","target":{"@type":"EntryPoint","urlTemplate":"https:\/\/ffyh.unc.edu.ar\/ciffyh\/?s={search_term_string}"},"query-input":{"@type":"PropertyValueSpecification","valueRequired":true,"valueName":"search_term_string"}}],"inLanguage":"es"},{"@type":"Organization","@id":"https:\/\/ffyh.unc.edu.ar\/ciffyh\/#organization","name":"Centro de Investigaciones \"Maria Saleme de Burnichon\"","url":"https:\/\/ffyh.unc.edu.ar\/ciffyh\/","logo":{"@type":"ImageObject","inLanguage":"es","@id":"https:\/\/ffyh.unc.edu.ar\/ciffyh\/#\/schema\/logo\/image\/","url":"https:\/\/ffyh.unc.edu.ar\/ciffyh\/wp-content\/uploads\/sites\/10\/2018\/02\/cropped-logo-ciffyh-ico.png","contentUrl":"https:\/\/ffyh.unc.edu.ar\/ciffyh\/wp-content\/uploads\/sites\/10\/2018\/02\/cropped-logo-ciffyh-ico.png","width":512,"height":512,"caption":"Centro de Investigaciones \"Maria Saleme de Burnichon\""},"image":{"@id":"https:\/\/ffyh.unc.edu.ar\/ciffyh\/#\/schema\/logo\/image\/"},"sameAs":["https:\/\/www.instagram.com\/ciffyh\/"]},{"@type":"Person","@id":"https:\/\/ffyh.unc.edu.ar\/ciffyh\/#\/schema\/person\/57a743469801e7e195e268bfe4c52190","name":"soporte","image":{"@type":"ImageObject","inLanguage":"es","@id":"https:\/\/ffyh.unc.edu.ar\/ciffyh\/#\/schema\/person\/image\/","url":"https:\/\/secure.gravatar.com\/avatar\/ccd40043e5faec50f5bfc8fd1ba508e2228f018210ddcbcf662ed4624d9038c2?s=96&d=mm&r=g","contentUrl":"https:\/\/secure.gravatar.com\/avatar\/ccd40043e5faec50f5bfc8fd1ba508e2228f018210ddcbcf662ed4624d9038c2?s=96&d=mm&r=g","caption":"soporte"},"url":"https:\/\/ffyh.unc.edu.ar\/ciffyh\/author\/admin\/"}]}},"jetpack_featured_media_url":"","_links":{"self":[{"href":"https:\/\/ffyh.unc.edu.ar\/ciffyh\/wp-json\/wp\/v2\/posts\/1965","targetHints":{"allow":["GET"]}}],"collection":[{"href":"https:\/\/ffyh.unc.edu.ar\/ciffyh\/wp-json\/wp\/v2\/posts"}],"about":[{"href":"https:\/\/ffyh.unc.edu.ar\/ciffyh\/wp-json\/wp\/v2\/types\/post"}],"author":[{"embeddable":true,"href":"https:\/\/ffyh.unc.edu.ar\/ciffyh\/wp-json\/wp\/v2\/users\/1"}],"replies":[{"embeddable":true,"href":"https:\/\/ffyh.unc.edu.ar\/ciffyh\/wp-json\/wp\/v2\/comments?post=1965"}],"version-history":[{"count":0,"href":"https:\/\/ffyh.unc.edu.ar\/ciffyh\/wp-json\/wp\/v2\/posts\/1965\/revisions"}],"wp:attachment":[{"href":"https:\/\/ffyh.unc.edu.ar\/ciffyh\/wp-json\/wp\/v2\/media?parent=1965"}],"wp:term":[{"taxonomy":"category","embeddable":true,"href":"https:\/\/ffyh.unc.edu.ar\/ciffyh\/wp-json\/wp\/v2\/categories?post=1965"},{"taxonomy":"post_tag","embeddable":true,"href":"https:\/\/ffyh.unc.edu.ar\/ciffyh\/wp-json\/wp\/v2\/tags?post=1965"}],"curies":[{"name":"wp","href":"https:\/\/api.w.org\/{rel}","templated":true}]}}