{"id":2349,"date":"2014-09-10T13:56:46","date_gmt":"2014-09-10T16:56:46","guid":{"rendered":"http:\/\/www.ffyh.unc.edu.ar\/ciffyh\/?p=2349"},"modified":"2014-09-10T13:56:46","modified_gmt":"2014-09-10T16:56:46","slug":"convocatoria-de-articulos-para-el-6o-numero-de-la-revista-intersticios-de-la-politica-y-la-cultura-intervenciones-latinoamericanas","status":"publish","type":"post","link":"https:\/\/ffyh.unc.edu.ar\/ciffyh\/convocatoria-de-articulos-para-el-6o-numero-de-la-revista-intersticios-de-la-politica-y-la-cultura-intervenciones-latinoamericanas\/","title":{"rendered":"Convocatoria de art\u00edculos para el 6\u00ba n\u00famero de la revista \u201cIntersticios de la pol\u00edtica y la Cultura. Intervenciones Latinoamericanas\u201d"},"content":{"rendered":"<p><a href=\"http:\/\/ffyh.unc.edu.ar\/ciffyh\/wp-content\/uploads\/sites\/10\/2014\/08\/Intersticios.jpg\"><img decoding=\"async\" class=\"alignleft size-thumbnail wp-image-2350\" src=\"http:\/\/ffyh.unc.edu.ar\/ciffyh\/wp-content\/uploads\/sites\/10\/2014\/08\/Intersticios-150x150.jpg\" alt=\"Intersticios\" width=\"150\" height=\"150\" \/><\/a>El\u00a0Grupo de Filosof\u00eda Latinoamericana de la UNC invita a participar en el\u00a0sexto n\u00famero\u00a0de la revista <strong>Intersticios de la pol\u00edtica y la Cultura. Intervenciones Latinoamericanas<\/strong>, cuyo tema ser\u00e1\u00a0\u201c<strong>Pedagog\u00edas emancipatorias. Di\u00e1logos sur-sur<\/strong>\u201d. Los trabajos se reciben hasta el 14 de octubre de 2014.<\/p>\n<p><!--more--><\/p>\n<p>Esta publicaci\u00f3n naci\u00f3 con el fin de promover una mayor\u00a0circulaci\u00f3n de las producciones de diferentes disciplinas de las humanidades, que elaboran textos con contenidos transversales interesados en las problem\u00e1ticas latinoamericanas.\u00a0La invitaci\u00f3n, entonces, es a contribuir desde diversas \u00e1reas y temas, como pueden ser la geograf\u00eda, las disciplinas de la historia, la literatura y la cr\u00edtica literaria, el cine, los estudios culturales, la pol\u00edtica, las ciencias sociales, la antropolog\u00eda, los feminismos del tercer mundo y la pedagog\u00eda;\u00a0abriendo al surgimiento de amplias variedades de escritura, cr\u00edtica, construcci\u00f3n y\u00a0deconstrucci\u00f3n, en la academia\u00a0y\u00a0fuera de ella, reconociendo los diversos lugares de producci\u00f3n social del conocimiento.<\/p>\n<p>En este n\u00famero, el tema convocante ser\u00e1 \u201c<strong>Pedagog\u00edas emancipatorias. Di\u00e1logos sur-sur<\/strong>\u201d, que plantea poner en debate\u00a0la relaci\u00f3n pensamiento-experiencia,\u00a0la\u00a0recuperaci\u00f3n\u00a0de las tradiciones culturales acalladas, el lugar de la educaci\u00f3n popular hoy, las pedagog\u00edas presentes en los movimientos sociales, y la problem\u00e1tica vinculada a los t\u00e9rminos liberaci\u00f3n-emancipaci\u00f3n; con la intenci\u00f3n de producir un conocimiento otro en el marco del di\u00e1logo sur-sur.<\/p>\n<p><strong>Condiciones de participaci\u00f3n<\/strong><\/p>\n<p>Se aceptar\u00e1n\u00a0\u00fanicamente\u00a0trabajos originales e in\u00e9ditos, que ser\u00e1n considerados por el Comit\u00e9 Editorial para su publicaci\u00f3n. Asimismo, es imprescindible que las presentaciones propuestas no est\u00e9n postuladas para su publicaci\u00f3n en otras revistas u \u00f3rganos editoriales.\u00a0Los trabajos que se encuentren en condiciones de ser publicados, esto es, que hayan pasado la revisi\u00f3n a ciegas, se editar\u00e1n en el n\u00famero de la revista postulado o en el siguiente. De esta manera el grupo editorial se reserva los derechos sobre los art\u00edculos publicados y por publicar.<\/p>\n<p>La revista se encuentra indizada en DOAJ y en el Portal de\u00a0Revistas de la\u00a0UNC,\u00a0por lo tanto es\u00a0importante para poder acceder a la revista como \u201cAUTOR\u201d ingresar a la\u00a0p\u00e1gina\u00a0<a href=\"http:\/\/revistas.unc.edu.ar\/index.php\/intersticios\" target=\"_blank\">http:\/\/revistas.unc.edu.ar\/index.php\/intersticios<\/a>, y crear\u00a0un USUARIO y CONTRASE\u00d1A.\u00a0Las pautas de publicaci\u00f3n se pueden consultar en la p\u00e1gina de la Revista:\u00a0<a href=\"http:\/\/revistas.unc.edu.ar\/index.php\/intersticios\/about\/submissions#authorGuidelines\" target=\"_blank\">http:\/\/revistas.unc.edu.ar\/index.php\/intersticios\/about\/submissions#authorGuidelines<\/a>.<\/p>\n<p>La fecha l\u00edmite de presentaci\u00f3n de trabajos, para cualquiera de las secciones, es el <strong>14 de octubre de 2014.<\/strong><\/p>\n<p>Ante cualquier duda consultar a:<\/p>\n<p>Editora Responsable: Lic. Ana\u00a0Britos:\u00a0<a href=\"mailto:anivritos@hotmail.com\">anivritos@hotmail.com<\/a><\/p>\n<p>Directora: Dra. Paola\u00a0Gramaglia:\u00a0<a href=\"mailto:paolagramaglia@yahoo.com.ar\">paolagramaglia@yahoo.com.ar<\/a><\/p>\n<p><a href=\"http:\/\/ffyh.unc.edu.ar\/ciffyh\/wp-content\/uploads\/sites\/10\/2014\/08\/Intersticios.jpg\"><img fetchpriority=\"high\" decoding=\"async\" class=\"alignnone size-full wp-image-2350\" src=\"http:\/\/ffyh.unc.edu.ar\/ciffyh\/wp-content\/uploads\/sites\/10\/2014\/08\/Intersticios.jpg\" alt=\"Intersticios\" width=\"993\" height=\"225\" srcset=\"https:\/\/ffyh.unc.edu.ar\/ciffyh\/wp-content\/uploads\/sites\/10\/2014\/08\/Intersticios.jpg 993w, https:\/\/ffyh.unc.edu.ar\/ciffyh\/wp-content\/uploads\/sites\/10\/2014\/08\/Intersticios-300x68.jpg 300w, https:\/\/ffyh.unc.edu.ar\/ciffyh\/wp-content\/uploads\/sites\/10\/2014\/08\/Intersticios-768x174.jpg 768w\" sizes=\"(max-width: 993px) 100vw, 993px\" \/><\/a><\/p>\n","protected":false},"excerpt":{"rendered":"<p>El\u00a0Grupo de Filosof\u00eda Latinoamericana de la UNC invita a participar en el\u00a0sexto n\u00famero\u00a0de la revista Intersticios de la pol\u00edtica y<\/p>\n","protected":false},"author":1,"featured_media":0,"comment_status":"closed","ping_status":"open","sticky":false,"template":"","format":"standard","meta":{"_acf_changed":false,"colormag_page_container_layout":"default_layout","colormag_page_sidebar_layout":"default_layout","footnotes":""},"categories":[8],"tags":[],"class_list":["post-2349","post","type-post","status-publish","format-standard","hentry","category-noticias"],"acf":[],"yoast_head":"<!-- This site is optimized with the Yoast SEO plugin v27.1.1 - https:\/\/yoast.com\/product\/yoast-seo-wordpress\/ -->\n<title>Convocatoria de art\u00edculos para el 6\u00ba n\u00famero de la revista \u201cIntersticios de la pol\u00edtica y la Cultura. Intervenciones Latinoamericanas\u201d - Centro de Investigaciones &quot;Maria Saleme de Burnichon&quot;<\/title>\n<meta name=\"robots\" content=\"index, follow, max-snippet:-1, max-image-preview:large, max-video-preview:-1\" \/>\n<link rel=\"canonical\" href=\"https:\/\/ffyh.unc.edu.ar\/ciffyh\/convocatoria-de-articulos-para-el-6o-numero-de-la-revista-intersticios-de-la-politica-y-la-cultura-intervenciones-latinoamericanas\/\" \/>\n<meta property=\"og:locale\" content=\"es_ES\" \/>\n<meta property=\"og:type\" content=\"article\" \/>\n<meta property=\"og:title\" content=\"Convocatoria de art\u00edculos para el 6\u00ba n\u00famero de la revista \u201cIntersticios de la pol\u00edtica y la Cultura. Intervenciones Latinoamericanas\u201d - Centro de Investigaciones &quot;Maria Saleme de Burnichon&quot;\" \/>\n<meta property=\"og:description\" content=\"El\u00a0Grupo de Filosof\u00eda Latinoamericana de la UNC invita a participar en el\u00a0sexto n\u00famero\u00a0de la revista Intersticios de la pol\u00edtica y\" \/>\n<meta property=\"og:url\" content=\"https:\/\/ffyh.unc.edu.ar\/ciffyh\/convocatoria-de-articulos-para-el-6o-numero-de-la-revista-intersticios-de-la-politica-y-la-cultura-intervenciones-latinoamericanas\/\" \/>\n<meta property=\"og:site_name\" content=\"Centro de Investigaciones &quot;Maria Saleme de Burnichon&quot;\" \/>\n<meta property=\"article:published_time\" content=\"2014-09-10T16:56:46+00:00\" \/>\n<meta property=\"og:image\" content=\"http:\/\/ffyh.unc.edu.ar\/ciffyh\/wp-content\/uploads\/sites\/10\/2014\/08\/Intersticios-150x150.jpg\" \/>\n<meta name=\"author\" content=\"soporte\" \/>\n<meta name=\"twitter:card\" content=\"summary_large_image\" \/>\n<meta name=\"twitter:label1\" content=\"Escrito por\" \/>\n\t<meta name=\"twitter:data1\" content=\"\" \/>\n\t<meta name=\"twitter:label2\" content=\"Tiempo de lectura\" \/>\n\t<meta name=\"twitter:data2\" content=\"2 minutos\" \/>\n<script type=\"application\/ld+json\" class=\"yoast-schema-graph\">{\"@context\":\"https:\/\/schema.org\",\"@graph\":[{\"@type\":\"Article\",\"@id\":\"https:\/\/ffyh.unc.edu.ar\/ciffyh\/convocatoria-de-articulos-para-el-6o-numero-de-la-revista-intersticios-de-la-politica-y-la-cultura-intervenciones-latinoamericanas\/#article\",\"isPartOf\":{\"@id\":\"https:\/\/ffyh.unc.edu.ar\/ciffyh\/convocatoria-de-articulos-para-el-6o-numero-de-la-revista-intersticios-de-la-politica-y-la-cultura-intervenciones-latinoamericanas\/\"},\"author\":{\"name\":\"soporte\",\"@id\":\"https:\/\/ffyh.unc.edu.ar\/ciffyh\/#\/schema\/person\/57a743469801e7e195e268bfe4c52190\"},\"headline\":\"Convocatoria de art\u00edculos para el 6\u00ba n\u00famero de la revista \u201cIntersticios de la pol\u00edtica y la Cultura. Intervenciones Latinoamericanas\u201d\",\"datePublished\":\"2014-09-10T16:56:46+00:00\",\"mainEntityOfPage\":{\"@id\":\"https:\/\/ffyh.unc.edu.ar\/ciffyh\/convocatoria-de-articulos-para-el-6o-numero-de-la-revista-intersticios-de-la-politica-y-la-cultura-intervenciones-latinoamericanas\/\"},\"wordCount\":477,\"publisher\":{\"@id\":\"https:\/\/ffyh.unc.edu.ar\/ciffyh\/#organization\"},\"image\":{\"@id\":\"https:\/\/ffyh.unc.edu.ar\/ciffyh\/convocatoria-de-articulos-para-el-6o-numero-de-la-revista-intersticios-de-la-politica-y-la-cultura-intervenciones-latinoamericanas\/#primaryimage\"},\"thumbnailUrl\":\"http:\/\/ffyh.unc.edu.ar\/ciffyh\/wp-content\/uploads\/sites\/10\/2014\/08\/Intersticios-150x150.jpg\",\"articleSection\":[\"Noticias\"],\"inLanguage\":\"es\"},{\"@type\":\"WebPage\",\"@id\":\"https:\/\/ffyh.unc.edu.ar\/ciffyh\/convocatoria-de-articulos-para-el-6o-numero-de-la-revista-intersticios-de-la-politica-y-la-cultura-intervenciones-latinoamericanas\/\",\"url\":\"https:\/\/ffyh.unc.edu.ar\/ciffyh\/convocatoria-de-articulos-para-el-6o-numero-de-la-revista-intersticios-de-la-politica-y-la-cultura-intervenciones-latinoamericanas\/\",\"name\":\"Convocatoria de art\u00edculos para el 6\u00ba n\u00famero de la revista \u201cIntersticios de la pol\u00edtica y la Cultura. Intervenciones Latinoamericanas\u201d - Centro de Investigaciones &quot;Maria Saleme de Burnichon&quot;\",\"isPartOf\":{\"@id\":\"https:\/\/ffyh.unc.edu.ar\/ciffyh\/#website\"},\"primaryImageOfPage\":{\"@id\":\"https:\/\/ffyh.unc.edu.ar\/ciffyh\/convocatoria-de-articulos-para-el-6o-numero-de-la-revista-intersticios-de-la-politica-y-la-cultura-intervenciones-latinoamericanas\/#primaryimage\"},\"image\":{\"@id\":\"https:\/\/ffyh.unc.edu.ar\/ciffyh\/convocatoria-de-articulos-para-el-6o-numero-de-la-revista-intersticios-de-la-politica-y-la-cultura-intervenciones-latinoamericanas\/#primaryimage\"},\"thumbnailUrl\":\"http:\/\/ffyh.unc.edu.ar\/ciffyh\/wp-content\/uploads\/sites\/10\/2014\/08\/Intersticios-150x150.jpg\",\"datePublished\":\"2014-09-10T16:56:46+00:00\",\"breadcrumb\":{\"@id\":\"https:\/\/ffyh.unc.edu.ar\/ciffyh\/convocatoria-de-articulos-para-el-6o-numero-de-la-revista-intersticios-de-la-politica-y-la-cultura-intervenciones-latinoamericanas\/#breadcrumb\"},\"inLanguage\":\"es\",\"potentialAction\":[{\"@type\":\"ReadAction\",\"target\":[\"https:\/\/ffyh.unc.edu.ar\/ciffyh\/convocatoria-de-articulos-para-el-6o-numero-de-la-revista-intersticios-de-la-politica-y-la-cultura-intervenciones-latinoamericanas\/\"]}]},{\"@type\":\"ImageObject\",\"inLanguage\":\"es\",\"@id\":\"https:\/\/ffyh.unc.edu.ar\/ciffyh\/convocatoria-de-articulos-para-el-6o-numero-de-la-revista-intersticios-de-la-politica-y-la-cultura-intervenciones-latinoamericanas\/#primaryimage\",\"url\":\"http:\/\/ffyh.unc.edu.ar\/ciffyh\/wp-content\/uploads\/sites\/10\/2014\/08\/Intersticios-150x150.jpg\",\"contentUrl\":\"http:\/\/ffyh.unc.edu.ar\/ciffyh\/wp-content\/uploads\/sites\/10\/2014\/08\/Intersticios-150x150.jpg\"},{\"@type\":\"BreadcrumbList\",\"@id\":\"https:\/\/ffyh.unc.edu.ar\/ciffyh\/convocatoria-de-articulos-para-el-6o-numero-de-la-revista-intersticios-de-la-politica-y-la-cultura-intervenciones-latinoamericanas\/#breadcrumb\",\"itemListElement\":[{\"@type\":\"ListItem\",\"position\":1,\"name\":\"Portada\",\"item\":\"https:\/\/ffyh.unc.edu.ar\/ciffyh\/\"},{\"@type\":\"ListItem\",\"position\":2,\"name\":\"Convocatoria de art\u00edculos para el 6\u00ba n\u00famero de la revista \u201cIntersticios de la pol\u00edtica y la Cultura. Intervenciones Latinoamericanas\u201d\"}]},{\"@type\":\"WebSite\",\"@id\":\"https:\/\/ffyh.unc.edu.ar\/ciffyh\/#website\",\"url\":\"https:\/\/ffyh.unc.edu.ar\/ciffyh\/\",\"name\":\"Centro de Investigaciones \\\"Maria Saleme de Burnichon\\\"\",\"description\":\"Facultad de Filosof\u00eda y Humanidades | UNC\",\"publisher\":{\"@id\":\"https:\/\/ffyh.unc.edu.ar\/ciffyh\/#organization\"},\"potentialAction\":[{\"@type\":\"SearchAction\",\"target\":{\"@type\":\"EntryPoint\",\"urlTemplate\":\"https:\/\/ffyh.unc.edu.ar\/ciffyh\/?s={search_term_string}\"},\"query-input\":{\"@type\":\"PropertyValueSpecification\",\"valueRequired\":true,\"valueName\":\"search_term_string\"}}],\"inLanguage\":\"es\"},{\"@type\":\"Organization\",\"@id\":\"https:\/\/ffyh.unc.edu.ar\/ciffyh\/#organization\",\"name\":\"Centro de Investigaciones \\\"Maria Saleme de Burnichon\\\"\",\"url\":\"https:\/\/ffyh.unc.edu.ar\/ciffyh\/\",\"logo\":{\"@type\":\"ImageObject\",\"inLanguage\":\"es\",\"@id\":\"https:\/\/ffyh.unc.edu.ar\/ciffyh\/#\/schema\/logo\/image\/\",\"url\":\"https:\/\/ffyh.unc.edu.ar\/ciffyh\/wp-content\/uploads\/sites\/10\/2018\/02\/cropped-logo-ciffyh-ico.png\",\"contentUrl\":\"https:\/\/ffyh.unc.edu.ar\/ciffyh\/wp-content\/uploads\/sites\/10\/2018\/02\/cropped-logo-ciffyh-ico.png\",\"width\":512,\"height\":512,\"caption\":\"Centro de Investigaciones \\\"Maria Saleme de Burnichon\\\"\"},\"image\":{\"@id\":\"https:\/\/ffyh.unc.edu.ar\/ciffyh\/#\/schema\/logo\/image\/\"},\"sameAs\":[\"https:\/\/www.instagram.com\/ciffyh\/\"]},{\"@type\":\"Person\",\"@id\":\"https:\/\/ffyh.unc.edu.ar\/ciffyh\/#\/schema\/person\/57a743469801e7e195e268bfe4c52190\",\"name\":\"soporte\",\"image\":{\"@type\":\"ImageObject\",\"inLanguage\":\"es\",\"@id\":\"https:\/\/ffyh.unc.edu.ar\/ciffyh\/#\/schema\/person\/image\/\",\"url\":\"https:\/\/secure.gravatar.com\/avatar\/ccd40043e5faec50f5bfc8fd1ba508e2228f018210ddcbcf662ed4624d9038c2?s=96&d=mm&r=g\",\"contentUrl\":\"https:\/\/secure.gravatar.com\/avatar\/ccd40043e5faec50f5bfc8fd1ba508e2228f018210ddcbcf662ed4624d9038c2?s=96&d=mm&r=g\",\"caption\":\"soporte\"},\"url\":\"https:\/\/ffyh.unc.edu.ar\/ciffyh\/author\/admin\/\"}]}<\/script>\n<!-- \/ Yoast SEO plugin. -->","yoast_head_json":{"title":"Convocatoria de art\u00edculos para el 6\u00ba n\u00famero de la revista \u201cIntersticios de la pol\u00edtica y la Cultura. Intervenciones Latinoamericanas\u201d - Centro de Investigaciones &quot;Maria Saleme de Burnichon&quot;","robots":{"index":"index","follow":"follow","max-snippet":"max-snippet:-1","max-image-preview":"max-image-preview:large","max-video-preview":"max-video-preview:-1"},"canonical":"https:\/\/ffyh.unc.edu.ar\/ciffyh\/convocatoria-de-articulos-para-el-6o-numero-de-la-revista-intersticios-de-la-politica-y-la-cultura-intervenciones-latinoamericanas\/","og_locale":"es_ES","og_type":"article","og_title":"Convocatoria de art\u00edculos para el 6\u00ba n\u00famero de la revista \u201cIntersticios de la pol\u00edtica y la Cultura. Intervenciones Latinoamericanas\u201d - Centro de Investigaciones &quot;Maria Saleme de Burnichon&quot;","og_description":"El\u00a0Grupo de Filosof\u00eda Latinoamericana de la UNC invita a participar en el\u00a0sexto n\u00famero\u00a0de la revista Intersticios de la pol\u00edtica y","og_url":"https:\/\/ffyh.unc.edu.ar\/ciffyh\/convocatoria-de-articulos-para-el-6o-numero-de-la-revista-intersticios-de-la-politica-y-la-cultura-intervenciones-latinoamericanas\/","og_site_name":"Centro de Investigaciones &quot;Maria Saleme de Burnichon&quot;","article_published_time":"2014-09-10T16:56:46+00:00","og_image":[{"url":"http:\/\/ffyh.unc.edu.ar\/ciffyh\/wp-content\/uploads\/sites\/10\/2014\/08\/Intersticios-150x150.jpg","type":"","width":"","height":""}],"author":"soporte","twitter_card":"summary_large_image","twitter_misc":{"Escrito por":false,"Tiempo de lectura":"2 minutos"},"schema":{"@context":"https:\/\/schema.org","@graph":[{"@type":"Article","@id":"https:\/\/ffyh.unc.edu.ar\/ciffyh\/convocatoria-de-articulos-para-el-6o-numero-de-la-revista-intersticios-de-la-politica-y-la-cultura-intervenciones-latinoamericanas\/#article","isPartOf":{"@id":"https:\/\/ffyh.unc.edu.ar\/ciffyh\/convocatoria-de-articulos-para-el-6o-numero-de-la-revista-intersticios-de-la-politica-y-la-cultura-intervenciones-latinoamericanas\/"},"author":{"name":"soporte","@id":"https:\/\/ffyh.unc.edu.ar\/ciffyh\/#\/schema\/person\/57a743469801e7e195e268bfe4c52190"},"headline":"Convocatoria de art\u00edculos para el 6\u00ba n\u00famero de la revista \u201cIntersticios de la pol\u00edtica y la Cultura. Intervenciones Latinoamericanas\u201d","datePublished":"2014-09-10T16:56:46+00:00","mainEntityOfPage":{"@id":"https:\/\/ffyh.unc.edu.ar\/ciffyh\/convocatoria-de-articulos-para-el-6o-numero-de-la-revista-intersticios-de-la-politica-y-la-cultura-intervenciones-latinoamericanas\/"},"wordCount":477,"publisher":{"@id":"https:\/\/ffyh.unc.edu.ar\/ciffyh\/#organization"},"image":{"@id":"https:\/\/ffyh.unc.edu.ar\/ciffyh\/convocatoria-de-articulos-para-el-6o-numero-de-la-revista-intersticios-de-la-politica-y-la-cultura-intervenciones-latinoamericanas\/#primaryimage"},"thumbnailUrl":"http:\/\/ffyh.unc.edu.ar\/ciffyh\/wp-content\/uploads\/sites\/10\/2014\/08\/Intersticios-150x150.jpg","articleSection":["Noticias"],"inLanguage":"es"},{"@type":"WebPage","@id":"https:\/\/ffyh.unc.edu.ar\/ciffyh\/convocatoria-de-articulos-para-el-6o-numero-de-la-revista-intersticios-de-la-politica-y-la-cultura-intervenciones-latinoamericanas\/","url":"https:\/\/ffyh.unc.edu.ar\/ciffyh\/convocatoria-de-articulos-para-el-6o-numero-de-la-revista-intersticios-de-la-politica-y-la-cultura-intervenciones-latinoamericanas\/","name":"Convocatoria de art\u00edculos para el 6\u00ba n\u00famero de la revista \u201cIntersticios de la pol\u00edtica y la Cultura. Intervenciones Latinoamericanas\u201d - Centro de Investigaciones &quot;Maria Saleme de Burnichon&quot;","isPartOf":{"@id":"https:\/\/ffyh.unc.edu.ar\/ciffyh\/#website"},"primaryImageOfPage":{"@id":"https:\/\/ffyh.unc.edu.ar\/ciffyh\/convocatoria-de-articulos-para-el-6o-numero-de-la-revista-intersticios-de-la-politica-y-la-cultura-intervenciones-latinoamericanas\/#primaryimage"},"image":{"@id":"https:\/\/ffyh.unc.edu.ar\/ciffyh\/convocatoria-de-articulos-para-el-6o-numero-de-la-revista-intersticios-de-la-politica-y-la-cultura-intervenciones-latinoamericanas\/#primaryimage"},"thumbnailUrl":"http:\/\/ffyh.unc.edu.ar\/ciffyh\/wp-content\/uploads\/sites\/10\/2014\/08\/Intersticios-150x150.jpg","datePublished":"2014-09-10T16:56:46+00:00","breadcrumb":{"@id":"https:\/\/ffyh.unc.edu.ar\/ciffyh\/convocatoria-de-articulos-para-el-6o-numero-de-la-revista-intersticios-de-la-politica-y-la-cultura-intervenciones-latinoamericanas\/#breadcrumb"},"inLanguage":"es","potentialAction":[{"@type":"ReadAction","target":["https:\/\/ffyh.unc.edu.ar\/ciffyh\/convocatoria-de-articulos-para-el-6o-numero-de-la-revista-intersticios-de-la-politica-y-la-cultura-intervenciones-latinoamericanas\/"]}]},{"@type":"ImageObject","inLanguage":"es","@id":"https:\/\/ffyh.unc.edu.ar\/ciffyh\/convocatoria-de-articulos-para-el-6o-numero-de-la-revista-intersticios-de-la-politica-y-la-cultura-intervenciones-latinoamericanas\/#primaryimage","url":"http:\/\/ffyh.unc.edu.ar\/ciffyh\/wp-content\/uploads\/sites\/10\/2014\/08\/Intersticios-150x150.jpg","contentUrl":"http:\/\/ffyh.unc.edu.ar\/ciffyh\/wp-content\/uploads\/sites\/10\/2014\/08\/Intersticios-150x150.jpg"},{"@type":"BreadcrumbList","@id":"https:\/\/ffyh.unc.edu.ar\/ciffyh\/convocatoria-de-articulos-para-el-6o-numero-de-la-revista-intersticios-de-la-politica-y-la-cultura-intervenciones-latinoamericanas\/#breadcrumb","itemListElement":[{"@type":"ListItem","position":1,"name":"Portada","item":"https:\/\/ffyh.unc.edu.ar\/ciffyh\/"},{"@type":"ListItem","position":2,"name":"Convocatoria de art\u00edculos para el 6\u00ba n\u00famero de la revista \u201cIntersticios de la pol\u00edtica y la Cultura. Intervenciones Latinoamericanas\u201d"}]},{"@type":"WebSite","@id":"https:\/\/ffyh.unc.edu.ar\/ciffyh\/#website","url":"https:\/\/ffyh.unc.edu.ar\/ciffyh\/","name":"Centro de Investigaciones \"Maria Saleme de Burnichon\"","description":"Facultad de Filosof\u00eda y Humanidades | UNC","publisher":{"@id":"https:\/\/ffyh.unc.edu.ar\/ciffyh\/#organization"},"potentialAction":[{"@type":"SearchAction","target":{"@type":"EntryPoint","urlTemplate":"https:\/\/ffyh.unc.edu.ar\/ciffyh\/?s={search_term_string}"},"query-input":{"@type":"PropertyValueSpecification","valueRequired":true,"valueName":"search_term_string"}}],"inLanguage":"es"},{"@type":"Organization","@id":"https:\/\/ffyh.unc.edu.ar\/ciffyh\/#organization","name":"Centro de Investigaciones \"Maria Saleme de Burnichon\"","url":"https:\/\/ffyh.unc.edu.ar\/ciffyh\/","logo":{"@type":"ImageObject","inLanguage":"es","@id":"https:\/\/ffyh.unc.edu.ar\/ciffyh\/#\/schema\/logo\/image\/","url":"https:\/\/ffyh.unc.edu.ar\/ciffyh\/wp-content\/uploads\/sites\/10\/2018\/02\/cropped-logo-ciffyh-ico.png","contentUrl":"https:\/\/ffyh.unc.edu.ar\/ciffyh\/wp-content\/uploads\/sites\/10\/2018\/02\/cropped-logo-ciffyh-ico.png","width":512,"height":512,"caption":"Centro de Investigaciones \"Maria Saleme de Burnichon\""},"image":{"@id":"https:\/\/ffyh.unc.edu.ar\/ciffyh\/#\/schema\/logo\/image\/"},"sameAs":["https:\/\/www.instagram.com\/ciffyh\/"]},{"@type":"Person","@id":"https:\/\/ffyh.unc.edu.ar\/ciffyh\/#\/schema\/person\/57a743469801e7e195e268bfe4c52190","name":"soporte","image":{"@type":"ImageObject","inLanguage":"es","@id":"https:\/\/ffyh.unc.edu.ar\/ciffyh\/#\/schema\/person\/image\/","url":"https:\/\/secure.gravatar.com\/avatar\/ccd40043e5faec50f5bfc8fd1ba508e2228f018210ddcbcf662ed4624d9038c2?s=96&d=mm&r=g","contentUrl":"https:\/\/secure.gravatar.com\/avatar\/ccd40043e5faec50f5bfc8fd1ba508e2228f018210ddcbcf662ed4624d9038c2?s=96&d=mm&r=g","caption":"soporte"},"url":"https:\/\/ffyh.unc.edu.ar\/ciffyh\/author\/admin\/"}]}},"jetpack_featured_media_url":"","_links":{"self":[{"href":"https:\/\/ffyh.unc.edu.ar\/ciffyh\/wp-json\/wp\/v2\/posts\/2349","targetHints":{"allow":["GET"]}}],"collection":[{"href":"https:\/\/ffyh.unc.edu.ar\/ciffyh\/wp-json\/wp\/v2\/posts"}],"about":[{"href":"https:\/\/ffyh.unc.edu.ar\/ciffyh\/wp-json\/wp\/v2\/types\/post"}],"author":[{"embeddable":true,"href":"https:\/\/ffyh.unc.edu.ar\/ciffyh\/wp-json\/wp\/v2\/users\/1"}],"replies":[{"embeddable":true,"href":"https:\/\/ffyh.unc.edu.ar\/ciffyh\/wp-json\/wp\/v2\/comments?post=2349"}],"version-history":[{"count":0,"href":"https:\/\/ffyh.unc.edu.ar\/ciffyh\/wp-json\/wp\/v2\/posts\/2349\/revisions"}],"wp:attachment":[{"href":"https:\/\/ffyh.unc.edu.ar\/ciffyh\/wp-json\/wp\/v2\/media?parent=2349"}],"wp:term":[{"taxonomy":"category","embeddable":true,"href":"https:\/\/ffyh.unc.edu.ar\/ciffyh\/wp-json\/wp\/v2\/categories?post=2349"},{"taxonomy":"post_tag","embeddable":true,"href":"https:\/\/ffyh.unc.edu.ar\/ciffyh\/wp-json\/wp\/v2\/tags?post=2349"}],"curies":[{"name":"wp","href":"https:\/\/api.w.org\/{rel}","templated":true}]}}