{"id":2636,"date":"2015-08-25T14:03:50","date_gmt":"2015-08-25T17:03:50","guid":{"rendered":"http:\/\/www.ffyh.unc.edu.ar\/ciffyh\/?p=2636"},"modified":"2019-04-22T14:22:41","modified_gmt":"2019-04-22T14:22:41","slug":"resultados-de-la-convocatoria-de-proyectos-de-investigacion-orientados-y-acotados-proa","status":"publish","type":"post","link":"https:\/\/ffyh.unc.edu.ar\/ciffyh\/resultados-de-la-convocatoria-de-proyectos-de-investigacion-orientados-y-acotados-proa\/","title":{"rendered":"Resultados de la Convocatoria de Proyectos de Investigaci\u00f3n Orientados y Acotados (PROA)"},"content":{"rendered":"<p><a href=\"http:\/\/ffyh.unc.edu.ar\/ciffyh\/wp-content\/uploads\/sites\/10\/2015\/08\/resultados-proa.jpg\"><img decoding=\"async\" class=\"alignright size-medium wp-image-2637\" src=\"http:\/\/ffyh.unc.edu.ar\/ciffyh\/wp-content\/uploads\/sites\/10\/2015\/08\/resultados-proa-300x160.jpg\" alt=\"resultados-proa\" width=\"300\" height=\"160\" srcset=\"https:\/\/ffyh.unc.edu.ar\/ciffyh\/wp-content\/uploads\/sites\/10\/2015\/08\/resultados-proa-300x160.jpg 300w, https:\/\/ffyh.unc.edu.ar\/ciffyh\/wp-content\/uploads\/sites\/10\/2015\/08\/resultados-proa-768x409.jpg 768w, https:\/\/ffyh.unc.edu.ar\/ciffyh\/wp-content\/uploads\/sites\/10\/2015\/08\/resultados-proa-1024x545.jpg 1024w, https:\/\/ffyh.unc.edu.ar\/ciffyh\/wp-content\/uploads\/sites\/10\/2015\/08\/resultados-proa.jpg 1070w\" sizes=\"(max-width: 300px) 100vw, 300px\" \/><\/a>La Comisi\u00f3n Evaluadora de los Proyectos PROA elabor\u00f3 el orden de m\u00e9ritos entre los trabajos presentados en 2015 y los proyectos que resultaron beneficiados son:<\/p>\n<p><!--more--><\/p>\n<p>&#8211; <em>La inserci\u00f3n laboral de personas en situaci\u00f3n de transici\u00f3n c\u00e1rcel-libertad en la Provincia de C\u00f3rdoba<\/em>. Andrea Teruel \u2013 Maricel L\u00f3pez.<\/p>\n<p>&#8211; <em>La Condesa. Nadie<\/em><em> sabe lo que un cuerpo puede<\/em>. Melina Alzogaray \u2013 Soledad Croce.<\/p>\n<p>&#8211; <em>Escuela en contexto de encierro: experiencias socioeducativas en las trayectorias de j\u00f3venes en conflicto con la ley.<\/em> Letizia Barbero &#8211; Luc\u00eda Rebollo.<\/p>\n<p>Los postulantes pueden pasar a notificarse de los resultados en la Secretar\u00eda T\u00e9cnica del CIFFyH, del 24 al 28 de agosto, de 10 a 18 horas.<\/p>\n<p>Esta convocatoria tiene como objetivo estimular la investigaci\u00f3n interdisciplinaria en tem\u00e1ticas espec\u00edficas, que sean consideradas de inter\u00e9s para la comunidad.<\/p>\n<p>Estos tres proyectos que se financiar\u00e1n, deben ser desarrollados a lo largo de un a\u00f1o y est\u00e1n conformados por investigadores egresados de la FFyH o miembros del CIFFyH.<\/p>\n<hr \/>\n<p>En la convocatoria se presentaron siete proyectos:<\/p>\n<p>1\u00ba) <em>La inserci\u00f3n laboral de personas en situaci\u00f3n de transici\u00f3n c\u00e1rcel-libertad en la Provincia de C\u00f3rdoba<\/em>. Andrea Teruel \u2013 Maricel L\u00f3pez.<\/p>\n<p>2\u00ba) <em>La Condesa. Nadie<\/em><em> sabe lo que un cuerpo puede<\/em>. Melina Alzogaray \u2013 Soledad Croce.<\/p>\n<p>3\u00ba) <em>Escuela en contexto de encierro: experiencias socioeducativas en las trayectorias de j\u00f3venes en conflicto con la ley. <\/em>Letizia Barbero &#8211; Luc\u00eda Rebollo.<\/p>\n<p>4\u00ba) <em>Historia reciente de C\u00f3rdoba y recuperaci\u00f3n patrimonial: Biograf\u00edas y trayectorias militantes. <\/em>Silvia Navarro- Marina Rodr\u00edguez.<\/p>\n<p>5\u00ba) <em>Informaci\u00f3n local para la construcci\u00f3n de memoria y ciudadan\u00eda en bibliotecas populares de la ciudad de C\u00f3rdoba: una mirada desde las Ciencias de la Informaci\u00f3n y la Historia. Antonella Isoglio \u2013 Mariana Molina. <\/em><\/p>\n<p>6\u00ba)<em> Sujetos y digitalizaci\u00f3n: experiencias art\u00edsticas colaborativas y producci\u00f3n de conocimiento en red<\/em>. Mart\u00edn Alaluf y Carolina Villarruel<\/p>\n<p>7\u00ba) F<em>amilias estalladas. Laberintos de sufrimiento, resistencia y justicia.<\/em> In\u00e9s Le\u00f3n Barreto y Jos\u00e9 P\u00e1ez.<\/p>\n","protected":false},"excerpt":{"rendered":"<p>La Comisi\u00f3n Evaluadora de los Proyectos PROA elabor\u00f3 el orden de m\u00e9ritos entre los trabajos presentados en 2015 y los<\/p>\n","protected":false},"author":1,"featured_media":0,"comment_status":"closed","ping_status":"open","sticky":false,"template":"","format":"standard","meta":{"_acf_changed":false,"colormag_page_container_layout":"default_layout","colormag_page_sidebar_layout":"default_layout","footnotes":""},"categories":[8],"tags":[],"class_list":["post-2636","post","type-post","status-publish","format-standard","hentry","category-noticias"],"acf":[],"yoast_head":"<!-- This site is optimized with the Yoast SEO plugin v27.1.1 - https:\/\/yoast.com\/product\/yoast-seo-wordpress\/ -->\n<title>Resultados de la Convocatoria de Proyectos de Investigaci\u00f3n Orientados y Acotados (PROA) - Centro de Investigaciones &quot;Maria Saleme de Burnichon&quot;<\/title>\n<meta name=\"robots\" content=\"index, follow, max-snippet:-1, max-image-preview:large, max-video-preview:-1\" \/>\n<link rel=\"canonical\" href=\"https:\/\/ffyh.unc.edu.ar\/ciffyh\/resultados-de-la-convocatoria-de-proyectos-de-investigacion-orientados-y-acotados-proa\/\" \/>\n<meta property=\"og:locale\" content=\"es_ES\" \/>\n<meta property=\"og:type\" content=\"article\" \/>\n<meta property=\"og:title\" content=\"Resultados de la Convocatoria de Proyectos de Investigaci\u00f3n Orientados y Acotados (PROA) - Centro de Investigaciones &quot;Maria Saleme de Burnichon&quot;\" \/>\n<meta property=\"og:description\" content=\"La Comisi\u00f3n Evaluadora de los Proyectos PROA elabor\u00f3 el orden de m\u00e9ritos entre los trabajos presentados en 2015 y los\" \/>\n<meta property=\"og:url\" content=\"https:\/\/ffyh.unc.edu.ar\/ciffyh\/resultados-de-la-convocatoria-de-proyectos-de-investigacion-orientados-y-acotados-proa\/\" \/>\n<meta property=\"og:site_name\" content=\"Centro de Investigaciones &quot;Maria Saleme de Burnichon&quot;\" \/>\n<meta property=\"article:published_time\" content=\"2015-08-25T17:03:50+00:00\" \/>\n<meta property=\"article:modified_time\" content=\"2019-04-22T14:22:41+00:00\" \/>\n<meta property=\"og:image\" content=\"http:\/\/ffyh.unc.edu.ar\/ciffyh\/wp-content\/uploads\/sites\/10\/2015\/08\/resultados-proa-300x160.jpg\" \/>\n<meta name=\"author\" content=\"soporte\" \/>\n<meta name=\"twitter:card\" content=\"summary_large_image\" \/>\n<meta name=\"twitter:label1\" content=\"Escrito por\" \/>\n\t<meta name=\"twitter:data1\" content=\"\" \/>\n\t<meta name=\"twitter:label2\" content=\"Tiempo de lectura\" \/>\n\t<meta name=\"twitter:data2\" content=\"2 minutos\" \/>\n<script type=\"application\/ld+json\" class=\"yoast-schema-graph\">{\"@context\":\"https:\/\/schema.org\",\"@graph\":[{\"@type\":\"Article\",\"@id\":\"https:\/\/ffyh.unc.edu.ar\/ciffyh\/resultados-de-la-convocatoria-de-proyectos-de-investigacion-orientados-y-acotados-proa\/#article\",\"isPartOf\":{\"@id\":\"https:\/\/ffyh.unc.edu.ar\/ciffyh\/resultados-de-la-convocatoria-de-proyectos-de-investigacion-orientados-y-acotados-proa\/\"},\"author\":{\"name\":\"soporte\",\"@id\":\"https:\/\/ffyh.unc.edu.ar\/ciffyh\/#\/schema\/person\/57a743469801e7e195e268bfe4c52190\"},\"headline\":\"Resultados de la Convocatoria de Proyectos de Investigaci\u00f3n Orientados y Acotados (PROA)\",\"datePublished\":\"2015-08-25T17:03:50+00:00\",\"dateModified\":\"2019-04-22T14:22:41+00:00\",\"mainEntityOfPage\":{\"@id\":\"https:\/\/ffyh.unc.edu.ar\/ciffyh\/resultados-de-la-convocatoria-de-proyectos-de-investigacion-orientados-y-acotados-proa\/\"},\"wordCount\":346,\"publisher\":{\"@id\":\"https:\/\/ffyh.unc.edu.ar\/ciffyh\/#organization\"},\"image\":{\"@id\":\"https:\/\/ffyh.unc.edu.ar\/ciffyh\/resultados-de-la-convocatoria-de-proyectos-de-investigacion-orientados-y-acotados-proa\/#primaryimage\"},\"thumbnailUrl\":\"http:\/\/ffyh.unc.edu.ar\/ciffyh\/wp-content\/uploads\/sites\/10\/2015\/08\/resultados-proa-300x160.jpg\",\"articleSection\":[\"Noticias\"],\"inLanguage\":\"es\"},{\"@type\":\"WebPage\",\"@id\":\"https:\/\/ffyh.unc.edu.ar\/ciffyh\/resultados-de-la-convocatoria-de-proyectos-de-investigacion-orientados-y-acotados-proa\/\",\"url\":\"https:\/\/ffyh.unc.edu.ar\/ciffyh\/resultados-de-la-convocatoria-de-proyectos-de-investigacion-orientados-y-acotados-proa\/\",\"name\":\"Resultados de la Convocatoria de Proyectos de Investigaci\u00f3n Orientados y Acotados (PROA) - Centro de Investigaciones &quot;Maria Saleme de Burnichon&quot;\",\"isPartOf\":{\"@id\":\"https:\/\/ffyh.unc.edu.ar\/ciffyh\/#website\"},\"primaryImageOfPage\":{\"@id\":\"https:\/\/ffyh.unc.edu.ar\/ciffyh\/resultados-de-la-convocatoria-de-proyectos-de-investigacion-orientados-y-acotados-proa\/#primaryimage\"},\"image\":{\"@id\":\"https:\/\/ffyh.unc.edu.ar\/ciffyh\/resultados-de-la-convocatoria-de-proyectos-de-investigacion-orientados-y-acotados-proa\/#primaryimage\"},\"thumbnailUrl\":\"http:\/\/ffyh.unc.edu.ar\/ciffyh\/wp-content\/uploads\/sites\/10\/2015\/08\/resultados-proa-300x160.jpg\",\"datePublished\":\"2015-08-25T17:03:50+00:00\",\"dateModified\":\"2019-04-22T14:22:41+00:00\",\"breadcrumb\":{\"@id\":\"https:\/\/ffyh.unc.edu.ar\/ciffyh\/resultados-de-la-convocatoria-de-proyectos-de-investigacion-orientados-y-acotados-proa\/#breadcrumb\"},\"inLanguage\":\"es\",\"potentialAction\":[{\"@type\":\"ReadAction\",\"target\":[\"https:\/\/ffyh.unc.edu.ar\/ciffyh\/resultados-de-la-convocatoria-de-proyectos-de-investigacion-orientados-y-acotados-proa\/\"]}]},{\"@type\":\"ImageObject\",\"inLanguage\":\"es\",\"@id\":\"https:\/\/ffyh.unc.edu.ar\/ciffyh\/resultados-de-la-convocatoria-de-proyectos-de-investigacion-orientados-y-acotados-proa\/#primaryimage\",\"url\":\"http:\/\/ffyh.unc.edu.ar\/ciffyh\/wp-content\/uploads\/sites\/10\/2015\/08\/resultados-proa-300x160.jpg\",\"contentUrl\":\"http:\/\/ffyh.unc.edu.ar\/ciffyh\/wp-content\/uploads\/sites\/10\/2015\/08\/resultados-proa-300x160.jpg\"},{\"@type\":\"BreadcrumbList\",\"@id\":\"https:\/\/ffyh.unc.edu.ar\/ciffyh\/resultados-de-la-convocatoria-de-proyectos-de-investigacion-orientados-y-acotados-proa\/#breadcrumb\",\"itemListElement\":[{\"@type\":\"ListItem\",\"position\":1,\"name\":\"Portada\",\"item\":\"https:\/\/ffyh.unc.edu.ar\/ciffyh\/\"},{\"@type\":\"ListItem\",\"position\":2,\"name\":\"Resultados de la Convocatoria de Proyectos de Investigaci\u00f3n Orientados y Acotados (PROA)\"}]},{\"@type\":\"WebSite\",\"@id\":\"https:\/\/ffyh.unc.edu.ar\/ciffyh\/#website\",\"url\":\"https:\/\/ffyh.unc.edu.ar\/ciffyh\/\",\"name\":\"Centro de Investigaciones \\\"Maria Saleme de Burnichon\\\"\",\"description\":\"Facultad de Filosof\u00eda y Humanidades | UNC\",\"publisher\":{\"@id\":\"https:\/\/ffyh.unc.edu.ar\/ciffyh\/#organization\"},\"potentialAction\":[{\"@type\":\"SearchAction\",\"target\":{\"@type\":\"EntryPoint\",\"urlTemplate\":\"https:\/\/ffyh.unc.edu.ar\/ciffyh\/?s={search_term_string}\"},\"query-input\":{\"@type\":\"PropertyValueSpecification\",\"valueRequired\":true,\"valueName\":\"search_term_string\"}}],\"inLanguage\":\"es\"},{\"@type\":\"Organization\",\"@id\":\"https:\/\/ffyh.unc.edu.ar\/ciffyh\/#organization\",\"name\":\"Centro de Investigaciones \\\"Maria Saleme de Burnichon\\\"\",\"url\":\"https:\/\/ffyh.unc.edu.ar\/ciffyh\/\",\"logo\":{\"@type\":\"ImageObject\",\"inLanguage\":\"es\",\"@id\":\"https:\/\/ffyh.unc.edu.ar\/ciffyh\/#\/schema\/logo\/image\/\",\"url\":\"https:\/\/ffyh.unc.edu.ar\/ciffyh\/wp-content\/uploads\/sites\/10\/2018\/02\/cropped-logo-ciffyh-ico.png\",\"contentUrl\":\"https:\/\/ffyh.unc.edu.ar\/ciffyh\/wp-content\/uploads\/sites\/10\/2018\/02\/cropped-logo-ciffyh-ico.png\",\"width\":512,\"height\":512,\"caption\":\"Centro de Investigaciones \\\"Maria Saleme de Burnichon\\\"\"},\"image\":{\"@id\":\"https:\/\/ffyh.unc.edu.ar\/ciffyh\/#\/schema\/logo\/image\/\"},\"sameAs\":[\"https:\/\/www.instagram.com\/ciffyh\/\"]},{\"@type\":\"Person\",\"@id\":\"https:\/\/ffyh.unc.edu.ar\/ciffyh\/#\/schema\/person\/57a743469801e7e195e268bfe4c52190\",\"name\":\"soporte\",\"image\":{\"@type\":\"ImageObject\",\"inLanguage\":\"es\",\"@id\":\"https:\/\/ffyh.unc.edu.ar\/ciffyh\/#\/schema\/person\/image\/\",\"url\":\"https:\/\/secure.gravatar.com\/avatar\/ccd40043e5faec50f5bfc8fd1ba508e2228f018210ddcbcf662ed4624d9038c2?s=96&d=mm&r=g\",\"contentUrl\":\"https:\/\/secure.gravatar.com\/avatar\/ccd40043e5faec50f5bfc8fd1ba508e2228f018210ddcbcf662ed4624d9038c2?s=96&d=mm&r=g\",\"caption\":\"soporte\"},\"url\":\"https:\/\/ffyh.unc.edu.ar\/ciffyh\/author\/admin\/\"}]}<\/script>\n<!-- \/ Yoast SEO plugin. -->","yoast_head_json":{"title":"Resultados de la Convocatoria de Proyectos de Investigaci\u00f3n Orientados y Acotados (PROA) - Centro de Investigaciones &quot;Maria Saleme de Burnichon&quot;","robots":{"index":"index","follow":"follow","max-snippet":"max-snippet:-1","max-image-preview":"max-image-preview:large","max-video-preview":"max-video-preview:-1"},"canonical":"https:\/\/ffyh.unc.edu.ar\/ciffyh\/resultados-de-la-convocatoria-de-proyectos-de-investigacion-orientados-y-acotados-proa\/","og_locale":"es_ES","og_type":"article","og_title":"Resultados de la Convocatoria de Proyectos de Investigaci\u00f3n Orientados y Acotados (PROA) - Centro de Investigaciones &quot;Maria Saleme de Burnichon&quot;","og_description":"La Comisi\u00f3n Evaluadora de los Proyectos PROA elabor\u00f3 el orden de m\u00e9ritos entre los trabajos presentados en 2015 y los","og_url":"https:\/\/ffyh.unc.edu.ar\/ciffyh\/resultados-de-la-convocatoria-de-proyectos-de-investigacion-orientados-y-acotados-proa\/","og_site_name":"Centro de Investigaciones &quot;Maria Saleme de Burnichon&quot;","article_published_time":"2015-08-25T17:03:50+00:00","article_modified_time":"2019-04-22T14:22:41+00:00","og_image":[{"url":"http:\/\/ffyh.unc.edu.ar\/ciffyh\/wp-content\/uploads\/sites\/10\/2015\/08\/resultados-proa-300x160.jpg","type":"","width":"","height":""}],"author":"soporte","twitter_card":"summary_large_image","twitter_misc":{"Escrito por":false,"Tiempo de lectura":"2 minutos"},"schema":{"@context":"https:\/\/schema.org","@graph":[{"@type":"Article","@id":"https:\/\/ffyh.unc.edu.ar\/ciffyh\/resultados-de-la-convocatoria-de-proyectos-de-investigacion-orientados-y-acotados-proa\/#article","isPartOf":{"@id":"https:\/\/ffyh.unc.edu.ar\/ciffyh\/resultados-de-la-convocatoria-de-proyectos-de-investigacion-orientados-y-acotados-proa\/"},"author":{"name":"soporte","@id":"https:\/\/ffyh.unc.edu.ar\/ciffyh\/#\/schema\/person\/57a743469801e7e195e268bfe4c52190"},"headline":"Resultados de la Convocatoria de Proyectos de Investigaci\u00f3n Orientados y Acotados (PROA)","datePublished":"2015-08-25T17:03:50+00:00","dateModified":"2019-04-22T14:22:41+00:00","mainEntityOfPage":{"@id":"https:\/\/ffyh.unc.edu.ar\/ciffyh\/resultados-de-la-convocatoria-de-proyectos-de-investigacion-orientados-y-acotados-proa\/"},"wordCount":346,"publisher":{"@id":"https:\/\/ffyh.unc.edu.ar\/ciffyh\/#organization"},"image":{"@id":"https:\/\/ffyh.unc.edu.ar\/ciffyh\/resultados-de-la-convocatoria-de-proyectos-de-investigacion-orientados-y-acotados-proa\/#primaryimage"},"thumbnailUrl":"http:\/\/ffyh.unc.edu.ar\/ciffyh\/wp-content\/uploads\/sites\/10\/2015\/08\/resultados-proa-300x160.jpg","articleSection":["Noticias"],"inLanguage":"es"},{"@type":"WebPage","@id":"https:\/\/ffyh.unc.edu.ar\/ciffyh\/resultados-de-la-convocatoria-de-proyectos-de-investigacion-orientados-y-acotados-proa\/","url":"https:\/\/ffyh.unc.edu.ar\/ciffyh\/resultados-de-la-convocatoria-de-proyectos-de-investigacion-orientados-y-acotados-proa\/","name":"Resultados de la Convocatoria de Proyectos de Investigaci\u00f3n Orientados y Acotados (PROA) - Centro de Investigaciones &quot;Maria Saleme de Burnichon&quot;","isPartOf":{"@id":"https:\/\/ffyh.unc.edu.ar\/ciffyh\/#website"},"primaryImageOfPage":{"@id":"https:\/\/ffyh.unc.edu.ar\/ciffyh\/resultados-de-la-convocatoria-de-proyectos-de-investigacion-orientados-y-acotados-proa\/#primaryimage"},"image":{"@id":"https:\/\/ffyh.unc.edu.ar\/ciffyh\/resultados-de-la-convocatoria-de-proyectos-de-investigacion-orientados-y-acotados-proa\/#primaryimage"},"thumbnailUrl":"http:\/\/ffyh.unc.edu.ar\/ciffyh\/wp-content\/uploads\/sites\/10\/2015\/08\/resultados-proa-300x160.jpg","datePublished":"2015-08-25T17:03:50+00:00","dateModified":"2019-04-22T14:22:41+00:00","breadcrumb":{"@id":"https:\/\/ffyh.unc.edu.ar\/ciffyh\/resultados-de-la-convocatoria-de-proyectos-de-investigacion-orientados-y-acotados-proa\/#breadcrumb"},"inLanguage":"es","potentialAction":[{"@type":"ReadAction","target":["https:\/\/ffyh.unc.edu.ar\/ciffyh\/resultados-de-la-convocatoria-de-proyectos-de-investigacion-orientados-y-acotados-proa\/"]}]},{"@type":"ImageObject","inLanguage":"es","@id":"https:\/\/ffyh.unc.edu.ar\/ciffyh\/resultados-de-la-convocatoria-de-proyectos-de-investigacion-orientados-y-acotados-proa\/#primaryimage","url":"http:\/\/ffyh.unc.edu.ar\/ciffyh\/wp-content\/uploads\/sites\/10\/2015\/08\/resultados-proa-300x160.jpg","contentUrl":"http:\/\/ffyh.unc.edu.ar\/ciffyh\/wp-content\/uploads\/sites\/10\/2015\/08\/resultados-proa-300x160.jpg"},{"@type":"BreadcrumbList","@id":"https:\/\/ffyh.unc.edu.ar\/ciffyh\/resultados-de-la-convocatoria-de-proyectos-de-investigacion-orientados-y-acotados-proa\/#breadcrumb","itemListElement":[{"@type":"ListItem","position":1,"name":"Portada","item":"https:\/\/ffyh.unc.edu.ar\/ciffyh\/"},{"@type":"ListItem","position":2,"name":"Resultados de la Convocatoria de Proyectos de Investigaci\u00f3n Orientados y Acotados (PROA)"}]},{"@type":"WebSite","@id":"https:\/\/ffyh.unc.edu.ar\/ciffyh\/#website","url":"https:\/\/ffyh.unc.edu.ar\/ciffyh\/","name":"Centro de Investigaciones \"Maria Saleme de Burnichon\"","description":"Facultad de Filosof\u00eda y Humanidades | UNC","publisher":{"@id":"https:\/\/ffyh.unc.edu.ar\/ciffyh\/#organization"},"potentialAction":[{"@type":"SearchAction","target":{"@type":"EntryPoint","urlTemplate":"https:\/\/ffyh.unc.edu.ar\/ciffyh\/?s={search_term_string}"},"query-input":{"@type":"PropertyValueSpecification","valueRequired":true,"valueName":"search_term_string"}}],"inLanguage":"es"},{"@type":"Organization","@id":"https:\/\/ffyh.unc.edu.ar\/ciffyh\/#organization","name":"Centro de Investigaciones \"Maria Saleme de Burnichon\"","url":"https:\/\/ffyh.unc.edu.ar\/ciffyh\/","logo":{"@type":"ImageObject","inLanguage":"es","@id":"https:\/\/ffyh.unc.edu.ar\/ciffyh\/#\/schema\/logo\/image\/","url":"https:\/\/ffyh.unc.edu.ar\/ciffyh\/wp-content\/uploads\/sites\/10\/2018\/02\/cropped-logo-ciffyh-ico.png","contentUrl":"https:\/\/ffyh.unc.edu.ar\/ciffyh\/wp-content\/uploads\/sites\/10\/2018\/02\/cropped-logo-ciffyh-ico.png","width":512,"height":512,"caption":"Centro de Investigaciones \"Maria Saleme de Burnichon\""},"image":{"@id":"https:\/\/ffyh.unc.edu.ar\/ciffyh\/#\/schema\/logo\/image\/"},"sameAs":["https:\/\/www.instagram.com\/ciffyh\/"]},{"@type":"Person","@id":"https:\/\/ffyh.unc.edu.ar\/ciffyh\/#\/schema\/person\/57a743469801e7e195e268bfe4c52190","name":"soporte","image":{"@type":"ImageObject","inLanguage":"es","@id":"https:\/\/ffyh.unc.edu.ar\/ciffyh\/#\/schema\/person\/image\/","url":"https:\/\/secure.gravatar.com\/avatar\/ccd40043e5faec50f5bfc8fd1ba508e2228f018210ddcbcf662ed4624d9038c2?s=96&d=mm&r=g","contentUrl":"https:\/\/secure.gravatar.com\/avatar\/ccd40043e5faec50f5bfc8fd1ba508e2228f018210ddcbcf662ed4624d9038c2?s=96&d=mm&r=g","caption":"soporte"},"url":"https:\/\/ffyh.unc.edu.ar\/ciffyh\/author\/admin\/"}]}},"jetpack_featured_media_url":"","_links":{"self":[{"href":"https:\/\/ffyh.unc.edu.ar\/ciffyh\/wp-json\/wp\/v2\/posts\/2636","targetHints":{"allow":["GET"]}}],"collection":[{"href":"https:\/\/ffyh.unc.edu.ar\/ciffyh\/wp-json\/wp\/v2\/posts"}],"about":[{"href":"https:\/\/ffyh.unc.edu.ar\/ciffyh\/wp-json\/wp\/v2\/types\/post"}],"author":[{"embeddable":true,"href":"https:\/\/ffyh.unc.edu.ar\/ciffyh\/wp-json\/wp\/v2\/users\/1"}],"replies":[{"embeddable":true,"href":"https:\/\/ffyh.unc.edu.ar\/ciffyh\/wp-json\/wp\/v2\/comments?post=2636"}],"version-history":[{"count":2,"href":"https:\/\/ffyh.unc.edu.ar\/ciffyh\/wp-json\/wp\/v2\/posts\/2636\/revisions"}],"predecessor-version":[{"id":3833,"href":"https:\/\/ffyh.unc.edu.ar\/ciffyh\/wp-json\/wp\/v2\/posts\/2636\/revisions\/3833"}],"wp:attachment":[{"href":"https:\/\/ffyh.unc.edu.ar\/ciffyh\/wp-json\/wp\/v2\/media?parent=2636"}],"wp:term":[{"taxonomy":"category","embeddable":true,"href":"https:\/\/ffyh.unc.edu.ar\/ciffyh\/wp-json\/wp\/v2\/categories?post=2636"},{"taxonomy":"post_tag","embeddable":true,"href":"https:\/\/ffyh.unc.edu.ar\/ciffyh\/wp-json\/wp\/v2\/tags?post=2636"}],"curies":[{"name":"wp","href":"https:\/\/api.w.org\/{rel}","templated":true}]}}