{"id":2644,"date":"2015-08-30T11:59:47","date_gmt":"2015-08-30T14:59:47","guid":{"rendered":"http:\/\/www.ffyh.unc.edu.ar\/ciffyh\/?p=2644"},"modified":"2015-08-30T11:59:47","modified_gmt":"2015-08-30T14:59:47","slug":"iv-jornadas-del-area-letras-del-ciffyh","status":"publish","type":"post","link":"https:\/\/ffyh.unc.edu.ar\/ciffyh\/iv-jornadas-del-area-letras-del-ciffyh\/","title":{"rendered":"IV Jornadas del \u00c1rea Letras del CIFFyH"},"content":{"rendered":"<p><a href=\"http:\/\/ffyh.unc.edu.ar\/ciffyh\/wp-content\/uploads\/sites\/10\/2015\/08\/jornadas-letras-ok.jpg\"><img fetchpriority=\"high\" decoding=\"async\" class=\"alignright size-medium wp-image-2673\" src=\"http:\/\/ffyh.unc.edu.ar\/ciffyh\/wp-content\/uploads\/sites\/10\/2015\/08\/jornadas-letras-ok-167x300.jpg\" alt=\"Imprimir\" width=\"167\" height=\"300\" srcset=\"https:\/\/ffyh.unc.edu.ar\/ciffyh\/wp-content\/uploads\/sites\/10\/2015\/08\/jornadas-letras-ok-167x300.jpg 167w, https:\/\/ffyh.unc.edu.ar\/ciffyh\/wp-content\/uploads\/sites\/10\/2015\/08\/jornadas-letras-ok-569x1024.jpg 569w, https:\/\/ffyh.unc.edu.ar\/ciffyh\/wp-content\/uploads\/sites\/10\/2015\/08\/jornadas-letras-ok.jpg 669w\" sizes=\"(max-width: 167px) 100vw, 167px\" \/><\/a>Las Jornadas del \u00c1rea Letras del Centro de Investigaciones de la FFyH se realizar\u00e1n los d\u00edas 16, 17 y 18 de septiembre en el Pabell\u00f3n Residencial y el Auditorio Hugo Ch\u00e1vez del Pabell\u00f3n Venezuela.<\/p>\n<p><!--more--><\/p>\n<p>Las jornadas tienen, desde su inicio en 2006, el prop\u00f3sito de funcionar como un espacio de encuentro de la comunidad acad\u00e9mica del \u00c1rea. Se llevar\u00e1n a cabo el mi\u00e9rcoles 16 de septiembre en el Aula D del Pabell\u00f3n Residencial, y los d\u00edas jueves 17 y viernes 18 en el Auditorio Hugo Ch\u00e1vez del Pabell\u00f3n Venezuela, en el horario de 9:30 a 13 y de 15:30 a 20 hs.<\/p>\n<p><a href=\"http:\/\/ffyh.unc.edu.ar\/ciffyh\/wp-content\/uploads\/sites\/10\/2015\/08\/Programa-JORNADAS-AREA-LETRAS-2015-Definitivo.pdf\" target=\"_blank\">Descargar Programa completo<\/a><\/p>\n<p>Entre los objetivos de la actividad se encuentran:<\/p>\n<ul>\n<li>Facilitar e intensificar las relaciones e intercambio de saberes entre los investigadores del \u00c1rea y de la comunidad acad\u00e9mica del CIFFyH<\/li>\n<li>Conocer las investigaciones que se est\u00e1n realizando<\/li>\n<li>Incentivar en alumnos y egresados la pr\u00e1ctica de investigar en la disciplina<\/li>\n<li>Incorporar nuevos miembros en los equipos de investigaci\u00f3n a trav\u00e9s del cursado de Adscripciones y Ayudant\u00edas, tal como lo prev\u00e9 el reglamento de la Instituci\u00f3n<\/li>\n<li>Ponderar intereses, necesidades de los investigadores y las posibilidades que pueden tener curso desde el Centro de Investigaciones<\/li>\n<\/ul>\n<p>En relaci\u00f3n con estos objetivos, se programa que durante las Jornadas, los equipos que integran el \u00c1rea expongan sus propuestas de investigaci\u00f3n, objetivos, metodolog\u00edas y logros alcanzados. Cada grupo dispondr\u00e1 de <strong><u>media hora,<\/u> <\/strong>tiempo que distribuir\u00e1 libremente entre la exposici\u00f3n y un espacio para preguntas, comentarios e intercambio de ideas entre investigadores y p\u00fablico.<\/p>\n<p>Entre los invitados se encuentran las autoridades para que comenten y orienten sobre las posibilidades abiertas a los investigadores a trav\u00e9s de las distintas instituciones afines a la pr\u00e1ctica en cuesti\u00f3n: CONICET, SECyT y CIFFyH; a representantes de la Biblioteca de la FFyH para que informen sobre el manejo de Bases de datos bibliogr\u00e1ficos que dispone la Universidad y a profesores especialistas en Metodolog\u00eda de la Investigaci\u00f3n y del comit\u00e9 editorial de la revista del \u00c1rea: <em>RECIAL<\/em>.<\/p>\n<p>Est\u00e1 abierta la convocatoria para:<\/p>\n<ul>\n<li>quienes desean poner en venta sus libros, porque habr\u00e1 una mesa prevista para este fin.<\/li>\n<li>a quienes quieran presentar sus libros en el marco de las Jornadas<\/li>\n<li>a Becarios del \u00c1rea que no integran equipos y est\u00e9n dispuestos a exponer sus investigaciones<\/li>\n<\/ul>\n<p><strong>Consultas<\/strong>:\u00a0<a href=\"mailto:arealetrasciffyh3@gmail.com\">arealetrasciffyh3@gmail.com<\/a><\/p>\n<p><a href=\"http:\/\/ffyh.unc.edu.ar\/ciffyh\/wp-content\/uploads\/sites\/10\/2015\/08\/jornadas-letras-ok.jpg\"><img decoding=\"async\" class=\"alignnone size-full wp-image-2673\" src=\"http:\/\/ffyh.unc.edu.ar\/ciffyh\/wp-content\/uploads\/sites\/10\/2015\/08\/jornadas-letras-ok.jpg\" alt=\"Imprimir\" width=\"669\" height=\"1203\" srcset=\"https:\/\/ffyh.unc.edu.ar\/ciffyh\/wp-content\/uploads\/sites\/10\/2015\/08\/jornadas-letras-ok.jpg 669w, https:\/\/ffyh.unc.edu.ar\/ciffyh\/wp-content\/uploads\/sites\/10\/2015\/08\/jornadas-letras-ok-167x300.jpg 167w, https:\/\/ffyh.unc.edu.ar\/ciffyh\/wp-content\/uploads\/sites\/10\/2015\/08\/jornadas-letras-ok-569x1024.jpg 569w\" sizes=\"(max-width: 669px) 100vw, 669px\" \/><\/a><\/p>\n","protected":false},"excerpt":{"rendered":"<p>Las Jornadas del \u00c1rea Letras del Centro de Investigaciones de la FFyH se realizar\u00e1n los d\u00edas 16, 17 y 18<\/p>\n","protected":false},"author":1,"featured_media":0,"comment_status":"closed","ping_status":"open","sticky":false,"template":"","format":"standard","meta":{"_acf_changed":false,"colormag_page_container_layout":"default_layout","colormag_page_sidebar_layout":"default_layout","footnotes":""},"categories":[7],"tags":[],"class_list":["post-2644","post","type-post","status-publish","format-standard","hentry","category-jornadas"],"acf":[],"yoast_head":"<!-- This site is optimized with the Yoast SEO plugin v27.1.1 - https:\/\/yoast.com\/product\/yoast-seo-wordpress\/ -->\n<title>IV Jornadas del \u00c1rea Letras del CIFFyH - Centro de Investigaciones &quot;Maria Saleme de Burnichon&quot;<\/title>\n<meta name=\"robots\" content=\"index, follow, max-snippet:-1, max-image-preview:large, max-video-preview:-1\" \/>\n<link rel=\"canonical\" href=\"https:\/\/ffyh.unc.edu.ar\/ciffyh\/iv-jornadas-del-area-letras-del-ciffyh\/\" \/>\n<meta property=\"og:locale\" content=\"es_ES\" \/>\n<meta property=\"og:type\" content=\"article\" \/>\n<meta property=\"og:title\" content=\"IV Jornadas del \u00c1rea Letras del CIFFyH - Centro de Investigaciones &quot;Maria Saleme de Burnichon&quot;\" \/>\n<meta property=\"og:description\" content=\"Las Jornadas del \u00c1rea Letras del Centro de Investigaciones de la FFyH se realizar\u00e1n los d\u00edas 16, 17 y 18\" \/>\n<meta property=\"og:url\" content=\"https:\/\/ffyh.unc.edu.ar\/ciffyh\/iv-jornadas-del-area-letras-del-ciffyh\/\" \/>\n<meta property=\"og:site_name\" content=\"Centro de Investigaciones &quot;Maria Saleme de Burnichon&quot;\" \/>\n<meta property=\"article:published_time\" content=\"2015-08-30T14:59:47+00:00\" \/>\n<meta property=\"og:image\" content=\"http:\/\/ffyh.unc.edu.ar\/ciffyh\/wp-content\/uploads\/sites\/10\/2015\/08\/jornadas-letras-ok-167x300.jpg\" \/>\n<meta name=\"author\" content=\"soporte\" \/>\n<meta name=\"twitter:card\" content=\"summary_large_image\" \/>\n<meta name=\"twitter:label1\" content=\"Escrito por\" \/>\n\t<meta name=\"twitter:data1\" content=\"\" \/>\n\t<meta name=\"twitter:label2\" content=\"Tiempo de lectura\" \/>\n\t<meta name=\"twitter:data2\" content=\"2 minutos\" \/>\n<script type=\"application\/ld+json\" class=\"yoast-schema-graph\">{\"@context\":\"https:\/\/schema.org\",\"@graph\":[{\"@type\":\"Article\",\"@id\":\"https:\/\/ffyh.unc.edu.ar\/ciffyh\/iv-jornadas-del-area-letras-del-ciffyh\/#article\",\"isPartOf\":{\"@id\":\"https:\/\/ffyh.unc.edu.ar\/ciffyh\/iv-jornadas-del-area-letras-del-ciffyh\/\"},\"author\":{\"name\":\"soporte\",\"@id\":\"https:\/\/ffyh.unc.edu.ar\/ciffyh\/#\/schema\/person\/57a743469801e7e195e268bfe4c52190\"},\"headline\":\"IV Jornadas del \u00c1rea Letras del CIFFyH\",\"datePublished\":\"2015-08-30T14:59:47+00:00\",\"mainEntityOfPage\":{\"@id\":\"https:\/\/ffyh.unc.edu.ar\/ciffyh\/iv-jornadas-del-area-letras-del-ciffyh\/\"},\"wordCount\":406,\"publisher\":{\"@id\":\"https:\/\/ffyh.unc.edu.ar\/ciffyh\/#organization\"},\"image\":{\"@id\":\"https:\/\/ffyh.unc.edu.ar\/ciffyh\/iv-jornadas-del-area-letras-del-ciffyh\/#primaryimage\"},\"thumbnailUrl\":\"http:\/\/ffyh.unc.edu.ar\/ciffyh\/wp-content\/uploads\/sites\/10\/2015\/08\/jornadas-letras-ok-167x300.jpg\",\"articleSection\":[\"Jornadas\"],\"inLanguage\":\"es\"},{\"@type\":\"WebPage\",\"@id\":\"https:\/\/ffyh.unc.edu.ar\/ciffyh\/iv-jornadas-del-area-letras-del-ciffyh\/\",\"url\":\"https:\/\/ffyh.unc.edu.ar\/ciffyh\/iv-jornadas-del-area-letras-del-ciffyh\/\",\"name\":\"IV Jornadas del \u00c1rea Letras del CIFFyH - Centro de Investigaciones &quot;Maria Saleme de Burnichon&quot;\",\"isPartOf\":{\"@id\":\"https:\/\/ffyh.unc.edu.ar\/ciffyh\/#website\"},\"primaryImageOfPage\":{\"@id\":\"https:\/\/ffyh.unc.edu.ar\/ciffyh\/iv-jornadas-del-area-letras-del-ciffyh\/#primaryimage\"},\"image\":{\"@id\":\"https:\/\/ffyh.unc.edu.ar\/ciffyh\/iv-jornadas-del-area-letras-del-ciffyh\/#primaryimage\"},\"thumbnailUrl\":\"http:\/\/ffyh.unc.edu.ar\/ciffyh\/wp-content\/uploads\/sites\/10\/2015\/08\/jornadas-letras-ok-167x300.jpg\",\"datePublished\":\"2015-08-30T14:59:47+00:00\",\"breadcrumb\":{\"@id\":\"https:\/\/ffyh.unc.edu.ar\/ciffyh\/iv-jornadas-del-area-letras-del-ciffyh\/#breadcrumb\"},\"inLanguage\":\"es\",\"potentialAction\":[{\"@type\":\"ReadAction\",\"target\":[\"https:\/\/ffyh.unc.edu.ar\/ciffyh\/iv-jornadas-del-area-letras-del-ciffyh\/\"]}]},{\"@type\":\"ImageObject\",\"inLanguage\":\"es\",\"@id\":\"https:\/\/ffyh.unc.edu.ar\/ciffyh\/iv-jornadas-del-area-letras-del-ciffyh\/#primaryimage\",\"url\":\"http:\/\/ffyh.unc.edu.ar\/ciffyh\/wp-content\/uploads\/sites\/10\/2015\/08\/jornadas-letras-ok-167x300.jpg\",\"contentUrl\":\"http:\/\/ffyh.unc.edu.ar\/ciffyh\/wp-content\/uploads\/sites\/10\/2015\/08\/jornadas-letras-ok-167x300.jpg\"},{\"@type\":\"BreadcrumbList\",\"@id\":\"https:\/\/ffyh.unc.edu.ar\/ciffyh\/iv-jornadas-del-area-letras-del-ciffyh\/#breadcrumb\",\"itemListElement\":[{\"@type\":\"ListItem\",\"position\":1,\"name\":\"Portada\",\"item\":\"https:\/\/ffyh.unc.edu.ar\/ciffyh\/\"},{\"@type\":\"ListItem\",\"position\":2,\"name\":\"IV Jornadas del \u00c1rea Letras del CIFFyH\"}]},{\"@type\":\"WebSite\",\"@id\":\"https:\/\/ffyh.unc.edu.ar\/ciffyh\/#website\",\"url\":\"https:\/\/ffyh.unc.edu.ar\/ciffyh\/\",\"name\":\"Centro de Investigaciones \\\"Maria Saleme de Burnichon\\\"\",\"description\":\"Facultad de Filosof\u00eda y Humanidades | UNC\",\"publisher\":{\"@id\":\"https:\/\/ffyh.unc.edu.ar\/ciffyh\/#organization\"},\"potentialAction\":[{\"@type\":\"SearchAction\",\"target\":{\"@type\":\"EntryPoint\",\"urlTemplate\":\"https:\/\/ffyh.unc.edu.ar\/ciffyh\/?s={search_term_string}\"},\"query-input\":{\"@type\":\"PropertyValueSpecification\",\"valueRequired\":true,\"valueName\":\"search_term_string\"}}],\"inLanguage\":\"es\"},{\"@type\":\"Organization\",\"@id\":\"https:\/\/ffyh.unc.edu.ar\/ciffyh\/#organization\",\"name\":\"Centro de Investigaciones \\\"Maria Saleme de Burnichon\\\"\",\"url\":\"https:\/\/ffyh.unc.edu.ar\/ciffyh\/\",\"logo\":{\"@type\":\"ImageObject\",\"inLanguage\":\"es\",\"@id\":\"https:\/\/ffyh.unc.edu.ar\/ciffyh\/#\/schema\/logo\/image\/\",\"url\":\"https:\/\/ffyh.unc.edu.ar\/ciffyh\/wp-content\/uploads\/sites\/10\/2018\/02\/cropped-logo-ciffyh-ico.png\",\"contentUrl\":\"https:\/\/ffyh.unc.edu.ar\/ciffyh\/wp-content\/uploads\/sites\/10\/2018\/02\/cropped-logo-ciffyh-ico.png\",\"width\":512,\"height\":512,\"caption\":\"Centro de Investigaciones \\\"Maria Saleme de Burnichon\\\"\"},\"image\":{\"@id\":\"https:\/\/ffyh.unc.edu.ar\/ciffyh\/#\/schema\/logo\/image\/\"},\"sameAs\":[\"https:\/\/www.instagram.com\/ciffyh\/\"]},{\"@type\":\"Person\",\"@id\":\"https:\/\/ffyh.unc.edu.ar\/ciffyh\/#\/schema\/person\/57a743469801e7e195e268bfe4c52190\",\"name\":\"soporte\",\"image\":{\"@type\":\"ImageObject\",\"inLanguage\":\"es\",\"@id\":\"https:\/\/ffyh.unc.edu.ar\/ciffyh\/#\/schema\/person\/image\/\",\"url\":\"https:\/\/secure.gravatar.com\/avatar\/ccd40043e5faec50f5bfc8fd1ba508e2228f018210ddcbcf662ed4624d9038c2?s=96&d=mm&r=g\",\"contentUrl\":\"https:\/\/secure.gravatar.com\/avatar\/ccd40043e5faec50f5bfc8fd1ba508e2228f018210ddcbcf662ed4624d9038c2?s=96&d=mm&r=g\",\"caption\":\"soporte\"},\"url\":\"https:\/\/ffyh.unc.edu.ar\/ciffyh\/author\/admin\/\"}]}<\/script>\n<!-- \/ Yoast SEO plugin. -->","yoast_head_json":{"title":"IV Jornadas del \u00c1rea Letras del CIFFyH - Centro de Investigaciones &quot;Maria Saleme de Burnichon&quot;","robots":{"index":"index","follow":"follow","max-snippet":"max-snippet:-1","max-image-preview":"max-image-preview:large","max-video-preview":"max-video-preview:-1"},"canonical":"https:\/\/ffyh.unc.edu.ar\/ciffyh\/iv-jornadas-del-area-letras-del-ciffyh\/","og_locale":"es_ES","og_type":"article","og_title":"IV Jornadas del \u00c1rea Letras del CIFFyH - Centro de Investigaciones &quot;Maria Saleme de Burnichon&quot;","og_description":"Las Jornadas del \u00c1rea Letras del Centro de Investigaciones de la FFyH se realizar\u00e1n los d\u00edas 16, 17 y 18","og_url":"https:\/\/ffyh.unc.edu.ar\/ciffyh\/iv-jornadas-del-area-letras-del-ciffyh\/","og_site_name":"Centro de Investigaciones &quot;Maria Saleme de Burnichon&quot;","article_published_time":"2015-08-30T14:59:47+00:00","og_image":[{"url":"http:\/\/ffyh.unc.edu.ar\/ciffyh\/wp-content\/uploads\/sites\/10\/2015\/08\/jornadas-letras-ok-167x300.jpg","type":"","width":"","height":""}],"author":"soporte","twitter_card":"summary_large_image","twitter_misc":{"Escrito por":false,"Tiempo de lectura":"2 minutos"},"schema":{"@context":"https:\/\/schema.org","@graph":[{"@type":"Article","@id":"https:\/\/ffyh.unc.edu.ar\/ciffyh\/iv-jornadas-del-area-letras-del-ciffyh\/#article","isPartOf":{"@id":"https:\/\/ffyh.unc.edu.ar\/ciffyh\/iv-jornadas-del-area-letras-del-ciffyh\/"},"author":{"name":"soporte","@id":"https:\/\/ffyh.unc.edu.ar\/ciffyh\/#\/schema\/person\/57a743469801e7e195e268bfe4c52190"},"headline":"IV Jornadas del \u00c1rea Letras del CIFFyH","datePublished":"2015-08-30T14:59:47+00:00","mainEntityOfPage":{"@id":"https:\/\/ffyh.unc.edu.ar\/ciffyh\/iv-jornadas-del-area-letras-del-ciffyh\/"},"wordCount":406,"publisher":{"@id":"https:\/\/ffyh.unc.edu.ar\/ciffyh\/#organization"},"image":{"@id":"https:\/\/ffyh.unc.edu.ar\/ciffyh\/iv-jornadas-del-area-letras-del-ciffyh\/#primaryimage"},"thumbnailUrl":"http:\/\/ffyh.unc.edu.ar\/ciffyh\/wp-content\/uploads\/sites\/10\/2015\/08\/jornadas-letras-ok-167x300.jpg","articleSection":["Jornadas"],"inLanguage":"es"},{"@type":"WebPage","@id":"https:\/\/ffyh.unc.edu.ar\/ciffyh\/iv-jornadas-del-area-letras-del-ciffyh\/","url":"https:\/\/ffyh.unc.edu.ar\/ciffyh\/iv-jornadas-del-area-letras-del-ciffyh\/","name":"IV Jornadas del \u00c1rea Letras del CIFFyH - Centro de Investigaciones &quot;Maria Saleme de Burnichon&quot;","isPartOf":{"@id":"https:\/\/ffyh.unc.edu.ar\/ciffyh\/#website"},"primaryImageOfPage":{"@id":"https:\/\/ffyh.unc.edu.ar\/ciffyh\/iv-jornadas-del-area-letras-del-ciffyh\/#primaryimage"},"image":{"@id":"https:\/\/ffyh.unc.edu.ar\/ciffyh\/iv-jornadas-del-area-letras-del-ciffyh\/#primaryimage"},"thumbnailUrl":"http:\/\/ffyh.unc.edu.ar\/ciffyh\/wp-content\/uploads\/sites\/10\/2015\/08\/jornadas-letras-ok-167x300.jpg","datePublished":"2015-08-30T14:59:47+00:00","breadcrumb":{"@id":"https:\/\/ffyh.unc.edu.ar\/ciffyh\/iv-jornadas-del-area-letras-del-ciffyh\/#breadcrumb"},"inLanguage":"es","potentialAction":[{"@type":"ReadAction","target":["https:\/\/ffyh.unc.edu.ar\/ciffyh\/iv-jornadas-del-area-letras-del-ciffyh\/"]}]},{"@type":"ImageObject","inLanguage":"es","@id":"https:\/\/ffyh.unc.edu.ar\/ciffyh\/iv-jornadas-del-area-letras-del-ciffyh\/#primaryimage","url":"http:\/\/ffyh.unc.edu.ar\/ciffyh\/wp-content\/uploads\/sites\/10\/2015\/08\/jornadas-letras-ok-167x300.jpg","contentUrl":"http:\/\/ffyh.unc.edu.ar\/ciffyh\/wp-content\/uploads\/sites\/10\/2015\/08\/jornadas-letras-ok-167x300.jpg"},{"@type":"BreadcrumbList","@id":"https:\/\/ffyh.unc.edu.ar\/ciffyh\/iv-jornadas-del-area-letras-del-ciffyh\/#breadcrumb","itemListElement":[{"@type":"ListItem","position":1,"name":"Portada","item":"https:\/\/ffyh.unc.edu.ar\/ciffyh\/"},{"@type":"ListItem","position":2,"name":"IV Jornadas del \u00c1rea Letras del CIFFyH"}]},{"@type":"WebSite","@id":"https:\/\/ffyh.unc.edu.ar\/ciffyh\/#website","url":"https:\/\/ffyh.unc.edu.ar\/ciffyh\/","name":"Centro de Investigaciones \"Maria Saleme de Burnichon\"","description":"Facultad de Filosof\u00eda y Humanidades | UNC","publisher":{"@id":"https:\/\/ffyh.unc.edu.ar\/ciffyh\/#organization"},"potentialAction":[{"@type":"SearchAction","target":{"@type":"EntryPoint","urlTemplate":"https:\/\/ffyh.unc.edu.ar\/ciffyh\/?s={search_term_string}"},"query-input":{"@type":"PropertyValueSpecification","valueRequired":true,"valueName":"search_term_string"}}],"inLanguage":"es"},{"@type":"Organization","@id":"https:\/\/ffyh.unc.edu.ar\/ciffyh\/#organization","name":"Centro de Investigaciones \"Maria Saleme de Burnichon\"","url":"https:\/\/ffyh.unc.edu.ar\/ciffyh\/","logo":{"@type":"ImageObject","inLanguage":"es","@id":"https:\/\/ffyh.unc.edu.ar\/ciffyh\/#\/schema\/logo\/image\/","url":"https:\/\/ffyh.unc.edu.ar\/ciffyh\/wp-content\/uploads\/sites\/10\/2018\/02\/cropped-logo-ciffyh-ico.png","contentUrl":"https:\/\/ffyh.unc.edu.ar\/ciffyh\/wp-content\/uploads\/sites\/10\/2018\/02\/cropped-logo-ciffyh-ico.png","width":512,"height":512,"caption":"Centro de Investigaciones \"Maria Saleme de Burnichon\""},"image":{"@id":"https:\/\/ffyh.unc.edu.ar\/ciffyh\/#\/schema\/logo\/image\/"},"sameAs":["https:\/\/www.instagram.com\/ciffyh\/"]},{"@type":"Person","@id":"https:\/\/ffyh.unc.edu.ar\/ciffyh\/#\/schema\/person\/57a743469801e7e195e268bfe4c52190","name":"soporte","image":{"@type":"ImageObject","inLanguage":"es","@id":"https:\/\/ffyh.unc.edu.ar\/ciffyh\/#\/schema\/person\/image\/","url":"https:\/\/secure.gravatar.com\/avatar\/ccd40043e5faec50f5bfc8fd1ba508e2228f018210ddcbcf662ed4624d9038c2?s=96&d=mm&r=g","contentUrl":"https:\/\/secure.gravatar.com\/avatar\/ccd40043e5faec50f5bfc8fd1ba508e2228f018210ddcbcf662ed4624d9038c2?s=96&d=mm&r=g","caption":"soporte"},"url":"https:\/\/ffyh.unc.edu.ar\/ciffyh\/author\/admin\/"}]}},"jetpack_featured_media_url":"","_links":{"self":[{"href":"https:\/\/ffyh.unc.edu.ar\/ciffyh\/wp-json\/wp\/v2\/posts\/2644","targetHints":{"allow":["GET"]}}],"collection":[{"href":"https:\/\/ffyh.unc.edu.ar\/ciffyh\/wp-json\/wp\/v2\/posts"}],"about":[{"href":"https:\/\/ffyh.unc.edu.ar\/ciffyh\/wp-json\/wp\/v2\/types\/post"}],"author":[{"embeddable":true,"href":"https:\/\/ffyh.unc.edu.ar\/ciffyh\/wp-json\/wp\/v2\/users\/1"}],"replies":[{"embeddable":true,"href":"https:\/\/ffyh.unc.edu.ar\/ciffyh\/wp-json\/wp\/v2\/comments?post=2644"}],"version-history":[{"count":0,"href":"https:\/\/ffyh.unc.edu.ar\/ciffyh\/wp-json\/wp\/v2\/posts\/2644\/revisions"}],"wp:attachment":[{"href":"https:\/\/ffyh.unc.edu.ar\/ciffyh\/wp-json\/wp\/v2\/media?parent=2644"}],"wp:term":[{"taxonomy":"category","embeddable":true,"href":"https:\/\/ffyh.unc.edu.ar\/ciffyh\/wp-json\/wp\/v2\/categories?post=2644"},{"taxonomy":"post_tag","embeddable":true,"href":"https:\/\/ffyh.unc.edu.ar\/ciffyh\/wp-json\/wp\/v2\/tags?post=2644"}],"curies":[{"name":"wp","href":"https:\/\/api.w.org\/{rel}","templated":true}]}}