{"id":2737,"date":"2015-10-22T11:43:07","date_gmt":"2015-10-22T14:43:07","guid":{"rendered":"http:\/\/www.ffyh.unc.edu.ar\/ciffyh\/?p=2737"},"modified":"2015-10-22T11:43:07","modified_gmt":"2015-10-22T14:43:07","slug":"workshoptaller-de-discusion-catolicismo-genero-y-movimiento-obrero","status":"publish","type":"post","link":"https:\/\/ffyh.unc.edu.ar\/ciffyh\/workshoptaller-de-discusion-catolicismo-genero-y-movimiento-obrero\/","title":{"rendered":"Workshop\/taller de discusi\u00f3n: \u00abCatolicismo, g\u00e9nero y movimiento obrero\u00bb"},"content":{"rendered":"<p>Se realizar\u00e1 el <strong>martes 3 de noviembre<\/strong>, de 10 a 20 hs, en la Sala \u201cA\u201d del Pabell\u00f3n Residencial (Ciudad Universitaria), organizado por el proyecto de investigaci\u00f3n \u201cEsfera p\u00fablica y culturas pol\u00edticas desde una perspectiva comparada en Argentina, primera mitad del siglo XX\u201d, radicado en el CIFFyH.<\/p>\n<p><!--more--><\/p>\n<p>La actividad es libre y gratuita. Se otorgar\u00e1n certificados de asistencia.<\/p>\n<h1><strong>Programa<\/strong><\/h1>\n<p>10 a 12 hs.<\/p>\n<p><strong>1\u00b0 Sesi\u00f3n: \u201cLa participaci\u00f3n de las mujeres en la esfera p\u00fablica desde una perspectiva de g\u00e9nero\u201d<\/strong><\/p>\n<p>Constanza Bosch Alessio (CIECS-CONICET): \u00abLa participaci\u00f3n de la mujer en el mundo del trabajo. Ciudad de C\u00f3rdoba, 1904-1919\u00bb<\/p>\n<p>Yesica Bonino (CIFFyH-UNC): \u00abLa visibilizaci\u00f3n de la violencia hacia las mujeres a trav\u00e9s del diario C\u00f3rdoba, entre 1928 y 1932&#8243;<\/p>\n<p>Eugenia S\u00e1nchez (CIFFyH-UNC): \u201cMujeres y sociabilidad pueblerina en Colonia Caroya, provincia de C\u00f3rdoba, entre 1932-1942. El caso del Club juventud Agraria Col\u00f3n\u00bb<\/p>\n<p>Ana Noguera (CEA-UNC): \u00abMujeres y militancia en la Nueva Izquierda: el caso de Montoneros. C\u00f3rdoba. 1968-1978\u201d<\/p>\n<p>12 a 13 hs.<\/p>\n<p><strong>Sub-sesi\u00f3n: Hacia la construcci\u00f3n del objeto de estudio:<\/strong><\/p>\n<p>Yael Ortiz (UNC): \u201cLa judicializaci\u00f3n del aborto en 1905 (lineamientos para trabajo final de seminario)\u00bb<\/p>\n<p>Helena Andr\u00e9 Bazla (UNC): \u00abContribuci\u00f3n para el conocimiento del desempe\u00f1o de la mujer como estudiante en la UNC, 1918-1930\u00bb<\/p>\n<p>Anabela Bosio (UNC): \u00abEl Colegio Pr\u00e1ctico de Nuestra Se\u00f1ora de Copacabana y la formaci\u00f3n dom\u00e9stica de la mujer. C\u00f3rdoba, 1902-1917\u00bb<\/p>\n<p>15 a 17,30 hs.<\/p>\n<p><strong>2\u00b0 Sesi\u00f3n: Iglesia y pol\u00edtica<\/strong><\/p>\n<p>Pablo Fern\u00e1ndez (UNVM\/CONICET): \u00abNotables \u00bfcat\u00f3licos? en la Uni\u00f3n C\u00edvica Radical de C\u00f3rdoba, 1912-1915\u00bb<\/p>\n<p>Salvador Vaccari (CIFFyH-UNC): \u201cUna aproximaci\u00f3n a las disputas en torno a la educaci\u00f3n laica durante el gobierno de Amadeo Sabattini (C\u00f3rdoba, 1936 &#8211; 1940)\u201d<\/p>\n<p>Samir Juri (CIFFyH-UNC): \u00abDiscursos y acciones. La relaci\u00f3n Iglesia-Per\u00f3n en el bienio 54-55\u00bb<\/p>\n<p>18 hs.<\/p>\n<p><strong>\u00a0Panel de cierre<\/strong><\/p>\n<p><strong>\u00abAPROXIMACIONES AL ASOCIACIONISMO OBRERO CAT\u00d3LICO: LOS CASOS DE ESPA\u00d1A Y ARGENTINA DURANTE EL SIGLO XX\u00bb<\/strong><\/p>\n<p>Mgter. Sara Mart\u00edn Guti\u00e9rrez (Universidad Complutense de Madrid)<\/p>\n<p>Dr. Diego Mauro (ISHIR-UNR-CONICET)<\/p>\n<p>Dra. Gardenia Vidal (CIFFyH-UNC),<\/p>\n<p>Dra. Jessica Blanco (CIFFyH-UNC-CONICET)<\/p>\n<p><a href=\"http:\/\/ffyh.unc.edu.ar\/ciffyh\/wp-content\/uploads\/sites\/10\/2015\/10\/Programa-de-difusi\u00f3n-Workshop-2015.pdf\" target=\"_blank\">Descargar Programa en PDF<\/a><\/p>\n","protected":false},"excerpt":{"rendered":"<p>Se realizar\u00e1 el martes 3 de noviembre, de 10 a 20 hs, en la Sala \u201cA\u201d del Pabell\u00f3n Residencial (Ciudad<\/p>\n","protected":false},"author":1,"featured_media":0,"comment_status":"closed","ping_status":"open","sticky":false,"template":"","format":"standard","meta":{"_acf_changed":false,"colormag_page_container_layout":"default_layout","colormag_page_sidebar_layout":"default_layout","footnotes":""},"categories":[7],"tags":[],"class_list":["post-2737","post","type-post","status-publish","format-standard","hentry","category-jornadas"],"acf":[],"yoast_head":"<!-- This site is optimized with the Yoast SEO plugin v27.1.1 - https:\/\/yoast.com\/product\/yoast-seo-wordpress\/ -->\n<title>Workshop\/taller de discusi\u00f3n: &quot;Catolicismo, g\u00e9nero y movimiento obrero&quot; - Centro de Investigaciones &quot;Maria Saleme de Burnichon&quot;<\/title>\n<meta name=\"robots\" content=\"index, follow, max-snippet:-1, max-image-preview:large, max-video-preview:-1\" \/>\n<link rel=\"canonical\" href=\"https:\/\/ffyh.unc.edu.ar\/ciffyh\/workshoptaller-de-discusion-catolicismo-genero-y-movimiento-obrero\/\" \/>\n<meta property=\"og:locale\" content=\"es_ES\" \/>\n<meta property=\"og:type\" content=\"article\" \/>\n<meta property=\"og:title\" content=\"Workshop\/taller de discusi\u00f3n: &quot;Catolicismo, g\u00e9nero y movimiento obrero&quot; - Centro de Investigaciones &quot;Maria Saleme de Burnichon&quot;\" \/>\n<meta property=\"og:description\" content=\"Se realizar\u00e1 el martes 3 de noviembre, de 10 a 20 hs, en la Sala \u201cA\u201d del Pabell\u00f3n Residencial (Ciudad\" \/>\n<meta property=\"og:url\" content=\"https:\/\/ffyh.unc.edu.ar\/ciffyh\/workshoptaller-de-discusion-catolicismo-genero-y-movimiento-obrero\/\" \/>\n<meta property=\"og:site_name\" content=\"Centro de Investigaciones &quot;Maria Saleme de Burnichon&quot;\" \/>\n<meta property=\"article:published_time\" content=\"2015-10-22T14:43:07+00:00\" \/>\n<meta name=\"author\" content=\"soporte\" \/>\n<meta name=\"twitter:card\" content=\"summary_large_image\" \/>\n<meta name=\"twitter:label1\" content=\"Escrito por\" \/>\n\t<meta name=\"twitter:data1\" content=\"\" \/>\n\t<meta name=\"twitter:label2\" content=\"Tiempo de lectura\" \/>\n\t<meta name=\"twitter:data2\" content=\"2 minutos\" \/>\n<script type=\"application\/ld+json\" class=\"yoast-schema-graph\">{\"@context\":\"https:\/\/schema.org\",\"@graph\":[{\"@type\":\"Article\",\"@id\":\"https:\/\/ffyh.unc.edu.ar\/ciffyh\/workshoptaller-de-discusion-catolicismo-genero-y-movimiento-obrero\/#article\",\"isPartOf\":{\"@id\":\"https:\/\/ffyh.unc.edu.ar\/ciffyh\/workshoptaller-de-discusion-catolicismo-genero-y-movimiento-obrero\/\"},\"author\":{\"name\":\"soporte\",\"@id\":\"https:\/\/ffyh.unc.edu.ar\/ciffyh\/#\/schema\/person\/57a743469801e7e195e268bfe4c52190\"},\"headline\":\"Workshop\/taller de discusi\u00f3n: \u00abCatolicismo, g\u00e9nero y movimiento obrero\u00bb\",\"datePublished\":\"2015-10-22T14:43:07+00:00\",\"mainEntityOfPage\":{\"@id\":\"https:\/\/ffyh.unc.edu.ar\/ciffyh\/workshoptaller-de-discusion-catolicismo-genero-y-movimiento-obrero\/\"},\"wordCount\":363,\"publisher\":{\"@id\":\"https:\/\/ffyh.unc.edu.ar\/ciffyh\/#organization\"},\"articleSection\":[\"Jornadas\"],\"inLanguage\":\"es\"},{\"@type\":\"WebPage\",\"@id\":\"https:\/\/ffyh.unc.edu.ar\/ciffyh\/workshoptaller-de-discusion-catolicismo-genero-y-movimiento-obrero\/\",\"url\":\"https:\/\/ffyh.unc.edu.ar\/ciffyh\/workshoptaller-de-discusion-catolicismo-genero-y-movimiento-obrero\/\",\"name\":\"Workshop\/taller de discusi\u00f3n: \\\"Catolicismo, g\u00e9nero y movimiento obrero\\\" - Centro de Investigaciones &quot;Maria Saleme de Burnichon&quot;\",\"isPartOf\":{\"@id\":\"https:\/\/ffyh.unc.edu.ar\/ciffyh\/#website\"},\"datePublished\":\"2015-10-22T14:43:07+00:00\",\"breadcrumb\":{\"@id\":\"https:\/\/ffyh.unc.edu.ar\/ciffyh\/workshoptaller-de-discusion-catolicismo-genero-y-movimiento-obrero\/#breadcrumb\"},\"inLanguage\":\"es\",\"potentialAction\":[{\"@type\":\"ReadAction\",\"target\":[\"https:\/\/ffyh.unc.edu.ar\/ciffyh\/workshoptaller-de-discusion-catolicismo-genero-y-movimiento-obrero\/\"]}]},{\"@type\":\"BreadcrumbList\",\"@id\":\"https:\/\/ffyh.unc.edu.ar\/ciffyh\/workshoptaller-de-discusion-catolicismo-genero-y-movimiento-obrero\/#breadcrumb\",\"itemListElement\":[{\"@type\":\"ListItem\",\"position\":1,\"name\":\"Portada\",\"item\":\"https:\/\/ffyh.unc.edu.ar\/ciffyh\/\"},{\"@type\":\"ListItem\",\"position\":2,\"name\":\"Workshop\/taller de discusi\u00f3n: \u00abCatolicismo, g\u00e9nero y movimiento obrero\u00bb\"}]},{\"@type\":\"WebSite\",\"@id\":\"https:\/\/ffyh.unc.edu.ar\/ciffyh\/#website\",\"url\":\"https:\/\/ffyh.unc.edu.ar\/ciffyh\/\",\"name\":\"Centro de Investigaciones \\\"Maria Saleme de Burnichon\\\"\",\"description\":\"Facultad de Filosof\u00eda y Humanidades | UNC\",\"publisher\":{\"@id\":\"https:\/\/ffyh.unc.edu.ar\/ciffyh\/#organization\"},\"potentialAction\":[{\"@type\":\"SearchAction\",\"target\":{\"@type\":\"EntryPoint\",\"urlTemplate\":\"https:\/\/ffyh.unc.edu.ar\/ciffyh\/?s={search_term_string}\"},\"query-input\":{\"@type\":\"PropertyValueSpecification\",\"valueRequired\":true,\"valueName\":\"search_term_string\"}}],\"inLanguage\":\"es\"},{\"@type\":\"Organization\",\"@id\":\"https:\/\/ffyh.unc.edu.ar\/ciffyh\/#organization\",\"name\":\"Centro de Investigaciones \\\"Maria Saleme de Burnichon\\\"\",\"url\":\"https:\/\/ffyh.unc.edu.ar\/ciffyh\/\",\"logo\":{\"@type\":\"ImageObject\",\"inLanguage\":\"es\",\"@id\":\"https:\/\/ffyh.unc.edu.ar\/ciffyh\/#\/schema\/logo\/image\/\",\"url\":\"https:\/\/ffyh.unc.edu.ar\/ciffyh\/wp-content\/uploads\/sites\/10\/2018\/02\/cropped-logo-ciffyh-ico.png\",\"contentUrl\":\"https:\/\/ffyh.unc.edu.ar\/ciffyh\/wp-content\/uploads\/sites\/10\/2018\/02\/cropped-logo-ciffyh-ico.png\",\"width\":512,\"height\":512,\"caption\":\"Centro de Investigaciones \\\"Maria Saleme de Burnichon\\\"\"},\"image\":{\"@id\":\"https:\/\/ffyh.unc.edu.ar\/ciffyh\/#\/schema\/logo\/image\/\"},\"sameAs\":[\"https:\/\/www.instagram.com\/ciffyh\/\"]},{\"@type\":\"Person\",\"@id\":\"https:\/\/ffyh.unc.edu.ar\/ciffyh\/#\/schema\/person\/57a743469801e7e195e268bfe4c52190\",\"name\":\"soporte\",\"image\":{\"@type\":\"ImageObject\",\"inLanguage\":\"es\",\"@id\":\"https:\/\/ffyh.unc.edu.ar\/ciffyh\/#\/schema\/person\/image\/\",\"url\":\"https:\/\/secure.gravatar.com\/avatar\/ccd40043e5faec50f5bfc8fd1ba508e2228f018210ddcbcf662ed4624d9038c2?s=96&d=mm&r=g\",\"contentUrl\":\"https:\/\/secure.gravatar.com\/avatar\/ccd40043e5faec50f5bfc8fd1ba508e2228f018210ddcbcf662ed4624d9038c2?s=96&d=mm&r=g\",\"caption\":\"soporte\"},\"url\":\"https:\/\/ffyh.unc.edu.ar\/ciffyh\/author\/admin\/\"}]}<\/script>\n<!-- \/ Yoast SEO plugin. -->","yoast_head_json":{"title":"Workshop\/taller de discusi\u00f3n: \"Catolicismo, g\u00e9nero y movimiento obrero\" - Centro de Investigaciones &quot;Maria Saleme de Burnichon&quot;","robots":{"index":"index","follow":"follow","max-snippet":"max-snippet:-1","max-image-preview":"max-image-preview:large","max-video-preview":"max-video-preview:-1"},"canonical":"https:\/\/ffyh.unc.edu.ar\/ciffyh\/workshoptaller-de-discusion-catolicismo-genero-y-movimiento-obrero\/","og_locale":"es_ES","og_type":"article","og_title":"Workshop\/taller de discusi\u00f3n: \"Catolicismo, g\u00e9nero y movimiento obrero\" - Centro de Investigaciones &quot;Maria Saleme de Burnichon&quot;","og_description":"Se realizar\u00e1 el martes 3 de noviembre, de 10 a 20 hs, en la Sala \u201cA\u201d del Pabell\u00f3n Residencial (Ciudad","og_url":"https:\/\/ffyh.unc.edu.ar\/ciffyh\/workshoptaller-de-discusion-catolicismo-genero-y-movimiento-obrero\/","og_site_name":"Centro de Investigaciones &quot;Maria Saleme de Burnichon&quot;","article_published_time":"2015-10-22T14:43:07+00:00","author":"soporte","twitter_card":"summary_large_image","twitter_misc":{"Escrito por":false,"Tiempo de lectura":"2 minutos"},"schema":{"@context":"https:\/\/schema.org","@graph":[{"@type":"Article","@id":"https:\/\/ffyh.unc.edu.ar\/ciffyh\/workshoptaller-de-discusion-catolicismo-genero-y-movimiento-obrero\/#article","isPartOf":{"@id":"https:\/\/ffyh.unc.edu.ar\/ciffyh\/workshoptaller-de-discusion-catolicismo-genero-y-movimiento-obrero\/"},"author":{"name":"soporte","@id":"https:\/\/ffyh.unc.edu.ar\/ciffyh\/#\/schema\/person\/57a743469801e7e195e268bfe4c52190"},"headline":"Workshop\/taller de discusi\u00f3n: \u00abCatolicismo, g\u00e9nero y movimiento obrero\u00bb","datePublished":"2015-10-22T14:43:07+00:00","mainEntityOfPage":{"@id":"https:\/\/ffyh.unc.edu.ar\/ciffyh\/workshoptaller-de-discusion-catolicismo-genero-y-movimiento-obrero\/"},"wordCount":363,"publisher":{"@id":"https:\/\/ffyh.unc.edu.ar\/ciffyh\/#organization"},"articleSection":["Jornadas"],"inLanguage":"es"},{"@type":"WebPage","@id":"https:\/\/ffyh.unc.edu.ar\/ciffyh\/workshoptaller-de-discusion-catolicismo-genero-y-movimiento-obrero\/","url":"https:\/\/ffyh.unc.edu.ar\/ciffyh\/workshoptaller-de-discusion-catolicismo-genero-y-movimiento-obrero\/","name":"Workshop\/taller de discusi\u00f3n: \"Catolicismo, g\u00e9nero y movimiento obrero\" - Centro de Investigaciones &quot;Maria Saleme de Burnichon&quot;","isPartOf":{"@id":"https:\/\/ffyh.unc.edu.ar\/ciffyh\/#website"},"datePublished":"2015-10-22T14:43:07+00:00","breadcrumb":{"@id":"https:\/\/ffyh.unc.edu.ar\/ciffyh\/workshoptaller-de-discusion-catolicismo-genero-y-movimiento-obrero\/#breadcrumb"},"inLanguage":"es","potentialAction":[{"@type":"ReadAction","target":["https:\/\/ffyh.unc.edu.ar\/ciffyh\/workshoptaller-de-discusion-catolicismo-genero-y-movimiento-obrero\/"]}]},{"@type":"BreadcrumbList","@id":"https:\/\/ffyh.unc.edu.ar\/ciffyh\/workshoptaller-de-discusion-catolicismo-genero-y-movimiento-obrero\/#breadcrumb","itemListElement":[{"@type":"ListItem","position":1,"name":"Portada","item":"https:\/\/ffyh.unc.edu.ar\/ciffyh\/"},{"@type":"ListItem","position":2,"name":"Workshop\/taller de discusi\u00f3n: \u00abCatolicismo, g\u00e9nero y movimiento obrero\u00bb"}]},{"@type":"WebSite","@id":"https:\/\/ffyh.unc.edu.ar\/ciffyh\/#website","url":"https:\/\/ffyh.unc.edu.ar\/ciffyh\/","name":"Centro de Investigaciones \"Maria Saleme de Burnichon\"","description":"Facultad de Filosof\u00eda y Humanidades | UNC","publisher":{"@id":"https:\/\/ffyh.unc.edu.ar\/ciffyh\/#organization"},"potentialAction":[{"@type":"SearchAction","target":{"@type":"EntryPoint","urlTemplate":"https:\/\/ffyh.unc.edu.ar\/ciffyh\/?s={search_term_string}"},"query-input":{"@type":"PropertyValueSpecification","valueRequired":true,"valueName":"search_term_string"}}],"inLanguage":"es"},{"@type":"Organization","@id":"https:\/\/ffyh.unc.edu.ar\/ciffyh\/#organization","name":"Centro de Investigaciones \"Maria Saleme de Burnichon\"","url":"https:\/\/ffyh.unc.edu.ar\/ciffyh\/","logo":{"@type":"ImageObject","inLanguage":"es","@id":"https:\/\/ffyh.unc.edu.ar\/ciffyh\/#\/schema\/logo\/image\/","url":"https:\/\/ffyh.unc.edu.ar\/ciffyh\/wp-content\/uploads\/sites\/10\/2018\/02\/cropped-logo-ciffyh-ico.png","contentUrl":"https:\/\/ffyh.unc.edu.ar\/ciffyh\/wp-content\/uploads\/sites\/10\/2018\/02\/cropped-logo-ciffyh-ico.png","width":512,"height":512,"caption":"Centro de Investigaciones \"Maria Saleme de Burnichon\""},"image":{"@id":"https:\/\/ffyh.unc.edu.ar\/ciffyh\/#\/schema\/logo\/image\/"},"sameAs":["https:\/\/www.instagram.com\/ciffyh\/"]},{"@type":"Person","@id":"https:\/\/ffyh.unc.edu.ar\/ciffyh\/#\/schema\/person\/57a743469801e7e195e268bfe4c52190","name":"soporte","image":{"@type":"ImageObject","inLanguage":"es","@id":"https:\/\/ffyh.unc.edu.ar\/ciffyh\/#\/schema\/person\/image\/","url":"https:\/\/secure.gravatar.com\/avatar\/ccd40043e5faec50f5bfc8fd1ba508e2228f018210ddcbcf662ed4624d9038c2?s=96&d=mm&r=g","contentUrl":"https:\/\/secure.gravatar.com\/avatar\/ccd40043e5faec50f5bfc8fd1ba508e2228f018210ddcbcf662ed4624d9038c2?s=96&d=mm&r=g","caption":"soporte"},"url":"https:\/\/ffyh.unc.edu.ar\/ciffyh\/author\/admin\/"}]}},"jetpack_featured_media_url":"","_links":{"self":[{"href":"https:\/\/ffyh.unc.edu.ar\/ciffyh\/wp-json\/wp\/v2\/posts\/2737","targetHints":{"allow":["GET"]}}],"collection":[{"href":"https:\/\/ffyh.unc.edu.ar\/ciffyh\/wp-json\/wp\/v2\/posts"}],"about":[{"href":"https:\/\/ffyh.unc.edu.ar\/ciffyh\/wp-json\/wp\/v2\/types\/post"}],"author":[{"embeddable":true,"href":"https:\/\/ffyh.unc.edu.ar\/ciffyh\/wp-json\/wp\/v2\/users\/1"}],"replies":[{"embeddable":true,"href":"https:\/\/ffyh.unc.edu.ar\/ciffyh\/wp-json\/wp\/v2\/comments?post=2737"}],"version-history":[{"count":0,"href":"https:\/\/ffyh.unc.edu.ar\/ciffyh\/wp-json\/wp\/v2\/posts\/2737\/revisions"}],"wp:attachment":[{"href":"https:\/\/ffyh.unc.edu.ar\/ciffyh\/wp-json\/wp\/v2\/media?parent=2737"}],"wp:term":[{"taxonomy":"category","embeddable":true,"href":"https:\/\/ffyh.unc.edu.ar\/ciffyh\/wp-json\/wp\/v2\/categories?post=2737"},{"taxonomy":"post_tag","embeddable":true,"href":"https:\/\/ffyh.unc.edu.ar\/ciffyh\/wp-json\/wp\/v2\/tags?post=2737"}],"curies":[{"name":"wp","href":"https:\/\/api.w.org\/{rel}","templated":true}]}}