{"id":2996,"date":"2016-09-15T10:23:50","date_gmt":"2016-09-15T13:23:50","guid":{"rendered":"http:\/\/www.ffyh.unc.edu.ar\/ciffyh\/?p=2996"},"modified":"2016-09-15T10:23:50","modified_gmt":"2016-09-15T13:23:50","slug":"conferencia-de-pablo-lopez-silva-fenomenologia-cognitiva-y-la-arquitectura-de-las-atribuciones-de-agencia-mental","status":"publish","type":"post","link":"https:\/\/ffyh.unc.edu.ar\/ciffyh\/conferencia-de-pablo-lopez-silva-fenomenologia-cognitiva-y-la-arquitectura-de-las-atribuciones-de-agencia-mental\/","title":{"rendered":"Conferencia de Pablo L\u00f3pez Silva: \u00abFenomenolog\u00eda Cognitiva y la Arquitectura de las Atribuciones de Agencia Mental\u00bb"},"content":{"rendered":"<div>El \u00c1rea de Filosof\u00eda del CIFFyH invita a la conferencia <b>Fenomenolog\u00eda Cognitiva y la Arquitectura de las Atribuciones de Agencia Mental<\/b>, que ser\u00e1 dictada por el Dr. Pablo L\u00f3pez Silva (Universidad de Valpara\u00edso-Chile), que se realizar\u00e1 el jueves 29 de septiembre, a las 14 hs, en el aula 2 del Pabell\u00f3n Venezuela, Ciudad Universitaria.<\/div>\n<div><\/div>\n<div>M\u00e1s informaci\u00f3n:\u00a0<a href=\"http:\/\/blogs.ffyh.unc.edu.ar\/filosofiaciffyh\/2016\/09\/21\/conferencia-fenomenologia-cognitiva-y-la-arquitectura-de-las-atribuciones-de-agencia-mental\/\" target=\"_blank\">http:\/\/blogs.ffyh.unc.edu.ar\/filosofiaciffyh\/2016\/09\/21\/conferencia-fenomenologia-cognitiva-y-la-arquitectura-de-las-atribuciones-de-agencia-mental\/<\/a><\/div>\n<div class=\"ajR\"><a href=\"http:\/\/ffyh.unc.edu.ar\/ciffyh\/wp-content\/uploads\/sites\/10\/2016\/09\/conferencia-neuro.jpg\"><img fetchpriority=\"high\" decoding=\"async\" class=\"alignnone size-full wp-image-2997\" src=\"http:\/\/ffyh.unc.edu.ar\/ciffyh\/wp-content\/uploads\/sites\/10\/2016\/09\/conferencia-neuro.jpg\" alt=\"Imprimir\" width=\"850\" height=\"1200\" srcset=\"https:\/\/ffyh.unc.edu.ar\/ciffyh\/wp-content\/uploads\/sites\/10\/2016\/09\/conferencia-neuro.jpg 850w, https:\/\/ffyh.unc.edu.ar\/ciffyh\/wp-content\/uploads\/sites\/10\/2016\/09\/conferencia-neuro-213x300.jpg 213w, https:\/\/ffyh.unc.edu.ar\/ciffyh\/wp-content\/uploads\/sites\/10\/2016\/09\/conferencia-neuro-768x1084.jpg 768w, https:\/\/ffyh.unc.edu.ar\/ciffyh\/wp-content\/uploads\/sites\/10\/2016\/09\/conferencia-neuro-725x1024.jpg 725w\" sizes=\"(max-width: 850px) 100vw, 850px\" \/><\/a><\/div>\n","protected":false},"excerpt":{"rendered":"<p>El \u00c1rea de Filosof\u00eda del CIFFyH invita a la conferencia Fenomenolog\u00eda Cognitiva y la Arquitectura de las Atribuciones de Agencia<\/p>\n","protected":false},"author":1,"featured_media":0,"comment_status":"closed","ping_status":"open","sticky":false,"template":"","format":"standard","meta":{"_acf_changed":false,"colormag_page_container_layout":"default_layout","colormag_page_sidebar_layout":"default_layout","footnotes":""},"categories":[3],"tags":[],"class_list":["post-2996","post","type-post","status-publish","format-standard","hentry","category-conferencias"],"acf":[],"yoast_head":"<!-- This site is optimized with the Yoast SEO plugin v27.1.1 - https:\/\/yoast.com\/product\/yoast-seo-wordpress\/ -->\n<title>Conferencia de Pablo L\u00f3pez Silva: &quot;Fenomenolog\u00eda Cognitiva y la Arquitectura de las Atribuciones de Agencia Mental&quot; - Centro de Investigaciones &quot;Maria Saleme de Burnichon&quot;<\/title>\n<meta name=\"robots\" content=\"index, follow, max-snippet:-1, max-image-preview:large, max-video-preview:-1\" \/>\n<link rel=\"canonical\" href=\"https:\/\/ffyh.unc.edu.ar\/ciffyh\/conferencia-de-pablo-lopez-silva-fenomenologia-cognitiva-y-la-arquitectura-de-las-atribuciones-de-agencia-mental\/\" \/>\n<meta property=\"og:locale\" content=\"es_ES\" \/>\n<meta property=\"og:type\" content=\"article\" \/>\n<meta property=\"og:title\" content=\"Conferencia de Pablo L\u00f3pez Silva: &quot;Fenomenolog\u00eda Cognitiva y la Arquitectura de las Atribuciones de Agencia Mental&quot; - Centro de Investigaciones &quot;Maria Saleme de Burnichon&quot;\" \/>\n<meta property=\"og:description\" content=\"El \u00c1rea de Filosof\u00eda del CIFFyH invita a la conferencia Fenomenolog\u00eda Cognitiva y la Arquitectura de las Atribuciones de Agencia\" \/>\n<meta property=\"og:url\" content=\"https:\/\/ffyh.unc.edu.ar\/ciffyh\/conferencia-de-pablo-lopez-silva-fenomenologia-cognitiva-y-la-arquitectura-de-las-atribuciones-de-agencia-mental\/\" \/>\n<meta property=\"og:site_name\" content=\"Centro de Investigaciones &quot;Maria Saleme de Burnichon&quot;\" \/>\n<meta property=\"article:published_time\" content=\"2016-09-15T13:23:50+00:00\" \/>\n<meta property=\"og:image\" content=\"http:\/\/ffyh.unc.edu.ar\/ciffyh\/wp-content\/uploads\/sites\/10\/2016\/09\/conferencia-neuro.jpg\" \/>\n<meta name=\"author\" content=\"soporte\" \/>\n<meta name=\"twitter:card\" content=\"summary_large_image\" \/>\n<meta name=\"twitter:label1\" content=\"Escrito por\" \/>\n\t<meta name=\"twitter:data1\" content=\"\" \/>\n<script type=\"application\/ld+json\" class=\"yoast-schema-graph\">{\"@context\":\"https:\/\/schema.org\",\"@graph\":[{\"@type\":\"Article\",\"@id\":\"https:\/\/ffyh.unc.edu.ar\/ciffyh\/conferencia-de-pablo-lopez-silva-fenomenologia-cognitiva-y-la-arquitectura-de-las-atribuciones-de-agencia-mental\/#article\",\"isPartOf\":{\"@id\":\"https:\/\/ffyh.unc.edu.ar\/ciffyh\/conferencia-de-pablo-lopez-silva-fenomenologia-cognitiva-y-la-arquitectura-de-las-atribuciones-de-agencia-mental\/\"},\"author\":{\"name\":\"soporte\",\"@id\":\"https:\/\/ffyh.unc.edu.ar\/ciffyh\/#\/schema\/person\/57a743469801e7e195e268bfe4c52190\"},\"headline\":\"Conferencia de Pablo L\u00f3pez Silva: \u00abFenomenolog\u00eda Cognitiva y la Arquitectura de las Atribuciones de Agencia Mental\u00bb\",\"datePublished\":\"2016-09-15T13:23:50+00:00\",\"mainEntityOfPage\":{\"@id\":\"https:\/\/ffyh.unc.edu.ar\/ciffyh\/conferencia-de-pablo-lopez-silva-fenomenologia-cognitiva-y-la-arquitectura-de-las-atribuciones-de-agencia-mental\/\"},\"wordCount\":86,\"publisher\":{\"@id\":\"https:\/\/ffyh.unc.edu.ar\/ciffyh\/#organization\"},\"image\":{\"@id\":\"https:\/\/ffyh.unc.edu.ar\/ciffyh\/conferencia-de-pablo-lopez-silva-fenomenologia-cognitiva-y-la-arquitectura-de-las-atribuciones-de-agencia-mental\/#primaryimage\"},\"thumbnailUrl\":\"http:\/\/ffyh.unc.edu.ar\/ciffyh\/wp-content\/uploads\/sites\/10\/2016\/09\/conferencia-neuro.jpg\",\"articleSection\":[\"Conferencias\"],\"inLanguage\":\"es\"},{\"@type\":\"WebPage\",\"@id\":\"https:\/\/ffyh.unc.edu.ar\/ciffyh\/conferencia-de-pablo-lopez-silva-fenomenologia-cognitiva-y-la-arquitectura-de-las-atribuciones-de-agencia-mental\/\",\"url\":\"https:\/\/ffyh.unc.edu.ar\/ciffyh\/conferencia-de-pablo-lopez-silva-fenomenologia-cognitiva-y-la-arquitectura-de-las-atribuciones-de-agencia-mental\/\",\"name\":\"Conferencia de Pablo L\u00f3pez Silva: \\\"Fenomenolog\u00eda Cognitiva y la Arquitectura de las Atribuciones de Agencia Mental\\\" - Centro de Investigaciones &quot;Maria Saleme de Burnichon&quot;\",\"isPartOf\":{\"@id\":\"https:\/\/ffyh.unc.edu.ar\/ciffyh\/#website\"},\"primaryImageOfPage\":{\"@id\":\"https:\/\/ffyh.unc.edu.ar\/ciffyh\/conferencia-de-pablo-lopez-silva-fenomenologia-cognitiva-y-la-arquitectura-de-las-atribuciones-de-agencia-mental\/#primaryimage\"},\"image\":{\"@id\":\"https:\/\/ffyh.unc.edu.ar\/ciffyh\/conferencia-de-pablo-lopez-silva-fenomenologia-cognitiva-y-la-arquitectura-de-las-atribuciones-de-agencia-mental\/#primaryimage\"},\"thumbnailUrl\":\"http:\/\/ffyh.unc.edu.ar\/ciffyh\/wp-content\/uploads\/sites\/10\/2016\/09\/conferencia-neuro.jpg\",\"datePublished\":\"2016-09-15T13:23:50+00:00\",\"breadcrumb\":{\"@id\":\"https:\/\/ffyh.unc.edu.ar\/ciffyh\/conferencia-de-pablo-lopez-silva-fenomenologia-cognitiva-y-la-arquitectura-de-las-atribuciones-de-agencia-mental\/#breadcrumb\"},\"inLanguage\":\"es\",\"potentialAction\":[{\"@type\":\"ReadAction\",\"target\":[\"https:\/\/ffyh.unc.edu.ar\/ciffyh\/conferencia-de-pablo-lopez-silva-fenomenologia-cognitiva-y-la-arquitectura-de-las-atribuciones-de-agencia-mental\/\"]}]},{\"@type\":\"ImageObject\",\"inLanguage\":\"es\",\"@id\":\"https:\/\/ffyh.unc.edu.ar\/ciffyh\/conferencia-de-pablo-lopez-silva-fenomenologia-cognitiva-y-la-arquitectura-de-las-atribuciones-de-agencia-mental\/#primaryimage\",\"url\":\"http:\/\/ffyh.unc.edu.ar\/ciffyh\/wp-content\/uploads\/sites\/10\/2016\/09\/conferencia-neuro.jpg\",\"contentUrl\":\"http:\/\/ffyh.unc.edu.ar\/ciffyh\/wp-content\/uploads\/sites\/10\/2016\/09\/conferencia-neuro.jpg\"},{\"@type\":\"BreadcrumbList\",\"@id\":\"https:\/\/ffyh.unc.edu.ar\/ciffyh\/conferencia-de-pablo-lopez-silva-fenomenologia-cognitiva-y-la-arquitectura-de-las-atribuciones-de-agencia-mental\/#breadcrumb\",\"itemListElement\":[{\"@type\":\"ListItem\",\"position\":1,\"name\":\"Portada\",\"item\":\"https:\/\/ffyh.unc.edu.ar\/ciffyh\/\"},{\"@type\":\"ListItem\",\"position\":2,\"name\":\"Conferencia de Pablo L\u00f3pez Silva: \u00abFenomenolog\u00eda Cognitiva y la Arquitectura de las Atribuciones de Agencia Mental\u00bb\"}]},{\"@type\":\"WebSite\",\"@id\":\"https:\/\/ffyh.unc.edu.ar\/ciffyh\/#website\",\"url\":\"https:\/\/ffyh.unc.edu.ar\/ciffyh\/\",\"name\":\"Centro de Investigaciones \\\"Maria Saleme de Burnichon\\\"\",\"description\":\"Facultad de Filosof\u00eda y Humanidades | UNC\",\"publisher\":{\"@id\":\"https:\/\/ffyh.unc.edu.ar\/ciffyh\/#organization\"},\"potentialAction\":[{\"@type\":\"SearchAction\",\"target\":{\"@type\":\"EntryPoint\",\"urlTemplate\":\"https:\/\/ffyh.unc.edu.ar\/ciffyh\/?s={search_term_string}\"},\"query-input\":{\"@type\":\"PropertyValueSpecification\",\"valueRequired\":true,\"valueName\":\"search_term_string\"}}],\"inLanguage\":\"es\"},{\"@type\":\"Organization\",\"@id\":\"https:\/\/ffyh.unc.edu.ar\/ciffyh\/#organization\",\"name\":\"Centro de Investigaciones \\\"Maria Saleme de Burnichon\\\"\",\"url\":\"https:\/\/ffyh.unc.edu.ar\/ciffyh\/\",\"logo\":{\"@type\":\"ImageObject\",\"inLanguage\":\"es\",\"@id\":\"https:\/\/ffyh.unc.edu.ar\/ciffyh\/#\/schema\/logo\/image\/\",\"url\":\"https:\/\/ffyh.unc.edu.ar\/ciffyh\/wp-content\/uploads\/sites\/10\/2018\/02\/cropped-logo-ciffyh-ico.png\",\"contentUrl\":\"https:\/\/ffyh.unc.edu.ar\/ciffyh\/wp-content\/uploads\/sites\/10\/2018\/02\/cropped-logo-ciffyh-ico.png\",\"width\":512,\"height\":512,\"caption\":\"Centro de Investigaciones \\\"Maria Saleme de Burnichon\\\"\"},\"image\":{\"@id\":\"https:\/\/ffyh.unc.edu.ar\/ciffyh\/#\/schema\/logo\/image\/\"},\"sameAs\":[\"https:\/\/www.instagram.com\/ciffyh\/\"]},{\"@type\":\"Person\",\"@id\":\"https:\/\/ffyh.unc.edu.ar\/ciffyh\/#\/schema\/person\/57a743469801e7e195e268bfe4c52190\",\"name\":\"soporte\",\"image\":{\"@type\":\"ImageObject\",\"inLanguage\":\"es\",\"@id\":\"https:\/\/ffyh.unc.edu.ar\/ciffyh\/#\/schema\/person\/image\/\",\"url\":\"https:\/\/secure.gravatar.com\/avatar\/ccd40043e5faec50f5bfc8fd1ba508e2228f018210ddcbcf662ed4624d9038c2?s=96&d=mm&r=g\",\"contentUrl\":\"https:\/\/secure.gravatar.com\/avatar\/ccd40043e5faec50f5bfc8fd1ba508e2228f018210ddcbcf662ed4624d9038c2?s=96&d=mm&r=g\",\"caption\":\"soporte\"},\"url\":\"https:\/\/ffyh.unc.edu.ar\/ciffyh\/author\/admin\/\"}]}<\/script>\n<!-- \/ Yoast SEO plugin. -->","yoast_head_json":{"title":"Conferencia de Pablo L\u00f3pez Silva: \"Fenomenolog\u00eda Cognitiva y la Arquitectura de las Atribuciones de Agencia Mental\" - Centro de Investigaciones &quot;Maria Saleme de Burnichon&quot;","robots":{"index":"index","follow":"follow","max-snippet":"max-snippet:-1","max-image-preview":"max-image-preview:large","max-video-preview":"max-video-preview:-1"},"canonical":"https:\/\/ffyh.unc.edu.ar\/ciffyh\/conferencia-de-pablo-lopez-silva-fenomenologia-cognitiva-y-la-arquitectura-de-las-atribuciones-de-agencia-mental\/","og_locale":"es_ES","og_type":"article","og_title":"Conferencia de Pablo L\u00f3pez Silva: \"Fenomenolog\u00eda Cognitiva y la Arquitectura de las Atribuciones de Agencia Mental\" - Centro de Investigaciones &quot;Maria Saleme de Burnichon&quot;","og_description":"El \u00c1rea de Filosof\u00eda del CIFFyH invita a la conferencia Fenomenolog\u00eda Cognitiva y la Arquitectura de las Atribuciones de Agencia","og_url":"https:\/\/ffyh.unc.edu.ar\/ciffyh\/conferencia-de-pablo-lopez-silva-fenomenologia-cognitiva-y-la-arquitectura-de-las-atribuciones-de-agencia-mental\/","og_site_name":"Centro de Investigaciones &quot;Maria Saleme de Burnichon&quot;","article_published_time":"2016-09-15T13:23:50+00:00","og_image":[{"url":"http:\/\/ffyh.unc.edu.ar\/ciffyh\/wp-content\/uploads\/sites\/10\/2016\/09\/conferencia-neuro.jpg","type":"","width":"","height":""}],"author":"soporte","twitter_card":"summary_large_image","twitter_misc":{"Escrito por":false},"schema":{"@context":"https:\/\/schema.org","@graph":[{"@type":"Article","@id":"https:\/\/ffyh.unc.edu.ar\/ciffyh\/conferencia-de-pablo-lopez-silva-fenomenologia-cognitiva-y-la-arquitectura-de-las-atribuciones-de-agencia-mental\/#article","isPartOf":{"@id":"https:\/\/ffyh.unc.edu.ar\/ciffyh\/conferencia-de-pablo-lopez-silva-fenomenologia-cognitiva-y-la-arquitectura-de-las-atribuciones-de-agencia-mental\/"},"author":{"name":"soporte","@id":"https:\/\/ffyh.unc.edu.ar\/ciffyh\/#\/schema\/person\/57a743469801e7e195e268bfe4c52190"},"headline":"Conferencia de Pablo L\u00f3pez Silva: \u00abFenomenolog\u00eda Cognitiva y la Arquitectura de las Atribuciones de Agencia Mental\u00bb","datePublished":"2016-09-15T13:23:50+00:00","mainEntityOfPage":{"@id":"https:\/\/ffyh.unc.edu.ar\/ciffyh\/conferencia-de-pablo-lopez-silva-fenomenologia-cognitiva-y-la-arquitectura-de-las-atribuciones-de-agencia-mental\/"},"wordCount":86,"publisher":{"@id":"https:\/\/ffyh.unc.edu.ar\/ciffyh\/#organization"},"image":{"@id":"https:\/\/ffyh.unc.edu.ar\/ciffyh\/conferencia-de-pablo-lopez-silva-fenomenologia-cognitiva-y-la-arquitectura-de-las-atribuciones-de-agencia-mental\/#primaryimage"},"thumbnailUrl":"http:\/\/ffyh.unc.edu.ar\/ciffyh\/wp-content\/uploads\/sites\/10\/2016\/09\/conferencia-neuro.jpg","articleSection":["Conferencias"],"inLanguage":"es"},{"@type":"WebPage","@id":"https:\/\/ffyh.unc.edu.ar\/ciffyh\/conferencia-de-pablo-lopez-silva-fenomenologia-cognitiva-y-la-arquitectura-de-las-atribuciones-de-agencia-mental\/","url":"https:\/\/ffyh.unc.edu.ar\/ciffyh\/conferencia-de-pablo-lopez-silva-fenomenologia-cognitiva-y-la-arquitectura-de-las-atribuciones-de-agencia-mental\/","name":"Conferencia de Pablo L\u00f3pez Silva: \"Fenomenolog\u00eda Cognitiva y la Arquitectura de las Atribuciones de Agencia Mental\" - Centro de Investigaciones &quot;Maria Saleme de Burnichon&quot;","isPartOf":{"@id":"https:\/\/ffyh.unc.edu.ar\/ciffyh\/#website"},"primaryImageOfPage":{"@id":"https:\/\/ffyh.unc.edu.ar\/ciffyh\/conferencia-de-pablo-lopez-silva-fenomenologia-cognitiva-y-la-arquitectura-de-las-atribuciones-de-agencia-mental\/#primaryimage"},"image":{"@id":"https:\/\/ffyh.unc.edu.ar\/ciffyh\/conferencia-de-pablo-lopez-silva-fenomenologia-cognitiva-y-la-arquitectura-de-las-atribuciones-de-agencia-mental\/#primaryimage"},"thumbnailUrl":"http:\/\/ffyh.unc.edu.ar\/ciffyh\/wp-content\/uploads\/sites\/10\/2016\/09\/conferencia-neuro.jpg","datePublished":"2016-09-15T13:23:50+00:00","breadcrumb":{"@id":"https:\/\/ffyh.unc.edu.ar\/ciffyh\/conferencia-de-pablo-lopez-silva-fenomenologia-cognitiva-y-la-arquitectura-de-las-atribuciones-de-agencia-mental\/#breadcrumb"},"inLanguage":"es","potentialAction":[{"@type":"ReadAction","target":["https:\/\/ffyh.unc.edu.ar\/ciffyh\/conferencia-de-pablo-lopez-silva-fenomenologia-cognitiva-y-la-arquitectura-de-las-atribuciones-de-agencia-mental\/"]}]},{"@type":"ImageObject","inLanguage":"es","@id":"https:\/\/ffyh.unc.edu.ar\/ciffyh\/conferencia-de-pablo-lopez-silva-fenomenologia-cognitiva-y-la-arquitectura-de-las-atribuciones-de-agencia-mental\/#primaryimage","url":"http:\/\/ffyh.unc.edu.ar\/ciffyh\/wp-content\/uploads\/sites\/10\/2016\/09\/conferencia-neuro.jpg","contentUrl":"http:\/\/ffyh.unc.edu.ar\/ciffyh\/wp-content\/uploads\/sites\/10\/2016\/09\/conferencia-neuro.jpg"},{"@type":"BreadcrumbList","@id":"https:\/\/ffyh.unc.edu.ar\/ciffyh\/conferencia-de-pablo-lopez-silva-fenomenologia-cognitiva-y-la-arquitectura-de-las-atribuciones-de-agencia-mental\/#breadcrumb","itemListElement":[{"@type":"ListItem","position":1,"name":"Portada","item":"https:\/\/ffyh.unc.edu.ar\/ciffyh\/"},{"@type":"ListItem","position":2,"name":"Conferencia de Pablo L\u00f3pez Silva: \u00abFenomenolog\u00eda Cognitiva y la Arquitectura de las Atribuciones de Agencia Mental\u00bb"}]},{"@type":"WebSite","@id":"https:\/\/ffyh.unc.edu.ar\/ciffyh\/#website","url":"https:\/\/ffyh.unc.edu.ar\/ciffyh\/","name":"Centro de Investigaciones \"Maria Saleme de Burnichon\"","description":"Facultad de Filosof\u00eda y Humanidades | UNC","publisher":{"@id":"https:\/\/ffyh.unc.edu.ar\/ciffyh\/#organization"},"potentialAction":[{"@type":"SearchAction","target":{"@type":"EntryPoint","urlTemplate":"https:\/\/ffyh.unc.edu.ar\/ciffyh\/?s={search_term_string}"},"query-input":{"@type":"PropertyValueSpecification","valueRequired":true,"valueName":"search_term_string"}}],"inLanguage":"es"},{"@type":"Organization","@id":"https:\/\/ffyh.unc.edu.ar\/ciffyh\/#organization","name":"Centro de Investigaciones \"Maria Saleme de Burnichon\"","url":"https:\/\/ffyh.unc.edu.ar\/ciffyh\/","logo":{"@type":"ImageObject","inLanguage":"es","@id":"https:\/\/ffyh.unc.edu.ar\/ciffyh\/#\/schema\/logo\/image\/","url":"https:\/\/ffyh.unc.edu.ar\/ciffyh\/wp-content\/uploads\/sites\/10\/2018\/02\/cropped-logo-ciffyh-ico.png","contentUrl":"https:\/\/ffyh.unc.edu.ar\/ciffyh\/wp-content\/uploads\/sites\/10\/2018\/02\/cropped-logo-ciffyh-ico.png","width":512,"height":512,"caption":"Centro de Investigaciones \"Maria Saleme de Burnichon\""},"image":{"@id":"https:\/\/ffyh.unc.edu.ar\/ciffyh\/#\/schema\/logo\/image\/"},"sameAs":["https:\/\/www.instagram.com\/ciffyh\/"]},{"@type":"Person","@id":"https:\/\/ffyh.unc.edu.ar\/ciffyh\/#\/schema\/person\/57a743469801e7e195e268bfe4c52190","name":"soporte","image":{"@type":"ImageObject","inLanguage":"es","@id":"https:\/\/ffyh.unc.edu.ar\/ciffyh\/#\/schema\/person\/image\/","url":"https:\/\/secure.gravatar.com\/avatar\/ccd40043e5faec50f5bfc8fd1ba508e2228f018210ddcbcf662ed4624d9038c2?s=96&d=mm&r=g","contentUrl":"https:\/\/secure.gravatar.com\/avatar\/ccd40043e5faec50f5bfc8fd1ba508e2228f018210ddcbcf662ed4624d9038c2?s=96&d=mm&r=g","caption":"soporte"},"url":"https:\/\/ffyh.unc.edu.ar\/ciffyh\/author\/admin\/"}]}},"jetpack_featured_media_url":"","_links":{"self":[{"href":"https:\/\/ffyh.unc.edu.ar\/ciffyh\/wp-json\/wp\/v2\/posts\/2996","targetHints":{"allow":["GET"]}}],"collection":[{"href":"https:\/\/ffyh.unc.edu.ar\/ciffyh\/wp-json\/wp\/v2\/posts"}],"about":[{"href":"https:\/\/ffyh.unc.edu.ar\/ciffyh\/wp-json\/wp\/v2\/types\/post"}],"author":[{"embeddable":true,"href":"https:\/\/ffyh.unc.edu.ar\/ciffyh\/wp-json\/wp\/v2\/users\/1"}],"replies":[{"embeddable":true,"href":"https:\/\/ffyh.unc.edu.ar\/ciffyh\/wp-json\/wp\/v2\/comments?post=2996"}],"version-history":[{"count":0,"href":"https:\/\/ffyh.unc.edu.ar\/ciffyh\/wp-json\/wp\/v2\/posts\/2996\/revisions"}],"wp:attachment":[{"href":"https:\/\/ffyh.unc.edu.ar\/ciffyh\/wp-json\/wp\/v2\/media?parent=2996"}],"wp:term":[{"taxonomy":"category","embeddable":true,"href":"https:\/\/ffyh.unc.edu.ar\/ciffyh\/wp-json\/wp\/v2\/categories?post=2996"},{"taxonomy":"post_tag","embeddable":true,"href":"https:\/\/ffyh.unc.edu.ar\/ciffyh\/wp-json\/wp\/v2\/tags?post=2996"}],"curies":[{"name":"wp","href":"https:\/\/api.w.org\/{rel}","templated":true}]}}