{"id":3342,"date":"2017-10-19T15:26:20","date_gmt":"2017-10-19T15:26:20","guid":{"rendered":"http:\/\/ffyh.unc.edu.ar\/ciffyh\/?p=3342"},"modified":"2017-11-03T14:35:58","modified_gmt":"2017-11-03T14:35:58","slug":"presentacion-del-libro-feminismos-latinoamericanos-recorridos-acciones-epistemologias","status":"publish","type":"post","link":"https:\/\/ffyh.unc.edu.ar\/ciffyh\/presentacion-del-libro-feminismos-latinoamericanos-recorridos-acciones-epistemologias\/","title":{"rendered":"Presentaci\u00f3n del libro \u201cFeminismos Latinoamericanos: recorridos, acciones, epistemolog\u00edas\u201d"},"content":{"rendered":"<p><a href=\"http:\/\/ffyh.unc.edu.ar\/ciffyh\/wp-content\/uploads\/sites\/10\/2017\/10\/libro-20-10.jpg\"><img fetchpriority=\"high\" decoding=\"async\" class=\"alignright wp-image-3343 size-medium\" src=\"http:\/\/ffyh.unc.edu.ar\/ciffyh\/wp-content\/uploads\/sites\/10\/2017\/10\/libro-20-10-300x187.jpg\" alt=\"\" width=\"300\" height=\"187\" srcset=\"https:\/\/ffyh.unc.edu.ar\/ciffyh\/wp-content\/uploads\/sites\/10\/2017\/10\/libro-20-10-300x187.jpg 300w, https:\/\/ffyh.unc.edu.ar\/ciffyh\/wp-content\/uploads\/sites\/10\/2017\/10\/libro-20-10-768x478.jpg 768w, https:\/\/ffyh.unc.edu.ar\/ciffyh\/wp-content\/uploads\/sites\/10\/2017\/10\/libro-20-10.jpg 960w\" sizes=\"(max-width: 300px) 100vw, 300px\" \/><\/a>El equipo de investigaci\u00f3n El Telar, radicado en el Centro de investigaciones de la Facultad de Filosof\u00eda y Humanidades-UNC, invita a participar de la presentaci\u00f3n del libro \u201cFeminismos Latinoamericanos: recorridos, acciones, epistemolog\u00edas\u201d, que se realizar\u00e1 el viernes 20 de octubre a las 19 hs en el CISPREN (Obispo Trejo 365).<\/p>\n<p><!--more--><\/p>\n<p>Compilado por la Dra. Gabriela Bard Wigdor y la Dra. Paola Bonavitta, el libro es el resultado de procesos de discusi\u00f3n y encuentro entre feministas que viven en C\u00f3rdoba y feministas mexicanas y colombianas. Presenta una compilaci\u00f3n de trece art\u00edculos que tienen como hilo conductor la reflexi\u00f3n sobre los feminismos en Am\u00e9rica Latina desde una perspectiva no eurocentrada, decolonial y con compromiso social y pol\u00edtico.<\/p>\n<p>Para ver m\u00e1s informaci\u00f3n sobre el libro, se puede visitar la versi\u00f3n online en <a href=\"https:\/\/goo.gl\/FtRiWk\" target=\"_blank\" rel=\"noopener\">https:\/\/goo.gl\/FtRiWk<\/a><\/p>\n","protected":false},"excerpt":{"rendered":"<p>El equipo de investigaci\u00f3n El Telar, radicado en el Centro de investigaciones de la Facultad de Filosof\u00eda y Humanidades-UNC, invita<\/p>\n","protected":false},"author":2,"featured_media":0,"comment_status":"closed","ping_status":"closed","sticky":false,"template":"","format":"standard","meta":{"_acf_changed":false,"colormag_page_container_layout":"default_layout","colormag_page_sidebar_layout":"default_layout","footnotes":""},"categories":[1],"tags":[],"class_list":["post-3342","post","type-post","status-publish","format-standard","hentry","category-sin-categoria"],"acf":[],"yoast_head":"<!-- This site is optimized with the Yoast SEO plugin v27.1.1 - https:\/\/yoast.com\/product\/yoast-seo-wordpress\/ -->\n<title>Presentaci\u00f3n del libro \u201cFeminismos Latinoamericanos: recorridos, acciones, epistemolog\u00edas\u201d - Centro de Investigaciones &quot;Maria Saleme de Burnichon&quot;<\/title>\n<meta name=\"robots\" content=\"index, follow, max-snippet:-1, max-image-preview:large, max-video-preview:-1\" \/>\n<link rel=\"canonical\" href=\"https:\/\/ffyh.unc.edu.ar\/ciffyh\/presentacion-del-libro-feminismos-latinoamericanos-recorridos-acciones-epistemologias\/\" \/>\n<meta property=\"og:locale\" content=\"es_ES\" \/>\n<meta property=\"og:type\" content=\"article\" \/>\n<meta property=\"og:title\" content=\"Presentaci\u00f3n del libro \u201cFeminismos Latinoamericanos: recorridos, acciones, epistemolog\u00edas\u201d - Centro de Investigaciones &quot;Maria Saleme de Burnichon&quot;\" \/>\n<meta property=\"og:description\" content=\"El equipo de investigaci\u00f3n El Telar, radicado en el Centro de investigaciones de la Facultad de Filosof\u00eda y Humanidades-UNC, invita\" \/>\n<meta property=\"og:url\" content=\"https:\/\/ffyh.unc.edu.ar\/ciffyh\/presentacion-del-libro-feminismos-latinoamericanos-recorridos-acciones-epistemologias\/\" \/>\n<meta property=\"og:site_name\" content=\"Centro de Investigaciones &quot;Maria Saleme de Burnichon&quot;\" \/>\n<meta property=\"article:published_time\" content=\"2017-10-19T15:26:20+00:00\" \/>\n<meta property=\"article:modified_time\" content=\"2017-11-03T14:35:58+00:00\" \/>\n<meta property=\"og:image\" content=\"http:\/\/ffyh.unc.edu.ar\/ciffyh\/wp-content\/uploads\/sites\/10\/2017\/10\/libro-20-10-300x187.jpg\" \/>\n<meta name=\"author\" content=\"\u00c1rea de Comunicaci\u00f3n - FFyH\" \/>\n<meta name=\"twitter:card\" content=\"summary_large_image\" \/>\n<meta name=\"twitter:label1\" content=\"Escrito por\" \/>\n\t<meta name=\"twitter:data1\" content=\"\" \/>\n\t<meta name=\"twitter:label2\" content=\"Tiempo de lectura\" \/>\n\t<meta name=\"twitter:data2\" content=\"1 minuto\" \/>\n<script type=\"application\/ld+json\" class=\"yoast-schema-graph\">{\"@context\":\"https:\/\/schema.org\",\"@graph\":[{\"@type\":\"Article\",\"@id\":\"https:\/\/ffyh.unc.edu.ar\/ciffyh\/presentacion-del-libro-feminismos-latinoamericanos-recorridos-acciones-epistemologias\/#article\",\"isPartOf\":{\"@id\":\"https:\/\/ffyh.unc.edu.ar\/ciffyh\/presentacion-del-libro-feminismos-latinoamericanos-recorridos-acciones-epistemologias\/\"},\"author\":{\"name\":\"\u00c1rea de Comunicaci\u00f3n - FFyH\",\"@id\":\"https:\/\/ffyh.unc.edu.ar\/ciffyh\/#\/schema\/person\/e6b9f6aec95cb7437bb2fde09e23b224\"},\"headline\":\"Presentaci\u00f3n del libro \u201cFeminismos Latinoamericanos: recorridos, acciones, epistemolog\u00edas\u201d\",\"datePublished\":\"2017-10-19T15:26:20+00:00\",\"dateModified\":\"2017-11-03T14:35:58+00:00\",\"mainEntityOfPage\":{\"@id\":\"https:\/\/ffyh.unc.edu.ar\/ciffyh\/presentacion-del-libro-feminismos-latinoamericanos-recorridos-acciones-epistemologias\/\"},\"wordCount\":154,\"publisher\":{\"@id\":\"https:\/\/ffyh.unc.edu.ar\/ciffyh\/#organization\"},\"image\":{\"@id\":\"https:\/\/ffyh.unc.edu.ar\/ciffyh\/presentacion-del-libro-feminismos-latinoamericanos-recorridos-acciones-epistemologias\/#primaryimage\"},\"thumbnailUrl\":\"http:\/\/ffyh.unc.edu.ar\/ciffyh\/wp-content\/uploads\/sites\/10\/2017\/10\/libro-20-10-300x187.jpg\",\"inLanguage\":\"es\"},{\"@type\":\"WebPage\",\"@id\":\"https:\/\/ffyh.unc.edu.ar\/ciffyh\/presentacion-del-libro-feminismos-latinoamericanos-recorridos-acciones-epistemologias\/\",\"url\":\"https:\/\/ffyh.unc.edu.ar\/ciffyh\/presentacion-del-libro-feminismos-latinoamericanos-recorridos-acciones-epistemologias\/\",\"name\":\"Presentaci\u00f3n del libro \u201cFeminismos Latinoamericanos: recorridos, acciones, epistemolog\u00edas\u201d - Centro de Investigaciones &quot;Maria Saleme de Burnichon&quot;\",\"isPartOf\":{\"@id\":\"https:\/\/ffyh.unc.edu.ar\/ciffyh\/#website\"},\"primaryImageOfPage\":{\"@id\":\"https:\/\/ffyh.unc.edu.ar\/ciffyh\/presentacion-del-libro-feminismos-latinoamericanos-recorridos-acciones-epistemologias\/#primaryimage\"},\"image\":{\"@id\":\"https:\/\/ffyh.unc.edu.ar\/ciffyh\/presentacion-del-libro-feminismos-latinoamericanos-recorridos-acciones-epistemologias\/#primaryimage\"},\"thumbnailUrl\":\"http:\/\/ffyh.unc.edu.ar\/ciffyh\/wp-content\/uploads\/sites\/10\/2017\/10\/libro-20-10-300x187.jpg\",\"datePublished\":\"2017-10-19T15:26:20+00:00\",\"dateModified\":\"2017-11-03T14:35:58+00:00\",\"breadcrumb\":{\"@id\":\"https:\/\/ffyh.unc.edu.ar\/ciffyh\/presentacion-del-libro-feminismos-latinoamericanos-recorridos-acciones-epistemologias\/#breadcrumb\"},\"inLanguage\":\"es\",\"potentialAction\":[{\"@type\":\"ReadAction\",\"target\":[\"https:\/\/ffyh.unc.edu.ar\/ciffyh\/presentacion-del-libro-feminismos-latinoamericanos-recorridos-acciones-epistemologias\/\"]}]},{\"@type\":\"ImageObject\",\"inLanguage\":\"es\",\"@id\":\"https:\/\/ffyh.unc.edu.ar\/ciffyh\/presentacion-del-libro-feminismos-latinoamericanos-recorridos-acciones-epistemologias\/#primaryimage\",\"url\":\"http:\/\/ffyh.unc.edu.ar\/ciffyh\/wp-content\/uploads\/sites\/10\/2017\/10\/libro-20-10-300x187.jpg\",\"contentUrl\":\"http:\/\/ffyh.unc.edu.ar\/ciffyh\/wp-content\/uploads\/sites\/10\/2017\/10\/libro-20-10-300x187.jpg\"},{\"@type\":\"BreadcrumbList\",\"@id\":\"https:\/\/ffyh.unc.edu.ar\/ciffyh\/presentacion-del-libro-feminismos-latinoamericanos-recorridos-acciones-epistemologias\/#breadcrumb\",\"itemListElement\":[{\"@type\":\"ListItem\",\"position\":1,\"name\":\"Portada\",\"item\":\"https:\/\/ffyh.unc.edu.ar\/ciffyh\/\"},{\"@type\":\"ListItem\",\"position\":2,\"name\":\"Presentaci\u00f3n del libro \u201cFeminismos Latinoamericanos: recorridos, acciones, epistemolog\u00edas\u201d\"}]},{\"@type\":\"WebSite\",\"@id\":\"https:\/\/ffyh.unc.edu.ar\/ciffyh\/#website\",\"url\":\"https:\/\/ffyh.unc.edu.ar\/ciffyh\/\",\"name\":\"Centro de Investigaciones \\\"Maria Saleme de Burnichon\\\"\",\"description\":\"Facultad de Filosof\u00eda y Humanidades | UNC\",\"publisher\":{\"@id\":\"https:\/\/ffyh.unc.edu.ar\/ciffyh\/#organization\"},\"potentialAction\":[{\"@type\":\"SearchAction\",\"target\":{\"@type\":\"EntryPoint\",\"urlTemplate\":\"https:\/\/ffyh.unc.edu.ar\/ciffyh\/?s={search_term_string}\"},\"query-input\":{\"@type\":\"PropertyValueSpecification\",\"valueRequired\":true,\"valueName\":\"search_term_string\"}}],\"inLanguage\":\"es\"},{\"@type\":\"Organization\",\"@id\":\"https:\/\/ffyh.unc.edu.ar\/ciffyh\/#organization\",\"name\":\"Centro de Investigaciones \\\"Maria Saleme de Burnichon\\\"\",\"url\":\"https:\/\/ffyh.unc.edu.ar\/ciffyh\/\",\"logo\":{\"@type\":\"ImageObject\",\"inLanguage\":\"es\",\"@id\":\"https:\/\/ffyh.unc.edu.ar\/ciffyh\/#\/schema\/logo\/image\/\",\"url\":\"https:\/\/ffyh.unc.edu.ar\/ciffyh\/wp-content\/uploads\/sites\/10\/2018\/02\/cropped-logo-ciffyh-ico.png\",\"contentUrl\":\"https:\/\/ffyh.unc.edu.ar\/ciffyh\/wp-content\/uploads\/sites\/10\/2018\/02\/cropped-logo-ciffyh-ico.png\",\"width\":512,\"height\":512,\"caption\":\"Centro de Investigaciones \\\"Maria Saleme de Burnichon\\\"\"},\"image\":{\"@id\":\"https:\/\/ffyh.unc.edu.ar\/ciffyh\/#\/schema\/logo\/image\/\"},\"sameAs\":[\"https:\/\/www.instagram.com\/ciffyh\/\"]},{\"@type\":\"Person\",\"@id\":\"https:\/\/ffyh.unc.edu.ar\/ciffyh\/#\/schema\/person\/e6b9f6aec95cb7437bb2fde09e23b224\",\"name\":\"\u00c1rea de Comunicaci\u00f3n - FFyH\",\"image\":{\"@type\":\"ImageObject\",\"inLanguage\":\"es\",\"@id\":\"https:\/\/ffyh.unc.edu.ar\/ciffyh\/#\/schema\/person\/image\/\",\"url\":\"https:\/\/secure.gravatar.com\/avatar\/1d896d10b19526e4cb6e972ca0f1b6719a4697e2d88742a801b88b3682d5be75?s=96&d=mm&r=g\",\"contentUrl\":\"https:\/\/secure.gravatar.com\/avatar\/1d896d10b19526e4cb6e972ca0f1b6719a4697e2d88742a801b88b3682d5be75?s=96&d=mm&r=g\",\"caption\":\"\u00c1rea de Comunicaci\u00f3n - FFyH\"},\"url\":\"https:\/\/ffyh.unc.edu.ar\/ciffyh\/author\/prensa\/\"}]}<\/script>\n<!-- \/ Yoast SEO plugin. -->","yoast_head_json":{"title":"Presentaci\u00f3n del libro \u201cFeminismos Latinoamericanos: recorridos, acciones, epistemolog\u00edas\u201d - Centro de Investigaciones &quot;Maria Saleme de Burnichon&quot;","robots":{"index":"index","follow":"follow","max-snippet":"max-snippet:-1","max-image-preview":"max-image-preview:large","max-video-preview":"max-video-preview:-1"},"canonical":"https:\/\/ffyh.unc.edu.ar\/ciffyh\/presentacion-del-libro-feminismos-latinoamericanos-recorridos-acciones-epistemologias\/","og_locale":"es_ES","og_type":"article","og_title":"Presentaci\u00f3n del libro \u201cFeminismos Latinoamericanos: recorridos, acciones, epistemolog\u00edas\u201d - Centro de Investigaciones &quot;Maria Saleme de Burnichon&quot;","og_description":"El equipo de investigaci\u00f3n El Telar, radicado en el Centro de investigaciones de la Facultad de Filosof\u00eda y Humanidades-UNC, invita","og_url":"https:\/\/ffyh.unc.edu.ar\/ciffyh\/presentacion-del-libro-feminismos-latinoamericanos-recorridos-acciones-epistemologias\/","og_site_name":"Centro de Investigaciones &quot;Maria Saleme de Burnichon&quot;","article_published_time":"2017-10-19T15:26:20+00:00","article_modified_time":"2017-11-03T14:35:58+00:00","og_image":[{"url":"http:\/\/ffyh.unc.edu.ar\/ciffyh\/wp-content\/uploads\/sites\/10\/2017\/10\/libro-20-10-300x187.jpg","type":"","width":"","height":""}],"author":"\u00c1rea de Comunicaci\u00f3n - FFyH","twitter_card":"summary_large_image","twitter_misc":{"Escrito por":false,"Tiempo de lectura":"1 minuto"},"schema":{"@context":"https:\/\/schema.org","@graph":[{"@type":"Article","@id":"https:\/\/ffyh.unc.edu.ar\/ciffyh\/presentacion-del-libro-feminismos-latinoamericanos-recorridos-acciones-epistemologias\/#article","isPartOf":{"@id":"https:\/\/ffyh.unc.edu.ar\/ciffyh\/presentacion-del-libro-feminismos-latinoamericanos-recorridos-acciones-epistemologias\/"},"author":{"name":"\u00c1rea de Comunicaci\u00f3n - FFyH","@id":"https:\/\/ffyh.unc.edu.ar\/ciffyh\/#\/schema\/person\/e6b9f6aec95cb7437bb2fde09e23b224"},"headline":"Presentaci\u00f3n del libro \u201cFeminismos Latinoamericanos: recorridos, acciones, epistemolog\u00edas\u201d","datePublished":"2017-10-19T15:26:20+00:00","dateModified":"2017-11-03T14:35:58+00:00","mainEntityOfPage":{"@id":"https:\/\/ffyh.unc.edu.ar\/ciffyh\/presentacion-del-libro-feminismos-latinoamericanos-recorridos-acciones-epistemologias\/"},"wordCount":154,"publisher":{"@id":"https:\/\/ffyh.unc.edu.ar\/ciffyh\/#organization"},"image":{"@id":"https:\/\/ffyh.unc.edu.ar\/ciffyh\/presentacion-del-libro-feminismos-latinoamericanos-recorridos-acciones-epistemologias\/#primaryimage"},"thumbnailUrl":"http:\/\/ffyh.unc.edu.ar\/ciffyh\/wp-content\/uploads\/sites\/10\/2017\/10\/libro-20-10-300x187.jpg","inLanguage":"es"},{"@type":"WebPage","@id":"https:\/\/ffyh.unc.edu.ar\/ciffyh\/presentacion-del-libro-feminismos-latinoamericanos-recorridos-acciones-epistemologias\/","url":"https:\/\/ffyh.unc.edu.ar\/ciffyh\/presentacion-del-libro-feminismos-latinoamericanos-recorridos-acciones-epistemologias\/","name":"Presentaci\u00f3n del libro \u201cFeminismos Latinoamericanos: recorridos, acciones, epistemolog\u00edas\u201d - Centro de Investigaciones &quot;Maria Saleme de Burnichon&quot;","isPartOf":{"@id":"https:\/\/ffyh.unc.edu.ar\/ciffyh\/#website"},"primaryImageOfPage":{"@id":"https:\/\/ffyh.unc.edu.ar\/ciffyh\/presentacion-del-libro-feminismos-latinoamericanos-recorridos-acciones-epistemologias\/#primaryimage"},"image":{"@id":"https:\/\/ffyh.unc.edu.ar\/ciffyh\/presentacion-del-libro-feminismos-latinoamericanos-recorridos-acciones-epistemologias\/#primaryimage"},"thumbnailUrl":"http:\/\/ffyh.unc.edu.ar\/ciffyh\/wp-content\/uploads\/sites\/10\/2017\/10\/libro-20-10-300x187.jpg","datePublished":"2017-10-19T15:26:20+00:00","dateModified":"2017-11-03T14:35:58+00:00","breadcrumb":{"@id":"https:\/\/ffyh.unc.edu.ar\/ciffyh\/presentacion-del-libro-feminismos-latinoamericanos-recorridos-acciones-epistemologias\/#breadcrumb"},"inLanguage":"es","potentialAction":[{"@type":"ReadAction","target":["https:\/\/ffyh.unc.edu.ar\/ciffyh\/presentacion-del-libro-feminismos-latinoamericanos-recorridos-acciones-epistemologias\/"]}]},{"@type":"ImageObject","inLanguage":"es","@id":"https:\/\/ffyh.unc.edu.ar\/ciffyh\/presentacion-del-libro-feminismos-latinoamericanos-recorridos-acciones-epistemologias\/#primaryimage","url":"http:\/\/ffyh.unc.edu.ar\/ciffyh\/wp-content\/uploads\/sites\/10\/2017\/10\/libro-20-10-300x187.jpg","contentUrl":"http:\/\/ffyh.unc.edu.ar\/ciffyh\/wp-content\/uploads\/sites\/10\/2017\/10\/libro-20-10-300x187.jpg"},{"@type":"BreadcrumbList","@id":"https:\/\/ffyh.unc.edu.ar\/ciffyh\/presentacion-del-libro-feminismos-latinoamericanos-recorridos-acciones-epistemologias\/#breadcrumb","itemListElement":[{"@type":"ListItem","position":1,"name":"Portada","item":"https:\/\/ffyh.unc.edu.ar\/ciffyh\/"},{"@type":"ListItem","position":2,"name":"Presentaci\u00f3n del libro \u201cFeminismos Latinoamericanos: recorridos, acciones, epistemolog\u00edas\u201d"}]},{"@type":"WebSite","@id":"https:\/\/ffyh.unc.edu.ar\/ciffyh\/#website","url":"https:\/\/ffyh.unc.edu.ar\/ciffyh\/","name":"Centro de Investigaciones \"Maria Saleme de Burnichon\"","description":"Facultad de Filosof\u00eda y Humanidades | UNC","publisher":{"@id":"https:\/\/ffyh.unc.edu.ar\/ciffyh\/#organization"},"potentialAction":[{"@type":"SearchAction","target":{"@type":"EntryPoint","urlTemplate":"https:\/\/ffyh.unc.edu.ar\/ciffyh\/?s={search_term_string}"},"query-input":{"@type":"PropertyValueSpecification","valueRequired":true,"valueName":"search_term_string"}}],"inLanguage":"es"},{"@type":"Organization","@id":"https:\/\/ffyh.unc.edu.ar\/ciffyh\/#organization","name":"Centro de Investigaciones \"Maria Saleme de Burnichon\"","url":"https:\/\/ffyh.unc.edu.ar\/ciffyh\/","logo":{"@type":"ImageObject","inLanguage":"es","@id":"https:\/\/ffyh.unc.edu.ar\/ciffyh\/#\/schema\/logo\/image\/","url":"https:\/\/ffyh.unc.edu.ar\/ciffyh\/wp-content\/uploads\/sites\/10\/2018\/02\/cropped-logo-ciffyh-ico.png","contentUrl":"https:\/\/ffyh.unc.edu.ar\/ciffyh\/wp-content\/uploads\/sites\/10\/2018\/02\/cropped-logo-ciffyh-ico.png","width":512,"height":512,"caption":"Centro de Investigaciones \"Maria Saleme de Burnichon\""},"image":{"@id":"https:\/\/ffyh.unc.edu.ar\/ciffyh\/#\/schema\/logo\/image\/"},"sameAs":["https:\/\/www.instagram.com\/ciffyh\/"]},{"@type":"Person","@id":"https:\/\/ffyh.unc.edu.ar\/ciffyh\/#\/schema\/person\/e6b9f6aec95cb7437bb2fde09e23b224","name":"\u00c1rea de Comunicaci\u00f3n - FFyH","image":{"@type":"ImageObject","inLanguage":"es","@id":"https:\/\/ffyh.unc.edu.ar\/ciffyh\/#\/schema\/person\/image\/","url":"https:\/\/secure.gravatar.com\/avatar\/1d896d10b19526e4cb6e972ca0f1b6719a4697e2d88742a801b88b3682d5be75?s=96&d=mm&r=g","contentUrl":"https:\/\/secure.gravatar.com\/avatar\/1d896d10b19526e4cb6e972ca0f1b6719a4697e2d88742a801b88b3682d5be75?s=96&d=mm&r=g","caption":"\u00c1rea de Comunicaci\u00f3n - FFyH"},"url":"https:\/\/ffyh.unc.edu.ar\/ciffyh\/author\/prensa\/"}]}},"jetpack_featured_media_url":"","_links":{"self":[{"href":"https:\/\/ffyh.unc.edu.ar\/ciffyh\/wp-json\/wp\/v2\/posts\/3342","targetHints":{"allow":["GET"]}}],"collection":[{"href":"https:\/\/ffyh.unc.edu.ar\/ciffyh\/wp-json\/wp\/v2\/posts"}],"about":[{"href":"https:\/\/ffyh.unc.edu.ar\/ciffyh\/wp-json\/wp\/v2\/types\/post"}],"author":[{"embeddable":true,"href":"https:\/\/ffyh.unc.edu.ar\/ciffyh\/wp-json\/wp\/v2\/users\/2"}],"replies":[{"embeddable":true,"href":"https:\/\/ffyh.unc.edu.ar\/ciffyh\/wp-json\/wp\/v2\/comments?post=3342"}],"version-history":[{"count":1,"href":"https:\/\/ffyh.unc.edu.ar\/ciffyh\/wp-json\/wp\/v2\/posts\/3342\/revisions"}],"predecessor-version":[{"id":3344,"href":"https:\/\/ffyh.unc.edu.ar\/ciffyh\/wp-json\/wp\/v2\/posts\/3342\/revisions\/3344"}],"wp:attachment":[{"href":"https:\/\/ffyh.unc.edu.ar\/ciffyh\/wp-json\/wp\/v2\/media?parent=3342"}],"wp:term":[{"taxonomy":"category","embeddable":true,"href":"https:\/\/ffyh.unc.edu.ar\/ciffyh\/wp-json\/wp\/v2\/categories?post=3342"},{"taxonomy":"post_tag","embeddable":true,"href":"https:\/\/ffyh.unc.edu.ar\/ciffyh\/wp-json\/wp\/v2\/tags?post=3342"}],"curies":[{"name":"wp","href":"https:\/\/api.w.org\/{rel}","templated":true}]}}