{"id":3552,"date":"2018-06-21T11:00:52","date_gmt":"2018-06-21T11:00:52","guid":{"rendered":"http:\/\/ffyh.unc.edu.ar\/ciffyh\/?p=3552"},"modified":"2018-06-21T14:05:14","modified_gmt":"2018-06-21T14:05:14","slug":"el-oficio-de-investigar-primeras-jornadas-de-jovenes-investigadors-de-la-ffyh","status":"publish","type":"post","link":"https:\/\/ffyh.unc.edu.ar\/ciffyh\/el-oficio-de-investigar-primeras-jornadas-de-jovenes-investigadors-de-la-ffyh\/","title":{"rendered":"El oficio de investigar. Primeras Jornadas de J\u00f3venes Investigador*s de la FFyH"},"content":{"rendered":"<p><strong>Se realizar\u00e1n en la Facultad de Filosof\u00eda y Humanidades de la UNC los d\u00edas 25, 26 y 27 de junio, organizadas por la Secretar\u00eda de Investigaci\u00f3n, Ciencia y T\u00e9cnica, el Centro de Investigaciones, el IDH, IDACOR y el Museo de Antropolog\u00eda.\u00a0Se trata de la primera iniciativa del\u00a0Consejo Asesor de Ciencia y T\u00e9cnica de la FFyH.<\/strong><\/p>\n<p><!--more--><\/p>\n<p>El oficio de investigar, como muchos otros trabajos, supone un largo proceso de aprendizaje. Involucra numerosas tareas que, si bien se suelen realizar desde muy temprano en la formaci\u00f3n universitaria, no siempre resultan claras para tod*s l*s estudiantes y graduad*s. En las actuales condiciones de ajuste y despojo del sistema de ciencia y t\u00e9cnica a nivel nacional \u2014del que tambi\u00e9n participa nuestra Universidad\u2014, es preciso imaginar estrategias que garanticen a tod*s el acceso genuino al oficio de investigar.<\/p>\n<p>Por ese motivo, la investigaci\u00f3n en una universidad p\u00fablica es una tarea que no puede improvisarse ni privatizarse, y se invita a socializar el trabajo de investigaci\u00f3n que est\u00e1s realizando como estudiante avanzad*, como becari* o como graduad* de nuestra Facultad.<\/p>\n<p>En ese sentido, estas jornadas son una buena oportunidad para volver reflexivamente sobre el contenido y los procesos de investigaci\u00f3n de los que se participa, en funci\u00f3n de alguno de los ejes tem\u00e1ticos propuestos:<\/p>\n<ol>\n<li>\u00bfQu\u00e9? \u00bfC\u00f3mo? Los problemas de investigaci\u00f3n<\/li>\n<li>\u00bfD\u00f3nde? \u00bfCon qui\u00e9nes? Los contextos de investigaci\u00f3n<\/li>\n<li>\u00bfPor qu\u00e9? \u00bfPara qu\u00e9? Las pol\u00edticas de investigaci\u00f3n<\/li>\n<\/ol>\n<p>Informes:\u00a0<a href=\"mailto:jor.jov.inv.ffyh@gmail.com\">jorn.jov.inv.ffyh@gmail.com<\/a><\/p>\n<p><a href=\"http:\/\/ffyh.unc.edu.ar\/ciffyh\/wp-content\/uploads\/sites\/10\/2018\/05\/Jornadas-Jov-Inv-FFyH-Programa.pdf\" target=\"_blank\" rel=\"noopener\">Descargar Programa completo<\/a><\/p>\n<p>&nbsp;<\/p>\n<p><a href=\"http:\/\/ffyh.unc.edu.ar\/ciffyh\/wp-content\/uploads\/sites\/10\/2018\/05\/jovenes-investigadores-prorroga.jpg\"><img fetchpriority=\"high\" decoding=\"async\" class=\"alignnone size-full wp-image-3597\" src=\"http:\/\/ffyh.unc.edu.ar\/ciffyh\/wp-content\/uploads\/sites\/10\/2018\/05\/jovenes-investigadores-prorroga.jpg\" alt=\"\" width=\"816\" height=\"697\" srcset=\"https:\/\/ffyh.unc.edu.ar\/ciffyh\/wp-content\/uploads\/sites\/10\/2018\/05\/jovenes-investigadores-prorroga.jpg 816w, https:\/\/ffyh.unc.edu.ar\/ciffyh\/wp-content\/uploads\/sites\/10\/2018\/05\/jovenes-investigadores-prorroga-300x256.jpg 300w, https:\/\/ffyh.unc.edu.ar\/ciffyh\/wp-content\/uploads\/sites\/10\/2018\/05\/jovenes-investigadores-prorroga-768x656.jpg 768w\" sizes=\"(max-width: 816px) 100vw, 816px\" \/><\/a><\/p>\n","protected":false},"excerpt":{"rendered":"<p>Se realizar\u00e1n en la Facultad de Filosof\u00eda y Humanidades de la UNC los d\u00edas 25, 26 y 27 de junio,<\/p>\n","protected":false},"author":2,"featured_media":3554,"comment_status":"closed","ping_status":"closed","sticky":false,"template":"","format":"standard","meta":{"_acf_changed":false,"colormag_page_container_layout":"default_layout","colormag_page_sidebar_layout":"default_layout","footnotes":""},"categories":[7],"tags":[],"class_list":["post-3552","post","type-post","status-publish","format-standard","has-post-thumbnail","hentry","category-jornadas"],"acf":[],"yoast_head":"<!-- This site is optimized with the Yoast SEO plugin v27.1.1 - https:\/\/yoast.com\/product\/yoast-seo-wordpress\/ -->\n<title>El oficio de investigar. Primeras Jornadas de J\u00f3venes Investigador*s de la FFyH - Centro de Investigaciones &quot;Maria Saleme de Burnichon&quot;<\/title>\n<meta name=\"robots\" content=\"index, follow, max-snippet:-1, max-image-preview:large, max-video-preview:-1\" \/>\n<link rel=\"canonical\" href=\"https:\/\/ffyh.unc.edu.ar\/ciffyh\/el-oficio-de-investigar-primeras-jornadas-de-jovenes-investigadors-de-la-ffyh\/\" \/>\n<meta property=\"og:locale\" content=\"es_ES\" \/>\n<meta property=\"og:type\" content=\"article\" \/>\n<meta property=\"og:title\" content=\"El oficio de investigar. Primeras Jornadas de J\u00f3venes Investigador*s de la FFyH - Centro de Investigaciones &quot;Maria Saleme de Burnichon&quot;\" \/>\n<meta property=\"og:description\" content=\"Se realizar\u00e1n en la Facultad de Filosof\u00eda y Humanidades de la UNC los d\u00edas 25, 26 y 27 de junio,\" \/>\n<meta property=\"og:url\" content=\"https:\/\/ffyh.unc.edu.ar\/ciffyh\/el-oficio-de-investigar-primeras-jornadas-de-jovenes-investigadors-de-la-ffyh\/\" \/>\n<meta property=\"og:site_name\" content=\"Centro de Investigaciones &quot;Maria Saleme de Burnichon&quot;\" \/>\n<meta property=\"article:published_time\" content=\"2018-06-21T11:00:52+00:00\" \/>\n<meta property=\"article:modified_time\" content=\"2018-06-21T14:05:14+00:00\" \/>\n<meta property=\"og:image\" content=\"https:\/\/ffyh.unc.edu.ar\/ciffyh\/wp-content\/uploads\/sites\/10\/2018\/04\/jovenes-investigadores-banner.jpg\" \/>\n\t<meta property=\"og:image:width\" content=\"1170\" \/>\n\t<meta property=\"og:image:height\" content=\"388\" \/>\n\t<meta property=\"og:image:type\" content=\"image\/jpeg\" \/>\n<meta name=\"author\" content=\"\u00c1rea de Comunicaci\u00f3n - FFyH\" \/>\n<meta name=\"twitter:card\" content=\"summary_large_image\" \/>\n<meta name=\"twitter:label1\" content=\"Escrito por\" \/>\n\t<meta name=\"twitter:data1\" content=\"\" \/>\n\t<meta name=\"twitter:label2\" content=\"Tiempo de lectura\" \/>\n\t<meta name=\"twitter:data2\" content=\"1 minuto\" \/>\n<script type=\"application\/ld+json\" class=\"yoast-schema-graph\">{\"@context\":\"https:\/\/schema.org\",\"@graph\":[{\"@type\":\"Article\",\"@id\":\"https:\/\/ffyh.unc.edu.ar\/ciffyh\/el-oficio-de-investigar-primeras-jornadas-de-jovenes-investigadors-de-la-ffyh\/#article\",\"isPartOf\":{\"@id\":\"https:\/\/ffyh.unc.edu.ar\/ciffyh\/el-oficio-de-investigar-primeras-jornadas-de-jovenes-investigadors-de-la-ffyh\/\"},\"author\":{\"name\":\"\u00c1rea de Comunicaci\u00f3n - FFyH\",\"@id\":\"https:\/\/ffyh.unc.edu.ar\/ciffyh\/#\/schema\/person\/e6b9f6aec95cb7437bb2fde09e23b224\"},\"headline\":\"El oficio de investigar. Primeras Jornadas de J\u00f3venes Investigador*s de la FFyH\",\"datePublished\":\"2018-06-21T11:00:52+00:00\",\"dateModified\":\"2018-06-21T14:05:14+00:00\",\"mainEntityOfPage\":{\"@id\":\"https:\/\/ffyh.unc.edu.ar\/ciffyh\/el-oficio-de-investigar-primeras-jornadas-de-jovenes-investigadors-de-la-ffyh\/\"},\"wordCount\":282,\"publisher\":{\"@id\":\"https:\/\/ffyh.unc.edu.ar\/ciffyh\/#organization\"},\"image\":{\"@id\":\"https:\/\/ffyh.unc.edu.ar\/ciffyh\/el-oficio-de-investigar-primeras-jornadas-de-jovenes-investigadors-de-la-ffyh\/#primaryimage\"},\"thumbnailUrl\":\"https:\/\/ffyh.unc.edu.ar\/ciffyh\/wp-content\/uploads\/sites\/10\/2018\/04\/jovenes-investigadores-banner.jpg\",\"articleSection\":[\"Jornadas\"],\"inLanguage\":\"es\"},{\"@type\":\"WebPage\",\"@id\":\"https:\/\/ffyh.unc.edu.ar\/ciffyh\/el-oficio-de-investigar-primeras-jornadas-de-jovenes-investigadors-de-la-ffyh\/\",\"url\":\"https:\/\/ffyh.unc.edu.ar\/ciffyh\/el-oficio-de-investigar-primeras-jornadas-de-jovenes-investigadors-de-la-ffyh\/\",\"name\":\"El oficio de investigar. Primeras Jornadas de J\u00f3venes Investigador*s de la FFyH - Centro de Investigaciones &quot;Maria Saleme de Burnichon&quot;\",\"isPartOf\":{\"@id\":\"https:\/\/ffyh.unc.edu.ar\/ciffyh\/#website\"},\"primaryImageOfPage\":{\"@id\":\"https:\/\/ffyh.unc.edu.ar\/ciffyh\/el-oficio-de-investigar-primeras-jornadas-de-jovenes-investigadors-de-la-ffyh\/#primaryimage\"},\"image\":{\"@id\":\"https:\/\/ffyh.unc.edu.ar\/ciffyh\/el-oficio-de-investigar-primeras-jornadas-de-jovenes-investigadors-de-la-ffyh\/#primaryimage\"},\"thumbnailUrl\":\"https:\/\/ffyh.unc.edu.ar\/ciffyh\/wp-content\/uploads\/sites\/10\/2018\/04\/jovenes-investigadores-banner.jpg\",\"datePublished\":\"2018-06-21T11:00:52+00:00\",\"dateModified\":\"2018-06-21T14:05:14+00:00\",\"breadcrumb\":{\"@id\":\"https:\/\/ffyh.unc.edu.ar\/ciffyh\/el-oficio-de-investigar-primeras-jornadas-de-jovenes-investigadors-de-la-ffyh\/#breadcrumb\"},\"inLanguage\":\"es\",\"potentialAction\":[{\"@type\":\"ReadAction\",\"target\":[\"https:\/\/ffyh.unc.edu.ar\/ciffyh\/el-oficio-de-investigar-primeras-jornadas-de-jovenes-investigadors-de-la-ffyh\/\"]}]},{\"@type\":\"ImageObject\",\"inLanguage\":\"es\",\"@id\":\"https:\/\/ffyh.unc.edu.ar\/ciffyh\/el-oficio-de-investigar-primeras-jornadas-de-jovenes-investigadors-de-la-ffyh\/#primaryimage\",\"url\":\"https:\/\/ffyh.unc.edu.ar\/ciffyh\/wp-content\/uploads\/sites\/10\/2018\/04\/jovenes-investigadores-banner.jpg\",\"contentUrl\":\"https:\/\/ffyh.unc.edu.ar\/ciffyh\/wp-content\/uploads\/sites\/10\/2018\/04\/jovenes-investigadores-banner.jpg\",\"width\":1170,\"height\":388,\"caption\":\"Imprimir\"},{\"@type\":\"BreadcrumbList\",\"@id\":\"https:\/\/ffyh.unc.edu.ar\/ciffyh\/el-oficio-de-investigar-primeras-jornadas-de-jovenes-investigadors-de-la-ffyh\/#breadcrumb\",\"itemListElement\":[{\"@type\":\"ListItem\",\"position\":1,\"name\":\"Portada\",\"item\":\"https:\/\/ffyh.unc.edu.ar\/ciffyh\/\"},{\"@type\":\"ListItem\",\"position\":2,\"name\":\"El oficio de investigar. Primeras Jornadas de J\u00f3venes Investigador*s de la FFyH\"}]},{\"@type\":\"WebSite\",\"@id\":\"https:\/\/ffyh.unc.edu.ar\/ciffyh\/#website\",\"url\":\"https:\/\/ffyh.unc.edu.ar\/ciffyh\/\",\"name\":\"Centro de Investigaciones \\\"Maria Saleme de Burnichon\\\"\",\"description\":\"Facultad de Filosof\u00eda y Humanidades | UNC\",\"publisher\":{\"@id\":\"https:\/\/ffyh.unc.edu.ar\/ciffyh\/#organization\"},\"potentialAction\":[{\"@type\":\"SearchAction\",\"target\":{\"@type\":\"EntryPoint\",\"urlTemplate\":\"https:\/\/ffyh.unc.edu.ar\/ciffyh\/?s={search_term_string}\"},\"query-input\":{\"@type\":\"PropertyValueSpecification\",\"valueRequired\":true,\"valueName\":\"search_term_string\"}}],\"inLanguage\":\"es\"},{\"@type\":\"Organization\",\"@id\":\"https:\/\/ffyh.unc.edu.ar\/ciffyh\/#organization\",\"name\":\"Centro de Investigaciones \\\"Maria Saleme de Burnichon\\\"\",\"url\":\"https:\/\/ffyh.unc.edu.ar\/ciffyh\/\",\"logo\":{\"@type\":\"ImageObject\",\"inLanguage\":\"es\",\"@id\":\"https:\/\/ffyh.unc.edu.ar\/ciffyh\/#\/schema\/logo\/image\/\",\"url\":\"https:\/\/ffyh.unc.edu.ar\/ciffyh\/wp-content\/uploads\/sites\/10\/2018\/02\/cropped-logo-ciffyh-ico.png\",\"contentUrl\":\"https:\/\/ffyh.unc.edu.ar\/ciffyh\/wp-content\/uploads\/sites\/10\/2018\/02\/cropped-logo-ciffyh-ico.png\",\"width\":512,\"height\":512,\"caption\":\"Centro de Investigaciones \\\"Maria Saleme de Burnichon\\\"\"},\"image\":{\"@id\":\"https:\/\/ffyh.unc.edu.ar\/ciffyh\/#\/schema\/logo\/image\/\"},\"sameAs\":[\"https:\/\/www.instagram.com\/ciffyh\/\"]},{\"@type\":\"Person\",\"@id\":\"https:\/\/ffyh.unc.edu.ar\/ciffyh\/#\/schema\/person\/e6b9f6aec95cb7437bb2fde09e23b224\",\"name\":\"\u00c1rea de Comunicaci\u00f3n - FFyH\",\"image\":{\"@type\":\"ImageObject\",\"inLanguage\":\"es\",\"@id\":\"https:\/\/ffyh.unc.edu.ar\/ciffyh\/#\/schema\/person\/image\/\",\"url\":\"https:\/\/secure.gravatar.com\/avatar\/1d896d10b19526e4cb6e972ca0f1b6719a4697e2d88742a801b88b3682d5be75?s=96&d=mm&r=g\",\"contentUrl\":\"https:\/\/secure.gravatar.com\/avatar\/1d896d10b19526e4cb6e972ca0f1b6719a4697e2d88742a801b88b3682d5be75?s=96&d=mm&r=g\",\"caption\":\"\u00c1rea de Comunicaci\u00f3n - FFyH\"},\"url\":\"https:\/\/ffyh.unc.edu.ar\/ciffyh\/author\/prensa\/\"}]}<\/script>\n<!-- \/ Yoast SEO plugin. -->","yoast_head_json":{"title":"El oficio de investigar. Primeras Jornadas de J\u00f3venes Investigador*s de la FFyH - Centro de Investigaciones &quot;Maria Saleme de Burnichon&quot;","robots":{"index":"index","follow":"follow","max-snippet":"max-snippet:-1","max-image-preview":"max-image-preview:large","max-video-preview":"max-video-preview:-1"},"canonical":"https:\/\/ffyh.unc.edu.ar\/ciffyh\/el-oficio-de-investigar-primeras-jornadas-de-jovenes-investigadors-de-la-ffyh\/","og_locale":"es_ES","og_type":"article","og_title":"El oficio de investigar. Primeras Jornadas de J\u00f3venes Investigador*s de la FFyH - Centro de Investigaciones &quot;Maria Saleme de Burnichon&quot;","og_description":"Se realizar\u00e1n en la Facultad de Filosof\u00eda y Humanidades de la UNC los d\u00edas 25, 26 y 27 de junio,","og_url":"https:\/\/ffyh.unc.edu.ar\/ciffyh\/el-oficio-de-investigar-primeras-jornadas-de-jovenes-investigadors-de-la-ffyh\/","og_site_name":"Centro de Investigaciones &quot;Maria Saleme de Burnichon&quot;","article_published_time":"2018-06-21T11:00:52+00:00","article_modified_time":"2018-06-21T14:05:14+00:00","og_image":[{"width":1170,"height":388,"url":"https:\/\/ffyh.unc.edu.ar\/ciffyh\/wp-content\/uploads\/sites\/10\/2018\/04\/jovenes-investigadores-banner.jpg","type":"image\/jpeg"}],"author":"\u00c1rea de Comunicaci\u00f3n - FFyH","twitter_card":"summary_large_image","twitter_misc":{"Escrito por":false,"Tiempo de lectura":"1 minuto"},"schema":{"@context":"https:\/\/schema.org","@graph":[{"@type":"Article","@id":"https:\/\/ffyh.unc.edu.ar\/ciffyh\/el-oficio-de-investigar-primeras-jornadas-de-jovenes-investigadors-de-la-ffyh\/#article","isPartOf":{"@id":"https:\/\/ffyh.unc.edu.ar\/ciffyh\/el-oficio-de-investigar-primeras-jornadas-de-jovenes-investigadors-de-la-ffyh\/"},"author":{"name":"\u00c1rea de Comunicaci\u00f3n - FFyH","@id":"https:\/\/ffyh.unc.edu.ar\/ciffyh\/#\/schema\/person\/e6b9f6aec95cb7437bb2fde09e23b224"},"headline":"El oficio de investigar. Primeras Jornadas de J\u00f3venes Investigador*s de la FFyH","datePublished":"2018-06-21T11:00:52+00:00","dateModified":"2018-06-21T14:05:14+00:00","mainEntityOfPage":{"@id":"https:\/\/ffyh.unc.edu.ar\/ciffyh\/el-oficio-de-investigar-primeras-jornadas-de-jovenes-investigadors-de-la-ffyh\/"},"wordCount":282,"publisher":{"@id":"https:\/\/ffyh.unc.edu.ar\/ciffyh\/#organization"},"image":{"@id":"https:\/\/ffyh.unc.edu.ar\/ciffyh\/el-oficio-de-investigar-primeras-jornadas-de-jovenes-investigadors-de-la-ffyh\/#primaryimage"},"thumbnailUrl":"https:\/\/ffyh.unc.edu.ar\/ciffyh\/wp-content\/uploads\/sites\/10\/2018\/04\/jovenes-investigadores-banner.jpg","articleSection":["Jornadas"],"inLanguage":"es"},{"@type":"WebPage","@id":"https:\/\/ffyh.unc.edu.ar\/ciffyh\/el-oficio-de-investigar-primeras-jornadas-de-jovenes-investigadors-de-la-ffyh\/","url":"https:\/\/ffyh.unc.edu.ar\/ciffyh\/el-oficio-de-investigar-primeras-jornadas-de-jovenes-investigadors-de-la-ffyh\/","name":"El oficio de investigar. Primeras Jornadas de J\u00f3venes Investigador*s de la FFyH - Centro de Investigaciones &quot;Maria Saleme de Burnichon&quot;","isPartOf":{"@id":"https:\/\/ffyh.unc.edu.ar\/ciffyh\/#website"},"primaryImageOfPage":{"@id":"https:\/\/ffyh.unc.edu.ar\/ciffyh\/el-oficio-de-investigar-primeras-jornadas-de-jovenes-investigadors-de-la-ffyh\/#primaryimage"},"image":{"@id":"https:\/\/ffyh.unc.edu.ar\/ciffyh\/el-oficio-de-investigar-primeras-jornadas-de-jovenes-investigadors-de-la-ffyh\/#primaryimage"},"thumbnailUrl":"https:\/\/ffyh.unc.edu.ar\/ciffyh\/wp-content\/uploads\/sites\/10\/2018\/04\/jovenes-investigadores-banner.jpg","datePublished":"2018-06-21T11:00:52+00:00","dateModified":"2018-06-21T14:05:14+00:00","breadcrumb":{"@id":"https:\/\/ffyh.unc.edu.ar\/ciffyh\/el-oficio-de-investigar-primeras-jornadas-de-jovenes-investigadors-de-la-ffyh\/#breadcrumb"},"inLanguage":"es","potentialAction":[{"@type":"ReadAction","target":["https:\/\/ffyh.unc.edu.ar\/ciffyh\/el-oficio-de-investigar-primeras-jornadas-de-jovenes-investigadors-de-la-ffyh\/"]}]},{"@type":"ImageObject","inLanguage":"es","@id":"https:\/\/ffyh.unc.edu.ar\/ciffyh\/el-oficio-de-investigar-primeras-jornadas-de-jovenes-investigadors-de-la-ffyh\/#primaryimage","url":"https:\/\/ffyh.unc.edu.ar\/ciffyh\/wp-content\/uploads\/sites\/10\/2018\/04\/jovenes-investigadores-banner.jpg","contentUrl":"https:\/\/ffyh.unc.edu.ar\/ciffyh\/wp-content\/uploads\/sites\/10\/2018\/04\/jovenes-investigadores-banner.jpg","width":1170,"height":388,"caption":"Imprimir"},{"@type":"BreadcrumbList","@id":"https:\/\/ffyh.unc.edu.ar\/ciffyh\/el-oficio-de-investigar-primeras-jornadas-de-jovenes-investigadors-de-la-ffyh\/#breadcrumb","itemListElement":[{"@type":"ListItem","position":1,"name":"Portada","item":"https:\/\/ffyh.unc.edu.ar\/ciffyh\/"},{"@type":"ListItem","position":2,"name":"El oficio de investigar. Primeras Jornadas de J\u00f3venes Investigador*s de la FFyH"}]},{"@type":"WebSite","@id":"https:\/\/ffyh.unc.edu.ar\/ciffyh\/#website","url":"https:\/\/ffyh.unc.edu.ar\/ciffyh\/","name":"Centro de Investigaciones \"Maria Saleme de Burnichon\"","description":"Facultad de Filosof\u00eda y Humanidades | UNC","publisher":{"@id":"https:\/\/ffyh.unc.edu.ar\/ciffyh\/#organization"},"potentialAction":[{"@type":"SearchAction","target":{"@type":"EntryPoint","urlTemplate":"https:\/\/ffyh.unc.edu.ar\/ciffyh\/?s={search_term_string}"},"query-input":{"@type":"PropertyValueSpecification","valueRequired":true,"valueName":"search_term_string"}}],"inLanguage":"es"},{"@type":"Organization","@id":"https:\/\/ffyh.unc.edu.ar\/ciffyh\/#organization","name":"Centro de Investigaciones \"Maria Saleme de Burnichon\"","url":"https:\/\/ffyh.unc.edu.ar\/ciffyh\/","logo":{"@type":"ImageObject","inLanguage":"es","@id":"https:\/\/ffyh.unc.edu.ar\/ciffyh\/#\/schema\/logo\/image\/","url":"https:\/\/ffyh.unc.edu.ar\/ciffyh\/wp-content\/uploads\/sites\/10\/2018\/02\/cropped-logo-ciffyh-ico.png","contentUrl":"https:\/\/ffyh.unc.edu.ar\/ciffyh\/wp-content\/uploads\/sites\/10\/2018\/02\/cropped-logo-ciffyh-ico.png","width":512,"height":512,"caption":"Centro de Investigaciones \"Maria Saleme de Burnichon\""},"image":{"@id":"https:\/\/ffyh.unc.edu.ar\/ciffyh\/#\/schema\/logo\/image\/"},"sameAs":["https:\/\/www.instagram.com\/ciffyh\/"]},{"@type":"Person","@id":"https:\/\/ffyh.unc.edu.ar\/ciffyh\/#\/schema\/person\/e6b9f6aec95cb7437bb2fde09e23b224","name":"\u00c1rea de Comunicaci\u00f3n - FFyH","image":{"@type":"ImageObject","inLanguage":"es","@id":"https:\/\/ffyh.unc.edu.ar\/ciffyh\/#\/schema\/person\/image\/","url":"https:\/\/secure.gravatar.com\/avatar\/1d896d10b19526e4cb6e972ca0f1b6719a4697e2d88742a801b88b3682d5be75?s=96&d=mm&r=g","contentUrl":"https:\/\/secure.gravatar.com\/avatar\/1d896d10b19526e4cb6e972ca0f1b6719a4697e2d88742a801b88b3682d5be75?s=96&d=mm&r=g","caption":"\u00c1rea de Comunicaci\u00f3n - FFyH"},"url":"https:\/\/ffyh.unc.edu.ar\/ciffyh\/author\/prensa\/"}]}},"jetpack_featured_media_url":"https:\/\/ffyh.unc.edu.ar\/ciffyh\/wp-content\/uploads\/sites\/10\/2018\/04\/jovenes-investigadores-banner.jpg","_links":{"self":[{"href":"https:\/\/ffyh.unc.edu.ar\/ciffyh\/wp-json\/wp\/v2\/posts\/3552","targetHints":{"allow":["GET"]}}],"collection":[{"href":"https:\/\/ffyh.unc.edu.ar\/ciffyh\/wp-json\/wp\/v2\/posts"}],"about":[{"href":"https:\/\/ffyh.unc.edu.ar\/ciffyh\/wp-json\/wp\/v2\/types\/post"}],"author":[{"embeddable":true,"href":"https:\/\/ffyh.unc.edu.ar\/ciffyh\/wp-json\/wp\/v2\/users\/2"}],"replies":[{"embeddable":true,"href":"https:\/\/ffyh.unc.edu.ar\/ciffyh\/wp-json\/wp\/v2\/comments?post=3552"}],"version-history":[{"count":5,"href":"https:\/\/ffyh.unc.edu.ar\/ciffyh\/wp-json\/wp\/v2\/posts\/3552\/revisions"}],"predecessor-version":[{"id":3629,"href":"https:\/\/ffyh.unc.edu.ar\/ciffyh\/wp-json\/wp\/v2\/posts\/3552\/revisions\/3629"}],"wp:featuredmedia":[{"embeddable":true,"href":"https:\/\/ffyh.unc.edu.ar\/ciffyh\/wp-json\/wp\/v2\/media\/3554"}],"wp:attachment":[{"href":"https:\/\/ffyh.unc.edu.ar\/ciffyh\/wp-json\/wp\/v2\/media?parent=3552"}],"wp:term":[{"taxonomy":"category","embeddable":true,"href":"https:\/\/ffyh.unc.edu.ar\/ciffyh\/wp-json\/wp\/v2\/categories?post=3552"},{"taxonomy":"post_tag","embeddable":true,"href":"https:\/\/ffyh.unc.edu.ar\/ciffyh\/wp-json\/wp\/v2\/tags?post=3552"}],"curies":[{"name":"wp","href":"https:\/\/api.w.org\/{rel}","templated":true}]}}