{"id":3564,"date":"2018-07-04T19:14:51","date_gmt":"2018-07-04T19:14:51","guid":{"rendered":"http:\/\/ffyh.unc.edu.ar\/ciffyh\/?p=3564"},"modified":"2019-04-22T14:23:50","modified_gmt":"2019-04-22T14:23:50","slug":"convocatoria-para-la-presentacion-de-proyectos-de-investigacion-orientados-y-acotados-2018","status":"publish","type":"post","link":"https:\/\/ffyh.unc.edu.ar\/ciffyh\/convocatoria-para-la-presentacion-de-proyectos-de-investigacion-orientados-y-acotados-2018\/","title":{"rendered":"Convocatoria para la presentaci\u00f3n de Proyectos de Investigaci\u00f3n Orientados y Acotados | 2018"},"content":{"rendered":"<p><strong>Estar\u00e1 abierta del 11 de junio al 27 de julio de 2018 y tiene como objetivo estimular la investigaci\u00f3n en tem\u00e1ticas espec\u00edficas, que sean consideradas de inter\u00e9s por la comunidad del Centro de Investigaciones de la FFyH. Se financiar\u00e1n cuatro proyectos interdisciplinarios que deben ser desarrollados en un a\u00f1o por dos investigadores egresados de la FFyH o miembros del CIFFyH con una antig\u00fcedad de un a\u00f1o.<\/strong><\/p>\n<p><!--more--><\/p>\n<p>El Centro de Investigaciones de la FFyH lanza la convocatoria 2018 de Proyectos Orientados y Acotados (PROA), con el objetivo de estimular la investigaci\u00f3n en tem\u00e1ticas espec\u00edficas que sean consideradas de inter\u00e9s por la comunidad del CIFFyH. Estos, tienen que ser proyectos de investigaci\u00f3n interdisciplinarios con tem\u00e1ticas definidas, cuyos ejes prioritarios pueden consultarse debajo, y a ser desarrollados en el per\u00edodo de un a\u00f1o por dos investigadores egresados de la FFyH o miembros del CIFFyH.<\/p>\n<p>Se financiar\u00e1n en el a\u00f1o 2018-2019\u00a0<strong>cuatro proyectos<\/strong>\u00a0<strong>de dos integrantes<\/strong><strong>\u00a0<\/strong>cada uno con\u00a0remuneraci\u00f3n equivalente al cargo de\u00a0<strong>profesor asistente de dedicaci\u00f3n simple<\/strong>\u00a0sin antig\u00fcedad.<\/p>\n<p>La duraci\u00f3n de los PROA ser\u00e1 de un a\u00f1o y no podr\u00e1n ser renovados ni prorrogados. Tendr\u00e1n una dedicaci\u00f3n horaria de 10 horas semanales y se fijar\u00e1 como lugar de trabajo el CIFFyH.<\/p>\n<p><strong>Requisitos<\/strong><\/p>\n<p>La presentaci\u00f3n constar\u00e1 de las caracter\u00edsticas formales de un proyecto de investigaci\u00f3n, en el cual deber\u00e1 especificarse plan de trabajo, tem\u00e1tica en estudio, fundamentaci\u00f3n, objetivos, espacios de desarrollo y aportes a la tem\u00e1tica objeto de investigaci\u00f3n. Se acompa\u00f1ar\u00e1 con los antecedentes de los investigadores interesados, que deber\u00e1n ser graduados universitarios.<\/p>\n<p>Los postulantes deber\u00e1n reunir los siguientes requisitos:<\/p>\n<p>a.- No contar con becas o subsidios de investigaci\u00f3n vigentes, ni haber obtenido el t\u00edtulo m\u00e1ximo de doctor. No ser director\/a o co-director\/a de un proyecto de investigaci\u00f3n con subsidio vigente.<\/p>\n<p>b.- Ser egresados universitarios de la FFyH y\/o egresados miembros del CIFFyH (estos \u00faltimos con al menos un a\u00f1o de antig\u00fcedad).<\/p>\n<p>c.- Presentar, en tiempo y forma la solicitud y la documentaci\u00f3n requerida debidamente completadas, en acuerdo de dos postulantes por proyecto, provenientes de diferentes disciplinas o \u00e1reas del CIFFyH.<\/p>\n<p>La selecci\u00f3n de proyectos la realizar\u00e1 una comisi\u00f3n evaluadora designada por el Consejo del CIFFyH, la cual estar\u00e1 conformada por los Coordinadores de \u00c1rea.<\/p>\n<ul>\n<li><a href=\"http:\/\/ffyh.unc.edu.ar\/ciffyh\/wp-content\/uploads\/sites\/10\/2010\/05\/RES_140_2017-Reglamento-PROA.pdf\" target=\"_blank\" rel=\"noopener\">Descargar Reglamento<\/a><\/li>\n<li><a href=\"http:\/\/ffyh.unc.edu.ar\/ciffyh\/wp-content\/uploads\/sites\/10\/2018\/04\/solicitud-inscripcion-proa-CV.doc\" target=\"_blank\" rel=\"noopener\">Descargar Solicitud de inscripci\u00f3n<\/a><\/li>\n<li><a href=\"http:\/\/ffyh.unc.edu.ar\/ciffyh\/wp-content\/uploads\/sites\/10\/2018\/04\/formulario-presentacion-proyectos-PROA-.doc\" target=\"_blank\" rel=\"noopener\">Descargar Formulario de Presentaci\u00f3n<\/a><\/li>\n<\/ul>\n<p>Los proyectos deber\u00e1n ser presentados en la Secretar\u00eda T\u00e9cnica del CIFFyH (Pabell\u00f3n Agust\u00edn Tosco, primer piso, Ciudad Universitaria) y enviados por e-mail a: <a href=\"mailto:tecnicaciffyh@gmail.com\">tecnicaciffyh@gmail.com<\/a> de lunes a viernes entre las 9 y las 17 hs.<\/p>\n<h1><strong>\u00a0<\/strong><strong>Ejes prioritarios<\/strong><\/h1>\n<p><strong>1.- Juventudes, g\u00e9nero y sexualidades.<\/strong><\/p>\n<p>Pol\u00edticas, pr\u00e1cticas, representaciones, discursos. Entre la reproducci\u00f3n y la transformaci\u00f3n.<\/p>\n<p><strong>2.- Derechos educativos: pol\u00edticas, nuevos contenidos y formatos.<\/strong><\/p>\n<p>Escuela y diversidad: pr\u00e1cticas para el acceso al saber, alfabetizaci\u00f3n cient\u00edfica y digital. Violencia en las instituciones.<\/p>\n<p><strong>3.- Organizaciones y movimientos sociales: historia, memoria y patrimonio<\/strong>.<\/p>\n<p>Demandas, estrategias y transformaciones. Actores, discursos, pr\u00e1cticas y representaciones. Historias de vida, museos, sitios de memoria.<\/p>\n<p><strong>4.-<\/strong>\u00a0<strong>Cuerpos, pr\u00e1cticas y discursos en los espacios de encierro: c\u00e1rcel y manicomio<\/strong>.<\/p>\n<p>Las tecnolog\u00edas del encierro. Configuraciones y experiencias del espacio y del tiempo. La vida despu\u00e9s del encierro.<\/p>\n<p><strong>5.-Econom\u00edas y regiones: pol\u00edticas y actores en tensi\u00f3n.<\/strong><\/p>\n<p>Cartograf\u00edas y representaciones. Micro\/ macro, local\/global, diversidad y superposici\u00f3n de escalas. Procesos hist\u00f3ricos.<\/p>\n<p><strong>6.-Territorios y territorializaciones.<\/strong><\/p>\n<p>Procesos de globalizaci\u00f3n y nuevas l\u00f3gicas del capital: expulsiones y despojos de tierras, comunidades y personas. La cuesti\u00f3n de la gesti\u00f3n territorial. Procesos de segregaci\u00f3n urbana.<\/p>\n<p><strong>7.<\/strong>&#8211;\u00a0<strong>Acceso a la administraci\u00f3n judicial en el estado de derecho.<\/strong><\/p>\n<p>Reconocimiento de\u00a0 derechos, desigualdades, demandas y obst\u00e1culos. Violaciones a los derechos humanos.<\/p>\n<p><strong>8.- El mundo digital: sociabilidad y formas de construcci\u00f3n de conocimiento<\/strong>.<\/p>\n<p>Los sujetos del discurso digital. Efectos de la inmediatez de las comunicaciones. Los intercambios y la capacidad de producci\u00f3n, reproducci\u00f3n y circulaci\u00f3n colectiva. La proliferaci\u00f3n de tipos discursivos.<\/p>\n<p><a href=\"http:\/\/ffyh.unc.edu.ar\/ciffyh\/wp-content\/uploads\/sites\/10\/2018\/04\/proa2018.jpg\"><img fetchpriority=\"high\" decoding=\"async\" class=\"alignnone size-full wp-image-3568\" src=\"http:\/\/ffyh.unc.edu.ar\/ciffyh\/wp-content\/uploads\/sites\/10\/2018\/04\/proa2018.jpg\" alt=\"\" width=\"659\" height=\"914\" srcset=\"https:\/\/ffyh.unc.edu.ar\/ciffyh\/wp-content\/uploads\/sites\/10\/2018\/04\/proa2018.jpg 659w, https:\/\/ffyh.unc.edu.ar\/ciffyh\/wp-content\/uploads\/sites\/10\/2018\/04\/proa2018-216x300.jpg 216w\" sizes=\"(max-width: 659px) 100vw, 659px\" \/><\/a><\/p>\n","protected":false},"excerpt":{"rendered":"<p>Estar\u00e1 abierta del 11 de junio al 27 de julio de 2018 y tiene como objetivo estimular la investigaci\u00f3n en<\/p>\n","protected":false},"author":2,"featured_media":3567,"comment_status":"closed","ping_status":"closed","sticky":false,"template":"","format":"standard","meta":{"_acf_changed":false,"colormag_page_container_layout":"default_layout","colormag_page_sidebar_layout":"default_layout","footnotes":""},"categories":[8],"tags":[],"class_list":["post-3564","post","type-post","status-publish","format-standard","has-post-thumbnail","hentry","category-noticias"],"acf":[],"yoast_head":"<!-- This site is optimized with the Yoast SEO plugin v27.1.1 - https:\/\/yoast.com\/product\/yoast-seo-wordpress\/ -->\n<title>Convocatoria para la presentaci\u00f3n de Proyectos de Investigaci\u00f3n Orientados y Acotados | 2018 - Centro de Investigaciones &quot;Maria Saleme de Burnichon&quot;<\/title>\n<meta name=\"robots\" content=\"index, follow, max-snippet:-1, max-image-preview:large, max-video-preview:-1\" \/>\n<link rel=\"canonical\" href=\"https:\/\/ffyh.unc.edu.ar\/ciffyh\/convocatoria-para-la-presentacion-de-proyectos-de-investigacion-orientados-y-acotados-2018\/\" \/>\n<meta property=\"og:locale\" content=\"es_ES\" \/>\n<meta property=\"og:type\" content=\"article\" \/>\n<meta property=\"og:title\" content=\"Convocatoria para la presentaci\u00f3n de Proyectos de Investigaci\u00f3n Orientados y Acotados | 2018 - Centro de Investigaciones &quot;Maria Saleme de Burnichon&quot;\" \/>\n<meta property=\"og:description\" content=\"Estar\u00e1 abierta del 11 de junio al 27 de julio de 2018 y tiene como objetivo estimular la investigaci\u00f3n en\" \/>\n<meta property=\"og:url\" content=\"https:\/\/ffyh.unc.edu.ar\/ciffyh\/convocatoria-para-la-presentacion-de-proyectos-de-investigacion-orientados-y-acotados-2018\/\" \/>\n<meta property=\"og:site_name\" content=\"Centro de Investigaciones &quot;Maria Saleme de Burnichon&quot;\" \/>\n<meta property=\"article:published_time\" content=\"2018-07-04T19:14:51+00:00\" \/>\n<meta property=\"article:modified_time\" content=\"2019-04-22T14:23:50+00:00\" \/>\n<meta property=\"og:image\" content=\"https:\/\/ffyh.unc.edu.ar\/ciffyh\/wp-content\/uploads\/sites\/10\/2018\/04\/proa2018-web.jpg\" \/>\n\t<meta property=\"og:image:width\" content=\"628\" \/>\n\t<meta property=\"og:image:height\" content=\"346\" \/>\n\t<meta property=\"og:image:type\" content=\"image\/jpeg\" \/>\n<meta name=\"author\" content=\"\u00c1rea de Comunicaci\u00f3n - FFyH\" \/>\n<meta name=\"twitter:card\" content=\"summary_large_image\" \/>\n<meta name=\"twitter:label1\" content=\"Escrito por\" \/>\n\t<meta name=\"twitter:data1\" content=\"\" \/>\n\t<meta name=\"twitter:label2\" content=\"Tiempo de lectura\" \/>\n\t<meta name=\"twitter:data2\" content=\"4 minutos\" \/>\n<script type=\"application\/ld+json\" class=\"yoast-schema-graph\">{\"@context\":\"https:\/\/schema.org\",\"@graph\":[{\"@type\":\"Article\",\"@id\":\"https:\/\/ffyh.unc.edu.ar\/ciffyh\/convocatoria-para-la-presentacion-de-proyectos-de-investigacion-orientados-y-acotados-2018\/#article\",\"isPartOf\":{\"@id\":\"https:\/\/ffyh.unc.edu.ar\/ciffyh\/convocatoria-para-la-presentacion-de-proyectos-de-investigacion-orientados-y-acotados-2018\/\"},\"author\":{\"name\":\"\u00c1rea de Comunicaci\u00f3n - FFyH\",\"@id\":\"https:\/\/ffyh.unc.edu.ar\/ciffyh\/#\/schema\/person\/e6b9f6aec95cb7437bb2fde09e23b224\"},\"headline\":\"Convocatoria para la presentaci\u00f3n de Proyectos de Investigaci\u00f3n Orientados y Acotados | 2018\",\"datePublished\":\"2018-07-04T19:14:51+00:00\",\"dateModified\":\"2019-04-22T14:23:50+00:00\",\"mainEntityOfPage\":{\"@id\":\"https:\/\/ffyh.unc.edu.ar\/ciffyh\/convocatoria-para-la-presentacion-de-proyectos-de-investigacion-orientados-y-acotados-2018\/\"},\"wordCount\":716,\"publisher\":{\"@id\":\"https:\/\/ffyh.unc.edu.ar\/ciffyh\/#organization\"},\"image\":{\"@id\":\"https:\/\/ffyh.unc.edu.ar\/ciffyh\/convocatoria-para-la-presentacion-de-proyectos-de-investigacion-orientados-y-acotados-2018\/#primaryimage\"},\"thumbnailUrl\":\"https:\/\/ffyh.unc.edu.ar\/ciffyh\/wp-content\/uploads\/sites\/10\/2018\/04\/proa2018-web.jpg\",\"articleSection\":[\"Noticias\"],\"inLanguage\":\"es\"},{\"@type\":\"WebPage\",\"@id\":\"https:\/\/ffyh.unc.edu.ar\/ciffyh\/convocatoria-para-la-presentacion-de-proyectos-de-investigacion-orientados-y-acotados-2018\/\",\"url\":\"https:\/\/ffyh.unc.edu.ar\/ciffyh\/convocatoria-para-la-presentacion-de-proyectos-de-investigacion-orientados-y-acotados-2018\/\",\"name\":\"Convocatoria para la presentaci\u00f3n de Proyectos de Investigaci\u00f3n Orientados y Acotados | 2018 - Centro de Investigaciones &quot;Maria Saleme de Burnichon&quot;\",\"isPartOf\":{\"@id\":\"https:\/\/ffyh.unc.edu.ar\/ciffyh\/#website\"},\"primaryImageOfPage\":{\"@id\":\"https:\/\/ffyh.unc.edu.ar\/ciffyh\/convocatoria-para-la-presentacion-de-proyectos-de-investigacion-orientados-y-acotados-2018\/#primaryimage\"},\"image\":{\"@id\":\"https:\/\/ffyh.unc.edu.ar\/ciffyh\/convocatoria-para-la-presentacion-de-proyectos-de-investigacion-orientados-y-acotados-2018\/#primaryimage\"},\"thumbnailUrl\":\"https:\/\/ffyh.unc.edu.ar\/ciffyh\/wp-content\/uploads\/sites\/10\/2018\/04\/proa2018-web.jpg\",\"datePublished\":\"2018-07-04T19:14:51+00:00\",\"dateModified\":\"2019-04-22T14:23:50+00:00\",\"breadcrumb\":{\"@id\":\"https:\/\/ffyh.unc.edu.ar\/ciffyh\/convocatoria-para-la-presentacion-de-proyectos-de-investigacion-orientados-y-acotados-2018\/#breadcrumb\"},\"inLanguage\":\"es\",\"potentialAction\":[{\"@type\":\"ReadAction\",\"target\":[\"https:\/\/ffyh.unc.edu.ar\/ciffyh\/convocatoria-para-la-presentacion-de-proyectos-de-investigacion-orientados-y-acotados-2018\/\"]}]},{\"@type\":\"ImageObject\",\"inLanguage\":\"es\",\"@id\":\"https:\/\/ffyh.unc.edu.ar\/ciffyh\/convocatoria-para-la-presentacion-de-proyectos-de-investigacion-orientados-y-acotados-2018\/#primaryimage\",\"url\":\"https:\/\/ffyh.unc.edu.ar\/ciffyh\/wp-content\/uploads\/sites\/10\/2018\/04\/proa2018-web.jpg\",\"contentUrl\":\"https:\/\/ffyh.unc.edu.ar\/ciffyh\/wp-content\/uploads\/sites\/10\/2018\/04\/proa2018-web.jpg\",\"width\":628,\"height\":346},{\"@type\":\"BreadcrumbList\",\"@id\":\"https:\/\/ffyh.unc.edu.ar\/ciffyh\/convocatoria-para-la-presentacion-de-proyectos-de-investigacion-orientados-y-acotados-2018\/#breadcrumb\",\"itemListElement\":[{\"@type\":\"ListItem\",\"position\":1,\"name\":\"Portada\",\"item\":\"https:\/\/ffyh.unc.edu.ar\/ciffyh\/\"},{\"@type\":\"ListItem\",\"position\":2,\"name\":\"Convocatoria para la presentaci\u00f3n de Proyectos de Investigaci\u00f3n Orientados y Acotados | 2018\"}]},{\"@type\":\"WebSite\",\"@id\":\"https:\/\/ffyh.unc.edu.ar\/ciffyh\/#website\",\"url\":\"https:\/\/ffyh.unc.edu.ar\/ciffyh\/\",\"name\":\"Centro de Investigaciones \\\"Maria Saleme de Burnichon\\\"\",\"description\":\"Facultad de Filosof\u00eda y Humanidades | UNC\",\"publisher\":{\"@id\":\"https:\/\/ffyh.unc.edu.ar\/ciffyh\/#organization\"},\"potentialAction\":[{\"@type\":\"SearchAction\",\"target\":{\"@type\":\"EntryPoint\",\"urlTemplate\":\"https:\/\/ffyh.unc.edu.ar\/ciffyh\/?s={search_term_string}\"},\"query-input\":{\"@type\":\"PropertyValueSpecification\",\"valueRequired\":true,\"valueName\":\"search_term_string\"}}],\"inLanguage\":\"es\"},{\"@type\":\"Organization\",\"@id\":\"https:\/\/ffyh.unc.edu.ar\/ciffyh\/#organization\",\"name\":\"Centro de Investigaciones \\\"Maria Saleme de Burnichon\\\"\",\"url\":\"https:\/\/ffyh.unc.edu.ar\/ciffyh\/\",\"logo\":{\"@type\":\"ImageObject\",\"inLanguage\":\"es\",\"@id\":\"https:\/\/ffyh.unc.edu.ar\/ciffyh\/#\/schema\/logo\/image\/\",\"url\":\"https:\/\/ffyh.unc.edu.ar\/ciffyh\/wp-content\/uploads\/sites\/10\/2018\/02\/cropped-logo-ciffyh-ico.png\",\"contentUrl\":\"https:\/\/ffyh.unc.edu.ar\/ciffyh\/wp-content\/uploads\/sites\/10\/2018\/02\/cropped-logo-ciffyh-ico.png\",\"width\":512,\"height\":512,\"caption\":\"Centro de Investigaciones \\\"Maria Saleme de Burnichon\\\"\"},\"image\":{\"@id\":\"https:\/\/ffyh.unc.edu.ar\/ciffyh\/#\/schema\/logo\/image\/\"},\"sameAs\":[\"https:\/\/www.instagram.com\/ciffyh\/\"]},{\"@type\":\"Person\",\"@id\":\"https:\/\/ffyh.unc.edu.ar\/ciffyh\/#\/schema\/person\/e6b9f6aec95cb7437bb2fde09e23b224\",\"name\":\"\u00c1rea de Comunicaci\u00f3n - FFyH\",\"image\":{\"@type\":\"ImageObject\",\"inLanguage\":\"es\",\"@id\":\"https:\/\/ffyh.unc.edu.ar\/ciffyh\/#\/schema\/person\/image\/\",\"url\":\"https:\/\/secure.gravatar.com\/avatar\/1d896d10b19526e4cb6e972ca0f1b6719a4697e2d88742a801b88b3682d5be75?s=96&d=mm&r=g\",\"contentUrl\":\"https:\/\/secure.gravatar.com\/avatar\/1d896d10b19526e4cb6e972ca0f1b6719a4697e2d88742a801b88b3682d5be75?s=96&d=mm&r=g\",\"caption\":\"\u00c1rea de Comunicaci\u00f3n - FFyH\"},\"url\":\"https:\/\/ffyh.unc.edu.ar\/ciffyh\/author\/prensa\/\"}]}<\/script>\n<!-- \/ Yoast SEO plugin. -->","yoast_head_json":{"title":"Convocatoria para la presentaci\u00f3n de Proyectos de Investigaci\u00f3n Orientados y Acotados | 2018 - Centro de Investigaciones &quot;Maria Saleme de Burnichon&quot;","robots":{"index":"index","follow":"follow","max-snippet":"max-snippet:-1","max-image-preview":"max-image-preview:large","max-video-preview":"max-video-preview:-1"},"canonical":"https:\/\/ffyh.unc.edu.ar\/ciffyh\/convocatoria-para-la-presentacion-de-proyectos-de-investigacion-orientados-y-acotados-2018\/","og_locale":"es_ES","og_type":"article","og_title":"Convocatoria para la presentaci\u00f3n de Proyectos de Investigaci\u00f3n Orientados y Acotados | 2018 - Centro de Investigaciones &quot;Maria Saleme de Burnichon&quot;","og_description":"Estar\u00e1 abierta del 11 de junio al 27 de julio de 2018 y tiene como objetivo estimular la investigaci\u00f3n en","og_url":"https:\/\/ffyh.unc.edu.ar\/ciffyh\/convocatoria-para-la-presentacion-de-proyectos-de-investigacion-orientados-y-acotados-2018\/","og_site_name":"Centro de Investigaciones &quot;Maria Saleme de Burnichon&quot;","article_published_time":"2018-07-04T19:14:51+00:00","article_modified_time":"2019-04-22T14:23:50+00:00","og_image":[{"width":628,"height":346,"url":"https:\/\/ffyh.unc.edu.ar\/ciffyh\/wp-content\/uploads\/sites\/10\/2018\/04\/proa2018-web.jpg","type":"image\/jpeg"}],"author":"\u00c1rea de Comunicaci\u00f3n - FFyH","twitter_card":"summary_large_image","twitter_misc":{"Escrito por":false,"Tiempo de lectura":"4 minutos"},"schema":{"@context":"https:\/\/schema.org","@graph":[{"@type":"Article","@id":"https:\/\/ffyh.unc.edu.ar\/ciffyh\/convocatoria-para-la-presentacion-de-proyectos-de-investigacion-orientados-y-acotados-2018\/#article","isPartOf":{"@id":"https:\/\/ffyh.unc.edu.ar\/ciffyh\/convocatoria-para-la-presentacion-de-proyectos-de-investigacion-orientados-y-acotados-2018\/"},"author":{"name":"\u00c1rea de Comunicaci\u00f3n - FFyH","@id":"https:\/\/ffyh.unc.edu.ar\/ciffyh\/#\/schema\/person\/e6b9f6aec95cb7437bb2fde09e23b224"},"headline":"Convocatoria para la presentaci\u00f3n de Proyectos de Investigaci\u00f3n Orientados y Acotados | 2018","datePublished":"2018-07-04T19:14:51+00:00","dateModified":"2019-04-22T14:23:50+00:00","mainEntityOfPage":{"@id":"https:\/\/ffyh.unc.edu.ar\/ciffyh\/convocatoria-para-la-presentacion-de-proyectos-de-investigacion-orientados-y-acotados-2018\/"},"wordCount":716,"publisher":{"@id":"https:\/\/ffyh.unc.edu.ar\/ciffyh\/#organization"},"image":{"@id":"https:\/\/ffyh.unc.edu.ar\/ciffyh\/convocatoria-para-la-presentacion-de-proyectos-de-investigacion-orientados-y-acotados-2018\/#primaryimage"},"thumbnailUrl":"https:\/\/ffyh.unc.edu.ar\/ciffyh\/wp-content\/uploads\/sites\/10\/2018\/04\/proa2018-web.jpg","articleSection":["Noticias"],"inLanguage":"es"},{"@type":"WebPage","@id":"https:\/\/ffyh.unc.edu.ar\/ciffyh\/convocatoria-para-la-presentacion-de-proyectos-de-investigacion-orientados-y-acotados-2018\/","url":"https:\/\/ffyh.unc.edu.ar\/ciffyh\/convocatoria-para-la-presentacion-de-proyectos-de-investigacion-orientados-y-acotados-2018\/","name":"Convocatoria para la presentaci\u00f3n de Proyectos de Investigaci\u00f3n Orientados y Acotados | 2018 - Centro de Investigaciones &quot;Maria Saleme de Burnichon&quot;","isPartOf":{"@id":"https:\/\/ffyh.unc.edu.ar\/ciffyh\/#website"},"primaryImageOfPage":{"@id":"https:\/\/ffyh.unc.edu.ar\/ciffyh\/convocatoria-para-la-presentacion-de-proyectos-de-investigacion-orientados-y-acotados-2018\/#primaryimage"},"image":{"@id":"https:\/\/ffyh.unc.edu.ar\/ciffyh\/convocatoria-para-la-presentacion-de-proyectos-de-investigacion-orientados-y-acotados-2018\/#primaryimage"},"thumbnailUrl":"https:\/\/ffyh.unc.edu.ar\/ciffyh\/wp-content\/uploads\/sites\/10\/2018\/04\/proa2018-web.jpg","datePublished":"2018-07-04T19:14:51+00:00","dateModified":"2019-04-22T14:23:50+00:00","breadcrumb":{"@id":"https:\/\/ffyh.unc.edu.ar\/ciffyh\/convocatoria-para-la-presentacion-de-proyectos-de-investigacion-orientados-y-acotados-2018\/#breadcrumb"},"inLanguage":"es","potentialAction":[{"@type":"ReadAction","target":["https:\/\/ffyh.unc.edu.ar\/ciffyh\/convocatoria-para-la-presentacion-de-proyectos-de-investigacion-orientados-y-acotados-2018\/"]}]},{"@type":"ImageObject","inLanguage":"es","@id":"https:\/\/ffyh.unc.edu.ar\/ciffyh\/convocatoria-para-la-presentacion-de-proyectos-de-investigacion-orientados-y-acotados-2018\/#primaryimage","url":"https:\/\/ffyh.unc.edu.ar\/ciffyh\/wp-content\/uploads\/sites\/10\/2018\/04\/proa2018-web.jpg","contentUrl":"https:\/\/ffyh.unc.edu.ar\/ciffyh\/wp-content\/uploads\/sites\/10\/2018\/04\/proa2018-web.jpg","width":628,"height":346},{"@type":"BreadcrumbList","@id":"https:\/\/ffyh.unc.edu.ar\/ciffyh\/convocatoria-para-la-presentacion-de-proyectos-de-investigacion-orientados-y-acotados-2018\/#breadcrumb","itemListElement":[{"@type":"ListItem","position":1,"name":"Portada","item":"https:\/\/ffyh.unc.edu.ar\/ciffyh\/"},{"@type":"ListItem","position":2,"name":"Convocatoria para la presentaci\u00f3n de Proyectos de Investigaci\u00f3n Orientados y Acotados | 2018"}]},{"@type":"WebSite","@id":"https:\/\/ffyh.unc.edu.ar\/ciffyh\/#website","url":"https:\/\/ffyh.unc.edu.ar\/ciffyh\/","name":"Centro de Investigaciones \"Maria Saleme de Burnichon\"","description":"Facultad de Filosof\u00eda y Humanidades | UNC","publisher":{"@id":"https:\/\/ffyh.unc.edu.ar\/ciffyh\/#organization"},"potentialAction":[{"@type":"SearchAction","target":{"@type":"EntryPoint","urlTemplate":"https:\/\/ffyh.unc.edu.ar\/ciffyh\/?s={search_term_string}"},"query-input":{"@type":"PropertyValueSpecification","valueRequired":true,"valueName":"search_term_string"}}],"inLanguage":"es"},{"@type":"Organization","@id":"https:\/\/ffyh.unc.edu.ar\/ciffyh\/#organization","name":"Centro de Investigaciones \"Maria Saleme de Burnichon\"","url":"https:\/\/ffyh.unc.edu.ar\/ciffyh\/","logo":{"@type":"ImageObject","inLanguage":"es","@id":"https:\/\/ffyh.unc.edu.ar\/ciffyh\/#\/schema\/logo\/image\/","url":"https:\/\/ffyh.unc.edu.ar\/ciffyh\/wp-content\/uploads\/sites\/10\/2018\/02\/cropped-logo-ciffyh-ico.png","contentUrl":"https:\/\/ffyh.unc.edu.ar\/ciffyh\/wp-content\/uploads\/sites\/10\/2018\/02\/cropped-logo-ciffyh-ico.png","width":512,"height":512,"caption":"Centro de Investigaciones \"Maria Saleme de Burnichon\""},"image":{"@id":"https:\/\/ffyh.unc.edu.ar\/ciffyh\/#\/schema\/logo\/image\/"},"sameAs":["https:\/\/www.instagram.com\/ciffyh\/"]},{"@type":"Person","@id":"https:\/\/ffyh.unc.edu.ar\/ciffyh\/#\/schema\/person\/e6b9f6aec95cb7437bb2fde09e23b224","name":"\u00c1rea de Comunicaci\u00f3n - FFyH","image":{"@type":"ImageObject","inLanguage":"es","@id":"https:\/\/ffyh.unc.edu.ar\/ciffyh\/#\/schema\/person\/image\/","url":"https:\/\/secure.gravatar.com\/avatar\/1d896d10b19526e4cb6e972ca0f1b6719a4697e2d88742a801b88b3682d5be75?s=96&d=mm&r=g","contentUrl":"https:\/\/secure.gravatar.com\/avatar\/1d896d10b19526e4cb6e972ca0f1b6719a4697e2d88742a801b88b3682d5be75?s=96&d=mm&r=g","caption":"\u00c1rea de Comunicaci\u00f3n - FFyH"},"url":"https:\/\/ffyh.unc.edu.ar\/ciffyh\/author\/prensa\/"}]}},"jetpack_featured_media_url":"https:\/\/ffyh.unc.edu.ar\/ciffyh\/wp-content\/uploads\/sites\/10\/2018\/04\/proa2018-web.jpg","_links":{"self":[{"href":"https:\/\/ffyh.unc.edu.ar\/ciffyh\/wp-json\/wp\/v2\/posts\/3564","targetHints":{"allow":["GET"]}}],"collection":[{"href":"https:\/\/ffyh.unc.edu.ar\/ciffyh\/wp-json\/wp\/v2\/posts"}],"about":[{"href":"https:\/\/ffyh.unc.edu.ar\/ciffyh\/wp-json\/wp\/v2\/types\/post"}],"author":[{"embeddable":true,"href":"https:\/\/ffyh.unc.edu.ar\/ciffyh\/wp-json\/wp\/v2\/users\/2"}],"replies":[{"embeddable":true,"href":"https:\/\/ffyh.unc.edu.ar\/ciffyh\/wp-json\/wp\/v2\/comments?post=3564"}],"version-history":[{"count":5,"href":"https:\/\/ffyh.unc.edu.ar\/ciffyh\/wp-json\/wp\/v2\/posts\/3564\/revisions"}],"predecessor-version":[{"id":3835,"href":"https:\/\/ffyh.unc.edu.ar\/ciffyh\/wp-json\/wp\/v2\/posts\/3564\/revisions\/3835"}],"wp:featuredmedia":[{"embeddable":true,"href":"https:\/\/ffyh.unc.edu.ar\/ciffyh\/wp-json\/wp\/v2\/media\/3567"}],"wp:attachment":[{"href":"https:\/\/ffyh.unc.edu.ar\/ciffyh\/wp-json\/wp\/v2\/media?parent=3564"}],"wp:term":[{"taxonomy":"category","embeddable":true,"href":"https:\/\/ffyh.unc.edu.ar\/ciffyh\/wp-json\/wp\/v2\/categories?post=3564"},{"taxonomy":"post_tag","embeddable":true,"href":"https:\/\/ffyh.unc.edu.ar\/ciffyh\/wp-json\/wp\/v2\/tags?post=3564"}],"curies":[{"name":"wp","href":"https:\/\/api.w.org\/{rel}","templated":true}]}}