{"id":3709,"date":"2018-10-18T14:20:43","date_gmt":"2018-10-18T14:20:43","guid":{"rendered":"http:\/\/ffyh.unc.edu.ar\/ciffyh\/?p=3709"},"modified":"2019-04-22T14:21:07","modified_gmt":"2019-04-22T14:21:07","slug":"resultados-de-la-convocatoria-de-proyectos-de-investigacion-orientados-y-acotados-proa-2018","status":"publish","type":"post","link":"https:\/\/ffyh.unc.edu.ar\/ciffyh\/resultados-de-la-convocatoria-de-proyectos-de-investigacion-orientados-y-acotados-proa-2018\/","title":{"rendered":"Resultados de la Convocatoria de Proyectos de Investigaci\u00f3n Orientados y Acotados (PROA) 2018"},"content":{"rendered":"<p><strong>Entre septiembre de este a\u00f1o y agosto 2019 se financiar\u00e1n cinco proyectos interdisciplinarios, que ser\u00e1n desarrollados por dos investigadoras egresadas de la FFyH cada uno.<\/strong><\/p>\n<p><!--more--><\/p>\n<p>La Comisi\u00f3n Evaluadora de los <a href=\"https:\/\/ffyh.unc.edu.ar\/proyectos-de-investigacion\/proyectos\/areas\/proa\/\" target=\"_blank\" rel=\"noopener\">Proyectos PROA<\/a> dio a conocer los proyectos que resultaron beneficiados. Entre los trabajos presentados a la \u00faltima convocatoria\u00a0se encuentran:<\/p>\n<ul>\n<li><strong>Recuperaci\u00f3n de fuentes sindicales y de organizaciones populares para la construcci\u00f3n del pasado reciente de C\u00f3rdoba. <\/strong>Camila Sapp y Silvia Ver\u00f3n.<\/li>\n<\/ul>\n<p>Se propone la \u201cpreservaci\u00f3n patrimonial\u201d de producciones gr\u00e1ficas con el objetivo resguardar la memoria de las organizaciones populares y sindicales de C\u00f3rdoba, para contribuir a la reflexi\u00f3n historiogr\u00e1fica a trav\u00e9s del estudio de las inter-conexiones existentes entre las organizaciones objeto de estudio durante un lapso temporal amplio, que comprende desde la salida de la \u00faltima dictadura c\u00edvico-militar hasta inicios del siglo XXI.<\/p>\n<ul>\n<li><strong>Reducci\u00f3n de riesgos y da\u00f1os. Aporte para una cartograf\u00eda social del movimiento por la reforma de las pol\u00edticas de drogas en Argentina.<\/strong> Mar\u00eda Cecilia D\u00edaz y Sofia Pan\u00e1.<\/li>\n<\/ul>\n<p>Propone realizar una cartograf\u00eda social del paradigma de reducci\u00f3n de riesgos y da\u00f1os en Argentina entre mediados de la d\u00e9cada de 1990 y comienzos del siglo XXI, a trav\u00e9s de una investigaci\u00f3n que procurar\u00e1 mostrar su historia, su configuraci\u00f3n socioespacial y sus din\u00e1micas en un mapa elaborado de manera colectiva con los actores consultados.<\/p>\n<ul>\n<li><strong>Integraci\u00f3n de estudiantes con discapacidad en escuelas comunes. Educaci\u00f3n y antropolog\u00eda de las gestiones gubernamentales en la C\u00f3rdoba contempor\u00e1nea.<\/strong> Macarena Bl\u00e1zquez y Valentina Vilchez.<\/li>\n<\/ul>\n<p>&nbsp;<\/p>\n<ul>\n<li><strong>Producciones culturales y resistencias sociales: repetici\u00f3n y novedad en The Handmaid\u2019s Tale<\/strong>. Constanza Filloy y Agustina Ruiz Bellingeri.<\/li>\n<\/ul>\n<p>Las producciones ficcionales contienen huellas de procesos sociales que alientan nuevos modos de an\u00e1lisis hist\u00f3rico y social. Por eso realizaron una selecci\u00f3n a partir de la relevancia que atribuyen a una producci\u00f3n audiovisual ficcional y su relaci\u00f3n con su contexto de producci\u00f3n: The Handmaids Tale. El estudio de esta serie resulta significativo en t\u00e9rminos sociales debido a su masividad y a que ha sido parte de la agenda p\u00fablica de los medios de comunicaci\u00f3n.<\/p>\n<ul>\n<li><strong>La biblioteca popular V\u00e9lez Sarsfield como espacio de circulaci\u00f3n y promoci\u00f3n de la cultura local en C\u00f3rdoba a principios del siglo XX. <\/strong>Paulina Iglesias y Sof\u00eda Pellici.<\/li>\n<\/ul>\n<p>Este proyecto est\u00e1 centrado en una reconstrucci\u00f3n y an\u00e1lisis de las pr\u00e1cticas culturales llevadas a cabo en la Biblioteca Popular V\u00e9lez Sarsfield durante sus primeros veinticinco a\u00f1os de vida (1909-1934): conferencias, talleres, campeonatos de f\u00fatbol y ajedrez, conciertos, exposiciones de arte, funciones de cine al aire libre, actividades de fomento a la lectura y otro tipo de vinculaciones con la comunidad. Se pretende, a trav\u00e9s de ello, reconstruir el lugar de esta instituci\u00f3n como patrimonio hist\u00f3rico cultural y ponderar su rol como un espacio significativo de la cultura barrial y local a principios del siglo XX.<\/p>\n<p>Cabe destacar que en esta convocatoria iban a ser financiados cuatro proyectos, pero en funci\u00f3n de la cantidad de propuestas presentadas (13), las autoridades decanales de la Facultad accedieron a sumar uno m\u00e1s.<\/p>\n<p>Los PROA tienen como objetivo estimular la investigaci\u00f3n en tem\u00e1ticas espec\u00edficas, que sean consideradas de inter\u00e9s por la comunidad del Centro de Investigaciones de la FFyH.<\/p>\n","protected":false},"excerpt":{"rendered":"<p>Entre septiembre de este a\u00f1o y agosto 2019 se financiar\u00e1n cinco proyectos interdisciplinarios, que ser\u00e1n desarrollados por dos investigadoras egresadas<\/p>\n","protected":false},"author":2,"featured_media":3567,"comment_status":"closed","ping_status":"closed","sticky":false,"template":"","format":"standard","meta":{"_acf_changed":false,"colormag_page_container_layout":"default_layout","colormag_page_sidebar_layout":"default_layout","footnotes":""},"categories":[8],"tags":[],"class_list":["post-3709","post","type-post","status-publish","format-standard","has-post-thumbnail","hentry","category-noticias"],"acf":[],"yoast_head":"<!-- This site is optimized with the Yoast SEO plugin v27.1.1 - https:\/\/yoast.com\/product\/yoast-seo-wordpress\/ -->\n<title>Resultados de la Convocatoria de Proyectos de Investigaci\u00f3n Orientados y Acotados (PROA) 2018 - Centro de Investigaciones &quot;Maria Saleme de Burnichon&quot;<\/title>\n<meta name=\"robots\" content=\"index, follow, max-snippet:-1, max-image-preview:large, max-video-preview:-1\" \/>\n<link rel=\"canonical\" href=\"https:\/\/ffyh.unc.edu.ar\/ciffyh\/resultados-de-la-convocatoria-de-proyectos-de-investigacion-orientados-y-acotados-proa-2018\/\" \/>\n<meta property=\"og:locale\" content=\"es_ES\" \/>\n<meta property=\"og:type\" content=\"article\" \/>\n<meta property=\"og:title\" content=\"Resultados de la Convocatoria de Proyectos de Investigaci\u00f3n Orientados y Acotados (PROA) 2018 - Centro de Investigaciones &quot;Maria Saleme de Burnichon&quot;\" \/>\n<meta property=\"og:description\" content=\"Entre septiembre de este a\u00f1o y agosto 2019 se financiar\u00e1n cinco proyectos interdisciplinarios, que ser\u00e1n desarrollados por dos investigadoras egresadas\" \/>\n<meta property=\"og:url\" content=\"https:\/\/ffyh.unc.edu.ar\/ciffyh\/resultados-de-la-convocatoria-de-proyectos-de-investigacion-orientados-y-acotados-proa-2018\/\" \/>\n<meta property=\"og:site_name\" content=\"Centro de Investigaciones &quot;Maria Saleme de Burnichon&quot;\" \/>\n<meta property=\"article:published_time\" content=\"2018-10-18T14:20:43+00:00\" \/>\n<meta property=\"article:modified_time\" content=\"2019-04-22T14:21:07+00:00\" \/>\n<meta property=\"og:image\" content=\"https:\/\/ffyh.unc.edu.ar\/ciffyh\/wp-content\/uploads\/sites\/10\/2018\/04\/proa2018-web.jpg\" \/>\n\t<meta property=\"og:image:width\" content=\"628\" \/>\n\t<meta property=\"og:image:height\" content=\"346\" \/>\n\t<meta property=\"og:image:type\" content=\"image\/jpeg\" \/>\n<meta name=\"author\" content=\"\u00c1rea de Comunicaci\u00f3n - FFyH\" \/>\n<meta name=\"twitter:card\" content=\"summary_large_image\" \/>\n<meta name=\"twitter:label1\" content=\"Escrito por\" \/>\n\t<meta name=\"twitter:data1\" content=\"\" \/>\n\t<meta name=\"twitter:label2\" content=\"Tiempo de lectura\" \/>\n\t<meta name=\"twitter:data2\" content=\"3 minutos\" \/>\n<script type=\"application\/ld+json\" class=\"yoast-schema-graph\">{\"@context\":\"https:\/\/schema.org\",\"@graph\":[{\"@type\":\"Article\",\"@id\":\"https:\/\/ffyh.unc.edu.ar\/ciffyh\/resultados-de-la-convocatoria-de-proyectos-de-investigacion-orientados-y-acotados-proa-2018\/#article\",\"isPartOf\":{\"@id\":\"https:\/\/ffyh.unc.edu.ar\/ciffyh\/resultados-de-la-convocatoria-de-proyectos-de-investigacion-orientados-y-acotados-proa-2018\/\"},\"author\":{\"name\":\"\u00c1rea de Comunicaci\u00f3n - FFyH\",\"@id\":\"https:\/\/ffyh.unc.edu.ar\/ciffyh\/#\/schema\/person\/e6b9f6aec95cb7437bb2fde09e23b224\"},\"headline\":\"Resultados de la Convocatoria de Proyectos de Investigaci\u00f3n Orientados y Acotados (PROA) 2018\",\"datePublished\":\"2018-10-18T14:20:43+00:00\",\"dateModified\":\"2019-04-22T14:21:07+00:00\",\"mainEntityOfPage\":{\"@id\":\"https:\/\/ffyh.unc.edu.ar\/ciffyh\/resultados-de-la-convocatoria-de-proyectos-de-investigacion-orientados-y-acotados-proa-2018\/\"},\"wordCount\":590,\"publisher\":{\"@id\":\"https:\/\/ffyh.unc.edu.ar\/ciffyh\/#organization\"},\"image\":{\"@id\":\"https:\/\/ffyh.unc.edu.ar\/ciffyh\/resultados-de-la-convocatoria-de-proyectos-de-investigacion-orientados-y-acotados-proa-2018\/#primaryimage\"},\"thumbnailUrl\":\"https:\/\/ffyh.unc.edu.ar\/ciffyh\/wp-content\/uploads\/sites\/10\/2018\/04\/proa2018-web.jpg\",\"articleSection\":[\"Noticias\"],\"inLanguage\":\"es\"},{\"@type\":\"WebPage\",\"@id\":\"https:\/\/ffyh.unc.edu.ar\/ciffyh\/resultados-de-la-convocatoria-de-proyectos-de-investigacion-orientados-y-acotados-proa-2018\/\",\"url\":\"https:\/\/ffyh.unc.edu.ar\/ciffyh\/resultados-de-la-convocatoria-de-proyectos-de-investigacion-orientados-y-acotados-proa-2018\/\",\"name\":\"Resultados de la Convocatoria de Proyectos de Investigaci\u00f3n Orientados y Acotados (PROA) 2018 - Centro de Investigaciones &quot;Maria Saleme de Burnichon&quot;\",\"isPartOf\":{\"@id\":\"https:\/\/ffyh.unc.edu.ar\/ciffyh\/#website\"},\"primaryImageOfPage\":{\"@id\":\"https:\/\/ffyh.unc.edu.ar\/ciffyh\/resultados-de-la-convocatoria-de-proyectos-de-investigacion-orientados-y-acotados-proa-2018\/#primaryimage\"},\"image\":{\"@id\":\"https:\/\/ffyh.unc.edu.ar\/ciffyh\/resultados-de-la-convocatoria-de-proyectos-de-investigacion-orientados-y-acotados-proa-2018\/#primaryimage\"},\"thumbnailUrl\":\"https:\/\/ffyh.unc.edu.ar\/ciffyh\/wp-content\/uploads\/sites\/10\/2018\/04\/proa2018-web.jpg\",\"datePublished\":\"2018-10-18T14:20:43+00:00\",\"dateModified\":\"2019-04-22T14:21:07+00:00\",\"breadcrumb\":{\"@id\":\"https:\/\/ffyh.unc.edu.ar\/ciffyh\/resultados-de-la-convocatoria-de-proyectos-de-investigacion-orientados-y-acotados-proa-2018\/#breadcrumb\"},\"inLanguage\":\"es\",\"potentialAction\":[{\"@type\":\"ReadAction\",\"target\":[\"https:\/\/ffyh.unc.edu.ar\/ciffyh\/resultados-de-la-convocatoria-de-proyectos-de-investigacion-orientados-y-acotados-proa-2018\/\"]}]},{\"@type\":\"ImageObject\",\"inLanguage\":\"es\",\"@id\":\"https:\/\/ffyh.unc.edu.ar\/ciffyh\/resultados-de-la-convocatoria-de-proyectos-de-investigacion-orientados-y-acotados-proa-2018\/#primaryimage\",\"url\":\"https:\/\/ffyh.unc.edu.ar\/ciffyh\/wp-content\/uploads\/sites\/10\/2018\/04\/proa2018-web.jpg\",\"contentUrl\":\"https:\/\/ffyh.unc.edu.ar\/ciffyh\/wp-content\/uploads\/sites\/10\/2018\/04\/proa2018-web.jpg\",\"width\":628,\"height\":346},{\"@type\":\"BreadcrumbList\",\"@id\":\"https:\/\/ffyh.unc.edu.ar\/ciffyh\/resultados-de-la-convocatoria-de-proyectos-de-investigacion-orientados-y-acotados-proa-2018\/#breadcrumb\",\"itemListElement\":[{\"@type\":\"ListItem\",\"position\":1,\"name\":\"Portada\",\"item\":\"https:\/\/ffyh.unc.edu.ar\/ciffyh\/\"},{\"@type\":\"ListItem\",\"position\":2,\"name\":\"Resultados de la Convocatoria de Proyectos de Investigaci\u00f3n Orientados y Acotados (PROA) 2018\"}]},{\"@type\":\"WebSite\",\"@id\":\"https:\/\/ffyh.unc.edu.ar\/ciffyh\/#website\",\"url\":\"https:\/\/ffyh.unc.edu.ar\/ciffyh\/\",\"name\":\"Centro de Investigaciones \\\"Maria Saleme de Burnichon\\\"\",\"description\":\"Facultad de Filosof\u00eda y Humanidades | UNC\",\"publisher\":{\"@id\":\"https:\/\/ffyh.unc.edu.ar\/ciffyh\/#organization\"},\"potentialAction\":[{\"@type\":\"SearchAction\",\"target\":{\"@type\":\"EntryPoint\",\"urlTemplate\":\"https:\/\/ffyh.unc.edu.ar\/ciffyh\/?s={search_term_string}\"},\"query-input\":{\"@type\":\"PropertyValueSpecification\",\"valueRequired\":true,\"valueName\":\"search_term_string\"}}],\"inLanguage\":\"es\"},{\"@type\":\"Organization\",\"@id\":\"https:\/\/ffyh.unc.edu.ar\/ciffyh\/#organization\",\"name\":\"Centro de Investigaciones \\\"Maria Saleme de Burnichon\\\"\",\"url\":\"https:\/\/ffyh.unc.edu.ar\/ciffyh\/\",\"logo\":{\"@type\":\"ImageObject\",\"inLanguage\":\"es\",\"@id\":\"https:\/\/ffyh.unc.edu.ar\/ciffyh\/#\/schema\/logo\/image\/\",\"url\":\"https:\/\/ffyh.unc.edu.ar\/ciffyh\/wp-content\/uploads\/sites\/10\/2018\/02\/cropped-logo-ciffyh-ico.png\",\"contentUrl\":\"https:\/\/ffyh.unc.edu.ar\/ciffyh\/wp-content\/uploads\/sites\/10\/2018\/02\/cropped-logo-ciffyh-ico.png\",\"width\":512,\"height\":512,\"caption\":\"Centro de Investigaciones \\\"Maria Saleme de Burnichon\\\"\"},\"image\":{\"@id\":\"https:\/\/ffyh.unc.edu.ar\/ciffyh\/#\/schema\/logo\/image\/\"},\"sameAs\":[\"https:\/\/www.instagram.com\/ciffyh\/\"]},{\"@type\":\"Person\",\"@id\":\"https:\/\/ffyh.unc.edu.ar\/ciffyh\/#\/schema\/person\/e6b9f6aec95cb7437bb2fde09e23b224\",\"name\":\"\u00c1rea de Comunicaci\u00f3n - FFyH\",\"image\":{\"@type\":\"ImageObject\",\"inLanguage\":\"es\",\"@id\":\"https:\/\/ffyh.unc.edu.ar\/ciffyh\/#\/schema\/person\/image\/\",\"url\":\"https:\/\/secure.gravatar.com\/avatar\/1d896d10b19526e4cb6e972ca0f1b6719a4697e2d88742a801b88b3682d5be75?s=96&d=mm&r=g\",\"contentUrl\":\"https:\/\/secure.gravatar.com\/avatar\/1d896d10b19526e4cb6e972ca0f1b6719a4697e2d88742a801b88b3682d5be75?s=96&d=mm&r=g\",\"caption\":\"\u00c1rea de Comunicaci\u00f3n - FFyH\"},\"url\":\"https:\/\/ffyh.unc.edu.ar\/ciffyh\/author\/prensa\/\"}]}<\/script>\n<!-- \/ Yoast SEO plugin. -->","yoast_head_json":{"title":"Resultados de la Convocatoria de Proyectos de Investigaci\u00f3n Orientados y Acotados (PROA) 2018 - Centro de Investigaciones &quot;Maria Saleme de Burnichon&quot;","robots":{"index":"index","follow":"follow","max-snippet":"max-snippet:-1","max-image-preview":"max-image-preview:large","max-video-preview":"max-video-preview:-1"},"canonical":"https:\/\/ffyh.unc.edu.ar\/ciffyh\/resultados-de-la-convocatoria-de-proyectos-de-investigacion-orientados-y-acotados-proa-2018\/","og_locale":"es_ES","og_type":"article","og_title":"Resultados de la Convocatoria de Proyectos de Investigaci\u00f3n Orientados y Acotados (PROA) 2018 - Centro de Investigaciones &quot;Maria Saleme de Burnichon&quot;","og_description":"Entre septiembre de este a\u00f1o y agosto 2019 se financiar\u00e1n cinco proyectos interdisciplinarios, que ser\u00e1n desarrollados por dos investigadoras egresadas","og_url":"https:\/\/ffyh.unc.edu.ar\/ciffyh\/resultados-de-la-convocatoria-de-proyectos-de-investigacion-orientados-y-acotados-proa-2018\/","og_site_name":"Centro de Investigaciones &quot;Maria Saleme de Burnichon&quot;","article_published_time":"2018-10-18T14:20:43+00:00","article_modified_time":"2019-04-22T14:21:07+00:00","og_image":[{"width":628,"height":346,"url":"https:\/\/ffyh.unc.edu.ar\/ciffyh\/wp-content\/uploads\/sites\/10\/2018\/04\/proa2018-web.jpg","type":"image\/jpeg"}],"author":"\u00c1rea de Comunicaci\u00f3n - FFyH","twitter_card":"summary_large_image","twitter_misc":{"Escrito por":false,"Tiempo de lectura":"3 minutos"},"schema":{"@context":"https:\/\/schema.org","@graph":[{"@type":"Article","@id":"https:\/\/ffyh.unc.edu.ar\/ciffyh\/resultados-de-la-convocatoria-de-proyectos-de-investigacion-orientados-y-acotados-proa-2018\/#article","isPartOf":{"@id":"https:\/\/ffyh.unc.edu.ar\/ciffyh\/resultados-de-la-convocatoria-de-proyectos-de-investigacion-orientados-y-acotados-proa-2018\/"},"author":{"name":"\u00c1rea de Comunicaci\u00f3n - FFyH","@id":"https:\/\/ffyh.unc.edu.ar\/ciffyh\/#\/schema\/person\/e6b9f6aec95cb7437bb2fde09e23b224"},"headline":"Resultados de la Convocatoria de Proyectos de Investigaci\u00f3n Orientados y Acotados (PROA) 2018","datePublished":"2018-10-18T14:20:43+00:00","dateModified":"2019-04-22T14:21:07+00:00","mainEntityOfPage":{"@id":"https:\/\/ffyh.unc.edu.ar\/ciffyh\/resultados-de-la-convocatoria-de-proyectos-de-investigacion-orientados-y-acotados-proa-2018\/"},"wordCount":590,"publisher":{"@id":"https:\/\/ffyh.unc.edu.ar\/ciffyh\/#organization"},"image":{"@id":"https:\/\/ffyh.unc.edu.ar\/ciffyh\/resultados-de-la-convocatoria-de-proyectos-de-investigacion-orientados-y-acotados-proa-2018\/#primaryimage"},"thumbnailUrl":"https:\/\/ffyh.unc.edu.ar\/ciffyh\/wp-content\/uploads\/sites\/10\/2018\/04\/proa2018-web.jpg","articleSection":["Noticias"],"inLanguage":"es"},{"@type":"WebPage","@id":"https:\/\/ffyh.unc.edu.ar\/ciffyh\/resultados-de-la-convocatoria-de-proyectos-de-investigacion-orientados-y-acotados-proa-2018\/","url":"https:\/\/ffyh.unc.edu.ar\/ciffyh\/resultados-de-la-convocatoria-de-proyectos-de-investigacion-orientados-y-acotados-proa-2018\/","name":"Resultados de la Convocatoria de Proyectos de Investigaci\u00f3n Orientados y Acotados (PROA) 2018 - Centro de Investigaciones &quot;Maria Saleme de Burnichon&quot;","isPartOf":{"@id":"https:\/\/ffyh.unc.edu.ar\/ciffyh\/#website"},"primaryImageOfPage":{"@id":"https:\/\/ffyh.unc.edu.ar\/ciffyh\/resultados-de-la-convocatoria-de-proyectos-de-investigacion-orientados-y-acotados-proa-2018\/#primaryimage"},"image":{"@id":"https:\/\/ffyh.unc.edu.ar\/ciffyh\/resultados-de-la-convocatoria-de-proyectos-de-investigacion-orientados-y-acotados-proa-2018\/#primaryimage"},"thumbnailUrl":"https:\/\/ffyh.unc.edu.ar\/ciffyh\/wp-content\/uploads\/sites\/10\/2018\/04\/proa2018-web.jpg","datePublished":"2018-10-18T14:20:43+00:00","dateModified":"2019-04-22T14:21:07+00:00","breadcrumb":{"@id":"https:\/\/ffyh.unc.edu.ar\/ciffyh\/resultados-de-la-convocatoria-de-proyectos-de-investigacion-orientados-y-acotados-proa-2018\/#breadcrumb"},"inLanguage":"es","potentialAction":[{"@type":"ReadAction","target":["https:\/\/ffyh.unc.edu.ar\/ciffyh\/resultados-de-la-convocatoria-de-proyectos-de-investigacion-orientados-y-acotados-proa-2018\/"]}]},{"@type":"ImageObject","inLanguage":"es","@id":"https:\/\/ffyh.unc.edu.ar\/ciffyh\/resultados-de-la-convocatoria-de-proyectos-de-investigacion-orientados-y-acotados-proa-2018\/#primaryimage","url":"https:\/\/ffyh.unc.edu.ar\/ciffyh\/wp-content\/uploads\/sites\/10\/2018\/04\/proa2018-web.jpg","contentUrl":"https:\/\/ffyh.unc.edu.ar\/ciffyh\/wp-content\/uploads\/sites\/10\/2018\/04\/proa2018-web.jpg","width":628,"height":346},{"@type":"BreadcrumbList","@id":"https:\/\/ffyh.unc.edu.ar\/ciffyh\/resultados-de-la-convocatoria-de-proyectos-de-investigacion-orientados-y-acotados-proa-2018\/#breadcrumb","itemListElement":[{"@type":"ListItem","position":1,"name":"Portada","item":"https:\/\/ffyh.unc.edu.ar\/ciffyh\/"},{"@type":"ListItem","position":2,"name":"Resultados de la Convocatoria de Proyectos de Investigaci\u00f3n Orientados y Acotados (PROA) 2018"}]},{"@type":"WebSite","@id":"https:\/\/ffyh.unc.edu.ar\/ciffyh\/#website","url":"https:\/\/ffyh.unc.edu.ar\/ciffyh\/","name":"Centro de Investigaciones \"Maria Saleme de Burnichon\"","description":"Facultad de Filosof\u00eda y Humanidades | UNC","publisher":{"@id":"https:\/\/ffyh.unc.edu.ar\/ciffyh\/#organization"},"potentialAction":[{"@type":"SearchAction","target":{"@type":"EntryPoint","urlTemplate":"https:\/\/ffyh.unc.edu.ar\/ciffyh\/?s={search_term_string}"},"query-input":{"@type":"PropertyValueSpecification","valueRequired":true,"valueName":"search_term_string"}}],"inLanguage":"es"},{"@type":"Organization","@id":"https:\/\/ffyh.unc.edu.ar\/ciffyh\/#organization","name":"Centro de Investigaciones \"Maria Saleme de Burnichon\"","url":"https:\/\/ffyh.unc.edu.ar\/ciffyh\/","logo":{"@type":"ImageObject","inLanguage":"es","@id":"https:\/\/ffyh.unc.edu.ar\/ciffyh\/#\/schema\/logo\/image\/","url":"https:\/\/ffyh.unc.edu.ar\/ciffyh\/wp-content\/uploads\/sites\/10\/2018\/02\/cropped-logo-ciffyh-ico.png","contentUrl":"https:\/\/ffyh.unc.edu.ar\/ciffyh\/wp-content\/uploads\/sites\/10\/2018\/02\/cropped-logo-ciffyh-ico.png","width":512,"height":512,"caption":"Centro de Investigaciones \"Maria Saleme de Burnichon\""},"image":{"@id":"https:\/\/ffyh.unc.edu.ar\/ciffyh\/#\/schema\/logo\/image\/"},"sameAs":["https:\/\/www.instagram.com\/ciffyh\/"]},{"@type":"Person","@id":"https:\/\/ffyh.unc.edu.ar\/ciffyh\/#\/schema\/person\/e6b9f6aec95cb7437bb2fde09e23b224","name":"\u00c1rea de Comunicaci\u00f3n - FFyH","image":{"@type":"ImageObject","inLanguage":"es","@id":"https:\/\/ffyh.unc.edu.ar\/ciffyh\/#\/schema\/person\/image\/","url":"https:\/\/secure.gravatar.com\/avatar\/1d896d10b19526e4cb6e972ca0f1b6719a4697e2d88742a801b88b3682d5be75?s=96&d=mm&r=g","contentUrl":"https:\/\/secure.gravatar.com\/avatar\/1d896d10b19526e4cb6e972ca0f1b6719a4697e2d88742a801b88b3682d5be75?s=96&d=mm&r=g","caption":"\u00c1rea de Comunicaci\u00f3n - FFyH"},"url":"https:\/\/ffyh.unc.edu.ar\/ciffyh\/author\/prensa\/"}]}},"jetpack_featured_media_url":"https:\/\/ffyh.unc.edu.ar\/ciffyh\/wp-content\/uploads\/sites\/10\/2018\/04\/proa2018-web.jpg","_links":{"self":[{"href":"https:\/\/ffyh.unc.edu.ar\/ciffyh\/wp-json\/wp\/v2\/posts\/3709","targetHints":{"allow":["GET"]}}],"collection":[{"href":"https:\/\/ffyh.unc.edu.ar\/ciffyh\/wp-json\/wp\/v2\/posts"}],"about":[{"href":"https:\/\/ffyh.unc.edu.ar\/ciffyh\/wp-json\/wp\/v2\/types\/post"}],"author":[{"embeddable":true,"href":"https:\/\/ffyh.unc.edu.ar\/ciffyh\/wp-json\/wp\/v2\/users\/2"}],"replies":[{"embeddable":true,"href":"https:\/\/ffyh.unc.edu.ar\/ciffyh\/wp-json\/wp\/v2\/comments?post=3709"}],"version-history":[{"count":4,"href":"https:\/\/ffyh.unc.edu.ar\/ciffyh\/wp-json\/wp\/v2\/posts\/3709\/revisions"}],"predecessor-version":[{"id":3830,"href":"https:\/\/ffyh.unc.edu.ar\/ciffyh\/wp-json\/wp\/v2\/posts\/3709\/revisions\/3830"}],"wp:featuredmedia":[{"embeddable":true,"href":"https:\/\/ffyh.unc.edu.ar\/ciffyh\/wp-json\/wp\/v2\/media\/3567"}],"wp:attachment":[{"href":"https:\/\/ffyh.unc.edu.ar\/ciffyh\/wp-json\/wp\/v2\/media?parent=3709"}],"wp:term":[{"taxonomy":"category","embeddable":true,"href":"https:\/\/ffyh.unc.edu.ar\/ciffyh\/wp-json\/wp\/v2\/categories?post=3709"},{"taxonomy":"post_tag","embeddable":true,"href":"https:\/\/ffyh.unc.edu.ar\/ciffyh\/wp-json\/wp\/v2\/tags?post=3709"}],"curies":[{"name":"wp","href":"https:\/\/api.w.org\/{rel}","templated":true}]}}