{"id":3922,"date":"2019-09-05T13:15:45","date_gmt":"2019-09-05T13:15:45","guid":{"rendered":"http:\/\/ffyh.unc.edu.ar\/ciffyh\/?p=3922"},"modified":"2019-09-20T16:06:58","modified_gmt":"2019-09-20T16:06:58","slug":"i-jornadas-de-erotismo-deseo-y-generos-en-la-literatura","status":"publish","type":"post","link":"https:\/\/ffyh.unc.edu.ar\/ciffyh\/i-jornadas-de-erotismo-deseo-y-generos-en-la-literatura\/","title":{"rendered":"I Jornadas de Erotismo, Deseo y G\u00e9nero(s) en la Literatura"},"content":{"rendered":"<p>Del 18 al 20 de septiembre se llevar\u00e1n a cabo las <strong>I Jornadas de Erotismo, Deseo y G\u00e9nero(s) en la Literatura<\/strong>, organizadas por la Escuela de Letras, el Centro de Investigaciones y estudiantes independientes de la Facultad de Filosof\u00eda y Humanidades (UNC). Las Jornadas contar\u00e1n con expositores nacionales e internacionales \u2013investigadores, docentes, estudiantes, egresades, artistas\u2013 que participar\u00e1n de mesas de exposici\u00f3n y di\u00e1logo, paneles de invitades, conferencias.<\/p>\n<p><!--more--><\/p>\n<p>En el marco de dichas Jornadas, el mi\u00e9rcoles 18 de septiembre a las 16 en el Auditorio Hugo Ch\u00e1vez del Pabell\u00f3n Venezuela (Ciudad Universitaria), tendr\u00e1 lugar la conferencia de Alejandro Tantanian: <strong>Hamlet-M\u00e1quina Hamlet \/ William Shakespeare-Heiner M\u00fcller.Notas para una dramaturgia entre dos tiempos<\/strong>. Tantanian es director, autor, docente, actor y cantante, y se desempe\u00f1a como Director General y Art\u00edstico del TNA \/ Teatro Nacional Argentino-Teatro Cervantes. Adem\u00e1s es curador de teatro del Museo de Arte Moderno de Buenos Aires (MAMBA) y fundador, junto a Cynthia Edul, de Panorama Sur, plataforma de formaci\u00f3n e intercambio para artistas con sede en la ciudad de Buenos Aires desempe\u00f1\u00e1ndose all\u00ed como director art\u00edstico. La actividad, moderada por Laura Fobbio, es libre y gratuita, y se entregar\u00e1n certificados virtuales de asistencia a quienes se inscriban previamente en el siguiente formulario: <a href=\"https:\/\/l.facebook.com\/l.php?u=https%3A%2F%2Fbit.ly%2F2kB28Tf%3Ffbclid%3DIwAR3enA99Ynfe8sWCOZhXCKy1t8WQ-xWnTR7di2dD8sShwCNzf-XY2W8Y83g&amp;h=AT3jtvGrxNFIcOqZ36Z68nLwSQGjDvMh6L9t8yPB-ItyqXO-zWuO255FKhz_FJqz9ZZKqmFHCmU1GUhDtp0T8ubgvc10ntRBo-WZwoWhNMBdS7JyynCP111u7egBxaQjDCaZHgUEVkCwBRGMpP-rP-90JT3E\">https:\/\/bit.ly\/2kB28T<\/a>.<\/p>\n<p>El jueves 19 de septiembre a las 12 se desarrollar\u00e1 el Panel 1 de disertaci\u00f3n, en el Aula 1 de Casa Verde, del cual participar\u00e1n Isabel Quintana (UBA-CONICET) sobre \u201cLa otro que soy yo: cuerpos minados en est\u00e9ticas de fronteras\u201d, y Mar\u00eda Gabriela Sim\u00f3n (UNSJ) con \u201cUna ram\u00e1tica de la felicidad: la agenda pol\u00edtica de lo que hay que desear\u201d. Y el viernes 20 de septiembre, a las 12 tendr\u00e1 lugar el Panel 2, en el Aula 1 de Casa Verde, integrado por Carlos Surghi (UNC-CONICET), quien disertar\u00e1 \u201cAvec Proust\u201d, y Karen Andrea Garrote (UNS) con su trabajo \u201cUn pie de esplendorosa blancura: el erotismo japon\u00e9s en dos cuentos de Yunichiro Tanizaki\u201d. Ambos paneles ser\u00e1n coordinados por Sofia Clara Squire.<\/p>\n<p><a href=\"https:\/\/ffyh.unc.edu.ar\/wp-content\/uploads\/2019\/05\/Programa-Jornadas-EDG.pdf\" target=\"_blank\" rel=\"noopener noreferrer\">Descargar programa completo<\/a><\/p>\n<p>M\u00e1s informaci\u00f3n: <a href=\"mailto:jornadasedg@gmail.com\">jornadasedg@gmail.com<\/a><\/p>\n<p><img fetchpriority=\"high\" decoding=\"async\" class=\"alignnone size-full wp-image-4072\" src=\"http:\/\/ffyh.unc.edu.ar\/ciffyh\/wp-content\/uploads\/sites\/10\/2019\/09\/Conferencia-Tantanian.-Hamlet-M\u00e1quina-Hamlet.jpeg\" alt=\"\" width=\"1080\" height=\"1080\" srcset=\"https:\/\/ffyh.unc.edu.ar\/ciffyh\/wp-content\/uploads\/sites\/10\/2019\/09\/Conferencia-Tantanian.-Hamlet-M\u00e1quina-Hamlet.jpeg 1080w, https:\/\/ffyh.unc.edu.ar\/ciffyh\/wp-content\/uploads\/sites\/10\/2019\/09\/Conferencia-Tantanian.-Hamlet-M\u00e1quina-Hamlet-150x150.jpeg 150w, https:\/\/ffyh.unc.edu.ar\/ciffyh\/wp-content\/uploads\/sites\/10\/2019\/09\/Conferencia-Tantanian.-Hamlet-M\u00e1quina-Hamlet-300x300.jpeg 300w, https:\/\/ffyh.unc.edu.ar\/ciffyh\/wp-content\/uploads\/sites\/10\/2019\/09\/Conferencia-Tantanian.-Hamlet-M\u00e1quina-Hamlet-768x768.jpeg 768w, https:\/\/ffyh.unc.edu.ar\/ciffyh\/wp-content\/uploads\/sites\/10\/2019\/09\/Conferencia-Tantanian.-Hamlet-M\u00e1quina-Hamlet-1024x1024.jpeg 1024w\" sizes=\"(max-width: 1080px) 100vw, 1080px\" \/><\/p>\n","protected":false},"excerpt":{"rendered":"<p>Del 18 al 20 de septiembre se llevar\u00e1n a cabo las I Jornadas de Erotismo, Deseo y G\u00e9nero(s) en la<\/p>\n","protected":false},"author":2,"featured_media":3924,"comment_status":"closed","ping_status":"closed","sticky":false,"template":"","format":"standard","meta":{"_acf_changed":false,"colormag_page_container_layout":"default_layout","colormag_page_sidebar_layout":"default_layout","footnotes":""},"categories":[7],"tags":[],"class_list":["post-3922","post","type-post","status-publish","format-standard","has-post-thumbnail","hentry","category-jornadas"],"acf":[],"yoast_head":"<!-- This site is optimized with the Yoast SEO plugin v27.1.1 - https:\/\/yoast.com\/product\/yoast-seo-wordpress\/ -->\n<title>I Jornadas de Erotismo, Deseo y G\u00e9nero(s) en la Literatura - Centro de Investigaciones &quot;Maria Saleme de Burnichon&quot;<\/title>\n<meta name=\"robots\" content=\"index, follow, max-snippet:-1, max-image-preview:large, max-video-preview:-1\" \/>\n<link rel=\"canonical\" href=\"https:\/\/ffyh.unc.edu.ar\/ciffyh\/i-jornadas-de-erotismo-deseo-y-generos-en-la-literatura\/\" \/>\n<meta property=\"og:locale\" content=\"es_ES\" \/>\n<meta property=\"og:type\" content=\"article\" \/>\n<meta property=\"og:title\" content=\"I Jornadas de Erotismo, Deseo y G\u00e9nero(s) en la Literatura - Centro de Investigaciones &quot;Maria Saleme de Burnichon&quot;\" \/>\n<meta property=\"og:description\" content=\"Del 18 al 20 de septiembre se llevar\u00e1n a cabo las I Jornadas de Erotismo, Deseo y G\u00e9nero(s) en la\" \/>\n<meta property=\"og:url\" content=\"https:\/\/ffyh.unc.edu.ar\/ciffyh\/i-jornadas-de-erotismo-deseo-y-generos-en-la-literatura\/\" \/>\n<meta property=\"og:site_name\" content=\"Centro de Investigaciones &quot;Maria Saleme de Burnichon&quot;\" \/>\n<meta property=\"article:published_time\" content=\"2019-09-05T13:15:45+00:00\" \/>\n<meta property=\"article:modified_time\" content=\"2019-09-20T16:06:58+00:00\" \/>\n<meta property=\"og:image\" content=\"https:\/\/ffyh.unc.edu.ar\/ciffyh\/wp-content\/uploads\/sites\/10\/2019\/05\/jornadas-erotismo.jpg\" \/>\n\t<meta property=\"og:image:width\" content=\"960\" \/>\n\t<meta property=\"og:image:height\" content=\"480\" \/>\n\t<meta property=\"og:image:type\" content=\"image\/jpeg\" \/>\n<meta name=\"author\" content=\"\u00c1rea de Comunicaci\u00f3n - FFyH\" \/>\n<meta name=\"twitter:card\" content=\"summary_large_image\" \/>\n<meta name=\"twitter:label1\" content=\"Escrito por\" \/>\n\t<meta name=\"twitter:data1\" content=\"\" \/>\n\t<meta name=\"twitter:label2\" content=\"Tiempo de lectura\" \/>\n\t<meta name=\"twitter:data2\" content=\"2 minutos\" \/>\n<script type=\"application\/ld+json\" class=\"yoast-schema-graph\">{\"@context\":\"https:\/\/schema.org\",\"@graph\":[{\"@type\":\"Article\",\"@id\":\"https:\/\/ffyh.unc.edu.ar\/ciffyh\/i-jornadas-de-erotismo-deseo-y-generos-en-la-literatura\/#article\",\"isPartOf\":{\"@id\":\"https:\/\/ffyh.unc.edu.ar\/ciffyh\/i-jornadas-de-erotismo-deseo-y-generos-en-la-literatura\/\"},\"author\":{\"name\":\"\u00c1rea de Comunicaci\u00f3n - FFyH\",\"@id\":\"https:\/\/ffyh.unc.edu.ar\/ciffyh\/#\/schema\/person\/e6b9f6aec95cb7437bb2fde09e23b224\"},\"headline\":\"I Jornadas de Erotismo, Deseo y G\u00e9nero(s) en la Literatura\",\"datePublished\":\"2019-09-05T13:15:45+00:00\",\"dateModified\":\"2019-09-20T16:06:58+00:00\",\"mainEntityOfPage\":{\"@id\":\"https:\/\/ffyh.unc.edu.ar\/ciffyh\/i-jornadas-de-erotismo-deseo-y-generos-en-la-literatura\/\"},\"wordCount\":365,\"publisher\":{\"@id\":\"https:\/\/ffyh.unc.edu.ar\/ciffyh\/#organization\"},\"image\":{\"@id\":\"https:\/\/ffyh.unc.edu.ar\/ciffyh\/i-jornadas-de-erotismo-deseo-y-generos-en-la-literatura\/#primaryimage\"},\"thumbnailUrl\":\"https:\/\/ffyh.unc.edu.ar\/ciffyh\/wp-content\/uploads\/sites\/10\/2019\/05\/jornadas-erotismo.jpg\",\"articleSection\":[\"Jornadas\"],\"inLanguage\":\"es\"},{\"@type\":\"WebPage\",\"@id\":\"https:\/\/ffyh.unc.edu.ar\/ciffyh\/i-jornadas-de-erotismo-deseo-y-generos-en-la-literatura\/\",\"url\":\"https:\/\/ffyh.unc.edu.ar\/ciffyh\/i-jornadas-de-erotismo-deseo-y-generos-en-la-literatura\/\",\"name\":\"I Jornadas de Erotismo, Deseo y G\u00e9nero(s) en la Literatura - Centro de Investigaciones &quot;Maria Saleme de Burnichon&quot;\",\"isPartOf\":{\"@id\":\"https:\/\/ffyh.unc.edu.ar\/ciffyh\/#website\"},\"primaryImageOfPage\":{\"@id\":\"https:\/\/ffyh.unc.edu.ar\/ciffyh\/i-jornadas-de-erotismo-deseo-y-generos-en-la-literatura\/#primaryimage\"},\"image\":{\"@id\":\"https:\/\/ffyh.unc.edu.ar\/ciffyh\/i-jornadas-de-erotismo-deseo-y-generos-en-la-literatura\/#primaryimage\"},\"thumbnailUrl\":\"https:\/\/ffyh.unc.edu.ar\/ciffyh\/wp-content\/uploads\/sites\/10\/2019\/05\/jornadas-erotismo.jpg\",\"datePublished\":\"2019-09-05T13:15:45+00:00\",\"dateModified\":\"2019-09-20T16:06:58+00:00\",\"breadcrumb\":{\"@id\":\"https:\/\/ffyh.unc.edu.ar\/ciffyh\/i-jornadas-de-erotismo-deseo-y-generos-en-la-literatura\/#breadcrumb\"},\"inLanguage\":\"es\",\"potentialAction\":[{\"@type\":\"ReadAction\",\"target\":[\"https:\/\/ffyh.unc.edu.ar\/ciffyh\/i-jornadas-de-erotismo-deseo-y-generos-en-la-literatura\/\"]}]},{\"@type\":\"ImageObject\",\"inLanguage\":\"es\",\"@id\":\"https:\/\/ffyh.unc.edu.ar\/ciffyh\/i-jornadas-de-erotismo-deseo-y-generos-en-la-literatura\/#primaryimage\",\"url\":\"https:\/\/ffyh.unc.edu.ar\/ciffyh\/wp-content\/uploads\/sites\/10\/2019\/05\/jornadas-erotismo.jpg\",\"contentUrl\":\"https:\/\/ffyh.unc.edu.ar\/ciffyh\/wp-content\/uploads\/sites\/10\/2019\/05\/jornadas-erotismo.jpg\",\"width\":960,\"height\":480},{\"@type\":\"BreadcrumbList\",\"@id\":\"https:\/\/ffyh.unc.edu.ar\/ciffyh\/i-jornadas-de-erotismo-deseo-y-generos-en-la-literatura\/#breadcrumb\",\"itemListElement\":[{\"@type\":\"ListItem\",\"position\":1,\"name\":\"Portada\",\"item\":\"https:\/\/ffyh.unc.edu.ar\/ciffyh\/\"},{\"@type\":\"ListItem\",\"position\":2,\"name\":\"I Jornadas de Erotismo, Deseo y G\u00e9nero(s) en la Literatura\"}]},{\"@type\":\"WebSite\",\"@id\":\"https:\/\/ffyh.unc.edu.ar\/ciffyh\/#website\",\"url\":\"https:\/\/ffyh.unc.edu.ar\/ciffyh\/\",\"name\":\"Centro de Investigaciones \\\"Maria Saleme de Burnichon\\\"\",\"description\":\"Facultad de Filosof\u00eda y Humanidades | UNC\",\"publisher\":{\"@id\":\"https:\/\/ffyh.unc.edu.ar\/ciffyh\/#organization\"},\"potentialAction\":[{\"@type\":\"SearchAction\",\"target\":{\"@type\":\"EntryPoint\",\"urlTemplate\":\"https:\/\/ffyh.unc.edu.ar\/ciffyh\/?s={search_term_string}\"},\"query-input\":{\"@type\":\"PropertyValueSpecification\",\"valueRequired\":true,\"valueName\":\"search_term_string\"}}],\"inLanguage\":\"es\"},{\"@type\":\"Organization\",\"@id\":\"https:\/\/ffyh.unc.edu.ar\/ciffyh\/#organization\",\"name\":\"Centro de Investigaciones \\\"Maria Saleme de Burnichon\\\"\",\"url\":\"https:\/\/ffyh.unc.edu.ar\/ciffyh\/\",\"logo\":{\"@type\":\"ImageObject\",\"inLanguage\":\"es\",\"@id\":\"https:\/\/ffyh.unc.edu.ar\/ciffyh\/#\/schema\/logo\/image\/\",\"url\":\"https:\/\/ffyh.unc.edu.ar\/ciffyh\/wp-content\/uploads\/sites\/10\/2018\/02\/cropped-logo-ciffyh-ico.png\",\"contentUrl\":\"https:\/\/ffyh.unc.edu.ar\/ciffyh\/wp-content\/uploads\/sites\/10\/2018\/02\/cropped-logo-ciffyh-ico.png\",\"width\":512,\"height\":512,\"caption\":\"Centro de Investigaciones \\\"Maria Saleme de Burnichon\\\"\"},\"image\":{\"@id\":\"https:\/\/ffyh.unc.edu.ar\/ciffyh\/#\/schema\/logo\/image\/\"},\"sameAs\":[\"https:\/\/www.instagram.com\/ciffyh\/\"]},{\"@type\":\"Person\",\"@id\":\"https:\/\/ffyh.unc.edu.ar\/ciffyh\/#\/schema\/person\/e6b9f6aec95cb7437bb2fde09e23b224\",\"name\":\"\u00c1rea de Comunicaci\u00f3n - FFyH\",\"image\":{\"@type\":\"ImageObject\",\"inLanguage\":\"es\",\"@id\":\"https:\/\/ffyh.unc.edu.ar\/ciffyh\/#\/schema\/person\/image\/\",\"url\":\"https:\/\/secure.gravatar.com\/avatar\/1d896d10b19526e4cb6e972ca0f1b6719a4697e2d88742a801b88b3682d5be75?s=96&d=mm&r=g\",\"contentUrl\":\"https:\/\/secure.gravatar.com\/avatar\/1d896d10b19526e4cb6e972ca0f1b6719a4697e2d88742a801b88b3682d5be75?s=96&d=mm&r=g\",\"caption\":\"\u00c1rea de Comunicaci\u00f3n - FFyH\"},\"url\":\"https:\/\/ffyh.unc.edu.ar\/ciffyh\/author\/prensa\/\"}]}<\/script>\n<!-- \/ Yoast SEO plugin. -->","yoast_head_json":{"title":"I Jornadas de Erotismo, Deseo y G\u00e9nero(s) en la Literatura - Centro de Investigaciones &quot;Maria Saleme de Burnichon&quot;","robots":{"index":"index","follow":"follow","max-snippet":"max-snippet:-1","max-image-preview":"max-image-preview:large","max-video-preview":"max-video-preview:-1"},"canonical":"https:\/\/ffyh.unc.edu.ar\/ciffyh\/i-jornadas-de-erotismo-deseo-y-generos-en-la-literatura\/","og_locale":"es_ES","og_type":"article","og_title":"I Jornadas de Erotismo, Deseo y G\u00e9nero(s) en la Literatura - Centro de Investigaciones &quot;Maria Saleme de Burnichon&quot;","og_description":"Del 18 al 20 de septiembre se llevar\u00e1n a cabo las I Jornadas de Erotismo, Deseo y G\u00e9nero(s) en la","og_url":"https:\/\/ffyh.unc.edu.ar\/ciffyh\/i-jornadas-de-erotismo-deseo-y-generos-en-la-literatura\/","og_site_name":"Centro de Investigaciones &quot;Maria Saleme de Burnichon&quot;","article_published_time":"2019-09-05T13:15:45+00:00","article_modified_time":"2019-09-20T16:06:58+00:00","og_image":[{"width":960,"height":480,"url":"https:\/\/ffyh.unc.edu.ar\/ciffyh\/wp-content\/uploads\/sites\/10\/2019\/05\/jornadas-erotismo.jpg","type":"image\/jpeg"}],"author":"\u00c1rea de Comunicaci\u00f3n - FFyH","twitter_card":"summary_large_image","twitter_misc":{"Escrito por":false,"Tiempo de lectura":"2 minutos"},"schema":{"@context":"https:\/\/schema.org","@graph":[{"@type":"Article","@id":"https:\/\/ffyh.unc.edu.ar\/ciffyh\/i-jornadas-de-erotismo-deseo-y-generos-en-la-literatura\/#article","isPartOf":{"@id":"https:\/\/ffyh.unc.edu.ar\/ciffyh\/i-jornadas-de-erotismo-deseo-y-generos-en-la-literatura\/"},"author":{"name":"\u00c1rea de Comunicaci\u00f3n - FFyH","@id":"https:\/\/ffyh.unc.edu.ar\/ciffyh\/#\/schema\/person\/e6b9f6aec95cb7437bb2fde09e23b224"},"headline":"I Jornadas de Erotismo, Deseo y G\u00e9nero(s) en la Literatura","datePublished":"2019-09-05T13:15:45+00:00","dateModified":"2019-09-20T16:06:58+00:00","mainEntityOfPage":{"@id":"https:\/\/ffyh.unc.edu.ar\/ciffyh\/i-jornadas-de-erotismo-deseo-y-generos-en-la-literatura\/"},"wordCount":365,"publisher":{"@id":"https:\/\/ffyh.unc.edu.ar\/ciffyh\/#organization"},"image":{"@id":"https:\/\/ffyh.unc.edu.ar\/ciffyh\/i-jornadas-de-erotismo-deseo-y-generos-en-la-literatura\/#primaryimage"},"thumbnailUrl":"https:\/\/ffyh.unc.edu.ar\/ciffyh\/wp-content\/uploads\/sites\/10\/2019\/05\/jornadas-erotismo.jpg","articleSection":["Jornadas"],"inLanguage":"es"},{"@type":"WebPage","@id":"https:\/\/ffyh.unc.edu.ar\/ciffyh\/i-jornadas-de-erotismo-deseo-y-generos-en-la-literatura\/","url":"https:\/\/ffyh.unc.edu.ar\/ciffyh\/i-jornadas-de-erotismo-deseo-y-generos-en-la-literatura\/","name":"I Jornadas de Erotismo, Deseo y G\u00e9nero(s) en la Literatura - Centro de Investigaciones &quot;Maria Saleme de Burnichon&quot;","isPartOf":{"@id":"https:\/\/ffyh.unc.edu.ar\/ciffyh\/#website"},"primaryImageOfPage":{"@id":"https:\/\/ffyh.unc.edu.ar\/ciffyh\/i-jornadas-de-erotismo-deseo-y-generos-en-la-literatura\/#primaryimage"},"image":{"@id":"https:\/\/ffyh.unc.edu.ar\/ciffyh\/i-jornadas-de-erotismo-deseo-y-generos-en-la-literatura\/#primaryimage"},"thumbnailUrl":"https:\/\/ffyh.unc.edu.ar\/ciffyh\/wp-content\/uploads\/sites\/10\/2019\/05\/jornadas-erotismo.jpg","datePublished":"2019-09-05T13:15:45+00:00","dateModified":"2019-09-20T16:06:58+00:00","breadcrumb":{"@id":"https:\/\/ffyh.unc.edu.ar\/ciffyh\/i-jornadas-de-erotismo-deseo-y-generos-en-la-literatura\/#breadcrumb"},"inLanguage":"es","potentialAction":[{"@type":"ReadAction","target":["https:\/\/ffyh.unc.edu.ar\/ciffyh\/i-jornadas-de-erotismo-deseo-y-generos-en-la-literatura\/"]}]},{"@type":"ImageObject","inLanguage":"es","@id":"https:\/\/ffyh.unc.edu.ar\/ciffyh\/i-jornadas-de-erotismo-deseo-y-generos-en-la-literatura\/#primaryimage","url":"https:\/\/ffyh.unc.edu.ar\/ciffyh\/wp-content\/uploads\/sites\/10\/2019\/05\/jornadas-erotismo.jpg","contentUrl":"https:\/\/ffyh.unc.edu.ar\/ciffyh\/wp-content\/uploads\/sites\/10\/2019\/05\/jornadas-erotismo.jpg","width":960,"height":480},{"@type":"BreadcrumbList","@id":"https:\/\/ffyh.unc.edu.ar\/ciffyh\/i-jornadas-de-erotismo-deseo-y-generos-en-la-literatura\/#breadcrumb","itemListElement":[{"@type":"ListItem","position":1,"name":"Portada","item":"https:\/\/ffyh.unc.edu.ar\/ciffyh\/"},{"@type":"ListItem","position":2,"name":"I Jornadas de Erotismo, Deseo y G\u00e9nero(s) en la Literatura"}]},{"@type":"WebSite","@id":"https:\/\/ffyh.unc.edu.ar\/ciffyh\/#website","url":"https:\/\/ffyh.unc.edu.ar\/ciffyh\/","name":"Centro de Investigaciones \"Maria Saleme de Burnichon\"","description":"Facultad de Filosof\u00eda y Humanidades | UNC","publisher":{"@id":"https:\/\/ffyh.unc.edu.ar\/ciffyh\/#organization"},"potentialAction":[{"@type":"SearchAction","target":{"@type":"EntryPoint","urlTemplate":"https:\/\/ffyh.unc.edu.ar\/ciffyh\/?s={search_term_string}"},"query-input":{"@type":"PropertyValueSpecification","valueRequired":true,"valueName":"search_term_string"}}],"inLanguage":"es"},{"@type":"Organization","@id":"https:\/\/ffyh.unc.edu.ar\/ciffyh\/#organization","name":"Centro de Investigaciones \"Maria Saleme de Burnichon\"","url":"https:\/\/ffyh.unc.edu.ar\/ciffyh\/","logo":{"@type":"ImageObject","inLanguage":"es","@id":"https:\/\/ffyh.unc.edu.ar\/ciffyh\/#\/schema\/logo\/image\/","url":"https:\/\/ffyh.unc.edu.ar\/ciffyh\/wp-content\/uploads\/sites\/10\/2018\/02\/cropped-logo-ciffyh-ico.png","contentUrl":"https:\/\/ffyh.unc.edu.ar\/ciffyh\/wp-content\/uploads\/sites\/10\/2018\/02\/cropped-logo-ciffyh-ico.png","width":512,"height":512,"caption":"Centro de Investigaciones \"Maria Saleme de Burnichon\""},"image":{"@id":"https:\/\/ffyh.unc.edu.ar\/ciffyh\/#\/schema\/logo\/image\/"},"sameAs":["https:\/\/www.instagram.com\/ciffyh\/"]},{"@type":"Person","@id":"https:\/\/ffyh.unc.edu.ar\/ciffyh\/#\/schema\/person\/e6b9f6aec95cb7437bb2fde09e23b224","name":"\u00c1rea de Comunicaci\u00f3n - FFyH","image":{"@type":"ImageObject","inLanguage":"es","@id":"https:\/\/ffyh.unc.edu.ar\/ciffyh\/#\/schema\/person\/image\/","url":"https:\/\/secure.gravatar.com\/avatar\/1d896d10b19526e4cb6e972ca0f1b6719a4697e2d88742a801b88b3682d5be75?s=96&d=mm&r=g","contentUrl":"https:\/\/secure.gravatar.com\/avatar\/1d896d10b19526e4cb6e972ca0f1b6719a4697e2d88742a801b88b3682d5be75?s=96&d=mm&r=g","caption":"\u00c1rea de Comunicaci\u00f3n - FFyH"},"url":"https:\/\/ffyh.unc.edu.ar\/ciffyh\/author\/prensa\/"}]}},"jetpack_featured_media_url":"https:\/\/ffyh.unc.edu.ar\/ciffyh\/wp-content\/uploads\/sites\/10\/2019\/05\/jornadas-erotismo.jpg","_links":{"self":[{"href":"https:\/\/ffyh.unc.edu.ar\/ciffyh\/wp-json\/wp\/v2\/posts\/3922","targetHints":{"allow":["GET"]}}],"collection":[{"href":"https:\/\/ffyh.unc.edu.ar\/ciffyh\/wp-json\/wp\/v2\/posts"}],"about":[{"href":"https:\/\/ffyh.unc.edu.ar\/ciffyh\/wp-json\/wp\/v2\/types\/post"}],"author":[{"embeddable":true,"href":"https:\/\/ffyh.unc.edu.ar\/ciffyh\/wp-json\/wp\/v2\/users\/2"}],"replies":[{"embeddable":true,"href":"https:\/\/ffyh.unc.edu.ar\/ciffyh\/wp-json\/wp\/v2\/comments?post=3922"}],"version-history":[{"count":4,"href":"https:\/\/ffyh.unc.edu.ar\/ciffyh\/wp-json\/wp\/v2\/posts\/3922\/revisions"}],"predecessor-version":[{"id":4073,"href":"https:\/\/ffyh.unc.edu.ar\/ciffyh\/wp-json\/wp\/v2\/posts\/3922\/revisions\/4073"}],"wp:featuredmedia":[{"embeddable":true,"href":"https:\/\/ffyh.unc.edu.ar\/ciffyh\/wp-json\/wp\/v2\/media\/3924"}],"wp:attachment":[{"href":"https:\/\/ffyh.unc.edu.ar\/ciffyh\/wp-json\/wp\/v2\/media?parent=3922"}],"wp:term":[{"taxonomy":"category","embeddable":true,"href":"https:\/\/ffyh.unc.edu.ar\/ciffyh\/wp-json\/wp\/v2\/categories?post=3922"},{"taxonomy":"post_tag","embeddable":true,"href":"https:\/\/ffyh.unc.edu.ar\/ciffyh\/wp-json\/wp\/v2\/tags?post=3922"}],"curies":[{"name":"wp","href":"https:\/\/api.w.org\/{rel}","templated":true}]}}