{"id":4226,"date":"2020-06-22T13:22:08","date_gmt":"2020-06-22T13:22:08","guid":{"rendered":"http:\/\/ffyh.unc.edu.ar\/ciffyh\/?p=4226"},"modified":"2020-07-07T19:42:40","modified_gmt":"2020-07-07T19:42:40","slug":"relanzamiento-y-nueva-convocatoria-de-la-revista-polemicas-feministas","status":"publish","type":"post","link":"https:\/\/ffyh.unc.edu.ar\/ciffyh\/relanzamiento-y-nueva-convocatoria-de-la-revista-polemicas-feministas\/","title":{"rendered":"Relanzamiento y nueva convocatoria de la revista Pol\u00e9micas Feministas"},"content":{"rendered":"<p><strong>Hasta el 30 de agosto se recibir\u00e1n art\u00edculos para el cuarto n\u00famero de la publicaci\u00f3n\u00a0del\u00a0\u00c1rea de Feminismos, G\u00e9nero y Sexualidades\u00a0(FemGeS) del Centro de Investigaciones de la Facultad de Filosof\u00eda y Humanidades (UNC), que cuenta con nuevas secciones y equipo editorial. Este a\u00f1o, el dossier tem\u00e1tico ser\u00e1:\u00a0\u201cFeminismos y disidencias\u00a0sexogen\u00e9ricas\u00a0en la Argentina: Genealog\u00edas, imaginarios pol\u00edticos y (de)construcciones de lo com\u00fan\u201d.<\/strong><\/p>\n<p><!--more--><\/p>\n<p>\u201cDesde diciembre del 2019 nos propusimos una suerte de relanzamiento del proyecto editorial. El entusiasmo por comenzar algo nuevo entre\u00a0muches\u00a0fue nuestro punto de partida, y desde all\u00ed decidimos apostar por la reformulaci\u00f3n y creaci\u00f3n de nuevas secciones para la revista, sumar participantes al equipo editorial, proyectar modos de fortalecer y visibilizar el trabajo conjunto y colectivo que hacemos desde el \u00c1rea y proponer una convocatoria para 2020\u201d, se\u00f1ala el nuevo equipo editorial de la revista\u00a0Pol\u00e9micas Feministas del \u00c1rea de Feminismos, G\u00e9nero y Sexualidades\u00a0(FemGeS) del Centro de Investigaciones Mar\u00eda\u00a0Saleme\u00a0de\u00a0Burnich\u00f3n\u00a0(Facultad de Filosof\u00eda y Humanidades \u2013 Universidad Nacional de C\u00f3rdoba), que lleva ya tres n\u00fameros publicados.<\/p>\n<p>Para la nueva convocatoria, lanzada bajo el dossier tem\u00e1tico\u00a0<strong>\u201cFeminismos y disidencias\u00a0sexogen\u00e9ricas\u00a0en la Argentina: Genealog\u00edas, imaginarios pol\u00edticos y (de)construcciones de lo com\u00fan\u201d<\/strong>, se proponen nuevas secciones, como rese\u00f1as de obras de ficci\u00f3n, pel\u00edculas, series y otras producciones culturales; producci\u00f3n de saber(es) desde el arte; traducciones de manifiestos, blogs y tambi\u00e9n investigaciones incipientes.<\/p>\n<p>\u201cLa emergencia y r\u00e1pida expansi\u00f3n mundial del virus COVID-19 signific\u00f3 un dr\u00e1stico cambio de escenario. El virus se impuso en nuestras vidas como motivo de preocupaci\u00f3n y temor, modificando radicalmente nuestras pr\u00e1cticas cotidianas, nuestras certezas, los espacios personales y sociales, las formas de relacionarnos, nuestros tiempos y deseos, nuestro ritmo corporal y an\u00edmico. El nuevo contexto nos enfrent\u00f3 a la precariedad constitutiva de la especie humana y tradujo la vulnerabilidad de nuestros cuerpos, sobre todo, desde la indignante distribuci\u00f3n desigual de las violencias, de las riquezas y de los privilegios de siempre\u201d, contin\u00faa el equipo que, frente a este contexto, lanzaron la nueva convocatoria de Pol\u00e9micas Feministas, abierta hasta el 30 de agosto, porque\u00a0\u00abhac\u00eda falta sumar m\u00e1s instancias desde los feminismos para seguir pensando los problemas que nos ocupan, nos mueven y atraviesan desde siempre\u201d.<\/p>\n<p>Encontr\u00e1\u00a0la convocatoria y los n\u00fameros anteriores de la revista en\u00a0<a href=\"https:\/\/revistas.unc.edu.ar\/index.php\/polemicasfeminista\" target=\"_blank\" rel=\"noopener noreferrer\">https:\/\/revistas.unc.edu.ar\/index.php\/polemicasfeminista<\/a><\/p>\n","protected":false},"excerpt":{"rendered":"<p>Hasta el 30 de agosto se recibir\u00e1n art\u00edculos para el cuarto n\u00famero de la publicaci\u00f3n\u00a0del\u00a0\u00c1rea de Feminismos, G\u00e9nero y Sexualidades\u00a0(FemGeS)<\/p>\n","protected":false},"author":2,"featured_media":4227,"comment_status":"closed","ping_status":"closed","sticky":false,"template":"","format":"standard","meta":{"_acf_changed":false,"colormag_page_container_layout":"default_layout","colormag_page_sidebar_layout":"default_layout","footnotes":""},"categories":[8],"tags":[],"class_list":["post-4226","post","type-post","status-publish","format-standard","has-post-thumbnail","hentry","category-noticias"],"acf":[],"yoast_head":"<!-- This site is optimized with the Yoast SEO plugin v27.1.1 - https:\/\/yoast.com\/product\/yoast-seo-wordpress\/ -->\n<title>Relanzamiento y nueva convocatoria de la revista Pol\u00e9micas Feministas - Centro de Investigaciones &quot;Maria Saleme de Burnichon&quot;<\/title>\n<meta name=\"robots\" content=\"index, follow, max-snippet:-1, max-image-preview:large, max-video-preview:-1\" \/>\n<link rel=\"canonical\" href=\"https:\/\/ffyh.unc.edu.ar\/ciffyh\/relanzamiento-y-nueva-convocatoria-de-la-revista-polemicas-feministas\/\" \/>\n<meta property=\"og:locale\" content=\"es_ES\" \/>\n<meta property=\"og:type\" content=\"article\" \/>\n<meta property=\"og:title\" content=\"Relanzamiento y nueva convocatoria de la revista Pol\u00e9micas Feministas - Centro de Investigaciones &quot;Maria Saleme de Burnichon&quot;\" \/>\n<meta property=\"og:description\" content=\"Hasta el 30 de agosto se recibir\u00e1n art\u00edculos para el cuarto n\u00famero de la publicaci\u00f3n\u00a0del\u00a0\u00c1rea de Feminismos, G\u00e9nero y Sexualidades\u00a0(FemGeS)\" \/>\n<meta property=\"og:url\" content=\"https:\/\/ffyh.unc.edu.ar\/ciffyh\/relanzamiento-y-nueva-convocatoria-de-la-revista-polemicas-feministas\/\" \/>\n<meta property=\"og:site_name\" content=\"Centro de Investigaciones &quot;Maria Saleme de Burnichon&quot;\" \/>\n<meta property=\"article:published_time\" content=\"2020-06-22T13:22:08+00:00\" \/>\n<meta property=\"article:modified_time\" content=\"2020-07-07T19:42:40+00:00\" \/>\n<meta property=\"og:image\" content=\"https:\/\/ffyh.unc.edu.ar\/ciffyh\/wp-content\/uploads\/sites\/10\/2020\/05\/convocatoria-polemicas-2020.jpeg\" \/>\n\t<meta property=\"og:image:width\" content=\"1280\" \/>\n\t<meta property=\"og:image:height\" content=\"1280\" \/>\n\t<meta property=\"og:image:type\" content=\"image\/jpeg\" \/>\n<meta name=\"author\" content=\"\u00c1rea de Comunicaci\u00f3n - FFyH\" \/>\n<meta name=\"twitter:card\" content=\"summary_large_image\" \/>\n<meta name=\"twitter:label1\" content=\"Escrito por\" \/>\n\t<meta name=\"twitter:data1\" content=\"\" \/>\n\t<meta name=\"twitter:label2\" content=\"Tiempo de lectura\" \/>\n\t<meta name=\"twitter:data2\" content=\"2 minutos\" \/>\n<script type=\"application\/ld+json\" class=\"yoast-schema-graph\">{\"@context\":\"https:\/\/schema.org\",\"@graph\":[{\"@type\":\"Article\",\"@id\":\"https:\/\/ffyh.unc.edu.ar\/ciffyh\/relanzamiento-y-nueva-convocatoria-de-la-revista-polemicas-feministas\/#article\",\"isPartOf\":{\"@id\":\"https:\/\/ffyh.unc.edu.ar\/ciffyh\/relanzamiento-y-nueva-convocatoria-de-la-revista-polemicas-feministas\/\"},\"author\":{\"name\":\"\u00c1rea de Comunicaci\u00f3n - FFyH\",\"@id\":\"https:\/\/ffyh.unc.edu.ar\/ciffyh\/#\/schema\/person\/e6b9f6aec95cb7437bb2fde09e23b224\"},\"headline\":\"Relanzamiento y nueva convocatoria de la revista Pol\u00e9micas Feministas\",\"datePublished\":\"2020-06-22T13:22:08+00:00\",\"dateModified\":\"2020-07-07T19:42:40+00:00\",\"mainEntityOfPage\":{\"@id\":\"https:\/\/ffyh.unc.edu.ar\/ciffyh\/relanzamiento-y-nueva-convocatoria-de-la-revista-polemicas-feministas\/\"},\"wordCount\":436,\"publisher\":{\"@id\":\"https:\/\/ffyh.unc.edu.ar\/ciffyh\/#organization\"},\"image\":{\"@id\":\"https:\/\/ffyh.unc.edu.ar\/ciffyh\/relanzamiento-y-nueva-convocatoria-de-la-revista-polemicas-feministas\/#primaryimage\"},\"thumbnailUrl\":\"https:\/\/ffyh.unc.edu.ar\/ciffyh\/wp-content\/uploads\/sites\/10\/2020\/05\/convocatoria-polemicas-2020.jpeg\",\"articleSection\":[\"Noticias\"],\"inLanguage\":\"es\"},{\"@type\":\"WebPage\",\"@id\":\"https:\/\/ffyh.unc.edu.ar\/ciffyh\/relanzamiento-y-nueva-convocatoria-de-la-revista-polemicas-feministas\/\",\"url\":\"https:\/\/ffyh.unc.edu.ar\/ciffyh\/relanzamiento-y-nueva-convocatoria-de-la-revista-polemicas-feministas\/\",\"name\":\"Relanzamiento y nueva convocatoria de la revista Pol\u00e9micas Feministas - Centro de Investigaciones &quot;Maria Saleme de Burnichon&quot;\",\"isPartOf\":{\"@id\":\"https:\/\/ffyh.unc.edu.ar\/ciffyh\/#website\"},\"primaryImageOfPage\":{\"@id\":\"https:\/\/ffyh.unc.edu.ar\/ciffyh\/relanzamiento-y-nueva-convocatoria-de-la-revista-polemicas-feministas\/#primaryimage\"},\"image\":{\"@id\":\"https:\/\/ffyh.unc.edu.ar\/ciffyh\/relanzamiento-y-nueva-convocatoria-de-la-revista-polemicas-feministas\/#primaryimage\"},\"thumbnailUrl\":\"https:\/\/ffyh.unc.edu.ar\/ciffyh\/wp-content\/uploads\/sites\/10\/2020\/05\/convocatoria-polemicas-2020.jpeg\",\"datePublished\":\"2020-06-22T13:22:08+00:00\",\"dateModified\":\"2020-07-07T19:42:40+00:00\",\"breadcrumb\":{\"@id\":\"https:\/\/ffyh.unc.edu.ar\/ciffyh\/relanzamiento-y-nueva-convocatoria-de-la-revista-polemicas-feministas\/#breadcrumb\"},\"inLanguage\":\"es\",\"potentialAction\":[{\"@type\":\"ReadAction\",\"target\":[\"https:\/\/ffyh.unc.edu.ar\/ciffyh\/relanzamiento-y-nueva-convocatoria-de-la-revista-polemicas-feministas\/\"]}]},{\"@type\":\"ImageObject\",\"inLanguage\":\"es\",\"@id\":\"https:\/\/ffyh.unc.edu.ar\/ciffyh\/relanzamiento-y-nueva-convocatoria-de-la-revista-polemicas-feministas\/#primaryimage\",\"url\":\"https:\/\/ffyh.unc.edu.ar\/ciffyh\/wp-content\/uploads\/sites\/10\/2020\/05\/convocatoria-polemicas-2020.jpeg\",\"contentUrl\":\"https:\/\/ffyh.unc.edu.ar\/ciffyh\/wp-content\/uploads\/sites\/10\/2020\/05\/convocatoria-polemicas-2020.jpeg\",\"width\":1280,\"height\":1280},{\"@type\":\"BreadcrumbList\",\"@id\":\"https:\/\/ffyh.unc.edu.ar\/ciffyh\/relanzamiento-y-nueva-convocatoria-de-la-revista-polemicas-feministas\/#breadcrumb\",\"itemListElement\":[{\"@type\":\"ListItem\",\"position\":1,\"name\":\"Portada\",\"item\":\"https:\/\/ffyh.unc.edu.ar\/ciffyh\/\"},{\"@type\":\"ListItem\",\"position\":2,\"name\":\"Relanzamiento y nueva convocatoria de la revista Pol\u00e9micas Feministas\"}]},{\"@type\":\"WebSite\",\"@id\":\"https:\/\/ffyh.unc.edu.ar\/ciffyh\/#website\",\"url\":\"https:\/\/ffyh.unc.edu.ar\/ciffyh\/\",\"name\":\"Centro de Investigaciones \\\"Maria Saleme de Burnichon\\\"\",\"description\":\"Facultad de Filosof\u00eda y Humanidades | UNC\",\"publisher\":{\"@id\":\"https:\/\/ffyh.unc.edu.ar\/ciffyh\/#organization\"},\"potentialAction\":[{\"@type\":\"SearchAction\",\"target\":{\"@type\":\"EntryPoint\",\"urlTemplate\":\"https:\/\/ffyh.unc.edu.ar\/ciffyh\/?s={search_term_string}\"},\"query-input\":{\"@type\":\"PropertyValueSpecification\",\"valueRequired\":true,\"valueName\":\"search_term_string\"}}],\"inLanguage\":\"es\"},{\"@type\":\"Organization\",\"@id\":\"https:\/\/ffyh.unc.edu.ar\/ciffyh\/#organization\",\"name\":\"Centro de Investigaciones \\\"Maria Saleme de Burnichon\\\"\",\"url\":\"https:\/\/ffyh.unc.edu.ar\/ciffyh\/\",\"logo\":{\"@type\":\"ImageObject\",\"inLanguage\":\"es\",\"@id\":\"https:\/\/ffyh.unc.edu.ar\/ciffyh\/#\/schema\/logo\/image\/\",\"url\":\"https:\/\/ffyh.unc.edu.ar\/ciffyh\/wp-content\/uploads\/sites\/10\/2018\/02\/cropped-logo-ciffyh-ico.png\",\"contentUrl\":\"https:\/\/ffyh.unc.edu.ar\/ciffyh\/wp-content\/uploads\/sites\/10\/2018\/02\/cropped-logo-ciffyh-ico.png\",\"width\":512,\"height\":512,\"caption\":\"Centro de Investigaciones \\\"Maria Saleme de Burnichon\\\"\"},\"image\":{\"@id\":\"https:\/\/ffyh.unc.edu.ar\/ciffyh\/#\/schema\/logo\/image\/\"},\"sameAs\":[\"https:\/\/www.instagram.com\/ciffyh\/\"]},{\"@type\":\"Person\",\"@id\":\"https:\/\/ffyh.unc.edu.ar\/ciffyh\/#\/schema\/person\/e6b9f6aec95cb7437bb2fde09e23b224\",\"name\":\"\u00c1rea de Comunicaci\u00f3n - FFyH\",\"image\":{\"@type\":\"ImageObject\",\"inLanguage\":\"es\",\"@id\":\"https:\/\/ffyh.unc.edu.ar\/ciffyh\/#\/schema\/person\/image\/\",\"url\":\"https:\/\/secure.gravatar.com\/avatar\/1d896d10b19526e4cb6e972ca0f1b6719a4697e2d88742a801b88b3682d5be75?s=96&d=mm&r=g\",\"contentUrl\":\"https:\/\/secure.gravatar.com\/avatar\/1d896d10b19526e4cb6e972ca0f1b6719a4697e2d88742a801b88b3682d5be75?s=96&d=mm&r=g\",\"caption\":\"\u00c1rea de Comunicaci\u00f3n - FFyH\"},\"url\":\"https:\/\/ffyh.unc.edu.ar\/ciffyh\/author\/prensa\/\"}]}<\/script>\n<!-- \/ Yoast SEO plugin. -->","yoast_head_json":{"title":"Relanzamiento y nueva convocatoria de la revista Pol\u00e9micas Feministas - Centro de Investigaciones &quot;Maria Saleme de Burnichon&quot;","robots":{"index":"index","follow":"follow","max-snippet":"max-snippet:-1","max-image-preview":"max-image-preview:large","max-video-preview":"max-video-preview:-1"},"canonical":"https:\/\/ffyh.unc.edu.ar\/ciffyh\/relanzamiento-y-nueva-convocatoria-de-la-revista-polemicas-feministas\/","og_locale":"es_ES","og_type":"article","og_title":"Relanzamiento y nueva convocatoria de la revista Pol\u00e9micas Feministas - Centro de Investigaciones &quot;Maria Saleme de Burnichon&quot;","og_description":"Hasta el 30 de agosto se recibir\u00e1n art\u00edculos para el cuarto n\u00famero de la publicaci\u00f3n\u00a0del\u00a0\u00c1rea de Feminismos, G\u00e9nero y Sexualidades\u00a0(FemGeS)","og_url":"https:\/\/ffyh.unc.edu.ar\/ciffyh\/relanzamiento-y-nueva-convocatoria-de-la-revista-polemicas-feministas\/","og_site_name":"Centro de Investigaciones &quot;Maria Saleme de Burnichon&quot;","article_published_time":"2020-06-22T13:22:08+00:00","article_modified_time":"2020-07-07T19:42:40+00:00","og_image":[{"width":1280,"height":1280,"url":"https:\/\/ffyh.unc.edu.ar\/ciffyh\/wp-content\/uploads\/sites\/10\/2020\/05\/convocatoria-polemicas-2020.jpeg","type":"image\/jpeg"}],"author":"\u00c1rea de Comunicaci\u00f3n - FFyH","twitter_card":"summary_large_image","twitter_misc":{"Escrito por":false,"Tiempo de lectura":"2 minutos"},"schema":{"@context":"https:\/\/schema.org","@graph":[{"@type":"Article","@id":"https:\/\/ffyh.unc.edu.ar\/ciffyh\/relanzamiento-y-nueva-convocatoria-de-la-revista-polemicas-feministas\/#article","isPartOf":{"@id":"https:\/\/ffyh.unc.edu.ar\/ciffyh\/relanzamiento-y-nueva-convocatoria-de-la-revista-polemicas-feministas\/"},"author":{"name":"\u00c1rea de Comunicaci\u00f3n - FFyH","@id":"https:\/\/ffyh.unc.edu.ar\/ciffyh\/#\/schema\/person\/e6b9f6aec95cb7437bb2fde09e23b224"},"headline":"Relanzamiento y nueva convocatoria de la revista Pol\u00e9micas Feministas","datePublished":"2020-06-22T13:22:08+00:00","dateModified":"2020-07-07T19:42:40+00:00","mainEntityOfPage":{"@id":"https:\/\/ffyh.unc.edu.ar\/ciffyh\/relanzamiento-y-nueva-convocatoria-de-la-revista-polemicas-feministas\/"},"wordCount":436,"publisher":{"@id":"https:\/\/ffyh.unc.edu.ar\/ciffyh\/#organization"},"image":{"@id":"https:\/\/ffyh.unc.edu.ar\/ciffyh\/relanzamiento-y-nueva-convocatoria-de-la-revista-polemicas-feministas\/#primaryimage"},"thumbnailUrl":"https:\/\/ffyh.unc.edu.ar\/ciffyh\/wp-content\/uploads\/sites\/10\/2020\/05\/convocatoria-polemicas-2020.jpeg","articleSection":["Noticias"],"inLanguage":"es"},{"@type":"WebPage","@id":"https:\/\/ffyh.unc.edu.ar\/ciffyh\/relanzamiento-y-nueva-convocatoria-de-la-revista-polemicas-feministas\/","url":"https:\/\/ffyh.unc.edu.ar\/ciffyh\/relanzamiento-y-nueva-convocatoria-de-la-revista-polemicas-feministas\/","name":"Relanzamiento y nueva convocatoria de la revista Pol\u00e9micas Feministas - Centro de Investigaciones &quot;Maria Saleme de Burnichon&quot;","isPartOf":{"@id":"https:\/\/ffyh.unc.edu.ar\/ciffyh\/#website"},"primaryImageOfPage":{"@id":"https:\/\/ffyh.unc.edu.ar\/ciffyh\/relanzamiento-y-nueva-convocatoria-de-la-revista-polemicas-feministas\/#primaryimage"},"image":{"@id":"https:\/\/ffyh.unc.edu.ar\/ciffyh\/relanzamiento-y-nueva-convocatoria-de-la-revista-polemicas-feministas\/#primaryimage"},"thumbnailUrl":"https:\/\/ffyh.unc.edu.ar\/ciffyh\/wp-content\/uploads\/sites\/10\/2020\/05\/convocatoria-polemicas-2020.jpeg","datePublished":"2020-06-22T13:22:08+00:00","dateModified":"2020-07-07T19:42:40+00:00","breadcrumb":{"@id":"https:\/\/ffyh.unc.edu.ar\/ciffyh\/relanzamiento-y-nueva-convocatoria-de-la-revista-polemicas-feministas\/#breadcrumb"},"inLanguage":"es","potentialAction":[{"@type":"ReadAction","target":["https:\/\/ffyh.unc.edu.ar\/ciffyh\/relanzamiento-y-nueva-convocatoria-de-la-revista-polemicas-feministas\/"]}]},{"@type":"ImageObject","inLanguage":"es","@id":"https:\/\/ffyh.unc.edu.ar\/ciffyh\/relanzamiento-y-nueva-convocatoria-de-la-revista-polemicas-feministas\/#primaryimage","url":"https:\/\/ffyh.unc.edu.ar\/ciffyh\/wp-content\/uploads\/sites\/10\/2020\/05\/convocatoria-polemicas-2020.jpeg","contentUrl":"https:\/\/ffyh.unc.edu.ar\/ciffyh\/wp-content\/uploads\/sites\/10\/2020\/05\/convocatoria-polemicas-2020.jpeg","width":1280,"height":1280},{"@type":"BreadcrumbList","@id":"https:\/\/ffyh.unc.edu.ar\/ciffyh\/relanzamiento-y-nueva-convocatoria-de-la-revista-polemicas-feministas\/#breadcrumb","itemListElement":[{"@type":"ListItem","position":1,"name":"Portada","item":"https:\/\/ffyh.unc.edu.ar\/ciffyh\/"},{"@type":"ListItem","position":2,"name":"Relanzamiento y nueva convocatoria de la revista Pol\u00e9micas Feministas"}]},{"@type":"WebSite","@id":"https:\/\/ffyh.unc.edu.ar\/ciffyh\/#website","url":"https:\/\/ffyh.unc.edu.ar\/ciffyh\/","name":"Centro de Investigaciones \"Maria Saleme de Burnichon\"","description":"Facultad de Filosof\u00eda y Humanidades | UNC","publisher":{"@id":"https:\/\/ffyh.unc.edu.ar\/ciffyh\/#organization"},"potentialAction":[{"@type":"SearchAction","target":{"@type":"EntryPoint","urlTemplate":"https:\/\/ffyh.unc.edu.ar\/ciffyh\/?s={search_term_string}"},"query-input":{"@type":"PropertyValueSpecification","valueRequired":true,"valueName":"search_term_string"}}],"inLanguage":"es"},{"@type":"Organization","@id":"https:\/\/ffyh.unc.edu.ar\/ciffyh\/#organization","name":"Centro de Investigaciones \"Maria Saleme de Burnichon\"","url":"https:\/\/ffyh.unc.edu.ar\/ciffyh\/","logo":{"@type":"ImageObject","inLanguage":"es","@id":"https:\/\/ffyh.unc.edu.ar\/ciffyh\/#\/schema\/logo\/image\/","url":"https:\/\/ffyh.unc.edu.ar\/ciffyh\/wp-content\/uploads\/sites\/10\/2018\/02\/cropped-logo-ciffyh-ico.png","contentUrl":"https:\/\/ffyh.unc.edu.ar\/ciffyh\/wp-content\/uploads\/sites\/10\/2018\/02\/cropped-logo-ciffyh-ico.png","width":512,"height":512,"caption":"Centro de Investigaciones \"Maria Saleme de Burnichon\""},"image":{"@id":"https:\/\/ffyh.unc.edu.ar\/ciffyh\/#\/schema\/logo\/image\/"},"sameAs":["https:\/\/www.instagram.com\/ciffyh\/"]},{"@type":"Person","@id":"https:\/\/ffyh.unc.edu.ar\/ciffyh\/#\/schema\/person\/e6b9f6aec95cb7437bb2fde09e23b224","name":"\u00c1rea de Comunicaci\u00f3n - FFyH","image":{"@type":"ImageObject","inLanguage":"es","@id":"https:\/\/ffyh.unc.edu.ar\/ciffyh\/#\/schema\/person\/image\/","url":"https:\/\/secure.gravatar.com\/avatar\/1d896d10b19526e4cb6e972ca0f1b6719a4697e2d88742a801b88b3682d5be75?s=96&d=mm&r=g","contentUrl":"https:\/\/secure.gravatar.com\/avatar\/1d896d10b19526e4cb6e972ca0f1b6719a4697e2d88742a801b88b3682d5be75?s=96&d=mm&r=g","caption":"\u00c1rea de Comunicaci\u00f3n - FFyH"},"url":"https:\/\/ffyh.unc.edu.ar\/ciffyh\/author\/prensa\/"}]}},"jetpack_featured_media_url":"https:\/\/ffyh.unc.edu.ar\/ciffyh\/wp-content\/uploads\/sites\/10\/2020\/05\/convocatoria-polemicas-2020.jpeg","_links":{"self":[{"href":"https:\/\/ffyh.unc.edu.ar\/ciffyh\/wp-json\/wp\/v2\/posts\/4226","targetHints":{"allow":["GET"]}}],"collection":[{"href":"https:\/\/ffyh.unc.edu.ar\/ciffyh\/wp-json\/wp\/v2\/posts"}],"about":[{"href":"https:\/\/ffyh.unc.edu.ar\/ciffyh\/wp-json\/wp\/v2\/types\/post"}],"author":[{"embeddable":true,"href":"https:\/\/ffyh.unc.edu.ar\/ciffyh\/wp-json\/wp\/v2\/users\/2"}],"replies":[{"embeddable":true,"href":"https:\/\/ffyh.unc.edu.ar\/ciffyh\/wp-json\/wp\/v2\/comments?post=4226"}],"version-history":[{"count":1,"href":"https:\/\/ffyh.unc.edu.ar\/ciffyh\/wp-json\/wp\/v2\/posts\/4226\/revisions"}],"predecessor-version":[{"id":4228,"href":"https:\/\/ffyh.unc.edu.ar\/ciffyh\/wp-json\/wp\/v2\/posts\/4226\/revisions\/4228"}],"wp:featuredmedia":[{"embeddable":true,"href":"https:\/\/ffyh.unc.edu.ar\/ciffyh\/wp-json\/wp\/v2\/media\/4227"}],"wp:attachment":[{"href":"https:\/\/ffyh.unc.edu.ar\/ciffyh\/wp-json\/wp\/v2\/media?parent=4226"}],"wp:term":[{"taxonomy":"category","embeddable":true,"href":"https:\/\/ffyh.unc.edu.ar\/ciffyh\/wp-json\/wp\/v2\/categories?post=4226"},{"taxonomy":"post_tag","embeddable":true,"href":"https:\/\/ffyh.unc.edu.ar\/ciffyh\/wp-json\/wp\/v2\/tags?post=4226"}],"curies":[{"name":"wp","href":"https:\/\/api.w.org\/{rel}","templated":true}]}}