{"id":4396,"date":"2020-11-19T17:38:13","date_gmt":"2020-11-19T17:38:13","guid":{"rendered":"http:\/\/ffyh.unc.edu.ar\/ciffyh\/?p=4396"},"modified":"2020-11-19T17:38:13","modified_gmt":"2020-11-19T17:38:13","slug":"mariposas-contra-las-violencias","status":"publish","type":"post","link":"https:\/\/ffyh.unc.edu.ar\/ciffyh\/mariposas-contra-las-violencias\/","title":{"rendered":"Mariposas contra las violencias"},"content":{"rendered":"<p>El d\u00eda 25 de noviembre se conmemora el\u00a0<em>D\u00eda de lucha por la no Violencia hacia las Mujeres<\/em>. En ese marco, diversos espacios de la Facultad de Filosof\u00eda y Humanidades, interpeladxs por las situaciones de violencia e injusticia de g\u00e9nero que persisten y se intensifican en oportunidades y situaciones espec\u00edficas, y por el necesario compromiso con su transformaci\u00f3n, convocan a participar de una serie de actividades bajo el lema\u00a0<strong>Mariposas contra las violencias<\/strong>\u00a0y que estar\u00e1n disponibles en el sitio web\u00a0<a href=\"https:\/\/ffyh.unc.edu.ar\/mariposascontralasviolencias\/\" target=\"_blank\" rel=\"noopener noreferrer\">https:\/\/ffyh.unc.edu.ar\/mariposascontralasviolencias\/<\/a><\/p>\n<p><!--more--><\/p>\n<p>\u201cEste 25 de noviembre nos encuentra en un contexto excepcional, donde las luchas y los encuentros no se dan en el fragor de las calles, pero precisamente por ello, se tornan imprescindibles. La violencia de g\u00e9nero en sus formas extremas hoy tiene modos espec\u00edficos de ser nombrada y repudiada p\u00fablicamente: Los femicidios, lesbicidios, travesticidios y transfemicidios lamentablemente no dejan de ocupar nuestras primeras planas aunque sabemos que s\u00f3lo son la punta del iceberg. La violencia de g\u00e9nero se experimenta a diario y se intensifica en situaci\u00f3n de aislamiento. El encierro s\u00f3lo ha clarificado las m\u00faltiples violencias y su solapamiento en los v\u00ednculos y trabajos de cuidado, en las relaciones sexo-afectivas, y en las relaciones laborales que se precarizan cada vez m\u00e1s. \u00bfC\u00f3mo se manifiestan las violencias de g\u00e9nero en este contexto?, \u00bfqu\u00e9 tipo de violencias nos atraviesan en nuestra cotidianidad: en nuestras casas, en los espacios y relaciones de trabajo y de estudios, en nuestras comunidades pol\u00edticas?, \u00bfc\u00f3mo tendemos redes de cuidado?, \u00bfc\u00f3mo articulamos pol\u00edticamente nuestras resistencias?, \u00bfc\u00f3mo afectan las jerarqu\u00edas y privilegios acad\u00e9micos en la complicidad y\/o ocultamiento de las violencias de g\u00e9nero en el espacio universitario?\u201d, se destaca en la presentaci\u00f3n de la web\u00a0<a href=\"https:\/\/ffyh.unc.edu.ar\/mariposascontralasviolencias\/\" target=\"_blank\" rel=\"noopener noreferrer\">https:\/\/ffyh.unc.edu.ar\/mariposascontralasviolencias\/.<\/a><\/p>\n<p>En este marco, se desarrollar\u00e1n diferentes actividades como la\u00a0<a href=\"https:\/\/ffyh.unc.edu.ar\/mariposascontralasviolencias\/2020\/11\/17\/lectura-comentada-de-lisistrata\/\" target=\"_blank\" rel=\"noopener noreferrer\">Lectura comentada de\u00a0Lis\u00edstrata<\/a>, organizada por la c\u00e1tedra de\u00a0Literatura Cl\u00e1sica Griega y Latina\u00a0de la Escuela de Letras, que se realizar\u00e1 el martes 24 de noviembre, desde las 18 hs., en\u00a0<a href=\"https:\/\/meet.google.com\/evh-ebrc-tfc\" target=\"_blank\" rel=\"noopener noreferrer\">https:\/\/meet.google.com\/evh-ebrc-tfc<\/a>; el\u00a0<a href=\"https:\/\/ffyh.unc.edu.ar\/mariposascontralasviolencias\/2020\/11\/16\/conversatorio-ley-micaela-y-perspectiva-feminista-aportes-hacia-una-vida-institucional-libre-de-violencias-de-genero-en-la-universidad\/\" target=\"_blank\" rel=\"noopener noreferrer\">conversatorio \u201cLey Micaela y perspectiva feminista. Aportes hacia una vida institucional libre de violencias de g\u00e9nero en la universidad\u201d<\/a>, a cargo de Diana Broggi, Alejandra Dom\u00ednguez y Mar\u00eda Teresa Bossio, a desarrollarse el viernes 27 noviembre, a las 18 horas, en\u00a0<a href=\"https:\/\/meet.google.com\/kpa-tuut-hpm\" target=\"_blank\" rel=\"noopener noreferrer\">https:\/\/meet.google.com\/kpa-tuut-hpm<\/a><\/p>\n<p>Por otro lado, con el lema \u201c<strong>Ni meras musas inspiradoras ni locas exc\u00e9ntricas escritoras: vivas hacedoras<\/strong>\u201d, el\u00a0<a href=\"https:\/\/ffyh.unc.edu.ar\/mariposascontralasviolencias\/2020\/11\/18\/diccionario-de-escritoras\/\" target=\"_blank\" rel=\"noopener noreferrer\">Diccionario de Escritoras<\/a>\u00a0propone reflexionar sobre las violencias machistas que constituyen el mundo de la literatura, la filosof\u00eda, el arte, el pensamiento en general. Desde el domingo 22 hasta el mi\u00e9rcoles 25 de noviembre se pueden compartir historias o foto de escritoras a trav\u00e9s del Instagram\u00a0<a href=\"https:\/\/www.instagram.com\/diccionariodescritoras\/\" target=\"_blank\" rel=\"noopener noreferrer\">https:\/\/www.instagram.com\/diccionariodescritoras\/<\/a>\u00a0y los hashtags:\u00a0#porunmundosinviolencias\u00a0#25deNoviembre\u00a0#mariposascontralasviolencias<\/p>\n<p>Tambi\u00e9n se podr\u00e1 encontrar un padlet, titulado<strong>\u00a0\u201cEnsamble feminista para un mundo sin violencias\u201d<\/strong>, donde se podr\u00e1n compartir deseos, sue\u00f1os, experimentaciones colectivas, proyecciones, horizontes imaginados, para componer otro presente. Un presente donde ensayar otras experiencias de nosotres y les otres, un presente que potencie los lazos que ya se tejen para inventar otras formas de reconocimiento y comunidad.<\/p>\n<p><img fetchpriority=\"high\" decoding=\"async\" class=\"alignnone size-full wp-image-11985\" src=\"https:\/\/ffyh.unc.edu.ar\/wp-content\/uploads\/2020\/11\/mariposas-2.jpg\" alt=\"\" width=\"1280\" height=\"1280\" \/><\/p>\n<p><strong>\u00bfPor qu\u00e9 el 25 de noviembre?<\/strong><\/p>\n<p>El 25 de noviembre se instituy\u00f3 el\u00a0<em>D\u00eda de lucha por la no Violencia hacia las Mujeres<\/em>, propuesta en el\u00a0<em>I Encuentro Feminista Latinoamericano y del Caribe<\/em>\u00a0(EFLAC) desarrollado en Cartagena, Colombia en 1981, con m\u00e1s de 300 participantes. En ese encuentro, las feministas dominicanas Magal\u00ed Pineda, Mirta Rodr\u00edguez y \u00c1ngela Hern\u00e1ndez propusieron esta fecha en homenaje a las tres hermanas Mirabal, quienes fueron asesinadas -en ese d\u00eda, en 1960- bajo la orden del dictador de la Rep\u00fablica Dominicana, Rafael Le\u00f3nidas Trujillo.<\/p>\n<p>Conocidas como \u201cLas Mariposas\u201d, porque as\u00ed se hac\u00edan llamar en la militancia, tuvieron un rol fundamental en la oposici\u00f3n al r\u00e9gimen dictatorial desde el Partido Socialista Popular, pero sobre todo desde la \u201cAgrupaci\u00f3n pol\u00edtica 14 de junio\u201d, luego devenida en partido pol\u00edtico. Esta agrupaci\u00f3n tomaba ese nombre en conmemoraci\u00f3n al d\u00eda en que el\u00a0<em>Movimiento de Liberaci\u00f3n Dominicana<\/em>\u00a0-con colaboraci\u00f3n de Fidel Castro desde Cuba- desembarc\u00f3 en el pa\u00eds en 1959 para enfrentarse a Trujillo.<\/p>\n<p>Fruto de su militancia opositora al r\u00e9gimen de Trujillo, las hermanas Mirabal fueron encarceladas, torturadas y violadas en diversas ocasiones. Sus esposos, compa\u00f1eros de militancia, compartieron la misma suerte. En 1960, luego de que Minerva y Mar\u00eda Teresa fueran juzgadas y condenadas a tres a\u00f1os de prisi\u00f3n, al igual que sus esposos, por atentar contra la seguridad del estado dominicano, fueron llamativamente puestas en libertad. En una visita que las tres hermanas hicieron a sus compa\u00f1eros un 25 de noviembre, un comando del Servicio de Inteligencia Militar les tendi\u00f3 una emboscada y, simulando un accidente automovil\u00edstico, las masacraron. Las repercusiones no se hicieron esperar: el asesinato de las Mariposas provoc\u00f3 gran revuelo en el pueblo dominicano y defini\u00f3 el final del propio Trujillo: el 30 de mayo de 1961, el dictador fue acribillado mientras era trasladado en su auto.<\/p>\n<p>Naci\u00f3 de esta manera, en ese contexto latinoamericano de luchas por la democracia y la libertad, una fecha latinoamericana y luego internacional, en que se unific\u00f3 en todos los pa\u00edses la demanda de una vida sin violencia para las mujeres.<\/p>\n<p>Diecinueve a\u00f1os despu\u00e9s, y como resultado de las acciones del movimiento feminista, en diciembre de 1999, la Asamblea General de las Naciones Unidas declar\u00f3 al 25 de noviembre,\u00a0<em>D\u00eda Internacional de la Eliminaci\u00f3n de la Violencia contra la Mujer<\/em>\u00a0a trav\u00e9s de la Resoluci\u00f3n 54\/134.<\/p>\n","protected":false},"excerpt":{"rendered":"<p>El d\u00eda 25 de noviembre se conmemora el\u00a0D\u00eda de lucha por la no Violencia hacia las Mujeres. En ese marco,<\/p>\n","protected":false},"author":2,"featured_media":4397,"comment_status":"closed","ping_status":"closed","sticky":false,"template":"","format":"standard","meta":{"_acf_changed":false,"colormag_page_container_layout":"default_layout","colormag_page_sidebar_layout":"default_layout","footnotes":""},"categories":[8],"tags":[],"class_list":["post-4396","post","type-post","status-publish","format-standard","has-post-thumbnail","hentry","category-noticias"],"acf":[],"yoast_head":"<!-- This site is optimized with the Yoast SEO plugin v27.1.1 - https:\/\/yoast.com\/product\/yoast-seo-wordpress\/ -->\n<title>Mariposas contra las violencias - Centro de Investigaciones &quot;Maria Saleme de Burnichon&quot;<\/title>\n<meta name=\"robots\" content=\"index, follow, max-snippet:-1, max-image-preview:large, max-video-preview:-1\" \/>\n<link rel=\"canonical\" href=\"https:\/\/ffyh.unc.edu.ar\/ciffyh\/mariposas-contra-las-violencias\/\" \/>\n<meta property=\"og:locale\" content=\"es_ES\" \/>\n<meta property=\"og:type\" content=\"article\" \/>\n<meta property=\"og:title\" content=\"Mariposas contra las violencias - Centro de Investigaciones &quot;Maria Saleme de Burnichon&quot;\" \/>\n<meta property=\"og:description\" content=\"El d\u00eda 25 de noviembre se conmemora el\u00a0D\u00eda de lucha por la no Violencia hacia las Mujeres. En ese marco,\" \/>\n<meta property=\"og:url\" content=\"https:\/\/ffyh.unc.edu.ar\/ciffyh\/mariposas-contra-las-violencias\/\" \/>\n<meta property=\"og:site_name\" content=\"Centro de Investigaciones &quot;Maria Saleme de Burnichon&quot;\" \/>\n<meta property=\"article:published_time\" content=\"2020-11-19T17:38:13+00:00\" \/>\n<meta property=\"og:image\" content=\"https:\/\/ffyh.unc.edu.ar\/ciffyh\/wp-content\/uploads\/sites\/10\/2020\/11\/mariposas-2.jpg\" \/>\n\t<meta property=\"og:image:width\" content=\"1280\" \/>\n\t<meta property=\"og:image:height\" content=\"1280\" \/>\n\t<meta property=\"og:image:type\" content=\"image\/jpeg\" \/>\n<meta name=\"author\" content=\"\u00c1rea de Comunicaci\u00f3n - FFyH\" \/>\n<meta name=\"twitter:card\" content=\"summary_large_image\" \/>\n<meta name=\"twitter:label1\" content=\"Escrito por\" \/>\n\t<meta name=\"twitter:data1\" content=\"\" \/>\n\t<meta name=\"twitter:label2\" content=\"Tiempo de lectura\" \/>\n\t<meta name=\"twitter:data2\" content=\"5 minutos\" \/>\n<script type=\"application\/ld+json\" class=\"yoast-schema-graph\">{\"@context\":\"https:\/\/schema.org\",\"@graph\":[{\"@type\":\"Article\",\"@id\":\"https:\/\/ffyh.unc.edu.ar\/ciffyh\/mariposas-contra-las-violencias\/#article\",\"isPartOf\":{\"@id\":\"https:\/\/ffyh.unc.edu.ar\/ciffyh\/mariposas-contra-las-violencias\/\"},\"author\":{\"name\":\"\u00c1rea de Comunicaci\u00f3n - FFyH\",\"@id\":\"https:\/\/ffyh.unc.edu.ar\/ciffyh\/#\/schema\/person\/e6b9f6aec95cb7437bb2fde09e23b224\"},\"headline\":\"Mariposas contra las violencias\",\"datePublished\":\"2020-11-19T17:38:13+00:00\",\"mainEntityOfPage\":{\"@id\":\"https:\/\/ffyh.unc.edu.ar\/ciffyh\/mariposas-contra-las-violencias\/\"},\"wordCount\":960,\"publisher\":{\"@id\":\"https:\/\/ffyh.unc.edu.ar\/ciffyh\/#organization\"},\"image\":{\"@id\":\"https:\/\/ffyh.unc.edu.ar\/ciffyh\/mariposas-contra-las-violencias\/#primaryimage\"},\"thumbnailUrl\":\"https:\/\/ffyh.unc.edu.ar\/ciffyh\/wp-content\/uploads\/sites\/10\/2020\/11\/mariposas-2.jpg\",\"articleSection\":[\"Noticias\"],\"inLanguage\":\"es\"},{\"@type\":\"WebPage\",\"@id\":\"https:\/\/ffyh.unc.edu.ar\/ciffyh\/mariposas-contra-las-violencias\/\",\"url\":\"https:\/\/ffyh.unc.edu.ar\/ciffyh\/mariposas-contra-las-violencias\/\",\"name\":\"Mariposas contra las violencias - Centro de Investigaciones &quot;Maria Saleme de Burnichon&quot;\",\"isPartOf\":{\"@id\":\"https:\/\/ffyh.unc.edu.ar\/ciffyh\/#website\"},\"primaryImageOfPage\":{\"@id\":\"https:\/\/ffyh.unc.edu.ar\/ciffyh\/mariposas-contra-las-violencias\/#primaryimage\"},\"image\":{\"@id\":\"https:\/\/ffyh.unc.edu.ar\/ciffyh\/mariposas-contra-las-violencias\/#primaryimage\"},\"thumbnailUrl\":\"https:\/\/ffyh.unc.edu.ar\/ciffyh\/wp-content\/uploads\/sites\/10\/2020\/11\/mariposas-2.jpg\",\"datePublished\":\"2020-11-19T17:38:13+00:00\",\"breadcrumb\":{\"@id\":\"https:\/\/ffyh.unc.edu.ar\/ciffyh\/mariposas-contra-las-violencias\/#breadcrumb\"},\"inLanguage\":\"es\",\"potentialAction\":[{\"@type\":\"ReadAction\",\"target\":[\"https:\/\/ffyh.unc.edu.ar\/ciffyh\/mariposas-contra-las-violencias\/\"]}]},{\"@type\":\"ImageObject\",\"inLanguage\":\"es\",\"@id\":\"https:\/\/ffyh.unc.edu.ar\/ciffyh\/mariposas-contra-las-violencias\/#primaryimage\",\"url\":\"https:\/\/ffyh.unc.edu.ar\/ciffyh\/wp-content\/uploads\/sites\/10\/2020\/11\/mariposas-2.jpg\",\"contentUrl\":\"https:\/\/ffyh.unc.edu.ar\/ciffyh\/wp-content\/uploads\/sites\/10\/2020\/11\/mariposas-2.jpg\",\"width\":1280,\"height\":1280},{\"@type\":\"BreadcrumbList\",\"@id\":\"https:\/\/ffyh.unc.edu.ar\/ciffyh\/mariposas-contra-las-violencias\/#breadcrumb\",\"itemListElement\":[{\"@type\":\"ListItem\",\"position\":1,\"name\":\"Portada\",\"item\":\"https:\/\/ffyh.unc.edu.ar\/ciffyh\/\"},{\"@type\":\"ListItem\",\"position\":2,\"name\":\"Mariposas contra las violencias\"}]},{\"@type\":\"WebSite\",\"@id\":\"https:\/\/ffyh.unc.edu.ar\/ciffyh\/#website\",\"url\":\"https:\/\/ffyh.unc.edu.ar\/ciffyh\/\",\"name\":\"Centro de Investigaciones \\\"Maria Saleme de Burnichon\\\"\",\"description\":\"Facultad de Filosof\u00eda y Humanidades | UNC\",\"publisher\":{\"@id\":\"https:\/\/ffyh.unc.edu.ar\/ciffyh\/#organization\"},\"potentialAction\":[{\"@type\":\"SearchAction\",\"target\":{\"@type\":\"EntryPoint\",\"urlTemplate\":\"https:\/\/ffyh.unc.edu.ar\/ciffyh\/?s={search_term_string}\"},\"query-input\":{\"@type\":\"PropertyValueSpecification\",\"valueRequired\":true,\"valueName\":\"search_term_string\"}}],\"inLanguage\":\"es\"},{\"@type\":\"Organization\",\"@id\":\"https:\/\/ffyh.unc.edu.ar\/ciffyh\/#organization\",\"name\":\"Centro de Investigaciones \\\"Maria Saleme de Burnichon\\\"\",\"url\":\"https:\/\/ffyh.unc.edu.ar\/ciffyh\/\",\"logo\":{\"@type\":\"ImageObject\",\"inLanguage\":\"es\",\"@id\":\"https:\/\/ffyh.unc.edu.ar\/ciffyh\/#\/schema\/logo\/image\/\",\"url\":\"https:\/\/ffyh.unc.edu.ar\/ciffyh\/wp-content\/uploads\/sites\/10\/2018\/02\/cropped-logo-ciffyh-ico.png\",\"contentUrl\":\"https:\/\/ffyh.unc.edu.ar\/ciffyh\/wp-content\/uploads\/sites\/10\/2018\/02\/cropped-logo-ciffyh-ico.png\",\"width\":512,\"height\":512,\"caption\":\"Centro de Investigaciones \\\"Maria Saleme de Burnichon\\\"\"},\"image\":{\"@id\":\"https:\/\/ffyh.unc.edu.ar\/ciffyh\/#\/schema\/logo\/image\/\"},\"sameAs\":[\"https:\/\/www.instagram.com\/ciffyh\/\"]},{\"@type\":\"Person\",\"@id\":\"https:\/\/ffyh.unc.edu.ar\/ciffyh\/#\/schema\/person\/e6b9f6aec95cb7437bb2fde09e23b224\",\"name\":\"\u00c1rea de Comunicaci\u00f3n - FFyH\",\"image\":{\"@type\":\"ImageObject\",\"inLanguage\":\"es\",\"@id\":\"https:\/\/ffyh.unc.edu.ar\/ciffyh\/#\/schema\/person\/image\/\",\"url\":\"https:\/\/secure.gravatar.com\/avatar\/1d896d10b19526e4cb6e972ca0f1b6719a4697e2d88742a801b88b3682d5be75?s=96&d=mm&r=g\",\"contentUrl\":\"https:\/\/secure.gravatar.com\/avatar\/1d896d10b19526e4cb6e972ca0f1b6719a4697e2d88742a801b88b3682d5be75?s=96&d=mm&r=g\",\"caption\":\"\u00c1rea de Comunicaci\u00f3n - FFyH\"},\"url\":\"https:\/\/ffyh.unc.edu.ar\/ciffyh\/author\/prensa\/\"}]}<\/script>\n<!-- \/ Yoast SEO plugin. -->","yoast_head_json":{"title":"Mariposas contra las violencias - Centro de Investigaciones &quot;Maria Saleme de Burnichon&quot;","robots":{"index":"index","follow":"follow","max-snippet":"max-snippet:-1","max-image-preview":"max-image-preview:large","max-video-preview":"max-video-preview:-1"},"canonical":"https:\/\/ffyh.unc.edu.ar\/ciffyh\/mariposas-contra-las-violencias\/","og_locale":"es_ES","og_type":"article","og_title":"Mariposas contra las violencias - Centro de Investigaciones &quot;Maria Saleme de Burnichon&quot;","og_description":"El d\u00eda 25 de noviembre se conmemora el\u00a0D\u00eda de lucha por la no Violencia hacia las Mujeres. En ese marco,","og_url":"https:\/\/ffyh.unc.edu.ar\/ciffyh\/mariposas-contra-las-violencias\/","og_site_name":"Centro de Investigaciones &quot;Maria Saleme de Burnichon&quot;","article_published_time":"2020-11-19T17:38:13+00:00","og_image":[{"width":1280,"height":1280,"url":"https:\/\/ffyh.unc.edu.ar\/ciffyh\/wp-content\/uploads\/sites\/10\/2020\/11\/mariposas-2.jpg","type":"image\/jpeg"}],"author":"\u00c1rea de Comunicaci\u00f3n - FFyH","twitter_card":"summary_large_image","twitter_misc":{"Escrito por":false,"Tiempo de lectura":"5 minutos"},"schema":{"@context":"https:\/\/schema.org","@graph":[{"@type":"Article","@id":"https:\/\/ffyh.unc.edu.ar\/ciffyh\/mariposas-contra-las-violencias\/#article","isPartOf":{"@id":"https:\/\/ffyh.unc.edu.ar\/ciffyh\/mariposas-contra-las-violencias\/"},"author":{"name":"\u00c1rea de Comunicaci\u00f3n - FFyH","@id":"https:\/\/ffyh.unc.edu.ar\/ciffyh\/#\/schema\/person\/e6b9f6aec95cb7437bb2fde09e23b224"},"headline":"Mariposas contra las violencias","datePublished":"2020-11-19T17:38:13+00:00","mainEntityOfPage":{"@id":"https:\/\/ffyh.unc.edu.ar\/ciffyh\/mariposas-contra-las-violencias\/"},"wordCount":960,"publisher":{"@id":"https:\/\/ffyh.unc.edu.ar\/ciffyh\/#organization"},"image":{"@id":"https:\/\/ffyh.unc.edu.ar\/ciffyh\/mariposas-contra-las-violencias\/#primaryimage"},"thumbnailUrl":"https:\/\/ffyh.unc.edu.ar\/ciffyh\/wp-content\/uploads\/sites\/10\/2020\/11\/mariposas-2.jpg","articleSection":["Noticias"],"inLanguage":"es"},{"@type":"WebPage","@id":"https:\/\/ffyh.unc.edu.ar\/ciffyh\/mariposas-contra-las-violencias\/","url":"https:\/\/ffyh.unc.edu.ar\/ciffyh\/mariposas-contra-las-violencias\/","name":"Mariposas contra las violencias - Centro de Investigaciones &quot;Maria Saleme de Burnichon&quot;","isPartOf":{"@id":"https:\/\/ffyh.unc.edu.ar\/ciffyh\/#website"},"primaryImageOfPage":{"@id":"https:\/\/ffyh.unc.edu.ar\/ciffyh\/mariposas-contra-las-violencias\/#primaryimage"},"image":{"@id":"https:\/\/ffyh.unc.edu.ar\/ciffyh\/mariposas-contra-las-violencias\/#primaryimage"},"thumbnailUrl":"https:\/\/ffyh.unc.edu.ar\/ciffyh\/wp-content\/uploads\/sites\/10\/2020\/11\/mariposas-2.jpg","datePublished":"2020-11-19T17:38:13+00:00","breadcrumb":{"@id":"https:\/\/ffyh.unc.edu.ar\/ciffyh\/mariposas-contra-las-violencias\/#breadcrumb"},"inLanguage":"es","potentialAction":[{"@type":"ReadAction","target":["https:\/\/ffyh.unc.edu.ar\/ciffyh\/mariposas-contra-las-violencias\/"]}]},{"@type":"ImageObject","inLanguage":"es","@id":"https:\/\/ffyh.unc.edu.ar\/ciffyh\/mariposas-contra-las-violencias\/#primaryimage","url":"https:\/\/ffyh.unc.edu.ar\/ciffyh\/wp-content\/uploads\/sites\/10\/2020\/11\/mariposas-2.jpg","contentUrl":"https:\/\/ffyh.unc.edu.ar\/ciffyh\/wp-content\/uploads\/sites\/10\/2020\/11\/mariposas-2.jpg","width":1280,"height":1280},{"@type":"BreadcrumbList","@id":"https:\/\/ffyh.unc.edu.ar\/ciffyh\/mariposas-contra-las-violencias\/#breadcrumb","itemListElement":[{"@type":"ListItem","position":1,"name":"Portada","item":"https:\/\/ffyh.unc.edu.ar\/ciffyh\/"},{"@type":"ListItem","position":2,"name":"Mariposas contra las violencias"}]},{"@type":"WebSite","@id":"https:\/\/ffyh.unc.edu.ar\/ciffyh\/#website","url":"https:\/\/ffyh.unc.edu.ar\/ciffyh\/","name":"Centro de Investigaciones \"Maria Saleme de Burnichon\"","description":"Facultad de Filosof\u00eda y Humanidades | UNC","publisher":{"@id":"https:\/\/ffyh.unc.edu.ar\/ciffyh\/#organization"},"potentialAction":[{"@type":"SearchAction","target":{"@type":"EntryPoint","urlTemplate":"https:\/\/ffyh.unc.edu.ar\/ciffyh\/?s={search_term_string}"},"query-input":{"@type":"PropertyValueSpecification","valueRequired":true,"valueName":"search_term_string"}}],"inLanguage":"es"},{"@type":"Organization","@id":"https:\/\/ffyh.unc.edu.ar\/ciffyh\/#organization","name":"Centro de Investigaciones \"Maria Saleme de Burnichon\"","url":"https:\/\/ffyh.unc.edu.ar\/ciffyh\/","logo":{"@type":"ImageObject","inLanguage":"es","@id":"https:\/\/ffyh.unc.edu.ar\/ciffyh\/#\/schema\/logo\/image\/","url":"https:\/\/ffyh.unc.edu.ar\/ciffyh\/wp-content\/uploads\/sites\/10\/2018\/02\/cropped-logo-ciffyh-ico.png","contentUrl":"https:\/\/ffyh.unc.edu.ar\/ciffyh\/wp-content\/uploads\/sites\/10\/2018\/02\/cropped-logo-ciffyh-ico.png","width":512,"height":512,"caption":"Centro de Investigaciones \"Maria Saleme de Burnichon\""},"image":{"@id":"https:\/\/ffyh.unc.edu.ar\/ciffyh\/#\/schema\/logo\/image\/"},"sameAs":["https:\/\/www.instagram.com\/ciffyh\/"]},{"@type":"Person","@id":"https:\/\/ffyh.unc.edu.ar\/ciffyh\/#\/schema\/person\/e6b9f6aec95cb7437bb2fde09e23b224","name":"\u00c1rea de Comunicaci\u00f3n - FFyH","image":{"@type":"ImageObject","inLanguage":"es","@id":"https:\/\/ffyh.unc.edu.ar\/ciffyh\/#\/schema\/person\/image\/","url":"https:\/\/secure.gravatar.com\/avatar\/1d896d10b19526e4cb6e972ca0f1b6719a4697e2d88742a801b88b3682d5be75?s=96&d=mm&r=g","contentUrl":"https:\/\/secure.gravatar.com\/avatar\/1d896d10b19526e4cb6e972ca0f1b6719a4697e2d88742a801b88b3682d5be75?s=96&d=mm&r=g","caption":"\u00c1rea de Comunicaci\u00f3n - FFyH"},"url":"https:\/\/ffyh.unc.edu.ar\/ciffyh\/author\/prensa\/"}]}},"jetpack_featured_media_url":"https:\/\/ffyh.unc.edu.ar\/ciffyh\/wp-content\/uploads\/sites\/10\/2020\/11\/mariposas-2.jpg","_links":{"self":[{"href":"https:\/\/ffyh.unc.edu.ar\/ciffyh\/wp-json\/wp\/v2\/posts\/4396","targetHints":{"allow":["GET"]}}],"collection":[{"href":"https:\/\/ffyh.unc.edu.ar\/ciffyh\/wp-json\/wp\/v2\/posts"}],"about":[{"href":"https:\/\/ffyh.unc.edu.ar\/ciffyh\/wp-json\/wp\/v2\/types\/post"}],"author":[{"embeddable":true,"href":"https:\/\/ffyh.unc.edu.ar\/ciffyh\/wp-json\/wp\/v2\/users\/2"}],"replies":[{"embeddable":true,"href":"https:\/\/ffyh.unc.edu.ar\/ciffyh\/wp-json\/wp\/v2\/comments?post=4396"}],"version-history":[{"count":1,"href":"https:\/\/ffyh.unc.edu.ar\/ciffyh\/wp-json\/wp\/v2\/posts\/4396\/revisions"}],"predecessor-version":[{"id":4398,"href":"https:\/\/ffyh.unc.edu.ar\/ciffyh\/wp-json\/wp\/v2\/posts\/4396\/revisions\/4398"}],"wp:featuredmedia":[{"embeddable":true,"href":"https:\/\/ffyh.unc.edu.ar\/ciffyh\/wp-json\/wp\/v2\/media\/4397"}],"wp:attachment":[{"href":"https:\/\/ffyh.unc.edu.ar\/ciffyh\/wp-json\/wp\/v2\/media?parent=4396"}],"wp:term":[{"taxonomy":"category","embeddable":true,"href":"https:\/\/ffyh.unc.edu.ar\/ciffyh\/wp-json\/wp\/v2\/categories?post=4396"},{"taxonomy":"post_tag","embeddable":true,"href":"https:\/\/ffyh.unc.edu.ar\/ciffyh\/wp-json\/wp\/v2\/tags?post=4396"}],"curies":[{"name":"wp","href":"https:\/\/api.w.org\/{rel}","templated":true}]}}