{"id":440,"date":"2010-06-30T11:17:26","date_gmt":"2010-06-30T14:17:26","guid":{"rendered":"http:\/\/www.ffyh.unc.edu.ar\/ciffyh\/?p=440"},"modified":"2010-06-30T11:17:26","modified_gmt":"2010-06-30T14:17:26","slug":"dialogos-platonico","status":"publish","type":"post","link":"https:\/\/ffyh.unc.edu.ar\/ciffyh\/dialogos-platonico\/","title":{"rendered":"Di\u00e1logos plat\u00f3nicos"},"content":{"rendered":"<p style=\"text-align: left\"><strong>Ram\u00f3n Cornavaca es docente de Letras Cl\u00e1sicas y ha dirigido varios proyectos de investigaci\u00f3n sobre temas vinculados a la obra de Plat\u00f3n. Aqu\u00ed explica la importancia y la vigencia de este autor que tiene m\u00e1s de 2400 a\u00f1os. Adem\u00e1s, en agosto dictar\u00e1 un seminario de extensi\u00f3n en la Biblioteca C\u00f3rdoba.<br \/>\n<\/strong><\/p>\n<figure style=\"width: 246px\" class=\"wp-caption alignright\"><img fetchpriority=\"high\" decoding=\"async\" src=\"http:\/\/www.philosophica.info\/voces\/platon\/Platon-img1.jpg\" alt=\"\" width=\"246\" height=\"262\" \/><figcaption class=\"wp-caption-text\">&quot;Los antiguos griegos marcaron l\u00edneas que luego van a ser recibidas por otros autores&quot;, dice Cornavaca.<\/figcaption><\/figure>\n<p style=\"text-align: left\">A mediados de la d\u00e9cada del 90, un grupo de docentes e investigadores, principalmente de la Escuela de Letras, comenzaron a reunirse para <strong>estudiar la obra de Plat\u00f3n<\/strong>. \u201cHemos seguido en esa l\u00ednea durante todo este tiempo, con algunas variantes. Algunos a\u00f1os exploramos otras \u00e1reas, pero mantuvimos el centro de atenci\u00f3n en la obra de Plat\u00f3n porque nos parece muy significativa\u201d, se\u00f1ala Ram\u00f3n Cornavaca, docente de las c\u00e1tedras <strong>Filolog\u00eda Griega I y II<\/strong> y director del proyecto <strong>Phil\u00eda, di\u00e1logo y conocimiento. Proyecciones a partir del tratamiento plat\u00f3nico de la amistad y sus implicaciones en los \u00e1mbitos educativo, pol\u00edtico y c\u00f3smico<\/strong>, radicado en el Centro de Investigaciones de la FFyH.<\/p>\n<p style=\"text-align: left\">\u201cLa obra de Plat\u00f3n fue un hito importante porque ha sido constantemente <strong>rele\u00edda y asumida por autores posteriores<\/strong>, tanto en el campo de la literatura como en el de la filosof\u00eda y en el de las artes\u201d, explica Cornavaca sobre la trascendencia de los textos de este autor griego, que vivi\u00f3 entre el 428 y el 347 antes de nuestra era. \u201cPor una parte, Plat\u00f3n tiene una especie de caja de resonancia del pasado griego cl\u00e1sico, con Homero, la l\u00edrica, la tragedia y la sofistica. Las l\u00edneas fundamentales, las grandes creaciones del g\u00e9nero griego precl\u00e1sico y cl\u00e1sico, de alg\u00fan modo, repercuten en Plat\u00f3n.<strong> Es un gran receptor de todo el pasado griego y a la vez lanza la rueda hacia adelante<\/strong> porque las influencias de su obra, y por supuesto de su disc\u00edpulo Arist\u00f3teles, pueden verse en todo el campo de las artes\u201d, dice.<\/p>\n<p style=\"text-align: left\"><!--more-->De a poco, el peque\u00f1o grupo que reun\u00eda a especialistas en letras cl\u00e1sicas, como Pedro Villagra Diez y Alejandra Brusco fue sumando interesados en la tem\u00e1tica, provenientes de distintas disciplinas, entre ellos algunos fil\u00f3sofos y psic\u00f3logos, hasta llegar a conformar hoy un <strong>equipo interdisciplinario de 15 personas<\/strong>.<\/p>\n<p style=\"text-align: left\">\u201cLo fundamental de nuestro trabajo es que, una vez que tenemos planificado qu\u00e9 vamos a trabajar, hay reuniones mensuales en donde cada uno tiene a cargo la exposici\u00f3n de alg\u00fan aspecto de la obra de Plat\u00f3n. Le damos bastante importancia a esa instancia de reuni\u00f3n, porque ah\u00ed el que prepar\u00f3 el tema\u00a0 enriquece a los dem\u00e1s y, a la vez, resulta muy enriquecido por los aportes y las preguntas de los otros. Generalmente se suscita <strong>un di\u00e1logo muy rico y estimulante<\/strong>, porque siempre despu\u00e9s de cada reuni\u00f3n quedan pendientes una serie de cuestiones\u201d, declara.<\/p>\n<p style=\"text-align: left\"><strong>Nuevos aspectos<\/strong><\/p>\n<p style=\"text-align: left\">En este proyecto de investigaci\u00f3n <strong>la obra de Plat\u00f3n es central<\/strong>, pero se trabaja desde distintos aspectos. Por ejemplo, en 2008 y 2009 se ocuparon del concepto de \u201cla <strong>amistad<\/strong>\u201d y para los pr\u00f3ximos a\u00f1os, de la noci\u00f3n de <strong>riesgo<\/strong>. Se toman como base ciertos textos plat\u00f3nicos fundamentales, luego algunos integrantes, generalmente los de letras cl\u00e1sicas, se encargan de la lectura en griego y otros revisan los antecesores de Plat\u00f3n que despu\u00e9s fueron receptados por \u00e9l. \u201cHomero aparece siempre\u201d, dice Cornavaca.<\/p>\n<p style=\"text-align: left\">Posteriormente, se realiza una proyecci\u00f3n hacia los autores cl\u00e1sicos, latinos y cristianos de los siglos II, III y IV, para ver c\u00f3mo repercuti\u00f3 la obra plat\u00f3nica. \u201cLa primera \u00e9poca despu\u00e9s de Cristo es muy interesante porque se recepta todo el pasado griego, latino, filos\u00f3fico pre-cristiano y a la vez estos autores, como Clemente de Alejandr\u00eda o Gregorio de Nisa, tienen la experiencia cristiana; entonces, <strong>se produce un fen\u00f3meno cultural muy interesante<\/strong>\u201d, se\u00f1ala.<\/p>\n<p style=\"text-align: left\">Por \u00faltimo, se pasa a los autores modernos y contempor\u00e1neos. \u201cSiempre hay alguno de los integrantes del equipo que se interesa, de alg\u00fan modo, por bajar estas cuestiones que estamos viendo en los textos cl\u00e1sicos a los problemas contempor\u00e1neos. <strong>El tema de la amistad o el riesgo son temas actuales<\/strong>, por ejemplo, y vemos c\u00f3mo los antiguos griegos vieron la cuesti\u00f3n, reflexionaron sobre eso y de alg\u00fan modo marcaron l\u00edneas que luego van a ser recibidas por otros autores\u201d, concluye.<\/p>\n<p style=\"text-align: left\">Cornavaca tambi\u00e9n dice que les resulta \u201cdif\u00edcil\u201d cerrar los proyectos. \u201cQuiz\u00e1s tiene que ver con la realidad misma de la investigaci\u00f3n\u201d, afirma y agrega: \u201cUna problem\u00e1tica va suscitando una serie de interrogantes, que se intentan responder m\u00e1s o menos acabadamente, pero <strong>enseguida surgen nuevos interrogantes<\/strong>. Entonces una investigaci\u00f3n se va enlazando con la otra. Un buen signo de un trabajo de investigaci\u00f3n bien hecho es que al finalizarlo se abra siempre a nuevas cuestiones\u201d.<\/p>\n<p style=\"text-align: left\"><strong>La vigencia de Plat\u00f3n<\/strong><\/p>\n<p style=\"text-align: left\">Los textos de Plat\u00f3n <strong>tienen m\u00e1s de 2400 a\u00f1os <\/strong>y, sin embargo, todav\u00eda se pueden ver nuevas impresiones en todas las librer\u00edas de la ciudad, se siguen vendiendo y se siguen leyendo. \u201cEs un poco parad\u00f3jico, porque algunos se preguntan <strong>para qu\u00e9 nos vamos a ocupar de textos tan viejos, cuando los problemas de hoy son muy distintos de los de la edad antigua<\/strong>, para qu\u00e9 nos vamos a ocupar de ese pasado tan remoto. Pero lo curioso es que apenas uno se pone a estudiar los textos cl\u00e1sicos, empieza a descubrir que <strong>ellos se encontraron con cuestiones fundamentales que hacen a la condici\u00f3n humana<\/strong>, que va variando, pero que hay cosas que est\u00e1n siempre presentes, por ejemplo el valor que se le asigna a la amistad en los textos cl\u00e1sicos\u201d, dice Cornavaca con respecto a esta permanencia en el tiempo.<\/p>\n<p style=\"text-align: left\">\u201cPlat\u00f3n de alg\u00fan modo <strong>era consciente de que su obra iba a ser le\u00edda<\/strong>, que su pensamiento iba a ser recibido por un buen tiempo. Con \u00e9l aparecen por primera vez en la historia del pensamiento la preocupaci\u00f3n por la recepci\u00f3n. El mismo Plat\u00f3n se encarga en su obra de dar pistas o claves de lectura\u201d, se\u00f1ala.<\/p>\n<p style=\"text-align: left\">Adem\u00e1s, en los campos de la filolog\u00eda (la ciencia que estudia los textos antiguos) y de la historia de la filosof\u00eda antigua, se hacen investigaciones y \u201cdescubrimientos\u201d constantemente. \u201cUn mismo autor se ve desde otras perspectivas, se descubren nuevas aristas para el pensamiento de la obra, se encuentran nuevos testimonios, como los papiros. Siempre aparecen novedades en cuanto al enfoque y se atiende a esos viejos textos desde otras perspectivas. <strong>Lo valioso de esos textos es que todav\u00eda dan para m\u00e1s y admiten relecturas<\/strong>\u201d, explica el investigador.<\/p>\n<p style=\"text-align: left\"><strong>Seminario de lecturas<\/strong><\/p>\n<p style=\"text-align: left\">El <strong>4 de agosto<\/strong> comienza en la Biblioteca  C\u00f3rdoba el \u201c<a href=\"http:\/\/www.ffyh.unc.edu.ar\/extension\/artes\/2010\/seminario-de-lectura-dialogos-platonicos-10.html\" target=\"_blank\">Seminario de Lectura de di\u00e1logos plat\u00f3nicos. Alcib\u00edades y Gorgias<\/a>\u201d, coordinado por Cornavaca y dictado por Valeria Secchi, Cecilia Fern\u00e1ndez Rivero y H\u00e9ctor Lascano. La actividad es <strong>gratuita <\/strong>y es organizada por la <strong>Secretar\u00eda de Extensi\u00f3n de la FFyH<\/strong>.<\/p>\n<p style=\"text-align: left\">\u201cTenemos muchas expectativas porque <strong>es la primera vez que lo hacemos<\/strong>, es para un p\u00fablico universitario y no universitario. Se pretende llevar lo que nosotros trabajamos a un \u00e1mbito m\u00e1s amplio, teniendo en cuenta aspectos pol\u00edticos de la obra de Plat\u00f3n\u201d, indica Cornavaca.<\/p>\n<p style=\"text-align: left\">La propuesta<strong> tratar\u00e1 de acercar a los participantes un modo de lectura de los di\u00e1logos<\/strong>. Se intentar\u00e1 articular una tem\u00e1tica de relevancia actual, como la construcci\u00f3n de ciudadan\u00edas e identidades multiculturales, recuperadas como procesos de integraci\u00f3n de las distintas etnias en doscientos a\u00f1os de historia argentina.<\/p>\n<p style=\"text-align: left\">En ese sentido, la extensa <strong>obra de Plat\u00f3n sigue ofreciendo puntos de referencia insoslayables para pensar y enriquecer la discusi\u00f3n<\/strong> que se entabla en la convergencia de pol\u00edtica, democracia y libertades en el marco del Bicentenario.<\/p>\n<p style=\"text-align: left\">El seminario se estructura seg\u00fan los dos di\u00e1logos plat\u00f3nicos seleccionados \u201c<strong>Alcib\u00edades o de la naturaleza del hombre<\/strong>\u201d y \u201c<strong>Gorgias o de la Ret\u00f3rica<\/strong>\u201d. Con el bicentenario argentino se relaciona en un doble sentido. \u201cEn primer lugar la <strong>reflexi\u00f3n sobre el sentido de la ley<\/strong>, el sentido de la educaci\u00f3n en una comunidad organizada para que se traten de conseguir los objetivos e ideales siempre estuvo presente en la obra de Plat\u00f3n. Por otro lado, hoy se siguen planteando <strong>cuestiones que de alg\u00fan modo estuvieron desarrolladas en la antigua Grecia<\/strong>, en otro contexto por supuesto, pero que en el fondo son cuestiones fundamentales, por ejemplo el tema de la libertad, o el sentido de la ley. La preocupaci\u00f3n constante de Plat\u00f3n es vislumbrar la posibilidad de una ciudad justa, con la convicci\u00f3n de que si sucede esto se da tambi\u00e9n la condici\u00f3n de la posibilidad de la felicidad de los individuos\u201d, finaliza.<\/p>\n<blockquote style=\"text-align: left\"><p><strong>Perfil<\/strong><\/p>\n<p style=\"text-align: left\">Ram\u00f3n Cornavaca egres\u00f3 de la Facultad de Filosof\u00eda y Humanidades de la UNC en 1974 con el t\u00edtulo de Licenciado en Letras Cl\u00e1sicas. Durante 1976 y 1977 realiz\u00f3 estudios de perfeccionamiento en el \u00e1rea de Filolog\u00eda Cl\u00e1sica en la Universidad de Tubinga (Alemania). En 1989 obtuvo el grado de Doctor en Letras Cl\u00e1sicas en la UNC. Ha dirigido varios proyectos de investigaci\u00f3n sobre temas vinculados a la obra de Plat\u00f3n.<br \/>\nEs profesor titular de la c\u00e1tedra \u201cFilolog\u00eda Griega I y II\u201d en la Facultad de Filosof\u00eda y Humanidades de la UNC. Es profesor investigador categorizado \u201cI\u201d. Es autor del libro \u201cPresocr\u00e1ticos. Fragmentos I\u201d. Ha publicado numerosos art\u00edculos sobre autores de la antig\u00fcedad cl\u00e1sica y de los primeros siglos del cristianismo.<\/p><\/blockquote>\n","protected":false},"excerpt":{"rendered":"<p>Ram\u00f3n Cornavaca es docente de Letras Cl\u00e1sicas y ha dirigido varios proyectos de investigaci\u00f3n sobre temas vinculados a la obra<\/p>\n","protected":false},"author":1,"featured_media":0,"comment_status":"closed","ping_status":"open","sticky":false,"template":"","format":"standard","meta":{"_acf_changed":false,"colormag_page_container_layout":"default_layout","colormag_page_sidebar_layout":"default_layout","footnotes":""},"categories":[1],"tags":[],"class_list":["post-440","post","type-post","status-publish","format-standard","hentry","category-sin-categoria"],"acf":[],"yoast_head":"<!-- This site is optimized with the Yoast SEO plugin v27.1.1 - https:\/\/yoast.com\/product\/yoast-seo-wordpress\/ -->\n<title>Di\u00e1logos plat\u00f3nicos - Centro de Investigaciones &quot;Maria Saleme de Burnichon&quot;<\/title>\n<meta name=\"robots\" content=\"index, follow, max-snippet:-1, max-image-preview:large, max-video-preview:-1\" \/>\n<link rel=\"canonical\" href=\"https:\/\/ffyh.unc.edu.ar\/ciffyh\/dialogos-platonico\/\" \/>\n<meta property=\"og:locale\" content=\"es_ES\" \/>\n<meta property=\"og:type\" content=\"article\" \/>\n<meta property=\"og:title\" content=\"Di\u00e1logos plat\u00f3nicos - Centro de Investigaciones &quot;Maria Saleme de Burnichon&quot;\" \/>\n<meta property=\"og:description\" content=\"Ram\u00f3n Cornavaca es docente de Letras Cl\u00e1sicas y ha dirigido varios proyectos de investigaci\u00f3n sobre temas vinculados a la obra\" \/>\n<meta property=\"og:url\" content=\"https:\/\/ffyh.unc.edu.ar\/ciffyh\/dialogos-platonico\/\" \/>\n<meta property=\"og:site_name\" content=\"Centro de Investigaciones &quot;Maria Saleme de Burnichon&quot;\" \/>\n<meta property=\"article:published_time\" content=\"2010-06-30T14:17:26+00:00\" \/>\n<meta property=\"og:image\" content=\"http:\/\/www.philosophica.info\/voces\/platon\/Platon-img1.jpg\" \/>\n<meta name=\"author\" content=\"soporte\" \/>\n<meta name=\"twitter:card\" content=\"summary_large_image\" \/>\n<meta name=\"twitter:label1\" content=\"Escrito por\" \/>\n\t<meta name=\"twitter:data1\" content=\"\" \/>\n\t<meta name=\"twitter:label2\" content=\"Tiempo de lectura\" \/>\n\t<meta name=\"twitter:data2\" content=\"8 minutos\" \/>\n<script type=\"application\/ld+json\" class=\"yoast-schema-graph\">{\"@context\":\"https:\/\/schema.org\",\"@graph\":[{\"@type\":\"Article\",\"@id\":\"https:\/\/ffyh.unc.edu.ar\/ciffyh\/dialogos-platonico\/#article\",\"isPartOf\":{\"@id\":\"https:\/\/ffyh.unc.edu.ar\/ciffyh\/dialogos-platonico\/\"},\"author\":{\"name\":\"soporte\",\"@id\":\"https:\/\/ffyh.unc.edu.ar\/ciffyh\/#\/schema\/person\/57a743469801e7e195e268bfe4c52190\"},\"headline\":\"Di\u00e1logos plat\u00f3nicos\",\"datePublished\":\"2010-06-30T14:17:26+00:00\",\"mainEntityOfPage\":{\"@id\":\"https:\/\/ffyh.unc.edu.ar\/ciffyh\/dialogos-platonico\/\"},\"wordCount\":1667,\"publisher\":{\"@id\":\"https:\/\/ffyh.unc.edu.ar\/ciffyh\/#organization\"},\"image\":{\"@id\":\"https:\/\/ffyh.unc.edu.ar\/ciffyh\/dialogos-platonico\/#primaryimage\"},\"thumbnailUrl\":\"http:\/\/www.philosophica.info\/voces\/platon\/Platon-img1.jpg\",\"inLanguage\":\"es\"},{\"@type\":\"WebPage\",\"@id\":\"https:\/\/ffyh.unc.edu.ar\/ciffyh\/dialogos-platonico\/\",\"url\":\"https:\/\/ffyh.unc.edu.ar\/ciffyh\/dialogos-platonico\/\",\"name\":\"Di\u00e1logos plat\u00f3nicos - Centro de Investigaciones &quot;Maria Saleme de Burnichon&quot;\",\"isPartOf\":{\"@id\":\"https:\/\/ffyh.unc.edu.ar\/ciffyh\/#website\"},\"primaryImageOfPage\":{\"@id\":\"https:\/\/ffyh.unc.edu.ar\/ciffyh\/dialogos-platonico\/#primaryimage\"},\"image\":{\"@id\":\"https:\/\/ffyh.unc.edu.ar\/ciffyh\/dialogos-platonico\/#primaryimage\"},\"thumbnailUrl\":\"http:\/\/www.philosophica.info\/voces\/platon\/Platon-img1.jpg\",\"datePublished\":\"2010-06-30T14:17:26+00:00\",\"breadcrumb\":{\"@id\":\"https:\/\/ffyh.unc.edu.ar\/ciffyh\/dialogos-platonico\/#breadcrumb\"},\"inLanguage\":\"es\",\"potentialAction\":[{\"@type\":\"ReadAction\",\"target\":[\"https:\/\/ffyh.unc.edu.ar\/ciffyh\/dialogos-platonico\/\"]}]},{\"@type\":\"ImageObject\",\"inLanguage\":\"es\",\"@id\":\"https:\/\/ffyh.unc.edu.ar\/ciffyh\/dialogos-platonico\/#primaryimage\",\"url\":\"http:\/\/www.philosophica.info\/voces\/platon\/Platon-img1.jpg\",\"contentUrl\":\"http:\/\/www.philosophica.info\/voces\/platon\/Platon-img1.jpg\"},{\"@type\":\"BreadcrumbList\",\"@id\":\"https:\/\/ffyh.unc.edu.ar\/ciffyh\/dialogos-platonico\/#breadcrumb\",\"itemListElement\":[{\"@type\":\"ListItem\",\"position\":1,\"name\":\"Portada\",\"item\":\"https:\/\/ffyh.unc.edu.ar\/ciffyh\/\"},{\"@type\":\"ListItem\",\"position\":2,\"name\":\"Di\u00e1logos plat\u00f3nicos\"}]},{\"@type\":\"WebSite\",\"@id\":\"https:\/\/ffyh.unc.edu.ar\/ciffyh\/#website\",\"url\":\"https:\/\/ffyh.unc.edu.ar\/ciffyh\/\",\"name\":\"Centro de Investigaciones \\\"Maria Saleme de Burnichon\\\"\",\"description\":\"Facultad de Filosof\u00eda y Humanidades | UNC\",\"publisher\":{\"@id\":\"https:\/\/ffyh.unc.edu.ar\/ciffyh\/#organization\"},\"potentialAction\":[{\"@type\":\"SearchAction\",\"target\":{\"@type\":\"EntryPoint\",\"urlTemplate\":\"https:\/\/ffyh.unc.edu.ar\/ciffyh\/?s={search_term_string}\"},\"query-input\":{\"@type\":\"PropertyValueSpecification\",\"valueRequired\":true,\"valueName\":\"search_term_string\"}}],\"inLanguage\":\"es\"},{\"@type\":\"Organization\",\"@id\":\"https:\/\/ffyh.unc.edu.ar\/ciffyh\/#organization\",\"name\":\"Centro de Investigaciones \\\"Maria Saleme de Burnichon\\\"\",\"url\":\"https:\/\/ffyh.unc.edu.ar\/ciffyh\/\",\"logo\":{\"@type\":\"ImageObject\",\"inLanguage\":\"es\",\"@id\":\"https:\/\/ffyh.unc.edu.ar\/ciffyh\/#\/schema\/logo\/image\/\",\"url\":\"https:\/\/ffyh.unc.edu.ar\/ciffyh\/wp-content\/uploads\/sites\/10\/2018\/02\/cropped-logo-ciffyh-ico.png\",\"contentUrl\":\"https:\/\/ffyh.unc.edu.ar\/ciffyh\/wp-content\/uploads\/sites\/10\/2018\/02\/cropped-logo-ciffyh-ico.png\",\"width\":512,\"height\":512,\"caption\":\"Centro de Investigaciones \\\"Maria Saleme de Burnichon\\\"\"},\"image\":{\"@id\":\"https:\/\/ffyh.unc.edu.ar\/ciffyh\/#\/schema\/logo\/image\/\"},\"sameAs\":[\"https:\/\/www.instagram.com\/ciffyh\/\"]},{\"@type\":\"Person\",\"@id\":\"https:\/\/ffyh.unc.edu.ar\/ciffyh\/#\/schema\/person\/57a743469801e7e195e268bfe4c52190\",\"name\":\"soporte\",\"image\":{\"@type\":\"ImageObject\",\"inLanguage\":\"es\",\"@id\":\"https:\/\/ffyh.unc.edu.ar\/ciffyh\/#\/schema\/person\/image\/\",\"url\":\"https:\/\/secure.gravatar.com\/avatar\/ccd40043e5faec50f5bfc8fd1ba508e2228f018210ddcbcf662ed4624d9038c2?s=96&d=mm&r=g\",\"contentUrl\":\"https:\/\/secure.gravatar.com\/avatar\/ccd40043e5faec50f5bfc8fd1ba508e2228f018210ddcbcf662ed4624d9038c2?s=96&d=mm&r=g\",\"caption\":\"soporte\"},\"url\":\"https:\/\/ffyh.unc.edu.ar\/ciffyh\/author\/admin\/\"}]}<\/script>\n<!-- \/ Yoast SEO plugin. -->","yoast_head_json":{"title":"Di\u00e1logos plat\u00f3nicos - Centro de Investigaciones &quot;Maria Saleme de Burnichon&quot;","robots":{"index":"index","follow":"follow","max-snippet":"max-snippet:-1","max-image-preview":"max-image-preview:large","max-video-preview":"max-video-preview:-1"},"canonical":"https:\/\/ffyh.unc.edu.ar\/ciffyh\/dialogos-platonico\/","og_locale":"es_ES","og_type":"article","og_title":"Di\u00e1logos plat\u00f3nicos - Centro de Investigaciones &quot;Maria Saleme de Burnichon&quot;","og_description":"Ram\u00f3n Cornavaca es docente de Letras Cl\u00e1sicas y ha dirigido varios proyectos de investigaci\u00f3n sobre temas vinculados a la obra","og_url":"https:\/\/ffyh.unc.edu.ar\/ciffyh\/dialogos-platonico\/","og_site_name":"Centro de Investigaciones &quot;Maria Saleme de Burnichon&quot;","article_published_time":"2010-06-30T14:17:26+00:00","og_image":[{"url":"http:\/\/www.philosophica.info\/voces\/platon\/Platon-img1.jpg","type":"","width":"","height":""}],"author":"soporte","twitter_card":"summary_large_image","twitter_misc":{"Escrito por":false,"Tiempo de lectura":"8 minutos"},"schema":{"@context":"https:\/\/schema.org","@graph":[{"@type":"Article","@id":"https:\/\/ffyh.unc.edu.ar\/ciffyh\/dialogos-platonico\/#article","isPartOf":{"@id":"https:\/\/ffyh.unc.edu.ar\/ciffyh\/dialogos-platonico\/"},"author":{"name":"soporte","@id":"https:\/\/ffyh.unc.edu.ar\/ciffyh\/#\/schema\/person\/57a743469801e7e195e268bfe4c52190"},"headline":"Di\u00e1logos plat\u00f3nicos","datePublished":"2010-06-30T14:17:26+00:00","mainEntityOfPage":{"@id":"https:\/\/ffyh.unc.edu.ar\/ciffyh\/dialogos-platonico\/"},"wordCount":1667,"publisher":{"@id":"https:\/\/ffyh.unc.edu.ar\/ciffyh\/#organization"},"image":{"@id":"https:\/\/ffyh.unc.edu.ar\/ciffyh\/dialogos-platonico\/#primaryimage"},"thumbnailUrl":"http:\/\/www.philosophica.info\/voces\/platon\/Platon-img1.jpg","inLanguage":"es"},{"@type":"WebPage","@id":"https:\/\/ffyh.unc.edu.ar\/ciffyh\/dialogos-platonico\/","url":"https:\/\/ffyh.unc.edu.ar\/ciffyh\/dialogos-platonico\/","name":"Di\u00e1logos plat\u00f3nicos - Centro de Investigaciones &quot;Maria Saleme de Burnichon&quot;","isPartOf":{"@id":"https:\/\/ffyh.unc.edu.ar\/ciffyh\/#website"},"primaryImageOfPage":{"@id":"https:\/\/ffyh.unc.edu.ar\/ciffyh\/dialogos-platonico\/#primaryimage"},"image":{"@id":"https:\/\/ffyh.unc.edu.ar\/ciffyh\/dialogos-platonico\/#primaryimage"},"thumbnailUrl":"http:\/\/www.philosophica.info\/voces\/platon\/Platon-img1.jpg","datePublished":"2010-06-30T14:17:26+00:00","breadcrumb":{"@id":"https:\/\/ffyh.unc.edu.ar\/ciffyh\/dialogos-platonico\/#breadcrumb"},"inLanguage":"es","potentialAction":[{"@type":"ReadAction","target":["https:\/\/ffyh.unc.edu.ar\/ciffyh\/dialogos-platonico\/"]}]},{"@type":"ImageObject","inLanguage":"es","@id":"https:\/\/ffyh.unc.edu.ar\/ciffyh\/dialogos-platonico\/#primaryimage","url":"http:\/\/www.philosophica.info\/voces\/platon\/Platon-img1.jpg","contentUrl":"http:\/\/www.philosophica.info\/voces\/platon\/Platon-img1.jpg"},{"@type":"BreadcrumbList","@id":"https:\/\/ffyh.unc.edu.ar\/ciffyh\/dialogos-platonico\/#breadcrumb","itemListElement":[{"@type":"ListItem","position":1,"name":"Portada","item":"https:\/\/ffyh.unc.edu.ar\/ciffyh\/"},{"@type":"ListItem","position":2,"name":"Di\u00e1logos plat\u00f3nicos"}]},{"@type":"WebSite","@id":"https:\/\/ffyh.unc.edu.ar\/ciffyh\/#website","url":"https:\/\/ffyh.unc.edu.ar\/ciffyh\/","name":"Centro de Investigaciones \"Maria Saleme de Burnichon\"","description":"Facultad de Filosof\u00eda y Humanidades | UNC","publisher":{"@id":"https:\/\/ffyh.unc.edu.ar\/ciffyh\/#organization"},"potentialAction":[{"@type":"SearchAction","target":{"@type":"EntryPoint","urlTemplate":"https:\/\/ffyh.unc.edu.ar\/ciffyh\/?s={search_term_string}"},"query-input":{"@type":"PropertyValueSpecification","valueRequired":true,"valueName":"search_term_string"}}],"inLanguage":"es"},{"@type":"Organization","@id":"https:\/\/ffyh.unc.edu.ar\/ciffyh\/#organization","name":"Centro de Investigaciones \"Maria Saleme de Burnichon\"","url":"https:\/\/ffyh.unc.edu.ar\/ciffyh\/","logo":{"@type":"ImageObject","inLanguage":"es","@id":"https:\/\/ffyh.unc.edu.ar\/ciffyh\/#\/schema\/logo\/image\/","url":"https:\/\/ffyh.unc.edu.ar\/ciffyh\/wp-content\/uploads\/sites\/10\/2018\/02\/cropped-logo-ciffyh-ico.png","contentUrl":"https:\/\/ffyh.unc.edu.ar\/ciffyh\/wp-content\/uploads\/sites\/10\/2018\/02\/cropped-logo-ciffyh-ico.png","width":512,"height":512,"caption":"Centro de Investigaciones \"Maria Saleme de Burnichon\""},"image":{"@id":"https:\/\/ffyh.unc.edu.ar\/ciffyh\/#\/schema\/logo\/image\/"},"sameAs":["https:\/\/www.instagram.com\/ciffyh\/"]},{"@type":"Person","@id":"https:\/\/ffyh.unc.edu.ar\/ciffyh\/#\/schema\/person\/57a743469801e7e195e268bfe4c52190","name":"soporte","image":{"@type":"ImageObject","inLanguage":"es","@id":"https:\/\/ffyh.unc.edu.ar\/ciffyh\/#\/schema\/person\/image\/","url":"https:\/\/secure.gravatar.com\/avatar\/ccd40043e5faec50f5bfc8fd1ba508e2228f018210ddcbcf662ed4624d9038c2?s=96&d=mm&r=g","contentUrl":"https:\/\/secure.gravatar.com\/avatar\/ccd40043e5faec50f5bfc8fd1ba508e2228f018210ddcbcf662ed4624d9038c2?s=96&d=mm&r=g","caption":"soporte"},"url":"https:\/\/ffyh.unc.edu.ar\/ciffyh\/author\/admin\/"}]}},"jetpack_featured_media_url":"","_links":{"self":[{"href":"https:\/\/ffyh.unc.edu.ar\/ciffyh\/wp-json\/wp\/v2\/posts\/440","targetHints":{"allow":["GET"]}}],"collection":[{"href":"https:\/\/ffyh.unc.edu.ar\/ciffyh\/wp-json\/wp\/v2\/posts"}],"about":[{"href":"https:\/\/ffyh.unc.edu.ar\/ciffyh\/wp-json\/wp\/v2\/types\/post"}],"author":[{"embeddable":true,"href":"https:\/\/ffyh.unc.edu.ar\/ciffyh\/wp-json\/wp\/v2\/users\/1"}],"replies":[{"embeddable":true,"href":"https:\/\/ffyh.unc.edu.ar\/ciffyh\/wp-json\/wp\/v2\/comments?post=440"}],"version-history":[{"count":0,"href":"https:\/\/ffyh.unc.edu.ar\/ciffyh\/wp-json\/wp\/v2\/posts\/440\/revisions"}],"wp:attachment":[{"href":"https:\/\/ffyh.unc.edu.ar\/ciffyh\/wp-json\/wp\/v2\/media?parent=440"}],"wp:term":[{"taxonomy":"category","embeddable":true,"href":"https:\/\/ffyh.unc.edu.ar\/ciffyh\/wp-json\/wp\/v2\/categories?post=440"},{"taxonomy":"post_tag","embeddable":true,"href":"https:\/\/ffyh.unc.edu.ar\/ciffyh\/wp-json\/wp\/v2\/tags?post=440"}],"curies":[{"name":"wp","href":"https:\/\/api.w.org\/{rel}","templated":true}]}}