{"id":4541,"date":"2021-06-22T14:48:25","date_gmt":"2021-06-22T14:48:25","guid":{"rendered":"https:\/\/ffyh.unc.edu.ar\/ciffyh\/?p=4541"},"modified":"2021-06-22T15:54:11","modified_gmt":"2021-06-22T15:54:11","slug":"conversatorio-el-paro-nacional-desde-miradas-situadas-en-diversos-territorios-educativos-colombianos","status":"publish","type":"post","link":"https:\/\/ffyh.unc.edu.ar\/ciffyh\/conversatorio-el-paro-nacional-desde-miradas-situadas-en-diversos-territorios-educativos-colombianos\/","title":{"rendered":"Conversatorio \u201cEl Paro Nacional desde miradas situadas en diversos territorios educativos colombianos\u201d"},"content":{"rendered":"<p><b>Ser\u00e1 el martes 29 de junio a las 17 hs. por el Facebook de CIESAS\u00a0<a href=\"https:\/\/www.facebook.com\/ciesas.oficial\" target=\"_blank\" rel=\"noopener\">www.facebook.com\/ciesas.oficial<\/a><\/b><\/p>\n<p><!--more--><\/p>\n<p>A partir de la declaraci\u00f3n de Paro Nacional en Colombia iniciado el 28 de abril, en medio de una pandemia (que ha matado a miles de personas) j\u00f3venes, docentes y estudiantes entre otros actores sociales han salido a las calles a levantar su voz ante la compleja realidad de profundas desigualdades que vive el pa\u00eds.<\/p>\n<p>Si bien, sobre este estallido social se ha presentado variedad de informaci\u00f3n en distintos medios de comunicaci\u00f3n a nivel internacional, consideramos importante enfocarnos en los actores educativos involucrados.<\/p>\n<p>Partiendo de una academia que como un espacio abierto, deliberante y cr\u00edtico que posibilite un di\u00e1logo con maestros y estudiantes, se invita a conocer de viva voz cu\u00e1les son sus sentires-pensares, experiencias, demandas y formas de participaci\u00f3n en la movilizaci\u00f3n. Por ello este conversatorio tiene la intenci\u00f3n de reflexionar desde la diversidad de experiencias y contextos (ind\u00edgenas, afrocolombianas, rurales y urbanas) las condiciones educativas a la luz del Paro Nacional.<\/p>\n<p><b>Participan:\u00a0<\/b><\/p>\n<p><b>Froylan Rivera Campo:\u00a0<\/b>Profesional ind\u00edgena en econom\u00eda, dinamizador en educaci\u00f3n propia y procesos sociales, Col.<\/p>\n<p><b>Ana Rita Rozo<\/b>: Docente del Magisterio. Licenciada en Ciencias Sociales, l\u00edder sindical y representante de la Mesa Distrital de Docentes ante la Secretar\u00eda de Educaci\u00f3n de Bogot\u00e1, Col.<\/p>\n<p><b>Irina Sarmiento Guerra:<\/b>\u00a0Docente Instituci\u00f3n etnoeducativa Sierra Nevada, Zona rural del Distrito de Riohacha, L\u00edder de la experiencia de c\u00e1tedra de estudios afrocolombianos, Col.<\/p>\n<p><strong>Isabel Vera Zapata<\/strong>. Estudiante de la Universidad del Valle, Vocera Nacional de Univalle Unida, Col.<\/p>\n<p><b>Moderan:\u00a0<\/b><\/p>\n<p><b>Johanna Rey<\/b>\u00a0(SED y UDFJC, Colombia)<\/p>\n<p><b>Julieta Brise\u00f1o-Roa<\/b>\u00a0(CIESAS, M\u00e9xico)<\/p>\n<p><b>Invitan:\u00a0<\/b><\/p>\n<ul>\n<li>Programa en Educaci\u00f3n Infantil, Universidad Distrital Francisco Jos\u00e9 de Caldas, Bogot\u00e1, Col.<\/li>\n<li>Centro de Investigaci\u00f3n Maria Saleme de Burnichon y Programa de Derechos Humanos, Facultad de Filosof\u00eda y Humanidades, Universidad Nacional de C\u00f3rdoba, Arg.<\/li>\n<li>Centro de Investigaciones y Estudios Superiores en Antropolog\u00eda Social, Ciudad de M\u00e9xico, Mx.<\/li>\n<\/ul>\n<p><img fetchpriority=\"high\" decoding=\"async\" class=\"alignnone size-full wp-image-4548\" src=\"http:\/\/ffyh.unc.edu.ar\/ciffyh\/wp-content\/uploads\/sites\/10\/2021\/06\/Conversatorio_ElParoNacionnalDesdeMiradasSituadas_en_DiversosTerritoriosEducativosColombianos-scaled.jpg\" alt=\"\" width=\"1656\" height=\"2560\" srcset=\"https:\/\/ffyh.unc.edu.ar\/ciffyh\/wp-content\/uploads\/sites\/10\/2021\/06\/Conversatorio_ElParoNacionnalDesdeMiradasSituadas_en_DiversosTerritoriosEducativosColombianos-scaled.jpg 1656w, https:\/\/ffyh.unc.edu.ar\/ciffyh\/wp-content\/uploads\/sites\/10\/2021\/06\/Conversatorio_ElParoNacionnalDesdeMiradasSituadas_en_DiversosTerritoriosEducativosColombianos-194x300.jpg 194w, https:\/\/ffyh.unc.edu.ar\/ciffyh\/wp-content\/uploads\/sites\/10\/2021\/06\/Conversatorio_ElParoNacionnalDesdeMiradasSituadas_en_DiversosTerritoriosEducativosColombianos-663x1024.jpg 663w, https:\/\/ffyh.unc.edu.ar\/ciffyh\/wp-content\/uploads\/sites\/10\/2021\/06\/Conversatorio_ElParoNacionnalDesdeMiradasSituadas_en_DiversosTerritoriosEducativosColombianos-768x1187.jpg 768w, https:\/\/ffyh.unc.edu.ar\/ciffyh\/wp-content\/uploads\/sites\/10\/2021\/06\/Conversatorio_ElParoNacionnalDesdeMiradasSituadas_en_DiversosTerritoriosEducativosColombianos-994x1536.jpg 994w, https:\/\/ffyh.unc.edu.ar\/ciffyh\/wp-content\/uploads\/sites\/10\/2021\/06\/Conversatorio_ElParoNacionnalDesdeMiradasSituadas_en_DiversosTerritoriosEducativosColombianos-1325x2048.jpg 1325w\" sizes=\"(max-width: 1656px) 100vw, 1656px\" \/><\/p>\n","protected":false},"excerpt":{"rendered":"<p>Ser\u00e1 el martes 29 de junio a las 17 hs. por el Facebook de CIESAS\u00a0www.facebook.com\/ciesas.oficial<\/p>\n","protected":false},"author":2,"featured_media":4547,"comment_status":"closed","ping_status":"closed","sticky":false,"template":"","format":"standard","meta":{"_acf_changed":false,"colormag_page_container_layout":"default_layout","colormag_page_sidebar_layout":"default_layout","footnotes":""},"categories":[8],"tags":[],"class_list":["post-4541","post","type-post","status-publish","format-standard","has-post-thumbnail","hentry","category-noticias"],"acf":[],"yoast_head":"<!-- This site is optimized with the Yoast SEO plugin v27.1.1 - https:\/\/yoast.com\/product\/yoast-seo-wordpress\/ -->\n<title>Conversatorio \u201cEl Paro Nacional desde miradas situadas en diversos territorios educativos colombianos\u201d - Centro de Investigaciones &quot;Maria Saleme de Burnichon&quot;<\/title>\n<meta name=\"robots\" content=\"index, follow, max-snippet:-1, max-image-preview:large, max-video-preview:-1\" \/>\n<link rel=\"canonical\" href=\"https:\/\/ffyh.unc.edu.ar\/ciffyh\/conversatorio-el-paro-nacional-desde-miradas-situadas-en-diversos-territorios-educativos-colombianos\/\" \/>\n<meta property=\"og:locale\" content=\"es_ES\" \/>\n<meta property=\"og:type\" content=\"article\" \/>\n<meta property=\"og:title\" content=\"Conversatorio \u201cEl Paro Nacional desde miradas situadas en diversos territorios educativos colombianos\u201d - Centro de Investigaciones &quot;Maria Saleme de Burnichon&quot;\" \/>\n<meta property=\"og:description\" content=\"Ser\u00e1 el martes 29 de junio a las 17 hs. por el Facebook de CIESAS\u00a0www.facebook.com\/ciesas.oficial\" \/>\n<meta property=\"og:url\" content=\"https:\/\/ffyh.unc.edu.ar\/ciffyh\/conversatorio-el-paro-nacional-desde-miradas-situadas-en-diversos-territorios-educativos-colombianos\/\" \/>\n<meta property=\"og:site_name\" content=\"Centro de Investigaciones &quot;Maria Saleme de Burnichon&quot;\" \/>\n<meta property=\"article:published_time\" content=\"2021-06-22T14:48:25+00:00\" \/>\n<meta property=\"article:modified_time\" content=\"2021-06-22T15:54:11+00:00\" \/>\n<meta property=\"og:image\" content=\"https:\/\/ffyh.unc.edu.ar\/ciffyh\/wp-content\/uploads\/sites\/10\/2021\/06\/FacebookConversatorio_ElParoNacionnalDesdeMiradasSituadas_en_DiversosTerritoriosEducativosColombianos.jpg\" \/>\n\t<meta property=\"og:image:width\" content=\"1200\" \/>\n\t<meta property=\"og:image:height\" content=\"628\" \/>\n\t<meta property=\"og:image:type\" content=\"image\/jpeg\" \/>\n<meta name=\"author\" content=\"\u00c1rea de Comunicaci\u00f3n - FFyH\" \/>\n<meta name=\"twitter:card\" content=\"summary_large_image\" \/>\n<meta name=\"twitter:label1\" content=\"Escrito por\" \/>\n\t<meta name=\"twitter:data1\" content=\"\" \/>\n\t<meta name=\"twitter:label2\" content=\"Tiempo de lectura\" \/>\n\t<meta name=\"twitter:data2\" content=\"2 minutos\" \/>\n<script type=\"application\/ld+json\" class=\"yoast-schema-graph\">{\"@context\":\"https:\/\/schema.org\",\"@graph\":[{\"@type\":\"Article\",\"@id\":\"https:\/\/ffyh.unc.edu.ar\/ciffyh\/conversatorio-el-paro-nacional-desde-miradas-situadas-en-diversos-territorios-educativos-colombianos\/#article\",\"isPartOf\":{\"@id\":\"https:\/\/ffyh.unc.edu.ar\/ciffyh\/conversatorio-el-paro-nacional-desde-miradas-situadas-en-diversos-territorios-educativos-colombianos\/\"},\"author\":{\"name\":\"\u00c1rea de Comunicaci\u00f3n - FFyH\",\"@id\":\"https:\/\/ffyh.unc.edu.ar\/ciffyh\/#\/schema\/person\/e6b9f6aec95cb7437bb2fde09e23b224\"},\"headline\":\"Conversatorio \u201cEl Paro Nacional desde miradas situadas en diversos territorios educativos colombianos\u201d\",\"datePublished\":\"2021-06-22T14:48:25+00:00\",\"dateModified\":\"2021-06-22T15:54:11+00:00\",\"mainEntityOfPage\":{\"@id\":\"https:\/\/ffyh.unc.edu.ar\/ciffyh\/conversatorio-el-paro-nacional-desde-miradas-situadas-en-diversos-territorios-educativos-colombianos\/\"},\"wordCount\":353,\"publisher\":{\"@id\":\"https:\/\/ffyh.unc.edu.ar\/ciffyh\/#organization\"},\"image\":{\"@id\":\"https:\/\/ffyh.unc.edu.ar\/ciffyh\/conversatorio-el-paro-nacional-desde-miradas-situadas-en-diversos-territorios-educativos-colombianos\/#primaryimage\"},\"thumbnailUrl\":\"https:\/\/ffyh.unc.edu.ar\/ciffyh\/wp-content\/uploads\/sites\/10\/2021\/06\/FacebookConversatorio_ElParoNacionnalDesdeMiradasSituadas_en_DiversosTerritoriosEducativosColombianos.jpg\",\"articleSection\":[\"Noticias\"],\"inLanguage\":\"es\"},{\"@type\":\"WebPage\",\"@id\":\"https:\/\/ffyh.unc.edu.ar\/ciffyh\/conversatorio-el-paro-nacional-desde-miradas-situadas-en-diversos-territorios-educativos-colombianos\/\",\"url\":\"https:\/\/ffyh.unc.edu.ar\/ciffyh\/conversatorio-el-paro-nacional-desde-miradas-situadas-en-diversos-territorios-educativos-colombianos\/\",\"name\":\"Conversatorio \u201cEl Paro Nacional desde miradas situadas en diversos territorios educativos colombianos\u201d - Centro de Investigaciones &quot;Maria Saleme de Burnichon&quot;\",\"isPartOf\":{\"@id\":\"https:\/\/ffyh.unc.edu.ar\/ciffyh\/#website\"},\"primaryImageOfPage\":{\"@id\":\"https:\/\/ffyh.unc.edu.ar\/ciffyh\/conversatorio-el-paro-nacional-desde-miradas-situadas-en-diversos-territorios-educativos-colombianos\/#primaryimage\"},\"image\":{\"@id\":\"https:\/\/ffyh.unc.edu.ar\/ciffyh\/conversatorio-el-paro-nacional-desde-miradas-situadas-en-diversos-territorios-educativos-colombianos\/#primaryimage\"},\"thumbnailUrl\":\"https:\/\/ffyh.unc.edu.ar\/ciffyh\/wp-content\/uploads\/sites\/10\/2021\/06\/FacebookConversatorio_ElParoNacionnalDesdeMiradasSituadas_en_DiversosTerritoriosEducativosColombianos.jpg\",\"datePublished\":\"2021-06-22T14:48:25+00:00\",\"dateModified\":\"2021-06-22T15:54:11+00:00\",\"breadcrumb\":{\"@id\":\"https:\/\/ffyh.unc.edu.ar\/ciffyh\/conversatorio-el-paro-nacional-desde-miradas-situadas-en-diversos-territorios-educativos-colombianos\/#breadcrumb\"},\"inLanguage\":\"es\",\"potentialAction\":[{\"@type\":\"ReadAction\",\"target\":[\"https:\/\/ffyh.unc.edu.ar\/ciffyh\/conversatorio-el-paro-nacional-desde-miradas-situadas-en-diversos-territorios-educativos-colombianos\/\"]}]},{\"@type\":\"ImageObject\",\"inLanguage\":\"es\",\"@id\":\"https:\/\/ffyh.unc.edu.ar\/ciffyh\/conversatorio-el-paro-nacional-desde-miradas-situadas-en-diversos-territorios-educativos-colombianos\/#primaryimage\",\"url\":\"https:\/\/ffyh.unc.edu.ar\/ciffyh\/wp-content\/uploads\/sites\/10\/2021\/06\/FacebookConversatorio_ElParoNacionnalDesdeMiradasSituadas_en_DiversosTerritoriosEducativosColombianos.jpg\",\"contentUrl\":\"https:\/\/ffyh.unc.edu.ar\/ciffyh\/wp-content\/uploads\/sites\/10\/2021\/06\/FacebookConversatorio_ElParoNacionnalDesdeMiradasSituadas_en_DiversosTerritoriosEducativosColombianos.jpg\",\"width\":1200,\"height\":628},{\"@type\":\"BreadcrumbList\",\"@id\":\"https:\/\/ffyh.unc.edu.ar\/ciffyh\/conversatorio-el-paro-nacional-desde-miradas-situadas-en-diversos-territorios-educativos-colombianos\/#breadcrumb\",\"itemListElement\":[{\"@type\":\"ListItem\",\"position\":1,\"name\":\"Portada\",\"item\":\"https:\/\/ffyh.unc.edu.ar\/ciffyh\/\"},{\"@type\":\"ListItem\",\"position\":2,\"name\":\"Conversatorio \u201cEl Paro Nacional desde miradas situadas en diversos territorios educativos colombianos\u201d\"}]},{\"@type\":\"WebSite\",\"@id\":\"https:\/\/ffyh.unc.edu.ar\/ciffyh\/#website\",\"url\":\"https:\/\/ffyh.unc.edu.ar\/ciffyh\/\",\"name\":\"Centro de Investigaciones \\\"Maria Saleme de Burnichon\\\"\",\"description\":\"Facultad de Filosof\u00eda y Humanidades | UNC\",\"publisher\":{\"@id\":\"https:\/\/ffyh.unc.edu.ar\/ciffyh\/#organization\"},\"potentialAction\":[{\"@type\":\"SearchAction\",\"target\":{\"@type\":\"EntryPoint\",\"urlTemplate\":\"https:\/\/ffyh.unc.edu.ar\/ciffyh\/?s={search_term_string}\"},\"query-input\":{\"@type\":\"PropertyValueSpecification\",\"valueRequired\":true,\"valueName\":\"search_term_string\"}}],\"inLanguage\":\"es\"},{\"@type\":\"Organization\",\"@id\":\"https:\/\/ffyh.unc.edu.ar\/ciffyh\/#organization\",\"name\":\"Centro de Investigaciones \\\"Maria Saleme de Burnichon\\\"\",\"url\":\"https:\/\/ffyh.unc.edu.ar\/ciffyh\/\",\"logo\":{\"@type\":\"ImageObject\",\"inLanguage\":\"es\",\"@id\":\"https:\/\/ffyh.unc.edu.ar\/ciffyh\/#\/schema\/logo\/image\/\",\"url\":\"https:\/\/ffyh.unc.edu.ar\/ciffyh\/wp-content\/uploads\/sites\/10\/2018\/02\/cropped-logo-ciffyh-ico.png\",\"contentUrl\":\"https:\/\/ffyh.unc.edu.ar\/ciffyh\/wp-content\/uploads\/sites\/10\/2018\/02\/cropped-logo-ciffyh-ico.png\",\"width\":512,\"height\":512,\"caption\":\"Centro de Investigaciones \\\"Maria Saleme de Burnichon\\\"\"},\"image\":{\"@id\":\"https:\/\/ffyh.unc.edu.ar\/ciffyh\/#\/schema\/logo\/image\/\"},\"sameAs\":[\"https:\/\/www.instagram.com\/ciffyh\/\"]},{\"@type\":\"Person\",\"@id\":\"https:\/\/ffyh.unc.edu.ar\/ciffyh\/#\/schema\/person\/e6b9f6aec95cb7437bb2fde09e23b224\",\"name\":\"\u00c1rea de Comunicaci\u00f3n - FFyH\",\"image\":{\"@type\":\"ImageObject\",\"inLanguage\":\"es\",\"@id\":\"https:\/\/ffyh.unc.edu.ar\/ciffyh\/#\/schema\/person\/image\/\",\"url\":\"https:\/\/secure.gravatar.com\/avatar\/1d896d10b19526e4cb6e972ca0f1b6719a4697e2d88742a801b88b3682d5be75?s=96&d=mm&r=g\",\"contentUrl\":\"https:\/\/secure.gravatar.com\/avatar\/1d896d10b19526e4cb6e972ca0f1b6719a4697e2d88742a801b88b3682d5be75?s=96&d=mm&r=g\",\"caption\":\"\u00c1rea de Comunicaci\u00f3n - FFyH\"},\"url\":\"https:\/\/ffyh.unc.edu.ar\/ciffyh\/author\/prensa\/\"}]}<\/script>\n<!-- \/ Yoast SEO plugin. -->","yoast_head_json":{"title":"Conversatorio \u201cEl Paro Nacional desde miradas situadas en diversos territorios educativos colombianos\u201d - Centro de Investigaciones &quot;Maria Saleme de Burnichon&quot;","robots":{"index":"index","follow":"follow","max-snippet":"max-snippet:-1","max-image-preview":"max-image-preview:large","max-video-preview":"max-video-preview:-1"},"canonical":"https:\/\/ffyh.unc.edu.ar\/ciffyh\/conversatorio-el-paro-nacional-desde-miradas-situadas-en-diversos-territorios-educativos-colombianos\/","og_locale":"es_ES","og_type":"article","og_title":"Conversatorio \u201cEl Paro Nacional desde miradas situadas en diversos territorios educativos colombianos\u201d - Centro de Investigaciones &quot;Maria Saleme de Burnichon&quot;","og_description":"Ser\u00e1 el martes 29 de junio a las 17 hs. por el Facebook de CIESAS\u00a0www.facebook.com\/ciesas.oficial","og_url":"https:\/\/ffyh.unc.edu.ar\/ciffyh\/conversatorio-el-paro-nacional-desde-miradas-situadas-en-diversos-territorios-educativos-colombianos\/","og_site_name":"Centro de Investigaciones &quot;Maria Saleme de Burnichon&quot;","article_published_time":"2021-06-22T14:48:25+00:00","article_modified_time":"2021-06-22T15:54:11+00:00","og_image":[{"width":1200,"height":628,"url":"https:\/\/ffyh.unc.edu.ar\/ciffyh\/wp-content\/uploads\/sites\/10\/2021\/06\/FacebookConversatorio_ElParoNacionnalDesdeMiradasSituadas_en_DiversosTerritoriosEducativosColombianos.jpg","type":"image\/jpeg"}],"author":"\u00c1rea de Comunicaci\u00f3n - FFyH","twitter_card":"summary_large_image","twitter_misc":{"Escrito por":false,"Tiempo de lectura":"2 minutos"},"schema":{"@context":"https:\/\/schema.org","@graph":[{"@type":"Article","@id":"https:\/\/ffyh.unc.edu.ar\/ciffyh\/conversatorio-el-paro-nacional-desde-miradas-situadas-en-diversos-territorios-educativos-colombianos\/#article","isPartOf":{"@id":"https:\/\/ffyh.unc.edu.ar\/ciffyh\/conversatorio-el-paro-nacional-desde-miradas-situadas-en-diversos-territorios-educativos-colombianos\/"},"author":{"name":"\u00c1rea de Comunicaci\u00f3n - FFyH","@id":"https:\/\/ffyh.unc.edu.ar\/ciffyh\/#\/schema\/person\/e6b9f6aec95cb7437bb2fde09e23b224"},"headline":"Conversatorio \u201cEl Paro Nacional desde miradas situadas en diversos territorios educativos colombianos\u201d","datePublished":"2021-06-22T14:48:25+00:00","dateModified":"2021-06-22T15:54:11+00:00","mainEntityOfPage":{"@id":"https:\/\/ffyh.unc.edu.ar\/ciffyh\/conversatorio-el-paro-nacional-desde-miradas-situadas-en-diversos-territorios-educativos-colombianos\/"},"wordCount":353,"publisher":{"@id":"https:\/\/ffyh.unc.edu.ar\/ciffyh\/#organization"},"image":{"@id":"https:\/\/ffyh.unc.edu.ar\/ciffyh\/conversatorio-el-paro-nacional-desde-miradas-situadas-en-diversos-territorios-educativos-colombianos\/#primaryimage"},"thumbnailUrl":"https:\/\/ffyh.unc.edu.ar\/ciffyh\/wp-content\/uploads\/sites\/10\/2021\/06\/FacebookConversatorio_ElParoNacionnalDesdeMiradasSituadas_en_DiversosTerritoriosEducativosColombianos.jpg","articleSection":["Noticias"],"inLanguage":"es"},{"@type":"WebPage","@id":"https:\/\/ffyh.unc.edu.ar\/ciffyh\/conversatorio-el-paro-nacional-desde-miradas-situadas-en-diversos-territorios-educativos-colombianos\/","url":"https:\/\/ffyh.unc.edu.ar\/ciffyh\/conversatorio-el-paro-nacional-desde-miradas-situadas-en-diversos-territorios-educativos-colombianos\/","name":"Conversatorio \u201cEl Paro Nacional desde miradas situadas en diversos territorios educativos colombianos\u201d - Centro de Investigaciones &quot;Maria Saleme de Burnichon&quot;","isPartOf":{"@id":"https:\/\/ffyh.unc.edu.ar\/ciffyh\/#website"},"primaryImageOfPage":{"@id":"https:\/\/ffyh.unc.edu.ar\/ciffyh\/conversatorio-el-paro-nacional-desde-miradas-situadas-en-diversos-territorios-educativos-colombianos\/#primaryimage"},"image":{"@id":"https:\/\/ffyh.unc.edu.ar\/ciffyh\/conversatorio-el-paro-nacional-desde-miradas-situadas-en-diversos-territorios-educativos-colombianos\/#primaryimage"},"thumbnailUrl":"https:\/\/ffyh.unc.edu.ar\/ciffyh\/wp-content\/uploads\/sites\/10\/2021\/06\/FacebookConversatorio_ElParoNacionnalDesdeMiradasSituadas_en_DiversosTerritoriosEducativosColombianos.jpg","datePublished":"2021-06-22T14:48:25+00:00","dateModified":"2021-06-22T15:54:11+00:00","breadcrumb":{"@id":"https:\/\/ffyh.unc.edu.ar\/ciffyh\/conversatorio-el-paro-nacional-desde-miradas-situadas-en-diversos-territorios-educativos-colombianos\/#breadcrumb"},"inLanguage":"es","potentialAction":[{"@type":"ReadAction","target":["https:\/\/ffyh.unc.edu.ar\/ciffyh\/conversatorio-el-paro-nacional-desde-miradas-situadas-en-diversos-territorios-educativos-colombianos\/"]}]},{"@type":"ImageObject","inLanguage":"es","@id":"https:\/\/ffyh.unc.edu.ar\/ciffyh\/conversatorio-el-paro-nacional-desde-miradas-situadas-en-diversos-territorios-educativos-colombianos\/#primaryimage","url":"https:\/\/ffyh.unc.edu.ar\/ciffyh\/wp-content\/uploads\/sites\/10\/2021\/06\/FacebookConversatorio_ElParoNacionnalDesdeMiradasSituadas_en_DiversosTerritoriosEducativosColombianos.jpg","contentUrl":"https:\/\/ffyh.unc.edu.ar\/ciffyh\/wp-content\/uploads\/sites\/10\/2021\/06\/FacebookConversatorio_ElParoNacionnalDesdeMiradasSituadas_en_DiversosTerritoriosEducativosColombianos.jpg","width":1200,"height":628},{"@type":"BreadcrumbList","@id":"https:\/\/ffyh.unc.edu.ar\/ciffyh\/conversatorio-el-paro-nacional-desde-miradas-situadas-en-diversos-territorios-educativos-colombianos\/#breadcrumb","itemListElement":[{"@type":"ListItem","position":1,"name":"Portada","item":"https:\/\/ffyh.unc.edu.ar\/ciffyh\/"},{"@type":"ListItem","position":2,"name":"Conversatorio \u201cEl Paro Nacional desde miradas situadas en diversos territorios educativos colombianos\u201d"}]},{"@type":"WebSite","@id":"https:\/\/ffyh.unc.edu.ar\/ciffyh\/#website","url":"https:\/\/ffyh.unc.edu.ar\/ciffyh\/","name":"Centro de Investigaciones \"Maria Saleme de Burnichon\"","description":"Facultad de Filosof\u00eda y Humanidades | UNC","publisher":{"@id":"https:\/\/ffyh.unc.edu.ar\/ciffyh\/#organization"},"potentialAction":[{"@type":"SearchAction","target":{"@type":"EntryPoint","urlTemplate":"https:\/\/ffyh.unc.edu.ar\/ciffyh\/?s={search_term_string}"},"query-input":{"@type":"PropertyValueSpecification","valueRequired":true,"valueName":"search_term_string"}}],"inLanguage":"es"},{"@type":"Organization","@id":"https:\/\/ffyh.unc.edu.ar\/ciffyh\/#organization","name":"Centro de Investigaciones \"Maria Saleme de Burnichon\"","url":"https:\/\/ffyh.unc.edu.ar\/ciffyh\/","logo":{"@type":"ImageObject","inLanguage":"es","@id":"https:\/\/ffyh.unc.edu.ar\/ciffyh\/#\/schema\/logo\/image\/","url":"https:\/\/ffyh.unc.edu.ar\/ciffyh\/wp-content\/uploads\/sites\/10\/2018\/02\/cropped-logo-ciffyh-ico.png","contentUrl":"https:\/\/ffyh.unc.edu.ar\/ciffyh\/wp-content\/uploads\/sites\/10\/2018\/02\/cropped-logo-ciffyh-ico.png","width":512,"height":512,"caption":"Centro de Investigaciones \"Maria Saleme de Burnichon\""},"image":{"@id":"https:\/\/ffyh.unc.edu.ar\/ciffyh\/#\/schema\/logo\/image\/"},"sameAs":["https:\/\/www.instagram.com\/ciffyh\/"]},{"@type":"Person","@id":"https:\/\/ffyh.unc.edu.ar\/ciffyh\/#\/schema\/person\/e6b9f6aec95cb7437bb2fde09e23b224","name":"\u00c1rea de Comunicaci\u00f3n - FFyH","image":{"@type":"ImageObject","inLanguage":"es","@id":"https:\/\/ffyh.unc.edu.ar\/ciffyh\/#\/schema\/person\/image\/","url":"https:\/\/secure.gravatar.com\/avatar\/1d896d10b19526e4cb6e972ca0f1b6719a4697e2d88742a801b88b3682d5be75?s=96&d=mm&r=g","contentUrl":"https:\/\/secure.gravatar.com\/avatar\/1d896d10b19526e4cb6e972ca0f1b6719a4697e2d88742a801b88b3682d5be75?s=96&d=mm&r=g","caption":"\u00c1rea de Comunicaci\u00f3n - FFyH"},"url":"https:\/\/ffyh.unc.edu.ar\/ciffyh\/author\/prensa\/"}]}},"jetpack_featured_media_url":"https:\/\/ffyh.unc.edu.ar\/ciffyh\/wp-content\/uploads\/sites\/10\/2021\/06\/FacebookConversatorio_ElParoNacionnalDesdeMiradasSituadas_en_DiversosTerritoriosEducativosColombianos.jpg","_links":{"self":[{"href":"https:\/\/ffyh.unc.edu.ar\/ciffyh\/wp-json\/wp\/v2\/posts\/4541","targetHints":{"allow":["GET"]}}],"collection":[{"href":"https:\/\/ffyh.unc.edu.ar\/ciffyh\/wp-json\/wp\/v2\/posts"}],"about":[{"href":"https:\/\/ffyh.unc.edu.ar\/ciffyh\/wp-json\/wp\/v2\/types\/post"}],"author":[{"embeddable":true,"href":"https:\/\/ffyh.unc.edu.ar\/ciffyh\/wp-json\/wp\/v2\/users\/2"}],"replies":[{"embeddable":true,"href":"https:\/\/ffyh.unc.edu.ar\/ciffyh\/wp-json\/wp\/v2\/comments?post=4541"}],"version-history":[{"count":2,"href":"https:\/\/ffyh.unc.edu.ar\/ciffyh\/wp-json\/wp\/v2\/posts\/4541\/revisions"}],"predecessor-version":[{"id":4549,"href":"https:\/\/ffyh.unc.edu.ar\/ciffyh\/wp-json\/wp\/v2\/posts\/4541\/revisions\/4549"}],"wp:featuredmedia":[{"embeddable":true,"href":"https:\/\/ffyh.unc.edu.ar\/ciffyh\/wp-json\/wp\/v2\/media\/4547"}],"wp:attachment":[{"href":"https:\/\/ffyh.unc.edu.ar\/ciffyh\/wp-json\/wp\/v2\/media?parent=4541"}],"wp:term":[{"taxonomy":"category","embeddable":true,"href":"https:\/\/ffyh.unc.edu.ar\/ciffyh\/wp-json\/wp\/v2\/categories?post=4541"},{"taxonomy":"post_tag","embeddable":true,"href":"https:\/\/ffyh.unc.edu.ar\/ciffyh\/wp-json\/wp\/v2\/tags?post=4541"}],"curies":[{"name":"wp","href":"https:\/\/api.w.org\/{rel}","templated":true}]}}