{"id":4653,"date":"2021-11-01T14:45:52","date_gmt":"2021-11-01T14:45:52","guid":{"rendered":"https:\/\/ffyh.unc.edu.ar\/ciffyh\/?p=4653"},"modified":"2021-11-01T14:45:52","modified_gmt":"2021-11-01T14:45:52","slug":"workshop-interpelaciones-criticas-a-las-ciencias-sociales-y-las-humanidades-la-cuestion-colonial-y-las-practicas-disciplinares","status":"publish","type":"post","link":"https:\/\/ffyh.unc.edu.ar\/ciffyh\/workshop-interpelaciones-criticas-a-las-ciencias-sociales-y-las-humanidades-la-cuestion-colonial-y-las-practicas-disciplinares\/","title":{"rendered":"Workshop | Interpelaciones cr\u00edticas a las Ciencias Sociales y las Humanidades. La cuesti\u00f3n colonial y las pr\u00e1cticas disciplinares."},"content":{"rendered":"<p><span style=\"font-weight: 400\">Se trata de una reuni\u00f3n de trabajo organizada por el grupo de investigaci\u00f3n: \u201cInterpelaciones cr\u00edticas a las ciencias sociales y las humanidades. Indagaciones desde lo social a lo pol\u00edtico en contextos locales: plurinacionales, populares-populistas, autonomistas y comunitaristas\u201d radicado en el \u00c1rea de Filosof\u00eda de nuestro Centro de Investigaciones.\u00a0<\/span><\/p>\n<p><!--more--><\/p>\n<p><b>Fecha:\u00a0<\/b><\/p>\n<p><span style=\"font-weight: 400\">-5 de noviembre (10 a 12hs)\u00a0<\/span><\/p>\n<p><span style=\"font-weight: 400\">-12 y 13 de noviembre (10 a 13hs)\u00a0<\/span><\/p>\n<p><b>Modalidad:<\/b><span style=\"font-weight: 400\"> Virtual por google meet<\/span><\/p>\n<p><b>Din\u00e1mica de trabajo: <\/b><span style=\"font-weight: 400\">La din\u00e1mica de trabajo consistir\u00e1 en cuatro presentaciones a cargo de miembros del equipo las cuales servir\u00e1n como disparadores para el intercambio. Con anterioridad al evento recibir\u00e1n las presentaciones escritas. Los encuentros se dar\u00e1n durante tres jornadas de 3hs cada una a desarrollarse por meet\u00a0<\/span><\/p>\n<p><b>Temas a tratar:<\/b><\/p>\n<p><span style=\"font-weight: 400\">| espacialidad-temporalidad-corporalidad<\/span><\/p>\n<p><span style=\"font-weight: 400\">| qhipnayra\/ pachacuti\/ tahuantinsuyo\/ mundo andino<\/span><\/p>\n<p><span style=\"font-weight: 400\">| Historia de las ideas latinoamericanas\/ historia\/etnograf\u00eda\/cosmogon\u00edas<\/span><\/p>\n<p><b>M\u00e1s informaci\u00f3n: <\/b><span style=\"font-weight: 400\">paola.gramaglia@gmail.com<\/span><\/p>\n<p><img fetchpriority=\"high\" decoding=\"async\" class=\"alignright size-full wp-image-4654\" src=\"http:\/\/ffyh.unc.edu.ar\/ciffyh\/wp-content\/uploads\/sites\/10\/2021\/11\/workshop-01.jpg\" alt=\"\" width=\"2250\" height=\"2250\" srcset=\"https:\/\/ffyh.unc.edu.ar\/ciffyh\/wp-content\/uploads\/sites\/10\/2021\/11\/workshop-01.jpg 2250w, https:\/\/ffyh.unc.edu.ar\/ciffyh\/wp-content\/uploads\/sites\/10\/2021\/11\/workshop-01-300x300.jpg 300w, https:\/\/ffyh.unc.edu.ar\/ciffyh\/wp-content\/uploads\/sites\/10\/2021\/11\/workshop-01-1024x1024.jpg 1024w, https:\/\/ffyh.unc.edu.ar\/ciffyh\/wp-content\/uploads\/sites\/10\/2021\/11\/workshop-01-150x150.jpg 150w, https:\/\/ffyh.unc.edu.ar\/ciffyh\/wp-content\/uploads\/sites\/10\/2021\/11\/workshop-01-768x768.jpg 768w, https:\/\/ffyh.unc.edu.ar\/ciffyh\/wp-content\/uploads\/sites\/10\/2021\/11\/workshop-01-1536x1536.jpg 1536w, https:\/\/ffyh.unc.edu.ar\/ciffyh\/wp-content\/uploads\/sites\/10\/2021\/11\/workshop-01-2048x2048.jpg 2048w\" sizes=\"(max-width: 2250px) 100vw, 2250px\" \/><\/p>\n","protected":false},"excerpt":{"rendered":"<p>Se trata de una reuni\u00f3n de trabajo organizada por el grupo de investigaci\u00f3n: \u201cInterpelaciones cr\u00edticas a las ciencias sociales y<\/p>\n","protected":false},"author":2,"featured_media":4654,"comment_status":"closed","ping_status":"closed","sticky":false,"template":"","format":"standard","meta":{"_acf_changed":false,"colormag_page_container_layout":"default_layout","colormag_page_sidebar_layout":"default_layout","footnotes":""},"categories":[8],"tags":[],"class_list":["post-4653","post","type-post","status-publish","format-standard","has-post-thumbnail","hentry","category-noticias"],"acf":[],"yoast_head":"<!-- This site is optimized with the Yoast SEO plugin v27.1.1 - https:\/\/yoast.com\/product\/yoast-seo-wordpress\/ -->\n<title>Workshop | Interpelaciones cr\u00edticas a las Ciencias Sociales y las Humanidades. La cuesti\u00f3n colonial y las pr\u00e1cticas disciplinares. - Centro de Investigaciones &quot;Maria Saleme de Burnichon&quot;<\/title>\n<meta name=\"robots\" content=\"index, follow, max-snippet:-1, max-image-preview:large, max-video-preview:-1\" \/>\n<link rel=\"canonical\" href=\"https:\/\/ffyh.unc.edu.ar\/ciffyh\/workshop-interpelaciones-criticas-a-las-ciencias-sociales-y-las-humanidades-la-cuestion-colonial-y-las-practicas-disciplinares\/\" \/>\n<meta property=\"og:locale\" content=\"es_ES\" \/>\n<meta property=\"og:type\" content=\"article\" \/>\n<meta property=\"og:title\" content=\"Workshop | Interpelaciones cr\u00edticas a las Ciencias Sociales y las Humanidades. La cuesti\u00f3n colonial y las pr\u00e1cticas disciplinares. - Centro de Investigaciones &quot;Maria Saleme de Burnichon&quot;\" \/>\n<meta property=\"og:description\" content=\"Se trata de una reuni\u00f3n de trabajo organizada por el grupo de investigaci\u00f3n: \u201cInterpelaciones cr\u00edticas a las ciencias sociales y\" \/>\n<meta property=\"og:url\" content=\"https:\/\/ffyh.unc.edu.ar\/ciffyh\/workshop-interpelaciones-criticas-a-las-ciencias-sociales-y-las-humanidades-la-cuestion-colonial-y-las-practicas-disciplinares\/\" \/>\n<meta property=\"og:site_name\" content=\"Centro de Investigaciones &quot;Maria Saleme de Burnichon&quot;\" \/>\n<meta property=\"article:published_time\" content=\"2021-11-01T14:45:52+00:00\" \/>\n<meta property=\"og:image\" content=\"https:\/\/ffyh.unc.edu.ar\/ciffyh\/wp-content\/uploads\/sites\/10\/2021\/11\/workshop-01-1024x1024.jpg\" \/>\n\t<meta property=\"og:image:width\" content=\"1024\" \/>\n\t<meta property=\"og:image:height\" content=\"1024\" \/>\n\t<meta property=\"og:image:type\" content=\"image\/jpeg\" \/>\n<meta name=\"author\" content=\"\u00c1rea de Comunicaci\u00f3n - FFyH\" \/>\n<meta name=\"twitter:card\" content=\"summary_large_image\" \/>\n<meta name=\"twitter:label1\" content=\"Escrito por\" \/>\n\t<meta name=\"twitter:data1\" content=\"\" \/>\n\t<meta name=\"twitter:label2\" content=\"Tiempo de lectura\" \/>\n\t<meta name=\"twitter:data2\" content=\"1 minuto\" \/>\n<script type=\"application\/ld+json\" class=\"yoast-schema-graph\">{\"@context\":\"https:\/\/schema.org\",\"@graph\":[{\"@type\":\"Article\",\"@id\":\"https:\/\/ffyh.unc.edu.ar\/ciffyh\/workshop-interpelaciones-criticas-a-las-ciencias-sociales-y-las-humanidades-la-cuestion-colonial-y-las-practicas-disciplinares\/#article\",\"isPartOf\":{\"@id\":\"https:\/\/ffyh.unc.edu.ar\/ciffyh\/workshop-interpelaciones-criticas-a-las-ciencias-sociales-y-las-humanidades-la-cuestion-colonial-y-las-practicas-disciplinares\/\"},\"author\":{\"name\":\"\u00c1rea de Comunicaci\u00f3n - FFyH\",\"@id\":\"https:\/\/ffyh.unc.edu.ar\/ciffyh\/#\/schema\/person\/e6b9f6aec95cb7437bb2fde09e23b224\"},\"headline\":\"Workshop | Interpelaciones cr\u00edticas a las Ciencias Sociales y las Humanidades. La cuesti\u00f3n colonial y las pr\u00e1cticas disciplinares.\",\"datePublished\":\"2021-11-01T14:45:52+00:00\",\"mainEntityOfPage\":{\"@id\":\"https:\/\/ffyh.unc.edu.ar\/ciffyh\/workshop-interpelaciones-criticas-a-las-ciencias-sociales-y-las-humanidades-la-cuestion-colonial-y-las-practicas-disciplinares\/\"},\"wordCount\":170,\"publisher\":{\"@id\":\"https:\/\/ffyh.unc.edu.ar\/ciffyh\/#organization\"},\"image\":{\"@id\":\"https:\/\/ffyh.unc.edu.ar\/ciffyh\/workshop-interpelaciones-criticas-a-las-ciencias-sociales-y-las-humanidades-la-cuestion-colonial-y-las-practicas-disciplinares\/#primaryimage\"},\"thumbnailUrl\":\"https:\/\/ffyh.unc.edu.ar\/ciffyh\/wp-content\/uploads\/sites\/10\/2021\/11\/workshop-01.jpg\",\"articleSection\":[\"Noticias\"],\"inLanguage\":\"es\"},{\"@type\":\"WebPage\",\"@id\":\"https:\/\/ffyh.unc.edu.ar\/ciffyh\/workshop-interpelaciones-criticas-a-las-ciencias-sociales-y-las-humanidades-la-cuestion-colonial-y-las-practicas-disciplinares\/\",\"url\":\"https:\/\/ffyh.unc.edu.ar\/ciffyh\/workshop-interpelaciones-criticas-a-las-ciencias-sociales-y-las-humanidades-la-cuestion-colonial-y-las-practicas-disciplinares\/\",\"name\":\"Workshop | Interpelaciones cr\u00edticas a las Ciencias Sociales y las Humanidades. La cuesti\u00f3n colonial y las pr\u00e1cticas disciplinares. - Centro de Investigaciones &quot;Maria Saleme de Burnichon&quot;\",\"isPartOf\":{\"@id\":\"https:\/\/ffyh.unc.edu.ar\/ciffyh\/#website\"},\"primaryImageOfPage\":{\"@id\":\"https:\/\/ffyh.unc.edu.ar\/ciffyh\/workshop-interpelaciones-criticas-a-las-ciencias-sociales-y-las-humanidades-la-cuestion-colonial-y-las-practicas-disciplinares\/#primaryimage\"},\"image\":{\"@id\":\"https:\/\/ffyh.unc.edu.ar\/ciffyh\/workshop-interpelaciones-criticas-a-las-ciencias-sociales-y-las-humanidades-la-cuestion-colonial-y-las-practicas-disciplinares\/#primaryimage\"},\"thumbnailUrl\":\"https:\/\/ffyh.unc.edu.ar\/ciffyh\/wp-content\/uploads\/sites\/10\/2021\/11\/workshop-01.jpg\",\"datePublished\":\"2021-11-01T14:45:52+00:00\",\"breadcrumb\":{\"@id\":\"https:\/\/ffyh.unc.edu.ar\/ciffyh\/workshop-interpelaciones-criticas-a-las-ciencias-sociales-y-las-humanidades-la-cuestion-colonial-y-las-practicas-disciplinares\/#breadcrumb\"},\"inLanguage\":\"es\",\"potentialAction\":[{\"@type\":\"ReadAction\",\"target\":[\"https:\/\/ffyh.unc.edu.ar\/ciffyh\/workshop-interpelaciones-criticas-a-las-ciencias-sociales-y-las-humanidades-la-cuestion-colonial-y-las-practicas-disciplinares\/\"]}]},{\"@type\":\"ImageObject\",\"inLanguage\":\"es\",\"@id\":\"https:\/\/ffyh.unc.edu.ar\/ciffyh\/workshop-interpelaciones-criticas-a-las-ciencias-sociales-y-las-humanidades-la-cuestion-colonial-y-las-practicas-disciplinares\/#primaryimage\",\"url\":\"https:\/\/ffyh.unc.edu.ar\/ciffyh\/wp-content\/uploads\/sites\/10\/2021\/11\/workshop-01.jpg\",\"contentUrl\":\"https:\/\/ffyh.unc.edu.ar\/ciffyh\/wp-content\/uploads\/sites\/10\/2021\/11\/workshop-01.jpg\",\"width\":2250,\"height\":2250},{\"@type\":\"BreadcrumbList\",\"@id\":\"https:\/\/ffyh.unc.edu.ar\/ciffyh\/workshop-interpelaciones-criticas-a-las-ciencias-sociales-y-las-humanidades-la-cuestion-colonial-y-las-practicas-disciplinares\/#breadcrumb\",\"itemListElement\":[{\"@type\":\"ListItem\",\"position\":1,\"name\":\"Portada\",\"item\":\"https:\/\/ffyh.unc.edu.ar\/ciffyh\/\"},{\"@type\":\"ListItem\",\"position\":2,\"name\":\"Workshop | Interpelaciones cr\u00edticas a las Ciencias Sociales y las Humanidades. La cuesti\u00f3n colonial y las pr\u00e1cticas disciplinares.\"}]},{\"@type\":\"WebSite\",\"@id\":\"https:\/\/ffyh.unc.edu.ar\/ciffyh\/#website\",\"url\":\"https:\/\/ffyh.unc.edu.ar\/ciffyh\/\",\"name\":\"Centro de Investigaciones \\\"Maria Saleme de Burnichon\\\"\",\"description\":\"Facultad de Filosof\u00eda y Humanidades | UNC\",\"publisher\":{\"@id\":\"https:\/\/ffyh.unc.edu.ar\/ciffyh\/#organization\"},\"potentialAction\":[{\"@type\":\"SearchAction\",\"target\":{\"@type\":\"EntryPoint\",\"urlTemplate\":\"https:\/\/ffyh.unc.edu.ar\/ciffyh\/?s={search_term_string}\"},\"query-input\":{\"@type\":\"PropertyValueSpecification\",\"valueRequired\":true,\"valueName\":\"search_term_string\"}}],\"inLanguage\":\"es\"},{\"@type\":\"Organization\",\"@id\":\"https:\/\/ffyh.unc.edu.ar\/ciffyh\/#organization\",\"name\":\"Centro de Investigaciones \\\"Maria Saleme de Burnichon\\\"\",\"url\":\"https:\/\/ffyh.unc.edu.ar\/ciffyh\/\",\"logo\":{\"@type\":\"ImageObject\",\"inLanguage\":\"es\",\"@id\":\"https:\/\/ffyh.unc.edu.ar\/ciffyh\/#\/schema\/logo\/image\/\",\"url\":\"https:\/\/ffyh.unc.edu.ar\/ciffyh\/wp-content\/uploads\/sites\/10\/2018\/02\/cropped-logo-ciffyh-ico.png\",\"contentUrl\":\"https:\/\/ffyh.unc.edu.ar\/ciffyh\/wp-content\/uploads\/sites\/10\/2018\/02\/cropped-logo-ciffyh-ico.png\",\"width\":512,\"height\":512,\"caption\":\"Centro de Investigaciones \\\"Maria Saleme de Burnichon\\\"\"},\"image\":{\"@id\":\"https:\/\/ffyh.unc.edu.ar\/ciffyh\/#\/schema\/logo\/image\/\"},\"sameAs\":[\"https:\/\/www.instagram.com\/ciffyh\/\"]},{\"@type\":\"Person\",\"@id\":\"https:\/\/ffyh.unc.edu.ar\/ciffyh\/#\/schema\/person\/e6b9f6aec95cb7437bb2fde09e23b224\",\"name\":\"\u00c1rea de Comunicaci\u00f3n - FFyH\",\"image\":{\"@type\":\"ImageObject\",\"inLanguage\":\"es\",\"@id\":\"https:\/\/ffyh.unc.edu.ar\/ciffyh\/#\/schema\/person\/image\/\",\"url\":\"https:\/\/secure.gravatar.com\/avatar\/1d896d10b19526e4cb6e972ca0f1b6719a4697e2d88742a801b88b3682d5be75?s=96&d=mm&r=g\",\"contentUrl\":\"https:\/\/secure.gravatar.com\/avatar\/1d896d10b19526e4cb6e972ca0f1b6719a4697e2d88742a801b88b3682d5be75?s=96&d=mm&r=g\",\"caption\":\"\u00c1rea de Comunicaci\u00f3n - FFyH\"},\"url\":\"https:\/\/ffyh.unc.edu.ar\/ciffyh\/author\/prensa\/\"}]}<\/script>\n<!-- \/ Yoast SEO plugin. -->","yoast_head_json":{"title":"Workshop | Interpelaciones cr\u00edticas a las Ciencias Sociales y las Humanidades. La cuesti\u00f3n colonial y las pr\u00e1cticas disciplinares. - Centro de Investigaciones &quot;Maria Saleme de Burnichon&quot;","robots":{"index":"index","follow":"follow","max-snippet":"max-snippet:-1","max-image-preview":"max-image-preview:large","max-video-preview":"max-video-preview:-1"},"canonical":"https:\/\/ffyh.unc.edu.ar\/ciffyh\/workshop-interpelaciones-criticas-a-las-ciencias-sociales-y-las-humanidades-la-cuestion-colonial-y-las-practicas-disciplinares\/","og_locale":"es_ES","og_type":"article","og_title":"Workshop | Interpelaciones cr\u00edticas a las Ciencias Sociales y las Humanidades. La cuesti\u00f3n colonial y las pr\u00e1cticas disciplinares. - Centro de Investigaciones &quot;Maria Saleme de Burnichon&quot;","og_description":"Se trata de una reuni\u00f3n de trabajo organizada por el grupo de investigaci\u00f3n: \u201cInterpelaciones cr\u00edticas a las ciencias sociales y","og_url":"https:\/\/ffyh.unc.edu.ar\/ciffyh\/workshop-interpelaciones-criticas-a-las-ciencias-sociales-y-las-humanidades-la-cuestion-colonial-y-las-practicas-disciplinares\/","og_site_name":"Centro de Investigaciones &quot;Maria Saleme de Burnichon&quot;","article_published_time":"2021-11-01T14:45:52+00:00","og_image":[{"width":1024,"height":1024,"url":"https:\/\/ffyh.unc.edu.ar\/ciffyh\/wp-content\/uploads\/sites\/10\/2021\/11\/workshop-01-1024x1024.jpg","type":"image\/jpeg"}],"author":"\u00c1rea de Comunicaci\u00f3n - FFyH","twitter_card":"summary_large_image","twitter_misc":{"Escrito por":false,"Tiempo de lectura":"1 minuto"},"schema":{"@context":"https:\/\/schema.org","@graph":[{"@type":"Article","@id":"https:\/\/ffyh.unc.edu.ar\/ciffyh\/workshop-interpelaciones-criticas-a-las-ciencias-sociales-y-las-humanidades-la-cuestion-colonial-y-las-practicas-disciplinares\/#article","isPartOf":{"@id":"https:\/\/ffyh.unc.edu.ar\/ciffyh\/workshop-interpelaciones-criticas-a-las-ciencias-sociales-y-las-humanidades-la-cuestion-colonial-y-las-practicas-disciplinares\/"},"author":{"name":"\u00c1rea de Comunicaci\u00f3n - FFyH","@id":"https:\/\/ffyh.unc.edu.ar\/ciffyh\/#\/schema\/person\/e6b9f6aec95cb7437bb2fde09e23b224"},"headline":"Workshop | Interpelaciones cr\u00edticas a las Ciencias Sociales y las Humanidades. La cuesti\u00f3n colonial y las pr\u00e1cticas disciplinares.","datePublished":"2021-11-01T14:45:52+00:00","mainEntityOfPage":{"@id":"https:\/\/ffyh.unc.edu.ar\/ciffyh\/workshop-interpelaciones-criticas-a-las-ciencias-sociales-y-las-humanidades-la-cuestion-colonial-y-las-practicas-disciplinares\/"},"wordCount":170,"publisher":{"@id":"https:\/\/ffyh.unc.edu.ar\/ciffyh\/#organization"},"image":{"@id":"https:\/\/ffyh.unc.edu.ar\/ciffyh\/workshop-interpelaciones-criticas-a-las-ciencias-sociales-y-las-humanidades-la-cuestion-colonial-y-las-practicas-disciplinares\/#primaryimage"},"thumbnailUrl":"https:\/\/ffyh.unc.edu.ar\/ciffyh\/wp-content\/uploads\/sites\/10\/2021\/11\/workshop-01.jpg","articleSection":["Noticias"],"inLanguage":"es"},{"@type":"WebPage","@id":"https:\/\/ffyh.unc.edu.ar\/ciffyh\/workshop-interpelaciones-criticas-a-las-ciencias-sociales-y-las-humanidades-la-cuestion-colonial-y-las-practicas-disciplinares\/","url":"https:\/\/ffyh.unc.edu.ar\/ciffyh\/workshop-interpelaciones-criticas-a-las-ciencias-sociales-y-las-humanidades-la-cuestion-colonial-y-las-practicas-disciplinares\/","name":"Workshop | Interpelaciones cr\u00edticas a las Ciencias Sociales y las Humanidades. La cuesti\u00f3n colonial y las pr\u00e1cticas disciplinares. - Centro de Investigaciones &quot;Maria Saleme de Burnichon&quot;","isPartOf":{"@id":"https:\/\/ffyh.unc.edu.ar\/ciffyh\/#website"},"primaryImageOfPage":{"@id":"https:\/\/ffyh.unc.edu.ar\/ciffyh\/workshop-interpelaciones-criticas-a-las-ciencias-sociales-y-las-humanidades-la-cuestion-colonial-y-las-practicas-disciplinares\/#primaryimage"},"image":{"@id":"https:\/\/ffyh.unc.edu.ar\/ciffyh\/workshop-interpelaciones-criticas-a-las-ciencias-sociales-y-las-humanidades-la-cuestion-colonial-y-las-practicas-disciplinares\/#primaryimage"},"thumbnailUrl":"https:\/\/ffyh.unc.edu.ar\/ciffyh\/wp-content\/uploads\/sites\/10\/2021\/11\/workshop-01.jpg","datePublished":"2021-11-01T14:45:52+00:00","breadcrumb":{"@id":"https:\/\/ffyh.unc.edu.ar\/ciffyh\/workshop-interpelaciones-criticas-a-las-ciencias-sociales-y-las-humanidades-la-cuestion-colonial-y-las-practicas-disciplinares\/#breadcrumb"},"inLanguage":"es","potentialAction":[{"@type":"ReadAction","target":["https:\/\/ffyh.unc.edu.ar\/ciffyh\/workshop-interpelaciones-criticas-a-las-ciencias-sociales-y-las-humanidades-la-cuestion-colonial-y-las-practicas-disciplinares\/"]}]},{"@type":"ImageObject","inLanguage":"es","@id":"https:\/\/ffyh.unc.edu.ar\/ciffyh\/workshop-interpelaciones-criticas-a-las-ciencias-sociales-y-las-humanidades-la-cuestion-colonial-y-las-practicas-disciplinares\/#primaryimage","url":"https:\/\/ffyh.unc.edu.ar\/ciffyh\/wp-content\/uploads\/sites\/10\/2021\/11\/workshop-01.jpg","contentUrl":"https:\/\/ffyh.unc.edu.ar\/ciffyh\/wp-content\/uploads\/sites\/10\/2021\/11\/workshop-01.jpg","width":2250,"height":2250},{"@type":"BreadcrumbList","@id":"https:\/\/ffyh.unc.edu.ar\/ciffyh\/workshop-interpelaciones-criticas-a-las-ciencias-sociales-y-las-humanidades-la-cuestion-colonial-y-las-practicas-disciplinares\/#breadcrumb","itemListElement":[{"@type":"ListItem","position":1,"name":"Portada","item":"https:\/\/ffyh.unc.edu.ar\/ciffyh\/"},{"@type":"ListItem","position":2,"name":"Workshop | Interpelaciones cr\u00edticas a las Ciencias Sociales y las Humanidades. La cuesti\u00f3n colonial y las pr\u00e1cticas disciplinares."}]},{"@type":"WebSite","@id":"https:\/\/ffyh.unc.edu.ar\/ciffyh\/#website","url":"https:\/\/ffyh.unc.edu.ar\/ciffyh\/","name":"Centro de Investigaciones \"Maria Saleme de Burnichon\"","description":"Facultad de Filosof\u00eda y Humanidades | UNC","publisher":{"@id":"https:\/\/ffyh.unc.edu.ar\/ciffyh\/#organization"},"potentialAction":[{"@type":"SearchAction","target":{"@type":"EntryPoint","urlTemplate":"https:\/\/ffyh.unc.edu.ar\/ciffyh\/?s={search_term_string}"},"query-input":{"@type":"PropertyValueSpecification","valueRequired":true,"valueName":"search_term_string"}}],"inLanguage":"es"},{"@type":"Organization","@id":"https:\/\/ffyh.unc.edu.ar\/ciffyh\/#organization","name":"Centro de Investigaciones \"Maria Saleme de Burnichon\"","url":"https:\/\/ffyh.unc.edu.ar\/ciffyh\/","logo":{"@type":"ImageObject","inLanguage":"es","@id":"https:\/\/ffyh.unc.edu.ar\/ciffyh\/#\/schema\/logo\/image\/","url":"https:\/\/ffyh.unc.edu.ar\/ciffyh\/wp-content\/uploads\/sites\/10\/2018\/02\/cropped-logo-ciffyh-ico.png","contentUrl":"https:\/\/ffyh.unc.edu.ar\/ciffyh\/wp-content\/uploads\/sites\/10\/2018\/02\/cropped-logo-ciffyh-ico.png","width":512,"height":512,"caption":"Centro de Investigaciones \"Maria Saleme de Burnichon\""},"image":{"@id":"https:\/\/ffyh.unc.edu.ar\/ciffyh\/#\/schema\/logo\/image\/"},"sameAs":["https:\/\/www.instagram.com\/ciffyh\/"]},{"@type":"Person","@id":"https:\/\/ffyh.unc.edu.ar\/ciffyh\/#\/schema\/person\/e6b9f6aec95cb7437bb2fde09e23b224","name":"\u00c1rea de Comunicaci\u00f3n - FFyH","image":{"@type":"ImageObject","inLanguage":"es","@id":"https:\/\/ffyh.unc.edu.ar\/ciffyh\/#\/schema\/person\/image\/","url":"https:\/\/secure.gravatar.com\/avatar\/1d896d10b19526e4cb6e972ca0f1b6719a4697e2d88742a801b88b3682d5be75?s=96&d=mm&r=g","contentUrl":"https:\/\/secure.gravatar.com\/avatar\/1d896d10b19526e4cb6e972ca0f1b6719a4697e2d88742a801b88b3682d5be75?s=96&d=mm&r=g","caption":"\u00c1rea de Comunicaci\u00f3n - FFyH"},"url":"https:\/\/ffyh.unc.edu.ar\/ciffyh\/author\/prensa\/"}]}},"jetpack_featured_media_url":"https:\/\/ffyh.unc.edu.ar\/ciffyh\/wp-content\/uploads\/sites\/10\/2021\/11\/workshop-01.jpg","_links":{"self":[{"href":"https:\/\/ffyh.unc.edu.ar\/ciffyh\/wp-json\/wp\/v2\/posts\/4653","targetHints":{"allow":["GET"]}}],"collection":[{"href":"https:\/\/ffyh.unc.edu.ar\/ciffyh\/wp-json\/wp\/v2\/posts"}],"about":[{"href":"https:\/\/ffyh.unc.edu.ar\/ciffyh\/wp-json\/wp\/v2\/types\/post"}],"author":[{"embeddable":true,"href":"https:\/\/ffyh.unc.edu.ar\/ciffyh\/wp-json\/wp\/v2\/users\/2"}],"replies":[{"embeddable":true,"href":"https:\/\/ffyh.unc.edu.ar\/ciffyh\/wp-json\/wp\/v2\/comments?post=4653"}],"version-history":[{"count":1,"href":"https:\/\/ffyh.unc.edu.ar\/ciffyh\/wp-json\/wp\/v2\/posts\/4653\/revisions"}],"predecessor-version":[{"id":4655,"href":"https:\/\/ffyh.unc.edu.ar\/ciffyh\/wp-json\/wp\/v2\/posts\/4653\/revisions\/4655"}],"wp:featuredmedia":[{"embeddable":true,"href":"https:\/\/ffyh.unc.edu.ar\/ciffyh\/wp-json\/wp\/v2\/media\/4654"}],"wp:attachment":[{"href":"https:\/\/ffyh.unc.edu.ar\/ciffyh\/wp-json\/wp\/v2\/media?parent=4653"}],"wp:term":[{"taxonomy":"category","embeddable":true,"href":"https:\/\/ffyh.unc.edu.ar\/ciffyh\/wp-json\/wp\/v2\/categories?post=4653"},{"taxonomy":"post_tag","embeddable":true,"href":"https:\/\/ffyh.unc.edu.ar\/ciffyh\/wp-json\/wp\/v2\/tags?post=4653"}],"curies":[{"name":"wp","href":"https:\/\/api.w.org\/{rel}","templated":true}]}}